{"id":10478,"date":"2020-08-21T12:44:43","date_gmt":"2020-08-21T17:44:43","guid":{"rendered":"https:\/\/latamjournalismreview.org\/?p=10478"},"modified":"2020-08-21T16:48:23","modified_gmt":"2020-08-21T21:48:23","slug":"nuevo-e-book-de-sitio-peruano-ojo-publico-registra-y-explica-origen-de-la-desinformacion-a-escala-global-durante-pandemia","status":"publish","type":"post","link":"https:\/\/latamjournalismreview.org\/es\/articles\/nuevo-e-book-de-sitio-peruano-ojo-publico-registra-y-explica-origen-de-la-desinformacion-a-escala-global-durante-pandemia\/","title":{"rendered":"Nuevo e-book de sitio peruano Ojo P\u00fablico registra y explica origen de la desinformaci\u00f3n a escala global durante pandemia"},"content":{"rendered":"<p><span style=\"font-weight: 400;\">\u201cMascarillas: <\/span><span style=\"font-weight: 400;\">prendas de emergencia para sobrevivir o asfixiarse de acuerdo a la posici\u00f3n pol\u00edtica del usuario\u201d, es una de las definiciones en tono sat\u00edrico del reciente libro <\/span><a href=\"https:\/\/ojo-publico.com\/1988\/ojopublico-publica-libro-sobre-la-infodemia-en-tiempos-de-covid-19\" target=\"_blank\" rel=\"noopener noreferrer\"><span style=\"font-weight: 400;\">\u2018Infodemia\u2019<\/span><\/a><span style=\"font-weight: 400;\"> del sitio de periodismo investigativo peruano Ojo P\u00fablico.<\/span><\/p>\n<p><span style=\"font-weight: 400;\">El e-book explica a modo de diccionario, y con riguroso humor negro, las noticias falsas y enga\u00f1osas m\u00e1s difundidas en Am\u00e9rica Latina y el resto del mundo durante la pandemia de COVID-19.<\/span><span style=\"font-weight: 400;\">\u00a0<\/span><\/p>\n<div id=\"attachment_10468\" style=\"width: 404px\" class=\"wp-caption alignright\"><img loading=\"lazy\" decoding=\"async\" aria-describedby=\"caption-attachment-10468\" class=\"wp-image-10468\" src=\"https:\/\/latamjournalismreview.org\/wp-content\/uploads\/2020\/08\/Libro_Infodemia_Ojo-Pu\u0301blico-e1597970503888-202x300.jpg\" alt=\"Libro electr\u00f3nico &quot;Infodemia&quot; de Ojo Pu\u0301blico\" width=\"394\" height=\"584\" srcset=\"https:\/\/latamjournalismreview.org\/wp-content\/uploads\/2020\/08\/Libro_Infodemia_Ojo-Pu\u0301blico-e1597970503888-202x300.jpg 202w, https:\/\/latamjournalismreview.org\/wp-content\/uploads\/2020\/08\/Libro_Infodemia_Ojo-Pu\u0301blico-e1597970503888.jpg 547w\" sizes=\"auto, (max-width: 394px) 100vw, 394px\" \/><p id=\"caption-attachment-10468\" class=\"wp-caption-text\">Portada del libro electr\u00f3nico \"Infodemia\", del sitio peruano Ojo Pu\u0301blico. (Cortes\u00eda).<\/p><\/div>\n<p><span style=\"font-weight: 400;\">En entrevista con <\/span><strong>LatAm Journalism Review<\/strong><span style=\"font-weight: 400;\">, el director period\u00edstico de Ojo P\u00fablico, David Hidalgo, explic\u00f3 que le dieron una estructura de diccionario al libro para \u201ccombatir el caos de este tiempo\u201d.\u00a0 Pero no es solo una clasificaci\u00f3n, dijo, sino una explicaci\u00f3n y un intento de dar sentido, \u201calgo que sea \u00fatil y sorprendente para el lector\u201d.<\/span><span style=\"font-weight: 400;\">\u00a0<\/span><\/p>\n<p><span style=\"font-weight: 400;\">Sobre el tono sat\u00edrico, Hidalgo coment\u00f3 que el libro se inspir\u00f3 en \u2018El diccionario del diablo\u2019, de Ambrose Bierce, un periodista sat\u00edrico estadounidense del siglo XIX que usaba la iron\u00eda para explicar la naturaleza humana.<\/span><span style=\"font-weight: 400;\">\u00a0<\/span><\/p>\n<p><span style=\"font-weight: 400;\">La idea del libro surgi\u00f3 a principios de junio, como una respuesta period\u00edstica a la crisis de desinformaci\u00f3n que circula en todo el mundo. El proyecto tambi\u00e9n naci\u00f3 como parte de dos iniciativas internacionales de las que participa el sitio peruano: la <\/span><a href=\"https:\/\/www.chequeado.com\/latamcoronavirus\/\" target=\"_blank\" rel=\"noopener noreferrer\"><span style=\"font-weight: 400;\">Red Latam Chequea<\/span><\/a><span style=\"font-weight: 400;\">, integrada por m\u00e1s de 20 equipos de verificaci\u00f3n de datos en Am\u00e9rica Latina, y la <\/span><a href=\"https:\/\/www.poynter.org\/coronavirusfactsalliance\/\" target=\"_blank\" rel=\"noopener noreferrer\"><span style=\"font-weight: 400;\">International Factchecking Network<\/span><\/a><span style=\"font-weight: 400;\">, que cuenta con verificadores de m\u00e1s de 70 pa\u00edses, cont\u00f3 Hidalgo.<\/span><\/p>\n<p><span style=\"font-weight: 400;\">La periodista Carla D\u00edaz, del Unidad de Verificaci\u00f3n OjoBi\u00f3nico del sitio peruano, dijo a <\/span><strong>LJR<\/strong><span style=\"font-weight: 400;\"> que \u201cdetectar y desarmar\u201d la informaci\u00f3n falsa o manipulada ha cobrado especial relevancia en todo el mundo durante la pandemia.<\/span><span style=\"font-weight: 400;\">\u00a0<\/span><\/p>\n<p><span style=\"font-weight: 400;\">\u201cSe buscaba que el libro sea cercano a los lectores, por lo que en las historias recogidas hay ejemplos did\u00e1cticos de c\u00f3mo surge un bulo y c\u00f3mo hechos reales son descontextualizados, alterados o manipulados pol\u00edticamente para crear mentiras virales\u201d. De acuerdo con D\u00edaz, la desinformaci\u00f3n reproduce r\u00e1pidamente los prejuicios, temores e incertidumbres de la gente, \u201cpor eso, a veces, estas versiones son dif\u00edciles de cuestionar\u201d.<\/span><span style=\"font-weight: 400;\">\u00a0<\/span><\/p>\n<p><span style=\"font-weight: 400;\">De acuerdo con Hidalgo, para hacer la selecci\u00f3n final del libro de las noticias falsas o enga\u00f1osas m\u00e1s difundidas en redes sociales a nivel mundial durante la pandemia, se revisaron 6 mil chequeos en diferentes idiomas. Se eligieron 31 t\u00f3picos recurrentes cuyos temas van desde la ciencia a la religi\u00f3n, de la pol\u00edtica al sexo o de los deportes a las historias de terror.<\/span><span style=\"font-weight: 400;\">\u00a0<\/span><\/p>\n<p><span style=\"font-weight: 400;\">\u201c\u00bfRecuerdan la histeria desatada por la sopa de murci\u00e9lago? o \u00bfel uso del di\u00f3xido de cloro como cura contra la COVID-19? Todos estos enga\u00f1os y c\u00f3mo fueron verificados son contados detalladamente en el libro\u201d, dijo Gianella Tapullima, chequeadora de Ojo P\u00fablico a <\/span><strong>LJR<\/strong><span style=\"font-weight: 400;\">.<\/span><\/p>\n<p><span style=\"font-weight: 400;\">Otros de los temas de noticias falsas de difusi\u00f3n masiva que incluye el libro son las noticias en torno a la vacuna, como la<\/span><a href=\"https:\/\/www.abc.es\/sociedad\/abci-elisa-primera-italiana-probar-vacuna-cuya-produccion-seria-financiada-bill-gates-para-todo-mundo-si-funciona-202004271352_noticia.html#vca=rrss-inducido&amp;vmc=abc-es&amp;vso=tw&amp;vli=noticia.foto\" target=\"_blank\" rel=\"noopener noreferrer\"> <span style=\"font-weight: 400;\">supuesta muerte de la italiana Elisa Granato<\/span><\/a><span style=\"font-weight: 400;\"> que habr\u00eda muerto tras ser voluntaria de la fase experimental de la vacuna contra la COVID-19 de la Universidad de Oxford, y quien luego desminti\u00f3 su muerte en Twitter. Asimismo, las noticias falsas relacionadas a la discriminaci\u00f3n, como la que circul\u00f3 en Colombia en abril de este a\u00f1o, sobre<\/span><a href=\"https:\/\/colombiacheck.com\/chequeos\/no-este-video-no-es-de-venezolanos-botando-comida-en-colombia\" target=\"_blank\" rel=\"noopener noreferrer\"> <span style=\"font-weight: 400;\">supuestos inmigrantes venezolanos<\/span><\/a><span style=\"font-weight: 400;\"> que botaban al suelo donaciones de alimentos exigiendo dinero a cambio, promoviendo la xenofobia contra los venezolanos desplazados en la regi\u00f3n.<\/span><span style=\"font-weight: 400;\">\u00a0<\/span><\/p>\n<div id=\"attachment_10462\" style=\"width: 717px\" class=\"wp-caption aligncenter\"><img loading=\"lazy\" decoding=\"async\" aria-describedby=\"caption-attachment-10462\" class=\"wp-image-10462\" src=\"https:\/\/latamjournalismreview.org\/wp-content\/uploads\/2020\/08\/ebook-Infodemia-Ojo-Pu\u0301blico-300x169.png\" alt=\"Libro electr\u00f3nico &quot;Infodemia&quot; de Ojo Pu\u0301blico\" width=\"707\" height=\"398\" srcset=\"https:\/\/latamjournalismreview.org\/wp-content\/uploads\/2020\/08\/ebook-Infodemia-Ojo-Pu\u0301blico-300x169.png 300w, https:\/\/latamjournalismreview.org\/wp-content\/uploads\/2020\/08\/ebook-Infodemia-Ojo-Pu\u0301blico-1024x576.png 1024w, https:\/\/latamjournalismreview.org\/wp-content\/uploads\/2020\/08\/ebook-Infodemia-Ojo-Pu\u0301blico-768x432.png 768w, https:\/\/latamjournalismreview.org\/wp-content\/uploads\/2020\/08\/ebook-Infodemia-Ojo-Pu\u0301blico-1536x864.png 1536w, https:\/\/latamjournalismreview.org\/wp-content\/uploads\/2020\/08\/ebook-Infodemia-Ojo-Pu\u0301blico.png 1920w\" sizes=\"auto, (max-width: 707px) 100vw, 707px\" \/><p id=\"caption-attachment-10462\" class=\"wp-caption-text\">\"Infodemia\" de Ojo Pu\u0301blico. (Cortes\u00eda).<\/p><\/div>\n<p><span style=\"font-weight: 400;\">Al menos 11 de los 31 t\u00f3picos del libro tuvieron mayor impacto en Am\u00e9rica Latina, seg\u00fan los autores del libro. Desde el presunto efecto de contagio a causa del 5G, hasta la presunta conspiraci\u00f3n de las vacunas que estar\u00eda liderada por Bill Gates, sostuvo Hidalgo. Detr\u00e1s de las noticias falsas y de la desinformaci\u00f3n, estar\u00edan los grupos religiosos o ideol\u00f3gicos y sus agendas pol\u00edticas, a\u00f1adi\u00f3.<\/span><span style=\"font-weight: 400;\">\u00a0<\/span><\/p>\n<p><span style=\"font-weight: 400;\">\u201cEl libro explica que la infodemia es la profusi\u00f3n de versiones falsas o enga\u00f1osas de manera viral, en distintos pa\u00edses y en corto tiempo. Muchas versiones pasaron de un pa\u00eds a otro e incluso de un idioma a otro. Es importante saber que la desinformaci\u00f3n no respeta l\u00edmites geogr\u00e1ficos, tarde o temprano se disemina\u201d, expres\u00f3 Hidalgo.<\/span><span style=\"font-weight: 400;\">\u00a0<\/span><\/p>\n<p><span style=\"font-weight: 400;\">\u201cTanto la pandemia, como la infodemia, nos han mostrado la interconexi\u00f3n en la que vivimos\u201d, sostuvo D\u00edaz.<\/span><\/p>\n<p><span style=\"font-weight: 400;\">El libro forma parte de una colecci\u00f3n especial de Penguin Random House, de autores que explican la \u2018nueva normalidad\u2019.<\/span><\/p>\n<p><span style=\"font-weight: 400;\">\u201cEstamos en un momento clave en la corta pero intensa existencia de Ojo P\u00fablico. La pandemia ha sido un desaf\u00edo que nos ha hecho crecer, exigirnos m\u00e1s, producir m\u00e1s. Estos son los primeros resultados\u201d, concluy\u00f3 Hidalgo.<\/span><\/p>\n","protected":false},"excerpt":{"rendered":"<p>Libro 'Infodemia' explica a modo de diccionario, y con riguroso humor negro, las noticias falsas y enga\u00f1osas m\u00e1s difundidas en Am\u00e9rica Latina y el resto del mundo durante la pandemia de la COVID-19.\u00a0<\/p>\n","protected":false},"author":4,"featured_media":10504,"comment_status":"closed","ping_status":"closed","sticky":false,"template":"","format":"standard","meta":{"inline_featured_image":false,"footnotes":""},"categories":[1236],"tags":[1433,1505],"coauthors":[],"class_list":["post-10478","post","type-post","status-publish","format-standard","has-post-thumbnail","hentry","category-noticias-falsas-y-desinformacion-es","tag-covid-19-es","tag-peru-es"],"acf":[],"yoast_head":"<!-- This site is optimized with the Yoast SEO Premium plugin v22.6 (Yoast SEO v27.4) - https:\/\/yoast.com\/product\/yoast-seo-premium-wordpress\/ -->\n<title>Nuevo e-book de sitio peruano Ojo P\u00fablico registra y explica origen de la desinformaci\u00f3n a escala global durante pandemia - LatAm Journalism Review<\/title>\n<meta name=\"description\" content=\"Nuevo e-book de sitio peruano Ojo P\u00fablico registra y explica origen de la desinformaci\u00f3n a escala global durante pandemia Noticias falsas y desinformaci\u00f3n. Latin American Journalism Review by The Knight Center at The University of Texas at Austin.\" \/>\n<meta name=\"robots\" content=\"index, follow, max-snippet:-1, max-image-preview:large, max-video-preview:-1\" \/>\n<link rel=\"canonical\" href=\"https:\/\/latamjournalismreview.org\/es\/articles\/nuevo-e-book-de-sitio-peruano-ojo-publico-registra-y-explica-origen-de-la-desinformacion-a-escala-global-durante-pandemia\/\" \/>\n<meta property=\"og:locale\" content=\"es_ES\" \/>\n<meta property=\"og:type\" content=\"article\" \/>\n<meta property=\"og:title\" content=\"Nuevo e-book de sitio peruano Ojo P\u00fablico registra y explica origen de la desinformaci\u00f3n a escala global durante pandemia\" \/>\n<meta property=\"og:description\" content=\"Nuevo e-book de sitio peruano Ojo P\u00fablico registra y explica origen de la desinformaci\u00f3n a escala global durante pandemia Noticias falsas y desinformaci\u00f3n. Latin American Journalism Review by The Knight Center at The University of Texas at Austin.\" \/>\n<meta property=\"og:url\" content=\"https:\/\/latamjournalismreview.org\/es\/articles\/nuevo-e-book-de-sitio-peruano-ojo-publico-registra-y-explica-origen-de-la-desinformacion-a-escala-global-durante-pandemia\/\" \/>\n<meta property=\"og:site_name\" content=\"LatAm Journalism Review\" \/>\n<meta property=\"article:published_time\" content=\"2020-08-21T17:44:43+00:00\" \/>\n<meta property=\"article:modified_time\" content=\"2020-08-21T21:48:23+00:00\" \/>\n<meta property=\"og:image\" content=\"https:\/\/latamjournalismreview.org\/wp-content\/uploads\/2020\/08\/feature-Libro_Infodemia_Ojo-Pu\u0301blico-1-e1598035526142.jpg\" \/>\n\t<meta property=\"og:image:width\" content=\"542\" \/>\n\t<meta property=\"og:image:height\" content=\"384\" \/>\n\t<meta property=\"og:image:type\" content=\"image\/jpeg\" \/>\n<meta name=\"author\" content=\"Paola Nalvarte\" \/>\n<meta name=\"twitter:card\" content=\"summary_large_image\" \/>\n<meta name=\"twitter:creator\" content=\"@paolanalvarte\" \/>\n<meta name=\"twitter:site\" content=\"@LatAmJournalism\" \/>\n<meta name=\"twitter:label1\" content=\"Written by\" \/>\n\t<meta name=\"twitter:data1\" content=\"Paola Nalvarte\" \/>\n\t<meta name=\"twitter:label2\" content=\"Est. reading time\" \/>\n\t<meta name=\"twitter:data2\" content=\"4 minutos\" \/>\n<script type=\"application\/ld+json\" class=\"yoast-schema-graph\">{\"@context\":\"https:\\\/\\\/schema.org\",\"@graph\":[{\"@type\":\"Article\",\"@id\":\"https:\\\/\\\/latamjournalismreview.org\\\/es\\\/articles\\\/nuevo-e-book-de-sitio-peruano-ojo-publico-registra-y-explica-origen-de-la-desinformacion-a-escala-global-durante-pandemia\\\/#article\",\"isPartOf\":{\"@id\":\"https:\\\/\\\/latamjournalismreview.org\\\/es\\\/articles\\\/nuevo-e-book-de-sitio-peruano-ojo-publico-registra-y-explica-origen-de-la-desinformacion-a-escala-global-durante-pandemia\\\/\"},\"author\":{\"name\":\"Paola Nalvarte\",\"@id\":\"https:\\\/\\\/latamjournalismreview.org\\\/es\\\/#\\\/schema\\\/person\\\/d0b9fa850ef1b6f56bb445e52f29f63f\"},\"headline\":\"Nuevo e-book de sitio peruano Ojo P\u00fablico registra y explica origen de la desinformaci\u00f3n a escala global durante pandemia\",\"datePublished\":\"2020-08-21T17:44:43+00:00\",\"dateModified\":\"2020-08-21T21:48:23+00:00\",\"mainEntityOfPage\":{\"@id\":\"https:\\\/\\\/latamjournalismreview.org\\\/es\\\/articles\\\/nuevo-e-book-de-sitio-peruano-ojo-publico-registra-y-explica-origen-de-la-desinformacion-a-escala-global-durante-pandemia\\\/\"},\"wordCount\":862,\"publisher\":{\"@id\":\"https:\\\/\\\/latamjournalismreview.org\\\/es\\\/#organization\"},\"image\":{\"@id\":\"https:\\\/\\\/latamjournalismreview.org\\\/es\\\/articles\\\/nuevo-e-book-de-sitio-peruano-ojo-publico-registra-y-explica-origen-de-la-desinformacion-a-escala-global-durante-pandemia\\\/#primaryimage\"},\"thumbnailUrl\":\"https:\\\/\\\/latamjournalismreview.org\\\/wp-content\\\/uploads\\\/2020\\\/08\\\/feature-Libro_Infodemia_Ojo-Pu\u0301blico-1-e1598035526142.jpg\",\"keywords\":[\"COVID-19\",\"Per\u00fa\"],\"articleSection\":[\"Noticias falsas y desinformaci\u00f3n\"],\"inLanguage\":\"es\"},{\"@type\":\"WebPage\",\"@id\":\"https:\\\/\\\/latamjournalismreview.org\\\/es\\\/articles\\\/nuevo-e-book-de-sitio-peruano-ojo-publico-registra-y-explica-origen-de-la-desinformacion-a-escala-global-durante-pandemia\\\/\",\"url\":\"https:\\\/\\\/latamjournalismreview.org\\\/es\\\/articles\\\/nuevo-e-book-de-sitio-peruano-ojo-publico-registra-y-explica-origen-de-la-desinformacion-a-escala-global-durante-pandemia\\\/\",\"name\":\"Nuevo e-book de sitio peruano Ojo P\u00fablico registra y explica origen de la desinformaci\u00f3n a escala global durante pandemia - LatAm Journalism Review\",\"isPartOf\":{\"@id\":\"https:\\\/\\\/latamjournalismreview.org\\\/es\\\/#website\"},\"primaryImageOfPage\":{\"@id\":\"https:\\\/\\\/latamjournalismreview.org\\\/es\\\/articles\\\/nuevo-e-book-de-sitio-peruano-ojo-publico-registra-y-explica-origen-de-la-desinformacion-a-escala-global-durante-pandemia\\\/#primaryimage\"},\"image\":{\"@id\":\"https:\\\/\\\/latamjournalismreview.org\\\/es\\\/articles\\\/nuevo-e-book-de-sitio-peruano-ojo-publico-registra-y-explica-origen-de-la-desinformacion-a-escala-global-durante-pandemia\\\/#primaryimage\"},\"thumbnailUrl\":\"https:\\\/\\\/latamjournalismreview.org\\\/wp-content\\\/uploads\\\/2020\\\/08\\\/feature-Libro_Infodemia_Ojo-Pu\u0301blico-1-e1598035526142.jpg\",\"datePublished\":\"2020-08-21T17:44:43+00:00\",\"dateModified\":\"2020-08-21T21:48:23+00:00\",\"description\":\"Nuevo e-book de sitio peruano Ojo P\u00fablico registra y explica origen de la desinformaci\u00f3n a escala global durante pandemia Noticias falsas y desinformaci\u00f3n. Latin American Journalism Review by The Knight Center at The University of Texas at Austin.\",\"breadcrumb\":{\"@id\":\"https:\\\/\\\/latamjournalismreview.org\\\/es\\\/articles\\\/nuevo-e-book-de-sitio-peruano-ojo-publico-registra-y-explica-origen-de-la-desinformacion-a-escala-global-durante-pandemia\\\/#breadcrumb\"},\"inLanguage\":\"es\",\"potentialAction\":[{\"@type\":\"ReadAction\",\"target\":[\"https:\\\/\\\/latamjournalismreview.org\\\/es\\\/articles\\\/nuevo-e-book-de-sitio-peruano-ojo-publico-registra-y-explica-origen-de-la-desinformacion-a-escala-global-durante-pandemia\\\/\"]}]},{\"@type\":\"ImageObject\",\"inLanguage\":\"es\",\"@id\":\"https:\\\/\\\/latamjournalismreview.org\\\/es\\\/articles\\\/nuevo-e-book-de-sitio-peruano-ojo-publico-registra-y-explica-origen-de-la-desinformacion-a-escala-global-durante-pandemia\\\/#primaryimage\",\"url\":\"https:\\\/\\\/latamjournalismreview.org\\\/wp-content\\\/uploads\\\/2020\\\/08\\\/feature-Libro_Infodemia_Ojo-Pu\u0301blico-1-e1598035526142.jpg\",\"contentUrl\":\"https:\\\/\\\/latamjournalismreview.org\\\/wp-content\\\/uploads\\\/2020\\\/08\\\/feature-Libro_Infodemia_Ojo-Pu\u0301blico-1-e1598035526142.jpg\",\"width\":542,\"height\":384,\"caption\":\"featured pic Libro Infodemia de Ojo Pu\u0301blico\"},{\"@type\":\"BreadcrumbList\",\"@id\":\"https:\\\/\\\/latamjournalismreview.org\\\/es\\\/articles\\\/nuevo-e-book-de-sitio-peruano-ojo-publico-registra-y-explica-origen-de-la-desinformacion-a-escala-global-durante-pandemia\\\/#breadcrumb\",\"itemListElement\":[{\"@type\":\"ListItem\",\"position\":1,\"name\":\"Home\",\"item\":\"https:\\\/\\\/latamjournalismreview.org\\\/es\\\/\"},{\"@type\":\"ListItem\",\"position\":2,\"name\":\"Nuevo e-book de sitio peruano Ojo P\u00fablico registra y explica origen de la desinformaci\u00f3n a escala global durante pandemia\"}]},{\"@type\":\"WebSite\",\"@id\":\"https:\\\/\\\/latamjournalismreview.org\\\/es\\\/#website\",\"url\":\"https:\\\/\\\/latamjournalismreview.org\\\/es\\\/\",\"name\":\"LatAm Journalism Review\",\"description\":\"Knight Center at The University of Texas\",\"publisher\":{\"@id\":\"https:\\\/\\\/latamjournalismreview.org\\\/es\\\/#organization\"},\"potentialAction\":[{\"@type\":\"SearchAction\",\"target\":{\"@type\":\"EntryPoint\",\"urlTemplate\":\"https:\\\/\\\/latamjournalismreview.org\\\/es\\\/?s={search_term_string}\"},\"query-input\":{\"@type\":\"PropertyValueSpecification\",\"valueRequired\":true,\"valueName\":\"search_term_string\"}}],\"inLanguage\":\"es\"},{\"@type\":\"Organization\",\"@id\":\"https:\\\/\\\/latamjournalismreview.org\\\/es\\\/#organization\",\"name\":\"LatAm Journalism Review\",\"url\":\"https:\\\/\\\/latamjournalismreview.org\\\/es\\\/\",\"logo\":{\"@type\":\"ImageObject\",\"inLanguage\":\"es\",\"@id\":\"https:\\\/\\\/latamjournalismreview.org\\\/es\\\/#\\\/schema\\\/logo\\\/image\\\/\",\"url\":\"https:\\\/\\\/latamjournalismreview.org\\\/wp-content\\\/uploads\\\/2020\\\/05\\\/knight-latAm-review-logo.svg\",\"contentUrl\":\"https:\\\/\\\/latamjournalismreview.org\\\/wp-content\\\/uploads\\\/2020\\\/05\\\/knight-latAm-review-logo.svg\",\"width\":\"1024\",\"height\":\"1024\",\"caption\":\"LatAm Journalism Review\"},\"image\":{\"@id\":\"https:\\\/\\\/latamjournalismreview.org\\\/es\\\/#\\\/schema\\\/logo\\\/image\\\/\"},\"sameAs\":[\"https:\\\/\\\/x.com\\\/LatAmJournalism\"]},{\"@type\":\"Person\",\"@id\":\"https:\\\/\\\/latamjournalismreview.org\\\/es\\\/#\\\/schema\\\/person\\\/d0b9fa850ef1b6f56bb445e52f29f63f\",\"name\":\"Paola Nalvarte\",\"description\":\"Paola Nalvarte is a Peruvian journalist and documentary photographer living in Austin, Texas. She focuses on covering and writing about the Andes region. In Peru, Paola worked in the Lima office of the Italian news agency ANSA, on the economic news desk of the daily Expreso, and for ten years she has been working on different editorial projects doing picture editing and research for one of the oldest Spanish-language papers in the world, the Peruvian newspaper El Comercio. She also enjoyed writing for the newspaper weekly magazine Somos. Paola Nalvarte es una periodista y fot\u00f3grafa documental peruana que vive en Austin, Texas. El foco de inter\u00e9s de su cobertura noticiosa es la regi\u00f3n andina. En Per\u00fa, Paola trabaj\u00f3 en la oficina de Lima de la agencia italiana de noticias ANSA, en la secci\u00f3n de econom\u00eda del diario Expreso y por diez a\u00f1os hizo investigaci\u00f3n fotogr\u00e1fica y edici\u00f3n de fotograf\u00eda editorial en el diario decano de la prensa peruana, El Comercio. Tambi\u00e9n escribi\u00f3 para Somos, la revista semanal del mismo diario\u200b, art\u00edculos sobre medio ambiente y cultura. Paola Nalvarte \u00e9 uma jornalista peruana e fot\u00f3grafa documentarista que vive em Austin, Texas. O foco de interesse da sua cobertura jornal\u00edstica \u00e9 a regi\u00e3o andina. No Peru, Paola trabalhou no escrit\u00f3rio de Lima da ag\u00eancia de not\u00edcias italiana ANSA, na se\u00e7\u00e3o de economia do jornal Expreso e, por dez anos, fez pesquisa fotogr\u00e1fica e edi\u00e7\u00e3o de fotografia editorial para um dos jornais em espanhol mais antigos do mundo, o jornal peruano El Comercio. Ela tamb\u00e9m escreveu artigos de meio ambiente e cultura para a Somos, a revista semanal do mesmo jornal.\",\"sameAs\":[\"https:\\\/\\\/x.com\\\/paolanalvarte\"],\"url\":\"https:\\\/\\\/latamjournalismreview.org\\\/es\\\/articles\\\/author\\\/paola-nalvarte\\\/\"}]}<\/script>\n<!-- \/ Yoast SEO Premium plugin. -->","yoast_head_json":{"title":"Nuevo e-book de sitio peruano Ojo P\u00fablico registra y explica origen de la desinformaci\u00f3n a escala global durante pandemia - LatAm Journalism Review","description":"Nuevo e-book de sitio peruano Ojo P\u00fablico registra y explica origen de la desinformaci\u00f3n a escala global durante pandemia Noticias falsas y desinformaci\u00f3n. Latin American Journalism Review by The Knight Center at The University of Texas at Austin.","robots":{"index":"index","follow":"follow","max-snippet":"max-snippet:-1","max-image-preview":"max-image-preview:large","max-video-preview":"max-video-preview:-1"},"canonical":"https:\/\/latamjournalismreview.org\/es\/articles\/nuevo-e-book-de-sitio-peruano-ojo-publico-registra-y-explica-origen-de-la-desinformacion-a-escala-global-durante-pandemia\/","og_locale":"es_ES","og_type":"article","og_title":"Nuevo e-book de sitio peruano Ojo P\u00fablico registra y explica origen de la desinformaci\u00f3n a escala global durante pandemia","og_description":"Nuevo e-book de sitio peruano Ojo P\u00fablico registra y explica origen de la desinformaci\u00f3n a escala global durante pandemia Noticias falsas y desinformaci\u00f3n. Latin American Journalism Review by The Knight Center at The University of Texas at Austin.","og_url":"https:\/\/latamjournalismreview.org\/es\/articles\/nuevo-e-book-de-sitio-peruano-ojo-publico-registra-y-explica-origen-de-la-desinformacion-a-escala-global-durante-pandemia\/","og_site_name":"LatAm Journalism Review","article_published_time":"2020-08-21T17:44:43+00:00","article_modified_time":"2020-08-21T21:48:23+00:00","og_image":[{"width":542,"height":384,"url":"https:\/\/latamjournalismreview.org\/wp-content\/uploads\/2020\/08\/feature-Libro_Infodemia_Ojo-Pu\u0301blico-1-e1598035526142.jpg","type":"image\/jpeg"}],"author":"Paola Nalvarte","twitter_card":"summary_large_image","twitter_creator":"@paolanalvarte","twitter_site":"@LatAmJournalism","twitter_misc":{"Written by":"Paola Nalvarte","Est. reading time":"4 minutos"},"schema":{"@context":"https:\/\/schema.org","@graph":[{"@type":"Article","@id":"https:\/\/latamjournalismreview.org\/es\/articles\/nuevo-e-book-de-sitio-peruano-ojo-publico-registra-y-explica-origen-de-la-desinformacion-a-escala-global-durante-pandemia\/#article","isPartOf":{"@id":"https:\/\/latamjournalismreview.org\/es\/articles\/nuevo-e-book-de-sitio-peruano-ojo-publico-registra-y-explica-origen-de-la-desinformacion-a-escala-global-durante-pandemia\/"},"author":{"name":"Paola Nalvarte","@id":"https:\/\/latamjournalismreview.org\/es\/#\/schema\/person\/d0b9fa850ef1b6f56bb445e52f29f63f"},"headline":"Nuevo e-book de sitio peruano Ojo P\u00fablico registra y explica origen de la desinformaci\u00f3n a escala global durante pandemia","datePublished":"2020-08-21T17:44:43+00:00","dateModified":"2020-08-21T21:48:23+00:00","mainEntityOfPage":{"@id":"https:\/\/latamjournalismreview.org\/es\/articles\/nuevo-e-book-de-sitio-peruano-ojo-publico-registra-y-explica-origen-de-la-desinformacion-a-escala-global-durante-pandemia\/"},"wordCount":862,"publisher":{"@id":"https:\/\/latamjournalismreview.org\/es\/#organization"},"image":{"@id":"https:\/\/latamjournalismreview.org\/es\/articles\/nuevo-e-book-de-sitio-peruano-ojo-publico-registra-y-explica-origen-de-la-desinformacion-a-escala-global-durante-pandemia\/#primaryimage"},"thumbnailUrl":"https:\/\/latamjournalismreview.org\/wp-content\/uploads\/2020\/08\/feature-Libro_Infodemia_Ojo-Pu\u0301blico-1-e1598035526142.jpg","keywords":["COVID-19","Per\u00fa"],"articleSection":["Noticias falsas y desinformaci\u00f3n"],"inLanguage":"es"},{"@type":"WebPage","@id":"https:\/\/latamjournalismreview.org\/es\/articles\/nuevo-e-book-de-sitio-peruano-ojo-publico-registra-y-explica-origen-de-la-desinformacion-a-escala-global-durante-pandemia\/","url":"https:\/\/latamjournalismreview.org\/es\/articles\/nuevo-e-book-de-sitio-peruano-ojo-publico-registra-y-explica-origen-de-la-desinformacion-a-escala-global-durante-pandemia\/","name":"Nuevo e-book de sitio peruano Ojo P\u00fablico registra y explica origen de la desinformaci\u00f3n a escala global durante pandemia - LatAm Journalism Review","isPartOf":{"@id":"https:\/\/latamjournalismreview.org\/es\/#website"},"primaryImageOfPage":{"@id":"https:\/\/latamjournalismreview.org\/es\/articles\/nuevo-e-book-de-sitio-peruano-ojo-publico-registra-y-explica-origen-de-la-desinformacion-a-escala-global-durante-pandemia\/#primaryimage"},"image":{"@id":"https:\/\/latamjournalismreview.org\/es\/articles\/nuevo-e-book-de-sitio-peruano-ojo-publico-registra-y-explica-origen-de-la-desinformacion-a-escala-global-durante-pandemia\/#primaryimage"},"thumbnailUrl":"https:\/\/latamjournalismreview.org\/wp-content\/uploads\/2020\/08\/feature-Libro_Infodemia_Ojo-Pu\u0301blico-1-e1598035526142.jpg","datePublished":"2020-08-21T17:44:43+00:00","dateModified":"2020-08-21T21:48:23+00:00","description":"Nuevo e-book de sitio peruano Ojo P\u00fablico registra y explica origen de la desinformaci\u00f3n a escala global durante pandemia Noticias falsas y desinformaci\u00f3n. Latin American Journalism Review by The Knight Center at The University of Texas at Austin.","breadcrumb":{"@id":"https:\/\/latamjournalismreview.org\/es\/articles\/nuevo-e-book-de-sitio-peruano-ojo-publico-registra-y-explica-origen-de-la-desinformacion-a-escala-global-durante-pandemia\/#breadcrumb"},"inLanguage":"es","potentialAction":[{"@type":"ReadAction","target":["https:\/\/latamjournalismreview.org\/es\/articles\/nuevo-e-book-de-sitio-peruano-ojo-publico-registra-y-explica-origen-de-la-desinformacion-a-escala-global-durante-pandemia\/"]}]},{"@type":"ImageObject","inLanguage":"es","@id":"https:\/\/latamjournalismreview.org\/es\/articles\/nuevo-e-book-de-sitio-peruano-ojo-publico-registra-y-explica-origen-de-la-desinformacion-a-escala-global-durante-pandemia\/#primaryimage","url":"https:\/\/latamjournalismreview.org\/wp-content\/uploads\/2020\/08\/feature-Libro_Infodemia_Ojo-Pu\u0301blico-1-e1598035526142.jpg","contentUrl":"https:\/\/latamjournalismreview.org\/wp-content\/uploads\/2020\/08\/feature-Libro_Infodemia_Ojo-Pu\u0301blico-1-e1598035526142.jpg","width":542,"height":384,"caption":"featured pic Libro Infodemia de Ojo Pu\u0301blico"},{"@type":"BreadcrumbList","@id":"https:\/\/latamjournalismreview.org\/es\/articles\/nuevo-e-book-de-sitio-peruano-ojo-publico-registra-y-explica-origen-de-la-desinformacion-a-escala-global-durante-pandemia\/#breadcrumb","itemListElement":[{"@type":"ListItem","position":1,"name":"Home","item":"https:\/\/latamjournalismreview.org\/es\/"},{"@type":"ListItem","position":2,"name":"Nuevo e-book de sitio peruano Ojo P\u00fablico registra y explica origen de la desinformaci\u00f3n a escala global durante pandemia"}]},{"@type":"WebSite","@id":"https:\/\/latamjournalismreview.org\/es\/#website","url":"https:\/\/latamjournalismreview.org\/es\/","name":"LatAm Journalism Review","description":"Knight Center at The University of Texas","publisher":{"@id":"https:\/\/latamjournalismreview.org\/es\/#organization"},"potentialAction":[{"@type":"SearchAction","target":{"@type":"EntryPoint","urlTemplate":"https:\/\/latamjournalismreview.org\/es\/?s={search_term_string}"},"query-input":{"@type":"PropertyValueSpecification","valueRequired":true,"valueName":"search_term_string"}}],"inLanguage":"es"},{"@type":"Organization","@id":"https:\/\/latamjournalismreview.org\/es\/#organization","name":"LatAm Journalism Review","url":"https:\/\/latamjournalismreview.org\/es\/","logo":{"@type":"ImageObject","inLanguage":"es","@id":"https:\/\/latamjournalismreview.org\/es\/#\/schema\/logo\/image\/","url":"https:\/\/latamjournalismreview.org\/wp-content\/uploads\/2020\/05\/knight-latAm-review-logo.svg","contentUrl":"https:\/\/latamjournalismreview.org\/wp-content\/uploads\/2020\/05\/knight-latAm-review-logo.svg","width":"1024","height":"1024","caption":"LatAm Journalism Review"},"image":{"@id":"https:\/\/latamjournalismreview.org\/es\/#\/schema\/logo\/image\/"},"sameAs":["https:\/\/x.com\/LatAmJournalism"]},{"@type":"Person","@id":"https:\/\/latamjournalismreview.org\/es\/#\/schema\/person\/d0b9fa850ef1b6f56bb445e52f29f63f","name":"Paola Nalvarte","description":"Paola Nalvarte is a Peruvian journalist and documentary photographer living in Austin, Texas. She focuses on covering and writing about the Andes region. In Peru, Paola worked in the Lima office of the Italian news agency ANSA, on the economic news desk of the daily Expreso, and for ten years she has been working on different editorial projects doing picture editing and research for one of the oldest Spanish-language papers in the world, the Peruvian newspaper El Comercio. She also enjoyed writing for the newspaper weekly magazine Somos. Paola Nalvarte es una periodista y fot\u00f3grafa documental peruana que vive en Austin, Texas. El foco de inter\u00e9s de su cobertura noticiosa es la regi\u00f3n andina. En Per\u00fa, Paola trabaj\u00f3 en la oficina de Lima de la agencia italiana de noticias ANSA, en la secci\u00f3n de econom\u00eda del diario Expreso y por diez a\u00f1os hizo investigaci\u00f3n fotogr\u00e1fica y edici\u00f3n de fotograf\u00eda editorial en el diario decano de la prensa peruana, El Comercio. Tambi\u00e9n escribi\u00f3 para Somos, la revista semanal del mismo diario\u200b, art\u00edculos sobre medio ambiente y cultura. Paola Nalvarte \u00e9 uma jornalista peruana e fot\u00f3grafa documentarista que vive em Austin, Texas. O foco de interesse da sua cobertura jornal\u00edstica \u00e9 a regi\u00e3o andina. No Peru, Paola trabalhou no escrit\u00f3rio de Lima da ag\u00eancia de not\u00edcias italiana ANSA, na se\u00e7\u00e3o de economia do jornal Expreso e, por dez anos, fez pesquisa fotogr\u00e1fica e edi\u00e7\u00e3o de fotografia editorial para um dos jornais em espanhol mais antigos do mundo, o jornal peruano El Comercio. Ela tamb\u00e9m escreveu artigos de meio ambiente e cultura para a Somos, a revista semanal do mesmo jornal.","sameAs":["https:\/\/x.com\/paolanalvarte"],"url":"https:\/\/latamjournalismreview.org\/es\/articles\/author\/paola-nalvarte\/"}]}},"_links":{"self":[{"href":"https:\/\/latamjournalismreview.org\/es\/wp-json\/wp\/v2\/posts\/10478","targetHints":{"allow":["GET"]}}],"collection":[{"href":"https:\/\/latamjournalismreview.org\/es\/wp-json\/wp\/v2\/posts"}],"about":[{"href":"https:\/\/latamjournalismreview.org\/es\/wp-json\/wp\/v2\/types\/post"}],"author":[{"embeddable":true,"href":"https:\/\/latamjournalismreview.org\/es\/wp-json\/wp\/v2\/users\/4"}],"replies":[{"embeddable":true,"href":"https:\/\/latamjournalismreview.org\/es\/wp-json\/wp\/v2\/comments?post=10478"}],"version-history":[{"count":10,"href":"https:\/\/latamjournalismreview.org\/es\/wp-json\/wp\/v2\/posts\/10478\/revisions"}],"predecessor-version":[{"id":10528,"href":"https:\/\/latamjournalismreview.org\/es\/wp-json\/wp\/v2\/posts\/10478\/revisions\/10528"}],"wp:featuredmedia":[{"embeddable":true,"href":"https:\/\/latamjournalismreview.org\/es\/wp-json\/wp\/v2\/media\/10504"}],"wp:attachment":[{"href":"https:\/\/latamjournalismreview.org\/es\/wp-json\/wp\/v2\/media?parent=10478"}],"wp:term":[{"taxonomy":"category","embeddable":true,"href":"https:\/\/latamjournalismreview.org\/es\/wp-json\/wp\/v2\/categories?post=10478"},{"taxonomy":"post_tag","embeddable":true,"href":"https:\/\/latamjournalismreview.org\/es\/wp-json\/wp\/v2\/tags?post=10478"},{"taxonomy":"author","embeddable":true,"href":"https:\/\/latamjournalismreview.org\/es\/wp-json\/wp\/v2\/coauthors?post=10478"}],"curies":[{"name":"wp","href":"https:\/\/api.w.org\/{rel}","templated":true}]}}