{"id":10931,"date":"2020-09-17T15:20:41","date_gmt":"2020-09-17T20:20:41","guid":{"rendered":"https:\/\/latamjournalismreview.org\/?p=10931"},"modified":"2020-09-25T12:41:41","modified_gmt":"2020-09-25T17:41:41","slug":"casi-12-000-operadores-de-justicia-de-iberoamerica-han-sido-capacitados-en-estandares-internacionales-de-la-libertad-de-expresion","status":"publish","type":"post","link":"https:\/\/latamjournalismreview.org\/es\/articles\/casi-12-000-operadores-de-justicia-de-iberoamerica-han-sido-capacitados-en-estandares-internacionales-de-la-libertad-de-expresion\/","title":{"rendered":"Casi 12.000 operadores de justicia de Iberoam\u00e9rica han sido capacitados en est\u00e1ndares internacionales de la libertad de expresi\u00f3n"},"content":{"rendered":"<p><span style=\"font-weight: 400;\">Hace siete a\u00f1os cuando comenz\u00f3 el dise\u00f1o de lo que hoy es el curso \u201c<\/span><a href=\"https:\/\/latamjournalismreview.org\/es\/articles\/curso-sobre-libertad-de-expresion-para-operadores-de-justicia-de-iberoamerica-abre-sus-postulaciones-para-la-edicion-de-2020\/\" target=\"_blank\" rel=\"noopener noreferrer\"><span style=\"font-weight: 400;\">Marco Jur\u00eddico Internacional de la libertad de expresi\u00f3n, acceso a la informaci\u00f3n p\u00fablica y protecci\u00f3n de periodistas<\/span><\/a><span style=\"font-weight: 400;\">\u201d, Guilherme Canela, jefe de la secci\u00f3n de Libertad de Expresi\u00f3n y Seguridad de Periodistas de la Unesco, recuerda que hab\u00edan m\u00e1s dudas que certezas.<\/span><\/p>\n<p><span style=\"font-weight: 400;\">La Unesco en conjunto con las Relator\u00edas para la Libertad de Expresi\u00f3n de la <\/span><a href=\"https:\/\/www.ohchr.org\/SP\/Issues\/FreedomOpinion\/Pages\/OpinionIndex.aspx\" target=\"_blank\" rel=\"noopener noreferrer\"><span style=\"font-weight: 400;\">Organizaci\u00f3n de las Naciones Unidas<\/span><\/a><span style=\"font-weight: 400;\"> y de la <\/span><a href=\"http:\/\/www.oas.org\/es\/cidh\/expresion\/index.asp\" target=\"_blank\" rel=\"noopener noreferrer\"><span style=\"font-weight: 400;\">Comisi\u00f3n Interamericana de Derechos Humanos<\/span><\/a><span style=\"font-weight: 400;\"> pensaron en asociarse con el Centro Knight para el Periodismo en las Am\u00e9ricas para realizar un curso masivo, abierto y en l\u00ednea (MOOC, por sus siglas en ingl\u00e9s) como parte de la llamada Iniciativa Jueces.<\/span><\/p>\n<p><span style=\"font-weight: 400;\">\u201cLa certeza era que jueces, fiscales, abogados p\u00fablicos y otros operadores judiciales son actores clave para proteger y promover la libertad de expresi\u00f3n, el acceso a la informaci\u00f3n p\u00fablica y la seguridad de periodistas \u2013 una convicci\u00f3n que sigue siendo la misma\u201d, dijo Canela a <\/span><strong>LatAm Journalism Review<\/strong><span style=\"font-weight: 400;\">. \u201cEntre las muchas dudas, una que nos inquietaba particularmente era cu\u00e1l ser\u00eda la acogida de los operadores judiciales iberoamericanos a nuestra propuesta de di\u00e1logo e intercambio de conocimientos\u201d.<\/span><\/p>\n<p><img loading=\"lazy\" decoding=\"async\" class=\"alignright wp-image-8393 size-full\" src=\"https:\/\/latamjournalismreview.org\/wp-content\/uploads\/2020\/07\/Marco-Juridico-Internacional-de-la-Libertad-de-Expresion-Acceso-a-la-Informacion-Publica-y-Proteccion-de-Periodistas.png\" alt=\"Marco Jur\u00eddico Internacional de la Libertad de Expresi\u00f3n, Acceso a la Informaci\u00f3n P\u00fablica y Protecci\u00f3n de Periodistas\" width=\"507\" height=\"340\" srcset=\"https:\/\/latamjournalismreview.org\/wp-content\/uploads\/2020\/07\/Marco-Juridico-Internacional-de-la-Libertad-de-Expresion-Acceso-a-la-Informacion-Publica-y-Proteccion-de-Periodistas.png 507w, https:\/\/latamjournalismreview.org\/wp-content\/uploads\/2020\/07\/Marco-Juridico-Internacional-de-la-Libertad-de-Expresion-Acceso-a-la-Informacion-Publica-y-Proteccion-de-Periodistas-300x201.png 300w, https:\/\/latamjournalismreview.org\/wp-content\/uploads\/2020\/07\/Marco-Juridico-Internacional-de-la-Libertad-de-Expresion-Acceso-a-la-Informacion-Publica-y-Proteccion-de-Periodistas-350x234.png 350w\" sizes=\"auto, (max-width: 507px) 100vw, 507px\" \/><\/p>\n<p><span style=\"font-weight: 400;\">La Iniciativa Jueces ten\u00eda por objeto realizar diferentes actividades de capacitaci\u00f3n de magistrados y otros\u00a0 operadores de justicia de la regi\u00f3n en est\u00e1ndares internacionales de la libertad de expresi\u00f3n. El MOOC, que cuenta con la organizaci\u00f3n del Centro Knight para el Periodismo en las Am\u00e9ricas de la Universidad de Texas en Austin, hace parte de esta iniciativa.<\/span><\/p>\n<p><span style=\"font-weight: 400;\">\u201cNunca se hab\u00eda experimentado con algo as\u00ed, un curso masivo para jueces de diferentes pa\u00edses. En el Centro Knight ten\u00edamos experiencia en cursos para periodistas, pero eso significaba salir de nuestra zona de confort, aunque ten\u00edamos la tranquilidad de contar con la excelencia de nuestros aliados de la UNESCO y de la Relator\u00eda\u201d, dijo el profesor Rosental Alves, fundador y director del Centro Knight para el Periodismo en las Am\u00e9ricas de la Universidad de Texas en Austin.<\/span><\/p>\n<p><span style=\"font-weight: 400;\">Para sorpresa de las organizaciones, la acogida desde el inicio fue muy alta.<\/span><\/p>\n<p><span style=\"font-weight: 400;\">\u201cSiete a\u00f1os despu\u00e9s, los hechos han superado nuestras m\u00e1s optimistas expectativas. Entre estrategias en l\u00ednea, como el MOOC ofrecido en cooperaci\u00f3n con el Centro Knight, y otros espacios formativos [presenciales], ya hemos interactuado con m\u00e1s de 15.000 operadores judiciales de todos los pa\u00edses de Iberoam\u00e9rica. \u00a115.000!\u201d, enfatiz\u00f3 Canela.<\/span><\/p>\n<p><span style=\"font-weight: 400;\">De esos 15.000 participantes, <\/span><span style=\"font-weight: 400;\">el MOOC \u201cMarco Jur\u00eddico Internacional de la libertad de expresi\u00f3n, acceso a la informaci\u00f3n p\u00fablica y protecci\u00f3n de periodistas\u201d <\/span><span style=\"font-weight: 400;\">tras la edici\u00f3n de 2020 ha capacitado a casi <\/span><span style=\"font-weight: 400;\">12.000 operadores de justicia de Iberoam\u00e9rica, la mayor\u00eda de Am\u00e9rica Latina.<\/span><\/p>\n<p><span style=\"font-weight: 400;\">La prueba piloto de este curso, en ese momento \u00fanico en su clase, se realiz\u00f3 en 2014, dirigido de manera exclusiva a operadores de justicia de M\u00e9xico y cont\u00f3 con la participaci\u00f3n de 932 funcionarios de ese pa\u00eds. En 2015 se ofreci\u00f3 por primera vez el curso a nivel latinoamericano con el apoyo de la Cumbre Judicial Iberoamericana, la Red Iberoamericana de Escuelas Judiciales y del Gobierno de Suecia en una edici\u00f3n en la que participaron 1.299 operadores de justicia.<\/span><\/p>\n<p><span style=\"font-weight: 400;\">Desde 2015 y de manera ininterrumpida se ha ofrecido cada a\u00f1o una edici\u00f3n del curso. Sin embargo, desde 2016 adem\u00e1s de operadores de justicia de Am\u00e9rica Latina tambi\u00e9n han participado funcionarios de Espa\u00f1a y Portugal.<\/span><\/p>\n<p><span style=\"font-weight: 400;\">Para ese a\u00f1o se aceptaron la participaci\u00f3n de 637 personas. En 2017 fueron 2.200 operadores de justicia quienes hicieron parte del curso. Para el a\u00f1o siguiente, se realiz\u00f3 el curso con el mayor n\u00famero de participantes: 2.418. En 2019 se aceptaron 2.146 postulaciones. Finalmente, este a\u00f1o fueron 2.348 personas quienes tomaron el curso.<\/span><\/p>\n<p><span style=\"font-weight: 400;\">Todos los pa\u00edses de Iberoam\u00e9rica han participado al menos en alguna de las ediciones que se han ofrecido.<\/span><\/p>\n<p><span style=\"font-weight: 400;\">Asimismo y a lo largo de cada a\u00f1o se han ido sumando otras organizaciones para ofrecer su apoyo. Adem\u00e1s de las que se unieron en 2015, despu\u00e9s llegaron la Fundaci\u00f3n para la Libertad de la Prensa (FLIP) de Colombia, Asociaci\u00f3n Latinoamericana de Internet, National Endowment for Democracy (NED), Escuela de Gobierno de la OEA y la Universidad de Los Andes de Colombia.<\/span><\/p>\n<p><span style=\"font-weight: 400;\">\u201cSiete a\u00f1os despu\u00e9s, vemos con gusto que Poderes Judiciales, Ministerios P\u00fablicos, Escuelas de Jueces, Fiscales y Abogados P\u00fablicos, Cortes Regionales est\u00e1n fuertemente conectados con esta discusi\u00f3n tan relevante\u201d, agreg\u00f3 Canela. \u201cLos desaf\u00edos para la libertad de expresi\u00f3n siguen muy presentes en todos nuestros pa\u00edses y, por eso, esperamos que los conocimientos compartidos en estos a\u00f1os y los y las operadores judiciales que se sumaron a estos debates sigan siendo pilares de la protecci\u00f3n de estos derechos que fueron siendo universalmente construidos a lo largo de las \u00faltimas d\u00e9cadas\u201d.<\/span><\/p>\n<p><span style=\"font-weight: 400;\">As\u00ed tambi\u00e9n lo considera Ana Jacoby, abogada mexicana quien particip\u00f3 en la edici\u00f3n 2020.<\/span><\/p>\n<p><span style=\"font-weight: 400;\">\u201cEl curso me permiti\u00f3 sistematizar y ampliar mis conocimientos sobre los est\u00e1ndares interamericanos en materia de libertad de expresi\u00f3n. Los m\u00f3dulos est\u00e1n muy bien estructurados y el plantel docente del curso es inmejorable, ya que combina las clases magistrales de Relatores y Relatoras para la Libertad de Expresi\u00f3n con el seguimiento personalizado de quienes moderan los distintos foros\u201d, dijo Ana Jacoby a <\/span><strong>LJR<\/strong><span style=\"font-weight: 400;\">. \u201cJunto a los temas en los que ya existe jurisprudencia dentro del Sistema Interamericano en Derechos Humanos, se tratan tambi\u00e9n casos relacionados a derechos emergentes como ciertos derechos digitales y problem\u00e1ticas de actualidad, como el impacto de la pandemia de Coronavirus sobre el derecho a la libre expresi\u00f3n\u201d.\u00a0<\/span><\/p>\n<p><span style=\"font-weight: 400;\">\u201cAdem\u00e1s de su enorme valor para la formaci\u00f3n de operadores y operadoras de justicia, el curso tiene un enorme potencial para la formaci\u00f3n de quienes dise\u00f1an e implementan pol\u00edticas p\u00fablicas, as\u00ed como para quienes investigan sobre esta problem\u00e1tica\u201d, agreg\u00f3 Jacoby.<\/span><\/p>\n<p><span style=\"font-weight: 400;\">\u201cEstoy agradecida por brindarme la oportunidad de ser part\u00edcipe del presente curso y llegar a su finalizaci\u00f3n con \u00e9xito, habiendo adquirido muchos conocimientos que de seguro coadyuvar\u00e1n en nuestros roles que d\u00eda a d\u00eda desempe\u00f1amos\u201d, dijo por su parte Janneth Villa, de la fiscal\u00eda de Ecuador. \u201cLos doctores Catalina Botero y Edison Lanza son excelentes expositores quienes de una forma pr\u00e1ctica han sabido llegar a los cursantes y que sigan impartiendo sus conocimientos en beneficio profesionales con necesidad de seguir ampliando nuestros conocimientos\u201d.<\/span><\/p>\n<p><strong>Libertad de expresi\u00f3n y COVID-19<\/strong><\/p>\n<p><span style=\"font-weight: 400;\">El desarrollo de la edici\u00f3n 2020 del MOOC estuvo marcado tambi\u00e9n por la pandemia de COVID-19.\u00a0 Como ha sido denunciado por diferentes organizaciones de defensa de la libertad de expresi\u00f3n, de todas partes del mundo, la pandemia ha sido utilizada como excusa para bloquear acceso a la informaci\u00f3n p\u00fablica o en general ha tra\u00eddo obst\u00e1culos para el ejercicio del trabajo period\u00edstico y del mismo poder Judicial.<\/span><\/p>\n<p><span style=\"font-weight: 400;\">Con\u00a0 el prop\u00f3sito de tratar estos temas se realiz\u00f3 el <\/span><a href=\"https:\/\/www.youtube.com\/watch?v=aSDPxORKp0Y&amp;feature=youtu.be\" target=\"_blank\" rel=\"noopener noreferrer\"><span style=\"font-weight: 400;\">webinar \u201cDesaf\u00edos legales para la protecci\u00f3n de la libertad de expresi\u00f3n en tiempos de COVID-19\u201d<\/span><\/a><span style=\"font-weight: 400;\">. En \u00e9l expertos identificaron cu\u00e1les son los principales desaf\u00edos que enfrenta la libertad de expresi\u00f3n en medio de la crisis generada por la pandemia de COVID19 y c\u00f3mo los jueces deben decidir casos sobre COVID-19 mientras se garantizan est\u00e1ndares internacionales de la libertad de expresi\u00f3n, privacidad y acceso a la informaci\u00f3n p\u00fablica.<\/span><\/p>\n<div id=\"attachment_9812\" style=\"width: 510px\" class=\"wp-caption alignleft\"><img loading=\"lazy\" decoding=\"async\" aria-describedby=\"caption-attachment-9812\" class=\"wp-image-9812\" src=\"https:\/\/latamjournalismreview.org\/wp-content\/uploads\/2020\/08\/webinar-series-social-688x358-1-e1596302888101.jpg\" alt=\"Banner webinar \u201cDesaf\u00edos legales para la protecci\u00f3n de la libertad de expresi\u00f3n en tiempos de COVID-19\u201d\" width=\"500\" height=\"260\" \/><p id=\"caption-attachment-9812\" class=\"wp-caption-text\">Cortes\u00eda Unesco.<\/p><\/div>\n<p><span style=\"font-weight: 400;\">En el webinar participaron Edison Lanza, Relator Especial para la libertad de expresi\u00f3n de la CIDH e instructor del curso; Ricardo P\u00e9rez Manrique, juez de la Corte Interamericana de Derechos Humanos; Joan Barata, experto espa\u00f1ol del Center for Internet and Society y Ciber Policy Center de la Universidad de Stanford; y Guilherme Canela, jefe de la secci\u00f3n de Libertad de Expresi\u00f3n y Seguridad de Periodistas de la Unesco. La moderaci\u00f3n estuvo a cargo de Yuria Saavedra, abogada mexicana especialista en Derechos Humanos, Derecho Humanitario y Derecho Penal Internacional, y parte del equipo de monitores del curso.<\/span><\/p>\n<p><span style=\"font-weight: 400;\">El evento tuvo lugar el 22 de mayo a trav\u00e9s de Zoom con retransmisi\u00f3n en vivo a trav\u00e9s del canal de YouTube del Centro Knight. Vea la totalidad del evento<\/span><a href=\"https:\/\/www.youtube.com\/watch?v=aSDPxORKp0Y&amp;feature=youtu.be\" target=\"_blank\" rel=\"noopener noreferrer\"><span style=\"font-weight: 400;\"> aqu\u00ed<\/span><\/a><span style=\"font-weight: 400;\"> y lea un resumen de lo hablado en el webinar<\/span><a href=\"https:\/\/latamjournalismreview.org\/es\/articles\/expertos-discute\" target=\"_blank\" rel=\"noopener noreferrer\"><span style=\"font-weight: 400;\"> aqu\u00ed<\/span><\/a><span style=\"font-weight: 400;\">.<\/span><\/p>\n<p><strong>Versi\u00f3n autodirigida del curso: m\u00e1s beneficiados\u00a0\u00a0<\/strong><\/p>\n<p><span style=\"font-weight: 400;\">Durante todas las ediciones, el inter\u00e9s por el curso de parte de personas que no eran operadores de justicia era claro. Por tal motivo y con el prop\u00f3sito de que el conocimiento impartido durante siete a\u00f1os llegue a m\u00e1s personas, el curso \u201cMarco Jur\u00eddico Internacional de la libertad de expresi\u00f3n, acceso a la informaci\u00f3n p\u00fablica y protecci\u00f3n de periodistas\u201d tiene ahora una<\/span> <a href=\"https:\/\/journalismcourses.org\/course\/marco-juridico-internacional-de-la-libertad-de-expresion-acceso-a-la-informacion-publica-y-proteccion-de-periodistas\/\" target=\"_blank\" rel=\"noopener noreferrer\"><span style=\"font-weight: 400;\">versi\u00f3n autodirigida<\/span><\/a><span style=\"font-weight: 400;\">.<\/span><\/p>\n<p><span style=\"font-weight: 400;\">Esta nueva versi\u00f3n sigue el estilo de los cursos autodirigidos que utiliza el Centro Knight. Una vez culmina un curso abierto, los materiales son reorganizados como curso autodirigido y quedan disponibles en el nuevo portal del programa de aprendizaje a distancia del Centro Knight, <\/span><a href=\"https:\/\/journalismcourses.org\/\" target=\"_blank\" rel=\"noopener noreferrer\"><span style=\"font-weight: 400;\">JournalismCourses.org<\/span><\/a><span style=\"font-weight: 400;\">.<\/span><\/p>\n<p><span style=\"font-weight: 400;\">Los cursos autodirigidos se diferencian de los cursos liderados por instructores en que no tienen fechas establecidas y, por supuesto, que no cuentan con la presencia de un instructor, asistente de instructor u otra figura que lidere el proceso de aprendizaje. En ese sentido, estos cursos tampoco cuentan con ejercicios, cuestionarios o foros de discusi\u00f3n.<\/span><\/p>\n<p><span style=\"font-weight: 400;\">Sin embargo, toda la parte te\u00f3rica del curso est\u00e1 disponible para que cualquier persona interesada pueda estudiarla. Para el caso del curso sobre libertad de expresi\u00f3n est\u00e1n disponibles las video clases de la instructora <a href=\"https:\/\/twitter.com\/cboteromarino\" target=\"_blank\" rel=\"noopener noreferrer\">Catalina Botero<\/a>; decana de la Facultad de Derecho de la Universidad de Los Andes, Conjuez de la Corte Constitucional de Colombia y exrelatora para la libertad de expresi\u00f3n de la CIDH; y quien ha sido instructora del curso desde la versi\u00f3n piloto en 2014.<\/span><\/p>\n<p><span style=\"font-weight: 400;\">Tambi\u00e9n est\u00e1n disponibles las video clases de <a href=\"https:\/\/twitter.com\/EdisonLanza\" target=\"_blank\" rel=\"noopener noreferrer\">Edison Lanza<\/a>, actual Relator Especial para la Libertad de Expresi\u00f3n de la CIDH, quien se uni\u00f3 al curso en 2017.<\/span><\/p>\n<p><span style=\"font-weight: 400;\">Asimismo, las personas que decidan estudiar la versi\u00f3n autodirigida del curso tendr\u00e1n acceso a las lecturas que complementan el programa de estudio. Al igual que el curso liderado por instructores, los materiales est\u00e1n divididos por seis m\u00f3dulos tem\u00e1ticos.<\/span><\/p>\n","protected":false},"excerpt":{"rendered":"<p>Tras siete a\u00f1os de la iniciativa el curso \u201cMarco Jur\u00eddico Internacional de la libertad de expresi\u00f3n, acceso a la informaci\u00f3n p\u00fablica y protecci\u00f3n de periodistas\u201d ya son casi 12.000 operadores de justicia capacitados.<\/p>\n","protected":false},"author":13,"featured_media":8393,"comment_status":"closed","ping_status":"closed","sticky":false,"template":"","format":"standard","meta":{"inline_featured_image":false,"footnotes":""},"categories":[1351],"tags":[],"coauthors":[],"class_list":["post-10931","post","type-post","status-publish","format-standard","has-post-thumbnail","hentry","category-journalism-courses-es"],"acf":[],"yoast_head":"<!-- This site is optimized with the Yoast SEO Premium plugin v22.6 (Yoast SEO v27.4) - https:\/\/yoast.com\/product\/yoast-seo-premium-wordpress\/ -->\n<title>Casi 12.000 operadores de justicia de Iberoam\u00e9rica han sido capacitados en est\u00e1ndares internacionales de la libertad de expresi\u00f3n - LatAm Journalism Review<\/title>\n<meta name=\"description\" content=\"Tras siete a\u00f1os de la iniciativa el curso \u201cMarco Jur\u00eddico Internacional de la libertad de expresi\u00f3n, acceso a la informaci\u00f3n p\u00fablica y protecci\u00f3n de periodistas\u201d ya son casi 12.000 operadores de justicia capacitados.\" \/>\n<meta name=\"robots\" content=\"index, follow, max-snippet:-1, max-image-preview:large, max-video-preview:-1\" \/>\n<link rel=\"canonical\" href=\"https:\/\/latamjournalismreview.org\/es\/articles\/casi-12-000-operadores-de-justicia-de-iberoamerica-han-sido-capacitados-en-estandares-internacionales-de-la-libertad-de-expresion\/\" \/>\n<meta property=\"og:locale\" content=\"es_ES\" \/>\n<meta property=\"og:type\" content=\"article\" \/>\n<meta property=\"og:title\" content=\"Casi 12.000 operadores de justicia de Iberoam\u00e9rica han sido capacitados en est\u00e1ndares internacionales de la libertad de expresi\u00f3n\" \/>\n<meta property=\"og:description\" content=\"Tras siete a\u00f1os de la iniciativa el curso \u201cMarco Jur\u00eddico Internacional de la libertad de expresi\u00f3n, acceso a la informaci\u00f3n p\u00fablica y protecci\u00f3n de periodistas\u201d ya son casi 12.000 operadores de justicia capacitados.\" \/>\n<meta property=\"og:url\" content=\"https:\/\/latamjournalismreview.org\/es\/articles\/casi-12-000-operadores-de-justicia-de-iberoamerica-han-sido-capacitados-en-estandares-internacionales-de-la-libertad-de-expresion\/\" \/>\n<meta property=\"og:site_name\" content=\"LatAm Journalism Review\" \/>\n<meta property=\"article:published_time\" content=\"2020-09-17T20:20:41+00:00\" \/>\n<meta property=\"article:modified_time\" content=\"2020-09-25T17:41:41+00:00\" \/>\n<meta property=\"og:image\" content=\"https:\/\/latamjournalismreview.org\/wp-content\/uploads\/2020\/07\/Marco-Juridico-Internacional-de-la-Libertad-de-Expresion-Acceso-a-la-Informacion-Publica-y-Proteccion-de-Periodistas.png\" \/>\n\t<meta property=\"og:image:width\" content=\"507\" \/>\n\t<meta property=\"og:image:height\" content=\"340\" \/>\n\t<meta property=\"og:image:type\" content=\"image\/png\" \/>\n<meta name=\"author\" content=\"Silvia Higuera\" \/>\n<meta name=\"twitter:card\" content=\"summary_large_image\" \/>\n<meta name=\"twitter:creator\" content=\"@shiguerita\" \/>\n<meta name=\"twitter:site\" content=\"@LatAmJournalism\" \/>\n<meta name=\"twitter:label1\" content=\"Written by\" \/>\n\t<meta name=\"twitter:data1\" content=\"Silvia Higuera\" \/>\n\t<meta name=\"twitter:label2\" content=\"Est. reading time\" \/>\n\t<meta name=\"twitter:data2\" content=\"9 minutos\" \/>\n<script type=\"application\/ld+json\" class=\"yoast-schema-graph\">{\"@context\":\"https:\\\/\\\/schema.org\",\"@graph\":[{\"@type\":\"Article\",\"@id\":\"https:\\\/\\\/latamjournalismreview.org\\\/es\\\/articles\\\/casi-12-000-operadores-de-justicia-de-iberoamerica-han-sido-capacitados-en-estandares-internacionales-de-la-libertad-de-expresion\\\/#article\",\"isPartOf\":{\"@id\":\"https:\\\/\\\/latamjournalismreview.org\\\/es\\\/articles\\\/casi-12-000-operadores-de-justicia-de-iberoamerica-han-sido-capacitados-en-estandares-internacionales-de-la-libertad-de-expresion\\\/\"},\"author\":{\"name\":\"Silvia Higuera\",\"@id\":\"https:\\\/\\\/latamjournalismreview.org\\\/es\\\/#\\\/schema\\\/person\\\/eac7baa6afada0957e047be9fc15703a\"},\"headline\":\"Casi 12.000 operadores de justicia de Iberoam\u00e9rica han sido capacitados en est\u00e1ndares internacionales de la libertad de expresi\u00f3n\",\"datePublished\":\"2020-09-17T20:20:41+00:00\",\"dateModified\":\"2020-09-25T17:41:41+00:00\",\"mainEntityOfPage\":{\"@id\":\"https:\\\/\\\/latamjournalismreview.org\\\/es\\\/articles\\\/casi-12-000-operadores-de-justicia-de-iberoamerica-han-sido-capacitados-en-estandares-internacionales-de-la-libertad-de-expresion\\\/\"},\"wordCount\":1792,\"publisher\":{\"@id\":\"https:\\\/\\\/latamjournalismreview.org\\\/es\\\/#organization\"},\"image\":{\"@id\":\"https:\\\/\\\/latamjournalismreview.org\\\/es\\\/articles\\\/casi-12-000-operadores-de-justicia-de-iberoamerica-han-sido-capacitados-en-estandares-internacionales-de-la-libertad-de-expresion\\\/#primaryimage\"},\"thumbnailUrl\":\"https:\\\/\\\/latamjournalismreview.org\\\/wp-content\\\/uploads\\\/2020\\\/07\\\/Marco-Juridico-Internacional-de-la-Libertad-de-Expresion-Acceso-a-la-Informacion-Publica-y-Proteccion-de-Periodistas.png\",\"articleSection\":[\"Journalism Courses\"],\"inLanguage\":\"es\"},{\"@type\":\"WebPage\",\"@id\":\"https:\\\/\\\/latamjournalismreview.org\\\/es\\\/articles\\\/casi-12-000-operadores-de-justicia-de-iberoamerica-han-sido-capacitados-en-estandares-internacionales-de-la-libertad-de-expresion\\\/\",\"url\":\"https:\\\/\\\/latamjournalismreview.org\\\/es\\\/articles\\\/casi-12-000-operadores-de-justicia-de-iberoamerica-han-sido-capacitados-en-estandares-internacionales-de-la-libertad-de-expresion\\\/\",\"name\":\"Casi 12.000 operadores de justicia de Iberoam\u00e9rica han sido capacitados en est\u00e1ndares internacionales de la libertad de expresi\u00f3n - LatAm Journalism Review\",\"isPartOf\":{\"@id\":\"https:\\\/\\\/latamjournalismreview.org\\\/es\\\/#website\"},\"primaryImageOfPage\":{\"@id\":\"https:\\\/\\\/latamjournalismreview.org\\\/es\\\/articles\\\/casi-12-000-operadores-de-justicia-de-iberoamerica-han-sido-capacitados-en-estandares-internacionales-de-la-libertad-de-expresion\\\/#primaryimage\"},\"image\":{\"@id\":\"https:\\\/\\\/latamjournalismreview.org\\\/es\\\/articles\\\/casi-12-000-operadores-de-justicia-de-iberoamerica-han-sido-capacitados-en-estandares-internacionales-de-la-libertad-de-expresion\\\/#primaryimage\"},\"thumbnailUrl\":\"https:\\\/\\\/latamjournalismreview.org\\\/wp-content\\\/uploads\\\/2020\\\/07\\\/Marco-Juridico-Internacional-de-la-Libertad-de-Expresion-Acceso-a-la-Informacion-Publica-y-Proteccion-de-Periodistas.png\",\"datePublished\":\"2020-09-17T20:20:41+00:00\",\"dateModified\":\"2020-09-25T17:41:41+00:00\",\"description\":\"Tras siete a\u00f1os de la iniciativa el curso \u201cMarco Jur\u00eddico Internacional de la libertad de expresi\u00f3n, acceso a la informaci\u00f3n p\u00fablica y protecci\u00f3n de periodistas\u201d ya son casi 12.000 operadores de justicia capacitados.\",\"breadcrumb\":{\"@id\":\"https:\\\/\\\/latamjournalismreview.org\\\/es\\\/articles\\\/casi-12-000-operadores-de-justicia-de-iberoamerica-han-sido-capacitados-en-estandares-internacionales-de-la-libertad-de-expresion\\\/#breadcrumb\"},\"inLanguage\":\"es\",\"potentialAction\":[{\"@type\":\"ReadAction\",\"target\":[\"https:\\\/\\\/latamjournalismreview.org\\\/es\\\/articles\\\/casi-12-000-operadores-de-justicia-de-iberoamerica-han-sido-capacitados-en-estandares-internacionales-de-la-libertad-de-expresion\\\/\"]}]},{\"@type\":\"ImageObject\",\"inLanguage\":\"es\",\"@id\":\"https:\\\/\\\/latamjournalismreview.org\\\/es\\\/articles\\\/casi-12-000-operadores-de-justicia-de-iberoamerica-han-sido-capacitados-en-estandares-internacionales-de-la-libertad-de-expresion\\\/#primaryimage\",\"url\":\"https:\\\/\\\/latamjournalismreview.org\\\/wp-content\\\/uploads\\\/2020\\\/07\\\/Marco-Juridico-Internacional-de-la-Libertad-de-Expresion-Acceso-a-la-Informacion-Publica-y-Proteccion-de-Periodistas.png\",\"contentUrl\":\"https:\\\/\\\/latamjournalismreview.org\\\/wp-content\\\/uploads\\\/2020\\\/07\\\/Marco-Juridico-Internacional-de-la-Libertad-de-Expresion-Acceso-a-la-Informacion-Publica-y-Proteccion-de-Periodistas.png\",\"width\":507,\"height\":340,\"caption\":\"Marco Juridico Internacional de la Libertad de Expresion, Acceso a la Informacion Publica y Proteccion de Periodistas\"},{\"@type\":\"BreadcrumbList\",\"@id\":\"https:\\\/\\\/latamjournalismreview.org\\\/es\\\/articles\\\/casi-12-000-operadores-de-justicia-de-iberoamerica-han-sido-capacitados-en-estandares-internacionales-de-la-libertad-de-expresion\\\/#breadcrumb\",\"itemListElement\":[{\"@type\":\"ListItem\",\"position\":1,\"name\":\"Home\",\"item\":\"https:\\\/\\\/latamjournalismreview.org\\\/es\\\/\"},{\"@type\":\"ListItem\",\"position\":2,\"name\":\"Casi 12.000 operadores de justicia de Iberoam\u00e9rica han sido capacitados en est\u00e1ndares internacionales de la libertad de expresi\u00f3n\"}]},{\"@type\":\"WebSite\",\"@id\":\"https:\\\/\\\/latamjournalismreview.org\\\/es\\\/#website\",\"url\":\"https:\\\/\\\/latamjournalismreview.org\\\/es\\\/\",\"name\":\"LatAm Journalism Review\",\"description\":\"Knight Center at The University of Texas\",\"publisher\":{\"@id\":\"https:\\\/\\\/latamjournalismreview.org\\\/es\\\/#organization\"},\"potentialAction\":[{\"@type\":\"SearchAction\",\"target\":{\"@type\":\"EntryPoint\",\"urlTemplate\":\"https:\\\/\\\/latamjournalismreview.org\\\/es\\\/?s={search_term_string}\"},\"query-input\":{\"@type\":\"PropertyValueSpecification\",\"valueRequired\":true,\"valueName\":\"search_term_string\"}}],\"inLanguage\":\"es\"},{\"@type\":\"Organization\",\"@id\":\"https:\\\/\\\/latamjournalismreview.org\\\/es\\\/#organization\",\"name\":\"LatAm Journalism Review\",\"url\":\"https:\\\/\\\/latamjournalismreview.org\\\/es\\\/\",\"logo\":{\"@type\":\"ImageObject\",\"inLanguage\":\"es\",\"@id\":\"https:\\\/\\\/latamjournalismreview.org\\\/es\\\/#\\\/schema\\\/logo\\\/image\\\/\",\"url\":\"https:\\\/\\\/latamjournalismreview.org\\\/wp-content\\\/uploads\\\/2020\\\/05\\\/knight-latAm-review-logo.svg\",\"contentUrl\":\"https:\\\/\\\/latamjournalismreview.org\\\/wp-content\\\/uploads\\\/2020\\\/05\\\/knight-latAm-review-logo.svg\",\"width\":\"1024\",\"height\":\"1024\",\"caption\":\"LatAm Journalism Review\"},\"image\":{\"@id\":\"https:\\\/\\\/latamjournalismreview.org\\\/es\\\/#\\\/schema\\\/logo\\\/image\\\/\"},\"sameAs\":[\"https:\\\/\\\/x.com\\\/LatAmJournalism\"]},{\"@type\":\"Person\",\"@id\":\"https:\\\/\\\/latamjournalismreview.org\\\/es\\\/#\\\/schema\\\/person\\\/eac7baa6afada0957e047be9fc15703a\",\"name\":\"Silvia Higuera\",\"description\":\"Silvia A. Higuera Fl\u00f3rez is a Colombian journalist interested in covering Latin American issues and human rights, especially the right to freedom of expression, and investigative journalism. She studied Social Communication and Journalism at Universidad Pontificia Bolivariana in Bucaramanga (Colombia), and received her Master's of Arts in Journalism from the University of Texas at Austin in 2015. She worked with the Office of the Special Rapporteur for Freedom of Expression of the Inter-American Commission on Human Rights (IACHR) under the Orlando Sierra fellowship during 2014. She also worked for the Colombian newspaper Vanguardia Liberal and wrote for different magazines about local, economic and public order issues. Her work has also appeared in The Miami Herald and El Nuevo Herald of Miami. Email: silvia.knightcenter@gmail.com Silvia A. Higuera Fl\u00f3rez es una periodista colombiana con inter\u00e9s period\u00edstico es Am\u00e9rica Latina y los derechos humanos, particularmente el derecho a la libertad de expresi\u00f3n, as\u00ed como el periodismo de investigaci\u00f3n. Estudi\u00f3 Comunicaci\u00f3n Social \u2013 Periodismo en la Universidad Pontificia Bolivariana de Bucaramanga (Colombia), y recibi\u00f3 su maestr\u00eda en Periodismo en la Universidad de Texas, en Austin en 2015. Trabaj\u00f3 para la Relator\u00eda Especial para la Libertad de Expresi\u00f3n de la Comisi\u00f3n Interamericana de Derechos Humanos (CIDH) en el marco de la beca Orlando Sierra, durante 2014. Tambi\u00e9n hizo parte del diario Vanguardia Liberal y escribi\u00f3 para otras revistas colombianas cubriendo fuentes locales, econ\u00f3micas y judiciales. Algunos de sus trabajos han aparecido en The Miami Herald y El Nuevo Herald de Miami. Silvia A. Higuera Fl\u00f3rez \u00e9 uma jornalista colombiana e seu interesse jornal\u00edstico \u00e9 a Am\u00e9rica Latina e os direitos humanos, nomeadamente o direito \u00e0 liberdade de express\u00e3o. Estudou Comunica\u00e7\u00e3o Social \u2013 Jornalismo na Universidade Pontif\u00edcia Bolivariana de Bucaramanga, na Col\u00f4mbia e completou seu mestrado em jornalismo na Universidade do Texas em Austin. Silvia trabalhou na Relatoria para a Liberdade de Express\u00e3o da CIDH pela bolsa Orlando Sierra, em 2014. Trabalhou para o jornal Vanguardia Liberal e escreveu para outras revistas colombianas cobrindo temas locais, econ\u00f4micas e judici\u00e1rias. Alguns de seus trabalhos apareceram no The Miami Herald e no El Nuevo Herald de Miami.\",\"sameAs\":[\"https:\\\/\\\/x.com\\\/shiguerita\"],\"url\":\"https:\\\/\\\/latamjournalismreview.org\\\/es\\\/articles\\\/author\\\/silvia-higuera\\\/\"}]}<\/script>\n<!-- \/ Yoast SEO Premium plugin. -->","yoast_head_json":{"title":"Casi 12.000 operadores de justicia de Iberoam\u00e9rica han sido capacitados en est\u00e1ndares internacionales de la libertad de expresi\u00f3n - LatAm Journalism Review","description":"Tras siete a\u00f1os de la iniciativa el curso \u201cMarco Jur\u00eddico Internacional de la libertad de expresi\u00f3n, acceso a la informaci\u00f3n p\u00fablica y protecci\u00f3n de periodistas\u201d ya son casi 12.000 operadores de justicia capacitados.","robots":{"index":"index","follow":"follow","max-snippet":"max-snippet:-1","max-image-preview":"max-image-preview:large","max-video-preview":"max-video-preview:-1"},"canonical":"https:\/\/latamjournalismreview.org\/es\/articles\/casi-12-000-operadores-de-justicia-de-iberoamerica-han-sido-capacitados-en-estandares-internacionales-de-la-libertad-de-expresion\/","og_locale":"es_ES","og_type":"article","og_title":"Casi 12.000 operadores de justicia de Iberoam\u00e9rica han sido capacitados en est\u00e1ndares internacionales de la libertad de expresi\u00f3n","og_description":"Tras siete a\u00f1os de la iniciativa el curso \u201cMarco Jur\u00eddico Internacional de la libertad de expresi\u00f3n, acceso a la informaci\u00f3n p\u00fablica y protecci\u00f3n de periodistas\u201d ya son casi 12.000 operadores de justicia capacitados.","og_url":"https:\/\/latamjournalismreview.org\/es\/articles\/casi-12-000-operadores-de-justicia-de-iberoamerica-han-sido-capacitados-en-estandares-internacionales-de-la-libertad-de-expresion\/","og_site_name":"LatAm Journalism Review","article_published_time":"2020-09-17T20:20:41+00:00","article_modified_time":"2020-09-25T17:41:41+00:00","og_image":[{"width":507,"height":340,"url":"https:\/\/latamjournalismreview.org\/wp-content\/uploads\/2020\/07\/Marco-Juridico-Internacional-de-la-Libertad-de-Expresion-Acceso-a-la-Informacion-Publica-y-Proteccion-de-Periodistas.png","type":"image\/png"}],"author":"Silvia Higuera","twitter_card":"summary_large_image","twitter_creator":"@shiguerita","twitter_site":"@LatAmJournalism","twitter_misc":{"Written by":"Silvia Higuera","Est. reading time":"9 minutos"},"schema":{"@context":"https:\/\/schema.org","@graph":[{"@type":"Article","@id":"https:\/\/latamjournalismreview.org\/es\/articles\/casi-12-000-operadores-de-justicia-de-iberoamerica-han-sido-capacitados-en-estandares-internacionales-de-la-libertad-de-expresion\/#article","isPartOf":{"@id":"https:\/\/latamjournalismreview.org\/es\/articles\/casi-12-000-operadores-de-justicia-de-iberoamerica-han-sido-capacitados-en-estandares-internacionales-de-la-libertad-de-expresion\/"},"author":{"name":"Silvia Higuera","@id":"https:\/\/latamjournalismreview.org\/es\/#\/schema\/person\/eac7baa6afada0957e047be9fc15703a"},"headline":"Casi 12.000 operadores de justicia de Iberoam\u00e9rica han sido capacitados en est\u00e1ndares internacionales de la libertad de expresi\u00f3n","datePublished":"2020-09-17T20:20:41+00:00","dateModified":"2020-09-25T17:41:41+00:00","mainEntityOfPage":{"@id":"https:\/\/latamjournalismreview.org\/es\/articles\/casi-12-000-operadores-de-justicia-de-iberoamerica-han-sido-capacitados-en-estandares-internacionales-de-la-libertad-de-expresion\/"},"wordCount":1792,"publisher":{"@id":"https:\/\/latamjournalismreview.org\/es\/#organization"},"image":{"@id":"https:\/\/latamjournalismreview.org\/es\/articles\/casi-12-000-operadores-de-justicia-de-iberoamerica-han-sido-capacitados-en-estandares-internacionales-de-la-libertad-de-expresion\/#primaryimage"},"thumbnailUrl":"https:\/\/latamjournalismreview.org\/wp-content\/uploads\/2020\/07\/Marco-Juridico-Internacional-de-la-Libertad-de-Expresion-Acceso-a-la-Informacion-Publica-y-Proteccion-de-Periodistas.png","articleSection":["Journalism Courses"],"inLanguage":"es"},{"@type":"WebPage","@id":"https:\/\/latamjournalismreview.org\/es\/articles\/casi-12-000-operadores-de-justicia-de-iberoamerica-han-sido-capacitados-en-estandares-internacionales-de-la-libertad-de-expresion\/","url":"https:\/\/latamjournalismreview.org\/es\/articles\/casi-12-000-operadores-de-justicia-de-iberoamerica-han-sido-capacitados-en-estandares-internacionales-de-la-libertad-de-expresion\/","name":"Casi 12.000 operadores de justicia de Iberoam\u00e9rica han sido capacitados en est\u00e1ndares internacionales de la libertad de expresi\u00f3n - LatAm Journalism Review","isPartOf":{"@id":"https:\/\/latamjournalismreview.org\/es\/#website"},"primaryImageOfPage":{"@id":"https:\/\/latamjournalismreview.org\/es\/articles\/casi-12-000-operadores-de-justicia-de-iberoamerica-han-sido-capacitados-en-estandares-internacionales-de-la-libertad-de-expresion\/#primaryimage"},"image":{"@id":"https:\/\/latamjournalismreview.org\/es\/articles\/casi-12-000-operadores-de-justicia-de-iberoamerica-han-sido-capacitados-en-estandares-internacionales-de-la-libertad-de-expresion\/#primaryimage"},"thumbnailUrl":"https:\/\/latamjournalismreview.org\/wp-content\/uploads\/2020\/07\/Marco-Juridico-Internacional-de-la-Libertad-de-Expresion-Acceso-a-la-Informacion-Publica-y-Proteccion-de-Periodistas.png","datePublished":"2020-09-17T20:20:41+00:00","dateModified":"2020-09-25T17:41:41+00:00","description":"Tras siete a\u00f1os de la iniciativa el curso \u201cMarco Jur\u00eddico Internacional de la libertad de expresi\u00f3n, acceso a la informaci\u00f3n p\u00fablica y protecci\u00f3n de periodistas\u201d ya son casi 12.000 operadores de justicia capacitados.","breadcrumb":{"@id":"https:\/\/latamjournalismreview.org\/es\/articles\/casi-12-000-operadores-de-justicia-de-iberoamerica-han-sido-capacitados-en-estandares-internacionales-de-la-libertad-de-expresion\/#breadcrumb"},"inLanguage":"es","potentialAction":[{"@type":"ReadAction","target":["https:\/\/latamjournalismreview.org\/es\/articles\/casi-12-000-operadores-de-justicia-de-iberoamerica-han-sido-capacitados-en-estandares-internacionales-de-la-libertad-de-expresion\/"]}]},{"@type":"ImageObject","inLanguage":"es","@id":"https:\/\/latamjournalismreview.org\/es\/articles\/casi-12-000-operadores-de-justicia-de-iberoamerica-han-sido-capacitados-en-estandares-internacionales-de-la-libertad-de-expresion\/#primaryimage","url":"https:\/\/latamjournalismreview.org\/wp-content\/uploads\/2020\/07\/Marco-Juridico-Internacional-de-la-Libertad-de-Expresion-Acceso-a-la-Informacion-Publica-y-Proteccion-de-Periodistas.png","contentUrl":"https:\/\/latamjournalismreview.org\/wp-content\/uploads\/2020\/07\/Marco-Juridico-Internacional-de-la-Libertad-de-Expresion-Acceso-a-la-Informacion-Publica-y-Proteccion-de-Periodistas.png","width":507,"height":340,"caption":"Marco Juridico Internacional de la Libertad de Expresion, Acceso a la Informacion Publica y Proteccion de Periodistas"},{"@type":"BreadcrumbList","@id":"https:\/\/latamjournalismreview.org\/es\/articles\/casi-12-000-operadores-de-justicia-de-iberoamerica-han-sido-capacitados-en-estandares-internacionales-de-la-libertad-de-expresion\/#breadcrumb","itemListElement":[{"@type":"ListItem","position":1,"name":"Home","item":"https:\/\/latamjournalismreview.org\/es\/"},{"@type":"ListItem","position":2,"name":"Casi 12.000 operadores de justicia de Iberoam\u00e9rica han sido capacitados en est\u00e1ndares internacionales de la libertad de expresi\u00f3n"}]},{"@type":"WebSite","@id":"https:\/\/latamjournalismreview.org\/es\/#website","url":"https:\/\/latamjournalismreview.org\/es\/","name":"LatAm Journalism Review","description":"Knight Center at The University of Texas","publisher":{"@id":"https:\/\/latamjournalismreview.org\/es\/#organization"},"potentialAction":[{"@type":"SearchAction","target":{"@type":"EntryPoint","urlTemplate":"https:\/\/latamjournalismreview.org\/es\/?s={search_term_string}"},"query-input":{"@type":"PropertyValueSpecification","valueRequired":true,"valueName":"search_term_string"}}],"inLanguage":"es"},{"@type":"Organization","@id":"https:\/\/latamjournalismreview.org\/es\/#organization","name":"LatAm Journalism Review","url":"https:\/\/latamjournalismreview.org\/es\/","logo":{"@type":"ImageObject","inLanguage":"es","@id":"https:\/\/latamjournalismreview.org\/es\/#\/schema\/logo\/image\/","url":"https:\/\/latamjournalismreview.org\/wp-content\/uploads\/2020\/05\/knight-latAm-review-logo.svg","contentUrl":"https:\/\/latamjournalismreview.org\/wp-content\/uploads\/2020\/05\/knight-latAm-review-logo.svg","width":"1024","height":"1024","caption":"LatAm Journalism Review"},"image":{"@id":"https:\/\/latamjournalismreview.org\/es\/#\/schema\/logo\/image\/"},"sameAs":["https:\/\/x.com\/LatAmJournalism"]},{"@type":"Person","@id":"https:\/\/latamjournalismreview.org\/es\/#\/schema\/person\/eac7baa6afada0957e047be9fc15703a","name":"Silvia Higuera","description":"Silvia A. Higuera Fl\u00f3rez is a Colombian journalist interested in covering Latin American issues and human rights, especially the right to freedom of expression, and investigative journalism. She studied Social Communication and Journalism at Universidad Pontificia Bolivariana in Bucaramanga (Colombia), and received her Master's of Arts in Journalism from the University of Texas at Austin in 2015. She worked with the Office of the Special Rapporteur for Freedom of Expression of the Inter-American Commission on Human Rights (IACHR) under the Orlando Sierra fellowship during 2014. She also worked for the Colombian newspaper Vanguardia Liberal and wrote for different magazines about local, economic and public order issues. Her work has also appeared in The Miami Herald and El Nuevo Herald of Miami. Email: silvia.knightcenter@gmail.com Silvia A. Higuera Fl\u00f3rez es una periodista colombiana con inter\u00e9s period\u00edstico es Am\u00e9rica Latina y los derechos humanos, particularmente el derecho a la libertad de expresi\u00f3n, as\u00ed como el periodismo de investigaci\u00f3n. Estudi\u00f3 Comunicaci\u00f3n Social \u2013 Periodismo en la Universidad Pontificia Bolivariana de Bucaramanga (Colombia), y recibi\u00f3 su maestr\u00eda en Periodismo en la Universidad de Texas, en Austin en 2015. Trabaj\u00f3 para la Relator\u00eda Especial para la Libertad de Expresi\u00f3n de la Comisi\u00f3n Interamericana de Derechos Humanos (CIDH) en el marco de la beca Orlando Sierra, durante 2014. Tambi\u00e9n hizo parte del diario Vanguardia Liberal y escribi\u00f3 para otras revistas colombianas cubriendo fuentes locales, econ\u00f3micas y judiciales. Algunos de sus trabajos han aparecido en The Miami Herald y El Nuevo Herald de Miami. Silvia A. Higuera Fl\u00f3rez \u00e9 uma jornalista colombiana e seu interesse jornal\u00edstico \u00e9 a Am\u00e9rica Latina e os direitos humanos, nomeadamente o direito \u00e0 liberdade de express\u00e3o. Estudou Comunica\u00e7\u00e3o Social \u2013 Jornalismo na Universidade Pontif\u00edcia Bolivariana de Bucaramanga, na Col\u00f4mbia e completou seu mestrado em jornalismo na Universidade do Texas em Austin. Silvia trabalhou na Relatoria para a Liberdade de Express\u00e3o da CIDH pela bolsa Orlando Sierra, em 2014. Trabalhou para o jornal Vanguardia Liberal e escreveu para outras revistas colombianas cobrindo temas locais, econ\u00f4micas e judici\u00e1rias. Alguns de seus trabalhos apareceram no The Miami Herald e no El Nuevo Herald de Miami.","sameAs":["https:\/\/x.com\/shiguerita"],"url":"https:\/\/latamjournalismreview.org\/es\/articles\/author\/silvia-higuera\/"}]}},"_links":{"self":[{"href":"https:\/\/latamjournalismreview.org\/es\/wp-json\/wp\/v2\/posts\/10931","targetHints":{"allow":["GET"]}}],"collection":[{"href":"https:\/\/latamjournalismreview.org\/es\/wp-json\/wp\/v2\/posts"}],"about":[{"href":"https:\/\/latamjournalismreview.org\/es\/wp-json\/wp\/v2\/types\/post"}],"author":[{"embeddable":true,"href":"https:\/\/latamjournalismreview.org\/es\/wp-json\/wp\/v2\/users\/13"}],"replies":[{"embeddable":true,"href":"https:\/\/latamjournalismreview.org\/es\/wp-json\/wp\/v2\/comments?post=10931"}],"version-history":[{"count":14,"href":"https:\/\/latamjournalismreview.org\/es\/wp-json\/wp\/v2\/posts\/10931\/revisions"}],"predecessor-version":[{"id":11471,"href":"https:\/\/latamjournalismreview.org\/es\/wp-json\/wp\/v2\/posts\/10931\/revisions\/11471"}],"wp:featuredmedia":[{"embeddable":true,"href":"https:\/\/latamjournalismreview.org\/es\/wp-json\/wp\/v2\/media\/8393"}],"wp:attachment":[{"href":"https:\/\/latamjournalismreview.org\/es\/wp-json\/wp\/v2\/media?parent=10931"}],"wp:term":[{"taxonomy":"category","embeddable":true,"href":"https:\/\/latamjournalismreview.org\/es\/wp-json\/wp\/v2\/categories?post=10931"},{"taxonomy":"post_tag","embeddable":true,"href":"https:\/\/latamjournalismreview.org\/es\/wp-json\/wp\/v2\/tags?post=10931"},{"taxonomy":"author","embeddable":true,"href":"https:\/\/latamjournalismreview.org\/es\/wp-json\/wp\/v2\/coauthors?post=10931"}],"curies":[{"name":"wp","href":"https:\/\/api.w.org\/{rel}","templated":true}]}}