{"id":117534,"date":"2025-02-24T07:30:20","date_gmt":"2025-02-24T13:30:20","guid":{"rendered":"https:\/\/latamjournalismreview.org\/?p=117534"},"modified":"2025-02-24T13:05:22","modified_gmt":"2025-02-24T19:05:22","slug":"10-oportunidades-imperdibles-para-fotoperiodistas-en-2025-becas-concursos-y-premios","status":"publish","type":"post","link":"https:\/\/latamjournalismreview.org\/es\/articles\/10-oportunidades-imperdibles-para-fotoperiodistas-en-2025-becas-concursos-y-premios\/","title":{"rendered":"10 oportunidades imperdibles para fotoperiodistas en 2025: becas, concursos y premios"},"content":{"rendered":"<p><span style=\"font-weight: 400;\">Este a\u00f1o trae consigo una amplia variedad de oportunidades para fotoperiodistas y fot\u00f3grafos de todo el mundo. Desde concursos internacionales de gran prestigio hasta becas especializadas y premios en reconocimiento a la valent\u00eda y el compromiso con la narraci\u00f3n visual, las convocatorias abiertas abarcan distintos g\u00e9neros y enfoques de la fotograf\u00eda.\u00a0<\/span><\/p>\n<p><span style=\"font-weight: 400;\">Estas iniciativas buscan destacar el talento emergente y consolidado, adem\u00e1s de proporcionar apoyo financiero y visibilidad a los participantes.<\/span><\/p>\n<p><span style=\"font-weight: 400;\">Entre los focos est\u00e1n el apoyo a fot\u00f3grafos de 18 a 33 a\u00f1os, a las mujeres periodistas visuales y la visibilizaci\u00f3n de secuelas de conflictos.\u00a0<\/span><\/p>\n<p><span style=\"font-weight: 400;\">Tambi\u00e9n hay becas y concursos para diversos enfoques creativos, como estudios de fotograf\u00eda contempor\u00e1nea y las mejores im\u00e1genes captadas con dispositivos Apple.<\/span><\/p>\n<p><span style=\"font-weight: 400;\">Estas oportunidades no solo ofrecen incentivos econ\u00f3micos, sino que tambi\u00e9n permiten a los fot\u00f3grafos ampliar su impacto, exhibir su trabajo a nivel internacional y formar parte de redes de profesionales comprometidos con la imagen como medio de expresi\u00f3n y denuncia.<\/span><\/p>\n<p><span style=\"font-weight: 400;\">Las oportunidades a continuaci\u00f3n est\u00e1n ordenadas cronol\u00f3gicamente, apareciendo en primer lugar el plazo m\u00e1s cercano a vencer.<\/span><\/p>\n<p>&nbsp;<\/p>\n<h3><a href=\"https:\/\/stenincontest.com\/?\" target=\"_blank\" rel=\"noopener\"><span style=\"font-weight: 400;\">Concurso Internacional de Fotoperiodismo Andr\u00e9i Stein<\/span><\/a><\/h3>\n<p><span style=\"font-weight: 400;\">Fotoperiodistas j\u00f3venes, de 18 a 33 a\u00f1os de edad, pueden participar en el XI Concurso Internacional para fotoperiodistas\u00a0 Andr\u00e9i Stenin.\u00a0<\/span><\/p>\n<p><span style=\"font-weight: 400;\">Este concurso es organizado por la agencia de informaci\u00f3n internacional Rossiya Segodnya (la casa matriz de Sputnik) con auspicio de la comisi\u00f3n rusa para la UNESCO.\u00a0 Recibe su nombre en homenaje al fotoperiodista Andr\u00e9i Stein quien falleci\u00f3 en Ucrania en agosto de 2014.\u00a0<\/span><\/p>\n<p><span style=\"font-weight: 400;\">El concurso tiene cinco categor\u00edas: \u2018Noticias principales\u2019, \u2018Deporte\u2019, \u2018Mi planeta\u2019, \u2018Retrato. Un h\u00e9roe de nuestro tiempo\u2019 y \u2018La vista desde arriba\u2019. En las modalidades \u2018Noticias principales\u2019, \u2018Mi planeta\u2019, \u2018Retrato\u2019.\u00a0<\/span><\/p>\n<p><span style=\"font-weight: 400;\">El primer, segundo y tercer puesto en cada categor\u00eda se premiar\u00e1 con 125.000, 100.000 y 75.000 rublos (cerca de US $1.250, US $1.000 y US $750).\u00a0 Adem\u00e1s, habr\u00e1 un Gran Premio cuyo ganador recibir\u00e1 700.000 rublos\u00a0 (US $7.000).\u00a0<\/span><\/p>\n<p><span style=\"font-weight: 400;\">Las obras premiadas formar\u00e1n parte de una exhibici\u00f3n que recorrer\u00e1 ciudades rusas y extranjeras. En a\u00f1os anteriores, han girado por M\u00e9xico, Argentina, Uruguay, Colombia y Espa\u00f1a.\u00a0<\/span><\/p>\n<p><span style=\"font-weight: 400;\">La convocatoria estar\u00e1 abierta hasta el <\/span><b>28 de febrero<\/b><span style=\"font-weight: 400;\">. La ceremonia de premiaci\u00f3n se celebrar\u00e1 en septiembre u octubre de 2025 en Mosc\u00fa.\u00a0<\/span><\/p>\n<p>&nbsp;<\/p>\n<h3><a href=\"https:\/\/www.audubon.org\/photoawards-entry?ms=digital-eng-email-ea-x-engagement_20250115_eng-email_apa-2025-launch&amp;utm_source=ea&amp;utm_medium=email&amp;utm_campaign=engagement_20250115_eng-email&amp;utm_content=apa-2025-launch&amp;emci=e5d13484-a7d2-ef11-88d0-0022482a9d92&amp;emdi=76733496-68d3-ef11-88d0-0022482a9d92&amp;ceid=2774763\" target=\"_blank\" rel=\"noopener\"><span style=\"font-weight: 400;\">Premios de fotograf\u00eda de la Sociedad Nacional Audubon<\/span><\/a><\/h3>\n<p><span style=\"font-weight: 400;\">Los premios de la Sociedad Nacional Audubon son uno de los concursos de fotograf\u00eda de naturaleza m\u00e1s respetados del mundo. Este concurso premia a las mejores fotos y videos de la avifauna.<\/span><\/p>\n<p><span style=\"font-weight: 400;\">Reconociendo que muchas especies de aves migran entre los hemisferios sur y norte, Audubon ha abierto los premios este a\u00f1o a participantes de Chile y Colombia, adem\u00e1s de los de Estados Unidos y Canad\u00e1.<\/span><\/p>\n<p><span style=\"font-weight: 400;\">Audubon repartir\u00e1 ocho premios. El Gran Premio otorga US $5.000 a la mejor fotograf\u00eda en general, mientras que el Premio Juvenil (para concursantes de 13 a 17 a\u00f1os) ofrece una estancia de seis d\u00edas en el Hog Island Audubon Camp en Maine, Estados Unidos, para aprender sobre aves y conservaci\u00f3n. El Premio de Video premia con US $2.500 el mejor metraje de aves en su comportamiento natural.\u00a0<\/span><\/p>\n<p><span style=\"font-weight: 400;\">Adem\u00e1s, hay cinco categor\u00edas especiales, cada una con un premio de US $1.500: Premio a la Ave Femenina (fotograf\u00edas de hembras de aves), Plantas para las Aves (im\u00e1genes de aves interactuando con plantas nativas), Aves sin Fronteras (aves migratorias a lo largo de su ruta en el hemisferio occidental), Aves en Paisajes (fotograf\u00edas que muestren la relaci\u00f3n de las aves con su entorno), y Conservaci\u00f3n (im\u00e1genes que reflejen los desaf\u00edos y soluciones para la conservaci\u00f3n de las aves).<\/span><\/p>\n<p><span style=\"font-weight: 400;\">Las postulaciones estar\u00e1n abiertas hasta el<\/span><b> 5 de marzo <\/b><span style=\"font-weight: 400;\">a las 12 p.m. (mediod\u00eda) hora del este de EE. UU. (2 p.m. para Chile y 12 p.m. para Colombia).<\/span><\/p>\n<p>&nbsp;<\/p>\n<h3><a href=\"https:\/\/www.theartistgallery.art\/street-photography-contest-2025\" target=\"_blank\" rel=\"noopener\"><span style=\"font-weight: 400;\">Concurso The Artist Gallery<\/span><\/a><\/h3>\n<p><span style=\"font-weight: 400;\">El concurso de fotograf\u00eda organizado por \u201cThe Artist Gallery\u201d, una galer\u00eda de fotos digital, ofrece a fot\u00f3grafos de todo el mundo la oportunidad de competir en la categor\u00eda de Fotograf\u00eda Callejera. La participaci\u00f3n es libre, pero requiere una cuota de inscripci\u00f3n, y el proceso de presentaci\u00f3n es completamente en l\u00ednea.<\/span><\/p>\n<div class=\"wp-block-image\">\n<div id=\"attachment_117516\" style=\"width: 260px\" class=\"wp-caption alignright\"><img loading=\"lazy\" decoding=\"async\" aria-describedby=\"caption-attachment-117516\" class=\"wpa-warning wpa-image-missing-alt wp-image-117516\" src=\"https:\/\/latamjournalismreview.org\/wp-content\/uploads\/2025\/02\/380409-204x300.jpg\" alt=\"Fotograf\u00eda ganadora \" width=\"250\" height=\"368\" data-warning=\"Missing alt text\" srcset=\"https:\/\/latamjournalismreview.org\/wp-content\/uploads\/2025\/02\/380409-204x300.jpg 204w, https:\/\/latamjournalismreview.org\/wp-content\/uploads\/2025\/02\/380409-696x1024.jpg 696w, https:\/\/latamjournalismreview.org\/wp-content\/uploads\/2025\/02\/380409-768x1130.jpg 768w, https:\/\/latamjournalismreview.org\/wp-content\/uploads\/2025\/02\/380409-1044x1536.jpg 1044w, https:\/\/latamjournalismreview.org\/wp-content\/uploads\/2025\/02\/380409-rotated.jpg 1244w\" sizes=\"auto, (max-width: 250px) 100vw, 250px\" \/><p id=\"caption-attachment-117516\" class=\"wp-caption-text\">Jaqueline Darsen, de Argentina, fue la ganadora de las Becas de la Escuela de Artes Visuales LENS con su proyecto \u2018Dominique &amp; Dakota\u2019. (Foto: Jaqueline Darsen)<\/p><\/div>\n<\/div>\n<p><span style=\"font-weight: 400;\">El concurso ofrece premios en efectivo, con el primer lugar recibiendo el 15% del dinero recaudado por inscripciones, el segundo lugar el 10% y el tercero el 5%. Adem\u00e1s, los ganadores recibir\u00e1n reconocimiento en un blog sobre su trayectoria y tendr\u00e1n la oportunidad de aparecer en la revista impresa mensual de la galer\u00eda, la cual tiene distribuci\u00f3n internacional.<\/span><\/p>\n<p><span style=\"font-weight: 400;\">Los participantes en este concurso tambi\u00e9n entrar\u00e1n autom\u00e1ticamente en la competencia por el t\u00edtulo de \u201cFot\u00f3grafo del A\u00f1o\u201d, sin costo adicional.<\/span><\/p>\n<p><span style=\"font-weight: 400;\">Los participantes deben asegurarse de cumplir con los requisitos t\u00e9cnicos y tem\u00e1ticos del concurso: no uso de inteligencia artificial, solo im\u00e1genes en JPG y sin marcas de agua. La edici\u00f3n b\u00e1sica de im\u00e1genes est\u00e1 permitida, pero no la manipulaci\u00f3n que agregue o elimine elementos de la escena original.<\/span><\/p>\n<p><span style=\"font-weight: 400;\">La fecha l\u00edmite para enviar las fotograf\u00edas es el<\/span><b> 6 de marzo<\/b><span style=\"font-weight: 400;\">.<\/span><\/p>\n<p>&nbsp;<\/p>\n<h3><a href=\"https:\/\/grants.gettyimages.com\/en\/grants\/disability-navigating-work\" target=\"_blank\" rel=\"noopener\"><span style=\"font-weight: 400;\">Beca creativa de Getty Images<\/span><\/a><\/h3>\n<p><span style=\"font-weight: 400;\">Desde la apertura de las subvenciones Getty Images en 2004, la empresa ha donado m\u00e1s de US $2.6 millones a fotoperiodistas y fot\u00f3grafos creativos.<\/span><\/p>\n<p><span style=\"font-weight: 400;\">Actualmente tienen abierta la subvenci\u00f3n creativa Getty Images \u2018<\/span><span style=\"font-weight: 400;\">Discapacidad en el punto de mira: c\u00f3mo afrontar la vida laboral\u2019 <\/span><span style=\"font-weight: 400;\">que brinda apoyo financiero y tutor\u00eda a artistas comprometidos con la representaci\u00f3n aut\u00e9ntica de personas con discapacidades.<\/span><\/p>\n<p><span style=\"font-weight: 400;\">\u201cEl objetivo es destacar a las personas con discapacidades en el lugar de trabajo, retratando sus roles como participantes activos en la fuerza laboral, l\u00edderes dentro de sus industrias y colaboradores que impulsan el progreso y la innovaci\u00f3n\u201d, dice la <\/span><a href=\"https:\/\/gettyimages.submittable.com\/submit\/317654\/disability-in-focus-navigating-work-life-getty-images-creative-grant\" target=\"_blank\" rel=\"noopener\"><span style=\"font-weight: 400;\">convocatoria<\/span><\/a><span style=\"font-weight: 400;\">.<\/span><\/p>\n<p><span style=\"font-weight: 400;\">El primer premio recibe US $10.000, el segundo lugar US $7.000 y el tercero US $3.000.<\/span><\/p>\n<p><span style=\"font-weight: 400;\">Pueden postularse fot\u00f3grafos de cualquier nacionalidad. Deben enviar un resumen de la propuesta de proyecto en ingl\u00e9s y un link al portafolio de trabajo.\u00a0<\/span><\/p>\n<p><span style=\"font-weight: 400;\">La postulaci\u00f3n cierra el <\/span><b>7 de marzo<\/b>.<\/p>\n<p>&nbsp;<\/p>\n<h3><a href=\"https:\/\/theaftermathproject.org\/\" target=\"_blank\" rel=\"noopener\"><span style=\"font-weight: 400;\">El Aftermath Project<\/span><\/a><\/h3>\n<p><span style=\"font-weight: 400;\">El Aftermath Project est\u00e1 abierto a fot\u00f3grafos de todo el mundo y busca apoyar proyectos fotogr\u00e1ficos que cuenten la otra mitad de la historia de un conflicto: aprender a vivir de nuevo, reconstrucci\u00f3n de vidas y hogares destruidos, restauraci\u00f3n de sociedades civiles y creaci\u00f3n de nuevas v\u00edas para la paz.\u00a0<\/span><\/p>\n<p><span style=\"font-weight: 400;\">Las propuestas pueden abordar las secuelas de numerosos tipos de conflictos, no s\u00f3lo de guerras internacionales.\u00a0<\/span><\/p>\n<p><span style=\"font-weight: 400;\">El ganador recibe US $25.000 para financiar su proyecto y los cuatro finalistas recibir\u00e1n US $5.000 cada uno.\u00a0<\/span><\/p>\n<p><span style=\"font-weight: 400;\">El plazo de solicitud finaliza el <\/span><b>14 de marzo<\/b><span style=\"font-weight: 400;\">, y la organizaci\u00f3n tiene previsto anunciar el ganador de la subvenci\u00f3n y los finalistas a finales de ese mes.<\/span><\/p>\n<p>&nbsp;<\/p>\n<h3><a href=\"https:\/\/www.iwmf.org\/awards\/anja-niedringhaus-courage-in-photojournalism-award\/\" target=\"_blank\" rel=\"noopener\"><span style=\"font-weight: 400;\">El Premio de Valent\u00eda en el Fotoperiodismo Anja Niedringhaus<\/span><\/a><span style=\"font-weight: 400;\">\u00a0<\/span><\/h3>\n<p><a href=\"https:\/\/www.iwmf.org\/awards\/anja-niedringhaus-courage-in-photojournalism-award\/\" target=\"_blank\" rel=\"noopener\"><span style=\"font-weight: 400;\">El Premio de Valent\u00eda en el Fotoperiodismo Anja Niedringhaus<\/span><\/a><span style=\"font-weight: 400;\"> de la <\/span><a href=\"http:\/\/www.iwmf.org\/\" target=\"_blank\" rel=\"noopener\"><span style=\"font-weight: 400;\">International Women's Media Foundation<\/span><\/a><span style=\"font-weight: 400;\"> (IWMF) fue creado para honrar la vida y el trabajo de la fot\u00f3grafa de Associated Press Anja Niedringhaus (1965-2014), quien fue asesinada en Afganist\u00e1n y en vida fuese ganadora del Premio Pulitzer.\u00a0<\/span><\/p>\n<p><span style=\"font-weight: 400;\">El premio est\u00e1 abierto a mujeres, personas no binarias y periodistas de g\u00e9nero no conformista.<\/span><\/p>\n<p><span style=\"font-weight: 400;\">La candidata debe trabajar como periodista a tiempo completo, y el periodismo debe ser su profesi\u00f3n principal. Pueden postularse tanto periodistas independientes como aquellas afiliadas a organizaciones de medios.<\/span><\/p>\n<p><span style=\"font-weight: 400;\">No es un requisito indispensable el estar cubriendo una zona en conflicto para participar. El jurado evaluar\u00e1 la calidad de las fotograf\u00edas, la composici\u00f3n del portafolio, la capacidad narrativa, las condiciones de trabajo de la periodista y el reflejo de los valores de Anja Niedringhaus, como la fuerza de car\u00e1cter y la perseverancia para documentar.<\/span><\/p>\n<p><span style=\"font-weight: 400;\">\u201cEl Premio reconoce la importancia del trabajo period\u00edstico visual que nos inspira a actuar y nos obliga a comprender mejor el mundo\u201d, dice la IWMF en su p\u00e1gina web.<\/span><\/p>\n<p><span style=\"font-weight: 400;\">La ganadora recibir\u00e1 US $20.000 y la exhibici\u00f3n de su trabajo.\u00a0<\/span><\/p>\n<p><span style=\"font-weight: 400;\">Las postulaciones cierran el<\/span><b> 14 de marzo<\/b><span style=\"font-weight: 400;\">.<\/span><\/p>\n<p>&nbsp;<\/p>\n<h3><a href=\"https:\/\/lensescuela.es\/wp-content\/uploads\/2024\/12\/BECAS-LENS-2025-FOTO.pdf\" target=\"_blank\" rel=\"noopener\"><span style=\"font-weight: 400;\">Becas Lens Espa\u00f1a<\/span><\/a><\/h3>\n<p><span style=\"font-weight: 400;\">LENS Escuela de Artes Visuales en Espa\u00f1a tiene abierta la convocatoria para las Becas de Fotograf\u00eda y Cine 2025. La beca cubre el 100% de los gastos acad\u00e9micos del M\u00e1ster Online o Presencial de Fotograf\u00eda Contempor\u00e1nea. El segundo lugar recibe un 50% de descuento sobre el precio total del M\u00e1ster.<\/span><\/p>\n<p><span style=\"font-weight: 400;\">Para participar, los aspirantes deben presentar un \u00fanico proyecto fotogr\u00e1fico de 10 a 15 fotograf\u00edas que formen un conjunto coherente.\u00a0<\/span><\/p>\n<p><span style=\"font-weight: 400;\">La convocatoria est\u00e1 abierta a cualquier persona mayor de edad, sin restricciones de nacionalidad o lugar de residencia. Los ganadores deber\u00e1n cursar el M\u00e1ster MAPA en octubre de 2025, en modalidad presencial u online. La beca es intransferible y no podr\u00e1 canjearse por dinero.<\/span><\/p>\n<p><span style=\"font-weight: 400;\">El proceso de selecci\u00f3n estar\u00e1 a cargo de un jurado, cuyas decisiones ser\u00e1n inapelables.\u00a0<\/span><\/p>\n<p><span style=\"font-weight: 400;\">El plazo de la convocatoria finalizar\u00e1 el <\/span><b>15 de marzo<\/b><span style=\"font-weight: 400;\"> a las 13:00 CET (hora de Espa\u00f1a).\u00a0<\/span><\/p>\n<p><span style=\"font-weight: 400;\">La ganadora del a\u00f1o pasado fue Jaqueline Darsen de Argentina con el proyecto <\/span><a href=\"https:\/\/jaquelinelarsen.com\/Dominique-Dakota\" target=\"_blank\" rel=\"noopener\"><span style=\"font-weight: 400;\">\u201cDominique &amp; Dakota\u201d<\/span><\/a><span style=\"font-weight: 400;\"> sobre el reencuentro con su hermana y su sobrina, quien tiene problemas severos de salud.<\/span><\/p>\n<p>&nbsp;<\/p>\n<h3><a href=\"http:\/\/ippawards.com\/\" target=\"_blank\" rel=\"noopener\"><span style=\"font-weight: 400;\">Premios de fotograf\u00eda iPhone<\/span><\/a><\/h3>\n<p><span style=\"font-weight: 400;\">El <\/span><a href=\"http:\/\/ippawards.com\/\" target=\"_blank\" rel=\"noopener\"><span style=\"font-weight: 400;\">iPhone Photography Awards<\/span><\/a><span style=\"font-weight: 400;\"> es un concurso que cada a\u00f1o premia las mejores fotograf\u00edas tomadas usando productos Apple.\u00a0<\/span><\/p>\n<p><span style=\"font-weight: 400;\">Las fotos concursantes no pueden haber sido editados con photoshop ni ning\u00fan otro programa de edici\u00f3n, aunque s\u00ed se pueden haber sido editadas usando aplicaciones de Iphone.\u00a0<\/span><\/p>\n<p><span style=\"font-weight: 400;\">Las 14 categor\u00edas son Abstracto, Animales, Arquitectura, Ni\u00f1os, Vida urbana\/Paisaje urbano, Paisaje, Estilo de vida, Naturaleza, Personas, Retrato, Serie (3 im\u00e1genes), Naturaleza muerta, Viajes y Otros.\u00a0<\/span><\/p>\n<p><span style=\"font-weight: 400;\">El ganador del 1er lugar de cada categor\u00eda se ganar\u00e1 un lingote de oro.\u00a0<\/span><\/p>\n<p><span style=\"font-weight: 400;\">Tambi\u00e9n se premia al Gran Fot\u00f3grafo del A\u00f1o y hay un Gran Premio general.\u00a0<\/span><\/p>\n<p><span style=\"font-weight: 400;\">Para participar los fot\u00f3grafos interesados deben pagar una tarifa que va desde US $5 por una foto hasta US $75 por 25 fotos.<\/span><\/p>\n<p><span style=\"font-weight: 400;\">La convocatoria cierra el <\/span><b>31 de marzo<\/b><span style=\"font-weight: 400;\">.<\/span><\/p>\n<p>&nbsp;<\/p>\n<h3><\/h3>\n<h3><a href=\"https:\/\/www.sipiapa.org\/notas\/1216866-la-sip-convoca-su-certamen-anual-excelencia-periodistica\" target=\"_blank\" rel=\"noopener\"><span style=\"font-weight: 400;\">Premios a la Excelencia Period\u00edstica<\/span><\/a><\/h3>\n<p><span style=\"font-weight: 400;\">La Sociedad Interamericana de Prensa (SIP) abri\u00f3 su convocatoria anual a medios y profesionales del periodismo de Norteam\u00e9rica, Am\u00e9rica Latina, el Caribe y Espa\u00f1a a postular sus trabajos para los Premios a la Excelencia Period\u00edstica 2025.\u00a0<\/span><\/p>\n<p><span style=\"font-weight: 400;\">La convocatoria incluye 14 categor\u00edas, entre ellas la de fotograf\u00eda, que este a\u00f1o est\u00e1 patrocinada por La Prensa Gr\u00e1fica de El Salvador.\u00a0<\/span><\/p>\n<div id=\"attachment_117504\" style=\"width: 360px\" class=\"wp-caption alignleft\"><img loading=\"lazy\" decoding=\"async\" aria-describedby=\"caption-attachment-117504\" class=\"wpa-warning wpa-image-missing-alt wp-image-117504\" src=\"https:\/\/latamjournalismreview.org\/wp-content\/uploads\/2025\/02\/poylatam2-300x201.jpg\" alt=\"Photojournalist Sebasti\u00e1n Casta\u00f1eda was one of the winners of POY Latam 2023 with his coverage of Cyclone Yaku that affected northern Peru.\" width=\"350\" height=\"234\" data-warning=\"Missing alt text\" srcset=\"https:\/\/latamjournalismreview.org\/wp-content\/uploads\/2025\/02\/poylatam2-300x201.jpg 300w, https:\/\/latamjournalismreview.org\/wp-content\/uploads\/2025\/02\/poylatam2-1024x685.jpg 1024w, https:\/\/latamjournalismreview.org\/wp-content\/uploads\/2025\/02\/poylatam2-768x513.jpg 768w, https:\/\/latamjournalismreview.org\/wp-content\/uploads\/2025\/02\/poylatam2-507x340.jpg 507w, https:\/\/latamjournalismreview.org\/wp-content\/uploads\/2025\/02\/poylatam2-350x234.jpg 350w, https:\/\/latamjournalismreview.org\/wp-content\/uploads\/2025\/02\/poylatam2.jpg 1400w\" sizes=\"auto, (max-width: 350px) 100vw, 350px\" \/><p id=\"caption-attachment-117504\" class=\"wp-caption-text\">El fotoperiodista Sebasti\u00e1n Casta\u00f1eda fue uno de los ganadores del POY Latam 2023 con su cobertura del cicl\u00f3n Yaku que afect\u00f3 el norte de Per\u00fa. (Foto: POY Latam\/ Sebasti\u00e1n Casta\u00f1eda)<\/p><\/div>\n<p><span style=\"font-weight: 400;\">\u201cEl Jurado considerar\u00e1 trabajos que destaquen por la novedad de temas y enfoques, actualidad, impacto social y valor period\u00edstico. La denuncia es parte integrante del enfoque de soluciones\u201d, dice la descripci\u00f3n de la <\/span><a href=\"https:\/\/www.sipiapa.org\/contenidos\/convocatoria.html\" target=\"_blank\" rel=\"noopener\"><span style=\"font-weight: 400;\">convocatoria<\/span><\/a><span style=\"font-weight: 400;\">.<\/span><\/p>\n<p><span style=\"font-weight: 400;\">Las fotograf\u00edas deben haberse publicado entre el 1 de junio de 2024 y el 31 de mayo de 2025 en diarios, semanarios, revistas, agencias de noticias o medios digitales.<\/span><\/p>\n<p><span style=\"font-weight: 400;\">El ganador se llevar\u00e1 un premio de US $2.000.<\/span><\/p>\n<p><span style=\"font-weight: 400;\">La fecha de cierre para la <\/span><a href=\"https:\/\/premios.sipiapa.org\/\" target=\"_blank\" rel=\"noopener\"><span style=\"font-weight: 400;\">recepci\u00f3n de postulaciones<\/span><\/a><span style=\"font-weight: 400;\"> es el 31 de mayo del 2025. La ceremonia de premiaci\u00f3n se llevar\u00e1 a cabo en octubre, durante la 81\u00aa Asamblea General de la SIP en Punta Cana, Rep\u00fablica Dominicana.<\/span><\/p>\n<p>&nbsp;<\/p>\n<h3><a href=\"https:\/\/poylatam.org\/\" target=\"_blank\" rel=\"noopener\"><span style=\"font-weight: 400;\">POY Latam<\/span><\/a><\/h3>\n<p><span style=\"font-weight: 400;\">El POY Latam es un concurso de fotograf\u00eda bianual que fue creado en 2011 por Pablo Corral Vega y Loup Langton para celebrar la excelencia en la fotograf\u00eda documental y art\u00edstica de Iberoam\u00e9rica.\u00a0<\/span><\/p>\n<p><span style=\"font-weight: 400;\">En 2023 recibieron 70.000 im\u00e1genes de 1.500 fot\u00f3grafos de todos los pa\u00edses de Iberoam\u00e9rica. La convocatoria de 2025 abrir\u00e1 en abril.\u00a0<\/span><\/p>\n<p><span style=\"font-weight: 400;\">El proceso de juzgamiento y elecci\u00f3n de ganadores del POY Latam es particular. Se transmite en vivo siguiendo una pol\u00edtica de total transparencia y apertura.\u00a0<\/span><\/p>\n<p><span style=\"font-weight: 400;\">Las personas que postulan deben ser ciudadanas de un pa\u00eds de Iberoam\u00e9rica o ser residentes legales de un pa\u00eds de la regi\u00f3n por al menos un a\u00f1o.\u00a0<\/span><\/p>\n<p><span style=\"font-weight: 400;\">Las categor\u00edas del concurso son Vida cotidiana, Noticias, Derechos Humanos, Retrato, Deportes, Nuestra Mirada, Proyectos de Largo Plazo, Resignificar los Archivos, Medio Ambiente, Identidad y G\u00e9nero, Transmedia y Fotolibros.<\/span><\/p>\n<p><span style=\"font-weight: 400;\">Tambi\u00e9n se dar\u00e1 un premio al fotoperiodista del a\u00f1o y otro a fotoperiodistas en el mundo.\u00a0<\/span><\/p>\n<p>&nbsp;<\/p>\n","protected":false},"excerpt":{"rendered":"<p>Este a\u00f1o ofrece una serie de oportunidades para fotoperiodistas para impulsar sus carreras y dar visibilidad a sus trabajos. Est\u00e1n abiertas las postulaciones para impulsar im\u00e1genes de noticias, naturaleza, documentales y fotograf\u00eda creativa.<\/p>\n","protected":false},"author":36,"featured_media":117523,"comment_status":"closed","ping_status":"closed","sticky":false,"template":"","format":"standard","meta":{"inline_featured_image":false,"footnotes":""},"categories":[1354],"tags":[],"coauthors":[2745],"class_list":["post-117534","post","type-post","status-publish","format-standard","has-post-thumbnail","hentry","category-premios-y-oportunidades-es"],"acf":[],"yoast_head":"<!-- This site is optimized with the Yoast SEO Premium plugin v22.6 (Yoast SEO v27.4) - https:\/\/yoast.com\/product\/yoast-seo-premium-wordpress\/ -->\n<title>10 oportunidades imperdibles para fotoperiodistas en 2025: becas, concursos y premios - LatAm Journalism Review<\/title>\n<meta name=\"description\" content=\"10 oportunidades imperdibles para fotoperiodistas en 2025: becas, concursos y premios Premios y oportunidades LatAm Journalism Review recoge 10 oportunidades imperdibles para fotoperiodistas en 2025, incluyendo concursos, becas y premios que impulsar\u00e1n tu carrera y visibilidad internacional.\" \/>\n<meta name=\"robots\" content=\"index, follow, max-snippet:-1, max-image-preview:large, max-video-preview:-1\" \/>\n<link rel=\"canonical\" href=\"https:\/\/latamjournalismreview.org\/es\/articles\/10-oportunidades-imperdibles-para-fotoperiodistas-en-2025-becas-concursos-y-premios\/\" \/>\n<meta property=\"og:locale\" content=\"es_ES\" \/>\n<meta property=\"og:type\" content=\"article\" \/>\n<meta property=\"og:title\" content=\"10 oportunidades imperdibles para fotoperiodistas en 2025: becas, concursos y premios\" \/>\n<meta property=\"og:description\" content=\"10 oportunidades imperdibles para fotoperiodistas en 2025: becas, concursos y premios Premios y oportunidades LatAm Journalism Review recoge 10 oportunidades imperdibles para fotoperiodistas en 2025, incluyendo concursos, becas y premios que impulsar\u00e1n tu carrera y visibilidad internacional.\" \/>\n<meta property=\"og:url\" content=\"https:\/\/latamjournalismreview.org\/es\/articles\/10-oportunidades-imperdibles-para-fotoperiodistas-en-2025-becas-concursos-y-premios\/\" \/>\n<meta property=\"og:site_name\" content=\"LatAm Journalism Review\" \/>\n<meta property=\"article:published_time\" content=\"2025-02-24T13:30:20+00:00\" \/>\n<meta property=\"article:modified_time\" content=\"2025-02-24T19:05:22+00:00\" \/>\n<meta property=\"og:image\" content=\"https:\/\/latamjournalismreview.org\/wp-content\/uploads\/2025\/02\/FEATUREDphoto.png\" \/>\n\t<meta property=\"og:image:width\" content=\"507\" \/>\n\t<meta property=\"og:image:height\" content=\"340\" \/>\n\t<meta property=\"og:image:type\" content=\"image\/png\" \/>\n<meta name=\"author\" content=\"Katherine Pennacchio\" \/>\n<meta name=\"twitter:card\" content=\"summary_large_image\" \/>\n<meta name=\"twitter:creator\" content=\"@kathypennacchio\" \/>\n<meta name=\"twitter:site\" content=\"@LatAmJournalism\" \/>\n<meta name=\"twitter:label1\" content=\"Written by\" \/>\n\t<meta name=\"twitter:data1\" content=\"Katherine Pennacchio\" \/>\n\t<meta name=\"twitter:label2\" content=\"Est. reading time\" \/>\n\t<meta name=\"twitter:data2\" content=\"10 minutos\" \/>\n<script type=\"application\/ld+json\" class=\"yoast-schema-graph\">{\"@context\":\"https:\\\/\\\/schema.org\",\"@graph\":[{\"@type\":\"Article\",\"@id\":\"https:\\\/\\\/latamjournalismreview.org\\\/es\\\/articles\\\/10-oportunidades-imperdibles-para-fotoperiodistas-en-2025-becas-concursos-y-premios\\\/#article\",\"isPartOf\":{\"@id\":\"https:\\\/\\\/latamjournalismreview.org\\\/es\\\/articles\\\/10-oportunidades-imperdibles-para-fotoperiodistas-en-2025-becas-concursos-y-premios\\\/\"},\"author\":{\"name\":\"Katherine Pennacchio\",\"@id\":\"https:\\\/\\\/latamjournalismreview.org\\\/es\\\/#\\\/schema\\\/person\\\/35fb0fc8541711528b3683cd6bf42190\"},\"headline\":\"10 oportunidades imperdibles para fotoperiodistas en 2025: becas, concursos y premios\",\"datePublished\":\"2025-02-24T13:30:20+00:00\",\"dateModified\":\"2025-02-24T19:05:22+00:00\",\"mainEntityOfPage\":{\"@id\":\"https:\\\/\\\/latamjournalismreview.org\\\/es\\\/articles\\\/10-oportunidades-imperdibles-para-fotoperiodistas-en-2025-becas-concursos-y-premios\\\/\"},\"wordCount\":2127,\"publisher\":{\"@id\":\"https:\\\/\\\/latamjournalismreview.org\\\/es\\\/#organization\"},\"image\":{\"@id\":\"https:\\\/\\\/latamjournalismreview.org\\\/es\\\/articles\\\/10-oportunidades-imperdibles-para-fotoperiodistas-en-2025-becas-concursos-y-premios\\\/#primaryimage\"},\"thumbnailUrl\":\"https:\\\/\\\/latamjournalismreview.org\\\/wp-content\\\/uploads\\\/2025\\\/02\\\/FEATUREDphoto.png\",\"articleSection\":[\"Premios y oportunidades\"],\"inLanguage\":\"es\"},{\"@type\":\"WebPage\",\"@id\":\"https:\\\/\\\/latamjournalismreview.org\\\/es\\\/articles\\\/10-oportunidades-imperdibles-para-fotoperiodistas-en-2025-becas-concursos-y-premios\\\/\",\"url\":\"https:\\\/\\\/latamjournalismreview.org\\\/es\\\/articles\\\/10-oportunidades-imperdibles-para-fotoperiodistas-en-2025-becas-concursos-y-premios\\\/\",\"name\":\"10 oportunidades imperdibles para fotoperiodistas en 2025: becas, concursos y premios - LatAm Journalism Review\",\"isPartOf\":{\"@id\":\"https:\\\/\\\/latamjournalismreview.org\\\/es\\\/#website\"},\"primaryImageOfPage\":{\"@id\":\"https:\\\/\\\/latamjournalismreview.org\\\/es\\\/articles\\\/10-oportunidades-imperdibles-para-fotoperiodistas-en-2025-becas-concursos-y-premios\\\/#primaryimage\"},\"image\":{\"@id\":\"https:\\\/\\\/latamjournalismreview.org\\\/es\\\/articles\\\/10-oportunidades-imperdibles-para-fotoperiodistas-en-2025-becas-concursos-y-premios\\\/#primaryimage\"},\"thumbnailUrl\":\"https:\\\/\\\/latamjournalismreview.org\\\/wp-content\\\/uploads\\\/2025\\\/02\\\/FEATUREDphoto.png\",\"datePublished\":\"2025-02-24T13:30:20+00:00\",\"dateModified\":\"2025-02-24T19:05:22+00:00\",\"description\":\"10 oportunidades imperdibles para fotoperiodistas en 2025: becas, concursos y premios Premios y oportunidades LatAm Journalism Review recoge 10 oportunidades imperdibles para fotoperiodistas en 2025, incluyendo concursos, becas y premios que impulsar\u00e1n tu carrera y visibilidad internacional.\",\"breadcrumb\":{\"@id\":\"https:\\\/\\\/latamjournalismreview.org\\\/es\\\/articles\\\/10-oportunidades-imperdibles-para-fotoperiodistas-en-2025-becas-concursos-y-premios\\\/#breadcrumb\"},\"inLanguage\":\"es\",\"potentialAction\":[{\"@type\":\"ReadAction\",\"target\":[\"https:\\\/\\\/latamjournalismreview.org\\\/es\\\/articles\\\/10-oportunidades-imperdibles-para-fotoperiodistas-en-2025-becas-concursos-y-premios\\\/\"]}]},{\"@type\":\"ImageObject\",\"inLanguage\":\"es\",\"@id\":\"https:\\\/\\\/latamjournalismreview.org\\\/es\\\/articles\\\/10-oportunidades-imperdibles-para-fotoperiodistas-en-2025-becas-concursos-y-premios\\\/#primaryimage\",\"url\":\"https:\\\/\\\/latamjournalismreview.org\\\/wp-content\\\/uploads\\\/2025\\\/02\\\/FEATUREDphoto.png\",\"contentUrl\":\"https:\\\/\\\/latamjournalismreview.org\\\/wp-content\\\/uploads\\\/2025\\\/02\\\/FEATUREDphoto.png\",\"width\":507,\"height\":340,\"caption\":\"poy latam photo winner\"},{\"@type\":\"BreadcrumbList\",\"@id\":\"https:\\\/\\\/latamjournalismreview.org\\\/es\\\/articles\\\/10-oportunidades-imperdibles-para-fotoperiodistas-en-2025-becas-concursos-y-premios\\\/#breadcrumb\",\"itemListElement\":[{\"@type\":\"ListItem\",\"position\":1,\"name\":\"Home\",\"item\":\"https:\\\/\\\/latamjournalismreview.org\\\/es\\\/\"},{\"@type\":\"ListItem\",\"position\":2,\"name\":\"10 oportunidades imperdibles para fotoperiodistas en 2025: becas, concursos y premios\"}]},{\"@type\":\"WebSite\",\"@id\":\"https:\\\/\\\/latamjournalismreview.org\\\/es\\\/#website\",\"url\":\"https:\\\/\\\/latamjournalismreview.org\\\/es\\\/\",\"name\":\"LatAm Journalism Review\",\"description\":\"Knight Center at The University of Texas\",\"publisher\":{\"@id\":\"https:\\\/\\\/latamjournalismreview.org\\\/es\\\/#organization\"},\"potentialAction\":[{\"@type\":\"SearchAction\",\"target\":{\"@type\":\"EntryPoint\",\"urlTemplate\":\"https:\\\/\\\/latamjournalismreview.org\\\/es\\\/?s={search_term_string}\"},\"query-input\":{\"@type\":\"PropertyValueSpecification\",\"valueRequired\":true,\"valueName\":\"search_term_string\"}}],\"inLanguage\":\"es\"},{\"@type\":\"Organization\",\"@id\":\"https:\\\/\\\/latamjournalismreview.org\\\/es\\\/#organization\",\"name\":\"LatAm Journalism Review\",\"url\":\"https:\\\/\\\/latamjournalismreview.org\\\/es\\\/\",\"logo\":{\"@type\":\"ImageObject\",\"inLanguage\":\"es\",\"@id\":\"https:\\\/\\\/latamjournalismreview.org\\\/es\\\/#\\\/schema\\\/logo\\\/image\\\/\",\"url\":\"https:\\\/\\\/latamjournalismreview.org\\\/wp-content\\\/uploads\\\/2020\\\/05\\\/knight-latAm-review-logo.svg\",\"contentUrl\":\"https:\\\/\\\/latamjournalismreview.org\\\/wp-content\\\/uploads\\\/2020\\\/05\\\/knight-latAm-review-logo.svg\",\"width\":\"1024\",\"height\":\"1024\",\"caption\":\"LatAm Journalism Review\"},\"image\":{\"@id\":\"https:\\\/\\\/latamjournalismreview.org\\\/es\\\/#\\\/schema\\\/logo\\\/image\\\/\"},\"sameAs\":[\"https:\\\/\\\/x.com\\\/LatAmJournalism\"]},{\"@type\":\"Person\",\"@id\":\"https:\\\/\\\/latamjournalismreview.org\\\/es\\\/#\\\/schema\\\/person\\\/35fb0fc8541711528b3683cd6bf42190\",\"name\":\"Katherine Pennacchio\",\"description\":\"Katherine Pennacchio is a Venezuelan journalist with a master's degree in Investigative, Data and Visualization Journalism from Unidad Editorial and the Rey Juan Carlos University of Madrid. Katherine is passionate about data analysis and currently works as a freelancer. ____ Katherine Pennacchio es una periodista venezolana con una maestr\u00eda en Periodismo de Investigaci\u00f3n, Datos y Visualizaci\u00f3n de la Unidad Editorial y la Universidad Rey Juan Carlos de Madrid. Katherine es una apasionada del an\u00e1lisis de datos y actualmente trabaja como independiente.\",\"sameAs\":[\"https:\\\/\\\/x.com\\\/kathypennacchio\"],\"url\":\"https:\\\/\\\/latamjournalismreview.org\\\/es\\\/articles\\\/author\\\/katherine-pennacchio\\\/\"}]}<\/script>\n<!-- \/ Yoast SEO Premium plugin. -->","yoast_head_json":{"title":"10 oportunidades imperdibles para fotoperiodistas en 2025: becas, concursos y premios - LatAm Journalism Review","description":"10 oportunidades imperdibles para fotoperiodistas en 2025: becas, concursos y premios Premios y oportunidades LatAm Journalism Review recoge 10 oportunidades imperdibles para fotoperiodistas en 2025, incluyendo concursos, becas y premios que impulsar\u00e1n tu carrera y visibilidad internacional.","robots":{"index":"index","follow":"follow","max-snippet":"max-snippet:-1","max-image-preview":"max-image-preview:large","max-video-preview":"max-video-preview:-1"},"canonical":"https:\/\/latamjournalismreview.org\/es\/articles\/10-oportunidades-imperdibles-para-fotoperiodistas-en-2025-becas-concursos-y-premios\/","og_locale":"es_ES","og_type":"article","og_title":"10 oportunidades imperdibles para fotoperiodistas en 2025: becas, concursos y premios","og_description":"10 oportunidades imperdibles para fotoperiodistas en 2025: becas, concursos y premios Premios y oportunidades LatAm Journalism Review recoge 10 oportunidades imperdibles para fotoperiodistas en 2025, incluyendo concursos, becas y premios que impulsar\u00e1n tu carrera y visibilidad internacional.","og_url":"https:\/\/latamjournalismreview.org\/es\/articles\/10-oportunidades-imperdibles-para-fotoperiodistas-en-2025-becas-concursos-y-premios\/","og_site_name":"LatAm Journalism Review","article_published_time":"2025-02-24T13:30:20+00:00","article_modified_time":"2025-02-24T19:05:22+00:00","og_image":[{"width":507,"height":340,"url":"https:\/\/latamjournalismreview.org\/wp-content\/uploads\/2025\/02\/FEATUREDphoto.png","type":"image\/png"}],"author":"Katherine Pennacchio","twitter_card":"summary_large_image","twitter_creator":"@kathypennacchio","twitter_site":"@LatAmJournalism","twitter_misc":{"Written by":"Katherine Pennacchio","Est. reading time":"10 minutos"},"schema":{"@context":"https:\/\/schema.org","@graph":[{"@type":"Article","@id":"https:\/\/latamjournalismreview.org\/es\/articles\/10-oportunidades-imperdibles-para-fotoperiodistas-en-2025-becas-concursos-y-premios\/#article","isPartOf":{"@id":"https:\/\/latamjournalismreview.org\/es\/articles\/10-oportunidades-imperdibles-para-fotoperiodistas-en-2025-becas-concursos-y-premios\/"},"author":{"name":"Katherine Pennacchio","@id":"https:\/\/latamjournalismreview.org\/es\/#\/schema\/person\/35fb0fc8541711528b3683cd6bf42190"},"headline":"10 oportunidades imperdibles para fotoperiodistas en 2025: becas, concursos y premios","datePublished":"2025-02-24T13:30:20+00:00","dateModified":"2025-02-24T19:05:22+00:00","mainEntityOfPage":{"@id":"https:\/\/latamjournalismreview.org\/es\/articles\/10-oportunidades-imperdibles-para-fotoperiodistas-en-2025-becas-concursos-y-premios\/"},"wordCount":2127,"publisher":{"@id":"https:\/\/latamjournalismreview.org\/es\/#organization"},"image":{"@id":"https:\/\/latamjournalismreview.org\/es\/articles\/10-oportunidades-imperdibles-para-fotoperiodistas-en-2025-becas-concursos-y-premios\/#primaryimage"},"thumbnailUrl":"https:\/\/latamjournalismreview.org\/wp-content\/uploads\/2025\/02\/FEATUREDphoto.png","articleSection":["Premios y oportunidades"],"inLanguage":"es"},{"@type":"WebPage","@id":"https:\/\/latamjournalismreview.org\/es\/articles\/10-oportunidades-imperdibles-para-fotoperiodistas-en-2025-becas-concursos-y-premios\/","url":"https:\/\/latamjournalismreview.org\/es\/articles\/10-oportunidades-imperdibles-para-fotoperiodistas-en-2025-becas-concursos-y-premios\/","name":"10 oportunidades imperdibles para fotoperiodistas en 2025: becas, concursos y premios - LatAm Journalism Review","isPartOf":{"@id":"https:\/\/latamjournalismreview.org\/es\/#website"},"primaryImageOfPage":{"@id":"https:\/\/latamjournalismreview.org\/es\/articles\/10-oportunidades-imperdibles-para-fotoperiodistas-en-2025-becas-concursos-y-premios\/#primaryimage"},"image":{"@id":"https:\/\/latamjournalismreview.org\/es\/articles\/10-oportunidades-imperdibles-para-fotoperiodistas-en-2025-becas-concursos-y-premios\/#primaryimage"},"thumbnailUrl":"https:\/\/latamjournalismreview.org\/wp-content\/uploads\/2025\/02\/FEATUREDphoto.png","datePublished":"2025-02-24T13:30:20+00:00","dateModified":"2025-02-24T19:05:22+00:00","description":"10 oportunidades imperdibles para fotoperiodistas en 2025: becas, concursos y premios Premios y oportunidades LatAm Journalism Review recoge 10 oportunidades imperdibles para fotoperiodistas en 2025, incluyendo concursos, becas y premios que impulsar\u00e1n tu carrera y visibilidad internacional.","breadcrumb":{"@id":"https:\/\/latamjournalismreview.org\/es\/articles\/10-oportunidades-imperdibles-para-fotoperiodistas-en-2025-becas-concursos-y-premios\/#breadcrumb"},"inLanguage":"es","potentialAction":[{"@type":"ReadAction","target":["https:\/\/latamjournalismreview.org\/es\/articles\/10-oportunidades-imperdibles-para-fotoperiodistas-en-2025-becas-concursos-y-premios\/"]}]},{"@type":"ImageObject","inLanguage":"es","@id":"https:\/\/latamjournalismreview.org\/es\/articles\/10-oportunidades-imperdibles-para-fotoperiodistas-en-2025-becas-concursos-y-premios\/#primaryimage","url":"https:\/\/latamjournalismreview.org\/wp-content\/uploads\/2025\/02\/FEATUREDphoto.png","contentUrl":"https:\/\/latamjournalismreview.org\/wp-content\/uploads\/2025\/02\/FEATUREDphoto.png","width":507,"height":340,"caption":"poy latam photo winner"},{"@type":"BreadcrumbList","@id":"https:\/\/latamjournalismreview.org\/es\/articles\/10-oportunidades-imperdibles-para-fotoperiodistas-en-2025-becas-concursos-y-premios\/#breadcrumb","itemListElement":[{"@type":"ListItem","position":1,"name":"Home","item":"https:\/\/latamjournalismreview.org\/es\/"},{"@type":"ListItem","position":2,"name":"10 oportunidades imperdibles para fotoperiodistas en 2025: becas, concursos y premios"}]},{"@type":"WebSite","@id":"https:\/\/latamjournalismreview.org\/es\/#website","url":"https:\/\/latamjournalismreview.org\/es\/","name":"LatAm Journalism Review","description":"Knight Center at The University of Texas","publisher":{"@id":"https:\/\/latamjournalismreview.org\/es\/#organization"},"potentialAction":[{"@type":"SearchAction","target":{"@type":"EntryPoint","urlTemplate":"https:\/\/latamjournalismreview.org\/es\/?s={search_term_string}"},"query-input":{"@type":"PropertyValueSpecification","valueRequired":true,"valueName":"search_term_string"}}],"inLanguage":"es"},{"@type":"Organization","@id":"https:\/\/latamjournalismreview.org\/es\/#organization","name":"LatAm Journalism Review","url":"https:\/\/latamjournalismreview.org\/es\/","logo":{"@type":"ImageObject","inLanguage":"es","@id":"https:\/\/latamjournalismreview.org\/es\/#\/schema\/logo\/image\/","url":"https:\/\/latamjournalismreview.org\/wp-content\/uploads\/2020\/05\/knight-latAm-review-logo.svg","contentUrl":"https:\/\/latamjournalismreview.org\/wp-content\/uploads\/2020\/05\/knight-latAm-review-logo.svg","width":"1024","height":"1024","caption":"LatAm Journalism Review"},"image":{"@id":"https:\/\/latamjournalismreview.org\/es\/#\/schema\/logo\/image\/"},"sameAs":["https:\/\/x.com\/LatAmJournalism"]},{"@type":"Person","@id":"https:\/\/latamjournalismreview.org\/es\/#\/schema\/person\/35fb0fc8541711528b3683cd6bf42190","name":"Katherine Pennacchio","description":"Katherine Pennacchio is a Venezuelan journalist with a master's degree in Investigative, Data and Visualization Journalism from Unidad Editorial and the Rey Juan Carlos University of Madrid. Katherine is passionate about data analysis and currently works as a freelancer. ____ Katherine Pennacchio es una periodista venezolana con una maestr\u00eda en Periodismo de Investigaci\u00f3n, Datos y Visualizaci\u00f3n de la Unidad Editorial y la Universidad Rey Juan Carlos de Madrid. Katherine es una apasionada del an\u00e1lisis de datos y actualmente trabaja como independiente.","sameAs":["https:\/\/x.com\/kathypennacchio"],"url":"https:\/\/latamjournalismreview.org\/es\/articles\/author\/katherine-pennacchio\/"}]}},"_links":{"self":[{"href":"https:\/\/latamjournalismreview.org\/es\/wp-json\/wp\/v2\/posts\/117534","targetHints":{"allow":["GET"]}}],"collection":[{"href":"https:\/\/latamjournalismreview.org\/es\/wp-json\/wp\/v2\/posts"}],"about":[{"href":"https:\/\/latamjournalismreview.org\/es\/wp-json\/wp\/v2\/types\/post"}],"author":[{"embeddable":true,"href":"https:\/\/latamjournalismreview.org\/es\/wp-json\/wp\/v2\/users\/36"}],"replies":[{"embeddable":true,"href":"https:\/\/latamjournalismreview.org\/es\/wp-json\/wp\/v2\/comments?post=117534"}],"version-history":[{"count":5,"href":"https:\/\/latamjournalismreview.org\/es\/wp-json\/wp\/v2\/posts\/117534\/revisions"}],"predecessor-version":[{"id":117803,"href":"https:\/\/latamjournalismreview.org\/es\/wp-json\/wp\/v2\/posts\/117534\/revisions\/117803"}],"wp:featuredmedia":[{"embeddable":true,"href":"https:\/\/latamjournalismreview.org\/es\/wp-json\/wp\/v2\/media\/117523"}],"wp:attachment":[{"href":"https:\/\/latamjournalismreview.org\/es\/wp-json\/wp\/v2\/media?parent=117534"}],"wp:term":[{"taxonomy":"category","embeddable":true,"href":"https:\/\/latamjournalismreview.org\/es\/wp-json\/wp\/v2\/categories?post=117534"},{"taxonomy":"post_tag","embeddable":true,"href":"https:\/\/latamjournalismreview.org\/es\/wp-json\/wp\/v2\/tags?post=117534"},{"taxonomy":"author","embeddable":true,"href":"https:\/\/latamjournalismreview.org\/es\/wp-json\/wp\/v2\/coauthors?post=117534"}],"curies":[{"name":"wp","href":"https:\/\/api.w.org\/{rel}","templated":true}]}}