{"id":11794,"date":"2020-10-02T15:03:55","date_gmt":"2020-10-02T20:03:55","guid":{"rendered":"https:\/\/latamjournalismreview.org\/?p=11794"},"modified":"2020-10-07T11:33:28","modified_gmt":"2020-10-07T16:33:28","slug":"comunidad-internacional-se-solidariza-con-el-faro-mientras-ataques-del-gobierno-salvadoreno-contra-prensa-independiente-escalan","status":"publish","type":"post","link":"https:\/\/latamjournalismreview.org\/es\/articles\/comunidad-internacional-se-solidariza-con-el-faro-mientras-ataques-del-gobierno-salvadoreno-contra-prensa-independiente-escalan\/","title":{"rendered":"Comunidad internacional se solidariza con El Faro mientras ataques del gobierno salvadore\u00f1o contra prensa independiente escalan"},"content":{"rendered":"<p><span style=\"font-weight: 400;\">El Faro, el portal salvadore\u00f1o de periodismo investigativo pionero de Am\u00e9rica Latina, enfrenta acusaciones de lavado de dinero del presidente Nayib Bukele, y desde hace unas semanas est\u00e1 siendo arbitrariamente auditado por el Ministerio de Hacienda. En respuesta, periodistas y acad\u00e9micos de todo el mundo han salido en defensa de El Faro y de la prensa independiente en El Salvador.<\/span><\/p>\n<div id=\"attachment_11795\" style=\"width: 460px\" class=\"wp-caption alignright\"><img loading=\"lazy\" decoding=\"async\" aria-describedby=\"caption-attachment-11795\" class=\"wp-image-11795\" src=\"https:\/\/latamjournalismreview.org\/wp-content\/uploads\/2020\/10\/Bukele_ElFaro-300x200.jpg\" alt=\"Nayib Bukele\" width=\"450\" height=\"300\" srcset=\"https:\/\/latamjournalismreview.org\/wp-content\/uploads\/2020\/10\/Bukele_ElFaro-300x200.jpg 300w, https:\/\/latamjournalismreview.org\/wp-content\/uploads\/2020\/10\/Bukele_ElFaro-1024x682.jpg 1024w, https:\/\/latamjournalismreview.org\/wp-content\/uploads\/2020\/10\/Bukele_ElFaro-768x512.jpg 768w, https:\/\/latamjournalismreview.org\/wp-content\/uploads\/2020\/10\/Bukele_ElFaro-1536x1024.jpg 1536w, https:\/\/latamjournalismreview.org\/wp-content\/uploads\/2020\/10\/Bukele_ElFaro-350x234.jpg 350w, https:\/\/latamjournalismreview.org\/wp-content\/uploads\/2020\/10\/Bukele_ElFaro.jpg 2000w\" sizes=\"auto, (max-width: 450px) 100vw, 450px\" \/><p id=\"caption-attachment-11795\" class=\"wp-caption-text\">El presidente salvadore\u00f1o Nayib Bukele durante el discurso previo a su ingreso con los militares a la Asamblea Legislativa el 9 de febrero de 2020. (Foto: Carlos Barrera\/El Faro).\u00a0<\/p><\/div>\n<p><span style=\"font-weight: 400;\">El 24 de septiembre, Bukele anunci\u00f3 a nivel nacional una<\/span><a href=\"https:\/\/elfaro.net\/es\/202009\/el_salvador\/24815\/El-Faro-presenta-amparo-Constitucional-contra-Hacienda-por-solicitud-de-datos-no-tributarios.htm\" target=\"_blank\" rel=\"noopener noreferrer\"> <span style=\"font-weight: 400;\">supuesta investigaci\u00f3n abierta contra El Faro por presunto lavado de dinero<\/span><\/a><span style=\"font-weight: 400;\">, adem\u00e1s de deslegitimar el trabajo period\u00edstico de El Faro, Revista Factum y Gato Encerrado principalmente.<\/span><span style=\"font-weight: 400;\">\u00a0<\/span><\/p>\n<p><span style=\"font-weight: 400;\">El Faro no ha recibido ninguna notificaci\u00f3n oficial por parte de la Fiscal\u00eda ni del Ministerio de Hacienda sobre la investigaci\u00f3n por lavado de dinero contra ellos, dijo Jos\u00e9 Luis Sanz, director de El Faro, a <\/span><strong>LatAm Journalism Review<\/strong>.<\/p>\n<p><span style=\"font-weight: 400;\">\u201cEl Presidente quiere acabar con nuestra credibilidad y est\u00e1 usando todas las herramientas que le da el Estado\u201d, dijo Sanz.\u00a0<\/span><\/p>\n<p><span style=\"font-weight: 400;\">Cerca de 600 periodistas e intelectuales de 47 pa\u00edses firmaron y enviaron una carta a la Relator\u00eda Especial para la Libertad de Expresi\u00f3n de la Comisi\u00f3n Interamericana de Derechos Humanos (CIDH), en defensa de El Faro.<\/span><\/p>\n<p><span style=\"font-weight: 400;\">\u201cExpresamos nuestro m\u00e1s<\/span><a href=\"https:\/\/fundaciongabo.org\/es\/noticias\/articulo\/carta-abierta-y-urgente-al-relator-especial-para-la-libertad-de-expresion\" target=\"_blank\" rel=\"noopener noreferrer\"> <span style=\"font-weight: 400;\">en\u00e9rgico rechazo a la escalada de ataques contra la prensa independiente de El Salvador<\/span><\/a><span style=\"font-weight: 400;\"> y el Estado de Derecho ejercida por el presidente de ese pa\u00eds, Nayib Bukele. Ese clima de acoso y estigmatizaci\u00f3n de los medios de comunicaci\u00f3n que fiscalizan al poder ha recrudecido en las \u00faltimas semanas y alcanz\u00f3 niveles inauditos\u201d, se\u00f1al\u00f3 el comunicado dirigido al Relator Edison Lanza.<\/span><\/p>\n<p><span style=\"font-weight: 400;\">El jurado de los prestigiosos premios de periodismo de la Universidad de Columbia, Maria Moors Cabot, emiti\u00f3 un comunicado<\/span><a href=\"https:\/\/journalism.columbia.edu\/maria-moors-cabot-prize-jury-condemns-escalation-attacks-el-faro-and-carlos-dada-el-jurado-del\" target=\"_blank\" rel=\"noopener noreferrer\"> <span style=\"font-weight: 400;\">condenando en\u00e9rgicamente el aumento de los ataques<\/span><\/a><span style=\"font-weight: 400;\">, amenazas e intimidaci\u00f3n del gobierno salvadore\u00f1o contra El Faro y su fundador, Carlos Dada. En 2011, Dada recibi\u00f3 el premio Cabot por la excelencia de su trabajo period\u00edstico.<\/span><\/p>\n<p><span style=\"font-weight: 400;\">\u201cEs alarmante que el presidente Nayib Bukele utilizara un discurso en cadena nacional el 24 de septiembre para atacar personalmente al se\u00f1or Dada y anunciar que El Faro est\u00e1 siendo investigado por \u2018lavado de dinero y evasi\u00f3n fiscal\u2019, un claro acto de intimidaci\u00f3n incompatible con los principios democr\u00e1ticos. Adem\u00e1s del se\u00f1or Dada y El Faro, el presidente Bukele, su gobierno y sus seguidores, incluidos <em>trolls<\/em> agresivos en las redes sociales, han atacado en forma sistem\u00e1tica a otros periodistas y medios de comunicaci\u00f3n, incluidos La Prensa Gr\u00e1fica, El Diario de Hoy, Revista Factum, Focos y Revista Gato Encerrado\u201d, se\u00f1al\u00f3 el jurado.<\/span><\/p>\n<p><span style=\"font-weight: 400;\">Sobre la auditor\u00eda a El Faro, Sanz explic\u00f3 que est\u00e1n siendo sometidos a una no ordinaria y coincide con la preparaci\u00f3n y posterior publicaci\u00f3n de un reportaje de El Faro a principios de septiembre.<\/span><\/p>\n<p><span style=\"font-weight: 400;\">El reportaje habr\u00eda revelado que el actual presidente salvadore\u00f1o Nayib Bukele habr\u00eda negociado beneficios carcelarios con la MS-13, la mayor organizaci\u00f3n criminal del pa\u00eds,<\/span> <a href=\"https:\/\/elfaro.net\/es\/202009\/el_salvador\/24781\/Gobierno-de-Bukele-lleva-un-a%C3%B1o-negociando-con-la-MS-13-reducci%C3%B3n-de-homicidios-y-apoyo-electoral.htm\" target=\"_blank\" rel=\"noopener noreferrer\"><span style=\"font-weight: 400;\">a cambio de una reducci\u00f3n de los homicidios y apoyo electoral<\/span><\/a><span style=\"font-weight: 400;\"> para las elecciones municipales y legislativas de febrero de 2021 de El Salvador.<\/span><\/p>\n<p><span style=\"font-weight: 400;\">Bukele neg\u00f3 haber negociado con las pandillas y puso en duda la credibilidad de El Faro,<\/span> <a href=\"https:\/\/apnews.com\/article\/3b126a4c2d808b0a82516a1ba186cc87\" target=\"_blank\" rel=\"noopener noreferrer\"><span style=\"font-weight: 400;\">llam\u00e1ndolo \u2018panfleto\u2019<\/span><\/a><span style=\"font-weight: 400;\">.<\/span><span style=\"font-weight: 400;\">\u00a0<\/span><\/p>\n<p><span style=\"font-weight: 400;\">De acuerdo con Sanz, los auditores de Hacienda han pedido a El Faro sus declaraciones de impuestos de los a\u00f1os 2014, 2016, 2017 y 2018. Adem\u00e1s, dijo, les han pedido todas sus actas de reuniones de la junta directiva del a\u00f1o 2014 y la informaci\u00f3n de contacto de todos sus suscriptores.<\/span><\/p>\n<p><span style=\"font-weight: 400;\">\u201cSabemos que el Gobierno ya sab\u00eda que \u00edbamos a publicar la investigaci\u00f3n sobre su negociaci\u00f3n con la Mara Salvatrucha y ese d\u00eda que \u00edbamos a publicar, nos adelantan un nuevo requerimiento, y en ese nuevo requerimiento piden un mont\u00f3n de informaci\u00f3n m\u00e1s en la que se incluye nuestros intercambios de informes con los donantes, es decir, los informes intermedios, los informes de avance de proyectos, cosas que no tienen nada que ver con la tributaci\u00f3n\u201d, coment\u00f3 Sanz.<\/span><\/p>\n<p><span style=\"font-weight: 400;\">En consecuencia, El Faro present\u00f3<\/span><a href=\"https:\/\/elfaro.net\/es\/202009\/el_salvador\/24815\/El-Faro-presenta-amparo-Constitucional-contra-Hacienda-por-solicitud-de-datos-no-tributarios.htm\" target=\"_blank\" rel=\"noopener noreferrer\"> <span style=\"font-weight: 400;\">un recurso de amparo ante la Sala de lo Constitucional<\/span><\/a><span style=\"font-weight: 400;\"> de la Corte Suprema por la \u201cagresiva auditor\u00eda\u201d de Hacienda. Tambi\u00e9n solicitaron medidas cautelares para evitar que el ministerio les pida informaci\u00f3n que no est\u00e9 relacionada a sus declaraciones de impuestos.<\/span><\/p>\n<p><span style=\"font-weight: 400;\">El Centro por la Justicia y el Derecho Internacional (Cejil), junto a otras seis organizaciones internacionales defensoras del Estado de Derecho, rechaz\u00f3 los intentos de <\/span><a href=\"https:\/\/www.cejil.org\/es\/salvador-organizaciones-internacionales-denuncian-amenazas-libertad-expresion-y-criminalizacion-del\" target=\"_blank\" rel=\"noopener noreferrer\"><span style=\"font-weight: 400;\">criminalizaci\u00f3n que viven los periodistas de El Faro<\/span><\/a><span style=\"font-weight: 400;\"> por parte del gobierno de Bukele. \u201c<\/span><span style=\"font-weight: 400;\">Los ataques contra El Faro suceden en un contexto en el cual la libertad de expresi\u00f3n y el trabajo independiente de la prensa se han visto menoscabados\u201d.<\/span><\/p>\n<p><span style=\"font-weight: 400;\">En su nota, Cejil record\u00f3 que antes de la auditor\u00eda de contabilidad que emprendi\u00f3 el Ministerio de Hacienda contra El Faro, el portal de noticias La P\u00e1gina acus\u00f3 a uno de los periodistas de El Faro de cometer agresi\u00f3n sexual contra una colega. El Faro<\/span><a href=\"https:\/\/elfaro.net\/es\/202007\/columnas\/24610\/En-respuesta-a-los-ataques-contra-El-Faro.htm\" target=\"_blank\" rel=\"noopener noreferrer\"> <span style=\"font-weight: 400;\">desminti\u00f3<\/span><\/a><span style=\"font-weight: 400;\"> el hecho.<\/span><\/p>\n<div id=\"attachment_11801\" style=\"width: 460px\" class=\"wp-caption alignleft\"><img loading=\"lazy\" decoding=\"async\" aria-describedby=\"caption-attachment-11801\" class=\"wp-image-11801\" src=\"https:\/\/latamjournalismreview.org\/wp-content\/uploads\/2020\/10\/HectorSilva-300x200.jpeg\" alt=\"H\u00e9ctor Silva, El Salvador\" width=\"450\" height=\"300\" srcset=\"https:\/\/latamjournalismreview.org\/wp-content\/uploads\/2020\/10\/HectorSilva-300x200.jpeg 300w, https:\/\/latamjournalismreview.org\/wp-content\/uploads\/2020\/10\/HectorSilva-1024x683.jpeg 1024w, https:\/\/latamjournalismreview.org\/wp-content\/uploads\/2020\/10\/HectorSilva-768x512.jpeg 768w, https:\/\/latamjournalismreview.org\/wp-content\/uploads\/2020\/10\/HectorSilva-350x234.jpeg 350w, https:\/\/latamjournalismreview.org\/wp-content\/uploads\/2020\/10\/HectorSilva.jpeg 1200w\" sizes=\"auto, (max-width: 450px) 100vw, 450px\" \/><p id=\"caption-attachment-11801\" class=\"wp-caption-text\">H\u00e9ctor Silva, cofundador de Revista Factum de El Salvador y periodista de InsightCrime. (Foto: Cortes\u00eda)<\/p><\/div>\n<p><span style=\"font-weight: 400;\">Otro periodista salvadore\u00f1o H\u00e9ctor Silva, cofundador de Revista Factum y colaborador de la organizaci\u00f3n de noticias I<\/span>nsightCrime con base en Guatemala, que ha sido blanco de Bukele en redes sociales desde que empez\u00f3 su gobierno, se enter\u00f3 a principios de septiembre a trav\u00e9s del sitio La P\u00e1gina <a href=\"https:\/\/cpj.org\/es\/2020\/09\/hector-silva-avalos-periodista-de-insight-crime-es-blanco-de-tuits-del-presidente-salvadoreno-y-es-objeto-de-una-supuesta-investigacion\/\" target=\"_blank\" rel=\"noopener noreferrer\">que habr\u00eda una investigaci\u00f3n de lavado de dinero en su contra<\/a> por parte de la fiscal\u00eda general.<\/p>\n<p><span style=\"font-weight: 400;\">Seg\u00fan dijo Silva a <\/span><strong>LJR<\/strong><span style=\"font-weight: 400;\">, cuando llam\u00f3 a la Fiscal\u00eda General de la Rep\u00fablica logr\u00f3 confirmar que no existe ning\u00fan caso abierto en su contra. El mecanismo del actual gobierno y su entorno, dijo el periodista, es hacer circular noticias falsas para atacar la credibilidad de sus opositores y cr\u00edticos, para \u201cprocurar la condena civil\u201d.<\/span><\/p>\n<p><span style=\"font-weight: 400;\">\u201cEl poder propagand\u00edstico del aparato del Estado, que es enorme en el caso de Bukele, te distrae, te ocupa y te preocupa porque ten\u00e9s que dedicar recursos a asistencia legal para saber qu\u00e9 es lo que puedes hacer, como te ten\u00e9s que defender para averiguar si efectivamente hay investigaciones de la Fiscal\u00eda, si la Fiscal\u00eda est\u00e1 manipulando algo o etc.\u201d, dijo Silva.\u00a0\u00a0\u00a0<\/span><\/p>\n<p><span style=\"font-weight: 400;\">El 14 de septiembre, d\u00eda de la independencia de El Salvador, Bukele llam\u00f3 \u201c<\/span><a href=\"https:\/\/www.elsalvador.com\/eldiariodehoy\/nayib-bukele-refiere-adversarios-politicos-amenaza-interna\/753820\/2020\/\" target=\"_blank\" rel=\"noopener noreferrer\"><span style=\"font-weight: 400;\">adversarios<\/span><\/a><span style=\"font-weight: 400;\">\u201d a todos sus enemigos pol\u00edticos en su mensaje a la naci\u00f3n, public\u00f3 ElSalvado<\/span>r.com.<\/p>\n<p><span style=\"font-weight: 400;\">Del 1 de junio de 2019 al 10 de septiembre de 2020, la Asociaci\u00f3n de Periodistas de El Salvador (APES), ha registrado 87 denuncias por parte de periodistas por restricciones al ejercicio period\u00edstico, ataques digitales y los bloqueos de acceso informaci\u00f3n p\u00fablica, declaraciones estigmatizantes y acoso digital, principalmente, dijo a <\/span><strong>LJR<\/strong><span style=\"font-weight: 400;\"> Ang\u00e9lica C\u00e1rcamo, presidenta de APES.<\/span><\/p>\n<p><span style=\"font-weight: 400;\">En su \u00faltima alerta del 26 de septiembre publicada en Twitte<\/span>r, la organizaci\u00f3n se sum\u00f3 a la comunidad internacional para<a href=\"https:\/\/twitter.com\/apeselsalvador\/status\/1310002485898207232?s=20\" target=\"_blank\" rel=\"noopener noreferrer\"> exigir al gobierno de Bukele que cese sus ataques a la prensa<\/a>, porque estos \u201csuponen un boicot al ejercicio period\u00edstico y un retroceso para la democracia del pa\u00eds\u201d.<\/p>\n<p><span style=\"font-weight: 400;\">C\u00e1rcamo mencion\u00f3<\/span><a href=\"https:\/\/twitter.com\/apeselsalvador\/status\/1310002485898207232?s=20\" target=\"_blank\" rel=\"noopener noreferrer\"> <span style=\"font-weight: 400;\">tambi\u00e9n fue blanco de Bukele en Twitter<\/span><\/a><span style=\"font-weight: 400;\"> tras criticar sus agresiones a la prensa y la modificaci\u00f3n del gobierno al reglamento de la Ley de Acceso a la Informaci\u00f3n P\u00fablica. De acuerdo con C\u00e1rcamo, la <\/span><a href=\"https:\/\/www.elsalvador.com\/noticias\/nacional\/bukele-reforma-reglamento-ley-acceso-a-la-informacion-publica\/751332\/2020\/\" target=\"_blank\" rel=\"noopener noreferrer\"><span style=\"font-weight: 400;\">reforma del reglamento de la ley de acceso<\/span><\/a><span style=\"font-weight: 400;\"> le da m\u00e1s potestad al comisionado presidente del Instituto de Acceso a la Informaci\u00f3n P\u00fablica (IAIP).<\/span><\/p>\n<p><span style=\"font-weight: 400;\">Los cargos de los<\/span><a href=\"https:\/\/www.laprensagrafica.com\/elsalvador\/Periodistas-rechazan-eleccion-de-comisionados-para-el-Instituto-de-acceso-a-la-Informacion-Publica-20200910-0082.html\" target=\"_blank\" rel=\"noopener noreferrer\"> <span style=\"font-weight: 400;\">comisionados del IAIP<\/span><\/a><span style=\"font-weight: 400;\"> deben ser elegidos por el gremio de periodistas y no por el Ejecutivo, como ahora, se\u00f1al\u00f3 C\u00e1rcamo.<\/span><\/p>\n<p><span style=\"font-weight: 400;\">\u201cEstamos en un escenario en el que estamos viendo que el Ejecutivo est\u00e1 colocando a personas m\u00e1s afines a sus intereses que al perfil de idoneidad e independencia que corresponde a un comisionado [del Instituto de Acceso a la Informaci\u00f3n P\u00fablica]. Es un grave retroceso porque el instituto, hist\u00f3ricamente, ha sido un referente en ser ese actor contralor cuando un ciudadano o ciudadana hace una solicitud de informaci\u00f3n ante un ente obligado, en este caso el Ejecutivo, y le pide divulgar esa informaci\u00f3n de inter\u00e9s p\u00fablico\u201d, dijo C\u00e1rcamo.<\/span><\/p>\n<p><span style=\"font-weight: 400;\">Por ello, APES ha presentado un recurso de amparo ante la Corte Suprema de Justicia pidiendo la nulidad del proceso de designaci\u00f3n del cargo, coment\u00f3 C\u00e1rcamo.<\/span><span style=\"font-weight: 400;\">\u00a0<\/span><\/p>\n<p><span style=\"font-weight: 400;\">\u201cEstamos en un franco deterioro de la libertad de expresi\u00f3n <\/span>en El Salvador, del libre ejercicio del oficio del periodista\u201d, dijo Silva. No obstante, mencion\u00f3 Silva, el deterioro democr\u00e1tico es de toda la regi\u00f3n centroamericana, no solo de El Salvador, al tiempo que dijo que Bukele est\u00e1 siguiendo los pasos de Daniel Ortega, y de su r\u00e9gimen autoritario en Nicaragua.<\/p>\n<p><span style=\"font-weight: 400;\">\u201cCreo que estamos [como pa\u00eds] en un lugar en el que no hab\u00edamos estado antes, un lugar <\/span>bastante peligroso. Y bueno, esto reci\u00e9n comienza, Bukele no tiene ni un a\u00f1o [en el poder]. No tiene ni un a\u00f1o y es adem\u00e1s un presidente sumamente popular, sumamente popular\u201d, dijo Silva.<\/p>\n<p><span style=\"font-weight: 400;\">La gente le cree, dijo Julia Gavarrete, periodista de Gato Encerrado, a <\/span><b>LJR<\/b><span style=\"font-weight: 400;\">, refiri\u00e9ndose a la popularidad de Bukele entre los salvadore\u00f1os. \u201cCualquier cosa que \u00e9l diga pues es \u2018verdad\u2019 o est\u00e1 escrito en piedra\u201d.<\/span><\/p>\n<div id=\"attachment_11805\" style=\"width: 310px\" class=\"wp-caption alignright\"><img loading=\"lazy\" decoding=\"async\" aria-describedby=\"caption-attachment-11805\" id=\"longdesc-return-11805\" class=\"wp-image-11805\" tabindex=\"-1\" src=\"https:\/\/latamjournalismreview.org\/wp-content\/uploads\/2020\/10\/JuliaGavarrete-200x300.png\" alt=\"JuliaGavarrete\" width=\"300\" height=\"450\" longdesc=\"https:\/\/latamjournalismreview.org?longdesc=11805&amp;referrer=11794\" srcset=\"https:\/\/latamjournalismreview.org\/wp-content\/uploads\/2020\/10\/JuliaGavarrete-200x300.png 200w, https:\/\/latamjournalismreview.org\/wp-content\/uploads\/2020\/10\/JuliaGavarrete-682x1024.png 682w, https:\/\/latamjournalismreview.org\/wp-content\/uploads\/2020\/10\/JuliaGavarrete-768x1152.png 768w, https:\/\/latamjournalismreview.org\/wp-content\/uploads\/2020\/10\/JuliaGavarrete-1024x1536.png 1024w, https:\/\/latamjournalismreview.org\/wp-content\/uploads\/2020\/10\/JuliaGavarrete-1365x2048.png 1365w, https:\/\/latamjournalismreview.org\/wp-content\/uploads\/2020\/10\/JuliaGavarrete.png 1706w\" sizes=\"auto, (max-width: 300px) 100vw, 300px\" \/><p id=\"caption-attachment-11805\" class=\"wp-caption-text\">Julia Gavarrete, periodista de Gato Encerrado de El Salvador. (Foto: Cortes\u00eda)<\/p><\/div>\n<p><span style=\"font-weight: 400;\">Gavarrete sufri\u00f3 el<\/span><a href=\"https:\/\/latamjournalismreview.org\/es\/articles\/organizaciones-civiles-piden-a-autoridades-investigar-robo-de-computadora-de-periodista-salvadorena\/\" target=\"_blank\" rel=\"noopener noreferrer\"> <span style=\"font-weight: 400;\">robo de su computadora<\/span><\/a><span style=\"font-weight: 400;\"> el 2 de julio, mientras cubr\u00eda una conferencia en la Casa Presidencial.<\/span><\/p>\n<p><span style=\"font-weight: 400;\">\u201cFue extra\u00f1\u00edsimo que cuando yo salgo tres horas, justo las \u00fanicas tres horas que hab\u00eda salido de mi casa esa semana [durante la cuarenta], alguien se mete y se lleva mi equipo de trabajo. Por eso prefer\u00ed no minimizar este hecho, sobre todo por los tiempos en los que estamos de ataques a la prensa, de hacerlo p\u00fablico, por si era necesario que esto se convierta en un antecedente a futuro\u201d, dijo Gavarrete.<\/span><\/p>\n<p><span style=\"font-weight: 400;\">Este hecho, dijo Gavarrete, la hizo reflexionar como periodista sobre la necesidad de trabajar y construir redes de apoyo, de mayor organizaci\u00f3n period\u00edstica y con fundaciones internacionales que hagan seguimiento a lo que est\u00e1 sucediendo con la prensa independiente en El Salvador.\u00a0<\/span><\/p>\n<p><span style=\"font-weight: 400;\">\u201cDebemos estar m\u00e1s organizados porque no sabemos qu\u00e9 es lo que venga m\u00e1s adelante\u201d, agreg\u00f3. \u201cNecesitamos una capacidad de reacci\u00f3n\u201d.<\/span><\/p>\n<p><i><span style=\"font-weight: 400;\">*LJR intent\u00f3 sin \u00e9xito comunicarse con el Presidente Nayib Bukele, la Secretar\u00eda de Prensa de la Presidencia y la Fiscal\u00eda General de la Rep\u00fablica de El Salvador.<\/span><\/i><\/p>\n<p>&nbsp;<\/p>\n","protected":false},"excerpt":{"rendered":"<p>\u201cEl Presidente quiere acabar con nuestra credibilidad y est\u00e1 usando todas las herramientas que le da el Estado\u201d, dijo Jos\u00e9 Luis Sanz, director de El Faro.\u00a0<\/p>\n","protected":false},"author":4,"featured_media":11809,"comment_status":"closed","ping_status":"closed","sticky":false,"template":"","format":"standard","meta":{"inline_featured_image":false,"footnotes":""},"categories":[1222],"tags":[1444],"coauthors":[],"class_list":["post-11794","post","type-post","status-publish","format-standard","has-post-thumbnail","hentry","category-violencia-contra-periodistas-es","tag-el-salvador-es"],"acf":[],"yoast_head":"<!-- This site is optimized with the Yoast SEO Premium plugin v22.6 (Yoast SEO v27.4) - https:\/\/yoast.com\/product\/yoast-seo-premium-wordpress\/ -->\n<title>Comunidad internacional se solidariza con El Faro mientras ataques del gobierno salvadore\u00f1o contra prensa independiente escalan - LatAm Journalism Review<\/title>\n<meta name=\"description\" content=\"Comunidad internacional se solidariza con El Faro mientras ataques del gobierno salvadore\u00f1o contra prensa independiente escalan Violencia contra periodistas. Latin American Journalism Review by The Knight Center at The University of Texas at Austin.\" \/>\n<meta name=\"robots\" content=\"index, follow, max-snippet:-1, max-image-preview:large, max-video-preview:-1\" \/>\n<link rel=\"canonical\" href=\"https:\/\/latamjournalismreview.org\/es\/articles\/comunidad-internacional-se-solidariza-con-el-faro-mientras-ataques-del-gobierno-salvadoreno-contra-prensa-independiente-escalan\/\" \/>\n<meta property=\"og:locale\" content=\"es_ES\" \/>\n<meta property=\"og:type\" content=\"article\" \/>\n<meta property=\"og:title\" content=\"Comunidad internacional se solidariza con El Faro mientras ataques del gobierno salvadore\u00f1o contra prensa independiente escalan\" \/>\n<meta property=\"og:description\" content=\"Comunidad internacional se solidariza con El Faro mientras ataques del gobierno salvadore\u00f1o contra prensa independiente escalan Violencia contra periodistas. Latin American Journalism Review by The Knight Center at The University of Texas at Austin.\" \/>\n<meta property=\"og:url\" content=\"https:\/\/latamjournalismreview.org\/es\/articles\/comunidad-internacional-se-solidariza-con-el-faro-mientras-ataques-del-gobierno-salvadoreno-contra-prensa-independiente-escalan\/\" \/>\n<meta property=\"og:site_name\" content=\"LatAm Journalism Review\" \/>\n<meta property=\"article:published_time\" content=\"2020-10-02T20:03:55+00:00\" \/>\n<meta property=\"article:modified_time\" content=\"2020-10-07T16:33:28+00:00\" \/>\n<meta property=\"og:image\" content=\"https:\/\/latamjournalismreview.org\/wp-content\/uploads\/2020\/10\/Featured-Bukele_ElFaro-e1601668581511.png\" \/>\n\t<meta property=\"og:image:width\" content=\"507\" \/>\n\t<meta property=\"og:image:height\" content=\"439\" \/>\n\t<meta property=\"og:image:type\" content=\"image\/png\" \/>\n<meta name=\"author\" content=\"Paola Nalvarte\" \/>\n<meta name=\"twitter:card\" content=\"summary_large_image\" \/>\n<meta name=\"twitter:creator\" content=\"@paolanalvarte\" \/>\n<meta name=\"twitter:site\" content=\"@LatAmJournalism\" \/>\n<meta name=\"twitter:label1\" content=\"Written by\" \/>\n\t<meta name=\"twitter:data1\" content=\"Paola Nalvarte\" \/>\n\t<meta name=\"twitter:label2\" content=\"Est. reading time\" \/>\n\t<meta name=\"twitter:data2\" content=\"9 minutos\" \/>\n<script type=\"application\/ld+json\" class=\"yoast-schema-graph\">{\"@context\":\"https:\\\/\\\/schema.org\",\"@graph\":[{\"@type\":\"Article\",\"@id\":\"https:\\\/\\\/latamjournalismreview.org\\\/es\\\/articles\\\/comunidad-internacional-se-solidariza-con-el-faro-mientras-ataques-del-gobierno-salvadoreno-contra-prensa-independiente-escalan\\\/#article\",\"isPartOf\":{\"@id\":\"https:\\\/\\\/latamjournalismreview.org\\\/es\\\/articles\\\/comunidad-internacional-se-solidariza-con-el-faro-mientras-ataques-del-gobierno-salvadoreno-contra-prensa-independiente-escalan\\\/\"},\"author\":{\"name\":\"Paola Nalvarte\",\"@id\":\"https:\\\/\\\/latamjournalismreview.org\\\/es\\\/#\\\/schema\\\/person\\\/d0b9fa850ef1b6f56bb445e52f29f63f\"},\"headline\":\"Comunidad internacional se solidariza con El Faro mientras ataques del gobierno salvadore\u00f1o contra prensa independiente escalan\",\"datePublished\":\"2020-10-02T20:03:55+00:00\",\"dateModified\":\"2020-10-07T16:33:28+00:00\",\"mainEntityOfPage\":{\"@id\":\"https:\\\/\\\/latamjournalismreview.org\\\/es\\\/articles\\\/comunidad-internacional-se-solidariza-con-el-faro-mientras-ataques-del-gobierno-salvadoreno-contra-prensa-independiente-escalan\\\/\"},\"wordCount\":1852,\"publisher\":{\"@id\":\"https:\\\/\\\/latamjournalismreview.org\\\/es\\\/#organization\"},\"image\":{\"@id\":\"https:\\\/\\\/latamjournalismreview.org\\\/es\\\/articles\\\/comunidad-internacional-se-solidariza-con-el-faro-mientras-ataques-del-gobierno-salvadoreno-contra-prensa-independiente-escalan\\\/#primaryimage\"},\"thumbnailUrl\":\"https:\\\/\\\/latamjournalismreview.org\\\/wp-content\\\/uploads\\\/2020\\\/10\\\/Featured-Bukele_ElFaro-e1601668581511.png\",\"keywords\":[\"El Salvador\"],\"articleSection\":[\"Violencia contra periodistas\"],\"inLanguage\":\"es\"},{\"@type\":\"WebPage\",\"@id\":\"https:\\\/\\\/latamjournalismreview.org\\\/es\\\/articles\\\/comunidad-internacional-se-solidariza-con-el-faro-mientras-ataques-del-gobierno-salvadoreno-contra-prensa-independiente-escalan\\\/\",\"url\":\"https:\\\/\\\/latamjournalismreview.org\\\/es\\\/articles\\\/comunidad-internacional-se-solidariza-con-el-faro-mientras-ataques-del-gobierno-salvadoreno-contra-prensa-independiente-escalan\\\/\",\"name\":\"Comunidad internacional se solidariza con El Faro mientras ataques del gobierno salvadore\u00f1o contra prensa independiente escalan - LatAm Journalism Review\",\"isPartOf\":{\"@id\":\"https:\\\/\\\/latamjournalismreview.org\\\/es\\\/#website\"},\"primaryImageOfPage\":{\"@id\":\"https:\\\/\\\/latamjournalismreview.org\\\/es\\\/articles\\\/comunidad-internacional-se-solidariza-con-el-faro-mientras-ataques-del-gobierno-salvadoreno-contra-prensa-independiente-escalan\\\/#primaryimage\"},\"image\":{\"@id\":\"https:\\\/\\\/latamjournalismreview.org\\\/es\\\/articles\\\/comunidad-internacional-se-solidariza-con-el-faro-mientras-ataques-del-gobierno-salvadoreno-contra-prensa-independiente-escalan\\\/#primaryimage\"},\"thumbnailUrl\":\"https:\\\/\\\/latamjournalismreview.org\\\/wp-content\\\/uploads\\\/2020\\\/10\\\/Featured-Bukele_ElFaro-e1601668581511.png\",\"datePublished\":\"2020-10-02T20:03:55+00:00\",\"dateModified\":\"2020-10-07T16:33:28+00:00\",\"description\":\"Comunidad internacional se solidariza con El Faro mientras ataques del gobierno salvadore\u00f1o contra prensa independiente escalan Violencia contra periodistas. Latin American Journalism Review by The Knight Center at The University of Texas at Austin.\",\"breadcrumb\":{\"@id\":\"https:\\\/\\\/latamjournalismreview.org\\\/es\\\/articles\\\/comunidad-internacional-se-solidariza-con-el-faro-mientras-ataques-del-gobierno-salvadoreno-contra-prensa-independiente-escalan\\\/#breadcrumb\"},\"inLanguage\":\"es\",\"potentialAction\":[{\"@type\":\"ReadAction\",\"target\":[\"https:\\\/\\\/latamjournalismreview.org\\\/es\\\/articles\\\/comunidad-internacional-se-solidariza-con-el-faro-mientras-ataques-del-gobierno-salvadoreno-contra-prensa-independiente-escalan\\\/\"]}]},{\"@type\":\"ImageObject\",\"inLanguage\":\"es\",\"@id\":\"https:\\\/\\\/latamjournalismreview.org\\\/es\\\/articles\\\/comunidad-internacional-se-solidariza-con-el-faro-mientras-ataques-del-gobierno-salvadoreno-contra-prensa-independiente-escalan\\\/#primaryimage\",\"url\":\"https:\\\/\\\/latamjournalismreview.org\\\/wp-content\\\/uploads\\\/2020\\\/10\\\/Featured-Bukele_ElFaro-e1601668581511.png\",\"contentUrl\":\"https:\\\/\\\/latamjournalismreview.org\\\/wp-content\\\/uploads\\\/2020\\\/10\\\/Featured-Bukele_ElFaro-e1601668581511.png\",\"width\":507,\"height\":439,\"caption\":\"Featured Nayib Bukele. Cr\u00e9dito: El Faro\"},{\"@type\":\"BreadcrumbList\",\"@id\":\"https:\\\/\\\/latamjournalismreview.org\\\/es\\\/articles\\\/comunidad-internacional-se-solidariza-con-el-faro-mientras-ataques-del-gobierno-salvadoreno-contra-prensa-independiente-escalan\\\/#breadcrumb\",\"itemListElement\":[{\"@type\":\"ListItem\",\"position\":1,\"name\":\"Home\",\"item\":\"https:\\\/\\\/latamjournalismreview.org\\\/es\\\/\"},{\"@type\":\"ListItem\",\"position\":2,\"name\":\"Comunidad internacional se solidariza con El Faro mientras ataques del gobierno salvadore\u00f1o contra prensa independiente escalan\"}]},{\"@type\":\"WebSite\",\"@id\":\"https:\\\/\\\/latamjournalismreview.org\\\/es\\\/#website\",\"url\":\"https:\\\/\\\/latamjournalismreview.org\\\/es\\\/\",\"name\":\"LatAm Journalism Review\",\"description\":\"Knight Center at The University of Texas\",\"publisher\":{\"@id\":\"https:\\\/\\\/latamjournalismreview.org\\\/es\\\/#organization\"},\"potentialAction\":[{\"@type\":\"SearchAction\",\"target\":{\"@type\":\"EntryPoint\",\"urlTemplate\":\"https:\\\/\\\/latamjournalismreview.org\\\/es\\\/?s={search_term_string}\"},\"query-input\":{\"@type\":\"PropertyValueSpecification\",\"valueRequired\":true,\"valueName\":\"search_term_string\"}}],\"inLanguage\":\"es\"},{\"@type\":\"Organization\",\"@id\":\"https:\\\/\\\/latamjournalismreview.org\\\/es\\\/#organization\",\"name\":\"LatAm Journalism Review\",\"url\":\"https:\\\/\\\/latamjournalismreview.org\\\/es\\\/\",\"logo\":{\"@type\":\"ImageObject\",\"inLanguage\":\"es\",\"@id\":\"https:\\\/\\\/latamjournalismreview.org\\\/es\\\/#\\\/schema\\\/logo\\\/image\\\/\",\"url\":\"https:\\\/\\\/latamjournalismreview.org\\\/wp-content\\\/uploads\\\/2020\\\/05\\\/knight-latAm-review-logo.svg\",\"contentUrl\":\"https:\\\/\\\/latamjournalismreview.org\\\/wp-content\\\/uploads\\\/2020\\\/05\\\/knight-latAm-review-logo.svg\",\"width\":\"1024\",\"height\":\"1024\",\"caption\":\"LatAm Journalism Review\"},\"image\":{\"@id\":\"https:\\\/\\\/latamjournalismreview.org\\\/es\\\/#\\\/schema\\\/logo\\\/image\\\/\"},\"sameAs\":[\"https:\\\/\\\/x.com\\\/LatAmJournalism\"]},{\"@type\":\"Person\",\"@id\":\"https:\\\/\\\/latamjournalismreview.org\\\/es\\\/#\\\/schema\\\/person\\\/d0b9fa850ef1b6f56bb445e52f29f63f\",\"name\":\"Paola Nalvarte\",\"description\":\"Paola Nalvarte is a Peruvian journalist and documentary photographer living in Austin, Texas. She focuses on covering and writing about the Andes region. In Peru, Paola worked in the Lima office of the Italian news agency ANSA, on the economic news desk of the daily Expreso, and for ten years she has been working on different editorial projects doing picture editing and research for one of the oldest Spanish-language papers in the world, the Peruvian newspaper El Comercio. She also enjoyed writing for the newspaper weekly magazine Somos. Paola Nalvarte es una periodista y fot\u00f3grafa documental peruana que vive en Austin, Texas. El foco de inter\u00e9s de su cobertura noticiosa es la regi\u00f3n andina. En Per\u00fa, Paola trabaj\u00f3 en la oficina de Lima de la agencia italiana de noticias ANSA, en la secci\u00f3n de econom\u00eda del diario Expreso y por diez a\u00f1os hizo investigaci\u00f3n fotogr\u00e1fica y edici\u00f3n de fotograf\u00eda editorial en el diario decano de la prensa peruana, El Comercio. Tambi\u00e9n escribi\u00f3 para Somos, la revista semanal del mismo diario\u200b, art\u00edculos sobre medio ambiente y cultura. Paola Nalvarte \u00e9 uma jornalista peruana e fot\u00f3grafa documentarista que vive em Austin, Texas. O foco de interesse da sua cobertura jornal\u00edstica \u00e9 a regi\u00e3o andina. No Peru, Paola trabalhou no escrit\u00f3rio de Lima da ag\u00eancia de not\u00edcias italiana ANSA, na se\u00e7\u00e3o de economia do jornal Expreso e, por dez anos, fez pesquisa fotogr\u00e1fica e edi\u00e7\u00e3o de fotografia editorial para um dos jornais em espanhol mais antigos do mundo, o jornal peruano El Comercio. Ela tamb\u00e9m escreveu artigos de meio ambiente e cultura para a Somos, a revista semanal do mesmo jornal.\",\"sameAs\":[\"https:\\\/\\\/x.com\\\/paolanalvarte\"],\"url\":\"https:\\\/\\\/latamjournalismreview.org\\\/es\\\/articles\\\/author\\\/paola-nalvarte\\\/\"}]}<\/script>\n<!-- \/ Yoast SEO Premium plugin. -->","yoast_head_json":{"title":"Comunidad internacional se solidariza con El Faro mientras ataques del gobierno salvadore\u00f1o contra prensa independiente escalan - LatAm Journalism Review","description":"Comunidad internacional se solidariza con El Faro mientras ataques del gobierno salvadore\u00f1o contra prensa independiente escalan Violencia contra periodistas. Latin American Journalism Review by The Knight Center at The University of Texas at Austin.","robots":{"index":"index","follow":"follow","max-snippet":"max-snippet:-1","max-image-preview":"max-image-preview:large","max-video-preview":"max-video-preview:-1"},"canonical":"https:\/\/latamjournalismreview.org\/es\/articles\/comunidad-internacional-se-solidariza-con-el-faro-mientras-ataques-del-gobierno-salvadoreno-contra-prensa-independiente-escalan\/","og_locale":"es_ES","og_type":"article","og_title":"Comunidad internacional se solidariza con El Faro mientras ataques del gobierno salvadore\u00f1o contra prensa independiente escalan","og_description":"Comunidad internacional se solidariza con El Faro mientras ataques del gobierno salvadore\u00f1o contra prensa independiente escalan Violencia contra periodistas. Latin American Journalism Review by The Knight Center at The University of Texas at Austin.","og_url":"https:\/\/latamjournalismreview.org\/es\/articles\/comunidad-internacional-se-solidariza-con-el-faro-mientras-ataques-del-gobierno-salvadoreno-contra-prensa-independiente-escalan\/","og_site_name":"LatAm Journalism Review","article_published_time":"2020-10-02T20:03:55+00:00","article_modified_time":"2020-10-07T16:33:28+00:00","og_image":[{"width":507,"height":439,"url":"https:\/\/latamjournalismreview.org\/wp-content\/uploads\/2020\/10\/Featured-Bukele_ElFaro-e1601668581511.png","type":"image\/png"}],"author":"Paola Nalvarte","twitter_card":"summary_large_image","twitter_creator":"@paolanalvarte","twitter_site":"@LatAmJournalism","twitter_misc":{"Written by":"Paola Nalvarte","Est. reading time":"9 minutos"},"schema":{"@context":"https:\/\/schema.org","@graph":[{"@type":"Article","@id":"https:\/\/latamjournalismreview.org\/es\/articles\/comunidad-internacional-se-solidariza-con-el-faro-mientras-ataques-del-gobierno-salvadoreno-contra-prensa-independiente-escalan\/#article","isPartOf":{"@id":"https:\/\/latamjournalismreview.org\/es\/articles\/comunidad-internacional-se-solidariza-con-el-faro-mientras-ataques-del-gobierno-salvadoreno-contra-prensa-independiente-escalan\/"},"author":{"name":"Paola Nalvarte","@id":"https:\/\/latamjournalismreview.org\/es\/#\/schema\/person\/d0b9fa850ef1b6f56bb445e52f29f63f"},"headline":"Comunidad internacional se solidariza con El Faro mientras ataques del gobierno salvadore\u00f1o contra prensa independiente escalan","datePublished":"2020-10-02T20:03:55+00:00","dateModified":"2020-10-07T16:33:28+00:00","mainEntityOfPage":{"@id":"https:\/\/latamjournalismreview.org\/es\/articles\/comunidad-internacional-se-solidariza-con-el-faro-mientras-ataques-del-gobierno-salvadoreno-contra-prensa-independiente-escalan\/"},"wordCount":1852,"publisher":{"@id":"https:\/\/latamjournalismreview.org\/es\/#organization"},"image":{"@id":"https:\/\/latamjournalismreview.org\/es\/articles\/comunidad-internacional-se-solidariza-con-el-faro-mientras-ataques-del-gobierno-salvadoreno-contra-prensa-independiente-escalan\/#primaryimage"},"thumbnailUrl":"https:\/\/latamjournalismreview.org\/wp-content\/uploads\/2020\/10\/Featured-Bukele_ElFaro-e1601668581511.png","keywords":["El Salvador"],"articleSection":["Violencia contra periodistas"],"inLanguage":"es"},{"@type":"WebPage","@id":"https:\/\/latamjournalismreview.org\/es\/articles\/comunidad-internacional-se-solidariza-con-el-faro-mientras-ataques-del-gobierno-salvadoreno-contra-prensa-independiente-escalan\/","url":"https:\/\/latamjournalismreview.org\/es\/articles\/comunidad-internacional-se-solidariza-con-el-faro-mientras-ataques-del-gobierno-salvadoreno-contra-prensa-independiente-escalan\/","name":"Comunidad internacional se solidariza con El Faro mientras ataques del gobierno salvadore\u00f1o contra prensa independiente escalan - LatAm Journalism Review","isPartOf":{"@id":"https:\/\/latamjournalismreview.org\/es\/#website"},"primaryImageOfPage":{"@id":"https:\/\/latamjournalismreview.org\/es\/articles\/comunidad-internacional-se-solidariza-con-el-faro-mientras-ataques-del-gobierno-salvadoreno-contra-prensa-independiente-escalan\/#primaryimage"},"image":{"@id":"https:\/\/latamjournalismreview.org\/es\/articles\/comunidad-internacional-se-solidariza-con-el-faro-mientras-ataques-del-gobierno-salvadoreno-contra-prensa-independiente-escalan\/#primaryimage"},"thumbnailUrl":"https:\/\/latamjournalismreview.org\/wp-content\/uploads\/2020\/10\/Featured-Bukele_ElFaro-e1601668581511.png","datePublished":"2020-10-02T20:03:55+00:00","dateModified":"2020-10-07T16:33:28+00:00","description":"Comunidad internacional se solidariza con El Faro mientras ataques del gobierno salvadore\u00f1o contra prensa independiente escalan Violencia contra periodistas. Latin American Journalism Review by The Knight Center at The University of Texas at Austin.","breadcrumb":{"@id":"https:\/\/latamjournalismreview.org\/es\/articles\/comunidad-internacional-se-solidariza-con-el-faro-mientras-ataques-del-gobierno-salvadoreno-contra-prensa-independiente-escalan\/#breadcrumb"},"inLanguage":"es","potentialAction":[{"@type":"ReadAction","target":["https:\/\/latamjournalismreview.org\/es\/articles\/comunidad-internacional-se-solidariza-con-el-faro-mientras-ataques-del-gobierno-salvadoreno-contra-prensa-independiente-escalan\/"]}]},{"@type":"ImageObject","inLanguage":"es","@id":"https:\/\/latamjournalismreview.org\/es\/articles\/comunidad-internacional-se-solidariza-con-el-faro-mientras-ataques-del-gobierno-salvadoreno-contra-prensa-independiente-escalan\/#primaryimage","url":"https:\/\/latamjournalismreview.org\/wp-content\/uploads\/2020\/10\/Featured-Bukele_ElFaro-e1601668581511.png","contentUrl":"https:\/\/latamjournalismreview.org\/wp-content\/uploads\/2020\/10\/Featured-Bukele_ElFaro-e1601668581511.png","width":507,"height":439,"caption":"Featured Nayib Bukele. Cr\u00e9dito: El Faro"},{"@type":"BreadcrumbList","@id":"https:\/\/latamjournalismreview.org\/es\/articles\/comunidad-internacional-se-solidariza-con-el-faro-mientras-ataques-del-gobierno-salvadoreno-contra-prensa-independiente-escalan\/#breadcrumb","itemListElement":[{"@type":"ListItem","position":1,"name":"Home","item":"https:\/\/latamjournalismreview.org\/es\/"},{"@type":"ListItem","position":2,"name":"Comunidad internacional se solidariza con El Faro mientras ataques del gobierno salvadore\u00f1o contra prensa independiente escalan"}]},{"@type":"WebSite","@id":"https:\/\/latamjournalismreview.org\/es\/#website","url":"https:\/\/latamjournalismreview.org\/es\/","name":"LatAm Journalism Review","description":"Knight Center at The University of Texas","publisher":{"@id":"https:\/\/latamjournalismreview.org\/es\/#organization"},"potentialAction":[{"@type":"SearchAction","target":{"@type":"EntryPoint","urlTemplate":"https:\/\/latamjournalismreview.org\/es\/?s={search_term_string}"},"query-input":{"@type":"PropertyValueSpecification","valueRequired":true,"valueName":"search_term_string"}}],"inLanguage":"es"},{"@type":"Organization","@id":"https:\/\/latamjournalismreview.org\/es\/#organization","name":"LatAm Journalism Review","url":"https:\/\/latamjournalismreview.org\/es\/","logo":{"@type":"ImageObject","inLanguage":"es","@id":"https:\/\/latamjournalismreview.org\/es\/#\/schema\/logo\/image\/","url":"https:\/\/latamjournalismreview.org\/wp-content\/uploads\/2020\/05\/knight-latAm-review-logo.svg","contentUrl":"https:\/\/latamjournalismreview.org\/wp-content\/uploads\/2020\/05\/knight-latAm-review-logo.svg","width":"1024","height":"1024","caption":"LatAm Journalism Review"},"image":{"@id":"https:\/\/latamjournalismreview.org\/es\/#\/schema\/logo\/image\/"},"sameAs":["https:\/\/x.com\/LatAmJournalism"]},{"@type":"Person","@id":"https:\/\/latamjournalismreview.org\/es\/#\/schema\/person\/d0b9fa850ef1b6f56bb445e52f29f63f","name":"Paola Nalvarte","description":"Paola Nalvarte is a Peruvian journalist and documentary photographer living in Austin, Texas. She focuses on covering and writing about the Andes region. In Peru, Paola worked in the Lima office of the Italian news agency ANSA, on the economic news desk of the daily Expreso, and for ten years she has been working on different editorial projects doing picture editing and research for one of the oldest Spanish-language papers in the world, the Peruvian newspaper El Comercio. She also enjoyed writing for the newspaper weekly magazine Somos. Paola Nalvarte es una periodista y fot\u00f3grafa documental peruana que vive en Austin, Texas. El foco de inter\u00e9s de su cobertura noticiosa es la regi\u00f3n andina. En Per\u00fa, Paola trabaj\u00f3 en la oficina de Lima de la agencia italiana de noticias ANSA, en la secci\u00f3n de econom\u00eda del diario Expreso y por diez a\u00f1os hizo investigaci\u00f3n fotogr\u00e1fica y edici\u00f3n de fotograf\u00eda editorial en el diario decano de la prensa peruana, El Comercio. Tambi\u00e9n escribi\u00f3 para Somos, la revista semanal del mismo diario\u200b, art\u00edculos sobre medio ambiente y cultura. Paola Nalvarte \u00e9 uma jornalista peruana e fot\u00f3grafa documentarista que vive em Austin, Texas. O foco de interesse da sua cobertura jornal\u00edstica \u00e9 a regi\u00e3o andina. No Peru, Paola trabalhou no escrit\u00f3rio de Lima da ag\u00eancia de not\u00edcias italiana ANSA, na se\u00e7\u00e3o de economia do jornal Expreso e, por dez anos, fez pesquisa fotogr\u00e1fica e edi\u00e7\u00e3o de fotografia editorial para um dos jornais em espanhol mais antigos do mundo, o jornal peruano El Comercio. Ela tamb\u00e9m escreveu artigos de meio ambiente e cultura para a Somos, a revista semanal do mesmo jornal.","sameAs":["https:\/\/x.com\/paolanalvarte"],"url":"https:\/\/latamjournalismreview.org\/es\/articles\/author\/paola-nalvarte\/"}]}},"_links":{"self":[{"href":"https:\/\/latamjournalismreview.org\/es\/wp-json\/wp\/v2\/posts\/11794","targetHints":{"allow":["GET"]}}],"collection":[{"href":"https:\/\/latamjournalismreview.org\/es\/wp-json\/wp\/v2\/posts"}],"about":[{"href":"https:\/\/latamjournalismreview.org\/es\/wp-json\/wp\/v2\/types\/post"}],"author":[{"embeddable":true,"href":"https:\/\/latamjournalismreview.org\/es\/wp-json\/wp\/v2\/users\/4"}],"replies":[{"embeddable":true,"href":"https:\/\/latamjournalismreview.org\/es\/wp-json\/wp\/v2\/comments?post=11794"}],"version-history":[{"count":15,"href":"https:\/\/latamjournalismreview.org\/es\/wp-json\/wp\/v2\/posts\/11794\/revisions"}],"predecessor-version":[{"id":12012,"href":"https:\/\/latamjournalismreview.org\/es\/wp-json\/wp\/v2\/posts\/11794\/revisions\/12012"}],"wp:featuredmedia":[{"embeddable":true,"href":"https:\/\/latamjournalismreview.org\/es\/wp-json\/wp\/v2\/media\/11809"}],"wp:attachment":[{"href":"https:\/\/latamjournalismreview.org\/es\/wp-json\/wp\/v2\/media?parent=11794"}],"wp:term":[{"taxonomy":"category","embeddable":true,"href":"https:\/\/latamjournalismreview.org\/es\/wp-json\/wp\/v2\/categories?post=11794"},{"taxonomy":"post_tag","embeddable":true,"href":"https:\/\/latamjournalismreview.org\/es\/wp-json\/wp\/v2\/tags?post=11794"},{"taxonomy":"author","embeddable":true,"href":"https:\/\/latamjournalismreview.org\/es\/wp-json\/wp\/v2\/coauthors?post=11794"}],"curies":[{"name":"wp","href":"https:\/\/api.w.org\/{rel}","templated":true}]}}