{"id":119298,"date":"2025-03-03T11:53:22","date_gmt":"2025-03-03T17:53:22","guid":{"rendered":"https:\/\/latamjournalismreview.org\/?p=119298"},"modified":"2025-03-03T15:22:22","modified_gmt":"2025-03-03T21:22:22","slug":"el-camino-hacia-la-destruccion-de-la-democracia-es-el-olvido-afirma-juliana-dal-piva-periodista-que-escribio-libro-sobre-el-asesinato-de-politico-brasileno","status":"publish","type":"post","link":"https:\/\/latamjournalismreview.org\/es\/articles\/el-camino-hacia-la-destruccion-de-la-democracia-es-el-olvido-afirma-juliana-dal-piva-periodista-que-escribio-libro-sobre-el-asesinato-de-politico-brasileno\/","title":{"rendered":"\u201cEl camino hacia la destrucci\u00f3n de la democracia es el olvido\u201d, afirma Juliana Dal Piva, periodista que escribi\u00f3 libro sobre el asesinato de pol\u00edtico brasile\u00f1o"},"content":{"rendered":"<div class=\"wp-block-image\"><img loading=\"lazy\" decoding=\"async\" class=\"wpa-warning wpa-long-alt alignright wp-image-119301 size-medium\" src=\"https:\/\/latamjournalismreview.org\/wp-content\/uploads\/2025\/03\/Cinco-Preguntas-ES-Juliana-Dal-Pica-300x201.png\" alt=\"Banner Cinco preguntas espa\u00f1ol\" width=\"300\" height=\"201\" data-warning=\"Long alt text\" srcset=\"https:\/\/latamjournalismreview.org\/wp-content\/uploads\/2025\/03\/Cinco-Preguntas-ES-Juliana-Dal-Pica-300x201.png 300w, https:\/\/latamjournalismreview.org\/wp-content\/uploads\/2025\/03\/Cinco-Preguntas-ES-Juliana-Dal-Pica-350x234.png 350w, https:\/\/latamjournalismreview.org\/wp-content\/uploads\/2025\/03\/Cinco-Preguntas-ES-Juliana-Dal-Pica.png 507w\" sizes=\"auto, (max-width: 300px) 100vw, 300px\" \/><\/div>\n<p><span style=\"font-weight: 400;\">La lucha por la memoria, la verdad y la justicia en Brasil ha cobrado un nuevo impulso con el \u00e9xito y la nominaci\u00f3n al Oscar de la pel\u00edcula \u201cAinda Estou Aqui\", que narra la historia de Eunice Paiva y su incansable b\u00fasqueda de respuestas sobre la desaparici\u00f3n de su esposo, el exdiputado Rubens Paiva, durante la dictadura militar. Sin embargo, el tema ha formado parte de la vida de la reportera Juliana Dal Piva por m\u00e1s de una d\u00e9cada, desde que comenz\u00f3 a investigar el caso para su tesis de maestr\u00eda. Ahora, esa investigaci\u00f3n ha sido adaptada y transformada en el libro <em>\u201c<\/em><\/span><em><span style=\"font-weight: 400;\">Crime sem castigo: como os militares mataram Rubens Paiva\u201d<\/span><\/em><span style=\"font-weight: 400;\">\u00a0(<\/span><span style=\"font-weight: 400;\">Crimen sin castigo: c\u00f3mo los militares mataron a Rubens Paiva<\/span><span style=\"font-weight: 400;\">).<\/span><\/p>\n<p><span style=\"font-weight: 400;\">A diferencia de la pel\u00edcula, que muestra la lucha de Eunice por la justicia, el libro aborda la desaparici\u00f3n, la tortura y la ejecuci\u00f3n del exdiputado federal a trav\u00e9s de la investigaci\u00f3n realizada por Dal Piva. La obra incluye indagaciones y entrevistas de la periodista, adem\u00e1s del an\u00e1lisis de miles de documentos, art\u00edculos, entrevistas y testimonios para reconstruir la historia del crimen. La dictadura militar y la cobertura de muertes y desapariciones durante ese periodo han guiado la carrera de Dal Piva desde sus a\u00f1os universitarios y, como explic\u00f3 en una entrevista con <strong>LatAm Journalism Review (LJR)<\/strong><\/span><span style=\"font-weight: 400;\">, el seguimiento e investigaci\u00f3n de militares la llev\u00f3 a cubrir al expresidente Jair Bolsonaro, <\/span><a href=\"https:\/\/latamjournalismreview.org\/es\/articles\/la-seguridad-es-el-mayor-desafio-para-los-periodistas-brasilenos-este-ano-dice-juliana-dal-piva-reportera-que-investiga-escandalos-de-la-familia-bolsonaro\/\" target=\"_blank\" rel=\"noopener\"><span style=\"font-weight: 400;\">sobre quien tambi\u00e9n ha escrito un libro<\/span><\/a><span style=\"font-weight: 400;\">.<\/span><\/p>\n<p><span style=\"font-weight: 400;\">Dal Piva tambi\u00e9n destaca la necesidad de que las redacciones den la debida importancia a la cobertura de la dictadura militar en Brasil. Afirm\u00f3 que durante muchos a\u00f1os fue dif\u00edcil concienciar a los editores sobre el tema, ya que se consideraba de \u201cmenor importancia\u201d y algo que \u201cya hab\u00eda pasado\u201d.<\/span><\/p>\n<p><span style=\"font-weight: 400;\">\u201cHemos sido obligados a ver en los \u00faltimos a\u00f1os, sobre todo, que la democracia no es algo dado. Un camino hacia su destrucci\u00f3n es el olvido, que es precisamente c\u00f3mo se ha tratado este tema. Como si estos asuntos pertenecieran solo a las familias, cuando en realidad es una causa de toda la sociedad brasile\u00f1a\u201d, dijo Dal Piva. \u201cMe preguntan mucho si tengo alg\u00fan familiar involucrado y no es as\u00ed. Simplemente soy una ciudadana brasile\u00f1a, periodista, que tiene nociones b\u00e1sicas de derechos humanos, pero tambi\u00e9n empat\u00eda. No estamos exigiendo nada m\u00e1s que el cumplimiento de la Constituci\u00f3n brasile\u00f1a\u201d.<\/span><\/p>\n<p><span style=\"font-weight: 400;\">Como parte de su serie 5 preguntas, <strong>LJR <\/strong><\/span><span style=\"font-weight: 400;\">habl\u00f3 con Dal Piva sobre el proceso de investigaci\u00f3n y adaptaci\u00f3n de su tesis de maestr\u00eda en un libro, la relaci\u00f3n con fuentes militares y la importancia de la cobertura period\u00edstica sobre el tema en Brasil. La entrevista ha sido editada por brevedad y claridad.<\/span><\/p>\n<p>&nbsp;<\/p>\n<p><strong>1. \u00bfC\u00f3mo fue el proceso de investigaci\u00f3n para el libro?<\/strong><\/p>\n<p><span style=\"font-weight: 400;\">Es mi tesis de maestr\u00eda adaptada, pero no habr\u00eda podido hacer esta investigaci\u00f3n sin mi trabajo como reportera. Hab\u00eda estado estudiando el tema desde que estaba en la universidad. Desde entonces, comenc\u00e9 a construir una biblioteca. No quiero glorificar el exceso de trabajo, pero no se puede cubrir un \u00e1rea con casi 50 a\u00f1os de historia sin un conocimiento profundo. Me sumerg\u00ed en el estudio de libros, art\u00edculos, biograf\u00edas, informes de la Comisi\u00f3n Especial sobre Muertes y Desapariciones Pol\u00edticas. Empec\u00e9 a asistir a eventos para debatir sobre este tema, por mi cuenta, durante mis descansos, cuando pod\u00eda encajar una historia aqu\u00ed y all\u00e1 sobre el asunto. Profundizar en este tema requiere paciencia y persistencia, porque implica cruzar informaci\u00f3n entre documentos, testigos y v\u00edctimas para armar un rompecabezas con muchas piezas faltantes. Muchas personas ya han muerto, muchos documentos han sido destruidos y muchas personas no quieren cooperar.<\/span><\/p>\n<p><span style=\"font-weight: 400;\">Pero para m\u00ed fue fundamental haber estudiado en Buenos Aires y luego en el Centro de Investigaci\u00f3n y Documentaci\u00f3n de Historia Contempor\u00e1nea de Brasil (CPDOC, por sus siglas en portugu\u00e9s) en la Funda\u00e7\u00e3o Get\u00falio Vargas (FGV), donde pude ampliar mi visi\u00f3n sobre la investigaci\u00f3n y el an\u00e1lisis, entendiendo mejor c\u00f3mo funcionan los archivos y documentos. No hacemos periodismo sobre periodismo, por lo que interactuar con profesionales de otras \u00e1reas de investigaci\u00f3n tambi\u00e9n fue importante para enriquecer mi perspectiva. Todo esto fue esencial para la construcci\u00f3n del libro.<\/span><\/p>\n<p>&nbsp;<\/p>\n<p><strong>2. \u00bfCu\u00e1l fue el mayor desaf\u00edo durante la investigaci\u00f3n?<\/strong><\/p>\n<p><span style=\"font-weight: 400;\">Como reportera, no puedo dejar de mencionar que entrevist\u00e9 a Paulo Malh\u00e3es [coronel retirado del Ej\u00e9rcito, quien revel\u00f3 a la Comisi\u00f3n de la Verdad que <\/span><a href=\"https:\/\/g1.globo.com\/rio-de-janeiro\/noticia\/2014\/05\/justica-recebe-denuncia-contra-cinco-militares-pela-morte-de-rubens-paiva.html\" target=\"_blank\" rel=\"noopener\"><span style=\"font-weight: 400;\">el cuerpo de Rubens Paiva fue arrojado a un r\u00edo<\/span><\/a><span style=\"font-weight: 400;\">]. Fue una de las entrevistas m\u00e1s dif\u00edciles que he hecho en mi vida. Es algo que quiz\u00e1s muchos profesionales nunca hagan: entrevistar a una persona que fue entrenada y especializada en ser un torturador.<\/span><\/p>\n<p><span style=\"font-weight: 400;\">La primera vez fui con [el reportero] Chico Ot\u00e1vio y, unos a\u00f1os despu\u00e9s, sola. Intent\u00e9 prepararme de todas las formas posibles para escucharle sin dejarme enga\u00f1ar ni desviar. Durante la entrevista, \u00e9l me pon\u00eda a prueba constantemente con preguntas y comentarios sobre c\u00f3mo hab\u00eda torturado a mujeres y cosas similares, casi como si quisiera provocarme para ver si perder\u00eda mi papel de reportera. Al mismo tiempo, sab\u00eda que lo m\u00e1s importante era recopilar su testimonio con el mayor detalle posible para continuar con la investigaci\u00f3n, compar\u00e1ndolo con otras declaraciones y documentos.<\/span><\/p>\n<p>&nbsp;<\/p>\n<h3><\/h3>\n<p><strong>3. \u00bfC\u00f3mo fue la relaci\u00f3n con estas fuentes militares de alto rango?<\/strong><\/p>\n<p><span style=\"font-weight: 400;\">El machismo siempre estuvo presente. La descalificaci\u00f3n por mi edad y por ser mujer era constante. Pero estudi\u00e9 mucho para no caer en esas trampas. Me trataban como si fuera una ni\u00f1a ingenua que creer\u00eda cualquier historia. Me blind\u00e9 con conocimiento, estudi\u00e1ndolos a fondo para posicionarme en las situaciones adecuadas. Conoc\u00eda sus c\u00f3digos, la forma en que hablaban, sus referencias, su vocabulario, su lenguaje, para que entendieran que no estaban tratando con alguien que no sab\u00eda lo que hac\u00eda. Tambi\u00e9n fui siempre muy transparente sobre lo que estaba investigando y c\u00f3mo lo hac\u00eda. Y as\u00ed fui construyendo un espacio dentro de esta cobertura extremadamente dif\u00edcil.<\/span><\/p>\n<h3><\/h3>\n<p>&nbsp;<\/p>\n<p><strong>4. \u00bfCu\u00e1l es la importancia del periodismo en el caso de Rubens Paiva y en el de otras v\u00edctimas de la dictadura?<\/strong><\/p>\n<p><span style=\"font-weight: 400;\">Fue un punto fundamental. Muchas veces, el periodismo cumpli\u00f3 un papel que correspond\u00eda a las autoridades. Quienes hicieron desaparecer a las personas, quienes cometieron la violencia, fueron agentes de seguridad que, en la pr\u00e1ctica, ser\u00edan los responsables de investigar los cr\u00edmenes de desaparici\u00f3n. As\u00ed que fueron los reporteros quienes investigaron y estuvieron dispuestos a hacerlo.<\/span><\/p>\n<p><span style=\"font-weight: 400;\">En el caso de Rubens, esto fue muy claro, siempre en asociaci\u00f3n y con la ayuda de Eunice Paiva. En el libro cont\u00e9 la historia de algunos art\u00edculos porque fueron ellos los que permitieron armar las piezas del rompecabezas.<\/span><\/p>\n<p><span style=\"font-weight: 400;\">El periodismo de investigaci\u00f3n a menudo se confunde con un periodismo que simplemente sigue las investigaciones oficiales y transcribe documentos. Pero el periodismo de investigaci\u00f3n es como construir un muro. Colocas algunos ladrillos junto con los ladrillos existentes de la investigaci\u00f3n oficial. No se trata solo de hablar de los ladrillos del muro, sino de agregar nuevos. Estos trabajos cumplen esa funci\u00f3n y fueron fundamentales, sin duda alguna.<\/span><\/p>\n<p>&nbsp;<\/p>\n<p><strong>5.\u00bfC\u00f3mo puede el periodismo seguir contribuyendo a descubrir m\u00e1s historias sobre la dictadura?<\/strong><\/p>\n<p><span style=\"font-weight: 400;\">Necesitamos que las redacciones den m\u00e1s espacio al tema. Una gran dificultad fue la falta de cobertura en la prensa despu\u00e9s de la Comisi\u00f3n Nacional de la Verdad. Tuve muchas dificultades para hacer trabajos de investigaci\u00f3n sobre este tema en pr\u00e1cticamente todos los medios en los que trabaj\u00e9 desde 2014.<\/span><\/p>\n<p><span style=\"font-weight: 400;\">Entramos en una espiral de <\/span><i><span style=\"font-weight: 400;\">Lava Jato<\/span><\/i><span style=\"font-weight: 400;\">, luego el auge de la extrema derecha, el gobierno de Bolsonaro y muchos otros temas. Las condiciones de trabajo tambi\u00e9n se volvieron dif\u00edciles, las redacciones atravesaron una gran crisis. Pero la verdad es que este tema no tuvo la importancia que merece.<\/span><\/p>\n<p><span style=\"font-weight: 400;\">Tener un trabajo permanente sobre esto y crear espacio para que los reporteros realicen nuevas investigaciones es esencial. No puede ser solo nuestra iniciativa. Hice todas las investigaciones que pude, pero en medio de ellas hab\u00eda mucha presi\u00f3n para cubrir otros temas.<\/span><\/p>\n<p><span style=\"font-weight: 400;\">Por eso, mi sue\u00f1o, mi deseo, desde lo m\u00e1s profundo de mi coraz\u00f3n, es que esto vaya m\u00e1s all\u00e1 del Oscar. Porque la pel\u00edcula ya ha movido a la Corte Suprema para que finalmente se reconozcan los cr\u00edmenes de lesa humanidad. Si la prensa sigue impulsando el caso de Rubens Paiva y podemos hacer otros trabajos, reinvestigar a los muertos y desaparecidos, ver qu\u00e9 torturadores siguen vivos y qu\u00e9 casos a\u00fan pueden ser juzgados\u2026 hay un universo de cosas por investigar. Pero ese espacio tambi\u00e9n depende de la reflexi\u00f3n y la empat\u00eda de los editores, que vuelvan a dar espacio y dedicar recursos a estos casos.<\/span><\/p>\n","protected":false},"excerpt":{"rendered":"<p>\u201cCrimen sin castigo: c\u00f3mo los militares mataron a Rubens Paiva\u201d es el resultado de a\u00f1os de investigaci\u00f3n e indagaci\u00f3n period\u00edstica, reconstruyendo los hechos que llevaron a la muerte de Paiva. Dal Piva defiende la importancia de la memoria y la investigaci\u00f3n period\u00edstica para comprender este oscuro periodo de la historia brasile\u00f1a.<\/p>\n","protected":false},"author":71,"featured_media":119301,"comment_status":"closed","ping_status":"closed","sticky":false,"template":"","format":"standard","meta":{"inline_featured_image":false,"footnotes":""},"categories":[2380],"tags":[1404,1499],"coauthors":[2856],"class_list":["post-119298","post","type-post","status-publish","format-standard","has-post-thumbnail","hentry","category-5-preguntas","tag-censura-es","tag-periodismo-digital-es"],"acf":[],"yoast_head":"<!-- This site is optimized with the Yoast SEO Premium plugin v22.6 (Yoast SEO v27.4) - https:\/\/yoast.com\/product\/yoast-seo-premium-wordpress\/ -->\n<title>\u201cEl camino hacia la destrucci\u00f3n de la democracia es el olvido\u201d, afirma Juliana Dal Piva, periodista que escribi\u00f3 libro sobre el asesinato de pol\u00edtico brasile\u00f1o - LatAm Journalism Review<\/title>\n<meta name=\"description\" content=\"\u201cEl camino hacia la destrucci\u00f3n de la democracia es el olvido\u201d, afirma Juliana Dal Piva, periodista que escribi\u00f3 libro sobre el asesinato de pol\u00edtico brasile\u00f1o . Latin American Journalism Review by The Knight Center at The University of Texas at Austin.\" \/>\n<meta name=\"robots\" content=\"index, follow, max-snippet:-1, max-image-preview:large, max-video-preview:-1\" \/>\n<link rel=\"canonical\" href=\"https:\/\/latamjournalismreview.org\/es\/articles\/el-camino-hacia-la-destruccion-de-la-democracia-es-el-olvido-afirma-juliana-dal-piva-periodista-que-escribio-libro-sobre-el-asesinato-de-politico-brasileno\/\" \/>\n<meta property=\"og:locale\" content=\"es_ES\" \/>\n<meta property=\"og:type\" content=\"article\" \/>\n<meta property=\"og:title\" content=\"\u201cEl camino hacia la destrucci\u00f3n de la democracia es el olvido\u201d, afirma Juliana Dal Piva, periodista que escribi\u00f3 libro sobre el asesinato de pol\u00edtico brasile\u00f1o\" \/>\n<meta property=\"og:description\" content=\"\u201cEl camino hacia la destrucci\u00f3n de la democracia es el olvido\u201d, afirma Juliana Dal Piva, periodista que escribi\u00f3 libro sobre el asesinato de pol\u00edtico brasile\u00f1o . Latin American Journalism Review by The Knight Center at The University of Texas at Austin.\" \/>\n<meta property=\"og:url\" content=\"https:\/\/latamjournalismreview.org\/es\/articles\/el-camino-hacia-la-destruccion-de-la-democracia-es-el-olvido-afirma-juliana-dal-piva-periodista-que-escribio-libro-sobre-el-asesinato-de-politico-brasileno\/\" \/>\n<meta property=\"og:site_name\" content=\"LatAm Journalism Review\" \/>\n<meta property=\"article:published_time\" content=\"2025-03-03T17:53:22+00:00\" \/>\n<meta property=\"article:modified_time\" content=\"2025-03-03T21:22:22+00:00\" \/>\n<meta property=\"og:image\" content=\"https:\/\/latamjournalismreview.org\/wp-content\/uploads\/2025\/03\/Cinco-Preguntas-ES-Juliana-Dal-Pica.png\" \/>\n\t<meta property=\"og:image:width\" content=\"507\" \/>\n\t<meta property=\"og:image:height\" content=\"340\" \/>\n\t<meta property=\"og:image:type\" content=\"image\/png\" \/>\n<meta name=\"author\" content=\"Marta Szpacenkopf\" \/>\n<meta name=\"twitter:card\" content=\"summary_large_image\" \/>\n<meta name=\"twitter:creator\" content=\"@LatAmJournalism\" \/>\n<meta name=\"twitter:site\" content=\"@LatAmJournalism\" \/>\n<meta name=\"twitter:label1\" content=\"Written by\" \/>\n\t<meta name=\"twitter:data1\" content=\"Marta Szpacenkopf\" \/>\n\t<meta name=\"twitter:label2\" content=\"Est. reading time\" \/>\n\t<meta name=\"twitter:data2\" content=\"7 minutos\" \/>\n<script type=\"application\/ld+json\" class=\"yoast-schema-graph\">{\"@context\":\"https:\\\/\\\/schema.org\",\"@graph\":[{\"@type\":\"Article\",\"@id\":\"https:\\\/\\\/latamjournalismreview.org\\\/es\\\/articles\\\/el-camino-hacia-la-destruccion-de-la-democracia-es-el-olvido-afirma-juliana-dal-piva-periodista-que-escribio-libro-sobre-el-asesinato-de-politico-brasileno\\\/#article\",\"isPartOf\":{\"@id\":\"https:\\\/\\\/latamjournalismreview.org\\\/es\\\/articles\\\/el-camino-hacia-la-destruccion-de-la-democracia-es-el-olvido-afirma-juliana-dal-piva-periodista-que-escribio-libro-sobre-el-asesinato-de-politico-brasileno\\\/\"},\"author\":{\"name\":\"Marta Szpacenkopf\",\"@id\":\"https:\\\/\\\/latamjournalismreview.org\\\/es\\\/#\\\/schema\\\/person\\\/157ecb69b9dea7b2feede60b43e2f0ae\"},\"headline\":\"\u201cEl camino hacia la destrucci\u00f3n de la democracia es el olvido\u201d, afirma Juliana Dal Piva, periodista que escribi\u00f3 libro sobre el asesinato de pol\u00edtico brasile\u00f1o\",\"datePublished\":\"2025-03-03T17:53:22+00:00\",\"dateModified\":\"2025-03-03T21:22:22+00:00\",\"mainEntityOfPage\":{\"@id\":\"https:\\\/\\\/latamjournalismreview.org\\\/es\\\/articles\\\/el-camino-hacia-la-destruccion-de-la-democracia-es-el-olvido-afirma-juliana-dal-piva-periodista-que-escribio-libro-sobre-el-asesinato-de-politico-brasileno\\\/\"},\"wordCount\":1578,\"publisher\":{\"@id\":\"https:\\\/\\\/latamjournalismreview.org\\\/es\\\/#organization\"},\"image\":{\"@id\":\"https:\\\/\\\/latamjournalismreview.org\\\/es\\\/articles\\\/el-camino-hacia-la-destruccion-de-la-democracia-es-el-olvido-afirma-juliana-dal-piva-periodista-que-escribio-libro-sobre-el-asesinato-de-politico-brasileno\\\/#primaryimage\"},\"thumbnailUrl\":\"https:\\\/\\\/latamjournalismreview.org\\\/wp-content\\\/uploads\\\/2025\\\/03\\\/Cinco-Preguntas-ES-Juliana-Dal-Pica.png\",\"keywords\":[\"Censura\",\"Periodismo digital\"],\"articleSection\":[\"5 Preguntas\"],\"inLanguage\":\"es\"},{\"@type\":\"WebPage\",\"@id\":\"https:\\\/\\\/latamjournalismreview.org\\\/es\\\/articles\\\/el-camino-hacia-la-destruccion-de-la-democracia-es-el-olvido-afirma-juliana-dal-piva-periodista-que-escribio-libro-sobre-el-asesinato-de-politico-brasileno\\\/\",\"url\":\"https:\\\/\\\/latamjournalismreview.org\\\/es\\\/articles\\\/el-camino-hacia-la-destruccion-de-la-democracia-es-el-olvido-afirma-juliana-dal-piva-periodista-que-escribio-libro-sobre-el-asesinato-de-politico-brasileno\\\/\",\"name\":\"\u201cEl camino hacia la destrucci\u00f3n de la democracia es el olvido\u201d, afirma Juliana Dal Piva, periodista que escribi\u00f3 libro sobre el asesinato de pol\u00edtico brasile\u00f1o - LatAm Journalism Review\",\"isPartOf\":{\"@id\":\"https:\\\/\\\/latamjournalismreview.org\\\/es\\\/#website\"},\"primaryImageOfPage\":{\"@id\":\"https:\\\/\\\/latamjournalismreview.org\\\/es\\\/articles\\\/el-camino-hacia-la-destruccion-de-la-democracia-es-el-olvido-afirma-juliana-dal-piva-periodista-que-escribio-libro-sobre-el-asesinato-de-politico-brasileno\\\/#primaryimage\"},\"image\":{\"@id\":\"https:\\\/\\\/latamjournalismreview.org\\\/es\\\/articles\\\/el-camino-hacia-la-destruccion-de-la-democracia-es-el-olvido-afirma-juliana-dal-piva-periodista-que-escribio-libro-sobre-el-asesinato-de-politico-brasileno\\\/#primaryimage\"},\"thumbnailUrl\":\"https:\\\/\\\/latamjournalismreview.org\\\/wp-content\\\/uploads\\\/2025\\\/03\\\/Cinco-Preguntas-ES-Juliana-Dal-Pica.png\",\"datePublished\":\"2025-03-03T17:53:22+00:00\",\"dateModified\":\"2025-03-03T21:22:22+00:00\",\"description\":\"\u201cEl camino hacia la destrucci\u00f3n de la democracia es el olvido\u201d, afirma Juliana Dal Piva, periodista que escribi\u00f3 libro sobre el asesinato de pol\u00edtico brasile\u00f1o . Latin American Journalism Review by The Knight Center at The University of Texas at Austin.\",\"breadcrumb\":{\"@id\":\"https:\\\/\\\/latamjournalismreview.org\\\/es\\\/articles\\\/el-camino-hacia-la-destruccion-de-la-democracia-es-el-olvido-afirma-juliana-dal-piva-periodista-que-escribio-libro-sobre-el-asesinato-de-politico-brasileno\\\/#breadcrumb\"},\"inLanguage\":\"es\",\"potentialAction\":[{\"@type\":\"ReadAction\",\"target\":[\"https:\\\/\\\/latamjournalismreview.org\\\/es\\\/articles\\\/el-camino-hacia-la-destruccion-de-la-democracia-es-el-olvido-afirma-juliana-dal-piva-periodista-que-escribio-libro-sobre-el-asesinato-de-politico-brasileno\\\/\"]}]},{\"@type\":\"ImageObject\",\"inLanguage\":\"es\",\"@id\":\"https:\\\/\\\/latamjournalismreview.org\\\/es\\\/articles\\\/el-camino-hacia-la-destruccion-de-la-democracia-es-el-olvido-afirma-juliana-dal-piva-periodista-que-escribio-libro-sobre-el-asesinato-de-politico-brasileno\\\/#primaryimage\",\"url\":\"https:\\\/\\\/latamjournalismreview.org\\\/wp-content\\\/uploads\\\/2025\\\/03\\\/Cinco-Preguntas-ES-Juliana-Dal-Pica.png\",\"contentUrl\":\"https:\\\/\\\/latamjournalismreview.org\\\/wp-content\\\/uploads\\\/2025\\\/03\\\/Cinco-Preguntas-ES-Juliana-Dal-Pica.png\",\"width\":507,\"height\":340},{\"@type\":\"BreadcrumbList\",\"@id\":\"https:\\\/\\\/latamjournalismreview.org\\\/es\\\/articles\\\/el-camino-hacia-la-destruccion-de-la-democracia-es-el-olvido-afirma-juliana-dal-piva-periodista-que-escribio-libro-sobre-el-asesinato-de-politico-brasileno\\\/#breadcrumb\",\"itemListElement\":[{\"@type\":\"ListItem\",\"position\":1,\"name\":\"Home\",\"item\":\"https:\\\/\\\/latamjournalismreview.org\\\/es\\\/\"},{\"@type\":\"ListItem\",\"position\":2,\"name\":\"\u201cEl camino hacia la destrucci\u00f3n de la democracia es el olvido\u201d, afirma Juliana Dal Piva, periodista que escribi\u00f3 libro sobre el asesinato de pol\u00edtico brasile\u00f1o\"}]},{\"@type\":\"WebSite\",\"@id\":\"https:\\\/\\\/latamjournalismreview.org\\\/es\\\/#website\",\"url\":\"https:\\\/\\\/latamjournalismreview.org\\\/es\\\/\",\"name\":\"LatAm Journalism Review\",\"description\":\"Knight Center at The University of Texas\",\"publisher\":{\"@id\":\"https:\\\/\\\/latamjournalismreview.org\\\/es\\\/#organization\"},\"potentialAction\":[{\"@type\":\"SearchAction\",\"target\":{\"@type\":\"EntryPoint\",\"urlTemplate\":\"https:\\\/\\\/latamjournalismreview.org\\\/es\\\/?s={search_term_string}\"},\"query-input\":{\"@type\":\"PropertyValueSpecification\",\"valueRequired\":true,\"valueName\":\"search_term_string\"}}],\"inLanguage\":\"es\"},{\"@type\":\"Organization\",\"@id\":\"https:\\\/\\\/latamjournalismreview.org\\\/es\\\/#organization\",\"name\":\"LatAm Journalism Review\",\"url\":\"https:\\\/\\\/latamjournalismreview.org\\\/es\\\/\",\"logo\":{\"@type\":\"ImageObject\",\"inLanguage\":\"es\",\"@id\":\"https:\\\/\\\/latamjournalismreview.org\\\/es\\\/#\\\/schema\\\/logo\\\/image\\\/\",\"url\":\"https:\\\/\\\/latamjournalismreview.org\\\/wp-content\\\/uploads\\\/2020\\\/05\\\/knight-latAm-review-logo.svg\",\"contentUrl\":\"https:\\\/\\\/latamjournalismreview.org\\\/wp-content\\\/uploads\\\/2020\\\/05\\\/knight-latAm-review-logo.svg\",\"width\":\"1024\",\"height\":\"1024\",\"caption\":\"LatAm Journalism Review\"},\"image\":{\"@id\":\"https:\\\/\\\/latamjournalismreview.org\\\/es\\\/#\\\/schema\\\/logo\\\/image\\\/\"},\"sameAs\":[\"https:\\\/\\\/x.com\\\/LatAmJournalism\"]},{\"@type\":\"Person\",\"@id\":\"https:\\\/\\\/latamjournalismreview.org\\\/es\\\/#\\\/schema\\\/person\\\/157ecb69b9dea7b2feede60b43e2f0ae\",\"name\":\"Marta Szpacenkopf\",\"url\":\"https:\\\/\\\/latamjournalismreview.org\\\/es\\\/articles\\\/author\\\/marta-szpacenkopf\\\/\"}]}<\/script>\n<!-- \/ Yoast SEO Premium plugin. -->","yoast_head_json":{"title":"\u201cEl camino hacia la destrucci\u00f3n de la democracia es el olvido\u201d, afirma Juliana Dal Piva, periodista que escribi\u00f3 libro sobre el asesinato de pol\u00edtico brasile\u00f1o - LatAm Journalism Review","description":"\u201cEl camino hacia la destrucci\u00f3n de la democracia es el olvido\u201d, afirma Juliana Dal Piva, periodista que escribi\u00f3 libro sobre el asesinato de pol\u00edtico brasile\u00f1o . Latin American Journalism Review by The Knight Center at The University of Texas at Austin.","robots":{"index":"index","follow":"follow","max-snippet":"max-snippet:-1","max-image-preview":"max-image-preview:large","max-video-preview":"max-video-preview:-1"},"canonical":"https:\/\/latamjournalismreview.org\/es\/articles\/el-camino-hacia-la-destruccion-de-la-democracia-es-el-olvido-afirma-juliana-dal-piva-periodista-que-escribio-libro-sobre-el-asesinato-de-politico-brasileno\/","og_locale":"es_ES","og_type":"article","og_title":"\u201cEl camino hacia la destrucci\u00f3n de la democracia es el olvido\u201d, afirma Juliana Dal Piva, periodista que escribi\u00f3 libro sobre el asesinato de pol\u00edtico brasile\u00f1o","og_description":"\u201cEl camino hacia la destrucci\u00f3n de la democracia es el olvido\u201d, afirma Juliana Dal Piva, periodista que escribi\u00f3 libro sobre el asesinato de pol\u00edtico brasile\u00f1o . Latin American Journalism Review by The Knight Center at The University of Texas at Austin.","og_url":"https:\/\/latamjournalismreview.org\/es\/articles\/el-camino-hacia-la-destruccion-de-la-democracia-es-el-olvido-afirma-juliana-dal-piva-periodista-que-escribio-libro-sobre-el-asesinato-de-politico-brasileno\/","og_site_name":"LatAm Journalism Review","article_published_time":"2025-03-03T17:53:22+00:00","article_modified_time":"2025-03-03T21:22:22+00:00","og_image":[{"width":507,"height":340,"url":"https:\/\/latamjournalismreview.org\/wp-content\/uploads\/2025\/03\/Cinco-Preguntas-ES-Juliana-Dal-Pica.png","type":"image\/png"}],"author":"Marta Szpacenkopf","twitter_card":"summary_large_image","twitter_creator":"@LatAmJournalism","twitter_site":"@LatAmJournalism","twitter_misc":{"Written by":"Marta Szpacenkopf","Est. reading time":"7 minutos"},"schema":{"@context":"https:\/\/schema.org","@graph":[{"@type":"Article","@id":"https:\/\/latamjournalismreview.org\/es\/articles\/el-camino-hacia-la-destruccion-de-la-democracia-es-el-olvido-afirma-juliana-dal-piva-periodista-que-escribio-libro-sobre-el-asesinato-de-politico-brasileno\/#article","isPartOf":{"@id":"https:\/\/latamjournalismreview.org\/es\/articles\/el-camino-hacia-la-destruccion-de-la-democracia-es-el-olvido-afirma-juliana-dal-piva-periodista-que-escribio-libro-sobre-el-asesinato-de-politico-brasileno\/"},"author":{"name":"Marta Szpacenkopf","@id":"https:\/\/latamjournalismreview.org\/es\/#\/schema\/person\/157ecb69b9dea7b2feede60b43e2f0ae"},"headline":"\u201cEl camino hacia la destrucci\u00f3n de la democracia es el olvido\u201d, afirma Juliana Dal Piva, periodista que escribi\u00f3 libro sobre el asesinato de pol\u00edtico brasile\u00f1o","datePublished":"2025-03-03T17:53:22+00:00","dateModified":"2025-03-03T21:22:22+00:00","mainEntityOfPage":{"@id":"https:\/\/latamjournalismreview.org\/es\/articles\/el-camino-hacia-la-destruccion-de-la-democracia-es-el-olvido-afirma-juliana-dal-piva-periodista-que-escribio-libro-sobre-el-asesinato-de-politico-brasileno\/"},"wordCount":1578,"publisher":{"@id":"https:\/\/latamjournalismreview.org\/es\/#organization"},"image":{"@id":"https:\/\/latamjournalismreview.org\/es\/articles\/el-camino-hacia-la-destruccion-de-la-democracia-es-el-olvido-afirma-juliana-dal-piva-periodista-que-escribio-libro-sobre-el-asesinato-de-politico-brasileno\/#primaryimage"},"thumbnailUrl":"https:\/\/latamjournalismreview.org\/wp-content\/uploads\/2025\/03\/Cinco-Preguntas-ES-Juliana-Dal-Pica.png","keywords":["Censura","Periodismo digital"],"articleSection":["5 Preguntas"],"inLanguage":"es"},{"@type":"WebPage","@id":"https:\/\/latamjournalismreview.org\/es\/articles\/el-camino-hacia-la-destruccion-de-la-democracia-es-el-olvido-afirma-juliana-dal-piva-periodista-que-escribio-libro-sobre-el-asesinato-de-politico-brasileno\/","url":"https:\/\/latamjournalismreview.org\/es\/articles\/el-camino-hacia-la-destruccion-de-la-democracia-es-el-olvido-afirma-juliana-dal-piva-periodista-que-escribio-libro-sobre-el-asesinato-de-politico-brasileno\/","name":"\u201cEl camino hacia la destrucci\u00f3n de la democracia es el olvido\u201d, afirma Juliana Dal Piva, periodista que escribi\u00f3 libro sobre el asesinato de pol\u00edtico brasile\u00f1o - LatAm Journalism Review","isPartOf":{"@id":"https:\/\/latamjournalismreview.org\/es\/#website"},"primaryImageOfPage":{"@id":"https:\/\/latamjournalismreview.org\/es\/articles\/el-camino-hacia-la-destruccion-de-la-democracia-es-el-olvido-afirma-juliana-dal-piva-periodista-que-escribio-libro-sobre-el-asesinato-de-politico-brasileno\/#primaryimage"},"image":{"@id":"https:\/\/latamjournalismreview.org\/es\/articles\/el-camino-hacia-la-destruccion-de-la-democracia-es-el-olvido-afirma-juliana-dal-piva-periodista-que-escribio-libro-sobre-el-asesinato-de-politico-brasileno\/#primaryimage"},"thumbnailUrl":"https:\/\/latamjournalismreview.org\/wp-content\/uploads\/2025\/03\/Cinco-Preguntas-ES-Juliana-Dal-Pica.png","datePublished":"2025-03-03T17:53:22+00:00","dateModified":"2025-03-03T21:22:22+00:00","description":"\u201cEl camino hacia la destrucci\u00f3n de la democracia es el olvido\u201d, afirma Juliana Dal Piva, periodista que escribi\u00f3 libro sobre el asesinato de pol\u00edtico brasile\u00f1o . Latin American Journalism Review by The Knight Center at The University of Texas at Austin.","breadcrumb":{"@id":"https:\/\/latamjournalismreview.org\/es\/articles\/el-camino-hacia-la-destruccion-de-la-democracia-es-el-olvido-afirma-juliana-dal-piva-periodista-que-escribio-libro-sobre-el-asesinato-de-politico-brasileno\/#breadcrumb"},"inLanguage":"es","potentialAction":[{"@type":"ReadAction","target":["https:\/\/latamjournalismreview.org\/es\/articles\/el-camino-hacia-la-destruccion-de-la-democracia-es-el-olvido-afirma-juliana-dal-piva-periodista-que-escribio-libro-sobre-el-asesinato-de-politico-brasileno\/"]}]},{"@type":"ImageObject","inLanguage":"es","@id":"https:\/\/latamjournalismreview.org\/es\/articles\/el-camino-hacia-la-destruccion-de-la-democracia-es-el-olvido-afirma-juliana-dal-piva-periodista-que-escribio-libro-sobre-el-asesinato-de-politico-brasileno\/#primaryimage","url":"https:\/\/latamjournalismreview.org\/wp-content\/uploads\/2025\/03\/Cinco-Preguntas-ES-Juliana-Dal-Pica.png","contentUrl":"https:\/\/latamjournalismreview.org\/wp-content\/uploads\/2025\/03\/Cinco-Preguntas-ES-Juliana-Dal-Pica.png","width":507,"height":340},{"@type":"BreadcrumbList","@id":"https:\/\/latamjournalismreview.org\/es\/articles\/el-camino-hacia-la-destruccion-de-la-democracia-es-el-olvido-afirma-juliana-dal-piva-periodista-que-escribio-libro-sobre-el-asesinato-de-politico-brasileno\/#breadcrumb","itemListElement":[{"@type":"ListItem","position":1,"name":"Home","item":"https:\/\/latamjournalismreview.org\/es\/"},{"@type":"ListItem","position":2,"name":"\u201cEl camino hacia la destrucci\u00f3n de la democracia es el olvido\u201d, afirma Juliana Dal Piva, periodista que escribi\u00f3 libro sobre el asesinato de pol\u00edtico brasile\u00f1o"}]},{"@type":"WebSite","@id":"https:\/\/latamjournalismreview.org\/es\/#website","url":"https:\/\/latamjournalismreview.org\/es\/","name":"LatAm Journalism Review","description":"Knight Center at The University of Texas","publisher":{"@id":"https:\/\/latamjournalismreview.org\/es\/#organization"},"potentialAction":[{"@type":"SearchAction","target":{"@type":"EntryPoint","urlTemplate":"https:\/\/latamjournalismreview.org\/es\/?s={search_term_string}"},"query-input":{"@type":"PropertyValueSpecification","valueRequired":true,"valueName":"search_term_string"}}],"inLanguage":"es"},{"@type":"Organization","@id":"https:\/\/latamjournalismreview.org\/es\/#organization","name":"LatAm Journalism Review","url":"https:\/\/latamjournalismreview.org\/es\/","logo":{"@type":"ImageObject","inLanguage":"es","@id":"https:\/\/latamjournalismreview.org\/es\/#\/schema\/logo\/image\/","url":"https:\/\/latamjournalismreview.org\/wp-content\/uploads\/2020\/05\/knight-latAm-review-logo.svg","contentUrl":"https:\/\/latamjournalismreview.org\/wp-content\/uploads\/2020\/05\/knight-latAm-review-logo.svg","width":"1024","height":"1024","caption":"LatAm Journalism Review"},"image":{"@id":"https:\/\/latamjournalismreview.org\/es\/#\/schema\/logo\/image\/"},"sameAs":["https:\/\/x.com\/LatAmJournalism"]},{"@type":"Person","@id":"https:\/\/latamjournalismreview.org\/es\/#\/schema\/person\/157ecb69b9dea7b2feede60b43e2f0ae","name":"Marta Szpacenkopf","url":"https:\/\/latamjournalismreview.org\/es\/articles\/author\/marta-szpacenkopf\/"}]}},"_links":{"self":[{"href":"https:\/\/latamjournalismreview.org\/es\/wp-json\/wp\/v2\/posts\/119298","targetHints":{"allow":["GET"]}}],"collection":[{"href":"https:\/\/latamjournalismreview.org\/es\/wp-json\/wp\/v2\/posts"}],"about":[{"href":"https:\/\/latamjournalismreview.org\/es\/wp-json\/wp\/v2\/types\/post"}],"author":[{"embeddable":true,"href":"https:\/\/latamjournalismreview.org\/es\/wp-json\/wp\/v2\/users\/71"}],"replies":[{"embeddable":true,"href":"https:\/\/latamjournalismreview.org\/es\/wp-json\/wp\/v2\/comments?post=119298"}],"version-history":[{"count":6,"href":"https:\/\/latamjournalismreview.org\/es\/wp-json\/wp\/v2\/posts\/119298\/revisions"}],"predecessor-version":[{"id":119330,"href":"https:\/\/latamjournalismreview.org\/es\/wp-json\/wp\/v2\/posts\/119298\/revisions\/119330"}],"wp:featuredmedia":[{"embeddable":true,"href":"https:\/\/latamjournalismreview.org\/es\/wp-json\/wp\/v2\/media\/119301"}],"wp:attachment":[{"href":"https:\/\/latamjournalismreview.org\/es\/wp-json\/wp\/v2\/media?parent=119298"}],"wp:term":[{"taxonomy":"category","embeddable":true,"href":"https:\/\/latamjournalismreview.org\/es\/wp-json\/wp\/v2\/categories?post=119298"},{"taxonomy":"post_tag","embeddable":true,"href":"https:\/\/latamjournalismreview.org\/es\/wp-json\/wp\/v2\/tags?post=119298"},{"taxonomy":"author","embeddable":true,"href":"https:\/\/latamjournalismreview.org\/es\/wp-json\/wp\/v2\/coauthors?post=119298"}],"curies":[{"name":"wp","href":"https:\/\/api.w.org\/{rel}","templated":true}]}}