{"id":1207,"date":"2020-03-11T22:54:01","date_gmt":"2020-03-12T03:54:01","guid":{"rendered":"https:\/\/live-lajr.pantheonsite.io\/?p=1207"},"modified":"2020-06-02T20:58:01","modified_gmt":"2020-06-03T01:58:01","slug":"nuevo-podcast-de-radio-ambulante-el-hilo-quiere-explicar-las-noticias-con-un-formato-narrativo-y-enfocarse-en-america-latina","status":"publish","type":"post","link":"https:\/\/latamjournalismreview.org\/es\/articles\/nuevo-podcast-de-radio-ambulante-el-hilo-quiere-explicar-las-noticias-con-un-formato-narrativo-y-enfocarse-en-america-latina\/","title":{"rendered":"Nuevo podcast de Radio Ambulante, El Hilo, quiere explicar las noticias con un formato narrativo y enfocarse en Am\u00e9rica Latina"},"content":{"rendered":"<p>Radio Ambulante, que ha mantenido un galardonado y reconocido podcast sobre historias latinoamericanas durante ocho a\u00f1os, adem\u00e1s de invertir en\u00a0<a href=\"https:\/\/knightcenter.utexas.edu\/es\/blog\/00-20825-con-%E2%80%9Cclubes-de-escucha%E2%80%9D-radio-ambulante-quiere-acercar-america-latina-al-podcast\" target=\"_blank\" rel=\"noopener noreferrer\">clubes de escucha<\/a>\u00a0y en\u00a0<a href=\"https:\/\/radioambulante.org\/en\/education\/lupa\" target=\"_blank\" rel=\"noopener noreferrer\">una aplicaci\u00f3n de ense\u00f1anza de espa\u00f1ol<\/a>, lanzar\u00e1, en unas semanas, un producto con un enfoque m\u00e1s noticioso. El nuevo podcast, El Hilo, explicar\u00e1 y profundizar\u00e1, en formato narrativo, los principales titulares sobre Am\u00e9rica Latina o temas globales con una perspectiva latinoamericana.<\/p>\n<p>El podcast ser\u00e1 presentado por la productora ejecutiva de El Hilo, Silvia Vi\u00f1as, y el editor de proyectos especiales para el peri\u00f3dico espa\u00f1ol El Pa\u00eds, Eliezer Budasoff. Vi\u00f1as naci\u00f3 en Uruguay y vivi\u00f3 en cinco pa\u00edses latinoamericanos, y Budasoff es argentino. El podcast, en espa\u00f1ol, ser\u00e1 transmitido todos los viernes por la ma\u00f1ana, horario de Nueva York, Estados Unidos (hora est\u00e1ndar del este). \u201cLa idea es que sea lo primero que escuchas el viernes, para terminar la semana\u201d, dijo Vi\u00f1as al\u00a0<strong>Centro Knight<\/strong>.<\/p>\n<p>El podcast utilizar\u00e1 las t\u00e9cnicas narrativas y la est\u00e9tica de Radio Ambulante, que en 2019 alcanz\u00f3 5.5 millones de descargas, para ir m\u00e1s all\u00e1 de los titulares y ayudar al oyente a comprender las noticias de Am\u00e9rica Latina, \u201cesta regi\u00f3n tan compleja, tan grande y donde pasan tantas cosas\u201d, dijo Vi\u00f1as.<\/p>\n<div>\n<div style=\"width: 334px\" class=\"wp-caption alignright\"><a href=\"http:\/\/elhilo.audio\/\" target=\"_blank\" rel=\"noopener noreferrer\"><img loading=\"lazy\" decoding=\"async\" src=\"https:\/\/live.staticflickr.com\/65535\/49648606881_85b05eabc8_o.png\" alt=\"El nuevo podcast El Hilo ser\u00e1 lanzado en algunas semanas.\" width=\"324\" height=\"324\" \/><\/a><p class=\"wp-caption-text\">El nuevo podcast El Hilo ser\u00e1 lanzado en algunas semanas.<\/p><\/div>\n<\/div>\n<p>\u201cHac\u00eda falta algo as\u00ed, un podcast que explique, que d\u00e9 contexto, que d\u00e9 an\u00e1lisis, pero a la vez que haga todo eso de una forma narrativa. Eso significa tener audio de archivo, clips de noticias, tener entrevistas, no solo con periodistas que te cuenten lo que est\u00e1 pasando, sino con personas que son protagonistas de estas noticias\u201d, agreg\u00f3.<\/p>\n<p>Para Budasoff, El Hilo nace con la experiencia acumulada de los periodistas de Radio Ambulante, quienes son, en sus palabras, \u201clos mejores\u00a0<em>storytellers<\/em>\u00a0en audio en espa\u00f1ol\u201d. Hasta la fecha, Radio Ambulante ha contado 130 historias producidas en m\u00e1s de 20 pa\u00edses.<\/p>\n<p>Seg\u00fan el periodista, existe una demanda del p\u00fablico por comprender los problemas regionales. \u201cEn realidad hay mucha informaci\u00f3n dando vueltas en las redes sociales y en los medios, pero el problema es que es complicado llegar a una cierta profundidad. Hay medios internacionales que cubren esas historias de maneras muy buenas, lo hac\u00eda el New York Times en Espa\u00f1ol, El Pa\u00eds de ahora lo hace, pero no hab\u00eda nada as\u00ed en el mercado de audio\u201d, dijo Budasoff al\u00a0<strong>Centro Knight<\/strong>. \u00c9l dice que es posible encontrar productos similares dentro de cada pa\u00eds en la regi\u00f3n, pero no dirigido a toda Am\u00e9rica Latina.<\/p>\n<p>\u201cNosotros los periodistas nos confundimos pensando que toda la gente sigue las noticias tal cual como nosotros, que somos medio adictos a la informaci\u00f3n, pero no sucede as\u00ed. Y a veces uno tiene el deseo de elegir un producto que te permita en pocos minutos, de manera din\u00e1mica y humana, entender qu\u00e9 est\u00e1 sucediendo\u201d, explic\u00f3.<\/p>\n<p>Seg\u00fan Budasoff, la mayor\u00eda de los episodios traer\u00e1n periodistas y expertos para discutir un tema importante de la semana en la regi\u00f3n. Vi\u00f1as da el ejemplo de un episodio piloto que habla sobre el aborto en Ecuador. En el programa, una periodista de Radio Ambulante cuenta una historia sobre una ni\u00f1a que pr\u00e1cticamente se vio obligada a tener un hijo. A trav\u00e9s de este caso, dice Vi\u00f1as, el oyente comprende la situaci\u00f3n del aborto en el pa\u00eds.<\/p>\n<p>\u201cOtros episodios quiz\u00e1s van a ser m\u00e1s explicativos, dependiendo del tema, pero siempre vamos buscar un arco narrativo, con personajes. Incluso si es un periodista cont\u00e1ndonos algo, si \u00e9l est\u00e1 en cuarentena, por ejemplo. Queremos saber la historia de ese periodista cubriendo coronavirus, c\u00f3mo es para esa persona. Y que ellos nos cuenten historias de personas que conocen, porque eso es mucho m\u00e1s poderoso que simplemente dar datos\u201d, asegur\u00f3 Vi\u00f1as.<\/p>\n<p>Seg\u00fan ella, el podcast se centrar\u00e1 en Am\u00e9rica Latina, pero tambi\u00e9n abordar\u00e1 problemas globales, como el coronavirus. \u201cO la crisis clim\u00e1tica, por ejemplo. Queremos hacer un episodio o varios sobre el tema y c\u00f3mo se est\u00e1 viviendo eso en Latinoam\u00e9rica. Y nos interesa much\u00edsimo cubrir Estados Unidos, sabemos que a los oyentes latinoamericanos les puede interesar c\u00f3mo funciona esto del\u00a0<em>Super Tuesday<\/em>, por ejemplo\u201d.<\/p>\n<div>\n<div style=\"width: 288px\" class=\"wp-caption alignleft\"><a href=\"http:\/\/elhilo.audio\/\" target=\"_blank\" rel=\"noopener noreferrer\"><img loading=\"lazy\" decoding=\"async\" class=\"\" src=\"https:\/\/live.staticflickr.com\/65535\/49648072198_927d0b4678_o.jpg\" alt=\"Executive producer of El Hilo, Vi\u00f1as. Photo: Personal archive\" width=\"278\" height=\"278\" \/><\/a><p class=\"wp-caption-text\">Executive producer of El Hilo, Vi\u00f1as. Photo: Personal archive<\/p><\/div>\n<\/div>\n<p>Junto con el podcast, El Hilo lanzar\u00e1 un bolet\u00edn semanal que, adem\u00e1s del enlace con el episodio, presentar\u00e1 informaci\u00f3n adicional sobre la historia y los enlaces recomendados. Tambi\u00e9n incluir\u00e1 un resumen de noticias sobre Am\u00e9rica Latina y el mundo, as\u00ed como recomendaciones sobre pel\u00edculas y libros. Las personas interesadas pueden suscribirse ya\u00a0<a href=\"http:\/\/elhilo.audio\/\" target=\"_blank\" rel=\"noopener noreferrer\">en este enlace<\/a>.<\/p>\n<p>Con esta propuesta, los creadores pensaron en el nombre El Hilo, que proviene de la popularidad de los hilos en Twitter. \u201cEsto de abrir un hilo, explicar y dar contexto, de tomar una noticia y darle una perspectiva diferente, una historia que es como \u2018uau\u2019, esa idea nos gusta mucho\u201d, dijo Vi\u00f1as.<\/p>\n<p>Una gran diferencia del nuevo producto, en comparaci\u00f3n con el podcast Radio Ambulante, es el tiempo de producci\u00f3n. El objetivo es hacerlo sobre temas candentes, que ocurrieron en la propia semana del podcast, en la anterior o que est\u00e1n programados para la semana siguiente. Vi\u00f1a dice que algunos episodios pueden ser sobre temas menos urgentes, que no reciben la debida atenci\u00f3n por otros medios.<\/p>\n<p>\u201cMas la mayor\u00eda de los episodios ser\u00e1n noticiosos y se producir\u00e1n en menos de una semana, lo cual es muy r\u00e1pido. No es como Radio Ambulante, que puede preparar muchos episodios antes de lanzar la temporada. No podemos preparar tantos, reaccionaremos a lo que suceder\u00e1 semana a semana\u201d, dijo.<\/p>\n<p>Para saber si el proyecto era viable, el equipo ha estado haciendo pilotos desde julio de 2019. Y solo unos pocos podr\u00e1n ser utilizados, ya que muchos se refer\u00edan a noticias de ese entonces.<\/p>\n<p>\u201cHemos estado mucho tiempo trabajando en esto antes de lanzar, para probar el flujo de trabajo, ajustar y para entrar nosotros en la m\u00e1quina de producir un episodio de 20 a 30 minutos, con entrevistas, archivo, m\u00fasica original, narraci\u00f3n, en pocos d\u00edas. Eso es lo que hemos estado practicando\u201d, explic\u00f3.<\/p>\n<p>El ritmo y el formato ya se hab\u00edan probado antes, con \u00e9xito, en algunos episodios de Radio Ambulante. La primera vez fue con el\u00a0<a href=\"https:\/\/radioambulante.org\/audio\/terremoto\" target=\"_blank\" rel=\"noopener noreferrer\">terremoto en M\u00e9xico en 2017<\/a>\u00a0y luego con los\u00a0<a href=\"https:\/\/radioambulante.org\/transcripcion\/transcripcion-el-apagon\" target=\"_blank\" rel=\"noopener noreferrer\">apagones en Venezuela en 2019<\/a>.<\/p>\n<p>\u201cEn aquel momento, como equipo, dijimos: \u2018oye, \u00bfqu\u00e9 pasa si intentamos sacar algo en dos o tres d\u00edas?\u2019. Y fue un trabajo de equipo incre\u00edble, en que todos hicimos algo. Y lo logramos. Entonces nos quedamos con la idea de que podr\u00edamos hacer eso m\u00e1s. Es una locura y es mucho trabajo, pero nos gust\u00f3\u201d, cont\u00f3.<\/p>\n<p>El equipo responsable de El Hilo est\u00e1 compuesto por seis personas, repartidas por todo el mundo, muchas de las cuales trabajan para Radio Ambulante. Vi\u00f1as vive en Londres y Budasoff vive en Ciudad de M\u00e9xico, donde tambi\u00e9n trabaja para El Pa\u00eds. Carolina Guerrero y Daniel Alarc\u00f3n forman el equipo ejecutivo y trabajan desde Estados Unidos. Espec\u00edficamente para El Hilo fueron contratados un productor, \u00c1lvaro C\u00e9spedes, con sede en Ciudad de M\u00e9xico, y un dise\u00f1ador de sonido, El\u00edas Gonz\u00e1lez, que vive en Berl\u00edn. Tambi\u00e9n cuentan con la periodista Andrea L\u00f3pez-Cruzado, que vive en Estados Unidos.<\/p>\n<div>\n<div style=\"width: 312px\" class=\"wp-caption alignright\"><a href=\"http:\/\/elhilo.audio\/\" target=\"_blank\" rel=\"noopener noreferrer\"><img loading=\"lazy\" decoding=\"async\" src=\"https:\/\/live.staticflickr.com\/65535\/49648606836_0e18d2bbe8_o.jpg\" alt=\"El presentador de El Hilo Eliezer Budasoff. (Foto: cortes\u00eda).\" width=\"302\" height=\"201\" \/><\/a><p class=\"wp-caption-text\">El presentador de El Hilo Eliezer Budasoff. (Foto: cortes\u00eda).<\/p><\/div>\n<\/div>\n<p>Vi\u00f1as dice que tener un equipo separado en diferentes pa\u00edses y zonas horarias ayuda mucho al flujo de trabajo. \u201cAs\u00ed es Radio Ambulante tambi\u00e9n, as\u00ed es como hemos trabajado por todos estos a\u00f1os y ha funcionado. La verdad es que es una gran ventaja. Yo trabajo por la ma\u00f1ana y cuando ellos se despiertan, yo ya edit\u00e9 un gui\u00f3n\u201d, dijo.<\/p>\n<p>La periodista dice que, con un equipo peque\u00f1o, todo el mundo hace todo: editar, informar, producir. \u201cPero es bueno porque todos aprendemos y nos ayudamos. Esperamos poder crecer pronto porque s\u00ed necesitamos m\u00e1s manos\u201d.<\/p>\n<p>Para cubrir Am\u00e9rica Latina, Vi\u00f1as y Budasoff aprovechar\u00e1n una red de reporteros, construida durante a\u00f1os de experiencia como editores. \u201cTenemos una red de periodistas que ya conocemos, por Radio Ambulante, o por el trabajo para el New York Times en Espa\u00f1ol, ahora para El Pa\u00eds, antes para Etiqueta Negra\u201d.<\/p>\n<p>Del mismo modo, Budasoff fue el director editorial de The New York Times en espa\u00f1ol, antes de trabajar como editor de El Pa\u00eds Am\u00e9rica. \u00c9l dice que ten\u00eda ganas de aprovechar las conversaciones que mantuvo con los periodistas y colaboradores de la regi\u00f3n, que formaban parte de su rutina. \u201cPorque ese es el trabajo de un editor, ir hablando [con los reporteros] hasta encontrar las historias adecuadas. Hacer eso en formato de entrevista y poder compartir gran parte del trasfondo de las historias, eso era algo que nos hubiese gustado escuchar [como oyentes]\u201d, asegur\u00f3.<\/p>\n<p>Budasoff cuenta otra raz\u00f3n m\u00e1s para ingresar al mundo de los podcasts. Quer\u00eda \u201csalir un poco detr\u00e1s del texto\u201d. \u201cEn t\u00e9rminos personales, yo trabajo hace tiempo como editor, que es una actividad que me gusta mucho, pero que no siempre deja mucho margen para que uno pueda hacer periodismo uno mismo. Me hac\u00eda mucha ilusi\u00f3n volver a hacer un poco m\u00e1s de periodismo en primera persona\u201d.<\/p>\n","protected":false},"excerpt":{"rendered":"<p>Radio Ambulante, que ha mantenido un galardonado y reconocido podcast sobre historias latinoamericanas durante ocho a\u00f1os, adem\u00e1s de invertir en clubes de escucha y en una aplicaci\u00f3n de ense\u00f1anza de espa\u00f1ol, lanzar\u00e1, en unas semanas, un producto con un enfoque m\u00e1s noticioso. El nuevo podcast, El Hilo, explicar\u00e1 y profundizar\u00e1, en formato narrativo, los principales titulares sobre Am\u00e9rica Latina o temas globales con una perspectiva latinoamericana.<\/p>\n","protected":false},"author":6,"featured_media":1205,"comment_status":"closed","ping_status":"closed","sticky":false,"template":"","format":"standard","meta":{"inline_featured_image":false,"footnotes":""},"categories":[1218],"tags":[1507],"coauthors":[],"class_list":["post-1207","post","type-post","status-publish","format-standard","has-post-thumbnail","hentry","category-innovacion-es","tag-podcast-es"],"acf":[],"yoast_head":"<!-- This site is optimized with the Yoast SEO Premium plugin v22.6 (Yoast SEO v27.4) - https:\/\/yoast.com\/product\/yoast-seo-premium-wordpress\/ -->\n<title>Nuevo podcast de Radio Ambulante, El Hilo, quiere explicar las noticias con un formato narrativo y enfocarse en Am\u00e9rica Latina - LatAm Journalism Review<\/title>\n<meta name=\"description\" content=\"Radio Ambulante, que ha mantenido un galardonado y reconocido podcast sobre historias latinoamericanas durante ocho a\u00f1os, adem\u00e1s de invertir en clubes de escucha y en una aplicaci\u00f3n de ense\u00f1anza de espa\u00f1ol, lanzar\u00e1, en unas semanas, un producto con un enfoque m\u00e1s noticioso. El nuevo podcast, El Hilo, explicar\u00e1 y profundizar\u00e1, en formato narrativo, los principales titulares sobre Am\u00e9rica Latina o temas globales con una perspectiva latinoamericana.\" \/>\n<meta name=\"robots\" content=\"index, follow, max-snippet:-1, max-image-preview:large, max-video-preview:-1\" \/>\n<link rel=\"canonical\" href=\"https:\/\/latamjournalismreview.org\/es\/articles\/nuevo-podcast-de-radio-ambulante-el-hilo-quiere-explicar-las-noticias-con-un-formato-narrativo-y-enfocarse-en-america-latina\/\" \/>\n<meta property=\"og:locale\" content=\"es_ES\" \/>\n<meta property=\"og:type\" content=\"article\" \/>\n<meta property=\"og:title\" content=\"Nuevo podcast de Radio Ambulante, El Hilo, quiere explicar las noticias con un formato narrativo y enfocarse en Am\u00e9rica Latina\" \/>\n<meta property=\"og:description\" content=\"Radio Ambulante, que ha mantenido un galardonado y reconocido podcast sobre historias latinoamericanas durante ocho a\u00f1os, adem\u00e1s de invertir en clubes de escucha y en una aplicaci\u00f3n de ense\u00f1anza de espa\u00f1ol, lanzar\u00e1, en unas semanas, un producto con un enfoque m\u00e1s noticioso. El nuevo podcast, El Hilo, explicar\u00e1 y profundizar\u00e1, en formato narrativo, los principales titulares sobre Am\u00e9rica Latina o temas globales con una perspectiva latinoamericana.\" \/>\n<meta property=\"og:url\" content=\"https:\/\/latamjournalismreview.org\/es\/articles\/nuevo-podcast-de-radio-ambulante-el-hilo-quiere-explicar-las-noticias-con-un-formato-narrativo-y-enfocarse-en-america-latina\/\" \/>\n<meta property=\"og:site_name\" content=\"LatAm Journalism Review\" \/>\n<meta property=\"article:published_time\" content=\"2020-03-12T03:54:01+00:00\" \/>\n<meta property=\"article:modified_time\" content=\"2020-06-03T01:58:01+00:00\" \/>\n<meta property=\"og:image\" content=\"https:\/\/latamjournalismreview.org\/wp-content\/uploads\/2020\/05\/49648606881_85b05eabc8_o-e1590716944692.png\" \/>\n\t<meta property=\"og:image:width\" content=\"507\" \/>\n\t<meta property=\"og:image:height\" content=\"507\" \/>\n\t<meta property=\"og:image:type\" content=\"image\/png\" \/>\n<meta name=\"author\" content=\"Marina Estarque\" \/>\n<meta name=\"twitter:card\" content=\"summary_large_image\" \/>\n<meta name=\"twitter:creator\" content=\"@MarinaEstarque\" \/>\n<meta name=\"twitter:site\" content=\"@LatAmJournalism\" \/>\n<meta name=\"twitter:label1\" content=\"Written by\" \/>\n\t<meta name=\"twitter:data1\" content=\"Marina Estarque\" \/>\n\t<meta name=\"twitter:label2\" content=\"Est. reading time\" \/>\n\t<meta name=\"twitter:data2\" content=\"8 minutos\" \/>\n<script type=\"application\/ld+json\" class=\"yoast-schema-graph\">{\"@context\":\"https:\\\/\\\/schema.org\",\"@graph\":[{\"@type\":\"Article\",\"@id\":\"https:\\\/\\\/latamjournalismreview.org\\\/es\\\/articles\\\/nuevo-podcast-de-radio-ambulante-el-hilo-quiere-explicar-las-noticias-con-un-formato-narrativo-y-enfocarse-en-america-latina\\\/#article\",\"isPartOf\":{\"@id\":\"https:\\\/\\\/latamjournalismreview.org\\\/es\\\/articles\\\/nuevo-podcast-de-radio-ambulante-el-hilo-quiere-explicar-las-noticias-con-un-formato-narrativo-y-enfocarse-en-america-latina\\\/\"},\"author\":{\"name\":\"Marina Estarque\",\"@id\":\"https:\\\/\\\/latamjournalismreview.org\\\/es\\\/#\\\/schema\\\/person\\\/041964d0921c867b6226b459cd5bf28b\"},\"headline\":\"Nuevo podcast de Radio Ambulante, El Hilo, quiere explicar las noticias con un formato narrativo y enfocarse en Am\u00e9rica Latina\",\"datePublished\":\"2020-03-12T03:54:01+00:00\",\"dateModified\":\"2020-06-03T01:58:01+00:00\",\"mainEntityOfPage\":{\"@id\":\"https:\\\/\\\/latamjournalismreview.org\\\/es\\\/articles\\\/nuevo-podcast-de-radio-ambulante-el-hilo-quiere-explicar-las-noticias-con-un-formato-narrativo-y-enfocarse-en-america-latina\\\/\"},\"wordCount\":1657,\"publisher\":{\"@id\":\"https:\\\/\\\/latamjournalismreview.org\\\/es\\\/#organization\"},\"image\":{\"@id\":\"https:\\\/\\\/latamjournalismreview.org\\\/es\\\/articles\\\/nuevo-podcast-de-radio-ambulante-el-hilo-quiere-explicar-las-noticias-con-un-formato-narrativo-y-enfocarse-en-america-latina\\\/#primaryimage\"},\"thumbnailUrl\":\"https:\\\/\\\/latamjournalismreview.org\\\/wp-content\\\/uploads\\\/2020\\\/05\\\/49648606881_85b05eabc8_o-e1590716944692.png\",\"keywords\":[\"Podcast\"],\"articleSection\":[\"Innovaci\u00f3n\"],\"inLanguage\":\"es\"},{\"@type\":\"WebPage\",\"@id\":\"https:\\\/\\\/latamjournalismreview.org\\\/es\\\/articles\\\/nuevo-podcast-de-radio-ambulante-el-hilo-quiere-explicar-las-noticias-con-un-formato-narrativo-y-enfocarse-en-america-latina\\\/\",\"url\":\"https:\\\/\\\/latamjournalismreview.org\\\/es\\\/articles\\\/nuevo-podcast-de-radio-ambulante-el-hilo-quiere-explicar-las-noticias-con-un-formato-narrativo-y-enfocarse-en-america-latina\\\/\",\"name\":\"Nuevo podcast de Radio Ambulante, El Hilo, quiere explicar las noticias con un formato narrativo y enfocarse en Am\u00e9rica Latina - LatAm Journalism Review\",\"isPartOf\":{\"@id\":\"https:\\\/\\\/latamjournalismreview.org\\\/es\\\/#website\"},\"primaryImageOfPage\":{\"@id\":\"https:\\\/\\\/latamjournalismreview.org\\\/es\\\/articles\\\/nuevo-podcast-de-radio-ambulante-el-hilo-quiere-explicar-las-noticias-con-un-formato-narrativo-y-enfocarse-en-america-latina\\\/#primaryimage\"},\"image\":{\"@id\":\"https:\\\/\\\/latamjournalismreview.org\\\/es\\\/articles\\\/nuevo-podcast-de-radio-ambulante-el-hilo-quiere-explicar-las-noticias-con-un-formato-narrativo-y-enfocarse-en-america-latina\\\/#primaryimage\"},\"thumbnailUrl\":\"https:\\\/\\\/latamjournalismreview.org\\\/wp-content\\\/uploads\\\/2020\\\/05\\\/49648606881_85b05eabc8_o-e1590716944692.png\",\"datePublished\":\"2020-03-12T03:54:01+00:00\",\"dateModified\":\"2020-06-03T01:58:01+00:00\",\"description\":\"Radio Ambulante, que ha mantenido un galardonado y reconocido podcast sobre historias latinoamericanas durante ocho a\u00f1os, adem\u00e1s de invertir en clubes de escucha y en una aplicaci\u00f3n de ense\u00f1anza de espa\u00f1ol, lanzar\u00e1, en unas semanas, un producto con un enfoque m\u00e1s noticioso. El nuevo podcast, El Hilo, explicar\u00e1 y profundizar\u00e1, en formato narrativo, los principales titulares sobre Am\u00e9rica Latina o temas globales con una perspectiva latinoamericana.\",\"breadcrumb\":{\"@id\":\"https:\\\/\\\/latamjournalismreview.org\\\/es\\\/articles\\\/nuevo-podcast-de-radio-ambulante-el-hilo-quiere-explicar-las-noticias-con-un-formato-narrativo-y-enfocarse-en-america-latina\\\/#breadcrumb\"},\"inLanguage\":\"es\",\"potentialAction\":[{\"@type\":\"ReadAction\",\"target\":[\"https:\\\/\\\/latamjournalismreview.org\\\/es\\\/articles\\\/nuevo-podcast-de-radio-ambulante-el-hilo-quiere-explicar-las-noticias-con-un-formato-narrativo-y-enfocarse-en-america-latina\\\/\"]}]},{\"@type\":\"ImageObject\",\"inLanguage\":\"es\",\"@id\":\"https:\\\/\\\/latamjournalismreview.org\\\/es\\\/articles\\\/nuevo-podcast-de-radio-ambulante-el-hilo-quiere-explicar-las-noticias-con-un-formato-narrativo-y-enfocarse-en-america-latina\\\/#primaryimage\",\"url\":\"https:\\\/\\\/latamjournalismreview.org\\\/wp-content\\\/uploads\\\/2020\\\/05\\\/49648606881_85b05eabc8_o-e1590716944692.png\",\"contentUrl\":\"https:\\\/\\\/latamjournalismreview.org\\\/wp-content\\\/uploads\\\/2020\\\/05\\\/49648606881_85b05eabc8_o-e1590716944692.png\",\"width\":507,\"height\":507,\"caption\":\"The new podcast El Hilo will launch in a few weeks\"},{\"@type\":\"BreadcrumbList\",\"@id\":\"https:\\\/\\\/latamjournalismreview.org\\\/es\\\/articles\\\/nuevo-podcast-de-radio-ambulante-el-hilo-quiere-explicar-las-noticias-con-un-formato-narrativo-y-enfocarse-en-america-latina\\\/#breadcrumb\",\"itemListElement\":[{\"@type\":\"ListItem\",\"position\":1,\"name\":\"Home\",\"item\":\"https:\\\/\\\/latamjournalismreview.org\\\/es\\\/\"},{\"@type\":\"ListItem\",\"position\":2,\"name\":\"Nuevo podcast de Radio Ambulante, El Hilo, quiere explicar las noticias con un formato narrativo y enfocarse en Am\u00e9rica Latina\"}]},{\"@type\":\"WebSite\",\"@id\":\"https:\\\/\\\/latamjournalismreview.org\\\/es\\\/#website\",\"url\":\"https:\\\/\\\/latamjournalismreview.org\\\/es\\\/\",\"name\":\"LatAm Journalism Review\",\"description\":\"Knight Center at The University of Texas\",\"publisher\":{\"@id\":\"https:\\\/\\\/latamjournalismreview.org\\\/es\\\/#organization\"},\"potentialAction\":[{\"@type\":\"SearchAction\",\"target\":{\"@type\":\"EntryPoint\",\"urlTemplate\":\"https:\\\/\\\/latamjournalismreview.org\\\/es\\\/?s={search_term_string}\"},\"query-input\":{\"@type\":\"PropertyValueSpecification\",\"valueRequired\":true,\"valueName\":\"search_term_string\"}}],\"inLanguage\":\"es\"},{\"@type\":\"Organization\",\"@id\":\"https:\\\/\\\/latamjournalismreview.org\\\/es\\\/#organization\",\"name\":\"LatAm Journalism Review\",\"url\":\"https:\\\/\\\/latamjournalismreview.org\\\/es\\\/\",\"logo\":{\"@type\":\"ImageObject\",\"inLanguage\":\"es\",\"@id\":\"https:\\\/\\\/latamjournalismreview.org\\\/es\\\/#\\\/schema\\\/logo\\\/image\\\/\",\"url\":\"https:\\\/\\\/latamjournalismreview.org\\\/wp-content\\\/uploads\\\/2020\\\/05\\\/knight-latAm-review-logo.svg\",\"contentUrl\":\"https:\\\/\\\/latamjournalismreview.org\\\/wp-content\\\/uploads\\\/2020\\\/05\\\/knight-latAm-review-logo.svg\",\"width\":\"1024\",\"height\":\"1024\",\"caption\":\"LatAm Journalism Review\"},\"image\":{\"@id\":\"https:\\\/\\\/latamjournalismreview.org\\\/es\\\/#\\\/schema\\\/logo\\\/image\\\/\"},\"sameAs\":[\"https:\\\/\\\/x.com\\\/LatAmJournalism\"]},{\"@type\":\"Person\",\"@id\":\"https:\\\/\\\/latamjournalismreview.org\\\/es\\\/#\\\/schema\\\/person\\\/041964d0921c867b6226b459cd5bf28b\",\"name\":\"Marina Estarque\",\"description\":\"Marina Estarque is a Brazilian journalist living in S\u00e3o Paulo. She has worked for Brazilian news organizations such as Folha de S.Paulo, O Estado de S. Paulo, O Dia and the fact-checking agency Lupa. Marina was a correspondent in Brazil for the German international broadcaster Deutsche Welle and a radio reporter for DW Africa in Germany. She also worked as a reporter for United Nations Radio, in New York, and for Spanish newspaper La Voz de Galicia. Marina graduated in Journalism from the Federal University of Rio de Janeiro and has a Master\u2019s degree in Editorial Journalism from the University of A Coru\u00f1a (Spain). Marina Estarque es una periodista brasile\u00f1a que vive en S\u00e3o Paulo. Ella ha trabajado para diversas organizaciones period\u00edsticas como Folha de S.Paulo, O Estado de S. Paulo, O Dia y en la agencia de fact-checking Lupa. Marina ha sido corresponsal en Brasil del canal internacional alem\u00e1n Deutsche Welle y reportera de radio de DW \u00c1frica en Alemania. Tambi\u00e9n trabaj\u00f3 como reportera de Radio de las Naciones Unidas en Nueva York y en el diario espa\u00f1ol La Voz de Galicia. Marina tiene una maestr\u00eda en edici\u00f3n period\u00edstica de la Universidad de Coru\u00f1a (Espa\u00f1a) y se gradu\u00f3 en periodismo en la Universidad Federal de R\u00edo de Janeiro. Marina Estarque \u00e9 uma jornalista brasileira que vive em S\u00e3o Paulo. Ela trabalhou para ve\u00edculos como Folha de S.Paulo, O Estado de S. Paulo, O Dia e a ag\u00eancia de fact-checking Lupa. Marina foi correspondente no Brasil para a emissora internacional da Alemanha, a Deutsche Welle, e rep\u00f3rter de r\u00e1dio para a DW \u00c1frica na Alemanha. Ela tamb\u00e9m foi rep\u00f3rter da R\u00e1dio das Na\u00e7\u00f5es Unidas em Nova York e do jornal espanhol La Voz de Galicia. Marina \u00e9 mestre em edi\u00e7\u00e3o jornal\u00edstica pela Universidade da Coru\u00f1a (Espanha) e graduada em jornalismo pela Universidade Federal do Rio de Janeiro.\",\"sameAs\":[\"https:\\\/\\\/x.com\\\/MarinaEstarque\"],\"url\":\"https:\\\/\\\/latamjournalismreview.org\\\/es\\\/articles\\\/author\\\/marina-estarque\\\/\"}]}<\/script>\n<!-- \/ Yoast SEO Premium plugin. -->","yoast_head_json":{"title":"Nuevo podcast de Radio Ambulante, El Hilo, quiere explicar las noticias con un formato narrativo y enfocarse en Am\u00e9rica Latina - LatAm Journalism Review","description":"Radio Ambulante, que ha mantenido un galardonado y reconocido podcast sobre historias latinoamericanas durante ocho a\u00f1os, adem\u00e1s de invertir en clubes de escucha y en una aplicaci\u00f3n de ense\u00f1anza de espa\u00f1ol, lanzar\u00e1, en unas semanas, un producto con un enfoque m\u00e1s noticioso. El nuevo podcast, El Hilo, explicar\u00e1 y profundizar\u00e1, en formato narrativo, los principales titulares sobre Am\u00e9rica Latina o temas globales con una perspectiva latinoamericana.","robots":{"index":"index","follow":"follow","max-snippet":"max-snippet:-1","max-image-preview":"max-image-preview:large","max-video-preview":"max-video-preview:-1"},"canonical":"https:\/\/latamjournalismreview.org\/es\/articles\/nuevo-podcast-de-radio-ambulante-el-hilo-quiere-explicar-las-noticias-con-un-formato-narrativo-y-enfocarse-en-america-latina\/","og_locale":"es_ES","og_type":"article","og_title":"Nuevo podcast de Radio Ambulante, El Hilo, quiere explicar las noticias con un formato narrativo y enfocarse en Am\u00e9rica Latina","og_description":"Radio Ambulante, que ha mantenido un galardonado y reconocido podcast sobre historias latinoamericanas durante ocho a\u00f1os, adem\u00e1s de invertir en clubes de escucha y en una aplicaci\u00f3n de ense\u00f1anza de espa\u00f1ol, lanzar\u00e1, en unas semanas, un producto con un enfoque m\u00e1s noticioso. El nuevo podcast, El Hilo, explicar\u00e1 y profundizar\u00e1, en formato narrativo, los principales titulares sobre Am\u00e9rica Latina o temas globales con una perspectiva latinoamericana.","og_url":"https:\/\/latamjournalismreview.org\/es\/articles\/nuevo-podcast-de-radio-ambulante-el-hilo-quiere-explicar-las-noticias-con-un-formato-narrativo-y-enfocarse-en-america-latina\/","og_site_name":"LatAm Journalism Review","article_published_time":"2020-03-12T03:54:01+00:00","article_modified_time":"2020-06-03T01:58:01+00:00","og_image":[{"width":507,"height":507,"url":"https:\/\/latamjournalismreview.org\/wp-content\/uploads\/2020\/05\/49648606881_85b05eabc8_o-e1590716944692.png","type":"image\/png"}],"author":"Marina Estarque","twitter_card":"summary_large_image","twitter_creator":"@MarinaEstarque","twitter_site":"@LatAmJournalism","twitter_misc":{"Written by":"Marina Estarque","Est. reading time":"8 minutos"},"schema":{"@context":"https:\/\/schema.org","@graph":[{"@type":"Article","@id":"https:\/\/latamjournalismreview.org\/es\/articles\/nuevo-podcast-de-radio-ambulante-el-hilo-quiere-explicar-las-noticias-con-un-formato-narrativo-y-enfocarse-en-america-latina\/#article","isPartOf":{"@id":"https:\/\/latamjournalismreview.org\/es\/articles\/nuevo-podcast-de-radio-ambulante-el-hilo-quiere-explicar-las-noticias-con-un-formato-narrativo-y-enfocarse-en-america-latina\/"},"author":{"name":"Marina Estarque","@id":"https:\/\/latamjournalismreview.org\/es\/#\/schema\/person\/041964d0921c867b6226b459cd5bf28b"},"headline":"Nuevo podcast de Radio Ambulante, El Hilo, quiere explicar las noticias con un formato narrativo y enfocarse en Am\u00e9rica Latina","datePublished":"2020-03-12T03:54:01+00:00","dateModified":"2020-06-03T01:58:01+00:00","mainEntityOfPage":{"@id":"https:\/\/latamjournalismreview.org\/es\/articles\/nuevo-podcast-de-radio-ambulante-el-hilo-quiere-explicar-las-noticias-con-un-formato-narrativo-y-enfocarse-en-america-latina\/"},"wordCount":1657,"publisher":{"@id":"https:\/\/latamjournalismreview.org\/es\/#organization"},"image":{"@id":"https:\/\/latamjournalismreview.org\/es\/articles\/nuevo-podcast-de-radio-ambulante-el-hilo-quiere-explicar-las-noticias-con-un-formato-narrativo-y-enfocarse-en-america-latina\/#primaryimage"},"thumbnailUrl":"https:\/\/latamjournalismreview.org\/wp-content\/uploads\/2020\/05\/49648606881_85b05eabc8_o-e1590716944692.png","keywords":["Podcast"],"articleSection":["Innovaci\u00f3n"],"inLanguage":"es"},{"@type":"WebPage","@id":"https:\/\/latamjournalismreview.org\/es\/articles\/nuevo-podcast-de-radio-ambulante-el-hilo-quiere-explicar-las-noticias-con-un-formato-narrativo-y-enfocarse-en-america-latina\/","url":"https:\/\/latamjournalismreview.org\/es\/articles\/nuevo-podcast-de-radio-ambulante-el-hilo-quiere-explicar-las-noticias-con-un-formato-narrativo-y-enfocarse-en-america-latina\/","name":"Nuevo podcast de Radio Ambulante, El Hilo, quiere explicar las noticias con un formato narrativo y enfocarse en Am\u00e9rica Latina - LatAm Journalism Review","isPartOf":{"@id":"https:\/\/latamjournalismreview.org\/es\/#website"},"primaryImageOfPage":{"@id":"https:\/\/latamjournalismreview.org\/es\/articles\/nuevo-podcast-de-radio-ambulante-el-hilo-quiere-explicar-las-noticias-con-un-formato-narrativo-y-enfocarse-en-america-latina\/#primaryimage"},"image":{"@id":"https:\/\/latamjournalismreview.org\/es\/articles\/nuevo-podcast-de-radio-ambulante-el-hilo-quiere-explicar-las-noticias-con-un-formato-narrativo-y-enfocarse-en-america-latina\/#primaryimage"},"thumbnailUrl":"https:\/\/latamjournalismreview.org\/wp-content\/uploads\/2020\/05\/49648606881_85b05eabc8_o-e1590716944692.png","datePublished":"2020-03-12T03:54:01+00:00","dateModified":"2020-06-03T01:58:01+00:00","description":"Radio Ambulante, que ha mantenido un galardonado y reconocido podcast sobre historias latinoamericanas durante ocho a\u00f1os, adem\u00e1s de invertir en clubes de escucha y en una aplicaci\u00f3n de ense\u00f1anza de espa\u00f1ol, lanzar\u00e1, en unas semanas, un producto con un enfoque m\u00e1s noticioso. El nuevo podcast, El Hilo, explicar\u00e1 y profundizar\u00e1, en formato narrativo, los principales titulares sobre Am\u00e9rica Latina o temas globales con una perspectiva latinoamericana.","breadcrumb":{"@id":"https:\/\/latamjournalismreview.org\/es\/articles\/nuevo-podcast-de-radio-ambulante-el-hilo-quiere-explicar-las-noticias-con-un-formato-narrativo-y-enfocarse-en-america-latina\/#breadcrumb"},"inLanguage":"es","potentialAction":[{"@type":"ReadAction","target":["https:\/\/latamjournalismreview.org\/es\/articles\/nuevo-podcast-de-radio-ambulante-el-hilo-quiere-explicar-las-noticias-con-un-formato-narrativo-y-enfocarse-en-america-latina\/"]}]},{"@type":"ImageObject","inLanguage":"es","@id":"https:\/\/latamjournalismreview.org\/es\/articles\/nuevo-podcast-de-radio-ambulante-el-hilo-quiere-explicar-las-noticias-con-un-formato-narrativo-y-enfocarse-en-america-latina\/#primaryimage","url":"https:\/\/latamjournalismreview.org\/wp-content\/uploads\/2020\/05\/49648606881_85b05eabc8_o-e1590716944692.png","contentUrl":"https:\/\/latamjournalismreview.org\/wp-content\/uploads\/2020\/05\/49648606881_85b05eabc8_o-e1590716944692.png","width":507,"height":507,"caption":"The new podcast El Hilo will launch in a few weeks"},{"@type":"BreadcrumbList","@id":"https:\/\/latamjournalismreview.org\/es\/articles\/nuevo-podcast-de-radio-ambulante-el-hilo-quiere-explicar-las-noticias-con-un-formato-narrativo-y-enfocarse-en-america-latina\/#breadcrumb","itemListElement":[{"@type":"ListItem","position":1,"name":"Home","item":"https:\/\/latamjournalismreview.org\/es\/"},{"@type":"ListItem","position":2,"name":"Nuevo podcast de Radio Ambulante, El Hilo, quiere explicar las noticias con un formato narrativo y enfocarse en Am\u00e9rica Latina"}]},{"@type":"WebSite","@id":"https:\/\/latamjournalismreview.org\/es\/#website","url":"https:\/\/latamjournalismreview.org\/es\/","name":"LatAm Journalism Review","description":"Knight Center at The University of Texas","publisher":{"@id":"https:\/\/latamjournalismreview.org\/es\/#organization"},"potentialAction":[{"@type":"SearchAction","target":{"@type":"EntryPoint","urlTemplate":"https:\/\/latamjournalismreview.org\/es\/?s={search_term_string}"},"query-input":{"@type":"PropertyValueSpecification","valueRequired":true,"valueName":"search_term_string"}}],"inLanguage":"es"},{"@type":"Organization","@id":"https:\/\/latamjournalismreview.org\/es\/#organization","name":"LatAm Journalism Review","url":"https:\/\/latamjournalismreview.org\/es\/","logo":{"@type":"ImageObject","inLanguage":"es","@id":"https:\/\/latamjournalismreview.org\/es\/#\/schema\/logo\/image\/","url":"https:\/\/latamjournalismreview.org\/wp-content\/uploads\/2020\/05\/knight-latAm-review-logo.svg","contentUrl":"https:\/\/latamjournalismreview.org\/wp-content\/uploads\/2020\/05\/knight-latAm-review-logo.svg","width":"1024","height":"1024","caption":"LatAm Journalism Review"},"image":{"@id":"https:\/\/latamjournalismreview.org\/es\/#\/schema\/logo\/image\/"},"sameAs":["https:\/\/x.com\/LatAmJournalism"]},{"@type":"Person","@id":"https:\/\/latamjournalismreview.org\/es\/#\/schema\/person\/041964d0921c867b6226b459cd5bf28b","name":"Marina Estarque","description":"Marina Estarque is a Brazilian journalist living in S\u00e3o Paulo. She has worked for Brazilian news organizations such as Folha de S.Paulo, O Estado de S. Paulo, O Dia and the fact-checking agency Lupa. Marina was a correspondent in Brazil for the German international broadcaster Deutsche Welle and a radio reporter for DW Africa in Germany. She also worked as a reporter for United Nations Radio, in New York, and for Spanish newspaper La Voz de Galicia. Marina graduated in Journalism from the Federal University of Rio de Janeiro and has a Master\u2019s degree in Editorial Journalism from the University of A Coru\u00f1a (Spain). Marina Estarque es una periodista brasile\u00f1a que vive en S\u00e3o Paulo. Ella ha trabajado para diversas organizaciones period\u00edsticas como Folha de S.Paulo, O Estado de S. Paulo, O Dia y en la agencia de fact-checking Lupa. Marina ha sido corresponsal en Brasil del canal internacional alem\u00e1n Deutsche Welle y reportera de radio de DW \u00c1frica en Alemania. Tambi\u00e9n trabaj\u00f3 como reportera de Radio de las Naciones Unidas en Nueva York y en el diario espa\u00f1ol La Voz de Galicia. Marina tiene una maestr\u00eda en edici\u00f3n period\u00edstica de la Universidad de Coru\u00f1a (Espa\u00f1a) y se gradu\u00f3 en periodismo en la Universidad Federal de R\u00edo de Janeiro. Marina Estarque \u00e9 uma jornalista brasileira que vive em S\u00e3o Paulo. Ela trabalhou para ve\u00edculos como Folha de S.Paulo, O Estado de S. Paulo, O Dia e a ag\u00eancia de fact-checking Lupa. Marina foi correspondente no Brasil para a emissora internacional da Alemanha, a Deutsche Welle, e rep\u00f3rter de r\u00e1dio para a DW \u00c1frica na Alemanha. Ela tamb\u00e9m foi rep\u00f3rter da R\u00e1dio das Na\u00e7\u00f5es Unidas em Nova York e do jornal espanhol La Voz de Galicia. Marina \u00e9 mestre em edi\u00e7\u00e3o jornal\u00edstica pela Universidade da Coru\u00f1a (Espanha) e graduada em jornalismo pela Universidade Federal do Rio de Janeiro.","sameAs":["https:\/\/x.com\/MarinaEstarque"],"url":"https:\/\/latamjournalismreview.org\/es\/articles\/author\/marina-estarque\/"}]}},"_links":{"self":[{"href":"https:\/\/latamjournalismreview.org\/es\/wp-json\/wp\/v2\/posts\/1207","targetHints":{"allow":["GET"]}}],"collection":[{"href":"https:\/\/latamjournalismreview.org\/es\/wp-json\/wp\/v2\/posts"}],"about":[{"href":"https:\/\/latamjournalismreview.org\/es\/wp-json\/wp\/v2\/types\/post"}],"author":[{"embeddable":true,"href":"https:\/\/latamjournalismreview.org\/es\/wp-json\/wp\/v2\/users\/6"}],"replies":[{"embeddable":true,"href":"https:\/\/latamjournalismreview.org\/es\/wp-json\/wp\/v2\/comments?post=1207"}],"version-history":[{"count":1,"href":"https:\/\/latamjournalismreview.org\/es\/wp-json\/wp\/v2\/posts\/1207\/revisions"}],"predecessor-version":[{"id":1208,"href":"https:\/\/latamjournalismreview.org\/es\/wp-json\/wp\/v2\/posts\/1207\/revisions\/1208"}],"wp:featuredmedia":[{"embeddable":true,"href":"https:\/\/latamjournalismreview.org\/es\/wp-json\/wp\/v2\/media\/1205"}],"wp:attachment":[{"href":"https:\/\/latamjournalismreview.org\/es\/wp-json\/wp\/v2\/media?parent=1207"}],"wp:term":[{"taxonomy":"category","embeddable":true,"href":"https:\/\/latamjournalismreview.org\/es\/wp-json\/wp\/v2\/categories?post=1207"},{"taxonomy":"post_tag","embeddable":true,"href":"https:\/\/latamjournalismreview.org\/es\/wp-json\/wp\/v2\/tags?post=1207"},{"taxonomy":"author","embeddable":true,"href":"https:\/\/latamjournalismreview.org\/es\/wp-json\/wp\/v2\/coauthors?post=1207"}],"curies":[{"name":"wp","href":"https:\/\/api.w.org\/{rel}","templated":true}]}}