{"id":124339,"date":"2025-03-26T16:35:59","date_gmt":"2025-03-26T21:35:59","guid":{"rendered":"https:\/\/latamjournalismreview.org\/?p=124339"},"modified":"2025-03-26T16:36:48","modified_gmt":"2025-03-26T21:36:48","slug":"el-fin-de-voice-of-america-supone-un-golpe-a-la-cobertura-de-la-democracia-y-represion-en-america-latina","status":"publish","type":"post","link":"https:\/\/latamjournalismreview.org\/es\/articles\/el-fin-de-voice-of-america-supone-un-golpe-a-la-cobertura-de-la-democracia-y-represion-en-america-latina\/","title":{"rendered":"El fin de Voice of America supone un golpe a la cobertura de la democracia y represi\u00f3n en Am\u00e9rica Latina"},"content":{"rendered":"<p>La periodista Carolina Valladares P\u00e9rez ha reportado en varios pa\u00edses autoritarios y peligrosos para profesionales de la prensa, como Irak y Venezuela. No se imaginaba, sin embargo, que ser\u00eda en Estados Unidos donde el gobierno silenciar\u00eda sus reportajes.<\/p>\n<p>\u201cNo puedo creer que fui a Medio Oriente, pas\u00e9 por todo eso, y ahora que estoy en Estados Unidos, me enfrento a la mayor represi\u00f3n a mi libertad de expresi\u00f3n\u201d, dijo Valladares P\u00e9rez a\u00a0<strong>LatAm Journalism Review (LJR)<\/strong>. \u201cEso no puede pasar en Estados Unidos. Sabes, no pas\u00e9 por todo eso solo para que me silenciaran\u201d.<\/p>\n<p>Valladares P\u00e9rez, corresponsal en Washington del servicio en espa\u00f1ol de Voice of America (Voz de Am\u00e9rica), se encuentra entre los 1.300 empleados de la cadena de medios estatal que\u00a0<a href=\"https:\/\/www.reuters.com\/business\/media-telecom\/trump-signs-order-gut-voice-america-other-agencies-2025-03-15\/\" target=\"_blank\" rel=\"noopener noreferrer\"><u>fueron puestos en licencia indefinida<\/u><\/a> por la administraci\u00f3n de Donald Trump. Entre ellos, 550 empleados que no eran empleados federales fueron notificados posteriormente de que\u00a0<a href=\"https:\/\/www.cjr.org\/first_person\/last-days-voice-of-america-voa-trump-kari-lake.php\" target=\"_blank\" rel=\"noopener noreferrer\"><u>iban a ser despedidos<\/u><\/a> el 31 de marzo.<\/p>\n<p>El 14 de marzo, el presidente Trump emiti\u00f3 una orden ejecutiva eliminando la Agencia de Estados Unidos para los Medios Globales (<a href=\"https:\/\/www.usagm.gov\/\" target=\"_blank\" rel=\"noopener noreferrer\"><u>USAGM<\/u><\/a>, por sus siglas en ingl\u00e9s) que supervisa VOA y otros medios del gobierno estadounidense como Radio Free Europe y Radio Free Asia. La medida estuvo acompa\u00f1ada de una\u00a0<a href=\"https:\/\/www.whitehouse.gov\/articles\/2025\/03\/the-voice-of-radical-america\/\" target=\"_blank\" rel=\"noopener noreferrer\"><u>declaraci\u00f3n de la Casa Blanca<\/u><\/a> titulada \u201cLa Voz de Am\u00e9rica radical\u201d, en la que la administraci\u00f3n acus\u00f3 al medio de promover \u201cpropaganda radical\u201d. La declaraci\u00f3n\u00a0<a href=\"https:\/\/www.washingtontimes.com\/news\/2024\/nov\/27\/voice-america-global-media-agency-rightly-budget-c\/\" target=\"_blank\" rel=\"noopener noreferrer\"><u>cita un art\u00edculo<\/u><\/a> de Dan Robinson, un periodista que trabaj\u00f3 en VOA durante m\u00e1s de tres d\u00e9cadas, y acusa a la red de sesgo izquierdista.<\/p>\n<p>Las acusaciones del gobierno decepcionaron a los periodistas de VOA entrevistados por\u00a0<strong>LJR<\/strong>, quienes defienden su neutralidad y profesionalismo. Voz de Am\u00e9rica, dicen, se adhiere a exigentes est\u00e1ndares de objetividad y tiene una cobertura pol\u00edtica inusualmente equilibrada, con una regla estricta establecida en la ley de que las opiniones pol\u00edticas contrastantes merecen el mismo espacio.<\/p>\n<p>Estos principios alimentan un servicio que existe en casi 50 idiomas y que, seg\u00fan el propio medio,\u00a0<a href=\"https:\/\/www.voanews.com\/a\/voa-around-the-world\/4113370.html\" target=\"_blank\" rel=\"noopener noreferrer\"><u>llega semanalmente<\/u><\/a> a m\u00e1s de 350 millones de personas. VOA produce contenidos para internet, televisi\u00f3n y radio, distribuidos por una red de m\u00e1s de 3.500 emisoras y estaciones de radio afiliadas.<\/p>\n<p>En Am\u00e9rica Latina, VOA atendi\u00f3 a cerca de 450 afiliados, entre radios, televisi\u00f3n y plataformas en l\u00ednea, desde grandes audiencias hasta radios locales, dijo Valladares P\u00e9rez. VOA lleg\u00f3 a toda la regi\u00f3n, desde la frontera con M\u00e9xico hasta Centroam\u00e9rica, pasando por Brasil y Argentina. La ca\u00edda del servicio dej\u00f3 a miles de oyentes sin acceso a noticias estadounidenses, como Norte Stereo, una emisora \u200b\u200bque atiende a unos 30.000 oyentes en C\u00facuta, en la regi\u00f3n fronteriza entre Colombia y Venezuela. El director de la estaci\u00f3n escribi\u00f3 recientemente a VOA para reconocer sus noticias por promover una lucha contra la desinformaci\u00f3n y la violencia, dijo Valladares P\u00e9rez.<\/p>\n<p>\u201cTe hace darte cuenta de lo mucho que importa cada espectador, especialmente en regiones que pueden no estar tan cerca de lo que est\u00e1 sucediendo en Estados Unidos\u201d, dijo Valladares P\u00e9rez. \u201cPara nosotros es importante llegar a todos en el continente, sin importar el tama\u00f1o de la audiencia. Pero mientras hablo aqu\u00ed, no estoy creando contenido para nuestras estaciones afiliadas\u201d.<\/p>\n<div id=\"attachment_124324\" style=\"width: 517px\" class=\"wp-caption alignleft\"><img loading=\"lazy\" decoding=\"async\" aria-describedby=\"caption-attachment-124324\" class=\"wpa-warning wpa-long-alt wp-image-124324 size-home-featured\" src=\"https:\/\/latamjournalismreview.org\/wp-content\/uploads\/2025\/03\/carolina-valladares-507x340.jpeg\" alt=\"Carolina Valladares P\u00e9rez, a Voice of America (VOA) reporter, stands in the White House press briefing room holding a microphone with the VOA logo. An American flag and the White House emblem are visible in the background\" width=\"507\" height=\"340\" data-warning=\"Long alt text\" srcset=\"https:\/\/latamjournalismreview.org\/wp-content\/uploads\/2025\/03\/carolina-valladares-507x340.jpeg 507w, https:\/\/latamjournalismreview.org\/wp-content\/uploads\/2025\/03\/carolina-valladares-350x234.jpeg 350w\" sizes=\"auto, (max-width: 507px) 100vw, 507px\" \/><p id=\"caption-attachment-124324\" class=\"wp-caption-text\">Carolina Valladares P\u00e9rez reportando desde la Casa Blanca para Voz de Am\u00e9rica antes del cierre de la agencia. (Foto: Carolina Valladares P\u00e9rez\/VOA)<\/p><\/div>\n<p>En Am\u00e9rica Latina, VOA prioriz\u00f3 la cobertura de la migraci\u00f3n, manteniendo un s\u00f3lido equipo de corresponsales y contratistas en Washington, Texas, Arizona, M\u00e9xico y el Tri\u00e1ngulo del Norte, dijo Valadares P\u00e9rez. Adem\u00e1s, la pol\u00edtica exterior estadounidense fue un tema central, abarcando las relaciones con pa\u00edses como Canad\u00e1 y M\u00e9xico, cuestiones comerciales y la posici\u00f3n estadounidense ante conflictos como la guerra en Ucrania.<\/p>\n<p>\u201cAl cubrir migraci\u00f3n o audiencias del Congreso, siempre inclu\u00edamos una voz del Partido Dem\u00f3crata y otra del Partido Republicano\u201d, dijo Valladares P\u00e9rez. \u201cNo empezaba a escribir una historia si ten\u00eda tres voces de un lado pero ninguna del otro. S\u00f3lo empezaba cuando ten\u00eda el mismo n\u00famero de fuentes de ambos lados: una y una, dos y dos, tres y tres\u201d.<\/p>\n<p>La regla tiene que ver con la estructura de la organizaci\u00f3n. Voz de Am\u00e9rica surgi\u00f3 en 1942 para contrarrestar la propaganda nazi. Su prop\u00f3sito era promover la pol\u00edtica exterior estadounidense a trav\u00e9s de un proceso de interacci\u00f3n con audiencias extranjeras, no con otros diplom\u00e1ticos.<\/p>\n<p>En 1960, el expresidente estadounidense Dwight Eisenhower estableci\u00f3 un estatuto para la emisora, pero su aplicaci\u00f3n fue un desaf\u00edo, especialmente durante la guerra de Vietnam, cuando el gobierno estadounidense quer\u00eda evitar la divulgaci\u00f3n de malas noticias. El expresidente Gerald Ford convirti\u00f3 ese estatuto en ley en 1976.<\/p>\n<p>La legislaci\u00f3n exige que VOA presente una \u201cproyecci\u00f3n equilibrada y completa del pensamiento y las instituciones estadounidenses\u201d, garantizando al mismo tiempo una perspectiva integral de la vida estadounidense. En 1994, una\u00a0<a href=\"https:\/\/www.insidevoa.com\/a\/4533487.html\" target=\"_blank\" rel=\"noopener noreferrer\"><u>ley estableci\u00f3<\/u><\/a> que un \u201cfirewall\u201d la proteger\u00eda.<\/p>\n<p>\u201cTenemos un flujo de trabajo editorial muy riguroso, con m\u00faltiples rondas de edici\u00f3n\u201d, dijo a\u00a0<strong>LJR<\/strong> Jessica Jerreat, editora de libertad de prensa en VOA. \u201cTambi\u00e9n tenemos lo que llamamos un Editor de Balance, que presta atenci\u00f3n no s\u00f3lo a la precisi\u00f3n de la informaci\u00f3n, sino que tambi\u00e9n verifica c\u00f3mo representamos todo, si tergiversamos algo, si necesitamos otra voz\u201d.<\/p>\n<h3>Atenci\u00f3n a la libertad de expresi\u00f3n<\/h3>\n<p>Jerreat dirigi\u00f3 una secci\u00f3n editorial sobre los desaf\u00edos y riesgos de los medios de comunicaci\u00f3n en todo el mundo, un ejemplo del valor que la red otorga a la libertad de expresi\u00f3n global. La cobertura se centr\u00f3 en pa\u00edses donde hay mayor represi\u00f3n a los medios como Nicaragua, Venezuela, Rusia, Bielorrusia, Hong Kong y Myanmar. Reportaron casos como el de La Prensa, en Nicaragua; y el de Jos\u00e9 Rub\u00e9n Zamora, periodista preso en Guatemala.<\/p>\n<p>Adem\u00e1s de los desaf\u00edos, tambi\u00e9n destacaron avances positivos, como las iniciativas en Ghana y Kenia para combatir la desinformaci\u00f3n y el trabajo de periodistas exiliados de Nicaragua, Myanmar y Ucrania.<\/p>\n<p>\"Puede ser una cobertura deprimente, \u00bfno? Sabemos que estamos presenciando un retroceso en las libertades civiles\", dijo Jerreat. \u201cPero tambi\u00e9n se est\u00e1 haciendo un trabajo fant\u00e1stico. Siempre buscamos las peque\u00f1as victorias\u201d.<\/p>\n<p>La labor de difundir informaci\u00f3n inc\u00f3moda a gobiernos autoritarios se extendi\u00f3 a varios temas. VOA ten\u00eda, por ejemplo, un equipo en Venezuela que cubr\u00eda el r\u00e9gimen autoritario de Nicol\u00e1s Maduro de manera cr\u00edtica.<\/p>\n<p>\u201cEran nuestros corresponsales en el terreno. Nos dieron noticias. Entrevistaron al [candidato presidencial] Edmundo Gonz\u00e1lez una vez antes de las elecciones. As\u00ed que tuvimos acceso a fuentes en el terreno\u201d, dijo Valladares P\u00e9rez. \u201cMaduro no desmantel\u00f3 este equipo. Este gobierno lo hizo. Es muy importante decirlo\u201d<\/p>\n<p>El reportero Liam Scott ha estado con VOA desde 2023, cubriendo libertad de prensa. Su principal foco eran pa\u00edses como Ir\u00e1n, China y Rusia. Dice que la principal diferencia entre VOA y medios de comunicaci\u00f3n de los rivales geopol\u00edticos de Estados Unidos es la independencia editorial.<\/p>\n<p>\u201cSomos un componente muy importante de la diplomacia p\u00fablica estadounidense porque realmente representamos y encarnamos el compromiso del pa\u00eds con la democracia y el compromiso con la prensa libre\u201d, dijo Scott a\u00a0<strong>LJR<\/strong>.<\/p>\n<h3>La l\u00f3gica de la diplomacia p\u00fablica<\/h3>\n<p>Seg\u00fan Nicholas Cull, historiador de diplomacia p\u00fablica y profesor de la Escuela Annenberg de Comunicaci\u00f3n y Periodismo de la Universidad del Sur de California, esta independencia es un elemento central para que la agencia cumpla su papel de promover los intereses estadounidenses.<\/p>\n<p>\u201cHist\u00f3ricamente, VOA ha sido muy \u00fatil para los intereses estadounidenses, y tambi\u00e9n para los valores que Estados Unidos supuestamente representa en el mundo, como ayudar a la gente a descubrir sus propios medios de comunicaci\u00f3n libres\u201d, declar\u00f3 Cull a\u00a0<strong>LJR<\/strong>. \u201cPero para ser cre\u00edble, VOA no puede estar vinculada al gobierno. Al igual que la BBC, su credibilidad reside en presentar todas las versiones de una historia, criticando a gobiernos que quiz\u00e1 no est\u00e9n acostumbrados a ser criticados\u201d.<\/p>\n<p>Es precisamente esta dificultad para aceptar cr\u00edticas lo que ha llevado a Trump a volverse contra la cadena, le dijo a\u00a0<strong>LJR<\/strong> Kate Wright, coautora de \u201cCapturing News, Capturing Democracy\u201d, sobre la cadena y el presidente en su primer mandato.<\/p>\n<p>\u201cEl momento de este anuncio [de suspensi\u00f3n] es interesante. Est\u00e1n sucediendo muchas cosas en el mundo, incluyendo los bombardeos de Gaza, lo que est\u00e1 sucediendo en Ucrania, una serie de protestas masivas a favor de la democracia en Hungr\u00eda, Serbia y Turqu\u00eda. Voz de Am\u00e9rica necesita reflejar diversas opiniones al respecto, y eso podr\u00eda incluir cr\u00edticas a la administraci\u00f3n actual\u201d, dijo Wright. \u201cCreo que a Trump le puede resultar preocupante que estos periodistas reciban financiaci\u00f3n federal y, sin embargo, puedan criticar a una administraci\u00f3n en funciones. Yo dir\u00eda que ese es precisamente su papel como periodistas\u201d.<\/p>\n<p>El viernes, seis periodistas de VOA, sindicatos y organizaciones de libertad de prensa\u00a0<a href=\"https:\/\/whistleblower.org\/press\/journalists-federal-workers-and-unions-file-lawsuit-to-challenge-closure-of-u-s-agency-for-global-media\/\" target=\"_blank\" rel=\"noopener noreferrer\"><u>demandaron a USAGM<\/u><\/a>, a su director interino Victor Morales y a la fiscal especial Kari Lake, impugnando el cierre de la cadena. La demanda, presentada en el Distrito Sur de Nueva York, alega que las acciones del gobierno violan sus derechos bajo la Primera Enmienda de la Constituci\u00f3n de Estados Unidos, que protege la libertad de expresi\u00f3n, y usurpan el control del Congreso de Estados Unidos sobre el poder del presupuesto federal.<\/p>\n<p>\u201cLo llamamos un caso de emergencia constitucional, sobre la destrucci\u00f3n de un medio de comunicaci\u00f3n\u201d, dijo a\u00a0<strong>LJR<\/strong> en una entrevista David Seide, del Proyecto de Responsabilidad Gubernamental (GAP), uno de los abogados principales del caso. \u201cNuestro objetivo final es reincorporar a todos los empleados despedidos. Queremos que VOA sea reincorporada\u201d.<\/p>\n<p>Por ahora, los m\u00e1s vulnerables son los empleados de pa\u00edses autoritarios, quienes podr\u00edan perder sus visas de trabajo y verse obligados a regresar a pa\u00edses donde sus vidas corren riesgo, dijo Scott.<\/p>\n<p>\u201cDecenas de empleados de VOA en Washington tienen visas J-1, y si las pierden, podr\u00edan tener que regresar a pa\u00edses cuyos gobiernos tienen un historial de encarcelamiento de cr\u00edticos\u201d,\u00a0<a href=\"https:\/\/www.cjr.org\/first_person\/last-days-voice-of-america-voa-trump-kari-lake.php\" target=\"_blank\" rel=\"noopener noreferrer\"><u>dijo Scott<\/u><\/a>. \u201cSe considera que dos contratistas rusos con visas J-1, que ser\u00e1n despedidos oficialmente a finales de marzo, corren un riesgo significativo de ser encarcelados si regresan a Rusia\u201d.<\/p>\n<p>Mientras tanto, sin poder trabajar, Valladares P\u00e9rez defiende un principio que, seg\u00fan ella, es fundamental para su misi\u00f3n en VOA.<\/p>\n<p>\u201cNo hablamos en nombre del gobierno. No somos portavoces. Somos periodistas\u201d, afirm\u00f3. \u201cNo le corresponde a la Casa Blanca decirnos cu\u00e1l es el inter\u00e9s estadounidense\u201d.<\/p>\n<p>&nbsp;<\/p>\n","protected":false},"excerpt":{"rendered":"<p>Periodistas de VOA demandaron a la administraci\u00f3n Trump, argumentando que el cierre de la cadena es inconstitucional. Tambi\u00e9n afirman que la medida perjudica la credibilidad de Estados Unidos en el extranjero y pone en riesgo al personal no estadounidense.<\/p>\n","protected":false},"author":63,"featured_media":124322,"comment_status":"closed","ping_status":"closed","sticky":false,"template":"","format":"standard","meta":{"inline_featured_image":false,"footnotes":""},"categories":[1220],"tags":[1512],"coauthors":[2740],"class_list":["post-124339","post","type-post","status-publish","format-standard","has-post-thumbnail","hentry","category-libertad-de-prensa-es","tag-medios-publicos-es"],"acf":[],"yoast_head":"<!-- This site is optimized with the Yoast SEO Premium plugin v22.6 (Yoast SEO v27.4) - https:\/\/yoast.com\/product\/yoast-seo-premium-wordpress\/ -->\n<title>El fin de Voice of America supone un golpe a la cobertura de la democracia y represi\u00f3n en Am\u00e9rica Latina - LatAm Journalism Review<\/title>\n<meta name=\"description\" content=\"Periodistas de VOA demandaron a la administraci\u00f3n Trump, argumentando que el cierre de la cadena es inconstitucional.\" \/>\n<meta name=\"robots\" content=\"index, follow, max-snippet:-1, max-image-preview:large, max-video-preview:-1\" \/>\n<link rel=\"canonical\" href=\"https:\/\/latamjournalismreview.org\/es\/articles\/el-fin-de-voice-of-america-supone-un-golpe-a-la-cobertura-de-la-democracia-y-represion-en-america-latina\/\" \/>\n<meta property=\"og:locale\" content=\"es_ES\" \/>\n<meta property=\"og:type\" content=\"article\" \/>\n<meta property=\"og:title\" content=\"El fin de Voice of America supone un golpe a la cobertura de la democracia y represi\u00f3n en Am\u00e9rica Latina\" \/>\n<meta property=\"og:description\" content=\"Periodistas de VOA demandaron a la administraci\u00f3n Trump, argumentando que el cierre de la cadena es inconstitucional.\" \/>\n<meta property=\"og:url\" content=\"https:\/\/latamjournalismreview.org\/es\/articles\/el-fin-de-voice-of-america-supone-un-golpe-a-la-cobertura-de-la-democracia-y-represion-en-america-latina\/\" \/>\n<meta property=\"og:site_name\" content=\"LatAm Journalism Review\" \/>\n<meta property=\"article:published_time\" content=\"2025-03-26T21:35:59+00:00\" \/>\n<meta property=\"article:modified_time\" content=\"2025-03-26T21:36:48+00:00\" \/>\n<meta property=\"og:image\" content=\"https:\/\/latamjournalismreview.org\/wp-content\/uploads\/2025\/03\/VOA-featured.png\" \/>\n\t<meta property=\"og:image:width\" content=\"507\" \/>\n\t<meta property=\"og:image:height\" content=\"340\" \/>\n\t<meta property=\"og:image:type\" content=\"image\/png\" \/>\n<meta name=\"author\" content=\"Andr\u00e9 Duchiade\" \/>\n<meta name=\"twitter:card\" content=\"summary_large_image\" \/>\n<meta name=\"twitter:creator\" content=\"@duchiadeandre\" \/>\n<meta name=\"twitter:site\" content=\"@LatAmJournalism\" \/>\n<meta name=\"twitter:label1\" content=\"Written by\" \/>\n\t<meta name=\"twitter:data1\" content=\"Andr\u00e9 Duchiade\" \/>\n\t<meta name=\"twitter:label2\" content=\"Est. reading time\" \/>\n\t<meta name=\"twitter:data2\" content=\"9 minutos\" \/>\n<script type=\"application\/ld+json\" class=\"yoast-schema-graph\">{\"@context\":\"https:\\\/\\\/schema.org\",\"@graph\":[{\"@type\":\"Article\",\"@id\":\"https:\\\/\\\/latamjournalismreview.org\\\/es\\\/articles\\\/el-fin-de-voice-of-america-supone-un-golpe-a-la-cobertura-de-la-democracia-y-represion-en-america-latina\\\/#article\",\"isPartOf\":{\"@id\":\"https:\\\/\\\/latamjournalismreview.org\\\/es\\\/articles\\\/el-fin-de-voice-of-america-supone-un-golpe-a-la-cobertura-de-la-democracia-y-represion-en-america-latina\\\/\"},\"author\":{\"name\":\"Andr\u00e9 Duchiade\",\"@id\":\"https:\\\/\\\/latamjournalismreview.org\\\/es\\\/#\\\/schema\\\/person\\\/4a1fa2e1f971d8470c7b9fc6fe72468b\"},\"headline\":\"El fin de Voice of America supone un golpe a la cobertura de la democracia y represi\u00f3n en Am\u00e9rica Latina\",\"datePublished\":\"2025-03-26T21:35:59+00:00\",\"dateModified\":\"2025-03-26T21:36:48+00:00\",\"mainEntityOfPage\":{\"@id\":\"https:\\\/\\\/latamjournalismreview.org\\\/es\\\/articles\\\/el-fin-de-voice-of-america-supone-un-golpe-a-la-cobertura-de-la-democracia-y-represion-en-america-latina\\\/\"},\"wordCount\":1864,\"publisher\":{\"@id\":\"https:\\\/\\\/latamjournalismreview.org\\\/es\\\/#organization\"},\"image\":{\"@id\":\"https:\\\/\\\/latamjournalismreview.org\\\/es\\\/articles\\\/el-fin-de-voice-of-america-supone-un-golpe-a-la-cobertura-de-la-democracia-y-represion-en-america-latina\\\/#primaryimage\"},\"thumbnailUrl\":\"https:\\\/\\\/latamjournalismreview.org\\\/wp-content\\\/uploads\\\/2025\\\/03\\\/VOA-featured.png\",\"keywords\":[\"Medios p\u00fablicos\"],\"articleSection\":[\"Libertad de prensa\"],\"inLanguage\":\"es\"},{\"@type\":\"WebPage\",\"@id\":\"https:\\\/\\\/latamjournalismreview.org\\\/es\\\/articles\\\/el-fin-de-voice-of-america-supone-un-golpe-a-la-cobertura-de-la-democracia-y-represion-en-america-latina\\\/\",\"url\":\"https:\\\/\\\/latamjournalismreview.org\\\/es\\\/articles\\\/el-fin-de-voice-of-america-supone-un-golpe-a-la-cobertura-de-la-democracia-y-represion-en-america-latina\\\/\",\"name\":\"El fin de Voice of America supone un golpe a la cobertura de la democracia y represi\u00f3n en Am\u00e9rica Latina - LatAm Journalism Review\",\"isPartOf\":{\"@id\":\"https:\\\/\\\/latamjournalismreview.org\\\/es\\\/#website\"},\"primaryImageOfPage\":{\"@id\":\"https:\\\/\\\/latamjournalismreview.org\\\/es\\\/articles\\\/el-fin-de-voice-of-america-supone-un-golpe-a-la-cobertura-de-la-democracia-y-represion-en-america-latina\\\/#primaryimage\"},\"image\":{\"@id\":\"https:\\\/\\\/latamjournalismreview.org\\\/es\\\/articles\\\/el-fin-de-voice-of-america-supone-un-golpe-a-la-cobertura-de-la-democracia-y-represion-en-america-latina\\\/#primaryimage\"},\"thumbnailUrl\":\"https:\\\/\\\/latamjournalismreview.org\\\/wp-content\\\/uploads\\\/2025\\\/03\\\/VOA-featured.png\",\"datePublished\":\"2025-03-26T21:35:59+00:00\",\"dateModified\":\"2025-03-26T21:36:48+00:00\",\"description\":\"Periodistas de VOA demandaron a la administraci\u00f3n Trump, argumentando que el cierre de la cadena es inconstitucional.\",\"breadcrumb\":{\"@id\":\"https:\\\/\\\/latamjournalismreview.org\\\/es\\\/articles\\\/el-fin-de-voice-of-america-supone-un-golpe-a-la-cobertura-de-la-democracia-y-represion-en-america-latina\\\/#breadcrumb\"},\"inLanguage\":\"es\",\"potentialAction\":[{\"@type\":\"ReadAction\",\"target\":[\"https:\\\/\\\/latamjournalismreview.org\\\/es\\\/articles\\\/el-fin-de-voice-of-america-supone-un-golpe-a-la-cobertura-de-la-democracia-y-represion-en-america-latina\\\/\"]}]},{\"@type\":\"ImageObject\",\"inLanguage\":\"es\",\"@id\":\"https:\\\/\\\/latamjournalismreview.org\\\/es\\\/articles\\\/el-fin-de-voice-of-america-supone-un-golpe-a-la-cobertura-de-la-democracia-y-represion-en-america-latina\\\/#primaryimage\",\"url\":\"https:\\\/\\\/latamjournalismreview.org\\\/wp-content\\\/uploads\\\/2025\\\/03\\\/VOA-featured.png\",\"contentUrl\":\"https:\\\/\\\/latamjournalismreview.org\\\/wp-content\\\/uploads\\\/2025\\\/03\\\/VOA-featured.png\",\"width\":507,\"height\":340,\"caption\":\"A close-up of the Voice of America (VOA) sign on a beige wall, with the U.S. government emblem above it\"},{\"@type\":\"BreadcrumbList\",\"@id\":\"https:\\\/\\\/latamjournalismreview.org\\\/es\\\/articles\\\/el-fin-de-voice-of-america-supone-un-golpe-a-la-cobertura-de-la-democracia-y-represion-en-america-latina\\\/#breadcrumb\",\"itemListElement\":[{\"@type\":\"ListItem\",\"position\":1,\"name\":\"Home\",\"item\":\"https:\\\/\\\/latamjournalismreview.org\\\/es\\\/\"},{\"@type\":\"ListItem\",\"position\":2,\"name\":\"El fin de Voice of America supone un golpe a la cobertura de la democracia y represi\u00f3n en Am\u00e9rica Latina\"}]},{\"@type\":\"WebSite\",\"@id\":\"https:\\\/\\\/latamjournalismreview.org\\\/es\\\/#website\",\"url\":\"https:\\\/\\\/latamjournalismreview.org\\\/es\\\/\",\"name\":\"LatAm Journalism Review\",\"description\":\"Knight Center at The University of Texas\",\"publisher\":{\"@id\":\"https:\\\/\\\/latamjournalismreview.org\\\/es\\\/#organization\"},\"potentialAction\":[{\"@type\":\"SearchAction\",\"target\":{\"@type\":\"EntryPoint\",\"urlTemplate\":\"https:\\\/\\\/latamjournalismreview.org\\\/es\\\/?s={search_term_string}\"},\"query-input\":{\"@type\":\"PropertyValueSpecification\",\"valueRequired\":true,\"valueName\":\"search_term_string\"}}],\"inLanguage\":\"es\"},{\"@type\":\"Organization\",\"@id\":\"https:\\\/\\\/latamjournalismreview.org\\\/es\\\/#organization\",\"name\":\"LatAm Journalism Review\",\"url\":\"https:\\\/\\\/latamjournalismreview.org\\\/es\\\/\",\"logo\":{\"@type\":\"ImageObject\",\"inLanguage\":\"es\",\"@id\":\"https:\\\/\\\/latamjournalismreview.org\\\/es\\\/#\\\/schema\\\/logo\\\/image\\\/\",\"url\":\"https:\\\/\\\/latamjournalismreview.org\\\/wp-content\\\/uploads\\\/2020\\\/05\\\/knight-latAm-review-logo.svg\",\"contentUrl\":\"https:\\\/\\\/latamjournalismreview.org\\\/wp-content\\\/uploads\\\/2020\\\/05\\\/knight-latAm-review-logo.svg\",\"width\":\"1024\",\"height\":\"1024\",\"caption\":\"LatAm Journalism Review\"},\"image\":{\"@id\":\"https:\\\/\\\/latamjournalismreview.org\\\/es\\\/#\\\/schema\\\/logo\\\/image\\\/\"},\"sameAs\":[\"https:\\\/\\\/x.com\\\/LatAmJournalism\"]},{\"@type\":\"Person\",\"@id\":\"https:\\\/\\\/latamjournalismreview.org\\\/es\\\/#\\\/schema\\\/person\\\/4a1fa2e1f971d8470c7b9fc6fe72468b\",\"name\":\"Andr\u00e9 Duchiade\",\"description\":\"Andr\u00e9 Duchiade is a Brazilian journalist and translator based in Rio de Janeiro. Andr\u00e9 worked on the international politics desk at O Globo from 2018 to February 2023, and his stories have been published at The Scientific American, The Intercept, \u00c9poca, and Ag\u00eancia P\u00fablica de Jornalismo, among others. He is also a former Media Fellow at the Global Public Policy Institute (GPPi) in Berlin. Andr\u00e9 Duchiade es un periodista y traductor brasile\u00f1o que vive en R\u00edo de Janeiro. Andr\u00e9 trabaj\u00f3 en la redacci\u00f3n de pol\u00edtica internacional de O Globo entre 2018 y febrero de 2023, y se han publicado historias suyas en The Scientific American, The Intercept, \u00c9poca y Ag\u00eancia P\u00fablica de Jornalismo, entre otros. Tambi\u00e9n fue Media Fellow en el Global Public Policy Institute (GPPi) de Berl\u00edn. Andr\u00e9 Duchiade \u00e9 um jornalista e tradutor brasileiro que mora no Rio de Janeiro. Andr\u00e9 trabalhou como rep\u00f3rter na editoria de pol\u00edtica internacional de O Globo entre 2018 e fevereiro de 2023, e suas mat\u00e9ria foram publicadas em The Scientific American, The Intercept, \u00c9poca, Jornal do Brasil e Ag\u00eancia P\u00fablica de Jornalismo, entre outros. Ele tamb\u00e9m foi fellow de m\u00eddia no Global Public Policy Institute (GPPi) em Berlim em 2020 e 2021.\",\"sameAs\":[\"https:\\\/\\\/x.com\\\/duchiadeandre\"],\"url\":\"https:\\\/\\\/latamjournalismreview.org\\\/es\\\/articles\\\/author\\\/andre-duchiade\\\/\"}]}<\/script>\n<!-- \/ Yoast SEO Premium plugin. -->","yoast_head_json":{"title":"El fin de Voice of America supone un golpe a la cobertura de la democracia y represi\u00f3n en Am\u00e9rica Latina - LatAm Journalism Review","description":"Periodistas de VOA demandaron a la administraci\u00f3n Trump, argumentando que el cierre de la cadena es inconstitucional.","robots":{"index":"index","follow":"follow","max-snippet":"max-snippet:-1","max-image-preview":"max-image-preview:large","max-video-preview":"max-video-preview:-1"},"canonical":"https:\/\/latamjournalismreview.org\/es\/articles\/el-fin-de-voice-of-america-supone-un-golpe-a-la-cobertura-de-la-democracia-y-represion-en-america-latina\/","og_locale":"es_ES","og_type":"article","og_title":"El fin de Voice of America supone un golpe a la cobertura de la democracia y represi\u00f3n en Am\u00e9rica Latina","og_description":"Periodistas de VOA demandaron a la administraci\u00f3n Trump, argumentando que el cierre de la cadena es inconstitucional.","og_url":"https:\/\/latamjournalismreview.org\/es\/articles\/el-fin-de-voice-of-america-supone-un-golpe-a-la-cobertura-de-la-democracia-y-represion-en-america-latina\/","og_site_name":"LatAm Journalism Review","article_published_time":"2025-03-26T21:35:59+00:00","article_modified_time":"2025-03-26T21:36:48+00:00","og_image":[{"width":507,"height":340,"url":"https:\/\/latamjournalismreview.org\/wp-content\/uploads\/2025\/03\/VOA-featured.png","type":"image\/png"}],"author":"Andr\u00e9 Duchiade","twitter_card":"summary_large_image","twitter_creator":"@duchiadeandre","twitter_site":"@LatAmJournalism","twitter_misc":{"Written by":"Andr\u00e9 Duchiade","Est. reading time":"9 minutos"},"schema":{"@context":"https:\/\/schema.org","@graph":[{"@type":"Article","@id":"https:\/\/latamjournalismreview.org\/es\/articles\/el-fin-de-voice-of-america-supone-un-golpe-a-la-cobertura-de-la-democracia-y-represion-en-america-latina\/#article","isPartOf":{"@id":"https:\/\/latamjournalismreview.org\/es\/articles\/el-fin-de-voice-of-america-supone-un-golpe-a-la-cobertura-de-la-democracia-y-represion-en-america-latina\/"},"author":{"name":"Andr\u00e9 Duchiade","@id":"https:\/\/latamjournalismreview.org\/es\/#\/schema\/person\/4a1fa2e1f971d8470c7b9fc6fe72468b"},"headline":"El fin de Voice of America supone un golpe a la cobertura de la democracia y represi\u00f3n en Am\u00e9rica Latina","datePublished":"2025-03-26T21:35:59+00:00","dateModified":"2025-03-26T21:36:48+00:00","mainEntityOfPage":{"@id":"https:\/\/latamjournalismreview.org\/es\/articles\/el-fin-de-voice-of-america-supone-un-golpe-a-la-cobertura-de-la-democracia-y-represion-en-america-latina\/"},"wordCount":1864,"publisher":{"@id":"https:\/\/latamjournalismreview.org\/es\/#organization"},"image":{"@id":"https:\/\/latamjournalismreview.org\/es\/articles\/el-fin-de-voice-of-america-supone-un-golpe-a-la-cobertura-de-la-democracia-y-represion-en-america-latina\/#primaryimage"},"thumbnailUrl":"https:\/\/latamjournalismreview.org\/wp-content\/uploads\/2025\/03\/VOA-featured.png","keywords":["Medios p\u00fablicos"],"articleSection":["Libertad de prensa"],"inLanguage":"es"},{"@type":"WebPage","@id":"https:\/\/latamjournalismreview.org\/es\/articles\/el-fin-de-voice-of-america-supone-un-golpe-a-la-cobertura-de-la-democracia-y-represion-en-america-latina\/","url":"https:\/\/latamjournalismreview.org\/es\/articles\/el-fin-de-voice-of-america-supone-un-golpe-a-la-cobertura-de-la-democracia-y-represion-en-america-latina\/","name":"El fin de Voice of America supone un golpe a la cobertura de la democracia y represi\u00f3n en Am\u00e9rica Latina - LatAm Journalism Review","isPartOf":{"@id":"https:\/\/latamjournalismreview.org\/es\/#website"},"primaryImageOfPage":{"@id":"https:\/\/latamjournalismreview.org\/es\/articles\/el-fin-de-voice-of-america-supone-un-golpe-a-la-cobertura-de-la-democracia-y-represion-en-america-latina\/#primaryimage"},"image":{"@id":"https:\/\/latamjournalismreview.org\/es\/articles\/el-fin-de-voice-of-america-supone-un-golpe-a-la-cobertura-de-la-democracia-y-represion-en-america-latina\/#primaryimage"},"thumbnailUrl":"https:\/\/latamjournalismreview.org\/wp-content\/uploads\/2025\/03\/VOA-featured.png","datePublished":"2025-03-26T21:35:59+00:00","dateModified":"2025-03-26T21:36:48+00:00","description":"Periodistas de VOA demandaron a la administraci\u00f3n Trump, argumentando que el cierre de la cadena es inconstitucional.","breadcrumb":{"@id":"https:\/\/latamjournalismreview.org\/es\/articles\/el-fin-de-voice-of-america-supone-un-golpe-a-la-cobertura-de-la-democracia-y-represion-en-america-latina\/#breadcrumb"},"inLanguage":"es","potentialAction":[{"@type":"ReadAction","target":["https:\/\/latamjournalismreview.org\/es\/articles\/el-fin-de-voice-of-america-supone-un-golpe-a-la-cobertura-de-la-democracia-y-represion-en-america-latina\/"]}]},{"@type":"ImageObject","inLanguage":"es","@id":"https:\/\/latamjournalismreview.org\/es\/articles\/el-fin-de-voice-of-america-supone-un-golpe-a-la-cobertura-de-la-democracia-y-represion-en-america-latina\/#primaryimage","url":"https:\/\/latamjournalismreview.org\/wp-content\/uploads\/2025\/03\/VOA-featured.png","contentUrl":"https:\/\/latamjournalismreview.org\/wp-content\/uploads\/2025\/03\/VOA-featured.png","width":507,"height":340,"caption":"A close-up of the Voice of America (VOA) sign on a beige wall, with the U.S. government emblem above it"},{"@type":"BreadcrumbList","@id":"https:\/\/latamjournalismreview.org\/es\/articles\/el-fin-de-voice-of-america-supone-un-golpe-a-la-cobertura-de-la-democracia-y-represion-en-america-latina\/#breadcrumb","itemListElement":[{"@type":"ListItem","position":1,"name":"Home","item":"https:\/\/latamjournalismreview.org\/es\/"},{"@type":"ListItem","position":2,"name":"El fin de Voice of America supone un golpe a la cobertura de la democracia y represi\u00f3n en Am\u00e9rica Latina"}]},{"@type":"WebSite","@id":"https:\/\/latamjournalismreview.org\/es\/#website","url":"https:\/\/latamjournalismreview.org\/es\/","name":"LatAm Journalism Review","description":"Knight Center at The University of Texas","publisher":{"@id":"https:\/\/latamjournalismreview.org\/es\/#organization"},"potentialAction":[{"@type":"SearchAction","target":{"@type":"EntryPoint","urlTemplate":"https:\/\/latamjournalismreview.org\/es\/?s={search_term_string}"},"query-input":{"@type":"PropertyValueSpecification","valueRequired":true,"valueName":"search_term_string"}}],"inLanguage":"es"},{"@type":"Organization","@id":"https:\/\/latamjournalismreview.org\/es\/#organization","name":"LatAm Journalism Review","url":"https:\/\/latamjournalismreview.org\/es\/","logo":{"@type":"ImageObject","inLanguage":"es","@id":"https:\/\/latamjournalismreview.org\/es\/#\/schema\/logo\/image\/","url":"https:\/\/latamjournalismreview.org\/wp-content\/uploads\/2020\/05\/knight-latAm-review-logo.svg","contentUrl":"https:\/\/latamjournalismreview.org\/wp-content\/uploads\/2020\/05\/knight-latAm-review-logo.svg","width":"1024","height":"1024","caption":"LatAm Journalism Review"},"image":{"@id":"https:\/\/latamjournalismreview.org\/es\/#\/schema\/logo\/image\/"},"sameAs":["https:\/\/x.com\/LatAmJournalism"]},{"@type":"Person","@id":"https:\/\/latamjournalismreview.org\/es\/#\/schema\/person\/4a1fa2e1f971d8470c7b9fc6fe72468b","name":"Andr\u00e9 Duchiade","description":"Andr\u00e9 Duchiade is a Brazilian journalist and translator based in Rio de Janeiro. Andr\u00e9 worked on the international politics desk at O Globo from 2018 to February 2023, and his stories have been published at The Scientific American, The Intercept, \u00c9poca, and Ag\u00eancia P\u00fablica de Jornalismo, among others. He is also a former Media Fellow at the Global Public Policy Institute (GPPi) in Berlin. Andr\u00e9 Duchiade es un periodista y traductor brasile\u00f1o que vive en R\u00edo de Janeiro. Andr\u00e9 trabaj\u00f3 en la redacci\u00f3n de pol\u00edtica internacional de O Globo entre 2018 y febrero de 2023, y se han publicado historias suyas en The Scientific American, The Intercept, \u00c9poca y Ag\u00eancia P\u00fablica de Jornalismo, entre otros. Tambi\u00e9n fue Media Fellow en el Global Public Policy Institute (GPPi) de Berl\u00edn. Andr\u00e9 Duchiade \u00e9 um jornalista e tradutor brasileiro que mora no Rio de Janeiro. Andr\u00e9 trabalhou como rep\u00f3rter na editoria de pol\u00edtica internacional de O Globo entre 2018 e fevereiro de 2023, e suas mat\u00e9ria foram publicadas em The Scientific American, The Intercept, \u00c9poca, Jornal do Brasil e Ag\u00eancia P\u00fablica de Jornalismo, entre outros. Ele tamb\u00e9m foi fellow de m\u00eddia no Global Public Policy Institute (GPPi) em Berlim em 2020 e 2021.","sameAs":["https:\/\/x.com\/duchiadeandre"],"url":"https:\/\/latamjournalismreview.org\/es\/articles\/author\/andre-duchiade\/"}]}},"_links":{"self":[{"href":"https:\/\/latamjournalismreview.org\/es\/wp-json\/wp\/v2\/posts\/124339","targetHints":{"allow":["GET"]}}],"collection":[{"href":"https:\/\/latamjournalismreview.org\/es\/wp-json\/wp\/v2\/posts"}],"about":[{"href":"https:\/\/latamjournalismreview.org\/es\/wp-json\/wp\/v2\/types\/post"}],"author":[{"embeddable":true,"href":"https:\/\/latamjournalismreview.org\/es\/wp-json\/wp\/v2\/users\/63"}],"replies":[{"embeddable":true,"href":"https:\/\/latamjournalismreview.org\/es\/wp-json\/wp\/v2\/comments?post=124339"}],"version-history":[{"count":4,"href":"https:\/\/latamjournalismreview.org\/es\/wp-json\/wp\/v2\/posts\/124339\/revisions"}],"predecessor-version":[{"id":124343,"href":"https:\/\/latamjournalismreview.org\/es\/wp-json\/wp\/v2\/posts\/124339\/revisions\/124343"}],"wp:featuredmedia":[{"embeddable":true,"href":"https:\/\/latamjournalismreview.org\/es\/wp-json\/wp\/v2\/media\/124322"}],"wp:attachment":[{"href":"https:\/\/latamjournalismreview.org\/es\/wp-json\/wp\/v2\/media?parent=124339"}],"wp:term":[{"taxonomy":"category","embeddable":true,"href":"https:\/\/latamjournalismreview.org\/es\/wp-json\/wp\/v2\/categories?post=124339"},{"taxonomy":"post_tag","embeddable":true,"href":"https:\/\/latamjournalismreview.org\/es\/wp-json\/wp\/v2\/tags?post=124339"},{"taxonomy":"author","embeddable":true,"href":"https:\/\/latamjournalismreview.org\/es\/wp-json\/wp\/v2\/coauthors?post=124339"}],"curies":[{"name":"wp","href":"https:\/\/api.w.org\/{rel}","templated":true}]}}