{"id":13326,"date":"2020-11-04T16:45:47","date_gmt":"2020-11-04T21:45:47","guid":{"rendered":"https:\/\/latamjournalismreview.org\/?p=13326"},"modified":"2020-11-05T09:38:45","modified_gmt":"2020-11-05T14:38:45","slug":"detenciones-desalojos-y-telefonos-rotos-por-la-policia-son-una-constante-para-la-periodista-cubana-camila-acosta","status":"publish","type":"post","link":"https:\/\/latamjournalismreview.org\/es\/articles\/detenciones-desalojos-y-telefonos-rotos-por-la-policia-son-una-constante-para-la-periodista-cubana-camila-acosta\/","title":{"rendered":"Detenciones, desalojos y tel\u00e9fonos rotos por la polic\u00eda son una constante para la periodista cubana Camila Acosta"},"content":{"rendered":"<p><span style=\"font-weight: 400;\">Entre marzo y octubre de este a\u00f1o, Camila Acosta \u2013periodista cubana independiente y corresponsal del portal CubaNet<\/span><span style=\"font-weight: 400;\">\u2013<\/span><span style=\"font-weight: 400;\"> ha tenido que mudarse 10 veces, reponer tres veces su tel\u00e9fono celular y ha sido detenida hasta en cuatro ocasiones.<\/span><\/p>\n<div id=\"attachment_13345\" style=\"width: 310px\" class=\"wp-caption alignright\"><img loading=\"lazy\" decoding=\"async\" aria-describedby=\"caption-attachment-13345\" class=\"size-medium wp-image-13345\" src=\"https:\/\/latamjournalismreview.org\/wp-content\/uploads\/2020\/11\/CamilaAcostaD370-FB-300x225.jpg\" alt=\"Camila Acosta de Cuba\" width=\"300\" height=\"225\" srcset=\"https:\/\/latamjournalismreview.org\/wp-content\/uploads\/2020\/11\/CamilaAcostaD370-FB-300x225.jpg 300w, https:\/\/latamjournalismreview.org\/wp-content\/uploads\/2020\/11\/CamilaAcostaD370-FB-1024x768.jpg 1024w, https:\/\/latamjournalismreview.org\/wp-content\/uploads\/2020\/11\/CamilaAcostaD370-FB-768x576.jpg 768w, https:\/\/latamjournalismreview.org\/wp-content\/uploads\/2020\/11\/CamilaAcostaD370-FB.jpg 1440w\" sizes=\"auto, (max-width: 300px) 100vw, 300px\" \/><p id=\"caption-attachment-13345\" class=\"wp-caption-text\">Periodista Camila Acosta llevando la mascarilla 'No al 370' en protesta al decreto ley. (Cortes\u00eda)<\/p><\/div>\n<p><span style=\"font-weight: 400;\">\u201cLa l\u00ednea que ellos han seguido conmigo es romperme <\/span><span style=\"font-weight: 400;\">los tel\u00e9fonos, porque saben que esa es la principal arma que nosotros [los periodistas] tenemos contra ellos. Y es un da\u00f1o, porque cada vez que te rompen un tel\u00e9fono es comprar otro, y otro y otro\u201d, dijo Acosta a <\/span><strong>LatAm Journalism Review(LJR)<\/strong>.<\/p>\n<p><span style=\"font-weight: 400;\">El s\u00e1bado 31 de octubre, Acosta fue<\/span> <a href=\"https:\/\/www.cubanet.org\/noticias\/regimen-libera-a-camila-acosta-tras-casi-10-horas-de-detencion\/\" target=\"_blank\" rel=\"noopener noreferrer\"><span style=\"font-weight: 400;\">detenida mientras cubr\u00eda la protesta<\/span><\/a><span style=\"font-weight: 400;\"> del cient\u00edfico cubano \u00d3scar Casanella, quien sali\u00f3 a las calles con pancartas para exigir libertades econ\u00f3micas para el pueblo cubano y pedir el cierre de las tiendas que venden en d\u00f3lares por ser discriminatorias.\u00a0\u00a0<\/span><span style=\"font-weight: 400;\">\u00a0<\/span><\/p>\n<p><span style=\"font-weight: 400;\">Casanella y Acosta fueron detenidos por la polic\u00eda, de acuerdo con la periodista, y a ella la llevaron a dos estaciones policiales en el transcurso de la tarde.<\/span><span style=\"font-weight: 400;\">\u00a0<\/span><\/p>\n<p><span style=\"font-weight: 400;\">\u201cMe tuvieron varias horas en eso. Me quitaron, por supuesto, mi tel\u00e9fono, mi cartera. En ning\u00fan momento hablaron conmigo ni nada, ni siquiera la seguridad. Ellos ya ni hablan conmigo\u201d, dijo Acosta. \u201cYo supongo que es porque cada vez que ellos hablan conmigo, pues yo escribo sobre eso, lo denuncio y tambi\u00e9n de alguna manera los ridiculizo, porque dicen cada cosa, cada barrabasada, estupideces totales que para este siglo XXI, t\u00fa dices, \u2018\u00bfc\u00f3mo hay personas que todav\u00eda piensan as\u00ed?\u2019\u201d.<\/span><\/p>\n<p><span style=\"font-weight: 400;\">Luego de ser liberada, la polic\u00eda le dijo sin ninguna orden judicial que no pod\u00eda salir de su casa, y la amenazaron con volverla a detener dici\u00e9ndole \u201cp\u00f3rtate bien\u201d, relat\u00f3 Acosta. Le devolvieron su tel\u00e9fono completamente mojado. \u201cNo funciona para nada\u201d, dijo la periodista.\u00a0<\/span><\/p>\n<p><span style=\"font-weight: 400;\">Cuando la detuvieron el 1 de agosto, tambi\u00e9n le entregaron su tel\u00e9fono, pero roto. En esa ocasi\u00f3n, Acosta, que no estaba cubriendo ninguna noticia,<\/span> <a href=\"https:\/\/www.hrw.org\/es\/news\/2020\/09\/24\/el-gobierno-de-cuba-impone-su-libreto-represivo-contra-una-periodista\" target=\"_blank\" rel=\"noopener noreferrer\"><span style=\"font-weight: 400;\">fue interceptada en la calle por la polic\u00eda<\/span><\/a><span style=\"font-weight: 400;\">. Ellos le pidieron su documento de identidad y en la estaci\u00f3n policial le revisaron su cartera, en donde ella ten\u00eda 19 mascarillas con el impreso \u201cNo al 370\u201d.<\/span><\/p>\n<p><span style=\"font-weight: 400;\">El<\/span> <a href=\"http:\/\/juriscuba.com\/decreto-ley-no-370\/\" target=\"_blank\" rel=\"noopener noreferrer\"><span style=\"font-weight: 400;\">Decreto Ley 370<\/span><\/a><span style=\"font-weight: 400;\">, que penaliza las opiniones de los cubanos que se publican en redes sociales y plataformas digitales, est\u00e1 vigente desde 2019.\u00a0<\/span><\/p>\n<p><span style=\"font-weight: 400;\">Le pusieron 60 pesos cubanos de multa por cometer el delito de receptaci\u00f3n. \u201cComo eran 19 mascarillas, ac\u00e1 en Cuba hay un delito que se llama receptaci\u00f3n. Es decir, que si t\u00fa tienes m\u00e1s art\u00edculos de los que necesitas, pues entonces ya ellos consideran que t\u00fa vas a revender esos art\u00edculos y eso es un delito, pero ellos no ten\u00edan ni una denuncia ni ninguna prueba, nada\u201d, dijo Acosta. En esa detenci\u00f3n, cont\u00f3, tambi\u00e9n se quedaron con el dinero que ella llevaba en su cartera, una memoria flash, entre otras cosas.<\/span><span style=\"font-weight: 400;\">\u00a0<\/span><\/p>\n<p><span style=\"font-weight: 400;\">Durante la detenci\u00f3n, tambi\u00e9n le pidieron desnudarse para hacerle una inspecci\u00f3n general.<\/span><\/p>\n<p><span style=\"font-weight: 400;\">\u201cYo ya tengo varias acusaciones en mi contra, tambi\u00e9n falsas, por supuesto, porque no han presentado ni siquiera pruebas, pero forma parte de este expediente criminal que ya me dijeron que me iban a armar para llevarme a prisi\u00f3n\u201d, dijo Acosta. En Cuba, agreg\u00f3, la polic\u00eda te lleva a prisi\u00f3n por un delito com\u00fan, por eso \u201csupuestamente no existen presos pol\u00edticos\u201d.<\/span><\/p>\n<div id=\"attachment_13352\" style=\"width: 310px\" class=\"wp-caption alignleft\"><img loading=\"lazy\" decoding=\"async\" aria-describedby=\"caption-attachment-13352\" class=\"size-medium wp-image-13352\" src=\"https:\/\/latamjournalismreview.org\/wp-content\/uploads\/2020\/11\/CamilaAcostaFB-300x203.jpg\" alt=\"Camila Acosta\" width=\"300\" height=\"203\" srcset=\"https:\/\/latamjournalismreview.org\/wp-content\/uploads\/2020\/11\/CamilaAcostaFB-300x203.jpg 300w, https:\/\/latamjournalismreview.org\/wp-content\/uploads\/2020\/11\/CamilaAcostaFB-1024x693.jpg 1024w, https:\/\/latamjournalismreview.org\/wp-content\/uploads\/2020\/11\/CamilaAcostaFB-768x520.jpg 768w, https:\/\/latamjournalismreview.org\/wp-content\/uploads\/2020\/11\/CamilaAcostaFB.jpg 1440w\" sizes=\"auto, (max-width: 300px) 100vw, 300px\" \/><p id=\"caption-attachment-13352\" class=\"wp-caption-text\">Periodista Camila Acosta llevando la bandera de Cuba. (Cortes\u00eda)<\/p><\/div>\n<p><span style=\"font-weight: 400;\">La polic\u00eda le sigue el rastro, por lo que tiene que mudarse a un nuevo lugar en los pr\u00f3ximos d\u00edas. \u201cTengo mis cosas en tres lugares diferentes en La Habana, porque tengo mucho, y cada vez que me voy a mudar no puedo estar alquilando un cami\u00f3n y moviendo todo\u201d, dijo Acosta.<\/span><span style=\"font-weight: 400;\">\u00a0<\/span><\/p>\n<p><span style=\"font-weight: 400;\">Uno de los temas principales de cobertura de Acosta son las violaciones a los derechos humanos, y desde que comenz\u00f3 la pandemia, cubre todo lo relacionado al coronavirus en la isla. \u201cHago entrevistas tambi\u00e9n, cubro temas de presos pol\u00edticos, situaci\u00f3n de la vivienda, de los derrumbes ac\u00e1 en La Habana\u201d, relat\u00f3.\u00a0 <\/span><span style=\"font-weight: 400;\">\u00a0<\/span><\/p>\n<p><span style=\"font-weight: 400;\">A fines de marzo, Acosta fue detenida por publicar en su perfil de Facebook noticias sobre la pandemia en Cuba.<\/span> <a href=\"https:\/\/www.cubanet.org\/destacados\/policia-politica-camila-acosta-contigo-va-a-ser-al-duro-y-sin-guante\/\" target=\"_blank\" rel=\"noopener noreferrer\"><span style=\"font-weight: 400;\">La polic\u00eda la acus\u00f3 de violar el Decreto Ley 370<\/span><\/a><span style=\"font-weight: 400;\">, por <\/span><span style=\"font-weight: 400;\">difundir en redes p\u00fablicas de transmisi\u00f3n de datos, informaci\u00f3n contraria al inter\u00e9s social, la moral, las buenas costumbres y la integridad de las personas, public\u00f3 CubaNet.<\/span><span style=\"font-weight: 400;\">\u00a0<\/span><\/p>\n<p><span style=\"font-weight: 400;\">Por ello, le pusieron una multa 3 mil pesos cubanos, cerca de US $120, por violar <\/span><a href=\"http:\/\/juriscuba.com\/decreto-ley-no-370\/\" target=\"_blank\" rel=\"noopener noreferrer\"><span style=\"font-weight: 400;\">el art\u00edculo 68 del Decreto Ley 370<\/span><\/a><span style=\"font-weight: 400;\">, de acuerdo con Acosta. Adem\u00e1s, la acusaron de violaci\u00f3n de domicilio por vivir en La Habana ilegalmente, pues ella es oriunda de otra ciudad.<\/span><\/p>\n<p><span style=\"font-weight: 400;\">Acosta sostuvo que, en protesta, no pagar\u00e1 la multa que le pusieron hace seis meses por violar el decreto.<\/span><\/p>\n<p><span style=\"font-weight: 400;\">La multa por violar el decreto se duplica a los 60 d\u00edas. De no pagarse, el infractor puede ir a la c\u00e1rcel.<\/span><span style=\"font-weight: 400;\">\u00a0<\/span><\/p>\n<p><span style=\"font-weight: 400;\">Una investigaci\u00f3n del Institute for War and Peace Reporting (IWPR) sobre las denuncias de la prensa independiente y en redes sociales, determin\u00f3 que hasta fines de junio de este a\u00f1o, al menos<\/span> <a href=\"https:\/\/iwpr.net\/es\/global-voices\/gobierno-cubano-usa-ley-mordaza-para-acallar\" target=\"_blank\" rel=\"noopener noreferrer\"><span style=\"font-weight: 400;\">28 cubanos, periodistas y activistas sobre todo, denunciaron haber sido multados<\/span><\/a><span style=\"font-weight: 400;\"> por el Decreto Ley 370 por sus publicaciones en Facebook.<\/span><span style=\"font-weight: 400;\">\u00a0<\/span><\/p>\n<p><span style=\"font-weight: 400;\">\u201cEse es el otro peligro que tengo ahora mismo, y si a los dos meses, a los 60 d\u00edas, t\u00fa no la pagas, entonces te llevan a tribunales y te pueden condenar hasta a seis meses de privaci\u00f3n de libertad\u201d, dijo Acosta. \u201cEs una amenaza que tengo ah\u00ed, que en cualquier momento se pueden agarrar de eso porque yo dije que no iba a pagar la multa, y esto forma parte de la campa\u00f1a que nosotros hemos llevado adelante contra el 370, as\u00ed que varios hemos dicho que no vamos a pagar esa multa\u201d.<\/span><\/p>\n<p><span style=\"font-weight: 400;\">Acosta, de 27 a\u00f1os, naci\u00f3 en la Isla de la Juventud, al oeste de Cuba. Ella se gradu\u00f3 como periodista en 2016 y trabaj\u00f3 por poco m\u00e1s de un a\u00f1o en el medio oficial Canal La Habana. A su salida del canal del gobierno, empez\u00f3 a colaborar con medios independientes como El Toque, Periodismo de Barrio, OnCuba.\u00a0<\/span><\/p>\n<p><span style=\"font-weight: 400;\">Desde agosto de 2019, es reportera de CubaNet, un veterano portal de noticias sobre Cuba, cr\u00edticas con el gobierno, con sede en Miami, Estados Unidos.<\/span><\/p>\n<p><span style=\"font-weight: 400;\">Roberto Hechevarr\u00eda, jefe de redacci\u00f3n de CubaNet, dijo a<\/span> <strong>LJR<\/strong> <span style=\"font-weight: 400;\">que adem\u00e1s de Acosta, tambi\u00e9n viene siendo hostigado y detenido con frecuencia <\/span><a href=\"https:\/\/www.cubanet.org\/noticias\/continua-acoso-contra-periodista-de-cubanet-enrique-diaz\/\" target=\"_blank\" rel=\"noopener noreferrer\"><span style=\"font-weight: 400;\">Enrique D\u00edaz<\/span><\/a><span style=\"font-weight: 400;\">, otro reportero de su portal.\u00a0<\/span><\/p>\n<p><span style=\"font-weight: 400;\">Hechevarr\u00eda tambi\u00e9n coment\u00f3 que Roberto Qui\u00f1ones, otro periodista de CubaNet, estuvo un a\u00f1o en prisi\u00f3n por intentar cubrir el juicio a dos pastores que quer\u00edan educar a sus hijos en casa, en abril de 2019. \u201cFue liberado en septiembre de 2020. Luego de ser liberado ha denunciado que <\/span><a href=\"https:\/\/www.cubanet.org\/noticias\/no-van-a-lograr-que-yo-cambie-quinones-denuncia-bloqueo-de-internet\/\" target=\"_blank\" rel=\"noopener noreferrer\"><span style=\"font-weight: 400;\">el r\u00e9gimen le est\u00e1 bloqueando su conexi\u00f3n a internet<\/span><\/a><span style=\"font-weight: 400;\">\u201d, sostuvo Hechevarr\u00eda.<\/span><\/p>\n<p><span style=\"font-weight: 400;\">La manera en que CubaNet apoya a sus periodistas en Cuba, de acuerdo con Hechevarr\u00eda, es ayudando econ\u00f3micamente a las familias de los periodistas que son llevados a prisi\u00f3n, y reponiendo sus equipos y herramientas de trabajo cuando son confiscados por las autoridades.<\/span><\/p>\n<p><span style=\"font-weight: 400;\">En Cuba, los periodistas que no trabajan en un medio del gobierno <\/span><a href=\"https:\/\/latamjournalismreview.org\/es\/articles\/periodistas-cubanos-independientes-resisten-pese-a-aumento-de-detenciones-arbitrarias-en-la-isla-y-restricciones-de-viaje\/\" target=\"_blank\" rel=\"noopener noreferrer\"><span style=\"font-weight: 400;\">no son reconocidos como periodistas por su pa\u00eds<\/span><\/a><span style=\"font-weight: 400;\">. Muchos de ellos est\u00e1n \u2018regulados\u2019, es decir, impedidos de salir del pa\u00eds, y en algunos casos tambi\u00e9n les es dif\u00edcil desplazarse dentro de la isla. Acosta, como muchos de sus colegas en Cuba, est\u00e1 regulada desde hace un a\u00f1o.<\/span><\/p>\n<p><span style=\"font-weight: 400;\">Los periodistas independientes en Cuba<\/span> <a href=\"https:\/\/latamjournalismreview.org\/es\/articles\/gobierno-cubano-impone-mas-limitaciones-al-periodismo-independiente-censurando-contenidos-en-redes-sociales-durante-pandemia\/\" target=\"_blank\" rel=\"noopener noreferrer\"><span style=\"font-weight: 400;\">sufren constantemente el asedio de las autoridades por realizar su trabajo<\/span><\/a><span style=\"font-weight: 400;\">, por reportar lo que sucede en la isla. Las detenciones arbitrarias en las calles, en sus casas, la confiscaci\u00f3n de sus equipos de trabajo, el corte de sus datos m\u00f3viles e internet de casa, el acoso a sus familiares, parejas y amigos es una constante.\u00a0\u00a0<\/span><\/p>\n<p><span style=\"font-weight: 400;\">Visibilizar y denunciar su situaci\u00f3n en la isla y en el exterior es una de las cosas que les da cierta protecci\u00f3n como periodistas independientes, coment\u00f3 Acosta.<\/span><span style=\"font-weight: 400;\">\u00a0<\/span><\/p>\n<p><span style=\"font-weight: 400;\">\u201cYo conf\u00edo en que la soluci\u00f3n no es darle la espalda a las problem\u00e1ticas, no es huir tampoco. Nosotros estamos haciendo un trabajo ac\u00e1 en Cuba, muy fuerte, que est\u00e1 contribuyendo a desenmascarar a este sistema\u201d, dijo la periodista. \u201cPor eso es el fuego que nos tienen abierto y yo voy a persistir, hasta donde pueda. Todav\u00eda me quedan fuerzas\u201d.<\/span><\/p>\n<p>&nbsp;<\/p>\n<p><em><strong>LJR<\/strong> intent\u00f3 contactar al Ministerio del Interior de Cuba respecto de las detenciones de Acosta, pero no recibi\u00f3 respuesta antes del cierre de esta publicaci\u00f3n.<\/em><\/p>\n","protected":false},"excerpt":{"rendered":"<p>La periodista cubana Camila Acosta ha tenido que mudarse 10 veces, entre marzo y octubre de este a\u00f1o, reponer tres veces su tel\u00e9fono celular y ha sido detenida hasta en cuatro ocasiones.<\/p>\n","protected":false},"author":4,"featured_media":13348,"comment_status":"closed","ping_status":"closed","sticky":false,"template":"","format":"standard","meta":{"inline_featured_image":false,"footnotes":""},"categories":[1222],"tags":[1399],"coauthors":[],"class_list":["post-13326","post","type-post","status-publish","format-standard","has-post-thumbnail","hentry","category-violencia-contra-periodistas-es","tag-cuba-es-2"],"acf":[],"yoast_head":"<!-- This site is optimized with the Yoast SEO Premium plugin v22.6 (Yoast SEO v27.4) - https:\/\/yoast.com\/product\/yoast-seo-premium-wordpress\/ -->\n<title>Detenciones, desalojos y tel\u00e9fonos rotos por la polic\u00eda son una constante para la periodista cubana Camila Acosta - LatAm Journalism Review<\/title>\n<meta name=\"description\" content=\"Detenciones, desalojos y tel\u00e9fonos rotos por la polic\u00eda son una constante para la periodista cubana Camila Acosta Violencia contra periodistas. Latin American Journalism Review by The Knight Center at The University of Texas at Austin.\" \/>\n<meta name=\"robots\" content=\"index, follow, max-snippet:-1, max-image-preview:large, max-video-preview:-1\" \/>\n<link rel=\"canonical\" href=\"https:\/\/latamjournalismreview.org\/es\/articles\/detenciones-desalojos-y-telefonos-rotos-por-la-policia-son-una-constante-para-la-periodista-cubana-camila-acosta\/\" \/>\n<meta property=\"og:locale\" content=\"es_ES\" \/>\n<meta property=\"og:type\" content=\"article\" \/>\n<meta property=\"og:title\" content=\"Detenciones, desalojos y tel\u00e9fonos rotos por la polic\u00eda son una constante para la periodista cubana Camila Acosta\" \/>\n<meta property=\"og:description\" content=\"Detenciones, desalojos y tel\u00e9fonos rotos por la polic\u00eda son una constante para la periodista cubana Camila Acosta Violencia contra periodistas. Latin American Journalism Review by The Knight Center at The University of Texas at Austin.\" \/>\n<meta property=\"og:url\" content=\"https:\/\/latamjournalismreview.org\/es\/articles\/detenciones-desalojos-y-telefonos-rotos-por-la-policia-son-una-constante-para-la-periodista-cubana-camila-acosta\/\" \/>\n<meta property=\"og:site_name\" content=\"LatAm Journalism Review\" \/>\n<meta property=\"article:published_time\" content=\"2020-11-04T21:45:47+00:00\" \/>\n<meta property=\"article:modified_time\" content=\"2020-11-05T14:38:45+00:00\" \/>\n<meta property=\"og:image\" content=\"https:\/\/latamjournalismreview.org\/wp-content\/uploads\/2020\/11\/Featured-CamilaAcostaFB.jpg\" \/>\n\t<meta property=\"og:image:width\" content=\"1561\" \/>\n\t<meta property=\"og:image:height\" content=\"1572\" \/>\n\t<meta property=\"og:image:type\" content=\"image\/jpeg\" \/>\n<meta name=\"author\" content=\"Paola Nalvarte\" \/>\n<meta name=\"twitter:card\" content=\"summary_large_image\" \/>\n<meta name=\"twitter:creator\" content=\"@paolanalvarte\" \/>\n<meta name=\"twitter:site\" content=\"@LatAmJournalism\" \/>\n<meta name=\"twitter:label1\" content=\"Written by\" \/>\n\t<meta name=\"twitter:data1\" content=\"Paola Nalvarte\" \/>\n\t<meta name=\"twitter:label2\" content=\"Est. reading time\" \/>\n\t<meta name=\"twitter:data2\" content=\"7 minutos\" \/>\n<script type=\"application\/ld+json\" class=\"yoast-schema-graph\">{\"@context\":\"https:\\\/\\\/schema.org\",\"@graph\":[{\"@type\":\"Article\",\"@id\":\"https:\\\/\\\/latamjournalismreview.org\\\/es\\\/articles\\\/detenciones-desalojos-y-telefonos-rotos-por-la-policia-son-una-constante-para-la-periodista-cubana-camila-acosta\\\/#article\",\"isPartOf\":{\"@id\":\"https:\\\/\\\/latamjournalismreview.org\\\/es\\\/articles\\\/detenciones-desalojos-y-telefonos-rotos-por-la-policia-son-una-constante-para-la-periodista-cubana-camila-acosta\\\/\"},\"author\":{\"name\":\"Paola Nalvarte\",\"@id\":\"https:\\\/\\\/latamjournalismreview.org\\\/es\\\/#\\\/schema\\\/person\\\/d0b9fa850ef1b6f56bb445e52f29f63f\"},\"headline\":\"Detenciones, desalojos y tel\u00e9fonos rotos por la polic\u00eda son una constante para la periodista cubana Camila Acosta\",\"datePublished\":\"2020-11-04T21:45:47+00:00\",\"dateModified\":\"2020-11-05T14:38:45+00:00\",\"mainEntityOfPage\":{\"@id\":\"https:\\\/\\\/latamjournalismreview.org\\\/es\\\/articles\\\/detenciones-desalojos-y-telefonos-rotos-por-la-policia-son-una-constante-para-la-periodista-cubana-camila-acosta\\\/\"},\"wordCount\":1512,\"publisher\":{\"@id\":\"https:\\\/\\\/latamjournalismreview.org\\\/es\\\/#organization\"},\"image\":{\"@id\":\"https:\\\/\\\/latamjournalismreview.org\\\/es\\\/articles\\\/detenciones-desalojos-y-telefonos-rotos-por-la-policia-son-una-constante-para-la-periodista-cubana-camila-acosta\\\/#primaryimage\"},\"thumbnailUrl\":\"https:\\\/\\\/latamjournalismreview.org\\\/wp-content\\\/uploads\\\/2020\\\/11\\\/Featured-CamilaAcostaFB.jpg\",\"keywords\":[\"Cuba\"],\"articleSection\":[\"Violencia contra periodistas\"],\"inLanguage\":\"es\"},{\"@type\":\"WebPage\",\"@id\":\"https:\\\/\\\/latamjournalismreview.org\\\/es\\\/articles\\\/detenciones-desalojos-y-telefonos-rotos-por-la-policia-son-una-constante-para-la-periodista-cubana-camila-acosta\\\/\",\"url\":\"https:\\\/\\\/latamjournalismreview.org\\\/es\\\/articles\\\/detenciones-desalojos-y-telefonos-rotos-por-la-policia-son-una-constante-para-la-periodista-cubana-camila-acosta\\\/\",\"name\":\"Detenciones, desalojos y tel\u00e9fonos rotos por la polic\u00eda son una constante para la periodista cubana Camila Acosta - LatAm Journalism Review\",\"isPartOf\":{\"@id\":\"https:\\\/\\\/latamjournalismreview.org\\\/es\\\/#website\"},\"primaryImageOfPage\":{\"@id\":\"https:\\\/\\\/latamjournalismreview.org\\\/es\\\/articles\\\/detenciones-desalojos-y-telefonos-rotos-por-la-policia-son-una-constante-para-la-periodista-cubana-camila-acosta\\\/#primaryimage\"},\"image\":{\"@id\":\"https:\\\/\\\/latamjournalismreview.org\\\/es\\\/articles\\\/detenciones-desalojos-y-telefonos-rotos-por-la-policia-son-una-constante-para-la-periodista-cubana-camila-acosta\\\/#primaryimage\"},\"thumbnailUrl\":\"https:\\\/\\\/latamjournalismreview.org\\\/wp-content\\\/uploads\\\/2020\\\/11\\\/Featured-CamilaAcostaFB.jpg\",\"datePublished\":\"2020-11-04T21:45:47+00:00\",\"dateModified\":\"2020-11-05T14:38:45+00:00\",\"description\":\"Detenciones, desalojos y tel\u00e9fonos rotos por la polic\u00eda son una constante para la periodista cubana Camila Acosta Violencia contra periodistas. Latin American Journalism Review by The Knight Center at The University of Texas at Austin.\",\"breadcrumb\":{\"@id\":\"https:\\\/\\\/latamjournalismreview.org\\\/es\\\/articles\\\/detenciones-desalojos-y-telefonos-rotos-por-la-policia-son-una-constante-para-la-periodista-cubana-camila-acosta\\\/#breadcrumb\"},\"inLanguage\":\"es\",\"potentialAction\":[{\"@type\":\"ReadAction\",\"target\":[\"https:\\\/\\\/latamjournalismreview.org\\\/es\\\/articles\\\/detenciones-desalojos-y-telefonos-rotos-por-la-policia-son-una-constante-para-la-periodista-cubana-camila-acosta\\\/\"]}]},{\"@type\":\"ImageObject\",\"inLanguage\":\"es\",\"@id\":\"https:\\\/\\\/latamjournalismreview.org\\\/es\\\/articles\\\/detenciones-desalojos-y-telefonos-rotos-por-la-policia-son-una-constante-para-la-periodista-cubana-camila-acosta\\\/#primaryimage\",\"url\":\"https:\\\/\\\/latamjournalismreview.org\\\/wp-content\\\/uploads\\\/2020\\\/11\\\/Featured-CamilaAcostaFB.jpg\",\"contentUrl\":\"https:\\\/\\\/latamjournalismreview.org\\\/wp-content\\\/uploads\\\/2020\\\/11\\\/Featured-CamilaAcostaFB.jpg\",\"width\":1561,\"height\":1572,\"caption\":\"Featured - Camila Acosta\"},{\"@type\":\"BreadcrumbList\",\"@id\":\"https:\\\/\\\/latamjournalismreview.org\\\/es\\\/articles\\\/detenciones-desalojos-y-telefonos-rotos-por-la-policia-son-una-constante-para-la-periodista-cubana-camila-acosta\\\/#breadcrumb\",\"itemListElement\":[{\"@type\":\"ListItem\",\"position\":1,\"name\":\"Home\",\"item\":\"https:\\\/\\\/latamjournalismreview.org\\\/es\\\/\"},{\"@type\":\"ListItem\",\"position\":2,\"name\":\"Detenciones, desalojos y tel\u00e9fonos rotos por la polic\u00eda son una constante para la periodista cubana Camila Acosta\"}]},{\"@type\":\"WebSite\",\"@id\":\"https:\\\/\\\/latamjournalismreview.org\\\/es\\\/#website\",\"url\":\"https:\\\/\\\/latamjournalismreview.org\\\/es\\\/\",\"name\":\"LatAm Journalism Review\",\"description\":\"Knight Center at The University of Texas\",\"publisher\":{\"@id\":\"https:\\\/\\\/latamjournalismreview.org\\\/es\\\/#organization\"},\"potentialAction\":[{\"@type\":\"SearchAction\",\"target\":{\"@type\":\"EntryPoint\",\"urlTemplate\":\"https:\\\/\\\/latamjournalismreview.org\\\/es\\\/?s={search_term_string}\"},\"query-input\":{\"@type\":\"PropertyValueSpecification\",\"valueRequired\":true,\"valueName\":\"search_term_string\"}}],\"inLanguage\":\"es\"},{\"@type\":\"Organization\",\"@id\":\"https:\\\/\\\/latamjournalismreview.org\\\/es\\\/#organization\",\"name\":\"LatAm Journalism Review\",\"url\":\"https:\\\/\\\/latamjournalismreview.org\\\/es\\\/\",\"logo\":{\"@type\":\"ImageObject\",\"inLanguage\":\"es\",\"@id\":\"https:\\\/\\\/latamjournalismreview.org\\\/es\\\/#\\\/schema\\\/logo\\\/image\\\/\",\"url\":\"https:\\\/\\\/latamjournalismreview.org\\\/wp-content\\\/uploads\\\/2020\\\/05\\\/knight-latAm-review-logo.svg\",\"contentUrl\":\"https:\\\/\\\/latamjournalismreview.org\\\/wp-content\\\/uploads\\\/2020\\\/05\\\/knight-latAm-review-logo.svg\",\"width\":\"1024\",\"height\":\"1024\",\"caption\":\"LatAm Journalism Review\"},\"image\":{\"@id\":\"https:\\\/\\\/latamjournalismreview.org\\\/es\\\/#\\\/schema\\\/logo\\\/image\\\/\"},\"sameAs\":[\"https:\\\/\\\/x.com\\\/LatAmJournalism\"]},{\"@type\":\"Person\",\"@id\":\"https:\\\/\\\/latamjournalismreview.org\\\/es\\\/#\\\/schema\\\/person\\\/d0b9fa850ef1b6f56bb445e52f29f63f\",\"name\":\"Paola Nalvarte\",\"description\":\"Paola Nalvarte is a Peruvian journalist and documentary photographer living in Austin, Texas. She focuses on covering and writing about the Andes region. In Peru, Paola worked in the Lima office of the Italian news agency ANSA, on the economic news desk of the daily Expreso, and for ten years she has been working on different editorial projects doing picture editing and research for one of the oldest Spanish-language papers in the world, the Peruvian newspaper El Comercio. She also enjoyed writing for the newspaper weekly magazine Somos. Paola Nalvarte es una periodista y fot\u00f3grafa documental peruana que vive en Austin, Texas. El foco de inter\u00e9s de su cobertura noticiosa es la regi\u00f3n andina. En Per\u00fa, Paola trabaj\u00f3 en la oficina de Lima de la agencia italiana de noticias ANSA, en la secci\u00f3n de econom\u00eda del diario Expreso y por diez a\u00f1os hizo investigaci\u00f3n fotogr\u00e1fica y edici\u00f3n de fotograf\u00eda editorial en el diario decano de la prensa peruana, El Comercio. Tambi\u00e9n escribi\u00f3 para Somos, la revista semanal del mismo diario\u200b, art\u00edculos sobre medio ambiente y cultura. Paola Nalvarte \u00e9 uma jornalista peruana e fot\u00f3grafa documentarista que vive em Austin, Texas. O foco de interesse da sua cobertura jornal\u00edstica \u00e9 a regi\u00e3o andina. No Peru, Paola trabalhou no escrit\u00f3rio de Lima da ag\u00eancia de not\u00edcias italiana ANSA, na se\u00e7\u00e3o de economia do jornal Expreso e, por dez anos, fez pesquisa fotogr\u00e1fica e edi\u00e7\u00e3o de fotografia editorial para um dos jornais em espanhol mais antigos do mundo, o jornal peruano El Comercio. Ela tamb\u00e9m escreveu artigos de meio ambiente e cultura para a Somos, a revista semanal do mesmo jornal.\",\"sameAs\":[\"https:\\\/\\\/x.com\\\/paolanalvarte\"],\"url\":\"https:\\\/\\\/latamjournalismreview.org\\\/es\\\/articles\\\/author\\\/paola-nalvarte\\\/\"}]}<\/script>\n<!-- \/ Yoast SEO Premium plugin. -->","yoast_head_json":{"title":"Detenciones, desalojos y tel\u00e9fonos rotos por la polic\u00eda son una constante para la periodista cubana Camila Acosta - LatAm Journalism Review","description":"Detenciones, desalojos y tel\u00e9fonos rotos por la polic\u00eda son una constante para la periodista cubana Camila Acosta Violencia contra periodistas. Latin American Journalism Review by The Knight Center at The University of Texas at Austin.","robots":{"index":"index","follow":"follow","max-snippet":"max-snippet:-1","max-image-preview":"max-image-preview:large","max-video-preview":"max-video-preview:-1"},"canonical":"https:\/\/latamjournalismreview.org\/es\/articles\/detenciones-desalojos-y-telefonos-rotos-por-la-policia-son-una-constante-para-la-periodista-cubana-camila-acosta\/","og_locale":"es_ES","og_type":"article","og_title":"Detenciones, desalojos y tel\u00e9fonos rotos por la polic\u00eda son una constante para la periodista cubana Camila Acosta","og_description":"Detenciones, desalojos y tel\u00e9fonos rotos por la polic\u00eda son una constante para la periodista cubana Camila Acosta Violencia contra periodistas. Latin American Journalism Review by The Knight Center at The University of Texas at Austin.","og_url":"https:\/\/latamjournalismreview.org\/es\/articles\/detenciones-desalojos-y-telefonos-rotos-por-la-policia-son-una-constante-para-la-periodista-cubana-camila-acosta\/","og_site_name":"LatAm Journalism Review","article_published_time":"2020-11-04T21:45:47+00:00","article_modified_time":"2020-11-05T14:38:45+00:00","og_image":[{"width":1561,"height":1572,"url":"https:\/\/latamjournalismreview.org\/wp-content\/uploads\/2020\/11\/Featured-CamilaAcostaFB.jpg","type":"image\/jpeg"}],"author":"Paola Nalvarte","twitter_card":"summary_large_image","twitter_creator":"@paolanalvarte","twitter_site":"@LatAmJournalism","twitter_misc":{"Written by":"Paola Nalvarte","Est. reading time":"7 minutos"},"schema":{"@context":"https:\/\/schema.org","@graph":[{"@type":"Article","@id":"https:\/\/latamjournalismreview.org\/es\/articles\/detenciones-desalojos-y-telefonos-rotos-por-la-policia-son-una-constante-para-la-periodista-cubana-camila-acosta\/#article","isPartOf":{"@id":"https:\/\/latamjournalismreview.org\/es\/articles\/detenciones-desalojos-y-telefonos-rotos-por-la-policia-son-una-constante-para-la-periodista-cubana-camila-acosta\/"},"author":{"name":"Paola Nalvarte","@id":"https:\/\/latamjournalismreview.org\/es\/#\/schema\/person\/d0b9fa850ef1b6f56bb445e52f29f63f"},"headline":"Detenciones, desalojos y tel\u00e9fonos rotos por la polic\u00eda son una constante para la periodista cubana Camila Acosta","datePublished":"2020-11-04T21:45:47+00:00","dateModified":"2020-11-05T14:38:45+00:00","mainEntityOfPage":{"@id":"https:\/\/latamjournalismreview.org\/es\/articles\/detenciones-desalojos-y-telefonos-rotos-por-la-policia-son-una-constante-para-la-periodista-cubana-camila-acosta\/"},"wordCount":1512,"publisher":{"@id":"https:\/\/latamjournalismreview.org\/es\/#organization"},"image":{"@id":"https:\/\/latamjournalismreview.org\/es\/articles\/detenciones-desalojos-y-telefonos-rotos-por-la-policia-son-una-constante-para-la-periodista-cubana-camila-acosta\/#primaryimage"},"thumbnailUrl":"https:\/\/latamjournalismreview.org\/wp-content\/uploads\/2020\/11\/Featured-CamilaAcostaFB.jpg","keywords":["Cuba"],"articleSection":["Violencia contra periodistas"],"inLanguage":"es"},{"@type":"WebPage","@id":"https:\/\/latamjournalismreview.org\/es\/articles\/detenciones-desalojos-y-telefonos-rotos-por-la-policia-son-una-constante-para-la-periodista-cubana-camila-acosta\/","url":"https:\/\/latamjournalismreview.org\/es\/articles\/detenciones-desalojos-y-telefonos-rotos-por-la-policia-son-una-constante-para-la-periodista-cubana-camila-acosta\/","name":"Detenciones, desalojos y tel\u00e9fonos rotos por la polic\u00eda son una constante para la periodista cubana Camila Acosta - LatAm Journalism Review","isPartOf":{"@id":"https:\/\/latamjournalismreview.org\/es\/#website"},"primaryImageOfPage":{"@id":"https:\/\/latamjournalismreview.org\/es\/articles\/detenciones-desalojos-y-telefonos-rotos-por-la-policia-son-una-constante-para-la-periodista-cubana-camila-acosta\/#primaryimage"},"image":{"@id":"https:\/\/latamjournalismreview.org\/es\/articles\/detenciones-desalojos-y-telefonos-rotos-por-la-policia-son-una-constante-para-la-periodista-cubana-camila-acosta\/#primaryimage"},"thumbnailUrl":"https:\/\/latamjournalismreview.org\/wp-content\/uploads\/2020\/11\/Featured-CamilaAcostaFB.jpg","datePublished":"2020-11-04T21:45:47+00:00","dateModified":"2020-11-05T14:38:45+00:00","description":"Detenciones, desalojos y tel\u00e9fonos rotos por la polic\u00eda son una constante para la periodista cubana Camila Acosta Violencia contra periodistas. Latin American Journalism Review by The Knight Center at The University of Texas at Austin.","breadcrumb":{"@id":"https:\/\/latamjournalismreview.org\/es\/articles\/detenciones-desalojos-y-telefonos-rotos-por-la-policia-son-una-constante-para-la-periodista-cubana-camila-acosta\/#breadcrumb"},"inLanguage":"es","potentialAction":[{"@type":"ReadAction","target":["https:\/\/latamjournalismreview.org\/es\/articles\/detenciones-desalojos-y-telefonos-rotos-por-la-policia-son-una-constante-para-la-periodista-cubana-camila-acosta\/"]}]},{"@type":"ImageObject","inLanguage":"es","@id":"https:\/\/latamjournalismreview.org\/es\/articles\/detenciones-desalojos-y-telefonos-rotos-por-la-policia-son-una-constante-para-la-periodista-cubana-camila-acosta\/#primaryimage","url":"https:\/\/latamjournalismreview.org\/wp-content\/uploads\/2020\/11\/Featured-CamilaAcostaFB.jpg","contentUrl":"https:\/\/latamjournalismreview.org\/wp-content\/uploads\/2020\/11\/Featured-CamilaAcostaFB.jpg","width":1561,"height":1572,"caption":"Featured - Camila Acosta"},{"@type":"BreadcrumbList","@id":"https:\/\/latamjournalismreview.org\/es\/articles\/detenciones-desalojos-y-telefonos-rotos-por-la-policia-son-una-constante-para-la-periodista-cubana-camila-acosta\/#breadcrumb","itemListElement":[{"@type":"ListItem","position":1,"name":"Home","item":"https:\/\/latamjournalismreview.org\/es\/"},{"@type":"ListItem","position":2,"name":"Detenciones, desalojos y tel\u00e9fonos rotos por la polic\u00eda son una constante para la periodista cubana Camila Acosta"}]},{"@type":"WebSite","@id":"https:\/\/latamjournalismreview.org\/es\/#website","url":"https:\/\/latamjournalismreview.org\/es\/","name":"LatAm Journalism Review","description":"Knight Center at The University of Texas","publisher":{"@id":"https:\/\/latamjournalismreview.org\/es\/#organization"},"potentialAction":[{"@type":"SearchAction","target":{"@type":"EntryPoint","urlTemplate":"https:\/\/latamjournalismreview.org\/es\/?s={search_term_string}"},"query-input":{"@type":"PropertyValueSpecification","valueRequired":true,"valueName":"search_term_string"}}],"inLanguage":"es"},{"@type":"Organization","@id":"https:\/\/latamjournalismreview.org\/es\/#organization","name":"LatAm Journalism Review","url":"https:\/\/latamjournalismreview.org\/es\/","logo":{"@type":"ImageObject","inLanguage":"es","@id":"https:\/\/latamjournalismreview.org\/es\/#\/schema\/logo\/image\/","url":"https:\/\/latamjournalismreview.org\/wp-content\/uploads\/2020\/05\/knight-latAm-review-logo.svg","contentUrl":"https:\/\/latamjournalismreview.org\/wp-content\/uploads\/2020\/05\/knight-latAm-review-logo.svg","width":"1024","height":"1024","caption":"LatAm Journalism Review"},"image":{"@id":"https:\/\/latamjournalismreview.org\/es\/#\/schema\/logo\/image\/"},"sameAs":["https:\/\/x.com\/LatAmJournalism"]},{"@type":"Person","@id":"https:\/\/latamjournalismreview.org\/es\/#\/schema\/person\/d0b9fa850ef1b6f56bb445e52f29f63f","name":"Paola Nalvarte","description":"Paola Nalvarte is a Peruvian journalist and documentary photographer living in Austin, Texas. She focuses on covering and writing about the Andes region. In Peru, Paola worked in the Lima office of the Italian news agency ANSA, on the economic news desk of the daily Expreso, and for ten years she has been working on different editorial projects doing picture editing and research for one of the oldest Spanish-language papers in the world, the Peruvian newspaper El Comercio. She also enjoyed writing for the newspaper weekly magazine Somos. Paola Nalvarte es una periodista y fot\u00f3grafa documental peruana que vive en Austin, Texas. El foco de inter\u00e9s de su cobertura noticiosa es la regi\u00f3n andina. En Per\u00fa, Paola trabaj\u00f3 en la oficina de Lima de la agencia italiana de noticias ANSA, en la secci\u00f3n de econom\u00eda del diario Expreso y por diez a\u00f1os hizo investigaci\u00f3n fotogr\u00e1fica y edici\u00f3n de fotograf\u00eda editorial en el diario decano de la prensa peruana, El Comercio. Tambi\u00e9n escribi\u00f3 para Somos, la revista semanal del mismo diario\u200b, art\u00edculos sobre medio ambiente y cultura. Paola Nalvarte \u00e9 uma jornalista peruana e fot\u00f3grafa documentarista que vive em Austin, Texas. O foco de interesse da sua cobertura jornal\u00edstica \u00e9 a regi\u00e3o andina. No Peru, Paola trabalhou no escrit\u00f3rio de Lima da ag\u00eancia de not\u00edcias italiana ANSA, na se\u00e7\u00e3o de economia do jornal Expreso e, por dez anos, fez pesquisa fotogr\u00e1fica e edi\u00e7\u00e3o de fotografia editorial para um dos jornais em espanhol mais antigos do mundo, o jornal peruano El Comercio. Ela tamb\u00e9m escreveu artigos de meio ambiente e cultura para a Somos, a revista semanal do mesmo jornal.","sameAs":["https:\/\/x.com\/paolanalvarte"],"url":"https:\/\/latamjournalismreview.org\/es\/articles\/author\/paola-nalvarte\/"}]}},"_links":{"self":[{"href":"https:\/\/latamjournalismreview.org\/es\/wp-json\/wp\/v2\/posts\/13326","targetHints":{"allow":["GET"]}}],"collection":[{"href":"https:\/\/latamjournalismreview.org\/es\/wp-json\/wp\/v2\/posts"}],"about":[{"href":"https:\/\/latamjournalismreview.org\/es\/wp-json\/wp\/v2\/types\/post"}],"author":[{"embeddable":true,"href":"https:\/\/latamjournalismreview.org\/es\/wp-json\/wp\/v2\/users\/4"}],"replies":[{"embeddable":true,"href":"https:\/\/latamjournalismreview.org\/es\/wp-json\/wp\/v2\/comments?post=13326"}],"version-history":[{"count":14,"href":"https:\/\/latamjournalismreview.org\/es\/wp-json\/wp\/v2\/posts\/13326\/revisions"}],"predecessor-version":[{"id":13382,"href":"https:\/\/latamjournalismreview.org\/es\/wp-json\/wp\/v2\/posts\/13326\/revisions\/13382"}],"wp:featuredmedia":[{"embeddable":true,"href":"https:\/\/latamjournalismreview.org\/es\/wp-json\/wp\/v2\/media\/13348"}],"wp:attachment":[{"href":"https:\/\/latamjournalismreview.org\/es\/wp-json\/wp\/v2\/media?parent=13326"}],"wp:term":[{"taxonomy":"category","embeddable":true,"href":"https:\/\/latamjournalismreview.org\/es\/wp-json\/wp\/v2\/categories?post=13326"},{"taxonomy":"post_tag","embeddable":true,"href":"https:\/\/latamjournalismreview.org\/es\/wp-json\/wp\/v2\/tags?post=13326"},{"taxonomy":"author","embeddable":true,"href":"https:\/\/latamjournalismreview.org\/es\/wp-json\/wp\/v2\/coauthors?post=13326"}],"curies":[{"name":"wp","href":"https:\/\/api.w.org\/{rel}","templated":true}]}}