{"id":14839,"date":"2020-12-16T17:20:06","date_gmt":"2020-12-16T22:20:06","guid":{"rendered":"https:\/\/latamjournalismreview.org\/?p=14839"},"modified":"2020-12-17T15:46:33","modified_gmt":"2020-12-17T20:46:33","slug":"leyes-contra-desinformacion-america-latina","status":"publish","type":"post","link":"https:\/\/latamjournalismreview.org\/es\/articles\/leyes-contra-desinformacion-america-latina\/","title":{"rendered":"Once leyes y proyectos de ley contra la desinformaci\u00f3n en Am\u00e9rica Latina implican multas, c\u00e1rcel y censura"},"content":{"rendered":"<p>Al igual que en el resto del mundo, en Am\u00e9rica Latina la desinformaci\u00f3n y las llamadas <em>fake news<\/em> se difunden r\u00e1pidamente y causan da\u00f1os sociales, impactando pol\u00edticas p\u00fablicas, procesos electorales, entre otras p\u00e9rdidas. De esta forma, varios gobiernos y legisladores del continente han propuesto y aprobado leyes para frenar la pr\u00e1ctica, incluso con penas de prisi\u00f3n.<\/p>\n<p>Aunque la regulaci\u00f3n de las grandes plataformas digitales es una tendencia mundial, como muestran los ejemplos recientes de <a href=\"https:\/\/brasil.elpais.com\/economia\/2020-12-09\/estados-unidos-processam-facebook-por-monopolio.html\" target=\"_blank\" rel=\"noopener noreferrer\">Estados Unidos<\/a> y la <a href=\"https:\/\/noticias.uol.com.br\/ultimas-noticias\/rfi\/2020\/12\/15\/novas-regras-da-ue-para-gigantes-da-tecnologia-quebram-monopolio-e-protegem-usuarios.htm\" target=\"_blank\" rel=\"noopener noreferrer\">Uni\u00f3n Europea<\/a>, existe la preocupaci\u00f3n de que las leyes espec\u00edficas que responsabilizan a las personas por la circulaci\u00f3n de desinformaci\u00f3n puedan utilizarse para atacar a opositores pol\u00edticos y periodistas.<\/p>\n<p><a href=\"https:\/\/en.sipiapa.org\/notas\/1214231-legal-restrictions-harm-freedom-of-the-press-and-expression-underlines-iapa-resolution\" target=\"_blank\" rel=\"noopener noreferrer\">Una resoluci\u00f3n de octubre<\/a> de la Sociedad Interamericana de Prensa (SIP) conden\u00f3 recientemente las propuestas para criminalizar las noticias falsas. La organizaci\u00f3n pide a los gobiernos que abandonen dichos proyectos de ley en el continente.<\/p>\n<div id=\"attachment_14750\" style=\"width: 310px\" class=\"wp-caption alignleft\"><img loading=\"lazy\" decoding=\"async\" aria-describedby=\"caption-attachment-14750\" class=\"wp-image-14750 size-medium\" src=\"https:\/\/latamjournalismreview.org\/wp-content\/uploads\/2020\/12\/Fake-News_Carlos-Jornet_SIP-e1608157129141-300x293.jpg\" alt=\"Carlos Jornet (SIP): o prop\u00f3sito louv\u00e1vel de regular desinforma\u00e7\u00e3o pode esconder outros objetivos e levar \u00e0 censura. Foto: cortesia\" width=\"300\" height=\"293\" srcset=\"https:\/\/latamjournalismreview.org\/wp-content\/uploads\/2020\/12\/Fake-News_Carlos-Jornet_SIP-e1608157129141-300x293.jpg 300w, https:\/\/latamjournalismreview.org\/wp-content\/uploads\/2020\/12\/Fake-News_Carlos-Jornet_SIP-e1608157129141.jpg 702w\" sizes=\"auto, (max-width: 300px) 100vw, 300px\" \/><p id=\"caption-attachment-14750\" class=\"wp-caption-text\"><span style=\"font-weight: 400;\">Carlos Jornet (SIP): el prop\u00f3sito loable de regular la desinformaci\u00f3n puede esconder otros objetivos y conducir a la censura. (Cortes\u00eda)<\/span><\/p><\/div>\n<p>\u201cDetr\u00e1s de proyectos que se presentan con el loable prop\u00f3sito de evitar este peligro, se suelen esconder otros objetivos, que tienden solo a la censura o autocensura, para neutralizar el periodismo de investigaci\u00f3n o silenciar a los opositores\u201d, dijo <a href=\"https:\/\/twitter.com\/cjornet\" target=\"_blank\" rel=\"noopener noreferrer\">Carlos Jornet<\/a>, presidente de la Comisi\u00f3n de Libertad de Prensa de la SIP, a <strong>LatAm Journalism Review (LJR)<\/strong>.<\/p>\n<p>En 2005, Venezuela incluy\u00f3 en su C\u00f3digo Penal una ley que penaliza la difusi\u00f3n de informaci\u00f3n falsa. Con el auge del autoritarismo en el pa\u00eds, se convirti\u00f3 en un instrumento m\u00e1s del r\u00e9gimen de Hugo Ch\u00e1vez y despu\u00e9s de Nicol\u00e1s Maduro contra la prensa independiente.<\/p>\n<p>En 2020, la ley de delitos digitales de Nicaragua gener\u00f3 una ola de <a href=\"https:\/\/www.dw.com\/es\/nicaragua-pone-un-bozal-a-la-libertad-de-prensa\/a-55428248\" target=\"_blank\" rel=\"noopener noreferrer\">cr\u00edticas por parte de organizaciones de libertad de prensa<\/a>. El periodista nicarag\u00fcense <a href=\"https:\/\/twitter.com\/PiruloAr\" target=\"_blank\" rel=\"noopener noreferrer\">Wilfredo Miranda<\/a>, quien escribe para <a href=\"https:\/\/elpais.com\/america\/\" target=\"_blank\" rel=\"noopener noreferrer\">El Pa\u00eds<\/a> y <a href=\"https:\/\/www.divergentes.com\/\" target=\"_blank\" rel=\"noopener noreferrer\">Divergentes<\/a>, afirma que el gobierno pretende, con esta ley, silenciar las voces cr\u00edticas y el periodismo independiente.<\/p>\n<p>\u201cEl gobierno decide qu\u00e9 es una noticia falsa y puede decretar pena de c\u00e1rcel o multa contra el periodista. (...) [Crea] un andamiaje jur\u00eddico a sus narrativas descalificadoras contra los medios de comunicaci\u00f3n y periodistas que nos acusa de promover noticias falsas\u201d, dijo Miranda a <strong>LJR<\/strong>.<\/p>\n<div id=\"attachment_14744\" style=\"width: 410px\" class=\"wp-caption alignright\"><img loading=\"lazy\" decoding=\"async\" aria-describedby=\"caption-attachment-14744\" class=\"wp-image-14744\" src=\"https:\/\/latamjournalismreview.org\/wp-content\/uploads\/2020\/12\/Fake-News_Matias-Ponce_ONU-300x300.jpg\" alt=\"Mat\u00edas Ponce (ONU): dif\u00edcil regular sem cair na censura. Foto: cortesia\" width=\"400\" height=\"400\" srcset=\"https:\/\/latamjournalismreview.org\/wp-content\/uploads\/2020\/12\/Fake-News_Matias-Ponce_ONU-300x300.jpg 300w, https:\/\/latamjournalismreview.org\/wp-content\/uploads\/2020\/12\/Fake-News_Matias-Ponce_ONU-150x150.jpg 150w, https:\/\/latamjournalismreview.org\/wp-content\/uploads\/2020\/12\/Fake-News_Matias-Ponce_ONU.jpg 512w\" sizes=\"auto, (max-width: 400px) 100vw, 400px\" \/><p id=\"caption-attachment-14744\" class=\"wp-caption-text\"><span style=\"font-weight: 400;\">Mat\u00edas Ponce (ONU):<\/span> <span style=\"font-weight: 400;\">dif\u00edcil regular sin caer en la censura. (Cortes\u00eda)<\/span><\/p><\/div>\n<p>El experto en desinformaci\u00f3n de la ONU, Mat\u00edas Ponce, cree que cualquier propuesta para regular y frenar la desinformaci\u00f3n debe hacerse a trav\u00e9s de un sistema independiente del poder pol\u00edtico, con reglas claras, controles y equilibrios, \u201cpara que esto no termine siendo persecuci\u00f3n a la prensa\u201d. Reconoce la dificultad de dise\u00f1ar un sistema de esta magnitud:<\/p>\n<p>\u201cHay, como decimos en espa\u00f1ol, qui\u00e9n le pone el cascabel al gato, es decir, qui\u00e9n va a regular estos si ni siquiera los gobiernos de Estados Unidos y la propia Uni\u00f3n Europea han podido regular a los plataformas de redes sociales\u201d, dijo Ponce a <strong>LJR<\/strong>, quien es el autor de <a href=\"https:\/\/www.amazon.com\/Fakecracia-Spanish-Mat%C3%ADas-Ponce-ebook\/dp\/B089SSSYTT\" target=\"_blank\" rel=\"noopener noreferrer\">Fakecracia<\/a>. \u201cCreo que es muy complicado que los pa\u00edses de menores en materia de poder global como en los pa\u00edses de Am\u00e9rica Latina pueden realmente regular dentro de su pa\u00eds y sin caer en la censura\u201d.<\/p>\n<p>En este art\u00edculo, <strong>LJR <\/strong>relev\u00f3 varias iniciativas legislativas en pa\u00edses latinoamericanos para prevenir o sancionar penalmente las llamadas fake news.<\/p>\n<p><strong>Argentina: \u201cinvestigaciones\u201d de noticias maliciosas<\/strong><\/p>\n<p>En octubre de 2020, el <a href=\"https:\/\/defensadelpublico.gob.ar\/llego-nodio-el-observatorio-de-la-desinformacion-y-la-violencia-simbolica\/\" target=\"_blank\" rel=\"noopener noreferrer\">gobierno de Argentina puso en marcha el Observatorio de la desinformaci\u00f3n y la violencia simb\u00f3lica en medios y plataformas digitales<\/a> (NODIO) con el objetivo de \u201cproteger a los ciudadanos de las noticias falsas, maliciosas y falacias\u201d que circulan por internet.<\/p>\n<p>La creaci\u00f3n de NODIO gener\u00f3 <a href=\"https:\/\/www.lanacion.com.ar\/opinion\/que-diferencia-nodio-organizacion-chequeo-independiente-nid2483237\" target=\"_blank\" rel=\"noopener noreferrer\">cr\u00edticas<\/a> porque est\u00e1 vinculado a la Defensor\u00eda P\u00fablica, que a su vez es un organismo creado por la Ley de Medios, que regula los medios en Argentina.<\/p>\n<p>En respuesta, la agencia dijo que se ocupar\u00e1 de la investigaci\u00f3n cualitativa y cuantitativa sobre violencia simb\u00f3lica y noticias maliciosas ya difundidas. \u201c<a href=\"https:\/\/defensadelpublico.gob.ar\/nodio-una-iniciativa-de-la-defensoria-para-fortalecer-la-pluralidad-de-voces\/\" target=\"_blank\" rel=\"noopener noreferrer\">No existen intenciones de llevar adelante ni el control, ni la supervisi\u00f3n de la tarea de la prensa<\/a>: son actividades incompatibles con las funciones de la Defensor\u00eda del P\u00fablico\u201d.<\/p>\n<p><strong>Brasil: el proyecto de ley excluye a las empresas period\u00edsticas<\/strong><\/p>\n<p>El proyecto de ley que crea la Ley Brasile\u00f1a de Libertad, Responsabilidad y Transparencia en Internet fue <a href=\"https:\/\/www.bbc.com\/portuguese\/brasil-53244947\" target=\"_blank\" rel=\"noopener noreferrer\">aprobado en el Senado<\/a> en julio y actualmente est\u00e1 en tr\u00e1mite en la C\u00e1mara, donde <a href=\"https:\/\/www.camara.leg.br\/noticias\/666062-combate-a-fake-news-e-tema-de-50-propostas-na-camara-dos-deputados\" target=\"_blank\" rel=\"noopener noreferrer\">otros 50 proyectos de ley tratan el tema<\/a>.<\/p>\n<p>La llamada \u201cLey de noticias falsas\u201d <a href=\"https:\/\/legis.senado.leg.br\/sdleg-getter\/documento?dm=8127630&amp;ts=1593563767152&amp;disposition=inline\" target=\"_blank\" rel=\"noopener noreferrer\">excluye expl\u00edcitamente de su alcance a las empresas period\u00edsticas<\/a>. El proyecto tiene la <a href=\"https:\/\/noticias.uol.com.br\/politica\/ultimas-noticias\/2020\/07\/18\/bolsonaro-lei-das-fake-news-e-tentativa-de-limitar-liberdade-de-expressao.htm\" target=\"_blank\" rel=\"noopener noreferrer\">oposici\u00f3n del presidente Jair Bolsonaro<\/a>, quien amenaza con vetarlo si es aprobado por el Congreso.<\/p>\n<p>El objetivo de la ley es combatir la difusi\u00f3n de informaci\u00f3n falsa en internet regulando las plataformas de redes sociales, como Facebook y Twitter, y los servicios de mensajer\u00eda privada, como Whatsapp, haciendo a estos proveedores responsables de combatir la desinformaci\u00f3n.<\/p>\n<p>Popularmente denominada \u201cLey de noticias falsas\u201d, la propuesta prev\u00e9 la identificaci\u00f3n de usuarios y cuentas automatizadas (los robots), adem\u00e1s de exigir una mayor claridad sobre el contenido patrocinado.<\/p>\n<p><strong>Chile: propuesta de arresto y multa por delito de \u201cnoticias falsas\u201d<\/strong><\/p>\n<p>Al menos tres proyectos que regulan y sancionan la difusi\u00f3n de desinformaci\u00f3n en internet est\u00e1n siendo procesados \u200b\u200bpor la C\u00e1mara de Diputados de Chile.<\/p>\n<p><a href=\"https:\/\/www.camara.cl\/legislacion\/ProyectosDeLey\/tramitacion.aspx?prmID=13924&amp;prmBOLETIN=13383-07\" target=\"_blank\" rel=\"noopener noreferrer\">Uno de ellos tipifica en el C\u00f3digo Penal <\/a>el delito de \u201cdifusi\u00f3n de noticias falsas que perturben el orden social o causen p\u00e1nico en la poblaci\u00f3n\u201d, con pena de prisi\u00f3n.<\/p>\n<p><a href=\"https:\/\/www.camara.cl\/legislacion\/ProyectosDeLey\/tramitacion.aspx?prmID=14144&amp;prmBOLETIN=13605-07\" target=\"_blank\" rel=\"noopener noreferrer\">Otra, inspirada en la pandemia del COVID-19, prev\u00e9 una sanci\u00f3n de hasta US $14.000<\/a> para quien propague \u201cpor redes sociales u otros medios de comunicaci\u00f3n, noticias falsas destinadas a entorpecer la labor de la autoridad en per\u00edodos de crisis sanitaria\u201d.<\/p>\n<p><a href=\"https:\/\/www.camara.cl\/verDoc.aspx?prmID=14033&amp;prmTIPO=INICIATIVA\" target=\"_blank\" rel=\"noopener noreferrer\">Una tercera iniciativa <\/a>contempla la pena de prisi\u00f3n y multa de hasta US 7.000 d\u00f3lares para todo aquel que difunda \u201cacusaciones, imputaciones o noticias que se refieran a hechos que sean capaces de alterar la sinceridad del proceso electoral en curso\u201d.<\/p>\n<p><strong>Colombia: est\u00e1 prohibido hablar mal de los pol\u00edticos<\/strong><\/p>\n<p>La propuesta de <a href=\"http:\/\/leyes.senado.gov.co\/proyectos\/index.php\/textos-radicados-senado\/p-ley-2020-2021\/2021-proyecto-de-ley-234-de-2020\" target=\"_blank\" rel=\"noopener noreferrer\">reforma electoral de Colombia<\/a> ten\u00eda por objeto tipificar la \u201cviolencia pol\u00edtica\u201d, y por tanto prohibir, la divulgaci\u00f3n de \u201cnoticias falsas o injuriosas (...) a trav\u00e9s de medios de propaganda o publicidad regulados en el presente c\u00f3digo\u201d. El pasaje <a href=\"https:\/\/www.infobae.com\/america\/colombia\/2020\/12\/10\/eliminan-articulo-de-la-reforma-electoral-que-prohibia-hablar-mal-de-los-politicos\/\" target=\"_blank\" rel=\"noopener noreferrer\">fue retirado del proyecto<\/a> tras la presi\u00f3n social contra lo que se calific\u00f3 como \u201cuna prohibici\u00f3n de hablar mal de los pol\u00edticos\u201d.<\/p>\n<p>La iniciativa es la m\u00e1s reciente de una serie de propuestas legislativas respecto del mismo tema en el pa\u00eds. Como, por ejemplo, el proyecto de ley de 2017 que quiso prohibir la creaci\u00f3n de perfiles an\u00f3nimos en redes sociales para \u201cdifundir noticias falsas que puedan generar confusi\u00f3n o p\u00e1nico en la poblaci\u00f3n\u201d, pero fue archivado.<\/p>\n<p><strong>El Salvador: propuesta de cinco a\u00f1os de prisi\u00f3n<\/strong><\/p>\n<p>Una <a href=\"https:\/\/www.asamblea.gob.sv\/sites\/default\/files\/documents\/correspondencia\/7E7BDCAD-2CA9-402F-ACC0-082DCB8B53C5.pdf\" target=\"_blank\" rel=\"noopener noreferrer\">propuesta pendiente<\/a> desde marzo de 2020 apunta a agregar al C\u00f3digo Penal una pena m\u00e1xima de hasta cinco a\u00f1os de prisi\u00f3n para \u201cel que anunciando desastres, accidentes, o peligros inexistentes, suscitare alarma entre las autoridades o personas particulares\u201d.<\/p>\n<p><strong>Nicaragua: mordaza y ley penitenciaria<\/strong><\/p>\n<div id=\"attachment_14747\" style=\"width: 410px\" class=\"wp-caption alignleft\"><img loading=\"lazy\" decoding=\"async\" aria-describedby=\"caption-attachment-14747\" class=\"wp-image-14747\" src=\"https:\/\/latamjournalismreview.org\/wp-content\/uploads\/2020\/12\/Fake-News_Wilfredo-Miranda_Nicaragua-300x210.jpg\" alt=\"Wilfredo Miranda, jornalista da Nicar\u00e1gua: a iminente entrada em vigor da lei de delitos digitais levar\u00e1 jornalistas a se calarem. Foto: cortesia\" width=\"400\" height=\"279\" srcset=\"https:\/\/latamjournalismreview.org\/wp-content\/uploads\/2020\/12\/Fake-News_Wilfredo-Miranda_Nicaragua-300x210.jpg 300w, https:\/\/latamjournalismreview.org\/wp-content\/uploads\/2020\/12\/Fake-News_Wilfredo-Miranda_Nicaragua-1024x715.jpg 1024w, https:\/\/latamjournalismreview.org\/wp-content\/uploads\/2020\/12\/Fake-News_Wilfredo-Miranda_Nicaragua-768x536.jpg 768w, https:\/\/latamjournalismreview.org\/wp-content\/uploads\/2020\/12\/Fake-News_Wilfredo-Miranda_Nicaragua.jpg 1280w\" sizes=\"auto, (max-width: 400px) 100vw, 400px\" \/><p id=\"caption-attachment-14747\" class=\"wp-caption-text\"><span style=\"font-weight: 400;\">Wilfredo Miranda, periodista de Nicaragua: la inminente entrada en vigor de la ley de delitos digitales silenciar\u00e1 a los periodistas. (Cortes\u00eda)<\/span><\/p><\/div>\n<p>En octubre de 2020, el Parlamento nicarag\u00fcense <a href=\"https:\/\/www.bbc.com\/mundo\/noticias-america-latina-54703913\" target=\"_blank\" rel=\"noopener noreferrer\">aprob\u00f3 la ley contra los delitos digitales<\/a>, \u201ccometidos por medio de las tecnolog\u00edas de la informaci\u00f3n y comunicaci\u00f3n\u201d, que cont\u00f3 con el apoyo del presidente Daniel Ortega.<\/p>\n<p>Adem\u00e1s de delitos como el robo de datos, el espionaje digital y la pirater\u00eda, la legislaci\u00f3n penaliza la divulgaci\u00f3n de informaci\u00f3n falsa en internet, delito que prev\u00e9 una pena de dos a cinco a\u00f1os de prisi\u00f3n, que puede llegar a ocho en caso de agravaci\u00f3n. La nueva legislaci\u00f3n entra en vigencia en 2021 y preocupa a los periodistas del pa\u00eds.<\/p>\n<p>\u201cCreo que es el dilema que tendr\u00e1n algunos colegas de periodismo. Hay quienes van a callar para evitar una c\u00e1rcel porque son penas de uno ocho a\u00f1os por publicar filtraciones (...) En mi caso yo no voy a callar pero es una decisi\u00f3n que cada uno debe tomar si va a seguir haciendo periodismo sino va a callar ante la amenaza tan clara de esta mordaza\u201d, dijo Miranda.<\/p>\n<p><strong>Panam\u00e1: arresto por desinformaci\u00f3n electoral<\/strong><\/p>\n<p>Una propuesta que se encuentra en discusi\u00f3n en la Comisi\u00f3n Nacional de Reforma Electoral de Panam\u00e1 <a href=\"https:\/\/www.laestrella.com.pa\/nacional\/politica\/200909\/propone-sancionar-carcel-desinformacion\" target=\"_blank\" rel=\"noopener noreferrer\">establece penas de 1 a 2 a\u00f1os de prisi\u00f3n<\/a> para quien revele informaci\u00f3n err\u00f3nea \u201cperjudicial para cualquier proceso electoral o para los servicios prestados por el Tribunal Electoral\u201d.<\/p>\n<p><strong>Per\u00fa: dos a\u00f1os de prisi\u00f3n<\/strong><\/p>\n<p>En octubre de 2020, un grupo de diputados present\u00f3 un proyecto de ley para <a href=\"https:\/\/leyes.congreso.gob.pe\/Documentos\/2016_2021\/Proyectos_de_Ley_y_de_Resoluciones_Legislativas\/PL06567-20201029.pdf\" target=\"_blank\" rel=\"noopener noreferrer\">prohibir la difusi\u00f3n de noticias falsas como la propaganda electoral<\/a>. El cambio en la ley org\u00e1nica de las elecciones quiere una pena m\u00ednima de prisi\u00f3n de 2 a\u00f1os para quienes denuncien \u201cde forma deliberada, artificial, automatizada y\/o masiva a trav\u00e9s de un canal de comunicaci\u00f3n masivo o red social\u201d.<\/p>\n<p><strong>Paraguay: proyecto contra informaci\u00f3n falsa que genera p\u00e1nico<\/strong><\/p>\n<p>Un proyecto de ley de marzo de 2020 destinado a frenar la difusi\u00f3n de informaci\u00f3n falsa durante la pandemia de COVID-19. El <a href=\"http:\/\/silpy.congreso.gov.py\/expediente\/120258\" target=\"_blank\" rel=\"noopener noreferrer\">texto original<\/a>\u00a0preve\u00eda una sanci\u00f3n multa para todo aquel que \u201cdifundiere dolosa o culposamente, por cualquier medio, informaci\u00f3n falsa que genere p\u00e1nico en la poblaci\u00f3n, vinculada a la alerta epidemiol\u00f3gica, o declaraci\u00f3n de emergencia sanitaria, ser\u00e1 castigado con multa\u201d.<\/p>\n<p>\u201cEste art\u00edculo de la ley, bajo el pretexto de luchar contra la desinformaci\u00f3n o informaci\u00f3n falsa, puede generar un retroceso en lo que refiere a derechos fundamentales de las personas y especialmente pone en riesgo la libertad de expresi\u00f3n\u201d, argument\u00f3 Maricarmen Sequera, directora ejecutiva. TEDIC, en el <a href=\"https:\/\/www.tedic.org\/preocupante-regulacion-sobre-desinformacion-en-tiempos-de-covid19\/\" target=\"_blank\" rel=\"noopener noreferrer\">blog de la organizaci\u00f3n<\/a>. TEDIC es una ONG paraguaya que desarrolla tecnolog\u00eda c\u00edvica abierta y defiende los derechos digitales para una cultura libre en Internet.<\/p>\n<p>Tras las cr\u00edticas, el proyecto de ley fue retirado por su autor.<\/p>\n<p><strong>Uruguay: acuerdo entre partes contra las fake news<\/strong><\/p>\n<p>En 2018, <a href=\"https:\/\/www.elpais.com.uy\/informacion\/politica\/proyecto-ley-propone-carcel-quienes-difundan-noticias-falsas-electores.html\" target=\"_blank\" rel=\"noopener noreferrer\">una propuesta para penalizar la desinformaci\u00f3n electoral<\/a> preve\u00eda hasta cuatro a\u00f1os de prisi\u00f3n. El alcance fue amplio, incluyendo \u201cpalabras escritas, canciones, s\u00edmbolos, im\u00e1genes, grabaciones o videos, que id\u00f3neamente induzca a confusi\u00f3n a los electores\".<\/p>\n<p>El proyecto no sali\u00f3 adelante, pero <a href=\"https:\/\/parlamento.gub.uy\/noticiasyeventos\/noticias\/node\/91756\" target=\"_blank\" rel=\"noopener noreferrer\">los partidos pol\u00edticos firmaron un pacto<\/a> contra las fake news en la campa\u00f1a electoral de 2019, tras una <a href=\"https:\/\/latamjournalismreview.org\/es\/articles\/por-iniciativa-de-asociacion-de-periodistas-partidos-politicos-de-uruguay-firmaran-pacto-contra-la-desinformacion\/\" target=\"_blank\" rel=\"noopener noreferrer\">iniciativa de la Asociaci\u00f3n de Prensa Uruguaya<\/a> (APU).<\/p>\n<p>\u201cSi hay algo m\u00e1s peligroso que las noticias falsas (fake news) que circulan con asombrosa facilidad por las redes, y que tanta gente toma como ciertas, es una ley que castigue su difusi\u00f3n. No importa c\u00f3mo se dise\u00f1e una ley de este tipo, inevitablemente ser\u00e1 usada con arbitrariedad y terminar\u00e1 siendo un flagrante ataque a la libertad de expresi\u00f3n\u201d, <a href=\"https:\/\/ucu.edu.uy\/es\/node\/45207\" target=\"_blank\" rel=\"noopener noreferrer\">escribi\u00f3 el profesor de periodismo Tom\u00e1s Linn<\/a>, de la Universidad Cat\u00f3lica del Uruguay. \u201cNo importa cu\u00e1nto se redacte esa ley, inevitablemente se utilizar\u00e1 de manera arbitraria y terminar\u00e1 siendo un flagrante ataque a la libertad de expresi\u00f3n\u201d.<\/p>\n<p><strong>Venezuela: pionera en el peor sentido<\/strong><\/p>\n<p>Venezuela es pionera en la criminalizaci\u00f3n de las noticias falsas en Am\u00e9rica Latina. <a href=\"http:\/\/www.annaobserva.org\/observatorio\/wp-content\/uploads\/2018\/03\/C%C3%93DIGO-PENAL-DE-VENEZUELA.pdf\" target=\"_blank\" rel=\"noopener noreferrer\">La reforma del C\u00f3digo Penal de 2005<\/a> introdujo el art\u00edculo 297-A, que castiga con hasta cinco a\u00f1os de prisi\u00f3n a las personas que \u201cdivulguen informaci\u00f3n falsa que cause p\u00e1nico en cualquier medio\u201d.<\/p>\n<p>Con base en este art\u00edculo, por ejemplo, los periodistas que cubr\u00edan la pandemia COVID-19 en el pa\u00eds\u00a0<a href=\"https:\/\/cpj.org\/es\/2020\/03\/las-autoridades-venezolanas-arrestan-y-amenazan-a\/\" target=\"_blank\" rel=\"noopener noreferrer\">fueron arrestados<\/a>\u00a0luego de publicar informaci\u00f3n sobre casos de coronavirus. El pa\u00eds, bajo Hugo Ch\u00e1vez y luego Nicol\u00e1s Maduro, se convirti\u00f3 en el pa\u00eds\u00a0<a href=\"https:\/\/cpj.org\/es\/2018\/12\/el-encarcelamiento-de-cientos-de-periodistas-a-esc\/\" target=\"_blank\" rel=\"noopener noreferrer\">que m\u00e1s encarcela<\/a> a periodistas en Am\u00e9rica Latina.<\/p>\n<p>&nbsp;<\/p>\n<p><em>Este art\u00edculo fue escrito originalmente en portugu\u00e9s y traducido por Paola Nalvarte.<\/em><\/p>\n","protected":false},"excerpt":{"rendered":"<p>Una encuesta muestra el aumento en la cantidad de leyes y proyectos de ley que coh\u00edben y castigan la desinformaci\u00f3n en internet de pa\u00edses de Am\u00e9rica Latina. Especialistas advierten el riesgo de censura y autocensura de periodistas. <\/p>\n","protected":false},"author":5,"featured_media":14824,"comment_status":"closed","ping_status":"closed","sticky":false,"template":"","format":"standard","meta":{"inline_featured_image":false,"footnotes":""},"categories":[1236],"tags":[1426,1387,1382],"coauthors":[],"class_list":["post-14839","post","type-post","status-publish","format-standard","has-post-thumbnail","hentry","category-noticias-falsas-y-desinformacion-es","tag-argentina-es","tag-panama-es","tag-uruguay-es"],"acf":[],"yoast_head":"<!-- This site is optimized with the Yoast SEO Premium plugin v22.6 (Yoast SEO v27.4) - https:\/\/yoast.com\/product\/yoast-seo-premium-wordpress\/ -->\n<title>Once leyes y proyectos de ley contra la desinformaci\u00f3n en Am\u00e9rica Latina implican multas, c\u00e1rcel y censura<\/title>\n<meta name=\"description\" content=\"Una encuesta muestra el aumento en la cantidad de leyes y proyectos de ley que coh\u00edben y castigan la desinformaci\u00f3n en internet de pa\u00edses de Am\u00e9rica Latina.\" \/>\n<meta name=\"robots\" content=\"index, follow, max-snippet:-1, max-image-preview:large, max-video-preview:-1\" \/>\n<link rel=\"canonical\" href=\"https:\/\/latamjournalismreview.org\/es\/articles\/leyes-contra-desinformacion-america-latina\/\" \/>\n<meta property=\"og:locale\" content=\"es_ES\" \/>\n<meta property=\"og:type\" content=\"article\" \/>\n<meta property=\"og:title\" content=\"Once leyes y proyectos de ley contra la desinformaci\u00f3n en Am\u00e9rica Latina implican multas, c\u00e1rcel y censura\" \/>\n<meta property=\"og:description\" content=\"Una encuesta muestra el aumento en la cantidad de leyes y proyectos de ley que coh\u00edben y castigan la desinformaci\u00f3n en internet de pa\u00edses de Am\u00e9rica Latina.\" \/>\n<meta property=\"og:url\" content=\"https:\/\/latamjournalismreview.org\/es\/articles\/leyes-contra-desinformacion-america-latina\/\" \/>\n<meta property=\"og:site_name\" content=\"LatAm Journalism Review\" \/>\n<meta property=\"article:published_time\" content=\"2020-12-16T22:20:06+00:00\" \/>\n<meta property=\"article:modified_time\" content=\"2020-12-17T20:46:33+00:00\" \/>\n<meta property=\"og:image\" content=\"https:\/\/latamjournalismreview.org\/wp-content\/uploads\/2020\/12\/Blog-Featured-Images-3-1.png\" \/>\n\t<meta property=\"og:image:width\" content=\"507\" \/>\n\t<meta property=\"og:image:height\" content=\"340\" \/>\n\t<meta property=\"og:image:type\" content=\"image\/png\" \/>\n<meta name=\"author\" content=\"J\u00falio Lubianco\" \/>\n<meta name=\"twitter:card\" content=\"summary_large_image\" \/>\n<meta name=\"twitter:creator\" content=\"@jlubianco\" \/>\n<meta name=\"twitter:site\" content=\"@LatAmJournalism\" \/>\n<meta name=\"twitter:label1\" content=\"Written by\" \/>\n\t<meta name=\"twitter:data1\" content=\"J\u00falio Lubianco\" \/>\n\t<meta name=\"twitter:label2\" content=\"Est. reading time\" \/>\n\t<meta name=\"twitter:data2\" content=\"10 minutos\" \/>\n<script type=\"application\/ld+json\" class=\"yoast-schema-graph\">{\"@context\":\"https:\\\/\\\/schema.org\",\"@graph\":[{\"@type\":\"Article\",\"@id\":\"https:\\\/\\\/latamjournalismreview.org\\\/es\\\/articles\\\/leyes-contra-desinformacion-america-latina\\\/#article\",\"isPartOf\":{\"@id\":\"https:\\\/\\\/latamjournalismreview.org\\\/es\\\/articles\\\/leyes-contra-desinformacion-america-latina\\\/\"},\"author\":{\"name\":\"J\u00falio Lubianco\",\"@id\":\"https:\\\/\\\/latamjournalismreview.org\\\/es\\\/#\\\/schema\\\/person\\\/d9517de765982788cd8378b5a229e3dd\"},\"headline\":\"Once leyes y proyectos de ley contra la desinformaci\u00f3n en Am\u00e9rica Latina implican multas, c\u00e1rcel y censura\",\"datePublished\":\"2020-12-16T22:20:06+00:00\",\"dateModified\":\"2020-12-17T20:46:33+00:00\",\"mainEntityOfPage\":{\"@id\":\"https:\\\/\\\/latamjournalismreview.org\\\/es\\\/articles\\\/leyes-contra-desinformacion-america-latina\\\/\"},\"wordCount\":2117,\"publisher\":{\"@id\":\"https:\\\/\\\/latamjournalismreview.org\\\/es\\\/#organization\"},\"image\":{\"@id\":\"https:\\\/\\\/latamjournalismreview.org\\\/es\\\/articles\\\/leyes-contra-desinformacion-america-latina\\\/#primaryimage\"},\"thumbnailUrl\":\"https:\\\/\\\/latamjournalismreview.org\\\/wp-content\\\/uploads\\\/2020\\\/12\\\/Blog-Featured-Images-3-1.png\",\"keywords\":[\"Argentina\",\"Panam\u00e1\",\"Uruguay\"],\"articleSection\":[\"Noticias falsas y desinformaci\u00f3n\"],\"inLanguage\":\"es\"},{\"@type\":\"WebPage\",\"@id\":\"https:\\\/\\\/latamjournalismreview.org\\\/es\\\/articles\\\/leyes-contra-desinformacion-america-latina\\\/\",\"url\":\"https:\\\/\\\/latamjournalismreview.org\\\/es\\\/articles\\\/leyes-contra-desinformacion-america-latina\\\/\",\"name\":\"Once leyes y proyectos de ley contra la desinformaci\u00f3n en Am\u00e9rica Latina implican multas, c\u00e1rcel y censura\",\"isPartOf\":{\"@id\":\"https:\\\/\\\/latamjournalismreview.org\\\/es\\\/#website\"},\"primaryImageOfPage\":{\"@id\":\"https:\\\/\\\/latamjournalismreview.org\\\/es\\\/articles\\\/leyes-contra-desinformacion-america-latina\\\/#primaryimage\"},\"image\":{\"@id\":\"https:\\\/\\\/latamjournalismreview.org\\\/es\\\/articles\\\/leyes-contra-desinformacion-america-latina\\\/#primaryimage\"},\"thumbnailUrl\":\"https:\\\/\\\/latamjournalismreview.org\\\/wp-content\\\/uploads\\\/2020\\\/12\\\/Blog-Featured-Images-3-1.png\",\"datePublished\":\"2020-12-16T22:20:06+00:00\",\"dateModified\":\"2020-12-17T20:46:33+00:00\",\"description\":\"Una encuesta muestra el aumento en la cantidad de leyes y proyectos de ley que coh\u00edben y castigan la desinformaci\u00f3n en internet de pa\u00edses de Am\u00e9rica Latina.\",\"breadcrumb\":{\"@id\":\"https:\\\/\\\/latamjournalismreview.org\\\/es\\\/articles\\\/leyes-contra-desinformacion-america-latina\\\/#breadcrumb\"},\"inLanguage\":\"es\",\"potentialAction\":[{\"@type\":\"ReadAction\",\"target\":[\"https:\\\/\\\/latamjournalismreview.org\\\/es\\\/articles\\\/leyes-contra-desinformacion-america-latina\\\/\"]}]},{\"@type\":\"ImageObject\",\"inLanguage\":\"es\",\"@id\":\"https:\\\/\\\/latamjournalismreview.org\\\/es\\\/articles\\\/leyes-contra-desinformacion-america-latina\\\/#primaryimage\",\"url\":\"https:\\\/\\\/latamjournalismreview.org\\\/wp-content\\\/uploads\\\/2020\\\/12\\\/Blog-Featured-Images-3-1.png\",\"contentUrl\":\"https:\\\/\\\/latamjournalismreview.org\\\/wp-content\\\/uploads\\\/2020\\\/12\\\/Blog-Featured-Images-3-1.png\",\"width\":507,\"height\":340,\"caption\":\"Photo of a gavel and law book\"},{\"@type\":\"BreadcrumbList\",\"@id\":\"https:\\\/\\\/latamjournalismreview.org\\\/es\\\/articles\\\/leyes-contra-desinformacion-america-latina\\\/#breadcrumb\",\"itemListElement\":[{\"@type\":\"ListItem\",\"position\":1,\"name\":\"Home\",\"item\":\"https:\\\/\\\/latamjournalismreview.org\\\/es\\\/\"},{\"@type\":\"ListItem\",\"position\":2,\"name\":\"Once leyes y proyectos de ley contra la desinformaci\u00f3n en Am\u00e9rica Latina implican multas, c\u00e1rcel y censura\"}]},{\"@type\":\"WebSite\",\"@id\":\"https:\\\/\\\/latamjournalismreview.org\\\/es\\\/#website\",\"url\":\"https:\\\/\\\/latamjournalismreview.org\\\/es\\\/\",\"name\":\"LatAm Journalism Review\",\"description\":\"Knight Center at The University of Texas\",\"publisher\":{\"@id\":\"https:\\\/\\\/latamjournalismreview.org\\\/es\\\/#organization\"},\"potentialAction\":[{\"@type\":\"SearchAction\",\"target\":{\"@type\":\"EntryPoint\",\"urlTemplate\":\"https:\\\/\\\/latamjournalismreview.org\\\/es\\\/?s={search_term_string}\"},\"query-input\":{\"@type\":\"PropertyValueSpecification\",\"valueRequired\":true,\"valueName\":\"search_term_string\"}}],\"inLanguage\":\"es\"},{\"@type\":\"Organization\",\"@id\":\"https:\\\/\\\/latamjournalismreview.org\\\/es\\\/#organization\",\"name\":\"LatAm Journalism Review\",\"url\":\"https:\\\/\\\/latamjournalismreview.org\\\/es\\\/\",\"logo\":{\"@type\":\"ImageObject\",\"inLanguage\":\"es\",\"@id\":\"https:\\\/\\\/latamjournalismreview.org\\\/es\\\/#\\\/schema\\\/logo\\\/image\\\/\",\"url\":\"https:\\\/\\\/latamjournalismreview.org\\\/wp-content\\\/uploads\\\/2020\\\/05\\\/knight-latAm-review-logo.svg\",\"contentUrl\":\"https:\\\/\\\/latamjournalismreview.org\\\/wp-content\\\/uploads\\\/2020\\\/05\\\/knight-latAm-review-logo.svg\",\"width\":\"1024\",\"height\":\"1024\",\"caption\":\"LatAm Journalism Review\"},\"image\":{\"@id\":\"https:\\\/\\\/latamjournalismreview.org\\\/es\\\/#\\\/schema\\\/logo\\\/image\\\/\"},\"sameAs\":[\"https:\\\/\\\/x.com\\\/LatAmJournalism\"]},{\"@type\":\"Person\",\"@id\":\"https:\\\/\\\/latamjournalismreview.org\\\/es\\\/#\\\/schema\\\/person\\\/d9517de765982788cd8378b5a229e3dd\",\"name\":\"J\u00falio Lubianco\",\"description\":\"J\u00falio Lubianco studied journalism at Universidade Federal Fluminense (UFF). He began his career on the local desk at Jornal do Brasil, in 2003. He was a reporter, assignment editor and managing editor at R\u00e1dio CBN. He has a Master\u2019s degree in media and communication from the London School of Economics (LSE), with a scholarship from the Journalists of Vision program. He is a professor of journalism at PUC-Rio. He won the Imprensa Embratel award in 2007, the Alexandre Adler award in 2008, and is a two-time winner of the Tim Lopes Award for Investigative Journalism, in 2009 and 2014. J\u00falio Lubianco estudi\u00f3 periodismo en la Universidad Federal Fluminense (UFF). Comenz\u00f3 la carrera en 2003, en el diario Jornal do Brasil. Fue reportero, editor y editor ejecutivo en R\u00e1dio CBN. Hizo su maestr\u00eda en medios de comunicaci\u00f3n en London School of Economics (LSE), becado por el programa Jornalistas de Vis\u00e3o. Es profesor del curso de periodismo de PUC-Rio y es presentador del podcast de BRIO, que trata sobre periodismo, carrera, mercado y tecnolog\u00eda. Gan\u00f3 los premios Imprensa Embratel (2007), Alexandre Adler (2008), y en dos oportunidades el Tim Lopes de Periodismo Investigativo (2009 y 2014). J\u00falio Lubianco estudou jornalismo na Universidade Federal Fluminense (UFF). Come\u00e7ou a carreira em 2003, no caderno Cidade do Jornal do Brasil. Foi rep\u00f3rter, chefe de reportagem e gerente de jornalismo na R\u00e1dio CBN. Fez mestrado em m\u00eddia e comunica\u00e7\u00e3o na London School of Economics (LSE), com bolsa do programa Jornalistas de Vis\u00e3o. \u00c9 professor do curso de jornalismo da PUC-Rio e apresenta o podcast do BRIO, que discute jornalismo, carreira, mercado e tecnologia. Venceu os pr\u00eamios Imprensa Embratel, em 2007, o Alexandre Adler, em 2008, e duas vezes o Tim Lopes de Jornalismo Investigativo, em 2009 e 2014.\",\"sameAs\":[\"https:\\\/\\\/www.linkedin.com\\\/in\\\/julio-lubianco\\\/\",\"https:\\\/\\\/x.com\\\/jlubianco\"],\"url\":\"https:\\\/\\\/latamjournalismreview.org\\\/es\\\/articles\\\/author\\\/julio-lubianco\\\/\"}]}<\/script>\n<!-- \/ Yoast SEO Premium plugin. -->","yoast_head_json":{"title":"Once leyes y proyectos de ley contra la desinformaci\u00f3n en Am\u00e9rica Latina implican multas, c\u00e1rcel y censura","description":"Una encuesta muestra el aumento en la cantidad de leyes y proyectos de ley que coh\u00edben y castigan la desinformaci\u00f3n en internet de pa\u00edses de Am\u00e9rica Latina.","robots":{"index":"index","follow":"follow","max-snippet":"max-snippet:-1","max-image-preview":"max-image-preview:large","max-video-preview":"max-video-preview:-1"},"canonical":"https:\/\/latamjournalismreview.org\/es\/articles\/leyes-contra-desinformacion-america-latina\/","og_locale":"es_ES","og_type":"article","og_title":"Once leyes y proyectos de ley contra la desinformaci\u00f3n en Am\u00e9rica Latina implican multas, c\u00e1rcel y censura","og_description":"Una encuesta muestra el aumento en la cantidad de leyes y proyectos de ley que coh\u00edben y castigan la desinformaci\u00f3n en internet de pa\u00edses de Am\u00e9rica Latina.","og_url":"https:\/\/latamjournalismreview.org\/es\/articles\/leyes-contra-desinformacion-america-latina\/","og_site_name":"LatAm Journalism Review","article_published_time":"2020-12-16T22:20:06+00:00","article_modified_time":"2020-12-17T20:46:33+00:00","og_image":[{"width":507,"height":340,"url":"https:\/\/latamjournalismreview.org\/wp-content\/uploads\/2020\/12\/Blog-Featured-Images-3-1.png","type":"image\/png"}],"author":"J\u00falio Lubianco","twitter_card":"summary_large_image","twitter_creator":"@jlubianco","twitter_site":"@LatAmJournalism","twitter_misc":{"Written by":"J\u00falio Lubianco","Est. reading time":"10 minutos"},"schema":{"@context":"https:\/\/schema.org","@graph":[{"@type":"Article","@id":"https:\/\/latamjournalismreview.org\/es\/articles\/leyes-contra-desinformacion-america-latina\/#article","isPartOf":{"@id":"https:\/\/latamjournalismreview.org\/es\/articles\/leyes-contra-desinformacion-america-latina\/"},"author":{"name":"J\u00falio Lubianco","@id":"https:\/\/latamjournalismreview.org\/es\/#\/schema\/person\/d9517de765982788cd8378b5a229e3dd"},"headline":"Once leyes y proyectos de ley contra la desinformaci\u00f3n en Am\u00e9rica Latina implican multas, c\u00e1rcel y censura","datePublished":"2020-12-16T22:20:06+00:00","dateModified":"2020-12-17T20:46:33+00:00","mainEntityOfPage":{"@id":"https:\/\/latamjournalismreview.org\/es\/articles\/leyes-contra-desinformacion-america-latina\/"},"wordCount":2117,"publisher":{"@id":"https:\/\/latamjournalismreview.org\/es\/#organization"},"image":{"@id":"https:\/\/latamjournalismreview.org\/es\/articles\/leyes-contra-desinformacion-america-latina\/#primaryimage"},"thumbnailUrl":"https:\/\/latamjournalismreview.org\/wp-content\/uploads\/2020\/12\/Blog-Featured-Images-3-1.png","keywords":["Argentina","Panam\u00e1","Uruguay"],"articleSection":["Noticias falsas y desinformaci\u00f3n"],"inLanguage":"es"},{"@type":"WebPage","@id":"https:\/\/latamjournalismreview.org\/es\/articles\/leyes-contra-desinformacion-america-latina\/","url":"https:\/\/latamjournalismreview.org\/es\/articles\/leyes-contra-desinformacion-america-latina\/","name":"Once leyes y proyectos de ley contra la desinformaci\u00f3n en Am\u00e9rica Latina implican multas, c\u00e1rcel y censura","isPartOf":{"@id":"https:\/\/latamjournalismreview.org\/es\/#website"},"primaryImageOfPage":{"@id":"https:\/\/latamjournalismreview.org\/es\/articles\/leyes-contra-desinformacion-america-latina\/#primaryimage"},"image":{"@id":"https:\/\/latamjournalismreview.org\/es\/articles\/leyes-contra-desinformacion-america-latina\/#primaryimage"},"thumbnailUrl":"https:\/\/latamjournalismreview.org\/wp-content\/uploads\/2020\/12\/Blog-Featured-Images-3-1.png","datePublished":"2020-12-16T22:20:06+00:00","dateModified":"2020-12-17T20:46:33+00:00","description":"Una encuesta muestra el aumento en la cantidad de leyes y proyectos de ley que coh\u00edben y castigan la desinformaci\u00f3n en internet de pa\u00edses de Am\u00e9rica Latina.","breadcrumb":{"@id":"https:\/\/latamjournalismreview.org\/es\/articles\/leyes-contra-desinformacion-america-latina\/#breadcrumb"},"inLanguage":"es","potentialAction":[{"@type":"ReadAction","target":["https:\/\/latamjournalismreview.org\/es\/articles\/leyes-contra-desinformacion-america-latina\/"]}]},{"@type":"ImageObject","inLanguage":"es","@id":"https:\/\/latamjournalismreview.org\/es\/articles\/leyes-contra-desinformacion-america-latina\/#primaryimage","url":"https:\/\/latamjournalismreview.org\/wp-content\/uploads\/2020\/12\/Blog-Featured-Images-3-1.png","contentUrl":"https:\/\/latamjournalismreview.org\/wp-content\/uploads\/2020\/12\/Blog-Featured-Images-3-1.png","width":507,"height":340,"caption":"Photo of a gavel and law book"},{"@type":"BreadcrumbList","@id":"https:\/\/latamjournalismreview.org\/es\/articles\/leyes-contra-desinformacion-america-latina\/#breadcrumb","itemListElement":[{"@type":"ListItem","position":1,"name":"Home","item":"https:\/\/latamjournalismreview.org\/es\/"},{"@type":"ListItem","position":2,"name":"Once leyes y proyectos de ley contra la desinformaci\u00f3n en Am\u00e9rica Latina implican multas, c\u00e1rcel y censura"}]},{"@type":"WebSite","@id":"https:\/\/latamjournalismreview.org\/es\/#website","url":"https:\/\/latamjournalismreview.org\/es\/","name":"LatAm Journalism Review","description":"Knight Center at The University of Texas","publisher":{"@id":"https:\/\/latamjournalismreview.org\/es\/#organization"},"potentialAction":[{"@type":"SearchAction","target":{"@type":"EntryPoint","urlTemplate":"https:\/\/latamjournalismreview.org\/es\/?s={search_term_string}"},"query-input":{"@type":"PropertyValueSpecification","valueRequired":true,"valueName":"search_term_string"}}],"inLanguage":"es"},{"@type":"Organization","@id":"https:\/\/latamjournalismreview.org\/es\/#organization","name":"LatAm Journalism Review","url":"https:\/\/latamjournalismreview.org\/es\/","logo":{"@type":"ImageObject","inLanguage":"es","@id":"https:\/\/latamjournalismreview.org\/es\/#\/schema\/logo\/image\/","url":"https:\/\/latamjournalismreview.org\/wp-content\/uploads\/2020\/05\/knight-latAm-review-logo.svg","contentUrl":"https:\/\/latamjournalismreview.org\/wp-content\/uploads\/2020\/05\/knight-latAm-review-logo.svg","width":"1024","height":"1024","caption":"LatAm Journalism Review"},"image":{"@id":"https:\/\/latamjournalismreview.org\/es\/#\/schema\/logo\/image\/"},"sameAs":["https:\/\/x.com\/LatAmJournalism"]},{"@type":"Person","@id":"https:\/\/latamjournalismreview.org\/es\/#\/schema\/person\/d9517de765982788cd8378b5a229e3dd","name":"J\u00falio Lubianco","description":"J\u00falio Lubianco studied journalism at Universidade Federal Fluminense (UFF). He began his career on the local desk at Jornal do Brasil, in 2003. He was a reporter, assignment editor and managing editor at R\u00e1dio CBN. He has a Master\u2019s degree in media and communication from the London School of Economics (LSE), with a scholarship from the Journalists of Vision program. He is a professor of journalism at PUC-Rio. He won the Imprensa Embratel award in 2007, the Alexandre Adler award in 2008, and is a two-time winner of the Tim Lopes Award for Investigative Journalism, in 2009 and 2014. J\u00falio Lubianco estudi\u00f3 periodismo en la Universidad Federal Fluminense (UFF). Comenz\u00f3 la carrera en 2003, en el diario Jornal do Brasil. Fue reportero, editor y editor ejecutivo en R\u00e1dio CBN. Hizo su maestr\u00eda en medios de comunicaci\u00f3n en London School of Economics (LSE), becado por el programa Jornalistas de Vis\u00e3o. Es profesor del curso de periodismo de PUC-Rio y es presentador del podcast de BRIO, que trata sobre periodismo, carrera, mercado y tecnolog\u00eda. Gan\u00f3 los premios Imprensa Embratel (2007), Alexandre Adler (2008), y en dos oportunidades el Tim Lopes de Periodismo Investigativo (2009 y 2014). J\u00falio Lubianco estudou jornalismo na Universidade Federal Fluminense (UFF). Come\u00e7ou a carreira em 2003, no caderno Cidade do Jornal do Brasil. Foi rep\u00f3rter, chefe de reportagem e gerente de jornalismo na R\u00e1dio CBN. Fez mestrado em m\u00eddia e comunica\u00e7\u00e3o na London School of Economics (LSE), com bolsa do programa Jornalistas de Vis\u00e3o. \u00c9 professor do curso de jornalismo da PUC-Rio e apresenta o podcast do BRIO, que discute jornalismo, carreira, mercado e tecnologia. Venceu os pr\u00eamios Imprensa Embratel, em 2007, o Alexandre Adler, em 2008, e duas vezes o Tim Lopes de Jornalismo Investigativo, em 2009 e 2014.","sameAs":["https:\/\/www.linkedin.com\/in\/julio-lubianco\/","https:\/\/x.com\/jlubianco"],"url":"https:\/\/latamjournalismreview.org\/es\/articles\/author\/julio-lubianco\/"}]}},"_links":{"self":[{"href":"https:\/\/latamjournalismreview.org\/es\/wp-json\/wp\/v2\/posts\/14839","targetHints":{"allow":["GET"]}}],"collection":[{"href":"https:\/\/latamjournalismreview.org\/es\/wp-json\/wp\/v2\/posts"}],"about":[{"href":"https:\/\/latamjournalismreview.org\/es\/wp-json\/wp\/v2\/types\/post"}],"author":[{"embeddable":true,"href":"https:\/\/latamjournalismreview.org\/es\/wp-json\/wp\/v2\/users\/5"}],"replies":[{"embeddable":true,"href":"https:\/\/latamjournalismreview.org\/es\/wp-json\/wp\/v2\/comments?post=14839"}],"version-history":[{"count":9,"href":"https:\/\/latamjournalismreview.org\/es\/wp-json\/wp\/v2\/posts\/14839\/revisions"}],"predecessor-version":[{"id":14958,"href":"https:\/\/latamjournalismreview.org\/es\/wp-json\/wp\/v2\/posts\/14839\/revisions\/14958"}],"wp:featuredmedia":[{"embeddable":true,"href":"https:\/\/latamjournalismreview.org\/es\/wp-json\/wp\/v2\/media\/14824"}],"wp:attachment":[{"href":"https:\/\/latamjournalismreview.org\/es\/wp-json\/wp\/v2\/media?parent=14839"}],"wp:term":[{"taxonomy":"category","embeddable":true,"href":"https:\/\/latamjournalismreview.org\/es\/wp-json\/wp\/v2\/categories?post=14839"},{"taxonomy":"post_tag","embeddable":true,"href":"https:\/\/latamjournalismreview.org\/es\/wp-json\/wp\/v2\/tags?post=14839"},{"taxonomy":"author","embeddable":true,"href":"https:\/\/latamjournalismreview.org\/es\/wp-json\/wp\/v2\/coauthors?post=14839"}],"curies":[{"name":"wp","href":"https:\/\/api.w.org\/{rel}","templated":true}]}}