{"id":154033,"date":"2025-10-29T13:01:44","date_gmt":"2025-10-29T18:01:44","guid":{"rendered":"https:\/\/latamjournalismreview.org\/?p=154033"},"modified":"2025-10-29T13:01:44","modified_gmt":"2025-10-29T18:01:44","slug":"mientras-las-agresiones-a-periodistas-en-latinoamerica-bajan-la-autocensura-y-el-exilio-se-disparan","status":"publish","type":"post","link":"https:\/\/latamjournalismreview.org\/es\/articles\/mientras-las-agresiones-a-periodistas-en-latinoamerica-bajan-la-autocensura-y-el-exilio-se-disparan\/","title":{"rendered":"Mientras las agresiones a periodistas en Latinoam\u00e9rica bajan, la autocensura y el exilio se disparan"},"content":{"rendered":"<p>\u201cEn 2024, el periodismo en Am\u00e9rica Latina enfrent\u00f3 uno de sus escenarios m\u00e1s hostiles en d\u00e9cadas\u201d. As\u00ed concluy\u00f3 el nuevo informe anual de la organizaci\u00f3n\u00a0<a href=\"https:\/\/vocesdelsurunidas.org\/quienes-somos\/\" target=\"_blank\" rel=\"noopener noreferrer\"><u>Voces del Sur<\/u><\/a>, que re\u00fane a 17 organizaciones de Am\u00e9rica Latina que promueven la libertad de expresi\u00f3n y protecci\u00f3n de periodistas.<\/p>\n<p>El\u00a0<a href=\"https:\/\/vocesdelsurunidas.org\/wp-content\/uploads\/2025\/09\/Informe-Sombra-2024-VDS.pdf\" target=\"_blank\" rel=\"noopener noreferrer\"><u>Informe Sombra 2024<\/u><\/a>, que hace monitoreo a los 17 pa\u00edses de esas organizaciones, detalla c\u00f3mo la prensa de la regi\u00f3n vive una \u201ccombinaci\u00f3n letal\u201d entre la represi\u00f3n estatal, violencia criminal y falta de garant\u00edas institucionales.<\/p>\n<p>Para 2024, el informe registr\u00f3 3.766 alertas por violaciones a la prensa, de ellas 1.562 corresponden a agresiones y ataques. Y aunque estos n\u00fameros mostraron una peque\u00f1a disminuci\u00f3n comparado con 2023 \u2013 con 3.827 alertas y 1.680 agresiones y ataques \u2013 el an\u00e1lisis no es que se trata de una mejor\u00eda sino \u201cde cambios de mecanismos o consolidaci\u00f3n de algunos para intentar limitar la libertad de prensa\u201d, dijo a\u00a0<strong>LatAm Journalism Review (LJR)\u00a0<\/strong>C\u00e9sar Mendoza, consultor de Voces del Sur.<\/p>\n<p>Uno de los principales hallazgos del informe es justamente que el Estado sigue siendo el principal agresor de la prensa. En casi la mitad de las alertas (49,3%) los responsables fueron actores estatales.<\/p>\n<p>Ante este escenario de una prensa cada vez m\u00e1s atacada y un Estado sigue destac\u00e1ndose como principal agresor de la prensa, \u00bfc\u00f3mo concretar soluciones que requiere de la voluntad pol\u00edtica para materializarse?<\/p>\n<p>El rol de la sociedad civil es vital para lograr acciones concretas por parte de los gobiernos, dijo Mendoza. Seg\u00fan dijo, m\u00e1s all\u00e1 de lograr presionar de manera eficaz a los gobiernos para conseguir resultados, el objetivo final deber\u00eda ser conseguir un cambio \u201cm\u00e1s profundo\u201d en el dise\u00f1o de Estados de Am\u00e9rica Latina.<\/p>\n<p>\u201cEs importante preguntarnos c\u00f3mo ciudadan\u00eda y sociedad civil: \u00bftienen nuestros gobiernos la voluntad de ayudar a construir democracias basadas en el respeto a los derechos humanos?\u201d, dijo Mendoza.<\/p>\n<p>No s\u00f3lo preocupa que los Estados se mantengan como el principal agresor de la prensa, sino su ausencia en escenarios mostrando la incapacidad institucional, dijo Mendoza.<\/p>\n<p>\u201cEsto ha provocado que los grupos del crimen organizado, como otros grupos de inter\u00e9s, tengan m\u00e1s capacidad para agredir a la prensa sin que existan consecuencias reales\u201d, dijo.<\/p>\n<p>Un ejemplo es Brasil, en donde el discurso estigmatizante del Estado termin\u00f3, pero las agresiones por parte de grupos civiles \u2013 usualmente alineados con la extrema derecha \u2013 han aumentado, explic\u00f3 Mendoza.<\/p>\n<p>Uno de los ejemplos en este tema es Brasil, en donde a pesar de que el Estado termin\u00f3 con el discurso estigmatizante, no ha podido terminar agresiones de parte de grupos que no pertenecen al gobierno, explic\u00f3 Mendoza.<\/p>\n<p>Seg\u00fan el informe, Brasil vio una disminuci\u00f3n del 34,6% en las violaciones a la libertad de prensa comparado con 2023. El cambio del gobierno de Jair Bolsonaro al de Luiz In\u00e1cio Lula da Silva produjo \u201cun cambio significativo\u201d respecto a los responsables de ataques a la prensa. La participaci\u00f3n de los actores estatales en estos ataques se redujo en un 30,2% para 2024 comparado con 2023.<\/p>\n<p>\u201cEsta disminuci\u00f3n fue especialmente notoria en los discursos estigmatizantes, donde los ejecutados por funcionarios del estado bajaron 54 puntos porcentuales en un a\u00f1o, pasando del 72,1% en 2023 al 18,1% en 2024\u201d, establece el informe sobre Brasil.<\/p>\n<p>Sin embargo, esto no signific\u00f3 una mejor\u00eda para la situaci\u00f3n de la prensa del pa\u00eds. Seg\u00fan el informe, otras formas de violencia se \u201cintensificaron\u201d y hubo un desplazamiento del escenario de ataques hacia el entorno digital: para 2024 de las 94 agresiones registradas, 31,9% correspondieron a amenazas digitales y ciberataques. Los agresores no estatales correspondieron al 41,7% del total de las alertas documentadas. Al menos 20 de las alertas fueron protagonizadas por seguidores del expresidente Bolsonaro o de candidatos de su partido.<\/p>\n<h3>Ausencia compromisos del Estado<\/h3>\n<p>La disminuci\u00f3n en el total de agresiones es explicada en el informe por la presencia de otros fen\u00f3menos como la \u201creacomodaci\u00f3n de las agresiones\u201d as\u00ed como la consolidaci\u00f3n de autocensura, desiertos informativos y exilio forzado de periodistas.<\/p>\n<p>El exilio es uno de los fen\u00f3menos que se han ido extendiendo por la regi\u00f3n. Cuba, Nicaragua y Venezuela han sido los pa\u00edses que m\u00e1s han expulsado a m\u00e1s periodistas como consecuencia de agresiones, acoso, amenazas de muerte y encarcelamiento, dijo Mendoza.<\/p>\n<p>El reciente informe \u201cVoces Desplazadas: Radiograf\u00eda del exilio period\u00edstico latinoamericano 2018-2024\u201d, report\u00f3 que\u00a0<a href=\"https:\/\/latamjournalismreview.org\/es\/articles\/se-estima-que-mas-de-900-periodistas-de-america-latina-estan-rehaciendo-sus-vidas-y-empleos-en-el-exilio\/\" target=\"_blank\" rel=\"noopener noreferrer\"><u>913 periodistas de 15 pa\u00edses de Am\u00e9rica Latina fueron forzados a desplazarse<\/u><\/a> durante los a\u00f1os estudiados. El informe encontr\u00f3 que los profesionales salieron para proteger su vida, seguridad y la de sus familias usualmente abandonan la profesi\u00f3n.<\/p>\n<p>Uno de los pa\u00edses que ha visto crecer el exilio en los \u00faltimos a\u00f1os es Ecuador. Entre 2023 y 2024, la Mesa de Articulaci\u00f3n para la Protecci\u00f3n de Periodistas (MAPP) registr\u00f3 el exilio de 14 periodistas debido a la violencia del crimen organizado, dijo a\u00a0<strong>LJR<\/strong> C\u00e9sar Ricaurte, director ejecutivo de Fundamedios (organizaci\u00f3n que hace parte de Voces del Sur).<\/p>\n<h3>Presencia del crimen organizado<\/h3>\n<p>Precisamente el rol del crimen organizado es uno de los hallazgos para el caso de Ecuador. De las 194 alertas reportadas, seis de cada 10 registros corresponden a agresiones y ataques (60,3%, es decir, 117 de las alertas). De estas, casi el 20% fueron ocasionadas por el crimen organizado.<\/p>\n<p>De hecho, la \u201cinauguraci\u00f3n\u201d del mandato de Daniel Noboa, como explica Ricaurte, fue la toma de las instalaciones del canal TC Televisi\u00f3n por parte de un grupo armado que tom\u00f3 a sus trabajadores como rehenes mientras los amenazaba y apuntaba con pistolas en la transmisi\u00f3n en vivo. El hecho dej\u00f3\u00a0<a href=\"https:\/\/latamjournalismreview.org\/es\/articles\/trauma-por-toma-violenta-de-canal-de-tv-en-ecuador-evidencia-la-necesidad-de-atender-salud-mental-dicen-periodistas\/\" target=\"_blank\" rel=\"noopener noreferrer\"><u>secuelas psicol\u00f3gicas en los periodistas<\/u><\/a>, especialmente en Jos\u00e9 Luis Calder\u00f3n quien se exili\u00f3.<\/p>\n<p>Para Ricaurte, la penetraci\u00f3n del crimen organizado es una de las preocupaciones m\u00e1s grandes porque hace que no se sepa muy bien de d\u00f3nde vienen las agresiones a los periodistas. Seg\u00fan dijo, este penetra al Estado \u201ccaptura jueces, fiscales, fuerzas de seguridad\u201d, entre otros, y a actores fuera de este como empresarios e incluso periodistas.<\/p>\n<p>La ausencia del Estado, dijo Ricaurte, es evidente en estas situaciones. La MAPP, compuesta por organizaciones de la sociedad civil y medios, ha logrado sacar del pa\u00eds a esos 14 periodistas sin la intervenci\u00f3n ni la ayuda del Estado.<\/p>\n<p>La protecci\u00f3n de periodistas ante el escenario de aumento de violencia tampoco ha sido una preocupaci\u00f3n para el Estado, dijo Ricaurte. Despu\u00e9s de que en 2022 se institucionaliz\u00f3 el Mecanismo de Prevenci\u00f3n y Protecci\u00f3n del Trabajo Period\u00edstico con la reforma a la Ley de Comunicaci\u00f3n,\u00a0<a href=\"https:\/\/latamjournalismreview.org\/es\/articles\/ante-la-creciente-violencia-el-mecanismo-de-proteccion-a-periodistas-de-ecuador-carece-de-los-recursos-necesarios\/\" target=\"_blank\" rel=\"noopener noreferrer\"><u>su trabajo ha sido deficiente<\/u><\/a>.<\/p>\n<p>\u201cVa muy mal\u201d, dijo Ricaurte. \u201cEl Estado en todos estos a\u00f1os no ha dado un centavo para el financiamiento del mecanismo. Y lo que vemos tambi\u00e9n es que hay unos serios defectos de dise\u00f1o del mecanismo\u201d. Por ejemplo, dijo, la falta de independencia del Ejecutivo.<\/p>\n<h3>Agresiones del Estado<\/h3>\n<p>El rol de los gobiernos en la garant\u00eda de libertad de expresi\u00f3n es claro incluso en las democracias m\u00e1s estables de la regi\u00f3n como Chile, Costa Rica y Uruguay, dijo Mendoza. Costa Rica, \u201cmuestra c\u00f3mo a pesar de los avances democr\u00e1ticos que tienen como pa\u00eds, la figura de los gobernantes es fundamental para consolidar la libertad de expresi\u00f3n y prensa o un arma que juega en contra de ellas\u201d, dijo.<\/p>\n<p>Para 2024, se institucionaliz\u00f3 el rol del Estado como agresor para la prensa de Costa Rica. La participaci\u00f3n de actores estatales aument\u00f3 de \u201cmanera sostenida\u201d: del 54,5% en 2022 al 75% en 2023, hasta alcanzar el 82,4% en 2024, seg\u00fan el informe. Es decir, en dos a\u00f1os se triplicaron las alertas.<\/p>\n<p>\u201cNuestra esperanza es que los ataques a la prensa en Costa Rica terminen al finalizar el actual gobierno populista que no ha tolerado la cr\u00edtica, ni investigaciones de la prensa independiente y seria\u201d, dijo a\u00a0<strong>LJR<\/strong> Ra\u00fal Silesky, presidente del Instituto de Prensa y Libertad de Expresi\u00f3n (IPLEX).<\/p>\n<p>En este pa\u00eds, las restricciones al acceso a la informaci\u00f3n correspondieron al 35% de las alertas, lo que la consolid\u00f3 como una de las principales formas de hostigamiento al trabajo period\u00edstico, seg\u00fan el informe. Apenas\u00a0<a href=\"https:\/\/latamjournalismreview.org\/es\/articles\/costa-rica-aprueba-ley-historica-de-acceso-a-informacion-publica-para-consagrar-transparencia-gubernamental\/\" target=\"_blank\" rel=\"noopener noreferrer\"><u>en noviembre de 2024<\/u><\/a>, el pa\u00eds aprob\u00f3 la ley de acceso a la informaci\u00f3n. Silesky dijo que la Sala Constitucional ha reiterado al Estado la entregar informaci\u00f3n.<\/p>\n<p>Este escenario, dijo Silesky, necesita a la comunidad internacional apoyando a organizaciones nacionales y a la prensa independiente, as\u00ed como al periodismo de investigaci\u00f3n.<\/p>\n<p>Un llamado similar hace Ricaurte. Para \u00e9l, el corte de financiaci\u00f3n internacional ha tenido un impacto muy grave en el periodismo y su protecci\u00f3n. Un ejemplo se ve con el tema del exilio: la reubicaci\u00f3n temporal y la salida de un pa\u00eds es imposible sin estos recursos.<\/p>\n<p>Mendoza dijo que en la busca de soluciones tambi\u00e9n pasa por una autocr\u00edtica de la sociedad civil relacionada con su conexi\u00f3n con las personas: qu\u00e9 tanto se escuchan sus necesidades mientras se comunican la importancia de los derechos humanos.<\/p>\n<p>\u201cEs importante preguntarnos si nuestras sociedades est\u00e1n entendiendo el rol del periodismo y las organizaciones para poder tomar decisiones informadas\u201d, dijo Mendoza. \u201cSi la sociedad no conoce sus derechos ni la labor de los medios y las organizaciones, creo que hay un puente que est\u00e1 roto y debemos construir\u201d.<\/p>\n","protected":false},"excerpt":{"rendered":"<p>Aunque un nuevo informe de Voces del Sur registr\u00f3 menos ataques contra la prensa en 2024, la libertad de prensa no mejora. La violencia y el acoso persisten, y cada vez m\u00e1s periodistas recurren a la autocensura o al exilio.<\/p>\n","protected":false},"author":13,"featured_media":154006,"comment_status":"closed","ping_status":"closed","sticky":false,"template":"","format":"standard","meta":{"inline_featured_image":false,"footnotes":""},"categories":[1222],"tags":[1404,1449,2214,1518],"coauthors":[2741],"class_list":["post-154033","post","type-post","status-publish","format-standard","has-post-thumbnail","hentry","category-violencia-contra-periodistas-es","tag-censura-es","tag-exilio-es","tag-libertad-de-prensa","tag-seguridad-y-proteccion-es"],"acf":[],"yoast_head":"<!-- This site is optimized with the Yoast SEO Premium plugin v22.6 (Yoast SEO v27.4) - https:\/\/yoast.com\/product\/yoast-seo-premium-wordpress\/ -->\n<title>Mientras las agresiones a periodistas en Latinoam\u00e9rica bajan, la autocensura y el exilio se disparan - LatAm Journalism Review<\/title>\n<meta name=\"description\" content=\"Aunque un nuevo informe de Voces del Sur registr\u00f3 menos ataques contra la prensa en 2024, la libertad de prensa no mejora. La violencia y el acoso persisten, y cada vez m\u00e1s periodistas recurren a la autocensura o al exilio.\" \/>\n<meta name=\"robots\" content=\"index, follow, max-snippet:-1, max-image-preview:large, max-video-preview:-1\" \/>\n<link rel=\"canonical\" href=\"https:\/\/latamjournalismreview.org\/es\/articles\/mientras-las-agresiones-a-periodistas-en-latinoamerica-bajan-la-autocensura-y-el-exilio-se-disparan\/\" \/>\n<meta property=\"og:locale\" content=\"es_ES\" \/>\n<meta property=\"og:type\" content=\"article\" \/>\n<meta property=\"og:title\" content=\"Mientras las agresiones a periodistas en Latinoam\u00e9rica bajan, la autocensura y el exilio se disparan\" \/>\n<meta property=\"og:description\" content=\"Aunque un nuevo informe de Voces del Sur registr\u00f3 menos ataques contra la prensa en 2024, la libertad de prensa no mejora. La violencia y el acoso persisten, y cada vez m\u00e1s periodistas recurren a la autocensura o al exilio.\" \/>\n<meta property=\"og:url\" content=\"https:\/\/latamjournalismreview.org\/es\/articles\/mientras-las-agresiones-a-periodistas-en-latinoamerica-bajan-la-autocensura-y-el-exilio-se-disparan\/\" \/>\n<meta property=\"og:site_name\" content=\"LatAm Journalism Review\" \/>\n<meta property=\"article:published_time\" content=\"2025-10-29T18:01:44+00:00\" \/>\n<meta property=\"og:image\" content=\"https:\/\/latamjournalismreview.org\/wp-content\/uploads\/2025\/10\/FEATURED-Informe-Sombra-2024-Ataque-Ecuador.png\" \/>\n\t<meta property=\"og:image:width\" content=\"507\" \/>\n\t<meta property=\"og:image:height\" content=\"340\" \/>\n\t<meta property=\"og:image:type\" content=\"image\/png\" \/>\n<meta name=\"author\" content=\"Silvia Higuera\" \/>\n<meta name=\"twitter:card\" content=\"summary_large_image\" \/>\n<meta name=\"twitter:creator\" content=\"@shiguerita\" \/>\n<meta name=\"twitter:site\" content=\"@LatAmJournalism\" \/>\n<meta name=\"twitter:label1\" content=\"Written by\" \/>\n\t<meta name=\"twitter:data1\" content=\"Silvia Higuera\" \/>\n\t<meta name=\"twitter:label2\" content=\"Est. reading time\" \/>\n\t<meta name=\"twitter:data2\" content=\"8 minutos\" \/>\n<script type=\"application\/ld+json\" class=\"yoast-schema-graph\">{\"@context\":\"https:\\\/\\\/schema.org\",\"@graph\":[{\"@type\":\"Article\",\"@id\":\"https:\\\/\\\/latamjournalismreview.org\\\/es\\\/articles\\\/mientras-las-agresiones-a-periodistas-en-latinoamerica-bajan-la-autocensura-y-el-exilio-se-disparan\\\/#article\",\"isPartOf\":{\"@id\":\"https:\\\/\\\/latamjournalismreview.org\\\/es\\\/articles\\\/mientras-las-agresiones-a-periodistas-en-latinoamerica-bajan-la-autocensura-y-el-exilio-se-disparan\\\/\"},\"author\":{\"name\":\"Silvia Higuera\",\"@id\":\"https:\\\/\\\/latamjournalismreview.org\\\/es\\\/#\\\/schema\\\/person\\\/eac7baa6afada0957e047be9fc15703a\"},\"headline\":\"Mientras las agresiones a periodistas en Latinoam\u00e9rica bajan, la autocensura y el exilio se disparan\",\"datePublished\":\"2025-10-29T18:01:44+00:00\",\"mainEntityOfPage\":{\"@id\":\"https:\\\/\\\/latamjournalismreview.org\\\/es\\\/articles\\\/mientras-las-agresiones-a-periodistas-en-latinoamerica-bajan-la-autocensura-y-el-exilio-se-disparan\\\/\"},\"wordCount\":1591,\"publisher\":{\"@id\":\"https:\\\/\\\/latamjournalismreview.org\\\/es\\\/#organization\"},\"image\":{\"@id\":\"https:\\\/\\\/latamjournalismreview.org\\\/es\\\/articles\\\/mientras-las-agresiones-a-periodistas-en-latinoamerica-bajan-la-autocensura-y-el-exilio-se-disparan\\\/#primaryimage\"},\"thumbnailUrl\":\"https:\\\/\\\/latamjournalismreview.org\\\/wp-content\\\/uploads\\\/2025\\\/10\\\/FEATURED-Informe-Sombra-2024-Ataque-Ecuador.png\",\"keywords\":[\"Censura\",\"Exilio\",\"Libertad de prensa\",\"Seguridad y protecci\u00f3n\"],\"articleSection\":[\"Violencia contra periodistas\"],\"inLanguage\":\"es\"},{\"@type\":\"WebPage\",\"@id\":\"https:\\\/\\\/latamjournalismreview.org\\\/es\\\/articles\\\/mientras-las-agresiones-a-periodistas-en-latinoamerica-bajan-la-autocensura-y-el-exilio-se-disparan\\\/\",\"url\":\"https:\\\/\\\/latamjournalismreview.org\\\/es\\\/articles\\\/mientras-las-agresiones-a-periodistas-en-latinoamerica-bajan-la-autocensura-y-el-exilio-se-disparan\\\/\",\"name\":\"Mientras las agresiones a periodistas en Latinoam\u00e9rica bajan, la autocensura y el exilio se disparan - LatAm Journalism Review\",\"isPartOf\":{\"@id\":\"https:\\\/\\\/latamjournalismreview.org\\\/es\\\/#website\"},\"primaryImageOfPage\":{\"@id\":\"https:\\\/\\\/latamjournalismreview.org\\\/es\\\/articles\\\/mientras-las-agresiones-a-periodistas-en-latinoamerica-bajan-la-autocensura-y-el-exilio-se-disparan\\\/#primaryimage\"},\"image\":{\"@id\":\"https:\\\/\\\/latamjournalismreview.org\\\/es\\\/articles\\\/mientras-las-agresiones-a-periodistas-en-latinoamerica-bajan-la-autocensura-y-el-exilio-se-disparan\\\/#primaryimage\"},\"thumbnailUrl\":\"https:\\\/\\\/latamjournalismreview.org\\\/wp-content\\\/uploads\\\/2025\\\/10\\\/FEATURED-Informe-Sombra-2024-Ataque-Ecuador.png\",\"datePublished\":\"2025-10-29T18:01:44+00:00\",\"description\":\"Aunque un nuevo informe de Voces del Sur registr\u00f3 menos ataques contra la prensa en 2024, la libertad de prensa no mejora. La violencia y el acoso persisten, y cada vez m\u00e1s periodistas recurren a la autocensura o al exilio.\",\"breadcrumb\":{\"@id\":\"https:\\\/\\\/latamjournalismreview.org\\\/es\\\/articles\\\/mientras-las-agresiones-a-periodistas-en-latinoamerica-bajan-la-autocensura-y-el-exilio-se-disparan\\\/#breadcrumb\"},\"inLanguage\":\"es\",\"potentialAction\":[{\"@type\":\"ReadAction\",\"target\":[\"https:\\\/\\\/latamjournalismreview.org\\\/es\\\/articles\\\/mientras-las-agresiones-a-periodistas-en-latinoamerica-bajan-la-autocensura-y-el-exilio-se-disparan\\\/\"]}]},{\"@type\":\"ImageObject\",\"inLanguage\":\"es\",\"@id\":\"https:\\\/\\\/latamjournalismreview.org\\\/es\\\/articles\\\/mientras-las-agresiones-a-periodistas-en-latinoamerica-bajan-la-autocensura-y-el-exilio-se-disparan\\\/#primaryimage\",\"url\":\"https:\\\/\\\/latamjournalismreview.org\\\/wp-content\\\/uploads\\\/2025\\\/10\\\/FEATURED-Informe-Sombra-2024-Ataque-Ecuador.png\",\"contentUrl\":\"https:\\\/\\\/latamjournalismreview.org\\\/wp-content\\\/uploads\\\/2025\\\/10\\\/FEATURED-Informe-Sombra-2024-Ataque-Ecuador.png\",\"width\":507,\"height\":340},{\"@type\":\"BreadcrumbList\",\"@id\":\"https:\\\/\\\/latamjournalismreview.org\\\/es\\\/articles\\\/mientras-las-agresiones-a-periodistas-en-latinoamerica-bajan-la-autocensura-y-el-exilio-se-disparan\\\/#breadcrumb\",\"itemListElement\":[{\"@type\":\"ListItem\",\"position\":1,\"name\":\"Home\",\"item\":\"https:\\\/\\\/latamjournalismreview.org\\\/es\\\/\"},{\"@type\":\"ListItem\",\"position\":2,\"name\":\"Mientras las agresiones a periodistas en Latinoam\u00e9rica bajan, la autocensura y el exilio se disparan\"}]},{\"@type\":\"WebSite\",\"@id\":\"https:\\\/\\\/latamjournalismreview.org\\\/es\\\/#website\",\"url\":\"https:\\\/\\\/latamjournalismreview.org\\\/es\\\/\",\"name\":\"LatAm Journalism Review\",\"description\":\"Knight Center at The University of Texas\",\"publisher\":{\"@id\":\"https:\\\/\\\/latamjournalismreview.org\\\/es\\\/#organization\"},\"potentialAction\":[{\"@type\":\"SearchAction\",\"target\":{\"@type\":\"EntryPoint\",\"urlTemplate\":\"https:\\\/\\\/latamjournalismreview.org\\\/es\\\/?s={search_term_string}\"},\"query-input\":{\"@type\":\"PropertyValueSpecification\",\"valueRequired\":true,\"valueName\":\"search_term_string\"}}],\"inLanguage\":\"es\"},{\"@type\":\"Organization\",\"@id\":\"https:\\\/\\\/latamjournalismreview.org\\\/es\\\/#organization\",\"name\":\"LatAm Journalism Review\",\"url\":\"https:\\\/\\\/latamjournalismreview.org\\\/es\\\/\",\"logo\":{\"@type\":\"ImageObject\",\"inLanguage\":\"es\",\"@id\":\"https:\\\/\\\/latamjournalismreview.org\\\/es\\\/#\\\/schema\\\/logo\\\/image\\\/\",\"url\":\"https:\\\/\\\/latamjournalismreview.org\\\/wp-content\\\/uploads\\\/2020\\\/05\\\/knight-latAm-review-logo.svg\",\"contentUrl\":\"https:\\\/\\\/latamjournalismreview.org\\\/wp-content\\\/uploads\\\/2020\\\/05\\\/knight-latAm-review-logo.svg\",\"width\":\"1024\",\"height\":\"1024\",\"caption\":\"LatAm Journalism Review\"},\"image\":{\"@id\":\"https:\\\/\\\/latamjournalismreview.org\\\/es\\\/#\\\/schema\\\/logo\\\/image\\\/\"},\"sameAs\":[\"https:\\\/\\\/x.com\\\/LatAmJournalism\"]},{\"@type\":\"Person\",\"@id\":\"https:\\\/\\\/latamjournalismreview.org\\\/es\\\/#\\\/schema\\\/person\\\/eac7baa6afada0957e047be9fc15703a\",\"name\":\"Silvia Higuera\",\"description\":\"Silvia A. Higuera Fl\u00f3rez is a Colombian journalist interested in covering Latin American issues and human rights, especially the right to freedom of expression, and investigative journalism. She studied Social Communication and Journalism at Universidad Pontificia Bolivariana in Bucaramanga (Colombia), and received her Master's of Arts in Journalism from the University of Texas at Austin in 2015. She worked with the Office of the Special Rapporteur for Freedom of Expression of the Inter-American Commission on Human Rights (IACHR) under the Orlando Sierra fellowship during 2014. She also worked for the Colombian newspaper Vanguardia Liberal and wrote for different magazines about local, economic and public order issues. Her work has also appeared in The Miami Herald and El Nuevo Herald of Miami. Email: silvia.knightcenter@gmail.com Silvia A. Higuera Fl\u00f3rez es una periodista colombiana con inter\u00e9s period\u00edstico es Am\u00e9rica Latina y los derechos humanos, particularmente el derecho a la libertad de expresi\u00f3n, as\u00ed como el periodismo de investigaci\u00f3n. Estudi\u00f3 Comunicaci\u00f3n Social \u2013 Periodismo en la Universidad Pontificia Bolivariana de Bucaramanga (Colombia), y recibi\u00f3 su maestr\u00eda en Periodismo en la Universidad de Texas, en Austin en 2015. Trabaj\u00f3 para la Relator\u00eda Especial para la Libertad de Expresi\u00f3n de la Comisi\u00f3n Interamericana de Derechos Humanos (CIDH) en el marco de la beca Orlando Sierra, durante 2014. Tambi\u00e9n hizo parte del diario Vanguardia Liberal y escribi\u00f3 para otras revistas colombianas cubriendo fuentes locales, econ\u00f3micas y judiciales. Algunos de sus trabajos han aparecido en The Miami Herald y El Nuevo Herald de Miami. Silvia A. Higuera Fl\u00f3rez \u00e9 uma jornalista colombiana e seu interesse jornal\u00edstico \u00e9 a Am\u00e9rica Latina e os direitos humanos, nomeadamente o direito \u00e0 liberdade de express\u00e3o. Estudou Comunica\u00e7\u00e3o Social \u2013 Jornalismo na Universidade Pontif\u00edcia Bolivariana de Bucaramanga, na Col\u00f4mbia e completou seu mestrado em jornalismo na Universidade do Texas em Austin. Silvia trabalhou na Relatoria para a Liberdade de Express\u00e3o da CIDH pela bolsa Orlando Sierra, em 2014. Trabalhou para o jornal Vanguardia Liberal e escreveu para outras revistas colombianas cobrindo temas locais, econ\u00f4micas e judici\u00e1rias. Alguns de seus trabalhos apareceram no The Miami Herald e no El Nuevo Herald de Miami.\",\"sameAs\":[\"https:\\\/\\\/x.com\\\/shiguerita\"],\"url\":\"https:\\\/\\\/latamjournalismreview.org\\\/es\\\/articles\\\/author\\\/silvia-higuera\\\/\"}]}<\/script>\n<!-- \/ Yoast SEO Premium plugin. -->","yoast_head_json":{"title":"Mientras las agresiones a periodistas en Latinoam\u00e9rica bajan, la autocensura y el exilio se disparan - LatAm Journalism Review","description":"Aunque un nuevo informe de Voces del Sur registr\u00f3 menos ataques contra la prensa en 2024, la libertad de prensa no mejora. La violencia y el acoso persisten, y cada vez m\u00e1s periodistas recurren a la autocensura o al exilio.","robots":{"index":"index","follow":"follow","max-snippet":"max-snippet:-1","max-image-preview":"max-image-preview:large","max-video-preview":"max-video-preview:-1"},"canonical":"https:\/\/latamjournalismreview.org\/es\/articles\/mientras-las-agresiones-a-periodistas-en-latinoamerica-bajan-la-autocensura-y-el-exilio-se-disparan\/","og_locale":"es_ES","og_type":"article","og_title":"Mientras las agresiones a periodistas en Latinoam\u00e9rica bajan, la autocensura y el exilio se disparan","og_description":"Aunque un nuevo informe de Voces del Sur registr\u00f3 menos ataques contra la prensa en 2024, la libertad de prensa no mejora. La violencia y el acoso persisten, y cada vez m\u00e1s periodistas recurren a la autocensura o al exilio.","og_url":"https:\/\/latamjournalismreview.org\/es\/articles\/mientras-las-agresiones-a-periodistas-en-latinoamerica-bajan-la-autocensura-y-el-exilio-se-disparan\/","og_site_name":"LatAm Journalism Review","article_published_time":"2025-10-29T18:01:44+00:00","og_image":[{"width":507,"height":340,"url":"https:\/\/latamjournalismreview.org\/wp-content\/uploads\/2025\/10\/FEATURED-Informe-Sombra-2024-Ataque-Ecuador.png","type":"image\/png"}],"author":"Silvia Higuera","twitter_card":"summary_large_image","twitter_creator":"@shiguerita","twitter_site":"@LatAmJournalism","twitter_misc":{"Written by":"Silvia Higuera","Est. reading time":"8 minutos"},"schema":{"@context":"https:\/\/schema.org","@graph":[{"@type":"Article","@id":"https:\/\/latamjournalismreview.org\/es\/articles\/mientras-las-agresiones-a-periodistas-en-latinoamerica-bajan-la-autocensura-y-el-exilio-se-disparan\/#article","isPartOf":{"@id":"https:\/\/latamjournalismreview.org\/es\/articles\/mientras-las-agresiones-a-periodistas-en-latinoamerica-bajan-la-autocensura-y-el-exilio-se-disparan\/"},"author":{"name":"Silvia Higuera","@id":"https:\/\/latamjournalismreview.org\/es\/#\/schema\/person\/eac7baa6afada0957e047be9fc15703a"},"headline":"Mientras las agresiones a periodistas en Latinoam\u00e9rica bajan, la autocensura y el exilio se disparan","datePublished":"2025-10-29T18:01:44+00:00","mainEntityOfPage":{"@id":"https:\/\/latamjournalismreview.org\/es\/articles\/mientras-las-agresiones-a-periodistas-en-latinoamerica-bajan-la-autocensura-y-el-exilio-se-disparan\/"},"wordCount":1591,"publisher":{"@id":"https:\/\/latamjournalismreview.org\/es\/#organization"},"image":{"@id":"https:\/\/latamjournalismreview.org\/es\/articles\/mientras-las-agresiones-a-periodistas-en-latinoamerica-bajan-la-autocensura-y-el-exilio-se-disparan\/#primaryimage"},"thumbnailUrl":"https:\/\/latamjournalismreview.org\/wp-content\/uploads\/2025\/10\/FEATURED-Informe-Sombra-2024-Ataque-Ecuador.png","keywords":["Censura","Exilio","Libertad de prensa","Seguridad y protecci\u00f3n"],"articleSection":["Violencia contra periodistas"],"inLanguage":"es"},{"@type":"WebPage","@id":"https:\/\/latamjournalismreview.org\/es\/articles\/mientras-las-agresiones-a-periodistas-en-latinoamerica-bajan-la-autocensura-y-el-exilio-se-disparan\/","url":"https:\/\/latamjournalismreview.org\/es\/articles\/mientras-las-agresiones-a-periodistas-en-latinoamerica-bajan-la-autocensura-y-el-exilio-se-disparan\/","name":"Mientras las agresiones a periodistas en Latinoam\u00e9rica bajan, la autocensura y el exilio se disparan - LatAm Journalism Review","isPartOf":{"@id":"https:\/\/latamjournalismreview.org\/es\/#website"},"primaryImageOfPage":{"@id":"https:\/\/latamjournalismreview.org\/es\/articles\/mientras-las-agresiones-a-periodistas-en-latinoamerica-bajan-la-autocensura-y-el-exilio-se-disparan\/#primaryimage"},"image":{"@id":"https:\/\/latamjournalismreview.org\/es\/articles\/mientras-las-agresiones-a-periodistas-en-latinoamerica-bajan-la-autocensura-y-el-exilio-se-disparan\/#primaryimage"},"thumbnailUrl":"https:\/\/latamjournalismreview.org\/wp-content\/uploads\/2025\/10\/FEATURED-Informe-Sombra-2024-Ataque-Ecuador.png","datePublished":"2025-10-29T18:01:44+00:00","description":"Aunque un nuevo informe de Voces del Sur registr\u00f3 menos ataques contra la prensa en 2024, la libertad de prensa no mejora. La violencia y el acoso persisten, y cada vez m\u00e1s periodistas recurren a la autocensura o al exilio.","breadcrumb":{"@id":"https:\/\/latamjournalismreview.org\/es\/articles\/mientras-las-agresiones-a-periodistas-en-latinoamerica-bajan-la-autocensura-y-el-exilio-se-disparan\/#breadcrumb"},"inLanguage":"es","potentialAction":[{"@type":"ReadAction","target":["https:\/\/latamjournalismreview.org\/es\/articles\/mientras-las-agresiones-a-periodistas-en-latinoamerica-bajan-la-autocensura-y-el-exilio-se-disparan\/"]}]},{"@type":"ImageObject","inLanguage":"es","@id":"https:\/\/latamjournalismreview.org\/es\/articles\/mientras-las-agresiones-a-periodistas-en-latinoamerica-bajan-la-autocensura-y-el-exilio-se-disparan\/#primaryimage","url":"https:\/\/latamjournalismreview.org\/wp-content\/uploads\/2025\/10\/FEATURED-Informe-Sombra-2024-Ataque-Ecuador.png","contentUrl":"https:\/\/latamjournalismreview.org\/wp-content\/uploads\/2025\/10\/FEATURED-Informe-Sombra-2024-Ataque-Ecuador.png","width":507,"height":340},{"@type":"BreadcrumbList","@id":"https:\/\/latamjournalismreview.org\/es\/articles\/mientras-las-agresiones-a-periodistas-en-latinoamerica-bajan-la-autocensura-y-el-exilio-se-disparan\/#breadcrumb","itemListElement":[{"@type":"ListItem","position":1,"name":"Home","item":"https:\/\/latamjournalismreview.org\/es\/"},{"@type":"ListItem","position":2,"name":"Mientras las agresiones a periodistas en Latinoam\u00e9rica bajan, la autocensura y el exilio se disparan"}]},{"@type":"WebSite","@id":"https:\/\/latamjournalismreview.org\/es\/#website","url":"https:\/\/latamjournalismreview.org\/es\/","name":"LatAm Journalism Review","description":"Knight Center at The University of Texas","publisher":{"@id":"https:\/\/latamjournalismreview.org\/es\/#organization"},"potentialAction":[{"@type":"SearchAction","target":{"@type":"EntryPoint","urlTemplate":"https:\/\/latamjournalismreview.org\/es\/?s={search_term_string}"},"query-input":{"@type":"PropertyValueSpecification","valueRequired":true,"valueName":"search_term_string"}}],"inLanguage":"es"},{"@type":"Organization","@id":"https:\/\/latamjournalismreview.org\/es\/#organization","name":"LatAm Journalism Review","url":"https:\/\/latamjournalismreview.org\/es\/","logo":{"@type":"ImageObject","inLanguage":"es","@id":"https:\/\/latamjournalismreview.org\/es\/#\/schema\/logo\/image\/","url":"https:\/\/latamjournalismreview.org\/wp-content\/uploads\/2020\/05\/knight-latAm-review-logo.svg","contentUrl":"https:\/\/latamjournalismreview.org\/wp-content\/uploads\/2020\/05\/knight-latAm-review-logo.svg","width":"1024","height":"1024","caption":"LatAm Journalism Review"},"image":{"@id":"https:\/\/latamjournalismreview.org\/es\/#\/schema\/logo\/image\/"},"sameAs":["https:\/\/x.com\/LatAmJournalism"]},{"@type":"Person","@id":"https:\/\/latamjournalismreview.org\/es\/#\/schema\/person\/eac7baa6afada0957e047be9fc15703a","name":"Silvia Higuera","description":"Silvia A. Higuera Fl\u00f3rez is a Colombian journalist interested in covering Latin American issues and human rights, especially the right to freedom of expression, and investigative journalism. She studied Social Communication and Journalism at Universidad Pontificia Bolivariana in Bucaramanga (Colombia), and received her Master's of Arts in Journalism from the University of Texas at Austin in 2015. She worked with the Office of the Special Rapporteur for Freedom of Expression of the Inter-American Commission on Human Rights (IACHR) under the Orlando Sierra fellowship during 2014. She also worked for the Colombian newspaper Vanguardia Liberal and wrote for different magazines about local, economic and public order issues. Her work has also appeared in The Miami Herald and El Nuevo Herald of Miami. Email: silvia.knightcenter@gmail.com Silvia A. Higuera Fl\u00f3rez es una periodista colombiana con inter\u00e9s period\u00edstico es Am\u00e9rica Latina y los derechos humanos, particularmente el derecho a la libertad de expresi\u00f3n, as\u00ed como el periodismo de investigaci\u00f3n. Estudi\u00f3 Comunicaci\u00f3n Social \u2013 Periodismo en la Universidad Pontificia Bolivariana de Bucaramanga (Colombia), y recibi\u00f3 su maestr\u00eda en Periodismo en la Universidad de Texas, en Austin en 2015. Trabaj\u00f3 para la Relator\u00eda Especial para la Libertad de Expresi\u00f3n de la Comisi\u00f3n Interamericana de Derechos Humanos (CIDH) en el marco de la beca Orlando Sierra, durante 2014. Tambi\u00e9n hizo parte del diario Vanguardia Liberal y escribi\u00f3 para otras revistas colombianas cubriendo fuentes locales, econ\u00f3micas y judiciales. Algunos de sus trabajos han aparecido en The Miami Herald y El Nuevo Herald de Miami. Silvia A. Higuera Fl\u00f3rez \u00e9 uma jornalista colombiana e seu interesse jornal\u00edstico \u00e9 a Am\u00e9rica Latina e os direitos humanos, nomeadamente o direito \u00e0 liberdade de express\u00e3o. Estudou Comunica\u00e7\u00e3o Social \u2013 Jornalismo na Universidade Pontif\u00edcia Bolivariana de Bucaramanga, na Col\u00f4mbia e completou seu mestrado em jornalismo na Universidade do Texas em Austin. Silvia trabalhou na Relatoria para a Liberdade de Express\u00e3o da CIDH pela bolsa Orlando Sierra, em 2014. Trabalhou para o jornal Vanguardia Liberal e escreveu para outras revistas colombianas cobrindo temas locais, econ\u00f4micas e judici\u00e1rias. Alguns de seus trabalhos apareceram no The Miami Herald e no El Nuevo Herald de Miami.","sameAs":["https:\/\/x.com\/shiguerita"],"url":"https:\/\/latamjournalismreview.org\/es\/articles\/author\/silvia-higuera\/"}]}},"_links":{"self":[{"href":"https:\/\/latamjournalismreview.org\/es\/wp-json\/wp\/v2\/posts\/154033","targetHints":{"allow":["GET"]}}],"collection":[{"href":"https:\/\/latamjournalismreview.org\/es\/wp-json\/wp\/v2\/posts"}],"about":[{"href":"https:\/\/latamjournalismreview.org\/es\/wp-json\/wp\/v2\/types\/post"}],"author":[{"embeddable":true,"href":"https:\/\/latamjournalismreview.org\/es\/wp-json\/wp\/v2\/users\/13"}],"replies":[{"embeddable":true,"href":"https:\/\/latamjournalismreview.org\/es\/wp-json\/wp\/v2\/comments?post=154033"}],"version-history":[{"count":3,"href":"https:\/\/latamjournalismreview.org\/es\/wp-json\/wp\/v2\/posts\/154033\/revisions"}],"predecessor-version":[{"id":154036,"href":"https:\/\/latamjournalismreview.org\/es\/wp-json\/wp\/v2\/posts\/154033\/revisions\/154036"}],"wp:featuredmedia":[{"embeddable":true,"href":"https:\/\/latamjournalismreview.org\/es\/wp-json\/wp\/v2\/media\/154006"}],"wp:attachment":[{"href":"https:\/\/latamjournalismreview.org\/es\/wp-json\/wp\/v2\/media?parent=154033"}],"wp:term":[{"taxonomy":"category","embeddable":true,"href":"https:\/\/latamjournalismreview.org\/es\/wp-json\/wp\/v2\/categories?post=154033"},{"taxonomy":"post_tag","embeddable":true,"href":"https:\/\/latamjournalismreview.org\/es\/wp-json\/wp\/v2\/tags?post=154033"},{"taxonomy":"author","embeddable":true,"href":"https:\/\/latamjournalismreview.org\/es\/wp-json\/wp\/v2\/coauthors?post=154033"}],"curies":[{"name":"wp","href":"https:\/\/api.w.org\/{rel}","templated":true}]}}