{"id":16289,"date":"2021-02-03T19:04:31","date_gmt":"2021-02-04T00:04:31","guid":{"rendered":"https:\/\/latamjournalismreview.org\/?p=16289"},"modified":"2021-02-04T17:21:31","modified_gmt":"2021-02-04T22:21:31","slug":"retrasos-en-la-vacuna-politica-y-desinformacion-obstaculos-en-la-cobertura-de-la-inmunizacion-de-covid-19-en-america-latina","status":"publish","type":"post","link":"https:\/\/latamjournalismreview.org\/es\/articles\/retrasos-en-la-vacuna-politica-y-desinformacion-obstaculos-en-la-cobertura-de-la-inmunizacion-de-covid-19-en-america-latina\/","title":{"rendered":"Retrasos en vacunas, pol\u00edtica y desinformaci\u00f3n: obst\u00e1culos en la cobertura de la inmunizaci\u00f3n de COVID-19 en Am\u00e9rica Latina"},"content":{"rendered":"<p>Desde hace un poco m\u00e1s de un a\u00f1o, la pandemia de COVID-19 es el mayor desaf\u00edo de cobertura para los periodistas cient\u00edficos de la generaci\u00f3n actual. M\u00e1s recientemente, el desarrollo de vacunas y el inicio de la inmunizaci\u00f3n en varios pa\u00edses ha presentado dificultades adicionales debido a la multiplicidad de vacunas disponibles y su distribuci\u00f3n desigual, adem\u00e1s de la desinformaci\u00f3n.<\/p>\n<p>En Am\u00e9rica Latina, los desaf\u00edos son \u00fanicos, ya que las vacunas se han obtenido de manera lenta y desigual, y la distribuci\u00f3n al p\u00fablico ha sido un obst\u00e1culo adicional. Adem\u00e1s, la desinformaci\u00f3n, los rumores y las teor\u00edas de conspiraci\u00f3n se han apoderado de la regi\u00f3n.<\/p>\n<p>Periodistas cient\u00edficos latinoamericanos discutieron estos temas el 29 de enero, en el seminario web \u201c<a href=\"https:\/\/www.youtube.com\/watch?v=j9EbCzhHh1w\">Cobertura sobre la vacuna de la COVID-19: lo que los periodistas deben saber<\/a>\u201d organizado por el Centro Knight para el Periodismo en las Am\u00e9ricas de la Universidad de Texas en Austin en asociaci\u00f3n con la UNESCO y la Organizaci\u00f3n Mundial de la Salud, con financiaci\u00f3n de la Uni\u00f3n Europea.<\/p>\n<p>La reconocida periodista cient\u00edfica y de salud <a href=\"https:\/\/marynmckenna.com\/bio\/\" target=\"_blank\" rel=\"noopener\">Maryn McKenna<\/a>, investigadora s\u00e9nior del Center for the Study of Human Health (Centro para el Estudio de la Salud Humana) de la Universidad de Emory, moder\u00f3 el debate.<\/p>\n<p>Uno de los principales desaf\u00edos en Am\u00e9rica Latina es simplemente vacunarse.<\/p>\n<p>\u201cEstamos observando c\u00f3mo otros pa\u00edses est\u00e1n vacunando mientras tanto, principalmente porque, como saben, en Am\u00e9rica Latina no tenemos muchas vacunas\u201d, dijo Federico Kukso, periodista cient\u00edfico argentino y miembro del consejo de la Federaci\u00f3n Mundial de Periodistas Cient\u00edficos. (WFSJ, por sus siglas en ingl\u00e9s). \u201cLa regi\u00f3n ha sido desatendida o ignorada por las empresas farmac\u00e9uticas, a pesar de pa\u00edses como Argentina, Per\u00fa, Chile, donde se han realizado muchos de los ensayos cl\u00ednicos de estas vacunas\u201d.<\/p>\n<p>Los resultados solamente est\u00e1n a la espera de que lleguen las vacunas y las campa\u00f1as de vacunaci\u00f3n que avanzan lentamente, agreg\u00f3.<\/p>\n<p>En Brasil, donde la <a href=\"https:\/\/www.washingtonpost.com\/world\/2021\/01\/27\/coronavirus-brazil-variant-manaus\/\" target=\"_blank\" rel=\"noopener\">ciudad de Manaos ha sido noticia mundial<\/a> debido al brutal n\u00famero de muertes por coronavirus, la tasa de vacunaci\u00f3n es lenta a pesar de las dos vacunas aprobadas.<\/p>\n<p>\u201cTenemos dos grandes productores de vacunas en Brasil\u201d, dijo <a href=\"https:\/\/www.linkedin.com\/in\/andre-biernath\/\" target=\"_blank\" rel=\"noopener\">Andr\u00e9 Biernath<\/a>, reportero cient\u00edfico de BBC Brasil y presidente de la Red Brasile\u00f1a de Periodistas y Comunicadores de Ciencia. \u201cHasta ahora, tenemos alrededor de 8 millones de dosis. Pero la tasa de vacunaci\u00f3n es muy lenta. Tenemos entre 1 y 1,5 millones de personas vacunadas hasta ayer. Sin embargo, la capacidad del sistema p\u00fablico brasile\u00f1o para vacunar es cada vez mayor\u201d.<\/p>\n<p>Tambi\u00e9n dijo que la falta de un plan p\u00fablico de comunicaci\u00f3n sobre la vacuna contribuye a una de las lagunas de informaci\u00f3n m\u00e1s b\u00e1sicas, que es informar al p\u00fablico sobre cu\u00e1ndo es su turno de vacunarse, d\u00f3nde acudir y cu\u00e1ndo tomar la segunda dosis.<\/p>\n<div id=\"attachment_16216\" style=\"width: 1034px\" class=\"wp-caption alignnone\"><img loading=\"lazy\" decoding=\"async\" aria-describedby=\"caption-attachment-16216\" class=\"wp-image-16216 size-large\" src=\"https:\/\/latamjournalismreview.org\/wp-content\/uploads\/2021\/02\/Webinar-Covid19-vacinas-1024x575.png\" alt=\"El panel reuni\u00f3 a los periodistas cient\u00edficos Andr\u00e9 Biernath, de Brasil; Federico Kukso, de Argentina; Kai Kupferschmidt, de Alemania; e Yves Sciama, de Francia. Fue moderado por Maryn McKenna.\" width=\"1024\" height=\"575\" srcset=\"https:\/\/latamjournalismreview.org\/wp-content\/uploads\/2021\/02\/Webinar-Covid19-vacinas-1024x575.png 1024w, https:\/\/latamjournalismreview.org\/wp-content\/uploads\/2021\/02\/Webinar-Covid19-vacinas-300x168.png 300w, https:\/\/latamjournalismreview.org\/wp-content\/uploads\/2021\/02\/Webinar-Covid19-vacinas-768x431.png 768w, https:\/\/latamjournalismreview.org\/wp-content\/uploads\/2021\/02\/Webinar-Covid19-vacinas-1536x862.png 1536w, https:\/\/latamjournalismreview.org\/wp-content\/uploads\/2021\/02\/Webinar-Covid19-vacinas.png 1901w\" sizes=\"auto, (max-width: 1024px) 100vw, 1024px\" \/><p id=\"caption-attachment-16216\" class=\"wp-caption-text\">El panel reuni\u00f3 a los periodistas cient\u00edficos Andr\u00e9 Biernath, de Brasil; Federico Kukso, de Argentina; Kai Kupferschmidt, de Alemania; e Yves Sciama, de Francia. Fue moderado por Maryn McKenna.<\/p><\/div>\n<p><strong>La vacunaci\u00f3n gener\u00f3 una nueva ola de desinformaci\u00f3n<\/strong><\/p>\n<p>Junto con la pandemia vino la cuesti\u00f3n de la desinformaci\u00f3n, y Am\u00e9rica Latina no est\u00e1 exenta.<\/p>\n<p>\u201cCreo que el mayor problema es que los rumores, las noticias falsas y la desinformaci\u00f3n no solo circulan en las redes sociales o WhatsApp\u201d, dijo Kukso. \u201cEn Argentina, por ejemplo, la gran mayor\u00eda de los medios que se oponen al gobierno est\u00e1n desarrollando una fuerte campa\u00f1a antivacunas\u201d.<\/p>\n<p>Esto est\u00e1 sucediendo con todas las vacunas, independientemente del pa\u00eds de origen, dijo.<\/p>\n<p>\u201cEllos prestan mucha atenci\u00f3n a los efectos adversos de las vacunas. Los medios saben que el miedo atrae clics y, en estos tiempos de crisis de la prensa, esto es muy importante\u201d, dijo Kukso. \u201cTambi\u00e9n explica por qu\u00e9 tantos medios importantes publican tantas teor\u00edas de conspiraci\u00f3n o art\u00edculos sobre la relaci\u00f3n entre la astrolog\u00eda y la pandemia, algo as\u00ed\u201d.<\/p>\n<p>Con la politizaci\u00f3n de la cobertura, Kukso tambi\u00e9n ve la marginaci\u00f3n de los periodistas cient\u00edficos en la cobertura de la pandemia y las vacunas.<\/p>\n<p>\u201cBuscamos traer informaci\u00f3n basada en evidencia\u201d, dijo el periodista argentino. \u201cMuchos de estos periodistas pol\u00edticos aportan opiniones sin ninguna experiencia sobre c\u00f3mo cubrir estos temas\u201d.<\/p>\n<p>En Brasil, la situaci\u00f3n es \u00fanica, seg\u00fan Biernath, \u201cporque parte de la desinformaci\u00f3n proviene del gobierno\u201d.<\/p>\n<p>\u201cEn las \u00faltimas semanas y meses hemos escuchado historias absurdas sobre vacunas con microchips que esp\u00edan a las personas o vacunas que convierten a las personas en cocodrilos, por ejemplo, es extra\u00f1o, pero sucedi\u00f3 aqu\u00ed en Brasil\u201d, dijo el periodista.<\/p>\n<p>Los periodistas de ciencia deben desenmascarar este tipo de informaci\u00f3n, pero tambi\u00e9n respetar y responder a las preguntas de la gente, agreg\u00f3.<\/p>\n<p><strong>No siga la moda<\/strong><\/p>\n<p>Los periodistas que cubren la pandemia del coronavirus tambi\u00e9n deben averiguar c\u00f3mo comunicar al p\u00fablico que el mundo ha estado apenas en el primer a\u00f1o de la pandemia y que la ciencia es un proceso en evoluci\u00f3n, como se\u00f1al\u00f3 la moderadora de la discusi\u00f3n, Maryn McKenna.<\/p>\n<p>\u201cLa importancia de contar historias sobre el proceso cient\u00edfico, contar historias sobre art\u00edculos rechazados, contar historias incluso sobre fraude\u201d, dijo Kukso. \u201cCreo que uno de los mayores problemas en esta cobertura de la pandemia, e incluso en la cobertura cient\u00edfica, es no seguir lo que est\u00e1 de moda\u201d.<\/p>\n<p>Comunicar la incertidumbre inherente a la ciencia es un desaf\u00edo en Brasil, seg\u00fan Biernath.<\/p>\n<p>\u201cDemostrar que la ciencia no lo sabe todo y, a veces, el proceso a\u00fan contin\u00faa y la informaci\u00f3n puede cambiar\u201d, dijo. \u201cOtro problema que tenemos que afrontar es enfocarnos y seguir el consenso\u201d.<\/p>\n<p><strong>Qu\u00e9 hacer de aqu\u00ed en adelante<\/strong><\/p>\n<p>Al cubrir la pandemia, Kukso enfatiz\u00f3 la importancia de prestar atenci\u00f3n a la especialidad de los cient\u00edficos entrevistados.<\/p>\n<p>\u201cNo es lo mismo entrevistar a un m\u00e9dico de pies para hablar sobre la pandemia\u201d, dijo. \u201cTienes que encontrar la fuente correcta\u201d.<\/p>\n<p>Biernath tambi\u00e9n pidi\u00f3 a los periodistas que buscaran especialistas distintos a los m\u00e9dicos, como enfermeras, epidemi\u00f3logos y vir\u00f3logos.<\/p>\n<p>\u201cCreo que realmente pueden enriquecer nuestros art\u00edculos y dar puntos de vista interesantes y diversos\u201d, asegur\u00f3.<\/p>\n<p>Kukso tambi\u00e9n enfatiz\u00f3 la consideraci\u00f3n de perspectivas hist\u00f3ricas, y se\u00f1al\u00f3 lo que sucedi\u00f3 con pandemias anteriores.<\/p>\n<p>Tambi\u00e9n dijo que los periodistas deben mirar lo que est\u00e1 sucediendo en los pa\u00edses vecinos, as\u00ed como a nivel mundial, y tener en cuenta los aspectos geopol\u00edticos de la pandemia.<\/p>\n<p>El seminario web \u201c<a href=\"https:\/\/www.youtube.com\/watch?v=j9EbCzhHh1w\" target=\"_blank\" rel=\"noopener\">Cobertura sobre la vacuna de la COVID-19: lo que los periodistas deben saber<\/a>\u201d tambi\u00e9n incluy\u00f3 otros dos paneles: uno con expertos para explicar los avances cient\u00edficos detr\u00e1s de las vacunas y el segundo sobre los desaf\u00edos log\u00edsticos de la distribuci\u00f3n de la vacuna a gran escala.<\/p>\n<p>Los panales se llevaron a cabo en <a href=\"https:\/\/www.youtube.com\/watch?v=2tsaCj7viEM\" target=\"_blank\" rel=\"noopener\">ingl\u00e9s<\/a>, a trav\u00e9s de Zoom, pero las traducciones a <a href=\"https:\/\/www.youtube.com\/watch?v=j9EbCzhHh1w\" target=\"_blank\" rel=\"noopener\">espa\u00f1ol<\/a>, <a href=\"https:\/\/www.youtube.com\/watch?v=aOoqT-s507o\" target=\"_blank\" rel=\"noopener\">portugu\u00e9<\/a>s, <a href=\"https:\/\/www.youtube.com\/watch?v=GMDYueKhVcc\" target=\"_blank\" rel=\"noopener\">franc\u00e9s<\/a> y <a href=\"https:\/\/www.youtube.com\/watch?v=Q4w8G50pXPo\" target=\"_blank\" rel=\"noopener\">\u00e1rabe<\/a> est\u00e1n disponibles en YouTube. Las transmisiones en la plataforma de video se han visto m\u00e1s de 5.600 veces hasta ahora.<\/p>\n<p>Una lista multiling\u00fce de recursos para periodistas que cubren las vacunas COVID-19 <a href=\"https:\/\/latamjournalismreview.org\/es\/articles\/aqui-hay-una-lista-multilingue-de-recursos-para-periodistas-que-cubren-las-vacunas-covid-19\/\" target=\"_blank\" rel=\"noopener\">puede encontrarla aqu\u00ed<\/a>.<\/p>\n<p>&nbsp;<\/p>\n<p><em>*Este art\u00edculo fue escrito originalmente en portugu\u00e9s y fue traducido por <a href=\"https:\/\/latamjournalismreview.org\/es\/articles\/author\/silvia-higuera\/\" target=\"_blank\" rel=\"noopener\">Silvia Higuera<\/a>.<\/em><\/p>\n","protected":false},"excerpt":{"rendered":"<p>El seminario web \u201cCobertura sobre la vacuna de la COVID-19: lo que los periodistas deben saber\u201d reuni\u00f3 a periodistas cient\u00edficos para discutir los desaf\u00edos de la cobertura de la vacuna y las campa\u00f1as de inmunizaci\u00f3n contra COVID-19. Entre las principales dificultades que enfrentan los periodistas en Am\u00e9rica Latina est\u00e1 el hecho de que existen m\u00faltiples vacunas, disputas pol\u00edticas regionales y una nueva ola de desinformaci\u00f3n asociada a la vacuna.<\/p>\n","protected":false},"author":5,"featured_media":16216,"comment_status":"closed","ping_status":"closed","sticky":false,"template":"","format":"standard","meta":{"inline_featured_image":false,"footnotes":""},"categories":[1227],"tags":[1433],"coauthors":[],"class_list":["post-16289","post","type-post","status-publish","format-standard","has-post-thumbnail","hentry","category-acceso-a-la-informacion-es","tag-covid-19-es"],"acf":[],"yoast_head":"<!-- This site is optimized with the Yoast SEO Premium plugin v22.6 (Yoast SEO v27.4) - https:\/\/yoast.com\/product\/yoast-seo-premium-wordpress\/ -->\n<title>Retrasos en vacunas, pol\u00edtica y desinformaci\u00f3n: obst\u00e1culos en la cobertura de la inmunizaci\u00f3n de COVID-19 en Am\u00e9rica Latina - LatAm Journalism Review<\/title>\n<meta name=\"description\" content=\"Retrasos en vacunas, pol\u00edtica y desinformaci\u00f3n: obst\u00e1culos en la cobertura de la inmunizaci\u00f3n de COVID-19 en Am\u00e9rica Latina Acceso a la Informaci\u00f3n. Latin American Journalism Review by The Knight Center at The University of Texas at Austin.\" \/>\n<meta name=\"robots\" content=\"index, follow, max-snippet:-1, max-image-preview:large, max-video-preview:-1\" \/>\n<link rel=\"canonical\" href=\"https:\/\/latamjournalismreview.org\/es\/articles\/retrasos-en-la-vacuna-politica-y-desinformacion-obstaculos-en-la-cobertura-de-la-inmunizacion-de-covid-19-en-america-latina\/\" \/>\n<meta property=\"og:locale\" content=\"es_ES\" \/>\n<meta property=\"og:type\" content=\"article\" \/>\n<meta property=\"og:title\" content=\"Retrasos en vacunas, pol\u00edtica y desinformaci\u00f3n: obst\u00e1culos en la cobertura de la inmunizaci\u00f3n de COVID-19 en Am\u00e9rica Latina\" \/>\n<meta property=\"og:description\" content=\"Retrasos en vacunas, pol\u00edtica y desinformaci\u00f3n: obst\u00e1culos en la cobertura de la inmunizaci\u00f3n de COVID-19 en Am\u00e9rica Latina Acceso a la Informaci\u00f3n. Latin American Journalism Review by The Knight Center at The University of Texas at Austin.\" \/>\n<meta property=\"og:url\" content=\"https:\/\/latamjournalismreview.org\/es\/articles\/retrasos-en-la-vacuna-politica-y-desinformacion-obstaculos-en-la-cobertura-de-la-inmunizacion-de-covid-19-en-america-latina\/\" \/>\n<meta property=\"og:site_name\" content=\"LatAm Journalism Review\" \/>\n<meta property=\"article:published_time\" content=\"2021-02-04T00:04:31+00:00\" \/>\n<meta property=\"article:modified_time\" content=\"2021-02-04T22:21:31+00:00\" \/>\n<meta property=\"og:image\" content=\"https:\/\/latamjournalismreview.org\/wp-content\/uploads\/2021\/02\/Webinar-Covid19-vacinas-1024x575.png\" \/>\n\t<meta property=\"og:image:width\" content=\"1024\" \/>\n\t<meta property=\"og:image:height\" content=\"575\" \/>\n\t<meta property=\"og:image:type\" content=\"image\/png\" \/>\n<meta name=\"author\" content=\"J\u00falio Lubianco\" \/>\n<meta name=\"twitter:card\" content=\"summary_large_image\" \/>\n<meta name=\"twitter:creator\" content=\"@jlubianco\" \/>\n<meta name=\"twitter:site\" content=\"@LatAmJournalism\" \/>\n<meta name=\"twitter:label1\" content=\"Written by\" \/>\n\t<meta name=\"twitter:data1\" content=\"J\u00falio Lubianco\" \/>\n\t<meta name=\"twitter:label2\" content=\"Est. reading time\" \/>\n\t<meta name=\"twitter:data2\" content=\"6 minutos\" \/>\n<script type=\"application\/ld+json\" class=\"yoast-schema-graph\">{\"@context\":\"https:\\\/\\\/schema.org\",\"@graph\":[{\"@type\":\"Article\",\"@id\":\"https:\\\/\\\/latamjournalismreview.org\\\/es\\\/articles\\\/retrasos-en-la-vacuna-politica-y-desinformacion-obstaculos-en-la-cobertura-de-la-inmunizacion-de-covid-19-en-america-latina\\\/#article\",\"isPartOf\":{\"@id\":\"https:\\\/\\\/latamjournalismreview.org\\\/es\\\/articles\\\/retrasos-en-la-vacuna-politica-y-desinformacion-obstaculos-en-la-cobertura-de-la-inmunizacion-de-covid-19-en-america-latina\\\/\"},\"author\":{\"name\":\"J\u00falio Lubianco\",\"@id\":\"https:\\\/\\\/latamjournalismreview.org\\\/es\\\/#\\\/schema\\\/person\\\/d9517de765982788cd8378b5a229e3dd\"},\"headline\":\"Retrasos en vacunas, pol\u00edtica y desinformaci\u00f3n: obst\u00e1culos en la cobertura de la inmunizaci\u00f3n de COVID-19 en Am\u00e9rica Latina\",\"datePublished\":\"2021-02-04T00:04:31+00:00\",\"dateModified\":\"2021-02-04T22:21:31+00:00\",\"mainEntityOfPage\":{\"@id\":\"https:\\\/\\\/latamjournalismreview.org\\\/es\\\/articles\\\/retrasos-en-la-vacuna-politica-y-desinformacion-obstaculos-en-la-cobertura-de-la-inmunizacion-de-covid-19-en-america-latina\\\/\"},\"wordCount\":1310,\"publisher\":{\"@id\":\"https:\\\/\\\/latamjournalismreview.org\\\/es\\\/#organization\"},\"image\":{\"@id\":\"https:\\\/\\\/latamjournalismreview.org\\\/es\\\/articles\\\/retrasos-en-la-vacuna-politica-y-desinformacion-obstaculos-en-la-cobertura-de-la-inmunizacion-de-covid-19-en-america-latina\\\/#primaryimage\"},\"thumbnailUrl\":\"https:\\\/\\\/latamjournalismreview.org\\\/wp-content\\\/uploads\\\/2021\\\/02\\\/Webinar-Covid19-vacinas.png\",\"keywords\":[\"COVID-19\"],\"articleSection\":[\"Acceso a la Informaci\u00f3n\"],\"inLanguage\":\"es\"},{\"@type\":\"WebPage\",\"@id\":\"https:\\\/\\\/latamjournalismreview.org\\\/es\\\/articles\\\/retrasos-en-la-vacuna-politica-y-desinformacion-obstaculos-en-la-cobertura-de-la-inmunizacion-de-covid-19-en-america-latina\\\/\",\"url\":\"https:\\\/\\\/latamjournalismreview.org\\\/es\\\/articles\\\/retrasos-en-la-vacuna-politica-y-desinformacion-obstaculos-en-la-cobertura-de-la-inmunizacion-de-covid-19-en-america-latina\\\/\",\"name\":\"Retrasos en vacunas, pol\u00edtica y desinformaci\u00f3n: obst\u00e1culos en la cobertura de la inmunizaci\u00f3n de COVID-19 en Am\u00e9rica Latina - LatAm Journalism Review\",\"isPartOf\":{\"@id\":\"https:\\\/\\\/latamjournalismreview.org\\\/es\\\/#website\"},\"primaryImageOfPage\":{\"@id\":\"https:\\\/\\\/latamjournalismreview.org\\\/es\\\/articles\\\/retrasos-en-la-vacuna-politica-y-desinformacion-obstaculos-en-la-cobertura-de-la-inmunizacion-de-covid-19-en-america-latina\\\/#primaryimage\"},\"image\":{\"@id\":\"https:\\\/\\\/latamjournalismreview.org\\\/es\\\/articles\\\/retrasos-en-la-vacuna-politica-y-desinformacion-obstaculos-en-la-cobertura-de-la-inmunizacion-de-covid-19-en-america-latina\\\/#primaryimage\"},\"thumbnailUrl\":\"https:\\\/\\\/latamjournalismreview.org\\\/wp-content\\\/uploads\\\/2021\\\/02\\\/Webinar-Covid19-vacinas.png\",\"datePublished\":\"2021-02-04T00:04:31+00:00\",\"dateModified\":\"2021-02-04T22:21:31+00:00\",\"description\":\"Retrasos en vacunas, pol\u00edtica y desinformaci\u00f3n: obst\u00e1culos en la cobertura de la inmunizaci\u00f3n de COVID-19 en Am\u00e9rica Latina Acceso a la Informaci\u00f3n. Latin American Journalism Review by The Knight Center at The University of Texas at Austin.\",\"breadcrumb\":{\"@id\":\"https:\\\/\\\/latamjournalismreview.org\\\/es\\\/articles\\\/retrasos-en-la-vacuna-politica-y-desinformacion-obstaculos-en-la-cobertura-de-la-inmunizacion-de-covid-19-en-america-latina\\\/#breadcrumb\"},\"inLanguage\":\"es\",\"potentialAction\":[{\"@type\":\"ReadAction\",\"target\":[\"https:\\\/\\\/latamjournalismreview.org\\\/es\\\/articles\\\/retrasos-en-la-vacuna-politica-y-desinformacion-obstaculos-en-la-cobertura-de-la-inmunizacion-de-covid-19-en-america-latina\\\/\"]}]},{\"@type\":\"ImageObject\",\"inLanguage\":\"es\",\"@id\":\"https:\\\/\\\/latamjournalismreview.org\\\/es\\\/articles\\\/retrasos-en-la-vacuna-politica-y-desinformacion-obstaculos-en-la-cobertura-de-la-inmunizacion-de-covid-19-en-america-latina\\\/#primaryimage\",\"url\":\"https:\\\/\\\/latamjournalismreview.org\\\/wp-content\\\/uploads\\\/2021\\\/02\\\/Webinar-Covid19-vacinas.png\",\"contentUrl\":\"https:\\\/\\\/latamjournalismreview.org\\\/wp-content\\\/uploads\\\/2021\\\/02\\\/Webinar-Covid19-vacinas.png\",\"width\":1901,\"height\":1067,\"caption\":\"O painel reuniu os jornalistas cient\u00edficos Andr\u00e9 Biernath, do Brasil; Federico Kukso, da Argentina; Kai Kupferschmidt, da Alemanha; e Yves Sciama, da Fran\u00e7a. A modera\u00e7\u00e3o foi de Maryn McKenna.\"},{\"@type\":\"BreadcrumbList\",\"@id\":\"https:\\\/\\\/latamjournalismreview.org\\\/es\\\/articles\\\/retrasos-en-la-vacuna-politica-y-desinformacion-obstaculos-en-la-cobertura-de-la-inmunizacion-de-covid-19-en-america-latina\\\/#breadcrumb\",\"itemListElement\":[{\"@type\":\"ListItem\",\"position\":1,\"name\":\"Home\",\"item\":\"https:\\\/\\\/latamjournalismreview.org\\\/es\\\/\"},{\"@type\":\"ListItem\",\"position\":2,\"name\":\"Retrasos en vacunas, pol\u00edtica y desinformaci\u00f3n: obst\u00e1culos en la cobertura de la inmunizaci\u00f3n de COVID-19 en Am\u00e9rica Latina\"}]},{\"@type\":\"WebSite\",\"@id\":\"https:\\\/\\\/latamjournalismreview.org\\\/es\\\/#website\",\"url\":\"https:\\\/\\\/latamjournalismreview.org\\\/es\\\/\",\"name\":\"LatAm Journalism Review\",\"description\":\"Knight Center at The University of Texas\",\"publisher\":{\"@id\":\"https:\\\/\\\/latamjournalismreview.org\\\/es\\\/#organization\"},\"potentialAction\":[{\"@type\":\"SearchAction\",\"target\":{\"@type\":\"EntryPoint\",\"urlTemplate\":\"https:\\\/\\\/latamjournalismreview.org\\\/es\\\/?s={search_term_string}\"},\"query-input\":{\"@type\":\"PropertyValueSpecification\",\"valueRequired\":true,\"valueName\":\"search_term_string\"}}],\"inLanguage\":\"es\"},{\"@type\":\"Organization\",\"@id\":\"https:\\\/\\\/latamjournalismreview.org\\\/es\\\/#organization\",\"name\":\"LatAm Journalism Review\",\"url\":\"https:\\\/\\\/latamjournalismreview.org\\\/es\\\/\",\"logo\":{\"@type\":\"ImageObject\",\"inLanguage\":\"es\",\"@id\":\"https:\\\/\\\/latamjournalismreview.org\\\/es\\\/#\\\/schema\\\/logo\\\/image\\\/\",\"url\":\"https:\\\/\\\/latamjournalismreview.org\\\/wp-content\\\/uploads\\\/2020\\\/05\\\/knight-latAm-review-logo.svg\",\"contentUrl\":\"https:\\\/\\\/latamjournalismreview.org\\\/wp-content\\\/uploads\\\/2020\\\/05\\\/knight-latAm-review-logo.svg\",\"width\":\"1024\",\"height\":\"1024\",\"caption\":\"LatAm Journalism Review\"},\"image\":{\"@id\":\"https:\\\/\\\/latamjournalismreview.org\\\/es\\\/#\\\/schema\\\/logo\\\/image\\\/\"},\"sameAs\":[\"https:\\\/\\\/x.com\\\/LatAmJournalism\"]},{\"@type\":\"Person\",\"@id\":\"https:\\\/\\\/latamjournalismreview.org\\\/es\\\/#\\\/schema\\\/person\\\/d9517de765982788cd8378b5a229e3dd\",\"name\":\"J\u00falio Lubianco\",\"description\":\"J\u00falio Lubianco studied journalism at Universidade Federal Fluminense (UFF). He began his career on the local desk at Jornal do Brasil, in 2003. He was a reporter, assignment editor and managing editor at R\u00e1dio CBN. He has a Master\u2019s degree in media and communication from the London School of Economics (LSE), with a scholarship from the Journalists of Vision program. He is a professor of journalism at PUC-Rio. He won the Imprensa Embratel award in 2007, the Alexandre Adler award in 2008, and is a two-time winner of the Tim Lopes Award for Investigative Journalism, in 2009 and 2014. J\u00falio Lubianco estudi\u00f3 periodismo en la Universidad Federal Fluminense (UFF). Comenz\u00f3 la carrera en 2003, en el diario Jornal do Brasil. Fue reportero, editor y editor ejecutivo en R\u00e1dio CBN. Hizo su maestr\u00eda en medios de comunicaci\u00f3n en London School of Economics (LSE), becado por el programa Jornalistas de Vis\u00e3o. Es profesor del curso de periodismo de PUC-Rio y es presentador del podcast de BRIO, que trata sobre periodismo, carrera, mercado y tecnolog\u00eda. Gan\u00f3 los premios Imprensa Embratel (2007), Alexandre Adler (2008), y en dos oportunidades el Tim Lopes de Periodismo Investigativo (2009 y 2014). J\u00falio Lubianco estudou jornalismo na Universidade Federal Fluminense (UFF). Come\u00e7ou a carreira em 2003, no caderno Cidade do Jornal do Brasil. Foi rep\u00f3rter, chefe de reportagem e gerente de jornalismo na R\u00e1dio CBN. Fez mestrado em m\u00eddia e comunica\u00e7\u00e3o na London School of Economics (LSE), com bolsa do programa Jornalistas de Vis\u00e3o. \u00c9 professor do curso de jornalismo da PUC-Rio e apresenta o podcast do BRIO, que discute jornalismo, carreira, mercado e tecnologia. Venceu os pr\u00eamios Imprensa Embratel, em 2007, o Alexandre Adler, em 2008, e duas vezes o Tim Lopes de Jornalismo Investigativo, em 2009 e 2014.\",\"sameAs\":[\"https:\\\/\\\/www.linkedin.com\\\/in\\\/julio-lubianco\\\/\",\"https:\\\/\\\/x.com\\\/jlubianco\"],\"url\":\"https:\\\/\\\/latamjournalismreview.org\\\/es\\\/articles\\\/author\\\/julio-lubianco\\\/\"}]}<\/script>\n<!-- \/ Yoast SEO Premium plugin. -->","yoast_head_json":{"title":"Retrasos en vacunas, pol\u00edtica y desinformaci\u00f3n: obst\u00e1culos en la cobertura de la inmunizaci\u00f3n de COVID-19 en Am\u00e9rica Latina - LatAm Journalism Review","description":"Retrasos en vacunas, pol\u00edtica y desinformaci\u00f3n: obst\u00e1culos en la cobertura de la inmunizaci\u00f3n de COVID-19 en Am\u00e9rica Latina Acceso a la Informaci\u00f3n. Latin American Journalism Review by The Knight Center at The University of Texas at Austin.","robots":{"index":"index","follow":"follow","max-snippet":"max-snippet:-1","max-image-preview":"max-image-preview:large","max-video-preview":"max-video-preview:-1"},"canonical":"https:\/\/latamjournalismreview.org\/es\/articles\/retrasos-en-la-vacuna-politica-y-desinformacion-obstaculos-en-la-cobertura-de-la-inmunizacion-de-covid-19-en-america-latina\/","og_locale":"es_ES","og_type":"article","og_title":"Retrasos en vacunas, pol\u00edtica y desinformaci\u00f3n: obst\u00e1culos en la cobertura de la inmunizaci\u00f3n de COVID-19 en Am\u00e9rica Latina","og_description":"Retrasos en vacunas, pol\u00edtica y desinformaci\u00f3n: obst\u00e1culos en la cobertura de la inmunizaci\u00f3n de COVID-19 en Am\u00e9rica Latina Acceso a la Informaci\u00f3n. Latin American Journalism Review by The Knight Center at The University of Texas at Austin.","og_url":"https:\/\/latamjournalismreview.org\/es\/articles\/retrasos-en-la-vacuna-politica-y-desinformacion-obstaculos-en-la-cobertura-de-la-inmunizacion-de-covid-19-en-america-latina\/","og_site_name":"LatAm Journalism Review","article_published_time":"2021-02-04T00:04:31+00:00","article_modified_time":"2021-02-04T22:21:31+00:00","og_image":[{"width":1024,"height":575,"url":"https:\/\/latamjournalismreview.org\/wp-content\/uploads\/2021\/02\/Webinar-Covid19-vacinas-1024x575.png","type":"image\/png"}],"author":"J\u00falio Lubianco","twitter_card":"summary_large_image","twitter_creator":"@jlubianco","twitter_site":"@LatAmJournalism","twitter_misc":{"Written by":"J\u00falio Lubianco","Est. reading time":"6 minutos"},"schema":{"@context":"https:\/\/schema.org","@graph":[{"@type":"Article","@id":"https:\/\/latamjournalismreview.org\/es\/articles\/retrasos-en-la-vacuna-politica-y-desinformacion-obstaculos-en-la-cobertura-de-la-inmunizacion-de-covid-19-en-america-latina\/#article","isPartOf":{"@id":"https:\/\/latamjournalismreview.org\/es\/articles\/retrasos-en-la-vacuna-politica-y-desinformacion-obstaculos-en-la-cobertura-de-la-inmunizacion-de-covid-19-en-america-latina\/"},"author":{"name":"J\u00falio Lubianco","@id":"https:\/\/latamjournalismreview.org\/es\/#\/schema\/person\/d9517de765982788cd8378b5a229e3dd"},"headline":"Retrasos en vacunas, pol\u00edtica y desinformaci\u00f3n: obst\u00e1culos en la cobertura de la inmunizaci\u00f3n de COVID-19 en Am\u00e9rica Latina","datePublished":"2021-02-04T00:04:31+00:00","dateModified":"2021-02-04T22:21:31+00:00","mainEntityOfPage":{"@id":"https:\/\/latamjournalismreview.org\/es\/articles\/retrasos-en-la-vacuna-politica-y-desinformacion-obstaculos-en-la-cobertura-de-la-inmunizacion-de-covid-19-en-america-latina\/"},"wordCount":1310,"publisher":{"@id":"https:\/\/latamjournalismreview.org\/es\/#organization"},"image":{"@id":"https:\/\/latamjournalismreview.org\/es\/articles\/retrasos-en-la-vacuna-politica-y-desinformacion-obstaculos-en-la-cobertura-de-la-inmunizacion-de-covid-19-en-america-latina\/#primaryimage"},"thumbnailUrl":"https:\/\/latamjournalismreview.org\/wp-content\/uploads\/2021\/02\/Webinar-Covid19-vacinas.png","keywords":["COVID-19"],"articleSection":["Acceso a la Informaci\u00f3n"],"inLanguage":"es"},{"@type":"WebPage","@id":"https:\/\/latamjournalismreview.org\/es\/articles\/retrasos-en-la-vacuna-politica-y-desinformacion-obstaculos-en-la-cobertura-de-la-inmunizacion-de-covid-19-en-america-latina\/","url":"https:\/\/latamjournalismreview.org\/es\/articles\/retrasos-en-la-vacuna-politica-y-desinformacion-obstaculos-en-la-cobertura-de-la-inmunizacion-de-covid-19-en-america-latina\/","name":"Retrasos en vacunas, pol\u00edtica y desinformaci\u00f3n: obst\u00e1culos en la cobertura de la inmunizaci\u00f3n de COVID-19 en Am\u00e9rica Latina - LatAm Journalism Review","isPartOf":{"@id":"https:\/\/latamjournalismreview.org\/es\/#website"},"primaryImageOfPage":{"@id":"https:\/\/latamjournalismreview.org\/es\/articles\/retrasos-en-la-vacuna-politica-y-desinformacion-obstaculos-en-la-cobertura-de-la-inmunizacion-de-covid-19-en-america-latina\/#primaryimage"},"image":{"@id":"https:\/\/latamjournalismreview.org\/es\/articles\/retrasos-en-la-vacuna-politica-y-desinformacion-obstaculos-en-la-cobertura-de-la-inmunizacion-de-covid-19-en-america-latina\/#primaryimage"},"thumbnailUrl":"https:\/\/latamjournalismreview.org\/wp-content\/uploads\/2021\/02\/Webinar-Covid19-vacinas.png","datePublished":"2021-02-04T00:04:31+00:00","dateModified":"2021-02-04T22:21:31+00:00","description":"Retrasos en vacunas, pol\u00edtica y desinformaci\u00f3n: obst\u00e1culos en la cobertura de la inmunizaci\u00f3n de COVID-19 en Am\u00e9rica Latina Acceso a la Informaci\u00f3n. Latin American Journalism Review by The Knight Center at The University of Texas at Austin.","breadcrumb":{"@id":"https:\/\/latamjournalismreview.org\/es\/articles\/retrasos-en-la-vacuna-politica-y-desinformacion-obstaculos-en-la-cobertura-de-la-inmunizacion-de-covid-19-en-america-latina\/#breadcrumb"},"inLanguage":"es","potentialAction":[{"@type":"ReadAction","target":["https:\/\/latamjournalismreview.org\/es\/articles\/retrasos-en-la-vacuna-politica-y-desinformacion-obstaculos-en-la-cobertura-de-la-inmunizacion-de-covid-19-en-america-latina\/"]}]},{"@type":"ImageObject","inLanguage":"es","@id":"https:\/\/latamjournalismreview.org\/es\/articles\/retrasos-en-la-vacuna-politica-y-desinformacion-obstaculos-en-la-cobertura-de-la-inmunizacion-de-covid-19-en-america-latina\/#primaryimage","url":"https:\/\/latamjournalismreview.org\/wp-content\/uploads\/2021\/02\/Webinar-Covid19-vacinas.png","contentUrl":"https:\/\/latamjournalismreview.org\/wp-content\/uploads\/2021\/02\/Webinar-Covid19-vacinas.png","width":1901,"height":1067,"caption":"O painel reuniu os jornalistas cient\u00edficos Andr\u00e9 Biernath, do Brasil; Federico Kukso, da Argentina; Kai Kupferschmidt, da Alemanha; e Yves Sciama, da Fran\u00e7a. A modera\u00e7\u00e3o foi de Maryn McKenna."},{"@type":"BreadcrumbList","@id":"https:\/\/latamjournalismreview.org\/es\/articles\/retrasos-en-la-vacuna-politica-y-desinformacion-obstaculos-en-la-cobertura-de-la-inmunizacion-de-covid-19-en-america-latina\/#breadcrumb","itemListElement":[{"@type":"ListItem","position":1,"name":"Home","item":"https:\/\/latamjournalismreview.org\/es\/"},{"@type":"ListItem","position":2,"name":"Retrasos en vacunas, pol\u00edtica y desinformaci\u00f3n: obst\u00e1culos en la cobertura de la inmunizaci\u00f3n de COVID-19 en Am\u00e9rica Latina"}]},{"@type":"WebSite","@id":"https:\/\/latamjournalismreview.org\/es\/#website","url":"https:\/\/latamjournalismreview.org\/es\/","name":"LatAm Journalism Review","description":"Knight Center at The University of Texas","publisher":{"@id":"https:\/\/latamjournalismreview.org\/es\/#organization"},"potentialAction":[{"@type":"SearchAction","target":{"@type":"EntryPoint","urlTemplate":"https:\/\/latamjournalismreview.org\/es\/?s={search_term_string}"},"query-input":{"@type":"PropertyValueSpecification","valueRequired":true,"valueName":"search_term_string"}}],"inLanguage":"es"},{"@type":"Organization","@id":"https:\/\/latamjournalismreview.org\/es\/#organization","name":"LatAm Journalism Review","url":"https:\/\/latamjournalismreview.org\/es\/","logo":{"@type":"ImageObject","inLanguage":"es","@id":"https:\/\/latamjournalismreview.org\/es\/#\/schema\/logo\/image\/","url":"https:\/\/latamjournalismreview.org\/wp-content\/uploads\/2020\/05\/knight-latAm-review-logo.svg","contentUrl":"https:\/\/latamjournalismreview.org\/wp-content\/uploads\/2020\/05\/knight-latAm-review-logo.svg","width":"1024","height":"1024","caption":"LatAm Journalism Review"},"image":{"@id":"https:\/\/latamjournalismreview.org\/es\/#\/schema\/logo\/image\/"},"sameAs":["https:\/\/x.com\/LatAmJournalism"]},{"@type":"Person","@id":"https:\/\/latamjournalismreview.org\/es\/#\/schema\/person\/d9517de765982788cd8378b5a229e3dd","name":"J\u00falio Lubianco","description":"J\u00falio Lubianco studied journalism at Universidade Federal Fluminense (UFF). He began his career on the local desk at Jornal do Brasil, in 2003. He was a reporter, assignment editor and managing editor at R\u00e1dio CBN. He has a Master\u2019s degree in media and communication from the London School of Economics (LSE), with a scholarship from the Journalists of Vision program. He is a professor of journalism at PUC-Rio. He won the Imprensa Embratel award in 2007, the Alexandre Adler award in 2008, and is a two-time winner of the Tim Lopes Award for Investigative Journalism, in 2009 and 2014. J\u00falio Lubianco estudi\u00f3 periodismo en la Universidad Federal Fluminense (UFF). Comenz\u00f3 la carrera en 2003, en el diario Jornal do Brasil. Fue reportero, editor y editor ejecutivo en R\u00e1dio CBN. Hizo su maestr\u00eda en medios de comunicaci\u00f3n en London School of Economics (LSE), becado por el programa Jornalistas de Vis\u00e3o. Es profesor del curso de periodismo de PUC-Rio y es presentador del podcast de BRIO, que trata sobre periodismo, carrera, mercado y tecnolog\u00eda. Gan\u00f3 los premios Imprensa Embratel (2007), Alexandre Adler (2008), y en dos oportunidades el Tim Lopes de Periodismo Investigativo (2009 y 2014). J\u00falio Lubianco estudou jornalismo na Universidade Federal Fluminense (UFF). Come\u00e7ou a carreira em 2003, no caderno Cidade do Jornal do Brasil. Foi rep\u00f3rter, chefe de reportagem e gerente de jornalismo na R\u00e1dio CBN. Fez mestrado em m\u00eddia e comunica\u00e7\u00e3o na London School of Economics (LSE), com bolsa do programa Jornalistas de Vis\u00e3o. \u00c9 professor do curso de jornalismo da PUC-Rio e apresenta o podcast do BRIO, que discute jornalismo, carreira, mercado e tecnologia. Venceu os pr\u00eamios Imprensa Embratel, em 2007, o Alexandre Adler, em 2008, e duas vezes o Tim Lopes de Jornalismo Investigativo, em 2009 e 2014.","sameAs":["https:\/\/www.linkedin.com\/in\/julio-lubianco\/","https:\/\/x.com\/jlubianco"],"url":"https:\/\/latamjournalismreview.org\/es\/articles\/author\/julio-lubianco\/"}]}},"_links":{"self":[{"href":"https:\/\/latamjournalismreview.org\/es\/wp-json\/wp\/v2\/posts\/16289","targetHints":{"allow":["GET"]}}],"collection":[{"href":"https:\/\/latamjournalismreview.org\/es\/wp-json\/wp\/v2\/posts"}],"about":[{"href":"https:\/\/latamjournalismreview.org\/es\/wp-json\/wp\/v2\/types\/post"}],"author":[{"embeddable":true,"href":"https:\/\/latamjournalismreview.org\/es\/wp-json\/wp\/v2\/users\/5"}],"replies":[{"embeddable":true,"href":"https:\/\/latamjournalismreview.org\/es\/wp-json\/wp\/v2\/comments?post=16289"}],"version-history":[{"count":7,"href":"https:\/\/latamjournalismreview.org\/es\/wp-json\/wp\/v2\/posts\/16289\/revisions"}],"predecessor-version":[{"id":16319,"href":"https:\/\/latamjournalismreview.org\/es\/wp-json\/wp\/v2\/posts\/16289\/revisions\/16319"}],"wp:featuredmedia":[{"embeddable":true,"href":"https:\/\/latamjournalismreview.org\/es\/wp-json\/wp\/v2\/media\/16216"}],"wp:attachment":[{"href":"https:\/\/latamjournalismreview.org\/es\/wp-json\/wp\/v2\/media?parent=16289"}],"wp:term":[{"taxonomy":"category","embeddable":true,"href":"https:\/\/latamjournalismreview.org\/es\/wp-json\/wp\/v2\/categories?post=16289"},{"taxonomy":"post_tag","embeddable":true,"href":"https:\/\/latamjournalismreview.org\/es\/wp-json\/wp\/v2\/tags?post=16289"},{"taxonomy":"author","embeddable":true,"href":"https:\/\/latamjournalismreview.org\/es\/wp-json\/wp\/v2\/coauthors?post=16289"}],"curies":[{"name":"wp","href":"https:\/\/api.w.org\/{rel}","templated":true}]}}