{"id":165758,"date":"2026-04-28T13:57:31","date_gmt":"2026-04-28T18:57:31","guid":{"rendered":"https:\/\/latamjournalismreview.org\/?p=165758"},"modified":"2026-04-28T14:44:33","modified_gmt":"2026-04-28T19:44:33","slug":"por-decadas-brasil-ha-estudiado-el-crimen-actuar-contra-ello-es-otra-historia","status":"publish","type":"post","link":"https:\/\/latamjournalismreview.org\/es\/articles\/por-decadas-brasil-ha-estudiado-el-crimen-actuar-contra-ello-es-otra-historia\/","title":{"rendered":"Por d\u00e9cadas, Brasil ha estudiado el crimen. Actuar contra ello es otra historia"},"content":{"rendered":"<p><span style=\"font-weight: 400;\">La periodista Cec\u00edlia Olliveira fue <\/span><a href=\"https:\/\/www12.senado.leg.br\/radio\/1\/noticia\/2026\/03\/24\/na-cpi-do-crime-especialista-defende-combate-a-infiltracao-de-criminosos-na-politica-e-policia\"><span style=\"font-weight: 400;\">recientemente llamada a comparecer en una audiencia de una Comisi\u00f3n Parlamentaria de Investigaci\u00f3n (CPI) sobre Crimen Organizado<\/span><\/a><span style=\"font-weight: 400;\">, en el Senado de Brasil. El objetivo era escucharla hablar sobre estrategias para contener el avance de las facciones criminales y<\/span><a href=\"https:\/\/latamjournalismreview.org\/es\/articles\/una-periodista-analiza-el-auge-de-las-milicias-en-rio-de-janeiro-y-por-que-la-gente-se-une-a-ellas\/\"><span style=\"font-weight: 400;\"> las milicias en el pa\u00eds<\/span><\/a><span style=\"font-weight: 400;\">.<\/span><\/p>\n<p><span style=\"font-weight: 400;\">Durante <\/span><a href=\"https:\/\/www.youtube.com\/watch?v=CMVDfAU6Ucw\"><span style=\"font-weight: 400;\">la audiencia ante los senadores<\/span><\/a><span style=\"font-weight: 400;\">, Olliveira explic\u00f3 sus posturas sobre la integraci\u00f3n de las fuerzas policiales, el combate a los brazos econ\u00f3mico y pol\u00edtico del crimen, as\u00ed como la obligatoriedad del uso de c\u00e1maras corporales en operativos policiales.<\/span><\/p>\n<p><span style=\"font-weight: 400;\">Desde hace m\u00e1s de 20 a\u00f1os, Olliveira cubre seguridad p\u00fablica en Brasil. Ha escrito <\/span><a href=\"https:\/\/www.intercept.com.br\/2019\/12\/16\/rio-municoes-balas-eua-bosnia-russia-guerra-fria\/\"><span style=\"font-weight: 400;\">reportajes de impacto,<\/span><\/a><span style=\"font-weight: 400;\"> ha publicado <\/span><a href=\"https:\/\/www.amazon.com.br\/Como-nasce-miliciano-criminosa-cresceu\/dp\/6585984498+\"><span style=\"font-weight: 400;\">libros<\/span><\/a><span style=\"font-weight: 400;\"> \u2014y colaborado con pesquisa para <\/span><a href=\"https:\/\/theintercept.com\/2017\/09\/25\/rocinha-favela-rio-de-janeiro-violence\/\"><span style=\"font-weight: 400;\">otros<\/span><\/a><span style=\"font-weight: 400;\">\u2014, ha dado entrevistas en <\/span><a href=\"https:\/\/www1.folha.uol.com.br\/ilustrissima\/2025\/06\/o-que-leva-policiais-a-se-tornarem-milicianos-segundo-cecilia-olliveira.shtml\"><span style=\"font-weight: 400;\">Brasil<\/span><\/a><span style=\"font-weight: 400;\"> y en el <\/span><a href=\"https:\/\/www.youtube.com\/watch?v=GJx3iqDDszw&amp;rco=1\"><span style=\"font-weight: 400;\">extranjero<\/span><\/a><span style=\"font-weight: 400;\">, y ha contribuido a posicionar el tema en un pa\u00eds donde la seguridad es una de las principales preocupaciones de la ciudadan\u00eda.<\/span><\/p>\n<p><span style=\"font-weight: 400;\">Originaria del estado sure\u00f1o de Minas Gerais y radicada en R\u00edo de Janeiro, la reportera tambi\u00e9n es cofundadora de The Intercept Brasil y fundadora del Instituto Fogo Cruzado, el cual mantiene una base de datos abiertos sobre violencia armada en Am\u00e9rica Latina.<\/span><\/p>\n<p><span style=\"font-weight: 400;\">Como parte de la serie 5 Preguntas, <\/span><b>LatAm Journalism Review (LJR)<\/b><span style=\"font-weight: 400;\"> convers\u00f3 con Olliveira sobre su extensa cobertura de seguridad p\u00fablica, sobre las limitaciones e idiosincrasias de su trabajo, de sus proyectos paralelos como Fogo Cruzado y de los v\u00ednculos entre crimen y poder que atraviesan Brasil. La entrevista fue editada por razones de concisi\u00f3n y claridad.<\/span><\/p>\n<ol>\n<li><b> Recientemente estuvo en la CPI del crimen organizado. Al estar en el centro del poder, \u00bfqu\u00e9 se puede aprender sobre las din\u00e1micas criminales y sus v\u00ednculos con la pol\u00edtica?<\/b><\/li>\n<\/ol>\n<p><span style=\"font-weight: 400;\">Estar en Brasilia para un debate como este refuerza algo que he venido mostrando tanto en mi trabajo period\u00edstico como en el libro <\/span><a href=\"https:\/\/latamjournalismreview.org\/es\/articles\/una-periodista-analiza-el-auge-de-las-milicias-en-rio-de-janeiro-y-por-que-la-gente-se-une-a-ellas\/\"><span style=\"font-weight: 400;\">\u201cComo Nasce um Miliciano\u201d (C\u00f3mo nace un miliciano<\/span><\/a><span style=\"font-weight: 400;\">): no existe una separaci\u00f3n real entre el crimen organizado y la pol\u00edtica en Brasil \u2014lo que existe es una relaci\u00f3n estructural entre ambos. En el libro parto justamente de esa idea de que la l\u00ednea entre Estado y crimen se va diluyendo con el tiempo, hasta el punto en que pasan a operar de forma entrelazada, en un nuevo modo de funcionamiento. Por eso destaqu\u00e9 que la milicia no es un \u201cpoder paralelo\u201d. Es el propio Estado operando en beneficio de grupos criminales, muchas veces con participaci\u00f3n directa de funcionarios p\u00fablicos y de personas electas.<\/span><\/p>\n<p><span style=\"font-weight: 400;\">Y esto se traduce en una falta de acci\u00f3n que afecta a todo el pa\u00eds de manera muy tr\u00e1gica y dolorosa. La CPI revel\u00f3 \u2014una vez m\u00e1s\u2014 que no es falta de informaci\u00f3n sobre el crimen, sino la dificultad (o falta de inter\u00e9s) de convertir ese conocimiento en pol\u00edtica p\u00fablica lo que nos ha tra\u00eddo hasta aqu\u00ed.<\/span><\/p>\n<p><span style=\"font-weight: 400;\">En mi intervenci\u00f3n inicial en la sesi\u00f3n, subray\u00e9 que Brasil investiga desde hace d\u00e9cadas el crimen organizado, produce diagn\u00f3sticos, recopila datos \u2014pero no act\u00faa sobre ellos. Se\u00f1al\u00e9, incluso, que hoy estamos enfrentando las consecuencias de esas omisiones.<\/span><\/p>\n<p><span style=\"font-weight: 400;\">El desenlace deprimente de la CPI \u2014<\/span><a href=\"https:\/\/agenciabrasil.ebc.com.br\/politica\/noticia\/2026-04\/relatorio-final-da-cpi-do-crime-organizado-e-rejeitado\"><span style=\"font-weight: 400;\">que termin\u00f3 en medio de maniobras pol\u00edticas muy bajas, con cambios de integrantes y rechazo del informe final<\/span><\/a><span style=\"font-weight: 400;\">\u2014 deja claro que no hay inter\u00e9s en resolver el problema, sino en utilizarlo como plataforma pol\u00edtica para ganar votos y negociar poder.<\/span><\/p>\n<ol start=\"2\">\n<li><b> \u00bfC\u00f3mo cree que es posible descentralizar el periodismo sobre crimen y seguridad p\u00fablica en el sureste de Brasil?<\/b><\/li>\n<\/ol>\n<p><span style=\"font-weight: 400;\">La centralizaci\u00f3n del periodismo en el sureste no es solo geogr\u00e1fica, tambi\u00e9n es epistemol\u00f3gica. La forma en que Brasil entiende el crimen y la seguridad p\u00fablica sigue muy moldeada por las experiencias de R\u00edo de Janeiro y S\u00e3o Paulo, que terminan trat\u00e1ndose como est\u00e1ndar nacional. El problema es que eso invisibiliza din\u00e1micas completamente distintas. El norte y el noreste, por ejemplo, tienen rutas internacionales, disputas territoriales y econom\u00edas ilegales que operan bajo otra escala y l\u00f3gica. Cuando esas regiones no cuentan con una cobertura estructurada, todo el pa\u00eds pierde capacidad para comprender el fen\u00f3meno.<\/span><\/p>\n<p><span style=\"font-weight: 400;\">Descentralizar pasa, primero, por redistribuir recursos: financiamiento, becas, convocatorias, redacciones regionales fortalecidas. Pero tambi\u00e9n implica reconocer que el conocimiento ya existe fuera de los grandes centros. No se trata de \u201cllevar periodismo\u201d, sino de dejar de ignorar a quienes ya lo est\u00e1n produciendo.<\/span><\/p>\n<p><span style=\"font-weight: 400;\">La plataforma Fogo Cruzado, al expandirse para monitorear otras ciudades, demuestra esto: cuando se crea infraestructura de datos, no solo se mejora la cobertura, sino que cambia qui\u00e9n puede producirla. Los datos abiertos son una herramienta de descentralizaci\u00f3n. Y, por \u00faltimo, hay una cuesti\u00f3n editorial. Mientras el periodismo siga reaccionando a crisis en lugar de estructurar coberturas continuas, seguir\u00e1 concentrado. Aqu\u00ed entra otro debate, sobre el deterioro de las redacciones y de la profesi\u00f3n, que impacta directamente el tipo de cobertura, especialmente fuera del sureste, muchas veces consideradas \u201cdemasiado costosas\u201d o de \u201cpoca relevancia\u201d.<\/span><\/p>\n<ol start=\"3\">\n<li><b> \u00bfC\u00f3mo la experiencia al frente de Fogo Cruzado ha influido en su periodismo y c\u00f3mo su periodismo ha influido en su trayectoria en Fogo Cruzado?<\/b><\/li>\n<\/ol>\n<p><span style=\"font-weight: 400;\">Fogo Cruzado surge de una inquietud profundamente period\u00edstica: la percepci\u00f3n de que est\u00e1bamos narrando la violencia sin poder dimensionarla.<\/span><\/p>\n<p><span style=\"font-weight: 400;\">En el periodismo tradicional, muchas veces se trabaja con casos \u2014y los casos tienen una enorme potencia narrativa, pero tambi\u00e9n pueden distorsionar la percepci\u00f3n si no se contextualizan. Fogo Cruzado me dio escala. Me oblig\u00f3 a observar patrones, recurrencias, territorio y temporalidad.<\/span><\/p>\n<p><span style=\"font-weight: 400;\">Eso cambia completamente la forma de investigar y escribir. Dejas de preguntar solo \u201c\u00bfqu\u00e9 pas\u00f3?\u201d y empiezas a preguntar \u201c\u00bfpor qu\u00e9 esto sigue ocurriendo?\u201d y \u201c\u00bfqui\u00e9n se beneficia de esa continuidad?\u201d. Al mismo tiempo, el periodismo fue esencial para que Fogo Cruzado no se convirtiera solo en una plataforma de datos. Los datos no se traducen por s\u00ed solos. Necesitan ser interpretados, examinados, puestos en discusi\u00f3n.<\/span><\/p>\n<p><span style=\"font-weight: 400;\">Lo que hago es precisamente ese puente: transformar datos en narrativa p\u00fablica. Y, al mismo tiempo, usar la narrativa para presionar por el uso de esos datos en pol\u00edticas p\u00fablicas. Es una relaci\u00f3n de retroalimentaci\u00f3n que se traduce en la mayor base de datos sobre violencia armada en Am\u00e9rica Latina, abierta para periodistas, investigadores, autoridades y cualquier persona interesada en entender mejor por qu\u00e9 las cosas son como son.<\/span><\/p>\n<ol start=\"4\">\n<li><b> \u00bfCu\u00e1l cree que es el camino para que el periodismo trate el crimen como una agenda de derechos humanos y no solo como un asunto policial?<\/b><\/li>\n<\/ol>\n<p><span style=\"font-weight: 400;\">El primer paso es romper con la idea de que la seguridad p\u00fablica es un tema t\u00e9cnico limitado a las fuerzas policiales. Eso no es cierto: la seguridad p\u00fablica es, ante todo, una agenda de derechos. Cuando una escuela cierra por un operativo, eso es educaci\u00f3n. Cuando una persona no puede circular por la ciudad porque las calles est\u00e1n cerradas por un tiroteo, eso es movilidad. Cuando una familia vive bajo amenaza constante, eso es salud mental. El crimen no es solo un evento: es una condici\u00f3n que reorganiza la vida de las personas.<\/span><\/p>\n<p><span style=\"font-weight: 400;\">El problema es que el periodismo sigue operando bajo la l\u00f3gica del hecho: qu\u00e9 pas\u00f3, qui\u00e9n muri\u00f3, qui\u00e9n fue detenido. Eso reduce el fen\u00f3meno y muchas veces reproduce la narrativa oficial. El \u201cpor qu\u00e9\u201d queda relegado, oculto en el simplismo que impone la urgencia.<\/span><\/p>\n<p><span style=\"font-weight: 400;\">Cambiar esto implica tres cosas: ampliar fuentes, cambiar el lenguaje y profundizar el contexto. Ampliar fuentes significa escuchar a quienes viven el impacto de la violencia \u2014no solo a quienes la combaten. Cambiar el lenguaje implica dejar de tratar a ciertas poblaciones como sospechosas permanentes y evitar la revictimizaci\u00f3n. Y profundizar el contexto significa mostrar que el crimen est\u00e1 ligado a pol\u00edticas p\u00fablicas, econom\u00eda, desigualdad y racismo. Esto no es simple. Exige debatir las prioridades del periodismo, su funci\u00f3n social y su v\u00ednculo con modelos de negocio e intereses de propietarios de medios, que con frecuencia tienen cargos pol\u00edticos o v\u00ednculos hist\u00f3ricos con la pol\u00edtica.<\/span><\/p>\n<ol start=\"5\">\n<li><b> Usted tiene una presencia considerable en redes sociales, con m\u00e1s de 75 mil seguidores en Instagram, casi 200 mil en X, 16 mil en TikTok y cerca de 10 mil en LinkedIn. \u00bfFue algo natural o trabajado?<\/b><\/li>\n<\/ol>\n<p><span style=\"font-weight: 400;\">Fue un proceso \u2014y, en realidad, una necesidad. Yo llevaba poco tiempo en la profesi\u00f3n cuando Twitter se consolid\u00f3 en Brasil. Para m\u00ed, que me estaba mudando a R\u00edo, fue clave para construir fuentes. Tambi\u00e9n era el principal espacio para que las historias alcanzaran mayor visibilidad y llegaran a una audiencia m\u00e1s amplia. Antes de convertirse en un entorno con tanto discurso extremista, Twitter fue una plataforma importante de debate e intercambio de ideas.<\/span><\/p>\n<p><span style=\"font-weight: 400;\">Durante mucho tiempo, el periodismo investigativo habl\u00f3 principalmente para audiencias ya convencidas o especializadas. Pero cuando trabajas con seguridad p\u00fablica, entiendes que existe una fuerte disputa narrativa en el espacio p\u00fablico \u2014y que muchas veces las explicaciones m\u00e1s simples ganan porque circulan con mayor facilidad.<\/span><\/p>\n<p><span style=\"font-weight: 400;\">Las redes sociales surgen como un espacio para intervenir en esa disputa. No para simplificar el contenido, sino para hacerlo accesible sin perder complejidad.<\/span><\/p>\n<p><span style=\"font-weight: 400;\">Los videos, por ejemplo, son un intento de traducir temas densos \u2014como la pol\u00edtica de seguridad\u2014 a un lenguaje directo, casi did\u00e1ctico. Es un ejercicio constante de s\u00edntesis, pero no surgi\u00f3 de forma inmediata. Fue un aprendizaje de lenguaje, formato y ritmo. Tambi\u00e9n implica entender que la exposici\u00f3n p\u00fablica tiene costos: ataques, intentos de deslegitimaci\u00f3n.<\/span><\/p>\n<p><span style=\"font-weight: 400;\">Hoy veo las redes como una extensi\u00f3n de mi trabajo period\u00edstico. No sustituyen la investigaci\u00f3n ni el reporteo, pero ampl\u00edan el alcance y, sobre todo, permiten disputar interpretaciones y contribuir al debate.<\/span><\/p>\n<hr \/>\n<p><em>Traducido por C\u00e9sar L\u00f3pez Linares<\/em><\/p>\n","protected":false},"excerpt":{"rendered":"<p>Tras 20 a\u00f1os cubriendo el \u00e1rea de seguridad p\u00fablica, la periodista Cec\u00edlia Olliveira afirma que el problema no es la informaci\u00f3n, sino la voluntad pol\u00edtica.<\/p>\n","protected":false},"author":34,"featured_media":165759,"comment_status":"closed","ping_status":"closed","sticky":false,"template":"","format":"standard","meta":{"inline_featured_image":false,"footnotes":""},"categories":[2380],"tags":[],"coauthors":[3011],"class_list":["post-165758","post","type-post","status-publish","format-standard","has-post-thumbnail","hentry","category-5-preguntas"],"acf":[],"yoast_head":"<!-- This site is optimized with the Yoast SEO Premium plugin v22.6 (Yoast SEO v27.4) - https:\/\/yoast.com\/product\/yoast-seo-premium-wordpress\/ -->\n<title>Por d\u00e9cadas, Brasil ha estudiado el crimen. Actuar contra ello es otra historia - LatAm Journalism Review<\/title>\n<meta name=\"description\" content=\"Por d\u00e9cadas, Brasil ha estudiado el crimen. Actuar contra ello es otra historia 5 Preguntas. Latin American Journalism Review by The Knight Center at The University of Texas at Austin.\" \/>\n<meta name=\"robots\" content=\"index, follow, max-snippet:-1, max-image-preview:large, max-video-preview:-1\" \/>\n<link rel=\"canonical\" href=\"https:\/\/latamjournalismreview.org\/es\/articles\/por-decadas-brasil-ha-estudiado-el-crimen-actuar-contra-ello-es-otra-historia\/\" \/>\n<meta property=\"og:locale\" content=\"es_ES\" \/>\n<meta property=\"og:type\" content=\"article\" \/>\n<meta property=\"og:title\" content=\"Por d\u00e9cadas, Brasil ha estudiado el crimen. Actuar contra ello es otra historia\" \/>\n<meta property=\"og:description\" content=\"Por d\u00e9cadas, Brasil ha estudiado el crimen. Actuar contra ello es otra historia 5 Preguntas. Latin American Journalism Review by The Knight Center at The University of Texas at Austin.\" \/>\n<meta property=\"og:url\" content=\"https:\/\/latamjournalismreview.org\/es\/articles\/por-decadas-brasil-ha-estudiado-el-crimen-actuar-contra-ello-es-otra-historia\/\" \/>\n<meta property=\"og:site_name\" content=\"LatAm Journalism Review\" \/>\n<meta property=\"article:published_time\" content=\"2026-04-28T18:57:31+00:00\" \/>\n<meta property=\"article:modified_time\" content=\"2026-04-28T19:44:33+00:00\" \/>\n<meta property=\"og:image\" content=\"https:\/\/latamjournalismreview.org\/wp-content\/uploads\/2026\/04\/Cinco-Preguntas-ES-Cecilia-Olliveira.png\" \/>\n\t<meta property=\"og:image:width\" content=\"507\" \/>\n\t<meta property=\"og:image:height\" content=\"340\" \/>\n\t<meta property=\"og:image:type\" content=\"image\/png\" \/>\n<meta name=\"author\" content=\"Leonardo Coelho\" \/>\n<meta name=\"twitter:card\" content=\"summary_large_image\" \/>\n<meta name=\"twitter:creator\" content=\"@leocoelho_jor\" \/>\n<meta name=\"twitter:site\" content=\"@LatAmJournalism\" \/>\n<meta name=\"twitter:label1\" content=\"Written by\" \/>\n\t<meta name=\"twitter:data1\" content=\"Leonardo Coelho\" \/>\n\t<meta name=\"twitter:label2\" content=\"Est. reading time\" \/>\n\t<meta name=\"twitter:data2\" content=\"8 minutos\" \/>\n<script type=\"application\/ld+json\" class=\"yoast-schema-graph\">{\"@context\":\"https:\\\/\\\/schema.org\",\"@graph\":[{\"@type\":\"Article\",\"@id\":\"https:\\\/\\\/latamjournalismreview.org\\\/es\\\/articles\\\/por-decadas-brasil-ha-estudiado-el-crimen-actuar-contra-ello-es-otra-historia\\\/#article\",\"isPartOf\":{\"@id\":\"https:\\\/\\\/latamjournalismreview.org\\\/es\\\/articles\\\/por-decadas-brasil-ha-estudiado-el-crimen-actuar-contra-ello-es-otra-historia\\\/\"},\"author\":{\"name\":\"Leonardo Coelho\",\"@id\":\"https:\\\/\\\/latamjournalismreview.org\\\/es\\\/#\\\/schema\\\/person\\\/f47036559b61d1b3f9413646be45dc85\"},\"headline\":\"Por d\u00e9cadas, Brasil ha estudiado el crimen. Actuar contra ello es otra historia\",\"datePublished\":\"2026-04-28T18:57:31+00:00\",\"dateModified\":\"2026-04-28T19:44:33+00:00\",\"mainEntityOfPage\":{\"@id\":\"https:\\\/\\\/latamjournalismreview.org\\\/es\\\/articles\\\/por-decadas-brasil-ha-estudiado-el-crimen-actuar-contra-ello-es-otra-historia\\\/\"},\"wordCount\":1685,\"publisher\":{\"@id\":\"https:\\\/\\\/latamjournalismreview.org\\\/es\\\/#organization\"},\"image\":{\"@id\":\"https:\\\/\\\/latamjournalismreview.org\\\/es\\\/articles\\\/por-decadas-brasil-ha-estudiado-el-crimen-actuar-contra-ello-es-otra-historia\\\/#primaryimage\"},\"thumbnailUrl\":\"https:\\\/\\\/latamjournalismreview.org\\\/wp-content\\\/uploads\\\/2026\\\/04\\\/Cinco-Preguntas-ES-Cecilia-Olliveira.png\",\"articleSection\":[\"5 Preguntas\"],\"inLanguage\":\"es\"},{\"@type\":\"WebPage\",\"@id\":\"https:\\\/\\\/latamjournalismreview.org\\\/es\\\/articles\\\/por-decadas-brasil-ha-estudiado-el-crimen-actuar-contra-ello-es-otra-historia\\\/\",\"url\":\"https:\\\/\\\/latamjournalismreview.org\\\/es\\\/articles\\\/por-decadas-brasil-ha-estudiado-el-crimen-actuar-contra-ello-es-otra-historia\\\/\",\"name\":\"Por d\u00e9cadas, Brasil ha estudiado el crimen. Actuar contra ello es otra historia - LatAm Journalism Review\",\"isPartOf\":{\"@id\":\"https:\\\/\\\/latamjournalismreview.org\\\/es\\\/#website\"},\"primaryImageOfPage\":{\"@id\":\"https:\\\/\\\/latamjournalismreview.org\\\/es\\\/articles\\\/por-decadas-brasil-ha-estudiado-el-crimen-actuar-contra-ello-es-otra-historia\\\/#primaryimage\"},\"image\":{\"@id\":\"https:\\\/\\\/latamjournalismreview.org\\\/es\\\/articles\\\/por-decadas-brasil-ha-estudiado-el-crimen-actuar-contra-ello-es-otra-historia\\\/#primaryimage\"},\"thumbnailUrl\":\"https:\\\/\\\/latamjournalismreview.org\\\/wp-content\\\/uploads\\\/2026\\\/04\\\/Cinco-Preguntas-ES-Cecilia-Olliveira.png\",\"datePublished\":\"2026-04-28T18:57:31+00:00\",\"dateModified\":\"2026-04-28T19:44:33+00:00\",\"description\":\"Por d\u00e9cadas, Brasil ha estudiado el crimen. Actuar contra ello es otra historia 5 Preguntas. Latin American Journalism Review by The Knight Center at The University of Texas at Austin.\",\"breadcrumb\":{\"@id\":\"https:\\\/\\\/latamjournalismreview.org\\\/es\\\/articles\\\/por-decadas-brasil-ha-estudiado-el-crimen-actuar-contra-ello-es-otra-historia\\\/#breadcrumb\"},\"inLanguage\":\"es\",\"potentialAction\":[{\"@type\":\"ReadAction\",\"target\":[\"https:\\\/\\\/latamjournalismreview.org\\\/es\\\/articles\\\/por-decadas-brasil-ha-estudiado-el-crimen-actuar-contra-ello-es-otra-historia\\\/\"]}]},{\"@type\":\"ImageObject\",\"inLanguage\":\"es\",\"@id\":\"https:\\\/\\\/latamjournalismreview.org\\\/es\\\/articles\\\/por-decadas-brasil-ha-estudiado-el-crimen-actuar-contra-ello-es-otra-historia\\\/#primaryimage\",\"url\":\"https:\\\/\\\/latamjournalismreview.org\\\/wp-content\\\/uploads\\\/2026\\\/04\\\/Cinco-Preguntas-ES-Cecilia-Olliveira.png\",\"contentUrl\":\"https:\\\/\\\/latamjournalismreview.org\\\/wp-content\\\/uploads\\\/2026\\\/04\\\/Cinco-Preguntas-ES-Cecilia-Olliveira.png\",\"width\":507,\"height\":340},{\"@type\":\"BreadcrumbList\",\"@id\":\"https:\\\/\\\/latamjournalismreview.org\\\/es\\\/articles\\\/por-decadas-brasil-ha-estudiado-el-crimen-actuar-contra-ello-es-otra-historia\\\/#breadcrumb\",\"itemListElement\":[{\"@type\":\"ListItem\",\"position\":1,\"name\":\"Home\",\"item\":\"https:\\\/\\\/latamjournalismreview.org\\\/es\\\/\"},{\"@type\":\"ListItem\",\"position\":2,\"name\":\"Por d\u00e9cadas, Brasil ha estudiado el crimen. Actuar contra ello es otra historia\"}]},{\"@type\":\"WebSite\",\"@id\":\"https:\\\/\\\/latamjournalismreview.org\\\/es\\\/#website\",\"url\":\"https:\\\/\\\/latamjournalismreview.org\\\/es\\\/\",\"name\":\"LatAm Journalism Review\",\"description\":\"Knight Center at The University of Texas\",\"publisher\":{\"@id\":\"https:\\\/\\\/latamjournalismreview.org\\\/es\\\/#organization\"},\"potentialAction\":[{\"@type\":\"SearchAction\",\"target\":{\"@type\":\"EntryPoint\",\"urlTemplate\":\"https:\\\/\\\/latamjournalismreview.org\\\/es\\\/?s={search_term_string}\"},\"query-input\":{\"@type\":\"PropertyValueSpecification\",\"valueRequired\":true,\"valueName\":\"search_term_string\"}}],\"inLanguage\":\"es\"},{\"@type\":\"Organization\",\"@id\":\"https:\\\/\\\/latamjournalismreview.org\\\/es\\\/#organization\",\"name\":\"LatAm Journalism Review\",\"url\":\"https:\\\/\\\/latamjournalismreview.org\\\/es\\\/\",\"logo\":{\"@type\":\"ImageObject\",\"inLanguage\":\"es\",\"@id\":\"https:\\\/\\\/latamjournalismreview.org\\\/es\\\/#\\\/schema\\\/logo\\\/image\\\/\",\"url\":\"https:\\\/\\\/latamjournalismreview.org\\\/wp-content\\\/uploads\\\/2020\\\/05\\\/knight-latAm-review-logo.svg\",\"contentUrl\":\"https:\\\/\\\/latamjournalismreview.org\\\/wp-content\\\/uploads\\\/2020\\\/05\\\/knight-latAm-review-logo.svg\",\"width\":\"1024\",\"height\":\"1024\",\"caption\":\"LatAm Journalism Review\"},\"image\":{\"@id\":\"https:\\\/\\\/latamjournalismreview.org\\\/es\\\/#\\\/schema\\\/logo\\\/image\\\/\"},\"sameAs\":[\"https:\\\/\\\/x.com\\\/LatAmJournalism\"]},{\"@type\":\"Person\",\"@id\":\"https:\\\/\\\/latamjournalismreview.org\\\/es\\\/#\\\/schema\\\/person\\\/f47036559b61d1b3f9413646be45dc85\",\"name\":\"Leonardo Coelho\",\"description\":\"Leonardo Coelho is a Brazilian journalist. He has written for outlets such as The New York Times, Dialogue Earth, Investigate Europe, Revista Piau\u00ed, Ag\u00eancia P\u00fablica, Rest of World, Bellingcat, BBC Brasil, VICE Brasil, Noisey, Correio Braziliense, UOL, Congresso em Foco and Ponte Jornalismo. As a photojournalist, he has collaborated for Estado de Minas, Lenny Letter, Newsweek, OZY magazine and Morgenbladet. Leo can be found on Twitter @leocoelho_jor. --------- Leonardo Coelho \u00e9 um jornalista brasileiro. Escreveu para ve\u00edculos como o The New York Times, Dialogue Earth, Investigate Europe, Revista Piau\u00ed, Rest of World, Bellingcat, BBC Brasil, VICE Brasil, Noisey, Correio Braziliense, UOL, Congresso em Foco e Ponte Jornalismo. Como fotojornalista, j\u00e1 colaborou para o Estado de Minas, Lenny Letter, Newsweek, OZY magazine e Morgenbladet. Pode ser encontrado no twitter @leocoelho_jor.\",\"sameAs\":[\"http:\\\/\\\/leonardocoelho.jor.br\",\"https:\\\/\\\/www.linkedin.com\\\/in\\\/leocoelho-jor\\\/\",\"https:\\\/\\\/x.com\\\/leocoelho_jor\"],\"url\":\"https:\\\/\\\/latamjournalismreview.org\\\/es\\\/articles\\\/author\\\/leonardo-coelho\\\/\"}]}<\/script>\n<!-- \/ Yoast SEO Premium plugin. -->","yoast_head_json":{"title":"Por d\u00e9cadas, Brasil ha estudiado el crimen. Actuar contra ello es otra historia - LatAm Journalism Review","description":"Por d\u00e9cadas, Brasil ha estudiado el crimen. Actuar contra ello es otra historia 5 Preguntas. Latin American Journalism Review by The Knight Center at The University of Texas at Austin.","robots":{"index":"index","follow":"follow","max-snippet":"max-snippet:-1","max-image-preview":"max-image-preview:large","max-video-preview":"max-video-preview:-1"},"canonical":"https:\/\/latamjournalismreview.org\/es\/articles\/por-decadas-brasil-ha-estudiado-el-crimen-actuar-contra-ello-es-otra-historia\/","og_locale":"es_ES","og_type":"article","og_title":"Por d\u00e9cadas, Brasil ha estudiado el crimen. Actuar contra ello es otra historia","og_description":"Por d\u00e9cadas, Brasil ha estudiado el crimen. Actuar contra ello es otra historia 5 Preguntas. Latin American Journalism Review by The Knight Center at The University of Texas at Austin.","og_url":"https:\/\/latamjournalismreview.org\/es\/articles\/por-decadas-brasil-ha-estudiado-el-crimen-actuar-contra-ello-es-otra-historia\/","og_site_name":"LatAm Journalism Review","article_published_time":"2026-04-28T18:57:31+00:00","article_modified_time":"2026-04-28T19:44:33+00:00","og_image":[{"width":507,"height":340,"url":"https:\/\/latamjournalismreview.org\/wp-content\/uploads\/2026\/04\/Cinco-Preguntas-ES-Cecilia-Olliveira.png","type":"image\/png"}],"author":"Leonardo Coelho","twitter_card":"summary_large_image","twitter_creator":"@leocoelho_jor","twitter_site":"@LatAmJournalism","twitter_misc":{"Written by":"Leonardo Coelho","Est. reading time":"8 minutos"},"schema":{"@context":"https:\/\/schema.org","@graph":[{"@type":"Article","@id":"https:\/\/latamjournalismreview.org\/es\/articles\/por-decadas-brasil-ha-estudiado-el-crimen-actuar-contra-ello-es-otra-historia\/#article","isPartOf":{"@id":"https:\/\/latamjournalismreview.org\/es\/articles\/por-decadas-brasil-ha-estudiado-el-crimen-actuar-contra-ello-es-otra-historia\/"},"author":{"name":"Leonardo Coelho","@id":"https:\/\/latamjournalismreview.org\/es\/#\/schema\/person\/f47036559b61d1b3f9413646be45dc85"},"headline":"Por d\u00e9cadas, Brasil ha estudiado el crimen. Actuar contra ello es otra historia","datePublished":"2026-04-28T18:57:31+00:00","dateModified":"2026-04-28T19:44:33+00:00","mainEntityOfPage":{"@id":"https:\/\/latamjournalismreview.org\/es\/articles\/por-decadas-brasil-ha-estudiado-el-crimen-actuar-contra-ello-es-otra-historia\/"},"wordCount":1685,"publisher":{"@id":"https:\/\/latamjournalismreview.org\/es\/#organization"},"image":{"@id":"https:\/\/latamjournalismreview.org\/es\/articles\/por-decadas-brasil-ha-estudiado-el-crimen-actuar-contra-ello-es-otra-historia\/#primaryimage"},"thumbnailUrl":"https:\/\/latamjournalismreview.org\/wp-content\/uploads\/2026\/04\/Cinco-Preguntas-ES-Cecilia-Olliveira.png","articleSection":["5 Preguntas"],"inLanguage":"es"},{"@type":"WebPage","@id":"https:\/\/latamjournalismreview.org\/es\/articles\/por-decadas-brasil-ha-estudiado-el-crimen-actuar-contra-ello-es-otra-historia\/","url":"https:\/\/latamjournalismreview.org\/es\/articles\/por-decadas-brasil-ha-estudiado-el-crimen-actuar-contra-ello-es-otra-historia\/","name":"Por d\u00e9cadas, Brasil ha estudiado el crimen. Actuar contra ello es otra historia - LatAm Journalism Review","isPartOf":{"@id":"https:\/\/latamjournalismreview.org\/es\/#website"},"primaryImageOfPage":{"@id":"https:\/\/latamjournalismreview.org\/es\/articles\/por-decadas-brasil-ha-estudiado-el-crimen-actuar-contra-ello-es-otra-historia\/#primaryimage"},"image":{"@id":"https:\/\/latamjournalismreview.org\/es\/articles\/por-decadas-brasil-ha-estudiado-el-crimen-actuar-contra-ello-es-otra-historia\/#primaryimage"},"thumbnailUrl":"https:\/\/latamjournalismreview.org\/wp-content\/uploads\/2026\/04\/Cinco-Preguntas-ES-Cecilia-Olliveira.png","datePublished":"2026-04-28T18:57:31+00:00","dateModified":"2026-04-28T19:44:33+00:00","description":"Por d\u00e9cadas, Brasil ha estudiado el crimen. Actuar contra ello es otra historia 5 Preguntas. Latin American Journalism Review by The Knight Center at The University of Texas at Austin.","breadcrumb":{"@id":"https:\/\/latamjournalismreview.org\/es\/articles\/por-decadas-brasil-ha-estudiado-el-crimen-actuar-contra-ello-es-otra-historia\/#breadcrumb"},"inLanguage":"es","potentialAction":[{"@type":"ReadAction","target":["https:\/\/latamjournalismreview.org\/es\/articles\/por-decadas-brasil-ha-estudiado-el-crimen-actuar-contra-ello-es-otra-historia\/"]}]},{"@type":"ImageObject","inLanguage":"es","@id":"https:\/\/latamjournalismreview.org\/es\/articles\/por-decadas-brasil-ha-estudiado-el-crimen-actuar-contra-ello-es-otra-historia\/#primaryimage","url":"https:\/\/latamjournalismreview.org\/wp-content\/uploads\/2026\/04\/Cinco-Preguntas-ES-Cecilia-Olliveira.png","contentUrl":"https:\/\/latamjournalismreview.org\/wp-content\/uploads\/2026\/04\/Cinco-Preguntas-ES-Cecilia-Olliveira.png","width":507,"height":340},{"@type":"BreadcrumbList","@id":"https:\/\/latamjournalismreview.org\/es\/articles\/por-decadas-brasil-ha-estudiado-el-crimen-actuar-contra-ello-es-otra-historia\/#breadcrumb","itemListElement":[{"@type":"ListItem","position":1,"name":"Home","item":"https:\/\/latamjournalismreview.org\/es\/"},{"@type":"ListItem","position":2,"name":"Por d\u00e9cadas, Brasil ha estudiado el crimen. Actuar contra ello es otra historia"}]},{"@type":"WebSite","@id":"https:\/\/latamjournalismreview.org\/es\/#website","url":"https:\/\/latamjournalismreview.org\/es\/","name":"LatAm Journalism Review","description":"Knight Center at The University of Texas","publisher":{"@id":"https:\/\/latamjournalismreview.org\/es\/#organization"},"potentialAction":[{"@type":"SearchAction","target":{"@type":"EntryPoint","urlTemplate":"https:\/\/latamjournalismreview.org\/es\/?s={search_term_string}"},"query-input":{"@type":"PropertyValueSpecification","valueRequired":true,"valueName":"search_term_string"}}],"inLanguage":"es"},{"@type":"Organization","@id":"https:\/\/latamjournalismreview.org\/es\/#organization","name":"LatAm Journalism Review","url":"https:\/\/latamjournalismreview.org\/es\/","logo":{"@type":"ImageObject","inLanguage":"es","@id":"https:\/\/latamjournalismreview.org\/es\/#\/schema\/logo\/image\/","url":"https:\/\/latamjournalismreview.org\/wp-content\/uploads\/2020\/05\/knight-latAm-review-logo.svg","contentUrl":"https:\/\/latamjournalismreview.org\/wp-content\/uploads\/2020\/05\/knight-latAm-review-logo.svg","width":"1024","height":"1024","caption":"LatAm Journalism Review"},"image":{"@id":"https:\/\/latamjournalismreview.org\/es\/#\/schema\/logo\/image\/"},"sameAs":["https:\/\/x.com\/LatAmJournalism"]},{"@type":"Person","@id":"https:\/\/latamjournalismreview.org\/es\/#\/schema\/person\/f47036559b61d1b3f9413646be45dc85","name":"Leonardo Coelho","description":"Leonardo Coelho is a Brazilian journalist. He has written for outlets such as The New York Times, Dialogue Earth, Investigate Europe, Revista Piau\u00ed, Ag\u00eancia P\u00fablica, Rest of World, Bellingcat, BBC Brasil, VICE Brasil, Noisey, Correio Braziliense, UOL, Congresso em Foco and Ponte Jornalismo. As a photojournalist, he has collaborated for Estado de Minas, Lenny Letter, Newsweek, OZY magazine and Morgenbladet. Leo can be found on Twitter @leocoelho_jor. --------- Leonardo Coelho \u00e9 um jornalista brasileiro. Escreveu para ve\u00edculos como o The New York Times, Dialogue Earth, Investigate Europe, Revista Piau\u00ed, Rest of World, Bellingcat, BBC Brasil, VICE Brasil, Noisey, Correio Braziliense, UOL, Congresso em Foco e Ponte Jornalismo. Como fotojornalista, j\u00e1 colaborou para o Estado de Minas, Lenny Letter, Newsweek, OZY magazine e Morgenbladet. Pode ser encontrado no twitter @leocoelho_jor.","sameAs":["http:\/\/leonardocoelho.jor.br","https:\/\/www.linkedin.com\/in\/leocoelho-jor\/","https:\/\/x.com\/leocoelho_jor"],"url":"https:\/\/latamjournalismreview.org\/es\/articles\/author\/leonardo-coelho\/"}]}},"_links":{"self":[{"href":"https:\/\/latamjournalismreview.org\/es\/wp-json\/wp\/v2\/posts\/165758","targetHints":{"allow":["GET"]}}],"collection":[{"href":"https:\/\/latamjournalismreview.org\/es\/wp-json\/wp\/v2\/posts"}],"about":[{"href":"https:\/\/latamjournalismreview.org\/es\/wp-json\/wp\/v2\/types\/post"}],"author":[{"embeddable":true,"href":"https:\/\/latamjournalismreview.org\/es\/wp-json\/wp\/v2\/users\/34"}],"replies":[{"embeddable":true,"href":"https:\/\/latamjournalismreview.org\/es\/wp-json\/wp\/v2\/comments?post=165758"}],"version-history":[{"count":2,"href":"https:\/\/latamjournalismreview.org\/es\/wp-json\/wp\/v2\/posts\/165758\/revisions"}],"predecessor-version":[{"id":165777,"href":"https:\/\/latamjournalismreview.org\/es\/wp-json\/wp\/v2\/posts\/165758\/revisions\/165777"}],"wp:featuredmedia":[{"embeddable":true,"href":"https:\/\/latamjournalismreview.org\/es\/wp-json\/wp\/v2\/media\/165759"}],"wp:attachment":[{"href":"https:\/\/latamjournalismreview.org\/es\/wp-json\/wp\/v2\/media?parent=165758"}],"wp:term":[{"taxonomy":"category","embeddable":true,"href":"https:\/\/latamjournalismreview.org\/es\/wp-json\/wp\/v2\/categories?post=165758"},{"taxonomy":"post_tag","embeddable":true,"href":"https:\/\/latamjournalismreview.org\/es\/wp-json\/wp\/v2\/tags?post=165758"},{"taxonomy":"author","embeddable":true,"href":"https:\/\/latamjournalismreview.org\/es\/wp-json\/wp\/v2\/coauthors?post=165758"}],"curies":[{"name":"wp","href":"https:\/\/api.w.org\/{rel}","templated":true}]}}