{"id":165824,"date":"2026-04-30T14:44:45","date_gmt":"2026-04-30T19:44:45","guid":{"rendered":"https:\/\/latamjournalismreview.org\/?p=165824"},"modified":"2026-04-30T17:28:23","modified_gmt":"2026-04-30T22:28:23","slug":"libertad-de-prensa-en-las-americas-disminuye-drasticamente-en-medio-de-represion-global-revela-informe-de-rsf","status":"publish","type":"post","link":"https:\/\/latamjournalismreview.org\/es\/articles\/libertad-de-prensa-en-las-americas-disminuye-drasticamente-en-medio-de-represion-global-revela-informe-de-rsf\/","title":{"rendered":"Libertad de prensa en las Am\u00e9ricas disminuye dr\u00e1sticamente en medio de represi\u00f3n global, revela informe de RSF"},"content":{"rendered":"<p>En un a\u00f1o marcado por severas restricciones a la libertad de prensa a nivel mundial \u2014con la criminalizaci\u00f3n generalizada del periodismo\u2014 la\u00a0<a href=\"https:\/\/rsf.org\/es\/classement\/2026\/am%C3%A9rica\" target=\"_blank\" rel=\"noopener noreferrer\"><u>situaci\u00f3n en el continente americano es una de las peores<\/u><\/a>.<\/p>\n<p><a href=\"https:\/\/rsf.org\/en\/index?year=2022\" target=\"_blank\" rel=\"noopener noreferrer\"><u>Desde 2022<\/u><\/a>, la regi\u00f3n ha descendido 14 puntos en la Clasificaci\u00f3n Mundial de Libertad de Prensa que publica anualmente Reporteros Sin Fronteras (RSF).<\/p>\n<p>Este descenso, se\u00f1ala RSF, es similar al observado en las regiones m\u00e1s peligrosas del mundo para el ejercicio del periodismo: Medio Oriente y Europa del Este.<\/p>\n<p>Como parte de su clasificaci\u00f3n \u2014publicada el 30 de abril de 2026, en v\u00edsperas del\u00a0<a href=\"https:\/\/www.unesco.org\/en\/articles\/world-press-freedom-day-2026-global-conference-shaping-future-peace\" target=\"_blank\" rel=\"noopener noreferrer\"><u>D\u00eda Mundial de la Libertad de Prensa<\/u><\/a>\u2014,\u00a0<a href=\"https:\/\/rsf.org\/es\/metodolog%C3%ADa-detallada-de-la-clasificaci%C3%B3n-mundial-de-la-libertad-de-prensa-2026\" target=\"_blank\" rel=\"noopener noreferrer\"><u>RSF califica y clasifica<\/u><\/a> a 180 pa\u00edses y territorios en una escala de 0 a 100, donde 100 representa el nivel m\u00e1s alto posible de libertad de prensa.<\/p>\n<p>En funci\u00f3n de estas puntuaciones, la organizaci\u00f3n clasifica la situaci\u00f3n de la libertad de prensa en los pa\u00edses como \u201cbuena\u201d, \u201cm\u00e1s bien buena\u201d, \u201cproblem\u00e1tica\u201d, \u201cdif\u00edcil\u201d o \u201cmuy grave\u201d.<\/p>\n<p>Catorce pa\u00edses del continente se encuentran en situaci\u00f3n \u201cdif\u00edcil\u201d o \u201cmuy grave\u201d.<\/p>\n<p>Nicaragua (puesto 168), Cuba (160), Venezuela (159), Per\u00fa (144) y El Salvador (143) ocupan lo m\u00e1s bajo de la clasificaci\u00f3n en la categor\u00eda \u201cmuy grave\u201d.<\/p>\n<p>Honduras (132), Guatemala (128), Ecuador (125), M\u00e9xico (122), Hait\u00ed (107), Colombia (102), Argentina (98), Bolivia (91) y Paraguay (88) se encuentra en categor\u00eda \u201cdif\u00edcil\u201d.<\/p>\n<p>Ning\u00fan pa\u00eds de Am\u00e9rica obtuvo la calificaci\u00f3n de \u201cbuena\u201d y s\u00f3lo cuatro fueron clasificados como \u201cm\u00e1s bien buena\u201d: Canad\u00e1 (20), Jamaica (26), Surinam (34) y Costa Rica (38).<\/p>\n<p>Incluso Costa Rica, donde las libertades de prensa y de expresi\u00f3n hist\u00f3ricamente son \u201cmuy respetados\u201d, se\u00f1ala RSF, descendi\u00f3 30 posiciones con respecto a 2022.<\/p>\n<p>\u201cEl continente se caracteriza por dos tendencias: aumento de violencia perpetrada por el crimen organizado y por las fuerzas pol\u00edticas\u201d, dice el an\u00e1lisis de RSF.<\/p>\n<p>Seis pa\u00edses de la regi\u00f3n marcaron especialmente el descenso de la puntuaci\u00f3n del continente, dijo a\u00a0<strong>LatAm Journalism Review (LJR)<\/strong> Artur Romeu, director de la oficina para Am\u00e9rica Latina de RSF.<\/p>\n<p>Estados Unidos (en el puesto 64) baj\u00f3 22 posiciones desde 2022 y 7 desde 2025. Argentina (baj\u00f3 69 posiciones), Per\u00fa (67 posiciones), Ecuador (57 posiciones) y El Salvador (31 posiciones) mostraron descensos graves comparados con 2022. En el caso de El Salvador, la disminuci\u00f3n fue de 77 posiciones comparada con la Clasificaci\u00f3n de 2018 cuando a\u00fan no hab\u00eda llegado al poder Nayib Bukele.<\/p>\n<p>\u201cHemos ca\u00eddo 105 posiciones desde 2014. Una ca\u00edda tan dram\u00e1tica no es un accidente o casualidad\u201d, dijo a\u00a0<strong>LJR<\/strong> Sergio Arauz, presidente de la Asociaci\u00f3n de Periodistas de El Salvador (APES). \u201cEs el retrato fiel de que los Estados est\u00e1n convirtiendo en pol\u00edtica p\u00fablica la persecuci\u00f3n de periodistas. Eso explica que en el \u00faltimo a\u00f1o el dilema sea entre hacer otra cosa distinta al periodismo o el exilio\u201d.<\/p>\n<p>La situaci\u00f3n de El Salvador no es \u00fanica sino que representa los retrocesos de la regi\u00f3n, continu\u00f3 Arauz. Por eso, dijo, se necesita m\u00e1s que nunca el periodismo.<\/p>\n<p>\u201cEl llamado a los colegas es a organizarse y resistir, pero tambi\u00e9n a cuidarse y protegerse\u201d, dijo Arauz. \u201cA los pol\u00edticos, s\u00f3lo nos queda seguirles insistiendo en que no confundan el mensaje con el mensajero\u201d.<\/p>\n<h3>Parte de una tendencia global<\/h3>\n<p>El continente americano no es la \u00fanica regi\u00f3n afectada.<\/p>\n<p>En los 25 a\u00f1os que RSF lleva elaborando su Clasificaci\u00f3n Mundial de Libertad de Prensa, este a\u00f1o es la primera vez que m\u00e1s de la mitad de los pa\u00edses del mundo (52%) est\u00e1n en una situaci\u00f3n \u201cdif\u00edcil\u201d o \u201cmuy grave\u201d.<\/p>\n<p>La clasificaci\u00f3n analiza el estado de la libertad de prensa a trav\u00e9s de cinco indicadores: pol\u00edtico, legal, econ\u00f3mico, social y seguridad de periodistas.<\/p>\n<p>A nivel global, el indicador m\u00e1s afectado es el legal, que seg\u00fan RSF, demuestra la creciente criminalizaci\u00f3n del periodismo<\/p>\n<p>\u201c\u00bfHasta cu\u00e1ndo vamos a tolerar la asfixia del periodismo, la obstaculizaci\u00f3n sistem\u00e1tica de los periodistas y la erosi\u00f3n continua de la libertad de prensa?\u201d, dijo la directora editorial de RSF, Anne Bocand\u00e9, en\u00a0<a href=\"https:\/\/rsf.org\/es\/clasificaci%C3%B3n-2026-la-libertad-de-prensa-cae-al-peor-nivel-de-los-%C3%BAltimos-25-a%C3%B1os\" target=\"_blank\" rel=\"noopener noreferrer\"><u>la introducci\u00f3n<\/u><\/a> del informe 2026.<\/p>\n<p>Seg\u00fan Bocand\u00e9 esta es la pregunta con la que se debe encarar el futuro tras 25 a\u00f1os de an\u00e1lisis \u201cporque mientras los ataques contra el derecho a la informaci\u00f3n se diversifican y se vuelven m\u00e1s sofisticados, sus autores ya no se ocultan\u201d. Desde Estados autoritarios, pasando por pol\u00edticos c\u00f3mplices o ineficaces, as\u00ed como actores econ\u00f3micos depredadores y plataformas \u201cincontrolables\u201d, todos tienen responsabilidad.<\/p>\n<p>\u201cLas cifras son impresionantes. Tenemos de una manera clara que estamos en el peor momento en t\u00e9rminos de puntuaci\u00f3n promedio del conjunto de pa\u00edses a nivel global\u201d, dijo Romeu.<\/p>\n<p>La prensa, dijo Romeu, enfrenta una crisis multidimensional en un mundo donde se consolidan por un lado modelos autoritarios incluso en democracias consolidadas que utilizan estrategias de censura m\u00e1s sutiles: incrementan campa\u00f1as de propaganda y desinformaci\u00f3n, as\u00ed como restricciones de acceso a la informaci\u00f3n, entre otras. Las guerras y conflictos en gran parte del mundo, as\u00ed como la crisis econ\u00f3mica agravada por las grandes plataformas de tecnolog\u00eda se suman a estos problemas.<\/p>\n<p>\u201cVemos en el mundo democracias consolidadas que se alinearon a una din\u00e1mica del poder pol\u00edtico donde la polarizaci\u00f3n sistem\u00e1tica con los medios y periodistas se ha vuelto una estrategia de ganancia electoral\u201d, dijo Romeu.<\/p>\n<h3>Brasil, una luz para las Am\u00e9ricas<\/h3>\n<p>Existe una se\u00f1al positiva para la libertad de prensa en el continente, aunque limitada.<\/p>\n<p>Por primera vez en los 25 a\u00f1os, Brasil (52) se ubica por encima de Estados Unidos y registr\u00f3 un ascenso de 58 posiciones en cuatro a\u00f1os. El pa\u00eds mejor\u00f3 su puntaje en cuatro de los cinco indicadores.<\/p>\n<p>Gran parte de este mejoramiento se explica por el cambio de gobierno con una postura \u201cradicalmente\u201d diferente hacia la prensa, dijo Romeu.<\/p>\n<p>\u201cVolvemos a un escenario de normalidad democr\u00e1tica cl\u00e1sica tradicional, ni siquiera [son] cambios innovadores\u201d, dijo Romeu.<\/p>\n<p>Este escenario crea un efecto cascada en los dem\u00e1s entes que refuerzan la transparencia, acceso a la informaci\u00f3n e independencia de instituciones. Iniciativas como el\u00a0<a href=\"https:\/\/latamjournalismreview.org\/es\/articles\/el-gobierno-brasileno-responde-a-la-demanda-de-las-organizaciones-de-defensa-de-la-libertad-de-prensa-y-crea-el-observatorio-nacional-de-violencia-contra-periodistas\/\" target=\"_blank\" rel=\"noopener noreferrer\"><u>Observatorio de Violencia contra Periodistas<\/u><\/a> y el reciente\u00a0<a href=\"https:\/\/latamjournalismreview.org\/es\/articles\/brasil-crea-un-estandar-nacional-para-investigar-los-crimenes-contra-periodistas\/\" target=\"_blank\" rel=\"noopener noreferrer\"><u>est\u00e1ndar nacional para investigar cr\u00edmenes contra periodistas<\/u><\/a> son esfuerzos destacados. Adem\u00e1s, el \u00faltimo asesinato de periodistas en el pa\u00eds se registr\u00f3 en 2022.<\/p>\n<p>Si bien el caso de Brasil es bastante positivo, se\u00f1al\u00f3 Romeu, no tiene que ver con un cambio profundo. De hecho, el pa\u00eds se destaca de manera negativa por casos de acoso judicial; y el indicador social \u2013 que mide la confianza de la sociedad en la prensa, las campa\u00f1as de odio contra periodistas, pluralidad en medios, percepci\u00f3n de autocensura en temas sensibles, entre otros \u2013 fue el \u00fanico que no subi\u00f3.<\/p>\n<p>Esto demuestra las \u201ctensiones\u201d que todav\u00eda existen en el pa\u00eds, dijo Romeu.<\/p>\n<h3>Libertad de prensa como derecho colectivo<\/h3>\n<p>Uno de los factores vitales para lograr una especie de soluci\u00f3n es superar la desvinculaci\u00f3n que existe entre sociedad y periodismo. Los poderes pol\u00edticos han promovido desconfianza hacia medios y periodistas mientras logran canales m\u00e1s directos para transmitir su propaganda, dijo Romeu.<\/p>\n<p>Las plataformas tecnol\u00f3gicas se han unido a esto con el cambio en la manera de consumir informaci\u00f3n, creando burbujas que confirman sesgos y que llevan a considerar el periodismo una especie de opini\u00f3n m\u00e1s y no un ejercicio de comprensi\u00f3n de la realidad.<\/p>\n<p>Los medios tambi\u00e9n son responsables, dijo Romeu, con su falta de transparencia, pluralidad e incluso de ejercicios de alfabetizaci\u00f3n medi\u00e1tica.<\/p>\n<p>Estos m\u00faltiples factores que afectan a la prensa crean, dijo Romeu, una especie de \u201ctempestad perfecta\u201d.<\/p>\n<p>\u201cY la verdad es que la \u00fanica salida pasa por reactivar la dimensi\u00f3n colectiva y social que tiene el derecho a la libertad de prensa\u201d, dijo.<\/p>\n<p>Uno de los retos principales, agreg\u00f3, es borrar la creencia de que la libertad de prensa se trata de un derecho de periodistas o gremios, y se entienda como un derecho de la ciudadan\u00eda. Enfatizar en esa dimensi\u00f3n colectiva y social lograr\u00eda vincular a la sociedad en la lucha por garantizar la libertad de prensa.<\/p>\n","protected":false},"excerpt":{"rendered":"<p>La libertad de prensa se clasifica como \u201cdif\u00edcil\u201d o \u201cmuy grave\u201d en la mitad de los pa\u00edses de la regi\u00f3n, seg\u00fan la clasificaci\u00f3n anual de Reporteros Sin Fronteras.<\/p>\n","protected":false},"author":13,"featured_media":165833,"comment_status":"closed","ping_status":"closed","sticky":false,"template":"","format":"standard","meta":{"inline_featured_image":false,"footnotes":""},"categories":[1220],"tags":[2422,1404,1461,3062],"coauthors":[2741],"class_list":["post-165824","post","type-post","status-publish","format-standard","has-post-thumbnail","hentry","category-libertad-de-prensa-es","tag-autocensura-es","tag-censura-es","tag-hostigamiento-es","tag-violencia-contra-periodistas"],"acf":[],"yoast_head":"<!-- This site is optimized with the Yoast SEO Premium plugin v22.6 (Yoast SEO v27.4) - https:\/\/yoast.com\/product\/yoast-seo-premium-wordpress\/ -->\n<title>Libertad de prensa en las Am\u00e9ricas disminuye dr\u00e1sticamente en medio de represi\u00f3n global, revela informe de RSF - LatAm Journalism Review<\/title>\n<meta name=\"description\" content=\"La libertad de prensa se clasifica como \u201cdif\u00edcil\u201d o \u201cmuy grave\u201d en la mitad de los pa\u00edses de la regi\u00f3n, seg\u00fan la clasificaci\u00f3n anual de Reporteros Sin Fronteras.\" \/>\n<meta name=\"robots\" content=\"index, follow, max-snippet:-1, max-image-preview:large, max-video-preview:-1\" \/>\n<link rel=\"canonical\" href=\"https:\/\/latamjournalismreview.org\/es\/articles\/libertad-de-prensa-en-las-americas-disminuye-drasticamente-en-medio-de-represion-global-revela-informe-de-rsf\/\" \/>\n<meta property=\"og:locale\" content=\"es_ES\" \/>\n<meta property=\"og:type\" content=\"article\" \/>\n<meta property=\"og:title\" content=\"Libertad de prensa en las Am\u00e9ricas disminuye dr\u00e1sticamente en medio de represi\u00f3n global, revela informe de RSF\" \/>\n<meta property=\"og:description\" content=\"La libertad de prensa se clasifica como \u201cdif\u00edcil\u201d o \u201cmuy grave\u201d en la mitad de los pa\u00edses de la regi\u00f3n, seg\u00fan la clasificaci\u00f3n anual de Reporteros Sin Fronteras.\" \/>\n<meta property=\"og:url\" content=\"https:\/\/latamjournalismreview.org\/es\/articles\/libertad-de-prensa-en-las-americas-disminuye-drasticamente-en-medio-de-represion-global-revela-informe-de-rsf\/\" \/>\n<meta property=\"og:site_name\" content=\"LatAm Journalism Review\" \/>\n<meta property=\"article:published_time\" content=\"2026-04-30T19:44:45+00:00\" \/>\n<meta property=\"article:modified_time\" content=\"2026-04-30T22:28:23+00:00\" \/>\n<meta property=\"og:image\" content=\"https:\/\/latamjournalismreview.org\/wp-content\/uploads\/2026\/04\/FEATURED-ClasificacionMundialRSF.png\" \/>\n\t<meta property=\"og:image:width\" content=\"507\" \/>\n\t<meta property=\"og:image:height\" content=\"340\" \/>\n\t<meta property=\"og:image:type\" content=\"image\/png\" \/>\n<meta name=\"author\" content=\"Silvia Higuera\" \/>\n<meta name=\"twitter:card\" content=\"summary_large_image\" \/>\n<meta name=\"twitter:creator\" content=\"@shiguerita\" \/>\n<meta name=\"twitter:site\" content=\"@LatAmJournalism\" \/>\n<meta name=\"twitter:label1\" content=\"Written by\" \/>\n\t<meta name=\"twitter:data1\" content=\"Silvia Higuera\" \/>\n\t<meta name=\"twitter:label2\" content=\"Est. reading time\" \/>\n\t<meta name=\"twitter:data2\" content=\"7 minutos\" \/>\n<script type=\"application\/ld+json\" class=\"yoast-schema-graph\">{\"@context\":\"https:\\\/\\\/schema.org\",\"@graph\":[{\"@type\":\"Article\",\"@id\":\"https:\\\/\\\/latamjournalismreview.org\\\/es\\\/articles\\\/libertad-de-prensa-en-las-americas-disminuye-drasticamente-en-medio-de-represion-global-revela-informe-de-rsf\\\/#article\",\"isPartOf\":{\"@id\":\"https:\\\/\\\/latamjournalismreview.org\\\/es\\\/articles\\\/libertad-de-prensa-en-las-americas-disminuye-drasticamente-en-medio-de-represion-global-revela-informe-de-rsf\\\/\"},\"author\":{\"name\":\"Silvia Higuera\",\"@id\":\"https:\\\/\\\/latamjournalismreview.org\\\/es\\\/#\\\/schema\\\/person\\\/eac7baa6afada0957e047be9fc15703a\"},\"headline\":\"Libertad de prensa en las Am\u00e9ricas disminuye dr\u00e1sticamente en medio de represi\u00f3n global, revela informe de RSF\",\"datePublished\":\"2026-04-30T19:44:45+00:00\",\"dateModified\":\"2026-04-30T22:28:23+00:00\",\"mainEntityOfPage\":{\"@id\":\"https:\\\/\\\/latamjournalismreview.org\\\/es\\\/articles\\\/libertad-de-prensa-en-las-americas-disminuye-drasticamente-en-medio-de-represion-global-revela-informe-de-rsf\\\/\"},\"wordCount\":1404,\"publisher\":{\"@id\":\"https:\\\/\\\/latamjournalismreview.org\\\/es\\\/#organization\"},\"image\":{\"@id\":\"https:\\\/\\\/latamjournalismreview.org\\\/es\\\/articles\\\/libertad-de-prensa-en-las-americas-disminuye-drasticamente-en-medio-de-represion-global-revela-informe-de-rsf\\\/#primaryimage\"},\"thumbnailUrl\":\"https:\\\/\\\/latamjournalismreview.org\\\/wp-content\\\/uploads\\\/2026\\\/04\\\/FEATURED-ClasificacionMundialRSF.png\",\"keywords\":[\"Autocensura\",\"Censura\",\"Hostigamiento\",\"Violencia contra periodistas\"],\"articleSection\":[\"Libertad de prensa\"],\"inLanguage\":\"es\"},{\"@type\":\"WebPage\",\"@id\":\"https:\\\/\\\/latamjournalismreview.org\\\/es\\\/articles\\\/libertad-de-prensa-en-las-americas-disminuye-drasticamente-en-medio-de-represion-global-revela-informe-de-rsf\\\/\",\"url\":\"https:\\\/\\\/latamjournalismreview.org\\\/es\\\/articles\\\/libertad-de-prensa-en-las-americas-disminuye-drasticamente-en-medio-de-represion-global-revela-informe-de-rsf\\\/\",\"name\":\"Libertad de prensa en las Am\u00e9ricas disminuye dr\u00e1sticamente en medio de represi\u00f3n global, revela informe de RSF - LatAm Journalism Review\",\"isPartOf\":{\"@id\":\"https:\\\/\\\/latamjournalismreview.org\\\/es\\\/#website\"},\"primaryImageOfPage\":{\"@id\":\"https:\\\/\\\/latamjournalismreview.org\\\/es\\\/articles\\\/libertad-de-prensa-en-las-americas-disminuye-drasticamente-en-medio-de-represion-global-revela-informe-de-rsf\\\/#primaryimage\"},\"image\":{\"@id\":\"https:\\\/\\\/latamjournalismreview.org\\\/es\\\/articles\\\/libertad-de-prensa-en-las-americas-disminuye-drasticamente-en-medio-de-represion-global-revela-informe-de-rsf\\\/#primaryimage\"},\"thumbnailUrl\":\"https:\\\/\\\/latamjournalismreview.org\\\/wp-content\\\/uploads\\\/2026\\\/04\\\/FEATURED-ClasificacionMundialRSF.png\",\"datePublished\":\"2026-04-30T19:44:45+00:00\",\"dateModified\":\"2026-04-30T22:28:23+00:00\",\"description\":\"La libertad de prensa se clasifica como \u201cdif\u00edcil\u201d o \u201cmuy grave\u201d en la mitad de los pa\u00edses de la regi\u00f3n, seg\u00fan la clasificaci\u00f3n anual de Reporteros Sin Fronteras.\",\"breadcrumb\":{\"@id\":\"https:\\\/\\\/latamjournalismreview.org\\\/es\\\/articles\\\/libertad-de-prensa-en-las-americas-disminuye-drasticamente-en-medio-de-represion-global-revela-informe-de-rsf\\\/#breadcrumb\"},\"inLanguage\":\"es\",\"potentialAction\":[{\"@type\":\"ReadAction\",\"target\":[\"https:\\\/\\\/latamjournalismreview.org\\\/es\\\/articles\\\/libertad-de-prensa-en-las-americas-disminuye-drasticamente-en-medio-de-represion-global-revela-informe-de-rsf\\\/\"]}]},{\"@type\":\"ImageObject\",\"inLanguage\":\"es\",\"@id\":\"https:\\\/\\\/latamjournalismreview.org\\\/es\\\/articles\\\/libertad-de-prensa-en-las-americas-disminuye-drasticamente-en-medio-de-represion-global-revela-informe-de-rsf\\\/#primaryimage\",\"url\":\"https:\\\/\\\/latamjournalismreview.org\\\/wp-content\\\/uploads\\\/2026\\\/04\\\/FEATURED-ClasificacionMundialRSF.png\",\"contentUrl\":\"https:\\\/\\\/latamjournalismreview.org\\\/wp-content\\\/uploads\\\/2026\\\/04\\\/FEATURED-ClasificacionMundialRSF.png\",\"width\":507,\"height\":340,\"caption\":\"Journalists stand in front of Gendarmerie officers in formation during a weekly protest for better pensions for retirees in Buenos Aires, Argentina, Wednesday, May 28, 2025. In the region, it is the country that has dropped the most positions (69) in the 2026 World Press Freedom Index since 2022.(AP Photo\\\/Rodrigo Abd)\"},{\"@type\":\"BreadcrumbList\",\"@id\":\"https:\\\/\\\/latamjournalismreview.org\\\/es\\\/articles\\\/libertad-de-prensa-en-las-americas-disminuye-drasticamente-en-medio-de-represion-global-revela-informe-de-rsf\\\/#breadcrumb\",\"itemListElement\":[{\"@type\":\"ListItem\",\"position\":1,\"name\":\"Home\",\"item\":\"https:\\\/\\\/latamjournalismreview.org\\\/es\\\/\"},{\"@type\":\"ListItem\",\"position\":2,\"name\":\"Libertad de prensa en las Am\u00e9ricas disminuye dr\u00e1sticamente en medio de represi\u00f3n global, revela informe de RSF\"}]},{\"@type\":\"WebSite\",\"@id\":\"https:\\\/\\\/latamjournalismreview.org\\\/es\\\/#website\",\"url\":\"https:\\\/\\\/latamjournalismreview.org\\\/es\\\/\",\"name\":\"LatAm Journalism Review\",\"description\":\"Knight Center at The University of Texas\",\"publisher\":{\"@id\":\"https:\\\/\\\/latamjournalismreview.org\\\/es\\\/#organization\"},\"potentialAction\":[{\"@type\":\"SearchAction\",\"target\":{\"@type\":\"EntryPoint\",\"urlTemplate\":\"https:\\\/\\\/latamjournalismreview.org\\\/es\\\/?s={search_term_string}\"},\"query-input\":{\"@type\":\"PropertyValueSpecification\",\"valueRequired\":true,\"valueName\":\"search_term_string\"}}],\"inLanguage\":\"es\"},{\"@type\":\"Organization\",\"@id\":\"https:\\\/\\\/latamjournalismreview.org\\\/es\\\/#organization\",\"name\":\"LatAm Journalism Review\",\"url\":\"https:\\\/\\\/latamjournalismreview.org\\\/es\\\/\",\"logo\":{\"@type\":\"ImageObject\",\"inLanguage\":\"es\",\"@id\":\"https:\\\/\\\/latamjournalismreview.org\\\/es\\\/#\\\/schema\\\/logo\\\/image\\\/\",\"url\":\"https:\\\/\\\/latamjournalismreview.org\\\/wp-content\\\/uploads\\\/2020\\\/05\\\/knight-latAm-review-logo.svg\",\"contentUrl\":\"https:\\\/\\\/latamjournalismreview.org\\\/wp-content\\\/uploads\\\/2020\\\/05\\\/knight-latAm-review-logo.svg\",\"width\":\"1024\",\"height\":\"1024\",\"caption\":\"LatAm Journalism Review\"},\"image\":{\"@id\":\"https:\\\/\\\/latamjournalismreview.org\\\/es\\\/#\\\/schema\\\/logo\\\/image\\\/\"},\"sameAs\":[\"https:\\\/\\\/x.com\\\/LatAmJournalism\"]},{\"@type\":\"Person\",\"@id\":\"https:\\\/\\\/latamjournalismreview.org\\\/es\\\/#\\\/schema\\\/person\\\/eac7baa6afada0957e047be9fc15703a\",\"name\":\"Silvia Higuera\",\"description\":\"Silvia A. Higuera Fl\u00f3rez is a Colombian journalist interested in covering Latin American issues and human rights, especially the right to freedom of expression, and investigative journalism. She studied Social Communication and Journalism at Universidad Pontificia Bolivariana in Bucaramanga (Colombia), and received her Master's of Arts in Journalism from the University of Texas at Austin in 2015. She worked with the Office of the Special Rapporteur for Freedom of Expression of the Inter-American Commission on Human Rights (IACHR) under the Orlando Sierra fellowship during 2014. She also worked for the Colombian newspaper Vanguardia Liberal and wrote for different magazines about local, economic and public order issues. Her work has also appeared in The Miami Herald and El Nuevo Herald of Miami. Email: silvia.knightcenter@gmail.com Silvia A. Higuera Fl\u00f3rez es una periodista colombiana con inter\u00e9s period\u00edstico es Am\u00e9rica Latina y los derechos humanos, particularmente el derecho a la libertad de expresi\u00f3n, as\u00ed como el periodismo de investigaci\u00f3n. Estudi\u00f3 Comunicaci\u00f3n Social \u2013 Periodismo en la Universidad Pontificia Bolivariana de Bucaramanga (Colombia), y recibi\u00f3 su maestr\u00eda en Periodismo en la Universidad de Texas, en Austin en 2015. Trabaj\u00f3 para la Relator\u00eda Especial para la Libertad de Expresi\u00f3n de la Comisi\u00f3n Interamericana de Derechos Humanos (CIDH) en el marco de la beca Orlando Sierra, durante 2014. Tambi\u00e9n hizo parte del diario Vanguardia Liberal y escribi\u00f3 para otras revistas colombianas cubriendo fuentes locales, econ\u00f3micas y judiciales. Algunos de sus trabajos han aparecido en The Miami Herald y El Nuevo Herald de Miami. Silvia A. Higuera Fl\u00f3rez \u00e9 uma jornalista colombiana e seu interesse jornal\u00edstico \u00e9 a Am\u00e9rica Latina e os direitos humanos, nomeadamente o direito \u00e0 liberdade de express\u00e3o. Estudou Comunica\u00e7\u00e3o Social \u2013 Jornalismo na Universidade Pontif\u00edcia Bolivariana de Bucaramanga, na Col\u00f4mbia e completou seu mestrado em jornalismo na Universidade do Texas em Austin. Silvia trabalhou na Relatoria para a Liberdade de Express\u00e3o da CIDH pela bolsa Orlando Sierra, em 2014. Trabalhou para o jornal Vanguardia Liberal e escreveu para outras revistas colombianas cobrindo temas locais, econ\u00f4micas e judici\u00e1rias. Alguns de seus trabalhos apareceram no The Miami Herald e no El Nuevo Herald de Miami.\",\"sameAs\":[\"https:\\\/\\\/x.com\\\/shiguerita\"],\"url\":\"https:\\\/\\\/latamjournalismreview.org\\\/es\\\/articles\\\/author\\\/silvia-higuera\\\/\"}]}<\/script>\n<!-- \/ Yoast SEO Premium plugin. -->","yoast_head_json":{"title":"Libertad de prensa en las Am\u00e9ricas disminuye dr\u00e1sticamente en medio de represi\u00f3n global, revela informe de RSF - LatAm Journalism Review","description":"La libertad de prensa se clasifica como \u201cdif\u00edcil\u201d o \u201cmuy grave\u201d en la mitad de los pa\u00edses de la regi\u00f3n, seg\u00fan la clasificaci\u00f3n anual de Reporteros Sin Fronteras.","robots":{"index":"index","follow":"follow","max-snippet":"max-snippet:-1","max-image-preview":"max-image-preview:large","max-video-preview":"max-video-preview:-1"},"canonical":"https:\/\/latamjournalismreview.org\/es\/articles\/libertad-de-prensa-en-las-americas-disminuye-drasticamente-en-medio-de-represion-global-revela-informe-de-rsf\/","og_locale":"es_ES","og_type":"article","og_title":"Libertad de prensa en las Am\u00e9ricas disminuye dr\u00e1sticamente en medio de represi\u00f3n global, revela informe de RSF","og_description":"La libertad de prensa se clasifica como \u201cdif\u00edcil\u201d o \u201cmuy grave\u201d en la mitad de los pa\u00edses de la regi\u00f3n, seg\u00fan la clasificaci\u00f3n anual de Reporteros Sin Fronteras.","og_url":"https:\/\/latamjournalismreview.org\/es\/articles\/libertad-de-prensa-en-las-americas-disminuye-drasticamente-en-medio-de-represion-global-revela-informe-de-rsf\/","og_site_name":"LatAm Journalism Review","article_published_time":"2026-04-30T19:44:45+00:00","article_modified_time":"2026-04-30T22:28:23+00:00","og_image":[{"width":507,"height":340,"url":"https:\/\/latamjournalismreview.org\/wp-content\/uploads\/2026\/04\/FEATURED-ClasificacionMundialRSF.png","type":"image\/png"}],"author":"Silvia Higuera","twitter_card":"summary_large_image","twitter_creator":"@shiguerita","twitter_site":"@LatAmJournalism","twitter_misc":{"Written by":"Silvia Higuera","Est. reading time":"7 minutos"},"schema":{"@context":"https:\/\/schema.org","@graph":[{"@type":"Article","@id":"https:\/\/latamjournalismreview.org\/es\/articles\/libertad-de-prensa-en-las-americas-disminuye-drasticamente-en-medio-de-represion-global-revela-informe-de-rsf\/#article","isPartOf":{"@id":"https:\/\/latamjournalismreview.org\/es\/articles\/libertad-de-prensa-en-las-americas-disminuye-drasticamente-en-medio-de-represion-global-revela-informe-de-rsf\/"},"author":{"name":"Silvia Higuera","@id":"https:\/\/latamjournalismreview.org\/es\/#\/schema\/person\/eac7baa6afada0957e047be9fc15703a"},"headline":"Libertad de prensa en las Am\u00e9ricas disminuye dr\u00e1sticamente en medio de represi\u00f3n global, revela informe de RSF","datePublished":"2026-04-30T19:44:45+00:00","dateModified":"2026-04-30T22:28:23+00:00","mainEntityOfPage":{"@id":"https:\/\/latamjournalismreview.org\/es\/articles\/libertad-de-prensa-en-las-americas-disminuye-drasticamente-en-medio-de-represion-global-revela-informe-de-rsf\/"},"wordCount":1404,"publisher":{"@id":"https:\/\/latamjournalismreview.org\/es\/#organization"},"image":{"@id":"https:\/\/latamjournalismreview.org\/es\/articles\/libertad-de-prensa-en-las-americas-disminuye-drasticamente-en-medio-de-represion-global-revela-informe-de-rsf\/#primaryimage"},"thumbnailUrl":"https:\/\/latamjournalismreview.org\/wp-content\/uploads\/2026\/04\/FEATURED-ClasificacionMundialRSF.png","keywords":["Autocensura","Censura","Hostigamiento","Violencia contra periodistas"],"articleSection":["Libertad de prensa"],"inLanguage":"es"},{"@type":"WebPage","@id":"https:\/\/latamjournalismreview.org\/es\/articles\/libertad-de-prensa-en-las-americas-disminuye-drasticamente-en-medio-de-represion-global-revela-informe-de-rsf\/","url":"https:\/\/latamjournalismreview.org\/es\/articles\/libertad-de-prensa-en-las-americas-disminuye-drasticamente-en-medio-de-represion-global-revela-informe-de-rsf\/","name":"Libertad de prensa en las Am\u00e9ricas disminuye dr\u00e1sticamente en medio de represi\u00f3n global, revela informe de RSF - LatAm Journalism Review","isPartOf":{"@id":"https:\/\/latamjournalismreview.org\/es\/#website"},"primaryImageOfPage":{"@id":"https:\/\/latamjournalismreview.org\/es\/articles\/libertad-de-prensa-en-las-americas-disminuye-drasticamente-en-medio-de-represion-global-revela-informe-de-rsf\/#primaryimage"},"image":{"@id":"https:\/\/latamjournalismreview.org\/es\/articles\/libertad-de-prensa-en-las-americas-disminuye-drasticamente-en-medio-de-represion-global-revela-informe-de-rsf\/#primaryimage"},"thumbnailUrl":"https:\/\/latamjournalismreview.org\/wp-content\/uploads\/2026\/04\/FEATURED-ClasificacionMundialRSF.png","datePublished":"2026-04-30T19:44:45+00:00","dateModified":"2026-04-30T22:28:23+00:00","description":"La libertad de prensa se clasifica como \u201cdif\u00edcil\u201d o \u201cmuy grave\u201d en la mitad de los pa\u00edses de la regi\u00f3n, seg\u00fan la clasificaci\u00f3n anual de Reporteros Sin Fronteras.","breadcrumb":{"@id":"https:\/\/latamjournalismreview.org\/es\/articles\/libertad-de-prensa-en-las-americas-disminuye-drasticamente-en-medio-de-represion-global-revela-informe-de-rsf\/#breadcrumb"},"inLanguage":"es","potentialAction":[{"@type":"ReadAction","target":["https:\/\/latamjournalismreview.org\/es\/articles\/libertad-de-prensa-en-las-americas-disminuye-drasticamente-en-medio-de-represion-global-revela-informe-de-rsf\/"]}]},{"@type":"ImageObject","inLanguage":"es","@id":"https:\/\/latamjournalismreview.org\/es\/articles\/libertad-de-prensa-en-las-americas-disminuye-drasticamente-en-medio-de-represion-global-revela-informe-de-rsf\/#primaryimage","url":"https:\/\/latamjournalismreview.org\/wp-content\/uploads\/2026\/04\/FEATURED-ClasificacionMundialRSF.png","contentUrl":"https:\/\/latamjournalismreview.org\/wp-content\/uploads\/2026\/04\/FEATURED-ClasificacionMundialRSF.png","width":507,"height":340,"caption":"Journalists stand in front of Gendarmerie officers in formation during a weekly protest for better pensions for retirees in Buenos Aires, Argentina, Wednesday, May 28, 2025. In the region, it is the country that has dropped the most positions (69) in the 2026 World Press Freedom Index since 2022.(AP Photo\/Rodrigo Abd)"},{"@type":"BreadcrumbList","@id":"https:\/\/latamjournalismreview.org\/es\/articles\/libertad-de-prensa-en-las-americas-disminuye-drasticamente-en-medio-de-represion-global-revela-informe-de-rsf\/#breadcrumb","itemListElement":[{"@type":"ListItem","position":1,"name":"Home","item":"https:\/\/latamjournalismreview.org\/es\/"},{"@type":"ListItem","position":2,"name":"Libertad de prensa en las Am\u00e9ricas disminuye dr\u00e1sticamente en medio de represi\u00f3n global, revela informe de RSF"}]},{"@type":"WebSite","@id":"https:\/\/latamjournalismreview.org\/es\/#website","url":"https:\/\/latamjournalismreview.org\/es\/","name":"LatAm Journalism Review","description":"Knight Center at The University of Texas","publisher":{"@id":"https:\/\/latamjournalismreview.org\/es\/#organization"},"potentialAction":[{"@type":"SearchAction","target":{"@type":"EntryPoint","urlTemplate":"https:\/\/latamjournalismreview.org\/es\/?s={search_term_string}"},"query-input":{"@type":"PropertyValueSpecification","valueRequired":true,"valueName":"search_term_string"}}],"inLanguage":"es"},{"@type":"Organization","@id":"https:\/\/latamjournalismreview.org\/es\/#organization","name":"LatAm Journalism Review","url":"https:\/\/latamjournalismreview.org\/es\/","logo":{"@type":"ImageObject","inLanguage":"es","@id":"https:\/\/latamjournalismreview.org\/es\/#\/schema\/logo\/image\/","url":"https:\/\/latamjournalismreview.org\/wp-content\/uploads\/2020\/05\/knight-latAm-review-logo.svg","contentUrl":"https:\/\/latamjournalismreview.org\/wp-content\/uploads\/2020\/05\/knight-latAm-review-logo.svg","width":"1024","height":"1024","caption":"LatAm Journalism Review"},"image":{"@id":"https:\/\/latamjournalismreview.org\/es\/#\/schema\/logo\/image\/"},"sameAs":["https:\/\/x.com\/LatAmJournalism"]},{"@type":"Person","@id":"https:\/\/latamjournalismreview.org\/es\/#\/schema\/person\/eac7baa6afada0957e047be9fc15703a","name":"Silvia Higuera","description":"Silvia A. Higuera Fl\u00f3rez is a Colombian journalist interested in covering Latin American issues and human rights, especially the right to freedom of expression, and investigative journalism. She studied Social Communication and Journalism at Universidad Pontificia Bolivariana in Bucaramanga (Colombia), and received her Master's of Arts in Journalism from the University of Texas at Austin in 2015. She worked with the Office of the Special Rapporteur for Freedom of Expression of the Inter-American Commission on Human Rights (IACHR) under the Orlando Sierra fellowship during 2014. She also worked for the Colombian newspaper Vanguardia Liberal and wrote for different magazines about local, economic and public order issues. Her work has also appeared in The Miami Herald and El Nuevo Herald of Miami. Email: silvia.knightcenter@gmail.com Silvia A. Higuera Fl\u00f3rez es una periodista colombiana con inter\u00e9s period\u00edstico es Am\u00e9rica Latina y los derechos humanos, particularmente el derecho a la libertad de expresi\u00f3n, as\u00ed como el periodismo de investigaci\u00f3n. Estudi\u00f3 Comunicaci\u00f3n Social \u2013 Periodismo en la Universidad Pontificia Bolivariana de Bucaramanga (Colombia), y recibi\u00f3 su maestr\u00eda en Periodismo en la Universidad de Texas, en Austin en 2015. Trabaj\u00f3 para la Relator\u00eda Especial para la Libertad de Expresi\u00f3n de la Comisi\u00f3n Interamericana de Derechos Humanos (CIDH) en el marco de la beca Orlando Sierra, durante 2014. Tambi\u00e9n hizo parte del diario Vanguardia Liberal y escribi\u00f3 para otras revistas colombianas cubriendo fuentes locales, econ\u00f3micas y judiciales. Algunos de sus trabajos han aparecido en The Miami Herald y El Nuevo Herald de Miami. Silvia A. Higuera Fl\u00f3rez \u00e9 uma jornalista colombiana e seu interesse jornal\u00edstico \u00e9 a Am\u00e9rica Latina e os direitos humanos, nomeadamente o direito \u00e0 liberdade de express\u00e3o. Estudou Comunica\u00e7\u00e3o Social \u2013 Jornalismo na Universidade Pontif\u00edcia Bolivariana de Bucaramanga, na Col\u00f4mbia e completou seu mestrado em jornalismo na Universidade do Texas em Austin. Silvia trabalhou na Relatoria para a Liberdade de Express\u00e3o da CIDH pela bolsa Orlando Sierra, em 2014. Trabalhou para o jornal Vanguardia Liberal e escreveu para outras revistas colombianas cobrindo temas locais, econ\u00f4micas e judici\u00e1rias. Alguns de seus trabalhos apareceram no The Miami Herald e no El Nuevo Herald de Miami.","sameAs":["https:\/\/x.com\/shiguerita"],"url":"https:\/\/latamjournalismreview.org\/es\/articles\/author\/silvia-higuera\/"}]}},"_links":{"self":[{"href":"https:\/\/latamjournalismreview.org\/es\/wp-json\/wp\/v2\/posts\/165824","targetHints":{"allow":["GET"]}}],"collection":[{"href":"https:\/\/latamjournalismreview.org\/es\/wp-json\/wp\/v2\/posts"}],"about":[{"href":"https:\/\/latamjournalismreview.org\/es\/wp-json\/wp\/v2\/types\/post"}],"author":[{"embeddable":true,"href":"https:\/\/latamjournalismreview.org\/es\/wp-json\/wp\/v2\/users\/13"}],"replies":[{"embeddable":true,"href":"https:\/\/latamjournalismreview.org\/es\/wp-json\/wp\/v2\/comments?post=165824"}],"version-history":[{"count":4,"href":"https:\/\/latamjournalismreview.org\/es\/wp-json\/wp\/v2\/posts\/165824\/revisions"}],"predecessor-version":[{"id":165873,"href":"https:\/\/latamjournalismreview.org\/es\/wp-json\/wp\/v2\/posts\/165824\/revisions\/165873"}],"wp:featuredmedia":[{"embeddable":true,"href":"https:\/\/latamjournalismreview.org\/es\/wp-json\/wp\/v2\/media\/165833"}],"wp:attachment":[{"href":"https:\/\/latamjournalismreview.org\/es\/wp-json\/wp\/v2\/media?parent=165824"}],"wp:term":[{"taxonomy":"category","embeddable":true,"href":"https:\/\/latamjournalismreview.org\/es\/wp-json\/wp\/v2\/categories?post=165824"},{"taxonomy":"post_tag","embeddable":true,"href":"https:\/\/latamjournalismreview.org\/es\/wp-json\/wp\/v2\/tags?post=165824"},{"taxonomy":"author","embeddable":true,"href":"https:\/\/latamjournalismreview.org\/es\/wp-json\/wp\/v2\/coauthors?post=165824"}],"curies":[{"name":"wp","href":"https:\/\/api.w.org\/{rel}","templated":true}]}}