{"id":165911,"date":"2026-05-01T15:36:08","date_gmt":"2026-05-01T20:36:08","guid":{"rendered":"https:\/\/latamjournalismreview.org\/?p=165911"},"modified":"2026-05-01T15:36:08","modified_gmt":"2026-05-01T20:36:08","slug":"cual-es-la-relacion-entre-la-libertad-de-prensa-y-la-paz-periodistas-de-las-americas-comparten-su-opinion","status":"publish","type":"post","link":"https:\/\/latamjournalismreview.org\/es\/articles\/cual-es-la-relacion-entre-la-libertad-de-prensa-y-la-paz-periodistas-de-las-americas-comparten-su-opinion\/","title":{"rendered":"\u00bfCu\u00e1l es la relaci\u00f3n entre la libertad de prensa y la paz? Periodistas de las Am\u00e9ricas comparten su opini\u00f3n"},"content":{"rendered":"<p dir=\"ltr\">Hace 35 a\u00f1os, periodistas africanos reunidos en un seminario de la UNESCO en Namibia reafirmaron la importancia de una prensa independiente, pluralista y libre para la democracia.<\/p>\n<p dir=\"ltr\">El documento resultante, conocido como la \u201c<a href=\"https:\/\/unesdoc.unesco.org\/ark:\/48223\/pf0000090759\" target=\"_blank\" rel=\"noopener noreferrer\"><u>Declaraci\u00f3n de Windhoek<\/u><\/a>\u201d, impuls\u00f3 a la Asamblea General de la ONU de 1993 a proclamar el 3 de mayo como D\u00eda Mundial de la Libertad de Prensa. En su 32\u00ba aniversario, la conferencia de la UNESCO de este a\u00f1o, que conmemora esta fecha, se celebrar\u00e1 en Zambia, regresando al Sur Global con un enfoque en \u201c<a href=\"https:\/\/www.unesco.org\/es\/days\/press-freedom\" target=\"_blank\" rel=\"noopener noreferrer\"><u>forjar un futuro de paz<\/u><\/a>\u201d.<\/p>\n<p dir=\"ltr\">\u201c[La libertad de prensa y el periodismo independiente] son \u200b\u200bfuerzas para el futuro y facilitadores transversales de la paz, la resiliencia y la gobernanza democr\u00e1tica\u201d, escribi\u00f3 la UNESCO en una\u00a0<a href=\"https:\/\/unesdoc.unesco.org\/ark:\/48223\/pf0000396965\" target=\"_blank\" rel=\"noopener noreferrer\"><u>nota conceptual<\/u><\/a> para las celebraciones de este a\u00f1o. \u201cAl fomentar el acceso a informaci\u00f3n fiable, la rendici\u00f3n de cuentas, el di\u00e1logo y la confianza, ellas son clave para la paz, la recuperaci\u00f3n econ\u00f3mica, el desarrollo sostenible y los derechos humanos\u201d.<\/p>\n<p dir=\"ltr\">Sin embargo, la libertad de prensa y el periodismo se enfrentan actualmente a amenazas y desaf\u00edos sin precedentes.<\/p>\n<p dir=\"ltr\">Seg\u00fan la UNESCO, la libertad de expresi\u00f3n ha disminuido un 10% a nivel mundial desde 2012. La agencia\u00a0<a href=\"https:\/\/unesdoc.unesco.org\/ark:\/48223\/pf0000396965\" target=\"_blank\" rel=\"noopener noreferrer\"><u>se\u00f1al\u00f3<\/u><\/a> que el declive es \u201ccomparable en magnitud a los periodos m\u00e1s inestables del siglo XX\u201d, incluyendo la I y II Guerra Mundial y la Guerra Fr\u00eda.<\/p>\n<p dir=\"ltr\">Asimismo, indic\u00f3 que el mundo tambi\u00e9n experimenta un aumento de los conflictos armados, manipulaci\u00f3n e injerencia de la informaci\u00f3n, intentos de controlar o restringir los medios de comunicaci\u00f3n, violencia contra periodistas y la consiguiente impunidad, precariedad econ\u00f3mica de los medios independientes y las disrupciones de los ecosistemas informativos impulsadas por las plataformas digitales y la inteligencia artificial. Como resultado, la autocensura aument\u00f3 un 63% desde 2012.<\/p>\n<p dir=\"ltr\">Ante estos desaf\u00edos, la UNESCO hace un llamado a periodistas, defensores de los derechos digitales, responsables pol\u00edticos, sociedad civil, academia, creadores de contenido y otros actores para que encuentren soluciones que fortalezcan los ecosistemas informativos.<\/p>\n<p dir=\"ltr\">\u201c[La paz] s\u00f3lo puede lograrse mediante la calidad, diversidad, inclusi\u00f3n e integridad de los ecosistemas informativos\u201d, escribi\u00f3 la UNESCO. \u201cEl periodismo, cuando es libre, seguro y sostenible, contribuye a la prevenci\u00f3n de conflictos, al debate p\u00fablico informado, a la cohesi\u00f3n social y a la gobernanza democr\u00e1tica\u201d.<\/p>\n<p dir=\"ltr\">Teniendo en cuenta el tema de la conferencia del D\u00eda Mundial de la Libertad de Prensa de este a\u00f1o, el equipo de\u00a0<strong>LatAm Journalism Review (LJR)<\/strong> plantearon a periodistas y otras voces expertas de Am\u00e9rica Latina y el Caribe una pregunta sencilla:<\/p>\n<p dir=\"ltr\"><strong>\u201c\u00bfCu\u00e1l es la relaci\u00f3n entre la libertad de prensa y la paz?\u201d.<\/strong><\/p>\n<p dir=\"ltr\">Desde Hait\u00ed hasta Venezuela, escuchamos a reporteros, defensores de la libertad de prensa, profesores y directivos de medios. Algunos trabajan en redacciones, otros de forma independiente. Algunos se encuentran en pa\u00edses con relativa libertad para ejercer su profesi\u00f3n, otros se han visto obligados al exilio por gobiernos represivos.<\/p>\n<p dir=\"ltr\">Sus respuestas \u2013 editadas por motivos de claridad y brevedad \u2013 se encuentran a continuaci\u00f3n, pero tambi\u00e9n pueden consultarlas en las redes sociales de LJR:\u00a0<a href=\"https:\/\/x.com\/LatAmJournalism\" target=\"_blank\" rel=\"noopener noreferrer\"><u>X<\/u><\/a>,\u00a0<a href=\"https:\/\/www.facebook.com\/LatAmJournalismReview\/\" target=\"_blank\" rel=\"noopener noreferrer\"><u>Facebook<\/u><\/a> e\u00a0<a href=\"https:\/\/www.instagram.com\/latamjournalismreview\/\" target=\"_blank\" rel=\"noopener noreferrer\"><u>Instagram<\/u><\/a>.<\/p>\n<p dir=\"ltr\">Les invitamos a unirse a esta conmemoraci\u00f3n. A\u00f1adan su respuesta a nuestra pregunta usando las etiquetas #D\u00edaMundialDeLaLibertadDePrensa #LibertadDePrensa. Por favor, no olviden etiquetarnos.<\/p>\n\n\t\t<style type=\"text\/css\">\n\t\t\t#gallery-1 {\n\t\t\t\tmargin: auto;\n\t\t\t}\n\t\t\t#gallery-1 .gallery-item {\n\t\t\t\tfloat: left;\n\t\t\t\tmargin-top: 10px;\n\t\t\t\ttext-align: center;\n\t\t\t\twidth: 33%;\n\t\t\t}\n\t\t\t#gallery-1 img {\n\t\t\t\tborder: 2px solid #cfcfcf;\n\t\t\t}\n\t\t\t#gallery-1 .gallery-caption {\n\t\t\t\tmargin-left: 0;\n\t\t\t}\n\t\t\t\/* see gallery_shortcode() in wp-includes\/media.php *\/\n\t\t<\/style>\n\t\t<div id='gallery-1' class='gallery galleryid-165911 gallery-columns-3 gallery-size-large'><dl class='gallery-item'>\n\t\t\t<dt class='gallery-icon portrait'>\n\t\t\t\t<a href='https:\/\/latamjournalismreview.org\/es\/articles\/cual-es-la-relacion-entre-la-libertad-de-prensa-y-la-paz-periodistas-de-las-americas-comparten-su-opinion\/esp-oviedo\/'><img loading=\"lazy\" decoding=\"async\" width=\"819\" height=\"1024\" src=\"https:\/\/latamjournalismreview.org\/wp-content\/uploads\/2026\/05\/ESP-Oviedo-819x1024.png\" class=\"attachment-large size-large\" alt=\"Person in black jacket in front of quote\" srcset=\"https:\/\/latamjournalismreview.org\/wp-content\/uploads\/2026\/05\/ESP-Oviedo-819x1024.png 819w, https:\/\/latamjournalismreview.org\/wp-content\/uploads\/2026\/05\/ESP-Oviedo-240x300.png 240w, https:\/\/latamjournalismreview.org\/wp-content\/uploads\/2026\/05\/ESP-Oviedo-768x960.png 768w, https:\/\/latamjournalismreview.org\/wp-content\/uploads\/2026\/05\/ESP-Oviedo.png 1080w\" sizes=\"auto, (max-width: 819px) 100vw, 819px\" \/><\/a>\n\t\t\t<\/dt><\/dl><dl class='gallery-item'>\n\t\t\t<dt class='gallery-icon portrait'>\n\t\t\t\t<a href='https:\/\/latamjournalismreview.org\/es\/articles\/cual-es-la-relacion-entre-la-libertad-de-prensa-y-la-paz-periodistas-de-las-americas-comparten-su-opinion\/esp-san-martin\/'><img loading=\"lazy\" decoding=\"async\" width=\"819\" height=\"1024\" src=\"https:\/\/latamjournalismreview.org\/wp-content\/uploads\/2026\/05\/ESP-San-Martin-819x1024.png\" class=\"attachment-large size-large\" alt=\"Person in glasses in front of quote\" srcset=\"https:\/\/latamjournalismreview.org\/wp-content\/uploads\/2026\/05\/ESP-San-Martin-819x1024.png 819w, https:\/\/latamjournalismreview.org\/wp-content\/uploads\/2026\/05\/ESP-San-Martin-240x300.png 240w, https:\/\/latamjournalismreview.org\/wp-content\/uploads\/2026\/05\/ESP-San-Martin-768x960.png 768w, https:\/\/latamjournalismreview.org\/wp-content\/uploads\/2026\/05\/ESP-San-Martin.png 1080w\" sizes=\"auto, (max-width: 819px) 100vw, 819px\" \/><\/a>\n\t\t\t<\/dt><\/dl><dl class='gallery-item'>\n\t\t\t<dt class='gallery-icon portrait'>\n\t\t\t\t<a href='https:\/\/latamjournalismreview.org\/es\/articles\/cual-es-la-relacion-entre-la-libertad-de-prensa-y-la-paz-periodistas-de-las-americas-comparten-su-opinion\/esp-romeu\/'><img loading=\"lazy\" decoding=\"async\" width=\"819\" height=\"1024\" src=\"https:\/\/latamjournalismreview.org\/wp-content\/uploads\/2026\/05\/ESP-Romeu-819x1024.png\" class=\"attachment-large size-large\" alt=\"Person with beard in front of quote\" srcset=\"https:\/\/latamjournalismreview.org\/wp-content\/uploads\/2026\/05\/ESP-Romeu-819x1024.png 819w, https:\/\/latamjournalismreview.org\/wp-content\/uploads\/2026\/05\/ESP-Romeu-240x300.png 240w, https:\/\/latamjournalismreview.org\/wp-content\/uploads\/2026\/05\/ESP-Romeu-768x960.png 768w, https:\/\/latamjournalismreview.org\/wp-content\/uploads\/2026\/05\/ESP-Romeu.png 1080w\" sizes=\"auto, (max-width: 819px) 100vw, 819px\" \/><\/a>\n\t\t\t<\/dt><\/dl><br style=\"clear: both\" \/><dl class='gallery-item'>\n\t\t\t<dt class='gallery-icon portrait'>\n\t\t\t\t<a href='https:\/\/latamjournalismreview.org\/es\/articles\/cual-es-la-relacion-entre-la-libertad-de-prensa-y-la-paz-periodistas-de-las-americas-comparten-su-opinion\/esp-litvinoff\/'><img loading=\"lazy\" decoding=\"async\" width=\"819\" height=\"1024\" src=\"https:\/\/latamjournalismreview.org\/wp-content\/uploads\/2026\/05\/ESP-Litvinoff-819x1024.png\" class=\"attachment-large size-large\" alt=\"Person in black shirt in front of quote\" srcset=\"https:\/\/latamjournalismreview.org\/wp-content\/uploads\/2026\/05\/ESP-Litvinoff-819x1024.png 819w, https:\/\/latamjournalismreview.org\/wp-content\/uploads\/2026\/05\/ESP-Litvinoff-240x300.png 240w, https:\/\/latamjournalismreview.org\/wp-content\/uploads\/2026\/05\/ESP-Litvinoff-768x960.png 768w, https:\/\/latamjournalismreview.org\/wp-content\/uploads\/2026\/05\/ESP-Litvinoff.png 1080w\" sizes=\"auto, (max-width: 819px) 100vw, 819px\" \/><\/a>\n\t\t\t<\/dt><\/dl><dl class='gallery-item'>\n\t\t\t<dt class='gallery-icon portrait'>\n\t\t\t\t<a href='https:\/\/latamjournalismreview.org\/es\/articles\/cual-es-la-relacion-entre-la-libertad-de-prensa-y-la-paz-periodistas-de-las-americas-comparten-su-opinion\/esp-de-moura\/'><img loading=\"lazy\" decoding=\"async\" width=\"819\" height=\"1024\" src=\"https:\/\/latamjournalismreview.org\/wp-content\/uploads\/2026\/05\/ESP-de-Moura-819x1024.png\" class=\"attachment-large size-large\" alt=\"Person in striped sweater in front of quote\" srcset=\"https:\/\/latamjournalismreview.org\/wp-content\/uploads\/2026\/05\/ESP-de-Moura-819x1024.png 819w, https:\/\/latamjournalismreview.org\/wp-content\/uploads\/2026\/05\/ESP-de-Moura-240x300.png 240w, https:\/\/latamjournalismreview.org\/wp-content\/uploads\/2026\/05\/ESP-de-Moura-768x960.png 768w, https:\/\/latamjournalismreview.org\/wp-content\/uploads\/2026\/05\/ESP-de-Moura.png 1080w\" sizes=\"auto, (max-width: 819px) 100vw, 819px\" \/><\/a>\n\t\t\t<\/dt><\/dl><dl class='gallery-item'>\n\t\t\t<dt class='gallery-icon portrait'>\n\t\t\t\t<a href='https:\/\/latamjournalismreview.org\/es\/articles\/cual-es-la-relacion-entre-la-libertad-de-prensa-y-la-paz-periodistas-de-las-americas-comparten-su-opinion\/esp-churchill\/'><img loading=\"lazy\" decoding=\"async\" width=\"819\" height=\"1024\" src=\"https:\/\/latamjournalismreview.org\/wp-content\/uploads\/2026\/05\/ESP-Churchill-819x1024.png\" class=\"attachment-large size-large\" alt=\"Person in striped shirt in front of quote\" srcset=\"https:\/\/latamjournalismreview.org\/wp-content\/uploads\/2026\/05\/ESP-Churchill-819x1024.png 819w, https:\/\/latamjournalismreview.org\/wp-content\/uploads\/2026\/05\/ESP-Churchill-240x300.png 240w, https:\/\/latamjournalismreview.org\/wp-content\/uploads\/2026\/05\/ESP-Churchill-768x960.png 768w, https:\/\/latamjournalismreview.org\/wp-content\/uploads\/2026\/05\/ESP-Churchill.png 1080w\" sizes=\"auto, (max-width: 819px) 100vw, 819px\" \/><\/a>\n\t\t\t<\/dt><\/dl><br style=\"clear: both\" \/><dl class='gallery-item'>\n\t\t\t<dt class='gallery-icon portrait'>\n\t\t\t\t<a href='https:\/\/latamjournalismreview.org\/es\/articles\/cual-es-la-relacion-entre-la-libertad-de-prensa-y-la-paz-periodistas-de-las-americas-comparten-su-opinion\/esp-alphonse\/'><img loading=\"lazy\" decoding=\"async\" width=\"819\" height=\"1024\" src=\"https:\/\/latamjournalismreview.org\/wp-content\/uploads\/2026\/05\/ESP-Alphonse-819x1024.png\" class=\"attachment-large size-large\" alt=\"Person wearing glasses in front of quote\" srcset=\"https:\/\/latamjournalismreview.org\/wp-content\/uploads\/2026\/05\/ESP-Alphonse-819x1024.png 819w, https:\/\/latamjournalismreview.org\/wp-content\/uploads\/2026\/05\/ESP-Alphonse-240x300.png 240w, https:\/\/latamjournalismreview.org\/wp-content\/uploads\/2026\/05\/ESP-Alphonse-768x960.png 768w, https:\/\/latamjournalismreview.org\/wp-content\/uploads\/2026\/05\/ESP-Alphonse.png 1080w\" sizes=\"auto, (max-width: 819px) 100vw, 819px\" \/><\/a>\n\t\t\t<\/dt><\/dl><dl class='gallery-item'>\n\t\t\t<dt class='gallery-icon portrait'>\n\t\t\t\t<a href='https:\/\/latamjournalismreview.org\/es\/articles\/cual-es-la-relacion-entre-la-libertad-de-prensa-y-la-paz-periodistas-de-las-americas-comparten-su-opinion\/esp-ricaurte\/'><img loading=\"lazy\" decoding=\"async\" width=\"819\" height=\"1024\" src=\"https:\/\/latamjournalismreview.org\/wp-content\/uploads\/2026\/05\/ESP-Ricaurte-819x1024.png\" class=\"attachment-large size-large\" alt=\"Person in glasses in front of quote\" srcset=\"https:\/\/latamjournalismreview.org\/wp-content\/uploads\/2026\/05\/ESP-Ricaurte-819x1024.png 819w, https:\/\/latamjournalismreview.org\/wp-content\/uploads\/2026\/05\/ESP-Ricaurte-240x300.png 240w, https:\/\/latamjournalismreview.org\/wp-content\/uploads\/2026\/05\/ESP-Ricaurte-768x960.png 768w, https:\/\/latamjournalismreview.org\/wp-content\/uploads\/2026\/05\/ESP-Ricaurte.png 1080w\" sizes=\"auto, (max-width: 819px) 100vw, 819px\" \/><\/a>\n\t\t\t<\/dt><\/dl><dl class='gallery-item'>\n\t\t\t<dt class='gallery-icon portrait'>\n\t\t\t\t<a href='https:\/\/latamjournalismreview.org\/es\/articles\/cual-es-la-relacion-entre-la-libertad-de-prensa-y-la-paz-periodistas-de-las-americas-comparten-su-opinion\/esp-martinez\/'><img loading=\"lazy\" decoding=\"async\" width=\"819\" height=\"1024\" src=\"https:\/\/latamjournalismreview.org\/wp-content\/uploads\/2026\/05\/ESP-Martinez-819x1024.png\" class=\"attachment-large size-large\" alt=\"Person in glasses in front of quote\" srcset=\"https:\/\/latamjournalismreview.org\/wp-content\/uploads\/2026\/05\/ESP-Martinez-819x1024.png 819w, https:\/\/latamjournalismreview.org\/wp-content\/uploads\/2026\/05\/ESP-Martinez-240x300.png 240w, https:\/\/latamjournalismreview.org\/wp-content\/uploads\/2026\/05\/ESP-Martinez-768x960.png 768w, https:\/\/latamjournalismreview.org\/wp-content\/uploads\/2026\/05\/ESP-Martinez.png 1080w\" sizes=\"auto, (max-width: 819px) 100vw, 819px\" \/><\/a>\n\t\t\t<\/dt><\/dl><br style=\"clear: both\" \/><dl class='gallery-item'>\n\t\t\t<dt class='gallery-icon portrait'>\n\t\t\t\t<a href='https:\/\/latamjournalismreview.org\/es\/articles\/cual-es-la-relacion-entre-la-libertad-de-prensa-y-la-paz-periodistas-de-las-americas-comparten-su-opinion\/esp-mora\/'><img loading=\"lazy\" decoding=\"async\" width=\"819\" height=\"1024\" src=\"https:\/\/latamjournalismreview.org\/wp-content\/uploads\/2026\/05\/ESP-Mora-819x1024.png\" class=\"attachment-large size-large\" alt=\"Person in gray jacket in front of quote\" srcset=\"https:\/\/latamjournalismreview.org\/wp-content\/uploads\/2026\/05\/ESP-Mora-819x1024.png 819w, https:\/\/latamjournalismreview.org\/wp-content\/uploads\/2026\/05\/ESP-Mora-240x300.png 240w, https:\/\/latamjournalismreview.org\/wp-content\/uploads\/2026\/05\/ESP-Mora-768x960.png 768w, https:\/\/latamjournalismreview.org\/wp-content\/uploads\/2026\/05\/ESP-Mora.png 1080w\" sizes=\"auto, (max-width: 819px) 100vw, 819px\" \/><\/a>\n\t\t\t<\/dt><\/dl><dl class='gallery-item'>\n\t\t\t<dt class='gallery-icon portrait'>\n\t\t\t\t<a href='https:\/\/latamjournalismreview.org\/es\/articles\/cual-es-la-relacion-entre-la-libertad-de-prensa-y-la-paz-periodistas-de-las-americas-comparten-su-opinion\/esp-xunic\/'><img loading=\"lazy\" decoding=\"async\" width=\"819\" height=\"1024\" src=\"https:\/\/latamjournalismreview.org\/wp-content\/uploads\/2026\/05\/ESP-Xunic-819x1024.png\" class=\"attachment-large size-large\" alt=\"Person in red jacket in front of quote\" srcset=\"https:\/\/latamjournalismreview.org\/wp-content\/uploads\/2026\/05\/ESP-Xunic-819x1024.png 819w, https:\/\/latamjournalismreview.org\/wp-content\/uploads\/2026\/05\/ESP-Xunic-240x300.png 240w, https:\/\/latamjournalismreview.org\/wp-content\/uploads\/2026\/05\/ESP-Xunic-768x960.png 768w, https:\/\/latamjournalismreview.org\/wp-content\/uploads\/2026\/05\/ESP-Xunic.png 1080w\" sizes=\"auto, (max-width: 819px) 100vw, 819px\" \/><\/a>\n\t\t\t<\/dt><\/dl><dl class='gallery-item'>\n\t\t\t<dt class='gallery-icon portrait'>\n\t\t\t\t<a href='https:\/\/latamjournalismreview.org\/es\/articles\/cual-es-la-relacion-entre-la-libertad-de-prensa-y-la-paz-periodistas-de-las-americas-comparten-su-opinion\/esp-esquivel\/'><img loading=\"lazy\" decoding=\"async\" width=\"819\" height=\"1024\" src=\"https:\/\/latamjournalismreview.org\/wp-content\/uploads\/2026\/05\/ESP-Esquivel-819x1024.png\" class=\"attachment-large size-large\" alt=\"Person in flowery jacket in front of quote\" srcset=\"https:\/\/latamjournalismreview.org\/wp-content\/uploads\/2026\/05\/ESP-Esquivel-819x1024.png 819w, https:\/\/latamjournalismreview.org\/wp-content\/uploads\/2026\/05\/ESP-Esquivel-240x300.png 240w, https:\/\/latamjournalismreview.org\/wp-content\/uploads\/2026\/05\/ESP-Esquivel-768x960.png 768w, https:\/\/latamjournalismreview.org\/wp-content\/uploads\/2026\/05\/ESP-Esquivel.png 1080w\" sizes=\"auto, (max-width: 819px) 100vw, 819px\" \/><\/a>\n\t\t\t<\/dt><\/dl><br style=\"clear: both\" \/><dl class='gallery-item'>\n\t\t\t<dt class='gallery-icon portrait'>\n\t\t\t\t<a href='https:\/\/latamjournalismreview.org\/es\/articles\/cual-es-la-relacion-entre-la-libertad-de-prensa-y-la-paz-periodistas-de-las-americas-comparten-su-opinion\/esp-diaz\/'><img loading=\"lazy\" decoding=\"async\" width=\"819\" height=\"1024\" src=\"https:\/\/latamjournalismreview.org\/wp-content\/uploads\/2026\/05\/ESP-Diaz-819x1024.png\" class=\"attachment-large size-large\" alt=\"Person in black jacket in front of quote\" srcset=\"https:\/\/latamjournalismreview.org\/wp-content\/uploads\/2026\/05\/ESP-Diaz-819x1024.png 819w, https:\/\/latamjournalismreview.org\/wp-content\/uploads\/2026\/05\/ESP-Diaz-240x300.png 240w, https:\/\/latamjournalismreview.org\/wp-content\/uploads\/2026\/05\/ESP-Diaz-768x960.png 768w, https:\/\/latamjournalismreview.org\/wp-content\/uploads\/2026\/05\/ESP-Diaz.png 1080w\" sizes=\"auto, (max-width: 819px) 100vw, 819px\" \/><\/a>\n\t\t\t<\/dt><\/dl><dl class='gallery-item'>\n\t\t\t<dt class='gallery-icon portrait'>\n\t\t\t\t<a href='https:\/\/latamjournalismreview.org\/es\/articles\/cual-es-la-relacion-entre-la-libertad-de-prensa-y-la-paz-periodistas-de-las-americas-comparten-su-opinion\/esp-chavez\/'><img loading=\"lazy\" decoding=\"async\" width=\"819\" height=\"1024\" src=\"https:\/\/latamjournalismreview.org\/wp-content\/uploads\/2026\/05\/ESP-Chavez-819x1024.png\" class=\"attachment-large size-large\" alt=\"Person in black jacket in front of quote\" srcset=\"https:\/\/latamjournalismreview.org\/wp-content\/uploads\/2026\/05\/ESP-Chavez-819x1024.png 819w, https:\/\/latamjournalismreview.org\/wp-content\/uploads\/2026\/05\/ESP-Chavez-240x300.png 240w, https:\/\/latamjournalismreview.org\/wp-content\/uploads\/2026\/05\/ESP-Chavez-768x960.png 768w, https:\/\/latamjournalismreview.org\/wp-content\/uploads\/2026\/05\/ESP-Chavez.png 1080w\" sizes=\"auto, (max-width: 819px) 100vw, 819px\" \/><\/a>\n\t\t\t<\/dt><\/dl><dl class='gallery-item'>\n\t\t\t<dt class='gallery-icon portrait'>\n\t\t\t\t<a href='https:\/\/latamjournalismreview.org\/es\/articles\/cual-es-la-relacion-entre-la-libertad-de-prensa-y-la-paz-periodistas-de-las-americas-comparten-su-opinion\/esp-oliveira\/'><img loading=\"lazy\" decoding=\"async\" width=\"819\" height=\"1024\" src=\"https:\/\/latamjournalismreview.org\/wp-content\/uploads\/2026\/05\/ESP-Oliveira-819x1024.png\" class=\"attachment-large size-large\" alt=\"Person in blue dress in front of quote\" srcset=\"https:\/\/latamjournalismreview.org\/wp-content\/uploads\/2026\/05\/ESP-Oliveira-819x1024.png 819w, https:\/\/latamjournalismreview.org\/wp-content\/uploads\/2026\/05\/ESP-Oliveira-240x300.png 240w, https:\/\/latamjournalismreview.org\/wp-content\/uploads\/2026\/05\/ESP-Oliveira-768x960.png 768w, https:\/\/latamjournalismreview.org\/wp-content\/uploads\/2026\/05\/ESP-Oliveira.png 1080w\" sizes=\"auto, (max-width: 819px) 100vw, 819px\" \/><\/a>\n\t\t\t<\/dt><\/dl><br style=\"clear: both\" \/><dl class='gallery-item'>\n\t\t\t<dt class='gallery-icon portrait'>\n\t\t\t\t<a href='https:\/\/latamjournalismreview.org\/es\/articles\/cual-es-la-relacion-entre-la-libertad-de-prensa-y-la-paz-periodistas-de-las-americas-comparten-su-opinion\/esp-gaio\/'><img loading=\"lazy\" decoding=\"async\" width=\"819\" height=\"1024\" src=\"https:\/\/latamjournalismreview.org\/wp-content\/uploads\/2026\/05\/ESP-Gaio-819x1024.png\" class=\"attachment-large size-large\" alt=\"Person in black jacket in front of quote\" srcset=\"https:\/\/latamjournalismreview.org\/wp-content\/uploads\/2026\/05\/ESP-Gaio-819x1024.png 819w, https:\/\/latamjournalismreview.org\/wp-content\/uploads\/2026\/05\/ESP-Gaio-240x300.png 240w, https:\/\/latamjournalismreview.org\/wp-content\/uploads\/2026\/05\/ESP-Gaio-768x960.png 768w, https:\/\/latamjournalismreview.org\/wp-content\/uploads\/2026\/05\/ESP-Gaio.png 1080w\" sizes=\"auto, (max-width: 819px) 100vw, 819px\" \/><\/a>\n\t\t\t<\/dt><\/dl><dl class='gallery-item'>\n\t\t\t<dt class='gallery-icon portrait'>\n\t\t\t\t<a href='https:\/\/latamjournalismreview.org\/es\/articles\/cual-es-la-relacion-entre-la-libertad-de-prensa-y-la-paz-periodistas-de-las-americas-comparten-su-opinion\/esp-gomez\/'><img loading=\"lazy\" decoding=\"async\" width=\"819\" height=\"1024\" src=\"https:\/\/latamjournalismreview.org\/wp-content\/uploads\/2026\/05\/ESP-Gomez-819x1024.png\" class=\"attachment-large size-large\" alt=\"Person in black jacket in front of quote\" srcset=\"https:\/\/latamjournalismreview.org\/wp-content\/uploads\/2026\/05\/ESP-Gomez-819x1024.png 819w, https:\/\/latamjournalismreview.org\/wp-content\/uploads\/2026\/05\/ESP-Gomez-240x300.png 240w, https:\/\/latamjournalismreview.org\/wp-content\/uploads\/2026\/05\/ESP-Gomez-768x960.png 768w, https:\/\/latamjournalismreview.org\/wp-content\/uploads\/2026\/05\/ESP-Gomez.png 1080w\" sizes=\"auto, (max-width: 819px) 100vw, 819px\" \/><\/a>\n\t\t\t<\/dt><\/dl><dl class='gallery-item'>\n\t\t\t<dt class='gallery-icon portrait'>\n\t\t\t\t<a href='https:\/\/latamjournalismreview.org\/es\/articles\/cual-es-la-relacion-entre-la-libertad-de-prensa-y-la-paz-periodistas-de-las-americas-comparten-su-opinion\/esp-avila\/'><img loading=\"lazy\" decoding=\"async\" width=\"819\" height=\"1024\" src=\"https:\/\/latamjournalismreview.org\/wp-content\/uploads\/2026\/05\/ESP-Avila-819x1024.png\" class=\"attachment-large size-large\" alt=\"Person in red jacket in front of quote\" srcset=\"https:\/\/latamjournalismreview.org\/wp-content\/uploads\/2026\/05\/ESP-Avila-819x1024.png 819w, https:\/\/latamjournalismreview.org\/wp-content\/uploads\/2026\/05\/ESP-Avila-240x300.png 240w, https:\/\/latamjournalismreview.org\/wp-content\/uploads\/2026\/05\/ESP-Avila-768x960.png 768w, https:\/\/latamjournalismreview.org\/wp-content\/uploads\/2026\/05\/ESP-Avila.png 1080w\" sizes=\"auto, (max-width: 819px) 100vw, 819px\" \/><\/a>\n\t\t\t<\/dt><\/dl><br style=\"clear: both\" \/><dl class='gallery-item'>\n\t\t\t<dt class='gallery-icon portrait'>\n\t\t\t\t<a href='https:\/\/latamjournalismreview.org\/es\/articles\/cual-es-la-relacion-entre-la-libertad-de-prensa-y-la-paz-periodistas-de-las-americas-comparten-su-opinion\/esp-martinez-vargas\/'><img loading=\"lazy\" decoding=\"async\" width=\"819\" height=\"1024\" src=\"https:\/\/latamjournalismreview.org\/wp-content\/uploads\/2026\/05\/ESP-Martinez-Vargas-819x1024.png\" class=\"attachment-large size-large\" alt=\"Person wearing tie in front of quote\" srcset=\"https:\/\/latamjournalismreview.org\/wp-content\/uploads\/2026\/05\/ESP-Martinez-Vargas-819x1024.png 819w, https:\/\/latamjournalismreview.org\/wp-content\/uploads\/2026\/05\/ESP-Martinez-Vargas-240x300.png 240w, https:\/\/latamjournalismreview.org\/wp-content\/uploads\/2026\/05\/ESP-Martinez-Vargas-768x960.png 768w, https:\/\/latamjournalismreview.org\/wp-content\/uploads\/2026\/05\/ESP-Martinez-Vargas.png 1080w\" sizes=\"auto, (max-width: 819px) 100vw, 819px\" \/><\/a>\n\t\t\t<\/dt><\/dl><dl class='gallery-item'>\n\t\t\t<dt class='gallery-icon portrait'>\n\t\t\t\t<a href='https:\/\/latamjournalismreview.org\/es\/articles\/cual-es-la-relacion-entre-la-libertad-de-prensa-y-la-paz-periodistas-de-las-americas-comparten-su-opinion\/esp-sosa\/'><img loading=\"lazy\" decoding=\"async\" width=\"819\" height=\"1024\" src=\"https:\/\/latamjournalismreview.org\/wp-content\/uploads\/2026\/05\/ESP-Sosa-819x1024.png\" class=\"attachment-large size-large\" alt=\"Person in black jacket in front of quote\" srcset=\"https:\/\/latamjournalismreview.org\/wp-content\/uploads\/2026\/05\/ESP-Sosa-819x1024.png 819w, https:\/\/latamjournalismreview.org\/wp-content\/uploads\/2026\/05\/ESP-Sosa-240x300.png 240w, https:\/\/latamjournalismreview.org\/wp-content\/uploads\/2026\/05\/ESP-Sosa-768x960.png 768w, https:\/\/latamjournalismreview.org\/wp-content\/uploads\/2026\/05\/ESP-Sosa.png 1080w\" sizes=\"auto, (max-width: 819px) 100vw, 819px\" \/><\/a>\n\t\t\t<\/dt><\/dl><dl class='gallery-item'>\n\t\t\t<dt class='gallery-icon portrait'>\n\t\t\t\t<a href='https:\/\/latamjournalismreview.org\/es\/articles\/cual-es-la-relacion-entre-la-libertad-de-prensa-y-la-paz-periodistas-de-las-americas-comparten-su-opinion\/esp-parra\/'><img loading=\"lazy\" decoding=\"async\" width=\"819\" height=\"1024\" src=\"https:\/\/latamjournalismreview.org\/wp-content\/uploads\/2026\/05\/ESP-Parra-1-819x1024.png\" class=\"attachment-large size-large\" alt=\"Person in blue jacket in front of quote\" srcset=\"https:\/\/latamjournalismreview.org\/wp-content\/uploads\/2026\/05\/ESP-Parra-1-819x1024.png 819w, https:\/\/latamjournalismreview.org\/wp-content\/uploads\/2026\/05\/ESP-Parra-1-240x300.png 240w, https:\/\/latamjournalismreview.org\/wp-content\/uploads\/2026\/05\/ESP-Parra-1-768x960.png 768w, https:\/\/latamjournalismreview.org\/wp-content\/uploads\/2026\/05\/ESP-Parra-1.png 1080w\" sizes=\"auto, (max-width: 819px) 100vw, 819px\" \/><\/a>\n\t\t\t<\/dt><\/dl><br style=\"clear: both\" \/><dl class='gallery-item'>\n\t\t\t<dt class='gallery-icon portrait'>\n\t\t\t\t<a href='https:\/\/latamjournalismreview.org\/es\/articles\/cual-es-la-relacion-entre-la-libertad-de-prensa-y-la-paz-periodistas-de-las-americas-comparten-su-opinion\/esp-quesada-y-stanley\/'><img loading=\"lazy\" decoding=\"async\" width=\"819\" height=\"1024\" src=\"https:\/\/latamjournalismreview.org\/wp-content\/uploads\/2026\/05\/ESP-Quesada-y-Stanley-819x1024.png\" class=\"attachment-large size-large\" alt=\"Two people smiling in front of quote\" srcset=\"https:\/\/latamjournalismreview.org\/wp-content\/uploads\/2026\/05\/ESP-Quesada-y-Stanley-819x1024.png 819w, https:\/\/latamjournalismreview.org\/wp-content\/uploads\/2026\/05\/ESP-Quesada-y-Stanley-240x300.png 240w, https:\/\/latamjournalismreview.org\/wp-content\/uploads\/2026\/05\/ESP-Quesada-y-Stanley-768x960.png 768w, https:\/\/latamjournalismreview.org\/wp-content\/uploads\/2026\/05\/ESP-Quesada-y-Stanley.png 1080w\" sizes=\"auto, (max-width: 819px) 100vw, 819px\" \/><\/a>\n\t\t\t<\/dt><\/dl><dl class='gallery-item'>\n\t\t\t<dt class='gallery-icon portrait'>\n\t\t\t\t<a href='https:\/\/latamjournalismreview.org\/es\/articles\/cual-es-la-relacion-entre-la-libertad-de-prensa-y-la-paz-periodistas-de-las-americas-comparten-su-opinion\/esp-zamora\/'><img loading=\"lazy\" decoding=\"async\" width=\"819\" height=\"1024\" src=\"https:\/\/latamjournalismreview.org\/wp-content\/uploads\/2026\/05\/ESP-Zamora-819x1024.png\" class=\"attachment-large size-large\" alt=\"Person in black jacket in front of quote\" srcset=\"https:\/\/latamjournalismreview.org\/wp-content\/uploads\/2026\/05\/ESP-Zamora-819x1024.png 819w, https:\/\/latamjournalismreview.org\/wp-content\/uploads\/2026\/05\/ESP-Zamora-240x300.png 240w, https:\/\/latamjournalismreview.org\/wp-content\/uploads\/2026\/05\/ESP-Zamora-768x960.png 768w, https:\/\/latamjournalismreview.org\/wp-content\/uploads\/2026\/05\/ESP-Zamora.png 1080w\" sizes=\"auto, (max-width: 819px) 100vw, 819px\" \/><\/a>\n\t\t\t<\/dt><\/dl>\n\t\t\t<br style='clear: both' \/>\n\t\t<\/div>\n\n<p dir=\"ltr\">\n<hr \/>\n<p dir=\"ltr\"><i>Este art\u00edculo fue traducido con ayuda de inteligencia artificial y revisado por Silvia Higuera Fl\u00f3rez<\/i><\/p>\n","protected":false},"excerpt":{"rendered":"<p>Para conmemorar el D\u00eda Mundial de la Libertad de Prensa, LJR pregunt\u00f3 a reporteros, defensores de la libertad de prensa, profesores y directivos de medios sobre el tema de las celebraciones de la UNESCO de este a\u00f1o: la paz.<\/p>\n","protected":false},"author":3,"featured_media":166008,"comment_status":"closed","ping_status":"closed","sticky":false,"template":"","format":"standard","meta":{"inline_featured_image":false,"footnotes":""},"categories":[1220],"tags":[],"coauthors":[2749],"class_list":["post-165911","post","type-post","status-publish","format-standard","has-post-thumbnail","hentry","category-libertad-de-prensa-es"],"acf":[],"yoast_head":"<!-- This site is optimized with the Yoast SEO Premium plugin v22.6 (Yoast SEO v27.4) - https:\/\/yoast.com\/product\/yoast-seo-premium-wordpress\/ -->\n<title>\u00bfCu\u00e1l es la relaci\u00f3n entre la libertad de prensa y la paz? Periodistas de las Am\u00e9ricas comparten su opini\u00f3n - LatAm Journalism Review<\/title>\n<meta name=\"description\" content=\"\u00bfCu\u00e1l es la relaci\u00f3n entre la libertad de prensa y la paz? Periodistas de las Am\u00e9ricas comparten su opini\u00f3n Libertad de prensa. Latin American Journalism Review by The Knight Center at The University of Texas at Austin.\" \/>\n<meta name=\"robots\" content=\"index, follow, max-snippet:-1, max-image-preview:large, max-video-preview:-1\" \/>\n<link rel=\"canonical\" href=\"https:\/\/latamjournalismreview.org\/es\/articles\/cual-es-la-relacion-entre-la-libertad-de-prensa-y-la-paz-periodistas-de-las-americas-comparten-su-opinion\/\" \/>\n<meta property=\"og:locale\" content=\"es_ES\" \/>\n<meta property=\"og:type\" content=\"article\" \/>\n<meta property=\"og:title\" content=\"\u00bfCu\u00e1l es la relaci\u00f3n entre la libertad de prensa y la paz? Periodistas de las Am\u00e9ricas comparten su opini\u00f3n\" \/>\n<meta property=\"og:description\" content=\"\u00bfCu\u00e1l es la relaci\u00f3n entre la libertad de prensa y la paz? Periodistas de las Am\u00e9ricas comparten su opini\u00f3n Libertad de prensa. Latin American Journalism Review by The Knight Center at The University of Texas at Austin.\" \/>\n<meta property=\"og:url\" content=\"https:\/\/latamjournalismreview.org\/es\/articles\/cual-es-la-relacion-entre-la-libertad-de-prensa-y-la-paz-periodistas-de-las-americas-comparten-su-opinion\/\" \/>\n<meta property=\"og:site_name\" content=\"LatAm Journalism Review\" \/>\n<meta property=\"article:published_time\" content=\"2026-05-01T20:36:08+00:00\" \/>\n<meta property=\"og:image\" content=\"https:\/\/latamjournalismreview.org\/wp-content\/uploads\/2026\/05\/FEATURED-WPFD-1.png\" \/>\n\t<meta property=\"og:image:width\" content=\"507\" \/>\n\t<meta property=\"og:image:height\" content=\"340\" \/>\n\t<meta property=\"og:image:type\" content=\"image\/png\" \/>\n<meta name=\"author\" content=\"Teresa Mioli\" \/>\n<meta name=\"twitter:card\" content=\"summary_large_image\" \/>\n<meta name=\"twitter:creator\" content=\"@TeresaMioli\" \/>\n<meta name=\"twitter:site\" content=\"@LatAmJournalism\" \/>\n<meta name=\"twitter:label1\" content=\"Written by\" \/>\n\t<meta name=\"twitter:data1\" content=\"Teresa Mioli\" \/>\n\t<meta name=\"twitter:label2\" content=\"Est. reading time\" \/>\n\t<meta name=\"twitter:data2\" content=\"3 minutos\" \/>\n<script type=\"application\/ld+json\" class=\"yoast-schema-graph\">{\"@context\":\"https:\\\/\\\/schema.org\",\"@graph\":[{\"@type\":\"Article\",\"@id\":\"https:\\\/\\\/latamjournalismreview.org\\\/es\\\/articles\\\/cual-es-la-relacion-entre-la-libertad-de-prensa-y-la-paz-periodistas-de-las-americas-comparten-su-opinion\\\/#article\",\"isPartOf\":{\"@id\":\"https:\\\/\\\/latamjournalismreview.org\\\/es\\\/articles\\\/cual-es-la-relacion-entre-la-libertad-de-prensa-y-la-paz-periodistas-de-las-americas-comparten-su-opinion\\\/\"},\"author\":{\"name\":\"Teresa Mioli\",\"@id\":\"https:\\\/\\\/latamjournalismreview.org\\\/es\\\/#\\\/schema\\\/person\\\/b83a4912f05c8178389e917d8d51de03\"},\"headline\":\"\u00bfCu\u00e1l es la relaci\u00f3n entre la libertad de prensa y la paz? Periodistas de las Am\u00e9ricas comparten su opini\u00f3n\",\"datePublished\":\"2026-05-01T20:36:08+00:00\",\"mainEntityOfPage\":{\"@id\":\"https:\\\/\\\/latamjournalismreview.org\\\/es\\\/articles\\\/cual-es-la-relacion-entre-la-libertad-de-prensa-y-la-paz-periodistas-de-las-americas-comparten-su-opinion\\\/\"},\"wordCount\":603,\"publisher\":{\"@id\":\"https:\\\/\\\/latamjournalismreview.org\\\/es\\\/#organization\"},\"image\":{\"@id\":\"https:\\\/\\\/latamjournalismreview.org\\\/es\\\/articles\\\/cual-es-la-relacion-entre-la-libertad-de-prensa-y-la-paz-periodistas-de-las-americas-comparten-su-opinion\\\/#primaryimage\"},\"thumbnailUrl\":\"https:\\\/\\\/latamjournalismreview.org\\\/wp-content\\\/uploads\\\/2026\\\/05\\\/FEATURED-WPFD-1.png\",\"articleSection\":[\"Libertad de prensa\"],\"inLanguage\":\"es\"},{\"@type\":\"WebPage\",\"@id\":\"https:\\\/\\\/latamjournalismreview.org\\\/es\\\/articles\\\/cual-es-la-relacion-entre-la-libertad-de-prensa-y-la-paz-periodistas-de-las-americas-comparten-su-opinion\\\/\",\"url\":\"https:\\\/\\\/latamjournalismreview.org\\\/es\\\/articles\\\/cual-es-la-relacion-entre-la-libertad-de-prensa-y-la-paz-periodistas-de-las-americas-comparten-su-opinion\\\/\",\"name\":\"\u00bfCu\u00e1l es la relaci\u00f3n entre la libertad de prensa y la paz? Periodistas de las Am\u00e9ricas comparten su opini\u00f3n - LatAm Journalism Review\",\"isPartOf\":{\"@id\":\"https:\\\/\\\/latamjournalismreview.org\\\/es\\\/#website\"},\"primaryImageOfPage\":{\"@id\":\"https:\\\/\\\/latamjournalismreview.org\\\/es\\\/articles\\\/cual-es-la-relacion-entre-la-libertad-de-prensa-y-la-paz-periodistas-de-las-americas-comparten-su-opinion\\\/#primaryimage\"},\"image\":{\"@id\":\"https:\\\/\\\/latamjournalismreview.org\\\/es\\\/articles\\\/cual-es-la-relacion-entre-la-libertad-de-prensa-y-la-paz-periodistas-de-las-americas-comparten-su-opinion\\\/#primaryimage\"},\"thumbnailUrl\":\"https:\\\/\\\/latamjournalismreview.org\\\/wp-content\\\/uploads\\\/2026\\\/05\\\/FEATURED-WPFD-1.png\",\"datePublished\":\"2026-05-01T20:36:08+00:00\",\"description\":\"\u00bfCu\u00e1l es la relaci\u00f3n entre la libertad de prensa y la paz? Periodistas de las Am\u00e9ricas comparten su opini\u00f3n Libertad de prensa. Latin American Journalism Review by The Knight Center at The University of Texas at Austin.\",\"breadcrumb\":{\"@id\":\"https:\\\/\\\/latamjournalismreview.org\\\/es\\\/articles\\\/cual-es-la-relacion-entre-la-libertad-de-prensa-y-la-paz-periodistas-de-las-americas-comparten-su-opinion\\\/#breadcrumb\"},\"inLanguage\":\"es\",\"potentialAction\":[{\"@type\":\"ReadAction\",\"target\":[\"https:\\\/\\\/latamjournalismreview.org\\\/es\\\/articles\\\/cual-es-la-relacion-entre-la-libertad-de-prensa-y-la-paz-periodistas-de-las-americas-comparten-su-opinion\\\/\"]}]},{\"@type\":\"ImageObject\",\"inLanguage\":\"es\",\"@id\":\"https:\\\/\\\/latamjournalismreview.org\\\/es\\\/articles\\\/cual-es-la-relacion-entre-la-libertad-de-prensa-y-la-paz-periodistas-de-las-americas-comparten-su-opinion\\\/#primaryimage\",\"url\":\"https:\\\/\\\/latamjournalismreview.org\\\/wp-content\\\/uploads\\\/2026\\\/05\\\/FEATURED-WPFD-1.png\",\"contentUrl\":\"https:\\\/\\\/latamjournalismreview.org\\\/wp-content\\\/uploads\\\/2026\\\/05\\\/FEATURED-WPFD-1.png\",\"width\":507,\"height\":340,\"caption\":\"Dove in front of newspaper clipping\"},{\"@type\":\"BreadcrumbList\",\"@id\":\"https:\\\/\\\/latamjournalismreview.org\\\/es\\\/articles\\\/cual-es-la-relacion-entre-la-libertad-de-prensa-y-la-paz-periodistas-de-las-americas-comparten-su-opinion\\\/#breadcrumb\",\"itemListElement\":[{\"@type\":\"ListItem\",\"position\":1,\"name\":\"Home\",\"item\":\"https:\\\/\\\/latamjournalismreview.org\\\/es\\\/\"},{\"@type\":\"ListItem\",\"position\":2,\"name\":\"\u00bfCu\u00e1l es la relaci\u00f3n entre la libertad de prensa y la paz? Periodistas de las Am\u00e9ricas comparten su opini\u00f3n\"}]},{\"@type\":\"WebSite\",\"@id\":\"https:\\\/\\\/latamjournalismreview.org\\\/es\\\/#website\",\"url\":\"https:\\\/\\\/latamjournalismreview.org\\\/es\\\/\",\"name\":\"LatAm Journalism Review\",\"description\":\"Knight Center at The University of Texas\",\"publisher\":{\"@id\":\"https:\\\/\\\/latamjournalismreview.org\\\/es\\\/#organization\"},\"potentialAction\":[{\"@type\":\"SearchAction\",\"target\":{\"@type\":\"EntryPoint\",\"urlTemplate\":\"https:\\\/\\\/latamjournalismreview.org\\\/es\\\/?s={search_term_string}\"},\"query-input\":{\"@type\":\"PropertyValueSpecification\",\"valueRequired\":true,\"valueName\":\"search_term_string\"}}],\"inLanguage\":\"es\"},{\"@type\":\"Organization\",\"@id\":\"https:\\\/\\\/latamjournalismreview.org\\\/es\\\/#organization\",\"name\":\"LatAm Journalism Review\",\"url\":\"https:\\\/\\\/latamjournalismreview.org\\\/es\\\/\",\"logo\":{\"@type\":\"ImageObject\",\"inLanguage\":\"es\",\"@id\":\"https:\\\/\\\/latamjournalismreview.org\\\/es\\\/#\\\/schema\\\/logo\\\/image\\\/\",\"url\":\"https:\\\/\\\/latamjournalismreview.org\\\/wp-content\\\/uploads\\\/2020\\\/05\\\/knight-latAm-review-logo.svg\",\"contentUrl\":\"https:\\\/\\\/latamjournalismreview.org\\\/wp-content\\\/uploads\\\/2020\\\/05\\\/knight-latAm-review-logo.svg\",\"width\":\"1024\",\"height\":\"1024\",\"caption\":\"LatAm Journalism Review\"},\"image\":{\"@id\":\"https:\\\/\\\/latamjournalismreview.org\\\/es\\\/#\\\/schema\\\/logo\\\/image\\\/\"},\"sameAs\":[\"https:\\\/\\\/x.com\\\/LatAmJournalism\"]},{\"@type\":\"Person\",\"@id\":\"https:\\\/\\\/latamjournalismreview.org\\\/es\\\/#\\\/schema\\\/person\\\/b83a4912f05c8178389e917d8d51de03\",\"name\":\"Teresa Mioli\",\"description\":\"Teresa Mioli is the editorial manager for the Knight Center for Journalism in the Americas. She is interested in press freedom, democratization, and investigative journalism in Latin America and is dedicated to increasing awareness about the importance of independent news media to the health of democracies. She produces journalistic work with the aim of helping people to make informed decisions about their lives and societies and wants to make sure other journalists are able to do the same. She has Bachelors' degrees in Journalism and Plan II Honors (Liberal Arts) and a Master's degree in Latin American Studies, all from the University of Texas at Austin. She started her journalistic career at The Beaumont Enterprise in Southeast Texas where she last worked as a breaking news reporter. ______ Teresa Mioli es la directora editorial del Centro Knight para el Periodismo en las Am\u00e9ricas. Es una periodista con inter\u00e9s en la libertad de prensa, la democratizaci\u00f3n y el periodismo investigativo en Am\u00e9rica Latina y est\u00e1 dedicada a crear mayor consciencia sobre la importancia de los medios noticiosos independientes para la salud de las democracias. El objetivo de su trabajo period\u00edstico es ayudar las personas para que tomen decisiones informadas sobre sus vidas y sus sociedades, y busca que otros periodistas tengan la posibilidad de hacer lo mismo. Teresa tiene una licenciatura en Periodismo y Artes liberales (Plan II Honors), y una maestr\u00eda en Estudios Latinoamericanos, todos de la Universidad de Texas en Austin. Empez\u00f3 su carrera en periodismo en The Beaumont Enterprise al sureste de Texas, en donde recientemente trabaj\u00f3 como reportera de noticias de \u00faltima hora. Anteriormente ella fue la editora de LatAm Journalism Review del Centro Knight. ______ Teresa Mioli \u00e9 gerente editorial do Centro Knight para o Jornalismo nas Am\u00e9ricas. Ela se interessa por liberdade de imprensa, democratiza\u00e7\u00e3o e jornalismo investigativo na Am\u00e9rica Latina e se dedica a aumentar a conscientiza\u00e7\u00e3o sobre a import\u00e2ncia da m\u00eddia independente para a sa\u00fade das democracias. Ela produz trabalhos jornal\u00edsticos com o objetivo de ajudar as pessoas a tomarem decis\u00f5es informadas sobre suas vidas e sociedades e deseja garantir que outros jornalistas possam fazer o mesmo. Ela tem bacharelado em jornalismo e artes liberais e um mestrado em Estudos Latino-Americanos, todos pela Universidade do Texas em Austin. Ela come\u00e7ou sua carreira jornal\u00edstica na The Beaumont Enterprise no sudeste do Texas, onde trabalhou pela \u00faltima vez como rep\u00f3rter de not\u00edcias de \u00faltima hora.\",\"sameAs\":[\"https:\\\/\\\/x.com\\\/TeresaMioli\"],\"url\":\"https:\\\/\\\/latamjournalismreview.org\\\/es\\\/articles\\\/author\\\/teresa-mioli\\\/\"}]}<\/script>\n<!-- \/ Yoast SEO Premium plugin. -->","yoast_head_json":{"title":"\u00bfCu\u00e1l es la relaci\u00f3n entre la libertad de prensa y la paz? Periodistas de las Am\u00e9ricas comparten su opini\u00f3n - LatAm Journalism Review","description":"\u00bfCu\u00e1l es la relaci\u00f3n entre la libertad de prensa y la paz? Periodistas de las Am\u00e9ricas comparten su opini\u00f3n Libertad de prensa. Latin American Journalism Review by The Knight Center at The University of Texas at Austin.","robots":{"index":"index","follow":"follow","max-snippet":"max-snippet:-1","max-image-preview":"max-image-preview:large","max-video-preview":"max-video-preview:-1"},"canonical":"https:\/\/latamjournalismreview.org\/es\/articles\/cual-es-la-relacion-entre-la-libertad-de-prensa-y-la-paz-periodistas-de-las-americas-comparten-su-opinion\/","og_locale":"es_ES","og_type":"article","og_title":"\u00bfCu\u00e1l es la relaci\u00f3n entre la libertad de prensa y la paz? Periodistas de las Am\u00e9ricas comparten su opini\u00f3n","og_description":"\u00bfCu\u00e1l es la relaci\u00f3n entre la libertad de prensa y la paz? Periodistas de las Am\u00e9ricas comparten su opini\u00f3n Libertad de prensa. Latin American Journalism Review by The Knight Center at The University of Texas at Austin.","og_url":"https:\/\/latamjournalismreview.org\/es\/articles\/cual-es-la-relacion-entre-la-libertad-de-prensa-y-la-paz-periodistas-de-las-americas-comparten-su-opinion\/","og_site_name":"LatAm Journalism Review","article_published_time":"2026-05-01T20:36:08+00:00","og_image":[{"width":507,"height":340,"url":"https:\/\/latamjournalismreview.org\/wp-content\/uploads\/2026\/05\/FEATURED-WPFD-1.png","type":"image\/png"}],"author":"Teresa Mioli","twitter_card":"summary_large_image","twitter_creator":"@TeresaMioli","twitter_site":"@LatAmJournalism","twitter_misc":{"Written by":"Teresa Mioli","Est. reading time":"3 minutos"},"schema":{"@context":"https:\/\/schema.org","@graph":[{"@type":"Article","@id":"https:\/\/latamjournalismreview.org\/es\/articles\/cual-es-la-relacion-entre-la-libertad-de-prensa-y-la-paz-periodistas-de-las-americas-comparten-su-opinion\/#article","isPartOf":{"@id":"https:\/\/latamjournalismreview.org\/es\/articles\/cual-es-la-relacion-entre-la-libertad-de-prensa-y-la-paz-periodistas-de-las-americas-comparten-su-opinion\/"},"author":{"name":"Teresa Mioli","@id":"https:\/\/latamjournalismreview.org\/es\/#\/schema\/person\/b83a4912f05c8178389e917d8d51de03"},"headline":"\u00bfCu\u00e1l es la relaci\u00f3n entre la libertad de prensa y la paz? Periodistas de las Am\u00e9ricas comparten su opini\u00f3n","datePublished":"2026-05-01T20:36:08+00:00","mainEntityOfPage":{"@id":"https:\/\/latamjournalismreview.org\/es\/articles\/cual-es-la-relacion-entre-la-libertad-de-prensa-y-la-paz-periodistas-de-las-americas-comparten-su-opinion\/"},"wordCount":603,"publisher":{"@id":"https:\/\/latamjournalismreview.org\/es\/#organization"},"image":{"@id":"https:\/\/latamjournalismreview.org\/es\/articles\/cual-es-la-relacion-entre-la-libertad-de-prensa-y-la-paz-periodistas-de-las-americas-comparten-su-opinion\/#primaryimage"},"thumbnailUrl":"https:\/\/latamjournalismreview.org\/wp-content\/uploads\/2026\/05\/FEATURED-WPFD-1.png","articleSection":["Libertad de prensa"],"inLanguage":"es"},{"@type":"WebPage","@id":"https:\/\/latamjournalismreview.org\/es\/articles\/cual-es-la-relacion-entre-la-libertad-de-prensa-y-la-paz-periodistas-de-las-americas-comparten-su-opinion\/","url":"https:\/\/latamjournalismreview.org\/es\/articles\/cual-es-la-relacion-entre-la-libertad-de-prensa-y-la-paz-periodistas-de-las-americas-comparten-su-opinion\/","name":"\u00bfCu\u00e1l es la relaci\u00f3n entre la libertad de prensa y la paz? Periodistas de las Am\u00e9ricas comparten su opini\u00f3n - LatAm Journalism Review","isPartOf":{"@id":"https:\/\/latamjournalismreview.org\/es\/#website"},"primaryImageOfPage":{"@id":"https:\/\/latamjournalismreview.org\/es\/articles\/cual-es-la-relacion-entre-la-libertad-de-prensa-y-la-paz-periodistas-de-las-americas-comparten-su-opinion\/#primaryimage"},"image":{"@id":"https:\/\/latamjournalismreview.org\/es\/articles\/cual-es-la-relacion-entre-la-libertad-de-prensa-y-la-paz-periodistas-de-las-americas-comparten-su-opinion\/#primaryimage"},"thumbnailUrl":"https:\/\/latamjournalismreview.org\/wp-content\/uploads\/2026\/05\/FEATURED-WPFD-1.png","datePublished":"2026-05-01T20:36:08+00:00","description":"\u00bfCu\u00e1l es la relaci\u00f3n entre la libertad de prensa y la paz? Periodistas de las Am\u00e9ricas comparten su opini\u00f3n Libertad de prensa. Latin American Journalism Review by The Knight Center at The University of Texas at Austin.","breadcrumb":{"@id":"https:\/\/latamjournalismreview.org\/es\/articles\/cual-es-la-relacion-entre-la-libertad-de-prensa-y-la-paz-periodistas-de-las-americas-comparten-su-opinion\/#breadcrumb"},"inLanguage":"es","potentialAction":[{"@type":"ReadAction","target":["https:\/\/latamjournalismreview.org\/es\/articles\/cual-es-la-relacion-entre-la-libertad-de-prensa-y-la-paz-periodistas-de-las-americas-comparten-su-opinion\/"]}]},{"@type":"ImageObject","inLanguage":"es","@id":"https:\/\/latamjournalismreview.org\/es\/articles\/cual-es-la-relacion-entre-la-libertad-de-prensa-y-la-paz-periodistas-de-las-americas-comparten-su-opinion\/#primaryimage","url":"https:\/\/latamjournalismreview.org\/wp-content\/uploads\/2026\/05\/FEATURED-WPFD-1.png","contentUrl":"https:\/\/latamjournalismreview.org\/wp-content\/uploads\/2026\/05\/FEATURED-WPFD-1.png","width":507,"height":340,"caption":"Dove in front of newspaper clipping"},{"@type":"BreadcrumbList","@id":"https:\/\/latamjournalismreview.org\/es\/articles\/cual-es-la-relacion-entre-la-libertad-de-prensa-y-la-paz-periodistas-de-las-americas-comparten-su-opinion\/#breadcrumb","itemListElement":[{"@type":"ListItem","position":1,"name":"Home","item":"https:\/\/latamjournalismreview.org\/es\/"},{"@type":"ListItem","position":2,"name":"\u00bfCu\u00e1l es la relaci\u00f3n entre la libertad de prensa y la paz? Periodistas de las Am\u00e9ricas comparten su opini\u00f3n"}]},{"@type":"WebSite","@id":"https:\/\/latamjournalismreview.org\/es\/#website","url":"https:\/\/latamjournalismreview.org\/es\/","name":"LatAm Journalism Review","description":"Knight Center at The University of Texas","publisher":{"@id":"https:\/\/latamjournalismreview.org\/es\/#organization"},"potentialAction":[{"@type":"SearchAction","target":{"@type":"EntryPoint","urlTemplate":"https:\/\/latamjournalismreview.org\/es\/?s={search_term_string}"},"query-input":{"@type":"PropertyValueSpecification","valueRequired":true,"valueName":"search_term_string"}}],"inLanguage":"es"},{"@type":"Organization","@id":"https:\/\/latamjournalismreview.org\/es\/#organization","name":"LatAm Journalism Review","url":"https:\/\/latamjournalismreview.org\/es\/","logo":{"@type":"ImageObject","inLanguage":"es","@id":"https:\/\/latamjournalismreview.org\/es\/#\/schema\/logo\/image\/","url":"https:\/\/latamjournalismreview.org\/wp-content\/uploads\/2020\/05\/knight-latAm-review-logo.svg","contentUrl":"https:\/\/latamjournalismreview.org\/wp-content\/uploads\/2020\/05\/knight-latAm-review-logo.svg","width":"1024","height":"1024","caption":"LatAm Journalism Review"},"image":{"@id":"https:\/\/latamjournalismreview.org\/es\/#\/schema\/logo\/image\/"},"sameAs":["https:\/\/x.com\/LatAmJournalism"]},{"@type":"Person","@id":"https:\/\/latamjournalismreview.org\/es\/#\/schema\/person\/b83a4912f05c8178389e917d8d51de03","name":"Teresa Mioli","description":"Teresa Mioli is the editorial manager for the Knight Center for Journalism in the Americas. She is interested in press freedom, democratization, and investigative journalism in Latin America and is dedicated to increasing awareness about the importance of independent news media to the health of democracies. She produces journalistic work with the aim of helping people to make informed decisions about their lives and societies and wants to make sure other journalists are able to do the same. She has Bachelors' degrees in Journalism and Plan II Honors (Liberal Arts) and a Master's degree in Latin American Studies, all from the University of Texas at Austin. She started her journalistic career at The Beaumont Enterprise in Southeast Texas where she last worked as a breaking news reporter. ______ Teresa Mioli es la directora editorial del Centro Knight para el Periodismo en las Am\u00e9ricas. Es una periodista con inter\u00e9s en la libertad de prensa, la democratizaci\u00f3n y el periodismo investigativo en Am\u00e9rica Latina y est\u00e1 dedicada a crear mayor consciencia sobre la importancia de los medios noticiosos independientes para la salud de las democracias. El objetivo de su trabajo period\u00edstico es ayudar las personas para que tomen decisiones informadas sobre sus vidas y sus sociedades, y busca que otros periodistas tengan la posibilidad de hacer lo mismo. Teresa tiene una licenciatura en Periodismo y Artes liberales (Plan II Honors), y una maestr\u00eda en Estudios Latinoamericanos, todos de la Universidad de Texas en Austin. Empez\u00f3 su carrera en periodismo en The Beaumont Enterprise al sureste de Texas, en donde recientemente trabaj\u00f3 como reportera de noticias de \u00faltima hora. Anteriormente ella fue la editora de LatAm Journalism Review del Centro Knight. ______ Teresa Mioli \u00e9 gerente editorial do Centro Knight para o Jornalismo nas Am\u00e9ricas. Ela se interessa por liberdade de imprensa, democratiza\u00e7\u00e3o e jornalismo investigativo na Am\u00e9rica Latina e se dedica a aumentar a conscientiza\u00e7\u00e3o sobre a import\u00e2ncia da m\u00eddia independente para a sa\u00fade das democracias. Ela produz trabalhos jornal\u00edsticos com o objetivo de ajudar as pessoas a tomarem decis\u00f5es informadas sobre suas vidas e sociedades e deseja garantir que outros jornalistas possam fazer o mesmo. Ela tem bacharelado em jornalismo e artes liberais e um mestrado em Estudos Latino-Americanos, todos pela Universidade do Texas em Austin. Ela come\u00e7ou sua carreira jornal\u00edstica na The Beaumont Enterprise no sudeste do Texas, onde trabalhou pela \u00faltima vez como rep\u00f3rter de not\u00edcias de \u00faltima hora.","sameAs":["https:\/\/x.com\/TeresaMioli"],"url":"https:\/\/latamjournalismreview.org\/es\/articles\/author\/teresa-mioli\/"}]}},"_links":{"self":[{"href":"https:\/\/latamjournalismreview.org\/es\/wp-json\/wp\/v2\/posts\/165911","targetHints":{"allow":["GET"]}}],"collection":[{"href":"https:\/\/latamjournalismreview.org\/es\/wp-json\/wp\/v2\/posts"}],"about":[{"href":"https:\/\/latamjournalismreview.org\/es\/wp-json\/wp\/v2\/types\/post"}],"author":[{"embeddable":true,"href":"https:\/\/latamjournalismreview.org\/es\/wp-json\/wp\/v2\/users\/3"}],"replies":[{"embeddable":true,"href":"https:\/\/latamjournalismreview.org\/es\/wp-json\/wp\/v2\/comments?post=165911"}],"version-history":[{"count":2,"href":"https:\/\/latamjournalismreview.org\/es\/wp-json\/wp\/v2\/posts\/165911\/revisions"}],"predecessor-version":[{"id":166079,"href":"https:\/\/latamjournalismreview.org\/es\/wp-json\/wp\/v2\/posts\/165911\/revisions\/166079"}],"wp:featuredmedia":[{"embeddable":true,"href":"https:\/\/latamjournalismreview.org\/es\/wp-json\/wp\/v2\/media\/166008"}],"wp:attachment":[{"href":"https:\/\/latamjournalismreview.org\/es\/wp-json\/wp\/v2\/media?parent=165911"}],"wp:term":[{"taxonomy":"category","embeddable":true,"href":"https:\/\/latamjournalismreview.org\/es\/wp-json\/wp\/v2\/categories?post=165911"},{"taxonomy":"post_tag","embeddable":true,"href":"https:\/\/latamjournalismreview.org\/es\/wp-json\/wp\/v2\/tags?post=165911"},{"taxonomy":"author","embeddable":true,"href":"https:\/\/latamjournalismreview.org\/es\/wp-json\/wp\/v2\/coauthors?post=165911"}],"curies":[{"name":"wp","href":"https:\/\/api.w.org\/{rel}","templated":true}]}}