{"id":1732,"date":"2019-12-16T23:18:43","date_gmt":"2019-12-17T04:18:43","guid":{"rendered":"https:\/\/live-lajr.pantheonsite.io\/articles\/a-censura-foi-algo-intrinseco-ao-chavismo-desde-o-primeiro-dia-diz-livro-sobre-20-anos-de-repressao-na-venezuela\/"},"modified":"2020-06-02T21:11:20","modified_gmt":"2020-06-03T02:11:20","slug":"a-censura-foi-algo-intrinseco-ao-chavismo-desde-o-primeiro-dia-diz-livro-sobre-20-anos-de-repressao-na-venezuela","status":"publish","type":"post","link":"https:\/\/latamjournalismreview.org\/es\/articles\/a-censura-foi-algo-intrinseco-ao-chavismo-desde-o-primeiro-dia-diz-livro-sobre-20-anos-de-repressao-na-venezuela\/","title":{"rendered":"\u201cLa censura fue algo intr\u00ednseco al chavismo desde el primer d\u00eda\u201d, se\u00f1ala libro sobre \u00faltimos 20 a\u00f1os de represi\u00f3n en Venezuela"},"content":{"rendered":"<p style=\"font-weight: 400;\">El control de la palabra p\u00fablica fue, desde el comienzo, una caracter\u00edstica del nuevo modelo de gobierno que se instauraba en Venezuela con Hugo Ch\u00e1vez en 1999, se\u00f1al\u00f3 el investigador y columnista venezolano Andr\u00e9s Ca\u00f1iz\u00e1lez.<\/p>\n<div id=\"attachment_1721\" style=\"width: 197px\" class=\"wp-caption alignleft\"><img loading=\"lazy\" decoding=\"async\" aria-describedby=\"caption-attachment-1721\" class=\"wp-image-1719 size-medium\" src=\"https:\/\/live-lajr.pantheonsite.io\/wp-content\/uploads\/2020\/05\/20-a\u00f1os-de-censura-en-venezuela-187x300.jpg\" alt=\"\" width=\"187\" height=\"300\" srcset=\"https:\/\/latamjournalismreview.org\/wp-content\/uploads\/2020\/05\/20-a\u00f1os-de-censura-en-venezuela-187x300.jpg 187w, https:\/\/latamjournalismreview.org\/wp-content\/uploads\/2020\/05\/20-a\u00f1os-de-censura-en-venezuela-639x1024.jpg 639w, https:\/\/latamjournalismreview.org\/wp-content\/uploads\/2020\/05\/20-a\u00f1os-de-censura-en-venezuela-768x1230.jpg 768w, https:\/\/latamjournalismreview.org\/wp-content\/uploads\/2020\/05\/20-a\u00f1os-de-censura-en-venezuela-959x1536.jpg 959w, https:\/\/latamjournalismreview.org\/wp-content\/uploads\/2020\/05\/20-a\u00f1os-de-censura-en-venezuela-1279x2048.jpg 1279w, https:\/\/latamjournalismreview.org\/wp-content\/uploads\/2020\/05\/20-a\u00f1os-de-censura-en-venezuela.jpg 1498w\" sizes=\"auto, (max-width: 187px) 100vw, 187px\" \/><p id=\"caption-attachment-1721\" class=\"wp-caption-text\">20 a\u00f1os de censura en Venezuela<\/p><\/div>\n<p>\u201cEl chavismo, desde el inicio, estaba plante\u00e1ndose el secuestro del espacio p\u00fablico en Venezuela\u201d, dijo el autor en entrevista con el\u00a0<strong>Centro Knight<\/strong>.<\/p>\n<p>Ca\u00f1iz\u00e1lez, comunicador y doctor en ciencias pol\u00edticas, es el autor del libro \u201c20 a\u00f1os de censura en Venezuela (1999-2018)\u201d, que fue presentado en Caracas a fines de noviembre en la Feria del Libro que organiza la Universidad Cat\u00f3lica Andr\u00e9s Bello, instituci\u00f3n de la cual es investigador titular. Durante la presentaci\u00f3n, el historiador venezolano Tom\u00e1s Straka dijo respecto del libro que se trata de \u201cuna especie de gran cr\u00f3nica de la censura en Venezuela bajo el chavismo\u201d, de acuerdo con la nota de prensa.<\/p>\n<p>\u201cEl libro lo pens\u00e9 como un documento que en alg\u00fan momento pueda ayudarnos a reconstruir la historia del pa\u00eds, pues. Entonces, de cada a\u00f1o, a partir de 1999, yo escog\u00ed dos o tres casos emblem\u00e1ticos de censura y construyo una peque\u00f1a historia sobre lo que ocurri\u00f3\u201d, explic\u00f3 el autor. Adem\u00e1s incluye una cronolog\u00eda puntual de diversos casos de censura que espera pueda serle \u00fatil a estudiantes e investigadores.<\/p>\n<p>Uno de los casos emblem\u00e1ticos que destaca Ca\u00f1iz\u00e1lez en su libro, como primer punto de inflexi\u00f3n de la censura que ejerc\u00eda el chavismo sobre los medios de comunicaci\u00f3n, es el\u00a0<a href=\"https:\/\/elpais.com\/internacional\/2007\/05\/28\/actualidad\/1180303206_850215.html\" target=\"_blank\" rel=\"noopener noreferrer\">cierre de Radio Caracas Televisi\u00f3n (RCTV)<\/a>, en 2007, tras 53 a\u00f1os en el aire. Fue la primera vez en la historia de Am\u00e9rica Latina, sostuvo Ca\u00f1iz\u00e1lez, que un gobierno cesaba la concesi\u00f3n a uno de los grandes medios tradicionales. \u201cEso tuvo un costo muy elevado para el chavismo\u201d, pero tambi\u00e9n supuso un aprendizaje, dijo.<\/p>\n<p>Los meses de anticipaci\u00f3n con que se anunci\u00f3 el cierre de RCTV permitieron, se\u00f1al\u00f3 el autor, que los medios de comunicaci\u00f3n, periodistas, universidades, estudiantes y organizaciones sociales se organicen en una serie de actividades en contra del cierre, adem\u00e1s de numerosas manifestaciones sociales. A partir de ah\u00ed, en opini\u00f3n de Ca\u00f1iz\u00e1lez, los m\u00e9todos de censura del gobierno contra los medios fueron m\u00e1s arbitrarios e intempestivos.<\/p>\n<p>Una de las evidencias de lo que aprendieron de ese incidente, y el cual cita el autor en su libro, fue \u201c<a href=\"https:\/\/knightcenter.utexas.edu\/es\/blog\/periodistas-venezolanos-protestan-un-ano-de-cierre-de-radioemisoras\" target=\"_blank\" rel=\"noopener noreferrer\">el radiocidio<\/a>\u201d, el cual se refiere al cierre simult\u00e1neo, en julio de 2009, de 32 emisoras radiales y 2 canales de televisi\u00f3n locales del pa\u00eds. \u201cEso se produjo sin previo aviso\u201d. \u201cSencillamente, a medianoche llegaron funcionarios militares y de Conatel (Comisi\u00f3n Nacional de Telecomunicaciones), a las 34 emisoras, y de forma arbitraria sin que los afectados pudieran prepararse ni apelar la medida, incautaron los transmisores\u201d, dijo Ca\u00f1izales.<\/p>\n<p>Con el cierre de RCTV, de acuerdo con el autor, el chavismo aprendi\u00f3 que una medida de censura se tiene que ejecutar de inmediato, no se puede anunciar con antelaci\u00f3n.<\/p>\n<p>Otro de los m\u00e9todos de censura de Ch\u00e1vez, esta vez m\u00e1s indirecta, dijo Ca\u00f1iz\u00e1lez, fue presionar a los propietarios de medios hasta lograr que los pusieran a la venta para que sean comprados por empresarios vinculados al r\u00e9gimen. El caso emblem\u00e1tico de este tipo de censura, de acuerdo con el autor, es el cierre y\u00a0<a href=\"https:\/\/knightcenter.utexas.edu\/es\/blog\/00-14322-renuncia-de-11-periodistas-en-globovision-revela-cambios-en-el-escenario-mediatico-de-\" target=\"_blank\" rel=\"noopener noreferrer\">compra de Globovisi\u00f3n en 2013<\/a>, un canal de noticias que tambi\u00e9n era muy cr\u00edtico con el gobierno.<\/p>\n<p>\u201cA los que eran due\u00f1os se les hizo persecuci\u00f3n tributaria, judicial, hasta que ellos tuvieron que abandonar el pa\u00eds y, en un acto desesperado, tuvieron que vender el medio de comunicaci\u00f3n\u201d, relat\u00f3. La venta de ese medio \u201cprovoc\u00f3 una transformaci\u00f3n de 180 grados en la l\u00ednea editorial de Globovisi\u00f3n. \u201cEntonces, sin cerrarlo, logr\u00f3 el gobierno torcer la l\u00ednea editorial\u201d, explic\u00f3.<\/p>\n<p>Ch\u00e1vez personalmente logr\u00f3 polarizar a la sociedad en muchos aspectos y los medios de comunicaci\u00f3n fueron uno de los principales objetivos, de acuerdo con el autor. En junio del 2001, en su discurso por el\u00a0<a href=\"http:\/\/todochavez.gob.ve\/todochavez\/1699-alocucion-del-comandante-presidente-hugo-chavez-con-motivo-de-la-entrega-de-premios-a-los-comunicadores-sociales-en-el-dia-del-periodista\" target=\"_blank\" rel=\"noopener noreferrer\">D\u00eda del Periodista en Venezuela<\/a>, Ch\u00e1vez se\u00f1al\u00f3 que los medios de comunicaci\u00f3n y los periodistas eran los adversarios hist\u00f3ricos de su proyecto pol\u00edtico, resalt\u00f3 Ca\u00f1iz\u00e1lez.<\/p>\n<p>A partir de 2013, resalta Ca\u00f1iz\u00e1lez en su libro, empez\u00f3 otra modalidad de censura indirecta a los medios con la desaparici\u00f3n de la prensa escrita en Venezuela. Se fortaleci\u00f3 el monopolio estatal sobre la importaci\u00f3n de papel peri\u00f3dico y empez\u00f3 el progresivo bloqueo del suministro de insumos de imprenta a los diarios y revistas de cobertura nacional y regional.<\/p>\n<p>De acuerdo con el libro, m\u00e1s de 60 diarios han dejado de circular debido a la crisis de papel, entre ellos, el diario independiente\u00a0<a href=\"https:\/\/knightcenter.utexas.edu\/es\/blog\/00-20421-el-nacional-el-principal-periodico-independiente-de-venezuela-pone-fin-su-edicion-impr\" target=\"_blank\" rel=\"noopener noreferrer\">El Nacional<\/a>, a fines de 2018, despu\u00e9s de 75 a\u00f1os de circulaci\u00f3n.<\/p>\n<div id=\"attachment_1724\" style=\"width: 250px\" class=\"wp-caption alignright\"><img loading=\"lazy\" decoding=\"async\" aria-describedby=\"caption-attachment-1724\" class=\"wp-image-1722 size-full\" src=\"https:\/\/live-lajr.pantheonsite.io\/wp-content\/uploads\/2020\/05\/Portrait-of-Andr\u00e9s-Ca\u00f1iz\u00e1lez.-Courtesy.jpg\" alt=\"\" width=\"240\" height=\"164\" \/><p id=\"caption-attachment-1724\" class=\"wp-caption-text\">Retrato de Andr\u00e9s Ca\u00f1iz\u00e1lez. (Courtesy)<\/p><\/div>\n<p style=\"font-weight: 400;\"><span style=\"font-weight: inherit; font-style: inherit;\">A isso se acrescenta que a oferta de not\u00edcias televisivas da Venezuela n\u00e3o \u00e9 mais uma refer\u00eancia informativa para a popula\u00e7\u00e3o, afirmou o autor. \u201cAs pessoas procuram informa\u00e7\u00f5es nas redes sociais, principalmente, mas nem toda a popula\u00e7\u00e3o tem acesso \u00e0s redes sociais. Existem iniciativas importantes na m\u00eddia digital, mas acho que essas m\u00eddias n\u00e3o est\u00e3o conseguindo falar com o p\u00fablico em geral, com o p\u00fablico de massa. \u201d<\/span><\/p>\n<p style=\"font-weight: 400;\"><span style=\"font-weight: inherit; font-style: inherit;\">Apesar de grande parte da popula\u00e7\u00e3o querer uma mudan\u00e7a de modelo de governo, segundo o autor, existem muitos fatores que favorecem a perman\u00eancia do presidente Nicol\u00e1s Maduro no poder (desde 2014). Isso tem a ver com a censura que prevalece na Venezuela, com a desinforma\u00e7\u00e3o, o bloqueio de sites informativos e, entre outras coisas, com a aus\u00eancia de refer\u00eancias informativas nacionais, o que faz com que os venezuelanos tenham acesso pouca informa\u00e7\u00e3o, parcial e fragmentada, enfatizou.<\/span><\/p>\n<p style=\"font-weight: 400;\"><span style=\"font-weight: inherit; font-style: inherit;\">Herdando o modelo que Ch\u00e1vez construiu, disse Ca\u00f1iz\u00e1lez, Maduro tem ferramentas para controlar a m\u00eddia atrav\u00e9s do uso legal, tribut\u00e1rio, administrativo e tamb\u00e9m direto da pol\u00edcia ou for\u00e7as militares.<\/span><\/p>\n<p style=\"font-weight: 400;\"><span style=\"font-weight: inherit; font-style: inherit;\">A inten\u00e7\u00e3o do livro, conclui o autor, \u00e9 entender a complexidade da hist\u00f3ria da censura na Venezuela, \u201cque n\u00e3o se limita a alguns casos espec\u00edficos, mas h\u00e1 um mar inteiro ao fundo\".<\/span><\/p>\n","protected":false},"excerpt":{"rendered":"<p>El control de la palabra p\u00fablica fue, desde el comienzo, una caracter\u00edstica del nuevo modelo de gobierno que se instauraba en Venezuela con Hugo Ch\u00e1vez en 1999, se\u00f1al\u00f3 el investigador y columnista venezolano Andr\u00e9s Ca\u00f1iz\u00e1lez.<\/p>\n","protected":false},"author":4,"featured_media":1724,"comment_status":"closed","ping_status":"closed","sticky":false,"template":"","format":"standard","meta":{"inline_featured_image":false,"footnotes":""},"categories":[1225],"tags":[1404,1405],"coauthors":[],"class_list":["post-1732","post","type-post","status-publish","format-standard","has-post-thumbnail","hentry","category-investigacion-academica-es","tag-censura-es","tag-venezuela-es-2"],"acf":[],"yoast_head":"<!-- This site is optimized with the Yoast SEO Premium plugin v22.6 (Yoast SEO v27.4) - https:\/\/yoast.com\/product\/yoast-seo-premium-wordpress\/ -->\n<title>\u201cLa censura fue algo intr\u00ednseco al chavismo desde el primer d\u00eda\u201d, se\u00f1ala libro sobre \u00faltimos 20 a\u00f1os de represi\u00f3n en Venezuela - LatAm Journalism Review<\/title>\n<meta name=\"description\" content=\"\u201cLa censura fue algo intr\u00ednseco al chavismo desde el primer d\u00eda\u201d, se\u00f1ala libro sobre \u00faltimos 20 a\u00f1os de represi\u00f3n en Venezuela . Latin American Journalism Review by The Knight Center at The University of Texas at Austin.\" \/>\n<meta name=\"robots\" content=\"index, follow, max-snippet:-1, max-image-preview:large, max-video-preview:-1\" \/>\n<link rel=\"canonical\" href=\"https:\/\/latamjournalismreview.org\/es\/articles\/a-censura-foi-algo-intrinseco-ao-chavismo-desde-o-primeiro-dia-diz-livro-sobre-20-anos-de-repressao-na-venezuela\/\" \/>\n<meta property=\"og:locale\" content=\"es_ES\" \/>\n<meta property=\"og:type\" content=\"article\" \/>\n<meta property=\"og:title\" content=\"\u201cLa censura fue algo intr\u00ednseco al chavismo desde el primer d\u00eda\u201d, se\u00f1ala libro sobre \u00faltimos 20 a\u00f1os de represi\u00f3n en Venezuela\" \/>\n<meta property=\"og:description\" content=\"\u201cLa censura fue algo intr\u00ednseco al chavismo desde el primer d\u00eda\u201d, se\u00f1ala libro sobre \u00faltimos 20 a\u00f1os de represi\u00f3n en Venezuela . Latin American Journalism Review by The Knight Center at The University of Texas at Austin.\" \/>\n<meta property=\"og:url\" content=\"https:\/\/latamjournalismreview.org\/es\/articles\/a-censura-foi-algo-intrinseco-ao-chavismo-desde-o-primeiro-dia-diz-livro-sobre-20-anos-de-repressao-na-venezuela\/\" \/>\n<meta property=\"og:site_name\" content=\"LatAm Journalism Review\" \/>\n<meta property=\"article:published_time\" content=\"2019-12-17T04:18:43+00:00\" \/>\n<meta property=\"article:modified_time\" content=\"2020-06-03T02:11:20+00:00\" \/>\n<meta property=\"og:image\" content=\"https:\/\/latamjournalismreview.org\/wp-content\/uploads\/2020\/05\/Portrait-of-Andr\u00e9s-Ca\u00f1iz\u00e1lez.-Courtesy.jpg\" \/>\n\t<meta property=\"og:image:width\" content=\"240\" \/>\n\t<meta property=\"og:image:height\" content=\"164\" \/>\n\t<meta property=\"og:image:type\" content=\"image\/jpeg\" \/>\n<meta name=\"author\" content=\"Paola Nalvarte\" \/>\n<meta name=\"twitter:card\" content=\"summary_large_image\" \/>\n<meta name=\"twitter:creator\" content=\"@paolanalvarte\" \/>\n<meta name=\"twitter:site\" content=\"@LatAmJournalism\" \/>\n<meta name=\"twitter:label1\" content=\"Written by\" \/>\n\t<meta name=\"twitter:data1\" content=\"Paola Nalvarte\" \/>\n\t<meta name=\"twitter:label2\" content=\"Est. reading time\" \/>\n\t<meta name=\"twitter:data2\" content=\"6 minutos\" \/>\n<script type=\"application\/ld+json\" class=\"yoast-schema-graph\">{\"@context\":\"https:\\\/\\\/schema.org\",\"@graph\":[{\"@type\":\"Article\",\"@id\":\"https:\\\/\\\/latamjournalismreview.org\\\/es\\\/articles\\\/a-censura-foi-algo-intrinseco-ao-chavismo-desde-o-primeiro-dia-diz-livro-sobre-20-anos-de-repressao-na-venezuela\\\/#article\",\"isPartOf\":{\"@id\":\"https:\\\/\\\/latamjournalismreview.org\\\/es\\\/articles\\\/a-censura-foi-algo-intrinseco-ao-chavismo-desde-o-primeiro-dia-diz-livro-sobre-20-anos-de-repressao-na-venezuela\\\/\"},\"author\":{\"name\":\"Paola Nalvarte\",\"@id\":\"https:\\\/\\\/latamjournalismreview.org\\\/es\\\/#\\\/schema\\\/person\\\/d0b9fa850ef1b6f56bb445e52f29f63f\"},\"headline\":\"\u201cLa censura fue algo intr\u00ednseco al chavismo desde el primer d\u00eda\u201d, se\u00f1ala libro sobre \u00faltimos 20 a\u00f1os de represi\u00f3n en Venezuela\",\"datePublished\":\"2019-12-17T04:18:43+00:00\",\"dateModified\":\"2020-06-03T02:11:20+00:00\",\"mainEntityOfPage\":{\"@id\":\"https:\\\/\\\/latamjournalismreview.org\\\/es\\\/articles\\\/a-censura-foi-algo-intrinseco-ao-chavismo-desde-o-primeiro-dia-diz-livro-sobre-20-anos-de-repressao-na-venezuela\\\/\"},\"wordCount\":1125,\"publisher\":{\"@id\":\"https:\\\/\\\/latamjournalismreview.org\\\/es\\\/#organization\"},\"image\":{\"@id\":\"https:\\\/\\\/latamjournalismreview.org\\\/es\\\/articles\\\/a-censura-foi-algo-intrinseco-ao-chavismo-desde-o-primeiro-dia-diz-livro-sobre-20-anos-de-repressao-na-venezuela\\\/#primaryimage\"},\"thumbnailUrl\":\"https:\\\/\\\/latamjournalismreview.org\\\/wp-content\\\/uploads\\\/2020\\\/05\\\/Portrait-of-Andr\u00e9s-Ca\u00f1iz\u00e1lez.-Courtesy.jpg\",\"keywords\":[\"Censura\",\"Venezuela\"],\"articleSection\":[\"Investigaci\u00f3n acad\u00e9mica\"],\"inLanguage\":\"es\"},{\"@type\":\"WebPage\",\"@id\":\"https:\\\/\\\/latamjournalismreview.org\\\/es\\\/articles\\\/a-censura-foi-algo-intrinseco-ao-chavismo-desde-o-primeiro-dia-diz-livro-sobre-20-anos-de-repressao-na-venezuela\\\/\",\"url\":\"https:\\\/\\\/latamjournalismreview.org\\\/es\\\/articles\\\/a-censura-foi-algo-intrinseco-ao-chavismo-desde-o-primeiro-dia-diz-livro-sobre-20-anos-de-repressao-na-venezuela\\\/\",\"name\":\"\u201cLa censura fue algo intr\u00ednseco al chavismo desde el primer d\u00eda\u201d, se\u00f1ala libro sobre \u00faltimos 20 a\u00f1os de represi\u00f3n en Venezuela - LatAm Journalism Review\",\"isPartOf\":{\"@id\":\"https:\\\/\\\/latamjournalismreview.org\\\/es\\\/#website\"},\"primaryImageOfPage\":{\"@id\":\"https:\\\/\\\/latamjournalismreview.org\\\/es\\\/articles\\\/a-censura-foi-algo-intrinseco-ao-chavismo-desde-o-primeiro-dia-diz-livro-sobre-20-anos-de-repressao-na-venezuela\\\/#primaryimage\"},\"image\":{\"@id\":\"https:\\\/\\\/latamjournalismreview.org\\\/es\\\/articles\\\/a-censura-foi-algo-intrinseco-ao-chavismo-desde-o-primeiro-dia-diz-livro-sobre-20-anos-de-repressao-na-venezuela\\\/#primaryimage\"},\"thumbnailUrl\":\"https:\\\/\\\/latamjournalismreview.org\\\/wp-content\\\/uploads\\\/2020\\\/05\\\/Portrait-of-Andr\u00e9s-Ca\u00f1iz\u00e1lez.-Courtesy.jpg\",\"datePublished\":\"2019-12-17T04:18:43+00:00\",\"dateModified\":\"2020-06-03T02:11:20+00:00\",\"description\":\"\u201cLa censura fue algo intr\u00ednseco al chavismo desde el primer d\u00eda\u201d, se\u00f1ala libro sobre \u00faltimos 20 a\u00f1os de represi\u00f3n en Venezuela . Latin American Journalism Review by The Knight Center at The University of Texas at Austin.\",\"breadcrumb\":{\"@id\":\"https:\\\/\\\/latamjournalismreview.org\\\/es\\\/articles\\\/a-censura-foi-algo-intrinseco-ao-chavismo-desde-o-primeiro-dia-diz-livro-sobre-20-anos-de-repressao-na-venezuela\\\/#breadcrumb\"},\"inLanguage\":\"es\",\"potentialAction\":[{\"@type\":\"ReadAction\",\"target\":[\"https:\\\/\\\/latamjournalismreview.org\\\/es\\\/articles\\\/a-censura-foi-algo-intrinseco-ao-chavismo-desde-o-primeiro-dia-diz-livro-sobre-20-anos-de-repressao-na-venezuela\\\/\"]}]},{\"@type\":\"ImageObject\",\"inLanguage\":\"es\",\"@id\":\"https:\\\/\\\/latamjournalismreview.org\\\/es\\\/articles\\\/a-censura-foi-algo-intrinseco-ao-chavismo-desde-o-primeiro-dia-diz-livro-sobre-20-anos-de-repressao-na-venezuela\\\/#primaryimage\",\"url\":\"https:\\\/\\\/latamjournalismreview.org\\\/wp-content\\\/uploads\\\/2020\\\/05\\\/Portrait-of-Andr\u00e9s-Ca\u00f1iz\u00e1lez.-Courtesy.jpg\",\"contentUrl\":\"https:\\\/\\\/latamjournalismreview.org\\\/wp-content\\\/uploads\\\/2020\\\/05\\\/Portrait-of-Andr\u00e9s-Ca\u00f1iz\u00e1lez.-Courtesy.jpg\",\"width\":240,\"height\":164,\"caption\":\"Retrato de Andr\u00e9s Ca\u00f1iz\u00e1lez. (Courtesy)\"},{\"@type\":\"BreadcrumbList\",\"@id\":\"https:\\\/\\\/latamjournalismreview.org\\\/es\\\/articles\\\/a-censura-foi-algo-intrinseco-ao-chavismo-desde-o-primeiro-dia-diz-livro-sobre-20-anos-de-repressao-na-venezuela\\\/#breadcrumb\",\"itemListElement\":[{\"@type\":\"ListItem\",\"position\":1,\"name\":\"Home\",\"item\":\"https:\\\/\\\/latamjournalismreview.org\\\/es\\\/\"},{\"@type\":\"ListItem\",\"position\":2,\"name\":\"\u201cLa censura fue algo intr\u00ednseco al chavismo desde el primer d\u00eda\u201d, se\u00f1ala libro sobre \u00faltimos 20 a\u00f1os de represi\u00f3n en Venezuela\"}]},{\"@type\":\"WebSite\",\"@id\":\"https:\\\/\\\/latamjournalismreview.org\\\/es\\\/#website\",\"url\":\"https:\\\/\\\/latamjournalismreview.org\\\/es\\\/\",\"name\":\"LatAm Journalism Review\",\"description\":\"Knight Center at The University of Texas\",\"publisher\":{\"@id\":\"https:\\\/\\\/latamjournalismreview.org\\\/es\\\/#organization\"},\"potentialAction\":[{\"@type\":\"SearchAction\",\"target\":{\"@type\":\"EntryPoint\",\"urlTemplate\":\"https:\\\/\\\/latamjournalismreview.org\\\/es\\\/?s={search_term_string}\"},\"query-input\":{\"@type\":\"PropertyValueSpecification\",\"valueRequired\":true,\"valueName\":\"search_term_string\"}}],\"inLanguage\":\"es\"},{\"@type\":\"Organization\",\"@id\":\"https:\\\/\\\/latamjournalismreview.org\\\/es\\\/#organization\",\"name\":\"LatAm Journalism Review\",\"url\":\"https:\\\/\\\/latamjournalismreview.org\\\/es\\\/\",\"logo\":{\"@type\":\"ImageObject\",\"inLanguage\":\"es\",\"@id\":\"https:\\\/\\\/latamjournalismreview.org\\\/es\\\/#\\\/schema\\\/logo\\\/image\\\/\",\"url\":\"https:\\\/\\\/latamjournalismreview.org\\\/wp-content\\\/uploads\\\/2020\\\/05\\\/knight-latAm-review-logo.svg\",\"contentUrl\":\"https:\\\/\\\/latamjournalismreview.org\\\/wp-content\\\/uploads\\\/2020\\\/05\\\/knight-latAm-review-logo.svg\",\"width\":\"1024\",\"height\":\"1024\",\"caption\":\"LatAm Journalism Review\"},\"image\":{\"@id\":\"https:\\\/\\\/latamjournalismreview.org\\\/es\\\/#\\\/schema\\\/logo\\\/image\\\/\"},\"sameAs\":[\"https:\\\/\\\/x.com\\\/LatAmJournalism\"]},{\"@type\":\"Person\",\"@id\":\"https:\\\/\\\/latamjournalismreview.org\\\/es\\\/#\\\/schema\\\/person\\\/d0b9fa850ef1b6f56bb445e52f29f63f\",\"name\":\"Paola Nalvarte\",\"description\":\"Paola Nalvarte is a Peruvian journalist and documentary photographer living in Austin, Texas. She focuses on covering and writing about the Andes region. In Peru, Paola worked in the Lima office of the Italian news agency ANSA, on the economic news desk of the daily Expreso, and for ten years she has been working on different editorial projects doing picture editing and research for one of the oldest Spanish-language papers in the world, the Peruvian newspaper El Comercio. She also enjoyed writing for the newspaper weekly magazine Somos. Paola Nalvarte es una periodista y fot\u00f3grafa documental peruana que vive en Austin, Texas. El foco de inter\u00e9s de su cobertura noticiosa es la regi\u00f3n andina. En Per\u00fa, Paola trabaj\u00f3 en la oficina de Lima de la agencia italiana de noticias ANSA, en la secci\u00f3n de econom\u00eda del diario Expreso y por diez a\u00f1os hizo investigaci\u00f3n fotogr\u00e1fica y edici\u00f3n de fotograf\u00eda editorial en el diario decano de la prensa peruana, El Comercio. Tambi\u00e9n escribi\u00f3 para Somos, la revista semanal del mismo diario\u200b, art\u00edculos sobre medio ambiente y cultura. Paola Nalvarte \u00e9 uma jornalista peruana e fot\u00f3grafa documentarista que vive em Austin, Texas. O foco de interesse da sua cobertura jornal\u00edstica \u00e9 a regi\u00e3o andina. No Peru, Paola trabalhou no escrit\u00f3rio de Lima da ag\u00eancia de not\u00edcias italiana ANSA, na se\u00e7\u00e3o de economia do jornal Expreso e, por dez anos, fez pesquisa fotogr\u00e1fica e edi\u00e7\u00e3o de fotografia editorial para um dos jornais em espanhol mais antigos do mundo, o jornal peruano El Comercio. Ela tamb\u00e9m escreveu artigos de meio ambiente e cultura para a Somos, a revista semanal do mesmo jornal.\",\"sameAs\":[\"https:\\\/\\\/x.com\\\/paolanalvarte\"],\"url\":\"https:\\\/\\\/latamjournalismreview.org\\\/es\\\/articles\\\/author\\\/paola-nalvarte\\\/\"}]}<\/script>\n<!-- \/ Yoast SEO Premium plugin. -->","yoast_head_json":{"title":"\u201cLa censura fue algo intr\u00ednseco al chavismo desde el primer d\u00eda\u201d, se\u00f1ala libro sobre \u00faltimos 20 a\u00f1os de represi\u00f3n en Venezuela - LatAm Journalism Review","description":"\u201cLa censura fue algo intr\u00ednseco al chavismo desde el primer d\u00eda\u201d, se\u00f1ala libro sobre \u00faltimos 20 a\u00f1os de represi\u00f3n en Venezuela . Latin American Journalism Review by The Knight Center at The University of Texas at Austin.","robots":{"index":"index","follow":"follow","max-snippet":"max-snippet:-1","max-image-preview":"max-image-preview:large","max-video-preview":"max-video-preview:-1"},"canonical":"https:\/\/latamjournalismreview.org\/es\/articles\/a-censura-foi-algo-intrinseco-ao-chavismo-desde-o-primeiro-dia-diz-livro-sobre-20-anos-de-repressao-na-venezuela\/","og_locale":"es_ES","og_type":"article","og_title":"\u201cLa censura fue algo intr\u00ednseco al chavismo desde el primer d\u00eda\u201d, se\u00f1ala libro sobre \u00faltimos 20 a\u00f1os de represi\u00f3n en Venezuela","og_description":"\u201cLa censura fue algo intr\u00ednseco al chavismo desde el primer d\u00eda\u201d, se\u00f1ala libro sobre \u00faltimos 20 a\u00f1os de represi\u00f3n en Venezuela . Latin American Journalism Review by The Knight Center at The University of Texas at Austin.","og_url":"https:\/\/latamjournalismreview.org\/es\/articles\/a-censura-foi-algo-intrinseco-ao-chavismo-desde-o-primeiro-dia-diz-livro-sobre-20-anos-de-repressao-na-venezuela\/","og_site_name":"LatAm Journalism Review","article_published_time":"2019-12-17T04:18:43+00:00","article_modified_time":"2020-06-03T02:11:20+00:00","og_image":[{"width":240,"height":164,"url":"https:\/\/latamjournalismreview.org\/wp-content\/uploads\/2020\/05\/Portrait-of-Andr\u00e9s-Ca\u00f1iz\u00e1lez.-Courtesy.jpg","type":"image\/jpeg"}],"author":"Paola Nalvarte","twitter_card":"summary_large_image","twitter_creator":"@paolanalvarte","twitter_site":"@LatAmJournalism","twitter_misc":{"Written by":"Paola Nalvarte","Est. reading time":"6 minutos"},"schema":{"@context":"https:\/\/schema.org","@graph":[{"@type":"Article","@id":"https:\/\/latamjournalismreview.org\/es\/articles\/a-censura-foi-algo-intrinseco-ao-chavismo-desde-o-primeiro-dia-diz-livro-sobre-20-anos-de-repressao-na-venezuela\/#article","isPartOf":{"@id":"https:\/\/latamjournalismreview.org\/es\/articles\/a-censura-foi-algo-intrinseco-ao-chavismo-desde-o-primeiro-dia-diz-livro-sobre-20-anos-de-repressao-na-venezuela\/"},"author":{"name":"Paola Nalvarte","@id":"https:\/\/latamjournalismreview.org\/es\/#\/schema\/person\/d0b9fa850ef1b6f56bb445e52f29f63f"},"headline":"\u201cLa censura fue algo intr\u00ednseco al chavismo desde el primer d\u00eda\u201d, se\u00f1ala libro sobre \u00faltimos 20 a\u00f1os de represi\u00f3n en Venezuela","datePublished":"2019-12-17T04:18:43+00:00","dateModified":"2020-06-03T02:11:20+00:00","mainEntityOfPage":{"@id":"https:\/\/latamjournalismreview.org\/es\/articles\/a-censura-foi-algo-intrinseco-ao-chavismo-desde-o-primeiro-dia-diz-livro-sobre-20-anos-de-repressao-na-venezuela\/"},"wordCount":1125,"publisher":{"@id":"https:\/\/latamjournalismreview.org\/es\/#organization"},"image":{"@id":"https:\/\/latamjournalismreview.org\/es\/articles\/a-censura-foi-algo-intrinseco-ao-chavismo-desde-o-primeiro-dia-diz-livro-sobre-20-anos-de-repressao-na-venezuela\/#primaryimage"},"thumbnailUrl":"https:\/\/latamjournalismreview.org\/wp-content\/uploads\/2020\/05\/Portrait-of-Andr\u00e9s-Ca\u00f1iz\u00e1lez.-Courtesy.jpg","keywords":["Censura","Venezuela"],"articleSection":["Investigaci\u00f3n acad\u00e9mica"],"inLanguage":"es"},{"@type":"WebPage","@id":"https:\/\/latamjournalismreview.org\/es\/articles\/a-censura-foi-algo-intrinseco-ao-chavismo-desde-o-primeiro-dia-diz-livro-sobre-20-anos-de-repressao-na-venezuela\/","url":"https:\/\/latamjournalismreview.org\/es\/articles\/a-censura-foi-algo-intrinseco-ao-chavismo-desde-o-primeiro-dia-diz-livro-sobre-20-anos-de-repressao-na-venezuela\/","name":"\u201cLa censura fue algo intr\u00ednseco al chavismo desde el primer d\u00eda\u201d, se\u00f1ala libro sobre \u00faltimos 20 a\u00f1os de represi\u00f3n en Venezuela - LatAm Journalism Review","isPartOf":{"@id":"https:\/\/latamjournalismreview.org\/es\/#website"},"primaryImageOfPage":{"@id":"https:\/\/latamjournalismreview.org\/es\/articles\/a-censura-foi-algo-intrinseco-ao-chavismo-desde-o-primeiro-dia-diz-livro-sobre-20-anos-de-repressao-na-venezuela\/#primaryimage"},"image":{"@id":"https:\/\/latamjournalismreview.org\/es\/articles\/a-censura-foi-algo-intrinseco-ao-chavismo-desde-o-primeiro-dia-diz-livro-sobre-20-anos-de-repressao-na-venezuela\/#primaryimage"},"thumbnailUrl":"https:\/\/latamjournalismreview.org\/wp-content\/uploads\/2020\/05\/Portrait-of-Andr\u00e9s-Ca\u00f1iz\u00e1lez.-Courtesy.jpg","datePublished":"2019-12-17T04:18:43+00:00","dateModified":"2020-06-03T02:11:20+00:00","description":"\u201cLa censura fue algo intr\u00ednseco al chavismo desde el primer d\u00eda\u201d, se\u00f1ala libro sobre \u00faltimos 20 a\u00f1os de represi\u00f3n en Venezuela . Latin American Journalism Review by The Knight Center at The University of Texas at Austin.","breadcrumb":{"@id":"https:\/\/latamjournalismreview.org\/es\/articles\/a-censura-foi-algo-intrinseco-ao-chavismo-desde-o-primeiro-dia-diz-livro-sobre-20-anos-de-repressao-na-venezuela\/#breadcrumb"},"inLanguage":"es","potentialAction":[{"@type":"ReadAction","target":["https:\/\/latamjournalismreview.org\/es\/articles\/a-censura-foi-algo-intrinseco-ao-chavismo-desde-o-primeiro-dia-diz-livro-sobre-20-anos-de-repressao-na-venezuela\/"]}]},{"@type":"ImageObject","inLanguage":"es","@id":"https:\/\/latamjournalismreview.org\/es\/articles\/a-censura-foi-algo-intrinseco-ao-chavismo-desde-o-primeiro-dia-diz-livro-sobre-20-anos-de-repressao-na-venezuela\/#primaryimage","url":"https:\/\/latamjournalismreview.org\/wp-content\/uploads\/2020\/05\/Portrait-of-Andr\u00e9s-Ca\u00f1iz\u00e1lez.-Courtesy.jpg","contentUrl":"https:\/\/latamjournalismreview.org\/wp-content\/uploads\/2020\/05\/Portrait-of-Andr\u00e9s-Ca\u00f1iz\u00e1lez.-Courtesy.jpg","width":240,"height":164,"caption":"Retrato de Andr\u00e9s Ca\u00f1iz\u00e1lez. (Courtesy)"},{"@type":"BreadcrumbList","@id":"https:\/\/latamjournalismreview.org\/es\/articles\/a-censura-foi-algo-intrinseco-ao-chavismo-desde-o-primeiro-dia-diz-livro-sobre-20-anos-de-repressao-na-venezuela\/#breadcrumb","itemListElement":[{"@type":"ListItem","position":1,"name":"Home","item":"https:\/\/latamjournalismreview.org\/es\/"},{"@type":"ListItem","position":2,"name":"\u201cLa censura fue algo intr\u00ednseco al chavismo desde el primer d\u00eda\u201d, se\u00f1ala libro sobre \u00faltimos 20 a\u00f1os de represi\u00f3n en Venezuela"}]},{"@type":"WebSite","@id":"https:\/\/latamjournalismreview.org\/es\/#website","url":"https:\/\/latamjournalismreview.org\/es\/","name":"LatAm Journalism Review","description":"Knight Center at The University of Texas","publisher":{"@id":"https:\/\/latamjournalismreview.org\/es\/#organization"},"potentialAction":[{"@type":"SearchAction","target":{"@type":"EntryPoint","urlTemplate":"https:\/\/latamjournalismreview.org\/es\/?s={search_term_string}"},"query-input":{"@type":"PropertyValueSpecification","valueRequired":true,"valueName":"search_term_string"}}],"inLanguage":"es"},{"@type":"Organization","@id":"https:\/\/latamjournalismreview.org\/es\/#organization","name":"LatAm Journalism Review","url":"https:\/\/latamjournalismreview.org\/es\/","logo":{"@type":"ImageObject","inLanguage":"es","@id":"https:\/\/latamjournalismreview.org\/es\/#\/schema\/logo\/image\/","url":"https:\/\/latamjournalismreview.org\/wp-content\/uploads\/2020\/05\/knight-latAm-review-logo.svg","contentUrl":"https:\/\/latamjournalismreview.org\/wp-content\/uploads\/2020\/05\/knight-latAm-review-logo.svg","width":"1024","height":"1024","caption":"LatAm Journalism Review"},"image":{"@id":"https:\/\/latamjournalismreview.org\/es\/#\/schema\/logo\/image\/"},"sameAs":["https:\/\/x.com\/LatAmJournalism"]},{"@type":"Person","@id":"https:\/\/latamjournalismreview.org\/es\/#\/schema\/person\/d0b9fa850ef1b6f56bb445e52f29f63f","name":"Paola Nalvarte","description":"Paola Nalvarte is a Peruvian journalist and documentary photographer living in Austin, Texas. She focuses on covering and writing about the Andes region. In Peru, Paola worked in the Lima office of the Italian news agency ANSA, on the economic news desk of the daily Expreso, and for ten years she has been working on different editorial projects doing picture editing and research for one of the oldest Spanish-language papers in the world, the Peruvian newspaper El Comercio. She also enjoyed writing for the newspaper weekly magazine Somos. Paola Nalvarte es una periodista y fot\u00f3grafa documental peruana que vive en Austin, Texas. El foco de inter\u00e9s de su cobertura noticiosa es la regi\u00f3n andina. En Per\u00fa, Paola trabaj\u00f3 en la oficina de Lima de la agencia italiana de noticias ANSA, en la secci\u00f3n de econom\u00eda del diario Expreso y por diez a\u00f1os hizo investigaci\u00f3n fotogr\u00e1fica y edici\u00f3n de fotograf\u00eda editorial en el diario decano de la prensa peruana, El Comercio. Tambi\u00e9n escribi\u00f3 para Somos, la revista semanal del mismo diario\u200b, art\u00edculos sobre medio ambiente y cultura. Paola Nalvarte \u00e9 uma jornalista peruana e fot\u00f3grafa documentarista que vive em Austin, Texas. O foco de interesse da sua cobertura jornal\u00edstica \u00e9 a regi\u00e3o andina. No Peru, Paola trabalhou no escrit\u00f3rio de Lima da ag\u00eancia de not\u00edcias italiana ANSA, na se\u00e7\u00e3o de economia do jornal Expreso e, por dez anos, fez pesquisa fotogr\u00e1fica e edi\u00e7\u00e3o de fotografia editorial para um dos jornais em espanhol mais antigos do mundo, o jornal peruano El Comercio. Ela tamb\u00e9m escreveu artigos de meio ambiente e cultura para a Somos, a revista semanal do mesmo jornal.","sameAs":["https:\/\/x.com\/paolanalvarte"],"url":"https:\/\/latamjournalismreview.org\/es\/articles\/author\/paola-nalvarte\/"}]}},"_links":{"self":[{"href":"https:\/\/latamjournalismreview.org\/es\/wp-json\/wp\/v2\/posts\/1732","targetHints":{"allow":["GET"]}}],"collection":[{"href":"https:\/\/latamjournalismreview.org\/es\/wp-json\/wp\/v2\/posts"}],"about":[{"href":"https:\/\/latamjournalismreview.org\/es\/wp-json\/wp\/v2\/types\/post"}],"author":[{"embeddable":true,"href":"https:\/\/latamjournalismreview.org\/es\/wp-json\/wp\/v2\/users\/4"}],"replies":[{"embeddable":true,"href":"https:\/\/latamjournalismreview.org\/es\/wp-json\/wp\/v2\/comments?post=1732"}],"version-history":[{"count":6,"href":"https:\/\/latamjournalismreview.org\/es\/wp-json\/wp\/v2\/posts\/1732\/revisions"}],"predecessor-version":[{"id":3976,"href":"https:\/\/latamjournalismreview.org\/es\/wp-json\/wp\/v2\/posts\/1732\/revisions\/3976"}],"wp:featuredmedia":[{"embeddable":true,"href":"https:\/\/latamjournalismreview.org\/es\/wp-json\/wp\/v2\/media\/1724"}],"wp:attachment":[{"href":"https:\/\/latamjournalismreview.org\/es\/wp-json\/wp\/v2\/media?parent=1732"}],"wp:term":[{"taxonomy":"category","embeddable":true,"href":"https:\/\/latamjournalismreview.org\/es\/wp-json\/wp\/v2\/categories?post=1732"},{"taxonomy":"post_tag","embeddable":true,"href":"https:\/\/latamjournalismreview.org\/es\/wp-json\/wp\/v2\/tags?post=1732"},{"taxonomy":"author","embeddable":true,"href":"https:\/\/latamjournalismreview.org\/es\/wp-json\/wp\/v2\/coauthors?post=1732"}],"curies":[{"name":"wp","href":"https:\/\/api.w.org\/{rel}","templated":true}]}}