{"id":17913,"date":"2021-03-24T18:19:58","date_gmt":"2021-03-24T23:19:58","guid":{"rendered":"https:\/\/latamjournalismreview.org\/?p=17913"},"modified":"2021-03-25T15:51:20","modified_gmt":"2021-03-25T20:51:20","slug":"abraji-registra-174-casos-de-bloqueos-a-periodistas-por-autoridades-brasilenas-en-twitter","status":"publish","type":"post","link":"https:\/\/latamjournalismreview.org\/es\/articles\/abraji-registra-174-casos-de-bloqueos-a-periodistas-por-autoridades-brasilenas-en-twitter\/","title":{"rendered":"Abraji registra 174 casos de bloqueos a periodistas por autoridades brasile\u00f1as en Twitter"},"content":{"rendered":"<p>\u00bfPuede un pol\u00edtico que ocupa un cargo p\u00fablico importante bloquear a un periodista en redes sociales? Este es un debate urgente para la Asociaci\u00f3n Brasile\u00f1a de Periodismo de Investigaci\u00f3n (Abraji, por su acr\u00f3nimo en portugu\u00e9s). En una <a href=\"https:\/\/abraji.org.br\/noticias\/jornalistas-bloqueados-por-autoridades-no-twitter-podem-recorrer-a-acoes-judiciais-e-administrativas\" target=\"_blank\" rel=\"noopener\">encuesta reciente,<\/a> el grupo identific\u00f3 al menos 174 casos de periodistas bloqueados por las autoridades brasile\u00f1as en Twitter entre 2014 y 2021.<\/p>\n<p>La restricci\u00f3n de acceso a perfiles de pol\u00edticos con cargos p\u00fablicos, como el presidente, ministros, diputados y senadores, afecta a 88 periodistas en el pa\u00eds (una misma persona puede ser bloqueada por varias autoridades). Entre los casos evaluados, el presidente Jair Bolsonaro es el campe\u00f3n del bloqueo: hay 50 casos.<\/p>\n<div style=\"width: 389px\" class=\"wp-caption alignleft\"><img loading=\"lazy\" decoding=\"async\" class=\" wp-image-8506\" src=\"https:\/\/latamjournalismreview.org\/wp-content\/uploads\/2020\/07\/President-elect-of-Brazil-Jair-Bolsonaro-300x201.png\" alt=\"President-elect of Brazil, Jair Bolsonaro\" width=\"379\" height=\"254\" srcset=\"https:\/\/latamjournalismreview.org\/wp-content\/uploads\/2020\/07\/President-elect-of-Brazil-Jair-Bolsonaro-300x201.png 300w, https:\/\/latamjournalismreview.org\/wp-content\/uploads\/2020\/07\/President-elect-of-Brazil-Jair-Bolsonaro.png 507w, https:\/\/latamjournalismreview.org\/wp-content\/uploads\/2020\/07\/President-elect-of-Brazil-Jair-Bolsonaro-350x234.png 350w\" sizes=\"auto, (max-width: 379px) 100vw, 379px\" \/><p class=\"wp-caption-text\">Presidente brasile\u00f1o Jair Bolsonaro. (Foto: Marcos Brand\u00e3o\/Senado Federal)<\/p><\/div>\n<p>Abraji comenz\u00f3 a monitorear casos en septiembre de 2020, con financiamiento de Open Society Foundations. El proyecto contin\u00faa hasta agosto de 2021, pero Abraji planea buscar nuevos recursos para continuar el trabajo.<\/p>\n<p>En general, los casos registrados corresponden a relatos personales de las autoridades, pero Abraji identific\u00f3 un bloqueo contra la periodista Cecilia Olliveira realizado por el perfil oficial de la Polic\u00eda Militar del Estado de R\u00edo de Janeiro. Olliveira es tambi\u00e9n la directora ejecutiva del Instituto Fogo Cruzado, que recopila datos sobre violencia armada.<\/p>\n<p>\u201cDespu\u00e9s de cuestionar el motivo a trav\u00e9s de la Ley de Acceso a la Informaci\u00f3n, [la periodista] fue desbloqueada\u201d, dijo Mirella Cordeiro, a cargo del monitoreo de Abraji, a <strong>LatAm Journalism Review (LJR)<\/strong>.<\/p>\n<p>Olliveira se encuentra actualmente bloqueada por siete autoridades, incluido el presidente Bolsonaro y sus hijos, el concejal Carlos Bolsonaro y el diputado federal Eduardo Bolsonaro, adem\u00e1s de ministros y secretarios. Para eludir esta prohibici\u00f3n, la periodista debe abrir otras cuentas de Twitter para acceder al contenido publicado por estos perfiles.<\/p>\n<p>\u201cLa transparencia p\u00fablica debe ser la norma, pero no es as\u00ed. Los perfiles p\u00fablicos de las autoridades, donde informan de las actividades que realizan en sus cargos, son como un podio, una rueda de prensa. Impedir el acceso es impedir la actividad profesional del periodista. E impedir el trabajo period\u00edstico es incompatible con la democracia\u201d, dijo Olliveira a <strong>LJR.<\/strong><\/p>\n<p>Seg\u00fan la asesora legal de Abraji, Let\u00edcia Kleim, los bloqueos a periodistas son parte de un contexto m\u00e1s amplio de restricciones al acceso a la informaci\u00f3n y la transparencia en el pa\u00eds y son \u201cotra de varias amenazas y violaciones a estos derechos\u201d.<\/p>\n<p>\u201cSe trata de pr\u00e1cticas que contribuyen a un espacio c\u00edvico menos transparente y menos participativo, y por tanto menos democr\u00e1tico. Por un lado, el acceso a la informaci\u00f3n debe extenderse al entorno digital y las redes sociales, especialmente en el caso de las cuentas que publican informaci\u00f3n oficial en sus sitios web. Y, por otro lado, es necesaria la m\u00e1xima accesibilidad y transparencia, tanto para que el periodismo ejerza su funci\u00f3n de informar, como para la poblaci\u00f3n en su conjunto, para el control y seguimiento de las medidas que toman los gobernantes\u201d, dijo a <strong>LJR<\/strong>.<\/p>\n<p>Los bloqueos en Twitter se pueden eludir en la vida cotidiana: los periodistas pueden ver la informaci\u00f3n publicada si acceden a los perfiles sin iniciar sesi\u00f3n en la plataforma, por ejemplo, pero esto evita cualquier interacci\u00f3n. A pesar de ser f\u00e1cilmente eludibles, estos bloqueos contribuyen a este contexto de violaciones, dijo Kleim.<\/p>\n<p>\u201cIncluso en las redes sociales existen formas m\u00e1s graves de persecuciones, amenazas y hostigamientos que obstaculizan el ejercicio de la labor period\u00edstica. Los bloqueos en Twitter y otras redes sociales contribuyen a diagnosticar un cuadro general de restricciones en internet, con medidas para prevenir o limitar la libertad de expresi\u00f3n y de prensa en la red\u201d, dijo.<\/p>\n<p>Kleim sostuvo que existe una discusi\u00f3n legal sobre el tema en Brasil y otros pa\u00edses. En Estados Unidos, el <a href=\"https:\/\/g1.globo.com\/mundo\/noticia\/2019\/07\/09\/tribunal-americano-proibe-trump-de-bloquear-criticos-no-twitter.ghtml\" target=\"_blank\" rel=\"noopener\">Poder Judicial prohibi\u00f3 al entonces presidente Donald Trump<\/a> bloquear a los seguidores en la plataforma en 2019. La pr\u00e1ctica se consider\u00f3 inconstitucional.<\/p>\n<p>En Brasil, actualmente no existe una ley que regule este aspecto y, por ello, Abraji defiende la adopci\u00f3n de una norma legislativa que sirva de par\u00e1metro para estos casos.<\/p>\n<p>\u201cAs\u00ed como el pol\u00edtico utiliza sus redes sociales con fines profesionales, y no personales, para dar a conocer las acciones que realiza con motivo de su cargo p\u00fablico, la informaci\u00f3n que all\u00ed se transmita debe estar bajo el escrutinio de la poblaci\u00f3n. En este sentido, por la seguridad de los periodistas, para que no se les impida ejercer su derecho a la informaci\u00f3n, consideramos positivas las iniciativas legislativas que buscan establecer esta obligaci\u00f3n o prohibici\u00f3n de los pol\u00edticos\u201d, dijo Kleim.<\/p>\n<p>Uno de los objetivos del seguimiento de Abraji incluye intentar influir en los parlamentarios para discutir la legislaci\u00f3n sobre el tema. El <a href=\"https:\/\/www.camara.leg.br\/proposicoesWeb\/prop_mostrarintegra;jsessionid=node0zaocfuqh2y5o1fdzik40o3v1c1664102.node0?codteor=1909983&amp;filename=PL+2630\/2020\" target=\"_blank\" rel=\"noopener\">Proyecto de Ley 2630\/2020<\/a>, conocido como el proyecto de ley de <a href=\"https:\/\/latamjournalismreview.org\/es\/articles\/leyes-contra-desinformacion-america-latina\/\" target=\"_blank\" rel=\"noopener\">noticias falsas<\/a>, a\u00fan pendiente en el Congreso, considera de inter\u00e9s p\u00fablico los perfiles de varias autoridades ejecutivas y legislativas, lo que evitar\u00eda bloqueos. Pero el proyecto de ley tiene varios puntos controvertidos. Por esta raz\u00f3n, 47 organizaciones, incluida Abraji, presentaron una <a href=\"https:\/\/www.abraji.org.br\/abraji-assina-carta-conjunta-que-pede-adiamento-da-votacao-do-pl-das-fake-news\" target=\"_blank\" rel=\"noopener\">carta conjunta<\/a> pidiendo que se posponga la votaci\u00f3n sobre el proyecto.<\/p>\n<p>En la \u00faltima encuesta publicada sobre los bloqueos, la asociaci\u00f3n enumer\u00f3 algunas de las medidas que los periodistas pueden tomar si son v\u00edctimas de estas restricciones, como las acciones legales y administrativas y el uso de la Ley de Acceso a la Informaci\u00f3n.<\/p>\n","protected":false},"excerpt":{"rendered":"<p>\u00bfPuede un pol\u00edtico que ocupa un cargo p\u00fablico importante bloquear a un periodista en redes sociales? Este es un debate urgente para la Asociaci\u00f3n Brasile\u00f1a de Periodismo de Investigaci\u00f3n (Abraji).<\/p>\n","protected":false},"author":6,"featured_media":17892,"comment_status":"closed","ping_status":"closed","sticky":false,"template":"","format":"standard","meta":{"inline_featured_image":false,"footnotes":""},"categories":[1227],"tags":[1519],"coauthors":[],"class_list":["post-17913","post","type-post","status-publish","format-standard","has-post-thumbnail","hentry","category-acceso-a-la-informacion-es","tag-redes-sociales-es"],"acf":[],"yoast_head":"<!-- This site is optimized with the Yoast SEO Premium plugin v22.6 (Yoast SEO v27.4) - https:\/\/yoast.com\/product\/yoast-seo-premium-wordpress\/ -->\n<title>Abraji registra 174 casos de bloqueos a periodistas por autoridades brasile\u00f1as en Twitter - LatAm Journalism Review<\/title>\n<meta name=\"description\" content=\"Abraji registra 174 casos de bloqueos a periodistas por autoridades brasile\u00f1as en Twitter Acceso a la Informaci\u00f3n. Latin American Journalism Review by The Knight Center at The University of Texas at Austin.\" \/>\n<meta name=\"robots\" content=\"index, follow, max-snippet:-1, max-image-preview:large, max-video-preview:-1\" \/>\n<link rel=\"canonical\" href=\"https:\/\/latamjournalismreview.org\/es\/articles\/abraji-registra-174-casos-de-bloqueos-a-periodistas-por-autoridades-brasilenas-en-twitter\/\" \/>\n<meta property=\"og:locale\" content=\"es_ES\" \/>\n<meta property=\"og:type\" content=\"article\" \/>\n<meta property=\"og:title\" content=\"Abraji registra 174 casos de bloqueos a periodistas por autoridades brasile\u00f1as en Twitter\" \/>\n<meta property=\"og:description\" content=\"Abraji registra 174 casos de bloqueos a periodistas por autoridades brasile\u00f1as en Twitter Acceso a la Informaci\u00f3n. Latin American Journalism Review by The Knight Center at The University of Texas at Austin.\" \/>\n<meta property=\"og:url\" content=\"https:\/\/latamjournalismreview.org\/es\/articles\/abraji-registra-174-casos-de-bloqueos-a-periodistas-por-autoridades-brasilenas-en-twitter\/\" \/>\n<meta property=\"og:site_name\" content=\"LatAm Journalism Review\" \/>\n<meta property=\"article:published_time\" content=\"2021-03-24T23:19:58+00:00\" \/>\n<meta property=\"article:modified_time\" content=\"2021-03-25T20:51:20+00:00\" \/>\n<meta property=\"og:image\" content=\"https:\/\/latamjournalismreview.org\/wp-content\/uploads\/2021\/03\/Featured-Image-Twitter.png\" \/>\n\t<meta property=\"og:image:width\" content=\"507\" \/>\n\t<meta property=\"og:image:height\" content=\"340\" \/>\n\t<meta property=\"og:image:type\" content=\"image\/png\" \/>\n<meta name=\"author\" content=\"Marina Estarque\" \/>\n<meta name=\"twitter:card\" content=\"summary_large_image\" \/>\n<meta name=\"twitter:creator\" content=\"@MarinaEstarque\" \/>\n<meta name=\"twitter:site\" content=\"@LatAmJournalism\" \/>\n<meta name=\"twitter:label1\" content=\"Written by\" \/>\n\t<meta name=\"twitter:data1\" content=\"Marina Estarque\" \/>\n\t<meta name=\"twitter:label2\" content=\"Est. reading time\" \/>\n\t<meta name=\"twitter:data2\" content=\"5 minutos\" \/>\n<script type=\"application\/ld+json\" class=\"yoast-schema-graph\">{\"@context\":\"https:\\\/\\\/schema.org\",\"@graph\":[{\"@type\":\"Article\",\"@id\":\"https:\\\/\\\/latamjournalismreview.org\\\/es\\\/articles\\\/abraji-registra-174-casos-de-bloqueos-a-periodistas-por-autoridades-brasilenas-en-twitter\\\/#article\",\"isPartOf\":{\"@id\":\"https:\\\/\\\/latamjournalismreview.org\\\/es\\\/articles\\\/abraji-registra-174-casos-de-bloqueos-a-periodistas-por-autoridades-brasilenas-en-twitter\\\/\"},\"author\":{\"name\":\"Marina Estarque\",\"@id\":\"https:\\\/\\\/latamjournalismreview.org\\\/es\\\/#\\\/schema\\\/person\\\/041964d0921c867b6226b459cd5bf28b\"},\"headline\":\"Abraji registra 174 casos de bloqueos a periodistas por autoridades brasile\u00f1as en Twitter\",\"datePublished\":\"2021-03-24T23:19:58+00:00\",\"dateModified\":\"2021-03-25T20:51:20+00:00\",\"mainEntityOfPage\":{\"@id\":\"https:\\\/\\\/latamjournalismreview.org\\\/es\\\/articles\\\/abraji-registra-174-casos-de-bloqueos-a-periodistas-por-autoridades-brasilenas-en-twitter\\\/\"},\"wordCount\":949,\"publisher\":{\"@id\":\"https:\\\/\\\/latamjournalismreview.org\\\/es\\\/#organization\"},\"image\":{\"@id\":\"https:\\\/\\\/latamjournalismreview.org\\\/es\\\/articles\\\/abraji-registra-174-casos-de-bloqueos-a-periodistas-por-autoridades-brasilenas-en-twitter\\\/#primaryimage\"},\"thumbnailUrl\":\"https:\\\/\\\/latamjournalismreview.org\\\/wp-content\\\/uploads\\\/2021\\\/03\\\/Featured-Image-Twitter.png\",\"keywords\":[\"Redes sociales\"],\"articleSection\":[\"Acceso a la Informaci\u00f3n\"],\"inLanguage\":\"es\"},{\"@type\":\"WebPage\",\"@id\":\"https:\\\/\\\/latamjournalismreview.org\\\/es\\\/articles\\\/abraji-registra-174-casos-de-bloqueos-a-periodistas-por-autoridades-brasilenas-en-twitter\\\/\",\"url\":\"https:\\\/\\\/latamjournalismreview.org\\\/es\\\/articles\\\/abraji-registra-174-casos-de-bloqueos-a-periodistas-por-autoridades-brasilenas-en-twitter\\\/\",\"name\":\"Abraji registra 174 casos de bloqueos a periodistas por autoridades brasile\u00f1as en Twitter - LatAm Journalism Review\",\"isPartOf\":{\"@id\":\"https:\\\/\\\/latamjournalismreview.org\\\/es\\\/#website\"},\"primaryImageOfPage\":{\"@id\":\"https:\\\/\\\/latamjournalismreview.org\\\/es\\\/articles\\\/abraji-registra-174-casos-de-bloqueos-a-periodistas-por-autoridades-brasilenas-en-twitter\\\/#primaryimage\"},\"image\":{\"@id\":\"https:\\\/\\\/latamjournalismreview.org\\\/es\\\/articles\\\/abraji-registra-174-casos-de-bloqueos-a-periodistas-por-autoridades-brasilenas-en-twitter\\\/#primaryimage\"},\"thumbnailUrl\":\"https:\\\/\\\/latamjournalismreview.org\\\/wp-content\\\/uploads\\\/2021\\\/03\\\/Featured-Image-Twitter.png\",\"datePublished\":\"2021-03-24T23:19:58+00:00\",\"dateModified\":\"2021-03-25T20:51:20+00:00\",\"description\":\"Abraji registra 174 casos de bloqueos a periodistas por autoridades brasile\u00f1as en Twitter Acceso a la Informaci\u00f3n. Latin American Journalism Review by The Knight Center at The University of Texas at Austin.\",\"breadcrumb\":{\"@id\":\"https:\\\/\\\/latamjournalismreview.org\\\/es\\\/articles\\\/abraji-registra-174-casos-de-bloqueos-a-periodistas-por-autoridades-brasilenas-en-twitter\\\/#breadcrumb\"},\"inLanguage\":\"es\",\"potentialAction\":[{\"@type\":\"ReadAction\",\"target\":[\"https:\\\/\\\/latamjournalismreview.org\\\/es\\\/articles\\\/abraji-registra-174-casos-de-bloqueos-a-periodistas-por-autoridades-brasilenas-en-twitter\\\/\"]}]},{\"@type\":\"ImageObject\",\"inLanguage\":\"es\",\"@id\":\"https:\\\/\\\/latamjournalismreview.org\\\/es\\\/articles\\\/abraji-registra-174-casos-de-bloqueos-a-periodistas-por-autoridades-brasilenas-en-twitter\\\/#primaryimage\",\"url\":\"https:\\\/\\\/latamjournalismreview.org\\\/wp-content\\\/uploads\\\/2021\\\/03\\\/Featured-Image-Twitter.png\",\"contentUrl\":\"https:\\\/\\\/latamjournalismreview.org\\\/wp-content\\\/uploads\\\/2021\\\/03\\\/Featured-Image-Twitter.png\",\"width\":507,\"height\":340,\"caption\":\"Featured Image Twitter icon\"},{\"@type\":\"BreadcrumbList\",\"@id\":\"https:\\\/\\\/latamjournalismreview.org\\\/es\\\/articles\\\/abraji-registra-174-casos-de-bloqueos-a-periodistas-por-autoridades-brasilenas-en-twitter\\\/#breadcrumb\",\"itemListElement\":[{\"@type\":\"ListItem\",\"position\":1,\"name\":\"Home\",\"item\":\"https:\\\/\\\/latamjournalismreview.org\\\/es\\\/\"},{\"@type\":\"ListItem\",\"position\":2,\"name\":\"Abraji registra 174 casos de bloqueos a periodistas por autoridades brasile\u00f1as en Twitter\"}]},{\"@type\":\"WebSite\",\"@id\":\"https:\\\/\\\/latamjournalismreview.org\\\/es\\\/#website\",\"url\":\"https:\\\/\\\/latamjournalismreview.org\\\/es\\\/\",\"name\":\"LatAm Journalism Review\",\"description\":\"Knight Center at The University of Texas\",\"publisher\":{\"@id\":\"https:\\\/\\\/latamjournalismreview.org\\\/es\\\/#organization\"},\"potentialAction\":[{\"@type\":\"SearchAction\",\"target\":{\"@type\":\"EntryPoint\",\"urlTemplate\":\"https:\\\/\\\/latamjournalismreview.org\\\/es\\\/?s={search_term_string}\"},\"query-input\":{\"@type\":\"PropertyValueSpecification\",\"valueRequired\":true,\"valueName\":\"search_term_string\"}}],\"inLanguage\":\"es\"},{\"@type\":\"Organization\",\"@id\":\"https:\\\/\\\/latamjournalismreview.org\\\/es\\\/#organization\",\"name\":\"LatAm Journalism Review\",\"url\":\"https:\\\/\\\/latamjournalismreview.org\\\/es\\\/\",\"logo\":{\"@type\":\"ImageObject\",\"inLanguage\":\"es\",\"@id\":\"https:\\\/\\\/latamjournalismreview.org\\\/es\\\/#\\\/schema\\\/logo\\\/image\\\/\",\"url\":\"https:\\\/\\\/latamjournalismreview.org\\\/wp-content\\\/uploads\\\/2020\\\/05\\\/knight-latAm-review-logo.svg\",\"contentUrl\":\"https:\\\/\\\/latamjournalismreview.org\\\/wp-content\\\/uploads\\\/2020\\\/05\\\/knight-latAm-review-logo.svg\",\"width\":\"1024\",\"height\":\"1024\",\"caption\":\"LatAm Journalism Review\"},\"image\":{\"@id\":\"https:\\\/\\\/latamjournalismreview.org\\\/es\\\/#\\\/schema\\\/logo\\\/image\\\/\"},\"sameAs\":[\"https:\\\/\\\/x.com\\\/LatAmJournalism\"]},{\"@type\":\"Person\",\"@id\":\"https:\\\/\\\/latamjournalismreview.org\\\/es\\\/#\\\/schema\\\/person\\\/041964d0921c867b6226b459cd5bf28b\",\"name\":\"Marina Estarque\",\"description\":\"Marina Estarque is a Brazilian journalist living in S\u00e3o Paulo. She has worked for Brazilian news organizations such as Folha de S.Paulo, O Estado de S. Paulo, O Dia and the fact-checking agency Lupa. Marina was a correspondent in Brazil for the German international broadcaster Deutsche Welle and a radio reporter for DW Africa in Germany. She also worked as a reporter for United Nations Radio, in New York, and for Spanish newspaper La Voz de Galicia. Marina graduated in Journalism from the Federal University of Rio de Janeiro and has a Master\u2019s degree in Editorial Journalism from the University of A Coru\u00f1a (Spain). Marina Estarque es una periodista brasile\u00f1a que vive en S\u00e3o Paulo. Ella ha trabajado para diversas organizaciones period\u00edsticas como Folha de S.Paulo, O Estado de S. Paulo, O Dia y en la agencia de fact-checking Lupa. Marina ha sido corresponsal en Brasil del canal internacional alem\u00e1n Deutsche Welle y reportera de radio de DW \u00c1frica en Alemania. Tambi\u00e9n trabaj\u00f3 como reportera de Radio de las Naciones Unidas en Nueva York y en el diario espa\u00f1ol La Voz de Galicia. Marina tiene una maestr\u00eda en edici\u00f3n period\u00edstica de la Universidad de Coru\u00f1a (Espa\u00f1a) y se gradu\u00f3 en periodismo en la Universidad Federal de R\u00edo de Janeiro. Marina Estarque \u00e9 uma jornalista brasileira que vive em S\u00e3o Paulo. Ela trabalhou para ve\u00edculos como Folha de S.Paulo, O Estado de S. Paulo, O Dia e a ag\u00eancia de fact-checking Lupa. Marina foi correspondente no Brasil para a emissora internacional da Alemanha, a Deutsche Welle, e rep\u00f3rter de r\u00e1dio para a DW \u00c1frica na Alemanha. Ela tamb\u00e9m foi rep\u00f3rter da R\u00e1dio das Na\u00e7\u00f5es Unidas em Nova York e do jornal espanhol La Voz de Galicia. Marina \u00e9 mestre em edi\u00e7\u00e3o jornal\u00edstica pela Universidade da Coru\u00f1a (Espanha) e graduada em jornalismo pela Universidade Federal do Rio de Janeiro.\",\"sameAs\":[\"https:\\\/\\\/x.com\\\/MarinaEstarque\"],\"url\":\"https:\\\/\\\/latamjournalismreview.org\\\/es\\\/articles\\\/author\\\/marina-estarque\\\/\"}]}<\/script>\n<!-- \/ Yoast SEO Premium plugin. -->","yoast_head_json":{"title":"Abraji registra 174 casos de bloqueos a periodistas por autoridades brasile\u00f1as en Twitter - LatAm Journalism Review","description":"Abraji registra 174 casos de bloqueos a periodistas por autoridades brasile\u00f1as en Twitter Acceso a la Informaci\u00f3n. Latin American Journalism Review by The Knight Center at The University of Texas at Austin.","robots":{"index":"index","follow":"follow","max-snippet":"max-snippet:-1","max-image-preview":"max-image-preview:large","max-video-preview":"max-video-preview:-1"},"canonical":"https:\/\/latamjournalismreview.org\/es\/articles\/abraji-registra-174-casos-de-bloqueos-a-periodistas-por-autoridades-brasilenas-en-twitter\/","og_locale":"es_ES","og_type":"article","og_title":"Abraji registra 174 casos de bloqueos a periodistas por autoridades brasile\u00f1as en Twitter","og_description":"Abraji registra 174 casos de bloqueos a periodistas por autoridades brasile\u00f1as en Twitter Acceso a la Informaci\u00f3n. Latin American Journalism Review by The Knight Center at The University of Texas at Austin.","og_url":"https:\/\/latamjournalismreview.org\/es\/articles\/abraji-registra-174-casos-de-bloqueos-a-periodistas-por-autoridades-brasilenas-en-twitter\/","og_site_name":"LatAm Journalism Review","article_published_time":"2021-03-24T23:19:58+00:00","article_modified_time":"2021-03-25T20:51:20+00:00","og_image":[{"width":507,"height":340,"url":"https:\/\/latamjournalismreview.org\/wp-content\/uploads\/2021\/03\/Featured-Image-Twitter.png","type":"image\/png"}],"author":"Marina Estarque","twitter_card":"summary_large_image","twitter_creator":"@MarinaEstarque","twitter_site":"@LatAmJournalism","twitter_misc":{"Written by":"Marina Estarque","Est. reading time":"5 minutos"},"schema":{"@context":"https:\/\/schema.org","@graph":[{"@type":"Article","@id":"https:\/\/latamjournalismreview.org\/es\/articles\/abraji-registra-174-casos-de-bloqueos-a-periodistas-por-autoridades-brasilenas-en-twitter\/#article","isPartOf":{"@id":"https:\/\/latamjournalismreview.org\/es\/articles\/abraji-registra-174-casos-de-bloqueos-a-periodistas-por-autoridades-brasilenas-en-twitter\/"},"author":{"name":"Marina Estarque","@id":"https:\/\/latamjournalismreview.org\/es\/#\/schema\/person\/041964d0921c867b6226b459cd5bf28b"},"headline":"Abraji registra 174 casos de bloqueos a periodistas por autoridades brasile\u00f1as en Twitter","datePublished":"2021-03-24T23:19:58+00:00","dateModified":"2021-03-25T20:51:20+00:00","mainEntityOfPage":{"@id":"https:\/\/latamjournalismreview.org\/es\/articles\/abraji-registra-174-casos-de-bloqueos-a-periodistas-por-autoridades-brasilenas-en-twitter\/"},"wordCount":949,"publisher":{"@id":"https:\/\/latamjournalismreview.org\/es\/#organization"},"image":{"@id":"https:\/\/latamjournalismreview.org\/es\/articles\/abraji-registra-174-casos-de-bloqueos-a-periodistas-por-autoridades-brasilenas-en-twitter\/#primaryimage"},"thumbnailUrl":"https:\/\/latamjournalismreview.org\/wp-content\/uploads\/2021\/03\/Featured-Image-Twitter.png","keywords":["Redes sociales"],"articleSection":["Acceso a la Informaci\u00f3n"],"inLanguage":"es"},{"@type":"WebPage","@id":"https:\/\/latamjournalismreview.org\/es\/articles\/abraji-registra-174-casos-de-bloqueos-a-periodistas-por-autoridades-brasilenas-en-twitter\/","url":"https:\/\/latamjournalismreview.org\/es\/articles\/abraji-registra-174-casos-de-bloqueos-a-periodistas-por-autoridades-brasilenas-en-twitter\/","name":"Abraji registra 174 casos de bloqueos a periodistas por autoridades brasile\u00f1as en Twitter - LatAm Journalism Review","isPartOf":{"@id":"https:\/\/latamjournalismreview.org\/es\/#website"},"primaryImageOfPage":{"@id":"https:\/\/latamjournalismreview.org\/es\/articles\/abraji-registra-174-casos-de-bloqueos-a-periodistas-por-autoridades-brasilenas-en-twitter\/#primaryimage"},"image":{"@id":"https:\/\/latamjournalismreview.org\/es\/articles\/abraji-registra-174-casos-de-bloqueos-a-periodistas-por-autoridades-brasilenas-en-twitter\/#primaryimage"},"thumbnailUrl":"https:\/\/latamjournalismreview.org\/wp-content\/uploads\/2021\/03\/Featured-Image-Twitter.png","datePublished":"2021-03-24T23:19:58+00:00","dateModified":"2021-03-25T20:51:20+00:00","description":"Abraji registra 174 casos de bloqueos a periodistas por autoridades brasile\u00f1as en Twitter Acceso a la Informaci\u00f3n. Latin American Journalism Review by The Knight Center at The University of Texas at Austin.","breadcrumb":{"@id":"https:\/\/latamjournalismreview.org\/es\/articles\/abraji-registra-174-casos-de-bloqueos-a-periodistas-por-autoridades-brasilenas-en-twitter\/#breadcrumb"},"inLanguage":"es","potentialAction":[{"@type":"ReadAction","target":["https:\/\/latamjournalismreview.org\/es\/articles\/abraji-registra-174-casos-de-bloqueos-a-periodistas-por-autoridades-brasilenas-en-twitter\/"]}]},{"@type":"ImageObject","inLanguage":"es","@id":"https:\/\/latamjournalismreview.org\/es\/articles\/abraji-registra-174-casos-de-bloqueos-a-periodistas-por-autoridades-brasilenas-en-twitter\/#primaryimage","url":"https:\/\/latamjournalismreview.org\/wp-content\/uploads\/2021\/03\/Featured-Image-Twitter.png","contentUrl":"https:\/\/latamjournalismreview.org\/wp-content\/uploads\/2021\/03\/Featured-Image-Twitter.png","width":507,"height":340,"caption":"Featured Image Twitter icon"},{"@type":"BreadcrumbList","@id":"https:\/\/latamjournalismreview.org\/es\/articles\/abraji-registra-174-casos-de-bloqueos-a-periodistas-por-autoridades-brasilenas-en-twitter\/#breadcrumb","itemListElement":[{"@type":"ListItem","position":1,"name":"Home","item":"https:\/\/latamjournalismreview.org\/es\/"},{"@type":"ListItem","position":2,"name":"Abraji registra 174 casos de bloqueos a periodistas por autoridades brasile\u00f1as en Twitter"}]},{"@type":"WebSite","@id":"https:\/\/latamjournalismreview.org\/es\/#website","url":"https:\/\/latamjournalismreview.org\/es\/","name":"LatAm Journalism Review","description":"Knight Center at The University of Texas","publisher":{"@id":"https:\/\/latamjournalismreview.org\/es\/#organization"},"potentialAction":[{"@type":"SearchAction","target":{"@type":"EntryPoint","urlTemplate":"https:\/\/latamjournalismreview.org\/es\/?s={search_term_string}"},"query-input":{"@type":"PropertyValueSpecification","valueRequired":true,"valueName":"search_term_string"}}],"inLanguage":"es"},{"@type":"Organization","@id":"https:\/\/latamjournalismreview.org\/es\/#organization","name":"LatAm Journalism Review","url":"https:\/\/latamjournalismreview.org\/es\/","logo":{"@type":"ImageObject","inLanguage":"es","@id":"https:\/\/latamjournalismreview.org\/es\/#\/schema\/logo\/image\/","url":"https:\/\/latamjournalismreview.org\/wp-content\/uploads\/2020\/05\/knight-latAm-review-logo.svg","contentUrl":"https:\/\/latamjournalismreview.org\/wp-content\/uploads\/2020\/05\/knight-latAm-review-logo.svg","width":"1024","height":"1024","caption":"LatAm Journalism Review"},"image":{"@id":"https:\/\/latamjournalismreview.org\/es\/#\/schema\/logo\/image\/"},"sameAs":["https:\/\/x.com\/LatAmJournalism"]},{"@type":"Person","@id":"https:\/\/latamjournalismreview.org\/es\/#\/schema\/person\/041964d0921c867b6226b459cd5bf28b","name":"Marina Estarque","description":"Marina Estarque is a Brazilian journalist living in S\u00e3o Paulo. She has worked for Brazilian news organizations such as Folha de S.Paulo, O Estado de S. Paulo, O Dia and the fact-checking agency Lupa. Marina was a correspondent in Brazil for the German international broadcaster Deutsche Welle and a radio reporter for DW Africa in Germany. She also worked as a reporter for United Nations Radio, in New York, and for Spanish newspaper La Voz de Galicia. Marina graduated in Journalism from the Federal University of Rio de Janeiro and has a Master\u2019s degree in Editorial Journalism from the University of A Coru\u00f1a (Spain). Marina Estarque es una periodista brasile\u00f1a que vive en S\u00e3o Paulo. Ella ha trabajado para diversas organizaciones period\u00edsticas como Folha de S.Paulo, O Estado de S. Paulo, O Dia y en la agencia de fact-checking Lupa. Marina ha sido corresponsal en Brasil del canal internacional alem\u00e1n Deutsche Welle y reportera de radio de DW \u00c1frica en Alemania. Tambi\u00e9n trabaj\u00f3 como reportera de Radio de las Naciones Unidas en Nueva York y en el diario espa\u00f1ol La Voz de Galicia. Marina tiene una maestr\u00eda en edici\u00f3n period\u00edstica de la Universidad de Coru\u00f1a (Espa\u00f1a) y se gradu\u00f3 en periodismo en la Universidad Federal de R\u00edo de Janeiro. Marina Estarque \u00e9 uma jornalista brasileira que vive em S\u00e3o Paulo. Ela trabalhou para ve\u00edculos como Folha de S.Paulo, O Estado de S. Paulo, O Dia e a ag\u00eancia de fact-checking Lupa. Marina foi correspondente no Brasil para a emissora internacional da Alemanha, a Deutsche Welle, e rep\u00f3rter de r\u00e1dio para a DW \u00c1frica na Alemanha. Ela tamb\u00e9m foi rep\u00f3rter da R\u00e1dio das Na\u00e7\u00f5es Unidas em Nova York e do jornal espanhol La Voz de Galicia. Marina \u00e9 mestre em edi\u00e7\u00e3o jornal\u00edstica pela Universidade da Coru\u00f1a (Espanha) e graduada em jornalismo pela Universidade Federal do Rio de Janeiro.","sameAs":["https:\/\/x.com\/MarinaEstarque"],"url":"https:\/\/latamjournalismreview.org\/es\/articles\/author\/marina-estarque\/"}]}},"_links":{"self":[{"href":"https:\/\/latamjournalismreview.org\/es\/wp-json\/wp\/v2\/posts\/17913","targetHints":{"allow":["GET"]}}],"collection":[{"href":"https:\/\/latamjournalismreview.org\/es\/wp-json\/wp\/v2\/posts"}],"about":[{"href":"https:\/\/latamjournalismreview.org\/es\/wp-json\/wp\/v2\/types\/post"}],"author":[{"embeddable":true,"href":"https:\/\/latamjournalismreview.org\/es\/wp-json\/wp\/v2\/users\/6"}],"replies":[{"embeddable":true,"href":"https:\/\/latamjournalismreview.org\/es\/wp-json\/wp\/v2\/comments?post=17913"}],"version-history":[{"count":4,"href":"https:\/\/latamjournalismreview.org\/es\/wp-json\/wp\/v2\/posts\/17913\/revisions"}],"predecessor-version":[{"id":17982,"href":"https:\/\/latamjournalismreview.org\/es\/wp-json\/wp\/v2\/posts\/17913\/revisions\/17982"}],"wp:featuredmedia":[{"embeddable":true,"href":"https:\/\/latamjournalismreview.org\/es\/wp-json\/wp\/v2\/media\/17892"}],"wp:attachment":[{"href":"https:\/\/latamjournalismreview.org\/es\/wp-json\/wp\/v2\/media?parent=17913"}],"wp:term":[{"taxonomy":"category","embeddable":true,"href":"https:\/\/latamjournalismreview.org\/es\/wp-json\/wp\/v2\/categories?post=17913"},{"taxonomy":"post_tag","embeddable":true,"href":"https:\/\/latamjournalismreview.org\/es\/wp-json\/wp\/v2\/tags?post=17913"},{"taxonomy":"author","embeddable":true,"href":"https:\/\/latamjournalismreview.org\/es\/wp-json\/wp\/v2\/coauthors?post=17913"}],"curies":[{"name":"wp","href":"https:\/\/api.w.org\/{rel}","templated":true}]}}