{"id":19769,"date":"2021-05-20T17:53:07","date_gmt":"2021-05-20T22:53:07","guid":{"rendered":"https:\/\/latamjournalismreview.org\/?p=19769"},"modified":"2021-05-21T12:01:36","modified_gmt":"2021-05-21T17:01:36","slug":"policia-nicaraguense-allana-la-redaccion-de-confidencial-por-segunda-vez-y-se-lleva-a-camarografo-que-permanece-desaparecido","status":"publish","type":"post","link":"https:\/\/latamjournalismreview.org\/es\/articles\/policia-nicaraguense-allana-la-redaccion-de-confidencial-por-segunda-vez-y-se-lleva-a-camarografo-que-permanece-desaparecido\/","title":{"rendered":"Polic\u00eda nicarag\u00fcense allana la redacci\u00f3n de Confidencial por segunda vez"},"content":{"rendered":"<p>En un nuevo ataque a la prensa de Nicaragua, este 20 de mayo el gobierno de Daniel Ortega allan\u00f3 por segunda vez la redacci\u00f3n de la revista Confidencial, fundada por el periodista Carlos Fernando Chamorro, al mismo tiempo que arrest\u00f3 a diferentes periodistas internacionales que cubr\u00edan el hecho.<\/p>\n<p><img loading=\"lazy\" decoding=\"async\" class=\"alignleft wp-image-19762\" src=\"https:\/\/latamjournalismreview.org\/wp-content\/uploads\/2021\/05\/Screen-Shot-2021-05-20-at-5.38.53-PM-290x300.png\" alt=\"Raid of Confidencial by police on May 20, 2021\" width=\"400\" height=\"414\" srcset=\"https:\/\/latamjournalismreview.org\/wp-content\/uploads\/2021\/05\/Screen-Shot-2021-05-20-at-5.38.53-PM-290x300.png 290w, https:\/\/latamjournalismreview.org\/wp-content\/uploads\/2021\/05\/Screen-Shot-2021-05-20-at-5.38.53-PM-990x1024.png 990w, https:\/\/latamjournalismreview.org\/wp-content\/uploads\/2021\/05\/Screen-Shot-2021-05-20-at-5.38.53-PM-768x794.png 768w, https:\/\/latamjournalismreview.org\/wp-content\/uploads\/2021\/05\/Screen-Shot-2021-05-20-at-5.38.53-PM.png 1172w\" sizes=\"auto, (max-width: 400px) 100vw, 400px\" \/>De acuerdo con Confidencial, alrededor de las 9 a.m., <a href=\"https:\/\/www.confidencial.com.ni\/nacion\/carlos-f-chamorro-aqui-hay-un-asalto-a-la-verdad\/\" target=\"_blank\" rel=\"noopener\">polic\u00edas rodearon una de las torres del centro corporativo Invercasa<\/a> donde se hab\u00eda instalado provisionalmente el estudio de grabaci\u00f3n de los programas Esta Semana y Esta Noche, dirigidos por Chamorro.<\/p>\n<p>Seg\u00fan denunci\u00f3 Chamorro en un programa radial, el fot\u00f3grafo del medio Leonel Guti\u00e9rrez, que se encontraba en el lugar durante el allanamiento, estuvo desaparecido por varias horas.<\/p>\n<p>\u201c<a href=\"https:\/\/www.confidencial.com.ni\/nacion\/carlos-f-chamorro-aqui-hay-un-asalto-a-la-verdad\/\" target=\"_blank\" rel=\"noopener\">Queremos ver a Leonel Guti\u00e9rrez, queremos que recupere su libertad si est\u00e1 detenido<\/a>. En este momento est\u00e1 retenido, secuestrado por la Polic\u00eda porque no hemos podido tener ni un contacto con \u00e9l. Queremos que nos devuelvan los bienes que se han llevado\u201d, dijo Chamorro tras el allanamiento.<\/p>\n<p>Algunas im\u00e1genes compartidas por el medio muestran a polic\u00edas sacando cajas, computadores y c\u00e1maras de grabaci\u00f3n y edici\u00f3n de televisi\u00f3n. En ese momento, tambi\u00e9n se logr\u00f3 ver al fot\u00f3grafo Guti\u00e9rrez quien fue montado a una camioneta de la Direcci\u00f3n de Auxilio Judicial (DAJ), aunque no se sabe por qu\u00e9 fue detenido, inform\u00f3 Confidencial.<\/p>\n<p>Luis Almagro, secretario general de la Organizaci\u00f3n de los Estados Americanos (OEA), <a href=\"https:\/\/twitter.com\/Almagro_OEA2015\/status\/1395440526808203266?s=20\" target=\"_blank\" rel=\"noopener\">exigi\u00f3 respeto por los trabajadores de Confidencial<\/a>.<\/p>\n<p>\u201cExigimos se respete la vida y la\u00a0 integridad f\u00edsica de los trabajadores de @confidencial_ni y cese el acoso\u201d, escribi\u00f3 en su cuenta de Twitter. \u201cEl respeto a la libertad de expresi\u00f3n como elemento esencial de la democracia hace repudiable este tipo de atentados\u201d.<\/p>\n<p>Tambi\u00e9n se conoci\u00f3 que la polic\u00eda detuvo temporalmente a un <a href=\"https:\/\/apnews.com\/article\/nicaragua-philanthropy-a9b646c3f1f6159f4c7faa45a5416c15\" target=\"_blank\" rel=\"noopener\">fot\u00f3grafo franc\u00e9s de la agencia AFP<\/a> que cubr\u00eda el allanamiento, inform\u00f3 AP. El periodista nicarag\u00fcense Wilfredo Miranda inform\u00f3 en Twitter que la polic\u00eda llev\u00f3 presos a colegas internacionales de la agencia EFE y que \u00e9l logr\u00f3 escapar. \u201c\u2018Van presos, van presos\u2019, dijo un polic\u00eda de civil. <a href=\"https:\/\/twitter.com\/PiruloAr\/status\/1395431700872716289\" target=\"_blank\" rel=\"noopener\">La raz\u00f3n es que estamos documentado el nuevo asalto a Confidencial<\/a>\u201d, escribi\u00f3 en su cuenta.<\/p>\n<p>Confidencial es uno de los pocos medios no oficialistas que se mantiene en Nicaragua y por eso ha sido perseguido. El 13 de diciembre de 2018, <a href=\"https:\/\/latamjournalismreview.org\/es\/articles\/denuncio-al-dictador-daniel-ortega-dice-el-editor-carlos-chamorro-luego-que-la-policia-allano-su-redaccion-en-nicaragua\/\" target=\"_blank\" rel=\"noopener\">su sede fue allanada por la Polic\u00eda sin ninguna orden judicial<\/a>. Aunque Chamorro intent\u00f3 por a\u00f1os que la sede fuera devuelta, nunca lo logr\u00f3. El 23 de febrero de 2021, Ortega entreg\u00f3 la sede de Confidencial al Ministerio de Salud <a href=\"https:\/\/latamjournalismreview.org\/es\/news\/ortega-ejecuta-ultimo-acto-de-confiscacion-a-confidencial-en-nicaragua\/\" target=\"_blank\" rel=\"noopener\">para inaugurar una casa materna.<\/a><\/p>\n<p>\u201cQueremos reiterar que el alma de nuestro medio no est\u00e1 en nuestro edificio confiscado, ni tampoco est\u00e1 en este lugar, que ha sido asaltado el d\u00eda de hoy por la Polic\u00eda en un acto in\u00fatil\u201d, escribi\u00f3 Chamorro en una carta a sus colegas. \u201cNunca va a poder confiscar el periodismo, porque nunca van a poder callar este medio de comunicaci\u00f3n. Aqu\u00ed estamos haciendo periodismo, informando\u201d.<\/p>\n<p>\u201cEsta es una prueba m\u00e1s de que la represi\u00f3n, persecuci\u00f3n y acoso de la dictadura Ortega-Murillo a los medios independientes no se ha detenido, todo lo contrario, sigue profundiz\u00e1ndose\u201d, dijo Pedro X. Molina, caricaturista pol\u00edtico de Confidencial, a <strong>LatAm Journalism Review (LJR).<\/strong> \u201cEsto nos recuerda duramente que nada est\u00e1 normal en Nicaragua, que el papel de los medios independientes sigue siendo vital y como la dictadura lo sabe, se ensa\u00f1a contra ellos\u201d.<\/p>\n<div id=\"attachment_2735\" style=\"width: 460px\" class=\"wp-caption alignright\"><img loading=\"lazy\" decoding=\"async\" aria-describedby=\"caption-attachment-2735\" class=\"wp-image-2735\" src=\"https:\/\/latamjournalismreview.org\/wp-content\/uploads\/2020\/05\/CARLOS-FERNANDO-CHAMORRO-EN-ISOJ-300x200.jpg\" alt=\"CARLOS FERNANDO CHAMORRO EN ISOJ\" width=\"450\" height=\"300\" \/><p id=\"caption-attachment-2735\" class=\"wp-caption-text\">Periodista y director de Confidencial, Carlos Fernando Chamorro (Centro Knight)<\/p><\/div>\n<p>\u201cComo colaborador de Confidencial, como miembro del periodismo independiente y como ciudadano me siento una vez m\u00e1s agredido en mis derechos fundamentales y todos los nicas deber\u00edamos sentirnos de igual manera\u201d, dijo. \u201cDespu\u00e9s de todo, la libertad de prensa, de expresi\u00f3n, de reuni\u00f3n y movilizaci\u00f3n no son derechos que pertenezcan solo a los periodistas, sino a toda la poblaci\u00f3n y por lo tanto nos toca a todos rechazar este tipo de actos cobardes, adem\u00e1s de no desistir en la lucha por nuestros derechos, por la libertad, por la justicia y la democracia que urge nuestro pa\u00eds\u201d.<\/p>\n<p>Tambi\u00e9n este 20 de mayo, la periodista y hermana de Carlos Fernando, Cristiana Mar\u00eda Chamorro Barrios, exdirectora de la Fundaci\u00f3n Violeta Barrios de Chamorro \u2013 una ONG que promueve la libertad de prensa y el periodismo independiente en el pa\u00eds \u2013, fue citada por el Ministerio de Gobernaci\u00f3n (Migob) al estar <a href=\"https:\/\/100noticias.com.ni\/politica\/107403-cristiana-chamorro-gobernacion-lavado-dinero\/\" target=\"_blank\" rel=\"noopener\">acusada de presuntos \u201cindicios de lavado de dinero\u201d<\/a>.<\/p>\n<p>Luego de tres horas en el Migob, sin poder llevar a su abogado, dijo que le pidieron que <a href=\"https:\/\/www.laprensa.com.ni\/2021\/05\/20\/politica\/2826477-ministerio-de-gobernacion-senala-a-la-fundacion-violeta-barrios-de-chamorro-por-lavado-de-dinero\" target=\"_blank\" rel=\"noopener\">entregara informes contables de la Fundaci\u00f3n<\/a> dentro de 24 horas, seg\u00fan inform\u00f3 el diario La Prensa. La exdirectora dijo que eso era imposible debido a las limitaciones de tiempo.<\/p>\n<p>La Fundaci\u00f3n Violeta Barrios de Chamorro anunci\u00f3 su <a href=\"https:\/\/latamjournalismreview.org\/es\/news\/nicaragua-fundacion-violeta-barrios-de-chamorro-suspende-operaciones-por-ley-de-agentes-extranjeros\/\" target=\"_blank\" rel=\"noopener\">cese de operaciones el pasado 5 de febrero<\/a> debido a que no se someter\u00eda a la Ley de Agentes Extranjeros que fue aprobada por la Asamblea en octubre de 2020. La ley tiene por objetivo c<a href=\"https:\/\/www.dw.com\/es\/parlamento-de-nicaragua-aprueba-ley-de-agentes-extranjeros-entre-rechazo-internacional\/a-55291938\" target=\"_blank\" rel=\"noopener\">ontrolar los recursos externos que reciben personas y organizaciones civiles<\/a> de fuentes internacionales.<\/p>\n<p>La reciente citaci\u00f3n para Cristiana Chamorro se hace usando la Ley de Agentes Extranjeros. La periodista es una potencial candidata a la presidencia de Nicaragua.<\/p>\n<p>El hecho tiene un lugar un d\u00eda despu\u00e9s de que el Consejo Supremo Electoral (CSE) del pa\u00eds <a href=\"https:\/\/www.dw.com\/es\/tribunal-electoral-de-nicaragua-impide-participaci%C3%B3n-de-opositores\/a-57575919\" target=\"_blank\" rel=\"noopener\">notificara la cancelaci\u00f3n de la personer\u00eda jur\u00eddica del Partido de Restauraci\u00f3n Democr\u00e1tica<\/a>, que hace parte de la Coalici\u00f3n Nacional, inform\u00f3 DW. La Coalici\u00f3n es el principal bloque opositor a Ortega que busca vencerlo en las elecciones del pr\u00f3ximo noviembre.<\/p>\n<p>Respecto a las acusaciones contra Cristiana Chamorro, la periodista nicarag\u00fcense Mar\u00eda Lilly Delgado enfatiz\u00f3 que era importante recordar que Carlos Fernando Chamorro y la organizaci\u00f3n sin fines de lucro CINCO, que \u00e9l dirig\u00eda, <a href=\"https:\/\/www.nytimes.com\/2009\/03\/22\/magazine\/22Nicaragua-t.html\" target=\"_blank\" rel=\"noopener\">fueron previamente acusados de lavado de dinero antes de las elecciones municipales de 2008<\/a>. Esos cargos finalmente fueron retirados.<\/p>\n<p>\u201cLos periodistas y la prensa independiente trabajan bajo amenaza, hostigamiento y ataques bajo el r\u00e9gimen de Daniel Ortega en este a\u00f1o electoral, donde Ortega controla a los magistrados electorales, el resto de poderes del Estado y hace una elecci\u00f3n a su medida, sin permitir el escrutinio y la observaci\u00f3n internacional\u201d, dijo Delgado a <strong>LJR<\/strong>.<\/p>\n<p>&nbsp;<\/p>\n<p><em>*Teresa Mioli asisti\u00f3 en la elaboraci\u00f3n de este art\u00edculo.<\/em><\/p>\n","protected":false},"excerpt":{"rendered":"<p>En un nuevo ataque a la prensa de Nicaragua, este 20 de mayo el gobierno de Daniel Ortega allan\u00f3 por segunda vez la redacci\u00f3n de la revista Confidencial, fundada por el periodista Carlos Fernando Chamorro, al mismo tiempo que arrest\u00f3 a diferentes periodistas internacionales que cubr\u00edan el hecho. Un camar\u00f3grafo del medio permanece desaparecido.<\/p>\n","protected":false},"author":13,"featured_media":19767,"comment_status":"closed","ping_status":"closed","sticky":false,"template":"","format":"standard","meta":{"inline_featured_image":false,"footnotes":""},"categories":[1220],"tags":[1497],"coauthors":[],"class_list":["post-19769","post","type-post","status-publish","format-standard","has-post-thumbnail","hentry","category-libertad-de-prensa-es","tag-nicaragua-es"],"acf":[],"yoast_head":"<!-- This site is optimized with the Yoast SEO Premium plugin v22.6 (Yoast SEO v27.4) - https:\/\/yoast.com\/product\/yoast-seo-premium-wordpress\/ -->\n<title>Polic\u00eda nicarag\u00fcense allana la redacci\u00f3n de Confidencial por segunda vez - LatAm Journalism Review<\/title>\n<meta name=\"description\" content=\"Polic\u00eda nicarag\u00fcense allana la redacci\u00f3n de Confidencial por segunda vez Libertad de prensa. Latin American Journalism Review by The Knight Center at The University of Texas at Austin.\" \/>\n<meta name=\"robots\" content=\"index, follow, max-snippet:-1, max-image-preview:large, max-video-preview:-1\" \/>\n<link rel=\"canonical\" href=\"https:\/\/latamjournalismreview.org\/es\/articles\/policia-nicaraguense-allana-la-redaccion-de-confidencial-por-segunda-vez-y-se-lleva-a-camarografo-que-permanece-desaparecido\/\" \/>\n<meta property=\"og:locale\" content=\"es_ES\" \/>\n<meta property=\"og:type\" content=\"article\" \/>\n<meta property=\"og:title\" content=\"Polic\u00eda nicarag\u00fcense allana la redacci\u00f3n de Confidencial por segunda vez\" \/>\n<meta property=\"og:description\" content=\"Polic\u00eda nicarag\u00fcense allana la redacci\u00f3n de Confidencial por segunda vez Libertad de prensa. Latin American Journalism Review by The Knight Center at The University of Texas at Austin.\" \/>\n<meta property=\"og:url\" content=\"https:\/\/latamjournalismreview.org\/es\/articles\/policia-nicaraguense-allana-la-redaccion-de-confidencial-por-segunda-vez-y-se-lleva-a-camarografo-que-permanece-desaparecido\/\" \/>\n<meta property=\"og:site_name\" content=\"LatAm Journalism Review\" \/>\n<meta property=\"article:published_time\" content=\"2021-05-20T22:53:07+00:00\" \/>\n<meta property=\"article:modified_time\" content=\"2021-05-21T17:01:36+00:00\" \/>\n<meta property=\"og:image\" content=\"https:\/\/latamjournalismreview.org\/wp-content\/uploads\/2021\/05\/Featured-Image-Nicaraguan-flag.png\" \/>\n\t<meta property=\"og:image:width\" content=\"507\" \/>\n\t<meta property=\"og:image:height\" content=\"340\" \/>\n\t<meta property=\"og:image:type\" content=\"image\/png\" \/>\n<meta name=\"author\" content=\"Silvia Higuera\" \/>\n<meta name=\"twitter:card\" content=\"summary_large_image\" \/>\n<meta name=\"twitter:creator\" content=\"@shiguerita\" \/>\n<meta name=\"twitter:site\" content=\"@LatAmJournalism\" \/>\n<meta name=\"twitter:label1\" content=\"Written by\" \/>\n\t<meta name=\"twitter:data1\" content=\"Silvia Higuera\" \/>\n\t<meta name=\"twitter:label2\" content=\"Est. reading time\" \/>\n\t<meta name=\"twitter:data2\" content=\"6 minutos\" \/>\n<script type=\"application\/ld+json\" class=\"yoast-schema-graph\">{\"@context\":\"https:\\\/\\\/schema.org\",\"@graph\":[{\"@type\":\"Article\",\"@id\":\"https:\\\/\\\/latamjournalismreview.org\\\/es\\\/articles\\\/policia-nicaraguense-allana-la-redaccion-de-confidencial-por-segunda-vez-y-se-lleva-a-camarografo-que-permanece-desaparecido\\\/#article\",\"isPartOf\":{\"@id\":\"https:\\\/\\\/latamjournalismreview.org\\\/es\\\/articles\\\/policia-nicaraguense-allana-la-redaccion-de-confidencial-por-segunda-vez-y-se-lleva-a-camarografo-que-permanece-desaparecido\\\/\"},\"author\":{\"name\":\"Silvia Higuera\",\"@id\":\"https:\\\/\\\/latamjournalismreview.org\\\/es\\\/#\\\/schema\\\/person\\\/eac7baa6afada0957e047be9fc15703a\"},\"headline\":\"Polic\u00eda nicarag\u00fcense allana la redacci\u00f3n de Confidencial por segunda vez\",\"datePublished\":\"2021-05-20T22:53:07+00:00\",\"dateModified\":\"2021-05-21T17:01:36+00:00\",\"mainEntityOfPage\":{\"@id\":\"https:\\\/\\\/latamjournalismreview.org\\\/es\\\/articles\\\/policia-nicaraguense-allana-la-redaccion-de-confidencial-por-segunda-vez-y-se-lleva-a-camarografo-que-permanece-desaparecido\\\/\"},\"wordCount\":1113,\"publisher\":{\"@id\":\"https:\\\/\\\/latamjournalismreview.org\\\/es\\\/#organization\"},\"image\":{\"@id\":\"https:\\\/\\\/latamjournalismreview.org\\\/es\\\/articles\\\/policia-nicaraguense-allana-la-redaccion-de-confidencial-por-segunda-vez-y-se-lleva-a-camarografo-que-permanece-desaparecido\\\/#primaryimage\"},\"thumbnailUrl\":\"https:\\\/\\\/latamjournalismreview.org\\\/wp-content\\\/uploads\\\/2021\\\/05\\\/Featured-Image-Nicaraguan-flag.png\",\"keywords\":[\"Nicaragua\"],\"articleSection\":[\"Libertad de prensa\"],\"inLanguage\":\"es\"},{\"@type\":\"WebPage\",\"@id\":\"https:\\\/\\\/latamjournalismreview.org\\\/es\\\/articles\\\/policia-nicaraguense-allana-la-redaccion-de-confidencial-por-segunda-vez-y-se-lleva-a-camarografo-que-permanece-desaparecido\\\/\",\"url\":\"https:\\\/\\\/latamjournalismreview.org\\\/es\\\/articles\\\/policia-nicaraguense-allana-la-redaccion-de-confidencial-por-segunda-vez-y-se-lleva-a-camarografo-que-permanece-desaparecido\\\/\",\"name\":\"Polic\u00eda nicarag\u00fcense allana la redacci\u00f3n de Confidencial por segunda vez - LatAm Journalism Review\",\"isPartOf\":{\"@id\":\"https:\\\/\\\/latamjournalismreview.org\\\/es\\\/#website\"},\"primaryImageOfPage\":{\"@id\":\"https:\\\/\\\/latamjournalismreview.org\\\/es\\\/articles\\\/policia-nicaraguense-allana-la-redaccion-de-confidencial-por-segunda-vez-y-se-lleva-a-camarografo-que-permanece-desaparecido\\\/#primaryimage\"},\"image\":{\"@id\":\"https:\\\/\\\/latamjournalismreview.org\\\/es\\\/articles\\\/policia-nicaraguense-allana-la-redaccion-de-confidencial-por-segunda-vez-y-se-lleva-a-camarografo-que-permanece-desaparecido\\\/#primaryimage\"},\"thumbnailUrl\":\"https:\\\/\\\/latamjournalismreview.org\\\/wp-content\\\/uploads\\\/2021\\\/05\\\/Featured-Image-Nicaraguan-flag.png\",\"datePublished\":\"2021-05-20T22:53:07+00:00\",\"dateModified\":\"2021-05-21T17:01:36+00:00\",\"description\":\"Polic\u00eda nicarag\u00fcense allana la redacci\u00f3n de Confidencial por segunda vez Libertad de prensa. Latin American Journalism Review by The Knight Center at The University of Texas at Austin.\",\"breadcrumb\":{\"@id\":\"https:\\\/\\\/latamjournalismreview.org\\\/es\\\/articles\\\/policia-nicaraguense-allana-la-redaccion-de-confidencial-por-segunda-vez-y-se-lleva-a-camarografo-que-permanece-desaparecido\\\/#breadcrumb\"},\"inLanguage\":\"es\",\"potentialAction\":[{\"@type\":\"ReadAction\",\"target\":[\"https:\\\/\\\/latamjournalismreview.org\\\/es\\\/articles\\\/policia-nicaraguense-allana-la-redaccion-de-confidencial-por-segunda-vez-y-se-lleva-a-camarografo-que-permanece-desaparecido\\\/\"]}]},{\"@type\":\"ImageObject\",\"inLanguage\":\"es\",\"@id\":\"https:\\\/\\\/latamjournalismreview.org\\\/es\\\/articles\\\/policia-nicaraguense-allana-la-redaccion-de-confidencial-por-segunda-vez-y-se-lleva-a-camarografo-que-permanece-desaparecido\\\/#primaryimage\",\"url\":\"https:\\\/\\\/latamjournalismreview.org\\\/wp-content\\\/uploads\\\/2021\\\/05\\\/Featured-Image-Nicaraguan-flag.png\",\"contentUrl\":\"https:\\\/\\\/latamjournalismreview.org\\\/wp-content\\\/uploads\\\/2021\\\/05\\\/Featured-Image-Nicaraguan-flag.png\",\"width\":507,\"height\":340,\"caption\":\"Featured Image Nicaraguan flag\"},{\"@type\":\"BreadcrumbList\",\"@id\":\"https:\\\/\\\/latamjournalismreview.org\\\/es\\\/articles\\\/policia-nicaraguense-allana-la-redaccion-de-confidencial-por-segunda-vez-y-se-lleva-a-camarografo-que-permanece-desaparecido\\\/#breadcrumb\",\"itemListElement\":[{\"@type\":\"ListItem\",\"position\":1,\"name\":\"Home\",\"item\":\"https:\\\/\\\/latamjournalismreview.org\\\/es\\\/\"},{\"@type\":\"ListItem\",\"position\":2,\"name\":\"Polic\u00eda nicarag\u00fcense allana la redacci\u00f3n de Confidencial por segunda vez\"}]},{\"@type\":\"WebSite\",\"@id\":\"https:\\\/\\\/latamjournalismreview.org\\\/es\\\/#website\",\"url\":\"https:\\\/\\\/latamjournalismreview.org\\\/es\\\/\",\"name\":\"LatAm Journalism Review\",\"description\":\"Knight Center at The University of Texas\",\"publisher\":{\"@id\":\"https:\\\/\\\/latamjournalismreview.org\\\/es\\\/#organization\"},\"potentialAction\":[{\"@type\":\"SearchAction\",\"target\":{\"@type\":\"EntryPoint\",\"urlTemplate\":\"https:\\\/\\\/latamjournalismreview.org\\\/es\\\/?s={search_term_string}\"},\"query-input\":{\"@type\":\"PropertyValueSpecification\",\"valueRequired\":true,\"valueName\":\"search_term_string\"}}],\"inLanguage\":\"es\"},{\"@type\":\"Organization\",\"@id\":\"https:\\\/\\\/latamjournalismreview.org\\\/es\\\/#organization\",\"name\":\"LatAm Journalism Review\",\"url\":\"https:\\\/\\\/latamjournalismreview.org\\\/es\\\/\",\"logo\":{\"@type\":\"ImageObject\",\"inLanguage\":\"es\",\"@id\":\"https:\\\/\\\/latamjournalismreview.org\\\/es\\\/#\\\/schema\\\/logo\\\/image\\\/\",\"url\":\"https:\\\/\\\/latamjournalismreview.org\\\/wp-content\\\/uploads\\\/2020\\\/05\\\/knight-latAm-review-logo.svg\",\"contentUrl\":\"https:\\\/\\\/latamjournalismreview.org\\\/wp-content\\\/uploads\\\/2020\\\/05\\\/knight-latAm-review-logo.svg\",\"width\":\"1024\",\"height\":\"1024\",\"caption\":\"LatAm Journalism Review\"},\"image\":{\"@id\":\"https:\\\/\\\/latamjournalismreview.org\\\/es\\\/#\\\/schema\\\/logo\\\/image\\\/\"},\"sameAs\":[\"https:\\\/\\\/x.com\\\/LatAmJournalism\"]},{\"@type\":\"Person\",\"@id\":\"https:\\\/\\\/latamjournalismreview.org\\\/es\\\/#\\\/schema\\\/person\\\/eac7baa6afada0957e047be9fc15703a\",\"name\":\"Silvia Higuera\",\"description\":\"Silvia A. Higuera Fl\u00f3rez is a Colombian journalist interested in covering Latin American issues and human rights, especially the right to freedom of expression, and investigative journalism. She studied Social Communication and Journalism at Universidad Pontificia Bolivariana in Bucaramanga (Colombia), and received her Master's of Arts in Journalism from the University of Texas at Austin in 2015. She worked with the Office of the Special Rapporteur for Freedom of Expression of the Inter-American Commission on Human Rights (IACHR) under the Orlando Sierra fellowship during 2014. She also worked for the Colombian newspaper Vanguardia Liberal and wrote for different magazines about local, economic and public order issues. Her work has also appeared in The Miami Herald and El Nuevo Herald of Miami. Email: silvia.knightcenter@gmail.com Silvia A. Higuera Fl\u00f3rez es una periodista colombiana con inter\u00e9s period\u00edstico es Am\u00e9rica Latina y los derechos humanos, particularmente el derecho a la libertad de expresi\u00f3n, as\u00ed como el periodismo de investigaci\u00f3n. Estudi\u00f3 Comunicaci\u00f3n Social \u2013 Periodismo en la Universidad Pontificia Bolivariana de Bucaramanga (Colombia), y recibi\u00f3 su maestr\u00eda en Periodismo en la Universidad de Texas, en Austin en 2015. Trabaj\u00f3 para la Relator\u00eda Especial para la Libertad de Expresi\u00f3n de la Comisi\u00f3n Interamericana de Derechos Humanos (CIDH) en el marco de la beca Orlando Sierra, durante 2014. Tambi\u00e9n hizo parte del diario Vanguardia Liberal y escribi\u00f3 para otras revistas colombianas cubriendo fuentes locales, econ\u00f3micas y judiciales. Algunos de sus trabajos han aparecido en The Miami Herald y El Nuevo Herald de Miami. Silvia A. Higuera Fl\u00f3rez \u00e9 uma jornalista colombiana e seu interesse jornal\u00edstico \u00e9 a Am\u00e9rica Latina e os direitos humanos, nomeadamente o direito \u00e0 liberdade de express\u00e3o. Estudou Comunica\u00e7\u00e3o Social \u2013 Jornalismo na Universidade Pontif\u00edcia Bolivariana de Bucaramanga, na Col\u00f4mbia e completou seu mestrado em jornalismo na Universidade do Texas em Austin. Silvia trabalhou na Relatoria para a Liberdade de Express\u00e3o da CIDH pela bolsa Orlando Sierra, em 2014. Trabalhou para o jornal Vanguardia Liberal e escreveu para outras revistas colombianas cobrindo temas locais, econ\u00f4micas e judici\u00e1rias. Alguns de seus trabalhos apareceram no The Miami Herald e no El Nuevo Herald de Miami.\",\"sameAs\":[\"https:\\\/\\\/x.com\\\/shiguerita\"],\"url\":\"https:\\\/\\\/latamjournalismreview.org\\\/es\\\/articles\\\/author\\\/silvia-higuera\\\/\"}]}<\/script>\n<!-- \/ Yoast SEO Premium plugin. -->","yoast_head_json":{"title":"Polic\u00eda nicarag\u00fcense allana la redacci\u00f3n de Confidencial por segunda vez - LatAm Journalism Review","description":"Polic\u00eda nicarag\u00fcense allana la redacci\u00f3n de Confidencial por segunda vez Libertad de prensa. Latin American Journalism Review by The Knight Center at The University of Texas at Austin.","robots":{"index":"index","follow":"follow","max-snippet":"max-snippet:-1","max-image-preview":"max-image-preview:large","max-video-preview":"max-video-preview:-1"},"canonical":"https:\/\/latamjournalismreview.org\/es\/articles\/policia-nicaraguense-allana-la-redaccion-de-confidencial-por-segunda-vez-y-se-lleva-a-camarografo-que-permanece-desaparecido\/","og_locale":"es_ES","og_type":"article","og_title":"Polic\u00eda nicarag\u00fcense allana la redacci\u00f3n de Confidencial por segunda vez","og_description":"Polic\u00eda nicarag\u00fcense allana la redacci\u00f3n de Confidencial por segunda vez Libertad de prensa. Latin American Journalism Review by The Knight Center at The University of Texas at Austin.","og_url":"https:\/\/latamjournalismreview.org\/es\/articles\/policia-nicaraguense-allana-la-redaccion-de-confidencial-por-segunda-vez-y-se-lleva-a-camarografo-que-permanece-desaparecido\/","og_site_name":"LatAm Journalism Review","article_published_time":"2021-05-20T22:53:07+00:00","article_modified_time":"2021-05-21T17:01:36+00:00","og_image":[{"width":507,"height":340,"url":"https:\/\/latamjournalismreview.org\/wp-content\/uploads\/2021\/05\/Featured-Image-Nicaraguan-flag.png","type":"image\/png"}],"author":"Silvia Higuera","twitter_card":"summary_large_image","twitter_creator":"@shiguerita","twitter_site":"@LatAmJournalism","twitter_misc":{"Written by":"Silvia Higuera","Est. reading time":"6 minutos"},"schema":{"@context":"https:\/\/schema.org","@graph":[{"@type":"Article","@id":"https:\/\/latamjournalismreview.org\/es\/articles\/policia-nicaraguense-allana-la-redaccion-de-confidencial-por-segunda-vez-y-se-lleva-a-camarografo-que-permanece-desaparecido\/#article","isPartOf":{"@id":"https:\/\/latamjournalismreview.org\/es\/articles\/policia-nicaraguense-allana-la-redaccion-de-confidencial-por-segunda-vez-y-se-lleva-a-camarografo-que-permanece-desaparecido\/"},"author":{"name":"Silvia Higuera","@id":"https:\/\/latamjournalismreview.org\/es\/#\/schema\/person\/eac7baa6afada0957e047be9fc15703a"},"headline":"Polic\u00eda nicarag\u00fcense allana la redacci\u00f3n de Confidencial por segunda vez","datePublished":"2021-05-20T22:53:07+00:00","dateModified":"2021-05-21T17:01:36+00:00","mainEntityOfPage":{"@id":"https:\/\/latamjournalismreview.org\/es\/articles\/policia-nicaraguense-allana-la-redaccion-de-confidencial-por-segunda-vez-y-se-lleva-a-camarografo-que-permanece-desaparecido\/"},"wordCount":1113,"publisher":{"@id":"https:\/\/latamjournalismreview.org\/es\/#organization"},"image":{"@id":"https:\/\/latamjournalismreview.org\/es\/articles\/policia-nicaraguense-allana-la-redaccion-de-confidencial-por-segunda-vez-y-se-lleva-a-camarografo-que-permanece-desaparecido\/#primaryimage"},"thumbnailUrl":"https:\/\/latamjournalismreview.org\/wp-content\/uploads\/2021\/05\/Featured-Image-Nicaraguan-flag.png","keywords":["Nicaragua"],"articleSection":["Libertad de prensa"],"inLanguage":"es"},{"@type":"WebPage","@id":"https:\/\/latamjournalismreview.org\/es\/articles\/policia-nicaraguense-allana-la-redaccion-de-confidencial-por-segunda-vez-y-se-lleva-a-camarografo-que-permanece-desaparecido\/","url":"https:\/\/latamjournalismreview.org\/es\/articles\/policia-nicaraguense-allana-la-redaccion-de-confidencial-por-segunda-vez-y-se-lleva-a-camarografo-que-permanece-desaparecido\/","name":"Polic\u00eda nicarag\u00fcense allana la redacci\u00f3n de Confidencial por segunda vez - LatAm Journalism Review","isPartOf":{"@id":"https:\/\/latamjournalismreview.org\/es\/#website"},"primaryImageOfPage":{"@id":"https:\/\/latamjournalismreview.org\/es\/articles\/policia-nicaraguense-allana-la-redaccion-de-confidencial-por-segunda-vez-y-se-lleva-a-camarografo-que-permanece-desaparecido\/#primaryimage"},"image":{"@id":"https:\/\/latamjournalismreview.org\/es\/articles\/policia-nicaraguense-allana-la-redaccion-de-confidencial-por-segunda-vez-y-se-lleva-a-camarografo-que-permanece-desaparecido\/#primaryimage"},"thumbnailUrl":"https:\/\/latamjournalismreview.org\/wp-content\/uploads\/2021\/05\/Featured-Image-Nicaraguan-flag.png","datePublished":"2021-05-20T22:53:07+00:00","dateModified":"2021-05-21T17:01:36+00:00","description":"Polic\u00eda nicarag\u00fcense allana la redacci\u00f3n de Confidencial por segunda vez Libertad de prensa. Latin American Journalism Review by The Knight Center at The University of Texas at Austin.","breadcrumb":{"@id":"https:\/\/latamjournalismreview.org\/es\/articles\/policia-nicaraguense-allana-la-redaccion-de-confidencial-por-segunda-vez-y-se-lleva-a-camarografo-que-permanece-desaparecido\/#breadcrumb"},"inLanguage":"es","potentialAction":[{"@type":"ReadAction","target":["https:\/\/latamjournalismreview.org\/es\/articles\/policia-nicaraguense-allana-la-redaccion-de-confidencial-por-segunda-vez-y-se-lleva-a-camarografo-que-permanece-desaparecido\/"]}]},{"@type":"ImageObject","inLanguage":"es","@id":"https:\/\/latamjournalismreview.org\/es\/articles\/policia-nicaraguense-allana-la-redaccion-de-confidencial-por-segunda-vez-y-se-lleva-a-camarografo-que-permanece-desaparecido\/#primaryimage","url":"https:\/\/latamjournalismreview.org\/wp-content\/uploads\/2021\/05\/Featured-Image-Nicaraguan-flag.png","contentUrl":"https:\/\/latamjournalismreview.org\/wp-content\/uploads\/2021\/05\/Featured-Image-Nicaraguan-flag.png","width":507,"height":340,"caption":"Featured Image Nicaraguan flag"},{"@type":"BreadcrumbList","@id":"https:\/\/latamjournalismreview.org\/es\/articles\/policia-nicaraguense-allana-la-redaccion-de-confidencial-por-segunda-vez-y-se-lleva-a-camarografo-que-permanece-desaparecido\/#breadcrumb","itemListElement":[{"@type":"ListItem","position":1,"name":"Home","item":"https:\/\/latamjournalismreview.org\/es\/"},{"@type":"ListItem","position":2,"name":"Polic\u00eda nicarag\u00fcense allana la redacci\u00f3n de Confidencial por segunda vez"}]},{"@type":"WebSite","@id":"https:\/\/latamjournalismreview.org\/es\/#website","url":"https:\/\/latamjournalismreview.org\/es\/","name":"LatAm Journalism Review","description":"Knight Center at The University of Texas","publisher":{"@id":"https:\/\/latamjournalismreview.org\/es\/#organization"},"potentialAction":[{"@type":"SearchAction","target":{"@type":"EntryPoint","urlTemplate":"https:\/\/latamjournalismreview.org\/es\/?s={search_term_string}"},"query-input":{"@type":"PropertyValueSpecification","valueRequired":true,"valueName":"search_term_string"}}],"inLanguage":"es"},{"@type":"Organization","@id":"https:\/\/latamjournalismreview.org\/es\/#organization","name":"LatAm Journalism Review","url":"https:\/\/latamjournalismreview.org\/es\/","logo":{"@type":"ImageObject","inLanguage":"es","@id":"https:\/\/latamjournalismreview.org\/es\/#\/schema\/logo\/image\/","url":"https:\/\/latamjournalismreview.org\/wp-content\/uploads\/2020\/05\/knight-latAm-review-logo.svg","contentUrl":"https:\/\/latamjournalismreview.org\/wp-content\/uploads\/2020\/05\/knight-latAm-review-logo.svg","width":"1024","height":"1024","caption":"LatAm Journalism Review"},"image":{"@id":"https:\/\/latamjournalismreview.org\/es\/#\/schema\/logo\/image\/"},"sameAs":["https:\/\/x.com\/LatAmJournalism"]},{"@type":"Person","@id":"https:\/\/latamjournalismreview.org\/es\/#\/schema\/person\/eac7baa6afada0957e047be9fc15703a","name":"Silvia Higuera","description":"Silvia A. Higuera Fl\u00f3rez is a Colombian journalist interested in covering Latin American issues and human rights, especially the right to freedom of expression, and investigative journalism. She studied Social Communication and Journalism at Universidad Pontificia Bolivariana in Bucaramanga (Colombia), and received her Master's of Arts in Journalism from the University of Texas at Austin in 2015. She worked with the Office of the Special Rapporteur for Freedom of Expression of the Inter-American Commission on Human Rights (IACHR) under the Orlando Sierra fellowship during 2014. She also worked for the Colombian newspaper Vanguardia Liberal and wrote for different magazines about local, economic and public order issues. Her work has also appeared in The Miami Herald and El Nuevo Herald of Miami. Email: silvia.knightcenter@gmail.com Silvia A. Higuera Fl\u00f3rez es una periodista colombiana con inter\u00e9s period\u00edstico es Am\u00e9rica Latina y los derechos humanos, particularmente el derecho a la libertad de expresi\u00f3n, as\u00ed como el periodismo de investigaci\u00f3n. Estudi\u00f3 Comunicaci\u00f3n Social \u2013 Periodismo en la Universidad Pontificia Bolivariana de Bucaramanga (Colombia), y recibi\u00f3 su maestr\u00eda en Periodismo en la Universidad de Texas, en Austin en 2015. Trabaj\u00f3 para la Relator\u00eda Especial para la Libertad de Expresi\u00f3n de la Comisi\u00f3n Interamericana de Derechos Humanos (CIDH) en el marco de la beca Orlando Sierra, durante 2014. Tambi\u00e9n hizo parte del diario Vanguardia Liberal y escribi\u00f3 para otras revistas colombianas cubriendo fuentes locales, econ\u00f3micas y judiciales. Algunos de sus trabajos han aparecido en The Miami Herald y El Nuevo Herald de Miami. Silvia A. Higuera Fl\u00f3rez \u00e9 uma jornalista colombiana e seu interesse jornal\u00edstico \u00e9 a Am\u00e9rica Latina e os direitos humanos, nomeadamente o direito \u00e0 liberdade de express\u00e3o. Estudou Comunica\u00e7\u00e3o Social \u2013 Jornalismo na Universidade Pontif\u00edcia Bolivariana de Bucaramanga, na Col\u00f4mbia e completou seu mestrado em jornalismo na Universidade do Texas em Austin. Silvia trabalhou na Relatoria para a Liberdade de Express\u00e3o da CIDH pela bolsa Orlando Sierra, em 2014. Trabalhou para o jornal Vanguardia Liberal e escreveu para outras revistas colombianas cobrindo temas locais, econ\u00f4micas e judici\u00e1rias. Alguns de seus trabalhos apareceram no The Miami Herald e no El Nuevo Herald de Miami.","sameAs":["https:\/\/x.com\/shiguerita"],"url":"https:\/\/latamjournalismreview.org\/es\/articles\/author\/silvia-higuera\/"}]}},"_links":{"self":[{"href":"https:\/\/latamjournalismreview.org\/es\/wp-json\/wp\/v2\/posts\/19769","targetHints":{"allow":["GET"]}}],"collection":[{"href":"https:\/\/latamjournalismreview.org\/es\/wp-json\/wp\/v2\/posts"}],"about":[{"href":"https:\/\/latamjournalismreview.org\/es\/wp-json\/wp\/v2\/types\/post"}],"author":[{"embeddable":true,"href":"https:\/\/latamjournalismreview.org\/es\/wp-json\/wp\/v2\/users\/13"}],"replies":[{"embeddable":true,"href":"https:\/\/latamjournalismreview.org\/es\/wp-json\/wp\/v2\/comments?post=19769"}],"version-history":[{"count":9,"href":"https:\/\/latamjournalismreview.org\/es\/wp-json\/wp\/v2\/posts\/19769\/revisions"}],"predecessor-version":[{"id":19796,"href":"https:\/\/latamjournalismreview.org\/es\/wp-json\/wp\/v2\/posts\/19769\/revisions\/19796"}],"wp:featuredmedia":[{"embeddable":true,"href":"https:\/\/latamjournalismreview.org\/es\/wp-json\/wp\/v2\/media\/19767"}],"wp:attachment":[{"href":"https:\/\/latamjournalismreview.org\/es\/wp-json\/wp\/v2\/media?parent=19769"}],"wp:term":[{"taxonomy":"category","embeddable":true,"href":"https:\/\/latamjournalismreview.org\/es\/wp-json\/wp\/v2\/categories?post=19769"},{"taxonomy":"post_tag","embeddable":true,"href":"https:\/\/latamjournalismreview.org\/es\/wp-json\/wp\/v2\/tags?post=19769"},{"taxonomy":"author","embeddable":true,"href":"https:\/\/latamjournalismreview.org\/es\/wp-json\/wp\/v2\/coauthors?post=19769"}],"curies":[{"name":"wp","href":"https:\/\/api.w.org\/{rel}","templated":true}]}}