{"id":20314,"date":"2021-06-08T13:51:15","date_gmt":"2021-06-08T18:51:15","guid":{"rendered":"https:\/\/latamjournalismreview.org\/?p=20314"},"modified":"2021-06-08T13:51:15","modified_gmt":"2021-06-08T18:51:15","slug":"periodistas-brasilenos-lanzan-la-asociacion-de-periodismo-digital-ajor-en-el-dia-nacional-de-la-libertad-de-prensa","status":"publish","type":"post","link":"https:\/\/latamjournalismreview.org\/es\/articles\/periodistas-brasilenos-lanzan-la-asociacion-de-periodismo-digital-ajor-en-el-dia-nacional-de-la-libertad-de-prensa\/","title":{"rendered":"Periodistas brasile\u00f1os lanzan la Asociaci\u00f3n de Periodismo Digital, Ajor, en el D\u00eda Nacional de la Libertad de Prensa"},"content":{"rendered":"<p>El 7 de junio, cuando se celebre el D\u00eda Nacional de la Libertad de Prensa en Brasil, los periodistas del pa\u00eds tendr\u00e1n otro motivo para celebrar. Un grupo de 30 organizaciones de periodismo en l\u00ednea innovadoras e independientes comprometidas con la diversidad y la democracia aprovech\u00f3 esta fecha para lanzar oficialmente <a href=\"https:\/\/ajor.org.br\/\" target=\"_blank\" rel=\"noopener\">Ajor - Asociaci\u00f3n de Periodismo Digital<\/a>.<\/p>\n<p>El lanzamiento ya se hab\u00eda anticipado el 3 de mayo de este a\u00f1o <a href=\"https:\/\/latamjournalismreview.org\/es\/articles\/coloquio-iberoamericano-de-periodismo-digital-finaliza-con-el-anuncio-de-una-nueva-asociacion-de-periodismo-digital-en-brasil-ebook-y-podcast\/\" target=\"_blank\" rel=\"noopener\">en un anuncio<\/a> en el Coloquio Iberoamericano de Periodismo Digital, organizado por el Centro Knight de Periodismo en las Am\u00e9ricas, que desde agosto de 2020 ha ayudado en la formaci\u00f3n de Ajor. La idea original de crear la asociaci\u00f3n naci\u00f3 de las organizaciones period\u00edsticas nativas digitales que llevaron a cabo el <a href=\"https:\/\/festival3i.org\/\" target=\"_blank\" rel=\"noopener\">Festival 3i - Periodismo Inspirador, Innovador e Independiente<\/a>.<\/p>\n<div id=\"attachment_20291\" style=\"width: 510px\" class=\"wp-caption aligncenter\"><img loading=\"lazy\" decoding=\"async\" aria-describedby=\"caption-attachment-20291\" class=\"wp-image-20293\" src=\"https:\/\/latamjournalismreview.org\/wp-content\/uploads\/2021\/06\/AJOR-300x201.png\" alt=\"Ajor durante llamada en Zoom.\" width=\"500\" height=\"335\" srcset=\"https:\/\/latamjournalismreview.org\/wp-content\/uploads\/2021\/06\/AJOR-300x201.png 300w, https:\/\/latamjournalismreview.org\/wp-content\/uploads\/2021\/06\/AJOR-350x234.png 350w, https:\/\/latamjournalismreview.org\/wp-content\/uploads\/2021\/06\/AJOR.png 507w\" sizes=\"auto, (max-width: 500px) 100vw, 500px\" \/><p id=\"caption-attachment-20291\" class=\"wp-caption-text\">Asamblea de Ajor. (Foto: Cortes\u00eda)<\/p><\/div>\n<p>&nbsp;<\/p>\n<p>Ajor est\u00e1 fundada por las siguientes organizaciones: Ag\u00eancia Amaz\u00f4nia Real; Ag\u00eancia Mural; Ag\u00eancia Saiba Mais; Alma Preta; data_labe; Eco Nordeste; \u00c9nois Laborat\u00f3rio de Jornalismo; G\u00eanero e N\u00famero; InfoAmazonia; Instituto O Joio e O Trigo; JOTA; MyNews; Nexo Jornal; N\u00f3s, mulheres da periferia; Periferia em Movimento; Plural; Portal Catarinas; Projeto #Colabora; Rep\u00f3rter Brasil y Revista Afirmativa.<\/p>\n<p>Las organizaciones que, adem\u00e1s de ser miembros fundadores, forman parte de la composici\u00f3n del Consejo Ejecutivo y Deliberante son: ((o))eco; Ag\u00eancia P\u00fablica; Aos Fatos; Congresso em Foco; Marco Zero Conte\u00fado; Mar\u00e9 de Not\u00edcias Online; Meio; Ponte Jornalismo; R\u00e1dio Novelo y Revista AzMina.<\/p>\n<p>Ajor llega en un momento en que los medios digitales se est\u00e1n multiplicando, ganando espacio y reconocimiento en el pa\u00eds. En este contexto, la principal misi\u00f3n de la asociaci\u00f3n es fortalecer el periodismo digital brasile\u00f1o.<\/p>\n<p>En el comunicado de lanzamiento, Ajor afirma que sus actividades tendr\u00e1n tres ejes de acci\u00f3n:<\/p>\n<ul>\n<li>\u201cProfesionalizaci\u00f3n y fortalecimiento de asociados (orientaci\u00f3n sobre mejores pr\u00e1cticas y construcci\u00f3n de alianzas para formaci\u00f3n);<\/li>\n<li>Defensa del periodismo y la democracia (monitoreo de\u00a0 decisiones del poder p\u00fablico, creaci\u00f3n de herramientas de defensa legal y organizaci\u00f3n de eventos); y la<\/li>\n<li>Promoci\u00f3n de la diversidad.\u201d<\/li>\n<\/ul>\n<p>El comunicado tambi\u00e9n destaca que m\u00e1s de 20 de las 30 organizaciones fundadoras tienen mujeres y personas afrodescendientes en posiciones de liderazgo. La diversidad tambi\u00e9n aparece en la pluralidad de miembros, con \u201casociados en todas las regiones del pa\u00eds, con diferentes modelos de negocio y tipos de producci\u00f3n de contenido\u201d.<\/p>\n<p>\u201cLas organizaciones que hacen parte de Ajor llevan algunos a\u00f1os liderando la innovaci\u00f3n en el periodismo brasile\u00f1o, son ganadoras de subvenciones, son buscadas por aceleradoras y aparecen en listas de \u2018start-ups para tener en cuenta\u2019 y cada a\u00f1o aparecen en los principales premios period\u00edsticos de Brasil y del mundo. Estas organizaciones necesitan una entidad que represente sus intereses, fomente este periodismo innovador y defienda la democracia en este momento crucial de la historia\u201d, dijo la primera presidenta de Ajor, Natalia Viana, directora ejecutiva de Ag\u00eancia P\u00fablica , a <strong>LatAm Journalism Review (LJR)<\/strong>.<\/p>\n<p>\u201cAjor naci\u00f3 con una tarea hist\u00f3rica en Brasil: consolidar los medios emergentes para permitir una mayor diversidad en el periodismo en un ambiente que siempre ha estado altamente concentrado\u201d, agreg\u00f3 Viana.<\/p>\n<p>Maia Fortes, secretaria ejecutiva de Ajor, se\u00f1ala que la variedad de miembros es uno de los puntos fuertes de la asociaci\u00f3n. \u201cAjor nace consciente de los principales desaf\u00edos vividos por el periodismo digital brasile\u00f1o y se propone responder a ellos en diferentes frentes, fortaleciendo iniciativas que ampl\u00eden el acceso a informaci\u00f3n de calidad para la sociedad\u201d, dijo Fortes a <strong>LJR<\/strong>.<\/p>\n<p>\u201cAjor es un paso importante para el periodismo brasile\u00f1o. La reuni\u00f3n de tantas organizaciones diferentes refuerza que la diversidad en la prensa, que debe permanecer libre e independiente, es fundamental para la democracia. Estamos felices de ser parte de esta fuerza colectiva\u201d, dijo C\u00edntia Gomes, directora institucional de Ag\u00eancia Mural de Jornalismo das Periferias, en el comunicado.<\/p>\n<p>Ajor comenz\u00f3 a ser articulada por los organizadores del Festival 3i de Periodismo Inspirador, Innovador e Independiente durante la \u00faltima edici\u00f3n del evento, en R\u00edo de Janeiro, en noviembre de 2019. En agosto de 2020, directores de las organizaciones representadas en el consejo directivo del Festival 3i comenz\u00f3 a realizar reuniones virtuales peri\u00f3dicas para construir Ajor y luego invit\u00f3 a otras organizaciones a participar en el proyecto. El Centro Knight de Periodismo en las Am\u00e9ricas ha participado desde el inicio de este proceso, ayudando en la creaci\u00f3n y estructuraci\u00f3n de Ajor.<img loading=\"lazy\" decoding=\"async\" class=\"alignright wp-image-20279\" src=\"https:\/\/latamjournalismreview.org\/wp-content\/uploads\/2021\/06\/Logo-Ajor-300x106.png\" alt=\"logo ajor associa\u00e7\u00e3o de jornalismo digital\" width=\"487\" height=\"172\" srcset=\"https:\/\/latamjournalismreview.org\/wp-content\/uploads\/2021\/06\/Logo-Ajor-300x106.png 300w, https:\/\/latamjournalismreview.org\/wp-content\/uploads\/2021\/06\/Logo-Ajor.png 384w\" sizes=\"auto, (max-width: 487px) 100vw, 487px\" \/><\/p>\n<p>\u201cNos sentimos muy honrados cuando el consejo directivo\u00a0del Festival 3i nos invit\u00f3 a ayudar a construir Ajor\u201d, dijo el profesor Rosental Alves, fundador y director del Centro Knight. \u201cDesde esa invitaci\u00f3n, durante el Festival 3i 2019, nos pusimos manos a la obra para ayudar en lo que fuera posible, aprovechando nuestra experiencia de haber ayudado a periodistas a formar otras organizaciones en toda Latinoam\u00e9rica como Abraji, en Brasil; Fopea, en Argentina; y Consejo de Redacci\u00f3n, en Colombia, entre otras\u201d.<\/p>\n<p>Para presentar la asociaci\u00f3n, el Consejo de Ajor realizar\u00e1 un <em>live<\/em> el 10 de junio, a las 7 p.m. [hora de Brasil], con la presencia del profesor Alves. El evento se retransmitir\u00e1 en los canales de <a href=\"http:\/\/bit.ly\/Ajor-Youtube\" target=\"_blank\" rel=\"noopener\" data-cke-saved-href=\"http:\/\/bit.ly\/Ajor-Youtube\">Youtube<\/a> y <a href=\"https:\/\/www.facebook.com\/associacaojornalismodigital\/\" target=\"_blank\" rel=\"noopener\" data-cke-saved-href=\"https:\/\/www.facebook.com\/associacaojornalismodigital\/\">Facebook<\/a> de la asociaci\u00f3n.<\/p>\n<p><strong>Actividades y nuevos miembros<\/strong><\/p>\n<p>La asociaci\u00f3n est\u00e1 abierta a otras organizaciones que quieran unirse. \u201cAjor pretende ser la organizaci\u00f3n de periodismo digital m\u00e1s grande de Brasil. A\u00fan estamos en la fase inicial, pero nuestra visi\u00f3n es crecer en el n\u00famero de afiliados, favoreciendo siempre a las organizaciones que est\u00e1n haciendo un excelente periodismo en sus tem\u00e1ticas o territorios\u201d, asegur\u00f3 Viana.<\/p>\n<p><a href=\"https:\/\/ajor.org.br\/associe-se\/\" target=\"_blank\" rel=\"noopener\">En el sitio de Ajor<\/a>, se describen algunas de las condiciones que debe tener el medio para poder postular, adem\u00e1s de describir los rangos de contribuci\u00f3n econ\u00f3mica con los que deben comprometerse los socios (es posible obtener una exenci\u00f3n). Tambi\u00e9n hay un formulario para que la organizaci\u00f3n solicite el ingreso a Ajor.<\/p>\n<p>Como miembro, el medio de comunicaci\u00f3n tiene derecho a ciertos <a href=\"https:\/\/ajor.org.br\/beneficios\/\" target=\"_blank\" rel=\"noopener\">beneficios<\/a>, como participar en actividades y eventos y aprovechar las alianzas con organizaciones educativas y empresas de tecnolog\u00eda.<\/p>\n<p>Desde antes del lanzamiento, una de las actividades que se ha impulsado dentro de Ajor son las <em>Conversas em Off<\/em>, reuniones secretas quincenales para discutir temas estrat\u00e9gicos de negocio y buscar soluciones con base en las experiencias de cada miembro. Los asociados tambi\u00e9n cuentan con un grupo de Whatsapp y correo electr\u00f3nico, adem\u00e1s de un bolet\u00edn informativo, que traer\u00e1 informaci\u00f3n, entre otras cosas, sobre oportunidades, premios y avisos de financiamiento.<\/p>\n<p>Ajor tambi\u00e9n mantiene <em>Momentos de Escuta<\/em>, cuyo objetivo es discutir buenas pr\u00e1cticas de diversidad, as\u00ed como una Comunidad Tec, formada por los equipos de tecnolog\u00eda de los miembros, con un enfoque en la seguridad digital: la comunidad comparte desaf\u00edos, piensa en soluciones conjuntas y apoya a los asociados que no tienen equipos fijos de\u00a0desarrolladores.<\/p>\n<p>Tambi\u00e9n est\u00e1 previsto el soporte en busca de apoyo legal en casos de procesos abusivos en contra de los asociados. En el sitio, Ajor dice que ya tiene una asociaci\u00f3n con Rede Liberdade y est\u00e1 buscando otras organizaciones para expandir esta red de asistencia legal.<\/p>\n<p>&nbsp;<\/p>\n<p><em>*Este art\u00edculo fue escrito originalmente en portugu\u00e9s y fue traducido por Silvia Higuera.<\/em><\/p>\n","protected":false},"excerpt":{"rendered":"<p>El 7 de junio, cuando se celebre el D\u00eda Nacional de la Libertad de Prensa en Brasil, los periodistas del pa\u00eds tendr\u00e1n otro motivo para celebrar. Un grupo de 30 organizaciones de periodismo en l\u00ednea innovadoras e independientes comprometidas con la diversidad y la democracia aprovech\u00f3 esta fecha para lanzar oficialmente la Asociaci\u00f3n de Periodismo Digital.<\/p>\n","protected":false},"author":6,"featured_media":20458,"comment_status":"closed","ping_status":"closed","sticky":false,"template":"","format":"standard","meta":{"inline_featured_image":false,"footnotes":""},"categories":[1213],"tags":[1499],"coauthors":[],"class_list":["post-20314","post","type-post","status-publish","format-standard","has-post-thumbnail","hentry","category-colaboracion-es","tag-periodismo-digital-es"],"acf":[],"yoast_head":"<!-- This site is optimized with the Yoast SEO Premium plugin v22.6 (Yoast SEO v27.4) - https:\/\/yoast.com\/product\/yoast-seo-premium-wordpress\/ -->\n<title>Periodistas brasile\u00f1os lanzan la Asociaci\u00f3n de Periodismo Digital, Ajor, en el D\u00eda Nacional de la Libertad de Prensa - LatAm Journalism Review<\/title>\n<meta name=\"description\" content=\"Periodistas brasile\u00f1os lanzan la Asociaci\u00f3n de Periodismo Digital, Ajor, en el D\u00eda Nacional de la Libertad de Prensa Colaboraci\u00f3n. Latin American Journalism Review by The Knight Center at The University of Texas at Austin.\" \/>\n<meta name=\"robots\" content=\"index, follow, max-snippet:-1, max-image-preview:large, max-video-preview:-1\" \/>\n<link rel=\"canonical\" href=\"https:\/\/latamjournalismreview.org\/es\/articles\/periodistas-brasilenos-lanzan-la-asociacion-de-periodismo-digital-ajor-en-el-dia-nacional-de-la-libertad-de-prensa\/\" \/>\n<meta property=\"og:locale\" content=\"es_ES\" \/>\n<meta property=\"og:type\" content=\"article\" \/>\n<meta property=\"og:title\" content=\"Periodistas brasile\u00f1os lanzan la Asociaci\u00f3n de Periodismo Digital, Ajor, en el D\u00eda Nacional de la Libertad de Prensa\" \/>\n<meta property=\"og:description\" content=\"Periodistas brasile\u00f1os lanzan la Asociaci\u00f3n de Periodismo Digital, Ajor, en el D\u00eda Nacional de la Libertad de Prensa Colaboraci\u00f3n. Latin American Journalism Review by The Knight Center at The University of Texas at Austin.\" \/>\n<meta property=\"og:url\" content=\"https:\/\/latamjournalismreview.org\/es\/articles\/periodistas-brasilenos-lanzan-la-asociacion-de-periodismo-digital-ajor-en-el-dia-nacional-de-la-libertad-de-prensa\/\" \/>\n<meta property=\"og:site_name\" content=\"LatAm Journalism Review\" \/>\n<meta property=\"article:published_time\" content=\"2021-06-08T18:51:15+00:00\" \/>\n<meta property=\"og:image\" content=\"https:\/\/latamjournalismreview.org\/wp-content\/uploads\/2021\/06\/Featured-AJOR.png\" \/>\n\t<meta property=\"og:image:width\" content=\"507\" \/>\n\t<meta property=\"og:image:height\" content=\"340\" \/>\n\t<meta property=\"og:image:type\" content=\"image\/png\" \/>\n<meta name=\"author\" content=\"Marina Estarque\" \/>\n<meta name=\"twitter:card\" content=\"summary_large_image\" \/>\n<meta name=\"twitter:creator\" content=\"@MarinaEstarque\" \/>\n<meta name=\"twitter:site\" content=\"@LatAmJournalism\" \/>\n<meta name=\"twitter:label1\" content=\"Written by\" \/>\n\t<meta name=\"twitter:data1\" content=\"Marina Estarque\" \/>\n\t<meta name=\"twitter:label2\" content=\"Est. reading time\" \/>\n\t<meta name=\"twitter:data2\" content=\"6 minutos\" \/>\n<script type=\"application\/ld+json\" class=\"yoast-schema-graph\">{\"@context\":\"https:\\\/\\\/schema.org\",\"@graph\":[{\"@type\":\"Article\",\"@id\":\"https:\\\/\\\/latamjournalismreview.org\\\/es\\\/articles\\\/periodistas-brasilenos-lanzan-la-asociacion-de-periodismo-digital-ajor-en-el-dia-nacional-de-la-libertad-de-prensa\\\/#article\",\"isPartOf\":{\"@id\":\"https:\\\/\\\/latamjournalismreview.org\\\/es\\\/articles\\\/periodistas-brasilenos-lanzan-la-asociacion-de-periodismo-digital-ajor-en-el-dia-nacional-de-la-libertad-de-prensa\\\/\"},\"author\":{\"name\":\"Marina Estarque\",\"@id\":\"https:\\\/\\\/latamjournalismreview.org\\\/es\\\/#\\\/schema\\\/person\\\/041964d0921c867b6226b459cd5bf28b\"},\"headline\":\"Periodistas brasile\u00f1os lanzan la Asociaci\u00f3n de Periodismo Digital, Ajor, en el D\u00eda Nacional de la Libertad de Prensa\",\"datePublished\":\"2021-06-08T18:51:15+00:00\",\"mainEntityOfPage\":{\"@id\":\"https:\\\/\\\/latamjournalismreview.org\\\/es\\\/articles\\\/periodistas-brasilenos-lanzan-la-asociacion-de-periodismo-digital-ajor-en-el-dia-nacional-de-la-libertad-de-prensa\\\/\"},\"wordCount\":1279,\"publisher\":{\"@id\":\"https:\\\/\\\/latamjournalismreview.org\\\/es\\\/#organization\"},\"image\":{\"@id\":\"https:\\\/\\\/latamjournalismreview.org\\\/es\\\/articles\\\/periodistas-brasilenos-lanzan-la-asociacion-de-periodismo-digital-ajor-en-el-dia-nacional-de-la-libertad-de-prensa\\\/#primaryimage\"},\"thumbnailUrl\":\"https:\\\/\\\/latamjournalismreview.org\\\/wp-content\\\/uploads\\\/2021\\\/06\\\/Featured-AJOR.png\",\"keywords\":[\"Periodismo digital\"],\"articleSection\":[\"Colaboraci\u00f3n\"],\"inLanguage\":\"es\"},{\"@type\":\"WebPage\",\"@id\":\"https:\\\/\\\/latamjournalismreview.org\\\/es\\\/articles\\\/periodistas-brasilenos-lanzan-la-asociacion-de-periodismo-digital-ajor-en-el-dia-nacional-de-la-libertad-de-prensa\\\/\",\"url\":\"https:\\\/\\\/latamjournalismreview.org\\\/es\\\/articles\\\/periodistas-brasilenos-lanzan-la-asociacion-de-periodismo-digital-ajor-en-el-dia-nacional-de-la-libertad-de-prensa\\\/\",\"name\":\"Periodistas brasile\u00f1os lanzan la Asociaci\u00f3n de Periodismo Digital, Ajor, en el D\u00eda Nacional de la Libertad de Prensa - LatAm Journalism Review\",\"isPartOf\":{\"@id\":\"https:\\\/\\\/latamjournalismreview.org\\\/es\\\/#website\"},\"primaryImageOfPage\":{\"@id\":\"https:\\\/\\\/latamjournalismreview.org\\\/es\\\/articles\\\/periodistas-brasilenos-lanzan-la-asociacion-de-periodismo-digital-ajor-en-el-dia-nacional-de-la-libertad-de-prensa\\\/#primaryimage\"},\"image\":{\"@id\":\"https:\\\/\\\/latamjournalismreview.org\\\/es\\\/articles\\\/periodistas-brasilenos-lanzan-la-asociacion-de-periodismo-digital-ajor-en-el-dia-nacional-de-la-libertad-de-prensa\\\/#primaryimage\"},\"thumbnailUrl\":\"https:\\\/\\\/latamjournalismreview.org\\\/wp-content\\\/uploads\\\/2021\\\/06\\\/Featured-AJOR.png\",\"datePublished\":\"2021-06-08T18:51:15+00:00\",\"description\":\"Periodistas brasile\u00f1os lanzan la Asociaci\u00f3n de Periodismo Digital, Ajor, en el D\u00eda Nacional de la Libertad de Prensa Colaboraci\u00f3n. Latin American Journalism Review by The Knight Center at The University of Texas at Austin.\",\"breadcrumb\":{\"@id\":\"https:\\\/\\\/latamjournalismreview.org\\\/es\\\/articles\\\/periodistas-brasilenos-lanzan-la-asociacion-de-periodismo-digital-ajor-en-el-dia-nacional-de-la-libertad-de-prensa\\\/#breadcrumb\"},\"inLanguage\":\"es\",\"potentialAction\":[{\"@type\":\"ReadAction\",\"target\":[\"https:\\\/\\\/latamjournalismreview.org\\\/es\\\/articles\\\/periodistas-brasilenos-lanzan-la-asociacion-de-periodismo-digital-ajor-en-el-dia-nacional-de-la-libertad-de-prensa\\\/\"]}]},{\"@type\":\"ImageObject\",\"inLanguage\":\"es\",\"@id\":\"https:\\\/\\\/latamjournalismreview.org\\\/es\\\/articles\\\/periodistas-brasilenos-lanzan-la-asociacion-de-periodismo-digital-ajor-en-el-dia-nacional-de-la-libertad-de-prensa\\\/#primaryimage\",\"url\":\"https:\\\/\\\/latamjournalismreview.org\\\/wp-content\\\/uploads\\\/2021\\\/06\\\/Featured-AJOR.png\",\"contentUrl\":\"https:\\\/\\\/latamjournalismreview.org\\\/wp-content\\\/uploads\\\/2021\\\/06\\\/Featured-AJOR.png\",\"width\":507,\"height\":340,\"caption\":\"Featured AJOR\"},{\"@type\":\"BreadcrumbList\",\"@id\":\"https:\\\/\\\/latamjournalismreview.org\\\/es\\\/articles\\\/periodistas-brasilenos-lanzan-la-asociacion-de-periodismo-digital-ajor-en-el-dia-nacional-de-la-libertad-de-prensa\\\/#breadcrumb\",\"itemListElement\":[{\"@type\":\"ListItem\",\"position\":1,\"name\":\"Home\",\"item\":\"https:\\\/\\\/latamjournalismreview.org\\\/es\\\/\"},{\"@type\":\"ListItem\",\"position\":2,\"name\":\"Periodistas brasile\u00f1os lanzan la Asociaci\u00f3n de Periodismo Digital, Ajor, en el D\u00eda Nacional de la Libertad de Prensa\"}]},{\"@type\":\"WebSite\",\"@id\":\"https:\\\/\\\/latamjournalismreview.org\\\/es\\\/#website\",\"url\":\"https:\\\/\\\/latamjournalismreview.org\\\/es\\\/\",\"name\":\"LatAm Journalism Review\",\"description\":\"Knight Center at The University of Texas\",\"publisher\":{\"@id\":\"https:\\\/\\\/latamjournalismreview.org\\\/es\\\/#organization\"},\"potentialAction\":[{\"@type\":\"SearchAction\",\"target\":{\"@type\":\"EntryPoint\",\"urlTemplate\":\"https:\\\/\\\/latamjournalismreview.org\\\/es\\\/?s={search_term_string}\"},\"query-input\":{\"@type\":\"PropertyValueSpecification\",\"valueRequired\":true,\"valueName\":\"search_term_string\"}}],\"inLanguage\":\"es\"},{\"@type\":\"Organization\",\"@id\":\"https:\\\/\\\/latamjournalismreview.org\\\/es\\\/#organization\",\"name\":\"LatAm Journalism Review\",\"url\":\"https:\\\/\\\/latamjournalismreview.org\\\/es\\\/\",\"logo\":{\"@type\":\"ImageObject\",\"inLanguage\":\"es\",\"@id\":\"https:\\\/\\\/latamjournalismreview.org\\\/es\\\/#\\\/schema\\\/logo\\\/image\\\/\",\"url\":\"https:\\\/\\\/latamjournalismreview.org\\\/wp-content\\\/uploads\\\/2020\\\/05\\\/knight-latAm-review-logo.svg\",\"contentUrl\":\"https:\\\/\\\/latamjournalismreview.org\\\/wp-content\\\/uploads\\\/2020\\\/05\\\/knight-latAm-review-logo.svg\",\"width\":\"1024\",\"height\":\"1024\",\"caption\":\"LatAm Journalism Review\"},\"image\":{\"@id\":\"https:\\\/\\\/latamjournalismreview.org\\\/es\\\/#\\\/schema\\\/logo\\\/image\\\/\"},\"sameAs\":[\"https:\\\/\\\/x.com\\\/LatAmJournalism\"]},{\"@type\":\"Person\",\"@id\":\"https:\\\/\\\/latamjournalismreview.org\\\/es\\\/#\\\/schema\\\/person\\\/041964d0921c867b6226b459cd5bf28b\",\"name\":\"Marina Estarque\",\"description\":\"Marina Estarque is a Brazilian journalist living in S\u00e3o Paulo. She has worked for Brazilian news organizations such as Folha de S.Paulo, O Estado de S. Paulo, O Dia and the fact-checking agency Lupa. Marina was a correspondent in Brazil for the German international broadcaster Deutsche Welle and a radio reporter for DW Africa in Germany. She also worked as a reporter for United Nations Radio, in New York, and for Spanish newspaper La Voz de Galicia. Marina graduated in Journalism from the Federal University of Rio de Janeiro and has a Master\u2019s degree in Editorial Journalism from the University of A Coru\u00f1a (Spain). Marina Estarque es una periodista brasile\u00f1a que vive en S\u00e3o Paulo. Ella ha trabajado para diversas organizaciones period\u00edsticas como Folha de S.Paulo, O Estado de S. Paulo, O Dia y en la agencia de fact-checking Lupa. Marina ha sido corresponsal en Brasil del canal internacional alem\u00e1n Deutsche Welle y reportera de radio de DW \u00c1frica en Alemania. Tambi\u00e9n trabaj\u00f3 como reportera de Radio de las Naciones Unidas en Nueva York y en el diario espa\u00f1ol La Voz de Galicia. Marina tiene una maestr\u00eda en edici\u00f3n period\u00edstica de la Universidad de Coru\u00f1a (Espa\u00f1a) y se gradu\u00f3 en periodismo en la Universidad Federal de R\u00edo de Janeiro. Marina Estarque \u00e9 uma jornalista brasileira que vive em S\u00e3o Paulo. Ela trabalhou para ve\u00edculos como Folha de S.Paulo, O Estado de S. Paulo, O Dia e a ag\u00eancia de fact-checking Lupa. Marina foi correspondente no Brasil para a emissora internacional da Alemanha, a Deutsche Welle, e rep\u00f3rter de r\u00e1dio para a DW \u00c1frica na Alemanha. Ela tamb\u00e9m foi rep\u00f3rter da R\u00e1dio das Na\u00e7\u00f5es Unidas em Nova York e do jornal espanhol La Voz de Galicia. Marina \u00e9 mestre em edi\u00e7\u00e3o jornal\u00edstica pela Universidade da Coru\u00f1a (Espanha) e graduada em jornalismo pela Universidade Federal do Rio de Janeiro.\",\"sameAs\":[\"https:\\\/\\\/x.com\\\/MarinaEstarque\"],\"url\":\"https:\\\/\\\/latamjournalismreview.org\\\/es\\\/articles\\\/author\\\/marina-estarque\\\/\"}]}<\/script>\n<!-- \/ Yoast SEO Premium plugin. -->","yoast_head_json":{"title":"Periodistas brasile\u00f1os lanzan la Asociaci\u00f3n de Periodismo Digital, Ajor, en el D\u00eda Nacional de la Libertad de Prensa - LatAm Journalism Review","description":"Periodistas brasile\u00f1os lanzan la Asociaci\u00f3n de Periodismo Digital, Ajor, en el D\u00eda Nacional de la Libertad de Prensa Colaboraci\u00f3n. Latin American Journalism Review by The Knight Center at The University of Texas at Austin.","robots":{"index":"index","follow":"follow","max-snippet":"max-snippet:-1","max-image-preview":"max-image-preview:large","max-video-preview":"max-video-preview:-1"},"canonical":"https:\/\/latamjournalismreview.org\/es\/articles\/periodistas-brasilenos-lanzan-la-asociacion-de-periodismo-digital-ajor-en-el-dia-nacional-de-la-libertad-de-prensa\/","og_locale":"es_ES","og_type":"article","og_title":"Periodistas brasile\u00f1os lanzan la Asociaci\u00f3n de Periodismo Digital, Ajor, en el D\u00eda Nacional de la Libertad de Prensa","og_description":"Periodistas brasile\u00f1os lanzan la Asociaci\u00f3n de Periodismo Digital, Ajor, en el D\u00eda Nacional de la Libertad de Prensa Colaboraci\u00f3n. Latin American Journalism Review by The Knight Center at The University of Texas at Austin.","og_url":"https:\/\/latamjournalismreview.org\/es\/articles\/periodistas-brasilenos-lanzan-la-asociacion-de-periodismo-digital-ajor-en-el-dia-nacional-de-la-libertad-de-prensa\/","og_site_name":"LatAm Journalism Review","article_published_time":"2021-06-08T18:51:15+00:00","og_image":[{"width":507,"height":340,"url":"https:\/\/latamjournalismreview.org\/wp-content\/uploads\/2021\/06\/Featured-AJOR.png","type":"image\/png"}],"author":"Marina Estarque","twitter_card":"summary_large_image","twitter_creator":"@MarinaEstarque","twitter_site":"@LatAmJournalism","twitter_misc":{"Written by":"Marina Estarque","Est. reading time":"6 minutos"},"schema":{"@context":"https:\/\/schema.org","@graph":[{"@type":"Article","@id":"https:\/\/latamjournalismreview.org\/es\/articles\/periodistas-brasilenos-lanzan-la-asociacion-de-periodismo-digital-ajor-en-el-dia-nacional-de-la-libertad-de-prensa\/#article","isPartOf":{"@id":"https:\/\/latamjournalismreview.org\/es\/articles\/periodistas-brasilenos-lanzan-la-asociacion-de-periodismo-digital-ajor-en-el-dia-nacional-de-la-libertad-de-prensa\/"},"author":{"name":"Marina Estarque","@id":"https:\/\/latamjournalismreview.org\/es\/#\/schema\/person\/041964d0921c867b6226b459cd5bf28b"},"headline":"Periodistas brasile\u00f1os lanzan la Asociaci\u00f3n de Periodismo Digital, Ajor, en el D\u00eda Nacional de la Libertad de Prensa","datePublished":"2021-06-08T18:51:15+00:00","mainEntityOfPage":{"@id":"https:\/\/latamjournalismreview.org\/es\/articles\/periodistas-brasilenos-lanzan-la-asociacion-de-periodismo-digital-ajor-en-el-dia-nacional-de-la-libertad-de-prensa\/"},"wordCount":1279,"publisher":{"@id":"https:\/\/latamjournalismreview.org\/es\/#organization"},"image":{"@id":"https:\/\/latamjournalismreview.org\/es\/articles\/periodistas-brasilenos-lanzan-la-asociacion-de-periodismo-digital-ajor-en-el-dia-nacional-de-la-libertad-de-prensa\/#primaryimage"},"thumbnailUrl":"https:\/\/latamjournalismreview.org\/wp-content\/uploads\/2021\/06\/Featured-AJOR.png","keywords":["Periodismo digital"],"articleSection":["Colaboraci\u00f3n"],"inLanguage":"es"},{"@type":"WebPage","@id":"https:\/\/latamjournalismreview.org\/es\/articles\/periodistas-brasilenos-lanzan-la-asociacion-de-periodismo-digital-ajor-en-el-dia-nacional-de-la-libertad-de-prensa\/","url":"https:\/\/latamjournalismreview.org\/es\/articles\/periodistas-brasilenos-lanzan-la-asociacion-de-periodismo-digital-ajor-en-el-dia-nacional-de-la-libertad-de-prensa\/","name":"Periodistas brasile\u00f1os lanzan la Asociaci\u00f3n de Periodismo Digital, Ajor, en el D\u00eda Nacional de la Libertad de Prensa - LatAm Journalism Review","isPartOf":{"@id":"https:\/\/latamjournalismreview.org\/es\/#website"},"primaryImageOfPage":{"@id":"https:\/\/latamjournalismreview.org\/es\/articles\/periodistas-brasilenos-lanzan-la-asociacion-de-periodismo-digital-ajor-en-el-dia-nacional-de-la-libertad-de-prensa\/#primaryimage"},"image":{"@id":"https:\/\/latamjournalismreview.org\/es\/articles\/periodistas-brasilenos-lanzan-la-asociacion-de-periodismo-digital-ajor-en-el-dia-nacional-de-la-libertad-de-prensa\/#primaryimage"},"thumbnailUrl":"https:\/\/latamjournalismreview.org\/wp-content\/uploads\/2021\/06\/Featured-AJOR.png","datePublished":"2021-06-08T18:51:15+00:00","description":"Periodistas brasile\u00f1os lanzan la Asociaci\u00f3n de Periodismo Digital, Ajor, en el D\u00eda Nacional de la Libertad de Prensa Colaboraci\u00f3n. Latin American Journalism Review by The Knight Center at The University of Texas at Austin.","breadcrumb":{"@id":"https:\/\/latamjournalismreview.org\/es\/articles\/periodistas-brasilenos-lanzan-la-asociacion-de-periodismo-digital-ajor-en-el-dia-nacional-de-la-libertad-de-prensa\/#breadcrumb"},"inLanguage":"es","potentialAction":[{"@type":"ReadAction","target":["https:\/\/latamjournalismreview.org\/es\/articles\/periodistas-brasilenos-lanzan-la-asociacion-de-periodismo-digital-ajor-en-el-dia-nacional-de-la-libertad-de-prensa\/"]}]},{"@type":"ImageObject","inLanguage":"es","@id":"https:\/\/latamjournalismreview.org\/es\/articles\/periodistas-brasilenos-lanzan-la-asociacion-de-periodismo-digital-ajor-en-el-dia-nacional-de-la-libertad-de-prensa\/#primaryimage","url":"https:\/\/latamjournalismreview.org\/wp-content\/uploads\/2021\/06\/Featured-AJOR.png","contentUrl":"https:\/\/latamjournalismreview.org\/wp-content\/uploads\/2021\/06\/Featured-AJOR.png","width":507,"height":340,"caption":"Featured AJOR"},{"@type":"BreadcrumbList","@id":"https:\/\/latamjournalismreview.org\/es\/articles\/periodistas-brasilenos-lanzan-la-asociacion-de-periodismo-digital-ajor-en-el-dia-nacional-de-la-libertad-de-prensa\/#breadcrumb","itemListElement":[{"@type":"ListItem","position":1,"name":"Home","item":"https:\/\/latamjournalismreview.org\/es\/"},{"@type":"ListItem","position":2,"name":"Periodistas brasile\u00f1os lanzan la Asociaci\u00f3n de Periodismo Digital, Ajor, en el D\u00eda Nacional de la Libertad de Prensa"}]},{"@type":"WebSite","@id":"https:\/\/latamjournalismreview.org\/es\/#website","url":"https:\/\/latamjournalismreview.org\/es\/","name":"LatAm Journalism Review","description":"Knight Center at The University of Texas","publisher":{"@id":"https:\/\/latamjournalismreview.org\/es\/#organization"},"potentialAction":[{"@type":"SearchAction","target":{"@type":"EntryPoint","urlTemplate":"https:\/\/latamjournalismreview.org\/es\/?s={search_term_string}"},"query-input":{"@type":"PropertyValueSpecification","valueRequired":true,"valueName":"search_term_string"}}],"inLanguage":"es"},{"@type":"Organization","@id":"https:\/\/latamjournalismreview.org\/es\/#organization","name":"LatAm Journalism Review","url":"https:\/\/latamjournalismreview.org\/es\/","logo":{"@type":"ImageObject","inLanguage":"es","@id":"https:\/\/latamjournalismreview.org\/es\/#\/schema\/logo\/image\/","url":"https:\/\/latamjournalismreview.org\/wp-content\/uploads\/2020\/05\/knight-latAm-review-logo.svg","contentUrl":"https:\/\/latamjournalismreview.org\/wp-content\/uploads\/2020\/05\/knight-latAm-review-logo.svg","width":"1024","height":"1024","caption":"LatAm Journalism Review"},"image":{"@id":"https:\/\/latamjournalismreview.org\/es\/#\/schema\/logo\/image\/"},"sameAs":["https:\/\/x.com\/LatAmJournalism"]},{"@type":"Person","@id":"https:\/\/latamjournalismreview.org\/es\/#\/schema\/person\/041964d0921c867b6226b459cd5bf28b","name":"Marina Estarque","description":"Marina Estarque is a Brazilian journalist living in S\u00e3o Paulo. She has worked for Brazilian news organizations such as Folha de S.Paulo, O Estado de S. Paulo, O Dia and the fact-checking agency Lupa. Marina was a correspondent in Brazil for the German international broadcaster Deutsche Welle and a radio reporter for DW Africa in Germany. She also worked as a reporter for United Nations Radio, in New York, and for Spanish newspaper La Voz de Galicia. Marina graduated in Journalism from the Federal University of Rio de Janeiro and has a Master\u2019s degree in Editorial Journalism from the University of A Coru\u00f1a (Spain). Marina Estarque es una periodista brasile\u00f1a que vive en S\u00e3o Paulo. Ella ha trabajado para diversas organizaciones period\u00edsticas como Folha de S.Paulo, O Estado de S. Paulo, O Dia y en la agencia de fact-checking Lupa. Marina ha sido corresponsal en Brasil del canal internacional alem\u00e1n Deutsche Welle y reportera de radio de DW \u00c1frica en Alemania. Tambi\u00e9n trabaj\u00f3 como reportera de Radio de las Naciones Unidas en Nueva York y en el diario espa\u00f1ol La Voz de Galicia. Marina tiene una maestr\u00eda en edici\u00f3n period\u00edstica de la Universidad de Coru\u00f1a (Espa\u00f1a) y se gradu\u00f3 en periodismo en la Universidad Federal de R\u00edo de Janeiro. Marina Estarque \u00e9 uma jornalista brasileira que vive em S\u00e3o Paulo. Ela trabalhou para ve\u00edculos como Folha de S.Paulo, O Estado de S. Paulo, O Dia e a ag\u00eancia de fact-checking Lupa. Marina foi correspondente no Brasil para a emissora internacional da Alemanha, a Deutsche Welle, e rep\u00f3rter de r\u00e1dio para a DW \u00c1frica na Alemanha. Ela tamb\u00e9m foi rep\u00f3rter da R\u00e1dio das Na\u00e7\u00f5es Unidas em Nova York e do jornal espanhol La Voz de Galicia. Marina \u00e9 mestre em edi\u00e7\u00e3o jornal\u00edstica pela Universidade da Coru\u00f1a (Espanha) e graduada em jornalismo pela Universidade Federal do Rio de Janeiro.","sameAs":["https:\/\/x.com\/MarinaEstarque"],"url":"https:\/\/latamjournalismreview.org\/es\/articles\/author\/marina-estarque\/"}]}},"_links":{"self":[{"href":"https:\/\/latamjournalismreview.org\/es\/wp-json\/wp\/v2\/posts\/20314","targetHints":{"allow":["GET"]}}],"collection":[{"href":"https:\/\/latamjournalismreview.org\/es\/wp-json\/wp\/v2\/posts"}],"about":[{"href":"https:\/\/latamjournalismreview.org\/es\/wp-json\/wp\/v2\/types\/post"}],"author":[{"embeddable":true,"href":"https:\/\/latamjournalismreview.org\/es\/wp-json\/wp\/v2\/users\/6"}],"replies":[{"embeddable":true,"href":"https:\/\/latamjournalismreview.org\/es\/wp-json\/wp\/v2\/comments?post=20314"}],"version-history":[{"count":7,"href":"https:\/\/latamjournalismreview.org\/es\/wp-json\/wp\/v2\/posts\/20314\/revisions"}],"predecessor-version":[{"id":20328,"href":"https:\/\/latamjournalismreview.org\/es\/wp-json\/wp\/v2\/posts\/20314\/revisions\/20328"}],"wp:featuredmedia":[{"embeddable":true,"href":"https:\/\/latamjournalismreview.org\/es\/wp-json\/wp\/v2\/media\/20458"}],"wp:attachment":[{"href":"https:\/\/latamjournalismreview.org\/es\/wp-json\/wp\/v2\/media?parent=20314"}],"wp:term":[{"taxonomy":"category","embeddable":true,"href":"https:\/\/latamjournalismreview.org\/es\/wp-json\/wp\/v2\/categories?post=20314"},{"taxonomy":"post_tag","embeddable":true,"href":"https:\/\/latamjournalismreview.org\/es\/wp-json\/wp\/v2\/tags?post=20314"},{"taxonomy":"author","embeddable":true,"href":"https:\/\/latamjournalismreview.org\/es\/wp-json\/wp\/v2\/coauthors?post=20314"}],"curies":[{"name":"wp","href":"https:\/\/api.w.org\/{rel}","templated":true}]}}