{"id":22103,"date":"2011-10-26T14:26:34","date_gmt":"2011-10-26T19:26:34","guid":{"rendered":"https:\/\/latamjournalismreview.org\/?p=22103"},"modified":"2021-07-21T14:29:31","modified_gmt":"2021-07-21T19:29:31","slug":"editora-mexicana-gana-premio-por-valentia-de-la-fundacion-internacional-de-mujeres-en-los-medios","status":"publish","type":"post","link":"https:\/\/latamjournalismreview.org\/es\/articles\/editora-mexicana-gana-premio-por-valentia-de-la-fundacion-internacional-de-mujeres-en-los-medios\/","title":{"rendered":"Editora mexicana gana premio por valent\u00eda de la Fundaci\u00f3n Internacional de Mujeres en los Medios"},"content":{"rendered":"<p>La periodista mexicana\u00a0<a href=\"http:\/\/iwmf.org\/honoring-courage\/2011-courage-in-journalism-awards\/adela-navarro-bello.aspx\" target=\"blank\" rel=\"noopener\">Adela Navarro Bello<\/a>\u00a0fue una de las ganadoras de los\u00a0<a href=\"http:\/\/iwmf.org\/honoring-courage\/courage-and-lifetime-winners.aspx\" target=\"blank\" rel=\"noopener\">Premios Valor Period\u00edstico<\/a>\u00a0de la\u00a0<a href=\"http:\/\/iwmf.org\/\" target=\"blank\" rel=\"noopener\">Fundaci\u00f3n International de Mujeres en los Medios (IWMF)<\/a>\u00a02011. Los premios honran a mujeres periodistas que arriesgan sus vidas para reportar la violencia y otros hechos en sus pa\u00edses y ser\u00e1n entregados este jueves 27 de octubre en el Hotel Waldorf Astoria de Nueva York, de acuerdo con IWMF. Las\u00a0<a href=\"http:\/\/www.jornada.unam.mx\/2011\/05\/10\/sociedad\/041n3soc\" target=\"_blank\" rel=\"noopener\">ganadoras tambi\u00e9n fueron reconocidas en Los Angeles<\/a>\u00a0el lunes 24 de octubre.<\/p>\n<p><a href=\"http:\/\/twitter.com\/#!\/adelanavarro\" target=\"blank\" rel=\"noopener\">Navarro<\/a>\u00a0es la editora general del semanario\u00a0<a href=\"http:\/\/www.zetatijuana.com\/\" target=\"blank\" rel=\"noopener\">Zeta<\/a>\u00a0en Tijuana, y ha escrito durante 21 a\u00f1os sobre\u00a0<a href=\"http:\/\/knightcenter.utexas.edu\/journalism-times-drugs-under-threats-violence-and-censorship\" target=\"blank\" rel=\"noopener\">temas de corrupci\u00f3n y narcotr\u00e1fico<\/a>\u00a0en la ciudad fronteriza de\u00a0<a href=\"http:\/\/en.wikipedia.org\/wiki\/Tijuana\" target=\"_blank\" rel=\"noopener\">Tijuana, M\u00e9xico<\/a>. Debido a su labor period\u00edstica, Navarro ha recibido\u00a0<a href=\"http:\/\/www.columbiamissourian.com\/stories\/2010\/10\/28\/missouri-honor-medalist-zeta-newspaper-pursues-justice-mexico\" target=\"_blank\" rel=\"noopener\">amenazas de muerte de los carteles mexicanos<\/a>.<\/p>\n<p><a href=\"http:\/\/knightcenter.utexas.edu\/blog\/mexico%E2%80%99s-zeta-magazine-example-%E2%80%9Csuicide-journalism%E2%80%9D\" target=\"_blank\" rel=\"noopener\">Navarro tom\u00f3 el cargo de editora<\/a>\u00a0de la multi-premiada publicaci\u00f3n\u00a0<a href=\"\/\/knightcenter.utexas.edu\/es\/blog\/semanario-mexicano-y-organizacion-para-la-libertad-de-prensa-en-colombia-reciben-premio-de-peri\" target=\"_blank\" rel=\"noopener\">Zeta<\/a>\u00a0cuando su antecesor, Francisco Ortiz, fue muerto a tiros. Navarro tambi\u00e9n fue reconocida con el\u00a0<a href=\"http:\/\/cpj.org\/awards\/2007\/navarrobello.php\" target=\"_blank\" rel=\"noopener\">Premio Libertad de Prensa Internacional del Comit\u00e9 de Protecci\u00f3n a Periodistas (CPJ)<\/a>.<\/p>\n<p>\u201cEn mi pa\u00eds...\u00a0<a href=\"http:\/\/latimesblogs.latimes.com\/world_now\/2011\/10\/courage-journalism-awards-iran-mexico-thailand.html\" target=\"_blank\" rel=\"noopener\">se puede matar a un reportero y nada va a pasar<\/a>,\" dijo Navarro, de acuerdo con el diario Los Angeles Times, y agreg\u00f3 que ella no dejar\u00eda de reportar porque \"estoy envenenada con la verdad.\"<\/p>\n<p><a href=\"http:\/\/iwmf.org\/honoring-courage\/2011-courage-in-journalism-awards\/parisa-hafezi.aspx\" target=\"blank\" rel=\"noopener\">Parisa Hafezi<\/a>, jefa de la oficina de la agencia\u00a0<a href=\"http:\/\/www.reuters.com\/places\/iran\" target=\"blank\" rel=\"noopener\">Reuters en Ir\u00e1n<\/a>, y\u00a0<a href=\"http:\/\/iwmf.org\/honoring-courage\/2011-courage-in-journalism-awards\/chiranuch-premchaiporn.aspx\" target=\"blank\" rel=\"noopener\">Chiranuch Premchaiporn<\/a>, editora del sitio de noticias\u00a0<a href=\"http:\/\/www.prachatai.com\/english\/\" target=\"blank\" rel=\"noopener\">Prachatai<\/a>\u00a0en Tailandia, tambi\u00e9n fueron receptoras del premio IWMF.<\/p>\n<p><a href=\"http:\/\/iwmf.org\/honoring-courage\/2011-courage-in-journalism-awards\/kate-adie.aspx\" target=\"blank\" rel=\"noopener\">Katie Adie<\/a>, la primera mujer que fue jefa de corresponsales de la BBC, ser\u00e1 tambi\u00e9n honrada con el Premio Trayectoria de Vida por reportar conflictos durante los \u00faltimos 40 a\u00f1os, incluyendo las guerras de Bosnia y Sierra Leona.<\/p>\n<p>\u201cEstas mujeres valientes han aguantado muchas penurias, sin importarles su propia seguridad. Han enfrentado peligros y violencia para reportar las historias m\u00e1s importnates, a pesar de ser blanco de las autoridades,\u201d dijo la consejera del IWMF\u00a0<a href=\"http:\/\/iwmf.org\/archive\/articletype\/articleview\/articleid\/1145\/barbara-cochran-co-chair.aspx\" target=\"blank\" rel=\"noopener\">Barbara Cochran<\/a>. \u201cTenemos el honor de decirle al mundo sus historias.\u201d<\/p>\n","protected":false},"excerpt":{"rendered":"<p>La periodista mexicana\u00a0Adela Navarro Bello\u00a0fue una de las ganadoras de los\u00a0Premios Valor Period\u00edstico\u00a0de la\u00a0Fundaci\u00f3n International de Mujeres en los Medios (IWMF)\u00a02011. Los premios honran a mujeres periodistas que arriesgan sus vidas para reportar la violencia y otros hechos en sus pa\u00edses y ser\u00e1n entregados este jueves 27 de octubre en el Hotel Waldorf Astoria de Nueva York, de acuerdo con IWMF. Las\u00a0ganadoras tambi\u00e9n fueron reconocidas en Los Angeles\u00a0el lunes 24 de octubre.<\/p>\n","protected":false},"author":40,"featured_media":0,"comment_status":"closed","ping_status":"closed","sticky":false,"template":"","format":"standard","meta":{"inline_featured_image":false,"footnotes":""},"categories":[1354],"tags":[1393,1393,1428,1428],"coauthors":[],"class_list":{"0":"post-22103","1":"post","2":"type-post","3":"status-publish","4":"format-standard","5":"hentry","6":"category-premios-y-oportunidades-es","7":"tag-mexico-es","9":"tag-premios-es"},"acf":[],"yoast_head":"<!-- This site is optimized with the Yoast SEO Premium plugin v22.6 (Yoast SEO v27.4) - https:\/\/yoast.com\/product\/yoast-seo-premium-wordpress\/ -->\n<title>Editora mexicana gana premio por valent\u00eda de la Fundaci\u00f3n Internacional de Mujeres en los Medios - LatAm Journalism Review<\/title>\n<meta name=\"description\" content=\"Editora mexicana gana premio por valent\u00eda de la Fundaci\u00f3n Internacional de Mujeres en los Medios Premios y oportunidades. Latin American Journalism Review by The Knight Center at The University of Texas at Austin.\" \/>\n<meta name=\"robots\" content=\"index, follow, max-snippet:-1, max-image-preview:large, max-video-preview:-1\" \/>\n<link rel=\"canonical\" href=\"https:\/\/latamjournalismreview.org\/es\/articles\/editora-mexicana-gana-premio-por-valentia-de-la-fundacion-internacional-de-mujeres-en-los-medios\/\" \/>\n<meta property=\"og:locale\" content=\"es_ES\" \/>\n<meta property=\"og:type\" content=\"article\" \/>\n<meta property=\"og:title\" content=\"Editora mexicana gana premio por valent\u00eda de la Fundaci\u00f3n Internacional de Mujeres en los Medios\" \/>\n<meta property=\"og:description\" content=\"Editora mexicana gana premio por valent\u00eda de la Fundaci\u00f3n Internacional de Mujeres en los Medios Premios y oportunidades. Latin American Journalism Review by The Knight Center at The University of Texas at Austin.\" \/>\n<meta property=\"og:url\" content=\"https:\/\/latamjournalismreview.org\/es\/articles\/editora-mexicana-gana-premio-por-valentia-de-la-fundacion-internacional-de-mujeres-en-los-medios\/\" \/>\n<meta property=\"og:site_name\" content=\"LatAm Journalism Review\" \/>\n<meta property=\"article:published_time\" content=\"2011-10-26T19:26:34+00:00\" \/>\n<meta property=\"article:modified_time\" content=\"2021-07-21T19:29:31+00:00\" \/>\n<meta name=\"author\" content=\"Tania Lara\" \/>\n<meta name=\"twitter:card\" content=\"summary_large_image\" \/>\n<meta name=\"twitter:creator\" content=\"@LatAmJournalism\" \/>\n<meta name=\"twitter:site\" content=\"@LatAmJournalism\" \/>\n<meta name=\"twitter:label1\" content=\"Written by\" \/>\n\t<meta name=\"twitter:data1\" content=\"Tania Lara\" \/>\n\t<meta name=\"twitter:label2\" content=\"Est. reading time\" \/>\n\t<meta name=\"twitter:data2\" content=\"2 minutos\" \/>\n<script type=\"application\/ld+json\" class=\"yoast-schema-graph\">{\"@context\":\"https:\\\/\\\/schema.org\",\"@graph\":[{\"@type\":\"Article\",\"@id\":\"https:\\\/\\\/latamjournalismreview.org\\\/es\\\/articles\\\/editora-mexicana-gana-premio-por-valentia-de-la-fundacion-internacional-de-mujeres-en-los-medios\\\/#article\",\"isPartOf\":{\"@id\":\"https:\\\/\\\/latamjournalismreview.org\\\/es\\\/articles\\\/editora-mexicana-gana-premio-por-valentia-de-la-fundacion-internacional-de-mujeres-en-los-medios\\\/\"},\"author\":{\"name\":\"Tania Lara\",\"@id\":\"https:\\\/\\\/latamjournalismreview.org\\\/es\\\/#\\\/schema\\\/person\\\/51558925140f21242c6ed2d20b8260c5\"},\"headline\":\"Editora mexicana gana premio por valent\u00eda de la Fundaci\u00f3n Internacional de Mujeres en los Medios\",\"datePublished\":\"2011-10-26T19:26:34+00:00\",\"dateModified\":\"2021-07-21T19:29:31+00:00\",\"mainEntityOfPage\":{\"@id\":\"https:\\\/\\\/latamjournalismreview.org\\\/es\\\/articles\\\/editora-mexicana-gana-premio-por-valentia-de-la-fundacion-internacional-de-mujeres-en-los-medios\\\/\"},\"wordCount\":346,\"publisher\":{\"@id\":\"https:\\\/\\\/latamjournalismreview.org\\\/es\\\/#organization\"},\"keywords\":[\"M\u00e9xico\",\"M\u00e9xico\",\"Premios\",\"Premios\"],\"articleSection\":[\"Premios y oportunidades\"],\"inLanguage\":\"es\"},{\"@type\":\"WebPage\",\"@id\":\"https:\\\/\\\/latamjournalismreview.org\\\/es\\\/articles\\\/editora-mexicana-gana-premio-por-valentia-de-la-fundacion-internacional-de-mujeres-en-los-medios\\\/\",\"url\":\"https:\\\/\\\/latamjournalismreview.org\\\/es\\\/articles\\\/editora-mexicana-gana-premio-por-valentia-de-la-fundacion-internacional-de-mujeres-en-los-medios\\\/\",\"name\":\"Editora mexicana gana premio por valent\u00eda de la Fundaci\u00f3n Internacional de Mujeres en los Medios - LatAm Journalism Review\",\"isPartOf\":{\"@id\":\"https:\\\/\\\/latamjournalismreview.org\\\/es\\\/#website\"},\"datePublished\":\"2011-10-26T19:26:34+00:00\",\"dateModified\":\"2021-07-21T19:29:31+00:00\",\"description\":\"Editora mexicana gana premio por valent\u00eda de la Fundaci\u00f3n Internacional de Mujeres en los Medios Premios y oportunidades. Latin American Journalism Review by The Knight Center at The University of Texas at Austin.\",\"breadcrumb\":{\"@id\":\"https:\\\/\\\/latamjournalismreview.org\\\/es\\\/articles\\\/editora-mexicana-gana-premio-por-valentia-de-la-fundacion-internacional-de-mujeres-en-los-medios\\\/#breadcrumb\"},\"inLanguage\":\"es\",\"potentialAction\":[{\"@type\":\"ReadAction\",\"target\":[\"https:\\\/\\\/latamjournalismreview.org\\\/es\\\/articles\\\/editora-mexicana-gana-premio-por-valentia-de-la-fundacion-internacional-de-mujeres-en-los-medios\\\/\"]}]},{\"@type\":\"BreadcrumbList\",\"@id\":\"https:\\\/\\\/latamjournalismreview.org\\\/es\\\/articles\\\/editora-mexicana-gana-premio-por-valentia-de-la-fundacion-internacional-de-mujeres-en-los-medios\\\/#breadcrumb\",\"itemListElement\":[{\"@type\":\"ListItem\",\"position\":1,\"name\":\"Home\",\"item\":\"https:\\\/\\\/latamjournalismreview.org\\\/es\\\/\"},{\"@type\":\"ListItem\",\"position\":2,\"name\":\"Editora mexicana gana premio por valent\u00eda de la Fundaci\u00f3n Internacional de Mujeres en los Medios\"}]},{\"@type\":\"WebSite\",\"@id\":\"https:\\\/\\\/latamjournalismreview.org\\\/es\\\/#website\",\"url\":\"https:\\\/\\\/latamjournalismreview.org\\\/es\\\/\",\"name\":\"LatAm Journalism Review\",\"description\":\"Knight Center at The University of Texas\",\"publisher\":{\"@id\":\"https:\\\/\\\/latamjournalismreview.org\\\/es\\\/#organization\"},\"potentialAction\":[{\"@type\":\"SearchAction\",\"target\":{\"@type\":\"EntryPoint\",\"urlTemplate\":\"https:\\\/\\\/latamjournalismreview.org\\\/es\\\/?s={search_term_string}\"},\"query-input\":{\"@type\":\"PropertyValueSpecification\",\"valueRequired\":true,\"valueName\":\"search_term_string\"}}],\"inLanguage\":\"es\"},{\"@type\":\"Organization\",\"@id\":\"https:\\\/\\\/latamjournalismreview.org\\\/es\\\/#organization\",\"name\":\"LatAm Journalism Review\",\"url\":\"https:\\\/\\\/latamjournalismreview.org\\\/es\\\/\",\"logo\":{\"@type\":\"ImageObject\",\"inLanguage\":\"es\",\"@id\":\"https:\\\/\\\/latamjournalismreview.org\\\/es\\\/#\\\/schema\\\/logo\\\/image\\\/\",\"url\":\"https:\\\/\\\/latamjournalismreview.org\\\/wp-content\\\/uploads\\\/2020\\\/05\\\/knight-latAm-review-logo.svg\",\"contentUrl\":\"https:\\\/\\\/latamjournalismreview.org\\\/wp-content\\\/uploads\\\/2020\\\/05\\\/knight-latAm-review-logo.svg\",\"width\":\"1024\",\"height\":\"1024\",\"caption\":\"LatAm Journalism Review\"},\"image\":{\"@id\":\"https:\\\/\\\/latamjournalismreview.org\\\/es\\\/#\\\/schema\\\/logo\\\/image\\\/\"},\"sameAs\":[\"https:\\\/\\\/x.com\\\/LatAmJournalism\"]},{\"@type\":\"Person\",\"@id\":\"https:\\\/\\\/latamjournalismreview.org\\\/es\\\/#\\\/schema\\\/person\\\/51558925140f21242c6ed2d20b8260c5\",\"name\":\"Tania Lara\",\"url\":\"https:\\\/\\\/latamjournalismreview.org\\\/es\\\/articles\\\/author\\\/tania-lara\\\/\"}]}<\/script>\n<!-- \/ Yoast SEO Premium plugin. -->","yoast_head_json":{"title":"Editora mexicana gana premio por valent\u00eda de la Fundaci\u00f3n Internacional de Mujeres en los Medios - LatAm Journalism Review","description":"Editora mexicana gana premio por valent\u00eda de la Fundaci\u00f3n Internacional de Mujeres en los Medios Premios y oportunidades. Latin American Journalism Review by The Knight Center at The University of Texas at Austin.","robots":{"index":"index","follow":"follow","max-snippet":"max-snippet:-1","max-image-preview":"max-image-preview:large","max-video-preview":"max-video-preview:-1"},"canonical":"https:\/\/latamjournalismreview.org\/es\/articles\/editora-mexicana-gana-premio-por-valentia-de-la-fundacion-internacional-de-mujeres-en-los-medios\/","og_locale":"es_ES","og_type":"article","og_title":"Editora mexicana gana premio por valent\u00eda de la Fundaci\u00f3n Internacional de Mujeres en los Medios","og_description":"Editora mexicana gana premio por valent\u00eda de la Fundaci\u00f3n Internacional de Mujeres en los Medios Premios y oportunidades. Latin American Journalism Review by The Knight Center at The University of Texas at Austin.","og_url":"https:\/\/latamjournalismreview.org\/es\/articles\/editora-mexicana-gana-premio-por-valentia-de-la-fundacion-internacional-de-mujeres-en-los-medios\/","og_site_name":"LatAm Journalism Review","article_published_time":"2011-10-26T19:26:34+00:00","article_modified_time":"2021-07-21T19:29:31+00:00","author":"Tania Lara","twitter_card":"summary_large_image","twitter_creator":"@LatAmJournalism","twitter_site":"@LatAmJournalism","twitter_misc":{"Written by":"Tania Lara","Est. reading time":"2 minutos"},"schema":{"@context":"https:\/\/schema.org","@graph":[{"@type":"Article","@id":"https:\/\/latamjournalismreview.org\/es\/articles\/editora-mexicana-gana-premio-por-valentia-de-la-fundacion-internacional-de-mujeres-en-los-medios\/#article","isPartOf":{"@id":"https:\/\/latamjournalismreview.org\/es\/articles\/editora-mexicana-gana-premio-por-valentia-de-la-fundacion-internacional-de-mujeres-en-los-medios\/"},"author":{"name":"Tania Lara","@id":"https:\/\/latamjournalismreview.org\/es\/#\/schema\/person\/51558925140f21242c6ed2d20b8260c5"},"headline":"Editora mexicana gana premio por valent\u00eda de la Fundaci\u00f3n Internacional de Mujeres en los Medios","datePublished":"2011-10-26T19:26:34+00:00","dateModified":"2021-07-21T19:29:31+00:00","mainEntityOfPage":{"@id":"https:\/\/latamjournalismreview.org\/es\/articles\/editora-mexicana-gana-premio-por-valentia-de-la-fundacion-internacional-de-mujeres-en-los-medios\/"},"wordCount":346,"publisher":{"@id":"https:\/\/latamjournalismreview.org\/es\/#organization"},"keywords":["M\u00e9xico","M\u00e9xico","Premios","Premios"],"articleSection":["Premios y oportunidades"],"inLanguage":"es"},{"@type":"WebPage","@id":"https:\/\/latamjournalismreview.org\/es\/articles\/editora-mexicana-gana-premio-por-valentia-de-la-fundacion-internacional-de-mujeres-en-los-medios\/","url":"https:\/\/latamjournalismreview.org\/es\/articles\/editora-mexicana-gana-premio-por-valentia-de-la-fundacion-internacional-de-mujeres-en-los-medios\/","name":"Editora mexicana gana premio por valent\u00eda de la Fundaci\u00f3n Internacional de Mujeres en los Medios - LatAm Journalism Review","isPartOf":{"@id":"https:\/\/latamjournalismreview.org\/es\/#website"},"datePublished":"2011-10-26T19:26:34+00:00","dateModified":"2021-07-21T19:29:31+00:00","description":"Editora mexicana gana premio por valent\u00eda de la Fundaci\u00f3n Internacional de Mujeres en los Medios Premios y oportunidades. Latin American Journalism Review by The Knight Center at The University of Texas at Austin.","breadcrumb":{"@id":"https:\/\/latamjournalismreview.org\/es\/articles\/editora-mexicana-gana-premio-por-valentia-de-la-fundacion-internacional-de-mujeres-en-los-medios\/#breadcrumb"},"inLanguage":"es","potentialAction":[{"@type":"ReadAction","target":["https:\/\/latamjournalismreview.org\/es\/articles\/editora-mexicana-gana-premio-por-valentia-de-la-fundacion-internacional-de-mujeres-en-los-medios\/"]}]},{"@type":"BreadcrumbList","@id":"https:\/\/latamjournalismreview.org\/es\/articles\/editora-mexicana-gana-premio-por-valentia-de-la-fundacion-internacional-de-mujeres-en-los-medios\/#breadcrumb","itemListElement":[{"@type":"ListItem","position":1,"name":"Home","item":"https:\/\/latamjournalismreview.org\/es\/"},{"@type":"ListItem","position":2,"name":"Editora mexicana gana premio por valent\u00eda de la Fundaci\u00f3n Internacional de Mujeres en los Medios"}]},{"@type":"WebSite","@id":"https:\/\/latamjournalismreview.org\/es\/#website","url":"https:\/\/latamjournalismreview.org\/es\/","name":"LatAm Journalism Review","description":"Knight Center at The University of Texas","publisher":{"@id":"https:\/\/latamjournalismreview.org\/es\/#organization"},"potentialAction":[{"@type":"SearchAction","target":{"@type":"EntryPoint","urlTemplate":"https:\/\/latamjournalismreview.org\/es\/?s={search_term_string}"},"query-input":{"@type":"PropertyValueSpecification","valueRequired":true,"valueName":"search_term_string"}}],"inLanguage":"es"},{"@type":"Organization","@id":"https:\/\/latamjournalismreview.org\/es\/#organization","name":"LatAm Journalism Review","url":"https:\/\/latamjournalismreview.org\/es\/","logo":{"@type":"ImageObject","inLanguage":"es","@id":"https:\/\/latamjournalismreview.org\/es\/#\/schema\/logo\/image\/","url":"https:\/\/latamjournalismreview.org\/wp-content\/uploads\/2020\/05\/knight-latAm-review-logo.svg","contentUrl":"https:\/\/latamjournalismreview.org\/wp-content\/uploads\/2020\/05\/knight-latAm-review-logo.svg","width":"1024","height":"1024","caption":"LatAm Journalism Review"},"image":{"@id":"https:\/\/latamjournalismreview.org\/es\/#\/schema\/logo\/image\/"},"sameAs":["https:\/\/x.com\/LatAmJournalism"]},{"@type":"Person","@id":"https:\/\/latamjournalismreview.org\/es\/#\/schema\/person\/51558925140f21242c6ed2d20b8260c5","name":"Tania Lara","url":"https:\/\/latamjournalismreview.org\/es\/articles\/author\/tania-lara\/"}]}},"_links":{"self":[{"href":"https:\/\/latamjournalismreview.org\/es\/wp-json\/wp\/v2\/posts\/22103","targetHints":{"allow":["GET"]}}],"collection":[{"href":"https:\/\/latamjournalismreview.org\/es\/wp-json\/wp\/v2\/posts"}],"about":[{"href":"https:\/\/latamjournalismreview.org\/es\/wp-json\/wp\/v2\/types\/post"}],"author":[{"embeddable":true,"href":"https:\/\/latamjournalismreview.org\/es\/wp-json\/wp\/v2\/users\/40"}],"replies":[{"embeddable":true,"href":"https:\/\/latamjournalismreview.org\/es\/wp-json\/wp\/v2\/comments?post=22103"}],"version-history":[{"count":1,"href":"https:\/\/latamjournalismreview.org\/es\/wp-json\/wp\/v2\/posts\/22103\/revisions"}],"predecessor-version":[{"id":22107,"href":"https:\/\/latamjournalismreview.org\/es\/wp-json\/wp\/v2\/posts\/22103\/revisions\/22107"}],"wp:attachment":[{"href":"https:\/\/latamjournalismreview.org\/es\/wp-json\/wp\/v2\/media?parent=22103"}],"wp:term":[{"taxonomy":"category","embeddable":true,"href":"https:\/\/latamjournalismreview.org\/es\/wp-json\/wp\/v2\/categories?post=22103"},{"taxonomy":"post_tag","embeddable":true,"href":"https:\/\/latamjournalismreview.org\/es\/wp-json\/wp\/v2\/tags?post=22103"},{"taxonomy":"author","embeddable":true,"href":"https:\/\/latamjournalismreview.org\/es\/wp-json\/wp\/v2\/coauthors?post=22103"}],"curies":[{"name":"wp","href":"https:\/\/api.w.org\/{rel}","templated":true}]}}