{"id":22413,"date":"2011-10-24T20:52:35","date_gmt":"2011-10-25T01:52:35","guid":{"rendered":"https:\/\/latamjournalismreview.org\/?p=22413"},"modified":"2021-07-22T20:53:58","modified_gmt":"2021-07-23T01:53:58","slug":"columnista-brasileno-apunalado-a-muerte-en-brasil","status":"publish","type":"post","link":"https:\/\/latamjournalismreview.org\/es\/articles\/columnista-brasileno-apunalado-a-muerte-en-brasil\/","title":{"rendered":"Columnista brasile\u00f1o apu\u00f1alado a muerte en Brasil"},"content":{"rendered":"<p>El\u00a0<a href=\"http:\/\/noticias.terra.com.br\/brasil\/noticias\/0,,OI5410723-EI5030,00-SP+colunista+social+e+encontrado+morto+em+apartamento+em+Rio+Claro.html\" target=\"_blank\" rel=\"noopener\">columnista del diario Jornal Cidade, Carlos Curcio, fue hallado muerto<\/a>\u00a0la ma\u00f1ana de este jueves, 13 de octubre, en su apartamento en el municipio de\u00a0<a href=\"http:\/\/es.wikipedia.org\/wiki\/Rio_Claro\" target=\"_blank\" rel=\"noopener\">Rio Claro<\/a>, interior de S\u00e3o Paulo, seg\u00fan el portal Terra.<\/p>\n<p>Curcio tambi\u00e9n ten\u00eda rotos los dientes y hab\u00eda se\u00f1ales de lucha en el local. La\u00a0<a href=\"http:\/\/eptv.globo.com\/araraquara\/noticias\/NOT,3,7,373344,Colunista+social+Carlos+Curcio+e+assassinado+em+seu+apartamento+em+Rio+Claro.aspx\" target=\"_blank\" rel=\"noopener\">polic\u00eda acredita que \u00e9l hab\u00eda sido asesinado<\/a>\u00a0a pu\u00f1aladas y que el autor del crimen ser\u00eda un conocido de la v\u00edctima, ya que en su apartamento no hab\u00eda se\u00f1ales de robo, inform\u00f3 la estaci\u00f3n EPTV.<\/p>\n<p>Seg\u00fan el sitio web G1, el\u00a0<a href=\"http:\/\/g1.globo.com\/sao-paulo\/noticia\/2011\/10\/colunista-social-e-encontrado-morto-em-apartamento-em-rio-claro-sp.html\" target=\"_blank\" rel=\"noopener\">cuerpo del periodista fue hallado despu\u00e9s que su carro fue visto abandonado<\/a>\u00a0en el barrio Recanto, en la periferia de la ciudad. Curcio escrib\u00eda una columna social del diario Jornal Cidade desde hac\u00eda 26 a\u00f1os.<\/p>\n","protected":false},"excerpt":{"rendered":"<p>El\u00a0columnista del diario Jornal Cidade, Carlos Curcio, fue hallado muerto\u00a0la ma\u00f1ana de este jueves, 13 de octubre, en su apartamento en el municipio de\u00a0Rio Claro, interior de S\u00e3o Paulo, seg\u00fan el portal Terra.<\/p>\n","protected":false},"author":42,"featured_media":0,"comment_status":"closed","ping_status":"closed","sticky":false,"template":"","format":"standard","meta":{"inline_featured_image":false,"footnotes":""},"categories":[1222],"tags":[],"coauthors":[],"class_list":["post-22413","post","type-post","status-publish","format-standard","hentry","category-violencia-contra-periodistas-es"],"acf":[],"yoast_head":"<!-- This site is optimized with the Yoast SEO Premium plugin v22.6 (Yoast SEO v27.4) - https:\/\/yoast.com\/product\/yoast-seo-premium-wordpress\/ -->\n<title>Columnista brasile\u00f1o apu\u00f1alado a muerte en Brasil - LatAm Journalism Review<\/title>\n<meta name=\"description\" content=\"Columnista brasile\u00f1o apu\u00f1alado a muerte en Brasil Violencia contra periodistas. Latin American Journalism Review by The Knight Center at The University of Texas at Austin.\" \/>\n<meta name=\"robots\" content=\"index, follow, max-snippet:-1, max-image-preview:large, max-video-preview:-1\" \/>\n<link rel=\"canonical\" href=\"https:\/\/latamjournalismreview.org\/es\/articles\/columnista-brasileno-apunalado-a-muerte-en-brasil\/\" \/>\n<meta property=\"og:locale\" content=\"es_ES\" \/>\n<meta property=\"og:type\" content=\"article\" \/>\n<meta property=\"og:title\" content=\"Columnista brasile\u00f1o apu\u00f1alado a muerte en Brasil\" \/>\n<meta property=\"og:description\" content=\"Columnista brasile\u00f1o apu\u00f1alado a muerte en Brasil Violencia contra periodistas. Latin American Journalism Review by The Knight Center at The University of Texas at Austin.\" \/>\n<meta property=\"og:url\" content=\"https:\/\/latamjournalismreview.org\/es\/articles\/columnista-brasileno-apunalado-a-muerte-en-brasil\/\" \/>\n<meta property=\"og:site_name\" content=\"LatAm Journalism Review\" \/>\n<meta property=\"article:published_time\" content=\"2011-10-25T01:52:35+00:00\" \/>\n<meta property=\"article:modified_time\" content=\"2021-07-23T01:53:58+00:00\" \/>\n<meta name=\"author\" content=\"Natalia Mazotte\" \/>\n<meta name=\"twitter:card\" content=\"summary_large_image\" \/>\n<meta name=\"twitter:creator\" content=\"@LatAmJournalism\" \/>\n<meta name=\"twitter:site\" content=\"@LatAmJournalism\" \/>\n<meta name=\"twitter:label1\" content=\"Written by\" \/>\n\t<meta name=\"twitter:data1\" content=\"Natalia Mazotte\" \/>\n\t<meta name=\"twitter:label2\" content=\"Est. reading time\" \/>\n\t<meta name=\"twitter:data2\" content=\"1 minuto\" \/>\n<script type=\"application\/ld+json\" class=\"yoast-schema-graph\">{\"@context\":\"https:\\\/\\\/schema.org\",\"@graph\":[{\"@type\":\"Article\",\"@id\":\"https:\\\/\\\/latamjournalismreview.org\\\/es\\\/articles\\\/columnista-brasileno-apunalado-a-muerte-en-brasil\\\/#article\",\"isPartOf\":{\"@id\":\"https:\\\/\\\/latamjournalismreview.org\\\/es\\\/articles\\\/columnista-brasileno-apunalado-a-muerte-en-brasil\\\/\"},\"author\":{\"name\":\"Natalia Mazotte\",\"@id\":\"https:\\\/\\\/latamjournalismreview.org\\\/es\\\/#\\\/schema\\\/person\\\/747457e530d741a9d192f00c32c7f884\"},\"headline\":\"Columnista brasile\u00f1o apu\u00f1alado a muerte en Brasil\",\"datePublished\":\"2011-10-25T01:52:35+00:00\",\"dateModified\":\"2021-07-23T01:53:58+00:00\",\"mainEntityOfPage\":{\"@id\":\"https:\\\/\\\/latamjournalismreview.org\\\/es\\\/articles\\\/columnista-brasileno-apunalado-a-muerte-en-brasil\\\/\"},\"wordCount\":154,\"publisher\":{\"@id\":\"https:\\\/\\\/latamjournalismreview.org\\\/es\\\/#organization\"},\"articleSection\":[\"Violencia contra periodistas\"],\"inLanguage\":\"es\"},{\"@type\":\"WebPage\",\"@id\":\"https:\\\/\\\/latamjournalismreview.org\\\/es\\\/articles\\\/columnista-brasileno-apunalado-a-muerte-en-brasil\\\/\",\"url\":\"https:\\\/\\\/latamjournalismreview.org\\\/es\\\/articles\\\/columnista-brasileno-apunalado-a-muerte-en-brasil\\\/\",\"name\":\"Columnista brasile\u00f1o apu\u00f1alado a muerte en Brasil - LatAm Journalism Review\",\"isPartOf\":{\"@id\":\"https:\\\/\\\/latamjournalismreview.org\\\/es\\\/#website\"},\"datePublished\":\"2011-10-25T01:52:35+00:00\",\"dateModified\":\"2021-07-23T01:53:58+00:00\",\"description\":\"Columnista brasile\u00f1o apu\u00f1alado a muerte en Brasil Violencia contra periodistas. Latin American Journalism Review by The Knight Center at The University of Texas at Austin.\",\"breadcrumb\":{\"@id\":\"https:\\\/\\\/latamjournalismreview.org\\\/es\\\/articles\\\/columnista-brasileno-apunalado-a-muerte-en-brasil\\\/#breadcrumb\"},\"inLanguage\":\"es\",\"potentialAction\":[{\"@type\":\"ReadAction\",\"target\":[\"https:\\\/\\\/latamjournalismreview.org\\\/es\\\/articles\\\/columnista-brasileno-apunalado-a-muerte-en-brasil\\\/\"]}]},{\"@type\":\"BreadcrumbList\",\"@id\":\"https:\\\/\\\/latamjournalismreview.org\\\/es\\\/articles\\\/columnista-brasileno-apunalado-a-muerte-en-brasil\\\/#breadcrumb\",\"itemListElement\":[{\"@type\":\"ListItem\",\"position\":1,\"name\":\"Home\",\"item\":\"https:\\\/\\\/latamjournalismreview.org\\\/es\\\/\"},{\"@type\":\"ListItem\",\"position\":2,\"name\":\"Columnista brasile\u00f1o apu\u00f1alado a muerte en Brasil\"}]},{\"@type\":\"WebSite\",\"@id\":\"https:\\\/\\\/latamjournalismreview.org\\\/es\\\/#website\",\"url\":\"https:\\\/\\\/latamjournalismreview.org\\\/es\\\/\",\"name\":\"LatAm Journalism Review\",\"description\":\"Knight Center at The University of Texas\",\"publisher\":{\"@id\":\"https:\\\/\\\/latamjournalismreview.org\\\/es\\\/#organization\"},\"potentialAction\":[{\"@type\":\"SearchAction\",\"target\":{\"@type\":\"EntryPoint\",\"urlTemplate\":\"https:\\\/\\\/latamjournalismreview.org\\\/es\\\/?s={search_term_string}\"},\"query-input\":{\"@type\":\"PropertyValueSpecification\",\"valueRequired\":true,\"valueName\":\"search_term_string\"}}],\"inLanguage\":\"es\"},{\"@type\":\"Organization\",\"@id\":\"https:\\\/\\\/latamjournalismreview.org\\\/es\\\/#organization\",\"name\":\"LatAm Journalism Review\",\"url\":\"https:\\\/\\\/latamjournalismreview.org\\\/es\\\/\",\"logo\":{\"@type\":\"ImageObject\",\"inLanguage\":\"es\",\"@id\":\"https:\\\/\\\/latamjournalismreview.org\\\/es\\\/#\\\/schema\\\/logo\\\/image\\\/\",\"url\":\"https:\\\/\\\/latamjournalismreview.org\\\/wp-content\\\/uploads\\\/2020\\\/05\\\/knight-latAm-review-logo.svg\",\"contentUrl\":\"https:\\\/\\\/latamjournalismreview.org\\\/wp-content\\\/uploads\\\/2020\\\/05\\\/knight-latAm-review-logo.svg\",\"width\":\"1024\",\"height\":\"1024\",\"caption\":\"LatAm Journalism Review\"},\"image\":{\"@id\":\"https:\\\/\\\/latamjournalismreview.org\\\/es\\\/#\\\/schema\\\/logo\\\/image\\\/\"},\"sameAs\":[\"https:\\\/\\\/x.com\\\/LatAmJournalism\"]},{\"@type\":\"Person\",\"@id\":\"https:\\\/\\\/latamjournalismreview.org\\\/es\\\/#\\\/schema\\\/person\\\/747457e530d741a9d192f00c32c7f884\",\"name\":\"Natalia Mazotte\",\"url\":\"https:\\\/\\\/latamjournalismreview.org\\\/es\\\/articles\\\/author\\\/natalia-mazotte\\\/\"}]}<\/script>\n<!-- \/ Yoast SEO Premium plugin. -->","yoast_head_json":{"title":"Columnista brasile\u00f1o apu\u00f1alado a muerte en Brasil - LatAm Journalism Review","description":"Columnista brasile\u00f1o apu\u00f1alado a muerte en Brasil Violencia contra periodistas. Latin American Journalism Review by The Knight Center at The University of Texas at Austin.","robots":{"index":"index","follow":"follow","max-snippet":"max-snippet:-1","max-image-preview":"max-image-preview:large","max-video-preview":"max-video-preview:-1"},"canonical":"https:\/\/latamjournalismreview.org\/es\/articles\/columnista-brasileno-apunalado-a-muerte-en-brasil\/","og_locale":"es_ES","og_type":"article","og_title":"Columnista brasile\u00f1o apu\u00f1alado a muerte en Brasil","og_description":"Columnista brasile\u00f1o apu\u00f1alado a muerte en Brasil Violencia contra periodistas. Latin American Journalism Review by The Knight Center at The University of Texas at Austin.","og_url":"https:\/\/latamjournalismreview.org\/es\/articles\/columnista-brasileno-apunalado-a-muerte-en-brasil\/","og_site_name":"LatAm Journalism Review","article_published_time":"2011-10-25T01:52:35+00:00","article_modified_time":"2021-07-23T01:53:58+00:00","author":"Natalia Mazotte","twitter_card":"summary_large_image","twitter_creator":"@LatAmJournalism","twitter_site":"@LatAmJournalism","twitter_misc":{"Written by":"Natalia Mazotte","Est. reading time":"1 minuto"},"schema":{"@context":"https:\/\/schema.org","@graph":[{"@type":"Article","@id":"https:\/\/latamjournalismreview.org\/es\/articles\/columnista-brasileno-apunalado-a-muerte-en-brasil\/#article","isPartOf":{"@id":"https:\/\/latamjournalismreview.org\/es\/articles\/columnista-brasileno-apunalado-a-muerte-en-brasil\/"},"author":{"name":"Natalia Mazotte","@id":"https:\/\/latamjournalismreview.org\/es\/#\/schema\/person\/747457e530d741a9d192f00c32c7f884"},"headline":"Columnista brasile\u00f1o apu\u00f1alado a muerte en Brasil","datePublished":"2011-10-25T01:52:35+00:00","dateModified":"2021-07-23T01:53:58+00:00","mainEntityOfPage":{"@id":"https:\/\/latamjournalismreview.org\/es\/articles\/columnista-brasileno-apunalado-a-muerte-en-brasil\/"},"wordCount":154,"publisher":{"@id":"https:\/\/latamjournalismreview.org\/es\/#organization"},"articleSection":["Violencia contra periodistas"],"inLanguage":"es"},{"@type":"WebPage","@id":"https:\/\/latamjournalismreview.org\/es\/articles\/columnista-brasileno-apunalado-a-muerte-en-brasil\/","url":"https:\/\/latamjournalismreview.org\/es\/articles\/columnista-brasileno-apunalado-a-muerte-en-brasil\/","name":"Columnista brasile\u00f1o apu\u00f1alado a muerte en Brasil - LatAm Journalism Review","isPartOf":{"@id":"https:\/\/latamjournalismreview.org\/es\/#website"},"datePublished":"2011-10-25T01:52:35+00:00","dateModified":"2021-07-23T01:53:58+00:00","description":"Columnista brasile\u00f1o apu\u00f1alado a muerte en Brasil Violencia contra periodistas. Latin American Journalism Review by The Knight Center at The University of Texas at Austin.","breadcrumb":{"@id":"https:\/\/latamjournalismreview.org\/es\/articles\/columnista-brasileno-apunalado-a-muerte-en-brasil\/#breadcrumb"},"inLanguage":"es","potentialAction":[{"@type":"ReadAction","target":["https:\/\/latamjournalismreview.org\/es\/articles\/columnista-brasileno-apunalado-a-muerte-en-brasil\/"]}]},{"@type":"BreadcrumbList","@id":"https:\/\/latamjournalismreview.org\/es\/articles\/columnista-brasileno-apunalado-a-muerte-en-brasil\/#breadcrumb","itemListElement":[{"@type":"ListItem","position":1,"name":"Home","item":"https:\/\/latamjournalismreview.org\/es\/"},{"@type":"ListItem","position":2,"name":"Columnista brasile\u00f1o apu\u00f1alado a muerte en Brasil"}]},{"@type":"WebSite","@id":"https:\/\/latamjournalismreview.org\/es\/#website","url":"https:\/\/latamjournalismreview.org\/es\/","name":"LatAm Journalism Review","description":"Knight Center at The University of Texas","publisher":{"@id":"https:\/\/latamjournalismreview.org\/es\/#organization"},"potentialAction":[{"@type":"SearchAction","target":{"@type":"EntryPoint","urlTemplate":"https:\/\/latamjournalismreview.org\/es\/?s={search_term_string}"},"query-input":{"@type":"PropertyValueSpecification","valueRequired":true,"valueName":"search_term_string"}}],"inLanguage":"es"},{"@type":"Organization","@id":"https:\/\/latamjournalismreview.org\/es\/#organization","name":"LatAm Journalism Review","url":"https:\/\/latamjournalismreview.org\/es\/","logo":{"@type":"ImageObject","inLanguage":"es","@id":"https:\/\/latamjournalismreview.org\/es\/#\/schema\/logo\/image\/","url":"https:\/\/latamjournalismreview.org\/wp-content\/uploads\/2020\/05\/knight-latAm-review-logo.svg","contentUrl":"https:\/\/latamjournalismreview.org\/wp-content\/uploads\/2020\/05\/knight-latAm-review-logo.svg","width":"1024","height":"1024","caption":"LatAm Journalism Review"},"image":{"@id":"https:\/\/latamjournalismreview.org\/es\/#\/schema\/logo\/image\/"},"sameAs":["https:\/\/x.com\/LatAmJournalism"]},{"@type":"Person","@id":"https:\/\/latamjournalismreview.org\/es\/#\/schema\/person\/747457e530d741a9d192f00c32c7f884","name":"Natalia Mazotte","url":"https:\/\/latamjournalismreview.org\/es\/articles\/author\/natalia-mazotte\/"}]}},"_links":{"self":[{"href":"https:\/\/latamjournalismreview.org\/es\/wp-json\/wp\/v2\/posts\/22413","targetHints":{"allow":["GET"]}}],"collection":[{"href":"https:\/\/latamjournalismreview.org\/es\/wp-json\/wp\/v2\/posts"}],"about":[{"href":"https:\/\/latamjournalismreview.org\/es\/wp-json\/wp\/v2\/types\/post"}],"author":[{"embeddable":true,"href":"https:\/\/latamjournalismreview.org\/es\/wp-json\/wp\/v2\/users\/42"}],"replies":[{"embeddable":true,"href":"https:\/\/latamjournalismreview.org\/es\/wp-json\/wp\/v2\/comments?post=22413"}],"version-history":[{"count":1,"href":"https:\/\/latamjournalismreview.org\/es\/wp-json\/wp\/v2\/posts\/22413\/revisions"}],"predecessor-version":[{"id":22415,"href":"https:\/\/latamjournalismreview.org\/es\/wp-json\/wp\/v2\/posts\/22413\/revisions\/22415"}],"wp:attachment":[{"href":"https:\/\/latamjournalismreview.org\/es\/wp-json\/wp\/v2\/media?parent=22413"}],"wp:term":[{"taxonomy":"category","embeddable":true,"href":"https:\/\/latamjournalismreview.org\/es\/wp-json\/wp\/v2\/categories?post=22413"},{"taxonomy":"post_tag","embeddable":true,"href":"https:\/\/latamjournalismreview.org\/es\/wp-json\/wp\/v2\/tags?post=22413"},{"taxonomy":"author","embeddable":true,"href":"https:\/\/latamjournalismreview.org\/es\/wp-json\/wp\/v2\/coauthors?post=22413"}],"curies":[{"name":"wp","href":"https:\/\/api.w.org\/{rel}","templated":true}]}}