{"id":22645,"date":"2018-08-24T21:01:43","date_gmt":"2018-08-25T02:01:43","guid":{"rendered":"https:\/\/latamjournalismreview.org\/?p=22645"},"modified":"2021-07-23T21:02:36","modified_gmt":"2021-07-24T02:02:36","slug":"gerente-de-canal-10-de-nicaragua-busca-refugio-en-la-embajada-de-honduras-en-medio-de-acusaciones-de-persecucion-contra-el-canal","status":"publish","type":"post","link":"https:\/\/latamjournalismreview.org\/es\/articles\/gerente-de-canal-10-de-nicaragua-busca-refugio-en-la-embajada-de-honduras-en-medio-de-acusaciones-de-persecucion-contra-el-canal\/","title":{"rendered":"Gerente de Canal 10 de Nicaragua busca refugio en la embajada de Honduras en medio de acusaciones de persecuci\u00f3n contra el canal"},"content":{"rendered":"<p>La noticia que Carlos Pastora, gerente general de Canal 10 de Nicaragua, <a href=\"https:\/\/www.laprensa.com.ni\/2018\/08\/22\/politica\/2462895-el-gerente-de-canal-10-carlos-pastora-se-refugia-en-la-embajada-de-honduras\" target=\"_blank\" rel=\"noopener\">busc\u00f3 refugio en la embajada de Honduras en Managua<\/a>, despert\u00f3 los se\u00f1alamientos de una posible persecuci\u00f3n por parte del Gobierno de Daniel Ortega contra este canal.<\/p>\n<p>\u201c<a href=\"http:\/\/www.sinembargo.mx\/23-08-2018\/3461096\" target=\"_blank\" rel=\"noopener\">Hemos recibido al se\u00f1or Carlos Pastora con una petici\u00f3n de protecci\u00f3n<\/a> por parte de nuestra misi\u00f3n diplom\u00e1tica en Nicaragua\u201d, dijo la canciller hondure\u00f1a Mar\u00eda Dolores Ag\u00fcero a los medios de Honduras el 23 de agosto, seg\u00fan EFE.<\/p>\n<p>La decisi\u00f3n de Pastora se habr\u00eda dado luego de que el martes 21 de agosto, cuando se dispon\u00eda a viajar a Miami por negocios, <a href=\"https:\/\/www.laprensa.com.ni\/2018\/08\/22\/politica\/2462895-el-gerente-de-canal-10-carlos-pastora-se-refugia-en-la-embajada-de-honduras\" target=\"_blank\" rel=\"noopener\">agentes de inmigraci\u00f3n le negaran la salida se\u00f1alando que ten\u00eda una restricci\u00f3n migratoria<\/a>, inform\u00f3 La Prensa.<\/p>\n<p>Pastora, quien tambi\u00e9n tiene la nacionalidad hondure\u00f1a, busc\u00f3 ayuda de ese pa\u00eds <a href=\"https:\/\/www.youtube.com\/watch?v=Xx_6pxPi11U\" target=\"_blank\" rel=\"noopener\">al considerar que estaba en peligro<\/a>, seg\u00fan lo dio a conocer este 23 de agosto. En una carta enviada por Pastora al Comisionado Nacional de los Derechos Humanos de Honduras, Roberto Herrera C\u00e1ceres, pidi\u00f3 protecci\u00f3n para \u00e9l y su familia.<\/p>\n<p>\u201cMis derechos humanos est\u00e1n siendo vulnerados por parte de un gobierno, y <a href=\"https:\/\/www.youtube.com\/watch?v=Xx_6pxPi11U\" target=\"_blank\" rel=\"noopener\">mi familia y yo tememos por nuestras vidas, denunciando que podr\u00edamos ser asesinados<\/a>, y clamando a las autoridades de mi pa\u00eds, se nos brinde auxilio inmediatamente\u201d, escribi\u00f3 Pastora en la carta que fue le\u00edda por presentadores de Canal 10.<\/p>\n<p>Las afirmaciones de Pastora han revivido los se\u00f1alamientos de una presunta persecuci\u00f3n de parte de la administraci\u00f3n de Ortega contra el Canal 10. Un reportaje de Confidencial asegura que Acci\u00f3n 10, el noticiero de este canal y el de mayor audiencia en el pa\u00eds, ha <a href=\"https:\/\/confidencial.com.ni\/ortega-destapa-la-persecucion-contra-canal-10\/\" target=\"_blank\" rel=\"noopener\">dado cobertura a las protestas que se realizan en contra del Gobierno desde abril, as\u00ed como a\u00a0la \u201cbrutal represi\u00f3n\u201d<\/a> de\u00a0estas protestas de civiles.<\/p>\n<p>Por esta cobertura, los periodistas de Canal 10 han sido acosados por presuntos grupos paramilitares, y su jefe de informaci\u00f3n tambi\u00e9n ha sufrido hostigamientos y amenazas, inform\u00f3 Confidencial.<\/p>\n<p>La presunta persecuci\u00f3n se habr\u00eda incrementado luego de que el empresario mexicano \u00c1ngel Gonz\u00e1lez se negara a vender el canal al Gobierno, agreg\u00f3\u00a0Confidencial. Gonz\u00e1lez, quien ha creado su imperio medi\u00e1tico en la mayor parte de pa\u00edses centroamericanos, <a href=\"http:\/\/knightcenter.utexas.edu\/es\/blog\/00-16860-un-gobierno-cerrado-los-medios-en-nicaragua-no-hay-declaraciones-publicas-ni-acceso-la\" target=\"_blank\" rel=\"noopener\">controla en Nicaragua junto a la familia presidencial<\/a> \u2013 incluidos hijos y empresarios allegados a la administraci\u00f3n de Ortega \u2013 <a href=\"http:\/\/confidencial.com.ni\/se-profundizael-duopolio-televisivo\/\" target=\"_blank\" rel=\"noopener\">el duopolio de canales<\/a>.<\/p>\n<p>Durante esta semana, Canal 10 ha enfrentado diferentes hechos que han hecho sospechar al medio y sus periodistas que hay una intenci\u00f3n del Estado de querer influir en su trabajo.<\/p>\n<p>El pasado lunes 20 de agosto, \u00d3scar Ortiz, jefe de informaci\u00f3n del oficialista Canal 8, lleg\u00f3 a las instalaciones de Canal 10 asegurando que estar\u00eda a cargo del noticiero de Canal 10, inform\u00f3 <a href=\"https:\/\/www.laprensa.com.ni\/2018\/08\/22\/politica\/2462895-el-gerente-de-canal-10-carlos-pastora-se-refugia-en-la-embajada-de-honduras\" target=\"_blank\" rel=\"noopener\">La Prensa<\/a> y denunci\u00f3 Canal 10. Aunque dijo que hab\u00eda sido enviado por Pastora, los<a href=\"https:\/\/www.youtube.com\/watch?v=Nih20RGKy3c\" target=\"_blank\" rel=\"noopener\"> trabajadores lo sacaron del lugar y aseguraron que no permitir\u00edan un cambio de l\u00ednea editorial<\/a> en su medio, la cual, seg\u00fan dijo el empleado de Canal 8 se <a href=\"https:\/\/confidencial.com.ni\/ortega-destapa-la-persecucion-contra-canal-10\/\" target=\"_blank\" rel=\"noopener\">enfocar\u00eda en temas sociales y dejar\u00eda por fuera los temas de pol\u00edtica<\/a>, seg\u00fan Confidencial.<\/p>\n<p>En una reuni\u00f3n con los trabajadores, Pastora neg\u00f3 haber cambiado al actual jefe de informaci\u00f3n del noticiero, Mauricio Madrigal, seg\u00fan Confidencial. El mismo Madrigal tambi\u00e9n <a href=\"https:\/\/www.youtube.com\/watch?v=Nih20RGKy3c\" target=\"_blank\" rel=\"noopener\">neg\u00f3 que se haya cambiado la l\u00ednea editorial del medio<\/a>.<\/p>\n<p>Ante este hecho, un grupo de personas realiz\u00f3 un <a href=\"https:\/\/www.youtube.com\/watch?v=Nih20RGKy3c\" target=\"_blank\" rel=\"noopener\">plant\u00f3n a las afueras de Canal 10 en muestra de apoyo a este con el lema \u201cla verdad no se vende\u201d<\/a>.\u00a0Los periodistas por su parte han se\u00f1alado que la mayor\u00eda de ellos \u201cest\u00e1n dispuestos a renunciar\u201d si la l\u00ednea editorial del medio se cambia o si el Gobierno lo compra, seg\u00fan <a href=\"https:\/\/www.youtube.com\/watch?v=Nih20RGKy3c\" target=\"_blank\" rel=\"noopener\">dijo Jairo Castillo, un periodista de Canal 10, en una nota de este canal<\/a>. En la manifestaci\u00f3n se vio a un hombre en una motocicleta tomando fotograf\u00edas a las personas que se encontraban en el plant\u00f3n.<\/p>\n<p>El mi\u00e9rcoles 22 de agosto, el Gobierno anunci\u00f3 que la <a href=\"https:\/\/confidencial.com.ni\/ortega-destapa-la-persecucion-contra-canal-10\/\" target=\"_blank\" rel=\"noopener\">Unidad de An\u00e1lisis Financiero (UAF) abri\u00f3 \u201cun proceso de inteligencia financiera\u201d contra Pastora<\/a>, quien adem\u00e1s de ser el gerente de Canal 10 es socio de otras empresas incluida la que es due\u00f1a de Acci\u00f3n 10 y Radio Televisi\u00f3n Nicarag\u00fcense S.A, inform\u00f3 Confidencial.<\/p>\n<p>\u201cEl proceso de an\u00e1lisis gira en torno a presuntas acciones de lavado de activos, el traslado transfronterizo de bienes obtenidos mediante recursos de origen il\u00edcito\u201d, seg\u00fan el comunicado de la UAF publicado por Confidencial.<\/p>\n<p>En su carta al Comisionado de Derechos Humanos de Honduras, Pastora se\u00f1ala que la administraci\u00f3n de Ortega busca \u201capropiarse de Canal 10 para censurar voces independientes\u201d.<\/p>\n<p>\u201cQuieren obligarme a que contrate a un periodista de Canal 8 para que venga a ver y regular las publicaciones del noticiero. Debido a <a href=\"https:\/\/www.youtube.com\/watch?v=Xx_6pxPi11U\" target=\"_blank\" rel=\"noopener\">esta situaci\u00f3n que ha venido acompa\u00f1ada de amenazas directas v\u00edas tel\u00e9fono, seguimiento e intimidaci\u00f3n<\/a>, mi familia y yo tomamos la decisi\u00f3n de salir del pa\u00eds y buscar seguridad retornando a Honduras. Acci\u00f3n que no se me permiti\u00f3 por parte del Gobierno [del] se\u00f1or Ortega que ha emitido una restricci\u00f3n migratoria en contra de mi persona sin ning\u00fan fundamento\u201d, escribi\u00f3 Pastora seg\u00fan leyeron los presentadores de Acci\u00f3n 10.<\/p>\n<p>Ag\u00fcero, la canciller hondure\u00f1a dijo que esta es la primera vez que una persona ha pedido protecci\u00f3n en la embajada de Honduras en Nicaragua, seg\u00fan EFE.<\/p>\n<p>\u201cHemos estado en un proceso de recabar la informaci\u00f3n para poder tener elementos de juicio, examinar la delicada situaci\u00f3n y poder determinar un curso de acci\u00f3n\u201d, dijo ella, seg\u00fan la agencia de noticias.<\/p>\n<p>Tambi\u00e9n dijo que estar\u00edan realizando las \u201cconsultas pertinentes\u201d con los Gobiernos de Honduras y Nicaragua.<\/p>\n<p>Desde que comenzaron las protestas en contra de la administraci\u00f3n de Ortega el pasado abril, los <a href=\"https:\/\/knightcenter.utexas.edu\/es\/blog\/00-19996-prensa-nicaragueense-que-cubre-protestas-es-blanco-de-amenazas-de-muerte-agresiones-fi\" target=\"_blank\" rel=\"noopener\">medios han sido v\u00edctimas de ataques, amenazas<\/a>, robo de equipos e incluso se\u00f1alamientos de vinculaci\u00f3n al terrorismo.<\/p>\n<p>El caso m\u00e1s grave ocurri\u00f3 en Bluefields, al este de Nicaragua, cuando el <a href=\"https:\/\/knightcenter.utexas.edu\/es\/blog\/00-19572-periodista-nicaragueense-asesinado-mientras-transmitia-en-vivo-por-facebook-las-protes\" target=\"_blank\" rel=\"noopener\">periodista \u00c1ngel Gahona fue asesinado mientras cubr\u00eda en vivo por Facebook una protesta el 21 de abril<\/a>. El juicio que se realiza en la actualidad en contra de dos j\u00f3venes se\u00f1alados de cometer el crimen fue se\u00f1alado por <a href=\"https:\/\/www.laprensa.com.ni\/2018\/08\/22\/nacionales\/2462681-juicio-por-el-asesinato-del-periodista-angel-gahona-es-una-burla-afirma-viuda-del-reportero\" target=\"_blank\" rel=\"noopener\">la viuda del periodista como una \u201cburla\u201d<\/a> por considerar que no son los verdaderos responsables, report\u00f3 EFE y La Prensa.<\/p>\n<p>Este 24 de agosto, la Comisi\u00f3n Interamericana de Derechos Humanos (CIDH) dijo que de acuerdo con su Mecanismo Especial de Seguimiento para Nicaragua (Meseni) \u201c<a href=\"http:\/\/www.oas.org\/es\/cidh\/prensa\/Comunicados\/2018\/187.asp\" target=\"_blank\" rel=\"noopener\">contin\u00faan\u00a0registr\u00e1ndose actos intimidatorios, hostigamientos y amenazas contra periodistas<\/a>\u201d en el pa\u00eds.<\/p>\n","protected":false},"excerpt":{"rendered":"<p>La noticia que Carlos Pastora, gerente general de Canal 10 de Nicaragua, busc\u00f3 refugio en la embajada de Honduras en Managua, despert\u00f3 los se\u00f1alamientos de una posible persecuci\u00f3n por parte del Gobierno de Daniel Ortega contra este canal.<\/p>\n","protected":false},"author":13,"featured_media":0,"comment_status":"closed","ping_status":"closed","sticky":false,"template":"","format":"standard","meta":{"inline_featured_image":false,"footnotes":""},"categories":[1220],"tags":[1462,1497],"coauthors":[],"class_list":["post-22645","post","type-post","status-publish","format-standard","hentry","category-libertad-de-prensa-es","tag-honduras-es","tag-nicaragua-es"],"acf":[],"yoast_head":"<!-- This site is optimized with the Yoast SEO Premium plugin v22.6 (Yoast SEO v27.4) - https:\/\/yoast.com\/product\/yoast-seo-premium-wordpress\/ -->\n<title>Gerente de Canal 10 de Nicaragua busca refugio en la embajada de Honduras en medio de acusaciones de persecuci\u00f3n contra el canal - LatAm Journalism Review<\/title>\n<meta name=\"description\" content=\"Gerente de Canal 10 de Nicaragua busca refugio en la embajada de Honduras en medio de acusaciones de persecuci\u00f3n contra el canal Libertad de prensa. Latin American Journalism Review by The Knight Center at The University of Texas at Austin.\" \/>\n<meta name=\"robots\" content=\"index, follow, max-snippet:-1, max-image-preview:large, max-video-preview:-1\" \/>\n<link rel=\"canonical\" href=\"https:\/\/latamjournalismreview.org\/es\/articles\/gerente-de-canal-10-de-nicaragua-busca-refugio-en-la-embajada-de-honduras-en-medio-de-acusaciones-de-persecucion-contra-el-canal\/\" \/>\n<meta property=\"og:locale\" content=\"es_ES\" \/>\n<meta property=\"og:type\" content=\"article\" \/>\n<meta property=\"og:title\" content=\"Gerente de Canal 10 de Nicaragua busca refugio en la embajada de Honduras en medio de acusaciones de persecuci\u00f3n contra el canal\" \/>\n<meta property=\"og:description\" content=\"Gerente de Canal 10 de Nicaragua busca refugio en la embajada de Honduras en medio de acusaciones de persecuci\u00f3n contra el canal Libertad de prensa. Latin American Journalism Review by The Knight Center at The University of Texas at Austin.\" \/>\n<meta property=\"og:url\" content=\"https:\/\/latamjournalismreview.org\/es\/articles\/gerente-de-canal-10-de-nicaragua-busca-refugio-en-la-embajada-de-honduras-en-medio-de-acusaciones-de-persecucion-contra-el-canal\/\" \/>\n<meta property=\"og:site_name\" content=\"LatAm Journalism Review\" \/>\n<meta property=\"article:published_time\" content=\"2018-08-25T02:01:43+00:00\" \/>\n<meta property=\"article:modified_time\" content=\"2021-07-24T02:02:36+00:00\" \/>\n<meta name=\"author\" content=\"Silvia Higuera\" \/>\n<meta name=\"twitter:card\" content=\"summary_large_image\" \/>\n<meta name=\"twitter:creator\" content=\"@shiguerita\" \/>\n<meta name=\"twitter:site\" content=\"@LatAmJournalism\" \/>\n<meta name=\"twitter:label1\" content=\"Written by\" \/>\n\t<meta name=\"twitter:data1\" content=\"Silvia Higuera\" \/>\n\t<meta name=\"twitter:label2\" content=\"Est. reading time\" \/>\n\t<meta name=\"twitter:data2\" content=\"6 minutos\" \/>\n<script type=\"application\/ld+json\" class=\"yoast-schema-graph\">{\"@context\":\"https:\\\/\\\/schema.org\",\"@graph\":[{\"@type\":\"Article\",\"@id\":\"https:\\\/\\\/latamjournalismreview.org\\\/es\\\/articles\\\/gerente-de-canal-10-de-nicaragua-busca-refugio-en-la-embajada-de-honduras-en-medio-de-acusaciones-de-persecucion-contra-el-canal\\\/#article\",\"isPartOf\":{\"@id\":\"https:\\\/\\\/latamjournalismreview.org\\\/es\\\/articles\\\/gerente-de-canal-10-de-nicaragua-busca-refugio-en-la-embajada-de-honduras-en-medio-de-acusaciones-de-persecucion-contra-el-canal\\\/\"},\"author\":{\"name\":\"Silvia Higuera\",\"@id\":\"https:\\\/\\\/latamjournalismreview.org\\\/es\\\/#\\\/schema\\\/person\\\/eac7baa6afada0957e047be9fc15703a\"},\"headline\":\"Gerente de Canal 10 de Nicaragua busca refugio en la embajada de Honduras en medio de acusaciones de persecuci\u00f3n contra el canal\",\"datePublished\":\"2018-08-25T02:01:43+00:00\",\"dateModified\":\"2021-07-24T02:02:36+00:00\",\"mainEntityOfPage\":{\"@id\":\"https:\\\/\\\/latamjournalismreview.org\\\/es\\\/articles\\\/gerente-de-canal-10-de-nicaragua-busca-refugio-en-la-embajada-de-honduras-en-medio-de-acusaciones-de-persecucion-contra-el-canal\\\/\"},\"wordCount\":1159,\"publisher\":{\"@id\":\"https:\\\/\\\/latamjournalismreview.org\\\/es\\\/#organization\"},\"keywords\":[\"Honduras\",\"Nicaragua\"],\"articleSection\":[\"Libertad de prensa\"],\"inLanguage\":\"es\"},{\"@type\":\"WebPage\",\"@id\":\"https:\\\/\\\/latamjournalismreview.org\\\/es\\\/articles\\\/gerente-de-canal-10-de-nicaragua-busca-refugio-en-la-embajada-de-honduras-en-medio-de-acusaciones-de-persecucion-contra-el-canal\\\/\",\"url\":\"https:\\\/\\\/latamjournalismreview.org\\\/es\\\/articles\\\/gerente-de-canal-10-de-nicaragua-busca-refugio-en-la-embajada-de-honduras-en-medio-de-acusaciones-de-persecucion-contra-el-canal\\\/\",\"name\":\"Gerente de Canal 10 de Nicaragua busca refugio en la embajada de Honduras en medio de acusaciones de persecuci\u00f3n contra el canal - LatAm Journalism Review\",\"isPartOf\":{\"@id\":\"https:\\\/\\\/latamjournalismreview.org\\\/es\\\/#website\"},\"datePublished\":\"2018-08-25T02:01:43+00:00\",\"dateModified\":\"2021-07-24T02:02:36+00:00\",\"description\":\"Gerente de Canal 10 de Nicaragua busca refugio en la embajada de Honduras en medio de acusaciones de persecuci\u00f3n contra el canal Libertad de prensa. Latin American Journalism Review by The Knight Center at The University of Texas at Austin.\",\"breadcrumb\":{\"@id\":\"https:\\\/\\\/latamjournalismreview.org\\\/es\\\/articles\\\/gerente-de-canal-10-de-nicaragua-busca-refugio-en-la-embajada-de-honduras-en-medio-de-acusaciones-de-persecucion-contra-el-canal\\\/#breadcrumb\"},\"inLanguage\":\"es\",\"potentialAction\":[{\"@type\":\"ReadAction\",\"target\":[\"https:\\\/\\\/latamjournalismreview.org\\\/es\\\/articles\\\/gerente-de-canal-10-de-nicaragua-busca-refugio-en-la-embajada-de-honduras-en-medio-de-acusaciones-de-persecucion-contra-el-canal\\\/\"]}]},{\"@type\":\"BreadcrumbList\",\"@id\":\"https:\\\/\\\/latamjournalismreview.org\\\/es\\\/articles\\\/gerente-de-canal-10-de-nicaragua-busca-refugio-en-la-embajada-de-honduras-en-medio-de-acusaciones-de-persecucion-contra-el-canal\\\/#breadcrumb\",\"itemListElement\":[{\"@type\":\"ListItem\",\"position\":1,\"name\":\"Home\",\"item\":\"https:\\\/\\\/latamjournalismreview.org\\\/es\\\/\"},{\"@type\":\"ListItem\",\"position\":2,\"name\":\"Gerente de Canal 10 de Nicaragua busca refugio en la embajada de Honduras en medio de acusaciones de persecuci\u00f3n contra el canal\"}]},{\"@type\":\"WebSite\",\"@id\":\"https:\\\/\\\/latamjournalismreview.org\\\/es\\\/#website\",\"url\":\"https:\\\/\\\/latamjournalismreview.org\\\/es\\\/\",\"name\":\"LatAm Journalism Review\",\"description\":\"Knight Center at The University of Texas\",\"publisher\":{\"@id\":\"https:\\\/\\\/latamjournalismreview.org\\\/es\\\/#organization\"},\"potentialAction\":[{\"@type\":\"SearchAction\",\"target\":{\"@type\":\"EntryPoint\",\"urlTemplate\":\"https:\\\/\\\/latamjournalismreview.org\\\/es\\\/?s={search_term_string}\"},\"query-input\":{\"@type\":\"PropertyValueSpecification\",\"valueRequired\":true,\"valueName\":\"search_term_string\"}}],\"inLanguage\":\"es\"},{\"@type\":\"Organization\",\"@id\":\"https:\\\/\\\/latamjournalismreview.org\\\/es\\\/#organization\",\"name\":\"LatAm Journalism Review\",\"url\":\"https:\\\/\\\/latamjournalismreview.org\\\/es\\\/\",\"logo\":{\"@type\":\"ImageObject\",\"inLanguage\":\"es\",\"@id\":\"https:\\\/\\\/latamjournalismreview.org\\\/es\\\/#\\\/schema\\\/logo\\\/image\\\/\",\"url\":\"https:\\\/\\\/latamjournalismreview.org\\\/wp-content\\\/uploads\\\/2020\\\/05\\\/knight-latAm-review-logo.svg\",\"contentUrl\":\"https:\\\/\\\/latamjournalismreview.org\\\/wp-content\\\/uploads\\\/2020\\\/05\\\/knight-latAm-review-logo.svg\",\"width\":\"1024\",\"height\":\"1024\",\"caption\":\"LatAm Journalism Review\"},\"image\":{\"@id\":\"https:\\\/\\\/latamjournalismreview.org\\\/es\\\/#\\\/schema\\\/logo\\\/image\\\/\"},\"sameAs\":[\"https:\\\/\\\/x.com\\\/LatAmJournalism\"]},{\"@type\":\"Person\",\"@id\":\"https:\\\/\\\/latamjournalismreview.org\\\/es\\\/#\\\/schema\\\/person\\\/eac7baa6afada0957e047be9fc15703a\",\"name\":\"Silvia Higuera\",\"description\":\"Silvia A. Higuera Fl\u00f3rez is a Colombian journalist interested in covering Latin American issues and human rights, especially the right to freedom of expression, and investigative journalism. She studied Social Communication and Journalism at Universidad Pontificia Bolivariana in Bucaramanga (Colombia), and received her Master's of Arts in Journalism from the University of Texas at Austin in 2015. She worked with the Office of the Special Rapporteur for Freedom of Expression of the Inter-American Commission on Human Rights (IACHR) under the Orlando Sierra fellowship during 2014. She also worked for the Colombian newspaper Vanguardia Liberal and wrote for different magazines about local, economic and public order issues. Her work has also appeared in The Miami Herald and El Nuevo Herald of Miami. Email: silvia.knightcenter@gmail.com Silvia A. Higuera Fl\u00f3rez es una periodista colombiana con inter\u00e9s period\u00edstico es Am\u00e9rica Latina y los derechos humanos, particularmente el derecho a la libertad de expresi\u00f3n, as\u00ed como el periodismo de investigaci\u00f3n. Estudi\u00f3 Comunicaci\u00f3n Social \u2013 Periodismo en la Universidad Pontificia Bolivariana de Bucaramanga (Colombia), y recibi\u00f3 su maestr\u00eda en Periodismo en la Universidad de Texas, en Austin en 2015. Trabaj\u00f3 para la Relator\u00eda Especial para la Libertad de Expresi\u00f3n de la Comisi\u00f3n Interamericana de Derechos Humanos (CIDH) en el marco de la beca Orlando Sierra, durante 2014. Tambi\u00e9n hizo parte del diario Vanguardia Liberal y escribi\u00f3 para otras revistas colombianas cubriendo fuentes locales, econ\u00f3micas y judiciales. Algunos de sus trabajos han aparecido en The Miami Herald y El Nuevo Herald de Miami. Silvia A. Higuera Fl\u00f3rez \u00e9 uma jornalista colombiana e seu interesse jornal\u00edstico \u00e9 a Am\u00e9rica Latina e os direitos humanos, nomeadamente o direito \u00e0 liberdade de express\u00e3o. Estudou Comunica\u00e7\u00e3o Social \u2013 Jornalismo na Universidade Pontif\u00edcia Bolivariana de Bucaramanga, na Col\u00f4mbia e completou seu mestrado em jornalismo na Universidade do Texas em Austin. Silvia trabalhou na Relatoria para a Liberdade de Express\u00e3o da CIDH pela bolsa Orlando Sierra, em 2014. Trabalhou para o jornal Vanguardia Liberal e escreveu para outras revistas colombianas cobrindo temas locais, econ\u00f4micas e judici\u00e1rias. Alguns de seus trabalhos apareceram no The Miami Herald e no El Nuevo Herald de Miami.\",\"sameAs\":[\"https:\\\/\\\/x.com\\\/shiguerita\"],\"url\":\"https:\\\/\\\/latamjournalismreview.org\\\/es\\\/articles\\\/author\\\/silvia-higuera\\\/\"}]}<\/script>\n<!-- \/ Yoast SEO Premium plugin. -->","yoast_head_json":{"title":"Gerente de Canal 10 de Nicaragua busca refugio en la embajada de Honduras en medio de acusaciones de persecuci\u00f3n contra el canal - LatAm Journalism Review","description":"Gerente de Canal 10 de Nicaragua busca refugio en la embajada de Honduras en medio de acusaciones de persecuci\u00f3n contra el canal Libertad de prensa. Latin American Journalism Review by The Knight Center at The University of Texas at Austin.","robots":{"index":"index","follow":"follow","max-snippet":"max-snippet:-1","max-image-preview":"max-image-preview:large","max-video-preview":"max-video-preview:-1"},"canonical":"https:\/\/latamjournalismreview.org\/es\/articles\/gerente-de-canal-10-de-nicaragua-busca-refugio-en-la-embajada-de-honduras-en-medio-de-acusaciones-de-persecucion-contra-el-canal\/","og_locale":"es_ES","og_type":"article","og_title":"Gerente de Canal 10 de Nicaragua busca refugio en la embajada de Honduras en medio de acusaciones de persecuci\u00f3n contra el canal","og_description":"Gerente de Canal 10 de Nicaragua busca refugio en la embajada de Honduras en medio de acusaciones de persecuci\u00f3n contra el canal Libertad de prensa. Latin American Journalism Review by The Knight Center at The University of Texas at Austin.","og_url":"https:\/\/latamjournalismreview.org\/es\/articles\/gerente-de-canal-10-de-nicaragua-busca-refugio-en-la-embajada-de-honduras-en-medio-de-acusaciones-de-persecucion-contra-el-canal\/","og_site_name":"LatAm Journalism Review","article_published_time":"2018-08-25T02:01:43+00:00","article_modified_time":"2021-07-24T02:02:36+00:00","author":"Silvia Higuera","twitter_card":"summary_large_image","twitter_creator":"@shiguerita","twitter_site":"@LatAmJournalism","twitter_misc":{"Written by":"Silvia Higuera","Est. reading time":"6 minutos"},"schema":{"@context":"https:\/\/schema.org","@graph":[{"@type":"Article","@id":"https:\/\/latamjournalismreview.org\/es\/articles\/gerente-de-canal-10-de-nicaragua-busca-refugio-en-la-embajada-de-honduras-en-medio-de-acusaciones-de-persecucion-contra-el-canal\/#article","isPartOf":{"@id":"https:\/\/latamjournalismreview.org\/es\/articles\/gerente-de-canal-10-de-nicaragua-busca-refugio-en-la-embajada-de-honduras-en-medio-de-acusaciones-de-persecucion-contra-el-canal\/"},"author":{"name":"Silvia Higuera","@id":"https:\/\/latamjournalismreview.org\/es\/#\/schema\/person\/eac7baa6afada0957e047be9fc15703a"},"headline":"Gerente de Canal 10 de Nicaragua busca refugio en la embajada de Honduras en medio de acusaciones de persecuci\u00f3n contra el canal","datePublished":"2018-08-25T02:01:43+00:00","dateModified":"2021-07-24T02:02:36+00:00","mainEntityOfPage":{"@id":"https:\/\/latamjournalismreview.org\/es\/articles\/gerente-de-canal-10-de-nicaragua-busca-refugio-en-la-embajada-de-honduras-en-medio-de-acusaciones-de-persecucion-contra-el-canal\/"},"wordCount":1159,"publisher":{"@id":"https:\/\/latamjournalismreview.org\/es\/#organization"},"keywords":["Honduras","Nicaragua"],"articleSection":["Libertad de prensa"],"inLanguage":"es"},{"@type":"WebPage","@id":"https:\/\/latamjournalismreview.org\/es\/articles\/gerente-de-canal-10-de-nicaragua-busca-refugio-en-la-embajada-de-honduras-en-medio-de-acusaciones-de-persecucion-contra-el-canal\/","url":"https:\/\/latamjournalismreview.org\/es\/articles\/gerente-de-canal-10-de-nicaragua-busca-refugio-en-la-embajada-de-honduras-en-medio-de-acusaciones-de-persecucion-contra-el-canal\/","name":"Gerente de Canal 10 de Nicaragua busca refugio en la embajada de Honduras en medio de acusaciones de persecuci\u00f3n contra el canal - LatAm Journalism Review","isPartOf":{"@id":"https:\/\/latamjournalismreview.org\/es\/#website"},"datePublished":"2018-08-25T02:01:43+00:00","dateModified":"2021-07-24T02:02:36+00:00","description":"Gerente de Canal 10 de Nicaragua busca refugio en la embajada de Honduras en medio de acusaciones de persecuci\u00f3n contra el canal Libertad de prensa. Latin American Journalism Review by The Knight Center at The University of Texas at Austin.","breadcrumb":{"@id":"https:\/\/latamjournalismreview.org\/es\/articles\/gerente-de-canal-10-de-nicaragua-busca-refugio-en-la-embajada-de-honduras-en-medio-de-acusaciones-de-persecucion-contra-el-canal\/#breadcrumb"},"inLanguage":"es","potentialAction":[{"@type":"ReadAction","target":["https:\/\/latamjournalismreview.org\/es\/articles\/gerente-de-canal-10-de-nicaragua-busca-refugio-en-la-embajada-de-honduras-en-medio-de-acusaciones-de-persecucion-contra-el-canal\/"]}]},{"@type":"BreadcrumbList","@id":"https:\/\/latamjournalismreview.org\/es\/articles\/gerente-de-canal-10-de-nicaragua-busca-refugio-en-la-embajada-de-honduras-en-medio-de-acusaciones-de-persecucion-contra-el-canal\/#breadcrumb","itemListElement":[{"@type":"ListItem","position":1,"name":"Home","item":"https:\/\/latamjournalismreview.org\/es\/"},{"@type":"ListItem","position":2,"name":"Gerente de Canal 10 de Nicaragua busca refugio en la embajada de Honduras en medio de acusaciones de persecuci\u00f3n contra el canal"}]},{"@type":"WebSite","@id":"https:\/\/latamjournalismreview.org\/es\/#website","url":"https:\/\/latamjournalismreview.org\/es\/","name":"LatAm Journalism Review","description":"Knight Center at The University of Texas","publisher":{"@id":"https:\/\/latamjournalismreview.org\/es\/#organization"},"potentialAction":[{"@type":"SearchAction","target":{"@type":"EntryPoint","urlTemplate":"https:\/\/latamjournalismreview.org\/es\/?s={search_term_string}"},"query-input":{"@type":"PropertyValueSpecification","valueRequired":true,"valueName":"search_term_string"}}],"inLanguage":"es"},{"@type":"Organization","@id":"https:\/\/latamjournalismreview.org\/es\/#organization","name":"LatAm Journalism Review","url":"https:\/\/latamjournalismreview.org\/es\/","logo":{"@type":"ImageObject","inLanguage":"es","@id":"https:\/\/latamjournalismreview.org\/es\/#\/schema\/logo\/image\/","url":"https:\/\/latamjournalismreview.org\/wp-content\/uploads\/2020\/05\/knight-latAm-review-logo.svg","contentUrl":"https:\/\/latamjournalismreview.org\/wp-content\/uploads\/2020\/05\/knight-latAm-review-logo.svg","width":"1024","height":"1024","caption":"LatAm Journalism Review"},"image":{"@id":"https:\/\/latamjournalismreview.org\/es\/#\/schema\/logo\/image\/"},"sameAs":["https:\/\/x.com\/LatAmJournalism"]},{"@type":"Person","@id":"https:\/\/latamjournalismreview.org\/es\/#\/schema\/person\/eac7baa6afada0957e047be9fc15703a","name":"Silvia Higuera","description":"Silvia A. Higuera Fl\u00f3rez is a Colombian journalist interested in covering Latin American issues and human rights, especially the right to freedom of expression, and investigative journalism. She studied Social Communication and Journalism at Universidad Pontificia Bolivariana in Bucaramanga (Colombia), and received her Master's of Arts in Journalism from the University of Texas at Austin in 2015. She worked with the Office of the Special Rapporteur for Freedom of Expression of the Inter-American Commission on Human Rights (IACHR) under the Orlando Sierra fellowship during 2014. She also worked for the Colombian newspaper Vanguardia Liberal and wrote for different magazines about local, economic and public order issues. Her work has also appeared in The Miami Herald and El Nuevo Herald of Miami. Email: silvia.knightcenter@gmail.com Silvia A. Higuera Fl\u00f3rez es una periodista colombiana con inter\u00e9s period\u00edstico es Am\u00e9rica Latina y los derechos humanos, particularmente el derecho a la libertad de expresi\u00f3n, as\u00ed como el periodismo de investigaci\u00f3n. Estudi\u00f3 Comunicaci\u00f3n Social \u2013 Periodismo en la Universidad Pontificia Bolivariana de Bucaramanga (Colombia), y recibi\u00f3 su maestr\u00eda en Periodismo en la Universidad de Texas, en Austin en 2015. Trabaj\u00f3 para la Relator\u00eda Especial para la Libertad de Expresi\u00f3n de la Comisi\u00f3n Interamericana de Derechos Humanos (CIDH) en el marco de la beca Orlando Sierra, durante 2014. Tambi\u00e9n hizo parte del diario Vanguardia Liberal y escribi\u00f3 para otras revistas colombianas cubriendo fuentes locales, econ\u00f3micas y judiciales. Algunos de sus trabajos han aparecido en The Miami Herald y El Nuevo Herald de Miami. Silvia A. Higuera Fl\u00f3rez \u00e9 uma jornalista colombiana e seu interesse jornal\u00edstico \u00e9 a Am\u00e9rica Latina e os direitos humanos, nomeadamente o direito \u00e0 liberdade de express\u00e3o. Estudou Comunica\u00e7\u00e3o Social \u2013 Jornalismo na Universidade Pontif\u00edcia Bolivariana de Bucaramanga, na Col\u00f4mbia e completou seu mestrado em jornalismo na Universidade do Texas em Austin. Silvia trabalhou na Relatoria para a Liberdade de Express\u00e3o da CIDH pela bolsa Orlando Sierra, em 2014. Trabalhou para o jornal Vanguardia Liberal e escreveu para outras revistas colombianas cobrindo temas locais, econ\u00f4micas e judici\u00e1rias. Alguns de seus trabalhos apareceram no The Miami Herald e no El Nuevo Herald de Miami.","sameAs":["https:\/\/x.com\/shiguerita"],"url":"https:\/\/latamjournalismreview.org\/es\/articles\/author\/silvia-higuera\/"}]}},"_links":{"self":[{"href":"https:\/\/latamjournalismreview.org\/es\/wp-json\/wp\/v2\/posts\/22645","targetHints":{"allow":["GET"]}}],"collection":[{"href":"https:\/\/latamjournalismreview.org\/es\/wp-json\/wp\/v2\/posts"}],"about":[{"href":"https:\/\/latamjournalismreview.org\/es\/wp-json\/wp\/v2\/types\/post"}],"author":[{"embeddable":true,"href":"https:\/\/latamjournalismreview.org\/es\/wp-json\/wp\/v2\/users\/13"}],"replies":[{"embeddable":true,"href":"https:\/\/latamjournalismreview.org\/es\/wp-json\/wp\/v2\/comments?post=22645"}],"version-history":[{"count":1,"href":"https:\/\/latamjournalismreview.org\/es\/wp-json\/wp\/v2\/posts\/22645\/revisions"}],"predecessor-version":[{"id":22646,"href":"https:\/\/latamjournalismreview.org\/es\/wp-json\/wp\/v2\/posts\/22645\/revisions\/22646"}],"wp:attachment":[{"href":"https:\/\/latamjournalismreview.org\/es\/wp-json\/wp\/v2\/media?parent=22645"}],"wp:term":[{"taxonomy":"category","embeddable":true,"href":"https:\/\/latamjournalismreview.org\/es\/wp-json\/wp\/v2\/categories?post=22645"},{"taxonomy":"post_tag","embeddable":true,"href":"https:\/\/latamjournalismreview.org\/es\/wp-json\/wp\/v2\/tags?post=22645"},{"taxonomy":"author","embeddable":true,"href":"https:\/\/latamjournalismreview.org\/es\/wp-json\/wp\/v2\/coauthors?post=22645"}],"curies":[{"name":"wp","href":"https:\/\/api.w.org\/{rel}","templated":true}]}}