{"id":22796,"date":"2018-08-01T22:27:24","date_gmt":"2018-08-02T03:27:24","guid":{"rendered":"https:\/\/latamjournalismreview.org\/?p=22796"},"modified":"2021-07-23T22:27:56","modified_gmt":"2021-07-24T03:27:56","slug":"tribunal-colombiano-responsabiliza-al-estado-del-asesinato-de-un-periodista-en-2013-crea-precedente-importante-segun-flip","status":"publish","type":"post","link":"https:\/\/latamjournalismreview.org\/es\/articles\/tribunal-colombiano-responsabiliza-al-estado-del-asesinato-de-un-periodista-en-2013-crea-precedente-importante-segun-flip\/","title":{"rendered":"Tribunal colombiano responsabiliza al Estado del asesinato de un periodista en 2013; crea precedente importante seg\u00fan FLIP"},"content":{"rendered":"<p>Un tribunal colombiano determin\u00f3 que el Estado es el responsable de no proteger el derecho a la vida de Edison Alberto Molina Carmona, abogado y periodista radiof\u00f3nico de Antioquia asesinado en 2013.<\/p>\n<p>La corte reconoci\u00f3 que Molina <a href=\"https:\/\/flip.org.co\/index.php\/es\/informacion\/pronunciamientos\/item\/2260-el-estado-colombiano-es-condenado-por-el-homicidio-del-periodista-edison-alberto-molina\" target=\"_blank\" rel=\"noopener\">recibi\u00f3 amenazas debido a su trabajo como periodista y como l\u00edder de la oposici\u00f3n<\/a> y que el Estado no las proces\u00f3 de manera oportuna, seg\u00fan la Fundaci\u00f3n para la Libertad de Prensa (FLIP).<\/p>\n<p>La sentencia apunt\u00f3 a la Polic\u00eda Nacional por realizar su trabajo de protecci\u00f3n tarde y de manera deficiente y a la Fiscal\u00eda General por ignorar sus deberes constitucionales y legales, inform\u00f3 la FLIP.<\/p>\n<p>La organizaci\u00f3n reconoce el fallo <a href=\"https:\/\/flip.org.co\/index.php\/es\/informacion\/pronunciamientos\/item\/2260-el-estado-colombiano-es-condenado-por-el-homicidio-del-periodista-edison-alberto-molina\" target=\"_blank\" rel=\"noopener\">\u201ccomo un precedente importante para la protecci\u00f3n y seguridad del periodismo en Colombia, pues se refiere a la obligaci\u00f3n del Estado de prestar protecci\u00f3n oportuna y efectiva a los periodistas en riesgo\u201d<\/a>.<\/p>\n<p>La FLIP represent\u00f3 a la familia de Molina, <a href=\"https:\/\/flip.org.co\/index.php\/es\/informacion\/pronunciamientos\/item\/2260-el-estado-colombiano-es-condenado-por-el-homicidio-del-periodista-edison-alberto-molina\" target=\"_blank\" rel=\"noopener\">quien tiene derecho a reparaciones econ\u00f3micas<\/a>\u00a0seg\u00fan lo ordenado por el juez. El juez pidi\u00f3 tambi\u00e9n una ceremonia p\u00fablica para pedir disculpas a la familia en el municipio donde Molina fue asesinado, as\u00ed como un taller sobre derechos humanos, libertad de expresi\u00f3n y otros temas, de acuerdo con la FLIP.<\/p>\n<p>La FLIP solicit\u00f3 a la Fiscal\u00eda General que investigara el caso - por el que nadie ha sido castigado - con mayor diligencia.<\/p>\n<p>El 11 de septiembre de 2013, Molina recibi\u00f3 <a href=\"https:\/\/knightcenter.utexas.edu\/es\/blog\/00-14432-asesinan-periodista-radial-en-antioquia-colombia\" target=\"_blank\" rel=\"noopener\">un disparo en la cabeza cuando se dirig\u00eda a su casa en Puerto Berr\u00edo, Antioquia,\u00a0acompa\u00f1ado de su esposa que result\u00f3 herida.<\/a> Fue presentador del programa de radio \u201cConsultorio Jur\u00eddico\u201d en Puerto Berr\u00edo Stereo.<\/p>\n<p>El copresentador de Molina dijo que el periodista <a href=\"https:\/\/cpj.org\/data\/people\/edison-alberto-molina\/index.php\" target=\"_blank\" rel=\"noopener\">acus\u00f3 al Estado de corrupci\u00f3n durante su programa,<\/a> de acuerdo con el Comit\u00e9 para la Protecci\u00f3n de los Periodistas (CPJ, por sus siglas en ingl\u00e9s). Tambi\u00e9n report\u00f3 varias amenazas en los meses previos a su muerte.<\/p>\n<p>\u201c<a href=\"https:\/\/noticias.caracoltv.com\/medellin\/policia-y-fiscalia-deberan-reparar-economicamente-familia-de-periodista-asesinado-en-antioquia-ie139\" target=\"_blank\" rel=\"noopener\">\u00c9l ten\u00eda 60 denuncias<\/a> en contra de la administraci\u00f3n municipal, contra\u00a0el alcalde y\u00a0el secretario de Gobierno\u201d, dijo la esposa de Molina, Luz Marina de la Pava, seg\u00fan inform\u00f3 Caracol.<\/p>\n<p>La organizaci\u00f3n de noticias a\u00f1adi\u00f3 que una iniciativa llamada Movimiento Los Enanos ha luchado por la justicia del caso desde la muerte de Molina.<\/p>\n","protected":false},"excerpt":{"rendered":"<p>Un tribunal colombiano determin\u00f3 que el Estado es el responsable de no proteger el derecho a la vida de Edison Alberto Molina Carmona, abogado y periodista radiof\u00f3nico de Antioquia asesinado en 2013.<\/p>\n","protected":false},"author":3,"featured_media":0,"comment_status":"closed","ping_status":"closed","sticky":false,"template":"","format":"standard","meta":{"inline_featured_image":false,"footnotes":""},"categories":[1222],"tags":[1395],"coauthors":[],"class_list":["post-22796","post","type-post","status-publish","format-standard","hentry","category-violencia-contra-periodistas-es","tag-colombia-es-2"],"acf":[],"yoast_head":"<!-- This site is optimized with the Yoast SEO Premium plugin v22.6 (Yoast SEO v27.4) - https:\/\/yoast.com\/product\/yoast-seo-premium-wordpress\/ -->\n<title>Tribunal colombiano responsabiliza al Estado del asesinato de un periodista en 2013; crea precedente importante seg\u00fan FLIP - LatAm Journalism Review<\/title>\n<meta name=\"description\" content=\"Tribunal colombiano responsabiliza al Estado del asesinato de un periodista en 2013; crea precedente importante seg\u00fan FLIP Violencia contra periodistas. Latin American Journalism Review by The Knight Center at The University of Texas at Austin.\" \/>\n<meta name=\"robots\" content=\"index, follow, max-snippet:-1, max-image-preview:large, max-video-preview:-1\" \/>\n<link rel=\"canonical\" href=\"https:\/\/latamjournalismreview.org\/es\/articles\/tribunal-colombiano-responsabiliza-al-estado-del-asesinato-de-un-periodista-en-2013-crea-precedente-importante-segun-flip\/\" \/>\n<meta property=\"og:locale\" content=\"es_ES\" \/>\n<meta property=\"og:type\" content=\"article\" \/>\n<meta property=\"og:title\" content=\"Tribunal colombiano responsabiliza al Estado del asesinato de un periodista en 2013; crea precedente importante seg\u00fan FLIP\" \/>\n<meta property=\"og:description\" content=\"Tribunal colombiano responsabiliza al Estado del asesinato de un periodista en 2013; crea precedente importante seg\u00fan FLIP Violencia contra periodistas. Latin American Journalism Review by The Knight Center at The University of Texas at Austin.\" \/>\n<meta property=\"og:url\" content=\"https:\/\/latamjournalismreview.org\/es\/articles\/tribunal-colombiano-responsabiliza-al-estado-del-asesinato-de-un-periodista-en-2013-crea-precedente-importante-segun-flip\/\" \/>\n<meta property=\"og:site_name\" content=\"LatAm Journalism Review\" \/>\n<meta property=\"article:published_time\" content=\"2018-08-02T03:27:24+00:00\" \/>\n<meta property=\"article:modified_time\" content=\"2021-07-24T03:27:56+00:00\" \/>\n<meta name=\"author\" content=\"Teresa Mioli\" \/>\n<meta name=\"twitter:card\" content=\"summary_large_image\" \/>\n<meta name=\"twitter:creator\" content=\"@TeresaMioli\" \/>\n<meta name=\"twitter:site\" content=\"@LatAmJournalism\" \/>\n<meta name=\"twitter:label1\" content=\"Written by\" \/>\n\t<meta name=\"twitter:data1\" content=\"Teresa Mioli\" \/>\n\t<meta name=\"twitter:label2\" content=\"Est. reading time\" \/>\n\t<meta name=\"twitter:data2\" content=\"2 minutos\" \/>\n<script type=\"application\/ld+json\" class=\"yoast-schema-graph\">{\"@context\":\"https:\\\/\\\/schema.org\",\"@graph\":[{\"@type\":\"Article\",\"@id\":\"https:\\\/\\\/latamjournalismreview.org\\\/es\\\/articles\\\/tribunal-colombiano-responsabiliza-al-estado-del-asesinato-de-un-periodista-en-2013-crea-precedente-importante-segun-flip\\\/#article\",\"isPartOf\":{\"@id\":\"https:\\\/\\\/latamjournalismreview.org\\\/es\\\/articles\\\/tribunal-colombiano-responsabiliza-al-estado-del-asesinato-de-un-periodista-en-2013-crea-precedente-importante-segun-flip\\\/\"},\"author\":{\"name\":\"Teresa Mioli\",\"@id\":\"https:\\\/\\\/latamjournalismreview.org\\\/es\\\/#\\\/schema\\\/person\\\/b83a4912f05c8178389e917d8d51de03\"},\"headline\":\"Tribunal colombiano responsabiliza al Estado del asesinato de un periodista en 2013; crea precedente importante seg\u00fan FLIP\",\"datePublished\":\"2018-08-02T03:27:24+00:00\",\"dateModified\":\"2021-07-24T03:27:56+00:00\",\"mainEntityOfPage\":{\"@id\":\"https:\\\/\\\/latamjournalismreview.org\\\/es\\\/articles\\\/tribunal-colombiano-responsabiliza-al-estado-del-asesinato-de-un-periodista-en-2013-crea-precedente-importante-segun-flip\\\/\"},\"wordCount\":407,\"publisher\":{\"@id\":\"https:\\\/\\\/latamjournalismreview.org\\\/es\\\/#organization\"},\"keywords\":[\"Colombia\"],\"articleSection\":[\"Violencia contra periodistas\"],\"inLanguage\":\"es\"},{\"@type\":\"WebPage\",\"@id\":\"https:\\\/\\\/latamjournalismreview.org\\\/es\\\/articles\\\/tribunal-colombiano-responsabiliza-al-estado-del-asesinato-de-un-periodista-en-2013-crea-precedente-importante-segun-flip\\\/\",\"url\":\"https:\\\/\\\/latamjournalismreview.org\\\/es\\\/articles\\\/tribunal-colombiano-responsabiliza-al-estado-del-asesinato-de-un-periodista-en-2013-crea-precedente-importante-segun-flip\\\/\",\"name\":\"Tribunal colombiano responsabiliza al Estado del asesinato de un periodista en 2013; crea precedente importante seg\u00fan FLIP - LatAm Journalism Review\",\"isPartOf\":{\"@id\":\"https:\\\/\\\/latamjournalismreview.org\\\/es\\\/#website\"},\"datePublished\":\"2018-08-02T03:27:24+00:00\",\"dateModified\":\"2021-07-24T03:27:56+00:00\",\"description\":\"Tribunal colombiano responsabiliza al Estado del asesinato de un periodista en 2013; crea precedente importante seg\u00fan FLIP Violencia contra periodistas. Latin American Journalism Review by The Knight Center at The University of Texas at Austin.\",\"breadcrumb\":{\"@id\":\"https:\\\/\\\/latamjournalismreview.org\\\/es\\\/articles\\\/tribunal-colombiano-responsabiliza-al-estado-del-asesinato-de-un-periodista-en-2013-crea-precedente-importante-segun-flip\\\/#breadcrumb\"},\"inLanguage\":\"es\",\"potentialAction\":[{\"@type\":\"ReadAction\",\"target\":[\"https:\\\/\\\/latamjournalismreview.org\\\/es\\\/articles\\\/tribunal-colombiano-responsabiliza-al-estado-del-asesinato-de-un-periodista-en-2013-crea-precedente-importante-segun-flip\\\/\"]}]},{\"@type\":\"BreadcrumbList\",\"@id\":\"https:\\\/\\\/latamjournalismreview.org\\\/es\\\/articles\\\/tribunal-colombiano-responsabiliza-al-estado-del-asesinato-de-un-periodista-en-2013-crea-precedente-importante-segun-flip\\\/#breadcrumb\",\"itemListElement\":[{\"@type\":\"ListItem\",\"position\":1,\"name\":\"Home\",\"item\":\"https:\\\/\\\/latamjournalismreview.org\\\/es\\\/\"},{\"@type\":\"ListItem\",\"position\":2,\"name\":\"Tribunal colombiano responsabiliza al Estado del asesinato de un periodista en 2013; crea precedente importante seg\u00fan FLIP\"}]},{\"@type\":\"WebSite\",\"@id\":\"https:\\\/\\\/latamjournalismreview.org\\\/es\\\/#website\",\"url\":\"https:\\\/\\\/latamjournalismreview.org\\\/es\\\/\",\"name\":\"LatAm Journalism Review\",\"description\":\"Knight Center at The University of Texas\",\"publisher\":{\"@id\":\"https:\\\/\\\/latamjournalismreview.org\\\/es\\\/#organization\"},\"potentialAction\":[{\"@type\":\"SearchAction\",\"target\":{\"@type\":\"EntryPoint\",\"urlTemplate\":\"https:\\\/\\\/latamjournalismreview.org\\\/es\\\/?s={search_term_string}\"},\"query-input\":{\"@type\":\"PropertyValueSpecification\",\"valueRequired\":true,\"valueName\":\"search_term_string\"}}],\"inLanguage\":\"es\"},{\"@type\":\"Organization\",\"@id\":\"https:\\\/\\\/latamjournalismreview.org\\\/es\\\/#organization\",\"name\":\"LatAm Journalism Review\",\"url\":\"https:\\\/\\\/latamjournalismreview.org\\\/es\\\/\",\"logo\":{\"@type\":\"ImageObject\",\"inLanguage\":\"es\",\"@id\":\"https:\\\/\\\/latamjournalismreview.org\\\/es\\\/#\\\/schema\\\/logo\\\/image\\\/\",\"url\":\"https:\\\/\\\/latamjournalismreview.org\\\/wp-content\\\/uploads\\\/2020\\\/05\\\/knight-latAm-review-logo.svg\",\"contentUrl\":\"https:\\\/\\\/latamjournalismreview.org\\\/wp-content\\\/uploads\\\/2020\\\/05\\\/knight-latAm-review-logo.svg\",\"width\":\"1024\",\"height\":\"1024\",\"caption\":\"LatAm Journalism Review\"},\"image\":{\"@id\":\"https:\\\/\\\/latamjournalismreview.org\\\/es\\\/#\\\/schema\\\/logo\\\/image\\\/\"},\"sameAs\":[\"https:\\\/\\\/x.com\\\/LatAmJournalism\"]},{\"@type\":\"Person\",\"@id\":\"https:\\\/\\\/latamjournalismreview.org\\\/es\\\/#\\\/schema\\\/person\\\/b83a4912f05c8178389e917d8d51de03\",\"name\":\"Teresa Mioli\",\"description\":\"Teresa Mioli is the editorial manager for the Knight Center for Journalism in the Americas. She is interested in press freedom, democratization, and investigative journalism in Latin America and is dedicated to increasing awareness about the importance of independent news media to the health of democracies. She produces journalistic work with the aim of helping people to make informed decisions about their lives and societies and wants to make sure other journalists are able to do the same. She has Bachelors' degrees in Journalism and Plan II Honors (Liberal Arts) and a Master's degree in Latin American Studies, all from the University of Texas at Austin. She started her journalistic career at The Beaumont Enterprise in Southeast Texas where she last worked as a breaking news reporter. ______ Teresa Mioli es la directora editorial del Centro Knight para el Periodismo en las Am\u00e9ricas. Es una periodista con inter\u00e9s en la libertad de prensa, la democratizaci\u00f3n y el periodismo investigativo en Am\u00e9rica Latina y est\u00e1 dedicada a crear mayor consciencia sobre la importancia de los medios noticiosos independientes para la salud de las democracias. El objetivo de su trabajo period\u00edstico es ayudar las personas para que tomen decisiones informadas sobre sus vidas y sus sociedades, y busca que otros periodistas tengan la posibilidad de hacer lo mismo. Teresa tiene una licenciatura en Periodismo y Artes liberales (Plan II Honors), y una maestr\u00eda en Estudios Latinoamericanos, todos de la Universidad de Texas en Austin. Empez\u00f3 su carrera en periodismo en The Beaumont Enterprise al sureste de Texas, en donde recientemente trabaj\u00f3 como reportera de noticias de \u00faltima hora. Anteriormente ella fue la editora de LatAm Journalism Review del Centro Knight. ______ Teresa Mioli \u00e9 gerente editorial do Centro Knight para o Jornalismo nas Am\u00e9ricas. Ela se interessa por liberdade de imprensa, democratiza\u00e7\u00e3o e jornalismo investigativo na Am\u00e9rica Latina e se dedica a aumentar a conscientiza\u00e7\u00e3o sobre a import\u00e2ncia da m\u00eddia independente para a sa\u00fade das democracias. Ela produz trabalhos jornal\u00edsticos com o objetivo de ajudar as pessoas a tomarem decis\u00f5es informadas sobre suas vidas e sociedades e deseja garantir que outros jornalistas possam fazer o mesmo. Ela tem bacharelado em jornalismo e artes liberais e um mestrado em Estudos Latino-Americanos, todos pela Universidade do Texas em Austin. Ela come\u00e7ou sua carreira jornal\u00edstica na The Beaumont Enterprise no sudeste do Texas, onde trabalhou pela \u00faltima vez como rep\u00f3rter de not\u00edcias de \u00faltima hora.\",\"sameAs\":[\"https:\\\/\\\/x.com\\\/TeresaMioli\"],\"url\":\"https:\\\/\\\/latamjournalismreview.org\\\/es\\\/articles\\\/author\\\/teresa-mioli\\\/\"}]}<\/script>\n<!-- \/ Yoast SEO Premium plugin. -->","yoast_head_json":{"title":"Tribunal colombiano responsabiliza al Estado del asesinato de un periodista en 2013; crea precedente importante seg\u00fan FLIP - LatAm Journalism Review","description":"Tribunal colombiano responsabiliza al Estado del asesinato de un periodista en 2013; crea precedente importante seg\u00fan FLIP Violencia contra periodistas. Latin American Journalism Review by The Knight Center at The University of Texas at Austin.","robots":{"index":"index","follow":"follow","max-snippet":"max-snippet:-1","max-image-preview":"max-image-preview:large","max-video-preview":"max-video-preview:-1"},"canonical":"https:\/\/latamjournalismreview.org\/es\/articles\/tribunal-colombiano-responsabiliza-al-estado-del-asesinato-de-un-periodista-en-2013-crea-precedente-importante-segun-flip\/","og_locale":"es_ES","og_type":"article","og_title":"Tribunal colombiano responsabiliza al Estado del asesinato de un periodista en 2013; crea precedente importante seg\u00fan FLIP","og_description":"Tribunal colombiano responsabiliza al Estado del asesinato de un periodista en 2013; crea precedente importante seg\u00fan FLIP Violencia contra periodistas. Latin American Journalism Review by The Knight Center at The University of Texas at Austin.","og_url":"https:\/\/latamjournalismreview.org\/es\/articles\/tribunal-colombiano-responsabiliza-al-estado-del-asesinato-de-un-periodista-en-2013-crea-precedente-importante-segun-flip\/","og_site_name":"LatAm Journalism Review","article_published_time":"2018-08-02T03:27:24+00:00","article_modified_time":"2021-07-24T03:27:56+00:00","author":"Teresa Mioli","twitter_card":"summary_large_image","twitter_creator":"@TeresaMioli","twitter_site":"@LatAmJournalism","twitter_misc":{"Written by":"Teresa Mioli","Est. reading time":"2 minutos"},"schema":{"@context":"https:\/\/schema.org","@graph":[{"@type":"Article","@id":"https:\/\/latamjournalismreview.org\/es\/articles\/tribunal-colombiano-responsabiliza-al-estado-del-asesinato-de-un-periodista-en-2013-crea-precedente-importante-segun-flip\/#article","isPartOf":{"@id":"https:\/\/latamjournalismreview.org\/es\/articles\/tribunal-colombiano-responsabiliza-al-estado-del-asesinato-de-un-periodista-en-2013-crea-precedente-importante-segun-flip\/"},"author":{"name":"Teresa Mioli","@id":"https:\/\/latamjournalismreview.org\/es\/#\/schema\/person\/b83a4912f05c8178389e917d8d51de03"},"headline":"Tribunal colombiano responsabiliza al Estado del asesinato de un periodista en 2013; crea precedente importante seg\u00fan FLIP","datePublished":"2018-08-02T03:27:24+00:00","dateModified":"2021-07-24T03:27:56+00:00","mainEntityOfPage":{"@id":"https:\/\/latamjournalismreview.org\/es\/articles\/tribunal-colombiano-responsabiliza-al-estado-del-asesinato-de-un-periodista-en-2013-crea-precedente-importante-segun-flip\/"},"wordCount":407,"publisher":{"@id":"https:\/\/latamjournalismreview.org\/es\/#organization"},"keywords":["Colombia"],"articleSection":["Violencia contra periodistas"],"inLanguage":"es"},{"@type":"WebPage","@id":"https:\/\/latamjournalismreview.org\/es\/articles\/tribunal-colombiano-responsabiliza-al-estado-del-asesinato-de-un-periodista-en-2013-crea-precedente-importante-segun-flip\/","url":"https:\/\/latamjournalismreview.org\/es\/articles\/tribunal-colombiano-responsabiliza-al-estado-del-asesinato-de-un-periodista-en-2013-crea-precedente-importante-segun-flip\/","name":"Tribunal colombiano responsabiliza al Estado del asesinato de un periodista en 2013; crea precedente importante seg\u00fan FLIP - LatAm Journalism Review","isPartOf":{"@id":"https:\/\/latamjournalismreview.org\/es\/#website"},"datePublished":"2018-08-02T03:27:24+00:00","dateModified":"2021-07-24T03:27:56+00:00","description":"Tribunal colombiano responsabiliza al Estado del asesinato de un periodista en 2013; crea precedente importante seg\u00fan FLIP Violencia contra periodistas. Latin American Journalism Review by The Knight Center at The University of Texas at Austin.","breadcrumb":{"@id":"https:\/\/latamjournalismreview.org\/es\/articles\/tribunal-colombiano-responsabiliza-al-estado-del-asesinato-de-un-periodista-en-2013-crea-precedente-importante-segun-flip\/#breadcrumb"},"inLanguage":"es","potentialAction":[{"@type":"ReadAction","target":["https:\/\/latamjournalismreview.org\/es\/articles\/tribunal-colombiano-responsabiliza-al-estado-del-asesinato-de-un-periodista-en-2013-crea-precedente-importante-segun-flip\/"]}]},{"@type":"BreadcrumbList","@id":"https:\/\/latamjournalismreview.org\/es\/articles\/tribunal-colombiano-responsabiliza-al-estado-del-asesinato-de-un-periodista-en-2013-crea-precedente-importante-segun-flip\/#breadcrumb","itemListElement":[{"@type":"ListItem","position":1,"name":"Home","item":"https:\/\/latamjournalismreview.org\/es\/"},{"@type":"ListItem","position":2,"name":"Tribunal colombiano responsabiliza al Estado del asesinato de un periodista en 2013; crea precedente importante seg\u00fan FLIP"}]},{"@type":"WebSite","@id":"https:\/\/latamjournalismreview.org\/es\/#website","url":"https:\/\/latamjournalismreview.org\/es\/","name":"LatAm Journalism Review","description":"Knight Center at The University of Texas","publisher":{"@id":"https:\/\/latamjournalismreview.org\/es\/#organization"},"potentialAction":[{"@type":"SearchAction","target":{"@type":"EntryPoint","urlTemplate":"https:\/\/latamjournalismreview.org\/es\/?s={search_term_string}"},"query-input":{"@type":"PropertyValueSpecification","valueRequired":true,"valueName":"search_term_string"}}],"inLanguage":"es"},{"@type":"Organization","@id":"https:\/\/latamjournalismreview.org\/es\/#organization","name":"LatAm Journalism Review","url":"https:\/\/latamjournalismreview.org\/es\/","logo":{"@type":"ImageObject","inLanguage":"es","@id":"https:\/\/latamjournalismreview.org\/es\/#\/schema\/logo\/image\/","url":"https:\/\/latamjournalismreview.org\/wp-content\/uploads\/2020\/05\/knight-latAm-review-logo.svg","contentUrl":"https:\/\/latamjournalismreview.org\/wp-content\/uploads\/2020\/05\/knight-latAm-review-logo.svg","width":"1024","height":"1024","caption":"LatAm Journalism Review"},"image":{"@id":"https:\/\/latamjournalismreview.org\/es\/#\/schema\/logo\/image\/"},"sameAs":["https:\/\/x.com\/LatAmJournalism"]},{"@type":"Person","@id":"https:\/\/latamjournalismreview.org\/es\/#\/schema\/person\/b83a4912f05c8178389e917d8d51de03","name":"Teresa Mioli","description":"Teresa Mioli is the editorial manager for the Knight Center for Journalism in the Americas. She is interested in press freedom, democratization, and investigative journalism in Latin America and is dedicated to increasing awareness about the importance of independent news media to the health of democracies. She produces journalistic work with the aim of helping people to make informed decisions about their lives and societies and wants to make sure other journalists are able to do the same. She has Bachelors' degrees in Journalism and Plan II Honors (Liberal Arts) and a Master's degree in Latin American Studies, all from the University of Texas at Austin. She started her journalistic career at The Beaumont Enterprise in Southeast Texas where she last worked as a breaking news reporter. ______ Teresa Mioli es la directora editorial del Centro Knight para el Periodismo en las Am\u00e9ricas. Es una periodista con inter\u00e9s en la libertad de prensa, la democratizaci\u00f3n y el periodismo investigativo en Am\u00e9rica Latina y est\u00e1 dedicada a crear mayor consciencia sobre la importancia de los medios noticiosos independientes para la salud de las democracias. El objetivo de su trabajo period\u00edstico es ayudar las personas para que tomen decisiones informadas sobre sus vidas y sus sociedades, y busca que otros periodistas tengan la posibilidad de hacer lo mismo. Teresa tiene una licenciatura en Periodismo y Artes liberales (Plan II Honors), y una maestr\u00eda en Estudios Latinoamericanos, todos de la Universidad de Texas en Austin. Empez\u00f3 su carrera en periodismo en The Beaumont Enterprise al sureste de Texas, en donde recientemente trabaj\u00f3 como reportera de noticias de \u00faltima hora. Anteriormente ella fue la editora de LatAm Journalism Review del Centro Knight. ______ Teresa Mioli \u00e9 gerente editorial do Centro Knight para o Jornalismo nas Am\u00e9ricas. Ela se interessa por liberdade de imprensa, democratiza\u00e7\u00e3o e jornalismo investigativo na Am\u00e9rica Latina e se dedica a aumentar a conscientiza\u00e7\u00e3o sobre a import\u00e2ncia da m\u00eddia independente para a sa\u00fade das democracias. Ela produz trabalhos jornal\u00edsticos com o objetivo de ajudar as pessoas a tomarem decis\u00f5es informadas sobre suas vidas e sociedades e deseja garantir que outros jornalistas possam fazer o mesmo. Ela tem bacharelado em jornalismo e artes liberais e um mestrado em Estudos Latino-Americanos, todos pela Universidade do Texas em Austin. Ela come\u00e7ou sua carreira jornal\u00edstica na The Beaumont Enterprise no sudeste do Texas, onde trabalhou pela \u00faltima vez como rep\u00f3rter de not\u00edcias de \u00faltima hora.","sameAs":["https:\/\/x.com\/TeresaMioli"],"url":"https:\/\/latamjournalismreview.org\/es\/articles\/author\/teresa-mioli\/"}]}},"_links":{"self":[{"href":"https:\/\/latamjournalismreview.org\/es\/wp-json\/wp\/v2\/posts\/22796","targetHints":{"allow":["GET"]}}],"collection":[{"href":"https:\/\/latamjournalismreview.org\/es\/wp-json\/wp\/v2\/posts"}],"about":[{"href":"https:\/\/latamjournalismreview.org\/es\/wp-json\/wp\/v2\/types\/post"}],"author":[{"embeddable":true,"href":"https:\/\/latamjournalismreview.org\/es\/wp-json\/wp\/v2\/users\/3"}],"replies":[{"embeddable":true,"href":"https:\/\/latamjournalismreview.org\/es\/wp-json\/wp\/v2\/comments?post=22796"}],"version-history":[{"count":1,"href":"https:\/\/latamjournalismreview.org\/es\/wp-json\/wp\/v2\/posts\/22796\/revisions"}],"predecessor-version":[{"id":22797,"href":"https:\/\/latamjournalismreview.org\/es\/wp-json\/wp\/v2\/posts\/22796\/revisions\/22797"}],"wp:attachment":[{"href":"https:\/\/latamjournalismreview.org\/es\/wp-json\/wp\/v2\/media?parent=22796"}],"wp:term":[{"taxonomy":"category","embeddable":true,"href":"https:\/\/latamjournalismreview.org\/es\/wp-json\/wp\/v2\/categories?post=22796"},{"taxonomy":"post_tag","embeddable":true,"href":"https:\/\/latamjournalismreview.org\/es\/wp-json\/wp\/v2\/tags?post=22796"},{"taxonomy":"author","embeddable":true,"href":"https:\/\/latamjournalismreview.org\/es\/wp-json\/wp\/v2\/coauthors?post=22796"}],"curies":[{"name":"wp","href":"https:\/\/api.w.org\/{rel}","templated":true}]}}