{"id":23432,"date":"2011-08-06T12:09:01","date_gmt":"2011-08-06T17:09:01","guid":{"rendered":"https:\/\/latamjournalismreview.org\/?p=23432"},"modified":"2021-07-25T17:18:55","modified_gmt":"2021-07-25T22:18:55","slug":"reportera-de-michoacan-denuncia-arresto-ilegal","status":"publish","type":"post","link":"https:\/\/latamjournalismreview.org\/es\/articles\/reportera-de-michoacan-denuncia-arresto-ilegal\/","title":{"rendered":"Reportera de Michoac\u00e1n denuncia arresto ilegal"},"content":{"rendered":"<p>La periodista <a href=\"http:\/\/www.provincia.com.mx\/05-08-2011\/247727\/\">Yuri Galv\u00e1n Quesada, del peri\u00f3dico Provincia en Michoac\u00e1n, denunci\u00f3 haber sido arrestada ilegalmente<\/a> mientras investigaba la corrupci\u00f3n en un centro de salud de Morelia, la capital de este estado mexicano.<\/p>\n<p>Galv\u00e1n dijo que indagaba sobre el cobro de servicios del Seguro Popular, que por ley deben ser gratuitos, en el Centro de Salud \u201cDr. Juan Manuel Gonz\u00e1lez Ure\u00f1a\u201d, cuando el director del lugar llam\u00f3 a la patrulla y orden\u00f3 que la trasladaran a Barandillas (centro de detenci\u00f3n municipal).<\/p>\n<p>La periodista present\u00f3 el viernes 5 de agosto <a href=\"http:\/\/www.oem.com.mx\/elsoldemorelia\/notas\/n2175813.htm\">su queja ante la Comisi\u00f3n Estatal de Derechos Humanos (CEDH) por intimidaci\u00f3n, hostigamiento, detenci\u00f3n y retenci\u00f3n ilegal<\/a>, as\u00ed como empleo arbitrario de la fuerza p\u00fablica, abuso de poder y violaci\u00f3n a la libertad de expresi\u00f3n en contra de Gildardo Oropeza, director de este centro m[edico,de acuerdo con el peri\u00f3dico El Sol de Morelia.<\/p>\n<p>Seg\u00fan la versi\u00f3n de la periodista, Galv\u00e1n intent\u00f3 darle derecho de r\u00e9plica al funcionario responsable del centro m\u00e9dico quien reaccion\u00f3 con violencia. \u201cAl sentirse descubierto, me quiso humillar y mand\u00f3 llamar a una patrulla\u201d, declar\u00f3 a los medios locales.<\/p>\n<p><a href=\"http:\/\/www.conlupalarevista.com.mx\/index.php?option=com_content&amp;view=article&amp;id=16522:se-presenta-yuri-galvan-quesada-ante-cedh&amp;catid=56:locales-morelia&amp;Itemid=499\">Michoac\u00e1n ocupa el tercer lugar nacional en agravios contra periodistas<\/a> pues en 2010 se presentaron 10 quejas de este tipo, seg\u00fan datos de la Comisi\u00f3n Estatal de Derechos Humanos.<\/p>\n<p>Haga clic aqu\u00ed para ver <a href=\"http:\/\/maps.google.com\/maps\/ms?msid=207095479404881230850.00048e47871d1369ff3f9&amp;msa=0&amp;ll=22.998852,-101.90918&amp;spn=24.000636,39.506836\">el mapa de las agresiones contra periodistas en M\u00e9xico<\/a>.<\/p>\n","protected":false},"excerpt":{"rendered":"<p>La periodista Yuri Galv\u00e1n Quesada, del peri\u00f3dico Provincia en Michoac\u00e1n, denunci\u00f3 haber sido arrestada ilegalmente mientras investigaba la corrupci\u00f3n en un centro de salud de Morelia, la capital de este estado mexicano.<\/p>\n","protected":false},"author":40,"featured_media":0,"comment_status":"closed","ping_status":"closed","sticky":false,"template":"","format":"standard","meta":{"inline_featured_image":false,"footnotes":""},"categories":[1222],"tags":[1543,1440,1393],"coauthors":[],"class_list":["post-23432","post","type-post","status-publish","format-standard","hentry","category-violencia-contra-periodistas-es","tag-corrupcion-es","tag-detenciones-es","tag-mexico-es"],"acf":[],"yoast_head":"<!-- This site is optimized with the Yoast SEO Premium plugin v22.6 (Yoast SEO v27.4) - https:\/\/yoast.com\/product\/yoast-seo-premium-wordpress\/ -->\n<title>Reportera de Michoac\u00e1n denuncia arresto ilegal - LatAm Journalism Review<\/title>\n<meta name=\"description\" content=\"Reportera de Michoac\u00e1n denuncia arresto ilegal Violencia Contra Periodistas. Latin American Journalism Review by The Knight Center at The University of Texas at Austin.\" \/>\n<meta name=\"robots\" content=\"index, follow, max-snippet:-1, max-image-preview:large, max-video-preview:-1\" \/>\n<link rel=\"canonical\" href=\"https:\/\/latamjournalismreview.org\/es\/articles\/reportera-de-michoacan-denuncia-arresto-ilegal\/\" \/>\n<meta property=\"og:locale\" content=\"es_ES\" \/>\n<meta property=\"og:type\" content=\"article\" \/>\n<meta property=\"og:title\" content=\"Reportera de Michoac\u00e1n denuncia arresto ilegal\" \/>\n<meta property=\"og:description\" content=\"Reportera de Michoac\u00e1n denuncia arresto ilegal Violencia Contra Periodistas. Latin American Journalism Review by The Knight Center at The University of Texas at Austin.\" \/>\n<meta property=\"og:url\" content=\"https:\/\/latamjournalismreview.org\/es\/articles\/reportera-de-michoacan-denuncia-arresto-ilegal\/\" \/>\n<meta property=\"og:site_name\" content=\"LatAm Journalism Review\" \/>\n<meta property=\"article:published_time\" content=\"2011-08-06T17:09:01+00:00\" \/>\n<meta property=\"article:modified_time\" content=\"2021-07-25T22:18:55+00:00\" \/>\n<meta name=\"author\" content=\"Tania Lara\" \/>\n<meta name=\"twitter:card\" content=\"summary_large_image\" \/>\n<meta name=\"twitter:creator\" content=\"@LatAmJournalism\" \/>\n<meta name=\"twitter:site\" content=\"@LatAmJournalism\" \/>\n<meta name=\"twitter:label1\" content=\"Written by\" \/>\n\t<meta name=\"twitter:data1\" content=\"Tania Lara\" \/>\n\t<meta name=\"twitter:label2\" content=\"Est. reading time\" \/>\n\t<meta name=\"twitter:data2\" content=\"1 minuto\" \/>\n<script type=\"application\/ld+json\" class=\"yoast-schema-graph\">{\"@context\":\"https:\\\/\\\/schema.org\",\"@graph\":[{\"@type\":\"Article\",\"@id\":\"https:\\\/\\\/latamjournalismreview.org\\\/es\\\/articles\\\/reportera-de-michoacan-denuncia-arresto-ilegal\\\/#article\",\"isPartOf\":{\"@id\":\"https:\\\/\\\/latamjournalismreview.org\\\/es\\\/articles\\\/reportera-de-michoacan-denuncia-arresto-ilegal\\\/\"},\"author\":{\"name\":\"Tania Lara\",\"@id\":\"https:\\\/\\\/latamjournalismreview.org\\\/es\\\/#\\\/schema\\\/person\\\/51558925140f21242c6ed2d20b8260c5\"},\"headline\":\"Reportera de Michoac\u00e1n denuncia arresto ilegal\",\"datePublished\":\"2011-08-06T17:09:01+00:00\",\"dateModified\":\"2021-07-25T22:18:55+00:00\",\"mainEntityOfPage\":{\"@id\":\"https:\\\/\\\/latamjournalismreview.org\\\/es\\\/articles\\\/reportera-de-michoacan-denuncia-arresto-ilegal\\\/\"},\"wordCount\":254,\"publisher\":{\"@id\":\"https:\\\/\\\/latamjournalismreview.org\\\/es\\\/#organization\"},\"keywords\":[\"Corrupci\u00f3n\",\"Detenciones\",\"M\u00e9xico\"],\"articleSection\":[\"Violencia Contra Periodistas\"],\"inLanguage\":\"es\"},{\"@type\":\"WebPage\",\"@id\":\"https:\\\/\\\/latamjournalismreview.org\\\/es\\\/articles\\\/reportera-de-michoacan-denuncia-arresto-ilegal\\\/\",\"url\":\"https:\\\/\\\/latamjournalismreview.org\\\/es\\\/articles\\\/reportera-de-michoacan-denuncia-arresto-ilegal\\\/\",\"name\":\"Reportera de Michoac\u00e1n denuncia arresto ilegal - LatAm Journalism Review\",\"isPartOf\":{\"@id\":\"https:\\\/\\\/latamjournalismreview.org\\\/es\\\/#website\"},\"datePublished\":\"2011-08-06T17:09:01+00:00\",\"dateModified\":\"2021-07-25T22:18:55+00:00\",\"description\":\"Reportera de Michoac\u00e1n denuncia arresto ilegal Violencia Contra Periodistas. Latin American Journalism Review by The Knight Center at The University of Texas at Austin.\",\"breadcrumb\":{\"@id\":\"https:\\\/\\\/latamjournalismreview.org\\\/es\\\/articles\\\/reportera-de-michoacan-denuncia-arresto-ilegal\\\/#breadcrumb\"},\"inLanguage\":\"es\",\"potentialAction\":[{\"@type\":\"ReadAction\",\"target\":[\"https:\\\/\\\/latamjournalismreview.org\\\/es\\\/articles\\\/reportera-de-michoacan-denuncia-arresto-ilegal\\\/\"]}]},{\"@type\":\"BreadcrumbList\",\"@id\":\"https:\\\/\\\/latamjournalismreview.org\\\/es\\\/articles\\\/reportera-de-michoacan-denuncia-arresto-ilegal\\\/#breadcrumb\",\"itemListElement\":[{\"@type\":\"ListItem\",\"position\":1,\"name\":\"Home\",\"item\":\"https:\\\/\\\/latamjournalismreview.org\\\/es\\\/\"},{\"@type\":\"ListItem\",\"position\":2,\"name\":\"Reportera de Michoac\u00e1n denuncia arresto ilegal\"}]},{\"@type\":\"WebSite\",\"@id\":\"https:\\\/\\\/latamjournalismreview.org\\\/es\\\/#website\",\"url\":\"https:\\\/\\\/latamjournalismreview.org\\\/es\\\/\",\"name\":\"LatAm Journalism Review\",\"description\":\"Knight Center at The University of Texas\",\"publisher\":{\"@id\":\"https:\\\/\\\/latamjournalismreview.org\\\/es\\\/#organization\"},\"potentialAction\":[{\"@type\":\"SearchAction\",\"target\":{\"@type\":\"EntryPoint\",\"urlTemplate\":\"https:\\\/\\\/latamjournalismreview.org\\\/es\\\/?s={search_term_string}\"},\"query-input\":{\"@type\":\"PropertyValueSpecification\",\"valueRequired\":true,\"valueName\":\"search_term_string\"}}],\"inLanguage\":\"es\"},{\"@type\":\"Organization\",\"@id\":\"https:\\\/\\\/latamjournalismreview.org\\\/es\\\/#organization\",\"name\":\"LatAm Journalism Review\",\"url\":\"https:\\\/\\\/latamjournalismreview.org\\\/es\\\/\",\"logo\":{\"@type\":\"ImageObject\",\"inLanguage\":\"es\",\"@id\":\"https:\\\/\\\/latamjournalismreview.org\\\/es\\\/#\\\/schema\\\/logo\\\/image\\\/\",\"url\":\"https:\\\/\\\/latamjournalismreview.org\\\/wp-content\\\/uploads\\\/2020\\\/05\\\/knight-latAm-review-logo.svg\",\"contentUrl\":\"https:\\\/\\\/latamjournalismreview.org\\\/wp-content\\\/uploads\\\/2020\\\/05\\\/knight-latAm-review-logo.svg\",\"width\":\"1024\",\"height\":\"1024\",\"caption\":\"LatAm Journalism Review\"},\"image\":{\"@id\":\"https:\\\/\\\/latamjournalismreview.org\\\/es\\\/#\\\/schema\\\/logo\\\/image\\\/\"},\"sameAs\":[\"https:\\\/\\\/x.com\\\/LatAmJournalism\"]},{\"@type\":\"Person\",\"@id\":\"https:\\\/\\\/latamjournalismreview.org\\\/es\\\/#\\\/schema\\\/person\\\/51558925140f21242c6ed2d20b8260c5\",\"name\":\"Tania Lara\",\"url\":\"https:\\\/\\\/latamjournalismreview.org\\\/es\\\/articles\\\/author\\\/tania-lara\\\/\"}]}<\/script>\n<!-- \/ Yoast SEO Premium plugin. -->","yoast_head_json":{"title":"Reportera de Michoac\u00e1n denuncia arresto ilegal - LatAm Journalism Review","description":"Reportera de Michoac\u00e1n denuncia arresto ilegal Violencia Contra Periodistas. Latin American Journalism Review by The Knight Center at The University of Texas at Austin.","robots":{"index":"index","follow":"follow","max-snippet":"max-snippet:-1","max-image-preview":"max-image-preview:large","max-video-preview":"max-video-preview:-1"},"canonical":"https:\/\/latamjournalismreview.org\/es\/articles\/reportera-de-michoacan-denuncia-arresto-ilegal\/","og_locale":"es_ES","og_type":"article","og_title":"Reportera de Michoac\u00e1n denuncia arresto ilegal","og_description":"Reportera de Michoac\u00e1n denuncia arresto ilegal Violencia Contra Periodistas. Latin American Journalism Review by The Knight Center at The University of Texas at Austin.","og_url":"https:\/\/latamjournalismreview.org\/es\/articles\/reportera-de-michoacan-denuncia-arresto-ilegal\/","og_site_name":"LatAm Journalism Review","article_published_time":"2011-08-06T17:09:01+00:00","article_modified_time":"2021-07-25T22:18:55+00:00","author":"Tania Lara","twitter_card":"summary_large_image","twitter_creator":"@LatAmJournalism","twitter_site":"@LatAmJournalism","twitter_misc":{"Written by":"Tania Lara","Est. reading time":"1 minuto"},"schema":{"@context":"https:\/\/schema.org","@graph":[{"@type":"Article","@id":"https:\/\/latamjournalismreview.org\/es\/articles\/reportera-de-michoacan-denuncia-arresto-ilegal\/#article","isPartOf":{"@id":"https:\/\/latamjournalismreview.org\/es\/articles\/reportera-de-michoacan-denuncia-arresto-ilegal\/"},"author":{"name":"Tania Lara","@id":"https:\/\/latamjournalismreview.org\/es\/#\/schema\/person\/51558925140f21242c6ed2d20b8260c5"},"headline":"Reportera de Michoac\u00e1n denuncia arresto ilegal","datePublished":"2011-08-06T17:09:01+00:00","dateModified":"2021-07-25T22:18:55+00:00","mainEntityOfPage":{"@id":"https:\/\/latamjournalismreview.org\/es\/articles\/reportera-de-michoacan-denuncia-arresto-ilegal\/"},"wordCount":254,"publisher":{"@id":"https:\/\/latamjournalismreview.org\/es\/#organization"},"keywords":["Corrupci\u00f3n","Detenciones","M\u00e9xico"],"articleSection":["Violencia Contra Periodistas"],"inLanguage":"es"},{"@type":"WebPage","@id":"https:\/\/latamjournalismreview.org\/es\/articles\/reportera-de-michoacan-denuncia-arresto-ilegal\/","url":"https:\/\/latamjournalismreview.org\/es\/articles\/reportera-de-michoacan-denuncia-arresto-ilegal\/","name":"Reportera de Michoac\u00e1n denuncia arresto ilegal - LatAm Journalism Review","isPartOf":{"@id":"https:\/\/latamjournalismreview.org\/es\/#website"},"datePublished":"2011-08-06T17:09:01+00:00","dateModified":"2021-07-25T22:18:55+00:00","description":"Reportera de Michoac\u00e1n denuncia arresto ilegal Violencia Contra Periodistas. Latin American Journalism Review by The Knight Center at The University of Texas at Austin.","breadcrumb":{"@id":"https:\/\/latamjournalismreview.org\/es\/articles\/reportera-de-michoacan-denuncia-arresto-ilegal\/#breadcrumb"},"inLanguage":"es","potentialAction":[{"@type":"ReadAction","target":["https:\/\/latamjournalismreview.org\/es\/articles\/reportera-de-michoacan-denuncia-arresto-ilegal\/"]}]},{"@type":"BreadcrumbList","@id":"https:\/\/latamjournalismreview.org\/es\/articles\/reportera-de-michoacan-denuncia-arresto-ilegal\/#breadcrumb","itemListElement":[{"@type":"ListItem","position":1,"name":"Home","item":"https:\/\/latamjournalismreview.org\/es\/"},{"@type":"ListItem","position":2,"name":"Reportera de Michoac\u00e1n denuncia arresto ilegal"}]},{"@type":"WebSite","@id":"https:\/\/latamjournalismreview.org\/es\/#website","url":"https:\/\/latamjournalismreview.org\/es\/","name":"LatAm Journalism Review","description":"Knight Center at The University of Texas","publisher":{"@id":"https:\/\/latamjournalismreview.org\/es\/#organization"},"potentialAction":[{"@type":"SearchAction","target":{"@type":"EntryPoint","urlTemplate":"https:\/\/latamjournalismreview.org\/es\/?s={search_term_string}"},"query-input":{"@type":"PropertyValueSpecification","valueRequired":true,"valueName":"search_term_string"}}],"inLanguage":"es"},{"@type":"Organization","@id":"https:\/\/latamjournalismreview.org\/es\/#organization","name":"LatAm Journalism Review","url":"https:\/\/latamjournalismreview.org\/es\/","logo":{"@type":"ImageObject","inLanguage":"es","@id":"https:\/\/latamjournalismreview.org\/es\/#\/schema\/logo\/image\/","url":"https:\/\/latamjournalismreview.org\/wp-content\/uploads\/2020\/05\/knight-latAm-review-logo.svg","contentUrl":"https:\/\/latamjournalismreview.org\/wp-content\/uploads\/2020\/05\/knight-latAm-review-logo.svg","width":"1024","height":"1024","caption":"LatAm Journalism Review"},"image":{"@id":"https:\/\/latamjournalismreview.org\/es\/#\/schema\/logo\/image\/"},"sameAs":["https:\/\/x.com\/LatAmJournalism"]},{"@type":"Person","@id":"https:\/\/latamjournalismreview.org\/es\/#\/schema\/person\/51558925140f21242c6ed2d20b8260c5","name":"Tania Lara","url":"https:\/\/latamjournalismreview.org\/es\/articles\/author\/tania-lara\/"}]}},"_links":{"self":[{"href":"https:\/\/latamjournalismreview.org\/es\/wp-json\/wp\/v2\/posts\/23432","targetHints":{"allow":["GET"]}}],"collection":[{"href":"https:\/\/latamjournalismreview.org\/es\/wp-json\/wp\/v2\/posts"}],"about":[{"href":"https:\/\/latamjournalismreview.org\/es\/wp-json\/wp\/v2\/types\/post"}],"author":[{"embeddable":true,"href":"https:\/\/latamjournalismreview.org\/es\/wp-json\/wp\/v2\/users\/40"}],"replies":[{"embeddable":true,"href":"https:\/\/latamjournalismreview.org\/es\/wp-json\/wp\/v2\/comments?post=23432"}],"version-history":[{"count":1,"href":"https:\/\/latamjournalismreview.org\/es\/wp-json\/wp\/v2\/posts\/23432\/revisions"}],"predecessor-version":[{"id":23433,"href":"https:\/\/latamjournalismreview.org\/es\/wp-json\/wp\/v2\/posts\/23432\/revisions\/23433"}],"wp:attachment":[{"href":"https:\/\/latamjournalismreview.org\/es\/wp-json\/wp\/v2\/media?parent=23432"}],"wp:term":[{"taxonomy":"category","embeddable":true,"href":"https:\/\/latamjournalismreview.org\/es\/wp-json\/wp\/v2\/categories?post=23432"},{"taxonomy":"post_tag","embeddable":true,"href":"https:\/\/latamjournalismreview.org\/es\/wp-json\/wp\/v2\/tags?post=23432"},{"taxonomy":"author","embeddable":true,"href":"https:\/\/latamjournalismreview.org\/es\/wp-json\/wp\/v2\/coauthors?post=23432"}],"curies":[{"name":"wp","href":"https:\/\/api.w.org\/{rel}","templated":true}]}}