{"id":23446,"date":"2011-08-08T10:34:03","date_gmt":"2011-08-08T15:34:03","guid":{"rendered":"https:\/\/latamjournalismreview.org\/?p=23446"},"modified":"2021-07-25T17:26:46","modified_gmt":"2021-07-25T22:26:46","slug":"periodista-brasileno-es-asesinado-durante-asalto","status":"publish","type":"post","link":"https:\/\/latamjournalismreview.org\/es\/articles\/periodista-brasileno-es-asesinado-durante-asalto\/","title":{"rendered":"Periodista brasile\u00f1o es asesinado durante asalto"},"content":{"rendered":"<p><a href=\"http:\/\/www1.folha.uol.com.br\/cotidiano\/955620-jornalista-e-morto-em-assalto-a-supermercado-na-zona-norte-de-sp.shtml\">El periodista de Gazeta Esportiva.net Walter Pimentel muri\u00f3 de un tiro en la cabeza<\/a> durante un asalto a un supermercado en S\u00e3o Paulo, inform\u00f3 Folha.com.<\/p>\n<p>Seg\u00fan testigos, cuatro encapuchados entraron al supermercado para robar las cajas. Pimentel, de 43 a\u00f1os, sal\u00eda del lugar cuando dos de los delincuentes lo tomaron de los brazos, lo obligaron a arrodillarse y le dispararon, detall\u00f3 el diario Estado de S\u00e3o Paulo. <a href=\"http:\/\/www.estadao.com.br\/noticias\/impresso,ladroes-matam-jornalista-da-tv-gazeta,755228,0.htm\">La v\u00edctima habr\u00eda sido confundida con un guardia de seguridad<\/a>.<\/p>\n<p>Aunque el periodista logr\u00f3 ser trasladado a un hospital, no sobrevivi\u00f3. <a href=\"http:\/\/g1.globo.com\/sao-paulo\/noticia\/2011\/08\/corpo-de-jornalista-vitima-de-latrocinio-e-enterrado-em-sp.html\">Su funeral fue realizado el domingo 7 de agosto<\/a>.<\/p>\n<p>Seg\u00fan Gazeta Esportiva, <a href=\"http:\/\/www.gazetaesportiva.net\/noticia\/2011\/08\/bastidores\/walter-pimentel-jornalista-da-gazeta-esportiva-e-assassinado.html\">no hay detalles sobre los responsables del crimen<\/a>, pero la polic\u00eda espera <a href=\"http:\/\/ultimosegundo.ig.com.br\/brasil\/sp\/corpo+de+jornalista+da+tv+gazeta+e+enterrado+em+sao+paulo\/n1597122962304.html\">identificar a los asesinos a partir de la c\u00e1maras de seguridad<\/a> del supermercado, a\u00f1adi\u00f3 \u00daltimo Segundo.<\/p>\n","protected":false},"excerpt":{"rendered":"<p>El periodista de Gazeta Esportiva.net Walter Pimentel muri\u00f3 de un tiro en la cabeza durante un asalto a un supermercado en S\u00e3o Paulo, inform\u00f3 Folha.com.<\/p>\n","protected":false},"author":42,"featured_media":0,"comment_status":"closed","ping_status":"closed","sticky":false,"template":"","format":"standard","meta":{"inline_featured_image":false,"footnotes":""},"categories":[1222],"tags":[1479],"coauthors":[],"class_list":["post-23446","post","type-post","status-publish","format-standard","hentry","category-violencia-contra-periodistas-es","tag-asesinato-de-periodistas-es"],"acf":[],"yoast_head":"<!-- This site is optimized with the Yoast SEO Premium plugin v22.6 (Yoast SEO v27.4) - https:\/\/yoast.com\/product\/yoast-seo-premium-wordpress\/ -->\n<title>Periodista brasile\u00f1o es asesinado durante asalto - LatAm Journalism Review<\/title>\n<meta name=\"description\" content=\"Periodista brasile\u00f1o es asesinado durante asalto Violencia contra periodistas. Latin American Journalism Review by The Knight Center at The University of Texas at Austin.\" \/>\n<meta name=\"robots\" content=\"index, follow, max-snippet:-1, max-image-preview:large, max-video-preview:-1\" \/>\n<link rel=\"canonical\" href=\"https:\/\/latamjournalismreview.org\/es\/articles\/periodista-brasileno-es-asesinado-durante-asalto\/\" \/>\n<meta property=\"og:locale\" content=\"es_ES\" \/>\n<meta property=\"og:type\" content=\"article\" \/>\n<meta property=\"og:title\" content=\"Periodista brasile\u00f1o es asesinado durante asalto\" \/>\n<meta property=\"og:description\" content=\"Periodista brasile\u00f1o es asesinado durante asalto Violencia contra periodistas. Latin American Journalism Review by The Knight Center at The University of Texas at Austin.\" \/>\n<meta property=\"og:url\" content=\"https:\/\/latamjournalismreview.org\/es\/articles\/periodista-brasileno-es-asesinado-durante-asalto\/\" \/>\n<meta property=\"og:site_name\" content=\"LatAm Journalism Review\" \/>\n<meta property=\"article:published_time\" content=\"2011-08-08T15:34:03+00:00\" \/>\n<meta property=\"article:modified_time\" content=\"2021-07-25T22:26:46+00:00\" \/>\n<meta name=\"author\" content=\"Natalia Mazotte\" \/>\n<meta name=\"twitter:card\" content=\"summary_large_image\" \/>\n<meta name=\"twitter:creator\" content=\"@LatAmJournalism\" \/>\n<meta name=\"twitter:site\" content=\"@LatAmJournalism\" \/>\n<meta name=\"twitter:label1\" content=\"Written by\" \/>\n\t<meta name=\"twitter:data1\" content=\"Natalia Mazotte\" \/>\n\t<meta name=\"twitter:label2\" content=\"Est. reading time\" \/>\n\t<meta name=\"twitter:data2\" content=\"1 minuto\" \/>\n<script type=\"application\/ld+json\" class=\"yoast-schema-graph\">{\"@context\":\"https:\\\/\\\/schema.org\",\"@graph\":[{\"@type\":\"Article\",\"@id\":\"https:\\\/\\\/latamjournalismreview.org\\\/es\\\/articles\\\/periodista-brasileno-es-asesinado-durante-asalto\\\/#article\",\"isPartOf\":{\"@id\":\"https:\\\/\\\/latamjournalismreview.org\\\/es\\\/articles\\\/periodista-brasileno-es-asesinado-durante-asalto\\\/\"},\"author\":{\"name\":\"Natalia Mazotte\",\"@id\":\"https:\\\/\\\/latamjournalismreview.org\\\/es\\\/#\\\/schema\\\/person\\\/747457e530d741a9d192f00c32c7f884\"},\"headline\":\"Periodista brasile\u00f1o es asesinado durante asalto\",\"datePublished\":\"2011-08-08T15:34:03+00:00\",\"dateModified\":\"2021-07-25T22:26:46+00:00\",\"mainEntityOfPage\":{\"@id\":\"https:\\\/\\\/latamjournalismreview.org\\\/es\\\/articles\\\/periodista-brasileno-es-asesinado-durante-asalto\\\/\"},\"wordCount\":146,\"publisher\":{\"@id\":\"https:\\\/\\\/latamjournalismreview.org\\\/es\\\/#organization\"},\"keywords\":[\"Asesinato de periodista\"],\"articleSection\":[\"Violencia contra periodistas\"],\"inLanguage\":\"es\"},{\"@type\":\"WebPage\",\"@id\":\"https:\\\/\\\/latamjournalismreview.org\\\/es\\\/articles\\\/periodista-brasileno-es-asesinado-durante-asalto\\\/\",\"url\":\"https:\\\/\\\/latamjournalismreview.org\\\/es\\\/articles\\\/periodista-brasileno-es-asesinado-durante-asalto\\\/\",\"name\":\"Periodista brasile\u00f1o es asesinado durante asalto - LatAm Journalism Review\",\"isPartOf\":{\"@id\":\"https:\\\/\\\/latamjournalismreview.org\\\/es\\\/#website\"},\"datePublished\":\"2011-08-08T15:34:03+00:00\",\"dateModified\":\"2021-07-25T22:26:46+00:00\",\"description\":\"Periodista brasile\u00f1o es asesinado durante asalto Violencia contra periodistas. Latin American Journalism Review by The Knight Center at The University of Texas at Austin.\",\"breadcrumb\":{\"@id\":\"https:\\\/\\\/latamjournalismreview.org\\\/es\\\/articles\\\/periodista-brasileno-es-asesinado-durante-asalto\\\/#breadcrumb\"},\"inLanguage\":\"es\",\"potentialAction\":[{\"@type\":\"ReadAction\",\"target\":[\"https:\\\/\\\/latamjournalismreview.org\\\/es\\\/articles\\\/periodista-brasileno-es-asesinado-durante-asalto\\\/\"]}]},{\"@type\":\"BreadcrumbList\",\"@id\":\"https:\\\/\\\/latamjournalismreview.org\\\/es\\\/articles\\\/periodista-brasileno-es-asesinado-durante-asalto\\\/#breadcrumb\",\"itemListElement\":[{\"@type\":\"ListItem\",\"position\":1,\"name\":\"Home\",\"item\":\"https:\\\/\\\/latamjournalismreview.org\\\/es\\\/\"},{\"@type\":\"ListItem\",\"position\":2,\"name\":\"Periodista brasile\u00f1o es asesinado durante asalto\"}]},{\"@type\":\"WebSite\",\"@id\":\"https:\\\/\\\/latamjournalismreview.org\\\/es\\\/#website\",\"url\":\"https:\\\/\\\/latamjournalismreview.org\\\/es\\\/\",\"name\":\"LatAm Journalism Review\",\"description\":\"Knight Center at The University of Texas\",\"publisher\":{\"@id\":\"https:\\\/\\\/latamjournalismreview.org\\\/es\\\/#organization\"},\"potentialAction\":[{\"@type\":\"SearchAction\",\"target\":{\"@type\":\"EntryPoint\",\"urlTemplate\":\"https:\\\/\\\/latamjournalismreview.org\\\/es\\\/?s={search_term_string}\"},\"query-input\":{\"@type\":\"PropertyValueSpecification\",\"valueRequired\":true,\"valueName\":\"search_term_string\"}}],\"inLanguage\":\"es\"},{\"@type\":\"Organization\",\"@id\":\"https:\\\/\\\/latamjournalismreview.org\\\/es\\\/#organization\",\"name\":\"LatAm Journalism Review\",\"url\":\"https:\\\/\\\/latamjournalismreview.org\\\/es\\\/\",\"logo\":{\"@type\":\"ImageObject\",\"inLanguage\":\"es\",\"@id\":\"https:\\\/\\\/latamjournalismreview.org\\\/es\\\/#\\\/schema\\\/logo\\\/image\\\/\",\"url\":\"https:\\\/\\\/latamjournalismreview.org\\\/wp-content\\\/uploads\\\/2020\\\/05\\\/knight-latAm-review-logo.svg\",\"contentUrl\":\"https:\\\/\\\/latamjournalismreview.org\\\/wp-content\\\/uploads\\\/2020\\\/05\\\/knight-latAm-review-logo.svg\",\"width\":\"1024\",\"height\":\"1024\",\"caption\":\"LatAm Journalism Review\"},\"image\":{\"@id\":\"https:\\\/\\\/latamjournalismreview.org\\\/es\\\/#\\\/schema\\\/logo\\\/image\\\/\"},\"sameAs\":[\"https:\\\/\\\/x.com\\\/LatAmJournalism\"]},{\"@type\":\"Person\",\"@id\":\"https:\\\/\\\/latamjournalismreview.org\\\/es\\\/#\\\/schema\\\/person\\\/747457e530d741a9d192f00c32c7f884\",\"name\":\"Natalia Mazotte\",\"url\":\"https:\\\/\\\/latamjournalismreview.org\\\/es\\\/articles\\\/author\\\/natalia-mazotte\\\/\"}]}<\/script>\n<!-- \/ Yoast SEO Premium plugin. -->","yoast_head_json":{"title":"Periodista brasile\u00f1o es asesinado durante asalto - LatAm Journalism Review","description":"Periodista brasile\u00f1o es asesinado durante asalto Violencia contra periodistas. Latin American Journalism Review by The Knight Center at The University of Texas at Austin.","robots":{"index":"index","follow":"follow","max-snippet":"max-snippet:-1","max-image-preview":"max-image-preview:large","max-video-preview":"max-video-preview:-1"},"canonical":"https:\/\/latamjournalismreview.org\/es\/articles\/periodista-brasileno-es-asesinado-durante-asalto\/","og_locale":"es_ES","og_type":"article","og_title":"Periodista brasile\u00f1o es asesinado durante asalto","og_description":"Periodista brasile\u00f1o es asesinado durante asalto Violencia contra periodistas. Latin American Journalism Review by The Knight Center at The University of Texas at Austin.","og_url":"https:\/\/latamjournalismreview.org\/es\/articles\/periodista-brasileno-es-asesinado-durante-asalto\/","og_site_name":"LatAm Journalism Review","article_published_time":"2011-08-08T15:34:03+00:00","article_modified_time":"2021-07-25T22:26:46+00:00","author":"Natalia Mazotte","twitter_card":"summary_large_image","twitter_creator":"@LatAmJournalism","twitter_site":"@LatAmJournalism","twitter_misc":{"Written by":"Natalia Mazotte","Est. reading time":"1 minuto"},"schema":{"@context":"https:\/\/schema.org","@graph":[{"@type":"Article","@id":"https:\/\/latamjournalismreview.org\/es\/articles\/periodista-brasileno-es-asesinado-durante-asalto\/#article","isPartOf":{"@id":"https:\/\/latamjournalismreview.org\/es\/articles\/periodista-brasileno-es-asesinado-durante-asalto\/"},"author":{"name":"Natalia Mazotte","@id":"https:\/\/latamjournalismreview.org\/es\/#\/schema\/person\/747457e530d741a9d192f00c32c7f884"},"headline":"Periodista brasile\u00f1o es asesinado durante asalto","datePublished":"2011-08-08T15:34:03+00:00","dateModified":"2021-07-25T22:26:46+00:00","mainEntityOfPage":{"@id":"https:\/\/latamjournalismreview.org\/es\/articles\/periodista-brasileno-es-asesinado-durante-asalto\/"},"wordCount":146,"publisher":{"@id":"https:\/\/latamjournalismreview.org\/es\/#organization"},"keywords":["Asesinato de periodista"],"articleSection":["Violencia contra periodistas"],"inLanguage":"es"},{"@type":"WebPage","@id":"https:\/\/latamjournalismreview.org\/es\/articles\/periodista-brasileno-es-asesinado-durante-asalto\/","url":"https:\/\/latamjournalismreview.org\/es\/articles\/periodista-brasileno-es-asesinado-durante-asalto\/","name":"Periodista brasile\u00f1o es asesinado durante asalto - LatAm Journalism Review","isPartOf":{"@id":"https:\/\/latamjournalismreview.org\/es\/#website"},"datePublished":"2011-08-08T15:34:03+00:00","dateModified":"2021-07-25T22:26:46+00:00","description":"Periodista brasile\u00f1o es asesinado durante asalto Violencia contra periodistas. Latin American Journalism Review by The Knight Center at The University of Texas at Austin.","breadcrumb":{"@id":"https:\/\/latamjournalismreview.org\/es\/articles\/periodista-brasileno-es-asesinado-durante-asalto\/#breadcrumb"},"inLanguage":"es","potentialAction":[{"@type":"ReadAction","target":["https:\/\/latamjournalismreview.org\/es\/articles\/periodista-brasileno-es-asesinado-durante-asalto\/"]}]},{"@type":"BreadcrumbList","@id":"https:\/\/latamjournalismreview.org\/es\/articles\/periodista-brasileno-es-asesinado-durante-asalto\/#breadcrumb","itemListElement":[{"@type":"ListItem","position":1,"name":"Home","item":"https:\/\/latamjournalismreview.org\/es\/"},{"@type":"ListItem","position":2,"name":"Periodista brasile\u00f1o es asesinado durante asalto"}]},{"@type":"WebSite","@id":"https:\/\/latamjournalismreview.org\/es\/#website","url":"https:\/\/latamjournalismreview.org\/es\/","name":"LatAm Journalism Review","description":"Knight Center at The University of Texas","publisher":{"@id":"https:\/\/latamjournalismreview.org\/es\/#organization"},"potentialAction":[{"@type":"SearchAction","target":{"@type":"EntryPoint","urlTemplate":"https:\/\/latamjournalismreview.org\/es\/?s={search_term_string}"},"query-input":{"@type":"PropertyValueSpecification","valueRequired":true,"valueName":"search_term_string"}}],"inLanguage":"es"},{"@type":"Organization","@id":"https:\/\/latamjournalismreview.org\/es\/#organization","name":"LatAm Journalism Review","url":"https:\/\/latamjournalismreview.org\/es\/","logo":{"@type":"ImageObject","inLanguage":"es","@id":"https:\/\/latamjournalismreview.org\/es\/#\/schema\/logo\/image\/","url":"https:\/\/latamjournalismreview.org\/wp-content\/uploads\/2020\/05\/knight-latAm-review-logo.svg","contentUrl":"https:\/\/latamjournalismreview.org\/wp-content\/uploads\/2020\/05\/knight-latAm-review-logo.svg","width":"1024","height":"1024","caption":"LatAm Journalism Review"},"image":{"@id":"https:\/\/latamjournalismreview.org\/es\/#\/schema\/logo\/image\/"},"sameAs":["https:\/\/x.com\/LatAmJournalism"]},{"@type":"Person","@id":"https:\/\/latamjournalismreview.org\/es\/#\/schema\/person\/747457e530d741a9d192f00c32c7f884","name":"Natalia Mazotte","url":"https:\/\/latamjournalismreview.org\/es\/articles\/author\/natalia-mazotte\/"}]}},"_links":{"self":[{"href":"https:\/\/latamjournalismreview.org\/es\/wp-json\/wp\/v2\/posts\/23446","targetHints":{"allow":["GET"]}}],"collection":[{"href":"https:\/\/latamjournalismreview.org\/es\/wp-json\/wp\/v2\/posts"}],"about":[{"href":"https:\/\/latamjournalismreview.org\/es\/wp-json\/wp\/v2\/types\/post"}],"author":[{"embeddable":true,"href":"https:\/\/latamjournalismreview.org\/es\/wp-json\/wp\/v2\/users\/42"}],"replies":[{"embeddable":true,"href":"https:\/\/latamjournalismreview.org\/es\/wp-json\/wp\/v2\/comments?post=23446"}],"version-history":[{"count":1,"href":"https:\/\/latamjournalismreview.org\/es\/wp-json\/wp\/v2\/posts\/23446\/revisions"}],"predecessor-version":[{"id":23447,"href":"https:\/\/latamjournalismreview.org\/es\/wp-json\/wp\/v2\/posts\/23446\/revisions\/23447"}],"wp:attachment":[{"href":"https:\/\/latamjournalismreview.org\/es\/wp-json\/wp\/v2\/media?parent=23446"}],"wp:term":[{"taxonomy":"category","embeddable":true,"href":"https:\/\/latamjournalismreview.org\/es\/wp-json\/wp\/v2\/categories?post=23446"},{"taxonomy":"post_tag","embeddable":true,"href":"https:\/\/latamjournalismreview.org\/es\/wp-json\/wp\/v2\/tags?post=23446"},{"taxonomy":"author","embeddable":true,"href":"https:\/\/latamjournalismreview.org\/es\/wp-json\/wp\/v2\/coauthors?post=23446"}],"curies":[{"name":"wp","href":"https:\/\/api.w.org\/{rel}","templated":true}]}}