{"id":23761,"date":"2011-10-13T23:14:36","date_gmt":"2011-10-14T04:14:36","guid":{"rendered":"https:\/\/latamjournalismreview.org\/?p=23761"},"modified":"2021-07-25T23:15:54","modified_gmt":"2021-07-26T04:15:54","slug":"segundo-periodista-en-una-semana-que-sufre-atentado-en-brasil","status":"publish","type":"post","link":"https:\/\/latamjournalismreview.org\/es\/articles\/segundo-periodista-en-una-semana-que-sufre-atentado-en-brasil\/","title":{"rendered":"Segundo periodista en una semana que sufre atentado en Brasil"},"content":{"rendered":"<p>La noche del 3 de octubre, el\u00a0<a href=\"http:\/\/www.cearaagora.com\/noticias\/policial\/radialista-de-russas-sofre-atentado-na-noite-desta-segunda-feira\" target=\"_blank\" rel=\"noopener\">periodista Francisco Cidimar Ferreira Sombra sufri\u00f3 un atentado<\/a>\u00a0cuando su casa, en la ciudad de Russas, interior del estado de Cear\u00e1, fue blanco de un tiroteo, inform\u00f3 el diario Cear\u00e1 Agora. Los disparos por poco impactan la hamaca donde dorm\u00eda el hijo del comunicador.<\/p>\n<p>Este ya es el segundo ataque al profesionales de la prensa brasile\u00f1a en tan s\u00f3lo una semana. El d\u00eda 5 de octubre,\u00a0<a href=\"http:\/\/knightcenter.utexas.edu\/pt-br\/blog\/jornalista-policial-tem-carro-baleado-em-atentado-no-parana\" target=\"_blank\" rel=\"noopener\">el carro del periodista policial S\u00e9rgio Ricardo de Almeida da Luz fue alcanzado por seis tiros<\/a>\u00a0en frente de su casa.<\/p>\n<p>Cid Ferreira, como es conocido en la regi\u00f3n, es el presentador de programas de corte social y pol\u00edtico en la radio comunitaria Araib\u00fa FM. La posibilidad de que el atentado haya sido una\u00a0<a href=\"http:\/\/cratonoticias.wordpress.com\/2011\/10\/05\/radialista-sofre-atentado-a-bala-em-russas\/\" target=\"_blank\" rel=\"noopener\">represalia por el contenido transmitido en sus programas<\/a>\u00a0no est\u00e1 descartada, seg\u00fan el blog Crato Not\u00edcias.<\/p>\n<p>En su testimonio ante el delegado de Russas, Luciano Barretos, el periodista dijo no saber qui\u00e9n cometi\u00f3 el atentado y\u00a0<a href=\"http:\/\/www.opovo.com.br\/app\/opovo\/fortaleza\/2011\/10\/05\/noticiafortalezajornal,2310205\/radialista-sofre-atentado.shtml\" target=\"_blank\" rel=\"noopener\">declar\u00f3 nunca haber sufrido amenazas<\/a>, observ\u00f3 el diario O Povo. \"\u00c9l es muy querido en el municipio y su programa es el de mayor audiencia\", relat\u00f3 el delegado. La Pol\u00edcia Civil en Russas realiz\u00f3 pericias en la casa del periodista y prosigui\u00f3 con las investigaciones para elucidar el ataque.<\/p>\n","protected":false},"excerpt":{"rendered":"<p>La noche del 3 de octubre, el\u00a0periodista Francisco Cidimar Ferreira Sombra sufri\u00f3 un atentado\u00a0cuando su casa, en la ciudad de Russas, interior del estado de Cear\u00e1, fue blanco de un tiroteo, inform\u00f3 el diario Cear\u00e1 Agora. Los disparos por poco impactan la hamaca donde dorm\u00eda el hijo del comunicador.<\/p>\n","protected":false},"author":42,"featured_media":0,"comment_status":"closed","ping_status":"closed","sticky":false,"template":"","format":"standard","meta":{"inline_featured_image":false,"footnotes":""},"categories":[1222],"tags":[1522],"coauthors":[],"class_list":["post-23761","post","type-post","status-publish","format-standard","hentry","category-violencia-contra-periodistas-es","tag-amenazas-contra-periodistas-es"],"acf":[],"yoast_head":"<!-- This site is optimized with the Yoast SEO Premium plugin v22.6 (Yoast SEO v27.4) - https:\/\/yoast.com\/product\/yoast-seo-premium-wordpress\/ -->\n<title>Segundo periodista en una semana que sufre atentado en Brasil - LatAm Journalism Review<\/title>\n<meta name=\"description\" content=\"Segundo periodista en una semana que sufre atentado en Brasil Violencia contra periodistas. Latin American Journalism Review by The Knight Center at The University of Texas at Austin.\" \/>\n<meta name=\"robots\" content=\"index, follow, max-snippet:-1, max-image-preview:large, max-video-preview:-1\" \/>\n<link rel=\"canonical\" href=\"https:\/\/latamjournalismreview.org\/es\/articles\/segundo-periodista-en-una-semana-que-sufre-atentado-en-brasil\/\" \/>\n<meta property=\"og:locale\" content=\"es_ES\" \/>\n<meta property=\"og:type\" content=\"article\" \/>\n<meta property=\"og:title\" content=\"Segundo periodista en una semana que sufre atentado en Brasil\" \/>\n<meta property=\"og:description\" content=\"Segundo periodista en una semana que sufre atentado en Brasil Violencia contra periodistas. Latin American Journalism Review by The Knight Center at The University of Texas at Austin.\" \/>\n<meta property=\"og:url\" content=\"https:\/\/latamjournalismreview.org\/es\/articles\/segundo-periodista-en-una-semana-que-sufre-atentado-en-brasil\/\" \/>\n<meta property=\"og:site_name\" content=\"LatAm Journalism Review\" \/>\n<meta property=\"article:published_time\" content=\"2011-10-14T04:14:36+00:00\" \/>\n<meta property=\"article:modified_time\" content=\"2021-07-26T04:15:54+00:00\" \/>\n<meta name=\"author\" content=\"Natalia Mazotte\" \/>\n<meta name=\"twitter:card\" content=\"summary_large_image\" \/>\n<meta name=\"twitter:creator\" content=\"@LatAmJournalism\" \/>\n<meta name=\"twitter:site\" content=\"@LatAmJournalism\" \/>\n<meta name=\"twitter:label1\" content=\"Written by\" \/>\n\t<meta name=\"twitter:data1\" content=\"Natalia Mazotte\" \/>\n\t<meta name=\"twitter:label2\" content=\"Est. reading time\" \/>\n\t<meta name=\"twitter:data2\" content=\"1 minuto\" \/>\n<script type=\"application\/ld+json\" class=\"yoast-schema-graph\">{\"@context\":\"https:\\\/\\\/schema.org\",\"@graph\":[{\"@type\":\"Article\",\"@id\":\"https:\\\/\\\/latamjournalismreview.org\\\/es\\\/articles\\\/segundo-periodista-en-una-semana-que-sufre-atentado-en-brasil\\\/#article\",\"isPartOf\":{\"@id\":\"https:\\\/\\\/latamjournalismreview.org\\\/es\\\/articles\\\/segundo-periodista-en-una-semana-que-sufre-atentado-en-brasil\\\/\"},\"author\":{\"name\":\"Natalia Mazotte\",\"@id\":\"https:\\\/\\\/latamjournalismreview.org\\\/es\\\/#\\\/schema\\\/person\\\/747457e530d741a9d192f00c32c7f884\"},\"headline\":\"Segundo periodista en una semana que sufre atentado en Brasil\",\"datePublished\":\"2011-10-14T04:14:36+00:00\",\"dateModified\":\"2021-07-26T04:15:54+00:00\",\"mainEntityOfPage\":{\"@id\":\"https:\\\/\\\/latamjournalismreview.org\\\/es\\\/articles\\\/segundo-periodista-en-una-semana-que-sufre-atentado-en-brasil\\\/\"},\"wordCount\":231,\"publisher\":{\"@id\":\"https:\\\/\\\/latamjournalismreview.org\\\/es\\\/#organization\"},\"keywords\":[\"Amenazas contra periodistas\"],\"articleSection\":[\"Violencia contra periodistas\"],\"inLanguage\":\"es\"},{\"@type\":\"WebPage\",\"@id\":\"https:\\\/\\\/latamjournalismreview.org\\\/es\\\/articles\\\/segundo-periodista-en-una-semana-que-sufre-atentado-en-brasil\\\/\",\"url\":\"https:\\\/\\\/latamjournalismreview.org\\\/es\\\/articles\\\/segundo-periodista-en-una-semana-que-sufre-atentado-en-brasil\\\/\",\"name\":\"Segundo periodista en una semana que sufre atentado en Brasil - LatAm Journalism Review\",\"isPartOf\":{\"@id\":\"https:\\\/\\\/latamjournalismreview.org\\\/es\\\/#website\"},\"datePublished\":\"2011-10-14T04:14:36+00:00\",\"dateModified\":\"2021-07-26T04:15:54+00:00\",\"description\":\"Segundo periodista en una semana que sufre atentado en Brasil Violencia contra periodistas. Latin American Journalism Review by The Knight Center at The University of Texas at Austin.\",\"breadcrumb\":{\"@id\":\"https:\\\/\\\/latamjournalismreview.org\\\/es\\\/articles\\\/segundo-periodista-en-una-semana-que-sufre-atentado-en-brasil\\\/#breadcrumb\"},\"inLanguage\":\"es\",\"potentialAction\":[{\"@type\":\"ReadAction\",\"target\":[\"https:\\\/\\\/latamjournalismreview.org\\\/es\\\/articles\\\/segundo-periodista-en-una-semana-que-sufre-atentado-en-brasil\\\/\"]}]},{\"@type\":\"BreadcrumbList\",\"@id\":\"https:\\\/\\\/latamjournalismreview.org\\\/es\\\/articles\\\/segundo-periodista-en-una-semana-que-sufre-atentado-en-brasil\\\/#breadcrumb\",\"itemListElement\":[{\"@type\":\"ListItem\",\"position\":1,\"name\":\"Home\",\"item\":\"https:\\\/\\\/latamjournalismreview.org\\\/es\\\/\"},{\"@type\":\"ListItem\",\"position\":2,\"name\":\"Segundo periodista en una semana que sufre atentado en Brasil\"}]},{\"@type\":\"WebSite\",\"@id\":\"https:\\\/\\\/latamjournalismreview.org\\\/es\\\/#website\",\"url\":\"https:\\\/\\\/latamjournalismreview.org\\\/es\\\/\",\"name\":\"LatAm Journalism Review\",\"description\":\"Knight Center at The University of Texas\",\"publisher\":{\"@id\":\"https:\\\/\\\/latamjournalismreview.org\\\/es\\\/#organization\"},\"potentialAction\":[{\"@type\":\"SearchAction\",\"target\":{\"@type\":\"EntryPoint\",\"urlTemplate\":\"https:\\\/\\\/latamjournalismreview.org\\\/es\\\/?s={search_term_string}\"},\"query-input\":{\"@type\":\"PropertyValueSpecification\",\"valueRequired\":true,\"valueName\":\"search_term_string\"}}],\"inLanguage\":\"es\"},{\"@type\":\"Organization\",\"@id\":\"https:\\\/\\\/latamjournalismreview.org\\\/es\\\/#organization\",\"name\":\"LatAm Journalism Review\",\"url\":\"https:\\\/\\\/latamjournalismreview.org\\\/es\\\/\",\"logo\":{\"@type\":\"ImageObject\",\"inLanguage\":\"es\",\"@id\":\"https:\\\/\\\/latamjournalismreview.org\\\/es\\\/#\\\/schema\\\/logo\\\/image\\\/\",\"url\":\"https:\\\/\\\/latamjournalismreview.org\\\/wp-content\\\/uploads\\\/2020\\\/05\\\/knight-latAm-review-logo.svg\",\"contentUrl\":\"https:\\\/\\\/latamjournalismreview.org\\\/wp-content\\\/uploads\\\/2020\\\/05\\\/knight-latAm-review-logo.svg\",\"width\":\"1024\",\"height\":\"1024\",\"caption\":\"LatAm Journalism Review\"},\"image\":{\"@id\":\"https:\\\/\\\/latamjournalismreview.org\\\/es\\\/#\\\/schema\\\/logo\\\/image\\\/\"},\"sameAs\":[\"https:\\\/\\\/x.com\\\/LatAmJournalism\"]},{\"@type\":\"Person\",\"@id\":\"https:\\\/\\\/latamjournalismreview.org\\\/es\\\/#\\\/schema\\\/person\\\/747457e530d741a9d192f00c32c7f884\",\"name\":\"Natalia Mazotte\",\"url\":\"https:\\\/\\\/latamjournalismreview.org\\\/es\\\/articles\\\/author\\\/natalia-mazotte\\\/\"}]}<\/script>\n<!-- \/ Yoast SEO Premium plugin. -->","yoast_head_json":{"title":"Segundo periodista en una semana que sufre atentado en Brasil - LatAm Journalism Review","description":"Segundo periodista en una semana que sufre atentado en Brasil Violencia contra periodistas. Latin American Journalism Review by The Knight Center at The University of Texas at Austin.","robots":{"index":"index","follow":"follow","max-snippet":"max-snippet:-1","max-image-preview":"max-image-preview:large","max-video-preview":"max-video-preview:-1"},"canonical":"https:\/\/latamjournalismreview.org\/es\/articles\/segundo-periodista-en-una-semana-que-sufre-atentado-en-brasil\/","og_locale":"es_ES","og_type":"article","og_title":"Segundo periodista en una semana que sufre atentado en Brasil","og_description":"Segundo periodista en una semana que sufre atentado en Brasil Violencia contra periodistas. Latin American Journalism Review by The Knight Center at The University of Texas at Austin.","og_url":"https:\/\/latamjournalismreview.org\/es\/articles\/segundo-periodista-en-una-semana-que-sufre-atentado-en-brasil\/","og_site_name":"LatAm Journalism Review","article_published_time":"2011-10-14T04:14:36+00:00","article_modified_time":"2021-07-26T04:15:54+00:00","author":"Natalia Mazotte","twitter_card":"summary_large_image","twitter_creator":"@LatAmJournalism","twitter_site":"@LatAmJournalism","twitter_misc":{"Written by":"Natalia Mazotte","Est. reading time":"1 minuto"},"schema":{"@context":"https:\/\/schema.org","@graph":[{"@type":"Article","@id":"https:\/\/latamjournalismreview.org\/es\/articles\/segundo-periodista-en-una-semana-que-sufre-atentado-en-brasil\/#article","isPartOf":{"@id":"https:\/\/latamjournalismreview.org\/es\/articles\/segundo-periodista-en-una-semana-que-sufre-atentado-en-brasil\/"},"author":{"name":"Natalia Mazotte","@id":"https:\/\/latamjournalismreview.org\/es\/#\/schema\/person\/747457e530d741a9d192f00c32c7f884"},"headline":"Segundo periodista en una semana que sufre atentado en Brasil","datePublished":"2011-10-14T04:14:36+00:00","dateModified":"2021-07-26T04:15:54+00:00","mainEntityOfPage":{"@id":"https:\/\/latamjournalismreview.org\/es\/articles\/segundo-periodista-en-una-semana-que-sufre-atentado-en-brasil\/"},"wordCount":231,"publisher":{"@id":"https:\/\/latamjournalismreview.org\/es\/#organization"},"keywords":["Amenazas contra periodistas"],"articleSection":["Violencia contra periodistas"],"inLanguage":"es"},{"@type":"WebPage","@id":"https:\/\/latamjournalismreview.org\/es\/articles\/segundo-periodista-en-una-semana-que-sufre-atentado-en-brasil\/","url":"https:\/\/latamjournalismreview.org\/es\/articles\/segundo-periodista-en-una-semana-que-sufre-atentado-en-brasil\/","name":"Segundo periodista en una semana que sufre atentado en Brasil - LatAm Journalism Review","isPartOf":{"@id":"https:\/\/latamjournalismreview.org\/es\/#website"},"datePublished":"2011-10-14T04:14:36+00:00","dateModified":"2021-07-26T04:15:54+00:00","description":"Segundo periodista en una semana que sufre atentado en Brasil Violencia contra periodistas. Latin American Journalism Review by The Knight Center at The University of Texas at Austin.","breadcrumb":{"@id":"https:\/\/latamjournalismreview.org\/es\/articles\/segundo-periodista-en-una-semana-que-sufre-atentado-en-brasil\/#breadcrumb"},"inLanguage":"es","potentialAction":[{"@type":"ReadAction","target":["https:\/\/latamjournalismreview.org\/es\/articles\/segundo-periodista-en-una-semana-que-sufre-atentado-en-brasil\/"]}]},{"@type":"BreadcrumbList","@id":"https:\/\/latamjournalismreview.org\/es\/articles\/segundo-periodista-en-una-semana-que-sufre-atentado-en-brasil\/#breadcrumb","itemListElement":[{"@type":"ListItem","position":1,"name":"Home","item":"https:\/\/latamjournalismreview.org\/es\/"},{"@type":"ListItem","position":2,"name":"Segundo periodista en una semana que sufre atentado en Brasil"}]},{"@type":"WebSite","@id":"https:\/\/latamjournalismreview.org\/es\/#website","url":"https:\/\/latamjournalismreview.org\/es\/","name":"LatAm Journalism Review","description":"Knight Center at The University of Texas","publisher":{"@id":"https:\/\/latamjournalismreview.org\/es\/#organization"},"potentialAction":[{"@type":"SearchAction","target":{"@type":"EntryPoint","urlTemplate":"https:\/\/latamjournalismreview.org\/es\/?s={search_term_string}"},"query-input":{"@type":"PropertyValueSpecification","valueRequired":true,"valueName":"search_term_string"}}],"inLanguage":"es"},{"@type":"Organization","@id":"https:\/\/latamjournalismreview.org\/es\/#organization","name":"LatAm Journalism Review","url":"https:\/\/latamjournalismreview.org\/es\/","logo":{"@type":"ImageObject","inLanguage":"es","@id":"https:\/\/latamjournalismreview.org\/es\/#\/schema\/logo\/image\/","url":"https:\/\/latamjournalismreview.org\/wp-content\/uploads\/2020\/05\/knight-latAm-review-logo.svg","contentUrl":"https:\/\/latamjournalismreview.org\/wp-content\/uploads\/2020\/05\/knight-latAm-review-logo.svg","width":"1024","height":"1024","caption":"LatAm Journalism Review"},"image":{"@id":"https:\/\/latamjournalismreview.org\/es\/#\/schema\/logo\/image\/"},"sameAs":["https:\/\/x.com\/LatAmJournalism"]},{"@type":"Person","@id":"https:\/\/latamjournalismreview.org\/es\/#\/schema\/person\/747457e530d741a9d192f00c32c7f884","name":"Natalia Mazotte","url":"https:\/\/latamjournalismreview.org\/es\/articles\/author\/natalia-mazotte\/"}]}},"_links":{"self":[{"href":"https:\/\/latamjournalismreview.org\/es\/wp-json\/wp\/v2\/posts\/23761","targetHints":{"allow":["GET"]}}],"collection":[{"href":"https:\/\/latamjournalismreview.org\/es\/wp-json\/wp\/v2\/posts"}],"about":[{"href":"https:\/\/latamjournalismreview.org\/es\/wp-json\/wp\/v2\/types\/post"}],"author":[{"embeddable":true,"href":"https:\/\/latamjournalismreview.org\/es\/wp-json\/wp\/v2\/users\/42"}],"replies":[{"embeddable":true,"href":"https:\/\/latamjournalismreview.org\/es\/wp-json\/wp\/v2\/comments?post=23761"}],"version-history":[{"count":1,"href":"https:\/\/latamjournalismreview.org\/es\/wp-json\/wp\/v2\/posts\/23761\/revisions"}],"predecessor-version":[{"id":23764,"href":"https:\/\/latamjournalismreview.org\/es\/wp-json\/wp\/v2\/posts\/23761\/revisions\/23764"}],"wp:attachment":[{"href":"https:\/\/latamjournalismreview.org\/es\/wp-json\/wp\/v2\/media?parent=23761"}],"wp:term":[{"taxonomy":"category","embeddable":true,"href":"https:\/\/latamjournalismreview.org\/es\/wp-json\/wp\/v2\/categories?post=23761"},{"taxonomy":"post_tag","embeddable":true,"href":"https:\/\/latamjournalismreview.org\/es\/wp-json\/wp\/v2\/tags?post=23761"},{"taxonomy":"author","embeddable":true,"href":"https:\/\/latamjournalismreview.org\/es\/wp-json\/wp\/v2\/coauthors?post=23761"}],"curies":[{"name":"wp","href":"https:\/\/api.w.org\/{rel}","templated":true}]}}