{"id":24416,"date":"2011-09-23T09:30:40","date_gmt":"2011-09-23T14:30:40","guid":{"rendered":"https:\/\/latamjournalismreview.org\/?p=24416"},"modified":"2021-07-29T17:05:37","modified_gmt":"2021-07-29T22:05:37","slug":"denuncian-desaparicion-de-joven-periodista-en-el-sureste-de-mexico","status":"publish","type":"post","link":"https:\/\/latamjournalismreview.org\/es\/articles\/denuncian-desaparicion-de-joven-periodista-en-el-sureste-de-mexico\/","title":{"rendered":"Denuncian desaparici\u00f3n de joven periodista en el sureste de M\u00e9xico"},"content":{"rendered":"<p><a href=\"http:\/\/www.jornadaveracruz.com.mx\/Noticia.aspx?ID=110922_122242_865\" target=\"blank\" rel=\"noopener\">Un periodista de Veracruz, al oriente de M\u00e9xico, fue reportado como desaparecido<\/a> por sus familiares, informa el peri\u00f3dico La Jornada de Veracruz.<\/p>\n<p>Manuel Gabriel Fonseca, reportero del diario El Ma\u00f1anero del municipio de <a href=\"http:\/\/www.catemaco.info\/acayucan\/\" target=\"blank\" rel=\"noopener\">Acayucan<\/a> fue <a href=\"http:\/\/www.milenio.com\/cdb\/doc\/noticias2011\/9eff4ec8bb8b82a2677854bfebf8e728\" target=\"blank\" rel=\"noopener\">visto por \u00fatlima vez el domingo 18 de septiembre<\/a> cuando sali\u00f3 a trabajar, de acuerdo con el padre del periodista.<\/p>\n<p><a href=\"http:\/\/www.notiver.com.mx\/index.php\/primera\/150745.html?secciones=3&amp;seccion_selected=3&amp;posicion=9\" target=\"blank\" rel=\"noopener\">Periodistas de varios medios veracruzanos acompa\u00f1aron a la familia para presentar la denuncia por desaparici\u00f3n<\/a> y exigir una investigaci\u00f3n para encontrarlo con vida, report\u00f3 el diario veracruzano Notiver, el cual perdi\u00f3 a <a href=\"http:\/\/knightcenter.utexas.edu\/es\/blog\/reportera-policial-es-septima-periodista-asesinada-en-mexico-en-2011\" target=\"blank\" rel=\"noopener\">dos periodistas asesinados este a\u00f1o<\/a>.<\/p>\n<p>El peri\u00f3dico El Ma\u00f1anero es propiedad de <a href=\"http:\/\/www.lapolitica.com.mx\/?p=94525\" target=\"blank\" rel=\"noopener\">Fernando Kuri Kuri<\/a>, alcalde del vecino municipo de <a href=\"http:\/\/es.wikipedia.org\/wiki\/Oluta\" target=\"blank\" rel=\"noopener\">Oluta<\/a>, al sur de <a href=\"http:\/\/es.wikipedia.org\/wiki\/Veracruz_de_Ignacio_de_la_Llave\" target=\"blank\" rel=\"noopener\">Veracruz<\/a>, pero los familiares del reportero dicen que <a href=\"http:\/\/www.diariodelsur.mx\/?p=29648\" target=\"blank\" rel=\"noopener\">Kuri no ha colaborado con la investigaci\u00f3n<\/a> para encontrar al joven de 19 a\u00f1os de edad, de acuerdo con el peri\u00f3dico local El Diario del Sur.<\/p>\n","protected":false},"excerpt":{"rendered":"<p>Un periodista de Veracruz, al oriente de M\u00e9xico, fue reportado como desaparecido por sus familiares, informa el peri\u00f3dico La Jornada de Veracruz.<\/p>\n","protected":false},"author":40,"featured_media":0,"comment_status":"closed","ping_status":"closed","sticky":false,"template":"","format":"standard","meta":{"inline_featured_image":false,"footnotes":""},"categories":[1222],"tags":[1393],"coauthors":[],"class_list":["post-24416","post","type-post","status-publish","format-standard","hentry","category-violencia-contra-periodistas-es","tag-mexico-es"],"acf":[],"yoast_head":"<!-- This site is optimized with the Yoast SEO Premium plugin v22.6 (Yoast SEO v27.4) - https:\/\/yoast.com\/product\/yoast-seo-premium-wordpress\/ -->\n<title>Denuncian desaparici\u00f3n de joven periodista en el sureste de M\u00e9xico - LatAm Journalism Review<\/title>\n<meta name=\"description\" content=\"Denuncian desaparici\u00f3n de joven periodista en el sureste de M\u00e9xico Violencia contra periodistas. Latin American Journalism Review by The Knight Center at The University of Texas at Austin.\" \/>\n<meta name=\"robots\" content=\"index, follow, max-snippet:-1, max-image-preview:large, max-video-preview:-1\" \/>\n<link rel=\"canonical\" href=\"https:\/\/latamjournalismreview.org\/es\/articles\/denuncian-desaparicion-de-joven-periodista-en-el-sureste-de-mexico\/\" \/>\n<meta property=\"og:locale\" content=\"es_ES\" \/>\n<meta property=\"og:type\" content=\"article\" \/>\n<meta property=\"og:title\" content=\"Denuncian desaparici\u00f3n de joven periodista en el sureste de M\u00e9xico\" \/>\n<meta property=\"og:description\" content=\"Denuncian desaparici\u00f3n de joven periodista en el sureste de M\u00e9xico Violencia contra periodistas. Latin American Journalism Review by The Knight Center at The University of Texas at Austin.\" \/>\n<meta property=\"og:url\" content=\"https:\/\/latamjournalismreview.org\/es\/articles\/denuncian-desaparicion-de-joven-periodista-en-el-sureste-de-mexico\/\" \/>\n<meta property=\"og:site_name\" content=\"LatAm Journalism Review\" \/>\n<meta property=\"article:published_time\" content=\"2011-09-23T14:30:40+00:00\" \/>\n<meta property=\"article:modified_time\" content=\"2021-07-29T22:05:37+00:00\" \/>\n<meta name=\"author\" content=\"Tania Lara\" \/>\n<meta name=\"twitter:card\" content=\"summary_large_image\" \/>\n<meta name=\"twitter:creator\" content=\"@LatAmJournalism\" \/>\n<meta name=\"twitter:site\" content=\"@LatAmJournalism\" \/>\n<meta name=\"twitter:label1\" content=\"Written by\" \/>\n\t<meta name=\"twitter:data1\" content=\"Tania Lara\" \/>\n\t<meta name=\"twitter:label2\" content=\"Est. reading time\" \/>\n\t<meta name=\"twitter:data2\" content=\"1 minuto\" \/>\n<script type=\"application\/ld+json\" class=\"yoast-schema-graph\">{\"@context\":\"https:\\\/\\\/schema.org\",\"@graph\":[{\"@type\":\"Article\",\"@id\":\"https:\\\/\\\/latamjournalismreview.org\\\/es\\\/articles\\\/denuncian-desaparicion-de-joven-periodista-en-el-sureste-de-mexico\\\/#article\",\"isPartOf\":{\"@id\":\"https:\\\/\\\/latamjournalismreview.org\\\/es\\\/articles\\\/denuncian-desaparicion-de-joven-periodista-en-el-sureste-de-mexico\\\/\"},\"author\":{\"name\":\"Tania Lara\",\"@id\":\"https:\\\/\\\/latamjournalismreview.org\\\/es\\\/#\\\/schema\\\/person\\\/51558925140f21242c6ed2d20b8260c5\"},\"headline\":\"Denuncian desaparici\u00f3n de joven periodista en el sureste de M\u00e9xico\",\"datePublished\":\"2011-09-23T14:30:40+00:00\",\"dateModified\":\"2021-07-29T22:05:37+00:00\",\"mainEntityOfPage\":{\"@id\":\"https:\\\/\\\/latamjournalismreview.org\\\/es\\\/articles\\\/denuncian-desaparicion-de-joven-periodista-en-el-sureste-de-mexico\\\/\"},\"wordCount\":167,\"publisher\":{\"@id\":\"https:\\\/\\\/latamjournalismreview.org\\\/es\\\/#organization\"},\"keywords\":[\"M\u00e9xico\"],\"articleSection\":[\"Violencia contra periodistas\"],\"inLanguage\":\"es\"},{\"@type\":\"WebPage\",\"@id\":\"https:\\\/\\\/latamjournalismreview.org\\\/es\\\/articles\\\/denuncian-desaparicion-de-joven-periodista-en-el-sureste-de-mexico\\\/\",\"url\":\"https:\\\/\\\/latamjournalismreview.org\\\/es\\\/articles\\\/denuncian-desaparicion-de-joven-periodista-en-el-sureste-de-mexico\\\/\",\"name\":\"Denuncian desaparici\u00f3n de joven periodista en el sureste de M\u00e9xico - LatAm Journalism Review\",\"isPartOf\":{\"@id\":\"https:\\\/\\\/latamjournalismreview.org\\\/es\\\/#website\"},\"datePublished\":\"2011-09-23T14:30:40+00:00\",\"dateModified\":\"2021-07-29T22:05:37+00:00\",\"description\":\"Denuncian desaparici\u00f3n de joven periodista en el sureste de M\u00e9xico Violencia contra periodistas. Latin American Journalism Review by The Knight Center at The University of Texas at Austin.\",\"breadcrumb\":{\"@id\":\"https:\\\/\\\/latamjournalismreview.org\\\/es\\\/articles\\\/denuncian-desaparicion-de-joven-periodista-en-el-sureste-de-mexico\\\/#breadcrumb\"},\"inLanguage\":\"es\",\"potentialAction\":[{\"@type\":\"ReadAction\",\"target\":[\"https:\\\/\\\/latamjournalismreview.org\\\/es\\\/articles\\\/denuncian-desaparicion-de-joven-periodista-en-el-sureste-de-mexico\\\/\"]}]},{\"@type\":\"BreadcrumbList\",\"@id\":\"https:\\\/\\\/latamjournalismreview.org\\\/es\\\/articles\\\/denuncian-desaparicion-de-joven-periodista-en-el-sureste-de-mexico\\\/#breadcrumb\",\"itemListElement\":[{\"@type\":\"ListItem\",\"position\":1,\"name\":\"Home\",\"item\":\"https:\\\/\\\/latamjournalismreview.org\\\/es\\\/\"},{\"@type\":\"ListItem\",\"position\":2,\"name\":\"Denuncian desaparici\u00f3n de joven periodista en el sureste de M\u00e9xico\"}]},{\"@type\":\"WebSite\",\"@id\":\"https:\\\/\\\/latamjournalismreview.org\\\/es\\\/#website\",\"url\":\"https:\\\/\\\/latamjournalismreview.org\\\/es\\\/\",\"name\":\"LatAm Journalism Review\",\"description\":\"Knight Center at The University of Texas\",\"publisher\":{\"@id\":\"https:\\\/\\\/latamjournalismreview.org\\\/es\\\/#organization\"},\"potentialAction\":[{\"@type\":\"SearchAction\",\"target\":{\"@type\":\"EntryPoint\",\"urlTemplate\":\"https:\\\/\\\/latamjournalismreview.org\\\/es\\\/?s={search_term_string}\"},\"query-input\":{\"@type\":\"PropertyValueSpecification\",\"valueRequired\":true,\"valueName\":\"search_term_string\"}}],\"inLanguage\":\"es\"},{\"@type\":\"Organization\",\"@id\":\"https:\\\/\\\/latamjournalismreview.org\\\/es\\\/#organization\",\"name\":\"LatAm Journalism Review\",\"url\":\"https:\\\/\\\/latamjournalismreview.org\\\/es\\\/\",\"logo\":{\"@type\":\"ImageObject\",\"inLanguage\":\"es\",\"@id\":\"https:\\\/\\\/latamjournalismreview.org\\\/es\\\/#\\\/schema\\\/logo\\\/image\\\/\",\"url\":\"https:\\\/\\\/latamjournalismreview.org\\\/wp-content\\\/uploads\\\/2020\\\/05\\\/knight-latAm-review-logo.svg\",\"contentUrl\":\"https:\\\/\\\/latamjournalismreview.org\\\/wp-content\\\/uploads\\\/2020\\\/05\\\/knight-latAm-review-logo.svg\",\"width\":\"1024\",\"height\":\"1024\",\"caption\":\"LatAm Journalism Review\"},\"image\":{\"@id\":\"https:\\\/\\\/latamjournalismreview.org\\\/es\\\/#\\\/schema\\\/logo\\\/image\\\/\"},\"sameAs\":[\"https:\\\/\\\/x.com\\\/LatAmJournalism\"]},{\"@type\":\"Person\",\"@id\":\"https:\\\/\\\/latamjournalismreview.org\\\/es\\\/#\\\/schema\\\/person\\\/51558925140f21242c6ed2d20b8260c5\",\"name\":\"Tania Lara\",\"url\":\"https:\\\/\\\/latamjournalismreview.org\\\/es\\\/articles\\\/author\\\/tania-lara\\\/\"}]}<\/script>\n<!-- \/ Yoast SEO Premium plugin. -->","yoast_head_json":{"title":"Denuncian desaparici\u00f3n de joven periodista en el sureste de M\u00e9xico - LatAm Journalism Review","description":"Denuncian desaparici\u00f3n de joven periodista en el sureste de M\u00e9xico Violencia contra periodistas. Latin American Journalism Review by The Knight Center at The University of Texas at Austin.","robots":{"index":"index","follow":"follow","max-snippet":"max-snippet:-1","max-image-preview":"max-image-preview:large","max-video-preview":"max-video-preview:-1"},"canonical":"https:\/\/latamjournalismreview.org\/es\/articles\/denuncian-desaparicion-de-joven-periodista-en-el-sureste-de-mexico\/","og_locale":"es_ES","og_type":"article","og_title":"Denuncian desaparici\u00f3n de joven periodista en el sureste de M\u00e9xico","og_description":"Denuncian desaparici\u00f3n de joven periodista en el sureste de M\u00e9xico Violencia contra periodistas. Latin American Journalism Review by The Knight Center at The University of Texas at Austin.","og_url":"https:\/\/latamjournalismreview.org\/es\/articles\/denuncian-desaparicion-de-joven-periodista-en-el-sureste-de-mexico\/","og_site_name":"LatAm Journalism Review","article_published_time":"2011-09-23T14:30:40+00:00","article_modified_time":"2021-07-29T22:05:37+00:00","author":"Tania Lara","twitter_card":"summary_large_image","twitter_creator":"@LatAmJournalism","twitter_site":"@LatAmJournalism","twitter_misc":{"Written by":"Tania Lara","Est. reading time":"1 minuto"},"schema":{"@context":"https:\/\/schema.org","@graph":[{"@type":"Article","@id":"https:\/\/latamjournalismreview.org\/es\/articles\/denuncian-desaparicion-de-joven-periodista-en-el-sureste-de-mexico\/#article","isPartOf":{"@id":"https:\/\/latamjournalismreview.org\/es\/articles\/denuncian-desaparicion-de-joven-periodista-en-el-sureste-de-mexico\/"},"author":{"name":"Tania Lara","@id":"https:\/\/latamjournalismreview.org\/es\/#\/schema\/person\/51558925140f21242c6ed2d20b8260c5"},"headline":"Denuncian desaparici\u00f3n de joven periodista en el sureste de M\u00e9xico","datePublished":"2011-09-23T14:30:40+00:00","dateModified":"2021-07-29T22:05:37+00:00","mainEntityOfPage":{"@id":"https:\/\/latamjournalismreview.org\/es\/articles\/denuncian-desaparicion-de-joven-periodista-en-el-sureste-de-mexico\/"},"wordCount":167,"publisher":{"@id":"https:\/\/latamjournalismreview.org\/es\/#organization"},"keywords":["M\u00e9xico"],"articleSection":["Violencia contra periodistas"],"inLanguage":"es"},{"@type":"WebPage","@id":"https:\/\/latamjournalismreview.org\/es\/articles\/denuncian-desaparicion-de-joven-periodista-en-el-sureste-de-mexico\/","url":"https:\/\/latamjournalismreview.org\/es\/articles\/denuncian-desaparicion-de-joven-periodista-en-el-sureste-de-mexico\/","name":"Denuncian desaparici\u00f3n de joven periodista en el sureste de M\u00e9xico - LatAm Journalism Review","isPartOf":{"@id":"https:\/\/latamjournalismreview.org\/es\/#website"},"datePublished":"2011-09-23T14:30:40+00:00","dateModified":"2021-07-29T22:05:37+00:00","description":"Denuncian desaparici\u00f3n de joven periodista en el sureste de M\u00e9xico Violencia contra periodistas. Latin American Journalism Review by The Knight Center at The University of Texas at Austin.","breadcrumb":{"@id":"https:\/\/latamjournalismreview.org\/es\/articles\/denuncian-desaparicion-de-joven-periodista-en-el-sureste-de-mexico\/#breadcrumb"},"inLanguage":"es","potentialAction":[{"@type":"ReadAction","target":["https:\/\/latamjournalismreview.org\/es\/articles\/denuncian-desaparicion-de-joven-periodista-en-el-sureste-de-mexico\/"]}]},{"@type":"BreadcrumbList","@id":"https:\/\/latamjournalismreview.org\/es\/articles\/denuncian-desaparicion-de-joven-periodista-en-el-sureste-de-mexico\/#breadcrumb","itemListElement":[{"@type":"ListItem","position":1,"name":"Home","item":"https:\/\/latamjournalismreview.org\/es\/"},{"@type":"ListItem","position":2,"name":"Denuncian desaparici\u00f3n de joven periodista en el sureste de M\u00e9xico"}]},{"@type":"WebSite","@id":"https:\/\/latamjournalismreview.org\/es\/#website","url":"https:\/\/latamjournalismreview.org\/es\/","name":"LatAm Journalism Review","description":"Knight Center at The University of Texas","publisher":{"@id":"https:\/\/latamjournalismreview.org\/es\/#organization"},"potentialAction":[{"@type":"SearchAction","target":{"@type":"EntryPoint","urlTemplate":"https:\/\/latamjournalismreview.org\/es\/?s={search_term_string}"},"query-input":{"@type":"PropertyValueSpecification","valueRequired":true,"valueName":"search_term_string"}}],"inLanguage":"es"},{"@type":"Organization","@id":"https:\/\/latamjournalismreview.org\/es\/#organization","name":"LatAm Journalism Review","url":"https:\/\/latamjournalismreview.org\/es\/","logo":{"@type":"ImageObject","inLanguage":"es","@id":"https:\/\/latamjournalismreview.org\/es\/#\/schema\/logo\/image\/","url":"https:\/\/latamjournalismreview.org\/wp-content\/uploads\/2020\/05\/knight-latAm-review-logo.svg","contentUrl":"https:\/\/latamjournalismreview.org\/wp-content\/uploads\/2020\/05\/knight-latAm-review-logo.svg","width":"1024","height":"1024","caption":"LatAm Journalism Review"},"image":{"@id":"https:\/\/latamjournalismreview.org\/es\/#\/schema\/logo\/image\/"},"sameAs":["https:\/\/x.com\/LatAmJournalism"]},{"@type":"Person","@id":"https:\/\/latamjournalismreview.org\/es\/#\/schema\/person\/51558925140f21242c6ed2d20b8260c5","name":"Tania Lara","url":"https:\/\/latamjournalismreview.org\/es\/articles\/author\/tania-lara\/"}]}},"_links":{"self":[{"href":"https:\/\/latamjournalismreview.org\/es\/wp-json\/wp\/v2\/posts\/24416","targetHints":{"allow":["GET"]}}],"collection":[{"href":"https:\/\/latamjournalismreview.org\/es\/wp-json\/wp\/v2\/posts"}],"about":[{"href":"https:\/\/latamjournalismreview.org\/es\/wp-json\/wp\/v2\/types\/post"}],"author":[{"embeddable":true,"href":"https:\/\/latamjournalismreview.org\/es\/wp-json\/wp\/v2\/users\/40"}],"replies":[{"embeddable":true,"href":"https:\/\/latamjournalismreview.org\/es\/wp-json\/wp\/v2\/comments?post=24416"}],"version-history":[{"count":1,"href":"https:\/\/latamjournalismreview.org\/es\/wp-json\/wp\/v2\/posts\/24416\/revisions"}],"predecessor-version":[{"id":24417,"href":"https:\/\/latamjournalismreview.org\/es\/wp-json\/wp\/v2\/posts\/24416\/revisions\/24417"}],"wp:attachment":[{"href":"https:\/\/latamjournalismreview.org\/es\/wp-json\/wp\/v2\/media?parent=24416"}],"wp:term":[{"taxonomy":"category","embeddable":true,"href":"https:\/\/latamjournalismreview.org\/es\/wp-json\/wp\/v2\/categories?post=24416"},{"taxonomy":"post_tag","embeddable":true,"href":"https:\/\/latamjournalismreview.org\/es\/wp-json\/wp\/v2\/tags?post=24416"},{"taxonomy":"author","embeddable":true,"href":"https:\/\/latamjournalismreview.org\/es\/wp-json\/wp\/v2\/coauthors?post=24416"}],"curies":[{"name":"wp","href":"https:\/\/api.w.org\/{rel}","templated":true}]}}