{"id":24854,"date":"2011-11-04T15:06:21","date_gmt":"2011-11-04T20:06:21","guid":{"rendered":"https:\/\/latamjournalismreview.org\/?p=24854"},"modified":"2021-07-30T15:08:27","modified_gmt":"2021-07-30T20:08:27","slug":"plaza-publica-periodico-digital-independiente-y-sin-fines-de-lucro-investiga-temas-tabues-en-guatemala-entrevista","status":"publish","type":"post","link":"https:\/\/latamjournalismreview.org\/es\/articles\/plaza-publica-periodico-digital-independiente-y-sin-fines-de-lucro-investiga-temas-tabues-en-guatemala-entrevista\/","title":{"rendered":"Plaza P\u00fablica: peri\u00f3dico digital independiente y sin fines de lucro investiga temas tab\u00faes en Guatemala (Entrevista)"},"content":{"rendered":"<p><a href=\"http:\/\/plazapublica.com.gt\/\" target=\"_blank\" rel=\"noopener\">Plaza P\u00fablica<\/a>\u00a0es un peri\u00f3dico digital independiente sin fines de lucro que naci\u00f3 en enero de 2011 en Guatemala. El\u00a0<b>Centro Knight para el Periodismo en las Am\u00e9ricas<\/b>\u00a0convers\u00f3 con el periodista\u00a0<a href=\"http:\/\/martinrodriguezpellecer.com\/sobre-el-autor\/\" target=\"_blank\" rel=\"noopener\">Mart\u00edn Rodr\u00edguez Pellecer<\/a>, fundador y director del proyecto, el cual describe como una plataforma en la que \"los ciudadanos discuten, argumentan y se fiscalizan entre s\u00ed y al poder\". Plaza P\u00fablica se ha dedicado a la investigaci\u00f3n y cobertura de temas que la prensa tradicional guatemalteca ha considerado tab\u00fa: la situaci\u00f3n agraria, la corrupci\u00f3n p\u00fablica-empresarial y el\u00a0<a href=\"http:\/\/knightcenter.utexas.edu\/es\/blog\/guatemala-tras-los-pasos-de-mexico-%C2%BFcomo-ser-periodista-en-tiempos-violentos\" target=\"_blank\" rel=\"noopener\">narcotr\u00e1fico<\/a>, entre otros. En la v\u00edspera de\u00a0<a href=\"https:\/\/secure.wikimedia.org\/wikipedia\/es\/wiki\/Elecciones_generales_de_Guatemala_de_2011\" target=\"_blank\" rel=\"noopener\">las elecciones presidenciales de Guatemala<\/a>, que se realizar\u00e1n este domingo, 6 de noviembre, el fundador y director del medio habla de la trayectoria de Plaza P\u00fablica, el impacto que gener\u00f3\u00a0<a href=\"http:\/\/knightcenter.utexas.edu\/es\/blog\/publican-cables-filtrados-por-wikileaks-sobre-candidato-presidencial-de-guatemala\" target=\"_blank\" rel=\"noopener\">la publicaci\u00f3n de los cables diplom\u00e1ticos de Wikileaks<\/a>\u00a0y los desaf\u00edos que implica realizar periodismo de profundidad en su pa\u00eds.<\/p>\n<p>Rodr\u00edguez Pellecer, de 28 a\u00f1os, fue reportero para el diario guatemalteco\u00a0<a href=\"http:\/\/prensalibre.com\/\" target=\"_blank\" rel=\"noopener\">Prensa Libre<\/a>\u00a0entre 2001 y 2007, a\u00f1o en que gan\u00f3\u00a0<a href=\"http:\/\/knightcenter.utexas.edu\/es\/blog\/ipys-y-transparencia-internacional-reciben-inscipciones-para-el-premio-latinoamericano-de-perio\" target=\"_blank\" rel=\"noopener\">el Premio Latinoamericano de Periodismo de Investigaci\u00f3n de IPYS y Transparencia Internacional<\/a>\u00a0y que empez\u00f3 a publicar su columna, Wachik Aj, en\u00a0<a href=\"http:\/\/www.elperiodico.com.gt\/\" target=\"_blank\" rel=\"noopener\">elPeri\u00f3dico<\/a>\u00a0y en su\u00a0<a href=\"http:\/\/martinrodriguezpellecer.com\/\" target=\"_blank\" rel=\"noopener\">blog<\/a>.<\/p>\n<p>Este perfil de Plaza P\u00fablica es el primero de una serie que realiza el\u00a0<b>Centro Knight<\/b>\u00a0sobre proyectos de periodismo independiente y sin fines de lucro en Am\u00e9rica Latina. Para m\u00e1s informaci\u00f3n sobre Plaza P\u00fablica, vea este\u00a0<a href=\"http:\/\/knightcenter.utexas.edu\/blog\/plaza-publica-offers-guatemala-depth-news-free-political-and-economic-pressures-video\" target=\"_blank\" rel=\"noopener\">video con la editora Julie L\u00f3pez<\/a>.<\/p>\n<p><b>Centro Knight:<\/b>\u00a0En pocos meses,\u00a0<a href=\"http:\/\/plazapublica.com.gt\/\" target=\"_blank\" rel=\"noopener\">Plaza P\u00fablica<\/a>\u00a0se ha convertido en un referente period\u00edstico en Guatemala. \u00bfC\u00f3mo naci\u00f3 el proyecto? \u00bfQu\u00e9 hay detr\u00e1s del nombre? \u00bfCu\u00e1l es su misi\u00f3n? \u00bfQu\u00e9 lo distingue del resto de medios informativos del pa\u00eds?<\/p>\n<p><b>Mart\u00edn Rodr\u00edguez Pellecer:<\/b>\u00a0Gracias por la consideraci\u00f3n, pero sentimos que estamos lejos de ser un referente de periodismo. En ocho meses probablemente hemos conseguido ser un respiro para los lectores sobre Guatemala, nacionales y de afuera, porque los medios tradicionales son, m\u00e1s unos que otros, muy superficiales, conservadores y dependientes de los empresarios y ahora de los pol\u00edticos.<\/p>\n<p>Plaza P\u00fablica naci\u00f3 cuando la universidad jesuita (<a href=\"http:\/\/www.url.edu.gt\/Portalurl\/\" target=\"_blank\" rel=\"noopener\">Rafael Land\u00edvar<\/a>) me contact\u00f3 en agosto de 2010 para proponerme construir un medio de profundidad. Es el sue\u00f1o de todos los periodistas: hacer un peri\u00f3dico que sea profundo, que no tenga que depender de anunciantes y que tampoco tenga que congraciarse con los pol\u00edticos. Y despu\u00e9s de unas peque\u00f1as negociaciones sobre niveles de autonom\u00eda, echamos en andar el proyecto y convoqu\u00e9 a un equipo de periodistas experimentados, comprometidos y con m\u00edstica, que no son muchos, entre periodistas, fot\u00f3grafa y gr\u00e1fico (webmaster) empezamos cinco personas.<\/p>\n<p>En Plaza P\u00fablica somos parte de la universidad, con la que nos sentimos muy a gusto, y desde\u00a0<a href=\"http:\/\/plazapublica.com.gt\/content\/primer-editorial-periodismo-serio-y-democratico\" target=\"_blank\" rel=\"noopener\">el primer editorial<\/a>, que es nuestra constituci\u00f3n, dejamos por escrito que somos aut\u00f3nomos. Entonces la universidad nos da total independencia para decidir el contenido period\u00edstico.<\/p>\n<p>El nombre viene de la\u00a0<a href=\"https:\/\/es.wikipedia.org\/wiki\/J%C3%BCrgen_Habermas\" target=\"_blank\" rel=\"noopener\">tradici\u00f3n habermasiana<\/a>\u00a0que considera que los medios en democracia tenemos que ser como plazas p\u00fablicas en las que los ciudadanos discuten, argumentan y se fiscalizan entre s\u00ed y al poder.<br \/>\nNuestra misi\u00f3n es hacer periodismo. Con apellidos como periodismo de profundidad, periodismo independiente, investigativo, pero al final con un nombre que los medios tradicionales y algunos alternativos olvida: periodismo. Queremos profundizar la informaci\u00f3n sobre el pa\u00eds, poner en el debate nacional temas relegados como las relaciones entre pol\u00edtica y econom\u00eda, pol\u00edtica y crimen organizado o temas sociales.<\/p>\n<p><b>CK:<\/b>\u00a0\u00bfC\u00f3mo se sostiene el proyecto? \u00bfQui\u00e9n lo financia? \u00bfC\u00f3mo est\u00e1 buscando Plaza P\u00fablica su sostenibilidad a largo plazo?<\/p>\n<p><b>MRP:<\/b>\u00a0La universidad paga nuestros sueldos, nos da una oficina, y nos da respaldo adem\u00e1s, porque\u00a0<a href=\"http:\/\/plazapublica.com.gt\/content\/en-serio\" target=\"_blank\" rel=\"noopener\">nos metemos a ver temas muy duros<\/a>\u00a0de pol\u00edtica, de crimen organizado, y agradecemos tener un respaldo institucional fuerte para no estar solos en medio del mar. La relaci\u00f3n que tenemos es por medio de un consejo editorial que est\u00e1 formado por el vicerrector de investigaci\u00f3n, el vicerrector administrativo, el director de Incidencia P\u00fablica, una periodista independiente y yo. Hablamos cada semana de c\u00f3mo va el peri\u00f3dico y la misi\u00f3n de este consejo es velar porque nos mantengamos fieles a la primera editorial, que es donde decimos nuestra l\u00ednea, cu\u00e1les son nuestros principios y qu\u00e9 es lo que queremos hacer en la democracia guatemalteca.<\/p>\n<p>Adem\u00e1s tenemos un fondo del\u00a0<a href=\"http:\/\/www.soros.org\/initiatives\/media\" target=\"_blank\" rel=\"noopener\">Media Programme del Open Society Institute<\/a>\u00a0con sede en Londres por US$100,000 anual. Eso nos permite completar los salarios y adquirir alg\u00fan equipo. La URL [Universidad Rafael Land\u00edvar] financia alrededor de US$200,000.<\/p>\n<p>Plaza P\u00fablica es uno de los veinte objetivos quinquenales de la Universidad, lo que nos garantiza una base de financiamiento. Adem\u00e1s, a partir del a\u00f1o 2012, empezaremos a buscar donantes particulares, institucionales y a vender peque\u00f1as dosis de publicidad.<\/p>\n<p><b>CK:<\/b>\u00a0\u00bfCu\u00e1l es el perfil de quienes conforman su equipo? Por otro lado, es notable que en su secci\u00f3n de blogs, Plaza P\u00fablica cuenta con la participaci\u00f3n de colaboradores muy diversos. \u00bfDe qu\u00e9 maneras buscan la participaci\u00f3n de otros periodistas y la interacci\u00f3n con sus lectores?<\/p>\n<p><b>MRP:<\/b>\u00a0Empezamos cuatro periodistas, todos con alguna experiencia en medios de comunicaci\u00f3n escritos de entre cinco y veinte a\u00f1os; todos cansados de la falta de independencia de los medios escritos tradicionales y con ganas de hacer periodismo independiente y de profundidad, mucho m\u00e1s din\u00e1mico \u2013o como dice (la periodista colombiana)\u00a0<a href=\"http:\/\/knightcenter.utexas.edu\/es\/instructor\/maria-teresa-ronderos-es\" target=\"_blank\" rel=\"noopener\">Mar\u00eda Teresa Ronderos<\/a>, menos acorbatado\u2013. Empezamos a planificar todo en diciembre del 2010. Yo estuve en Bogot\u00e1 viendo las experiencias de\u00a0<a href=\"http:\/\/www.lasillavacia.com\/\" target=\"_blank\" rel=\"noopener\">La Silla Vac\u00eda<\/a>, de\u00a0<a href=\"http:\/\/www.verdadabierta.com\/\" target=\"_blank\" rel=\"noopener\">Verdad Abierta<\/a>, de\u00a0<a href=\"http:\/\/www.semana.com\/Home.aspx\" target=\"_blank\" rel=\"noopener\">Semana<\/a>, y en El Salvador viendo la experiencia de\u00a0<a href=\"http:\/\/www.elfaro.net\/\" target=\"_blank\" rel=\"noopener\">El Faro<\/a>. Convers\u00e9 con\u00a0<a href=\"http:\/\/www.cinco.org.ni\/autor\/2\" target=\"_blank\" rel=\"noopener\">Carlos Fernando Chamorro<\/a>\u00a0en Nicaragua para ver la experiencia de\u00a0<a href=\"http:\/\/www.confidencial.com.ni\/\" target=\"_blank\" rel=\"noopener\">El Confidencial<\/a>. Y el 3 de enero de este a\u00f1o empezamos a preparar el peri\u00f3dico \u2013cuatro periodistas, una asistente administrativa, un editor gr\u00e1fico\/webmaster, y estudiantes universitarios.\u00a0<a href=\"http:\/\/plazapublica.com.gt\/content\/quienes-somos\" target=\"_blank\" rel=\"noopener\">Ahora somos, en total, 22 personas<\/a>, entre dos editores, cuatro reporteros profesionales, dos artistas, una fot\u00f3grafa, un gr\u00e1fico, dos programadores, dos administrativos y siete estudiantes.<\/p>\n<p>Es un equipo joven, con mucha m\u00edstica y muchas ganas de hacer periodismo. Contamos, adem\u00e1s, con unos 30 colaboradores ad honorem para\u00a0<a href=\"http:\/\/plazapublica.com.gt\/content\/blogs-plaza-publica-lunes\" target=\"_blank\" rel=\"noopener\">la secci\u00f3n de blogs<\/a>. Los hemos ido escogiendo con la premisa de que tienen cosas interesantes que decir y pocas puertas abiertas en otros medios; logramos ya un balance de g\u00e9nero y et\u00e1reo y buscamos m\u00e1s equilibrio \u00e9tnico-cultural.<\/p>\n<p><b>CK:<\/b>\u00a0\u00bfA qu\u00e9 lectores va dirigido Plaza P\u00fablica? Y \u00bfqui\u00e9nes lo leen en la actualidad?<\/p>\n<p><b>MRP:<\/b>\u00a0Va dirigido a todos los que quieran leer un poco m\u00e1s a profundidad sobre Guatemala. En el pa\u00eds hay unos 3 millones de usuarios de Internet, en unos 9 millones de adolescentes y adultos, en su mayor\u00eda (no totalidad) de centros urbanos. Nos leen entre 10 y 15 mil personas \u00fanicas cada semana (<a href=\"http:\/\/www.google.com\/analytics\/\" target=\"_blank\" rel=\"noopener\">google analytics<\/a>) y por\u00a0<a href=\"https:\/\/www.facebook.com\/pages\/Plaza-P%C3%BAblica-GT\/154972054558010\" target=\"_blank\" rel=\"noopener\">nuestros seguidores en facebook<\/a>\u00a0podemos intuir que son mayoritariamente urbanos, de clases media y alta, mestizos y blancos.<\/p>\n<p>Queremos llegar a los tomadores de decisi\u00f3n, pero sobretodo aportar a la construcci\u00f3n de una masa cr\u00edtica, como aspirar\u00eda cualquier medio independiente.<\/p>\n<p><b>CK:<\/b>\u00a0La regi\u00f3n centroamericana es actualmente una de las m\u00e1s peligrosas del mundo para ejercer el periodismo. \u00bfQu\u00e9 dificultades y riesgos supone hacer periodismo de investigaci\u00f3n en Guatemala? \u00bfQu\u00e9 implicaciones tiene esto para la cobertura de Plaza P\u00fablica?<\/p>\n<p><b>MRP:<\/b>\u00a0Pues la regi\u00f3n era m\u00e1s peligrosa hace 30 a\u00f1os, cuando era el agujero negro del planeta. Ahora hay algunos riesgos, pero sorteables, m\u00e1s desde la Ciudad de Guatemala, en donde hay m\u00e1s institucionalidad que en el interior. Los riesgos son presiones de pol\u00edticos y empresarios, la amenaza lejana de enojar a alg\u00fan narco, pol\u00edticos intolerantes que lo amenazan a uno con demandas,\u00a0<a href=\"http:\/\/www.plazapublica.com.gt\/content\/plaza-publica-rechaza-campana-negra\" target=\"_blank\" rel=\"noopener\">pol\u00edticos perversos que usan el nombre de uno para campa\u00f1as negras<\/a>, los gajes del oficio.<\/p>\n<p>Lo dif\u00edcil es que los pol\u00edticos a veces nos boicotean y no quieren hablarnos, \u201cporque hacemos preguntas inc\u00f3modas\u201d, y es mucho m\u00e1s f\u00e1cil que les contesten el tel\u00e9fono a los medios tradicionales. Pero no es algo que imposibilite hacer periodismo.<\/p>\n<p><b>CK:<\/b>\u00a0Plaza P\u00fablica se ha caracterizado por cubrir tem\u00e1ticas tradicionalmente consideradas tab\u00fa o tratadas de manera superficial y\/o tendenciosa por los medios de comunicaci\u00f3n dominantes del pa\u00eds; entre ellas:\u00a0<a href=\"http:\/\/plazapublica.com.gt\/content\/otro-campesino-muerto-por-la-tierra\" target=\"_blank\" rel=\"noopener\">la situaci\u00f3n agraria<\/a>,\u00a0<a href=\"http:\/\/plazapublica.com.gt\/content\/18-muertes-diarias-por-desnutricion-capitulo-1\" target=\"_blank\" rel=\"noopener\">la crisis alimentaria<\/a>,\u00a0<a href=\"http:\/\/plazapublica.com.gt\/content\/el-senor-de-las-ong\" target=\"_blank\" rel=\"noopener\">la corrupci\u00f3n empresarial y p\u00fablica<\/a>\u00a0y\u00a0<a href=\"http:\/\/plazapublica.com.gt\/content\/del-monte-contrato-los-mendoza-para-intimidar-sindicalistas\" target=\"_blank\" rel=\"noopener\">los entramados del crimen organizado y el Estado<\/a>. \u00bfPor qu\u00e9 han decidido abordar tan decisivamente dichos temas y cu\u00e1les han sido las reacciones?<\/p>\n<p><b>MRP:<\/b>\u00a0Abordar estos temas es nuestra raz\u00f3n de ser en Plaza P\u00fablica. Por eso comenzamos un medio m\u00e1s independiente. Para cubrir la corrupci\u00f3n empresarial p\u00fablica, los entramados del crimen organizado y el Estado, los temas de los m\u00e1s d\u00e9biles en el agro. Porque est\u00e1bamos cansados de no verlo en las p\u00e1ginas o en las pantallas de los medios tradicionales y consideramos que es esencial para la comprensi\u00f3n del pa\u00eds, para que todos los ciudadanos tengan m\u00e1s informaci\u00f3n para tener m\u00e1s soberan\u00eda.<\/p>\n<p>Nos han tachado de comunistas, porque muchos poderosos no pueden relacionar independencia o no ser conservador con ninguna otra figura. La gente con poder creemos que est\u00e1 desconcertada, porque est\u00e1n acostumbrados a que los medios tengan agendas para arruinar personas sin ninguna responsabilidad de presentar cierto balance \u2013que no es lo mismo que objetividad\u2013. Entonces muchas veces no entienden que lo que hacemos b\u00e1sicamente se resume en una palabra: periodismo. Eso s\u00ed, hay un cierto reconocimiento tambi\u00e9n de parte de los que tienen poder, saben que trabajamos mucho y que somos disciplinados.<\/p>\n<p><b>CK:<\/b>\u00a0\u00bfC\u00f3mo ha repercutido en Plaza P\u00fablica el haber recibido de\u00a0<a href=\"http:\/\/wikileaks.org\/\" target=\"_blank\" rel=\"noopener\">WikiLeaks<\/a>\u00a0los\u00a0<a href=\"http:\/\/www.plazapublica.com.gt\/content\/revelar-los-wikileaks-de-guatemala\" target=\"_blank\" rel=\"noopener\">cables diplom\u00e1ticos sobre Guatemala<\/a>? \u00bfCu\u00e1l ha sido la reacci\u00f3n de los guatemaltecos a los cables? \u00bfEra lo que ustedes esperaban?<\/p>\n<p><b>MRP:<\/b>\u00a0Nos puso a otro nivel nacional e internacionalmente. Fue como somatar la mesa para mostrar que est\u00e1bamos\u00a0<a href=\"http:\/\/plazapublica.com.gt\/content\/los-cables-de-wikileaks\" target=\"_blank\" rel=\"noopener\">presentes en el debate nacional<\/a>\u00a0y que nos hab\u00edamos constituido como el medio m\u00e1s independiente del pa\u00eds en menos de seis meses. Plaza P\u00fablica fue el medio m\u00e1s joven, m\u00e1s peque\u00f1o y el \u00faltimo al que le dieron los cables en exclusiva en el mundo, y en total nos los dieron a unos 50 medios.<br \/>\nNos sorprendi\u00f3, na\u00efvmente, que los medios tradicionales (<a href=\"http:\/\/prensalibre.com\/\" target=\"_blank\" rel=\"noopener\">Prensa Libre<\/a>,\u00a0<a href=\"http:\/\/www.s21.com.gt\/\" target=\"_blank\" rel=\"noopener\">Siglo21<\/a>\u00a0y, en menor medida,\u00a0<a href=\"http:\/\/www.elperiodico.com.gt\/\" target=\"_blank\" rel=\"noopener\">elPeri\u00f3dico<\/a>) ignoraran totalmente el contenido de los cables, cuando ellos hab\u00edan estado rogando a WikiLeaks que se los diera. Fue una muestra m\u00e1s de su falta de independencia y de su orgullo herido.<\/p>\n<p>Los cables triplicaron nuestras visitas y nos pusieron en boca del mundo pol\u00edtico, y nos ha permitido ser una carta de presentaci\u00f3n.<\/p>\n<p>Fue fascinante\u00a0<a href=\"http:\/\/www.plazapublica.com.gt\/content\/el-camino-de-los-fantasmas-hacia-los-wikileaks\" target=\"_blank\" rel=\"noopener\">haberlos conseguido<\/a>.<\/p>\n<p><b>CK:<\/b>\u00a0La actual\u00a0<a href=\"http:\/\/elecciones2011.tse.org.gt\/\" target=\"_blank\" rel=\"noopener\">contienda electoral<\/a>\u00a0se libra entre dos candidatos controvertidos que no han demostrado inter\u00e9s por fomentar una prensa independiente.\u00a0<a href=\"http:\/\/plazapublica.com.gt\/content\/plaza-publica-rechaza-campana-negra\" target=\"_blank\" rel=\"noopener\">Plaza P\u00fablica denunci\u00f3 recientemente una campa\u00f1a negra<\/a>\u00a0en la que se le utilizaba para desprestigiar a uno de ellos. En lo personal, \u00bfqu\u00e9 te dice el hecho de que se haya utilizado el nombre de Plaza P\u00fablica de esta manera? Por otro lado, \u00bfc\u00f3mo ves es el panorama para el periodismo en Guatemala en los pr\u00f3ximos cuatro a\u00f1os y para Plaza P\u00fablica en particular?<\/p>\n<p><b>MRP:<\/b>\u00a0Pues por un lado es casi un piropo porque muestra que Plaza P\u00fablica est\u00e1 construyendo tanta credibilidad que es utilizada hasta para fines viles. Por otro lado, es una muestra de la perversidad de los pol\u00edticos del\u00a0<a href=\"http:\/\/www.metropolitanalider.com\/\" target=\"_blank\" rel=\"noopener\">partido L\u00edder<\/a>, quien creemos que es el responsable de esto.<\/p>\n<p>El panorama no es optimista.\u00a0<a href=\"http:\/\/www.partidopatriota.com\/\" target=\"_blank\" rel=\"noopener\">El PP<\/a>\u00a0y sus amigos exmilitares no s\u00e9 cu\u00e1n tolerantes ser\u00e1n con las cr\u00edticas, pues\u00a0<a href=\"http:\/\/plazapublica.com.gt\/content\/otto-perez-financistas-alianzas-nebaj-y-los-mendoza\" target=\"_blank\" rel=\"noopener\">no se les ha fiscalizado en serio<\/a>. Y\u00a0<a href=\"http:\/\/www.plazapublica.com.gt\/content\/baldizon-el-berlusconi-de-peten\" target=\"_blank\" rel=\"noopener\">Manuel Baldiz\u00f3n es una verdadera amenaza para la libertad de prensa<\/a>, pues cree en un modelo autoritario con una prensa servil y es gamonal para hacer campa\u00f1as de desprestigio contra periodistas o para\u00a0<a href=\"http:\/\/www.plazapublica.com.gt\/content\/campana-negra-de-otro-nivel-en-flores\" target=\"_blank\" rel=\"noopener\">intentar censurar sus cr\u00edticas<\/a>.<\/p>\n<p>A esto se le suma\u00a0<a href=\"http:\/\/insightcrime.org\/country-profiles\/guatemala\" target=\"_blank\" rel=\"noopener\">la amenaza del crimen organizado<\/a>, que se disputa el pa\u00eds.<\/p>\n<p><b>CK:<\/b>\u00a0En tu opini\u00f3n, \u00bfcu\u00e1l es el papel de la prensa para la ampliaci\u00f3n y profundizaci\u00f3n democr\u00e1tica en el llamado \u201cpost-conflicto\u201d guatemalteco? \u00bfC\u00f3mo crees que podr\u00eda fortalecerse el buen oficio period\u00edstico en el pa\u00eds?<\/p>\n<p><b>MRP:<\/b>\u00a0El papel de la Prensa es clave para fortalecer a los ciudadanos, para que tengan informaci\u00f3n m\u00e1s profunda y completa y puedan tomar mejores decisiones en su vida personal y en su vida pol\u00edtica. Aunque creo que dista de ser el cuarto poder de una democracia, creo que una prensa independiente puede ser un contrapoder que fiscaliza a quienes tienen poder. Y es muy importante recordar que nuestro deber no s\u00f3lo es fiscalizar a quienes est\u00e1n en el Gobierno o el Congreso, sino a todos los que tienen poder, empezando por los empresarios y terminando por los ciudadanos.<\/p>\n<p><a href=\"https:\/\/secure.wikimedia.org\/wikipedia\/es\/wiki\/Historia_de_Guatemala\" target=\"_blank\" rel=\"noopener\">Guatemala ha sido un pa\u00eds autoritario desde antes del conflicto armado interno<\/a>\u00a0y las dictaduras de 30 a\u00f1os (1954-1984), y lo que hizo ese per\u00edodo fue profundizarlo, profundizar ese estado autoritario, de ilegalidad, mafioso. Y la \u00fanica manera de combatir a profundidad el autoritarismo es la palabra.<\/p>\n<p><b>CK:<\/b>\u00a0\u00bfExisten proyectos period\u00edsticos que te sirvan como modelos de inspiraci\u00f3n? \u00bfColabora Plaza P\u00fablica con ellos?<\/p>\n<p><b>MRP:<\/b>\u00a0S\u00ed, tenemos muchos que nos inspiran.\u00a0<a href=\"http:\/\/www.elfaro.net\/\" target=\"_blank\" rel=\"noopener\">El Faro<\/a>\u00a0en El Salvador,\u00a0<a href=\"http:\/\/www.lasillavacia.com\/\" target=\"_blank\" rel=\"noopener\">La Silla Vac\u00eda<\/a>\u00a0en Bogot\u00e1,\u00a0<a href=\"http:\/\/www.confidencial.com.ni\/\" target=\"_blank\" rel=\"noopener\">El Confidencial<\/a>\u00a0en Nicaragua,\u00a0<a href=\"https:\/\/www.propublica.org\/\" target=\"_blank\" rel=\"noopener\">ProPublica<\/a>\u00a0en Nueva York. Tenemos alianzas con varios de ellos para reproducir contenido de manera gratuita. Pero tambi\u00e9n nos inspiran medios que no son \u00fanicamente digitales, como\u00a0<a href=\"http:\/\/www.semana.com\/Home.aspx\" target=\"_blank\" rel=\"noopener\">Semana<\/a>\u00a0en Colombia,\u00a0<a href=\"http:\/\/www.efe.com\/\" target=\"_blank\" rel=\"noopener\">la agencia EFE<\/a>\u00a0\u2013que nos da su material de manera gratuita por medio de la\u00a0<a href=\"http:\/\/www.fundacionefe.es\/\" target=\"_blank\" rel=\"noopener\">Fundaci\u00f3n EFE<\/a>\u2013 o\u00a0<a href=\"http:\/\/www.elpais.com\/global\/\" target=\"_blank\" rel=\"noopener\">El Pa\u00eds<\/a>\u00a0en Espa\u00f1a, pues al final de cuentas lo que hacemos en Plaza P\u00fablica es periodismo cl\u00e1sico.<\/p>\n<p><b>CK:<\/b>\u00a0\u00bfCu\u00e1les son las perspectivas de Plaza P\u00fablica como proyecto a mediano y largo plazo? \u00bfQu\u00e9 potencialidades y limitaciones le ves a los nuevos medios digitales y a las redes sociales, tomando en cuenta que Guatemala sigue siendo un pa\u00eds de conectividad muy limitada, especialmente en las \u00e1reas rurales? \u00bfProyectan dar el salto al papel? \u00bfD\u00f3nde ves el proyecto en 5 y 10 a\u00f1os?<\/p>\n<p><b>MRP:<\/b>\u00a0Guatemala tiene 3 millones de internautas. Es un tercio de los adultos y adolescentes del pa\u00eds, y con mucho crecimiento. Tenemos todav\u00eda campo para crecer, y lo haremos. Este es un proyecto a largo plazo. Optamos por seguir el modelo de ProPublica, que es tener\u00a0<a href=\"http:\/\/gt.creativecommons.org\/index.php\/%C2%BFQu%C3%A9_es_CC%3F\" target=\"_blank\" rel=\"noopener\">licencia de Creative Commons<\/a>, que es que la gente puede usar nuestro contenido de manera gratuita, pero citando nuestro sitio. Somos el primer medio centroamericano con\u00a0<a href=\"https:\/\/es.wikipedia.org\/wiki\/Copyleft\" target=\"_blank\" rel=\"noopener\">licencia de CopyLeft<\/a>. Y pues lo que hace ProPublica es llegar a acuerdos con el\u00a0<a href=\"https:\/\/www.nytimes.com\/\" target=\"_blank\" rel=\"noopener\">NYTimes<\/a>\u00a0o el\u00a0<a href=\"http:\/\/www.washingtonpost.com\/\" target=\"_blank\" rel=\"noopener\">Washington Post<\/a>\u00a0para que ellos reproduzcan sus investigaciones, de manera gratuita para ambos. Nosotros lo intentamos hacer, pero los matutinos tradicionales no son tan maduros y todav\u00eda creen que la historia es la que s\u00f3lo ellos cuentan. S\u00ed tenemos un acuerdo con\u00a0<a href=\"http:\/\/www.lahora.com.gt\/\" target=\"_blank\" rel=\"noopener\">La Hora<\/a>, que es un vespertino peque\u00f1o; otro acuerdo con el\u00a0<a href=\"http:\/\/www.iger.edu.gt\/\" target=\"_blank\" rel=\"noopener\">IGER<\/a>, que es una radio popular y educativa de los jesuitas; y estamos procurando acuerdos con canales de televisi\u00f3n, pues una de nuestras tareas pendientes es crecer y llegar a la mayor cantidad posible de ciudadanos.<\/p>\n<p>En 5 y 10 a\u00f1os nos vemos como uno de los medios m\u00e1s serios y de calidad del continente, de vanguardia en la relaci\u00f3n entre periodismo y tecnolog\u00eda, siendo un semillero de periodistas de otra generaci\u00f3n, menos dicot\u00f3mica y superficial, que ayude a que los ciudadanos y ciudadanas de Guatemala y Centroam\u00e9rica tengan una visi\u00f3n m\u00e1s completa y cr\u00edtica de su pa\u00eds y sus democracias, para poder tener m\u00e1s poder y soberan\u00eda en relaci\u00f3n a sus autoridades y a los m\u00e1s poderosos.<\/p>\n","protected":false},"excerpt":{"rendered":"<p>Plaza P\u00fablica\u00a0es un peri\u00f3dico digital independiente sin fines de lucro que naci\u00f3 en enero de 2011 en Guatemala. El\u00a0Centro Knight para el Periodismo en las Am\u00e9ricas\u00a0convers\u00f3 con el periodista\u00a0Mart\u00edn Rodr\u00edguez Pellecer, fundador y director del proyecto, el cual describe como una plataforma en la que \"los ciudadanos discuten, argumentan y se fiscalizan entre s\u00ed y al poder\". Plaza P\u00fablica se ha dedicado a la investigaci\u00f3n y cobertura de temas que la prensa tradicional guatemalteca ha considerado tab\u00fa: la situaci\u00f3n agraria, la corrupci\u00f3n p\u00fablica-empresarial y el\u00a0narcotr\u00e1fico, entre otros. En la v\u00edspera de\u00a0las elecciones presidenciales de Guatemala, que se realizar\u00e1n este domingo, 6 de noviembre, el fundador y director del medio habla de la trayectoria de Plaza P\u00fablica, el impacto que gener\u00f3\u00a0la publicaci\u00f3n de los cables diplom\u00e1ticos de Wikileaks\u00a0y los desaf\u00edos que implica realizar periodismo de profundidad en su pa\u00eds.<\/p>\n","protected":false},"author":40,"featured_media":0,"comment_status":"closed","ping_status":"closed","sticky":false,"template":"","format":"standard","meta":{"inline_featured_image":false,"footnotes":""},"categories":[1227],"tags":[],"coauthors":[],"class_list":["post-24854","post","type-post","status-publish","format-standard","hentry","category-acceso-a-la-informacion-es"],"acf":[],"yoast_head":"<!-- This site is optimized with the Yoast SEO Premium plugin v22.6 (Yoast SEO v27.4) - https:\/\/yoast.com\/product\/yoast-seo-premium-wordpress\/ -->\n<title>Plaza P\u00fablica: peri\u00f3dico digital independiente y sin fines de lucro investiga temas tab\u00faes en Guatemala (Entrevista) - LatAm Journalism Review<\/title>\n<meta name=\"description\" content=\"Plaza P\u00fablica: peri\u00f3dico digital independiente y sin fines de lucro investiga temas tab\u00faes en Guatemala (Entrevista) Acceso a la Informaci\u00f3n. Latin American Journalism Review by The Knight Center at The University of Texas at Austin.\" \/>\n<meta name=\"robots\" content=\"index, follow, max-snippet:-1, max-image-preview:large, max-video-preview:-1\" \/>\n<link rel=\"canonical\" href=\"https:\/\/latamjournalismreview.org\/es\/articles\/plaza-publica-periodico-digital-independiente-y-sin-fines-de-lucro-investiga-temas-tabues-en-guatemala-entrevista\/\" \/>\n<meta property=\"og:locale\" content=\"es_ES\" \/>\n<meta property=\"og:type\" content=\"article\" \/>\n<meta property=\"og:title\" content=\"Plaza P\u00fablica: peri\u00f3dico digital independiente y sin fines de lucro investiga temas tab\u00faes en Guatemala (Entrevista)\" \/>\n<meta property=\"og:description\" content=\"Plaza P\u00fablica: peri\u00f3dico digital independiente y sin fines de lucro investiga temas tab\u00faes en Guatemala (Entrevista) Acceso a la Informaci\u00f3n. Latin American Journalism Review by The Knight Center at The University of Texas at Austin.\" \/>\n<meta property=\"og:url\" content=\"https:\/\/latamjournalismreview.org\/es\/articles\/plaza-publica-periodico-digital-independiente-y-sin-fines-de-lucro-investiga-temas-tabues-en-guatemala-entrevista\/\" \/>\n<meta property=\"og:site_name\" content=\"LatAm Journalism Review\" \/>\n<meta property=\"article:published_time\" content=\"2011-11-04T20:06:21+00:00\" \/>\n<meta property=\"article:modified_time\" content=\"2021-07-30T20:08:27+00:00\" \/>\n<meta name=\"author\" content=\"Tania Lara\" \/>\n<meta name=\"twitter:card\" content=\"summary_large_image\" \/>\n<meta name=\"twitter:creator\" content=\"@LatAmJournalism\" \/>\n<meta name=\"twitter:site\" content=\"@LatAmJournalism\" \/>\n<meta name=\"twitter:label1\" content=\"Written by\" \/>\n\t<meta name=\"twitter:data1\" content=\"Tania Lara\" \/>\n\t<meta name=\"twitter:label2\" content=\"Est. reading time\" \/>\n\t<meta name=\"twitter:data2\" content=\"14 minutos\" \/>\n<script type=\"application\/ld+json\" class=\"yoast-schema-graph\">{\"@context\":\"https:\\\/\\\/schema.org\",\"@graph\":[{\"@type\":\"Article\",\"@id\":\"https:\\\/\\\/latamjournalismreview.org\\\/es\\\/articles\\\/plaza-publica-periodico-digital-independiente-y-sin-fines-de-lucro-investiga-temas-tabues-en-guatemala-entrevista\\\/#article\",\"isPartOf\":{\"@id\":\"https:\\\/\\\/latamjournalismreview.org\\\/es\\\/articles\\\/plaza-publica-periodico-digital-independiente-y-sin-fines-de-lucro-investiga-temas-tabues-en-guatemala-entrevista\\\/\"},\"author\":{\"name\":\"Tania Lara\",\"@id\":\"https:\\\/\\\/latamjournalismreview.org\\\/es\\\/#\\\/schema\\\/person\\\/51558925140f21242c6ed2d20b8260c5\"},\"headline\":\"Plaza P\u00fablica: peri\u00f3dico digital independiente y sin fines de lucro investiga temas tab\u00faes en Guatemala (Entrevista)\",\"datePublished\":\"2011-11-04T20:06:21+00:00\",\"dateModified\":\"2021-07-30T20:08:27+00:00\",\"mainEntityOfPage\":{\"@id\":\"https:\\\/\\\/latamjournalismreview.org\\\/es\\\/articles\\\/plaza-publica-periodico-digital-independiente-y-sin-fines-de-lucro-investiga-temas-tabues-en-guatemala-entrevista\\\/\"},\"wordCount\":2790,\"publisher\":{\"@id\":\"https:\\\/\\\/latamjournalismreview.org\\\/es\\\/#organization\"},\"articleSection\":[\"Acceso a la Informaci\u00f3n\"],\"inLanguage\":\"es\"},{\"@type\":\"WebPage\",\"@id\":\"https:\\\/\\\/latamjournalismreview.org\\\/es\\\/articles\\\/plaza-publica-periodico-digital-independiente-y-sin-fines-de-lucro-investiga-temas-tabues-en-guatemala-entrevista\\\/\",\"url\":\"https:\\\/\\\/latamjournalismreview.org\\\/es\\\/articles\\\/plaza-publica-periodico-digital-independiente-y-sin-fines-de-lucro-investiga-temas-tabues-en-guatemala-entrevista\\\/\",\"name\":\"Plaza P\u00fablica: peri\u00f3dico digital independiente y sin fines de lucro investiga temas tab\u00faes en Guatemala (Entrevista) - LatAm Journalism Review\",\"isPartOf\":{\"@id\":\"https:\\\/\\\/latamjournalismreview.org\\\/es\\\/#website\"},\"datePublished\":\"2011-11-04T20:06:21+00:00\",\"dateModified\":\"2021-07-30T20:08:27+00:00\",\"description\":\"Plaza P\u00fablica: peri\u00f3dico digital independiente y sin fines de lucro investiga temas tab\u00faes en Guatemala (Entrevista) Acceso a la Informaci\u00f3n. Latin American Journalism Review by The Knight Center at The University of Texas at Austin.\",\"breadcrumb\":{\"@id\":\"https:\\\/\\\/latamjournalismreview.org\\\/es\\\/articles\\\/plaza-publica-periodico-digital-independiente-y-sin-fines-de-lucro-investiga-temas-tabues-en-guatemala-entrevista\\\/#breadcrumb\"},\"inLanguage\":\"es\",\"potentialAction\":[{\"@type\":\"ReadAction\",\"target\":[\"https:\\\/\\\/latamjournalismreview.org\\\/es\\\/articles\\\/plaza-publica-periodico-digital-independiente-y-sin-fines-de-lucro-investiga-temas-tabues-en-guatemala-entrevista\\\/\"]}]},{\"@type\":\"BreadcrumbList\",\"@id\":\"https:\\\/\\\/latamjournalismreview.org\\\/es\\\/articles\\\/plaza-publica-periodico-digital-independiente-y-sin-fines-de-lucro-investiga-temas-tabues-en-guatemala-entrevista\\\/#breadcrumb\",\"itemListElement\":[{\"@type\":\"ListItem\",\"position\":1,\"name\":\"Home\",\"item\":\"https:\\\/\\\/latamjournalismreview.org\\\/es\\\/\"},{\"@type\":\"ListItem\",\"position\":2,\"name\":\"Plaza P\u00fablica: peri\u00f3dico digital independiente y sin fines de lucro investiga temas tab\u00faes en Guatemala (Entrevista)\"}]},{\"@type\":\"WebSite\",\"@id\":\"https:\\\/\\\/latamjournalismreview.org\\\/es\\\/#website\",\"url\":\"https:\\\/\\\/latamjournalismreview.org\\\/es\\\/\",\"name\":\"LatAm Journalism Review\",\"description\":\"Knight Center at The University of Texas\",\"publisher\":{\"@id\":\"https:\\\/\\\/latamjournalismreview.org\\\/es\\\/#organization\"},\"potentialAction\":[{\"@type\":\"SearchAction\",\"target\":{\"@type\":\"EntryPoint\",\"urlTemplate\":\"https:\\\/\\\/latamjournalismreview.org\\\/es\\\/?s={search_term_string}\"},\"query-input\":{\"@type\":\"PropertyValueSpecification\",\"valueRequired\":true,\"valueName\":\"search_term_string\"}}],\"inLanguage\":\"es\"},{\"@type\":\"Organization\",\"@id\":\"https:\\\/\\\/latamjournalismreview.org\\\/es\\\/#organization\",\"name\":\"LatAm Journalism Review\",\"url\":\"https:\\\/\\\/latamjournalismreview.org\\\/es\\\/\",\"logo\":{\"@type\":\"ImageObject\",\"inLanguage\":\"es\",\"@id\":\"https:\\\/\\\/latamjournalismreview.org\\\/es\\\/#\\\/schema\\\/logo\\\/image\\\/\",\"url\":\"https:\\\/\\\/latamjournalismreview.org\\\/wp-content\\\/uploads\\\/2020\\\/05\\\/knight-latAm-review-logo.svg\",\"contentUrl\":\"https:\\\/\\\/latamjournalismreview.org\\\/wp-content\\\/uploads\\\/2020\\\/05\\\/knight-latAm-review-logo.svg\",\"width\":\"1024\",\"height\":\"1024\",\"caption\":\"LatAm Journalism Review\"},\"image\":{\"@id\":\"https:\\\/\\\/latamjournalismreview.org\\\/es\\\/#\\\/schema\\\/logo\\\/image\\\/\"},\"sameAs\":[\"https:\\\/\\\/x.com\\\/LatAmJournalism\"]},{\"@type\":\"Person\",\"@id\":\"https:\\\/\\\/latamjournalismreview.org\\\/es\\\/#\\\/schema\\\/person\\\/51558925140f21242c6ed2d20b8260c5\",\"name\":\"Tania Lara\",\"url\":\"https:\\\/\\\/latamjournalismreview.org\\\/es\\\/articles\\\/author\\\/tania-lara\\\/\"}]}<\/script>\n<!-- \/ Yoast SEO Premium plugin. -->","yoast_head_json":{"title":"Plaza P\u00fablica: peri\u00f3dico digital independiente y sin fines de lucro investiga temas tab\u00faes en Guatemala (Entrevista) - LatAm Journalism Review","description":"Plaza P\u00fablica: peri\u00f3dico digital independiente y sin fines de lucro investiga temas tab\u00faes en Guatemala (Entrevista) Acceso a la Informaci\u00f3n. Latin American Journalism Review by The Knight Center at The University of Texas at Austin.","robots":{"index":"index","follow":"follow","max-snippet":"max-snippet:-1","max-image-preview":"max-image-preview:large","max-video-preview":"max-video-preview:-1"},"canonical":"https:\/\/latamjournalismreview.org\/es\/articles\/plaza-publica-periodico-digital-independiente-y-sin-fines-de-lucro-investiga-temas-tabues-en-guatemala-entrevista\/","og_locale":"es_ES","og_type":"article","og_title":"Plaza P\u00fablica: peri\u00f3dico digital independiente y sin fines de lucro investiga temas tab\u00faes en Guatemala (Entrevista)","og_description":"Plaza P\u00fablica: peri\u00f3dico digital independiente y sin fines de lucro investiga temas tab\u00faes en Guatemala (Entrevista) Acceso a la Informaci\u00f3n. Latin American Journalism Review by The Knight Center at The University of Texas at Austin.","og_url":"https:\/\/latamjournalismreview.org\/es\/articles\/plaza-publica-periodico-digital-independiente-y-sin-fines-de-lucro-investiga-temas-tabues-en-guatemala-entrevista\/","og_site_name":"LatAm Journalism Review","article_published_time":"2011-11-04T20:06:21+00:00","article_modified_time":"2021-07-30T20:08:27+00:00","author":"Tania Lara","twitter_card":"summary_large_image","twitter_creator":"@LatAmJournalism","twitter_site":"@LatAmJournalism","twitter_misc":{"Written by":"Tania Lara","Est. reading time":"14 minutos"},"schema":{"@context":"https:\/\/schema.org","@graph":[{"@type":"Article","@id":"https:\/\/latamjournalismreview.org\/es\/articles\/plaza-publica-periodico-digital-independiente-y-sin-fines-de-lucro-investiga-temas-tabues-en-guatemala-entrevista\/#article","isPartOf":{"@id":"https:\/\/latamjournalismreview.org\/es\/articles\/plaza-publica-periodico-digital-independiente-y-sin-fines-de-lucro-investiga-temas-tabues-en-guatemala-entrevista\/"},"author":{"name":"Tania Lara","@id":"https:\/\/latamjournalismreview.org\/es\/#\/schema\/person\/51558925140f21242c6ed2d20b8260c5"},"headline":"Plaza P\u00fablica: peri\u00f3dico digital independiente y sin fines de lucro investiga temas tab\u00faes en Guatemala (Entrevista)","datePublished":"2011-11-04T20:06:21+00:00","dateModified":"2021-07-30T20:08:27+00:00","mainEntityOfPage":{"@id":"https:\/\/latamjournalismreview.org\/es\/articles\/plaza-publica-periodico-digital-independiente-y-sin-fines-de-lucro-investiga-temas-tabues-en-guatemala-entrevista\/"},"wordCount":2790,"publisher":{"@id":"https:\/\/latamjournalismreview.org\/es\/#organization"},"articleSection":["Acceso a la Informaci\u00f3n"],"inLanguage":"es"},{"@type":"WebPage","@id":"https:\/\/latamjournalismreview.org\/es\/articles\/plaza-publica-periodico-digital-independiente-y-sin-fines-de-lucro-investiga-temas-tabues-en-guatemala-entrevista\/","url":"https:\/\/latamjournalismreview.org\/es\/articles\/plaza-publica-periodico-digital-independiente-y-sin-fines-de-lucro-investiga-temas-tabues-en-guatemala-entrevista\/","name":"Plaza P\u00fablica: peri\u00f3dico digital independiente y sin fines de lucro investiga temas tab\u00faes en Guatemala (Entrevista) - LatAm Journalism Review","isPartOf":{"@id":"https:\/\/latamjournalismreview.org\/es\/#website"},"datePublished":"2011-11-04T20:06:21+00:00","dateModified":"2021-07-30T20:08:27+00:00","description":"Plaza P\u00fablica: peri\u00f3dico digital independiente y sin fines de lucro investiga temas tab\u00faes en Guatemala (Entrevista) Acceso a la Informaci\u00f3n. Latin American Journalism Review by The Knight Center at The University of Texas at Austin.","breadcrumb":{"@id":"https:\/\/latamjournalismreview.org\/es\/articles\/plaza-publica-periodico-digital-independiente-y-sin-fines-de-lucro-investiga-temas-tabues-en-guatemala-entrevista\/#breadcrumb"},"inLanguage":"es","potentialAction":[{"@type":"ReadAction","target":["https:\/\/latamjournalismreview.org\/es\/articles\/plaza-publica-periodico-digital-independiente-y-sin-fines-de-lucro-investiga-temas-tabues-en-guatemala-entrevista\/"]}]},{"@type":"BreadcrumbList","@id":"https:\/\/latamjournalismreview.org\/es\/articles\/plaza-publica-periodico-digital-independiente-y-sin-fines-de-lucro-investiga-temas-tabues-en-guatemala-entrevista\/#breadcrumb","itemListElement":[{"@type":"ListItem","position":1,"name":"Home","item":"https:\/\/latamjournalismreview.org\/es\/"},{"@type":"ListItem","position":2,"name":"Plaza P\u00fablica: peri\u00f3dico digital independiente y sin fines de lucro investiga temas tab\u00faes en Guatemala (Entrevista)"}]},{"@type":"WebSite","@id":"https:\/\/latamjournalismreview.org\/es\/#website","url":"https:\/\/latamjournalismreview.org\/es\/","name":"LatAm Journalism Review","description":"Knight Center at The University of Texas","publisher":{"@id":"https:\/\/latamjournalismreview.org\/es\/#organization"},"potentialAction":[{"@type":"SearchAction","target":{"@type":"EntryPoint","urlTemplate":"https:\/\/latamjournalismreview.org\/es\/?s={search_term_string}"},"query-input":{"@type":"PropertyValueSpecification","valueRequired":true,"valueName":"search_term_string"}}],"inLanguage":"es"},{"@type":"Organization","@id":"https:\/\/latamjournalismreview.org\/es\/#organization","name":"LatAm Journalism Review","url":"https:\/\/latamjournalismreview.org\/es\/","logo":{"@type":"ImageObject","inLanguage":"es","@id":"https:\/\/latamjournalismreview.org\/es\/#\/schema\/logo\/image\/","url":"https:\/\/latamjournalismreview.org\/wp-content\/uploads\/2020\/05\/knight-latAm-review-logo.svg","contentUrl":"https:\/\/latamjournalismreview.org\/wp-content\/uploads\/2020\/05\/knight-latAm-review-logo.svg","width":"1024","height":"1024","caption":"LatAm Journalism Review"},"image":{"@id":"https:\/\/latamjournalismreview.org\/es\/#\/schema\/logo\/image\/"},"sameAs":["https:\/\/x.com\/LatAmJournalism"]},{"@type":"Person","@id":"https:\/\/latamjournalismreview.org\/es\/#\/schema\/person\/51558925140f21242c6ed2d20b8260c5","name":"Tania Lara","url":"https:\/\/latamjournalismreview.org\/es\/articles\/author\/tania-lara\/"}]}},"_links":{"self":[{"href":"https:\/\/latamjournalismreview.org\/es\/wp-json\/wp\/v2\/posts\/24854","targetHints":{"allow":["GET"]}}],"collection":[{"href":"https:\/\/latamjournalismreview.org\/es\/wp-json\/wp\/v2\/posts"}],"about":[{"href":"https:\/\/latamjournalismreview.org\/es\/wp-json\/wp\/v2\/types\/post"}],"author":[{"embeddable":true,"href":"https:\/\/latamjournalismreview.org\/es\/wp-json\/wp\/v2\/users\/40"}],"replies":[{"embeddable":true,"href":"https:\/\/latamjournalismreview.org\/es\/wp-json\/wp\/v2\/comments?post=24854"}],"version-history":[{"count":1,"href":"https:\/\/latamjournalismreview.org\/es\/wp-json\/wp\/v2\/posts\/24854\/revisions"}],"predecessor-version":[{"id":24857,"href":"https:\/\/latamjournalismreview.org\/es\/wp-json\/wp\/v2\/posts\/24854\/revisions\/24857"}],"wp:attachment":[{"href":"https:\/\/latamjournalismreview.org\/es\/wp-json\/wp\/v2\/media?parent=24854"}],"wp:term":[{"taxonomy":"category","embeddable":true,"href":"https:\/\/latamjournalismreview.org\/es\/wp-json\/wp\/v2\/categories?post=24854"},{"taxonomy":"post_tag","embeddable":true,"href":"https:\/\/latamjournalismreview.org\/es\/wp-json\/wp\/v2\/tags?post=24854"},{"taxonomy":"author","embeddable":true,"href":"https:\/\/latamjournalismreview.org\/es\/wp-json\/wp\/v2\/coauthors?post=24854"}],"curies":[{"name":"wp","href":"https:\/\/api.w.org\/{rel}","templated":true}]}}