{"id":2487,"date":"2019-08-01T21:47:22","date_gmt":"2019-08-02T02:47:22","guid":{"rendered":"https:\/\/live-lajr.pantheonsite.io\/?p=2487"},"modified":"2020-06-10T19:41:21","modified_gmt":"2020-06-11T00:41:21","slug":"despues-de-ataque-a-sus-oficinas-periodico-en-mexico-suspende-edicion-impresa-y-no-cubrira-temas-policiacos-digitalmente","status":"publish","type":"post","link":"https:\/\/latamjournalismreview.org\/es\/articles\/despues-de-ataque-a-sus-oficinas-periodico-en-mexico-suspende-edicion-impresa-y-no-cubrira-temas-policiacos-digitalmente\/","title":{"rendered":"Despu\u00e9s de ataque a sus oficinas, peri\u00f3dico en M\u00e9xico suspende edici\u00f3n impresa y no cubrir\u00e1 temas polic\u00edacos digitalmente"},"content":{"rendered":"<p>Un peri\u00f3dico en el norte\u00f1o estado de Chihuahua en M\u00e9xico suspendi\u00f3 temporalmente su edici\u00f3n impresa despu\u00e9s de un ataque a sus instalaciones.<\/p>\n<p>El Monitor de Parral\u00a0<a href=\"https:\/\/www.elmonitorparral.com\/notas.pl?n=116467\" target=\"_blank\" rel=\"noopener noreferrer\">hizo el anuncio a trav\u00e9s de un editorial<\/a>\u00a0publicado el 31 de julio despu\u00e9s de que sus instalaciones y personal fueron \u201cv\u00edctimas de una agresi\u00f3n\u201d en la madrugada de ese d\u00eda.<\/p>\n<p>\u201cSuspendemos temporalmente nuestra edici\u00f3n en papel en espera de encontrar mejores condiciones para el trabajo period\u00edstico\u201d, escribi\u00f3 el peri\u00f3dico ubicado en Hidalgo de Parral.<\/p>\n<p>La publicaci\u00f3n dijo que cambiar\u00e1 el \u201cperfil editorial\u201d de su edici\u00f3n digital.<\/p>\n<p>\u201cNo habremos de publicar, absolutamente ninguna noticia de car\u00e1cter polic\u00edaco \u2013 por importante que fuere\u201d, se\u00f1ala el editorial. \u201cAs\u00ed mismo, tampoco nos veremos involucrados en ning\u00fan aspecto que represente un sesgo pol\u00edtico\u201d.<\/p>\n<p>Sin embargo, el peri\u00f3dico reiter\u00f3 su compromiso con el periodismo que ha llevado a cabo durante 58 a\u00f1os.<\/p>\n<blockquote class=\"twitter-tweet\" data-width=\"500\" data-dnt=\"true\">\n<p lang=\"es\" dir=\"ltr\">Sujetos desconocidos atacaron con artefactos explosivos las instalaciones del peri\u00f3dico digital e impreso El Monitor de Parral, Chihuahua <a href=\"https:\/\/t.co\/K2gtxbgSRk\">https:\/\/t.co\/K2gtxbgSRk<\/a><\/p>\n<p>&mdash; El Universal (@El_Universal_Mx) <a href=\"https:\/\/twitter.com\/El_Universal_Mx\/status\/1156638155744956417?ref_src=twsrc%5Etfw\">July 31, 2019<\/a><\/p><\/blockquote>\n<p><script async src=\"https:\/\/platform.twitter.com\/widgets.js\" charset=\"utf-8\"><\/script><\/p>\n<p>El Monitor de Parral\u00a0<a href=\"https:\/\/www.eldiariodechihuahua.mx\/estado\/atacan-e-incendian-periodico-en-parral-20190731-1545474.html\" target=\"_blank\" rel=\"noopener noreferrer\">fue atacado por al menos dos presuntas bombas Molotov<\/a>\u00a0que afectaron el primer y segundo piso del edificio hist\u00f3rico donde se encuentra el peri\u00f3dico, seg\u00fan El Diario de Chihuahua.<\/p>\n<p>El Fiscal General del Estado dijo que las\u00a0<a href=\"https:\/\/www.eldiariodechihuahua.mx\/estado\/investiga-fiscalia-ataque-contra-periodico-de-parral-20190731-1545535.html\" target=\"_blank\" rel=\"noopener noreferrer\">autoridades rescataron a tres personas ilesas<\/a>, inform\u00f3 la publicaci\u00f3n.<\/p>\n<p>El Diario tambi\u00e9n inform\u00f3 que el propietario del edificio, que forma parte de una familia de comunicadores, dijo que\u00a0<a href=\"https:\/\/www.eldiariodechihuahua.mx\/estado\/atacan-e-incendian-periodico-en-parral-20190731-1545474.html\" target=\"_blank\" rel=\"noopener noreferrer\">no presentar\u00e1 cargos ni pedir\u00e1 esclarecer las causas del ataque<\/a>.<\/p>\n<p>Sin embargo, el Fiscal General del Estado de Chihuahua dijo que\u00a0<a href=\"http:\/\/www.cambio.gob.mx\/spip.php?article11740&amp;utm_source=dlvr.it&amp;utm_medium=facebook\" target=\"_blank\" rel=\"noopener noreferrer\">est\u00e1 investigando el caso<\/a>.<\/p>\n<p>Antes del ataque,\u00a0<a href=\"https:\/\/www.eldiariodechihuahua.mx\/estado\/antes-de-ataque-a-periodico-destruyeron-camaras-de-seguridad-20190731-1545548.html\" target=\"_blank\" rel=\"noopener noreferrer\">las c\u00e1maras de seguridad fueron da\u00f1adas y el disco duro de los dispositivos fue robado<\/a>, seg\u00fan El Diario de Chihuahua.<\/p>\n<p>En un art\u00edculo diferente sobre los trabajos de limpieza de las instalaciones, El Diario cit\u00f3 a colegas afuera del edificio diciendo que\u00a0<a href=\"https:\/\/www.eldiariodechihuahua.mx\/estado\/miercoles-31-de-julio-fecha-negra-para-el-periodismo-en-parral-periodistas-20190731-1545688.html\" target=\"_blank\" rel=\"noopener noreferrer\">\u201ces una fecha negra para este oficio\u201d<\/a>. La publicaci\u00f3n lo calific\u00f3 como \u201cquiz\u00e1s el peor ataque a un medio de comunicaci\u00f3n en la historia de Parral\u201d.<\/p>\n<p>El Foro de Periodistas de Chihuahua A.C.\u00a0<a href=\"https:\/\/www.facebook.com\/forodeperiodistadechihuahua\/photos\/a.701739223231952\/2925683647504154\/?type=3&amp;theater\" target=\"_blank\" rel=\"noopener noreferrer\">conden\u00f3 el ataque e inst\u00f3 a una investigaci\u00f3n y castigo de los responsables<\/a>. Pidi\u00f3 protocolos de protecci\u00f3n para los amenazados.<\/p>\n<p>\u201cManifestamos nuestra preocupaci\u00f3n por el ataque contra el Monitor de Parral, nos solidarizamos con ellos y exigimos a las autoridades que den con los responsables del hecho, un claro acto de intimidaci\u00f3n que intenta coartar la libertad de expresi\u00f3n\u201d, dijo el presidente del Foro Ernesto Almanza, a trav\u00e9s de un comunicado publicado en su p\u00e1gina de Facebook.<\/p>\n<p><em>Las llamadas hechas a El Monitor no fueron atendidas.<\/em><\/p>\n","protected":false},"excerpt":{"rendered":"<p>Un peri\u00f3dico en el norte\u00f1o estado de Chihuahua en M\u00e9xico suspendi\u00f3 temporalmente su edici\u00f3n impresa despu\u00e9s de un ataque a sus instalaciones.<\/p>\n","protected":false},"author":3,"featured_media":0,"comment_status":"closed","ping_status":"closed","sticky":false,"template":"","format":"standard","meta":{"inline_featured_image":false,"footnotes":""},"categories":[1222],"tags":[1478,1491,1393],"coauthors":[],"class_list":["post-2487","post","type-post","status-publish","format-standard","hentry","category-violencia-contra-periodistas-es","tag-agresiones-contra-periodistas-es","tag-cierre-de-medios-es","tag-mexico-es"],"acf":[],"yoast_head":"<!-- This site is optimized with the Yoast SEO Premium plugin v22.6 (Yoast SEO v27.4) - https:\/\/yoast.com\/product\/yoast-seo-premium-wordpress\/ -->\n<title>Despu\u00e9s de ataque a sus oficinas, peri\u00f3dico en M\u00e9xico suspende edici\u00f3n impresa y no cubrir\u00e1 temas polic\u00edacos digitalmente - LatAm Journalism Review<\/title>\n<meta name=\"description\" content=\"Despu\u00e9s de ataque a sus oficinas, peri\u00f3dico en M\u00e9xico suspende edici\u00f3n impresa y no cubrir\u00e1 temas polic\u00edacos digitalmente . Latin American Journalism Review by The Knight Center at The University of Texas at Austin.\" \/>\n<meta name=\"robots\" content=\"index, follow, max-snippet:-1, max-image-preview:large, max-video-preview:-1\" \/>\n<link rel=\"canonical\" href=\"https:\/\/latamjournalismreview.org\/es\/articles\/despues-de-ataque-a-sus-oficinas-periodico-en-mexico-suspende-edicion-impresa-y-no-cubrira-temas-policiacos-digitalmente\/\" \/>\n<meta property=\"og:locale\" content=\"es_ES\" \/>\n<meta property=\"og:type\" content=\"article\" \/>\n<meta property=\"og:title\" content=\"Despu\u00e9s de ataque a sus oficinas, peri\u00f3dico en M\u00e9xico suspende edici\u00f3n impresa y no cubrir\u00e1 temas polic\u00edacos digitalmente\" \/>\n<meta property=\"og:description\" content=\"Despu\u00e9s de ataque a sus oficinas, peri\u00f3dico en M\u00e9xico suspende edici\u00f3n impresa y no cubrir\u00e1 temas polic\u00edacos digitalmente . Latin American Journalism Review by The Knight Center at The University of Texas at Austin.\" \/>\n<meta property=\"og:url\" content=\"https:\/\/latamjournalismreview.org\/es\/articles\/despues-de-ataque-a-sus-oficinas-periodico-en-mexico-suspende-edicion-impresa-y-no-cubrira-temas-policiacos-digitalmente\/\" \/>\n<meta property=\"og:site_name\" content=\"LatAm Journalism Review\" \/>\n<meta property=\"article:published_time\" content=\"2019-08-02T02:47:22+00:00\" \/>\n<meta property=\"article:modified_time\" content=\"2020-06-11T00:41:21+00:00\" \/>\n<meta name=\"author\" content=\"Teresa Mioli\" \/>\n<meta name=\"twitter:card\" content=\"summary_large_image\" \/>\n<meta name=\"twitter:creator\" content=\"@TeresaMioli\" \/>\n<meta name=\"twitter:site\" content=\"@LatAmJournalism\" \/>\n<meta name=\"twitter:label1\" content=\"Written by\" \/>\n\t<meta name=\"twitter:data1\" content=\"Teresa Mioli\" \/>\n\t<meta name=\"twitter:label2\" content=\"Est. reading time\" \/>\n\t<meta name=\"twitter:data2\" content=\"2 minutos\" \/>\n<script type=\"application\/ld+json\" class=\"yoast-schema-graph\">{\"@context\":\"https:\\\/\\\/schema.org\",\"@graph\":[{\"@type\":\"Article\",\"@id\":\"https:\\\/\\\/latamjournalismreview.org\\\/es\\\/articles\\\/despues-de-ataque-a-sus-oficinas-periodico-en-mexico-suspende-edicion-impresa-y-no-cubrira-temas-policiacos-digitalmente\\\/#article\",\"isPartOf\":{\"@id\":\"https:\\\/\\\/latamjournalismreview.org\\\/es\\\/articles\\\/despues-de-ataque-a-sus-oficinas-periodico-en-mexico-suspende-edicion-impresa-y-no-cubrira-temas-policiacos-digitalmente\\\/\"},\"author\":{\"name\":\"Teresa Mioli\",\"@id\":\"https:\\\/\\\/latamjournalismreview.org\\\/es\\\/#\\\/schema\\\/person\\\/b83a4912f05c8178389e917d8d51de03\"},\"headline\":\"Despu\u00e9s de ataque a sus oficinas, peri\u00f3dico en M\u00e9xico suspende edici\u00f3n impresa y no cubrir\u00e1 temas polic\u00edacos digitalmente\",\"datePublished\":\"2019-08-02T02:47:22+00:00\",\"dateModified\":\"2020-06-11T00:41:21+00:00\",\"mainEntityOfPage\":{\"@id\":\"https:\\\/\\\/latamjournalismreview.org\\\/es\\\/articles\\\/despues-de-ataque-a-sus-oficinas-periodico-en-mexico-suspende-edicion-impresa-y-no-cubrira-temas-policiacos-digitalmente\\\/\"},\"wordCount\":492,\"publisher\":{\"@id\":\"https:\\\/\\\/latamjournalismreview.org\\\/es\\\/#organization\"},\"keywords\":[\"Agresiones contra periodistas\",\"Cierre de medios\",\"M\u00e9xico\"],\"articleSection\":[\"Violencia Contra Periodistas\"],\"inLanguage\":\"es\"},{\"@type\":\"WebPage\",\"@id\":\"https:\\\/\\\/latamjournalismreview.org\\\/es\\\/articles\\\/despues-de-ataque-a-sus-oficinas-periodico-en-mexico-suspende-edicion-impresa-y-no-cubrira-temas-policiacos-digitalmente\\\/\",\"url\":\"https:\\\/\\\/latamjournalismreview.org\\\/es\\\/articles\\\/despues-de-ataque-a-sus-oficinas-periodico-en-mexico-suspende-edicion-impresa-y-no-cubrira-temas-policiacos-digitalmente\\\/\",\"name\":\"Despu\u00e9s de ataque a sus oficinas, peri\u00f3dico en M\u00e9xico suspende edici\u00f3n impresa y no cubrir\u00e1 temas polic\u00edacos digitalmente - LatAm Journalism Review\",\"isPartOf\":{\"@id\":\"https:\\\/\\\/latamjournalismreview.org\\\/es\\\/#website\"},\"datePublished\":\"2019-08-02T02:47:22+00:00\",\"dateModified\":\"2020-06-11T00:41:21+00:00\",\"description\":\"Despu\u00e9s de ataque a sus oficinas, peri\u00f3dico en M\u00e9xico suspende edici\u00f3n impresa y no cubrir\u00e1 temas polic\u00edacos digitalmente . Latin American Journalism Review by The Knight Center at The University of Texas at Austin.\",\"breadcrumb\":{\"@id\":\"https:\\\/\\\/latamjournalismreview.org\\\/es\\\/articles\\\/despues-de-ataque-a-sus-oficinas-periodico-en-mexico-suspende-edicion-impresa-y-no-cubrira-temas-policiacos-digitalmente\\\/#breadcrumb\"},\"inLanguage\":\"es\",\"potentialAction\":[{\"@type\":\"ReadAction\",\"target\":[\"https:\\\/\\\/latamjournalismreview.org\\\/es\\\/articles\\\/despues-de-ataque-a-sus-oficinas-periodico-en-mexico-suspende-edicion-impresa-y-no-cubrira-temas-policiacos-digitalmente\\\/\"]}]},{\"@type\":\"BreadcrumbList\",\"@id\":\"https:\\\/\\\/latamjournalismreview.org\\\/es\\\/articles\\\/despues-de-ataque-a-sus-oficinas-periodico-en-mexico-suspende-edicion-impresa-y-no-cubrira-temas-policiacos-digitalmente\\\/#breadcrumb\",\"itemListElement\":[{\"@type\":\"ListItem\",\"position\":1,\"name\":\"Home\",\"item\":\"https:\\\/\\\/latamjournalismreview.org\\\/es\\\/\"},{\"@type\":\"ListItem\",\"position\":2,\"name\":\"Despu\u00e9s de ataque a sus oficinas, peri\u00f3dico en M\u00e9xico suspende edici\u00f3n impresa y no cubrir\u00e1 temas polic\u00edacos digitalmente\"}]},{\"@type\":\"WebSite\",\"@id\":\"https:\\\/\\\/latamjournalismreview.org\\\/es\\\/#website\",\"url\":\"https:\\\/\\\/latamjournalismreview.org\\\/es\\\/\",\"name\":\"LatAm Journalism Review\",\"description\":\"Knight Center at The University of Texas\",\"publisher\":{\"@id\":\"https:\\\/\\\/latamjournalismreview.org\\\/es\\\/#organization\"},\"potentialAction\":[{\"@type\":\"SearchAction\",\"target\":{\"@type\":\"EntryPoint\",\"urlTemplate\":\"https:\\\/\\\/latamjournalismreview.org\\\/es\\\/?s={search_term_string}\"},\"query-input\":{\"@type\":\"PropertyValueSpecification\",\"valueRequired\":true,\"valueName\":\"search_term_string\"}}],\"inLanguage\":\"es\"},{\"@type\":\"Organization\",\"@id\":\"https:\\\/\\\/latamjournalismreview.org\\\/es\\\/#organization\",\"name\":\"LatAm Journalism Review\",\"url\":\"https:\\\/\\\/latamjournalismreview.org\\\/es\\\/\",\"logo\":{\"@type\":\"ImageObject\",\"inLanguage\":\"es\",\"@id\":\"https:\\\/\\\/latamjournalismreview.org\\\/es\\\/#\\\/schema\\\/logo\\\/image\\\/\",\"url\":\"https:\\\/\\\/latamjournalismreview.org\\\/wp-content\\\/uploads\\\/2020\\\/05\\\/knight-latAm-review-logo.svg\",\"contentUrl\":\"https:\\\/\\\/latamjournalismreview.org\\\/wp-content\\\/uploads\\\/2020\\\/05\\\/knight-latAm-review-logo.svg\",\"width\":\"1024\",\"height\":\"1024\",\"caption\":\"LatAm Journalism Review\"},\"image\":{\"@id\":\"https:\\\/\\\/latamjournalismreview.org\\\/es\\\/#\\\/schema\\\/logo\\\/image\\\/\"},\"sameAs\":[\"https:\\\/\\\/x.com\\\/LatAmJournalism\"]},{\"@type\":\"Person\",\"@id\":\"https:\\\/\\\/latamjournalismreview.org\\\/es\\\/#\\\/schema\\\/person\\\/b83a4912f05c8178389e917d8d51de03\",\"name\":\"Teresa Mioli\",\"description\":\"Teresa Mioli is the editorial manager for the Knight Center for Journalism in the Americas. She is interested in press freedom, democratization, and investigative journalism in Latin America and is dedicated to increasing awareness about the importance of independent news media to the health of democracies. She produces journalistic work with the aim of helping people to make informed decisions about their lives and societies and wants to make sure other journalists are able to do the same. She has Bachelors' degrees in Journalism and Plan II Honors (Liberal Arts) and a Master's degree in Latin American Studies, all from the University of Texas at Austin. She started her journalistic career at The Beaumont Enterprise in Southeast Texas where she last worked as a breaking news reporter. ______ Teresa Mioli es la directora editorial del Centro Knight para el Periodismo en las Am\u00e9ricas. Es una periodista con inter\u00e9s en la libertad de prensa, la democratizaci\u00f3n y el periodismo investigativo en Am\u00e9rica Latina y est\u00e1 dedicada a crear mayor consciencia sobre la importancia de los medios noticiosos independientes para la salud de las democracias. El objetivo de su trabajo period\u00edstico es ayudar las personas para que tomen decisiones informadas sobre sus vidas y sus sociedades, y busca que otros periodistas tengan la posibilidad de hacer lo mismo. Teresa tiene una licenciatura en Periodismo y Artes liberales (Plan II Honors), y una maestr\u00eda en Estudios Latinoamericanos, todos de la Universidad de Texas en Austin. Empez\u00f3 su carrera en periodismo en The Beaumont Enterprise al sureste de Texas, en donde recientemente trabaj\u00f3 como reportera de noticias de \u00faltima hora. Anteriormente ella fue la editora de LatAm Journalism Review del Centro Knight. ______ Teresa Mioli \u00e9 gerente editorial do Centro Knight para o Jornalismo nas Am\u00e9ricas. Ela se interessa por liberdade de imprensa, democratiza\u00e7\u00e3o e jornalismo investigativo na Am\u00e9rica Latina e se dedica a aumentar a conscientiza\u00e7\u00e3o sobre a import\u00e2ncia da m\u00eddia independente para a sa\u00fade das democracias. Ela produz trabalhos jornal\u00edsticos com o objetivo de ajudar as pessoas a tomarem decis\u00f5es informadas sobre suas vidas e sociedades e deseja garantir que outros jornalistas possam fazer o mesmo. Ela tem bacharelado em jornalismo e artes liberais e um mestrado em Estudos Latino-Americanos, todos pela Universidade do Texas em Austin. Ela come\u00e7ou sua carreira jornal\u00edstica na The Beaumont Enterprise no sudeste do Texas, onde trabalhou pela \u00faltima vez como rep\u00f3rter de not\u00edcias de \u00faltima hora.\",\"sameAs\":[\"https:\\\/\\\/x.com\\\/TeresaMioli\"],\"url\":\"https:\\\/\\\/latamjournalismreview.org\\\/es\\\/articles\\\/author\\\/teresa-mioli\\\/\"}]}<\/script>\n<!-- \/ Yoast SEO Premium plugin. -->","yoast_head_json":{"title":"Despu\u00e9s de ataque a sus oficinas, peri\u00f3dico en M\u00e9xico suspende edici\u00f3n impresa y no cubrir\u00e1 temas polic\u00edacos digitalmente - LatAm Journalism Review","description":"Despu\u00e9s de ataque a sus oficinas, peri\u00f3dico en M\u00e9xico suspende edici\u00f3n impresa y no cubrir\u00e1 temas polic\u00edacos digitalmente . Latin American Journalism Review by The Knight Center at The University of Texas at Austin.","robots":{"index":"index","follow":"follow","max-snippet":"max-snippet:-1","max-image-preview":"max-image-preview:large","max-video-preview":"max-video-preview:-1"},"canonical":"https:\/\/latamjournalismreview.org\/es\/articles\/despues-de-ataque-a-sus-oficinas-periodico-en-mexico-suspende-edicion-impresa-y-no-cubrira-temas-policiacos-digitalmente\/","og_locale":"es_ES","og_type":"article","og_title":"Despu\u00e9s de ataque a sus oficinas, peri\u00f3dico en M\u00e9xico suspende edici\u00f3n impresa y no cubrir\u00e1 temas polic\u00edacos digitalmente","og_description":"Despu\u00e9s de ataque a sus oficinas, peri\u00f3dico en M\u00e9xico suspende edici\u00f3n impresa y no cubrir\u00e1 temas polic\u00edacos digitalmente . Latin American Journalism Review by The Knight Center at The University of Texas at Austin.","og_url":"https:\/\/latamjournalismreview.org\/es\/articles\/despues-de-ataque-a-sus-oficinas-periodico-en-mexico-suspende-edicion-impresa-y-no-cubrira-temas-policiacos-digitalmente\/","og_site_name":"LatAm Journalism Review","article_published_time":"2019-08-02T02:47:22+00:00","article_modified_time":"2020-06-11T00:41:21+00:00","author":"Teresa Mioli","twitter_card":"summary_large_image","twitter_creator":"@TeresaMioli","twitter_site":"@LatAmJournalism","twitter_misc":{"Written by":"Teresa Mioli","Est. reading time":"2 minutos"},"schema":{"@context":"https:\/\/schema.org","@graph":[{"@type":"Article","@id":"https:\/\/latamjournalismreview.org\/es\/articles\/despues-de-ataque-a-sus-oficinas-periodico-en-mexico-suspende-edicion-impresa-y-no-cubrira-temas-policiacos-digitalmente\/#article","isPartOf":{"@id":"https:\/\/latamjournalismreview.org\/es\/articles\/despues-de-ataque-a-sus-oficinas-periodico-en-mexico-suspende-edicion-impresa-y-no-cubrira-temas-policiacos-digitalmente\/"},"author":{"name":"Teresa Mioli","@id":"https:\/\/latamjournalismreview.org\/es\/#\/schema\/person\/b83a4912f05c8178389e917d8d51de03"},"headline":"Despu\u00e9s de ataque a sus oficinas, peri\u00f3dico en M\u00e9xico suspende edici\u00f3n impresa y no cubrir\u00e1 temas polic\u00edacos digitalmente","datePublished":"2019-08-02T02:47:22+00:00","dateModified":"2020-06-11T00:41:21+00:00","mainEntityOfPage":{"@id":"https:\/\/latamjournalismreview.org\/es\/articles\/despues-de-ataque-a-sus-oficinas-periodico-en-mexico-suspende-edicion-impresa-y-no-cubrira-temas-policiacos-digitalmente\/"},"wordCount":492,"publisher":{"@id":"https:\/\/latamjournalismreview.org\/es\/#organization"},"keywords":["Agresiones contra periodistas","Cierre de medios","M\u00e9xico"],"articleSection":["Violencia Contra Periodistas"],"inLanguage":"es"},{"@type":"WebPage","@id":"https:\/\/latamjournalismreview.org\/es\/articles\/despues-de-ataque-a-sus-oficinas-periodico-en-mexico-suspende-edicion-impresa-y-no-cubrira-temas-policiacos-digitalmente\/","url":"https:\/\/latamjournalismreview.org\/es\/articles\/despues-de-ataque-a-sus-oficinas-periodico-en-mexico-suspende-edicion-impresa-y-no-cubrira-temas-policiacos-digitalmente\/","name":"Despu\u00e9s de ataque a sus oficinas, peri\u00f3dico en M\u00e9xico suspende edici\u00f3n impresa y no cubrir\u00e1 temas polic\u00edacos digitalmente - LatAm Journalism Review","isPartOf":{"@id":"https:\/\/latamjournalismreview.org\/es\/#website"},"datePublished":"2019-08-02T02:47:22+00:00","dateModified":"2020-06-11T00:41:21+00:00","description":"Despu\u00e9s de ataque a sus oficinas, peri\u00f3dico en M\u00e9xico suspende edici\u00f3n impresa y no cubrir\u00e1 temas polic\u00edacos digitalmente . Latin American Journalism Review by The Knight Center at The University of Texas at Austin.","breadcrumb":{"@id":"https:\/\/latamjournalismreview.org\/es\/articles\/despues-de-ataque-a-sus-oficinas-periodico-en-mexico-suspende-edicion-impresa-y-no-cubrira-temas-policiacos-digitalmente\/#breadcrumb"},"inLanguage":"es","potentialAction":[{"@type":"ReadAction","target":["https:\/\/latamjournalismreview.org\/es\/articles\/despues-de-ataque-a-sus-oficinas-periodico-en-mexico-suspende-edicion-impresa-y-no-cubrira-temas-policiacos-digitalmente\/"]}]},{"@type":"BreadcrumbList","@id":"https:\/\/latamjournalismreview.org\/es\/articles\/despues-de-ataque-a-sus-oficinas-periodico-en-mexico-suspende-edicion-impresa-y-no-cubrira-temas-policiacos-digitalmente\/#breadcrumb","itemListElement":[{"@type":"ListItem","position":1,"name":"Home","item":"https:\/\/latamjournalismreview.org\/es\/"},{"@type":"ListItem","position":2,"name":"Despu\u00e9s de ataque a sus oficinas, peri\u00f3dico en M\u00e9xico suspende edici\u00f3n impresa y no cubrir\u00e1 temas polic\u00edacos digitalmente"}]},{"@type":"WebSite","@id":"https:\/\/latamjournalismreview.org\/es\/#website","url":"https:\/\/latamjournalismreview.org\/es\/","name":"LatAm Journalism Review","description":"Knight Center at The University of Texas","publisher":{"@id":"https:\/\/latamjournalismreview.org\/es\/#organization"},"potentialAction":[{"@type":"SearchAction","target":{"@type":"EntryPoint","urlTemplate":"https:\/\/latamjournalismreview.org\/es\/?s={search_term_string}"},"query-input":{"@type":"PropertyValueSpecification","valueRequired":true,"valueName":"search_term_string"}}],"inLanguage":"es"},{"@type":"Organization","@id":"https:\/\/latamjournalismreview.org\/es\/#organization","name":"LatAm Journalism Review","url":"https:\/\/latamjournalismreview.org\/es\/","logo":{"@type":"ImageObject","inLanguage":"es","@id":"https:\/\/latamjournalismreview.org\/es\/#\/schema\/logo\/image\/","url":"https:\/\/latamjournalismreview.org\/wp-content\/uploads\/2020\/05\/knight-latAm-review-logo.svg","contentUrl":"https:\/\/latamjournalismreview.org\/wp-content\/uploads\/2020\/05\/knight-latAm-review-logo.svg","width":"1024","height":"1024","caption":"LatAm Journalism Review"},"image":{"@id":"https:\/\/latamjournalismreview.org\/es\/#\/schema\/logo\/image\/"},"sameAs":["https:\/\/x.com\/LatAmJournalism"]},{"@type":"Person","@id":"https:\/\/latamjournalismreview.org\/es\/#\/schema\/person\/b83a4912f05c8178389e917d8d51de03","name":"Teresa Mioli","description":"Teresa Mioli is the editorial manager for the Knight Center for Journalism in the Americas. She is interested in press freedom, democratization, and investigative journalism in Latin America and is dedicated to increasing awareness about the importance of independent news media to the health of democracies. She produces journalistic work with the aim of helping people to make informed decisions about their lives and societies and wants to make sure other journalists are able to do the same. She has Bachelors' degrees in Journalism and Plan II Honors (Liberal Arts) and a Master's degree in Latin American Studies, all from the University of Texas at Austin. She started her journalistic career at The Beaumont Enterprise in Southeast Texas where she last worked as a breaking news reporter. ______ Teresa Mioli es la directora editorial del Centro Knight para el Periodismo en las Am\u00e9ricas. Es una periodista con inter\u00e9s en la libertad de prensa, la democratizaci\u00f3n y el periodismo investigativo en Am\u00e9rica Latina y est\u00e1 dedicada a crear mayor consciencia sobre la importancia de los medios noticiosos independientes para la salud de las democracias. El objetivo de su trabajo period\u00edstico es ayudar las personas para que tomen decisiones informadas sobre sus vidas y sus sociedades, y busca que otros periodistas tengan la posibilidad de hacer lo mismo. Teresa tiene una licenciatura en Periodismo y Artes liberales (Plan II Honors), y una maestr\u00eda en Estudios Latinoamericanos, todos de la Universidad de Texas en Austin. Empez\u00f3 su carrera en periodismo en The Beaumont Enterprise al sureste de Texas, en donde recientemente trabaj\u00f3 como reportera de noticias de \u00faltima hora. Anteriormente ella fue la editora de LatAm Journalism Review del Centro Knight. ______ Teresa Mioli \u00e9 gerente editorial do Centro Knight para o Jornalismo nas Am\u00e9ricas. Ela se interessa por liberdade de imprensa, democratiza\u00e7\u00e3o e jornalismo investigativo na Am\u00e9rica Latina e se dedica a aumentar a conscientiza\u00e7\u00e3o sobre a import\u00e2ncia da m\u00eddia independente para a sa\u00fade das democracias. Ela produz trabalhos jornal\u00edsticos com o objetivo de ajudar as pessoas a tomarem decis\u00f5es informadas sobre suas vidas e sociedades e deseja garantir que outros jornalistas possam fazer o mesmo. Ela tem bacharelado em jornalismo e artes liberais e um mestrado em Estudos Latino-Americanos, todos pela Universidade do Texas em Austin. Ela come\u00e7ou sua carreira jornal\u00edstica na The Beaumont Enterprise no sudeste do Texas, onde trabalhou pela \u00faltima vez como rep\u00f3rter de not\u00edcias de \u00faltima hora.","sameAs":["https:\/\/x.com\/TeresaMioli"],"url":"https:\/\/latamjournalismreview.org\/es\/articles\/author\/teresa-mioli\/"}]}},"_links":{"self":[{"href":"https:\/\/latamjournalismreview.org\/es\/wp-json\/wp\/v2\/posts\/2487","targetHints":{"allow":["GET"]}}],"collection":[{"href":"https:\/\/latamjournalismreview.org\/es\/wp-json\/wp\/v2\/posts"}],"about":[{"href":"https:\/\/latamjournalismreview.org\/es\/wp-json\/wp\/v2\/types\/post"}],"author":[{"embeddable":true,"href":"https:\/\/latamjournalismreview.org\/es\/wp-json\/wp\/v2\/users\/3"}],"replies":[{"embeddable":true,"href":"https:\/\/latamjournalismreview.org\/es\/wp-json\/wp\/v2\/comments?post=2487"}],"version-history":[{"count":2,"href":"https:\/\/latamjournalismreview.org\/es\/wp-json\/wp\/v2\/posts\/2487\/revisions"}],"predecessor-version":[{"id":6490,"href":"https:\/\/latamjournalismreview.org\/es\/wp-json\/wp\/v2\/posts\/2487\/revisions\/6490"}],"wp:attachment":[{"href":"https:\/\/latamjournalismreview.org\/es\/wp-json\/wp\/v2\/media?parent=2487"}],"wp:term":[{"taxonomy":"category","embeddable":true,"href":"https:\/\/latamjournalismreview.org\/es\/wp-json\/wp\/v2\/categories?post=2487"},{"taxonomy":"post_tag","embeddable":true,"href":"https:\/\/latamjournalismreview.org\/es\/wp-json\/wp\/v2\/tags?post=2487"},{"taxonomy":"author","embeddable":true,"href":"https:\/\/latamjournalismreview.org\/es\/wp-json\/wp\/v2\/coauthors?post=2487"}],"curies":[{"name":"wp","href":"https:\/\/api.w.org\/{rel}","templated":true}]}}