{"id":24893,"date":"2011-11-02T16:00:33","date_gmt":"2011-11-02T21:00:33","guid":{"rendered":"https:\/\/latamjournalismreview.org\/?p=24893"},"modified":"2021-07-30T16:01:31","modified_gmt":"2021-07-30T21:01:31","slug":"articulista-de-ecuador-denuncia-autocensura-de-su-medio-por-temor-a-represalias-legales","status":"publish","type":"post","link":"https:\/\/latamjournalismreview.org\/es\/articles\/articulista-de-ecuador-denuncia-autocensura-de-su-medio-por-temor-a-represalias-legales\/","title":{"rendered":"Articulista de Ecuador denuncia autocensura de su medio por temor a represalias legales"},"content":{"rendered":"<p>Un articulista de Ecuador denunci\u00f3 que su publicaci\u00f3n decidi\u00f3\u00a0<a href=\"http:\/\/webcache.googleusercontent.com\/search?q=cache:7LIe2jiWbYoJ:www.fundamedios.org\/component\/zoo\/item\/articulista-denuncia-autocensura-de-peridico-que-decidi-no-publicar-su-nota-de-opinin-por-ser-muy-fuerte-2.html%3Fcategory_id%3D1+&amp;cd=9&amp;hl=en&amp;ct=clnk&amp;gl=us&amp;client=firefox-a\" target=\"blank\" rel=\"noopener\">no publicar uno de sus textos para \u201cevitar problemas de tipo legal\u201d<\/a>, de acuerdo con la organizaci\u00f3n Fundamedios.<\/p>\n<p>Andr\u00e9s Campos, articulista del diario El Correo de\u00a0<a href=\"http:\/\/es.wikipedia.org\/wiki\/Machala\" target=\"blank\" rel=\"noopener\">Machala<\/a>, una ciudad al suroeste de la capital ecuatoriana, dijo que se trataba de la\u00a0<a href=\"http:\/\/www.hoy.com.ec\/noticias-ecuador\/articulista-denuncia-autocensura-511338.html\" target=\"blank\" rel=\"noopener\">primera vez que su opini\u00f3n era censurada<\/a>\u00a0en los cuatro a\u00f1os de trabajo con esa publicaci\u00f3n, de acuerdo con el diario Hoy.<\/p>\n<p>Andr\u00e9s Carvajal, jefe de redacci\u00f3n de diario El Correo, coment\u00f3 que el art\u00edculo conten\u00eda acusaciones fuertes y que por ello, hab\u00edan\u00a0<a href=\"http:\/\/www.eldiario.com.ec\/noticias-manabi-ecuador\/209317-articulista-denuncia-autocensura\/\" target=\"blank\" rel=\"noopener\">preferido no publicarlo<\/a>, de acuerdo con El Diario.<\/p>\n<p>El autor cree que la decisi\u00f3n se debe al temor de los due\u00f1os a\u00a0<a href=\"http:\/\/knightcenter.utexas.edu\/es\/blog\/juez-condena-prision-y-pago-de-millonaria-indemnizacion-directivos-de-diario-en-ecuador-por-inj\" target=\"blank\" rel=\"noopener\">demandas legales como la que enfrent\u00f3 el diario El Universo<\/a>, cuyos due\u00f1os est\u00e1n sentenciados a tres a\u00f1os de prisi\u00f3n y una indemnizaci\u00f3n de $40 millones de d\u00f3lares por publicar una columna en contra del\u00a0<a href=\"http:\/\/knightcenter.utexas.edu\/es\/blog\/ecuador-es-de-los-paises-mas-restrictivos-para-la-prensa-en-america-latina-dice-cpj\" target=\"blank\" rel=\"noopener\">presidente Rafael Correa<\/a>.<\/p>\n<p>El art\u00edculo no publicado aborda la prepotencia y el abuso de poder de un jefe de polic\u00eda en la zona, seg\u00fan Fundamedios.<\/p>\n","protected":false},"excerpt":{"rendered":"<p>Un articulista de Ecuador denunci\u00f3 que su publicaci\u00f3n decidi\u00f3\u00a0no publicar uno de sus textos para \u201cevitar problemas de tipo legal\u201d, de acuerdo con la organizaci\u00f3n Fundamedios.<\/p>\n","protected":false},"author":40,"featured_media":0,"comment_status":"closed","ping_status":"closed","sticky":false,"template":"","format":"standard","meta":{"inline_featured_image":false,"footnotes":""},"categories":[18],"tags":[],"coauthors":[],"class_list":["post-24893","post","type-post","status-publish","format-standard","hentry","category-sin-categorizar"],"acf":[],"yoast_head":"<!-- This site is optimized with the Yoast SEO Premium plugin v22.6 (Yoast SEO v27.4) - https:\/\/yoast.com\/product\/yoast-seo-premium-wordpress\/ -->\n<title>Articulista de Ecuador denuncia autocensura de su medio por temor a represalias legales - LatAm Journalism Review<\/title>\n<meta name=\"description\" content=\"Articulista de Ecuador denuncia autocensura de su medio por temor a represalias legales . Latin American Journalism Review by The Knight Center at The University of Texas at Austin.\" \/>\n<meta name=\"robots\" content=\"index, follow, max-snippet:-1, max-image-preview:large, max-video-preview:-1\" \/>\n<link rel=\"canonical\" href=\"https:\/\/latamjournalismreview.org\/es\/articles\/articulista-de-ecuador-denuncia-autocensura-de-su-medio-por-temor-a-represalias-legales\/\" \/>\n<meta property=\"og:locale\" content=\"es_ES\" \/>\n<meta property=\"og:type\" content=\"article\" \/>\n<meta property=\"og:title\" content=\"Articulista de Ecuador denuncia autocensura de su medio por temor a represalias legales\" \/>\n<meta property=\"og:description\" content=\"Articulista de Ecuador denuncia autocensura de su medio por temor a represalias legales . Latin American Journalism Review by The Knight Center at The University of Texas at Austin.\" \/>\n<meta property=\"og:url\" content=\"https:\/\/latamjournalismreview.org\/es\/articles\/articulista-de-ecuador-denuncia-autocensura-de-su-medio-por-temor-a-represalias-legales\/\" \/>\n<meta property=\"og:site_name\" content=\"LatAm Journalism Review\" \/>\n<meta property=\"article:published_time\" content=\"2011-11-02T21:00:33+00:00\" \/>\n<meta property=\"article:modified_time\" content=\"2021-07-30T21:01:31+00:00\" \/>\n<meta name=\"author\" content=\"Tania Lara\" \/>\n<meta name=\"twitter:card\" content=\"summary_large_image\" \/>\n<meta name=\"twitter:creator\" content=\"@LatAmJournalism\" \/>\n<meta name=\"twitter:site\" content=\"@LatAmJournalism\" \/>\n<meta name=\"twitter:label1\" content=\"Written by\" \/>\n\t<meta name=\"twitter:data1\" content=\"Tania Lara\" \/>\n\t<meta name=\"twitter:label2\" content=\"Est. reading time\" \/>\n\t<meta name=\"twitter:data2\" content=\"1 minuto\" \/>\n<script type=\"application\/ld+json\" class=\"yoast-schema-graph\">{\"@context\":\"https:\\\/\\\/schema.org\",\"@graph\":[{\"@type\":\"Article\",\"@id\":\"https:\\\/\\\/latamjournalismreview.org\\\/es\\\/articles\\\/articulista-de-ecuador-denuncia-autocensura-de-su-medio-por-temor-a-represalias-legales\\\/#article\",\"isPartOf\":{\"@id\":\"https:\\\/\\\/latamjournalismreview.org\\\/es\\\/articles\\\/articulista-de-ecuador-denuncia-autocensura-de-su-medio-por-temor-a-represalias-legales\\\/\"},\"author\":{\"name\":\"Tania Lara\",\"@id\":\"https:\\\/\\\/latamjournalismreview.org\\\/es\\\/#\\\/schema\\\/person\\\/51558925140f21242c6ed2d20b8260c5\"},\"headline\":\"Articulista de Ecuador denuncia autocensura de su medio por temor a represalias legales\",\"datePublished\":\"2011-11-02T21:00:33+00:00\",\"dateModified\":\"2021-07-30T21:01:31+00:00\",\"mainEntityOfPage\":{\"@id\":\"https:\\\/\\\/latamjournalismreview.org\\\/es\\\/articles\\\/articulista-de-ecuador-denuncia-autocensura-de-su-medio-por-temor-a-represalias-legales\\\/\"},\"wordCount\":208,\"publisher\":{\"@id\":\"https:\\\/\\\/latamjournalismreview.org\\\/es\\\/#organization\"},\"articleSection\":[\"Sin categorizar\"],\"inLanguage\":\"es\"},{\"@type\":\"WebPage\",\"@id\":\"https:\\\/\\\/latamjournalismreview.org\\\/es\\\/articles\\\/articulista-de-ecuador-denuncia-autocensura-de-su-medio-por-temor-a-represalias-legales\\\/\",\"url\":\"https:\\\/\\\/latamjournalismreview.org\\\/es\\\/articles\\\/articulista-de-ecuador-denuncia-autocensura-de-su-medio-por-temor-a-represalias-legales\\\/\",\"name\":\"Articulista de Ecuador denuncia autocensura de su medio por temor a represalias legales - LatAm Journalism Review\",\"isPartOf\":{\"@id\":\"https:\\\/\\\/latamjournalismreview.org\\\/es\\\/#website\"},\"datePublished\":\"2011-11-02T21:00:33+00:00\",\"dateModified\":\"2021-07-30T21:01:31+00:00\",\"description\":\"Articulista de Ecuador denuncia autocensura de su medio por temor a represalias legales . Latin American Journalism Review by The Knight Center at The University of Texas at Austin.\",\"breadcrumb\":{\"@id\":\"https:\\\/\\\/latamjournalismreview.org\\\/es\\\/articles\\\/articulista-de-ecuador-denuncia-autocensura-de-su-medio-por-temor-a-represalias-legales\\\/#breadcrumb\"},\"inLanguage\":\"es\",\"potentialAction\":[{\"@type\":\"ReadAction\",\"target\":[\"https:\\\/\\\/latamjournalismreview.org\\\/es\\\/articles\\\/articulista-de-ecuador-denuncia-autocensura-de-su-medio-por-temor-a-represalias-legales\\\/\"]}]},{\"@type\":\"BreadcrumbList\",\"@id\":\"https:\\\/\\\/latamjournalismreview.org\\\/es\\\/articles\\\/articulista-de-ecuador-denuncia-autocensura-de-su-medio-por-temor-a-represalias-legales\\\/#breadcrumb\",\"itemListElement\":[{\"@type\":\"ListItem\",\"position\":1,\"name\":\"Home\",\"item\":\"https:\\\/\\\/latamjournalismreview.org\\\/es\\\/\"},{\"@type\":\"ListItem\",\"position\":2,\"name\":\"Articulista de Ecuador denuncia autocensura de su medio por temor a represalias legales\"}]},{\"@type\":\"WebSite\",\"@id\":\"https:\\\/\\\/latamjournalismreview.org\\\/es\\\/#website\",\"url\":\"https:\\\/\\\/latamjournalismreview.org\\\/es\\\/\",\"name\":\"LatAm Journalism Review\",\"description\":\"Knight Center at The University of Texas\",\"publisher\":{\"@id\":\"https:\\\/\\\/latamjournalismreview.org\\\/es\\\/#organization\"},\"potentialAction\":[{\"@type\":\"SearchAction\",\"target\":{\"@type\":\"EntryPoint\",\"urlTemplate\":\"https:\\\/\\\/latamjournalismreview.org\\\/es\\\/?s={search_term_string}\"},\"query-input\":{\"@type\":\"PropertyValueSpecification\",\"valueRequired\":true,\"valueName\":\"search_term_string\"}}],\"inLanguage\":\"es\"},{\"@type\":\"Organization\",\"@id\":\"https:\\\/\\\/latamjournalismreview.org\\\/es\\\/#organization\",\"name\":\"LatAm Journalism Review\",\"url\":\"https:\\\/\\\/latamjournalismreview.org\\\/es\\\/\",\"logo\":{\"@type\":\"ImageObject\",\"inLanguage\":\"es\",\"@id\":\"https:\\\/\\\/latamjournalismreview.org\\\/es\\\/#\\\/schema\\\/logo\\\/image\\\/\",\"url\":\"https:\\\/\\\/latamjournalismreview.org\\\/wp-content\\\/uploads\\\/2020\\\/05\\\/knight-latAm-review-logo.svg\",\"contentUrl\":\"https:\\\/\\\/latamjournalismreview.org\\\/wp-content\\\/uploads\\\/2020\\\/05\\\/knight-latAm-review-logo.svg\",\"width\":\"1024\",\"height\":\"1024\",\"caption\":\"LatAm Journalism Review\"},\"image\":{\"@id\":\"https:\\\/\\\/latamjournalismreview.org\\\/es\\\/#\\\/schema\\\/logo\\\/image\\\/\"},\"sameAs\":[\"https:\\\/\\\/x.com\\\/LatAmJournalism\"]},{\"@type\":\"Person\",\"@id\":\"https:\\\/\\\/latamjournalismreview.org\\\/es\\\/#\\\/schema\\\/person\\\/51558925140f21242c6ed2d20b8260c5\",\"name\":\"Tania Lara\",\"url\":\"https:\\\/\\\/latamjournalismreview.org\\\/es\\\/articles\\\/author\\\/tania-lara\\\/\"}]}<\/script>\n<!-- \/ Yoast SEO Premium plugin. -->","yoast_head_json":{"title":"Articulista de Ecuador denuncia autocensura de su medio por temor a represalias legales - LatAm Journalism Review","description":"Articulista de Ecuador denuncia autocensura de su medio por temor a represalias legales . Latin American Journalism Review by The Knight Center at The University of Texas at Austin.","robots":{"index":"index","follow":"follow","max-snippet":"max-snippet:-1","max-image-preview":"max-image-preview:large","max-video-preview":"max-video-preview:-1"},"canonical":"https:\/\/latamjournalismreview.org\/es\/articles\/articulista-de-ecuador-denuncia-autocensura-de-su-medio-por-temor-a-represalias-legales\/","og_locale":"es_ES","og_type":"article","og_title":"Articulista de Ecuador denuncia autocensura de su medio por temor a represalias legales","og_description":"Articulista de Ecuador denuncia autocensura de su medio por temor a represalias legales . Latin American Journalism Review by The Knight Center at The University of Texas at Austin.","og_url":"https:\/\/latamjournalismreview.org\/es\/articles\/articulista-de-ecuador-denuncia-autocensura-de-su-medio-por-temor-a-represalias-legales\/","og_site_name":"LatAm Journalism Review","article_published_time":"2011-11-02T21:00:33+00:00","article_modified_time":"2021-07-30T21:01:31+00:00","author":"Tania Lara","twitter_card":"summary_large_image","twitter_creator":"@LatAmJournalism","twitter_site":"@LatAmJournalism","twitter_misc":{"Written by":"Tania Lara","Est. reading time":"1 minuto"},"schema":{"@context":"https:\/\/schema.org","@graph":[{"@type":"Article","@id":"https:\/\/latamjournalismreview.org\/es\/articles\/articulista-de-ecuador-denuncia-autocensura-de-su-medio-por-temor-a-represalias-legales\/#article","isPartOf":{"@id":"https:\/\/latamjournalismreview.org\/es\/articles\/articulista-de-ecuador-denuncia-autocensura-de-su-medio-por-temor-a-represalias-legales\/"},"author":{"name":"Tania Lara","@id":"https:\/\/latamjournalismreview.org\/es\/#\/schema\/person\/51558925140f21242c6ed2d20b8260c5"},"headline":"Articulista de Ecuador denuncia autocensura de su medio por temor a represalias legales","datePublished":"2011-11-02T21:00:33+00:00","dateModified":"2021-07-30T21:01:31+00:00","mainEntityOfPage":{"@id":"https:\/\/latamjournalismreview.org\/es\/articles\/articulista-de-ecuador-denuncia-autocensura-de-su-medio-por-temor-a-represalias-legales\/"},"wordCount":208,"publisher":{"@id":"https:\/\/latamjournalismreview.org\/es\/#organization"},"articleSection":["Sin categorizar"],"inLanguage":"es"},{"@type":"WebPage","@id":"https:\/\/latamjournalismreview.org\/es\/articles\/articulista-de-ecuador-denuncia-autocensura-de-su-medio-por-temor-a-represalias-legales\/","url":"https:\/\/latamjournalismreview.org\/es\/articles\/articulista-de-ecuador-denuncia-autocensura-de-su-medio-por-temor-a-represalias-legales\/","name":"Articulista de Ecuador denuncia autocensura de su medio por temor a represalias legales - LatAm Journalism Review","isPartOf":{"@id":"https:\/\/latamjournalismreview.org\/es\/#website"},"datePublished":"2011-11-02T21:00:33+00:00","dateModified":"2021-07-30T21:01:31+00:00","description":"Articulista de Ecuador denuncia autocensura de su medio por temor a represalias legales . Latin American Journalism Review by The Knight Center at The University of Texas at Austin.","breadcrumb":{"@id":"https:\/\/latamjournalismreview.org\/es\/articles\/articulista-de-ecuador-denuncia-autocensura-de-su-medio-por-temor-a-represalias-legales\/#breadcrumb"},"inLanguage":"es","potentialAction":[{"@type":"ReadAction","target":["https:\/\/latamjournalismreview.org\/es\/articles\/articulista-de-ecuador-denuncia-autocensura-de-su-medio-por-temor-a-represalias-legales\/"]}]},{"@type":"BreadcrumbList","@id":"https:\/\/latamjournalismreview.org\/es\/articles\/articulista-de-ecuador-denuncia-autocensura-de-su-medio-por-temor-a-represalias-legales\/#breadcrumb","itemListElement":[{"@type":"ListItem","position":1,"name":"Home","item":"https:\/\/latamjournalismreview.org\/es\/"},{"@type":"ListItem","position":2,"name":"Articulista de Ecuador denuncia autocensura de su medio por temor a represalias legales"}]},{"@type":"WebSite","@id":"https:\/\/latamjournalismreview.org\/es\/#website","url":"https:\/\/latamjournalismreview.org\/es\/","name":"LatAm Journalism Review","description":"Knight Center at The University of Texas","publisher":{"@id":"https:\/\/latamjournalismreview.org\/es\/#organization"},"potentialAction":[{"@type":"SearchAction","target":{"@type":"EntryPoint","urlTemplate":"https:\/\/latamjournalismreview.org\/es\/?s={search_term_string}"},"query-input":{"@type":"PropertyValueSpecification","valueRequired":true,"valueName":"search_term_string"}}],"inLanguage":"es"},{"@type":"Organization","@id":"https:\/\/latamjournalismreview.org\/es\/#organization","name":"LatAm Journalism Review","url":"https:\/\/latamjournalismreview.org\/es\/","logo":{"@type":"ImageObject","inLanguage":"es","@id":"https:\/\/latamjournalismreview.org\/es\/#\/schema\/logo\/image\/","url":"https:\/\/latamjournalismreview.org\/wp-content\/uploads\/2020\/05\/knight-latAm-review-logo.svg","contentUrl":"https:\/\/latamjournalismreview.org\/wp-content\/uploads\/2020\/05\/knight-latAm-review-logo.svg","width":"1024","height":"1024","caption":"LatAm Journalism Review"},"image":{"@id":"https:\/\/latamjournalismreview.org\/es\/#\/schema\/logo\/image\/"},"sameAs":["https:\/\/x.com\/LatAmJournalism"]},{"@type":"Person","@id":"https:\/\/latamjournalismreview.org\/es\/#\/schema\/person\/51558925140f21242c6ed2d20b8260c5","name":"Tania Lara","url":"https:\/\/latamjournalismreview.org\/es\/articles\/author\/tania-lara\/"}]}},"_links":{"self":[{"href":"https:\/\/latamjournalismreview.org\/es\/wp-json\/wp\/v2\/posts\/24893","targetHints":{"allow":["GET"]}}],"collection":[{"href":"https:\/\/latamjournalismreview.org\/es\/wp-json\/wp\/v2\/posts"}],"about":[{"href":"https:\/\/latamjournalismreview.org\/es\/wp-json\/wp\/v2\/types\/post"}],"author":[{"embeddable":true,"href":"https:\/\/latamjournalismreview.org\/es\/wp-json\/wp\/v2\/users\/40"}],"replies":[{"embeddable":true,"href":"https:\/\/latamjournalismreview.org\/es\/wp-json\/wp\/v2\/comments?post=24893"}],"version-history":[{"count":1,"href":"https:\/\/latamjournalismreview.org\/es\/wp-json\/wp\/v2\/posts\/24893\/revisions"}],"predecessor-version":[{"id":24926,"href":"https:\/\/latamjournalismreview.org\/es\/wp-json\/wp\/v2\/posts\/24893\/revisions\/24926"}],"wp:attachment":[{"href":"https:\/\/latamjournalismreview.org\/es\/wp-json\/wp\/v2\/media?parent=24893"}],"wp:term":[{"taxonomy":"category","embeddable":true,"href":"https:\/\/latamjournalismreview.org\/es\/wp-json\/wp\/v2\/categories?post=24893"},{"taxonomy":"post_tag","embeddable":true,"href":"https:\/\/latamjournalismreview.org\/es\/wp-json\/wp\/v2\/tags?post=24893"},{"taxonomy":"author","embeddable":true,"href":"https:\/\/latamjournalismreview.org\/es\/wp-json\/wp\/v2\/coauthors?post=24893"}],"curies":[{"name":"wp","href":"https:\/\/api.w.org\/{rel}","templated":true}]}}