{"id":25233,"date":"2011-09-09T11:25:02","date_gmt":"2011-09-09T16:25:02","guid":{"rendered":"https:\/\/latamjournalismreview.org\/?p=25233"},"modified":"2021-07-31T15:29:49","modified_gmt":"2021-07-31T20:29:49","slug":"periodistas-y-expertos-piden-mas-precision-y-profundidad-en-cobertura-de-inmigracion-en-panel-inaugural-del-foro-de-austin","status":"publish","type":"post","link":"https:\/\/latamjournalismreview.org\/es\/articles\/periodistas-y-expertos-piden-mas-precision-y-profundidad-en-cobertura-de-inmigracion-en-panel-inaugural-del-foro-de-austin\/","title":{"rendered":"Periodistas y expertos piden m\u00e1s precisi\u00f3n y profundidad en cobertura de inmigraci\u00f3n en panel inaugural del Foro de Austin"},"content":{"rendered":"<p>La importancia de los reportajes en profundidad, ir m\u00e1s all\u00e1 de los estereotipos y evitar el uso de t\u00e9rminos deshumanizadores como \"ilegal\" a la hora de cubrir el tema de la inmigraci\u00f3n son s\u00f3lo algunos de los t\u00f3picos que surgieron durante el panel de discusi\u00f3n que dio inicio al <a href=\"http:\/\/knightcenter.utexas.edu\/es\/austinforum\/af2011\" target=\"_blank\" rel=\"noopener\">9\u00ba Foro de Austin de Periodismo en las Am\u00e9ricas<\/a>.<\/p>\n<p>El panel \"Cobertura de migraci\u00f3n internacional en Centro y Norteamerica\" y la <a href=\"http:\/\/knightcenter.utexas.edu\/es\/blog\/el-centro-knight-presenta-exposicion-de-fotografia-digital-y-panel-sobre-como-los-medios-cubren\" target=\"_blank\" rel=\"noopener\">exposici\u00f3n digital de fotograf\u00eda \"Cruzando Fronteras en las Am\u00e9ricas\/Crossing Borders in the Americas\"<\/a> fueron el puntapi\u00e9 inicial para esta reuni\u00f3n anual de periodistas y expertos en Austin, Texas. El foro de este a\u00f1o se realizar\u00e1 entre el 8 y el 10 de septiembre, y su tema principal es la <a href=\"http:\/\/knightcenter.utexas.edu\/es\/blog\/periodistas-de-todas-las-americas-se-reunen-para-discutir-sobre-la-cobertura-de-la-migracion-en\" target=\"_blank\" rel=\"noopener\">cobertura en los medios sobre migraci\u00f3n en las Am\u00e9ricas<\/a>.<\/p>\n<p>La cobertura de inmigraci\u00f3n en Estados Unidos es \"pobre y sesgada\", dijo Jos\u00e9 Luis Sierra de New America Media durante el panel p\u00fablico del jueves, presidido por <a href=\"http:\/\/www.utexas.edu\/cola\/depts\/aads\/faculty\/halecr\" target=\"_blank\" rel=\"noopener\">Charles Hale<\/a>, director del <a href=\"http:\/\/www.utexas.edu\/cola\/insts\/llilas\/\" target=\"_blank\" rel=\"noopener\">Instituto Lozano Long de Estudios Latinoamericanos<\/a>. Seg\u00fan Sierra, la inmigraci\u00f3n es un tema cubierto \"con un mont\u00f3n de hipocres\u00eda y un mont\u00f3n de clich\u00e9s [...]. Los medios tradicionales no cubren en realidad los temas de inmigraci\u00f3n o a los inmigrantes. S\u00f3lo cubren la parte mala del asunto\".<\/p>\n<p><a href=\"http:\/\/en.wikipedia.org\/wiki\/Cecilia_Alvear\" target=\"_blank\" rel=\"noopener\">Cecilia Alvear<\/a>, de la Asociaci\u00f3n Nacional de Periodistas Hispanos y UNITY, dijo que los reporteros necesitan hacer un mejor trabajo verificando datos y asegur\u00e1ndose de que el tema es cubierto en forma precisa, en especial si se toma en cuenta que muchos grupos ideol\u00f3gicos ofrecen datos sesgados disfrazada de hechos irrefutables. M\u00e1s a\u00fan, agreg\u00f3, inmigraci\u00f3n y poblaci\u00f3n latina no son sin\u00f3nimos, pero muchas veces los medios se concentran en la inmigraci\u00f3n e ignoran el hecho de que a los latinos les preocupan temas como la educaci\u00f3n, la salud, la vivienda y otros asuntos que \"tambi\u00e9n preocupan a otros estadounidenses\".<\/p>\n<p>Varios panelistas plantearon que <a href=\"http:\/\/knightcenter.utexas.edu\/es\/blog\/periodistas-hispanos-afirman-mala-cobertura-de-latinos-contribuye-generar-sentimiento-antiinmig\" target=\"_blank\" rel=\"noopener\">los medios deben abandonar el t\u00e9rmino \"ilegal\"<\/a>. Esto, dijo Alvear, no porque sea pol\u00edticamente incorrecto, sino que porque es impreciso y gramaticalmente incorrecto. En palabras de <a href=\"http:\/\/www.nalacc.org\/index.php?id=327&amp;L=1\" target=\"_blank\" rel=\"noopener\">Oscar Chac\u00f3n<\/a>, de la Alianza Nacional de Comunidades Latinoamericanas y Caribe\u00f1as, todas las personas han quebrado la ley, pues no hay quien no haya conducido sobre el l\u00edmite de velocidad o no haya ignorado una se\u00f1al del tr\u00e1nsito. \"Pero no nos dicen ilegales por eso. 'Ilegal\" es usado casi exclusivamente para referirse a personas que son o parecen mexicanas. [...] Hay obviamente una connotaci\u00f3n racial en la manera como hablamos sobre inmigraci\u00f3n\".<\/p>\n<p>Caer en el uso de t\u00e9rminos como \"ilegal\" o recurrir siempre a las mismas fuentes es apenas parte del problema en la cobertura de inmigraci\u00f3n, la que seg\u00fan los panelistas, carece de investigaci\u00f3n y de dimensi\u00f3n humana. Adem\u00e1s, hay una marcada falta de informaci\u00f3n sobre la responsabilidad de Estados Unidos en las razones detr\u00e1s de la inmigraci\u00f3n, as\u00ed como una falta de reportajes sobre los v\u00ednculos entre las violaciones a los derechos humanos de migrantes en M\u00e9xico y el crimen organizado. Como dijera <a href=\"http:\/\/mexico.ashoka.org\/node\/4031\" target=\"_blank\" rel=\"noopener\">Fabi\u00e1n S\u00e1nchez<\/a>, de <a href=\"http:\/\/idheas.org\/?page_id=72\" target=\"_blank\" rel=\"noopener\">i(dh)eas<\/a>, los funcionarios de migraci\u00f3n y el crimen organizado est\u00e1n coludidos. S\u00e1nchez destac\u00f3 el caso de un periodista que hizo el peligroso viaje con migrantes en el techo de un tren y que fue atacado por agentes mexicanos. Un polic\u00eda federal termin\u00f3 en la c\u00e1rcel por este incidente y hay \u00f3rdenes de detenci\u00f3n contra otros cuatro polic\u00edas.<\/p>\n<p>Los panelistas tambi\u00e9n debatieron sobre sesgos y objetividad. <a href=\"http:\/\/www.texastribune.org\/about\/staff\/julian-aguilar\/\" target=\"_blank\" rel=\"noopener\">Juli\u00e1n Aguilar<\/a>, del Texas Tribune, se\u00f1al\u00f3 que a menudo los lectores le han dicho que porque \u00e9l es latino, es incapaz de cubrir la inmigraci\u00f3n en forma equilibrada o precisa. Al mismo tiempo, dijo, los muchachos de la llamada <a href=\"http:\/\/es.wikipedia.org\/wiki\/Ley_Dream\">ley Dream<\/a> \u2014estudiantes indocumentados criados en Estados Unidos\u2014 le dicen que \u00e9l no puede entender su situaci\u00f3n, porque naci\u00f3 en Estados Unidos. En ese contexto, dijo, el equilibrio en la cobertura es muy importante, por lo que los periodistas necesitan \"luchar a trav\u00e9s de la ret\u00f3rica de gente de izquierda y de derecha\".<\/p>\n<p>Sierra explic\u00f3 que \u00e9l tambi\u00e9n ha recibido el mismo tipo de cr\u00edticas. \"Como periodista latino, no puedo pensar como un tipo blanco\", dijo. Lo que \u00e9l escribe, a\u00f1adi\u00f3 es \"balanceado\" aunque dijo no estar seguro de si acaso existe la objetividad.<\/p>\n<p>El <a href=\"http:\/\/knightcenter.utexas.edu\/es\/austinforum\" target=\"_blank\" rel=\"noopener\">Foro de Austin<\/a>, organizado por el <a href=\"http:\/\/knightcenter.utexas.edu\/es\" target=\"_blank\" rel=\"noopener\">Centor Knight para el Periodismo en las Am\u00e9ricas<\/a> y los programas para <a href=\"http:\/\/www.soros.org\/initiatives\/lap\" target=\"_blank\" rel=\"noopener\">Am\u00e9rica Latina<\/a> y de <a href=\"http:\/\/www.soros.org\/initiatives\/media\" target=\"_blank\" rel=\"noopener\">medios<\/a> de las <a href=\"http:\/\/www.soros.org\/\" target=\"_blank\" rel=\"noopener\">Open Society Foundations<\/a>, continuar\u00e1 el viernes y el s\u00e1bado con m\u00e1s debates sobre las maneras en que los medios cubren la migraci\u00f3n. El programa completo del evento est\u00e1 disponible <a href=\"http:\/\/knightcenter.utexas.edu\/es\/austin-forum-2011-program-espanol\" target=\"_blank\" rel=\"noopener\">aqu\u00ed<\/a>.<\/p>\n<p><strong>Otras Noticias Relacionadas<\/strong><br \/>\n\u00bb Centro Knight<span> (<a href=\"http:\/\/knightcenter.utexas.edu\/es\/blog\/revelacion-de-ganador-de-premio-pulitzer-hace-que-medios-de-eeuu-reflexionen-sobre-cobertura-de\" target=\"_blank\" rel=\"noopener\">Revelaci\u00f3n de ganador de premio Pulitzer hace que medios de EE.UU. reflexionen sobre cobertura de inmigraci\u00f3n<\/a>)<\/span><\/p>\n","protected":false},"excerpt":{"rendered":"<p>La importancia de los reportajes en profundidad, ir m\u00e1s all\u00e1 de los estereotipos y evitar el uso de t\u00e9rminos deshumanizadores como \"ilegal\" a la hora de cubrir el tema de la inmigraci\u00f3n son s\u00f3lo algunos de los t\u00f3picos que surgieron durante el panel de discusi\u00f3n que dio inicio al 9\u00ba Foro de Austin de Periodismo en las Am\u00e9ricas.<\/p>\n","protected":false},"author":41,"featured_media":0,"comment_status":"closed","ping_status":"closed","sticky":false,"template":"","format":"standard","meta":{"inline_featured_image":false,"footnotes":""},"categories":[1349],"tags":[1436,1548],"coauthors":[],"class_list":["post-25233","post","type-post","status-publish","format-standard","hentry","category-knight-center-es","tag-colaboracion-es","tag-migracion-es"],"acf":[],"yoast_head":"<!-- This site is optimized with the Yoast SEO Premium plugin v22.6 (Yoast SEO v27.4) - https:\/\/yoast.com\/product\/yoast-seo-premium-wordpress\/ -->\n<title>Periodistas y expertos piden m\u00e1s precisi\u00f3n y profundidad en cobertura de inmigraci\u00f3n en panel inaugural del Foro de Austin - LatAm Journalism Review<\/title>\n<meta name=\"description\" content=\"Periodistas y expertos piden m\u00e1s precisi\u00f3n y profundidad en cobertura de inmigraci\u00f3n en panel inaugural del Foro de Austin Knight Center. Latin American Journalism Review by The Knight Center at The University of Texas at Austin.\" \/>\n<meta name=\"robots\" content=\"index, follow, max-snippet:-1, max-image-preview:large, max-video-preview:-1\" \/>\n<link rel=\"canonical\" href=\"https:\/\/latamjournalismreview.org\/es\/articles\/periodistas-y-expertos-piden-mas-precision-y-profundidad-en-cobertura-de-inmigracion-en-panel-inaugural-del-foro-de-austin\/\" \/>\n<meta property=\"og:locale\" content=\"es_ES\" \/>\n<meta property=\"og:type\" content=\"article\" \/>\n<meta property=\"og:title\" content=\"Periodistas y expertos piden m\u00e1s precisi\u00f3n y profundidad en cobertura de inmigraci\u00f3n en panel inaugural del Foro de Austin\" \/>\n<meta property=\"og:description\" content=\"Periodistas y expertos piden m\u00e1s precisi\u00f3n y profundidad en cobertura de inmigraci\u00f3n en panel inaugural del Foro de Austin Knight Center. Latin American Journalism Review by The Knight Center at The University of Texas at Austin.\" \/>\n<meta property=\"og:url\" content=\"https:\/\/latamjournalismreview.org\/es\/articles\/periodistas-y-expertos-piden-mas-precision-y-profundidad-en-cobertura-de-inmigracion-en-panel-inaugural-del-foro-de-austin\/\" \/>\n<meta property=\"og:site_name\" content=\"LatAm Journalism Review\" \/>\n<meta property=\"article:published_time\" content=\"2011-09-09T16:25:02+00:00\" \/>\n<meta property=\"article:modified_time\" content=\"2021-07-31T20:29:49+00:00\" \/>\n<meta name=\"author\" content=\"Summer Harlow\" \/>\n<meta name=\"twitter:card\" content=\"summary_large_image\" \/>\n<meta name=\"twitter:creator\" content=\"@LatAmJournalism\" \/>\n<meta name=\"twitter:site\" content=\"@LatAmJournalism\" \/>\n<meta name=\"twitter:label1\" content=\"Written by\" \/>\n\t<meta name=\"twitter:data1\" content=\"Summer Harlow\" \/>\n\t<meta name=\"twitter:label2\" content=\"Est. reading time\" \/>\n\t<meta name=\"twitter:data2\" content=\"4 minutos\" \/>\n<script type=\"application\/ld+json\" class=\"yoast-schema-graph\">{\"@context\":\"https:\\\/\\\/schema.org\",\"@graph\":[{\"@type\":\"Article\",\"@id\":\"https:\\\/\\\/latamjournalismreview.org\\\/es\\\/articles\\\/periodistas-y-expertos-piden-mas-precision-y-profundidad-en-cobertura-de-inmigracion-en-panel-inaugural-del-foro-de-austin\\\/#article\",\"isPartOf\":{\"@id\":\"https:\\\/\\\/latamjournalismreview.org\\\/es\\\/articles\\\/periodistas-y-expertos-piden-mas-precision-y-profundidad-en-cobertura-de-inmigracion-en-panel-inaugural-del-foro-de-austin\\\/\"},\"author\":{\"name\":\"Summer Harlow\",\"@id\":\"https:\\\/\\\/latamjournalismreview.org\\\/es\\\/#\\\/schema\\\/person\\\/571a4b578ae1200d03b8c555e5e75663\"},\"headline\":\"Periodistas y expertos piden m\u00e1s precisi\u00f3n y profundidad en cobertura de inmigraci\u00f3n en panel inaugural del Foro de Austin\",\"datePublished\":\"2011-09-09T16:25:02+00:00\",\"dateModified\":\"2021-07-31T20:29:49+00:00\",\"mainEntityOfPage\":{\"@id\":\"https:\\\/\\\/latamjournalismreview.org\\\/es\\\/articles\\\/periodistas-y-expertos-piden-mas-precision-y-profundidad-en-cobertura-de-inmigracion-en-panel-inaugural-del-foro-de-austin\\\/\"},\"wordCount\":871,\"publisher\":{\"@id\":\"https:\\\/\\\/latamjournalismreview.org\\\/es\\\/#organization\"},\"keywords\":[\"Colaboraci\u00f3n\",\"Migraci\u00f3n\"],\"articleSection\":[\"Knight Center\"],\"inLanguage\":\"es\"},{\"@type\":\"WebPage\",\"@id\":\"https:\\\/\\\/latamjournalismreview.org\\\/es\\\/articles\\\/periodistas-y-expertos-piden-mas-precision-y-profundidad-en-cobertura-de-inmigracion-en-panel-inaugural-del-foro-de-austin\\\/\",\"url\":\"https:\\\/\\\/latamjournalismreview.org\\\/es\\\/articles\\\/periodistas-y-expertos-piden-mas-precision-y-profundidad-en-cobertura-de-inmigracion-en-panel-inaugural-del-foro-de-austin\\\/\",\"name\":\"Periodistas y expertos piden m\u00e1s precisi\u00f3n y profundidad en cobertura de inmigraci\u00f3n en panel inaugural del Foro de Austin - LatAm Journalism Review\",\"isPartOf\":{\"@id\":\"https:\\\/\\\/latamjournalismreview.org\\\/es\\\/#website\"},\"datePublished\":\"2011-09-09T16:25:02+00:00\",\"dateModified\":\"2021-07-31T20:29:49+00:00\",\"description\":\"Periodistas y expertos piden m\u00e1s precisi\u00f3n y profundidad en cobertura de inmigraci\u00f3n en panel inaugural del Foro de Austin Knight Center. Latin American Journalism Review by The Knight Center at The University of Texas at Austin.\",\"breadcrumb\":{\"@id\":\"https:\\\/\\\/latamjournalismreview.org\\\/es\\\/articles\\\/periodistas-y-expertos-piden-mas-precision-y-profundidad-en-cobertura-de-inmigracion-en-panel-inaugural-del-foro-de-austin\\\/#breadcrumb\"},\"inLanguage\":\"es\",\"potentialAction\":[{\"@type\":\"ReadAction\",\"target\":[\"https:\\\/\\\/latamjournalismreview.org\\\/es\\\/articles\\\/periodistas-y-expertos-piden-mas-precision-y-profundidad-en-cobertura-de-inmigracion-en-panel-inaugural-del-foro-de-austin\\\/\"]}]},{\"@type\":\"BreadcrumbList\",\"@id\":\"https:\\\/\\\/latamjournalismreview.org\\\/es\\\/articles\\\/periodistas-y-expertos-piden-mas-precision-y-profundidad-en-cobertura-de-inmigracion-en-panel-inaugural-del-foro-de-austin\\\/#breadcrumb\",\"itemListElement\":[{\"@type\":\"ListItem\",\"position\":1,\"name\":\"Home\",\"item\":\"https:\\\/\\\/latamjournalismreview.org\\\/es\\\/\"},{\"@type\":\"ListItem\",\"position\":2,\"name\":\"Periodistas y expertos piden m\u00e1s precisi\u00f3n y profundidad en cobertura de inmigraci\u00f3n en panel inaugural del Foro de Austin\"}]},{\"@type\":\"WebSite\",\"@id\":\"https:\\\/\\\/latamjournalismreview.org\\\/es\\\/#website\",\"url\":\"https:\\\/\\\/latamjournalismreview.org\\\/es\\\/\",\"name\":\"LatAm Journalism Review\",\"description\":\"Knight Center at The University of Texas\",\"publisher\":{\"@id\":\"https:\\\/\\\/latamjournalismreview.org\\\/es\\\/#organization\"},\"potentialAction\":[{\"@type\":\"SearchAction\",\"target\":{\"@type\":\"EntryPoint\",\"urlTemplate\":\"https:\\\/\\\/latamjournalismreview.org\\\/es\\\/?s={search_term_string}\"},\"query-input\":{\"@type\":\"PropertyValueSpecification\",\"valueRequired\":true,\"valueName\":\"search_term_string\"}}],\"inLanguage\":\"es\"},{\"@type\":\"Organization\",\"@id\":\"https:\\\/\\\/latamjournalismreview.org\\\/es\\\/#organization\",\"name\":\"LatAm Journalism Review\",\"url\":\"https:\\\/\\\/latamjournalismreview.org\\\/es\\\/\",\"logo\":{\"@type\":\"ImageObject\",\"inLanguage\":\"es\",\"@id\":\"https:\\\/\\\/latamjournalismreview.org\\\/es\\\/#\\\/schema\\\/logo\\\/image\\\/\",\"url\":\"https:\\\/\\\/latamjournalismreview.org\\\/wp-content\\\/uploads\\\/2020\\\/05\\\/knight-latAm-review-logo.svg\",\"contentUrl\":\"https:\\\/\\\/latamjournalismreview.org\\\/wp-content\\\/uploads\\\/2020\\\/05\\\/knight-latAm-review-logo.svg\",\"width\":\"1024\",\"height\":\"1024\",\"caption\":\"LatAm Journalism Review\"},\"image\":{\"@id\":\"https:\\\/\\\/latamjournalismreview.org\\\/es\\\/#\\\/schema\\\/logo\\\/image\\\/\"},\"sameAs\":[\"https:\\\/\\\/x.com\\\/LatAmJournalism\"]},{\"@type\":\"Person\",\"@id\":\"https:\\\/\\\/latamjournalismreview.org\\\/es\\\/#\\\/schema\\\/person\\\/571a4b578ae1200d03b8c555e5e75663\",\"name\":\"Summer Harlow\",\"url\":\"https:\\\/\\\/latamjournalismreview.org\\\/es\\\/articles\\\/author\\\/summer-harlow\\\/\"}]}<\/script>\n<!-- \/ Yoast SEO Premium plugin. -->","yoast_head_json":{"title":"Periodistas y expertos piden m\u00e1s precisi\u00f3n y profundidad en cobertura de inmigraci\u00f3n en panel inaugural del Foro de Austin - LatAm Journalism Review","description":"Periodistas y expertos piden m\u00e1s precisi\u00f3n y profundidad en cobertura de inmigraci\u00f3n en panel inaugural del Foro de Austin Knight Center. Latin American Journalism Review by The Knight Center at The University of Texas at Austin.","robots":{"index":"index","follow":"follow","max-snippet":"max-snippet:-1","max-image-preview":"max-image-preview:large","max-video-preview":"max-video-preview:-1"},"canonical":"https:\/\/latamjournalismreview.org\/es\/articles\/periodistas-y-expertos-piden-mas-precision-y-profundidad-en-cobertura-de-inmigracion-en-panel-inaugural-del-foro-de-austin\/","og_locale":"es_ES","og_type":"article","og_title":"Periodistas y expertos piden m\u00e1s precisi\u00f3n y profundidad en cobertura de inmigraci\u00f3n en panel inaugural del Foro de Austin","og_description":"Periodistas y expertos piden m\u00e1s precisi\u00f3n y profundidad en cobertura de inmigraci\u00f3n en panel inaugural del Foro de Austin Knight Center. Latin American Journalism Review by The Knight Center at The University of Texas at Austin.","og_url":"https:\/\/latamjournalismreview.org\/es\/articles\/periodistas-y-expertos-piden-mas-precision-y-profundidad-en-cobertura-de-inmigracion-en-panel-inaugural-del-foro-de-austin\/","og_site_name":"LatAm Journalism Review","article_published_time":"2011-09-09T16:25:02+00:00","article_modified_time":"2021-07-31T20:29:49+00:00","author":"Summer Harlow","twitter_card":"summary_large_image","twitter_creator":"@LatAmJournalism","twitter_site":"@LatAmJournalism","twitter_misc":{"Written by":"Summer Harlow","Est. reading time":"4 minutos"},"schema":{"@context":"https:\/\/schema.org","@graph":[{"@type":"Article","@id":"https:\/\/latamjournalismreview.org\/es\/articles\/periodistas-y-expertos-piden-mas-precision-y-profundidad-en-cobertura-de-inmigracion-en-panel-inaugural-del-foro-de-austin\/#article","isPartOf":{"@id":"https:\/\/latamjournalismreview.org\/es\/articles\/periodistas-y-expertos-piden-mas-precision-y-profundidad-en-cobertura-de-inmigracion-en-panel-inaugural-del-foro-de-austin\/"},"author":{"name":"Summer Harlow","@id":"https:\/\/latamjournalismreview.org\/es\/#\/schema\/person\/571a4b578ae1200d03b8c555e5e75663"},"headline":"Periodistas y expertos piden m\u00e1s precisi\u00f3n y profundidad en cobertura de inmigraci\u00f3n en panel inaugural del Foro de Austin","datePublished":"2011-09-09T16:25:02+00:00","dateModified":"2021-07-31T20:29:49+00:00","mainEntityOfPage":{"@id":"https:\/\/latamjournalismreview.org\/es\/articles\/periodistas-y-expertos-piden-mas-precision-y-profundidad-en-cobertura-de-inmigracion-en-panel-inaugural-del-foro-de-austin\/"},"wordCount":871,"publisher":{"@id":"https:\/\/latamjournalismreview.org\/es\/#organization"},"keywords":["Colaboraci\u00f3n","Migraci\u00f3n"],"articleSection":["Knight Center"],"inLanguage":"es"},{"@type":"WebPage","@id":"https:\/\/latamjournalismreview.org\/es\/articles\/periodistas-y-expertos-piden-mas-precision-y-profundidad-en-cobertura-de-inmigracion-en-panel-inaugural-del-foro-de-austin\/","url":"https:\/\/latamjournalismreview.org\/es\/articles\/periodistas-y-expertos-piden-mas-precision-y-profundidad-en-cobertura-de-inmigracion-en-panel-inaugural-del-foro-de-austin\/","name":"Periodistas y expertos piden m\u00e1s precisi\u00f3n y profundidad en cobertura de inmigraci\u00f3n en panel inaugural del Foro de Austin - LatAm Journalism Review","isPartOf":{"@id":"https:\/\/latamjournalismreview.org\/es\/#website"},"datePublished":"2011-09-09T16:25:02+00:00","dateModified":"2021-07-31T20:29:49+00:00","description":"Periodistas y expertos piden m\u00e1s precisi\u00f3n y profundidad en cobertura de inmigraci\u00f3n en panel inaugural del Foro de Austin Knight Center. Latin American Journalism Review by The Knight Center at The University of Texas at Austin.","breadcrumb":{"@id":"https:\/\/latamjournalismreview.org\/es\/articles\/periodistas-y-expertos-piden-mas-precision-y-profundidad-en-cobertura-de-inmigracion-en-panel-inaugural-del-foro-de-austin\/#breadcrumb"},"inLanguage":"es","potentialAction":[{"@type":"ReadAction","target":["https:\/\/latamjournalismreview.org\/es\/articles\/periodistas-y-expertos-piden-mas-precision-y-profundidad-en-cobertura-de-inmigracion-en-panel-inaugural-del-foro-de-austin\/"]}]},{"@type":"BreadcrumbList","@id":"https:\/\/latamjournalismreview.org\/es\/articles\/periodistas-y-expertos-piden-mas-precision-y-profundidad-en-cobertura-de-inmigracion-en-panel-inaugural-del-foro-de-austin\/#breadcrumb","itemListElement":[{"@type":"ListItem","position":1,"name":"Home","item":"https:\/\/latamjournalismreview.org\/es\/"},{"@type":"ListItem","position":2,"name":"Periodistas y expertos piden m\u00e1s precisi\u00f3n y profundidad en cobertura de inmigraci\u00f3n en panel inaugural del Foro de Austin"}]},{"@type":"WebSite","@id":"https:\/\/latamjournalismreview.org\/es\/#website","url":"https:\/\/latamjournalismreview.org\/es\/","name":"LatAm Journalism Review","description":"Knight Center at The University of Texas","publisher":{"@id":"https:\/\/latamjournalismreview.org\/es\/#organization"},"potentialAction":[{"@type":"SearchAction","target":{"@type":"EntryPoint","urlTemplate":"https:\/\/latamjournalismreview.org\/es\/?s={search_term_string}"},"query-input":{"@type":"PropertyValueSpecification","valueRequired":true,"valueName":"search_term_string"}}],"inLanguage":"es"},{"@type":"Organization","@id":"https:\/\/latamjournalismreview.org\/es\/#organization","name":"LatAm Journalism Review","url":"https:\/\/latamjournalismreview.org\/es\/","logo":{"@type":"ImageObject","inLanguage":"es","@id":"https:\/\/latamjournalismreview.org\/es\/#\/schema\/logo\/image\/","url":"https:\/\/latamjournalismreview.org\/wp-content\/uploads\/2020\/05\/knight-latAm-review-logo.svg","contentUrl":"https:\/\/latamjournalismreview.org\/wp-content\/uploads\/2020\/05\/knight-latAm-review-logo.svg","width":"1024","height":"1024","caption":"LatAm Journalism Review"},"image":{"@id":"https:\/\/latamjournalismreview.org\/es\/#\/schema\/logo\/image\/"},"sameAs":["https:\/\/x.com\/LatAmJournalism"]},{"@type":"Person","@id":"https:\/\/latamjournalismreview.org\/es\/#\/schema\/person\/571a4b578ae1200d03b8c555e5e75663","name":"Summer Harlow","url":"https:\/\/latamjournalismreview.org\/es\/articles\/author\/summer-harlow\/"}]}},"_links":{"self":[{"href":"https:\/\/latamjournalismreview.org\/es\/wp-json\/wp\/v2\/posts\/25233","targetHints":{"allow":["GET"]}}],"collection":[{"href":"https:\/\/latamjournalismreview.org\/es\/wp-json\/wp\/v2\/posts"}],"about":[{"href":"https:\/\/latamjournalismreview.org\/es\/wp-json\/wp\/v2\/types\/post"}],"author":[{"embeddable":true,"href":"https:\/\/latamjournalismreview.org\/es\/wp-json\/wp\/v2\/users\/41"}],"replies":[{"embeddable":true,"href":"https:\/\/latamjournalismreview.org\/es\/wp-json\/wp\/v2\/comments?post=25233"}],"version-history":[{"count":2,"href":"https:\/\/latamjournalismreview.org\/es\/wp-json\/wp\/v2\/posts\/25233\/revisions"}],"predecessor-version":[{"id":25235,"href":"https:\/\/latamjournalismreview.org\/es\/wp-json\/wp\/v2\/posts\/25233\/revisions\/25235"}],"wp:attachment":[{"href":"https:\/\/latamjournalismreview.org\/es\/wp-json\/wp\/v2\/media?parent=25233"}],"wp:term":[{"taxonomy":"category","embeddable":true,"href":"https:\/\/latamjournalismreview.org\/es\/wp-json\/wp\/v2\/categories?post=25233"},{"taxonomy":"post_tag","embeddable":true,"href":"https:\/\/latamjournalismreview.org\/es\/wp-json\/wp\/v2\/tags?post=25233"},{"taxonomy":"author","embeddable":true,"href":"https:\/\/latamjournalismreview.org\/es\/wp-json\/wp\/v2\/coauthors?post=25233"}],"curies":[{"name":"wp","href":"https:\/\/api.w.org\/{rel}","templated":true}]}}