{"id":25285,"date":"2011-09-07T11:33:52","date_gmt":"2011-09-07T16:33:52","guid":{"rendered":"https:\/\/latamjournalismreview.org\/?p=25285"},"modified":"2021-07-31T15:51:30","modified_gmt":"2021-07-31T20:51:30","slug":"periodista-es-agredida-por-guardias-de-gobernador-brasileno","status":"publish","type":"post","link":"https:\/\/latamjournalismreview.org\/es\/articles\/periodista-es-agredida-por-guardias-de-gobernador-brasileno\/","title":{"rendered":"Periodista es agredida por guardias de gobernador brasile\u00f1o"},"content":{"rendered":"<p>La periodista Silene Borges, presentadora y directora de TV L\u00edder, denunci\u00f3 que fue <a href=\"http:\/\/www.portalonorte.com.br\/noticia.php?l=e68a1c1b6c7b9d118fbe17b30d7944a1\" target=\"_blank\" rel=\"noopener\">agredida por guardias del gobernador del estado brasile\u00f1o de Tocantins, Siqueira Campos<\/a>, durante una visita de \u00e9l a la ciudad de <a href=\"http:\/\/es.wikipedia.org\/wiki\/Aragua%C3%ADna\" target=\"_blank\" rel=\"noopener\">Aragua\u00edna<\/a> el martes 6 de septiembre, inform\u00f3 el portal O Norte.<\/p>\n<p>Segundo Aragua\u00edna Not\u00edcias, la periodista habr\u00eda recibido <a href=\"http:\/\/araguainanoticias.com.br\/em-araguaina-jornalista-sofre-agressao-por-segurancas-durante-a-visita-do-governador-siqueira.html\" target=\"_blank\" rel=\"noopener\">codazos en el pecho cuando intent\u00f3 entrevistar <\/a> al gobernador, quien no habl\u00f3 con la prensa. Borges sufre de problemas card\u00edacos y tras el incidente se sinti\u00f3 mal, por lo que fue <a href=\"http:\/\/www.arnaldofilho.com.br\/noticia.php?l=31a1c158d73259fcf11c98ea266351b3\" target=\"_blank\" rel=\"noopener\">trasladada a un hospital<\/a>, a\u00f1adi\u00f3 Portal AF. La periodista hizo una denuncia formal de la agresi\u00f3n ante la polic\u00eda.<\/p>\n<p>\"Adem\u00e1s de salir golpeada f\u00edsicamente, sal\u00ed humillada.Yo estaba haciendo mi trabajo. Ahora est\u00e1 [en manos de] la justicia\", dice la periodista en el siguiente video en portugu\u00e9s.<\/p>\n<p><iframe loading=\"lazy\" src=\"http:\/\/www.youtube.com\/embed\/ZRh2iLy_g6Q?rel=0\" width=\"550\" height=\"309\" frameborder=\"0\" allowfullscreen=\"allowfullscreen\" data-mce-fragment=\"1\"><\/iframe><\/p>\n","protected":false},"excerpt":{"rendered":"<p>La periodista Silene Borges, presentadora y directora de TV L\u00edder, denunci\u00f3 que fue agredida por guardias del gobernador del estado brasile\u00f1o de Tocantins, Siqueira Campos, durante una visita de \u00e9l a la ciudad de Aragua\u00edna.<\/p>\n","protected":false},"author":22,"featured_media":0,"comment_status":"closed","ping_status":"closed","sticky":false,"template":"","format":"standard","meta":{"inline_featured_image":false,"footnotes":""},"categories":[1222],"tags":[],"coauthors":[],"class_list":["post-25285","post","type-post","status-publish","format-standard","hentry","category-violencia-contra-periodistas-es"],"acf":[],"yoast_head":"<!-- This site is optimized with the Yoast SEO Premium plugin v22.6 (Yoast SEO v27.4) - https:\/\/yoast.com\/product\/yoast-seo-premium-wordpress\/ -->\n<title>Periodista es agredida por guardias de gobernador brasile\u00f1o - LatAm Journalism Review<\/title>\n<meta name=\"description\" content=\"Periodista es agredida por guardias de gobernador brasile\u00f1o Violencia contra periodistas. Latin American Journalism Review by The Knight Center at The University of Texas at Austin.\" \/>\n<meta name=\"robots\" content=\"index, follow, max-snippet:-1, max-image-preview:large, max-video-preview:-1\" \/>\n<link rel=\"canonical\" href=\"https:\/\/latamjournalismreview.org\/es\/articles\/periodista-es-agredida-por-guardias-de-gobernador-brasileno\/\" \/>\n<meta property=\"og:locale\" content=\"es_ES\" \/>\n<meta property=\"og:type\" content=\"article\" \/>\n<meta property=\"og:title\" content=\"Periodista es agredida por guardias de gobernador brasile\u00f1o\" \/>\n<meta property=\"og:description\" content=\"Periodista es agredida por guardias de gobernador brasile\u00f1o Violencia contra periodistas. Latin American Journalism Review by The Knight Center at The University of Texas at Austin.\" \/>\n<meta property=\"og:url\" content=\"https:\/\/latamjournalismreview.org\/es\/articles\/periodista-es-agredida-por-guardias-de-gobernador-brasileno\/\" \/>\n<meta property=\"og:site_name\" content=\"LatAm Journalism Review\" \/>\n<meta property=\"article:published_time\" content=\"2011-09-07T16:33:52+00:00\" \/>\n<meta property=\"article:modified_time\" content=\"2021-07-31T20:51:30+00:00\" \/>\n<meta name=\"author\" content=\"Knight Center\" \/>\n<meta name=\"twitter:card\" content=\"summary_large_image\" \/>\n<meta name=\"twitter:creator\" content=\"@LatAmJournalism\" \/>\n<meta name=\"twitter:site\" content=\"@LatAmJournalism\" \/>\n<meta name=\"twitter:label1\" content=\"Written by\" \/>\n\t<meta name=\"twitter:data1\" content=\"Knight Center\" \/>\n\t<meta name=\"twitter:label2\" content=\"Est. reading time\" \/>\n\t<meta name=\"twitter:data2\" content=\"1 minuto\" \/>\n<script type=\"application\/ld+json\" class=\"yoast-schema-graph\">{\"@context\":\"https:\\\/\\\/schema.org\",\"@graph\":[{\"@type\":\"Article\",\"@id\":\"https:\\\/\\\/latamjournalismreview.org\\\/es\\\/articles\\\/periodista-es-agredida-por-guardias-de-gobernador-brasileno\\\/#article\",\"isPartOf\":{\"@id\":\"https:\\\/\\\/latamjournalismreview.org\\\/es\\\/articles\\\/periodista-es-agredida-por-guardias-de-gobernador-brasileno\\\/\"},\"author\":{\"name\":\"Knight Center\",\"@id\":\"https:\\\/\\\/latamjournalismreview.org\\\/es\\\/#\\\/schema\\\/person\\\/6c325fd0fef0cd167424c683e6577e19\"},\"headline\":\"Periodista es agredida por guardias de gobernador brasile\u00f1o\",\"datePublished\":\"2011-09-07T16:33:52+00:00\",\"dateModified\":\"2021-07-31T20:51:30+00:00\",\"mainEntityOfPage\":{\"@id\":\"https:\\\/\\\/latamjournalismreview.org\\\/es\\\/articles\\\/periodista-es-agredida-por-guardias-de-gobernador-brasileno\\\/\"},\"wordCount\":151,\"publisher\":{\"@id\":\"https:\\\/\\\/latamjournalismreview.org\\\/es\\\/#organization\"},\"articleSection\":[\"Violencia contra periodistas\"],\"inLanguage\":\"es\"},{\"@type\":\"WebPage\",\"@id\":\"https:\\\/\\\/latamjournalismreview.org\\\/es\\\/articles\\\/periodista-es-agredida-por-guardias-de-gobernador-brasileno\\\/\",\"url\":\"https:\\\/\\\/latamjournalismreview.org\\\/es\\\/articles\\\/periodista-es-agredida-por-guardias-de-gobernador-brasileno\\\/\",\"name\":\"Periodista es agredida por guardias de gobernador brasile\u00f1o - LatAm Journalism Review\",\"isPartOf\":{\"@id\":\"https:\\\/\\\/latamjournalismreview.org\\\/es\\\/#website\"},\"datePublished\":\"2011-09-07T16:33:52+00:00\",\"dateModified\":\"2021-07-31T20:51:30+00:00\",\"description\":\"Periodista es agredida por guardias de gobernador brasile\u00f1o Violencia contra periodistas. Latin American Journalism Review by The Knight Center at The University of Texas at Austin.\",\"breadcrumb\":{\"@id\":\"https:\\\/\\\/latamjournalismreview.org\\\/es\\\/articles\\\/periodista-es-agredida-por-guardias-de-gobernador-brasileno\\\/#breadcrumb\"},\"inLanguage\":\"es\",\"potentialAction\":[{\"@type\":\"ReadAction\",\"target\":[\"https:\\\/\\\/latamjournalismreview.org\\\/es\\\/articles\\\/periodista-es-agredida-por-guardias-de-gobernador-brasileno\\\/\"]}]},{\"@type\":\"BreadcrumbList\",\"@id\":\"https:\\\/\\\/latamjournalismreview.org\\\/es\\\/articles\\\/periodista-es-agredida-por-guardias-de-gobernador-brasileno\\\/#breadcrumb\",\"itemListElement\":[{\"@type\":\"ListItem\",\"position\":1,\"name\":\"Home\",\"item\":\"https:\\\/\\\/latamjournalismreview.org\\\/es\\\/\"},{\"@type\":\"ListItem\",\"position\":2,\"name\":\"Periodista es agredida por guardias de gobernador brasile\u00f1o\"}]},{\"@type\":\"WebSite\",\"@id\":\"https:\\\/\\\/latamjournalismreview.org\\\/es\\\/#website\",\"url\":\"https:\\\/\\\/latamjournalismreview.org\\\/es\\\/\",\"name\":\"LatAm Journalism Review\",\"description\":\"Knight Center at The University of Texas\",\"publisher\":{\"@id\":\"https:\\\/\\\/latamjournalismreview.org\\\/es\\\/#organization\"},\"potentialAction\":[{\"@type\":\"SearchAction\",\"target\":{\"@type\":\"EntryPoint\",\"urlTemplate\":\"https:\\\/\\\/latamjournalismreview.org\\\/es\\\/?s={search_term_string}\"},\"query-input\":{\"@type\":\"PropertyValueSpecification\",\"valueRequired\":true,\"valueName\":\"search_term_string\"}}],\"inLanguage\":\"es\"},{\"@type\":\"Organization\",\"@id\":\"https:\\\/\\\/latamjournalismreview.org\\\/es\\\/#organization\",\"name\":\"LatAm Journalism Review\",\"url\":\"https:\\\/\\\/latamjournalismreview.org\\\/es\\\/\",\"logo\":{\"@type\":\"ImageObject\",\"inLanguage\":\"es\",\"@id\":\"https:\\\/\\\/latamjournalismreview.org\\\/es\\\/#\\\/schema\\\/logo\\\/image\\\/\",\"url\":\"https:\\\/\\\/latamjournalismreview.org\\\/wp-content\\\/uploads\\\/2020\\\/05\\\/knight-latAm-review-logo.svg\",\"contentUrl\":\"https:\\\/\\\/latamjournalismreview.org\\\/wp-content\\\/uploads\\\/2020\\\/05\\\/knight-latAm-review-logo.svg\",\"width\":\"1024\",\"height\":\"1024\",\"caption\":\"LatAm Journalism Review\"},\"image\":{\"@id\":\"https:\\\/\\\/latamjournalismreview.org\\\/es\\\/#\\\/schema\\\/logo\\\/image\\\/\"},\"sameAs\":[\"https:\\\/\\\/x.com\\\/LatAmJournalism\"]},{\"@type\":\"Person\",\"@id\":\"https:\\\/\\\/latamjournalismreview.org\\\/es\\\/#\\\/schema\\\/person\\\/6c325fd0fef0cd167424c683e6577e19\",\"name\":\"Knight Center\",\"url\":\"https:\\\/\\\/latamjournalismreview.org\\\/es\\\/articles\\\/author\\\/knight-center\\\/\"}]}<\/script>\n<!-- \/ Yoast SEO Premium plugin. -->","yoast_head_json":{"title":"Periodista es agredida por guardias de gobernador brasile\u00f1o - LatAm Journalism Review","description":"Periodista es agredida por guardias de gobernador brasile\u00f1o Violencia contra periodistas. Latin American Journalism Review by The Knight Center at The University of Texas at Austin.","robots":{"index":"index","follow":"follow","max-snippet":"max-snippet:-1","max-image-preview":"max-image-preview:large","max-video-preview":"max-video-preview:-1"},"canonical":"https:\/\/latamjournalismreview.org\/es\/articles\/periodista-es-agredida-por-guardias-de-gobernador-brasileno\/","og_locale":"es_ES","og_type":"article","og_title":"Periodista es agredida por guardias de gobernador brasile\u00f1o","og_description":"Periodista es agredida por guardias de gobernador brasile\u00f1o Violencia contra periodistas. Latin American Journalism Review by The Knight Center at The University of Texas at Austin.","og_url":"https:\/\/latamjournalismreview.org\/es\/articles\/periodista-es-agredida-por-guardias-de-gobernador-brasileno\/","og_site_name":"LatAm Journalism Review","article_published_time":"2011-09-07T16:33:52+00:00","article_modified_time":"2021-07-31T20:51:30+00:00","author":"Knight Center","twitter_card":"summary_large_image","twitter_creator":"@LatAmJournalism","twitter_site":"@LatAmJournalism","twitter_misc":{"Written by":"Knight Center","Est. reading time":"1 minuto"},"schema":{"@context":"https:\/\/schema.org","@graph":[{"@type":"Article","@id":"https:\/\/latamjournalismreview.org\/es\/articles\/periodista-es-agredida-por-guardias-de-gobernador-brasileno\/#article","isPartOf":{"@id":"https:\/\/latamjournalismreview.org\/es\/articles\/periodista-es-agredida-por-guardias-de-gobernador-brasileno\/"},"author":{"name":"Knight Center","@id":"https:\/\/latamjournalismreview.org\/es\/#\/schema\/person\/6c325fd0fef0cd167424c683e6577e19"},"headline":"Periodista es agredida por guardias de gobernador brasile\u00f1o","datePublished":"2011-09-07T16:33:52+00:00","dateModified":"2021-07-31T20:51:30+00:00","mainEntityOfPage":{"@id":"https:\/\/latamjournalismreview.org\/es\/articles\/periodista-es-agredida-por-guardias-de-gobernador-brasileno\/"},"wordCount":151,"publisher":{"@id":"https:\/\/latamjournalismreview.org\/es\/#organization"},"articleSection":["Violencia contra periodistas"],"inLanguage":"es"},{"@type":"WebPage","@id":"https:\/\/latamjournalismreview.org\/es\/articles\/periodista-es-agredida-por-guardias-de-gobernador-brasileno\/","url":"https:\/\/latamjournalismreview.org\/es\/articles\/periodista-es-agredida-por-guardias-de-gobernador-brasileno\/","name":"Periodista es agredida por guardias de gobernador brasile\u00f1o - LatAm Journalism Review","isPartOf":{"@id":"https:\/\/latamjournalismreview.org\/es\/#website"},"datePublished":"2011-09-07T16:33:52+00:00","dateModified":"2021-07-31T20:51:30+00:00","description":"Periodista es agredida por guardias de gobernador brasile\u00f1o Violencia contra periodistas. Latin American Journalism Review by The Knight Center at The University of Texas at Austin.","breadcrumb":{"@id":"https:\/\/latamjournalismreview.org\/es\/articles\/periodista-es-agredida-por-guardias-de-gobernador-brasileno\/#breadcrumb"},"inLanguage":"es","potentialAction":[{"@type":"ReadAction","target":["https:\/\/latamjournalismreview.org\/es\/articles\/periodista-es-agredida-por-guardias-de-gobernador-brasileno\/"]}]},{"@type":"BreadcrumbList","@id":"https:\/\/latamjournalismreview.org\/es\/articles\/periodista-es-agredida-por-guardias-de-gobernador-brasileno\/#breadcrumb","itemListElement":[{"@type":"ListItem","position":1,"name":"Home","item":"https:\/\/latamjournalismreview.org\/es\/"},{"@type":"ListItem","position":2,"name":"Periodista es agredida por guardias de gobernador brasile\u00f1o"}]},{"@type":"WebSite","@id":"https:\/\/latamjournalismreview.org\/es\/#website","url":"https:\/\/latamjournalismreview.org\/es\/","name":"LatAm Journalism Review","description":"Knight Center at The University of Texas","publisher":{"@id":"https:\/\/latamjournalismreview.org\/es\/#organization"},"potentialAction":[{"@type":"SearchAction","target":{"@type":"EntryPoint","urlTemplate":"https:\/\/latamjournalismreview.org\/es\/?s={search_term_string}"},"query-input":{"@type":"PropertyValueSpecification","valueRequired":true,"valueName":"search_term_string"}}],"inLanguage":"es"},{"@type":"Organization","@id":"https:\/\/latamjournalismreview.org\/es\/#organization","name":"LatAm Journalism Review","url":"https:\/\/latamjournalismreview.org\/es\/","logo":{"@type":"ImageObject","inLanguage":"es","@id":"https:\/\/latamjournalismreview.org\/es\/#\/schema\/logo\/image\/","url":"https:\/\/latamjournalismreview.org\/wp-content\/uploads\/2020\/05\/knight-latAm-review-logo.svg","contentUrl":"https:\/\/latamjournalismreview.org\/wp-content\/uploads\/2020\/05\/knight-latAm-review-logo.svg","width":"1024","height":"1024","caption":"LatAm Journalism Review"},"image":{"@id":"https:\/\/latamjournalismreview.org\/es\/#\/schema\/logo\/image\/"},"sameAs":["https:\/\/x.com\/LatAmJournalism"]},{"@type":"Person","@id":"https:\/\/latamjournalismreview.org\/es\/#\/schema\/person\/6c325fd0fef0cd167424c683e6577e19","name":"Knight Center","url":"https:\/\/latamjournalismreview.org\/es\/articles\/author\/knight-center\/"}]}},"_links":{"self":[{"href":"https:\/\/latamjournalismreview.org\/es\/wp-json\/wp\/v2\/posts\/25285","targetHints":{"allow":["GET"]}}],"collection":[{"href":"https:\/\/latamjournalismreview.org\/es\/wp-json\/wp\/v2\/posts"}],"about":[{"href":"https:\/\/latamjournalismreview.org\/es\/wp-json\/wp\/v2\/types\/post"}],"author":[{"embeddable":true,"href":"https:\/\/latamjournalismreview.org\/es\/wp-json\/wp\/v2\/users\/22"}],"replies":[{"embeddable":true,"href":"https:\/\/latamjournalismreview.org\/es\/wp-json\/wp\/v2\/comments?post=25285"}],"version-history":[{"count":1,"href":"https:\/\/latamjournalismreview.org\/es\/wp-json\/wp\/v2\/posts\/25285\/revisions"}],"predecessor-version":[{"id":25286,"href":"https:\/\/latamjournalismreview.org\/es\/wp-json\/wp\/v2\/posts\/25285\/revisions\/25286"}],"wp:attachment":[{"href":"https:\/\/latamjournalismreview.org\/es\/wp-json\/wp\/v2\/media?parent=25285"}],"wp:term":[{"taxonomy":"category","embeddable":true,"href":"https:\/\/latamjournalismreview.org\/es\/wp-json\/wp\/v2\/categories?post=25285"},{"taxonomy":"post_tag","embeddable":true,"href":"https:\/\/latamjournalismreview.org\/es\/wp-json\/wp\/v2\/tags?post=25285"},{"taxonomy":"author","embeddable":true,"href":"https:\/\/latamjournalismreview.org\/es\/wp-json\/wp\/v2\/coauthors?post=25285"}],"curies":[{"name":"wp","href":"https:\/\/api.w.org\/{rel}","templated":true}]}}