{"id":25557,"date":"2012-01-30T21:16:29","date_gmt":"2012-01-31T02:16:29","guid":{"rendered":"https:\/\/latamjournalismreview.org\/?p=25557"},"modified":"2021-08-03T21:18:10","modified_gmt":"2021-08-04T02:18:10","slug":"diario-argentino-la-nacion-esta-en-negociaciones-para-adquirir-cadena-estadounidense-de-periodicos-en-espanol","status":"publish","type":"post","link":"https:\/\/latamjournalismreview.org\/es\/articles\/diario-argentino-la-nacion-esta-en-negociaciones-para-adquirir-cadena-estadounidense-de-periodicos-en-espanol\/","title":{"rendered":"Diario argentino La Naci\u00f3n est\u00e1 en negociaciones para adquirir cadena estadounidense de peri\u00f3dicos en espa\u00f1ol"},"content":{"rendered":"<p><a href=\"http:\/\/www.nypost.com\/p\/news\/business\/don_cry_for_me_el_diario_oW2klEk4ZLbIANWJ6LN8zJ\" target=\"_blank\" rel=\"noopener\">El diario argentino La Naci\u00f3n est\u00e1 negociando la compra de la compa\u00f1\u00eda estadounidense de medios ImpreMedia<\/a>, due\u00f1a de siete peri\u00f3dicos en espa\u00f1ol, incluidos\u00a0<a href=\"http:\/\/www.laopinion.com\/\" target=\"_blank\" rel=\"noopener\">La Opini\u00f3n<\/a>\u00a0en Los \u00c1ngeles y\u00a0<a href=\"http:\/\/www.eldiariony.com\/\" target=\"_blank\" rel=\"noopener\">El Diario\/La Prensa<\/a>\u00a0en Nueva York, el m\u00e1s antiguo diario hispano en circulaci\u00f3n en Estados Unidos, report\u00f3 el New York Post.\u00a0<a href=\"http:\/\/www.lanacion.com.ar\/\" target=\"_blank\" rel=\"noopener\">La Naci\u00f3n<\/a>, con sede en Buenos Aires, es el segundo mayor diario de Argentina.<\/p>\n<p>Antes de que se concrete cualquier venta, sin embargo,\u00a0<a href=\"http:\/\/www.ny1noticias.com\/content\/inicio\/155007\/la-naci%C3%B3n-estar%C3%ADa-interesado-en-comprar-el-diario\" target=\"_blank\" rel=\"noopener\">La Naci\u00f3n est\u00e1 a la espera de que se resuelva una disputa laboral<\/a>\u00a0relacionada con un nuevo contrato sindical que podr\u00eda resultar en el despido de m\u00e1s de una docena de empleados sindicalizados en El Diario\/La Prensa, inform\u00f3 NY1 Noticias en Nueva York.<\/p>\n<p>Portada destac\u00f3 que el acuerdo pendiente demuestra \"<a href=\"http:\/\/www.portada-online.com\/article.aspx?aid=9133\" target=\"_blank\" rel=\"noopener\">cu\u00e1n entrelazados pueden estar los espacios de medios y publicidad latinoamericana y estadounidense en espa\u00f1ol<\/a>.\" El sitio de medios y mercado tambi\u00e9n analiza lo que el negocio podr\u00eda significar y explica que la adquisici\u00f3n de\u00a0<a href=\"http:\/\/www.impremedia.com\/\" target=\"_blank\" rel=\"noopener\">ImpreMedia<\/a>\u00a0permitir\u00eda a la compa\u00f1\u00eda argentina invertir en un mercado m\u00e1s estable \u2014tanto La Naci\u00f3n como Clar\u00edn est\u00e1n enfrascados en\u00a0<a href=\"http:\/\/knightcenter.utexas.edu\/es\/blog\/avanza-controvertida-ley-para-controlar-la-produccion-de-papel-periodico-en-argentina\" target=\"_blank\" rel=\"noopener\">varias disputas con el gobierno argentino<\/a>\u2014 y disminuir\u00eda los costos de innovaci\u00f3n tecnol\u00f3gica, junto con aumentar de manera importante su participaci\u00f3n en el mercado digital de usuarios hispanohablantes y con eso sus ingresos por venta de publicidad online.<\/p>\n","protected":false},"excerpt":{"rendered":"<p>El diario argentino La Naci\u00f3n est\u00e1 negociando la compra de la compa\u00f1\u00eda estadounidense de medios ImpreMedia, due\u00f1a de siete peri\u00f3dicos en espa\u00f1ol, incluidos\u00a0La Opini\u00f3n\u00a0en Los \u00c1ngeles y\u00a0El Diario\/La Prensa\u00a0en Nueva York, el m\u00e1s antiguo diario hispano en circulaci\u00f3n en Estados Unidos, report\u00f3 el New York Post.\u00a0La Naci\u00f3n, con sede en Buenos Aires, es el segundo mayor diario de Argentina.<\/p>\n","protected":false},"author":41,"featured_media":0,"comment_status":"closed","ping_status":"closed","sticky":false,"template":"","format":"standard","meta":{"inline_featured_image":false,"footnotes":""},"categories":[1227],"tags":[1426],"coauthors":[],"class_list":["post-25557","post","type-post","status-publish","format-standard","hentry","category-acceso-a-la-informacion-es","tag-argentina-es"],"acf":[],"yoast_head":"<!-- This site is optimized with the Yoast SEO Premium plugin v22.6 (Yoast SEO v27.4) - https:\/\/yoast.com\/product\/yoast-seo-premium-wordpress\/ -->\n<title>Diario argentino La Naci\u00f3n est\u00e1 en negociaciones para adquirir cadena estadounidense de peri\u00f3dicos en espa\u00f1ol - LatAm Journalism Review<\/title>\n<meta name=\"description\" content=\"Diario argentino La Naci\u00f3n est\u00e1 en negociaciones para adquirir cadena estadounidense de peri\u00f3dicos en espa\u00f1ol Acceso a la Informaci\u00f3n. Latin American Journalism Review by The Knight Center at The University of Texas at Austin.\" \/>\n<meta name=\"robots\" content=\"index, follow, max-snippet:-1, max-image-preview:large, max-video-preview:-1\" \/>\n<link rel=\"canonical\" href=\"https:\/\/latamjournalismreview.org\/es\/articles\/diario-argentino-la-nacion-esta-en-negociaciones-para-adquirir-cadena-estadounidense-de-periodicos-en-espanol\/\" \/>\n<meta property=\"og:locale\" content=\"es_ES\" \/>\n<meta property=\"og:type\" content=\"article\" \/>\n<meta property=\"og:title\" content=\"Diario argentino La Naci\u00f3n est\u00e1 en negociaciones para adquirir cadena estadounidense de peri\u00f3dicos en espa\u00f1ol\" \/>\n<meta property=\"og:description\" content=\"Diario argentino La Naci\u00f3n est\u00e1 en negociaciones para adquirir cadena estadounidense de peri\u00f3dicos en espa\u00f1ol Acceso a la Informaci\u00f3n. Latin American Journalism Review by The Knight Center at The University of Texas at Austin.\" \/>\n<meta property=\"og:url\" content=\"https:\/\/latamjournalismreview.org\/es\/articles\/diario-argentino-la-nacion-esta-en-negociaciones-para-adquirir-cadena-estadounidense-de-periodicos-en-espanol\/\" \/>\n<meta property=\"og:site_name\" content=\"LatAm Journalism Review\" \/>\n<meta property=\"article:published_time\" content=\"2012-01-31T02:16:29+00:00\" \/>\n<meta property=\"article:modified_time\" content=\"2021-08-04T02:18:10+00:00\" \/>\n<meta name=\"author\" content=\"Summer Harlow\" \/>\n<meta name=\"twitter:card\" content=\"summary_large_image\" \/>\n<meta name=\"twitter:creator\" content=\"@LatAmJournalism\" \/>\n<meta name=\"twitter:site\" content=\"@LatAmJournalism\" \/>\n<meta name=\"twitter:label1\" content=\"Written by\" \/>\n\t<meta name=\"twitter:data1\" content=\"Summer Harlow\" \/>\n\t<meta name=\"twitter:label2\" content=\"Est. reading time\" \/>\n\t<meta name=\"twitter:data2\" content=\"1 minuto\" \/>\n<script type=\"application\/ld+json\" class=\"yoast-schema-graph\">{\"@context\":\"https:\\\/\\\/schema.org\",\"@graph\":[{\"@type\":\"Article\",\"@id\":\"https:\\\/\\\/latamjournalismreview.org\\\/es\\\/articles\\\/diario-argentino-la-nacion-esta-en-negociaciones-para-adquirir-cadena-estadounidense-de-periodicos-en-espanol\\\/#article\",\"isPartOf\":{\"@id\":\"https:\\\/\\\/latamjournalismreview.org\\\/es\\\/articles\\\/diario-argentino-la-nacion-esta-en-negociaciones-para-adquirir-cadena-estadounidense-de-periodicos-en-espanol\\\/\"},\"author\":{\"name\":\"Summer Harlow\",\"@id\":\"https:\\\/\\\/latamjournalismreview.org\\\/es\\\/#\\\/schema\\\/person\\\/571a4b578ae1200d03b8c555e5e75663\"},\"headline\":\"Diario argentino La Naci\u00f3n est\u00e1 en negociaciones para adquirir cadena estadounidense de peri\u00f3dicos en espa\u00f1ol\",\"datePublished\":\"2012-01-31T02:16:29+00:00\",\"dateModified\":\"2021-08-04T02:18:10+00:00\",\"mainEntityOfPage\":{\"@id\":\"https:\\\/\\\/latamjournalismreview.org\\\/es\\\/articles\\\/diario-argentino-la-nacion-esta-en-negociaciones-para-adquirir-cadena-estadounidense-de-periodicos-en-espanol\\\/\"},\"wordCount\":263,\"publisher\":{\"@id\":\"https:\\\/\\\/latamjournalismreview.org\\\/es\\\/#organization\"},\"keywords\":[\"Argentina\"],\"articleSection\":[\"Acceso a la Informaci\u00f3n\"],\"inLanguage\":\"es\"},{\"@type\":\"WebPage\",\"@id\":\"https:\\\/\\\/latamjournalismreview.org\\\/es\\\/articles\\\/diario-argentino-la-nacion-esta-en-negociaciones-para-adquirir-cadena-estadounidense-de-periodicos-en-espanol\\\/\",\"url\":\"https:\\\/\\\/latamjournalismreview.org\\\/es\\\/articles\\\/diario-argentino-la-nacion-esta-en-negociaciones-para-adquirir-cadena-estadounidense-de-periodicos-en-espanol\\\/\",\"name\":\"Diario argentino La Naci\u00f3n est\u00e1 en negociaciones para adquirir cadena estadounidense de peri\u00f3dicos en espa\u00f1ol - LatAm Journalism Review\",\"isPartOf\":{\"@id\":\"https:\\\/\\\/latamjournalismreview.org\\\/es\\\/#website\"},\"datePublished\":\"2012-01-31T02:16:29+00:00\",\"dateModified\":\"2021-08-04T02:18:10+00:00\",\"description\":\"Diario argentino La Naci\u00f3n est\u00e1 en negociaciones para adquirir cadena estadounidense de peri\u00f3dicos en espa\u00f1ol Acceso a la Informaci\u00f3n. Latin American Journalism Review by The Knight Center at The University of Texas at Austin.\",\"breadcrumb\":{\"@id\":\"https:\\\/\\\/latamjournalismreview.org\\\/es\\\/articles\\\/diario-argentino-la-nacion-esta-en-negociaciones-para-adquirir-cadena-estadounidense-de-periodicos-en-espanol\\\/#breadcrumb\"},\"inLanguage\":\"es\",\"potentialAction\":[{\"@type\":\"ReadAction\",\"target\":[\"https:\\\/\\\/latamjournalismreview.org\\\/es\\\/articles\\\/diario-argentino-la-nacion-esta-en-negociaciones-para-adquirir-cadena-estadounidense-de-periodicos-en-espanol\\\/\"]}]},{\"@type\":\"BreadcrumbList\",\"@id\":\"https:\\\/\\\/latamjournalismreview.org\\\/es\\\/articles\\\/diario-argentino-la-nacion-esta-en-negociaciones-para-adquirir-cadena-estadounidense-de-periodicos-en-espanol\\\/#breadcrumb\",\"itemListElement\":[{\"@type\":\"ListItem\",\"position\":1,\"name\":\"Home\",\"item\":\"https:\\\/\\\/latamjournalismreview.org\\\/es\\\/\"},{\"@type\":\"ListItem\",\"position\":2,\"name\":\"Diario argentino La Naci\u00f3n est\u00e1 en negociaciones para adquirir cadena estadounidense de peri\u00f3dicos en espa\u00f1ol\"}]},{\"@type\":\"WebSite\",\"@id\":\"https:\\\/\\\/latamjournalismreview.org\\\/es\\\/#website\",\"url\":\"https:\\\/\\\/latamjournalismreview.org\\\/es\\\/\",\"name\":\"LatAm Journalism Review\",\"description\":\"Knight Center at The University of Texas\",\"publisher\":{\"@id\":\"https:\\\/\\\/latamjournalismreview.org\\\/es\\\/#organization\"},\"potentialAction\":[{\"@type\":\"SearchAction\",\"target\":{\"@type\":\"EntryPoint\",\"urlTemplate\":\"https:\\\/\\\/latamjournalismreview.org\\\/es\\\/?s={search_term_string}\"},\"query-input\":{\"@type\":\"PropertyValueSpecification\",\"valueRequired\":true,\"valueName\":\"search_term_string\"}}],\"inLanguage\":\"es\"},{\"@type\":\"Organization\",\"@id\":\"https:\\\/\\\/latamjournalismreview.org\\\/es\\\/#organization\",\"name\":\"LatAm Journalism Review\",\"url\":\"https:\\\/\\\/latamjournalismreview.org\\\/es\\\/\",\"logo\":{\"@type\":\"ImageObject\",\"inLanguage\":\"es\",\"@id\":\"https:\\\/\\\/latamjournalismreview.org\\\/es\\\/#\\\/schema\\\/logo\\\/image\\\/\",\"url\":\"https:\\\/\\\/latamjournalismreview.org\\\/wp-content\\\/uploads\\\/2020\\\/05\\\/knight-latAm-review-logo.svg\",\"contentUrl\":\"https:\\\/\\\/latamjournalismreview.org\\\/wp-content\\\/uploads\\\/2020\\\/05\\\/knight-latAm-review-logo.svg\",\"width\":\"1024\",\"height\":\"1024\",\"caption\":\"LatAm Journalism Review\"},\"image\":{\"@id\":\"https:\\\/\\\/latamjournalismreview.org\\\/es\\\/#\\\/schema\\\/logo\\\/image\\\/\"},\"sameAs\":[\"https:\\\/\\\/x.com\\\/LatAmJournalism\"]},{\"@type\":\"Person\",\"@id\":\"https:\\\/\\\/latamjournalismreview.org\\\/es\\\/#\\\/schema\\\/person\\\/571a4b578ae1200d03b8c555e5e75663\",\"name\":\"Summer Harlow\",\"url\":\"https:\\\/\\\/latamjournalismreview.org\\\/es\\\/articles\\\/author\\\/summer-harlow\\\/\"}]}<\/script>\n<!-- \/ Yoast SEO Premium plugin. -->","yoast_head_json":{"title":"Diario argentino La Naci\u00f3n est\u00e1 en negociaciones para adquirir cadena estadounidense de peri\u00f3dicos en espa\u00f1ol - LatAm Journalism Review","description":"Diario argentino La Naci\u00f3n est\u00e1 en negociaciones para adquirir cadena estadounidense de peri\u00f3dicos en espa\u00f1ol Acceso a la Informaci\u00f3n. Latin American Journalism Review by The Knight Center at The University of Texas at Austin.","robots":{"index":"index","follow":"follow","max-snippet":"max-snippet:-1","max-image-preview":"max-image-preview:large","max-video-preview":"max-video-preview:-1"},"canonical":"https:\/\/latamjournalismreview.org\/es\/articles\/diario-argentino-la-nacion-esta-en-negociaciones-para-adquirir-cadena-estadounidense-de-periodicos-en-espanol\/","og_locale":"es_ES","og_type":"article","og_title":"Diario argentino La Naci\u00f3n est\u00e1 en negociaciones para adquirir cadena estadounidense de peri\u00f3dicos en espa\u00f1ol","og_description":"Diario argentino La Naci\u00f3n est\u00e1 en negociaciones para adquirir cadena estadounidense de peri\u00f3dicos en espa\u00f1ol Acceso a la Informaci\u00f3n. Latin American Journalism Review by The Knight Center at The University of Texas at Austin.","og_url":"https:\/\/latamjournalismreview.org\/es\/articles\/diario-argentino-la-nacion-esta-en-negociaciones-para-adquirir-cadena-estadounidense-de-periodicos-en-espanol\/","og_site_name":"LatAm Journalism Review","article_published_time":"2012-01-31T02:16:29+00:00","article_modified_time":"2021-08-04T02:18:10+00:00","author":"Summer Harlow","twitter_card":"summary_large_image","twitter_creator":"@LatAmJournalism","twitter_site":"@LatAmJournalism","twitter_misc":{"Written by":"Summer Harlow","Est. reading time":"1 minuto"},"schema":{"@context":"https:\/\/schema.org","@graph":[{"@type":"Article","@id":"https:\/\/latamjournalismreview.org\/es\/articles\/diario-argentino-la-nacion-esta-en-negociaciones-para-adquirir-cadena-estadounidense-de-periodicos-en-espanol\/#article","isPartOf":{"@id":"https:\/\/latamjournalismreview.org\/es\/articles\/diario-argentino-la-nacion-esta-en-negociaciones-para-adquirir-cadena-estadounidense-de-periodicos-en-espanol\/"},"author":{"name":"Summer Harlow","@id":"https:\/\/latamjournalismreview.org\/es\/#\/schema\/person\/571a4b578ae1200d03b8c555e5e75663"},"headline":"Diario argentino La Naci\u00f3n est\u00e1 en negociaciones para adquirir cadena estadounidense de peri\u00f3dicos en espa\u00f1ol","datePublished":"2012-01-31T02:16:29+00:00","dateModified":"2021-08-04T02:18:10+00:00","mainEntityOfPage":{"@id":"https:\/\/latamjournalismreview.org\/es\/articles\/diario-argentino-la-nacion-esta-en-negociaciones-para-adquirir-cadena-estadounidense-de-periodicos-en-espanol\/"},"wordCount":263,"publisher":{"@id":"https:\/\/latamjournalismreview.org\/es\/#organization"},"keywords":["Argentina"],"articleSection":["Acceso a la Informaci\u00f3n"],"inLanguage":"es"},{"@type":"WebPage","@id":"https:\/\/latamjournalismreview.org\/es\/articles\/diario-argentino-la-nacion-esta-en-negociaciones-para-adquirir-cadena-estadounidense-de-periodicos-en-espanol\/","url":"https:\/\/latamjournalismreview.org\/es\/articles\/diario-argentino-la-nacion-esta-en-negociaciones-para-adquirir-cadena-estadounidense-de-periodicos-en-espanol\/","name":"Diario argentino La Naci\u00f3n est\u00e1 en negociaciones para adquirir cadena estadounidense de peri\u00f3dicos en espa\u00f1ol - LatAm Journalism Review","isPartOf":{"@id":"https:\/\/latamjournalismreview.org\/es\/#website"},"datePublished":"2012-01-31T02:16:29+00:00","dateModified":"2021-08-04T02:18:10+00:00","description":"Diario argentino La Naci\u00f3n est\u00e1 en negociaciones para adquirir cadena estadounidense de peri\u00f3dicos en espa\u00f1ol Acceso a la Informaci\u00f3n. Latin American Journalism Review by The Knight Center at The University of Texas at Austin.","breadcrumb":{"@id":"https:\/\/latamjournalismreview.org\/es\/articles\/diario-argentino-la-nacion-esta-en-negociaciones-para-adquirir-cadena-estadounidense-de-periodicos-en-espanol\/#breadcrumb"},"inLanguage":"es","potentialAction":[{"@type":"ReadAction","target":["https:\/\/latamjournalismreview.org\/es\/articles\/diario-argentino-la-nacion-esta-en-negociaciones-para-adquirir-cadena-estadounidense-de-periodicos-en-espanol\/"]}]},{"@type":"BreadcrumbList","@id":"https:\/\/latamjournalismreview.org\/es\/articles\/diario-argentino-la-nacion-esta-en-negociaciones-para-adquirir-cadena-estadounidense-de-periodicos-en-espanol\/#breadcrumb","itemListElement":[{"@type":"ListItem","position":1,"name":"Home","item":"https:\/\/latamjournalismreview.org\/es\/"},{"@type":"ListItem","position":2,"name":"Diario argentino La Naci\u00f3n est\u00e1 en negociaciones para adquirir cadena estadounidense de peri\u00f3dicos en espa\u00f1ol"}]},{"@type":"WebSite","@id":"https:\/\/latamjournalismreview.org\/es\/#website","url":"https:\/\/latamjournalismreview.org\/es\/","name":"LatAm Journalism Review","description":"Knight Center at The University of Texas","publisher":{"@id":"https:\/\/latamjournalismreview.org\/es\/#organization"},"potentialAction":[{"@type":"SearchAction","target":{"@type":"EntryPoint","urlTemplate":"https:\/\/latamjournalismreview.org\/es\/?s={search_term_string}"},"query-input":{"@type":"PropertyValueSpecification","valueRequired":true,"valueName":"search_term_string"}}],"inLanguage":"es"},{"@type":"Organization","@id":"https:\/\/latamjournalismreview.org\/es\/#organization","name":"LatAm Journalism Review","url":"https:\/\/latamjournalismreview.org\/es\/","logo":{"@type":"ImageObject","inLanguage":"es","@id":"https:\/\/latamjournalismreview.org\/es\/#\/schema\/logo\/image\/","url":"https:\/\/latamjournalismreview.org\/wp-content\/uploads\/2020\/05\/knight-latAm-review-logo.svg","contentUrl":"https:\/\/latamjournalismreview.org\/wp-content\/uploads\/2020\/05\/knight-latAm-review-logo.svg","width":"1024","height":"1024","caption":"LatAm Journalism Review"},"image":{"@id":"https:\/\/latamjournalismreview.org\/es\/#\/schema\/logo\/image\/"},"sameAs":["https:\/\/x.com\/LatAmJournalism"]},{"@type":"Person","@id":"https:\/\/latamjournalismreview.org\/es\/#\/schema\/person\/571a4b578ae1200d03b8c555e5e75663","name":"Summer Harlow","url":"https:\/\/latamjournalismreview.org\/es\/articles\/author\/summer-harlow\/"}]}},"_links":{"self":[{"href":"https:\/\/latamjournalismreview.org\/es\/wp-json\/wp\/v2\/posts\/25557","targetHints":{"allow":["GET"]}}],"collection":[{"href":"https:\/\/latamjournalismreview.org\/es\/wp-json\/wp\/v2\/posts"}],"about":[{"href":"https:\/\/latamjournalismreview.org\/es\/wp-json\/wp\/v2\/types\/post"}],"author":[{"embeddable":true,"href":"https:\/\/latamjournalismreview.org\/es\/wp-json\/wp\/v2\/users\/41"}],"replies":[{"embeddable":true,"href":"https:\/\/latamjournalismreview.org\/es\/wp-json\/wp\/v2\/comments?post=25557"}],"version-history":[{"count":2,"href":"https:\/\/latamjournalismreview.org\/es\/wp-json\/wp\/v2\/posts\/25557\/revisions"}],"predecessor-version":[{"id":25561,"href":"https:\/\/latamjournalismreview.org\/es\/wp-json\/wp\/v2\/posts\/25557\/revisions\/25561"}],"wp:attachment":[{"href":"https:\/\/latamjournalismreview.org\/es\/wp-json\/wp\/v2\/media?parent=25557"}],"wp:term":[{"taxonomy":"category","embeddable":true,"href":"https:\/\/latamjournalismreview.org\/es\/wp-json\/wp\/v2\/categories?post=25557"},{"taxonomy":"post_tag","embeddable":true,"href":"https:\/\/latamjournalismreview.org\/es\/wp-json\/wp\/v2\/tags?post=25557"},{"taxonomy":"author","embeddable":true,"href":"https:\/\/latamjournalismreview.org\/es\/wp-json\/wp\/v2\/coauthors?post=25557"}],"curies":[{"name":"wp","href":"https:\/\/api.w.org\/{rel}","templated":true}]}}