{"id":26109,"date":"2012-01-23T16:03:36","date_gmt":"2012-01-23T21:03:36","guid":{"rendered":"https:\/\/latamjournalismreview.org\/?p=26109"},"modified":"2021-08-16T16:05:08","modified_gmt":"2021-08-16T21:05:08","slug":"news-corp-y-rcn-de-colombia-entran-al-mercado-de-television-en-espanol-en-estados-unidos","status":"publish","type":"post","link":"https:\/\/latamjournalismreview.org\/es\/articles\/news-corp-y-rcn-de-colombia-entran-al-mercado-de-television-en-espanol-en-estados-unidos\/","title":{"rendered":"News Corp. y RCN de Colombia entran al mercado de televisi\u00f3n en espa\u00f1ol en Estados Unidos"},"content":{"rendered":"<p>El conglomerado de medios\u00a0<a href=\"http:\/\/www.newscorp.com\/\" target=\"blank\" rel=\"noopener\">News Corp.<\/a>, del\u00a0<a href=\"http:\/\/knightcenter.utexas.edu\/es\/blog\/el-impacto-de-escandalo-de-escuchas-telefonicas-de-news-corp-se-extiende-estados-unidos\" target=\"blank\" rel=\"noopener\">controvertido empresario Rupert Murdoch<\/a>, y\u00a0<a href=\"http:\/\/www.canalrcnmsn.com\/\" target=\"blank\" rel=\"noopener\">RCN Televisi\u00f3n de Colombia<\/a>\u00a0anunciaron una alianza para\u00a0<a href=\"http:\/\/online.wsj.com\/article\/SB10001424052970203806504577177490689498380.html\" target=\"blank\" rel=\"noopener\">crear una cadena de televisi\u00f3n en espa\u00f1ol en Estados Unidos<\/a>\u00a0para competir contra Univision y Telemundo, report\u00f3 el diario The Wall Street Journal.<\/p>\n<p>La cadena de se\u00f1al abierta MundoFox iniciar\u00e1 transmisiones en la segunda mitad de 2012 y busca\u00a0<a href=\"http:\/\/www.eltiempo.com\/mundo\/estados-unidos\/rupert-murdoch-con-la-colombiana-rcn-lanzara-cadena-de-tv-en-espanol_10984781-4\" target=\"blank\" rel=\"noopener\">captar el gasto publicitario de medios en espa\u00f1ol en Estados Unidos<\/a>, el cual subi\u00f3 7,4 por ciento en 2011 con respecto al a\u00f1o previo, mientras que el gasto publicitario en las cadenas en ingl\u00e9s increment\u00f3 2,3 por ciento, de acuerdo con el diario El Tiempo. La publicaci\u00f3n agrega que seg\u00fan cifras del Censo de Estados Unidos, los hispanos son 16,3 por ciento de la poblaci\u00f3n en este pa\u00eds pero podr\u00edan representar un tercio en 2050.<\/p>\n<p>Los\u00a0<a href=\"https:\/\/knightcenter.utexas.edu\/es\/blog\/enojados-por-cobertura-tendenciosa-de-ocupa-wall-street-grupo-hactivista-anonymous-coloca-fox-n\" target=\"blank\" rel=\"noopener\">noticiarios de Fox son generalmente etiquetados como de tendencia conservadora en Estados Unidos<\/a>, pero la l\u00ednea editorial de la nueva cadena todav\u00eda no est\u00e1 definida, seg\u00fan explic\u00f3 Gabriel Reyes, presidente de RCN Televisi\u00f3n a BBC Mundo; aunque adelant\u00f3 que la\u00a0<a href=\"http:\/\/www.bbc.co.uk\/mundo\/noticias\/2012\/01\/120123_murdoch_mercado_hispano_ar.shtml\" target=\"blank\" rel=\"noopener\">televisora colombiana ser\u00e1 la encargada de generar el contenido noticioso<\/a>\u00a0apoy\u00e1ndose de su canal internacional\u00a0<a href=\"http:\/\/www.ntn24.com\/\" target=\"blank\" rel=\"noopener\">NTN24<\/a>.<\/p>\n<p><a href=\"http:\/\/www.google.com\/hostednews\/epa\/article\/ALeqM5jImyHY-Tz6os-aAQbGcgXZ8cqxYg?docId=1700063\" target=\"blank\" rel=\"noopener\">Fox lanz\u00f3 en abril pasado la unidad de medios hispanos Fox Hispanic Media<\/a>, el cual ya cuenta con tres canales en espa\u00f1ol:\u00a0<a href=\"http:\/\/msn.foxsports.com\/fse\/\" target=\"blank\" rel=\"noopener\">Fox Deportes<\/a>,\u00a0<a href=\"http:\/\/www.utilisima.com\/us\" target=\"blank\" rel=\"noopener\">Util\u00edsima<\/a>\u00a0-dirigido a las mujeres- y\u00a0<a href=\"http:\/\/www.natgeomundo.com\/\" target=\"blank\" rel=\"noopener\">Nat Geo Mundo<\/a>, de acuerdo con la agencia EFE<\/p>\n","protected":false},"excerpt":{"rendered":"<p>El conglomerado de medios\u00a0News Corp., del\u00a0controvertido empresario Rupert Murdoch, y\u00a0RCN Televisi\u00f3n de Colombia\u00a0anunciaron una alianza para\u00a0crear una cadena de televisi\u00f3n en espa\u00f1ol en Estados Unidos\u00a0para competir contra Univision y Telemundo, report\u00f3 el diario The Wall Street Journal.<\/p>\n","protected":false},"author":40,"featured_media":0,"comment_status":"closed","ping_status":"closed","sticky":false,"template":"","format":"standard","meta":{"inline_featured_image":false,"footnotes":""},"categories":[1227],"tags":[1395],"coauthors":[],"class_list":["post-26109","post","type-post","status-publish","format-standard","hentry","category-acceso-a-la-informacion-es","tag-colombia-es-2"],"acf":[],"yoast_head":"<!-- This site is optimized with the Yoast SEO Premium plugin v22.6 (Yoast SEO v27.4) - https:\/\/yoast.com\/product\/yoast-seo-premium-wordpress\/ -->\n<title>News Corp. y RCN de Colombia entran al mercado de televisi\u00f3n en espa\u00f1ol en Estados Unidos - LatAm Journalism Review<\/title>\n<meta name=\"description\" content=\"News Corp. y RCN de Colombia entran al mercado de televisi\u00f3n en espa\u00f1ol en Estados Unidos Acceso a la Informaci\u00f3n. Latin American Journalism Review by The Knight Center at The University of Texas at Austin.\" \/>\n<meta name=\"robots\" content=\"index, follow, max-snippet:-1, max-image-preview:large, max-video-preview:-1\" \/>\n<link rel=\"canonical\" href=\"https:\/\/latamjournalismreview.org\/es\/articles\/news-corp-y-rcn-de-colombia-entran-al-mercado-de-television-en-espanol-en-estados-unidos\/\" \/>\n<meta property=\"og:locale\" content=\"es_ES\" \/>\n<meta property=\"og:type\" content=\"article\" \/>\n<meta property=\"og:title\" content=\"News Corp. y RCN de Colombia entran al mercado de televisi\u00f3n en espa\u00f1ol en Estados Unidos\" \/>\n<meta property=\"og:description\" content=\"News Corp. y RCN de Colombia entran al mercado de televisi\u00f3n en espa\u00f1ol en Estados Unidos Acceso a la Informaci\u00f3n. Latin American Journalism Review by The Knight Center at The University of Texas at Austin.\" \/>\n<meta property=\"og:url\" content=\"https:\/\/latamjournalismreview.org\/es\/articles\/news-corp-y-rcn-de-colombia-entran-al-mercado-de-television-en-espanol-en-estados-unidos\/\" \/>\n<meta property=\"og:site_name\" content=\"LatAm Journalism Review\" \/>\n<meta property=\"article:published_time\" content=\"2012-01-23T21:03:36+00:00\" \/>\n<meta property=\"article:modified_time\" content=\"2021-08-16T21:05:08+00:00\" \/>\n<meta name=\"author\" content=\"Tania Lara\" \/>\n<meta name=\"twitter:card\" content=\"summary_large_image\" \/>\n<meta name=\"twitter:creator\" content=\"@LatAmJournalism\" \/>\n<meta name=\"twitter:site\" content=\"@LatAmJournalism\" \/>\n<meta name=\"twitter:label1\" content=\"Written by\" \/>\n\t<meta name=\"twitter:data1\" content=\"Tania Lara\" \/>\n\t<meta name=\"twitter:label2\" content=\"Est. reading time\" \/>\n\t<meta name=\"twitter:data2\" content=\"1 minuto\" \/>\n<script type=\"application\/ld+json\" class=\"yoast-schema-graph\">{\"@context\":\"https:\\\/\\\/schema.org\",\"@graph\":[{\"@type\":\"Article\",\"@id\":\"https:\\\/\\\/latamjournalismreview.org\\\/es\\\/articles\\\/news-corp-y-rcn-de-colombia-entran-al-mercado-de-television-en-espanol-en-estados-unidos\\\/#article\",\"isPartOf\":{\"@id\":\"https:\\\/\\\/latamjournalismreview.org\\\/es\\\/articles\\\/news-corp-y-rcn-de-colombia-entran-al-mercado-de-television-en-espanol-en-estados-unidos\\\/\"},\"author\":{\"name\":\"Tania Lara\",\"@id\":\"https:\\\/\\\/latamjournalismreview.org\\\/es\\\/#\\\/schema\\\/person\\\/51558925140f21242c6ed2d20b8260c5\"},\"headline\":\"News Corp. y RCN de Colombia entran al mercado de televisi\u00f3n en espa\u00f1ol en Estados Unidos\",\"datePublished\":\"2012-01-23T21:03:36+00:00\",\"dateModified\":\"2021-08-16T21:05:08+00:00\",\"mainEntityOfPage\":{\"@id\":\"https:\\\/\\\/latamjournalismreview.org\\\/es\\\/articles\\\/news-corp-y-rcn-de-colombia-entran-al-mercado-de-television-en-espanol-en-estados-unidos\\\/\"},\"wordCount\":261,\"publisher\":{\"@id\":\"https:\\\/\\\/latamjournalismreview.org\\\/es\\\/#organization\"},\"keywords\":[\"Colombia\"],\"articleSection\":[\"Acceso a la Informaci\u00f3n\"],\"inLanguage\":\"es\"},{\"@type\":\"WebPage\",\"@id\":\"https:\\\/\\\/latamjournalismreview.org\\\/es\\\/articles\\\/news-corp-y-rcn-de-colombia-entran-al-mercado-de-television-en-espanol-en-estados-unidos\\\/\",\"url\":\"https:\\\/\\\/latamjournalismreview.org\\\/es\\\/articles\\\/news-corp-y-rcn-de-colombia-entran-al-mercado-de-television-en-espanol-en-estados-unidos\\\/\",\"name\":\"News Corp. y RCN de Colombia entran al mercado de televisi\u00f3n en espa\u00f1ol en Estados Unidos - LatAm Journalism Review\",\"isPartOf\":{\"@id\":\"https:\\\/\\\/latamjournalismreview.org\\\/es\\\/#website\"},\"datePublished\":\"2012-01-23T21:03:36+00:00\",\"dateModified\":\"2021-08-16T21:05:08+00:00\",\"description\":\"News Corp. y RCN de Colombia entran al mercado de televisi\u00f3n en espa\u00f1ol en Estados Unidos Acceso a la Informaci\u00f3n. Latin American Journalism Review by The Knight Center at The University of Texas at Austin.\",\"breadcrumb\":{\"@id\":\"https:\\\/\\\/latamjournalismreview.org\\\/es\\\/articles\\\/news-corp-y-rcn-de-colombia-entran-al-mercado-de-television-en-espanol-en-estados-unidos\\\/#breadcrumb\"},\"inLanguage\":\"es\",\"potentialAction\":[{\"@type\":\"ReadAction\",\"target\":[\"https:\\\/\\\/latamjournalismreview.org\\\/es\\\/articles\\\/news-corp-y-rcn-de-colombia-entran-al-mercado-de-television-en-espanol-en-estados-unidos\\\/\"]}]},{\"@type\":\"BreadcrumbList\",\"@id\":\"https:\\\/\\\/latamjournalismreview.org\\\/es\\\/articles\\\/news-corp-y-rcn-de-colombia-entran-al-mercado-de-television-en-espanol-en-estados-unidos\\\/#breadcrumb\",\"itemListElement\":[{\"@type\":\"ListItem\",\"position\":1,\"name\":\"Home\",\"item\":\"https:\\\/\\\/latamjournalismreview.org\\\/es\\\/\"},{\"@type\":\"ListItem\",\"position\":2,\"name\":\"News Corp. y RCN de Colombia entran al mercado de televisi\u00f3n en espa\u00f1ol en Estados Unidos\"}]},{\"@type\":\"WebSite\",\"@id\":\"https:\\\/\\\/latamjournalismreview.org\\\/es\\\/#website\",\"url\":\"https:\\\/\\\/latamjournalismreview.org\\\/es\\\/\",\"name\":\"LatAm Journalism Review\",\"description\":\"Knight Center at The University of Texas\",\"publisher\":{\"@id\":\"https:\\\/\\\/latamjournalismreview.org\\\/es\\\/#organization\"},\"potentialAction\":[{\"@type\":\"SearchAction\",\"target\":{\"@type\":\"EntryPoint\",\"urlTemplate\":\"https:\\\/\\\/latamjournalismreview.org\\\/es\\\/?s={search_term_string}\"},\"query-input\":{\"@type\":\"PropertyValueSpecification\",\"valueRequired\":true,\"valueName\":\"search_term_string\"}}],\"inLanguage\":\"es\"},{\"@type\":\"Organization\",\"@id\":\"https:\\\/\\\/latamjournalismreview.org\\\/es\\\/#organization\",\"name\":\"LatAm Journalism Review\",\"url\":\"https:\\\/\\\/latamjournalismreview.org\\\/es\\\/\",\"logo\":{\"@type\":\"ImageObject\",\"inLanguage\":\"es\",\"@id\":\"https:\\\/\\\/latamjournalismreview.org\\\/es\\\/#\\\/schema\\\/logo\\\/image\\\/\",\"url\":\"https:\\\/\\\/latamjournalismreview.org\\\/wp-content\\\/uploads\\\/2020\\\/05\\\/knight-latAm-review-logo.svg\",\"contentUrl\":\"https:\\\/\\\/latamjournalismreview.org\\\/wp-content\\\/uploads\\\/2020\\\/05\\\/knight-latAm-review-logo.svg\",\"width\":\"1024\",\"height\":\"1024\",\"caption\":\"LatAm Journalism Review\"},\"image\":{\"@id\":\"https:\\\/\\\/latamjournalismreview.org\\\/es\\\/#\\\/schema\\\/logo\\\/image\\\/\"},\"sameAs\":[\"https:\\\/\\\/x.com\\\/LatAmJournalism\"]},{\"@type\":\"Person\",\"@id\":\"https:\\\/\\\/latamjournalismreview.org\\\/es\\\/#\\\/schema\\\/person\\\/51558925140f21242c6ed2d20b8260c5\",\"name\":\"Tania Lara\",\"url\":\"https:\\\/\\\/latamjournalismreview.org\\\/es\\\/articles\\\/author\\\/tania-lara\\\/\"}]}<\/script>\n<!-- \/ Yoast SEO Premium plugin. -->","yoast_head_json":{"title":"News Corp. y RCN de Colombia entran al mercado de televisi\u00f3n en espa\u00f1ol en Estados Unidos - LatAm Journalism Review","description":"News Corp. y RCN de Colombia entran al mercado de televisi\u00f3n en espa\u00f1ol en Estados Unidos Acceso a la Informaci\u00f3n. Latin American Journalism Review by The Knight Center at The University of Texas at Austin.","robots":{"index":"index","follow":"follow","max-snippet":"max-snippet:-1","max-image-preview":"max-image-preview:large","max-video-preview":"max-video-preview:-1"},"canonical":"https:\/\/latamjournalismreview.org\/es\/articles\/news-corp-y-rcn-de-colombia-entran-al-mercado-de-television-en-espanol-en-estados-unidos\/","og_locale":"es_ES","og_type":"article","og_title":"News Corp. y RCN de Colombia entran al mercado de televisi\u00f3n en espa\u00f1ol en Estados Unidos","og_description":"News Corp. y RCN de Colombia entran al mercado de televisi\u00f3n en espa\u00f1ol en Estados Unidos Acceso a la Informaci\u00f3n. Latin American Journalism Review by The Knight Center at The University of Texas at Austin.","og_url":"https:\/\/latamjournalismreview.org\/es\/articles\/news-corp-y-rcn-de-colombia-entran-al-mercado-de-television-en-espanol-en-estados-unidos\/","og_site_name":"LatAm Journalism Review","article_published_time":"2012-01-23T21:03:36+00:00","article_modified_time":"2021-08-16T21:05:08+00:00","author":"Tania Lara","twitter_card":"summary_large_image","twitter_creator":"@LatAmJournalism","twitter_site":"@LatAmJournalism","twitter_misc":{"Written by":"Tania Lara","Est. reading time":"1 minuto"},"schema":{"@context":"https:\/\/schema.org","@graph":[{"@type":"Article","@id":"https:\/\/latamjournalismreview.org\/es\/articles\/news-corp-y-rcn-de-colombia-entran-al-mercado-de-television-en-espanol-en-estados-unidos\/#article","isPartOf":{"@id":"https:\/\/latamjournalismreview.org\/es\/articles\/news-corp-y-rcn-de-colombia-entran-al-mercado-de-television-en-espanol-en-estados-unidos\/"},"author":{"name":"Tania Lara","@id":"https:\/\/latamjournalismreview.org\/es\/#\/schema\/person\/51558925140f21242c6ed2d20b8260c5"},"headline":"News Corp. y RCN de Colombia entran al mercado de televisi\u00f3n en espa\u00f1ol en Estados Unidos","datePublished":"2012-01-23T21:03:36+00:00","dateModified":"2021-08-16T21:05:08+00:00","mainEntityOfPage":{"@id":"https:\/\/latamjournalismreview.org\/es\/articles\/news-corp-y-rcn-de-colombia-entran-al-mercado-de-television-en-espanol-en-estados-unidos\/"},"wordCount":261,"publisher":{"@id":"https:\/\/latamjournalismreview.org\/es\/#organization"},"keywords":["Colombia"],"articleSection":["Acceso a la Informaci\u00f3n"],"inLanguage":"es"},{"@type":"WebPage","@id":"https:\/\/latamjournalismreview.org\/es\/articles\/news-corp-y-rcn-de-colombia-entran-al-mercado-de-television-en-espanol-en-estados-unidos\/","url":"https:\/\/latamjournalismreview.org\/es\/articles\/news-corp-y-rcn-de-colombia-entran-al-mercado-de-television-en-espanol-en-estados-unidos\/","name":"News Corp. y RCN de Colombia entran al mercado de televisi\u00f3n en espa\u00f1ol en Estados Unidos - LatAm Journalism Review","isPartOf":{"@id":"https:\/\/latamjournalismreview.org\/es\/#website"},"datePublished":"2012-01-23T21:03:36+00:00","dateModified":"2021-08-16T21:05:08+00:00","description":"News Corp. y RCN de Colombia entran al mercado de televisi\u00f3n en espa\u00f1ol en Estados Unidos Acceso a la Informaci\u00f3n. Latin American Journalism Review by The Knight Center at The University of Texas at Austin.","breadcrumb":{"@id":"https:\/\/latamjournalismreview.org\/es\/articles\/news-corp-y-rcn-de-colombia-entran-al-mercado-de-television-en-espanol-en-estados-unidos\/#breadcrumb"},"inLanguage":"es","potentialAction":[{"@type":"ReadAction","target":["https:\/\/latamjournalismreview.org\/es\/articles\/news-corp-y-rcn-de-colombia-entran-al-mercado-de-television-en-espanol-en-estados-unidos\/"]}]},{"@type":"BreadcrumbList","@id":"https:\/\/latamjournalismreview.org\/es\/articles\/news-corp-y-rcn-de-colombia-entran-al-mercado-de-television-en-espanol-en-estados-unidos\/#breadcrumb","itemListElement":[{"@type":"ListItem","position":1,"name":"Home","item":"https:\/\/latamjournalismreview.org\/es\/"},{"@type":"ListItem","position":2,"name":"News Corp. y RCN de Colombia entran al mercado de televisi\u00f3n en espa\u00f1ol en Estados Unidos"}]},{"@type":"WebSite","@id":"https:\/\/latamjournalismreview.org\/es\/#website","url":"https:\/\/latamjournalismreview.org\/es\/","name":"LatAm Journalism Review","description":"Knight Center at The University of Texas","publisher":{"@id":"https:\/\/latamjournalismreview.org\/es\/#organization"},"potentialAction":[{"@type":"SearchAction","target":{"@type":"EntryPoint","urlTemplate":"https:\/\/latamjournalismreview.org\/es\/?s={search_term_string}"},"query-input":{"@type":"PropertyValueSpecification","valueRequired":true,"valueName":"search_term_string"}}],"inLanguage":"es"},{"@type":"Organization","@id":"https:\/\/latamjournalismreview.org\/es\/#organization","name":"LatAm Journalism Review","url":"https:\/\/latamjournalismreview.org\/es\/","logo":{"@type":"ImageObject","inLanguage":"es","@id":"https:\/\/latamjournalismreview.org\/es\/#\/schema\/logo\/image\/","url":"https:\/\/latamjournalismreview.org\/wp-content\/uploads\/2020\/05\/knight-latAm-review-logo.svg","contentUrl":"https:\/\/latamjournalismreview.org\/wp-content\/uploads\/2020\/05\/knight-latAm-review-logo.svg","width":"1024","height":"1024","caption":"LatAm Journalism Review"},"image":{"@id":"https:\/\/latamjournalismreview.org\/es\/#\/schema\/logo\/image\/"},"sameAs":["https:\/\/x.com\/LatAmJournalism"]},{"@type":"Person","@id":"https:\/\/latamjournalismreview.org\/es\/#\/schema\/person\/51558925140f21242c6ed2d20b8260c5","name":"Tania Lara","url":"https:\/\/latamjournalismreview.org\/es\/articles\/author\/tania-lara\/"}]}},"_links":{"self":[{"href":"https:\/\/latamjournalismreview.org\/es\/wp-json\/wp\/v2\/posts\/26109","targetHints":{"allow":["GET"]}}],"collection":[{"href":"https:\/\/latamjournalismreview.org\/es\/wp-json\/wp\/v2\/posts"}],"about":[{"href":"https:\/\/latamjournalismreview.org\/es\/wp-json\/wp\/v2\/types\/post"}],"author":[{"embeddable":true,"href":"https:\/\/latamjournalismreview.org\/es\/wp-json\/wp\/v2\/users\/40"}],"replies":[{"embeddable":true,"href":"https:\/\/latamjournalismreview.org\/es\/wp-json\/wp\/v2\/comments?post=26109"}],"version-history":[{"count":1,"href":"https:\/\/latamjournalismreview.org\/es\/wp-json\/wp\/v2\/posts\/26109\/revisions"}],"predecessor-version":[{"id":26111,"href":"https:\/\/latamjournalismreview.org\/es\/wp-json\/wp\/v2\/posts\/26109\/revisions\/26111"}],"wp:attachment":[{"href":"https:\/\/latamjournalismreview.org\/es\/wp-json\/wp\/v2\/media?parent=26109"}],"wp:term":[{"taxonomy":"category","embeddable":true,"href":"https:\/\/latamjournalismreview.org\/es\/wp-json\/wp\/v2\/categories?post=26109"},{"taxonomy":"post_tag","embeddable":true,"href":"https:\/\/latamjournalismreview.org\/es\/wp-json\/wp\/v2\/tags?post=26109"},{"taxonomy":"author","embeddable":true,"href":"https:\/\/latamjournalismreview.org\/es\/wp-json\/wp\/v2\/coauthors?post=26109"}],"curies":[{"name":"wp","href":"https:\/\/api.w.org\/{rel}","templated":true}]}}