{"id":26145,"date":"2012-01-23T16:59:29","date_gmt":"2012-01-23T21:59:29","guid":{"rendered":"https:\/\/latamjournalismreview.org\/?p=26145"},"modified":"2021-08-16T17:01:09","modified_gmt":"2021-08-16T22:01:09","slug":"otro-periodista-es-agredido-mientras-cubria-protestas-del-transporte-en-brasil","status":"publish","type":"post","link":"https:\/\/latamjournalismreview.org\/es\/articles\/otro-periodista-es-agredido-mientras-cubria-protestas-del-transporte-en-brasil\/","title":{"rendered":"Otro periodista es agredido mientras cubr\u00eda protestas del transporte en Brasil"},"content":{"rendered":"<p>Un\u00a0<a href=\"http:\/\/tvpiaui.blogspot.com\/2012\/01\/novas-agressoes-jornalistas.html\" target=\"_blank\" rel=\"noopener\">periodista fue atacado y termin\u00f3 con su c\u00e1mara fotogr\u00e1fica da\u00f1ada<\/a>\u00a0el pasado jueves 19 de enero cuando cubr\u00eda una protesta en las calles de\u00a0<a href=\"http:\/\/es.wikipedia.org\/wiki\/Teresina\" target=\"_blank\" rel=\"noopener\">Teresina<\/a>\u00a0(al norte de Brasil), inform\u00f3 TV Piau\u00ed. El profesional cree que el agresor era un guardia del Sindicato de Empresas de Transporte Urbano de Teresina.<\/p>\n<p>Jhone Sousa, reportero del sitio 180 Graus, cubr\u00eda una protesta contra el aumento de la tarifa de los buses urbanos cuando\u00a0<a href=\"http:\/\/180graus.com\/geral\/reporter-e-agredido-por-suposto-seguranca-do-setut-489818.html\" target=\"_blank\" rel=\"noopener\">un hombre se le acerc\u00f3, le quit\u00f3 la memoria de la c\u00e1mara y la rompi\u00f3\u00a0<\/a>, seg\u00fan a\u00f1adi\u00f3 la misma publicaci\u00f3n .<\/p>\n<p>El\u00a0<a href=\"http:\/\/portalimprensa.uol.com.br\/noticias\/brasil\/46800\/jornalista+e+agredido+ao+cobrir+protestos+contra+aumento+da+passagem+de+onibus+no+pi\" target=\"_blank\" rel=\"noopener\">periodista intent\u00f3 seguir trabajando en el lugar, pero fue amenazado<\/a>\u00a0por el presunto guardia. \"\u00c9l dijo que si yo continuaba sacando fotos, \u00e9l no se hac\u00eda responsable por lo que pasara conmigo. Pero no nos intimidamos y seguimos haciendo nuestro trabajo\", asegur\u00f3 Sousa a Portal Imprensa. Seg\u00fan el periodista, el medio prepara una demanda ante la justicia contra el agresor.<\/p>\n<p>El\u00a0<a href=\"http:\/\/180graus.com\/geral\/sindicato-divulga-nota-de-repudio-por-agressao-a-reporter-do-180-489916.html\" target=\"_blank\" rel=\"noopener\">Sindicato de Periodistas de Piau\u00ed critic\u00f3 el ataque<\/a>\u00a0y solidariz\u00f3 con Sousa. Desde el comienzo de las protestas en Piau\u00ed,\u00a0<a href=\"http:\/\/knightcenter.utexas.edu\/es\/blog\/reportero-es-agredido-por-supuestos-policias-durante-cobertura-de-represion-de-manifestacion-es\" target=\"_Blank\" rel=\"noopener\">varios reporteros han sido blancos de agresiones<\/a>\u00a0de supuestos guardias.<\/p>\n","protected":false},"excerpt":{"rendered":"<p>Un\u00a0periodista fue atacado y termin\u00f3 con su c\u00e1mara fotogr\u00e1fica da\u00f1ada\u00a0el pasado jueves 19 de enero cuando cubr\u00eda una protesta en las calles de\u00a0Teresina\u00a0(al norte de Brasil), inform\u00f3 TV Piau\u00ed. El profesional cree que el agresor era un guardia del Sindicato de Empresas de Transporte Urbano de Teresina.<\/p>\n","protected":false},"author":42,"featured_media":0,"comment_status":"closed","ping_status":"closed","sticky":false,"template":"","format":"standard","meta":{"inline_featured_image":false,"footnotes":""},"categories":[1222],"tags":[],"coauthors":[],"class_list":["post-26145","post","type-post","status-publish","format-standard","hentry","category-violencia-contra-periodistas-es"],"acf":[],"yoast_head":"<!-- This site is optimized with the Yoast SEO Premium plugin v22.6 (Yoast SEO v27.4) - https:\/\/yoast.com\/product\/yoast-seo-premium-wordpress\/ -->\n<title>Otro periodista es agredido mientras cubr\u00eda protestas del transporte en Brasil - LatAm Journalism Review<\/title>\n<meta name=\"description\" content=\"Otro periodista es agredido mientras cubr\u00eda protestas del transporte en Brasil Violencia contra periodistas. Latin American Journalism Review by The Knight Center at The University of Texas at Austin.\" \/>\n<meta name=\"robots\" content=\"index, follow, max-snippet:-1, max-image-preview:large, max-video-preview:-1\" \/>\n<link rel=\"canonical\" href=\"https:\/\/latamjournalismreview.org\/es\/articles\/otro-periodista-es-agredido-mientras-cubria-protestas-del-transporte-en-brasil\/\" \/>\n<meta property=\"og:locale\" content=\"es_ES\" \/>\n<meta property=\"og:type\" content=\"article\" \/>\n<meta property=\"og:title\" content=\"Otro periodista es agredido mientras cubr\u00eda protestas del transporte en Brasil\" \/>\n<meta property=\"og:description\" content=\"Otro periodista es agredido mientras cubr\u00eda protestas del transporte en Brasil Violencia contra periodistas. Latin American Journalism Review by The Knight Center at The University of Texas at Austin.\" \/>\n<meta property=\"og:url\" content=\"https:\/\/latamjournalismreview.org\/es\/articles\/otro-periodista-es-agredido-mientras-cubria-protestas-del-transporte-en-brasil\/\" \/>\n<meta property=\"og:site_name\" content=\"LatAm Journalism Review\" \/>\n<meta property=\"article:published_time\" content=\"2012-01-23T21:59:29+00:00\" \/>\n<meta property=\"article:modified_time\" content=\"2021-08-16T22:01:09+00:00\" \/>\n<meta name=\"author\" content=\"Natalia Mazotte\" \/>\n<meta name=\"twitter:card\" content=\"summary_large_image\" \/>\n<meta name=\"twitter:creator\" content=\"@LatAmJournalism\" \/>\n<meta name=\"twitter:site\" content=\"@LatAmJournalism\" \/>\n<meta name=\"twitter:label1\" content=\"Written by\" \/>\n\t<meta name=\"twitter:data1\" content=\"Natalia Mazotte\" \/>\n\t<meta name=\"twitter:label2\" content=\"Est. reading time\" \/>\n\t<meta name=\"twitter:data2\" content=\"1 minuto\" \/>\n<script type=\"application\/ld+json\" class=\"yoast-schema-graph\">{\"@context\":\"https:\\\/\\\/schema.org\",\"@graph\":[{\"@type\":\"Article\",\"@id\":\"https:\\\/\\\/latamjournalismreview.org\\\/es\\\/articles\\\/otro-periodista-es-agredido-mientras-cubria-protestas-del-transporte-en-brasil\\\/#article\",\"isPartOf\":{\"@id\":\"https:\\\/\\\/latamjournalismreview.org\\\/es\\\/articles\\\/otro-periodista-es-agredido-mientras-cubria-protestas-del-transporte-en-brasil\\\/\"},\"author\":{\"name\":\"Natalia Mazotte\",\"@id\":\"https:\\\/\\\/latamjournalismreview.org\\\/es\\\/#\\\/schema\\\/person\\\/747457e530d741a9d192f00c32c7f884\"},\"headline\":\"Otro periodista es agredido mientras cubr\u00eda protestas del transporte en Brasil\",\"datePublished\":\"2012-01-23T21:59:29+00:00\",\"dateModified\":\"2021-08-16T22:01:09+00:00\",\"mainEntityOfPage\":{\"@id\":\"https:\\\/\\\/latamjournalismreview.org\\\/es\\\/articles\\\/otro-periodista-es-agredido-mientras-cubria-protestas-del-transporte-en-brasil\\\/\"},\"wordCount\":205,\"publisher\":{\"@id\":\"https:\\\/\\\/latamjournalismreview.org\\\/es\\\/#organization\"},\"articleSection\":[\"Violencia contra periodistas\"],\"inLanguage\":\"es\"},{\"@type\":\"WebPage\",\"@id\":\"https:\\\/\\\/latamjournalismreview.org\\\/es\\\/articles\\\/otro-periodista-es-agredido-mientras-cubria-protestas-del-transporte-en-brasil\\\/\",\"url\":\"https:\\\/\\\/latamjournalismreview.org\\\/es\\\/articles\\\/otro-periodista-es-agredido-mientras-cubria-protestas-del-transporte-en-brasil\\\/\",\"name\":\"Otro periodista es agredido mientras cubr\u00eda protestas del transporte en Brasil - LatAm Journalism Review\",\"isPartOf\":{\"@id\":\"https:\\\/\\\/latamjournalismreview.org\\\/es\\\/#website\"},\"datePublished\":\"2012-01-23T21:59:29+00:00\",\"dateModified\":\"2021-08-16T22:01:09+00:00\",\"description\":\"Otro periodista es agredido mientras cubr\u00eda protestas del transporte en Brasil Violencia contra periodistas. Latin American Journalism Review by The Knight Center at The University of Texas at Austin.\",\"breadcrumb\":{\"@id\":\"https:\\\/\\\/latamjournalismreview.org\\\/es\\\/articles\\\/otro-periodista-es-agredido-mientras-cubria-protestas-del-transporte-en-brasil\\\/#breadcrumb\"},\"inLanguage\":\"es\",\"potentialAction\":[{\"@type\":\"ReadAction\",\"target\":[\"https:\\\/\\\/latamjournalismreview.org\\\/es\\\/articles\\\/otro-periodista-es-agredido-mientras-cubria-protestas-del-transporte-en-brasil\\\/\"]}]},{\"@type\":\"BreadcrumbList\",\"@id\":\"https:\\\/\\\/latamjournalismreview.org\\\/es\\\/articles\\\/otro-periodista-es-agredido-mientras-cubria-protestas-del-transporte-en-brasil\\\/#breadcrumb\",\"itemListElement\":[{\"@type\":\"ListItem\",\"position\":1,\"name\":\"Home\",\"item\":\"https:\\\/\\\/latamjournalismreview.org\\\/es\\\/\"},{\"@type\":\"ListItem\",\"position\":2,\"name\":\"Otro periodista es agredido mientras cubr\u00eda protestas del transporte en Brasil\"}]},{\"@type\":\"WebSite\",\"@id\":\"https:\\\/\\\/latamjournalismreview.org\\\/es\\\/#website\",\"url\":\"https:\\\/\\\/latamjournalismreview.org\\\/es\\\/\",\"name\":\"LatAm Journalism Review\",\"description\":\"Knight Center at The University of Texas\",\"publisher\":{\"@id\":\"https:\\\/\\\/latamjournalismreview.org\\\/es\\\/#organization\"},\"potentialAction\":[{\"@type\":\"SearchAction\",\"target\":{\"@type\":\"EntryPoint\",\"urlTemplate\":\"https:\\\/\\\/latamjournalismreview.org\\\/es\\\/?s={search_term_string}\"},\"query-input\":{\"@type\":\"PropertyValueSpecification\",\"valueRequired\":true,\"valueName\":\"search_term_string\"}}],\"inLanguage\":\"es\"},{\"@type\":\"Organization\",\"@id\":\"https:\\\/\\\/latamjournalismreview.org\\\/es\\\/#organization\",\"name\":\"LatAm Journalism Review\",\"url\":\"https:\\\/\\\/latamjournalismreview.org\\\/es\\\/\",\"logo\":{\"@type\":\"ImageObject\",\"inLanguage\":\"es\",\"@id\":\"https:\\\/\\\/latamjournalismreview.org\\\/es\\\/#\\\/schema\\\/logo\\\/image\\\/\",\"url\":\"https:\\\/\\\/latamjournalismreview.org\\\/wp-content\\\/uploads\\\/2020\\\/05\\\/knight-latAm-review-logo.svg\",\"contentUrl\":\"https:\\\/\\\/latamjournalismreview.org\\\/wp-content\\\/uploads\\\/2020\\\/05\\\/knight-latAm-review-logo.svg\",\"width\":\"1024\",\"height\":\"1024\",\"caption\":\"LatAm Journalism Review\"},\"image\":{\"@id\":\"https:\\\/\\\/latamjournalismreview.org\\\/es\\\/#\\\/schema\\\/logo\\\/image\\\/\"},\"sameAs\":[\"https:\\\/\\\/x.com\\\/LatAmJournalism\"]},{\"@type\":\"Person\",\"@id\":\"https:\\\/\\\/latamjournalismreview.org\\\/es\\\/#\\\/schema\\\/person\\\/747457e530d741a9d192f00c32c7f884\",\"name\":\"Natalia Mazotte\",\"url\":\"https:\\\/\\\/latamjournalismreview.org\\\/es\\\/articles\\\/author\\\/natalia-mazotte\\\/\"}]}<\/script>\n<!-- \/ Yoast SEO Premium plugin. -->","yoast_head_json":{"title":"Otro periodista es agredido mientras cubr\u00eda protestas del transporte en Brasil - LatAm Journalism Review","description":"Otro periodista es agredido mientras cubr\u00eda protestas del transporte en Brasil Violencia contra periodistas. Latin American Journalism Review by The Knight Center at The University of Texas at Austin.","robots":{"index":"index","follow":"follow","max-snippet":"max-snippet:-1","max-image-preview":"max-image-preview:large","max-video-preview":"max-video-preview:-1"},"canonical":"https:\/\/latamjournalismreview.org\/es\/articles\/otro-periodista-es-agredido-mientras-cubria-protestas-del-transporte-en-brasil\/","og_locale":"es_ES","og_type":"article","og_title":"Otro periodista es agredido mientras cubr\u00eda protestas del transporte en Brasil","og_description":"Otro periodista es agredido mientras cubr\u00eda protestas del transporte en Brasil Violencia contra periodistas. Latin American Journalism Review by The Knight Center at The University of Texas at Austin.","og_url":"https:\/\/latamjournalismreview.org\/es\/articles\/otro-periodista-es-agredido-mientras-cubria-protestas-del-transporte-en-brasil\/","og_site_name":"LatAm Journalism Review","article_published_time":"2012-01-23T21:59:29+00:00","article_modified_time":"2021-08-16T22:01:09+00:00","author":"Natalia Mazotte","twitter_card":"summary_large_image","twitter_creator":"@LatAmJournalism","twitter_site":"@LatAmJournalism","twitter_misc":{"Written by":"Natalia Mazotte","Est. reading time":"1 minuto"},"schema":{"@context":"https:\/\/schema.org","@graph":[{"@type":"Article","@id":"https:\/\/latamjournalismreview.org\/es\/articles\/otro-periodista-es-agredido-mientras-cubria-protestas-del-transporte-en-brasil\/#article","isPartOf":{"@id":"https:\/\/latamjournalismreview.org\/es\/articles\/otro-periodista-es-agredido-mientras-cubria-protestas-del-transporte-en-brasil\/"},"author":{"name":"Natalia Mazotte","@id":"https:\/\/latamjournalismreview.org\/es\/#\/schema\/person\/747457e530d741a9d192f00c32c7f884"},"headline":"Otro periodista es agredido mientras cubr\u00eda protestas del transporte en Brasil","datePublished":"2012-01-23T21:59:29+00:00","dateModified":"2021-08-16T22:01:09+00:00","mainEntityOfPage":{"@id":"https:\/\/latamjournalismreview.org\/es\/articles\/otro-periodista-es-agredido-mientras-cubria-protestas-del-transporte-en-brasil\/"},"wordCount":205,"publisher":{"@id":"https:\/\/latamjournalismreview.org\/es\/#organization"},"articleSection":["Violencia contra periodistas"],"inLanguage":"es"},{"@type":"WebPage","@id":"https:\/\/latamjournalismreview.org\/es\/articles\/otro-periodista-es-agredido-mientras-cubria-protestas-del-transporte-en-brasil\/","url":"https:\/\/latamjournalismreview.org\/es\/articles\/otro-periodista-es-agredido-mientras-cubria-protestas-del-transporte-en-brasil\/","name":"Otro periodista es agredido mientras cubr\u00eda protestas del transporte en Brasil - LatAm Journalism Review","isPartOf":{"@id":"https:\/\/latamjournalismreview.org\/es\/#website"},"datePublished":"2012-01-23T21:59:29+00:00","dateModified":"2021-08-16T22:01:09+00:00","description":"Otro periodista es agredido mientras cubr\u00eda protestas del transporte en Brasil Violencia contra periodistas. Latin American Journalism Review by The Knight Center at The University of Texas at Austin.","breadcrumb":{"@id":"https:\/\/latamjournalismreview.org\/es\/articles\/otro-periodista-es-agredido-mientras-cubria-protestas-del-transporte-en-brasil\/#breadcrumb"},"inLanguage":"es","potentialAction":[{"@type":"ReadAction","target":["https:\/\/latamjournalismreview.org\/es\/articles\/otro-periodista-es-agredido-mientras-cubria-protestas-del-transporte-en-brasil\/"]}]},{"@type":"BreadcrumbList","@id":"https:\/\/latamjournalismreview.org\/es\/articles\/otro-periodista-es-agredido-mientras-cubria-protestas-del-transporte-en-brasil\/#breadcrumb","itemListElement":[{"@type":"ListItem","position":1,"name":"Home","item":"https:\/\/latamjournalismreview.org\/es\/"},{"@type":"ListItem","position":2,"name":"Otro periodista es agredido mientras cubr\u00eda protestas del transporte en Brasil"}]},{"@type":"WebSite","@id":"https:\/\/latamjournalismreview.org\/es\/#website","url":"https:\/\/latamjournalismreview.org\/es\/","name":"LatAm Journalism Review","description":"Knight Center at The University of Texas","publisher":{"@id":"https:\/\/latamjournalismreview.org\/es\/#organization"},"potentialAction":[{"@type":"SearchAction","target":{"@type":"EntryPoint","urlTemplate":"https:\/\/latamjournalismreview.org\/es\/?s={search_term_string}"},"query-input":{"@type":"PropertyValueSpecification","valueRequired":true,"valueName":"search_term_string"}}],"inLanguage":"es"},{"@type":"Organization","@id":"https:\/\/latamjournalismreview.org\/es\/#organization","name":"LatAm Journalism Review","url":"https:\/\/latamjournalismreview.org\/es\/","logo":{"@type":"ImageObject","inLanguage":"es","@id":"https:\/\/latamjournalismreview.org\/es\/#\/schema\/logo\/image\/","url":"https:\/\/latamjournalismreview.org\/wp-content\/uploads\/2020\/05\/knight-latAm-review-logo.svg","contentUrl":"https:\/\/latamjournalismreview.org\/wp-content\/uploads\/2020\/05\/knight-latAm-review-logo.svg","width":"1024","height":"1024","caption":"LatAm Journalism Review"},"image":{"@id":"https:\/\/latamjournalismreview.org\/es\/#\/schema\/logo\/image\/"},"sameAs":["https:\/\/x.com\/LatAmJournalism"]},{"@type":"Person","@id":"https:\/\/latamjournalismreview.org\/es\/#\/schema\/person\/747457e530d741a9d192f00c32c7f884","name":"Natalia Mazotte","url":"https:\/\/latamjournalismreview.org\/es\/articles\/author\/natalia-mazotte\/"}]}},"_links":{"self":[{"href":"https:\/\/latamjournalismreview.org\/es\/wp-json\/wp\/v2\/posts\/26145","targetHints":{"allow":["GET"]}}],"collection":[{"href":"https:\/\/latamjournalismreview.org\/es\/wp-json\/wp\/v2\/posts"}],"about":[{"href":"https:\/\/latamjournalismreview.org\/es\/wp-json\/wp\/v2\/types\/post"}],"author":[{"embeddable":true,"href":"https:\/\/latamjournalismreview.org\/es\/wp-json\/wp\/v2\/users\/42"}],"replies":[{"embeddable":true,"href":"https:\/\/latamjournalismreview.org\/es\/wp-json\/wp\/v2\/comments?post=26145"}],"version-history":[{"count":1,"href":"https:\/\/latamjournalismreview.org\/es\/wp-json\/wp\/v2\/posts\/26145\/revisions"}],"predecessor-version":[{"id":26147,"href":"https:\/\/latamjournalismreview.org\/es\/wp-json\/wp\/v2\/posts\/26145\/revisions\/26147"}],"wp:attachment":[{"href":"https:\/\/latamjournalismreview.org\/es\/wp-json\/wp\/v2\/media?parent=26145"}],"wp:term":[{"taxonomy":"category","embeddable":true,"href":"https:\/\/latamjournalismreview.org\/es\/wp-json\/wp\/v2\/categories?post=26145"},{"taxonomy":"post_tag","embeddable":true,"href":"https:\/\/latamjournalismreview.org\/es\/wp-json\/wp\/v2\/tags?post=26145"},{"taxonomy":"author","embeddable":true,"href":"https:\/\/latamjournalismreview.org\/es\/wp-json\/wp\/v2\/coauthors?post=26145"}],"curies":[{"name":"wp","href":"https:\/\/api.w.org\/{rel}","templated":true}]}}