{"id":26636,"date":"2012-01-04T16:16:26","date_gmt":"2012-01-04T21:16:26","guid":{"rendered":"https:\/\/latamjournalismreview.org\/?p=26636"},"modified":"2021-08-18T16:17:45","modified_gmt":"2021-08-18T21:17:45","slug":"periodista-de-bolivia-demanda-a-alcalde-que-lo-insulto-en-conferencia-de-prensa","status":"publish","type":"post","link":"https:\/\/latamjournalismreview.org\/es\/articles\/periodista-de-bolivia-demanda-a-alcalde-que-lo-insulto-en-conferencia-de-prensa\/","title":{"rendered":"Periodista de Bolivia demanda a alcalde que lo insult\u00f3 en conferencia de prensa"},"content":{"rendered":"<p>Un\u00a0<a href=\"http:\/\/www.la-razon.com\/ciudades\/Comunicadores-condenan-insultos-Percy-Fernandez_0_1535246495.html\" target=\"blank\" rel=\"noopener\">periodista que fue insultado por el alcalde<\/a>\u00a0de la ciudad de\u00a0<a href=\"http:\/\/es.wikipedia.org\/wiki\/Santa_Cruz_de_la_Sierra\" target=\"blank\" rel=\"noopener\">Santa Cruz, Bolivia<\/a>\u00a0durante una conferencia de prensa,\u00a0<a href=\"http:\/\/www.eldeber.com.bo\/2012\/2012-01-04\/vernotaahora.php?id=120103231900\" target=\"blank\" rel=\"noopener\">present\u00f3 una demanda por discriminaci\u00f3n y racismo en contra del funcionario<\/a>\u00a0que lo compar\u00f3 con un burro, reportaron los diarios La Raz\u00f3n y El Deber el martes 3 de enero.<\/p>\n<p>El\u00a0<a href=\"http:\/\/www.la-razon.com\/ciudades\/Prensa-insultos-alcalde-Percy-Fernandez_0_1532246794.html\" target=\"blank\" rel=\"noopener\">alcalde de Santa Cruz, Percy Fern\u00e1ndez, respondi\u00f3 con improperios y palabras soeces al periodista<\/a>\u00a0Milton Montero, del\u00a0<a href=\"http:\/\/es.wikipedia.org\/wiki\/Televisi%C3%B3n_Universitaria\" target=\"blank\" rel=\"noopener\">Canal 11<\/a>, quien le pregunt\u00f3 sobre las cr\u00edticas de un politico de oposici\u00f3n, de acuerdo con el diario La Raz\u00f3n. En ocasiones anteriores, el\u00a0<a href=\"http:\/\/knightcenter.utexas.edu\/es\/blog\/alcalde-boliviano-amenaza-con-disparar-contra-periodistas\" target=\"blank\" rel=\"noopener\">alcalde amenaz\u00f3 con dispararle a la prensa<\/a>\u00a0e\u00a0<a href=\"http:\/\/www.opinion.com.bo\/opinion\/articulos\/2011\/1230\/noticias.php?id=37116\" target=\"blank\" rel=\"noopener\">insult\u00f3 a los periodistas<\/a>\u00a0que le preguntaron sobre la propagaci\u00f3n del dengue en la regi\u00f3n, seg\u00fan el diario Opini\u00f3n.<\/p>\n<p>El abogado Ricardo P\u00e9rez dijo que el\u00a0<a href=\"http:\/\/www.opinion.com.bo\/opinion\/articulos\/2012\/0104\/noticias.php?id=37875\" target=\"blank\" rel=\"noopener\">delito de racismo y discriminaci\u00f3n se castiga hasta con siete a\u00f1os de c\u00e1rcel<\/a>, y por la v\u00eda administrativa el alcalde ser\u00eda destituido de su cargo, inform\u00f3 el diario Opini\u00f3n. El viernes 30 de diciembre, la prensa local organiz\u00f3 una marcha para protestar en contra de los insultos del alcalde, report\u00f3 La Raz\u00f3n.<\/p>\n","protected":false},"excerpt":{"rendered":"<p>Un\u00a0periodista que fue insultado por el alcalde\u00a0de la ciudad de\u00a0Santa Cruz, Bolivia\u00a0durante una conferencia de prensa,\u00a0present\u00f3 una demanda por discriminaci\u00f3n y racismo en contra del funcionario\u00a0que lo compar\u00f3 con un burro, reportaron los diarios La Raz\u00f3n y El Deber el martes 3 de enero.<\/p>\n","protected":false},"author":40,"featured_media":0,"comment_status":"closed","ping_status":"closed","sticky":false,"template":"","format":"standard","meta":{"inline_featured_image":false,"footnotes":""},"categories":[1222],"tags":[1522,1429],"coauthors":[],"class_list":["post-26636","post","type-post","status-publish","format-standard","hentry","category-violencia-contra-periodistas-es","tag-amenazas-contra-periodistas-es","tag-bolivia-es"],"acf":[],"yoast_head":"<!-- This site is optimized with the Yoast SEO Premium plugin v22.6 (Yoast SEO v27.4) - https:\/\/yoast.com\/product\/yoast-seo-premium-wordpress\/ -->\n<title>Periodista de Bolivia demanda a alcalde que lo insult\u00f3 en conferencia de prensa - LatAm Journalism Review<\/title>\n<meta name=\"description\" content=\"Periodista de Bolivia demanda a alcalde que lo insult\u00f3 en conferencia de prensa Violencia contra periodistas. Latin American Journalism Review by The Knight Center at The University of Texas at Austin.\" \/>\n<meta name=\"robots\" content=\"index, follow, max-snippet:-1, max-image-preview:large, max-video-preview:-1\" \/>\n<link rel=\"canonical\" href=\"https:\/\/latamjournalismreview.org\/es\/articles\/periodista-de-bolivia-demanda-a-alcalde-que-lo-insulto-en-conferencia-de-prensa\/\" \/>\n<meta property=\"og:locale\" content=\"es_ES\" \/>\n<meta property=\"og:type\" content=\"article\" \/>\n<meta property=\"og:title\" content=\"Periodista de Bolivia demanda a alcalde que lo insult\u00f3 en conferencia de prensa\" \/>\n<meta property=\"og:description\" content=\"Periodista de Bolivia demanda a alcalde que lo insult\u00f3 en conferencia de prensa Violencia contra periodistas. Latin American Journalism Review by The Knight Center at The University of Texas at Austin.\" \/>\n<meta property=\"og:url\" content=\"https:\/\/latamjournalismreview.org\/es\/articles\/periodista-de-bolivia-demanda-a-alcalde-que-lo-insulto-en-conferencia-de-prensa\/\" \/>\n<meta property=\"og:site_name\" content=\"LatAm Journalism Review\" \/>\n<meta property=\"article:published_time\" content=\"2012-01-04T21:16:26+00:00\" \/>\n<meta property=\"article:modified_time\" content=\"2021-08-18T21:17:45+00:00\" \/>\n<meta name=\"author\" content=\"Tania Lara\" \/>\n<meta name=\"twitter:card\" content=\"summary_large_image\" \/>\n<meta name=\"twitter:creator\" content=\"@LatAmJournalism\" \/>\n<meta name=\"twitter:site\" content=\"@LatAmJournalism\" \/>\n<meta name=\"twitter:label1\" content=\"Written by\" \/>\n\t<meta name=\"twitter:data1\" content=\"Tania Lara\" \/>\n\t<meta name=\"twitter:label2\" content=\"Est. reading time\" \/>\n\t<meta name=\"twitter:data2\" content=\"1 minuto\" \/>\n<script type=\"application\/ld+json\" class=\"yoast-schema-graph\">{\"@context\":\"https:\\\/\\\/schema.org\",\"@graph\":[{\"@type\":\"Article\",\"@id\":\"https:\\\/\\\/latamjournalismreview.org\\\/es\\\/articles\\\/periodista-de-bolivia-demanda-a-alcalde-que-lo-insulto-en-conferencia-de-prensa\\\/#article\",\"isPartOf\":{\"@id\":\"https:\\\/\\\/latamjournalismreview.org\\\/es\\\/articles\\\/periodista-de-bolivia-demanda-a-alcalde-que-lo-insulto-en-conferencia-de-prensa\\\/\"},\"author\":{\"name\":\"Tania Lara\",\"@id\":\"https:\\\/\\\/latamjournalismreview.org\\\/es\\\/#\\\/schema\\\/person\\\/51558925140f21242c6ed2d20b8260c5\"},\"headline\":\"Periodista de Bolivia demanda a alcalde que lo insult\u00f3 en conferencia de prensa\",\"datePublished\":\"2012-01-04T21:16:26+00:00\",\"dateModified\":\"2021-08-18T21:17:45+00:00\",\"mainEntityOfPage\":{\"@id\":\"https:\\\/\\\/latamjournalismreview.org\\\/es\\\/articles\\\/periodista-de-bolivia-demanda-a-alcalde-que-lo-insulto-en-conferencia-de-prensa\\\/\"},\"wordCount\":206,\"publisher\":{\"@id\":\"https:\\\/\\\/latamjournalismreview.org\\\/es\\\/#organization\"},\"keywords\":[\"Amenazas contra periodistas\",\"Bolivia\"],\"articleSection\":[\"Violencia contra periodistas\"],\"inLanguage\":\"es\"},{\"@type\":\"WebPage\",\"@id\":\"https:\\\/\\\/latamjournalismreview.org\\\/es\\\/articles\\\/periodista-de-bolivia-demanda-a-alcalde-que-lo-insulto-en-conferencia-de-prensa\\\/\",\"url\":\"https:\\\/\\\/latamjournalismreview.org\\\/es\\\/articles\\\/periodista-de-bolivia-demanda-a-alcalde-que-lo-insulto-en-conferencia-de-prensa\\\/\",\"name\":\"Periodista de Bolivia demanda a alcalde que lo insult\u00f3 en conferencia de prensa - LatAm Journalism Review\",\"isPartOf\":{\"@id\":\"https:\\\/\\\/latamjournalismreview.org\\\/es\\\/#website\"},\"datePublished\":\"2012-01-04T21:16:26+00:00\",\"dateModified\":\"2021-08-18T21:17:45+00:00\",\"description\":\"Periodista de Bolivia demanda a alcalde que lo insult\u00f3 en conferencia de prensa Violencia contra periodistas. Latin American Journalism Review by The Knight Center at The University of Texas at Austin.\",\"breadcrumb\":{\"@id\":\"https:\\\/\\\/latamjournalismreview.org\\\/es\\\/articles\\\/periodista-de-bolivia-demanda-a-alcalde-que-lo-insulto-en-conferencia-de-prensa\\\/#breadcrumb\"},\"inLanguage\":\"es\",\"potentialAction\":[{\"@type\":\"ReadAction\",\"target\":[\"https:\\\/\\\/latamjournalismreview.org\\\/es\\\/articles\\\/periodista-de-bolivia-demanda-a-alcalde-que-lo-insulto-en-conferencia-de-prensa\\\/\"]}]},{\"@type\":\"BreadcrumbList\",\"@id\":\"https:\\\/\\\/latamjournalismreview.org\\\/es\\\/articles\\\/periodista-de-bolivia-demanda-a-alcalde-que-lo-insulto-en-conferencia-de-prensa\\\/#breadcrumb\",\"itemListElement\":[{\"@type\":\"ListItem\",\"position\":1,\"name\":\"Home\",\"item\":\"https:\\\/\\\/latamjournalismreview.org\\\/es\\\/\"},{\"@type\":\"ListItem\",\"position\":2,\"name\":\"Periodista de Bolivia demanda a alcalde que lo insult\u00f3 en conferencia de prensa\"}]},{\"@type\":\"WebSite\",\"@id\":\"https:\\\/\\\/latamjournalismreview.org\\\/es\\\/#website\",\"url\":\"https:\\\/\\\/latamjournalismreview.org\\\/es\\\/\",\"name\":\"LatAm Journalism Review\",\"description\":\"Knight Center at The University of Texas\",\"publisher\":{\"@id\":\"https:\\\/\\\/latamjournalismreview.org\\\/es\\\/#organization\"},\"potentialAction\":[{\"@type\":\"SearchAction\",\"target\":{\"@type\":\"EntryPoint\",\"urlTemplate\":\"https:\\\/\\\/latamjournalismreview.org\\\/es\\\/?s={search_term_string}\"},\"query-input\":{\"@type\":\"PropertyValueSpecification\",\"valueRequired\":true,\"valueName\":\"search_term_string\"}}],\"inLanguage\":\"es\"},{\"@type\":\"Organization\",\"@id\":\"https:\\\/\\\/latamjournalismreview.org\\\/es\\\/#organization\",\"name\":\"LatAm Journalism Review\",\"url\":\"https:\\\/\\\/latamjournalismreview.org\\\/es\\\/\",\"logo\":{\"@type\":\"ImageObject\",\"inLanguage\":\"es\",\"@id\":\"https:\\\/\\\/latamjournalismreview.org\\\/es\\\/#\\\/schema\\\/logo\\\/image\\\/\",\"url\":\"https:\\\/\\\/latamjournalismreview.org\\\/wp-content\\\/uploads\\\/2020\\\/05\\\/knight-latAm-review-logo.svg\",\"contentUrl\":\"https:\\\/\\\/latamjournalismreview.org\\\/wp-content\\\/uploads\\\/2020\\\/05\\\/knight-latAm-review-logo.svg\",\"width\":\"1024\",\"height\":\"1024\",\"caption\":\"LatAm Journalism Review\"},\"image\":{\"@id\":\"https:\\\/\\\/latamjournalismreview.org\\\/es\\\/#\\\/schema\\\/logo\\\/image\\\/\"},\"sameAs\":[\"https:\\\/\\\/x.com\\\/LatAmJournalism\"]},{\"@type\":\"Person\",\"@id\":\"https:\\\/\\\/latamjournalismreview.org\\\/es\\\/#\\\/schema\\\/person\\\/51558925140f21242c6ed2d20b8260c5\",\"name\":\"Tania Lara\",\"url\":\"https:\\\/\\\/latamjournalismreview.org\\\/es\\\/articles\\\/author\\\/tania-lara\\\/\"}]}<\/script>\n<!-- \/ Yoast SEO Premium plugin. -->","yoast_head_json":{"title":"Periodista de Bolivia demanda a alcalde que lo insult\u00f3 en conferencia de prensa - LatAm Journalism Review","description":"Periodista de Bolivia demanda a alcalde que lo insult\u00f3 en conferencia de prensa Violencia contra periodistas. Latin American Journalism Review by The Knight Center at The University of Texas at Austin.","robots":{"index":"index","follow":"follow","max-snippet":"max-snippet:-1","max-image-preview":"max-image-preview:large","max-video-preview":"max-video-preview:-1"},"canonical":"https:\/\/latamjournalismreview.org\/es\/articles\/periodista-de-bolivia-demanda-a-alcalde-que-lo-insulto-en-conferencia-de-prensa\/","og_locale":"es_ES","og_type":"article","og_title":"Periodista de Bolivia demanda a alcalde que lo insult\u00f3 en conferencia de prensa","og_description":"Periodista de Bolivia demanda a alcalde que lo insult\u00f3 en conferencia de prensa Violencia contra periodistas. Latin American Journalism Review by The Knight Center at The University of Texas at Austin.","og_url":"https:\/\/latamjournalismreview.org\/es\/articles\/periodista-de-bolivia-demanda-a-alcalde-que-lo-insulto-en-conferencia-de-prensa\/","og_site_name":"LatAm Journalism Review","article_published_time":"2012-01-04T21:16:26+00:00","article_modified_time":"2021-08-18T21:17:45+00:00","author":"Tania Lara","twitter_card":"summary_large_image","twitter_creator":"@LatAmJournalism","twitter_site":"@LatAmJournalism","twitter_misc":{"Written by":"Tania Lara","Est. reading time":"1 minuto"},"schema":{"@context":"https:\/\/schema.org","@graph":[{"@type":"Article","@id":"https:\/\/latamjournalismreview.org\/es\/articles\/periodista-de-bolivia-demanda-a-alcalde-que-lo-insulto-en-conferencia-de-prensa\/#article","isPartOf":{"@id":"https:\/\/latamjournalismreview.org\/es\/articles\/periodista-de-bolivia-demanda-a-alcalde-que-lo-insulto-en-conferencia-de-prensa\/"},"author":{"name":"Tania Lara","@id":"https:\/\/latamjournalismreview.org\/es\/#\/schema\/person\/51558925140f21242c6ed2d20b8260c5"},"headline":"Periodista de Bolivia demanda a alcalde que lo insult\u00f3 en conferencia de prensa","datePublished":"2012-01-04T21:16:26+00:00","dateModified":"2021-08-18T21:17:45+00:00","mainEntityOfPage":{"@id":"https:\/\/latamjournalismreview.org\/es\/articles\/periodista-de-bolivia-demanda-a-alcalde-que-lo-insulto-en-conferencia-de-prensa\/"},"wordCount":206,"publisher":{"@id":"https:\/\/latamjournalismreview.org\/es\/#organization"},"keywords":["Amenazas contra periodistas","Bolivia"],"articleSection":["Violencia contra periodistas"],"inLanguage":"es"},{"@type":"WebPage","@id":"https:\/\/latamjournalismreview.org\/es\/articles\/periodista-de-bolivia-demanda-a-alcalde-que-lo-insulto-en-conferencia-de-prensa\/","url":"https:\/\/latamjournalismreview.org\/es\/articles\/periodista-de-bolivia-demanda-a-alcalde-que-lo-insulto-en-conferencia-de-prensa\/","name":"Periodista de Bolivia demanda a alcalde que lo insult\u00f3 en conferencia de prensa - LatAm Journalism Review","isPartOf":{"@id":"https:\/\/latamjournalismreview.org\/es\/#website"},"datePublished":"2012-01-04T21:16:26+00:00","dateModified":"2021-08-18T21:17:45+00:00","description":"Periodista de Bolivia demanda a alcalde que lo insult\u00f3 en conferencia de prensa Violencia contra periodistas. Latin American Journalism Review by The Knight Center at The University of Texas at Austin.","breadcrumb":{"@id":"https:\/\/latamjournalismreview.org\/es\/articles\/periodista-de-bolivia-demanda-a-alcalde-que-lo-insulto-en-conferencia-de-prensa\/#breadcrumb"},"inLanguage":"es","potentialAction":[{"@type":"ReadAction","target":["https:\/\/latamjournalismreview.org\/es\/articles\/periodista-de-bolivia-demanda-a-alcalde-que-lo-insulto-en-conferencia-de-prensa\/"]}]},{"@type":"BreadcrumbList","@id":"https:\/\/latamjournalismreview.org\/es\/articles\/periodista-de-bolivia-demanda-a-alcalde-que-lo-insulto-en-conferencia-de-prensa\/#breadcrumb","itemListElement":[{"@type":"ListItem","position":1,"name":"Home","item":"https:\/\/latamjournalismreview.org\/es\/"},{"@type":"ListItem","position":2,"name":"Periodista de Bolivia demanda a alcalde que lo insult\u00f3 en conferencia de prensa"}]},{"@type":"WebSite","@id":"https:\/\/latamjournalismreview.org\/es\/#website","url":"https:\/\/latamjournalismreview.org\/es\/","name":"LatAm Journalism Review","description":"Knight Center at The University of Texas","publisher":{"@id":"https:\/\/latamjournalismreview.org\/es\/#organization"},"potentialAction":[{"@type":"SearchAction","target":{"@type":"EntryPoint","urlTemplate":"https:\/\/latamjournalismreview.org\/es\/?s={search_term_string}"},"query-input":{"@type":"PropertyValueSpecification","valueRequired":true,"valueName":"search_term_string"}}],"inLanguage":"es"},{"@type":"Organization","@id":"https:\/\/latamjournalismreview.org\/es\/#organization","name":"LatAm Journalism Review","url":"https:\/\/latamjournalismreview.org\/es\/","logo":{"@type":"ImageObject","inLanguage":"es","@id":"https:\/\/latamjournalismreview.org\/es\/#\/schema\/logo\/image\/","url":"https:\/\/latamjournalismreview.org\/wp-content\/uploads\/2020\/05\/knight-latAm-review-logo.svg","contentUrl":"https:\/\/latamjournalismreview.org\/wp-content\/uploads\/2020\/05\/knight-latAm-review-logo.svg","width":"1024","height":"1024","caption":"LatAm Journalism Review"},"image":{"@id":"https:\/\/latamjournalismreview.org\/es\/#\/schema\/logo\/image\/"},"sameAs":["https:\/\/x.com\/LatAmJournalism"]},{"@type":"Person","@id":"https:\/\/latamjournalismreview.org\/es\/#\/schema\/person\/51558925140f21242c6ed2d20b8260c5","name":"Tania Lara","url":"https:\/\/latamjournalismreview.org\/es\/articles\/author\/tania-lara\/"}]}},"_links":{"self":[{"href":"https:\/\/latamjournalismreview.org\/es\/wp-json\/wp\/v2\/posts\/26636","targetHints":{"allow":["GET"]}}],"collection":[{"href":"https:\/\/latamjournalismreview.org\/es\/wp-json\/wp\/v2\/posts"}],"about":[{"href":"https:\/\/latamjournalismreview.org\/es\/wp-json\/wp\/v2\/types\/post"}],"author":[{"embeddable":true,"href":"https:\/\/latamjournalismreview.org\/es\/wp-json\/wp\/v2\/users\/40"}],"replies":[{"embeddable":true,"href":"https:\/\/latamjournalismreview.org\/es\/wp-json\/wp\/v2\/comments?post=26636"}],"version-history":[{"count":1,"href":"https:\/\/latamjournalismreview.org\/es\/wp-json\/wp\/v2\/posts\/26636\/revisions"}],"predecessor-version":[{"id":26638,"href":"https:\/\/latamjournalismreview.org\/es\/wp-json\/wp\/v2\/posts\/26636\/revisions\/26638"}],"wp:attachment":[{"href":"https:\/\/latamjournalismreview.org\/es\/wp-json\/wp\/v2\/media?parent=26636"}],"wp:term":[{"taxonomy":"category","embeddable":true,"href":"https:\/\/latamjournalismreview.org\/es\/wp-json\/wp\/v2\/categories?post=26636"},{"taxonomy":"post_tag","embeddable":true,"href":"https:\/\/latamjournalismreview.org\/es\/wp-json\/wp\/v2\/tags?post=26636"},{"taxonomy":"author","embeddable":true,"href":"https:\/\/latamjournalismreview.org\/es\/wp-json\/wp\/v2\/coauthors?post=26636"}],"curies":[{"name":"wp","href":"https:\/\/api.w.org\/{rel}","templated":true}]}}