{"id":26702,"date":"2012-01-04T16:56:28","date_gmt":"2012-01-04T21:56:28","guid":{"rendered":"https:\/\/latamjournalismreview.org\/?p=26702"},"modified":"2021-08-18T16:58:10","modified_gmt":"2021-08-18T21:58:10","slug":"medios-de-estados-unidos-canalizan-toda-su-cobertura-a-la-contienda-republicana-en-iowa","status":"publish","type":"post","link":"https:\/\/latamjournalismreview.org\/es\/articles\/medios-de-estados-unidos-canalizan-toda-su-cobertura-a-la-contienda-republicana-en-iowa\/","title":{"rendered":"Medios de Estados Unidos canalizan toda su cobertura a la contienda republicana en Iowa"},"content":{"rendered":"<p>La\u00a0<a href=\"http:\/\/www.aljazeera.com\/programmes\/insidestoryus2012\/2011\/12\/2011122981121742202.html\" target=\"_blank\" rel=\"noopener\">cobertura<\/a>\u00a0de la\u00a0<a href=\"http:\/\/es.wikipedia.org\/wiki\/Iowa#Caucus\" target=\"_blank\" rel=\"noopener\">asamblea para las elecciones preliminares del Partido Republicano en Iowa o Caucus<\/a>\u00a0est\u00e1\u00a0<a href=\"http:\/\/abcnews.go.com\/blogs\/politics\/2012\/01\/reporting-iowa-the-greatest-hits-of-covering-the-campaign-trail\/\" target=\"_blank\" rel=\"noopener\">a pleno<\/a>\u00a0desde el martes 3 de enero. Para finales de diciembre, las\u00a0<a href=\"http:\/\/www.journalism.org\/index_report\/pej_news_coverage_index_december_1218_2011\" target=\"_blank\" rel=\"noopener\">campa\u00f1as de los pre-candidatos republicanos fueron la nota con mayor cobertura<\/a>\u00a0por quinta vez en siete semanas, de acuerdo con el Proyecto de Excelencia en el Periodismo del Centro de Investigaci\u00f3n Pew.<\/p>\n<p>Las\u00a0<a href=\"http:\/\/www.mediabistro.com\/tvnewser\/cable-networks-plan-special-coverage-for-iowa_b104561\" target=\"_blank\" rel=\"noopener\">cadenas de televisi\u00f3n por cable anunciaron sus planes de cobertura especial<\/a>, report\u00f3 TVNewser, y mientras la conservadora cadena Fox News \"tendr\u00e1 una presentaci\u00f3n m\u00e1s tradicional\" de la asamblea de republicanos,\u00a0<a href=\"http:\/\/www.mediaite.com\/tv\/msnbc-hosting-lineup-for-iowa-caucus-exchanges-neutral-journalism-for-partisanship-and-fun\/\" target=\"_blank\" rel=\"noopener\">MSNBC \"parece haber aventado la objetividad por la borda,\"<\/a>\u00a0lo cual \"ser\u00e1 muy divertido\" y \"podr\u00eda ofrecer un complemento perfecto a las dem\u00e1s opciones,\" de acuerdo con Mediaite.<\/p>\n<p>Google tambi\u00e9n ha lanzado una\u00a0<a href=\"http:\/\/mashable.com\/2012\/01\/02\/google-launches-new-site-2012-presidential-election\/\" target=\"_blank\" rel=\"noopener\">\"central informativa online\" dise\u00f1ada para ser un lugar donde se puede encontrar todo lo relacionado a la cobertura electoral<\/a>, de acuerdo con Mashable. Adem\u00e1s de ofrecer conversaciones en vivo con los periodistas que cubren la campa\u00f1a, el nuevo sitio\u00a0<a href=\"http:\/\/www.google.com\/elections\/ed\/us\" target=\"_blank\" rel=\"noopener\">Google Politics &amp; Elections<\/a>\u00a0organiza las noticias por candidato y por tema e incluye v\u00ednculos a videos de YouTube.<\/p>\n<p>Cuando se trata de redes sociales, la reuni\u00f3n electoral de los republicanos \"ser\u00e1 la primera prueba de\u00a0<a href=\"http:\/\/articles.sfgate.com\/2011-12-29\/news\/30567780_1_tweets-twitter-jon-huntsman\" target=\"_blank\" rel=\"noopener\">cu\u00e1nto afectar\u00e1 a las campa\u00f1as, el tono de la conversaci\u00f3n en Twitter<\/a>,\" public\u00f3 el diario San Francisco Chronicle. Slate tambi\u00e9n apunta que los\u00a0<a href=\"http:\/\/www.slate.com\/blogs\/weigel\/2012\/01\/03\/the_six_twitter_cliches_of_iowa.html\" target=\"_blank\" rel=\"noopener\">tweets de los periodistas de Iowa est\u00e1n llenos de clich\u00e9s.<\/a>\u00a0Un estudio del Centro Pew tambi\u00e9n destaca que la \"<a href=\"http:\/\/pewresearch.org\/pubs\/2143\/twitter-blogs-blosphere-news-media-presidential-campaign-coverage-rick-perry-barack-obama-mitt-romney-newt-gingrich-ron-paul\" target=\"_blank\" rel=\"noopener\">conversaci\u00f3n pol\u00edtica en Twitter es marcadamente diferente que la de los blogs<\/a>\u00a0-- y definitivamente, muy diferente a la narrativa pol\u00edtica presentada en los medios de comunicaci\u00f3n masivos... El discurso en Twitter sobre las campa\u00f1as tiende a ser m\u00e1s opinativo y con frecuencia se enfoca m\u00e1s en los aspectos negativos de los candidatos.\"<\/p>\n<p>Adem\u00e1s, David Sirota de Salon\u00a0<a href=\"http:\/\/www.salon.com\/2012\/01\/03\/the_medias_real_problem_in_iowa\/\" target=\"_blank\" rel=\"noopener\">critic\u00f3 que la cobertura sobre el evento en Iowa ha sido \"pertubadoramente floja,\"<\/a>\u00a0y la publicaci\u00f3n acad\u00e9mica Columbia Journalism Review da algunos\u00a0<a href=\"http:\/\/www.cjr.org\/campaign_desk\/the_post-iowa_challenge.php\" target=\"_blank\" rel=\"noopener\">consejos a los periodistas que cubrir\u00e1n las elecciones primarias<\/a>\u00a0del Partido Republicano una vez que finalice la reuni\u00f3n en Iowa: \"Los periodistas deben reconocer que el 'momentum' es una interpretaci\u00f3n subjetiva de los resultados que ellos mismos han ayudado a crear. Los reporteros en New Hampshire y otros estados deben pensar cuidadosamente c\u00f3mo seleccionar y enmarcar sus notas despu\u00e9s del evento en Iowa en lugar de aceptar pasivamente la sabidur\u00eda convencional sobre la situaci\u00f3n de la contienda electoral.\"<\/p>\n","protected":false},"excerpt":{"rendered":"<p>La\u00a0cobertura\u00a0de la\u00a0asamblea para las elecciones preliminares del Partido Republicano en Iowa o Caucus\u00a0est\u00e1\u00a0a pleno\u00a0desde el martes 3 de enero. Para finales de diciembre, las\u00a0campa\u00f1as de los pre-candidatos republicanos fueron la nota con mayor cobertura\u00a0por quinta vez en siete semanas, de acuerdo con el Proyecto de Excelencia en el Periodismo del Centro de Investigaci\u00f3n Pew.<\/p>\n","protected":false},"author":41,"featured_media":0,"comment_status":"closed","ping_status":"closed","sticky":false,"template":"","format":"standard","meta":{"inline_featured_image":false,"footnotes":""},"categories":[1227],"tags":[1545],"coauthors":[],"class_list":["post-26702","post","type-post","status-publish","format-standard","hentry","category-acceso-a-la-informacion-es","tag-elecciones-es"],"acf":[],"yoast_head":"<!-- This site is optimized with the Yoast SEO Premium plugin v22.6 (Yoast SEO v27.4) - https:\/\/yoast.com\/product\/yoast-seo-premium-wordpress\/ -->\n<title>Medios de Estados Unidos canalizan toda su cobertura a la contienda republicana en Iowa - LatAm Journalism Review<\/title>\n<meta name=\"description\" content=\"Medios de Estados Unidos canalizan toda su cobertura a la contienda republicana en Iowa Acceso a la Informaci\u00f3n. Latin American Journalism Review by The Knight Center at The University of Texas at Austin.\" \/>\n<meta name=\"robots\" content=\"index, follow, max-snippet:-1, max-image-preview:large, max-video-preview:-1\" \/>\n<link rel=\"canonical\" href=\"https:\/\/latamjournalismreview.org\/es\/articles\/medios-de-estados-unidos-canalizan-toda-su-cobertura-a-la-contienda-republicana-en-iowa\/\" \/>\n<meta property=\"og:locale\" content=\"es_ES\" \/>\n<meta property=\"og:type\" content=\"article\" \/>\n<meta property=\"og:title\" content=\"Medios de Estados Unidos canalizan toda su cobertura a la contienda republicana en Iowa\" \/>\n<meta property=\"og:description\" content=\"Medios de Estados Unidos canalizan toda su cobertura a la contienda republicana en Iowa Acceso a la Informaci\u00f3n. Latin American Journalism Review by The Knight Center at The University of Texas at Austin.\" \/>\n<meta property=\"og:url\" content=\"https:\/\/latamjournalismreview.org\/es\/articles\/medios-de-estados-unidos-canalizan-toda-su-cobertura-a-la-contienda-republicana-en-iowa\/\" \/>\n<meta property=\"og:site_name\" content=\"LatAm Journalism Review\" \/>\n<meta property=\"article:published_time\" content=\"2012-01-04T21:56:28+00:00\" \/>\n<meta property=\"article:modified_time\" content=\"2021-08-18T21:58:10+00:00\" \/>\n<meta name=\"author\" content=\"Summer Harlow\" \/>\n<meta name=\"twitter:card\" content=\"summary_large_image\" \/>\n<meta name=\"twitter:creator\" content=\"@LatAmJournalism\" \/>\n<meta name=\"twitter:site\" content=\"@LatAmJournalism\" \/>\n<meta name=\"twitter:label1\" content=\"Written by\" \/>\n\t<meta name=\"twitter:data1\" content=\"Summer Harlow\" \/>\n\t<meta name=\"twitter:label2\" content=\"Est. reading time\" \/>\n\t<meta name=\"twitter:data2\" content=\"2 minutos\" \/>\n<script type=\"application\/ld+json\" class=\"yoast-schema-graph\">{\"@context\":\"https:\\\/\\\/schema.org\",\"@graph\":[{\"@type\":\"Article\",\"@id\":\"https:\\\/\\\/latamjournalismreview.org\\\/es\\\/articles\\\/medios-de-estados-unidos-canalizan-toda-su-cobertura-a-la-contienda-republicana-en-iowa\\\/#article\",\"isPartOf\":{\"@id\":\"https:\\\/\\\/latamjournalismreview.org\\\/es\\\/articles\\\/medios-de-estados-unidos-canalizan-toda-su-cobertura-a-la-contienda-republicana-en-iowa\\\/\"},\"author\":{\"name\":\"Summer Harlow\",\"@id\":\"https:\\\/\\\/latamjournalismreview.org\\\/es\\\/#\\\/schema\\\/person\\\/571a4b578ae1200d03b8c555e5e75663\"},\"headline\":\"Medios de Estados Unidos canalizan toda su cobertura a la contienda republicana en Iowa\",\"datePublished\":\"2012-01-04T21:56:28+00:00\",\"dateModified\":\"2021-08-18T21:58:10+00:00\",\"mainEntityOfPage\":{\"@id\":\"https:\\\/\\\/latamjournalismreview.org\\\/es\\\/articles\\\/medios-de-estados-unidos-canalizan-toda-su-cobertura-a-la-contienda-republicana-en-iowa\\\/\"},\"wordCount\":451,\"publisher\":{\"@id\":\"https:\\\/\\\/latamjournalismreview.org\\\/es\\\/#organization\"},\"keywords\":[\"Elecciones\"],\"articleSection\":[\"Acceso a la Informaci\u00f3n\"],\"inLanguage\":\"es\"},{\"@type\":\"WebPage\",\"@id\":\"https:\\\/\\\/latamjournalismreview.org\\\/es\\\/articles\\\/medios-de-estados-unidos-canalizan-toda-su-cobertura-a-la-contienda-republicana-en-iowa\\\/\",\"url\":\"https:\\\/\\\/latamjournalismreview.org\\\/es\\\/articles\\\/medios-de-estados-unidos-canalizan-toda-su-cobertura-a-la-contienda-republicana-en-iowa\\\/\",\"name\":\"Medios de Estados Unidos canalizan toda su cobertura a la contienda republicana en Iowa - LatAm Journalism Review\",\"isPartOf\":{\"@id\":\"https:\\\/\\\/latamjournalismreview.org\\\/es\\\/#website\"},\"datePublished\":\"2012-01-04T21:56:28+00:00\",\"dateModified\":\"2021-08-18T21:58:10+00:00\",\"description\":\"Medios de Estados Unidos canalizan toda su cobertura a la contienda republicana en Iowa Acceso a la Informaci\u00f3n. Latin American Journalism Review by The Knight Center at The University of Texas at Austin.\",\"breadcrumb\":{\"@id\":\"https:\\\/\\\/latamjournalismreview.org\\\/es\\\/articles\\\/medios-de-estados-unidos-canalizan-toda-su-cobertura-a-la-contienda-republicana-en-iowa\\\/#breadcrumb\"},\"inLanguage\":\"es\",\"potentialAction\":[{\"@type\":\"ReadAction\",\"target\":[\"https:\\\/\\\/latamjournalismreview.org\\\/es\\\/articles\\\/medios-de-estados-unidos-canalizan-toda-su-cobertura-a-la-contienda-republicana-en-iowa\\\/\"]}]},{\"@type\":\"BreadcrumbList\",\"@id\":\"https:\\\/\\\/latamjournalismreview.org\\\/es\\\/articles\\\/medios-de-estados-unidos-canalizan-toda-su-cobertura-a-la-contienda-republicana-en-iowa\\\/#breadcrumb\",\"itemListElement\":[{\"@type\":\"ListItem\",\"position\":1,\"name\":\"Home\",\"item\":\"https:\\\/\\\/latamjournalismreview.org\\\/es\\\/\"},{\"@type\":\"ListItem\",\"position\":2,\"name\":\"Medios de Estados Unidos canalizan toda su cobertura a la contienda republicana en Iowa\"}]},{\"@type\":\"WebSite\",\"@id\":\"https:\\\/\\\/latamjournalismreview.org\\\/es\\\/#website\",\"url\":\"https:\\\/\\\/latamjournalismreview.org\\\/es\\\/\",\"name\":\"LatAm Journalism Review\",\"description\":\"Knight Center at The University of Texas\",\"publisher\":{\"@id\":\"https:\\\/\\\/latamjournalismreview.org\\\/es\\\/#organization\"},\"potentialAction\":[{\"@type\":\"SearchAction\",\"target\":{\"@type\":\"EntryPoint\",\"urlTemplate\":\"https:\\\/\\\/latamjournalismreview.org\\\/es\\\/?s={search_term_string}\"},\"query-input\":{\"@type\":\"PropertyValueSpecification\",\"valueRequired\":true,\"valueName\":\"search_term_string\"}}],\"inLanguage\":\"es\"},{\"@type\":\"Organization\",\"@id\":\"https:\\\/\\\/latamjournalismreview.org\\\/es\\\/#organization\",\"name\":\"LatAm Journalism Review\",\"url\":\"https:\\\/\\\/latamjournalismreview.org\\\/es\\\/\",\"logo\":{\"@type\":\"ImageObject\",\"inLanguage\":\"es\",\"@id\":\"https:\\\/\\\/latamjournalismreview.org\\\/es\\\/#\\\/schema\\\/logo\\\/image\\\/\",\"url\":\"https:\\\/\\\/latamjournalismreview.org\\\/wp-content\\\/uploads\\\/2020\\\/05\\\/knight-latAm-review-logo.svg\",\"contentUrl\":\"https:\\\/\\\/latamjournalismreview.org\\\/wp-content\\\/uploads\\\/2020\\\/05\\\/knight-latAm-review-logo.svg\",\"width\":\"1024\",\"height\":\"1024\",\"caption\":\"LatAm Journalism Review\"},\"image\":{\"@id\":\"https:\\\/\\\/latamjournalismreview.org\\\/es\\\/#\\\/schema\\\/logo\\\/image\\\/\"},\"sameAs\":[\"https:\\\/\\\/x.com\\\/LatAmJournalism\"]},{\"@type\":\"Person\",\"@id\":\"https:\\\/\\\/latamjournalismreview.org\\\/es\\\/#\\\/schema\\\/person\\\/571a4b578ae1200d03b8c555e5e75663\",\"name\":\"Summer Harlow\",\"url\":\"https:\\\/\\\/latamjournalismreview.org\\\/es\\\/articles\\\/author\\\/summer-harlow\\\/\"}]}<\/script>\n<!-- \/ Yoast SEO Premium plugin. -->","yoast_head_json":{"title":"Medios de Estados Unidos canalizan toda su cobertura a la contienda republicana en Iowa - LatAm Journalism Review","description":"Medios de Estados Unidos canalizan toda su cobertura a la contienda republicana en Iowa Acceso a la Informaci\u00f3n. Latin American Journalism Review by The Knight Center at The University of Texas at Austin.","robots":{"index":"index","follow":"follow","max-snippet":"max-snippet:-1","max-image-preview":"max-image-preview:large","max-video-preview":"max-video-preview:-1"},"canonical":"https:\/\/latamjournalismreview.org\/es\/articles\/medios-de-estados-unidos-canalizan-toda-su-cobertura-a-la-contienda-republicana-en-iowa\/","og_locale":"es_ES","og_type":"article","og_title":"Medios de Estados Unidos canalizan toda su cobertura a la contienda republicana en Iowa","og_description":"Medios de Estados Unidos canalizan toda su cobertura a la contienda republicana en Iowa Acceso a la Informaci\u00f3n. Latin American Journalism Review by The Knight Center at The University of Texas at Austin.","og_url":"https:\/\/latamjournalismreview.org\/es\/articles\/medios-de-estados-unidos-canalizan-toda-su-cobertura-a-la-contienda-republicana-en-iowa\/","og_site_name":"LatAm Journalism Review","article_published_time":"2012-01-04T21:56:28+00:00","article_modified_time":"2021-08-18T21:58:10+00:00","author":"Summer Harlow","twitter_card":"summary_large_image","twitter_creator":"@LatAmJournalism","twitter_site":"@LatAmJournalism","twitter_misc":{"Written by":"Summer Harlow","Est. reading time":"2 minutos"},"schema":{"@context":"https:\/\/schema.org","@graph":[{"@type":"Article","@id":"https:\/\/latamjournalismreview.org\/es\/articles\/medios-de-estados-unidos-canalizan-toda-su-cobertura-a-la-contienda-republicana-en-iowa\/#article","isPartOf":{"@id":"https:\/\/latamjournalismreview.org\/es\/articles\/medios-de-estados-unidos-canalizan-toda-su-cobertura-a-la-contienda-republicana-en-iowa\/"},"author":{"name":"Summer Harlow","@id":"https:\/\/latamjournalismreview.org\/es\/#\/schema\/person\/571a4b578ae1200d03b8c555e5e75663"},"headline":"Medios de Estados Unidos canalizan toda su cobertura a la contienda republicana en Iowa","datePublished":"2012-01-04T21:56:28+00:00","dateModified":"2021-08-18T21:58:10+00:00","mainEntityOfPage":{"@id":"https:\/\/latamjournalismreview.org\/es\/articles\/medios-de-estados-unidos-canalizan-toda-su-cobertura-a-la-contienda-republicana-en-iowa\/"},"wordCount":451,"publisher":{"@id":"https:\/\/latamjournalismreview.org\/es\/#organization"},"keywords":["Elecciones"],"articleSection":["Acceso a la Informaci\u00f3n"],"inLanguage":"es"},{"@type":"WebPage","@id":"https:\/\/latamjournalismreview.org\/es\/articles\/medios-de-estados-unidos-canalizan-toda-su-cobertura-a-la-contienda-republicana-en-iowa\/","url":"https:\/\/latamjournalismreview.org\/es\/articles\/medios-de-estados-unidos-canalizan-toda-su-cobertura-a-la-contienda-republicana-en-iowa\/","name":"Medios de Estados Unidos canalizan toda su cobertura a la contienda republicana en Iowa - LatAm Journalism Review","isPartOf":{"@id":"https:\/\/latamjournalismreview.org\/es\/#website"},"datePublished":"2012-01-04T21:56:28+00:00","dateModified":"2021-08-18T21:58:10+00:00","description":"Medios de Estados Unidos canalizan toda su cobertura a la contienda republicana en Iowa Acceso a la Informaci\u00f3n. Latin American Journalism Review by The Knight Center at The University of Texas at Austin.","breadcrumb":{"@id":"https:\/\/latamjournalismreview.org\/es\/articles\/medios-de-estados-unidos-canalizan-toda-su-cobertura-a-la-contienda-republicana-en-iowa\/#breadcrumb"},"inLanguage":"es","potentialAction":[{"@type":"ReadAction","target":["https:\/\/latamjournalismreview.org\/es\/articles\/medios-de-estados-unidos-canalizan-toda-su-cobertura-a-la-contienda-republicana-en-iowa\/"]}]},{"@type":"BreadcrumbList","@id":"https:\/\/latamjournalismreview.org\/es\/articles\/medios-de-estados-unidos-canalizan-toda-su-cobertura-a-la-contienda-republicana-en-iowa\/#breadcrumb","itemListElement":[{"@type":"ListItem","position":1,"name":"Home","item":"https:\/\/latamjournalismreview.org\/es\/"},{"@type":"ListItem","position":2,"name":"Medios de Estados Unidos canalizan toda su cobertura a la contienda republicana en Iowa"}]},{"@type":"WebSite","@id":"https:\/\/latamjournalismreview.org\/es\/#website","url":"https:\/\/latamjournalismreview.org\/es\/","name":"LatAm Journalism Review","description":"Knight Center at The University of Texas","publisher":{"@id":"https:\/\/latamjournalismreview.org\/es\/#organization"},"potentialAction":[{"@type":"SearchAction","target":{"@type":"EntryPoint","urlTemplate":"https:\/\/latamjournalismreview.org\/es\/?s={search_term_string}"},"query-input":{"@type":"PropertyValueSpecification","valueRequired":true,"valueName":"search_term_string"}}],"inLanguage":"es"},{"@type":"Organization","@id":"https:\/\/latamjournalismreview.org\/es\/#organization","name":"LatAm Journalism Review","url":"https:\/\/latamjournalismreview.org\/es\/","logo":{"@type":"ImageObject","inLanguage":"es","@id":"https:\/\/latamjournalismreview.org\/es\/#\/schema\/logo\/image\/","url":"https:\/\/latamjournalismreview.org\/wp-content\/uploads\/2020\/05\/knight-latAm-review-logo.svg","contentUrl":"https:\/\/latamjournalismreview.org\/wp-content\/uploads\/2020\/05\/knight-latAm-review-logo.svg","width":"1024","height":"1024","caption":"LatAm Journalism Review"},"image":{"@id":"https:\/\/latamjournalismreview.org\/es\/#\/schema\/logo\/image\/"},"sameAs":["https:\/\/x.com\/LatAmJournalism"]},{"@type":"Person","@id":"https:\/\/latamjournalismreview.org\/es\/#\/schema\/person\/571a4b578ae1200d03b8c555e5e75663","name":"Summer Harlow","url":"https:\/\/latamjournalismreview.org\/es\/articles\/author\/summer-harlow\/"}]}},"_links":{"self":[{"href":"https:\/\/latamjournalismreview.org\/es\/wp-json\/wp\/v2\/posts\/26702","targetHints":{"allow":["GET"]}}],"collection":[{"href":"https:\/\/latamjournalismreview.org\/es\/wp-json\/wp\/v2\/posts"}],"about":[{"href":"https:\/\/latamjournalismreview.org\/es\/wp-json\/wp\/v2\/types\/post"}],"author":[{"embeddable":true,"href":"https:\/\/latamjournalismreview.org\/es\/wp-json\/wp\/v2\/users\/41"}],"replies":[{"embeddable":true,"href":"https:\/\/latamjournalismreview.org\/es\/wp-json\/wp\/v2\/comments?post=26702"}],"version-history":[{"count":1,"href":"https:\/\/latamjournalismreview.org\/es\/wp-json\/wp\/v2\/posts\/26702\/revisions"}],"predecessor-version":[{"id":26705,"href":"https:\/\/latamjournalismreview.org\/es\/wp-json\/wp\/v2\/posts\/26702\/revisions\/26705"}],"wp:attachment":[{"href":"https:\/\/latamjournalismreview.org\/es\/wp-json\/wp\/v2\/media?parent=26702"}],"wp:term":[{"taxonomy":"category","embeddable":true,"href":"https:\/\/latamjournalismreview.org\/es\/wp-json\/wp\/v2\/categories?post=26702"},{"taxonomy":"post_tag","embeddable":true,"href":"https:\/\/latamjournalismreview.org\/es\/wp-json\/wp\/v2\/tags?post=26702"},{"taxonomy":"author","embeddable":true,"href":"https:\/\/latamjournalismreview.org\/es\/wp-json\/wp\/v2\/coauthors?post=26702"}],"curies":[{"name":"wp","href":"https:\/\/api.w.org\/{rel}","templated":true}]}}