{"id":26912,"date":"2012-02-27T15:27:13","date_gmt":"2012-02-27T20:27:13","guid":{"rendered":"https:\/\/latamjournalismreview.org\/?p=26912"},"modified":"2021-08-19T15:28:20","modified_gmt":"2021-08-19T20:28:20","slug":"taller-de-ire-reune-a-periodistas-para-debatir-sobre-presiones-y-violencia-en-la-cobertura-de-la-frontera-mexico-ee-uu","status":"publish","type":"post","link":"https:\/\/latamjournalismreview.org\/es\/articles\/taller-de-ire-reune-a-periodistas-para-debatir-sobre-presiones-y-violencia-en-la-cobertura-de-la-frontera-mexico-ee-uu\/","title":{"rendered":"Taller de IRE re\u00fane a periodistas para debatir sobre presiones y violencia en la cobertura de la frontera M\u00e9xico-EE.UU."},"content":{"rendered":"<p><i>Nota escrita por\u00a0<b>Lise Olsen<\/b>, miembro del directorio de Reporteros y Editores Investigativos (IRE, por su nombre en ingl\u00e9s) entre 2007 y 2011 y directora de IRE-M\u00e9xico entre 1996 y 1998.<\/i><\/p>\n<p>Veinte periodistas l\u00edderes se reunieron en Ciudad de M\u00e9xico el viernes 18 de febrero para intercambiar informaci\u00f3n y discutir de qu\u00e9 modo la organizaci\u00f3n\u00a0<a href=\"http:\/\/www.ire.org\/\" target=\"_blank\" rel=\"noopener\">Reporteros y Editores Investigativos<\/a>\u00a0(IRE) puede seguir ayudando a periodistas que, bajo presi\u00f3n y a menudo con riesgos personales, siguen haciendo\u00a0<a href=\"http:\/\/knightcenter.utexas.edu\/es\/periodismo-en-tiempos-del-narco-bajo-amenazas-violencia-y-censura\" target=\"_blank\" rel=\"noopener\">periodismo de investigaci\u00f3n en la frontera entre Estados Unidos y M\u00e9xico<\/a>, con temas tales como los ni\u00f1os v\u00edctimas de la violencia de los carteles de drogas, el derroche de fondos fiscales, la corrupci\u00f3n pol\u00edtica, las actividades de los carteles y los enormes costos sociales y econ\u00f3micos de la guerra contra las drogas en ambos pa\u00edses.<\/p>\n<p>Se trat\u00f3 del quinto evento en una serie de talleres biling\u00fces que IRE ha realizado entre 2009 y 2012, con financiamiento parcial de la Fundaci\u00f3n Ford. Para discutir los siguientes pasos por seguir, IRE reuni\u00f3 a oradores mexicanos y estadounidenses que han participado en talleres en las ciudades fronterizas de Laredo, El Paso y San Diego, adem\u00e1s de periodistas con sede en Ciudad de M\u00e9xico (tambi\u00e9n de ambas nacionalidades) que cubren temas similares.<\/p>\n<p>La galardonada reportera de investigaci\u00f3n\u00a0<a href=\"http:\/\/knightcenter.utexas.edu\/es\/blog\/dos-periodistas-mexicanas-ganan-premio-knight-internacional-de-periodismo-por-valiente-cobertur\" target=\"_blank\" rel=\"noopener\">Sandra Rodr\u00edguez, de El Diario de Ju\u00e1rez<\/a>, dijo c\u00f3mo saca provecho de fuentes personales y registros p\u00fablicos para averiguar m\u00e1s de la ola de homicidios en Ciudad Ju\u00e1rez. (Vea m\u00e1s detalles en\u00a0<a href=\"http:\/\/www.youtube.com\/watch?v=UO-x2qz2h3M\" target=\"_blank\" rel=\"noopener\">este video<\/a>\u00a0sobre su trabajo, que recibi\u00f3 el premio internacional de ICFJ). La periodista de la revista Proceso\u00a0<a href=\"http:\/\/knightcenter.utexas.edu\/es\/blog\/reporteras-develan-historia-oculta-de-la-violencia-ligada-al-narcotrafico-en-mexico\" target=\"_blank\" rel=\"noopener\">Marcela Turati<\/a>\u00a0(autora del libro\u00a0<i><a href=\"http:\/\/mexico.cnn.com\/nacional\/2011\/01\/17\/las-historias-ocultas-de-la-guerra-contra-el-narcotrafico\" target=\"_blank\" rel=\"noopener\">Fuego Cruzado<\/a><\/i>) habl\u00f3 sobre sus innovadores enfoques para trabajar con las v\u00edctimas de la violencia y c\u00f3mo ha construido cuidadosamente una red de apoyo a los periodistas en M\u00e9xico llamada\u00a0<a href=\"http:\/\/periodistasdeapie.wordpress.com\/\" target=\"_blank\" rel=\"noopener\">Periodistas de a Pie<\/a>.<\/p>\n<p>Los periodistas basados en Ciudad de M\u00e9xico\u00a0<a href=\"http:\/\/twitter.com\/#!\/danliza\" target=\"_blank\" rel=\"noopener\">Daniel Liz\u00e1rraga<\/a>, autor del libro\u00a0<i><a href=\"http:\/\/www.wradio.com.mx\/oir.aspx?id=809054\" target=\"_blank\" rel=\"noopener\">La Corrupci\u00f3n Azul<\/a><\/i>, una investigaci\u00f3n de denuncia a partir de archivos de la presidencia mexicana, y\u00a0<a href=\"http:\/\/periodismoycorrupcion.blogspot.com\/\" target=\"_blank\" rel=\"noopener\">Lilia Sa\u00fal<\/a>, del diario El Universal, expusieron sobre sus constantes esfuerzos por usar la ley mexicana de acceso a la informaci\u00f3n para obigar a las autoridades a entregar documentos sobre gastos pol\u00edticos y p\u00fablicos.<\/p>\n<p>El conocido editor investigativo Ignacio Rodr\u00edguez Reyna, fundador de la revista\u00a0<a href=\"http:\/\/www.m-x.com.mx\/?home=02a2ef406e2c2351e0b9e80029c909242d\" target=\"_blank\" rel=\"noopener\">EmeEquis<\/a>, se refiri\u00f3 a c\u00f3mo los recortes presupuestarios para equipos investigativos han afectado la capacidad de realizar periodismo en profundidad en la frontera y el resto de M\u00e9xico \u2014al igual que en Estados Unidos\u2014, lo que ha redundado en una carga individual cada vez m\u00e1s pesada. Con todo, este editor independiente contin\u00faa dando cuenta de historias de alto impacto, pese a su bajo presupuesto, como por ejemplo \u201c<a href=\"http:\/\/www.m-x.com.mx\/2011-08-07\/republica-marihuanera-2\/\" target=\"_blank\" rel=\"noopener\">La Rep\u00fablica Marihuanera<\/a>\u201d, un perfil \u00edntimo del jefe del cartel La Familia y que ganara el prestigioso\u00a0<a href=\"http:\/\/knightcenter.utexas.edu\/es\/blog\/premios-rey-de-espana-reconocen-los-mejores-trabajos-periodisticos-en-america-latina\" target=\"_blank\" rel=\"noopener\">Premio de Periodismo Rey de Espa\u00f1a<\/a>.<\/p>\n<p>Dos editores en estados gravemente afectados por la violencia \u2014<a href=\"http:\/\/knightcenter.utexas.edu\/es\/blog\/especial-frente-la-violencia-en-mexico-estandares-editoriales-ayudan-periodistas-evitar-cercos-\" target=\"_blank\" rel=\"noopener\">Javier Garza<\/a>, de\u00a0<a href=\"http:\/\/www.elsiglodetorreon.com.mx\/\" target=\"_blank\" rel=\"noopener\">El Siglo de Torre\u00f3n<\/a>, y Daniel Rosas, de\u00a0<a href=\"http:\/\/www.elmanana.com.mx\/\" target=\"_blank\" rel=\"noopener\">El Ma\u00f1ana<\/a>\u00a0de Nuevo Laredo\u2014 entregaron valiosa informaci\u00f3n y perspectivas sobre c\u00f3mo se las arreglan para seguir cubriendo las noticias y recabar informaci\u00f3n a la vez que tratan de minimizar los riesgos de este trabajo.<\/p>\n<p>Al final del d\u00eda, los periodistas mexicanos y estadounidenses presentes (muchos de ellos amigos y miembros de IRE) intercambiaron ideas sobre c\u00f3mo IRE puede seguir trabajando con individuos y organizaciones period\u00edsticas, tales como el\u00a0<b>Centro Knight para el Periodismo en las Am\u00e9ricas<\/b>, el Centro Dart, la Sociedad Interamericana de Prensa y el Centro Internacional para Periodistas, entre otros, para apoyar el periodismo investigativo en ambos lados de la frontera. Entre las ideas que surgieron est\u00e1n las siguientes: elaborar un archivo colectivo de documentos judiciales sobre los criminales m\u00e1s buscados en uno y otro lado de la frontera; continuar ofreciendo talleres, cursos en l\u00ednea y conferencias sobre temas transfronterizos; y construir lazos m\u00e1s fuertes con otras organizaciones, como el Centro Dart y la SIP, para aumentar el apoyo a los periodistas investigativos bajo ataque.<\/p>\n<p>IRE contin\u00faa buscando ideas para iniciativas fronterizas. Escr\u00edbale un correo electr\u00f3nico a Mark Horvit (<a href=\"mailto:mark@ire.org\">mark@ire.org<\/a>) si usted est\u00e1 interesado o tiene alguna sugerencia.<\/p>\n<p>IRE tiene una larga historia de trabajo con sus miembros mexicanos y que trabajan en la frontera. Entre 1996 y 1999, IRE oper\u00f3 una organizaci\u00f3n en Ciudad de M\u00e9xico, conocida como IRE-M\u00e9xico, que lleg\u00f3 a tener m\u00e1s de 200 miembros y ofreci\u00f3 conferencias y talleres a lo largo de Am\u00e9rica Latina. En 1999, IRE-M\u00e9xico se convirti\u00f3 en una organizaci\u00f3n independiente sin fines de lucro, Periodistas de Investigacion, que m\u00e1s tarde uni\u00f3 fuerzas con otra entidad mexicana sin fines de lucro, el\u00a0<a href=\"http:\/\/cepetmexico.wordpress.com\/\" target=\"_blank\" rel=\"noopener\">Centro de Periodismo y \u00c9tica P\u00fablica<\/a>\u00a0(CEPET), un grupo que cuenta con el apoyo del\u00a0<b>Centro Knight<\/b>. M\u00e1s recientemente, IRE auspici\u00f3 conferencias fronterizas en Nuevo Laredo (2004), en El Paso (2009) y en Tucson, San Diego y\u00a0<a href=\"http:\/\/knightcenter.utexas.edu\/es\/blog\/taller-de-fiscalizacion-enfocado-en-cobertura-mexico-estados-unidos-abre-inscripciones\" target=\"_blank\" rel=\"noopener\">Laredo<\/a>\u00a0(2009-2012). El\u00a0<a href=\"https:\/\/tallerarteluz.blogspot.com\/\" target=\"_blank\" rel=\"noopener\">Taller Arte Luz<\/a>\u00a0en la capital mexicana, un centro de capacitaci\u00f3n period\u00edstico que pertenece y es operado por Blanca Ju\u00e1rez, una ex miembro de IRE-M\u00e9xico, alberg\u00f3 el evento del pasado 18 de febrero.<\/p>\n<p><strong>Otras Noticias Relacionadas<\/strong><br \/>\n\u00bb Centro Knight<span>\u00a0(<a href=\"http:\/\/knightcenter.utexas.edu\/es\/blog\/video-panel-la-guerra-de-al-lado-reportando-sobre-mexico-drogas-y-la-frontera%E2%80%9D\" target=\"_blank\" rel=\"noopener\">VIDEO: Panel \u201cLa guerra de al lado: Reportando sobre M\u00e9xico, drogas y la frontera\u201d\u00a0<\/a>)<\/span><\/p>\n","protected":false},"excerpt":{"rendered":"<p>Nota escrita por\u00a0Lise Olsen, miembro del directorio de Reporteros y Editores Investigativos (IRE, por su nombre en ingl\u00e9s) entre 2007 y 2011 y directora de IRE-M\u00e9xico entre 1996 y 1998.<\/p>\n<p>Veinte periodistas l\u00edderes se reunieron en Ciudad de M\u00e9xico el viernes 18 de febrero para intercambiar informaci\u00f3n y discutir de qu\u00e9 modo la organizaci\u00f3n\u00a0Reporteros y Editores Investigativos\u00a0(IRE) puede seguir ayudando a periodistas que, bajo presi\u00f3n y a menudo con riesgos personales, siguen haciendo\u00a0periodismo de investigaci\u00f3n en la frontera entre Estados Unidos y M\u00e9xico, con temas tales como los ni\u00f1os v\u00edctimas de la violencia de los carteles de drogas, el derroche de fondos fiscales, la corrupci\u00f3n pol\u00edtica, las actividades de los carteles y los enormes costos sociales y econ\u00f3micos de la guerra contra las drogas en ambos pa\u00edses.<\/p>\n","protected":false},"author":17,"featured_media":0,"comment_status":"closed","ping_status":"closed","sticky":false,"template":"","format":"standard","meta":{"inline_featured_image":false,"footnotes":""},"categories":[1227],"tags":[1393],"coauthors":[],"class_list":["post-26912","post","type-post","status-publish","format-standard","hentry","category-acceso-a-la-informacion-es","tag-mexico-es"],"acf":[],"yoast_head":"<!-- This site is optimized with the Yoast SEO Premium plugin v22.6 (Yoast SEO v27.4) - https:\/\/yoast.com\/product\/yoast-seo-premium-wordpress\/ -->\n<title>Taller de IRE re\u00fane a periodistas para debatir sobre presiones y violencia en la cobertura de la frontera M\u00e9xico-EE.UU. - LatAm Journalism Review<\/title>\n<meta name=\"description\" content=\"Taller de IRE re\u00fane a periodistas para debatir sobre presiones y violencia en la cobertura de la frontera M\u00e9xico-EE.UU. Acceso a la Informaci\u00f3n. Latin American Journalism Review by The Knight Center at The University of Texas at Austin.\" \/>\n<meta name=\"robots\" content=\"index, follow, max-snippet:-1, max-image-preview:large, max-video-preview:-1\" \/>\n<link rel=\"canonical\" href=\"https:\/\/latamjournalismreview.org\/es\/articles\/taller-de-ire-reune-a-periodistas-para-debatir-sobre-presiones-y-violencia-en-la-cobertura-de-la-frontera-mexico-ee-uu\/\" \/>\n<meta property=\"og:locale\" content=\"es_ES\" \/>\n<meta property=\"og:type\" content=\"article\" \/>\n<meta property=\"og:title\" content=\"Taller de IRE re\u00fane a periodistas para debatir sobre presiones y violencia en la cobertura de la frontera M\u00e9xico-EE.UU.\" \/>\n<meta property=\"og:description\" content=\"Taller de IRE re\u00fane a periodistas para debatir sobre presiones y violencia en la cobertura de la frontera M\u00e9xico-EE.UU. Acceso a la Informaci\u00f3n. Latin American Journalism Review by The Knight Center at The University of Texas at Austin.\" \/>\n<meta property=\"og:url\" content=\"https:\/\/latamjournalismreview.org\/es\/articles\/taller-de-ire-reune-a-periodistas-para-debatir-sobre-presiones-y-violencia-en-la-cobertura-de-la-frontera-mexico-ee-uu\/\" \/>\n<meta property=\"og:site_name\" content=\"LatAm Journalism Review\" \/>\n<meta property=\"article:published_time\" content=\"2012-02-27T20:27:13+00:00\" \/>\n<meta property=\"article:modified_time\" content=\"2021-08-19T20:28:20+00:00\" \/>\n<meta name=\"author\" content=\"Guest\" \/>\n<meta name=\"twitter:card\" content=\"summary_large_image\" \/>\n<meta name=\"twitter:creator\" content=\"@LatAmJournalism\" \/>\n<meta name=\"twitter:site\" content=\"@LatAmJournalism\" \/>\n<meta name=\"twitter:label1\" content=\"Written by\" \/>\n\t<meta name=\"twitter:data1\" content=\"Guest\" \/>\n\t<meta name=\"twitter:label2\" content=\"Est. reading time\" \/>\n\t<meta name=\"twitter:data2\" content=\"5 minutos\" \/>\n<script type=\"application\/ld+json\" class=\"yoast-schema-graph\">{\"@context\":\"https:\\\/\\\/schema.org\",\"@graph\":[{\"@type\":\"Article\",\"@id\":\"https:\\\/\\\/latamjournalismreview.org\\\/es\\\/articles\\\/taller-de-ire-reune-a-periodistas-para-debatir-sobre-presiones-y-violencia-en-la-cobertura-de-la-frontera-mexico-ee-uu\\\/#article\",\"isPartOf\":{\"@id\":\"https:\\\/\\\/latamjournalismreview.org\\\/es\\\/articles\\\/taller-de-ire-reune-a-periodistas-para-debatir-sobre-presiones-y-violencia-en-la-cobertura-de-la-frontera-mexico-ee-uu\\\/\"},\"author\":{\"name\":\"Guest\",\"@id\":\"https:\\\/\\\/latamjournalismreview.org\\\/es\\\/#\\\/schema\\\/person\\\/0315202e0b3c0963a2440f1c3012c360\"},\"headline\":\"Taller de IRE re\u00fane a periodistas para debatir sobre presiones y violencia en la cobertura de la frontera M\u00e9xico-EE.UU.\",\"datePublished\":\"2012-02-27T20:27:13+00:00\",\"dateModified\":\"2021-08-19T20:28:20+00:00\",\"mainEntityOfPage\":{\"@id\":\"https:\\\/\\\/latamjournalismreview.org\\\/es\\\/articles\\\/taller-de-ire-reune-a-periodistas-para-debatir-sobre-presiones-y-violencia-en-la-cobertura-de-la-frontera-mexico-ee-uu\\\/\"},\"wordCount\":932,\"publisher\":{\"@id\":\"https:\\\/\\\/latamjournalismreview.org\\\/es\\\/#organization\"},\"keywords\":[\"M\u00e9xico\"],\"articleSection\":[\"Acceso a la Informaci\u00f3n\"],\"inLanguage\":\"es\"},{\"@type\":\"WebPage\",\"@id\":\"https:\\\/\\\/latamjournalismreview.org\\\/es\\\/articles\\\/taller-de-ire-reune-a-periodistas-para-debatir-sobre-presiones-y-violencia-en-la-cobertura-de-la-frontera-mexico-ee-uu\\\/\",\"url\":\"https:\\\/\\\/latamjournalismreview.org\\\/es\\\/articles\\\/taller-de-ire-reune-a-periodistas-para-debatir-sobre-presiones-y-violencia-en-la-cobertura-de-la-frontera-mexico-ee-uu\\\/\",\"name\":\"Taller de IRE re\u00fane a periodistas para debatir sobre presiones y violencia en la cobertura de la frontera M\u00e9xico-EE.UU. - LatAm Journalism Review\",\"isPartOf\":{\"@id\":\"https:\\\/\\\/latamjournalismreview.org\\\/es\\\/#website\"},\"datePublished\":\"2012-02-27T20:27:13+00:00\",\"dateModified\":\"2021-08-19T20:28:20+00:00\",\"description\":\"Taller de IRE re\u00fane a periodistas para debatir sobre presiones y violencia en la cobertura de la frontera M\u00e9xico-EE.UU. Acceso a la Informaci\u00f3n. Latin American Journalism Review by The Knight Center at The University of Texas at Austin.\",\"breadcrumb\":{\"@id\":\"https:\\\/\\\/latamjournalismreview.org\\\/es\\\/articles\\\/taller-de-ire-reune-a-periodistas-para-debatir-sobre-presiones-y-violencia-en-la-cobertura-de-la-frontera-mexico-ee-uu\\\/#breadcrumb\"},\"inLanguage\":\"es\",\"potentialAction\":[{\"@type\":\"ReadAction\",\"target\":[\"https:\\\/\\\/latamjournalismreview.org\\\/es\\\/articles\\\/taller-de-ire-reune-a-periodistas-para-debatir-sobre-presiones-y-violencia-en-la-cobertura-de-la-frontera-mexico-ee-uu\\\/\"]}]},{\"@type\":\"BreadcrumbList\",\"@id\":\"https:\\\/\\\/latamjournalismreview.org\\\/es\\\/articles\\\/taller-de-ire-reune-a-periodistas-para-debatir-sobre-presiones-y-violencia-en-la-cobertura-de-la-frontera-mexico-ee-uu\\\/#breadcrumb\",\"itemListElement\":[{\"@type\":\"ListItem\",\"position\":1,\"name\":\"Home\",\"item\":\"https:\\\/\\\/latamjournalismreview.org\\\/es\\\/\"},{\"@type\":\"ListItem\",\"position\":2,\"name\":\"Taller de IRE re\u00fane a periodistas para debatir sobre presiones y violencia en la cobertura de la frontera M\u00e9xico-EE.UU.\"}]},{\"@type\":\"WebSite\",\"@id\":\"https:\\\/\\\/latamjournalismreview.org\\\/es\\\/#website\",\"url\":\"https:\\\/\\\/latamjournalismreview.org\\\/es\\\/\",\"name\":\"LatAm Journalism Review\",\"description\":\"Knight Center at The University of Texas\",\"publisher\":{\"@id\":\"https:\\\/\\\/latamjournalismreview.org\\\/es\\\/#organization\"},\"potentialAction\":[{\"@type\":\"SearchAction\",\"target\":{\"@type\":\"EntryPoint\",\"urlTemplate\":\"https:\\\/\\\/latamjournalismreview.org\\\/es\\\/?s={search_term_string}\"},\"query-input\":{\"@type\":\"PropertyValueSpecification\",\"valueRequired\":true,\"valueName\":\"search_term_string\"}}],\"inLanguage\":\"es\"},{\"@type\":\"Organization\",\"@id\":\"https:\\\/\\\/latamjournalismreview.org\\\/es\\\/#organization\",\"name\":\"LatAm Journalism Review\",\"url\":\"https:\\\/\\\/latamjournalismreview.org\\\/es\\\/\",\"logo\":{\"@type\":\"ImageObject\",\"inLanguage\":\"es\",\"@id\":\"https:\\\/\\\/latamjournalismreview.org\\\/es\\\/#\\\/schema\\\/logo\\\/image\\\/\",\"url\":\"https:\\\/\\\/latamjournalismreview.org\\\/wp-content\\\/uploads\\\/2020\\\/05\\\/knight-latAm-review-logo.svg\",\"contentUrl\":\"https:\\\/\\\/latamjournalismreview.org\\\/wp-content\\\/uploads\\\/2020\\\/05\\\/knight-latAm-review-logo.svg\",\"width\":\"1024\",\"height\":\"1024\",\"caption\":\"LatAm Journalism Review\"},\"image\":{\"@id\":\"https:\\\/\\\/latamjournalismreview.org\\\/es\\\/#\\\/schema\\\/logo\\\/image\\\/\"},\"sameAs\":[\"https:\\\/\\\/x.com\\\/LatAmJournalism\"]},{\"@type\":\"Person\",\"@id\":\"https:\\\/\\\/latamjournalismreview.org\\\/es\\\/#\\\/schema\\\/person\\\/0315202e0b3c0963a2440f1c3012c360\",\"name\":\"Guest\",\"url\":\"https:\\\/\\\/latamjournalismreview.org\\\/es\\\/articles\\\/author\\\/guest\\\/\"}]}<\/script>\n<!-- \/ Yoast SEO Premium plugin. -->","yoast_head_json":{"title":"Taller de IRE re\u00fane a periodistas para debatir sobre presiones y violencia en la cobertura de la frontera M\u00e9xico-EE.UU. - LatAm Journalism Review","description":"Taller de IRE re\u00fane a periodistas para debatir sobre presiones y violencia en la cobertura de la frontera M\u00e9xico-EE.UU. Acceso a la Informaci\u00f3n. Latin American Journalism Review by The Knight Center at The University of Texas at Austin.","robots":{"index":"index","follow":"follow","max-snippet":"max-snippet:-1","max-image-preview":"max-image-preview:large","max-video-preview":"max-video-preview:-1"},"canonical":"https:\/\/latamjournalismreview.org\/es\/articles\/taller-de-ire-reune-a-periodistas-para-debatir-sobre-presiones-y-violencia-en-la-cobertura-de-la-frontera-mexico-ee-uu\/","og_locale":"es_ES","og_type":"article","og_title":"Taller de IRE re\u00fane a periodistas para debatir sobre presiones y violencia en la cobertura de la frontera M\u00e9xico-EE.UU.","og_description":"Taller de IRE re\u00fane a periodistas para debatir sobre presiones y violencia en la cobertura de la frontera M\u00e9xico-EE.UU. Acceso a la Informaci\u00f3n. Latin American Journalism Review by The Knight Center at The University of Texas at Austin.","og_url":"https:\/\/latamjournalismreview.org\/es\/articles\/taller-de-ire-reune-a-periodistas-para-debatir-sobre-presiones-y-violencia-en-la-cobertura-de-la-frontera-mexico-ee-uu\/","og_site_name":"LatAm Journalism Review","article_published_time":"2012-02-27T20:27:13+00:00","article_modified_time":"2021-08-19T20:28:20+00:00","author":"Guest","twitter_card":"summary_large_image","twitter_creator":"@LatAmJournalism","twitter_site":"@LatAmJournalism","twitter_misc":{"Written by":"Guest","Est. reading time":"5 minutos"},"schema":{"@context":"https:\/\/schema.org","@graph":[{"@type":"Article","@id":"https:\/\/latamjournalismreview.org\/es\/articles\/taller-de-ire-reune-a-periodistas-para-debatir-sobre-presiones-y-violencia-en-la-cobertura-de-la-frontera-mexico-ee-uu\/#article","isPartOf":{"@id":"https:\/\/latamjournalismreview.org\/es\/articles\/taller-de-ire-reune-a-periodistas-para-debatir-sobre-presiones-y-violencia-en-la-cobertura-de-la-frontera-mexico-ee-uu\/"},"author":{"name":"Guest","@id":"https:\/\/latamjournalismreview.org\/es\/#\/schema\/person\/0315202e0b3c0963a2440f1c3012c360"},"headline":"Taller de IRE re\u00fane a periodistas para debatir sobre presiones y violencia en la cobertura de la frontera M\u00e9xico-EE.UU.","datePublished":"2012-02-27T20:27:13+00:00","dateModified":"2021-08-19T20:28:20+00:00","mainEntityOfPage":{"@id":"https:\/\/latamjournalismreview.org\/es\/articles\/taller-de-ire-reune-a-periodistas-para-debatir-sobre-presiones-y-violencia-en-la-cobertura-de-la-frontera-mexico-ee-uu\/"},"wordCount":932,"publisher":{"@id":"https:\/\/latamjournalismreview.org\/es\/#organization"},"keywords":["M\u00e9xico"],"articleSection":["Acceso a la Informaci\u00f3n"],"inLanguage":"es"},{"@type":"WebPage","@id":"https:\/\/latamjournalismreview.org\/es\/articles\/taller-de-ire-reune-a-periodistas-para-debatir-sobre-presiones-y-violencia-en-la-cobertura-de-la-frontera-mexico-ee-uu\/","url":"https:\/\/latamjournalismreview.org\/es\/articles\/taller-de-ire-reune-a-periodistas-para-debatir-sobre-presiones-y-violencia-en-la-cobertura-de-la-frontera-mexico-ee-uu\/","name":"Taller de IRE re\u00fane a periodistas para debatir sobre presiones y violencia en la cobertura de la frontera M\u00e9xico-EE.UU. - LatAm Journalism Review","isPartOf":{"@id":"https:\/\/latamjournalismreview.org\/es\/#website"},"datePublished":"2012-02-27T20:27:13+00:00","dateModified":"2021-08-19T20:28:20+00:00","description":"Taller de IRE re\u00fane a periodistas para debatir sobre presiones y violencia en la cobertura de la frontera M\u00e9xico-EE.UU. Acceso a la Informaci\u00f3n. Latin American Journalism Review by The Knight Center at The University of Texas at Austin.","breadcrumb":{"@id":"https:\/\/latamjournalismreview.org\/es\/articles\/taller-de-ire-reune-a-periodistas-para-debatir-sobre-presiones-y-violencia-en-la-cobertura-de-la-frontera-mexico-ee-uu\/#breadcrumb"},"inLanguage":"es","potentialAction":[{"@type":"ReadAction","target":["https:\/\/latamjournalismreview.org\/es\/articles\/taller-de-ire-reune-a-periodistas-para-debatir-sobre-presiones-y-violencia-en-la-cobertura-de-la-frontera-mexico-ee-uu\/"]}]},{"@type":"BreadcrumbList","@id":"https:\/\/latamjournalismreview.org\/es\/articles\/taller-de-ire-reune-a-periodistas-para-debatir-sobre-presiones-y-violencia-en-la-cobertura-de-la-frontera-mexico-ee-uu\/#breadcrumb","itemListElement":[{"@type":"ListItem","position":1,"name":"Home","item":"https:\/\/latamjournalismreview.org\/es\/"},{"@type":"ListItem","position":2,"name":"Taller de IRE re\u00fane a periodistas para debatir sobre presiones y violencia en la cobertura de la frontera M\u00e9xico-EE.UU."}]},{"@type":"WebSite","@id":"https:\/\/latamjournalismreview.org\/es\/#website","url":"https:\/\/latamjournalismreview.org\/es\/","name":"LatAm Journalism Review","description":"Knight Center at The University of Texas","publisher":{"@id":"https:\/\/latamjournalismreview.org\/es\/#organization"},"potentialAction":[{"@type":"SearchAction","target":{"@type":"EntryPoint","urlTemplate":"https:\/\/latamjournalismreview.org\/es\/?s={search_term_string}"},"query-input":{"@type":"PropertyValueSpecification","valueRequired":true,"valueName":"search_term_string"}}],"inLanguage":"es"},{"@type":"Organization","@id":"https:\/\/latamjournalismreview.org\/es\/#organization","name":"LatAm Journalism Review","url":"https:\/\/latamjournalismreview.org\/es\/","logo":{"@type":"ImageObject","inLanguage":"es","@id":"https:\/\/latamjournalismreview.org\/es\/#\/schema\/logo\/image\/","url":"https:\/\/latamjournalismreview.org\/wp-content\/uploads\/2020\/05\/knight-latAm-review-logo.svg","contentUrl":"https:\/\/latamjournalismreview.org\/wp-content\/uploads\/2020\/05\/knight-latAm-review-logo.svg","width":"1024","height":"1024","caption":"LatAm Journalism Review"},"image":{"@id":"https:\/\/latamjournalismreview.org\/es\/#\/schema\/logo\/image\/"},"sameAs":["https:\/\/x.com\/LatAmJournalism"]},{"@type":"Person","@id":"https:\/\/latamjournalismreview.org\/es\/#\/schema\/person\/0315202e0b3c0963a2440f1c3012c360","name":"Guest","url":"https:\/\/latamjournalismreview.org\/es\/articles\/author\/guest\/"}]}},"_links":{"self":[{"href":"https:\/\/latamjournalismreview.org\/es\/wp-json\/wp\/v2\/posts\/26912","targetHints":{"allow":["GET"]}}],"collection":[{"href":"https:\/\/latamjournalismreview.org\/es\/wp-json\/wp\/v2\/posts"}],"about":[{"href":"https:\/\/latamjournalismreview.org\/es\/wp-json\/wp\/v2\/types\/post"}],"author":[{"embeddable":true,"href":"https:\/\/latamjournalismreview.org\/es\/wp-json\/wp\/v2\/users\/17"}],"replies":[{"embeddable":true,"href":"https:\/\/latamjournalismreview.org\/es\/wp-json\/wp\/v2\/comments?post=26912"}],"version-history":[{"count":1,"href":"https:\/\/latamjournalismreview.org\/es\/wp-json\/wp\/v2\/posts\/26912\/revisions"}],"predecessor-version":[{"id":26914,"href":"https:\/\/latamjournalismreview.org\/es\/wp-json\/wp\/v2\/posts\/26912\/revisions\/26914"}],"wp:attachment":[{"href":"https:\/\/latamjournalismreview.org\/es\/wp-json\/wp\/v2\/media?parent=26912"}],"wp:term":[{"taxonomy":"category","embeddable":true,"href":"https:\/\/latamjournalismreview.org\/es\/wp-json\/wp\/v2\/categories?post=26912"},{"taxonomy":"post_tag","embeddable":true,"href":"https:\/\/latamjournalismreview.org\/es\/wp-json\/wp\/v2\/tags?post=26912"},{"taxonomy":"author","embeddable":true,"href":"https:\/\/latamjournalismreview.org\/es\/wp-json\/wp\/v2\/coauthors?post=26912"}],"curies":[{"name":"wp","href":"https:\/\/api.w.org\/{rel}","templated":true}]}}