{"id":2702,"date":"2019-01-24T02:00:56","date_gmt":"2019-01-24T07:00:56","guid":{"rendered":"https:\/\/live-lajr.pantheonsite.io\/?p=2702"},"modified":"2020-06-10T20:44:35","modified_gmt":"2020-06-11T01:44:35","slug":"policia-custodia-instalaciones-de-canal-12-en-nicaragua-y-requisa-a-personal","status":"publish","type":"post","link":"https:\/\/latamjournalismreview.org\/es\/articles\/policia-custodia-instalaciones-de-canal-12-en-nicaragua-y-requisa-a-personal\/","title":{"rendered":"Polic\u00eda custodia instalaciones de Canal 12 en Nicaragua y requisa a personal"},"content":{"rendered":"<p>La ma\u00f1ana del 24 de enero el medio nicarag\u00fcense Canal 12 amaneci\u00f3\u00a0<a href=\"https:\/\/www.articulo66.com\/2019\/01\/24\/policia-orteguista-rodea-canal-12-y-acosa-a-sus-trabajadores\/\" target=\"_blank\" rel=\"noopener noreferrer\">rodeado de polic\u00edas antidisturbios y de m\u00e1s de treinta agentes policiales<\/a>\u00a0de boina roja, inform\u00f3 Art\u00edculo 66.<\/p>\n<blockquote class=\"twitter-tweet twitter-tweet-error\" data-lang=\"en\" data-twitter-extracted-i1590285655512591916=\"true\">\n<p dir=\"ltr\" lang=\"es\"><a href=\"https:\/\/twitter.com\/hashtag\/Lo%C3%9Altimo?src=hash&amp;ref_src=twsrc%5Etfw\">#Lo\u00daltimo<\/a>\u00a0Periodistas de Canal 12 denuncian asedio de la Polic\u00eda.<br \/>\nLos polic\u00edas preguntaron los datos y registraron a cada trabajador o visitante del canal, adem\u00e1s de interrogarlos sobre si portan armas\u00a0<a href=\"https:\/\/t.co\/rpLXoWowSk\">pic.twitter.com\/rpLXoWowSk<\/a><\/p>\n<p>\u2014 CANAL UNO - NICARAGUA (@canaluno1Nic)\u00a0<a href=\"https:\/\/twitter.com\/canaluno1Nic\/status\/1088561918338613248?ref_src=twsrc%5Etfw\">January 24, 2019<\/a><\/p><\/blockquote>\n<p>Los\u00a0<a href=\"https:\/\/confidencial.com.ni\/policia-asedia-canal-12-y-militariza-managua\/\" target=\"_blank\" rel=\"noopener noreferrer\">oficiales de la polic\u00eda revisaron a los trabajadores<\/a>\u00a0que ingresaban al canal pidi\u00e9ndoles presentar sus documentos de identidad, inform\u00f3 el portal Confidencial. Adem\u00e1s les preguntaron cu\u00e1nto tiempo trabajaban en el medio y si portaban armas, seg\u00fan el sitio.<\/p>\n<p>Los periodistas de Canal 12\u00a0<a href=\"http:\/\/www.latribuna.hn\/2019\/01\/24\/televisora-de-nicaragua-denuncia-asedio-de-la-policia-nacional\/\" target=\"_blank\" rel=\"noopener noreferrer\">responsabilizaron a la Polic\u00eda<\/a>\u00a0de Nicaragua por \u201ccualquier cosa\u201d que les suceda, public\u00f3 La Tribuna.<\/p>\n<p>Edison Lanza, Relator Especial para la Libertad de Expresi\u00f3n de la Comisi\u00f3n Interamericana de Derechos Humanos (CIDH), dijo v\u00eda Twitter que el asedio a Canal 12 es otra muestra de que el\u00a0<a href=\"https:\/\/twitter.com\/EdisonLanza\/status\/1088457333192060929\" target=\"_blank\" rel=\"noopener noreferrer\">gobierno de Nicaragua \u201cviolenta la libertad de expresi\u00f3n<\/a>\u00a0de modo sistem\u00e1tico\u201d.<\/p>\n<p>Paulo Abrao, Secretario Ejecutivo de la CIDH, tambi\u00e9n conden\u00f3 v\u00eda Twitter el acoso a Canal 12. \u201cEl Gobierno\u00a0<a href=\"https:\/\/twitter.com\/PauloAbrao\/status\/1088502679784095744\" target=\"_blank\" rel=\"noopener noreferrer\">contin\u00faa violando derechos y libertades b\u00e1sicas<\/a>\u00a0de expresi\u00f3n inherentes al Estado de Derecho\u201d, destac\u00f3.<\/p>\n<p>El martes 22 de enero, inform\u00f3 Confidencial, el Instituto de Telecomunicaciones y Correos (Telcor) hab\u00eda notificado verbalmente a Canal 12 que\u00a0<a href=\"https:\/\/confidencial.com.ni\/telcor-impone-la-censura-contra-canal-12\/\" target=\"_blank\" rel=\"noopener noreferrer\">deb\u00eda dejar de transmitir los programas<\/a>\u00a0de debate y entrevistas \u201cDanilo Lacayo en Vivo\u201d, \u201cEsta Noche\u201d y \u201cEsta Semana\u201d, todos dirigidos por el periodista Carlos Fernando Chamorro.<\/p>\n<p>Sin embargo, el mi\u00e9rcoles 23 de enero, la entidad reguladora se rectific\u00f3 y argument\u00f3 que la informaci\u00f3n de ese\u00a0<a href=\"https:\/\/confidencial.com.ni\/telcor-impone-la-censura-contra-canal-12\/\" target=\"_blank\" rel=\"noopener noreferrer\">presunto acto de censura de parte de Telcor hab\u00eda sido una\u00a0<em>fake news<\/em><\/a>\u00a0para perjudicar al gobierno, public\u00f3 Confidencial.<\/p>\n<p>Chamorro es fundador y director de la revista y portal de periodismo independiente Confidencial, cuya sala de redacci\u00f3n fue\u00a0<a href=\"https:\/\/knightcenter.utexas.edu\/es\/blog\/00-20429-redaccion-de-medio-nicaragueense-confidencial-lleva-cuatro-dias-ocupada-por-las-fuerza\" target=\"_blank\" rel=\"noopener noreferrer\">allanada y ocupada por la polic\u00eda<\/a>\u00a0el 21 de diciembre. Recientemente\u00a0<a href=\"https:\/\/knightcenter.utexas.edu\/es\/blog\/00-20520-periodista-nicaragueense-carlos-chamorro-se-exilia-en-costa-rica-tras-escalamiento-de\" target=\"_blank\" rel=\"noopener noreferrer\">viaj\u00f3 exiliado a Costa Rica<\/a>, seg\u00fan anunci\u00f3 el 20 de enero.<\/p>\n<p>\u201cEs una se\u00f1al positiva esta rectificaci\u00f3n\u201d, dijo\u00a0<a href=\"https:\/\/www.facebook.com\/confidencial.com.ni\/videos\/571171160012409\/\" target=\"_blank\" rel=\"noopener noreferrer\">Chamorro en Facebook Live<\/a>\u00a0desde el perfil de Confidencial. \u201cEsperamos que el Gobierno rectifique de manera plena todos los atropellos y la escalada represiva que ha desatado en contra de la prensa independiente, empezando por la liberaci\u00f3n de los periodistas Miguel Mora y Luc\u00eda Pineda, que deben ser dejados en libertad\u201d, exigi\u00f3.<\/p>\n<p>Chamorro tambi\u00e9n pidi\u00f3 al gobierno el cese de la ocupaci\u00f3n militar de 100%Noticias, de las salas de redacci\u00f3n de Confidencial y Esta Semana, y el cese de los ataques contra otros medios de comunicaci\u00f3n independientes que viene provocando el exilio de m\u00e1s de 50 periodistas.<\/p>\n","protected":false},"excerpt":{"rendered":"<p>La ma\u00f1ana del 24 de enero el medio nicarag\u00fcense Canal 12 amaneci\u00f3\u00a0rodeado de polic\u00edas antidisturbios y de m\u00e1s de treinta agentes policiales\u00a0de boina roja, inform\u00f3 Art\u00edculo 66.<\/p>\n","protected":false},"author":4,"featured_media":0,"comment_status":"closed","ping_status":"closed","sticky":false,"template":"","format":"standard","meta":{"inline_featured_image":false,"footnotes":""},"categories":[1220],"tags":[1491,1497],"coauthors":[],"class_list":["post-2702","post","type-post","status-publish","format-standard","hentry","category-libertad-de-prensa-es","tag-cierre-de-medios-es","tag-nicaragua-es"],"acf":[],"yoast_head":"<!-- This site is optimized with the Yoast SEO Premium plugin v22.6 (Yoast SEO v27.4) - https:\/\/yoast.com\/product\/yoast-seo-premium-wordpress\/ -->\n<title>Polic\u00eda custodia instalaciones de Canal 12 en Nicaragua y requisa a personal - LatAm Journalism Review<\/title>\n<meta name=\"description\" content=\"Polic\u00eda custodia instalaciones de Canal 12 en Nicaragua y requisa a personal . Latin American Journalism Review by The Knight Center at The University of Texas at Austin.\" \/>\n<meta name=\"robots\" content=\"index, follow, max-snippet:-1, max-image-preview:large, max-video-preview:-1\" \/>\n<link rel=\"canonical\" href=\"https:\/\/latamjournalismreview.org\/es\/articles\/policia-custodia-instalaciones-de-canal-12-en-nicaragua-y-requisa-a-personal\/\" \/>\n<meta property=\"og:locale\" content=\"es_ES\" \/>\n<meta property=\"og:type\" content=\"article\" \/>\n<meta property=\"og:title\" content=\"Polic\u00eda custodia instalaciones de Canal 12 en Nicaragua y requisa a personal\" \/>\n<meta property=\"og:description\" content=\"Polic\u00eda custodia instalaciones de Canal 12 en Nicaragua y requisa a personal . Latin American Journalism Review by The Knight Center at The University of Texas at Austin.\" \/>\n<meta property=\"og:url\" content=\"https:\/\/latamjournalismreview.org\/es\/articles\/policia-custodia-instalaciones-de-canal-12-en-nicaragua-y-requisa-a-personal\/\" \/>\n<meta property=\"og:site_name\" content=\"LatAm Journalism Review\" \/>\n<meta property=\"article:published_time\" content=\"2019-01-24T07:00:56+00:00\" \/>\n<meta property=\"article:modified_time\" content=\"2020-06-11T01:44:35+00:00\" \/>\n<meta name=\"author\" content=\"Paola Nalvarte\" \/>\n<meta name=\"twitter:card\" content=\"summary_large_image\" \/>\n<meta name=\"twitter:creator\" content=\"@paolanalvarte\" \/>\n<meta name=\"twitter:site\" content=\"@LatAmJournalism\" \/>\n<meta name=\"twitter:label1\" content=\"Written by\" \/>\n\t<meta name=\"twitter:data1\" content=\"Paola Nalvarte\" \/>\n\t<meta name=\"twitter:label2\" content=\"Est. reading time\" \/>\n\t<meta name=\"twitter:data2\" content=\"2 minutos\" \/>\n<script type=\"application\/ld+json\" class=\"yoast-schema-graph\">{\"@context\":\"https:\\\/\\\/schema.org\",\"@graph\":[{\"@type\":\"Article\",\"@id\":\"https:\\\/\\\/latamjournalismreview.org\\\/es\\\/articles\\\/policia-custodia-instalaciones-de-canal-12-en-nicaragua-y-requisa-a-personal\\\/#article\",\"isPartOf\":{\"@id\":\"https:\\\/\\\/latamjournalismreview.org\\\/es\\\/articles\\\/policia-custodia-instalaciones-de-canal-12-en-nicaragua-y-requisa-a-personal\\\/\"},\"author\":{\"name\":\"Paola Nalvarte\",\"@id\":\"https:\\\/\\\/latamjournalismreview.org\\\/es\\\/#\\\/schema\\\/person\\\/d0b9fa850ef1b6f56bb445e52f29f63f\"},\"headline\":\"Polic\u00eda custodia instalaciones de Canal 12 en Nicaragua y requisa a personal\",\"datePublished\":\"2019-01-24T07:00:56+00:00\",\"dateModified\":\"2020-06-11T01:44:35+00:00\",\"mainEntityOfPage\":{\"@id\":\"https:\\\/\\\/latamjournalismreview.org\\\/es\\\/articles\\\/policia-custodia-instalaciones-de-canal-12-en-nicaragua-y-requisa-a-personal\\\/\"},\"wordCount\":477,\"publisher\":{\"@id\":\"https:\\\/\\\/latamjournalismreview.org\\\/es\\\/#organization\"},\"keywords\":[\"Cierre de medios\",\"Nicaragua\"],\"articleSection\":[\"Libertad de prensa\"],\"inLanguage\":\"es\"},{\"@type\":\"WebPage\",\"@id\":\"https:\\\/\\\/latamjournalismreview.org\\\/es\\\/articles\\\/policia-custodia-instalaciones-de-canal-12-en-nicaragua-y-requisa-a-personal\\\/\",\"url\":\"https:\\\/\\\/latamjournalismreview.org\\\/es\\\/articles\\\/policia-custodia-instalaciones-de-canal-12-en-nicaragua-y-requisa-a-personal\\\/\",\"name\":\"Polic\u00eda custodia instalaciones de Canal 12 en Nicaragua y requisa a personal - LatAm Journalism Review\",\"isPartOf\":{\"@id\":\"https:\\\/\\\/latamjournalismreview.org\\\/es\\\/#website\"},\"datePublished\":\"2019-01-24T07:00:56+00:00\",\"dateModified\":\"2020-06-11T01:44:35+00:00\",\"description\":\"Polic\u00eda custodia instalaciones de Canal 12 en Nicaragua y requisa a personal . Latin American Journalism Review by The Knight Center at The University of Texas at Austin.\",\"breadcrumb\":{\"@id\":\"https:\\\/\\\/latamjournalismreview.org\\\/es\\\/articles\\\/policia-custodia-instalaciones-de-canal-12-en-nicaragua-y-requisa-a-personal\\\/#breadcrumb\"},\"inLanguage\":\"es\",\"potentialAction\":[{\"@type\":\"ReadAction\",\"target\":[\"https:\\\/\\\/latamjournalismreview.org\\\/es\\\/articles\\\/policia-custodia-instalaciones-de-canal-12-en-nicaragua-y-requisa-a-personal\\\/\"]}]},{\"@type\":\"BreadcrumbList\",\"@id\":\"https:\\\/\\\/latamjournalismreview.org\\\/es\\\/articles\\\/policia-custodia-instalaciones-de-canal-12-en-nicaragua-y-requisa-a-personal\\\/#breadcrumb\",\"itemListElement\":[{\"@type\":\"ListItem\",\"position\":1,\"name\":\"Home\",\"item\":\"https:\\\/\\\/latamjournalismreview.org\\\/es\\\/\"},{\"@type\":\"ListItem\",\"position\":2,\"name\":\"Polic\u00eda custodia instalaciones de Canal 12 en Nicaragua y requisa a personal\"}]},{\"@type\":\"WebSite\",\"@id\":\"https:\\\/\\\/latamjournalismreview.org\\\/es\\\/#website\",\"url\":\"https:\\\/\\\/latamjournalismreview.org\\\/es\\\/\",\"name\":\"LatAm Journalism Review\",\"description\":\"Knight Center at The University of Texas\",\"publisher\":{\"@id\":\"https:\\\/\\\/latamjournalismreview.org\\\/es\\\/#organization\"},\"potentialAction\":[{\"@type\":\"SearchAction\",\"target\":{\"@type\":\"EntryPoint\",\"urlTemplate\":\"https:\\\/\\\/latamjournalismreview.org\\\/es\\\/?s={search_term_string}\"},\"query-input\":{\"@type\":\"PropertyValueSpecification\",\"valueRequired\":true,\"valueName\":\"search_term_string\"}}],\"inLanguage\":\"es\"},{\"@type\":\"Organization\",\"@id\":\"https:\\\/\\\/latamjournalismreview.org\\\/es\\\/#organization\",\"name\":\"LatAm Journalism Review\",\"url\":\"https:\\\/\\\/latamjournalismreview.org\\\/es\\\/\",\"logo\":{\"@type\":\"ImageObject\",\"inLanguage\":\"es\",\"@id\":\"https:\\\/\\\/latamjournalismreview.org\\\/es\\\/#\\\/schema\\\/logo\\\/image\\\/\",\"url\":\"https:\\\/\\\/latamjournalismreview.org\\\/wp-content\\\/uploads\\\/2020\\\/05\\\/knight-latAm-review-logo.svg\",\"contentUrl\":\"https:\\\/\\\/latamjournalismreview.org\\\/wp-content\\\/uploads\\\/2020\\\/05\\\/knight-latAm-review-logo.svg\",\"width\":\"1024\",\"height\":\"1024\",\"caption\":\"LatAm Journalism Review\"},\"image\":{\"@id\":\"https:\\\/\\\/latamjournalismreview.org\\\/es\\\/#\\\/schema\\\/logo\\\/image\\\/\"},\"sameAs\":[\"https:\\\/\\\/x.com\\\/LatAmJournalism\"]},{\"@type\":\"Person\",\"@id\":\"https:\\\/\\\/latamjournalismreview.org\\\/es\\\/#\\\/schema\\\/person\\\/d0b9fa850ef1b6f56bb445e52f29f63f\",\"name\":\"Paola Nalvarte\",\"description\":\"Paola Nalvarte is a Peruvian journalist and documentary photographer living in Austin, Texas. She focuses on covering and writing about the Andes region. In Peru, Paola worked in the Lima office of the Italian news agency ANSA, on the economic news desk of the daily Expreso, and for ten years she has been working on different editorial projects doing picture editing and research for one of the oldest Spanish-language papers in the world, the Peruvian newspaper El Comercio. She also enjoyed writing for the newspaper weekly magazine Somos. Paola Nalvarte es una periodista y fot\u00f3grafa documental peruana que vive en Austin, Texas. El foco de inter\u00e9s de su cobertura noticiosa es la regi\u00f3n andina. En Per\u00fa, Paola trabaj\u00f3 en la oficina de Lima de la agencia italiana de noticias ANSA, en la secci\u00f3n de econom\u00eda del diario Expreso y por diez a\u00f1os hizo investigaci\u00f3n fotogr\u00e1fica y edici\u00f3n de fotograf\u00eda editorial en el diario decano de la prensa peruana, El Comercio. Tambi\u00e9n escribi\u00f3 para Somos, la revista semanal del mismo diario\u200b, art\u00edculos sobre medio ambiente y cultura. Paola Nalvarte \u00e9 uma jornalista peruana e fot\u00f3grafa documentarista que vive em Austin, Texas. O foco de interesse da sua cobertura jornal\u00edstica \u00e9 a regi\u00e3o andina. No Peru, Paola trabalhou no escrit\u00f3rio de Lima da ag\u00eancia de not\u00edcias italiana ANSA, na se\u00e7\u00e3o de economia do jornal Expreso e, por dez anos, fez pesquisa fotogr\u00e1fica e edi\u00e7\u00e3o de fotografia editorial para um dos jornais em espanhol mais antigos do mundo, o jornal peruano El Comercio. Ela tamb\u00e9m escreveu artigos de meio ambiente e cultura para a Somos, a revista semanal do mesmo jornal.\",\"sameAs\":[\"https:\\\/\\\/x.com\\\/paolanalvarte\"],\"url\":\"https:\\\/\\\/latamjournalismreview.org\\\/es\\\/articles\\\/author\\\/paola-nalvarte\\\/\"}]}<\/script>\n<!-- \/ Yoast SEO Premium plugin. -->","yoast_head_json":{"title":"Polic\u00eda custodia instalaciones de Canal 12 en Nicaragua y requisa a personal - LatAm Journalism Review","description":"Polic\u00eda custodia instalaciones de Canal 12 en Nicaragua y requisa a personal . Latin American Journalism Review by The Knight Center at The University of Texas at Austin.","robots":{"index":"index","follow":"follow","max-snippet":"max-snippet:-1","max-image-preview":"max-image-preview:large","max-video-preview":"max-video-preview:-1"},"canonical":"https:\/\/latamjournalismreview.org\/es\/articles\/policia-custodia-instalaciones-de-canal-12-en-nicaragua-y-requisa-a-personal\/","og_locale":"es_ES","og_type":"article","og_title":"Polic\u00eda custodia instalaciones de Canal 12 en Nicaragua y requisa a personal","og_description":"Polic\u00eda custodia instalaciones de Canal 12 en Nicaragua y requisa a personal . Latin American Journalism Review by The Knight Center at The University of Texas at Austin.","og_url":"https:\/\/latamjournalismreview.org\/es\/articles\/policia-custodia-instalaciones-de-canal-12-en-nicaragua-y-requisa-a-personal\/","og_site_name":"LatAm Journalism Review","article_published_time":"2019-01-24T07:00:56+00:00","article_modified_time":"2020-06-11T01:44:35+00:00","author":"Paola Nalvarte","twitter_card":"summary_large_image","twitter_creator":"@paolanalvarte","twitter_site":"@LatAmJournalism","twitter_misc":{"Written by":"Paola Nalvarte","Est. reading time":"2 minutos"},"schema":{"@context":"https:\/\/schema.org","@graph":[{"@type":"Article","@id":"https:\/\/latamjournalismreview.org\/es\/articles\/policia-custodia-instalaciones-de-canal-12-en-nicaragua-y-requisa-a-personal\/#article","isPartOf":{"@id":"https:\/\/latamjournalismreview.org\/es\/articles\/policia-custodia-instalaciones-de-canal-12-en-nicaragua-y-requisa-a-personal\/"},"author":{"name":"Paola Nalvarte","@id":"https:\/\/latamjournalismreview.org\/es\/#\/schema\/person\/d0b9fa850ef1b6f56bb445e52f29f63f"},"headline":"Polic\u00eda custodia instalaciones de Canal 12 en Nicaragua y requisa a personal","datePublished":"2019-01-24T07:00:56+00:00","dateModified":"2020-06-11T01:44:35+00:00","mainEntityOfPage":{"@id":"https:\/\/latamjournalismreview.org\/es\/articles\/policia-custodia-instalaciones-de-canal-12-en-nicaragua-y-requisa-a-personal\/"},"wordCount":477,"publisher":{"@id":"https:\/\/latamjournalismreview.org\/es\/#organization"},"keywords":["Cierre de medios","Nicaragua"],"articleSection":["Libertad de prensa"],"inLanguage":"es"},{"@type":"WebPage","@id":"https:\/\/latamjournalismreview.org\/es\/articles\/policia-custodia-instalaciones-de-canal-12-en-nicaragua-y-requisa-a-personal\/","url":"https:\/\/latamjournalismreview.org\/es\/articles\/policia-custodia-instalaciones-de-canal-12-en-nicaragua-y-requisa-a-personal\/","name":"Polic\u00eda custodia instalaciones de Canal 12 en Nicaragua y requisa a personal - LatAm Journalism Review","isPartOf":{"@id":"https:\/\/latamjournalismreview.org\/es\/#website"},"datePublished":"2019-01-24T07:00:56+00:00","dateModified":"2020-06-11T01:44:35+00:00","description":"Polic\u00eda custodia instalaciones de Canal 12 en Nicaragua y requisa a personal . Latin American Journalism Review by The Knight Center at The University of Texas at Austin.","breadcrumb":{"@id":"https:\/\/latamjournalismreview.org\/es\/articles\/policia-custodia-instalaciones-de-canal-12-en-nicaragua-y-requisa-a-personal\/#breadcrumb"},"inLanguage":"es","potentialAction":[{"@type":"ReadAction","target":["https:\/\/latamjournalismreview.org\/es\/articles\/policia-custodia-instalaciones-de-canal-12-en-nicaragua-y-requisa-a-personal\/"]}]},{"@type":"BreadcrumbList","@id":"https:\/\/latamjournalismreview.org\/es\/articles\/policia-custodia-instalaciones-de-canal-12-en-nicaragua-y-requisa-a-personal\/#breadcrumb","itemListElement":[{"@type":"ListItem","position":1,"name":"Home","item":"https:\/\/latamjournalismreview.org\/es\/"},{"@type":"ListItem","position":2,"name":"Polic\u00eda custodia instalaciones de Canal 12 en Nicaragua y requisa a personal"}]},{"@type":"WebSite","@id":"https:\/\/latamjournalismreview.org\/es\/#website","url":"https:\/\/latamjournalismreview.org\/es\/","name":"LatAm Journalism Review","description":"Knight Center at The University of Texas","publisher":{"@id":"https:\/\/latamjournalismreview.org\/es\/#organization"},"potentialAction":[{"@type":"SearchAction","target":{"@type":"EntryPoint","urlTemplate":"https:\/\/latamjournalismreview.org\/es\/?s={search_term_string}"},"query-input":{"@type":"PropertyValueSpecification","valueRequired":true,"valueName":"search_term_string"}}],"inLanguage":"es"},{"@type":"Organization","@id":"https:\/\/latamjournalismreview.org\/es\/#organization","name":"LatAm Journalism Review","url":"https:\/\/latamjournalismreview.org\/es\/","logo":{"@type":"ImageObject","inLanguage":"es","@id":"https:\/\/latamjournalismreview.org\/es\/#\/schema\/logo\/image\/","url":"https:\/\/latamjournalismreview.org\/wp-content\/uploads\/2020\/05\/knight-latAm-review-logo.svg","contentUrl":"https:\/\/latamjournalismreview.org\/wp-content\/uploads\/2020\/05\/knight-latAm-review-logo.svg","width":"1024","height":"1024","caption":"LatAm Journalism Review"},"image":{"@id":"https:\/\/latamjournalismreview.org\/es\/#\/schema\/logo\/image\/"},"sameAs":["https:\/\/x.com\/LatAmJournalism"]},{"@type":"Person","@id":"https:\/\/latamjournalismreview.org\/es\/#\/schema\/person\/d0b9fa850ef1b6f56bb445e52f29f63f","name":"Paola Nalvarte","description":"Paola Nalvarte is a Peruvian journalist and documentary photographer living in Austin, Texas. She focuses on covering and writing about the Andes region. In Peru, Paola worked in the Lima office of the Italian news agency ANSA, on the economic news desk of the daily Expreso, and for ten years she has been working on different editorial projects doing picture editing and research for one of the oldest Spanish-language papers in the world, the Peruvian newspaper El Comercio. She also enjoyed writing for the newspaper weekly magazine Somos. Paola Nalvarte es una periodista y fot\u00f3grafa documental peruana que vive en Austin, Texas. El foco de inter\u00e9s de su cobertura noticiosa es la regi\u00f3n andina. En Per\u00fa, Paola trabaj\u00f3 en la oficina de Lima de la agencia italiana de noticias ANSA, en la secci\u00f3n de econom\u00eda del diario Expreso y por diez a\u00f1os hizo investigaci\u00f3n fotogr\u00e1fica y edici\u00f3n de fotograf\u00eda editorial en el diario decano de la prensa peruana, El Comercio. Tambi\u00e9n escribi\u00f3 para Somos, la revista semanal del mismo diario\u200b, art\u00edculos sobre medio ambiente y cultura. Paola Nalvarte \u00e9 uma jornalista peruana e fot\u00f3grafa documentarista que vive em Austin, Texas. O foco de interesse da sua cobertura jornal\u00edstica \u00e9 a regi\u00e3o andina. No Peru, Paola trabalhou no escrit\u00f3rio de Lima da ag\u00eancia de not\u00edcias italiana ANSA, na se\u00e7\u00e3o de economia do jornal Expreso e, por dez anos, fez pesquisa fotogr\u00e1fica e edi\u00e7\u00e3o de fotografia editorial para um dos jornais em espanhol mais antigos do mundo, o jornal peruano El Comercio. Ela tamb\u00e9m escreveu artigos de meio ambiente e cultura para a Somos, a revista semanal do mesmo jornal.","sameAs":["https:\/\/x.com\/paolanalvarte"],"url":"https:\/\/latamjournalismreview.org\/es\/articles\/author\/paola-nalvarte\/"}]}},"_links":{"self":[{"href":"https:\/\/latamjournalismreview.org\/es\/wp-json\/wp\/v2\/posts\/2702","targetHints":{"allow":["GET"]}}],"collection":[{"href":"https:\/\/latamjournalismreview.org\/es\/wp-json\/wp\/v2\/posts"}],"about":[{"href":"https:\/\/latamjournalismreview.org\/es\/wp-json\/wp\/v2\/types\/post"}],"author":[{"embeddable":true,"href":"https:\/\/latamjournalismreview.org\/es\/wp-json\/wp\/v2\/users\/4"}],"replies":[{"embeddable":true,"href":"https:\/\/latamjournalismreview.org\/es\/wp-json\/wp\/v2\/comments?post=2702"}],"version-history":[{"count":2,"href":"https:\/\/latamjournalismreview.org\/es\/wp-json\/wp\/v2\/posts\/2702\/revisions"}],"predecessor-version":[{"id":6588,"href":"https:\/\/latamjournalismreview.org\/es\/wp-json\/wp\/v2\/posts\/2702\/revisions\/6588"}],"wp:attachment":[{"href":"https:\/\/latamjournalismreview.org\/es\/wp-json\/wp\/v2\/media?parent=2702"}],"wp:term":[{"taxonomy":"category","embeddable":true,"href":"https:\/\/latamjournalismreview.org\/es\/wp-json\/wp\/v2\/categories?post=2702"},{"taxonomy":"post_tag","embeddable":true,"href":"https:\/\/latamjournalismreview.org\/es\/wp-json\/wp\/v2\/tags?post=2702"},{"taxonomy":"author","embeddable":true,"href":"https:\/\/latamjournalismreview.org\/es\/wp-json\/wp\/v2\/coauthors?post=2702"}],"curies":[{"name":"wp","href":"https:\/\/api.w.org\/{rel}","templated":true}]}}