{"id":27062,"date":"2012-02-17T19:00:19","date_gmt":"2012-02-18T00:00:19","guid":{"rendered":"https:\/\/latamjournalismreview.org\/?p=27062"},"modified":"2021-08-19T19:01:17","modified_gmt":"2021-08-20T00:01:17","slug":"presidente-panameno-ofrece-asilo-a-dueno-de-el-universo-tras-insolita-sentencia-en-ecuador-que-crea-indignacion-a-nivel-mundial","status":"publish","type":"post","link":"https:\/\/latamjournalismreview.org\/es\/articles\/presidente-panameno-ofrece-asilo-a-dueno-de-el-universo-tras-insolita-sentencia-en-ecuador-que-crea-indignacion-a-nivel-mundial\/","title":{"rendered":"Presidente paname\u00f1o ofrece asilo a due\u00f1o de El Universo tras ins\u00f3lita sentencia en Ecuador que crea indignaci\u00f3n a nivel mundial"},"content":{"rendered":"<p>\"<a href=\"http:\/\/www.fundamedios.org\/component\/zoo\/item\/panam-concede-asilo-diplomtico-a-director-de-el-universo-tras-sentencia-de-ltima-instancia.html?category_id=1\" target=\"_blank\" rel=\"noopener\">Acabo de darle asilo a periodista del Diario El Universo Carlos P\u00e9rez Barriga<\/a>\u00a0multado con 3 a\u00f1os de c\u00e1rcel y 40 millones de multa en Ecuador\",\u00a0<a href=\"https:\/\/twitter.com\/#!\/rmartinelli\" target=\"_blank\" rel=\"noopener\">escribi\u00f3 el presidente de Panam\u00e1 Ricardo Martinelli en su cuenta de Twitter<\/a>\u00a0el jueves 16 de febrero de 2012, inform\u00f3 la organizaci\u00f3n ecuatoriana no gubernamental Fundamedios.<\/p>\n<p>Los hermanos de P\u00e9rez, C\u00e9sar y Nicol\u00e1s, que tambi\u00e9n son due\u00f1os del diario El Universo, se encuentran en Estados Unidos y\u00a0<a href=\"http:\/\/www.larepublica.pe\/17-02-2012\/panama-otorga-asilo-diplomatico-al-director-de-el-universo-de-ecuador\" target=\"_blank\" rel=\"noopener\">descartan volver a Ecuador por temor<\/a>, seg\u00fan inform\u00f3 el diario peruano La Rep\u00fablica. Emilio Palacio, el periodista que escribi\u00f3 el editorial que provoc\u00f3 al presidente ecuatoriano Rafael Correa a presentar la\u00a0<a href=\"http:\/\/knightcenter.utexas.edu\/es\/blog\/correa-pide-80-millones-de-dolares-de-indemnizacion-diario-de-ecuador-y-3-anos-de-carcel-para-s\" target=\"_blank\" rel=\"noopener\">demanda de injurias calumniosas contra El Universo<\/a>, tambi\u00e9n se encuentra en Estados Unidos donde\u00a0<a href=\"http:\/\/knightcenter.utexas.edu\/es\/blog\/00-8960-periodista-ecuatoriano-que-enfrenta-pena-de-carcel-pide-asilo-en-estados-unidos\" target=\"_blank\" rel=\"noopener\">ha pedido asilo en el pa\u00eds<\/a>.<\/p>\n<p>En vista de la ins\u00f3lita\u00a0<a href=\"http:\/\/knightcenter.utexas.edu\/es\/blog\/00-9056-presidente-correa-celebra-victoria-judicial-contra-diario-el-universo-directivos-apelan\" target=\"_blank\" rel=\"noopener\">victoria judicial del presidente ecuatoriano Rafael Correa contra el diario El Universo<\/a>, la tr\u00e1gica noticia ha sido criticada y rechazada a nivel mundial por m\u00faltiples organizaciones defensoras de la libertad de expresi\u00f3n. El veredicto \u201crepresenta un\u00a0<a href=\"http:\/\/www.cpj.org\/es\/2012\/02\/sentencia-contra-el-universo-sienta-precedente-pel.php\" target=\"_blank\" rel=\"noopener\">serio golpe contra la libertad de expresi\u00f3n y un retroceso para la democracia<\/a>\u201d, dijo el Comit\u00e9 para la Protecci\u00f3n de Periodistas (CPJ). Reporteros Sin Fronteras la clasific\u00f3 como \u201c<a href=\"http:\/\/es.rsf.org\/ecuador-esperado-desenlace-en-la-suprema-15-02-2012,41887.html\" target=\"_blank\" rel=\"noopener\">un rev\u00e9s catastr\u00f3fico para la libertad de expresi\u00f3n<\/a>\u201d y la Sociedad Interamericana de Prensa (SIP) como un \u201c<a href=\"http:\/\/www.sipiapa.org\/v4\/comunicados_de_prensa.php?seccion=detalles&amp;id=4684&amp;idioma=sp\" target=\"_blank\" rel=\"noopener\">grave atentado a la libertad de prensa<\/a>\u201d.<\/p>\n<p>Mientras tanto, en Ecuador,\u00a0<a href=\"http:\/\/www.eluniverso.com\/2012\/02\/17\/1\/1355\/planton-libertades-avenida-9-octubre.html\" target=\"_blank\" rel=\"noopener\">cientos de personas marcharon para pedir por la libertad de expresi\u00f3n y demostrar su rechazo a la condena contra El Universo<\/a>, inform\u00f3 el mismo diario.\u00a0<a href=\"http:\/\/www.elcomercio.com\/politica\/Trabajadores-Universo-marchan-libertad-expresion_0_647935243.html\" target=\"_blank\" rel=\"noopener\">Empleados y periodistas de El Universo se vistieron de luto<\/a>\u00a0y se taparon la boca con vendas \u201ccomo se\u00f1al de la \u2018mordaza a la prensa libre\u2019 en Ecuador\u201d, en su caminata hacia la Corte de Justicia de Ecuador, report\u00f3 el diario El Comercio.<\/p>\n","protected":false},"excerpt":{"rendered":"<p>\"Acabo de darle asilo a periodista del Diario El Universo Carlos P\u00e9rez Barriga\u00a0multado con 3 a\u00f1os de c\u00e1rcel y 40 millones de multa en Ecuador\",\u00a0escribi\u00f3 el presidente de Panam\u00e1 Ricardo Martinelli en su cuenta de Twitter\u00a0el jueves 16 de febrero de 2012, inform\u00f3 la organizaci\u00f3n ecuatoriana no gubernamental Fundamedios.<\/p>\n","protected":false},"author":40,"featured_media":0,"comment_status":"closed","ping_status":"closed","sticky":false,"template":"","format":"standard","meta":{"inline_featured_image":false,"footnotes":""},"categories":[1220],"tags":[1438,1449,1387],"coauthors":[],"class_list":["post-27062","post","type-post","status-publish","format-standard","hentry","category-libertad-de-prensa-es","tag-difamacion-es","tag-exilio-es","tag-panama-es"],"acf":[],"yoast_head":"<!-- This site is optimized with the Yoast SEO Premium plugin v22.6 (Yoast SEO v27.4) - https:\/\/yoast.com\/product\/yoast-seo-premium-wordpress\/ -->\n<title>Presidente paname\u00f1o ofrece asilo a due\u00f1o de El Universo tras ins\u00f3lita sentencia en Ecuador que crea indignaci\u00f3n a nivel mundial - LatAm Journalism Review<\/title>\n<meta name=\"description\" content=\"Presidente paname\u00f1o ofrece asilo a due\u00f1o de El Universo tras ins\u00f3lita sentencia en Ecuador que crea indignaci\u00f3n a nivel mundial Libertad de prensa. Latin American Journalism Review by The Knight Center at The University of Texas at Austin.\" \/>\n<meta name=\"robots\" content=\"index, follow, max-snippet:-1, max-image-preview:large, max-video-preview:-1\" \/>\n<link rel=\"canonical\" href=\"https:\/\/latamjournalismreview.org\/es\/articles\/presidente-panameno-ofrece-asilo-a-dueno-de-el-universo-tras-insolita-sentencia-en-ecuador-que-crea-indignacion-a-nivel-mundial\/\" \/>\n<meta property=\"og:locale\" content=\"es_ES\" \/>\n<meta property=\"og:type\" content=\"article\" \/>\n<meta property=\"og:title\" content=\"Presidente paname\u00f1o ofrece asilo a due\u00f1o de El Universo tras ins\u00f3lita sentencia en Ecuador que crea indignaci\u00f3n a nivel mundial\" \/>\n<meta property=\"og:description\" content=\"Presidente paname\u00f1o ofrece asilo a due\u00f1o de El Universo tras ins\u00f3lita sentencia en Ecuador que crea indignaci\u00f3n a nivel mundial Libertad de prensa. Latin American Journalism Review by The Knight Center at The University of Texas at Austin.\" \/>\n<meta property=\"og:url\" content=\"https:\/\/latamjournalismreview.org\/es\/articles\/presidente-panameno-ofrece-asilo-a-dueno-de-el-universo-tras-insolita-sentencia-en-ecuador-que-crea-indignacion-a-nivel-mundial\/\" \/>\n<meta property=\"og:site_name\" content=\"LatAm Journalism Review\" \/>\n<meta property=\"article:published_time\" content=\"2012-02-18T00:00:19+00:00\" \/>\n<meta property=\"article:modified_time\" content=\"2021-08-20T00:01:17+00:00\" \/>\n<meta name=\"author\" content=\"Tania Lara\" \/>\n<meta name=\"twitter:card\" content=\"summary_large_image\" \/>\n<meta name=\"twitter:creator\" content=\"@LatAmJournalism\" \/>\n<meta name=\"twitter:site\" content=\"@LatAmJournalism\" \/>\n<meta name=\"twitter:label1\" content=\"Written by\" \/>\n\t<meta name=\"twitter:data1\" content=\"Tania Lara\" \/>\n\t<meta name=\"twitter:label2\" content=\"Est. reading time\" \/>\n\t<meta name=\"twitter:data2\" content=\"2 minutos\" \/>\n<script type=\"application\/ld+json\" class=\"yoast-schema-graph\">{\"@context\":\"https:\\\/\\\/schema.org\",\"@graph\":[{\"@type\":\"Article\",\"@id\":\"https:\\\/\\\/latamjournalismreview.org\\\/es\\\/articles\\\/presidente-panameno-ofrece-asilo-a-dueno-de-el-universo-tras-insolita-sentencia-en-ecuador-que-crea-indignacion-a-nivel-mundial\\\/#article\",\"isPartOf\":{\"@id\":\"https:\\\/\\\/latamjournalismreview.org\\\/es\\\/articles\\\/presidente-panameno-ofrece-asilo-a-dueno-de-el-universo-tras-insolita-sentencia-en-ecuador-que-crea-indignacion-a-nivel-mundial\\\/\"},\"author\":{\"name\":\"Tania Lara\",\"@id\":\"https:\\\/\\\/latamjournalismreview.org\\\/es\\\/#\\\/schema\\\/person\\\/51558925140f21242c6ed2d20b8260c5\"},\"headline\":\"Presidente paname\u00f1o ofrece asilo a due\u00f1o de El Universo tras ins\u00f3lita sentencia en Ecuador que crea indignaci\u00f3n a nivel mundial\",\"datePublished\":\"2012-02-18T00:00:19+00:00\",\"dateModified\":\"2021-08-20T00:01:17+00:00\",\"mainEntityOfPage\":{\"@id\":\"https:\\\/\\\/latamjournalismreview.org\\\/es\\\/articles\\\/presidente-panameno-ofrece-asilo-a-dueno-de-el-universo-tras-insolita-sentencia-en-ecuador-que-crea-indignacion-a-nivel-mundial\\\/\"},\"wordCount\":333,\"publisher\":{\"@id\":\"https:\\\/\\\/latamjournalismreview.org\\\/es\\\/#organization\"},\"keywords\":[\"Difamaci\u00f3n\",\"Exilio\",\"Panam\u00e1\"],\"articleSection\":[\"Libertad de prensa\"],\"inLanguage\":\"es\"},{\"@type\":\"WebPage\",\"@id\":\"https:\\\/\\\/latamjournalismreview.org\\\/es\\\/articles\\\/presidente-panameno-ofrece-asilo-a-dueno-de-el-universo-tras-insolita-sentencia-en-ecuador-que-crea-indignacion-a-nivel-mundial\\\/\",\"url\":\"https:\\\/\\\/latamjournalismreview.org\\\/es\\\/articles\\\/presidente-panameno-ofrece-asilo-a-dueno-de-el-universo-tras-insolita-sentencia-en-ecuador-que-crea-indignacion-a-nivel-mundial\\\/\",\"name\":\"Presidente paname\u00f1o ofrece asilo a due\u00f1o de El Universo tras ins\u00f3lita sentencia en Ecuador que crea indignaci\u00f3n a nivel mundial - LatAm Journalism Review\",\"isPartOf\":{\"@id\":\"https:\\\/\\\/latamjournalismreview.org\\\/es\\\/#website\"},\"datePublished\":\"2012-02-18T00:00:19+00:00\",\"dateModified\":\"2021-08-20T00:01:17+00:00\",\"description\":\"Presidente paname\u00f1o ofrece asilo a due\u00f1o de El Universo tras ins\u00f3lita sentencia en Ecuador que crea indignaci\u00f3n a nivel mundial Libertad de prensa. Latin American Journalism Review by The Knight Center at The University of Texas at Austin.\",\"breadcrumb\":{\"@id\":\"https:\\\/\\\/latamjournalismreview.org\\\/es\\\/articles\\\/presidente-panameno-ofrece-asilo-a-dueno-de-el-universo-tras-insolita-sentencia-en-ecuador-que-crea-indignacion-a-nivel-mundial\\\/#breadcrumb\"},\"inLanguage\":\"es\",\"potentialAction\":[{\"@type\":\"ReadAction\",\"target\":[\"https:\\\/\\\/latamjournalismreview.org\\\/es\\\/articles\\\/presidente-panameno-ofrece-asilo-a-dueno-de-el-universo-tras-insolita-sentencia-en-ecuador-que-crea-indignacion-a-nivel-mundial\\\/\"]}]},{\"@type\":\"BreadcrumbList\",\"@id\":\"https:\\\/\\\/latamjournalismreview.org\\\/es\\\/articles\\\/presidente-panameno-ofrece-asilo-a-dueno-de-el-universo-tras-insolita-sentencia-en-ecuador-que-crea-indignacion-a-nivel-mundial\\\/#breadcrumb\",\"itemListElement\":[{\"@type\":\"ListItem\",\"position\":1,\"name\":\"Home\",\"item\":\"https:\\\/\\\/latamjournalismreview.org\\\/es\\\/\"},{\"@type\":\"ListItem\",\"position\":2,\"name\":\"Presidente paname\u00f1o ofrece asilo a due\u00f1o de El Universo tras ins\u00f3lita sentencia en Ecuador que crea indignaci\u00f3n a nivel mundial\"}]},{\"@type\":\"WebSite\",\"@id\":\"https:\\\/\\\/latamjournalismreview.org\\\/es\\\/#website\",\"url\":\"https:\\\/\\\/latamjournalismreview.org\\\/es\\\/\",\"name\":\"LatAm Journalism Review\",\"description\":\"Knight Center at The University of Texas\",\"publisher\":{\"@id\":\"https:\\\/\\\/latamjournalismreview.org\\\/es\\\/#organization\"},\"potentialAction\":[{\"@type\":\"SearchAction\",\"target\":{\"@type\":\"EntryPoint\",\"urlTemplate\":\"https:\\\/\\\/latamjournalismreview.org\\\/es\\\/?s={search_term_string}\"},\"query-input\":{\"@type\":\"PropertyValueSpecification\",\"valueRequired\":true,\"valueName\":\"search_term_string\"}}],\"inLanguage\":\"es\"},{\"@type\":\"Organization\",\"@id\":\"https:\\\/\\\/latamjournalismreview.org\\\/es\\\/#organization\",\"name\":\"LatAm Journalism Review\",\"url\":\"https:\\\/\\\/latamjournalismreview.org\\\/es\\\/\",\"logo\":{\"@type\":\"ImageObject\",\"inLanguage\":\"es\",\"@id\":\"https:\\\/\\\/latamjournalismreview.org\\\/es\\\/#\\\/schema\\\/logo\\\/image\\\/\",\"url\":\"https:\\\/\\\/latamjournalismreview.org\\\/wp-content\\\/uploads\\\/2020\\\/05\\\/knight-latAm-review-logo.svg\",\"contentUrl\":\"https:\\\/\\\/latamjournalismreview.org\\\/wp-content\\\/uploads\\\/2020\\\/05\\\/knight-latAm-review-logo.svg\",\"width\":\"1024\",\"height\":\"1024\",\"caption\":\"LatAm Journalism Review\"},\"image\":{\"@id\":\"https:\\\/\\\/latamjournalismreview.org\\\/es\\\/#\\\/schema\\\/logo\\\/image\\\/\"},\"sameAs\":[\"https:\\\/\\\/x.com\\\/LatAmJournalism\"]},{\"@type\":\"Person\",\"@id\":\"https:\\\/\\\/latamjournalismreview.org\\\/es\\\/#\\\/schema\\\/person\\\/51558925140f21242c6ed2d20b8260c5\",\"name\":\"Tania Lara\",\"url\":\"https:\\\/\\\/latamjournalismreview.org\\\/es\\\/articles\\\/author\\\/tania-lara\\\/\"}]}<\/script>\n<!-- \/ Yoast SEO Premium plugin. -->","yoast_head_json":{"title":"Presidente paname\u00f1o ofrece asilo a due\u00f1o de El Universo tras ins\u00f3lita sentencia en Ecuador que crea indignaci\u00f3n a nivel mundial - LatAm Journalism Review","description":"Presidente paname\u00f1o ofrece asilo a due\u00f1o de El Universo tras ins\u00f3lita sentencia en Ecuador que crea indignaci\u00f3n a nivel mundial Libertad de prensa. Latin American Journalism Review by The Knight Center at The University of Texas at Austin.","robots":{"index":"index","follow":"follow","max-snippet":"max-snippet:-1","max-image-preview":"max-image-preview:large","max-video-preview":"max-video-preview:-1"},"canonical":"https:\/\/latamjournalismreview.org\/es\/articles\/presidente-panameno-ofrece-asilo-a-dueno-de-el-universo-tras-insolita-sentencia-en-ecuador-que-crea-indignacion-a-nivel-mundial\/","og_locale":"es_ES","og_type":"article","og_title":"Presidente paname\u00f1o ofrece asilo a due\u00f1o de El Universo tras ins\u00f3lita sentencia en Ecuador que crea indignaci\u00f3n a nivel mundial","og_description":"Presidente paname\u00f1o ofrece asilo a due\u00f1o de El Universo tras ins\u00f3lita sentencia en Ecuador que crea indignaci\u00f3n a nivel mundial Libertad de prensa. Latin American Journalism Review by The Knight Center at The University of Texas at Austin.","og_url":"https:\/\/latamjournalismreview.org\/es\/articles\/presidente-panameno-ofrece-asilo-a-dueno-de-el-universo-tras-insolita-sentencia-en-ecuador-que-crea-indignacion-a-nivel-mundial\/","og_site_name":"LatAm Journalism Review","article_published_time":"2012-02-18T00:00:19+00:00","article_modified_time":"2021-08-20T00:01:17+00:00","author":"Tania Lara","twitter_card":"summary_large_image","twitter_creator":"@LatAmJournalism","twitter_site":"@LatAmJournalism","twitter_misc":{"Written by":"Tania Lara","Est. reading time":"2 minutos"},"schema":{"@context":"https:\/\/schema.org","@graph":[{"@type":"Article","@id":"https:\/\/latamjournalismreview.org\/es\/articles\/presidente-panameno-ofrece-asilo-a-dueno-de-el-universo-tras-insolita-sentencia-en-ecuador-que-crea-indignacion-a-nivel-mundial\/#article","isPartOf":{"@id":"https:\/\/latamjournalismreview.org\/es\/articles\/presidente-panameno-ofrece-asilo-a-dueno-de-el-universo-tras-insolita-sentencia-en-ecuador-que-crea-indignacion-a-nivel-mundial\/"},"author":{"name":"Tania Lara","@id":"https:\/\/latamjournalismreview.org\/es\/#\/schema\/person\/51558925140f21242c6ed2d20b8260c5"},"headline":"Presidente paname\u00f1o ofrece asilo a due\u00f1o de El Universo tras ins\u00f3lita sentencia en Ecuador que crea indignaci\u00f3n a nivel mundial","datePublished":"2012-02-18T00:00:19+00:00","dateModified":"2021-08-20T00:01:17+00:00","mainEntityOfPage":{"@id":"https:\/\/latamjournalismreview.org\/es\/articles\/presidente-panameno-ofrece-asilo-a-dueno-de-el-universo-tras-insolita-sentencia-en-ecuador-que-crea-indignacion-a-nivel-mundial\/"},"wordCount":333,"publisher":{"@id":"https:\/\/latamjournalismreview.org\/es\/#organization"},"keywords":["Difamaci\u00f3n","Exilio","Panam\u00e1"],"articleSection":["Libertad de prensa"],"inLanguage":"es"},{"@type":"WebPage","@id":"https:\/\/latamjournalismreview.org\/es\/articles\/presidente-panameno-ofrece-asilo-a-dueno-de-el-universo-tras-insolita-sentencia-en-ecuador-que-crea-indignacion-a-nivel-mundial\/","url":"https:\/\/latamjournalismreview.org\/es\/articles\/presidente-panameno-ofrece-asilo-a-dueno-de-el-universo-tras-insolita-sentencia-en-ecuador-que-crea-indignacion-a-nivel-mundial\/","name":"Presidente paname\u00f1o ofrece asilo a due\u00f1o de El Universo tras ins\u00f3lita sentencia en Ecuador que crea indignaci\u00f3n a nivel mundial - LatAm Journalism Review","isPartOf":{"@id":"https:\/\/latamjournalismreview.org\/es\/#website"},"datePublished":"2012-02-18T00:00:19+00:00","dateModified":"2021-08-20T00:01:17+00:00","description":"Presidente paname\u00f1o ofrece asilo a due\u00f1o de El Universo tras ins\u00f3lita sentencia en Ecuador que crea indignaci\u00f3n a nivel mundial Libertad de prensa. Latin American Journalism Review by The Knight Center at The University of Texas at Austin.","breadcrumb":{"@id":"https:\/\/latamjournalismreview.org\/es\/articles\/presidente-panameno-ofrece-asilo-a-dueno-de-el-universo-tras-insolita-sentencia-en-ecuador-que-crea-indignacion-a-nivel-mundial\/#breadcrumb"},"inLanguage":"es","potentialAction":[{"@type":"ReadAction","target":["https:\/\/latamjournalismreview.org\/es\/articles\/presidente-panameno-ofrece-asilo-a-dueno-de-el-universo-tras-insolita-sentencia-en-ecuador-que-crea-indignacion-a-nivel-mundial\/"]}]},{"@type":"BreadcrumbList","@id":"https:\/\/latamjournalismreview.org\/es\/articles\/presidente-panameno-ofrece-asilo-a-dueno-de-el-universo-tras-insolita-sentencia-en-ecuador-que-crea-indignacion-a-nivel-mundial\/#breadcrumb","itemListElement":[{"@type":"ListItem","position":1,"name":"Home","item":"https:\/\/latamjournalismreview.org\/es\/"},{"@type":"ListItem","position":2,"name":"Presidente paname\u00f1o ofrece asilo a due\u00f1o de El Universo tras ins\u00f3lita sentencia en Ecuador que crea indignaci\u00f3n a nivel mundial"}]},{"@type":"WebSite","@id":"https:\/\/latamjournalismreview.org\/es\/#website","url":"https:\/\/latamjournalismreview.org\/es\/","name":"LatAm Journalism Review","description":"Knight Center at The University of Texas","publisher":{"@id":"https:\/\/latamjournalismreview.org\/es\/#organization"},"potentialAction":[{"@type":"SearchAction","target":{"@type":"EntryPoint","urlTemplate":"https:\/\/latamjournalismreview.org\/es\/?s={search_term_string}"},"query-input":{"@type":"PropertyValueSpecification","valueRequired":true,"valueName":"search_term_string"}}],"inLanguage":"es"},{"@type":"Organization","@id":"https:\/\/latamjournalismreview.org\/es\/#organization","name":"LatAm Journalism Review","url":"https:\/\/latamjournalismreview.org\/es\/","logo":{"@type":"ImageObject","inLanguage":"es","@id":"https:\/\/latamjournalismreview.org\/es\/#\/schema\/logo\/image\/","url":"https:\/\/latamjournalismreview.org\/wp-content\/uploads\/2020\/05\/knight-latAm-review-logo.svg","contentUrl":"https:\/\/latamjournalismreview.org\/wp-content\/uploads\/2020\/05\/knight-latAm-review-logo.svg","width":"1024","height":"1024","caption":"LatAm Journalism Review"},"image":{"@id":"https:\/\/latamjournalismreview.org\/es\/#\/schema\/logo\/image\/"},"sameAs":["https:\/\/x.com\/LatAmJournalism"]},{"@type":"Person","@id":"https:\/\/latamjournalismreview.org\/es\/#\/schema\/person\/51558925140f21242c6ed2d20b8260c5","name":"Tania Lara","url":"https:\/\/latamjournalismreview.org\/es\/articles\/author\/tania-lara\/"}]}},"_links":{"self":[{"href":"https:\/\/latamjournalismreview.org\/es\/wp-json\/wp\/v2\/posts\/27062","targetHints":{"allow":["GET"]}}],"collection":[{"href":"https:\/\/latamjournalismreview.org\/es\/wp-json\/wp\/v2\/posts"}],"about":[{"href":"https:\/\/latamjournalismreview.org\/es\/wp-json\/wp\/v2\/types\/post"}],"author":[{"embeddable":true,"href":"https:\/\/latamjournalismreview.org\/es\/wp-json\/wp\/v2\/users\/40"}],"replies":[{"embeddable":true,"href":"https:\/\/latamjournalismreview.org\/es\/wp-json\/wp\/v2\/comments?post=27062"}],"version-history":[{"count":1,"href":"https:\/\/latamjournalismreview.org\/es\/wp-json\/wp\/v2\/posts\/27062\/revisions"}],"predecessor-version":[{"id":27063,"href":"https:\/\/latamjournalismreview.org\/es\/wp-json\/wp\/v2\/posts\/27062\/revisions\/27063"}],"wp:attachment":[{"href":"https:\/\/latamjournalismreview.org\/es\/wp-json\/wp\/v2\/media?parent=27062"}],"wp:term":[{"taxonomy":"category","embeddable":true,"href":"https:\/\/latamjournalismreview.org\/es\/wp-json\/wp\/v2\/categories?post=27062"},{"taxonomy":"post_tag","embeddable":true,"href":"https:\/\/latamjournalismreview.org\/es\/wp-json\/wp\/v2\/tags?post=27062"},{"taxonomy":"author","embeddable":true,"href":"https:\/\/latamjournalismreview.org\/es\/wp-json\/wp\/v2\/coauthors?post=27062"}],"curies":[{"name":"wp","href":"https:\/\/api.w.org\/{rel}","templated":true}]}}