{"id":27098,"date":"2012-02-17T13:25:25","date_gmt":"2012-02-17T18:25:25","guid":{"rendered":"https:\/\/latamjournalismreview.org\/?p=27098"},"modified":"2021-08-20T13:26:34","modified_gmt":"2021-08-20T18:26:34","slug":"candidato-a-la-alcaldia-de-honolulu-veta-a-reportero","status":"publish","type":"post","link":"https:\/\/latamjournalismreview.org\/es\/articles\/candidato-a-la-alcaldia-de-honolulu-veta-a-reportero\/","title":{"rendered":"Candidato a la alcald\u00eda de Honolulu veta a reportero"},"content":{"rendered":"<p><a href=\"http:\/\/www.civilbeat.com\/articles\/2012\/02\/17\/14912-cayetano-cuts-civil-beat-from-campaign-media-list\/\" target=\"_blank\" rel=\"noopener\">Un candidato a alcalde de Honolulu, Hawai, est\u00e1 tratando de vetar a un reportero de su campa\u00f1a electoral<\/a>, report\u00f3 el sitio de noticias de Honolulu Civil Beat.<\/p>\n<p>El candidato\u00a0<a href=\"http:\/\/en.wikipedia.org\/wiki\/Ben_Cayetano\" target=\"_blank\" rel=\"noopener\">Ben Cayetano<\/a>, ex gobernador del estado de Hawai, dijo que \u00e9l hab\u00eda sacado a Civil Beat de su lista de medios de comunicaci\u00f3n y que se rehusaba a responder cualquier pregunta, correo o llamada telef\u00f3nica del premiado reportero gubernamental\u00a0<a href=\"http:\/\/www.civilbeat.com\/topics\/michael-levine\/\" target=\"_blank\" rel=\"noopener\">Michael Levine<\/a>, inform\u00f3 Civil Beat, que a\u00f1adi\u00f3 que si este medio quiere cubrir su campa\u00f1a electoral, deber\u00e1 enviar a un periodista diferente.<\/p>\n<p>\u201cNo hay raz\u00f3n para hablar con un reportero que me acus\u00f3 de falta de 'credibilidad'\u201d, escribi\u00f3 Cayetano en un correo electr\u00f3nico al editor de Civil Beat, John Temple. Ir\u00f3nicamente, fue Temple y no Levine quien en realidad escribi\u00f3 el art\u00edculo que molest\u00f3 al candidato.<\/p>\n<p>Civil Beat se\u00f1al\u00f3 que no es la primera vez que Cayetano se enfada con Levine. Anteriormente, hab\u00eda acusado al periodista de \"parcializado\" y hab\u00eda dicho que el sitio de noticias era \"de baja calidad\", \"un blog sobrevalorado\" e \"incompetente\", report\u00f3 la publicaci\u00f3n. Cabe destacar que en 2010, el sitio\u00a0<a href=\"http:\/\/www.civilbeat.com\/posts\/2011\/06\/24\/11883-civil-beat-named-hawaiis-best-news-website\/\" target=\"_blank\" rel=\"noopener\">Civil Beat fue denominado como el mejor sitio de noticias de Hawai<\/a>\u00a0por el cap\u00edtulo hawaiano de la Sociedad de Periodistas Profesionales.<\/p>\n<p>Andrew Beaujon, de Poynter, ha enviado\u00a0<a href=\"http:\/\/www.poynter.org\/latest-news\/mediawire\/163452\/honolulu-mayoral-candidate-tries-to-get-civil-beat-reporter-thrown-off-campaign\/\" target=\"_blank\" rel=\"noopener\">solicitudes de entrevista tanto a Cayetano como a Temple<\/a>.<\/p>\n","protected":false},"excerpt":{"rendered":"<p>Un candidato a alcalde de Honolulu, Hawai, est\u00e1 tratando de vetar a un reportero de su campa\u00f1a electoral, report\u00f3 el sitio de noticias de Honolulu Civil Beat.<\/p>\n","protected":false},"author":41,"featured_media":0,"comment_status":"closed","ping_status":"closed","sticky":false,"template":"","format":"standard","meta":{"inline_featured_image":false,"footnotes":""},"categories":[1220],"tags":[1422,1545],"coauthors":[],"class_list":["post-27098","post","type-post","status-publish","format-standard","hentry","category-libertad-de-prensa-es","tag-acceso-a-la-informacion-es","tag-elecciones-es"],"acf":[],"yoast_head":"<!-- This site is optimized with the Yoast SEO Premium plugin v22.6 (Yoast SEO v27.4) - https:\/\/yoast.com\/product\/yoast-seo-premium-wordpress\/ -->\n<title>Candidato a la alcald\u00eda de Honolulu veta a reportero - LatAm Journalism Review<\/title>\n<meta name=\"description\" content=\"Candidato a la alcald\u00eda de Honolulu veta a reportero Libertad de prensa. Latin American Journalism Review by The Knight Center at The University of Texas at Austin.\" \/>\n<meta name=\"robots\" content=\"index, follow, max-snippet:-1, max-image-preview:large, max-video-preview:-1\" \/>\n<link rel=\"canonical\" href=\"https:\/\/latamjournalismreview.org\/es\/articles\/candidato-a-la-alcaldia-de-honolulu-veta-a-reportero\/\" \/>\n<meta property=\"og:locale\" content=\"es_ES\" \/>\n<meta property=\"og:type\" content=\"article\" \/>\n<meta property=\"og:title\" content=\"Candidato a la alcald\u00eda de Honolulu veta a reportero\" \/>\n<meta property=\"og:description\" content=\"Candidato a la alcald\u00eda de Honolulu veta a reportero Libertad de prensa. Latin American Journalism Review by The Knight Center at The University of Texas at Austin.\" \/>\n<meta property=\"og:url\" content=\"https:\/\/latamjournalismreview.org\/es\/articles\/candidato-a-la-alcaldia-de-honolulu-veta-a-reportero\/\" \/>\n<meta property=\"og:site_name\" content=\"LatAm Journalism Review\" \/>\n<meta property=\"article:published_time\" content=\"2012-02-17T18:25:25+00:00\" \/>\n<meta property=\"article:modified_time\" content=\"2021-08-20T18:26:34+00:00\" \/>\n<meta name=\"author\" content=\"Summer Harlow\" \/>\n<meta name=\"twitter:card\" content=\"summary_large_image\" \/>\n<meta name=\"twitter:creator\" content=\"@LatAmJournalism\" \/>\n<meta name=\"twitter:site\" content=\"@LatAmJournalism\" \/>\n<meta name=\"twitter:label1\" content=\"Written by\" \/>\n\t<meta name=\"twitter:data1\" content=\"Summer Harlow\" \/>\n\t<meta name=\"twitter:label2\" content=\"Est. reading time\" \/>\n\t<meta name=\"twitter:data2\" content=\"1 minuto\" \/>\n<script type=\"application\/ld+json\" class=\"yoast-schema-graph\">{\"@context\":\"https:\\\/\\\/schema.org\",\"@graph\":[{\"@type\":\"Article\",\"@id\":\"https:\\\/\\\/latamjournalismreview.org\\\/es\\\/articles\\\/candidato-a-la-alcaldia-de-honolulu-veta-a-reportero\\\/#article\",\"isPartOf\":{\"@id\":\"https:\\\/\\\/latamjournalismreview.org\\\/es\\\/articles\\\/candidato-a-la-alcaldia-de-honolulu-veta-a-reportero\\\/\"},\"author\":{\"name\":\"Summer Harlow\",\"@id\":\"https:\\\/\\\/latamjournalismreview.org\\\/es\\\/#\\\/schema\\\/person\\\/571a4b578ae1200d03b8c555e5e75663\"},\"headline\":\"Candidato a la alcald\u00eda de Honolulu veta a reportero\",\"datePublished\":\"2012-02-17T18:25:25+00:00\",\"dateModified\":\"2021-08-20T18:26:34+00:00\",\"mainEntityOfPage\":{\"@id\":\"https:\\\/\\\/latamjournalismreview.org\\\/es\\\/articles\\\/candidato-a-la-alcaldia-de-honolulu-veta-a-reportero\\\/\"},\"wordCount\":244,\"publisher\":{\"@id\":\"https:\\\/\\\/latamjournalismreview.org\\\/es\\\/#organization\"},\"keywords\":[\"Acceso a la informaci\u00f3n\",\"Elecciones\"],\"articleSection\":[\"Libertad de prensa\"],\"inLanguage\":\"es\"},{\"@type\":\"WebPage\",\"@id\":\"https:\\\/\\\/latamjournalismreview.org\\\/es\\\/articles\\\/candidato-a-la-alcaldia-de-honolulu-veta-a-reportero\\\/\",\"url\":\"https:\\\/\\\/latamjournalismreview.org\\\/es\\\/articles\\\/candidato-a-la-alcaldia-de-honolulu-veta-a-reportero\\\/\",\"name\":\"Candidato a la alcald\u00eda de Honolulu veta a reportero - LatAm Journalism Review\",\"isPartOf\":{\"@id\":\"https:\\\/\\\/latamjournalismreview.org\\\/es\\\/#website\"},\"datePublished\":\"2012-02-17T18:25:25+00:00\",\"dateModified\":\"2021-08-20T18:26:34+00:00\",\"description\":\"Candidato a la alcald\u00eda de Honolulu veta a reportero Libertad de prensa. Latin American Journalism Review by The Knight Center at The University of Texas at Austin.\",\"breadcrumb\":{\"@id\":\"https:\\\/\\\/latamjournalismreview.org\\\/es\\\/articles\\\/candidato-a-la-alcaldia-de-honolulu-veta-a-reportero\\\/#breadcrumb\"},\"inLanguage\":\"es\",\"potentialAction\":[{\"@type\":\"ReadAction\",\"target\":[\"https:\\\/\\\/latamjournalismreview.org\\\/es\\\/articles\\\/candidato-a-la-alcaldia-de-honolulu-veta-a-reportero\\\/\"]}]},{\"@type\":\"BreadcrumbList\",\"@id\":\"https:\\\/\\\/latamjournalismreview.org\\\/es\\\/articles\\\/candidato-a-la-alcaldia-de-honolulu-veta-a-reportero\\\/#breadcrumb\",\"itemListElement\":[{\"@type\":\"ListItem\",\"position\":1,\"name\":\"Home\",\"item\":\"https:\\\/\\\/latamjournalismreview.org\\\/es\\\/\"},{\"@type\":\"ListItem\",\"position\":2,\"name\":\"Candidato a la alcald\u00eda de Honolulu veta a reportero\"}]},{\"@type\":\"WebSite\",\"@id\":\"https:\\\/\\\/latamjournalismreview.org\\\/es\\\/#website\",\"url\":\"https:\\\/\\\/latamjournalismreview.org\\\/es\\\/\",\"name\":\"LatAm Journalism Review\",\"description\":\"Knight Center at The University of Texas\",\"publisher\":{\"@id\":\"https:\\\/\\\/latamjournalismreview.org\\\/es\\\/#organization\"},\"potentialAction\":[{\"@type\":\"SearchAction\",\"target\":{\"@type\":\"EntryPoint\",\"urlTemplate\":\"https:\\\/\\\/latamjournalismreview.org\\\/es\\\/?s={search_term_string}\"},\"query-input\":{\"@type\":\"PropertyValueSpecification\",\"valueRequired\":true,\"valueName\":\"search_term_string\"}}],\"inLanguage\":\"es\"},{\"@type\":\"Organization\",\"@id\":\"https:\\\/\\\/latamjournalismreview.org\\\/es\\\/#organization\",\"name\":\"LatAm Journalism Review\",\"url\":\"https:\\\/\\\/latamjournalismreview.org\\\/es\\\/\",\"logo\":{\"@type\":\"ImageObject\",\"inLanguage\":\"es\",\"@id\":\"https:\\\/\\\/latamjournalismreview.org\\\/es\\\/#\\\/schema\\\/logo\\\/image\\\/\",\"url\":\"https:\\\/\\\/latamjournalismreview.org\\\/wp-content\\\/uploads\\\/2020\\\/05\\\/knight-latAm-review-logo.svg\",\"contentUrl\":\"https:\\\/\\\/latamjournalismreview.org\\\/wp-content\\\/uploads\\\/2020\\\/05\\\/knight-latAm-review-logo.svg\",\"width\":\"1024\",\"height\":\"1024\",\"caption\":\"LatAm Journalism Review\"},\"image\":{\"@id\":\"https:\\\/\\\/latamjournalismreview.org\\\/es\\\/#\\\/schema\\\/logo\\\/image\\\/\"},\"sameAs\":[\"https:\\\/\\\/x.com\\\/LatAmJournalism\"]},{\"@type\":\"Person\",\"@id\":\"https:\\\/\\\/latamjournalismreview.org\\\/es\\\/#\\\/schema\\\/person\\\/571a4b578ae1200d03b8c555e5e75663\",\"name\":\"Summer Harlow\",\"url\":\"https:\\\/\\\/latamjournalismreview.org\\\/es\\\/articles\\\/author\\\/summer-harlow\\\/\"}]}<\/script>\n<!-- \/ Yoast SEO Premium plugin. -->","yoast_head_json":{"title":"Candidato a la alcald\u00eda de Honolulu veta a reportero - LatAm Journalism Review","description":"Candidato a la alcald\u00eda de Honolulu veta a reportero Libertad de prensa. Latin American Journalism Review by The Knight Center at The University of Texas at Austin.","robots":{"index":"index","follow":"follow","max-snippet":"max-snippet:-1","max-image-preview":"max-image-preview:large","max-video-preview":"max-video-preview:-1"},"canonical":"https:\/\/latamjournalismreview.org\/es\/articles\/candidato-a-la-alcaldia-de-honolulu-veta-a-reportero\/","og_locale":"es_ES","og_type":"article","og_title":"Candidato a la alcald\u00eda de Honolulu veta a reportero","og_description":"Candidato a la alcald\u00eda de Honolulu veta a reportero Libertad de prensa. Latin American Journalism Review by The Knight Center at The University of Texas at Austin.","og_url":"https:\/\/latamjournalismreview.org\/es\/articles\/candidato-a-la-alcaldia-de-honolulu-veta-a-reportero\/","og_site_name":"LatAm Journalism Review","article_published_time":"2012-02-17T18:25:25+00:00","article_modified_time":"2021-08-20T18:26:34+00:00","author":"Summer Harlow","twitter_card":"summary_large_image","twitter_creator":"@LatAmJournalism","twitter_site":"@LatAmJournalism","twitter_misc":{"Written by":"Summer Harlow","Est. reading time":"1 minuto"},"schema":{"@context":"https:\/\/schema.org","@graph":[{"@type":"Article","@id":"https:\/\/latamjournalismreview.org\/es\/articles\/candidato-a-la-alcaldia-de-honolulu-veta-a-reportero\/#article","isPartOf":{"@id":"https:\/\/latamjournalismreview.org\/es\/articles\/candidato-a-la-alcaldia-de-honolulu-veta-a-reportero\/"},"author":{"name":"Summer Harlow","@id":"https:\/\/latamjournalismreview.org\/es\/#\/schema\/person\/571a4b578ae1200d03b8c555e5e75663"},"headline":"Candidato a la alcald\u00eda de Honolulu veta a reportero","datePublished":"2012-02-17T18:25:25+00:00","dateModified":"2021-08-20T18:26:34+00:00","mainEntityOfPage":{"@id":"https:\/\/latamjournalismreview.org\/es\/articles\/candidato-a-la-alcaldia-de-honolulu-veta-a-reportero\/"},"wordCount":244,"publisher":{"@id":"https:\/\/latamjournalismreview.org\/es\/#organization"},"keywords":["Acceso a la informaci\u00f3n","Elecciones"],"articleSection":["Libertad de prensa"],"inLanguage":"es"},{"@type":"WebPage","@id":"https:\/\/latamjournalismreview.org\/es\/articles\/candidato-a-la-alcaldia-de-honolulu-veta-a-reportero\/","url":"https:\/\/latamjournalismreview.org\/es\/articles\/candidato-a-la-alcaldia-de-honolulu-veta-a-reportero\/","name":"Candidato a la alcald\u00eda de Honolulu veta a reportero - LatAm Journalism Review","isPartOf":{"@id":"https:\/\/latamjournalismreview.org\/es\/#website"},"datePublished":"2012-02-17T18:25:25+00:00","dateModified":"2021-08-20T18:26:34+00:00","description":"Candidato a la alcald\u00eda de Honolulu veta a reportero Libertad de prensa. Latin American Journalism Review by The Knight Center at The University of Texas at Austin.","breadcrumb":{"@id":"https:\/\/latamjournalismreview.org\/es\/articles\/candidato-a-la-alcaldia-de-honolulu-veta-a-reportero\/#breadcrumb"},"inLanguage":"es","potentialAction":[{"@type":"ReadAction","target":["https:\/\/latamjournalismreview.org\/es\/articles\/candidato-a-la-alcaldia-de-honolulu-veta-a-reportero\/"]}]},{"@type":"BreadcrumbList","@id":"https:\/\/latamjournalismreview.org\/es\/articles\/candidato-a-la-alcaldia-de-honolulu-veta-a-reportero\/#breadcrumb","itemListElement":[{"@type":"ListItem","position":1,"name":"Home","item":"https:\/\/latamjournalismreview.org\/es\/"},{"@type":"ListItem","position":2,"name":"Candidato a la alcald\u00eda de Honolulu veta a reportero"}]},{"@type":"WebSite","@id":"https:\/\/latamjournalismreview.org\/es\/#website","url":"https:\/\/latamjournalismreview.org\/es\/","name":"LatAm Journalism Review","description":"Knight Center at The University of Texas","publisher":{"@id":"https:\/\/latamjournalismreview.org\/es\/#organization"},"potentialAction":[{"@type":"SearchAction","target":{"@type":"EntryPoint","urlTemplate":"https:\/\/latamjournalismreview.org\/es\/?s={search_term_string}"},"query-input":{"@type":"PropertyValueSpecification","valueRequired":true,"valueName":"search_term_string"}}],"inLanguage":"es"},{"@type":"Organization","@id":"https:\/\/latamjournalismreview.org\/es\/#organization","name":"LatAm Journalism Review","url":"https:\/\/latamjournalismreview.org\/es\/","logo":{"@type":"ImageObject","inLanguage":"es","@id":"https:\/\/latamjournalismreview.org\/es\/#\/schema\/logo\/image\/","url":"https:\/\/latamjournalismreview.org\/wp-content\/uploads\/2020\/05\/knight-latAm-review-logo.svg","contentUrl":"https:\/\/latamjournalismreview.org\/wp-content\/uploads\/2020\/05\/knight-latAm-review-logo.svg","width":"1024","height":"1024","caption":"LatAm Journalism Review"},"image":{"@id":"https:\/\/latamjournalismreview.org\/es\/#\/schema\/logo\/image\/"},"sameAs":["https:\/\/x.com\/LatAmJournalism"]},{"@type":"Person","@id":"https:\/\/latamjournalismreview.org\/es\/#\/schema\/person\/571a4b578ae1200d03b8c555e5e75663","name":"Summer Harlow","url":"https:\/\/latamjournalismreview.org\/es\/articles\/author\/summer-harlow\/"}]}},"_links":{"self":[{"href":"https:\/\/latamjournalismreview.org\/es\/wp-json\/wp\/v2\/posts\/27098","targetHints":{"allow":["GET"]}}],"collection":[{"href":"https:\/\/latamjournalismreview.org\/es\/wp-json\/wp\/v2\/posts"}],"about":[{"href":"https:\/\/latamjournalismreview.org\/es\/wp-json\/wp\/v2\/types\/post"}],"author":[{"embeddable":true,"href":"https:\/\/latamjournalismreview.org\/es\/wp-json\/wp\/v2\/users\/41"}],"replies":[{"embeddable":true,"href":"https:\/\/latamjournalismreview.org\/es\/wp-json\/wp\/v2\/comments?post=27098"}],"version-history":[{"count":2,"href":"https:\/\/latamjournalismreview.org\/es\/wp-json\/wp\/v2\/posts\/27098\/revisions"}],"predecessor-version":[{"id":27101,"href":"https:\/\/latamjournalismreview.org\/es\/wp-json\/wp\/v2\/posts\/27098\/revisions\/27101"}],"wp:attachment":[{"href":"https:\/\/latamjournalismreview.org\/es\/wp-json\/wp\/v2\/media?parent=27098"}],"wp:term":[{"taxonomy":"category","embeddable":true,"href":"https:\/\/latamjournalismreview.org\/es\/wp-json\/wp\/v2\/categories?post=27098"},{"taxonomy":"post_tag","embeddable":true,"href":"https:\/\/latamjournalismreview.org\/es\/wp-json\/wp\/v2\/tags?post=27098"},{"taxonomy":"author","embeddable":true,"href":"https:\/\/latamjournalismreview.org\/es\/wp-json\/wp\/v2\/coauthors?post=27098"}],"curies":[{"name":"wp","href":"https:\/\/api.w.org\/{rel}","templated":true}]}}