{"id":27352,"date":"2012-02-07T19:59:55","date_gmt":"2012-02-08T00:59:55","guid":{"rendered":"https:\/\/latamjournalismreview.org\/?p=27352"},"modified":"2021-08-21T20:00:54","modified_gmt":"2021-08-22T01:00:54","slug":"entra-en-vigor-ley-que-impide-a-periodistas-publicar-informacion-sobre-elecciones-en-ecuador","status":"publish","type":"post","link":"https:\/\/latamjournalismreview.org\/es\/articles\/entra-en-vigor-ley-que-impide-a-periodistas-publicar-informacion-sobre-elecciones-en-ecuador\/","title":{"rendered":"Entra en vigor ley que impide a periodistas publicar informaci\u00f3n sobre elecciones en Ecuador"},"content":{"rendered":"<p>La\u00a0<a href=\"http:\/\/andes.info.ec\/politica\/reformas-electorales-entran-en-vigencia-desde-hoy-138186.html\" target=\"_blank\" rel=\"noopener\">ley que limita que periodistas cubran cualquier tipo de informaci\u00f3n sobre las elecciones en Ecuador<\/a>\u00a0entr\u00f3 en vigencia el s\u00e1bado 4 de febrero de 2012, inform\u00f3 la empresa informativa Agencia de Noticias del Ecuador y Sudam\u00e9rica (ANDES).<\/p>\n<p>La ley, que fue propuesta por el presidente ecuatoriano Rafael Correa y que\u00a0<a href=\"http:\/\/knightcenter.utexas.edu\/es\/blog\/cpj-publica-informe-criticando-el-deterioro-de-la-libertad-de-prensa-bajo-el-mandato-de-correa\" target=\"_blank\" rel=\"noopener\">ha sido altamente criticada<\/a>, dice que\u00a0<a href=\"https:\/\/knightcenter.utexas.edu\/es\/blog\/aprueban-ley-electoral-en-ecuador-que-censura-medios-de-comunicacion\" target=\"_blank\" rel=\"noopener\">los medios tendr\u00e1n que abstenerse de promover, directa o indirectamente, mensajes favorables o perjudiciales acerca de los candidatos<\/a>\u00a0o de tesis pol\u00edtica.<\/p>\n<p>El\u00a0<a href=\"http:\/\/www.bbc.co.uk\/mundo\/ultimas_noticias\/2012\/02\/120206_ultnot_ecuador_prensa_ley_cch.shtml\" target=\"_blank\" rel=\"noopener\">presidente Correa ha defendido la ley<\/a>\u00a0diciendo que as\u00ed se \u201cevitar\u00e1 que los medios se conviertan en actores pol\u00edticos\", algo que el presidente ecuatoriano asegura es lo que pasa actualmente, inform\u00f3 el noticiero BBC Mundo.<\/p>\n<p>Por otro lado, los gremios period\u00edsticos y de derechos humanos\u00a0<a href=\"http:\/\/www.eltiempo.com\/mundo\/latinoamerica\/leyes-mordaza-en-ecuador-y-en-honduras_11075461-4\" target=\"_blank\" rel=\"noopener\">reclaman que la ley es<br \/>\nun \"permanente hostigamiento oficial para controlar la libertad de expresi\u00f3n\u201d<\/a>, seg\u00fan explic\u00f3 el diario colombiano El Tiempo.<\/p>\n<p>De hecho,\u00a0<a href=\"http:\/\/www.abc.es\/agencias\/noticia.asp?noticia=1096899\" target=\"_blank\" rel=\"noopener\">asociaciones period\u00edsticas en Ecuador ya han presentado demandas ante la Corte Constitucional<\/a>\u00a0alegando que las reformas a la ley electoral violan la Carta Magna del pa\u00eds, de acuerdo al diario de Espa\u00f1a ABC.<\/p>\n<p>Seg\u00fan la revista mexicana Etc\u00e9tera, uno de los representantes que ha presentado este tipo de demandas, el presidente de la Uni\u00f3n Nacional de Periodistas (UNP) de Ecuador, Vicente Ord\u00f3\u00f1ez, declar\u00f3 que\u00a0<a href=\"http:\/\/www.etcetera.com.mx\/articulo.php?articulo=11375\" target=\"_blank\" rel=\"noopener\">esta ley \"afecta el derecho de los periodistas a informar<\/a>\u00a0y de los ciudadanos a estar informados sobre sus candidatos\u201d.<\/p>\n","protected":false},"excerpt":{"rendered":"<p>La\u00a0ley que limita que periodistas cubran cualquier tipo de informaci\u00f3n sobre las elecciones en Ecuador\u00a0entr\u00f3 en vigencia el s\u00e1bado 4 de febrero de 2012, inform\u00f3 la empresa informativa Agencia de Noticias del Ecuador y Sudam\u00e9rica (ANDES).<\/p>\n","protected":false},"author":40,"featured_media":0,"comment_status":"closed","ping_status":"closed","sticky":false,"template":"","format":"standard","meta":{"inline_featured_image":false,"footnotes":""},"categories":[1220],"tags":[1404],"coauthors":[],"class_list":["post-27352","post","type-post","status-publish","format-standard","hentry","category-libertad-de-prensa-es","tag-censura-es"],"acf":[],"yoast_head":"<!-- This site is optimized with the Yoast SEO Premium plugin v22.6 (Yoast SEO v27.4) - https:\/\/yoast.com\/product\/yoast-seo-premium-wordpress\/ -->\n<title>Entra en vigor ley que impide a periodistas publicar informaci\u00f3n sobre elecciones en Ecuador - LatAm Journalism Review<\/title>\n<meta name=\"description\" content=\"Entra en vigor ley que impide a periodistas publicar informaci\u00f3n sobre elecciones en Ecuador Libertad de prensa. Latin American Journalism Review by The Knight Center at The University of Texas at Austin.\" \/>\n<meta name=\"robots\" content=\"index, follow, max-snippet:-1, max-image-preview:large, max-video-preview:-1\" \/>\n<link rel=\"canonical\" href=\"https:\/\/latamjournalismreview.org\/es\/articles\/entra-en-vigor-ley-que-impide-a-periodistas-publicar-informacion-sobre-elecciones-en-ecuador\/\" \/>\n<meta property=\"og:locale\" content=\"es_ES\" \/>\n<meta property=\"og:type\" content=\"article\" \/>\n<meta property=\"og:title\" content=\"Entra en vigor ley que impide a periodistas publicar informaci\u00f3n sobre elecciones en Ecuador\" \/>\n<meta property=\"og:description\" content=\"Entra en vigor ley que impide a periodistas publicar informaci\u00f3n sobre elecciones en Ecuador Libertad de prensa. Latin American Journalism Review by The Knight Center at The University of Texas at Austin.\" \/>\n<meta property=\"og:url\" content=\"https:\/\/latamjournalismreview.org\/es\/articles\/entra-en-vigor-ley-que-impide-a-periodistas-publicar-informacion-sobre-elecciones-en-ecuador\/\" \/>\n<meta property=\"og:site_name\" content=\"LatAm Journalism Review\" \/>\n<meta property=\"article:published_time\" content=\"2012-02-08T00:59:55+00:00\" \/>\n<meta property=\"article:modified_time\" content=\"2021-08-22T01:00:54+00:00\" \/>\n<meta name=\"author\" content=\"Tania Lara\" \/>\n<meta name=\"twitter:card\" content=\"summary_large_image\" \/>\n<meta name=\"twitter:creator\" content=\"@LatAmJournalism\" \/>\n<meta name=\"twitter:site\" content=\"@LatAmJournalism\" \/>\n<meta name=\"twitter:label1\" content=\"Written by\" \/>\n\t<meta name=\"twitter:data1\" content=\"Tania Lara\" \/>\n\t<meta name=\"twitter:label2\" content=\"Est. reading time\" \/>\n\t<meta name=\"twitter:data2\" content=\"1 minuto\" \/>\n<script type=\"application\/ld+json\" class=\"yoast-schema-graph\">{\"@context\":\"https:\\\/\\\/schema.org\",\"@graph\":[{\"@type\":\"Article\",\"@id\":\"https:\\\/\\\/latamjournalismreview.org\\\/es\\\/articles\\\/entra-en-vigor-ley-que-impide-a-periodistas-publicar-informacion-sobre-elecciones-en-ecuador\\\/#article\",\"isPartOf\":{\"@id\":\"https:\\\/\\\/latamjournalismreview.org\\\/es\\\/articles\\\/entra-en-vigor-ley-que-impide-a-periodistas-publicar-informacion-sobre-elecciones-en-ecuador\\\/\"},\"author\":{\"name\":\"Tania Lara\",\"@id\":\"https:\\\/\\\/latamjournalismreview.org\\\/es\\\/#\\\/schema\\\/person\\\/51558925140f21242c6ed2d20b8260c5\"},\"headline\":\"Entra en vigor ley que impide a periodistas publicar informaci\u00f3n sobre elecciones en Ecuador\",\"datePublished\":\"2012-02-08T00:59:55+00:00\",\"dateModified\":\"2021-08-22T01:00:54+00:00\",\"mainEntityOfPage\":{\"@id\":\"https:\\\/\\\/latamjournalismreview.org\\\/es\\\/articles\\\/entra-en-vigor-ley-que-impide-a-periodistas-publicar-informacion-sobre-elecciones-en-ecuador\\\/\"},\"wordCount\":262,\"publisher\":{\"@id\":\"https:\\\/\\\/latamjournalismreview.org\\\/es\\\/#organization\"},\"keywords\":[\"Censura\"],\"articleSection\":[\"Libertad de prensa\"],\"inLanguage\":\"es\"},{\"@type\":\"WebPage\",\"@id\":\"https:\\\/\\\/latamjournalismreview.org\\\/es\\\/articles\\\/entra-en-vigor-ley-que-impide-a-periodistas-publicar-informacion-sobre-elecciones-en-ecuador\\\/\",\"url\":\"https:\\\/\\\/latamjournalismreview.org\\\/es\\\/articles\\\/entra-en-vigor-ley-que-impide-a-periodistas-publicar-informacion-sobre-elecciones-en-ecuador\\\/\",\"name\":\"Entra en vigor ley que impide a periodistas publicar informaci\u00f3n sobre elecciones en Ecuador - LatAm Journalism Review\",\"isPartOf\":{\"@id\":\"https:\\\/\\\/latamjournalismreview.org\\\/es\\\/#website\"},\"datePublished\":\"2012-02-08T00:59:55+00:00\",\"dateModified\":\"2021-08-22T01:00:54+00:00\",\"description\":\"Entra en vigor ley que impide a periodistas publicar informaci\u00f3n sobre elecciones en Ecuador Libertad de prensa. Latin American Journalism Review by The Knight Center at The University of Texas at Austin.\",\"breadcrumb\":{\"@id\":\"https:\\\/\\\/latamjournalismreview.org\\\/es\\\/articles\\\/entra-en-vigor-ley-que-impide-a-periodistas-publicar-informacion-sobre-elecciones-en-ecuador\\\/#breadcrumb\"},\"inLanguage\":\"es\",\"potentialAction\":[{\"@type\":\"ReadAction\",\"target\":[\"https:\\\/\\\/latamjournalismreview.org\\\/es\\\/articles\\\/entra-en-vigor-ley-que-impide-a-periodistas-publicar-informacion-sobre-elecciones-en-ecuador\\\/\"]}]},{\"@type\":\"BreadcrumbList\",\"@id\":\"https:\\\/\\\/latamjournalismreview.org\\\/es\\\/articles\\\/entra-en-vigor-ley-que-impide-a-periodistas-publicar-informacion-sobre-elecciones-en-ecuador\\\/#breadcrumb\",\"itemListElement\":[{\"@type\":\"ListItem\",\"position\":1,\"name\":\"Home\",\"item\":\"https:\\\/\\\/latamjournalismreview.org\\\/es\\\/\"},{\"@type\":\"ListItem\",\"position\":2,\"name\":\"Entra en vigor ley que impide a periodistas publicar informaci\u00f3n sobre elecciones en Ecuador\"}]},{\"@type\":\"WebSite\",\"@id\":\"https:\\\/\\\/latamjournalismreview.org\\\/es\\\/#website\",\"url\":\"https:\\\/\\\/latamjournalismreview.org\\\/es\\\/\",\"name\":\"LatAm Journalism Review\",\"description\":\"Knight Center at The University of Texas\",\"publisher\":{\"@id\":\"https:\\\/\\\/latamjournalismreview.org\\\/es\\\/#organization\"},\"potentialAction\":[{\"@type\":\"SearchAction\",\"target\":{\"@type\":\"EntryPoint\",\"urlTemplate\":\"https:\\\/\\\/latamjournalismreview.org\\\/es\\\/?s={search_term_string}\"},\"query-input\":{\"@type\":\"PropertyValueSpecification\",\"valueRequired\":true,\"valueName\":\"search_term_string\"}}],\"inLanguage\":\"es\"},{\"@type\":\"Organization\",\"@id\":\"https:\\\/\\\/latamjournalismreview.org\\\/es\\\/#organization\",\"name\":\"LatAm Journalism Review\",\"url\":\"https:\\\/\\\/latamjournalismreview.org\\\/es\\\/\",\"logo\":{\"@type\":\"ImageObject\",\"inLanguage\":\"es\",\"@id\":\"https:\\\/\\\/latamjournalismreview.org\\\/es\\\/#\\\/schema\\\/logo\\\/image\\\/\",\"url\":\"https:\\\/\\\/latamjournalismreview.org\\\/wp-content\\\/uploads\\\/2020\\\/05\\\/knight-latAm-review-logo.svg\",\"contentUrl\":\"https:\\\/\\\/latamjournalismreview.org\\\/wp-content\\\/uploads\\\/2020\\\/05\\\/knight-latAm-review-logo.svg\",\"width\":\"1024\",\"height\":\"1024\",\"caption\":\"LatAm Journalism Review\"},\"image\":{\"@id\":\"https:\\\/\\\/latamjournalismreview.org\\\/es\\\/#\\\/schema\\\/logo\\\/image\\\/\"},\"sameAs\":[\"https:\\\/\\\/x.com\\\/LatAmJournalism\"]},{\"@type\":\"Person\",\"@id\":\"https:\\\/\\\/latamjournalismreview.org\\\/es\\\/#\\\/schema\\\/person\\\/51558925140f21242c6ed2d20b8260c5\",\"name\":\"Tania Lara\",\"url\":\"https:\\\/\\\/latamjournalismreview.org\\\/es\\\/articles\\\/author\\\/tania-lara\\\/\"}]}<\/script>\n<!-- \/ Yoast SEO Premium plugin. -->","yoast_head_json":{"title":"Entra en vigor ley que impide a periodistas publicar informaci\u00f3n sobre elecciones en Ecuador - LatAm Journalism Review","description":"Entra en vigor ley que impide a periodistas publicar informaci\u00f3n sobre elecciones en Ecuador Libertad de prensa. Latin American Journalism Review by The Knight Center at The University of Texas at Austin.","robots":{"index":"index","follow":"follow","max-snippet":"max-snippet:-1","max-image-preview":"max-image-preview:large","max-video-preview":"max-video-preview:-1"},"canonical":"https:\/\/latamjournalismreview.org\/es\/articles\/entra-en-vigor-ley-que-impide-a-periodistas-publicar-informacion-sobre-elecciones-en-ecuador\/","og_locale":"es_ES","og_type":"article","og_title":"Entra en vigor ley que impide a periodistas publicar informaci\u00f3n sobre elecciones en Ecuador","og_description":"Entra en vigor ley que impide a periodistas publicar informaci\u00f3n sobre elecciones en Ecuador Libertad de prensa. Latin American Journalism Review by The Knight Center at The University of Texas at Austin.","og_url":"https:\/\/latamjournalismreview.org\/es\/articles\/entra-en-vigor-ley-que-impide-a-periodistas-publicar-informacion-sobre-elecciones-en-ecuador\/","og_site_name":"LatAm Journalism Review","article_published_time":"2012-02-08T00:59:55+00:00","article_modified_time":"2021-08-22T01:00:54+00:00","author":"Tania Lara","twitter_card":"summary_large_image","twitter_creator":"@LatAmJournalism","twitter_site":"@LatAmJournalism","twitter_misc":{"Written by":"Tania Lara","Est. reading time":"1 minuto"},"schema":{"@context":"https:\/\/schema.org","@graph":[{"@type":"Article","@id":"https:\/\/latamjournalismreview.org\/es\/articles\/entra-en-vigor-ley-que-impide-a-periodistas-publicar-informacion-sobre-elecciones-en-ecuador\/#article","isPartOf":{"@id":"https:\/\/latamjournalismreview.org\/es\/articles\/entra-en-vigor-ley-que-impide-a-periodistas-publicar-informacion-sobre-elecciones-en-ecuador\/"},"author":{"name":"Tania Lara","@id":"https:\/\/latamjournalismreview.org\/es\/#\/schema\/person\/51558925140f21242c6ed2d20b8260c5"},"headline":"Entra en vigor ley que impide a periodistas publicar informaci\u00f3n sobre elecciones en Ecuador","datePublished":"2012-02-08T00:59:55+00:00","dateModified":"2021-08-22T01:00:54+00:00","mainEntityOfPage":{"@id":"https:\/\/latamjournalismreview.org\/es\/articles\/entra-en-vigor-ley-que-impide-a-periodistas-publicar-informacion-sobre-elecciones-en-ecuador\/"},"wordCount":262,"publisher":{"@id":"https:\/\/latamjournalismreview.org\/es\/#organization"},"keywords":["Censura"],"articleSection":["Libertad de prensa"],"inLanguage":"es"},{"@type":"WebPage","@id":"https:\/\/latamjournalismreview.org\/es\/articles\/entra-en-vigor-ley-que-impide-a-periodistas-publicar-informacion-sobre-elecciones-en-ecuador\/","url":"https:\/\/latamjournalismreview.org\/es\/articles\/entra-en-vigor-ley-que-impide-a-periodistas-publicar-informacion-sobre-elecciones-en-ecuador\/","name":"Entra en vigor ley que impide a periodistas publicar informaci\u00f3n sobre elecciones en Ecuador - LatAm Journalism Review","isPartOf":{"@id":"https:\/\/latamjournalismreview.org\/es\/#website"},"datePublished":"2012-02-08T00:59:55+00:00","dateModified":"2021-08-22T01:00:54+00:00","description":"Entra en vigor ley que impide a periodistas publicar informaci\u00f3n sobre elecciones en Ecuador Libertad de prensa. Latin American Journalism Review by The Knight Center at The University of Texas at Austin.","breadcrumb":{"@id":"https:\/\/latamjournalismreview.org\/es\/articles\/entra-en-vigor-ley-que-impide-a-periodistas-publicar-informacion-sobre-elecciones-en-ecuador\/#breadcrumb"},"inLanguage":"es","potentialAction":[{"@type":"ReadAction","target":["https:\/\/latamjournalismreview.org\/es\/articles\/entra-en-vigor-ley-que-impide-a-periodistas-publicar-informacion-sobre-elecciones-en-ecuador\/"]}]},{"@type":"BreadcrumbList","@id":"https:\/\/latamjournalismreview.org\/es\/articles\/entra-en-vigor-ley-que-impide-a-periodistas-publicar-informacion-sobre-elecciones-en-ecuador\/#breadcrumb","itemListElement":[{"@type":"ListItem","position":1,"name":"Home","item":"https:\/\/latamjournalismreview.org\/es\/"},{"@type":"ListItem","position":2,"name":"Entra en vigor ley que impide a periodistas publicar informaci\u00f3n sobre elecciones en Ecuador"}]},{"@type":"WebSite","@id":"https:\/\/latamjournalismreview.org\/es\/#website","url":"https:\/\/latamjournalismreview.org\/es\/","name":"LatAm Journalism Review","description":"Knight Center at The University of Texas","publisher":{"@id":"https:\/\/latamjournalismreview.org\/es\/#organization"},"potentialAction":[{"@type":"SearchAction","target":{"@type":"EntryPoint","urlTemplate":"https:\/\/latamjournalismreview.org\/es\/?s={search_term_string}"},"query-input":{"@type":"PropertyValueSpecification","valueRequired":true,"valueName":"search_term_string"}}],"inLanguage":"es"},{"@type":"Organization","@id":"https:\/\/latamjournalismreview.org\/es\/#organization","name":"LatAm Journalism Review","url":"https:\/\/latamjournalismreview.org\/es\/","logo":{"@type":"ImageObject","inLanguage":"es","@id":"https:\/\/latamjournalismreview.org\/es\/#\/schema\/logo\/image\/","url":"https:\/\/latamjournalismreview.org\/wp-content\/uploads\/2020\/05\/knight-latAm-review-logo.svg","contentUrl":"https:\/\/latamjournalismreview.org\/wp-content\/uploads\/2020\/05\/knight-latAm-review-logo.svg","width":"1024","height":"1024","caption":"LatAm Journalism Review"},"image":{"@id":"https:\/\/latamjournalismreview.org\/es\/#\/schema\/logo\/image\/"},"sameAs":["https:\/\/x.com\/LatAmJournalism"]},{"@type":"Person","@id":"https:\/\/latamjournalismreview.org\/es\/#\/schema\/person\/51558925140f21242c6ed2d20b8260c5","name":"Tania Lara","url":"https:\/\/latamjournalismreview.org\/es\/articles\/author\/tania-lara\/"}]}},"_links":{"self":[{"href":"https:\/\/latamjournalismreview.org\/es\/wp-json\/wp\/v2\/posts\/27352","targetHints":{"allow":["GET"]}}],"collection":[{"href":"https:\/\/latamjournalismreview.org\/es\/wp-json\/wp\/v2\/posts"}],"about":[{"href":"https:\/\/latamjournalismreview.org\/es\/wp-json\/wp\/v2\/types\/post"}],"author":[{"embeddable":true,"href":"https:\/\/latamjournalismreview.org\/es\/wp-json\/wp\/v2\/users\/40"}],"replies":[{"embeddable":true,"href":"https:\/\/latamjournalismreview.org\/es\/wp-json\/wp\/v2\/comments?post=27352"}],"version-history":[{"count":1,"href":"https:\/\/latamjournalismreview.org\/es\/wp-json\/wp\/v2\/posts\/27352\/revisions"}],"predecessor-version":[{"id":27354,"href":"https:\/\/latamjournalismreview.org\/es\/wp-json\/wp\/v2\/posts\/27352\/revisions\/27354"}],"wp:attachment":[{"href":"https:\/\/latamjournalismreview.org\/es\/wp-json\/wp\/v2\/media?parent=27352"}],"wp:term":[{"taxonomy":"category","embeddable":true,"href":"https:\/\/latamjournalismreview.org\/es\/wp-json\/wp\/v2\/categories?post=27352"},{"taxonomy":"post_tag","embeddable":true,"href":"https:\/\/latamjournalismreview.org\/es\/wp-json\/wp\/v2\/tags?post=27352"},{"taxonomy":"author","embeddable":true,"href":"https:\/\/latamjournalismreview.org\/es\/wp-json\/wp\/v2\/coauthors?post=27352"}],"curies":[{"name":"wp","href":"https:\/\/api.w.org\/{rel}","templated":true}]}}