{"id":27412,"date":"2012-02-06T21:35:27","date_gmt":"2012-02-07T02:35:27","guid":{"rendered":"https:\/\/latamjournalismreview.org\/?p=27412"},"modified":"2021-08-22T21:37:14","modified_gmt":"2021-08-23T02:37:14","slug":"policia-arresta-a-reportero-grafico-durante-desalojo-de-manifestantes-indignados-en-miami","status":"publish","type":"post","link":"https:\/\/latamjournalismreview.org\/es\/articles\/policia-arresta-a-reportero-grafico-durante-desalojo-de-manifestantes-indignados-en-miami\/","title":{"rendered":"Polic\u00eda arresta a reportero gr\u00e1fico durante desalojo de manifestantes \"indignados\" en Miami"},"content":{"rendered":"<p>En un nuevo ejemplo de por qu\u00e9\u00a0<a href=\"http:\/\/knightcenter.utexas.edu\/es\/blog\/chile-brasil-y-estados-unidos-caen-en-indice-mundial-de-libertad-de-prensa-por-represion-contra\" target=\"_blank\" rel=\"noopener\">Estados Unidos cay\u00f3 27 puestos en la clasificaci\u00f3n anual de libertad de prensa de Reporteros Sin Fronteras<\/a>, en Miami\u00a0<a href=\"http:\/\/www.pixiq.com\/article\/here-is-the-recovered-video-police-deleted-of-my-arrest\" target=\"_blank\" rel=\"noopener\">el reportero gr\u00e1fico Carlos Miller dijo que la polic\u00eda borr\u00f3 las im\u00e1genes en su c\u00e1mara<\/a>\u00a0cuando fue\u00a0<a href=\"http:\/\/blogs.miaminewtimes.com\/riptide\/2012\/02\/carlos_miller_arrested_for_pho.php\" target=\"_blank\" rel=\"noopener\">arrestado mientras cubr\u00eda el desalojo de manifestantes del movimiento Ocupa de la ciudad<\/a>, inform\u00f3 el Miami New Times.<\/p>\n<p>Ir\u00f3nicamente,\u00a0<a href=\"http:\/\/www.pixiq.com\/article\/miami-dade-cop-who-arrested-me-is-media-spokesperson\" target=\"_blank\" rel=\"noopener\">la oficial de polic\u00eda que arrest\u00f3 a Miller es una encargada de comunicaciones<\/a>, es decir, una persona cuya funci\u00f3n es trabajar con los medios, escribi\u00f3 el propio Miller en su blog,\u00a0<a href=\"http:\/\/www.pixiq.com\/contributors\/carlosmiller\" target=\"_blank\" rel=\"noopener\">La fotograf\u00eda no es un crimen<\/a>.<\/p>\n<p><a href=\"http:\/\/www.huffingtonpost.com\/2012\/02\/01\/occupy-miami-evicted-arrests_n_1246436.html\" target=\"_blank\" rel=\"noopener\">El reportero gr\u00e1fico fue detenido<\/a>\u00a0la noche del martes 31 de enero y fue acusado de resistirse al arresto, report\u00f3 el Huffington Post.<\/p>\n<p>Desde que comenzaron las protestas de los \"indignados\" en Estados Unidos,\u00a0<a href=\"http:\/\/storify.com\/jcstearns\/tracking-journalist-arrests-during-the-occupy-prot\" target=\"_blank\" rel=\"noopener\">44 periodistas han sido arrestados en 11 ciudades<\/a>, seg\u00fan un recuento en Storify.<\/p>\n<p><strong>Otras Noticias Relacionadas<\/strong><br \/>\n\u00bb Centro Knight<span>\u00a0(<a href=\"http:\/\/knightcenter.utexas.edu\/es\/blog\/periodistas-envian-segunda-carta-de-protesta-policia-de-nueva-york-por-trato-reporteros-que-cub\" target=\"_blank\" rel=\"noopener\">Periodistas env\u00edan segunda carta de protesta a polic\u00eda de Nueva York por trato a reporteros que cubren a \"indignados\"\u00a0<\/a>)<\/span><br \/>\n\u00bb Vanguardia<span>\u00a0(<a href=\"http:\/\/www.vanguardia.com.mx\/movimientosoccupyeneupodriansufrirrepresionesydesalojos-1209346.html\" target=\"_blank\" rel=\"noopener\">Movimientos Occupy en EU podr\u00edan sufrir represiones y desalojos<\/a>)<\/span><\/p>\n","protected":false},"excerpt":{"rendered":"<p>En un nuevo ejemplo de por qu\u00e9\u00a0Estados Unidos cay\u00f3 27 puestos en la clasificaci\u00f3n anual de libertad de prensa de Reporteros Sin Fronteras, en Miami\u00a0el reportero gr\u00e1fico Carlos Miller dijo que la polic\u00eda borr\u00f3 las im\u00e1genes en su c\u00e1mara\u00a0cuando fue\u00a0arrestado mientras cubr\u00eda el desalojo de manifestantes del movimiento Ocupa de la ciudad, inform\u00f3 el Miami New Times.<\/p>\n","protected":false},"author":41,"featured_media":0,"comment_status":"closed","ping_status":"closed","sticky":false,"template":"","format":"standard","meta":{"inline_featured_image":false,"footnotes":""},"categories":[1222],"tags":[1506],"coauthors":[],"class_list":["post-27412","post","type-post","status-publish","format-standard","hentry","category-violencia-contra-periodistas-es","tag-fotoperiodismo-es"],"acf":[],"yoast_head":"<!-- This site is optimized with the Yoast SEO Premium plugin v22.6 (Yoast SEO v27.4) - https:\/\/yoast.com\/product\/yoast-seo-premium-wordpress\/ -->\n<title>Polic\u00eda arresta a reportero gr\u00e1fico durante desalojo de manifestantes &quot;indignados&quot; en Miami - LatAm Journalism Review<\/title>\n<meta name=\"description\" content=\"Polic\u00eda arresta a reportero gr\u00e1fico durante desalojo de manifestantes &quot;indignados&quot; en Miami Violencia contra periodistas. Latin American Journalism Review by The Knight Center at The University of Texas at Austin.\" \/>\n<meta name=\"robots\" content=\"index, follow, max-snippet:-1, max-image-preview:large, max-video-preview:-1\" \/>\n<link rel=\"canonical\" href=\"https:\/\/latamjournalismreview.org\/es\/articles\/policia-arresta-a-reportero-grafico-durante-desalojo-de-manifestantes-indignados-en-miami\/\" \/>\n<meta property=\"og:locale\" content=\"es_ES\" \/>\n<meta property=\"og:type\" content=\"article\" \/>\n<meta property=\"og:title\" content=\"Polic\u00eda arresta a reportero gr\u00e1fico durante desalojo de manifestantes &quot;indignados&quot; en Miami\" \/>\n<meta property=\"og:description\" content=\"Polic\u00eda arresta a reportero gr\u00e1fico durante desalojo de manifestantes &quot;indignados&quot; en Miami Violencia contra periodistas. Latin American Journalism Review by The Knight Center at The University of Texas at Austin.\" \/>\n<meta property=\"og:url\" content=\"https:\/\/latamjournalismreview.org\/es\/articles\/policia-arresta-a-reportero-grafico-durante-desalojo-de-manifestantes-indignados-en-miami\/\" \/>\n<meta property=\"og:site_name\" content=\"LatAm Journalism Review\" \/>\n<meta property=\"article:published_time\" content=\"2012-02-07T02:35:27+00:00\" \/>\n<meta property=\"article:modified_time\" content=\"2021-08-23T02:37:14+00:00\" \/>\n<meta name=\"author\" content=\"Summer Harlow\" \/>\n<meta name=\"twitter:card\" content=\"summary_large_image\" \/>\n<meta name=\"twitter:creator\" content=\"@LatAmJournalism\" \/>\n<meta name=\"twitter:site\" content=\"@LatAmJournalism\" \/>\n<meta name=\"twitter:label1\" content=\"Written by\" \/>\n\t<meta name=\"twitter:data1\" content=\"Summer Harlow\" \/>\n\t<meta name=\"twitter:label2\" content=\"Est. reading time\" \/>\n\t<meta name=\"twitter:data2\" content=\"1 minuto\" \/>\n<script type=\"application\/ld+json\" class=\"yoast-schema-graph\">{\"@context\":\"https:\\\/\\\/schema.org\",\"@graph\":[{\"@type\":\"Article\",\"@id\":\"https:\\\/\\\/latamjournalismreview.org\\\/es\\\/articles\\\/policia-arresta-a-reportero-grafico-durante-desalojo-de-manifestantes-indignados-en-miami\\\/#article\",\"isPartOf\":{\"@id\":\"https:\\\/\\\/latamjournalismreview.org\\\/es\\\/articles\\\/policia-arresta-a-reportero-grafico-durante-desalojo-de-manifestantes-indignados-en-miami\\\/\"},\"author\":{\"name\":\"Summer Harlow\",\"@id\":\"https:\\\/\\\/latamjournalismreview.org\\\/es\\\/#\\\/schema\\\/person\\\/571a4b578ae1200d03b8c555e5e75663\"},\"headline\":\"Polic\u00eda arresta a reportero gr\u00e1fico durante desalojo de manifestantes \\\"indignados\\\" en Miami\",\"datePublished\":\"2012-02-07T02:35:27+00:00\",\"dateModified\":\"2021-08-23T02:37:14+00:00\",\"mainEntityOfPage\":{\"@id\":\"https:\\\/\\\/latamjournalismreview.org\\\/es\\\/articles\\\/policia-arresta-a-reportero-grafico-durante-desalojo-de-manifestantes-indignados-en-miami\\\/\"},\"wordCount\":205,\"publisher\":{\"@id\":\"https:\\\/\\\/latamjournalismreview.org\\\/es\\\/#organization\"},\"keywords\":[\"Fotoperiodismo\"],\"articleSection\":[\"Violencia contra periodistas\"],\"inLanguage\":\"es\"},{\"@type\":\"WebPage\",\"@id\":\"https:\\\/\\\/latamjournalismreview.org\\\/es\\\/articles\\\/policia-arresta-a-reportero-grafico-durante-desalojo-de-manifestantes-indignados-en-miami\\\/\",\"url\":\"https:\\\/\\\/latamjournalismreview.org\\\/es\\\/articles\\\/policia-arresta-a-reportero-grafico-durante-desalojo-de-manifestantes-indignados-en-miami\\\/\",\"name\":\"Polic\u00eda arresta a reportero gr\u00e1fico durante desalojo de manifestantes \\\"indignados\\\" en Miami - LatAm Journalism Review\",\"isPartOf\":{\"@id\":\"https:\\\/\\\/latamjournalismreview.org\\\/es\\\/#website\"},\"datePublished\":\"2012-02-07T02:35:27+00:00\",\"dateModified\":\"2021-08-23T02:37:14+00:00\",\"description\":\"Polic\u00eda arresta a reportero gr\u00e1fico durante desalojo de manifestantes \\\"indignados\\\" en Miami Violencia contra periodistas. Latin American Journalism Review by The Knight Center at The University of Texas at Austin.\",\"breadcrumb\":{\"@id\":\"https:\\\/\\\/latamjournalismreview.org\\\/es\\\/articles\\\/policia-arresta-a-reportero-grafico-durante-desalojo-de-manifestantes-indignados-en-miami\\\/#breadcrumb\"},\"inLanguage\":\"es\",\"potentialAction\":[{\"@type\":\"ReadAction\",\"target\":[\"https:\\\/\\\/latamjournalismreview.org\\\/es\\\/articles\\\/policia-arresta-a-reportero-grafico-durante-desalojo-de-manifestantes-indignados-en-miami\\\/\"]}]},{\"@type\":\"BreadcrumbList\",\"@id\":\"https:\\\/\\\/latamjournalismreview.org\\\/es\\\/articles\\\/policia-arresta-a-reportero-grafico-durante-desalojo-de-manifestantes-indignados-en-miami\\\/#breadcrumb\",\"itemListElement\":[{\"@type\":\"ListItem\",\"position\":1,\"name\":\"Home\",\"item\":\"https:\\\/\\\/latamjournalismreview.org\\\/es\\\/\"},{\"@type\":\"ListItem\",\"position\":2,\"name\":\"Polic\u00eda arresta a reportero gr\u00e1fico durante desalojo de manifestantes \\\"indignados\\\" en Miami\"}]},{\"@type\":\"WebSite\",\"@id\":\"https:\\\/\\\/latamjournalismreview.org\\\/es\\\/#website\",\"url\":\"https:\\\/\\\/latamjournalismreview.org\\\/es\\\/\",\"name\":\"LatAm Journalism Review\",\"description\":\"Knight Center at The University of Texas\",\"publisher\":{\"@id\":\"https:\\\/\\\/latamjournalismreview.org\\\/es\\\/#organization\"},\"potentialAction\":[{\"@type\":\"SearchAction\",\"target\":{\"@type\":\"EntryPoint\",\"urlTemplate\":\"https:\\\/\\\/latamjournalismreview.org\\\/es\\\/?s={search_term_string}\"},\"query-input\":{\"@type\":\"PropertyValueSpecification\",\"valueRequired\":true,\"valueName\":\"search_term_string\"}}],\"inLanguage\":\"es\"},{\"@type\":\"Organization\",\"@id\":\"https:\\\/\\\/latamjournalismreview.org\\\/es\\\/#organization\",\"name\":\"LatAm Journalism Review\",\"url\":\"https:\\\/\\\/latamjournalismreview.org\\\/es\\\/\",\"logo\":{\"@type\":\"ImageObject\",\"inLanguage\":\"es\",\"@id\":\"https:\\\/\\\/latamjournalismreview.org\\\/es\\\/#\\\/schema\\\/logo\\\/image\\\/\",\"url\":\"https:\\\/\\\/latamjournalismreview.org\\\/wp-content\\\/uploads\\\/2020\\\/05\\\/knight-latAm-review-logo.svg\",\"contentUrl\":\"https:\\\/\\\/latamjournalismreview.org\\\/wp-content\\\/uploads\\\/2020\\\/05\\\/knight-latAm-review-logo.svg\",\"width\":\"1024\",\"height\":\"1024\",\"caption\":\"LatAm Journalism Review\"},\"image\":{\"@id\":\"https:\\\/\\\/latamjournalismreview.org\\\/es\\\/#\\\/schema\\\/logo\\\/image\\\/\"},\"sameAs\":[\"https:\\\/\\\/x.com\\\/LatAmJournalism\"]},{\"@type\":\"Person\",\"@id\":\"https:\\\/\\\/latamjournalismreview.org\\\/es\\\/#\\\/schema\\\/person\\\/571a4b578ae1200d03b8c555e5e75663\",\"name\":\"Summer Harlow\",\"url\":\"https:\\\/\\\/latamjournalismreview.org\\\/es\\\/articles\\\/author\\\/summer-harlow\\\/\"}]}<\/script>\n<!-- \/ Yoast SEO Premium plugin. -->","yoast_head_json":{"title":"Polic\u00eda arresta a reportero gr\u00e1fico durante desalojo de manifestantes \"indignados\" en Miami - LatAm Journalism Review","description":"Polic\u00eda arresta a reportero gr\u00e1fico durante desalojo de manifestantes \"indignados\" en Miami Violencia contra periodistas. Latin American Journalism Review by The Knight Center at The University of Texas at Austin.","robots":{"index":"index","follow":"follow","max-snippet":"max-snippet:-1","max-image-preview":"max-image-preview:large","max-video-preview":"max-video-preview:-1"},"canonical":"https:\/\/latamjournalismreview.org\/es\/articles\/policia-arresta-a-reportero-grafico-durante-desalojo-de-manifestantes-indignados-en-miami\/","og_locale":"es_ES","og_type":"article","og_title":"Polic\u00eda arresta a reportero gr\u00e1fico durante desalojo de manifestantes \"indignados\" en Miami","og_description":"Polic\u00eda arresta a reportero gr\u00e1fico durante desalojo de manifestantes \"indignados\" en Miami Violencia contra periodistas. Latin American Journalism Review by The Knight Center at The University of Texas at Austin.","og_url":"https:\/\/latamjournalismreview.org\/es\/articles\/policia-arresta-a-reportero-grafico-durante-desalojo-de-manifestantes-indignados-en-miami\/","og_site_name":"LatAm Journalism Review","article_published_time":"2012-02-07T02:35:27+00:00","article_modified_time":"2021-08-23T02:37:14+00:00","author":"Summer Harlow","twitter_card":"summary_large_image","twitter_creator":"@LatAmJournalism","twitter_site":"@LatAmJournalism","twitter_misc":{"Written by":"Summer Harlow","Est. reading time":"1 minuto"},"schema":{"@context":"https:\/\/schema.org","@graph":[{"@type":"Article","@id":"https:\/\/latamjournalismreview.org\/es\/articles\/policia-arresta-a-reportero-grafico-durante-desalojo-de-manifestantes-indignados-en-miami\/#article","isPartOf":{"@id":"https:\/\/latamjournalismreview.org\/es\/articles\/policia-arresta-a-reportero-grafico-durante-desalojo-de-manifestantes-indignados-en-miami\/"},"author":{"name":"Summer Harlow","@id":"https:\/\/latamjournalismreview.org\/es\/#\/schema\/person\/571a4b578ae1200d03b8c555e5e75663"},"headline":"Polic\u00eda arresta a reportero gr\u00e1fico durante desalojo de manifestantes \"indignados\" en Miami","datePublished":"2012-02-07T02:35:27+00:00","dateModified":"2021-08-23T02:37:14+00:00","mainEntityOfPage":{"@id":"https:\/\/latamjournalismreview.org\/es\/articles\/policia-arresta-a-reportero-grafico-durante-desalojo-de-manifestantes-indignados-en-miami\/"},"wordCount":205,"publisher":{"@id":"https:\/\/latamjournalismreview.org\/es\/#organization"},"keywords":["Fotoperiodismo"],"articleSection":["Violencia contra periodistas"],"inLanguage":"es"},{"@type":"WebPage","@id":"https:\/\/latamjournalismreview.org\/es\/articles\/policia-arresta-a-reportero-grafico-durante-desalojo-de-manifestantes-indignados-en-miami\/","url":"https:\/\/latamjournalismreview.org\/es\/articles\/policia-arresta-a-reportero-grafico-durante-desalojo-de-manifestantes-indignados-en-miami\/","name":"Polic\u00eda arresta a reportero gr\u00e1fico durante desalojo de manifestantes \"indignados\" en Miami - LatAm Journalism Review","isPartOf":{"@id":"https:\/\/latamjournalismreview.org\/es\/#website"},"datePublished":"2012-02-07T02:35:27+00:00","dateModified":"2021-08-23T02:37:14+00:00","description":"Polic\u00eda arresta a reportero gr\u00e1fico durante desalojo de manifestantes \"indignados\" en Miami Violencia contra periodistas. Latin American Journalism Review by The Knight Center at The University of Texas at Austin.","breadcrumb":{"@id":"https:\/\/latamjournalismreview.org\/es\/articles\/policia-arresta-a-reportero-grafico-durante-desalojo-de-manifestantes-indignados-en-miami\/#breadcrumb"},"inLanguage":"es","potentialAction":[{"@type":"ReadAction","target":["https:\/\/latamjournalismreview.org\/es\/articles\/policia-arresta-a-reportero-grafico-durante-desalojo-de-manifestantes-indignados-en-miami\/"]}]},{"@type":"BreadcrumbList","@id":"https:\/\/latamjournalismreview.org\/es\/articles\/policia-arresta-a-reportero-grafico-durante-desalojo-de-manifestantes-indignados-en-miami\/#breadcrumb","itemListElement":[{"@type":"ListItem","position":1,"name":"Home","item":"https:\/\/latamjournalismreview.org\/es\/"},{"@type":"ListItem","position":2,"name":"Polic\u00eda arresta a reportero gr\u00e1fico durante desalojo de manifestantes \"indignados\" en Miami"}]},{"@type":"WebSite","@id":"https:\/\/latamjournalismreview.org\/es\/#website","url":"https:\/\/latamjournalismreview.org\/es\/","name":"LatAm Journalism Review","description":"Knight Center at The University of Texas","publisher":{"@id":"https:\/\/latamjournalismreview.org\/es\/#organization"},"potentialAction":[{"@type":"SearchAction","target":{"@type":"EntryPoint","urlTemplate":"https:\/\/latamjournalismreview.org\/es\/?s={search_term_string}"},"query-input":{"@type":"PropertyValueSpecification","valueRequired":true,"valueName":"search_term_string"}}],"inLanguage":"es"},{"@type":"Organization","@id":"https:\/\/latamjournalismreview.org\/es\/#organization","name":"LatAm Journalism Review","url":"https:\/\/latamjournalismreview.org\/es\/","logo":{"@type":"ImageObject","inLanguage":"es","@id":"https:\/\/latamjournalismreview.org\/es\/#\/schema\/logo\/image\/","url":"https:\/\/latamjournalismreview.org\/wp-content\/uploads\/2020\/05\/knight-latAm-review-logo.svg","contentUrl":"https:\/\/latamjournalismreview.org\/wp-content\/uploads\/2020\/05\/knight-latAm-review-logo.svg","width":"1024","height":"1024","caption":"LatAm Journalism Review"},"image":{"@id":"https:\/\/latamjournalismreview.org\/es\/#\/schema\/logo\/image\/"},"sameAs":["https:\/\/x.com\/LatAmJournalism"]},{"@type":"Person","@id":"https:\/\/latamjournalismreview.org\/es\/#\/schema\/person\/571a4b578ae1200d03b8c555e5e75663","name":"Summer Harlow","url":"https:\/\/latamjournalismreview.org\/es\/articles\/author\/summer-harlow\/"}]}},"_links":{"self":[{"href":"https:\/\/latamjournalismreview.org\/es\/wp-json\/wp\/v2\/posts\/27412","targetHints":{"allow":["GET"]}}],"collection":[{"href":"https:\/\/latamjournalismreview.org\/es\/wp-json\/wp\/v2\/posts"}],"about":[{"href":"https:\/\/latamjournalismreview.org\/es\/wp-json\/wp\/v2\/types\/post"}],"author":[{"embeddable":true,"href":"https:\/\/latamjournalismreview.org\/es\/wp-json\/wp\/v2\/users\/41"}],"replies":[{"embeddable":true,"href":"https:\/\/latamjournalismreview.org\/es\/wp-json\/wp\/v2\/comments?post=27412"}],"version-history":[{"count":1,"href":"https:\/\/latamjournalismreview.org\/es\/wp-json\/wp\/v2\/posts\/27412\/revisions"}],"predecessor-version":[{"id":27414,"href":"https:\/\/latamjournalismreview.org\/es\/wp-json\/wp\/v2\/posts\/27412\/revisions\/27414"}],"wp:attachment":[{"href":"https:\/\/latamjournalismreview.org\/es\/wp-json\/wp\/v2\/media?parent=27412"}],"wp:term":[{"taxonomy":"category","embeddable":true,"href":"https:\/\/latamjournalismreview.org\/es\/wp-json\/wp\/v2\/categories?post=27412"},{"taxonomy":"post_tag","embeddable":true,"href":"https:\/\/latamjournalismreview.org\/es\/wp-json\/wp\/v2\/tags?post=27412"},{"taxonomy":"author","embeddable":true,"href":"https:\/\/latamjournalismreview.org\/es\/wp-json\/wp\/v2\/coauthors?post=27412"}],"curies":[{"name":"wp","href":"https:\/\/api.w.org\/{rel}","templated":true}]}}