{"id":2756,"date":"2019-01-15T12:35:47","date_gmt":"2019-01-15T17:35:47","guid":{"rendered":"https:\/\/live-lajr.pantheonsite.io\/?p=2756"},"modified":"2020-06-10T21:04:58","modified_gmt":"2020-06-11T02:04:58","slug":"diarios-nicaraguenses-cambian-formato-debido-a-retencion-de-insumos-de-imprenta-en-aduanas","status":"publish","type":"post","link":"https:\/\/latamjournalismreview.org\/es\/articles\/diarios-nicaraguenses-cambian-formato-debido-a-retencion-de-insumos-de-imprenta-en-aduanas\/","title":{"rendered":"Diarios nicarag\u00fcenses cambian formato debido a retenci\u00f3n de insumos de imprenta en aduanas"},"content":{"rendered":"<p>El peri\u00f3dico m\u00e1s antiguo de Nicaragua inform\u00f3 que tuvo que cambiar de formato debido a la\u00a0<a href=\"https:\/\/confidencial.com.ni\/la-prensa-obligada-a-cambiar-de-formato-por-retencion-de-su-papel\/\" target=\"_blank\" rel=\"noopener noreferrer\">retenci\u00f3n de tinta, papel y otros insumos de imprenta<\/a>\u00a0por parte de la Direcci\u00f3n General de Aduanas, de acuerdo con la agencia de noticias EFE.<\/p>\n<p>https:\/\/twitter.com\/BOLETINECOLOGI\/status\/1084942053539221505?ref_src=twsrc%5Etfw%7Ctwcamp%5Etweetembed%7Ctwterm%5E1084942053539221505&ref_url=https%3A%2F%2Fknightcenter.utexas.edu%2Fes%2Fblog%2F00-20503-diarios-nicaragueenses-cambian-formato-debido-retencion-de-insumos-de-imprenta-en-adua<\/p>\n<p>La Prensa, creada hace 92 a\u00f1os, junto al peri\u00f3dico Hoy del Grupo Editorial La Prensa,\u00a0<a href=\"https:\/\/confidencial.com.ni\/la-prensa-obligada-a-cambiar-de-formato-por-retencion-de-su-papel\/\" target=\"_blank\" rel=\"noopener noreferrer\">imprimir\u00e1n el 30% de sus p\u00e1ginas en blanco y negro<\/a>\u00a0y\u00a0<a href=\"https:\/\/twitter.com\/BOLETINECOLOGI\/status\/1084942053539221505\" target=\"_blank\" rel=\"noopener noreferrer\">reducir\u00e1n la cantidad de p\u00e1ginas<\/a>\u00a0de sus ediciones, seg\u00fan dijeron ejecutivos del medio a EFE y Bolet\u00edn Ecol\u00f3gico.<\/p>\n<p>Jaime Chamorro Cardenal, presidente y director de La Prensa, dijo a Bolet\u00edn Ecol\u00f3gico que a pesar de haber realizado todos los tr\u00e1mites legales para desaduanar el papel y dem\u00e1s insumos de imprenta,\u00a0<a href=\"https:\/\/twitter.com\/BOLETINECOLOGI\/status\/1084942053539221505\" target=\"_blank\" rel=\"noopener noreferrer\">las autoridades no se los han entregado y no les han dado ninguna justificaci\u00f3n<\/a>, de acuerdo con el sitio Bolet\u00edn Ecol\u00f3gico.<\/p>\n<p>\u201cPensamos nosotros que esta es una nueva forma de hostigar, tanto a nosotros como a El Nuevo Diario\u201d, dijo Chamorro en entrevista con Bolet\u00edn Ecol\u00f3gico. Y a\u00f1adi\u00f3 que para ahorrar tinta, papel, planchas, entre otros insumos, han reducido sus p\u00e1ginas, de 16 a 12, pero quitando las secciones de entretenimiento, pues dijo que el espacio de las noticias nacionales se mantiene igual.<\/p>\n<p>El Nuevo Diario de Nicaragua tiene retenido su cargamento de papel peri\u00f3dico en Aduanas desde hace una semana, seg\u00fan public\u00f3 el diario en su sitio. Ahora\u00a0<a href=\"https:\/\/www.elnuevodiario.com.ni\/nacionales\/483359-aduana-retiene-material-nuevo-diario\/\" target=\"_blank\" rel=\"noopener noreferrer\">solo distribuye<\/a><a href=\"https:\/\/www.elnuevodiario.com.ni\/nacionales\/483359-aduana-retiene-material-nuevo-diario\/\" target=\"_blank\" rel=\"noopener noreferrer\">\u00a0su impreso de lunes a viernes<\/a>, inform\u00f3. Adem\u00e1s, el grupo editorial del que ese diario es parte cerr\u00f3 su diario popular Q\u2019Hubo en diciembre, por las mismas razones, y redujo p\u00e1ginas de su diario Metro, explic\u00f3 Arnulfo Somarriba, gerente general de ND Medios.<\/p>\n<p>Para \u00c1lvaro Rivera, gerente de producci\u00f3n de La Prensa, esta situaci\u00f3n es\u00a0<a href=\"https:\/\/confidencial.com.ni\/la-prensa-obligada-a-cambiar-de-formato-por-retencion-de-su-papel\/\" target=\"_blank\" rel=\"noopener noreferrer\">parte de la represi\u00f3n del gobierno contra los medios<\/a>\u00a0de comunicaci\u00f3n independientes del pa\u00eds. \u201cNo les gusta a ellos (el Gobierno) que les digan la verdad y en este caso nos quieren callar de esa manera\u201d, se\u00f1al\u00f3 a EFE.<\/p>\n<p>El grupo editorial contar\u00eda con\u00a0<a href=\"https:\/\/confidencial.com.ni\/la-prensa-obligada-a-cambiar-de-formato-por-retencion-de-su-papel\/\" target=\"_blank\" rel=\"noopener noreferrer\">materiales de imprenta suficientes para circular hasta junio<\/a>\u00a0de este a\u00f1o, public\u00f3 Confidencial. De no resolverse esta situaci\u00f3n, dijeron los directivos de La Prensa y Hoy, ambos diarios dejar\u00edan de circular en impreso, sufrir\u00edan recorte de personal y solo publicar\u00edan su versi\u00f3n digital, report\u00f3 el sitio.<\/p>\n<p>\u201cLa Prensa va a cumplir 93 a\u00f1os, y tenemos una historia incre\u00edble, cierres,\u00a0<a href=\"https:\/\/twitter.com\/BOLETINECOLOGI\/status\/1084942053539221505\" target=\"_blank\" rel=\"noopener noreferrer\">Somoza la bombarde\u00f3 con aviones, la incendi\u00f3, y volvi\u00f3 a salir<\/a>. Los sandinistas la censuraron, por muchos a\u00f1os\u201d, dijo Chamorro a Bolet\u00edn Ecol\u00f3gico. \u201cEl precio pol\u00edtico internacional de cerrarnos, para ellos (el gobierno) ser\u00eda muy grave, entonces prefieren esto\u201d, explic\u00f3.<\/p>\n","protected":false},"excerpt":{"rendered":"<p>El peri\u00f3dico m\u00e1s antiguo de Nicaragua inform\u00f3 que tuvo que cambiar de formato debido a la\u00a0retenci\u00f3n de tinta, papel y otros insumos de imprenta\u00a0por parte de la Direcci\u00f3n General de Aduanas, de acuerdo con la agencia de noticias EFE.<\/p>\n","protected":false},"author":4,"featured_media":0,"comment_status":"closed","ping_status":"closed","sticky":false,"template":"","format":"standard","meta":{"inline_featured_image":false,"footnotes":""},"categories":[1211],"tags":[1496,1510,1497],"coauthors":[],"class_list":["post-2756","post","type-post","status-publish","format-standard","hentry","category-modelo-de-negocio-es","tag-bloqueo-de-insumos-de-prensa-es","tag-medios-impresos-es","tag-nicaragua-es"],"acf":[],"yoast_head":"<!-- This site is optimized with the Yoast SEO Premium plugin v22.6 (Yoast SEO v27.4) - https:\/\/yoast.com\/product\/yoast-seo-premium-wordpress\/ -->\n<title>Diarios nicarag\u00fcenses cambian formato debido a retenci\u00f3n de insumos de imprenta en aduanas - LatAm Journalism Review<\/title>\n<meta name=\"description\" content=\"Diarios nicarag\u00fcenses cambian formato debido a retenci\u00f3n de insumos de imprenta en aduanas . Latin American Journalism Review by The Knight Center at The University of Texas at Austin.\" \/>\n<meta name=\"robots\" content=\"index, follow, max-snippet:-1, max-image-preview:large, max-video-preview:-1\" \/>\n<link rel=\"canonical\" href=\"https:\/\/latamjournalismreview.org\/es\/articles\/diarios-nicaraguenses-cambian-formato-debido-a-retencion-de-insumos-de-imprenta-en-aduanas\/\" \/>\n<meta property=\"og:locale\" content=\"es_ES\" \/>\n<meta property=\"og:type\" content=\"article\" \/>\n<meta property=\"og:title\" content=\"Diarios nicarag\u00fcenses cambian formato debido a retenci\u00f3n de insumos de imprenta en aduanas\" \/>\n<meta property=\"og:description\" content=\"Diarios nicarag\u00fcenses cambian formato debido a retenci\u00f3n de insumos de imprenta en aduanas . Latin American Journalism Review by The Knight Center at The University of Texas at Austin.\" \/>\n<meta property=\"og:url\" content=\"https:\/\/latamjournalismreview.org\/es\/articles\/diarios-nicaraguenses-cambian-formato-debido-a-retencion-de-insumos-de-imprenta-en-aduanas\/\" \/>\n<meta property=\"og:site_name\" content=\"LatAm Journalism Review\" \/>\n<meta property=\"article:published_time\" content=\"2019-01-15T17:35:47+00:00\" \/>\n<meta property=\"article:modified_time\" content=\"2020-06-11T02:04:58+00:00\" \/>\n<meta name=\"author\" content=\"Paola Nalvarte\" \/>\n<meta name=\"twitter:card\" content=\"summary_large_image\" \/>\n<meta name=\"twitter:creator\" content=\"@paolanalvarte\" \/>\n<meta name=\"twitter:site\" content=\"@LatAmJournalism\" \/>\n<meta name=\"twitter:label1\" content=\"Written by\" \/>\n\t<meta name=\"twitter:data1\" content=\"Paola Nalvarte\" \/>\n\t<meta name=\"twitter:label2\" content=\"Est. reading time\" \/>\n\t<meta name=\"twitter:data2\" content=\"2 minutos\" \/>\n<script type=\"application\/ld+json\" class=\"yoast-schema-graph\">{\"@context\":\"https:\\\/\\\/schema.org\",\"@graph\":[{\"@type\":\"Article\",\"@id\":\"https:\\\/\\\/latamjournalismreview.org\\\/es\\\/articles\\\/diarios-nicaraguenses-cambian-formato-debido-a-retencion-de-insumos-de-imprenta-en-aduanas\\\/#article\",\"isPartOf\":{\"@id\":\"https:\\\/\\\/latamjournalismreview.org\\\/es\\\/articles\\\/diarios-nicaraguenses-cambian-formato-debido-a-retencion-de-insumos-de-imprenta-en-aduanas\\\/\"},\"author\":{\"name\":\"Paola Nalvarte\",\"@id\":\"https:\\\/\\\/latamjournalismreview.org\\\/es\\\/#\\\/schema\\\/person\\\/d0b9fa850ef1b6f56bb445e52f29f63f\"},\"headline\":\"Diarios nicarag\u00fcenses cambian formato debido a retenci\u00f3n de insumos de imprenta en aduanas\",\"datePublished\":\"2019-01-15T17:35:47+00:00\",\"dateModified\":\"2020-06-11T02:04:58+00:00\",\"mainEntityOfPage\":{\"@id\":\"https:\\\/\\\/latamjournalismreview.org\\\/es\\\/articles\\\/diarios-nicaraguenses-cambian-formato-debido-a-retencion-de-insumos-de-imprenta-en-aduanas\\\/\"},\"wordCount\":512,\"publisher\":{\"@id\":\"https:\\\/\\\/latamjournalismreview.org\\\/es\\\/#organization\"},\"keywords\":[\"Bloqueo de insumos de prensa\",\"Medios impresos\",\"Nicaragua\"],\"articleSection\":[\"Modelo de negocio\"],\"inLanguage\":\"es\"},{\"@type\":\"WebPage\",\"@id\":\"https:\\\/\\\/latamjournalismreview.org\\\/es\\\/articles\\\/diarios-nicaraguenses-cambian-formato-debido-a-retencion-de-insumos-de-imprenta-en-aduanas\\\/\",\"url\":\"https:\\\/\\\/latamjournalismreview.org\\\/es\\\/articles\\\/diarios-nicaraguenses-cambian-formato-debido-a-retencion-de-insumos-de-imprenta-en-aduanas\\\/\",\"name\":\"Diarios nicarag\u00fcenses cambian formato debido a retenci\u00f3n de insumos de imprenta en aduanas - LatAm Journalism Review\",\"isPartOf\":{\"@id\":\"https:\\\/\\\/latamjournalismreview.org\\\/es\\\/#website\"},\"datePublished\":\"2019-01-15T17:35:47+00:00\",\"dateModified\":\"2020-06-11T02:04:58+00:00\",\"description\":\"Diarios nicarag\u00fcenses cambian formato debido a retenci\u00f3n de insumos de imprenta en aduanas . Latin American Journalism Review by The Knight Center at The University of Texas at Austin.\",\"breadcrumb\":{\"@id\":\"https:\\\/\\\/latamjournalismreview.org\\\/es\\\/articles\\\/diarios-nicaraguenses-cambian-formato-debido-a-retencion-de-insumos-de-imprenta-en-aduanas\\\/#breadcrumb\"},\"inLanguage\":\"es\",\"potentialAction\":[{\"@type\":\"ReadAction\",\"target\":[\"https:\\\/\\\/latamjournalismreview.org\\\/es\\\/articles\\\/diarios-nicaraguenses-cambian-formato-debido-a-retencion-de-insumos-de-imprenta-en-aduanas\\\/\"]}]},{\"@type\":\"BreadcrumbList\",\"@id\":\"https:\\\/\\\/latamjournalismreview.org\\\/es\\\/articles\\\/diarios-nicaraguenses-cambian-formato-debido-a-retencion-de-insumos-de-imprenta-en-aduanas\\\/#breadcrumb\",\"itemListElement\":[{\"@type\":\"ListItem\",\"position\":1,\"name\":\"Home\",\"item\":\"https:\\\/\\\/latamjournalismreview.org\\\/es\\\/\"},{\"@type\":\"ListItem\",\"position\":2,\"name\":\"Diarios nicarag\u00fcenses cambian formato debido a retenci\u00f3n de insumos de imprenta en aduanas\"}]},{\"@type\":\"WebSite\",\"@id\":\"https:\\\/\\\/latamjournalismreview.org\\\/es\\\/#website\",\"url\":\"https:\\\/\\\/latamjournalismreview.org\\\/es\\\/\",\"name\":\"LatAm Journalism Review\",\"description\":\"Knight Center at The University of Texas\",\"publisher\":{\"@id\":\"https:\\\/\\\/latamjournalismreview.org\\\/es\\\/#organization\"},\"potentialAction\":[{\"@type\":\"SearchAction\",\"target\":{\"@type\":\"EntryPoint\",\"urlTemplate\":\"https:\\\/\\\/latamjournalismreview.org\\\/es\\\/?s={search_term_string}\"},\"query-input\":{\"@type\":\"PropertyValueSpecification\",\"valueRequired\":true,\"valueName\":\"search_term_string\"}}],\"inLanguage\":\"es\"},{\"@type\":\"Organization\",\"@id\":\"https:\\\/\\\/latamjournalismreview.org\\\/es\\\/#organization\",\"name\":\"LatAm Journalism Review\",\"url\":\"https:\\\/\\\/latamjournalismreview.org\\\/es\\\/\",\"logo\":{\"@type\":\"ImageObject\",\"inLanguage\":\"es\",\"@id\":\"https:\\\/\\\/latamjournalismreview.org\\\/es\\\/#\\\/schema\\\/logo\\\/image\\\/\",\"url\":\"https:\\\/\\\/latamjournalismreview.org\\\/wp-content\\\/uploads\\\/2020\\\/05\\\/knight-latAm-review-logo.svg\",\"contentUrl\":\"https:\\\/\\\/latamjournalismreview.org\\\/wp-content\\\/uploads\\\/2020\\\/05\\\/knight-latAm-review-logo.svg\",\"width\":\"1024\",\"height\":\"1024\",\"caption\":\"LatAm Journalism Review\"},\"image\":{\"@id\":\"https:\\\/\\\/latamjournalismreview.org\\\/es\\\/#\\\/schema\\\/logo\\\/image\\\/\"},\"sameAs\":[\"https:\\\/\\\/x.com\\\/LatAmJournalism\"]},{\"@type\":\"Person\",\"@id\":\"https:\\\/\\\/latamjournalismreview.org\\\/es\\\/#\\\/schema\\\/person\\\/d0b9fa850ef1b6f56bb445e52f29f63f\",\"name\":\"Paola Nalvarte\",\"description\":\"Paola Nalvarte is a Peruvian journalist and documentary photographer living in Austin, Texas. She focuses on covering and writing about the Andes region. In Peru, Paola worked in the Lima office of the Italian news agency ANSA, on the economic news desk of the daily Expreso, and for ten years she has been working on different editorial projects doing picture editing and research for one of the oldest Spanish-language papers in the world, the Peruvian newspaper El Comercio. She also enjoyed writing for the newspaper weekly magazine Somos. Paola Nalvarte es una periodista y fot\u00f3grafa documental peruana que vive en Austin, Texas. El foco de inter\u00e9s de su cobertura noticiosa es la regi\u00f3n andina. En Per\u00fa, Paola trabaj\u00f3 en la oficina de Lima de la agencia italiana de noticias ANSA, en la secci\u00f3n de econom\u00eda del diario Expreso y por diez a\u00f1os hizo investigaci\u00f3n fotogr\u00e1fica y edici\u00f3n de fotograf\u00eda editorial en el diario decano de la prensa peruana, El Comercio. Tambi\u00e9n escribi\u00f3 para Somos, la revista semanal del mismo diario\u200b, art\u00edculos sobre medio ambiente y cultura. Paola Nalvarte \u00e9 uma jornalista peruana e fot\u00f3grafa documentarista que vive em Austin, Texas. O foco de interesse da sua cobertura jornal\u00edstica \u00e9 a regi\u00e3o andina. No Peru, Paola trabalhou no escrit\u00f3rio de Lima da ag\u00eancia de not\u00edcias italiana ANSA, na se\u00e7\u00e3o de economia do jornal Expreso e, por dez anos, fez pesquisa fotogr\u00e1fica e edi\u00e7\u00e3o de fotografia editorial para um dos jornais em espanhol mais antigos do mundo, o jornal peruano El Comercio. Ela tamb\u00e9m escreveu artigos de meio ambiente e cultura para a Somos, a revista semanal do mesmo jornal.\",\"sameAs\":[\"https:\\\/\\\/x.com\\\/paolanalvarte\"],\"url\":\"https:\\\/\\\/latamjournalismreview.org\\\/es\\\/articles\\\/author\\\/paola-nalvarte\\\/\"}]}<\/script>\n<!-- \/ Yoast SEO Premium plugin. -->","yoast_head_json":{"title":"Diarios nicarag\u00fcenses cambian formato debido a retenci\u00f3n de insumos de imprenta en aduanas - LatAm Journalism Review","description":"Diarios nicarag\u00fcenses cambian formato debido a retenci\u00f3n de insumos de imprenta en aduanas . Latin American Journalism Review by The Knight Center at The University of Texas at Austin.","robots":{"index":"index","follow":"follow","max-snippet":"max-snippet:-1","max-image-preview":"max-image-preview:large","max-video-preview":"max-video-preview:-1"},"canonical":"https:\/\/latamjournalismreview.org\/es\/articles\/diarios-nicaraguenses-cambian-formato-debido-a-retencion-de-insumos-de-imprenta-en-aduanas\/","og_locale":"es_ES","og_type":"article","og_title":"Diarios nicarag\u00fcenses cambian formato debido a retenci\u00f3n de insumos de imprenta en aduanas","og_description":"Diarios nicarag\u00fcenses cambian formato debido a retenci\u00f3n de insumos de imprenta en aduanas . Latin American Journalism Review by The Knight Center at The University of Texas at Austin.","og_url":"https:\/\/latamjournalismreview.org\/es\/articles\/diarios-nicaraguenses-cambian-formato-debido-a-retencion-de-insumos-de-imprenta-en-aduanas\/","og_site_name":"LatAm Journalism Review","article_published_time":"2019-01-15T17:35:47+00:00","article_modified_time":"2020-06-11T02:04:58+00:00","author":"Paola Nalvarte","twitter_card":"summary_large_image","twitter_creator":"@paolanalvarte","twitter_site":"@LatAmJournalism","twitter_misc":{"Written by":"Paola Nalvarte","Est. reading time":"2 minutos"},"schema":{"@context":"https:\/\/schema.org","@graph":[{"@type":"Article","@id":"https:\/\/latamjournalismreview.org\/es\/articles\/diarios-nicaraguenses-cambian-formato-debido-a-retencion-de-insumos-de-imprenta-en-aduanas\/#article","isPartOf":{"@id":"https:\/\/latamjournalismreview.org\/es\/articles\/diarios-nicaraguenses-cambian-formato-debido-a-retencion-de-insumos-de-imprenta-en-aduanas\/"},"author":{"name":"Paola Nalvarte","@id":"https:\/\/latamjournalismreview.org\/es\/#\/schema\/person\/d0b9fa850ef1b6f56bb445e52f29f63f"},"headline":"Diarios nicarag\u00fcenses cambian formato debido a retenci\u00f3n de insumos de imprenta en aduanas","datePublished":"2019-01-15T17:35:47+00:00","dateModified":"2020-06-11T02:04:58+00:00","mainEntityOfPage":{"@id":"https:\/\/latamjournalismreview.org\/es\/articles\/diarios-nicaraguenses-cambian-formato-debido-a-retencion-de-insumos-de-imprenta-en-aduanas\/"},"wordCount":512,"publisher":{"@id":"https:\/\/latamjournalismreview.org\/es\/#organization"},"keywords":["Bloqueo de insumos de prensa","Medios impresos","Nicaragua"],"articleSection":["Modelo de negocio"],"inLanguage":"es"},{"@type":"WebPage","@id":"https:\/\/latamjournalismreview.org\/es\/articles\/diarios-nicaraguenses-cambian-formato-debido-a-retencion-de-insumos-de-imprenta-en-aduanas\/","url":"https:\/\/latamjournalismreview.org\/es\/articles\/diarios-nicaraguenses-cambian-formato-debido-a-retencion-de-insumos-de-imprenta-en-aduanas\/","name":"Diarios nicarag\u00fcenses cambian formato debido a retenci\u00f3n de insumos de imprenta en aduanas - LatAm Journalism Review","isPartOf":{"@id":"https:\/\/latamjournalismreview.org\/es\/#website"},"datePublished":"2019-01-15T17:35:47+00:00","dateModified":"2020-06-11T02:04:58+00:00","description":"Diarios nicarag\u00fcenses cambian formato debido a retenci\u00f3n de insumos de imprenta en aduanas . Latin American Journalism Review by The Knight Center at The University of Texas at Austin.","breadcrumb":{"@id":"https:\/\/latamjournalismreview.org\/es\/articles\/diarios-nicaraguenses-cambian-formato-debido-a-retencion-de-insumos-de-imprenta-en-aduanas\/#breadcrumb"},"inLanguage":"es","potentialAction":[{"@type":"ReadAction","target":["https:\/\/latamjournalismreview.org\/es\/articles\/diarios-nicaraguenses-cambian-formato-debido-a-retencion-de-insumos-de-imprenta-en-aduanas\/"]}]},{"@type":"BreadcrumbList","@id":"https:\/\/latamjournalismreview.org\/es\/articles\/diarios-nicaraguenses-cambian-formato-debido-a-retencion-de-insumos-de-imprenta-en-aduanas\/#breadcrumb","itemListElement":[{"@type":"ListItem","position":1,"name":"Home","item":"https:\/\/latamjournalismreview.org\/es\/"},{"@type":"ListItem","position":2,"name":"Diarios nicarag\u00fcenses cambian formato debido a retenci\u00f3n de insumos de imprenta en aduanas"}]},{"@type":"WebSite","@id":"https:\/\/latamjournalismreview.org\/es\/#website","url":"https:\/\/latamjournalismreview.org\/es\/","name":"LatAm Journalism Review","description":"Knight Center at The University of Texas","publisher":{"@id":"https:\/\/latamjournalismreview.org\/es\/#organization"},"potentialAction":[{"@type":"SearchAction","target":{"@type":"EntryPoint","urlTemplate":"https:\/\/latamjournalismreview.org\/es\/?s={search_term_string}"},"query-input":{"@type":"PropertyValueSpecification","valueRequired":true,"valueName":"search_term_string"}}],"inLanguage":"es"},{"@type":"Organization","@id":"https:\/\/latamjournalismreview.org\/es\/#organization","name":"LatAm Journalism Review","url":"https:\/\/latamjournalismreview.org\/es\/","logo":{"@type":"ImageObject","inLanguage":"es","@id":"https:\/\/latamjournalismreview.org\/es\/#\/schema\/logo\/image\/","url":"https:\/\/latamjournalismreview.org\/wp-content\/uploads\/2020\/05\/knight-latAm-review-logo.svg","contentUrl":"https:\/\/latamjournalismreview.org\/wp-content\/uploads\/2020\/05\/knight-latAm-review-logo.svg","width":"1024","height":"1024","caption":"LatAm Journalism Review"},"image":{"@id":"https:\/\/latamjournalismreview.org\/es\/#\/schema\/logo\/image\/"},"sameAs":["https:\/\/x.com\/LatAmJournalism"]},{"@type":"Person","@id":"https:\/\/latamjournalismreview.org\/es\/#\/schema\/person\/d0b9fa850ef1b6f56bb445e52f29f63f","name":"Paola Nalvarte","description":"Paola Nalvarte is a Peruvian journalist and documentary photographer living in Austin, Texas. She focuses on covering and writing about the Andes region. In Peru, Paola worked in the Lima office of the Italian news agency ANSA, on the economic news desk of the daily Expreso, and for ten years she has been working on different editorial projects doing picture editing and research for one of the oldest Spanish-language papers in the world, the Peruvian newspaper El Comercio. She also enjoyed writing for the newspaper weekly magazine Somos. Paola Nalvarte es una periodista y fot\u00f3grafa documental peruana que vive en Austin, Texas. El foco de inter\u00e9s de su cobertura noticiosa es la regi\u00f3n andina. En Per\u00fa, Paola trabaj\u00f3 en la oficina de Lima de la agencia italiana de noticias ANSA, en la secci\u00f3n de econom\u00eda del diario Expreso y por diez a\u00f1os hizo investigaci\u00f3n fotogr\u00e1fica y edici\u00f3n de fotograf\u00eda editorial en el diario decano de la prensa peruana, El Comercio. Tambi\u00e9n escribi\u00f3 para Somos, la revista semanal del mismo diario\u200b, art\u00edculos sobre medio ambiente y cultura. Paola Nalvarte \u00e9 uma jornalista peruana e fot\u00f3grafa documentarista que vive em Austin, Texas. O foco de interesse da sua cobertura jornal\u00edstica \u00e9 a regi\u00e3o andina. No Peru, Paola trabalhou no escrit\u00f3rio de Lima da ag\u00eancia de not\u00edcias italiana ANSA, na se\u00e7\u00e3o de economia do jornal Expreso e, por dez anos, fez pesquisa fotogr\u00e1fica e edi\u00e7\u00e3o de fotografia editorial para um dos jornais em espanhol mais antigos do mundo, o jornal peruano El Comercio. Ela tamb\u00e9m escreveu artigos de meio ambiente e cultura para a Somos, a revista semanal do mesmo jornal.","sameAs":["https:\/\/x.com\/paolanalvarte"],"url":"https:\/\/latamjournalismreview.org\/es\/articles\/author\/paola-nalvarte\/"}]}},"_links":{"self":[{"href":"https:\/\/latamjournalismreview.org\/es\/wp-json\/wp\/v2\/posts\/2756","targetHints":{"allow":["GET"]}}],"collection":[{"href":"https:\/\/latamjournalismreview.org\/es\/wp-json\/wp\/v2\/posts"}],"about":[{"href":"https:\/\/latamjournalismreview.org\/es\/wp-json\/wp\/v2\/types\/post"}],"author":[{"embeddable":true,"href":"https:\/\/latamjournalismreview.org\/es\/wp-json\/wp\/v2\/users\/4"}],"replies":[{"embeddable":true,"href":"https:\/\/latamjournalismreview.org\/es\/wp-json\/wp\/v2\/comments?post=2756"}],"version-history":[{"count":3,"href":"https:\/\/latamjournalismreview.org\/es\/wp-json\/wp\/v2\/posts\/2756\/revisions"}],"predecessor-version":[{"id":6616,"href":"https:\/\/latamjournalismreview.org\/es\/wp-json\/wp\/v2\/posts\/2756\/revisions\/6616"}],"wp:attachment":[{"href":"https:\/\/latamjournalismreview.org\/es\/wp-json\/wp\/v2\/media?parent=2756"}],"wp:term":[{"taxonomy":"category","embeddable":true,"href":"https:\/\/latamjournalismreview.org\/es\/wp-json\/wp\/v2\/categories?post=2756"},{"taxonomy":"post_tag","embeddable":true,"href":"https:\/\/latamjournalismreview.org\/es\/wp-json\/wp\/v2\/tags?post=2756"},{"taxonomy":"author","embeddable":true,"href":"https:\/\/latamjournalismreview.org\/es\/wp-json\/wp\/v2\/coauthors?post=2756"}],"curies":[{"name":"wp","href":"https:\/\/api.w.org\/{rel}","templated":true}]}}