{"id":2777,"date":"2019-01-11T14:24:36","date_gmt":"2019-01-11T19:24:36","guid":{"rendered":"https:\/\/live-lajr.pantheonsite.io\/?p=2777"},"modified":"2020-06-10T21:07:46","modified_gmt":"2020-06-11T02:07:46","slug":"por-primera-vez-gobierno-de-mexico-pide-disculpas-publicas-a-periodista-torturada-hace-14-anos","status":"publish","type":"post","link":"https:\/\/latamjournalismreview.org\/es\/articles\/por-primera-vez-gobierno-de-mexico-pide-disculpas-publicas-a-periodista-torturada-hace-14-anos\/","title":{"rendered":"Por primera vez, gobierno de M\u00e9xico pide disculpas p\u00fablicas a periodista torturada hace 14 a\u00f1os"},"content":{"rendered":"<p>Por primera vez, una periodista que fue detenida arbitrariamente y torturada a fines de 2005 tras revelar una presunta red de corrupci\u00f3n a nivel gubernamental recibi\u00f3 disculpas p\u00fablicas del Gobierno mexicano por lo sucedido.<\/p>\n<div style=\"width: 350px; font-size: 80%; text-align: left; float: right; padding-left: 10px; padding-right: 10px;\"><a target=\"_blank\" rel=\"noopener noreferrer\"><img decoding=\"async\" style=\"width: 350px;\" src=\"https:\/\/farm6.staticflickr.com\/5710\/22018540180_65d469eef9_o.jpg\" \/><\/a><a href=\"https:\/\/www.flickr.com\/photos\/eneas\/22018540180\/in\/photolist-zxGLT7-bF8jcg-yTi22h-bsdr1q-ZC76Mo-ZDEiM1-ePT8S8-7uiZKN-CAhBQb-2c4rXP6-29i1bgb-ZC76D7-ZC751h-2c4rXXx-CAvSx1-ZC75jy-ZC77gQ-CAvSz5-2c4rYtx-CAvSDJ-wLhhLC-x4rfVg-z5oxGR-ZDEjyb-a9xyVk-yMMo9d-QoAwD8\/\" target=\"_blank\" rel=\"noopener noreferrer\">Lydia Cacho<\/a> (Por Eneas De Troya, <a href=\"https:\/\/creativecommons.org\/licenses\/by\/2.0\/\" target=\"_blank\" rel=\"noopener noreferrer\">CC BY 2.0<\/a>).<\/div>\n<p>Luego de 14 a\u00f1os de buscar justicia, la periodista Lydia Cacho recibi\u00f3 el 10 de enero una disculpa p\u00fablica del gobierno en la sede de la Secretar\u00eda de Gobernaci\u00f3n (Segob), en Ciudad de M\u00e9xico.<\/p>\n<p>Esta disculpa forma parte de las medidas adoptadas por el gobierno de M\u00e9xico tras el dictamen <a href=\"https:\/\/knightcenter.utexas.edu\/es\/blog\/00-20006-comite-de-ddhh-de-la-onu-reconoce-violaciones-la-libertad-de-expresion-y-otros-derecho\" target=\"_blank\" rel=\"noopener noreferrer\">emitido a fines de julio de 2018<\/a> por el Comit\u00e9 para la Defensa de los Derechos Humanos de las Naciones Unidas (ONU), a favor de Cacho.<\/p>\n<p>Durante acto de reconocimiento p\u00fablico de las violaciones a los derechos humanos cometidas por el Estado mexicano, Olga S\u00e1nchez Cordero, la nueva titular de la Segob del reci\u00e9n instaurado gobierno del presidente Andr\u00e9s Manuel L\u00f3pez Obrador, ofreci\u00f3 disculpas p\u00fablicas a Cacho en nombre del Estado mexicano.<\/p>\n<p>Alejandro Encinas, subsecretario de derechos humanos, poblaci\u00f3n y migraci\u00f3n, ley\u00f3 <a href=\"https:\/\/piedepagina.mx\/disculpa-del-estado-mexicano-a-lydia-cacho-el-inicio-de-una-nueva-cruzada-por-la-libertad-de-informar.php\" target=\"_blank\" rel=\"noopener noreferrer\">las disculpas oficiales del Estado mexicano<\/a>, de acuerdo a Pie de P\u00e1gina.<\/p>\n<p>\u201cLe ofrezco una disculpa por la detenci\u00f3n arbitraria a la que fue sometida por diversas autoridades del Estado mexicano, derivada de la acusaci\u00f3n de los delitos de difamaci\u00f3n y calumnia, por parte de la autoridad. Por la utilizaci\u00f3n de tortura como instrumento de investigaci\u00f3n, intimidaci\u00f3n y castigo de que fue objeto por parte de diversos agentes\u201d.<\/p>\n<p>Cacho acept\u00f3 las disculpas y exigi\u00f3 al Gobierno que cumplan con todas las v\u00edctimas, \u201cabsolutamente todas, a las que hoy ella representa y a las que seguir\u00e1 dando voz\u201d.<\/p>\n<p>Con referencia al n\u00famero de periodistas asesinados en M\u00e9xico en 2018, la titular de la Segob enfatiz\u00f3 que \u201ceste acto representa el inicio de una pol\u00edtica de Estado comprometida con quien se dedica a informar\u201d. \u201cEste es un momento adecuado para reflexionar sobre el valor que para nuestra democracia y para la cuarta transformaci\u00f3n [de este gobierno] representa la libertad de expresi\u00f3n. Nunca m\u00e1s, en esta Secretar\u00eda de Gobernaci\u00f3n la censura ha de tener cabida\u201d, a\u00f1adi\u00f3.<\/p>\n<p>Momentos antes de que tuviera la palabra la representante del gobierno, Cacho mencion\u00f3 lo duro que ha sido durante estos 14 a\u00f1os mantenerse viva enfrentando a los m\u00e1s altos mandos de los diferentes gobiernos.<\/p>\n<p>La periodista se refiri\u00f3 tambi\u00e9n al <em>status quo<\/em> de los gobiernos del pa\u00eds que en la \u00faltima d\u00e9cada ha causado el fortalecimiento de la impunidad criminal de violencia contra ni\u00f1as, ni\u00f1os, mujeres en particular, y contra la sociedad en general.<\/p>\n<p>\u201cEste gobierno tiene la responsabilidad de utilizar los pr\u00f3ximos seis a\u00f1os para crear un verdadero estado de derecho. Eso solo ser\u00e1 posible si sus l\u00edderes, en cada \u00e1rea del Estado, asumen que deben admitir la verdad y no crear verdades alternativas y complacientes\u201d, dijo Cacho.<\/p>\n<p>En 2005, la periodista revel\u00f3 en su libro \u201cDemonios del Ed\u00e9n: el poder que protege la pornograf\u00eda infantil\u201d, una red de pornograf\u00eda infantil en la que estar\u00edan involucrados funcionarios de las altas esferas de poder pol\u00edtico y econ\u00f3mico. Luego de su publicaci\u00f3n, un empresario interpuso una demanda contra la periodista por difamaci\u00f3n (cargos de los que fue absuelta posteriormente). En diciembre de 2005, fue detenida por un grupo de polic\u00edas y agentes privados del empresario, seg\u00fan un documento de la ONU basado en sus declaraciones que fue le\u00eddo durante las disculpas p\u00fablicas. Durante su detenci\u00f3n, ella fue objeto de tortura f\u00edsica y psicol\u00f3gica, tocamientos e insinuaciones sexuales, amenazas de muerte y violencia f\u00edsica y verbal.<\/p>\n<p>Con el pasar de los a\u00f1os, Cacho tambi\u00e9n acudi\u00f3 a instancias nacionales e internacionales para buscar justicia.<\/p>\n<p>El 31 de julio de 2018, el Comit\u00e9 de Derechos Humanos de las Naciones Unidas (ONU), emiti\u00f3 una resoluci\u00f3n respecto al caso de Cacho.<\/p>\n<p>En el documento, la organizaci\u00f3n <a href=\"https:\/\/knightcenter.utexas.edu\/es\/blog\/00-20006-comite-de-ddhh-de-la-onu-reconoce-violaciones-la-libertad-de-expresion-y-otros-derecho\" target=\"_blank\" rel=\"noopener noreferrer\">hizo responsable, por primera vez, al Estado mexicano de violar los derechos humanos<\/a> contemplados en el Pacto Internacional de Derechos Civiles y Pol\u00edticos como igualdad de g\u00e9nero, prohibici\u00f3n de tortura, libertad y seguridad personal, libertad de expresi\u00f3n, entre otros.<\/p>\n<p>Una de las principales medidas que el Comit\u00e9 exigi\u00f3 al gobierno mexicano en el dictamen de julio de 2018 es que se realice una investigaci\u00f3n imparcial, pronta y exhaustiva sobre los hechos denunciados por Cacho.<\/p>\n<p>En el dictamen, el Comit\u00e9 le otorg\u00f3 180 d\u00edas al gobierno mexicano para que le informe las medidas que adopt\u00f3 para implementar sus requerimientos<\/p>\n<p>Durante las disculpas del 10 de enero, el Alto Comisionado para los Derechos Humanos de la Oficina de Naciones Unidas en M\u00e9xico, Jes\u00fas Pe\u00f1a, subray\u00f3 que se debe recordar que los hechos violatorios a Cacho datan del a\u00f1o 2005, lo que representa \u201cla realidad de un ambiente inseguro para quienes ejercen el derecho de defensa de los derechos humanos y libertad de expresi\u00f3n\u201d.<\/p>\n<p>Es un momento de gran importancia para el Gobierno de M\u00e9xico, explic\u00f3 Pe\u00f1a, para que el pa\u00eds cumpla con sus obligaciones internacionales y en materia de derechos humanos. \u201cTras las denuncias que Cacho interpuso ante diversas instancias desde 2006, nunca obtuvo una respuesta de las autoridades en un plazo razonable. Cacho tuvo que recurrir al Comit\u00e9\u201d, dijo.<\/p>\n<p>\u201cLa libertad de opini\u00f3n y la libertad de expresi\u00f3n son fundamentales para toda sociedad y constituyen la piedra angular de todas las sociedades libres y democr\u00e1ticas\u201d, a\u00f1adi\u00f3.<\/p>\n<p>Cacho agradeci\u00f3 a todo el equipo de Art\u00edculo 19 por el apoyo que le brindaron para su defensa legal, sin la cual, asegur\u00f3, ella seguir\u00eda en prisi\u00f3n, silenciada o muerta, como algunas de los amigas y amigos periodistas que ha perdido.<\/p>\n<p>Leopoldo Maldonado de Art\u00edculo 19 de M\u00e9xico, mediante un video publicado en en el sitio de la organizaci\u00f3n, felicit\u00f3 a Cacho y explic\u00f3 que este acto debe marcar la pauta de otros aspectos importantes y pendientes de la reparaci\u00f3n del da\u00f1o hecho a Cacho.<\/p>\n<p>Destac\u00f3 que quedan otros aspectos pendientes como el abatimiento de la impunidad en el caso, la identificaci\u00f3n, procesamiento y sanci\u00f3n de todos los responsables, materiales e intelectuales. Adem\u00e1s de la adopci\u00f3n por parte del Estado de medidas de no repetici\u00f3n para que esto no vuelva a ocurrir, ni contra Lydia, ni contra ninguna persona defensora de derechos humanos ni periodista en el ejercicio de su labor, subray\u00f3 Maldonado.<\/p>\n<p>\u201cEs muy importante que el Estado mexicano entienda que con este acto no es un punto final, sino es un punto de inicio hacia una nueva relaci\u00f3n entre el Estado y estos grupos de poblaci\u00f3n que se encuentran bajo asedio\u201d, acot\u00f3.<\/p>\n","protected":false},"excerpt":{"rendered":"<p>Por primera vez, una periodista que fue detenida arbitrariamente y torturada a fines de 2005 tras revelar una presunta red de corrupci\u00f3n a nivel gubernamental recibi\u00f3 disculpas p\u00fablicas del Gobierno mexicano por lo sucedido.<\/p>\n","protected":false},"author":4,"featured_media":2778,"comment_status":"closed","ping_status":"closed","sticky":false,"template":"","format":"standard","meta":{"inline_featured_image":false,"footnotes":""},"categories":[1222],"tags":[1393],"coauthors":[],"class_list":["post-2777","post","type-post","status-publish","format-standard","has-post-thumbnail","hentry","category-violencia-contra-periodistas-es","tag-mexico-es"],"acf":[],"yoast_head":"<!-- This site is optimized with the Yoast SEO Premium plugin v22.6 (Yoast SEO v27.4) - https:\/\/yoast.com\/product\/yoast-seo-premium-wordpress\/ -->\n<title>Por primera vez, gobierno de M\u00e9xico pide disculpas p\u00fablicas a periodista torturada hace 14 a\u00f1os - LatAm Journalism Review<\/title>\n<meta name=\"description\" content=\"Por primera vez, gobierno de M\u00e9xico pide disculpas p\u00fablicas a periodista torturada hace 14 a\u00f1os . Latin American Journalism Review by The Knight Center at The University of Texas at Austin.\" \/>\n<meta name=\"robots\" content=\"index, follow, max-snippet:-1, max-image-preview:large, max-video-preview:-1\" \/>\n<link rel=\"canonical\" href=\"https:\/\/latamjournalismreview.org\/es\/articles\/por-primera-vez-gobierno-de-mexico-pide-disculpas-publicas-a-periodista-torturada-hace-14-anos\/\" \/>\n<meta property=\"og:locale\" content=\"es_ES\" \/>\n<meta property=\"og:type\" content=\"article\" \/>\n<meta property=\"og:title\" content=\"Por primera vez, gobierno de M\u00e9xico pide disculpas p\u00fablicas a periodista torturada hace 14 a\u00f1os\" \/>\n<meta property=\"og:description\" content=\"Por primera vez, gobierno de M\u00e9xico pide disculpas p\u00fablicas a periodista torturada hace 14 a\u00f1os . Latin American Journalism Review by The Knight Center at The University of Texas at Austin.\" \/>\n<meta property=\"og:url\" content=\"https:\/\/latamjournalismreview.org\/es\/articles\/por-primera-vez-gobierno-de-mexico-pide-disculpas-publicas-a-periodista-torturada-hace-14-anos\/\" \/>\n<meta property=\"og:site_name\" content=\"LatAm Journalism Review\" \/>\n<meta property=\"article:published_time\" content=\"2019-01-11T19:24:36+00:00\" \/>\n<meta property=\"article:modified_time\" content=\"2020-06-11T02:07:46+00:00\" \/>\n<meta property=\"og:image\" content=\"https:\/\/latamjournalismreview.org\/wp-content\/uploads\/2020\/05\/Lydia-Cacho-By-Eneas-De-Troya-CC-BY-2.0-scaled-e1590530841330.jpg\" \/>\n\t<meta property=\"og:image:width\" content=\"507\" \/>\n\t<meta property=\"og:image:height\" content=\"338\" \/>\n\t<meta property=\"og:image:type\" content=\"image\/jpeg\" \/>\n<meta name=\"author\" content=\"Paola Nalvarte\" \/>\n<meta name=\"twitter:card\" content=\"summary_large_image\" \/>\n<meta name=\"twitter:creator\" content=\"@paolanalvarte\" \/>\n<meta name=\"twitter:site\" content=\"@LatAmJournalism\" \/>\n<meta name=\"twitter:label1\" content=\"Written by\" \/>\n\t<meta name=\"twitter:data1\" content=\"Paola Nalvarte\" \/>\n\t<meta name=\"twitter:label2\" content=\"Est. reading time\" \/>\n\t<meta name=\"twitter:data2\" content=\"6 minutos\" \/>\n<script type=\"application\/ld+json\" class=\"yoast-schema-graph\">{\"@context\":\"https:\\\/\\\/schema.org\",\"@graph\":[{\"@type\":\"Article\",\"@id\":\"https:\\\/\\\/latamjournalismreview.org\\\/es\\\/articles\\\/por-primera-vez-gobierno-de-mexico-pide-disculpas-publicas-a-periodista-torturada-hace-14-anos\\\/#article\",\"isPartOf\":{\"@id\":\"https:\\\/\\\/latamjournalismreview.org\\\/es\\\/articles\\\/por-primera-vez-gobierno-de-mexico-pide-disculpas-publicas-a-periodista-torturada-hace-14-anos\\\/\"},\"author\":{\"name\":\"Paola Nalvarte\",\"@id\":\"https:\\\/\\\/latamjournalismreview.org\\\/es\\\/#\\\/schema\\\/person\\\/d0b9fa850ef1b6f56bb445e52f29f63f\"},\"headline\":\"Por primera vez, gobierno de M\u00e9xico pide disculpas p\u00fablicas a periodista torturada hace 14 a\u00f1os\",\"datePublished\":\"2019-01-11T19:24:36+00:00\",\"dateModified\":\"2020-06-11T02:07:46+00:00\",\"mainEntityOfPage\":{\"@id\":\"https:\\\/\\\/latamjournalismreview.org\\\/es\\\/articles\\\/por-primera-vez-gobierno-de-mexico-pide-disculpas-publicas-a-periodista-torturada-hace-14-anos\\\/\"},\"wordCount\":1162,\"publisher\":{\"@id\":\"https:\\\/\\\/latamjournalismreview.org\\\/es\\\/#organization\"},\"image\":{\"@id\":\"https:\\\/\\\/latamjournalismreview.org\\\/es\\\/articles\\\/por-primera-vez-gobierno-de-mexico-pide-disculpas-publicas-a-periodista-torturada-hace-14-anos\\\/#primaryimage\"},\"thumbnailUrl\":\"https:\\\/\\\/latamjournalismreview.org\\\/wp-content\\\/uploads\\\/2020\\\/05\\\/Lydia-Cacho-By-Eneas-De-Troya-CC-BY-2.0-scaled-e1590530841330.jpg\",\"keywords\":[\"M\u00e9xico\"],\"articleSection\":[\"Violencia contra periodistas\"],\"inLanguage\":\"es\"},{\"@type\":\"WebPage\",\"@id\":\"https:\\\/\\\/latamjournalismreview.org\\\/es\\\/articles\\\/por-primera-vez-gobierno-de-mexico-pide-disculpas-publicas-a-periodista-torturada-hace-14-anos\\\/\",\"url\":\"https:\\\/\\\/latamjournalismreview.org\\\/es\\\/articles\\\/por-primera-vez-gobierno-de-mexico-pide-disculpas-publicas-a-periodista-torturada-hace-14-anos\\\/\",\"name\":\"Por primera vez, gobierno de M\u00e9xico pide disculpas p\u00fablicas a periodista torturada hace 14 a\u00f1os - LatAm Journalism Review\",\"isPartOf\":{\"@id\":\"https:\\\/\\\/latamjournalismreview.org\\\/es\\\/#website\"},\"primaryImageOfPage\":{\"@id\":\"https:\\\/\\\/latamjournalismreview.org\\\/es\\\/articles\\\/por-primera-vez-gobierno-de-mexico-pide-disculpas-publicas-a-periodista-torturada-hace-14-anos\\\/#primaryimage\"},\"image\":{\"@id\":\"https:\\\/\\\/latamjournalismreview.org\\\/es\\\/articles\\\/por-primera-vez-gobierno-de-mexico-pide-disculpas-publicas-a-periodista-torturada-hace-14-anos\\\/#primaryimage\"},\"thumbnailUrl\":\"https:\\\/\\\/latamjournalismreview.org\\\/wp-content\\\/uploads\\\/2020\\\/05\\\/Lydia-Cacho-By-Eneas-De-Troya-CC-BY-2.0-scaled-e1590530841330.jpg\",\"datePublished\":\"2019-01-11T19:24:36+00:00\",\"dateModified\":\"2020-06-11T02:07:46+00:00\",\"description\":\"Por primera vez, gobierno de M\u00e9xico pide disculpas p\u00fablicas a periodista torturada hace 14 a\u00f1os . Latin American Journalism Review by The Knight Center at The University of Texas at Austin.\",\"breadcrumb\":{\"@id\":\"https:\\\/\\\/latamjournalismreview.org\\\/es\\\/articles\\\/por-primera-vez-gobierno-de-mexico-pide-disculpas-publicas-a-periodista-torturada-hace-14-anos\\\/#breadcrumb\"},\"inLanguage\":\"es\",\"potentialAction\":[{\"@type\":\"ReadAction\",\"target\":[\"https:\\\/\\\/latamjournalismreview.org\\\/es\\\/articles\\\/por-primera-vez-gobierno-de-mexico-pide-disculpas-publicas-a-periodista-torturada-hace-14-anos\\\/\"]}]},{\"@type\":\"ImageObject\",\"inLanguage\":\"es\",\"@id\":\"https:\\\/\\\/latamjournalismreview.org\\\/es\\\/articles\\\/por-primera-vez-gobierno-de-mexico-pide-disculpas-publicas-a-periodista-torturada-hace-14-anos\\\/#primaryimage\",\"url\":\"https:\\\/\\\/latamjournalismreview.org\\\/wp-content\\\/uploads\\\/2020\\\/05\\\/Lydia-Cacho-By-Eneas-De-Troya-CC-BY-2.0-scaled-e1590530841330.jpg\",\"contentUrl\":\"https:\\\/\\\/latamjournalismreview.org\\\/wp-content\\\/uploads\\\/2020\\\/05\\\/Lydia-Cacho-By-Eneas-De-Troya-CC-BY-2.0-scaled-e1590530841330.jpg\",\"width\":507,\"height\":338,\"caption\":\"Lydia Cacho (By Eneas De Troya, CC BY 2.0)\"},{\"@type\":\"BreadcrumbList\",\"@id\":\"https:\\\/\\\/latamjournalismreview.org\\\/es\\\/articles\\\/por-primera-vez-gobierno-de-mexico-pide-disculpas-publicas-a-periodista-torturada-hace-14-anos\\\/#breadcrumb\",\"itemListElement\":[{\"@type\":\"ListItem\",\"position\":1,\"name\":\"Home\",\"item\":\"https:\\\/\\\/latamjournalismreview.org\\\/es\\\/\"},{\"@type\":\"ListItem\",\"position\":2,\"name\":\"Por primera vez, gobierno de M\u00e9xico pide disculpas p\u00fablicas a periodista torturada hace 14 a\u00f1os\"}]},{\"@type\":\"WebSite\",\"@id\":\"https:\\\/\\\/latamjournalismreview.org\\\/es\\\/#website\",\"url\":\"https:\\\/\\\/latamjournalismreview.org\\\/es\\\/\",\"name\":\"LatAm Journalism Review\",\"description\":\"Knight Center at The University of Texas\",\"publisher\":{\"@id\":\"https:\\\/\\\/latamjournalismreview.org\\\/es\\\/#organization\"},\"potentialAction\":[{\"@type\":\"SearchAction\",\"target\":{\"@type\":\"EntryPoint\",\"urlTemplate\":\"https:\\\/\\\/latamjournalismreview.org\\\/es\\\/?s={search_term_string}\"},\"query-input\":{\"@type\":\"PropertyValueSpecification\",\"valueRequired\":true,\"valueName\":\"search_term_string\"}}],\"inLanguage\":\"es\"},{\"@type\":\"Organization\",\"@id\":\"https:\\\/\\\/latamjournalismreview.org\\\/es\\\/#organization\",\"name\":\"LatAm Journalism Review\",\"url\":\"https:\\\/\\\/latamjournalismreview.org\\\/es\\\/\",\"logo\":{\"@type\":\"ImageObject\",\"inLanguage\":\"es\",\"@id\":\"https:\\\/\\\/latamjournalismreview.org\\\/es\\\/#\\\/schema\\\/logo\\\/image\\\/\",\"url\":\"https:\\\/\\\/latamjournalismreview.org\\\/wp-content\\\/uploads\\\/2020\\\/05\\\/knight-latAm-review-logo.svg\",\"contentUrl\":\"https:\\\/\\\/latamjournalismreview.org\\\/wp-content\\\/uploads\\\/2020\\\/05\\\/knight-latAm-review-logo.svg\",\"width\":\"1024\",\"height\":\"1024\",\"caption\":\"LatAm Journalism Review\"},\"image\":{\"@id\":\"https:\\\/\\\/latamjournalismreview.org\\\/es\\\/#\\\/schema\\\/logo\\\/image\\\/\"},\"sameAs\":[\"https:\\\/\\\/x.com\\\/LatAmJournalism\"]},{\"@type\":\"Person\",\"@id\":\"https:\\\/\\\/latamjournalismreview.org\\\/es\\\/#\\\/schema\\\/person\\\/d0b9fa850ef1b6f56bb445e52f29f63f\",\"name\":\"Paola Nalvarte\",\"description\":\"Paola Nalvarte is a Peruvian journalist and documentary photographer living in Austin, Texas. She focuses on covering and writing about the Andes region. In Peru, Paola worked in the Lima office of the Italian news agency ANSA, on the economic news desk of the daily Expreso, and for ten years she has been working on different editorial projects doing picture editing and research for one of the oldest Spanish-language papers in the world, the Peruvian newspaper El Comercio. She also enjoyed writing for the newspaper weekly magazine Somos. Paola Nalvarte es una periodista y fot\u00f3grafa documental peruana que vive en Austin, Texas. El foco de inter\u00e9s de su cobertura noticiosa es la regi\u00f3n andina. En Per\u00fa, Paola trabaj\u00f3 en la oficina de Lima de la agencia italiana de noticias ANSA, en la secci\u00f3n de econom\u00eda del diario Expreso y por diez a\u00f1os hizo investigaci\u00f3n fotogr\u00e1fica y edici\u00f3n de fotograf\u00eda editorial en el diario decano de la prensa peruana, El Comercio. Tambi\u00e9n escribi\u00f3 para Somos, la revista semanal del mismo diario\u200b, art\u00edculos sobre medio ambiente y cultura. Paola Nalvarte \u00e9 uma jornalista peruana e fot\u00f3grafa documentarista que vive em Austin, Texas. O foco de interesse da sua cobertura jornal\u00edstica \u00e9 a regi\u00e3o andina. No Peru, Paola trabalhou no escrit\u00f3rio de Lima da ag\u00eancia de not\u00edcias italiana ANSA, na se\u00e7\u00e3o de economia do jornal Expreso e, por dez anos, fez pesquisa fotogr\u00e1fica e edi\u00e7\u00e3o de fotografia editorial para um dos jornais em espanhol mais antigos do mundo, o jornal peruano El Comercio. Ela tamb\u00e9m escreveu artigos de meio ambiente e cultura para a Somos, a revista semanal do mesmo jornal.\",\"sameAs\":[\"https:\\\/\\\/x.com\\\/paolanalvarte\"],\"url\":\"https:\\\/\\\/latamjournalismreview.org\\\/es\\\/articles\\\/author\\\/paola-nalvarte\\\/\"}]}<\/script>\n<!-- \/ Yoast SEO Premium plugin. -->","yoast_head_json":{"title":"Por primera vez, gobierno de M\u00e9xico pide disculpas p\u00fablicas a periodista torturada hace 14 a\u00f1os - LatAm Journalism Review","description":"Por primera vez, gobierno de M\u00e9xico pide disculpas p\u00fablicas a periodista torturada hace 14 a\u00f1os . Latin American Journalism Review by The Knight Center at The University of Texas at Austin.","robots":{"index":"index","follow":"follow","max-snippet":"max-snippet:-1","max-image-preview":"max-image-preview:large","max-video-preview":"max-video-preview:-1"},"canonical":"https:\/\/latamjournalismreview.org\/es\/articles\/por-primera-vez-gobierno-de-mexico-pide-disculpas-publicas-a-periodista-torturada-hace-14-anos\/","og_locale":"es_ES","og_type":"article","og_title":"Por primera vez, gobierno de M\u00e9xico pide disculpas p\u00fablicas a periodista torturada hace 14 a\u00f1os","og_description":"Por primera vez, gobierno de M\u00e9xico pide disculpas p\u00fablicas a periodista torturada hace 14 a\u00f1os . Latin American Journalism Review by The Knight Center at The University of Texas at Austin.","og_url":"https:\/\/latamjournalismreview.org\/es\/articles\/por-primera-vez-gobierno-de-mexico-pide-disculpas-publicas-a-periodista-torturada-hace-14-anos\/","og_site_name":"LatAm Journalism Review","article_published_time":"2019-01-11T19:24:36+00:00","article_modified_time":"2020-06-11T02:07:46+00:00","og_image":[{"width":507,"height":338,"url":"https:\/\/latamjournalismreview.org\/wp-content\/uploads\/2020\/05\/Lydia-Cacho-By-Eneas-De-Troya-CC-BY-2.0-scaled-e1590530841330.jpg","type":"image\/jpeg"}],"author":"Paola Nalvarte","twitter_card":"summary_large_image","twitter_creator":"@paolanalvarte","twitter_site":"@LatAmJournalism","twitter_misc":{"Written by":"Paola Nalvarte","Est. reading time":"6 minutos"},"schema":{"@context":"https:\/\/schema.org","@graph":[{"@type":"Article","@id":"https:\/\/latamjournalismreview.org\/es\/articles\/por-primera-vez-gobierno-de-mexico-pide-disculpas-publicas-a-periodista-torturada-hace-14-anos\/#article","isPartOf":{"@id":"https:\/\/latamjournalismreview.org\/es\/articles\/por-primera-vez-gobierno-de-mexico-pide-disculpas-publicas-a-periodista-torturada-hace-14-anos\/"},"author":{"name":"Paola Nalvarte","@id":"https:\/\/latamjournalismreview.org\/es\/#\/schema\/person\/d0b9fa850ef1b6f56bb445e52f29f63f"},"headline":"Por primera vez, gobierno de M\u00e9xico pide disculpas p\u00fablicas a periodista torturada hace 14 a\u00f1os","datePublished":"2019-01-11T19:24:36+00:00","dateModified":"2020-06-11T02:07:46+00:00","mainEntityOfPage":{"@id":"https:\/\/latamjournalismreview.org\/es\/articles\/por-primera-vez-gobierno-de-mexico-pide-disculpas-publicas-a-periodista-torturada-hace-14-anos\/"},"wordCount":1162,"publisher":{"@id":"https:\/\/latamjournalismreview.org\/es\/#organization"},"image":{"@id":"https:\/\/latamjournalismreview.org\/es\/articles\/por-primera-vez-gobierno-de-mexico-pide-disculpas-publicas-a-periodista-torturada-hace-14-anos\/#primaryimage"},"thumbnailUrl":"https:\/\/latamjournalismreview.org\/wp-content\/uploads\/2020\/05\/Lydia-Cacho-By-Eneas-De-Troya-CC-BY-2.0-scaled-e1590530841330.jpg","keywords":["M\u00e9xico"],"articleSection":["Violencia contra periodistas"],"inLanguage":"es"},{"@type":"WebPage","@id":"https:\/\/latamjournalismreview.org\/es\/articles\/por-primera-vez-gobierno-de-mexico-pide-disculpas-publicas-a-periodista-torturada-hace-14-anos\/","url":"https:\/\/latamjournalismreview.org\/es\/articles\/por-primera-vez-gobierno-de-mexico-pide-disculpas-publicas-a-periodista-torturada-hace-14-anos\/","name":"Por primera vez, gobierno de M\u00e9xico pide disculpas p\u00fablicas a periodista torturada hace 14 a\u00f1os - LatAm Journalism Review","isPartOf":{"@id":"https:\/\/latamjournalismreview.org\/es\/#website"},"primaryImageOfPage":{"@id":"https:\/\/latamjournalismreview.org\/es\/articles\/por-primera-vez-gobierno-de-mexico-pide-disculpas-publicas-a-periodista-torturada-hace-14-anos\/#primaryimage"},"image":{"@id":"https:\/\/latamjournalismreview.org\/es\/articles\/por-primera-vez-gobierno-de-mexico-pide-disculpas-publicas-a-periodista-torturada-hace-14-anos\/#primaryimage"},"thumbnailUrl":"https:\/\/latamjournalismreview.org\/wp-content\/uploads\/2020\/05\/Lydia-Cacho-By-Eneas-De-Troya-CC-BY-2.0-scaled-e1590530841330.jpg","datePublished":"2019-01-11T19:24:36+00:00","dateModified":"2020-06-11T02:07:46+00:00","description":"Por primera vez, gobierno de M\u00e9xico pide disculpas p\u00fablicas a periodista torturada hace 14 a\u00f1os . Latin American Journalism Review by The Knight Center at The University of Texas at Austin.","breadcrumb":{"@id":"https:\/\/latamjournalismreview.org\/es\/articles\/por-primera-vez-gobierno-de-mexico-pide-disculpas-publicas-a-periodista-torturada-hace-14-anos\/#breadcrumb"},"inLanguage":"es","potentialAction":[{"@type":"ReadAction","target":["https:\/\/latamjournalismreview.org\/es\/articles\/por-primera-vez-gobierno-de-mexico-pide-disculpas-publicas-a-periodista-torturada-hace-14-anos\/"]}]},{"@type":"ImageObject","inLanguage":"es","@id":"https:\/\/latamjournalismreview.org\/es\/articles\/por-primera-vez-gobierno-de-mexico-pide-disculpas-publicas-a-periodista-torturada-hace-14-anos\/#primaryimage","url":"https:\/\/latamjournalismreview.org\/wp-content\/uploads\/2020\/05\/Lydia-Cacho-By-Eneas-De-Troya-CC-BY-2.0-scaled-e1590530841330.jpg","contentUrl":"https:\/\/latamjournalismreview.org\/wp-content\/uploads\/2020\/05\/Lydia-Cacho-By-Eneas-De-Troya-CC-BY-2.0-scaled-e1590530841330.jpg","width":507,"height":338,"caption":"Lydia Cacho (By Eneas De Troya, CC BY 2.0)"},{"@type":"BreadcrumbList","@id":"https:\/\/latamjournalismreview.org\/es\/articles\/por-primera-vez-gobierno-de-mexico-pide-disculpas-publicas-a-periodista-torturada-hace-14-anos\/#breadcrumb","itemListElement":[{"@type":"ListItem","position":1,"name":"Home","item":"https:\/\/latamjournalismreview.org\/es\/"},{"@type":"ListItem","position":2,"name":"Por primera vez, gobierno de M\u00e9xico pide disculpas p\u00fablicas a periodista torturada hace 14 a\u00f1os"}]},{"@type":"WebSite","@id":"https:\/\/latamjournalismreview.org\/es\/#website","url":"https:\/\/latamjournalismreview.org\/es\/","name":"LatAm Journalism Review","description":"Knight Center at The University of Texas","publisher":{"@id":"https:\/\/latamjournalismreview.org\/es\/#organization"},"potentialAction":[{"@type":"SearchAction","target":{"@type":"EntryPoint","urlTemplate":"https:\/\/latamjournalismreview.org\/es\/?s={search_term_string}"},"query-input":{"@type":"PropertyValueSpecification","valueRequired":true,"valueName":"search_term_string"}}],"inLanguage":"es"},{"@type":"Organization","@id":"https:\/\/latamjournalismreview.org\/es\/#organization","name":"LatAm Journalism Review","url":"https:\/\/latamjournalismreview.org\/es\/","logo":{"@type":"ImageObject","inLanguage":"es","@id":"https:\/\/latamjournalismreview.org\/es\/#\/schema\/logo\/image\/","url":"https:\/\/latamjournalismreview.org\/wp-content\/uploads\/2020\/05\/knight-latAm-review-logo.svg","contentUrl":"https:\/\/latamjournalismreview.org\/wp-content\/uploads\/2020\/05\/knight-latAm-review-logo.svg","width":"1024","height":"1024","caption":"LatAm Journalism Review"},"image":{"@id":"https:\/\/latamjournalismreview.org\/es\/#\/schema\/logo\/image\/"},"sameAs":["https:\/\/x.com\/LatAmJournalism"]},{"@type":"Person","@id":"https:\/\/latamjournalismreview.org\/es\/#\/schema\/person\/d0b9fa850ef1b6f56bb445e52f29f63f","name":"Paola Nalvarte","description":"Paola Nalvarte is a Peruvian journalist and documentary photographer living in Austin, Texas. She focuses on covering and writing about the Andes region. In Peru, Paola worked in the Lima office of the Italian news agency ANSA, on the economic news desk of the daily Expreso, and for ten years she has been working on different editorial projects doing picture editing and research for one of the oldest Spanish-language papers in the world, the Peruvian newspaper El Comercio. She also enjoyed writing for the newspaper weekly magazine Somos. Paola Nalvarte es una periodista y fot\u00f3grafa documental peruana que vive en Austin, Texas. El foco de inter\u00e9s de su cobertura noticiosa es la regi\u00f3n andina. En Per\u00fa, Paola trabaj\u00f3 en la oficina de Lima de la agencia italiana de noticias ANSA, en la secci\u00f3n de econom\u00eda del diario Expreso y por diez a\u00f1os hizo investigaci\u00f3n fotogr\u00e1fica y edici\u00f3n de fotograf\u00eda editorial en el diario decano de la prensa peruana, El Comercio. Tambi\u00e9n escribi\u00f3 para Somos, la revista semanal del mismo diario\u200b, art\u00edculos sobre medio ambiente y cultura. Paola Nalvarte \u00e9 uma jornalista peruana e fot\u00f3grafa documentarista que vive em Austin, Texas. O foco de interesse da sua cobertura jornal\u00edstica \u00e9 a regi\u00e3o andina. No Peru, Paola trabalhou no escrit\u00f3rio de Lima da ag\u00eancia de not\u00edcias italiana ANSA, na se\u00e7\u00e3o de economia do jornal Expreso e, por dez anos, fez pesquisa fotogr\u00e1fica e edi\u00e7\u00e3o de fotografia editorial para um dos jornais em espanhol mais antigos do mundo, o jornal peruano El Comercio. Ela tamb\u00e9m escreveu artigos de meio ambiente e cultura para a Somos, a revista semanal do mesmo jornal.","sameAs":["https:\/\/x.com\/paolanalvarte"],"url":"https:\/\/latamjournalismreview.org\/es\/articles\/author\/paola-nalvarte\/"}]}},"_links":{"self":[{"href":"https:\/\/latamjournalismreview.org\/es\/wp-json\/wp\/v2\/posts\/2777","targetHints":{"allow":["GET"]}}],"collection":[{"href":"https:\/\/latamjournalismreview.org\/es\/wp-json\/wp\/v2\/posts"}],"about":[{"href":"https:\/\/latamjournalismreview.org\/es\/wp-json\/wp\/v2\/types\/post"}],"author":[{"embeddable":true,"href":"https:\/\/latamjournalismreview.org\/es\/wp-json\/wp\/v2\/users\/4"}],"replies":[{"embeddable":true,"href":"https:\/\/latamjournalismreview.org\/es\/wp-json\/wp\/v2\/comments?post=2777"}],"version-history":[{"count":2,"href":"https:\/\/latamjournalismreview.org\/es\/wp-json\/wp\/v2\/posts\/2777\/revisions"}],"predecessor-version":[{"id":6626,"href":"https:\/\/latamjournalismreview.org\/es\/wp-json\/wp\/v2\/posts\/2777\/revisions\/6626"}],"wp:featuredmedia":[{"embeddable":true,"href":"https:\/\/latamjournalismreview.org\/es\/wp-json\/wp\/v2\/media\/2778"}],"wp:attachment":[{"href":"https:\/\/latamjournalismreview.org\/es\/wp-json\/wp\/v2\/media?parent=2777"}],"wp:term":[{"taxonomy":"category","embeddable":true,"href":"https:\/\/latamjournalismreview.org\/es\/wp-json\/wp\/v2\/categories?post=2777"},{"taxonomy":"post_tag","embeddable":true,"href":"https:\/\/latamjournalismreview.org\/es\/wp-json\/wp\/v2\/tags?post=2777"},{"taxonomy":"author","embeddable":true,"href":"https:\/\/latamjournalismreview.org\/es\/wp-json\/wp\/v2\/coauthors?post=2777"}],"curies":[{"name":"wp","href":"https:\/\/api.w.org\/{rel}","templated":true}]}}