{"id":28922,"date":"2012-03-05T17:10:13","date_gmt":"2012-03-05T22:10:13","guid":{"rendered":"https:\/\/latamjournalismreview.org\/?p=28922"},"modified":"2021-08-31T17:11:00","modified_gmt":"2021-08-31T22:11:00","slug":"ex-fiscal-mexicano-demanda-por-calumnia-a-periodista-por-libro-sobre-narcotrafico","status":"publish","type":"post","link":"https:\/\/latamjournalismreview.org\/es\/articles\/ex-fiscal-mexicano-demanda-por-calumnia-a-periodista-por-libro-sobre-narcotrafico\/","title":{"rendered":"Ex fiscal mexicano demanda por calumnia a periodista por libro sobre narcotr\u00e1fico"},"content":{"rendered":"<p>Un ex\u00a0<a href=\"http:\/\/www.radioformula.com.mx\/notas.asp?Idn=229338\" target=\"_blank\" rel=\"noopener\">procurador general mexicano demand\u00f3 a una periodista y casa editorial\u00a0<\/a>por supuestas calumnias publicadas en el libro Los se\u00f1ores del narco, report\u00f3 la cadena Radio F\u00f3rmula.<\/p>\n<p>La\u00a0<a href=\"http:\/\/www.cronica.com.mx\/nota.php?id_nota=641746\" target=\"_blank\" rel=\"noopener\">demanda<\/a>\u00a0afecta a la galardonada periodista\u00a0<a href=\"https:\/\/knightcenter.utexas.edu\/es\/blog\/00-9189-otorgan-premio-internacional-pluma-de-oro-periodista-mexicana-por-sus-investigaciones-s\" target=\"_blank\" rel=\"noopener\">Anabel Hern\u00e1ndez<\/a>\u00a0y a la editorial Random House Mondadori, inform\u00f3 el diario Cr\u00f3nica.<\/p>\n<p><a href=\"http:\/\/es.wikipedia.org\/wiki\/Jorge_Carpizo_McGregor\" target=\"_blank\" rel=\"noopener\">Jorge Carpizo<\/a>, ex procurador general de M\u00e9xico entre los a\u00f1os 1993 y 1994, dijo que estaba convencido de que el periodismo de investigaci\u00f3n debe defenderse pero que las\u00a0<a href=\"http:\/\/www.vanguardia.com.mx\/exprocuradorcarpizodemandaaanabelhernandezporlossenoresdelnarco-1230163.html\" target=\"_blank\" rel=\"noopener\">acusaciones de la periodista son un da\u00f1o moral a su persona<\/a>, de acuerdo con el diario Vanguardia.<\/p>\n<p>Carpizo fue responsable del arresto de los narcotraficantes mexicanos\u00a0<a href=\"http:\/\/es.wikipedia.org\/wiki\/Chapo_Guzman\" target=\"_blank\" rel=\"noopener\">Joaqu\u00edn \u2018El Chapo\u2019 Guzm\u00e1n<\/a>\u00a0y H\u00e9ctor \u2018El G\u00fcero\u2019 Palma, por lo que dijo que \u201ces muy\u00a0<a href=\"http:\/\/impreso.milenio.com\/node\/9122526\" target=\"_blank\" rel=\"noopener\">dif\u00edcil construir una reputaci\u00f3n<\/a>\u00a0y demasiado f\u00e1cil ponerla en entredicho\u201d, declar\u00f3 Carpizo al diario Milenio. En su libro, la periodista asegura que el ex procurador se qued\u00f3 con parte de la recompensa de $400,000 \u00f3lares ofrecida por la detenci\u00f3n de \u2018El Chapo\u2019.<\/p>\n","protected":false},"excerpt":{"rendered":"<p>Un ex\u00a0procurador general mexicano demand\u00f3 a una periodista y casa editorial\u00a0por supuestas calumnias publicadas en el libro Los se\u00f1ores del narco, report\u00f3 la cadena Radio F\u00f3rmula.<\/p>\n","protected":false},"author":40,"featured_media":0,"comment_status":"closed","ping_status":"closed","sticky":false,"template":"","format":"standard","meta":{"inline_featured_image":false,"footnotes":""},"categories":[1236],"tags":[1438,1393],"coauthors":[],"class_list":["post-28922","post","type-post","status-publish","format-standard","hentry","category-noticias-falsas-y-desinformacion-es","tag-difamacion-es","tag-mexico-es"],"acf":[],"yoast_head":"<!-- This site is optimized with the Yoast SEO Premium plugin v22.6 (Yoast SEO v27.4) - https:\/\/yoast.com\/product\/yoast-seo-premium-wordpress\/ -->\n<title>Ex fiscal mexicano demanda por calumnia a periodista por libro sobre narcotr\u00e1fico - LatAm Journalism Review<\/title>\n<meta name=\"description\" content=\"Ex fiscal mexicano demanda por calumnia a periodista por libro sobre narcotr\u00e1fico Noticias Falsas y Desinformaci\u00f3n. Latin American Journalism Review by The Knight Center at The University of Texas at Austin.\" \/>\n<meta name=\"robots\" content=\"index, follow, max-snippet:-1, max-image-preview:large, max-video-preview:-1\" \/>\n<link rel=\"canonical\" href=\"https:\/\/latamjournalismreview.org\/es\/articles\/ex-fiscal-mexicano-demanda-por-calumnia-a-periodista-por-libro-sobre-narcotrafico\/\" \/>\n<meta property=\"og:locale\" content=\"es_ES\" \/>\n<meta property=\"og:type\" content=\"article\" \/>\n<meta property=\"og:title\" content=\"Ex fiscal mexicano demanda por calumnia a periodista por libro sobre narcotr\u00e1fico\" \/>\n<meta property=\"og:description\" content=\"Ex fiscal mexicano demanda por calumnia a periodista por libro sobre narcotr\u00e1fico Noticias Falsas y Desinformaci\u00f3n. Latin American Journalism Review by The Knight Center at The University of Texas at Austin.\" \/>\n<meta property=\"og:url\" content=\"https:\/\/latamjournalismreview.org\/es\/articles\/ex-fiscal-mexicano-demanda-por-calumnia-a-periodista-por-libro-sobre-narcotrafico\/\" \/>\n<meta property=\"og:site_name\" content=\"LatAm Journalism Review\" \/>\n<meta property=\"article:published_time\" content=\"2012-03-05T22:10:13+00:00\" \/>\n<meta property=\"article:modified_time\" content=\"2021-08-31T22:11:00+00:00\" \/>\n<meta name=\"author\" content=\"Tania Lara\" \/>\n<meta name=\"twitter:card\" content=\"summary_large_image\" \/>\n<meta name=\"twitter:creator\" content=\"@LatAmJournalism\" \/>\n<meta name=\"twitter:site\" content=\"@LatAmJournalism\" \/>\n<meta name=\"twitter:label1\" content=\"Written by\" \/>\n\t<meta name=\"twitter:data1\" content=\"Tania Lara\" \/>\n\t<meta name=\"twitter:label2\" content=\"Est. reading time\" \/>\n\t<meta name=\"twitter:data2\" content=\"1 minuto\" \/>\n<script type=\"application\/ld+json\" class=\"yoast-schema-graph\">{\"@context\":\"https:\\\/\\\/schema.org\",\"@graph\":[{\"@type\":\"Article\",\"@id\":\"https:\\\/\\\/latamjournalismreview.org\\\/es\\\/articles\\\/ex-fiscal-mexicano-demanda-por-calumnia-a-periodista-por-libro-sobre-narcotrafico\\\/#article\",\"isPartOf\":{\"@id\":\"https:\\\/\\\/latamjournalismreview.org\\\/es\\\/articles\\\/ex-fiscal-mexicano-demanda-por-calumnia-a-periodista-por-libro-sobre-narcotrafico\\\/\"},\"author\":{\"name\":\"Tania Lara\",\"@id\":\"https:\\\/\\\/latamjournalismreview.org\\\/es\\\/#\\\/schema\\\/person\\\/51558925140f21242c6ed2d20b8260c5\"},\"headline\":\"Ex fiscal mexicano demanda por calumnia a periodista por libro sobre narcotr\u00e1fico\",\"datePublished\":\"2012-03-05T22:10:13+00:00\",\"dateModified\":\"2021-08-31T22:11:00+00:00\",\"mainEntityOfPage\":{\"@id\":\"https:\\\/\\\/latamjournalismreview.org\\\/es\\\/articles\\\/ex-fiscal-mexicano-demanda-por-calumnia-a-periodista-por-libro-sobre-narcotrafico\\\/\"},\"wordCount\":186,\"publisher\":{\"@id\":\"https:\\\/\\\/latamjournalismreview.org\\\/es\\\/#organization\"},\"keywords\":[\"Difamaci\u00f3n\",\"M\u00e9xico\"],\"articleSection\":[\"Noticias Falsas y Desinformaci\u00f3n\"],\"inLanguage\":\"es\"},{\"@type\":\"WebPage\",\"@id\":\"https:\\\/\\\/latamjournalismreview.org\\\/es\\\/articles\\\/ex-fiscal-mexicano-demanda-por-calumnia-a-periodista-por-libro-sobre-narcotrafico\\\/\",\"url\":\"https:\\\/\\\/latamjournalismreview.org\\\/es\\\/articles\\\/ex-fiscal-mexicano-demanda-por-calumnia-a-periodista-por-libro-sobre-narcotrafico\\\/\",\"name\":\"Ex fiscal mexicano demanda por calumnia a periodista por libro sobre narcotr\u00e1fico - LatAm Journalism Review\",\"isPartOf\":{\"@id\":\"https:\\\/\\\/latamjournalismreview.org\\\/es\\\/#website\"},\"datePublished\":\"2012-03-05T22:10:13+00:00\",\"dateModified\":\"2021-08-31T22:11:00+00:00\",\"description\":\"Ex fiscal mexicano demanda por calumnia a periodista por libro sobre narcotr\u00e1fico Noticias Falsas y Desinformaci\u00f3n. Latin American Journalism Review by The Knight Center at The University of Texas at Austin.\",\"breadcrumb\":{\"@id\":\"https:\\\/\\\/latamjournalismreview.org\\\/es\\\/articles\\\/ex-fiscal-mexicano-demanda-por-calumnia-a-periodista-por-libro-sobre-narcotrafico\\\/#breadcrumb\"},\"inLanguage\":\"es\",\"potentialAction\":[{\"@type\":\"ReadAction\",\"target\":[\"https:\\\/\\\/latamjournalismreview.org\\\/es\\\/articles\\\/ex-fiscal-mexicano-demanda-por-calumnia-a-periodista-por-libro-sobre-narcotrafico\\\/\"]}]},{\"@type\":\"BreadcrumbList\",\"@id\":\"https:\\\/\\\/latamjournalismreview.org\\\/es\\\/articles\\\/ex-fiscal-mexicano-demanda-por-calumnia-a-periodista-por-libro-sobre-narcotrafico\\\/#breadcrumb\",\"itemListElement\":[{\"@type\":\"ListItem\",\"position\":1,\"name\":\"Home\",\"item\":\"https:\\\/\\\/latamjournalismreview.org\\\/es\\\/\"},{\"@type\":\"ListItem\",\"position\":2,\"name\":\"Ex fiscal mexicano demanda por calumnia a periodista por libro sobre narcotr\u00e1fico\"}]},{\"@type\":\"WebSite\",\"@id\":\"https:\\\/\\\/latamjournalismreview.org\\\/es\\\/#website\",\"url\":\"https:\\\/\\\/latamjournalismreview.org\\\/es\\\/\",\"name\":\"LatAm Journalism Review\",\"description\":\"Knight Center at The University of Texas\",\"publisher\":{\"@id\":\"https:\\\/\\\/latamjournalismreview.org\\\/es\\\/#organization\"},\"potentialAction\":[{\"@type\":\"SearchAction\",\"target\":{\"@type\":\"EntryPoint\",\"urlTemplate\":\"https:\\\/\\\/latamjournalismreview.org\\\/es\\\/?s={search_term_string}\"},\"query-input\":{\"@type\":\"PropertyValueSpecification\",\"valueRequired\":true,\"valueName\":\"search_term_string\"}}],\"inLanguage\":\"es\"},{\"@type\":\"Organization\",\"@id\":\"https:\\\/\\\/latamjournalismreview.org\\\/es\\\/#organization\",\"name\":\"LatAm Journalism Review\",\"url\":\"https:\\\/\\\/latamjournalismreview.org\\\/es\\\/\",\"logo\":{\"@type\":\"ImageObject\",\"inLanguage\":\"es\",\"@id\":\"https:\\\/\\\/latamjournalismreview.org\\\/es\\\/#\\\/schema\\\/logo\\\/image\\\/\",\"url\":\"https:\\\/\\\/latamjournalismreview.org\\\/wp-content\\\/uploads\\\/2020\\\/05\\\/knight-latAm-review-logo.svg\",\"contentUrl\":\"https:\\\/\\\/latamjournalismreview.org\\\/wp-content\\\/uploads\\\/2020\\\/05\\\/knight-latAm-review-logo.svg\",\"width\":\"1024\",\"height\":\"1024\",\"caption\":\"LatAm Journalism Review\"},\"image\":{\"@id\":\"https:\\\/\\\/latamjournalismreview.org\\\/es\\\/#\\\/schema\\\/logo\\\/image\\\/\"},\"sameAs\":[\"https:\\\/\\\/x.com\\\/LatAmJournalism\"]},{\"@type\":\"Person\",\"@id\":\"https:\\\/\\\/latamjournalismreview.org\\\/es\\\/#\\\/schema\\\/person\\\/51558925140f21242c6ed2d20b8260c5\",\"name\":\"Tania Lara\",\"url\":\"https:\\\/\\\/latamjournalismreview.org\\\/es\\\/articles\\\/author\\\/tania-lara\\\/\"}]}<\/script>\n<!-- \/ Yoast SEO Premium plugin. -->","yoast_head_json":{"title":"Ex fiscal mexicano demanda por calumnia a periodista por libro sobre narcotr\u00e1fico - LatAm Journalism Review","description":"Ex fiscal mexicano demanda por calumnia a periodista por libro sobre narcotr\u00e1fico Noticias Falsas y Desinformaci\u00f3n. Latin American Journalism Review by The Knight Center at The University of Texas at Austin.","robots":{"index":"index","follow":"follow","max-snippet":"max-snippet:-1","max-image-preview":"max-image-preview:large","max-video-preview":"max-video-preview:-1"},"canonical":"https:\/\/latamjournalismreview.org\/es\/articles\/ex-fiscal-mexicano-demanda-por-calumnia-a-periodista-por-libro-sobre-narcotrafico\/","og_locale":"es_ES","og_type":"article","og_title":"Ex fiscal mexicano demanda por calumnia a periodista por libro sobre narcotr\u00e1fico","og_description":"Ex fiscal mexicano demanda por calumnia a periodista por libro sobre narcotr\u00e1fico Noticias Falsas y Desinformaci\u00f3n. Latin American Journalism Review by The Knight Center at The University of Texas at Austin.","og_url":"https:\/\/latamjournalismreview.org\/es\/articles\/ex-fiscal-mexicano-demanda-por-calumnia-a-periodista-por-libro-sobre-narcotrafico\/","og_site_name":"LatAm Journalism Review","article_published_time":"2012-03-05T22:10:13+00:00","article_modified_time":"2021-08-31T22:11:00+00:00","author":"Tania Lara","twitter_card":"summary_large_image","twitter_creator":"@LatAmJournalism","twitter_site":"@LatAmJournalism","twitter_misc":{"Written by":"Tania Lara","Est. reading time":"1 minuto"},"schema":{"@context":"https:\/\/schema.org","@graph":[{"@type":"Article","@id":"https:\/\/latamjournalismreview.org\/es\/articles\/ex-fiscal-mexicano-demanda-por-calumnia-a-periodista-por-libro-sobre-narcotrafico\/#article","isPartOf":{"@id":"https:\/\/latamjournalismreview.org\/es\/articles\/ex-fiscal-mexicano-demanda-por-calumnia-a-periodista-por-libro-sobre-narcotrafico\/"},"author":{"name":"Tania Lara","@id":"https:\/\/latamjournalismreview.org\/es\/#\/schema\/person\/51558925140f21242c6ed2d20b8260c5"},"headline":"Ex fiscal mexicano demanda por calumnia a periodista por libro sobre narcotr\u00e1fico","datePublished":"2012-03-05T22:10:13+00:00","dateModified":"2021-08-31T22:11:00+00:00","mainEntityOfPage":{"@id":"https:\/\/latamjournalismreview.org\/es\/articles\/ex-fiscal-mexicano-demanda-por-calumnia-a-periodista-por-libro-sobre-narcotrafico\/"},"wordCount":186,"publisher":{"@id":"https:\/\/latamjournalismreview.org\/es\/#organization"},"keywords":["Difamaci\u00f3n","M\u00e9xico"],"articleSection":["Noticias Falsas y Desinformaci\u00f3n"],"inLanguage":"es"},{"@type":"WebPage","@id":"https:\/\/latamjournalismreview.org\/es\/articles\/ex-fiscal-mexicano-demanda-por-calumnia-a-periodista-por-libro-sobre-narcotrafico\/","url":"https:\/\/latamjournalismreview.org\/es\/articles\/ex-fiscal-mexicano-demanda-por-calumnia-a-periodista-por-libro-sobre-narcotrafico\/","name":"Ex fiscal mexicano demanda por calumnia a periodista por libro sobre narcotr\u00e1fico - LatAm Journalism Review","isPartOf":{"@id":"https:\/\/latamjournalismreview.org\/es\/#website"},"datePublished":"2012-03-05T22:10:13+00:00","dateModified":"2021-08-31T22:11:00+00:00","description":"Ex fiscal mexicano demanda por calumnia a periodista por libro sobre narcotr\u00e1fico Noticias Falsas y Desinformaci\u00f3n. Latin American Journalism Review by The Knight Center at The University of Texas at Austin.","breadcrumb":{"@id":"https:\/\/latamjournalismreview.org\/es\/articles\/ex-fiscal-mexicano-demanda-por-calumnia-a-periodista-por-libro-sobre-narcotrafico\/#breadcrumb"},"inLanguage":"es","potentialAction":[{"@type":"ReadAction","target":["https:\/\/latamjournalismreview.org\/es\/articles\/ex-fiscal-mexicano-demanda-por-calumnia-a-periodista-por-libro-sobre-narcotrafico\/"]}]},{"@type":"BreadcrumbList","@id":"https:\/\/latamjournalismreview.org\/es\/articles\/ex-fiscal-mexicano-demanda-por-calumnia-a-periodista-por-libro-sobre-narcotrafico\/#breadcrumb","itemListElement":[{"@type":"ListItem","position":1,"name":"Home","item":"https:\/\/latamjournalismreview.org\/es\/"},{"@type":"ListItem","position":2,"name":"Ex fiscal mexicano demanda por calumnia a periodista por libro sobre narcotr\u00e1fico"}]},{"@type":"WebSite","@id":"https:\/\/latamjournalismreview.org\/es\/#website","url":"https:\/\/latamjournalismreview.org\/es\/","name":"LatAm Journalism Review","description":"Knight Center at The University of Texas","publisher":{"@id":"https:\/\/latamjournalismreview.org\/es\/#organization"},"potentialAction":[{"@type":"SearchAction","target":{"@type":"EntryPoint","urlTemplate":"https:\/\/latamjournalismreview.org\/es\/?s={search_term_string}"},"query-input":{"@type":"PropertyValueSpecification","valueRequired":true,"valueName":"search_term_string"}}],"inLanguage":"es"},{"@type":"Organization","@id":"https:\/\/latamjournalismreview.org\/es\/#organization","name":"LatAm Journalism Review","url":"https:\/\/latamjournalismreview.org\/es\/","logo":{"@type":"ImageObject","inLanguage":"es","@id":"https:\/\/latamjournalismreview.org\/es\/#\/schema\/logo\/image\/","url":"https:\/\/latamjournalismreview.org\/wp-content\/uploads\/2020\/05\/knight-latAm-review-logo.svg","contentUrl":"https:\/\/latamjournalismreview.org\/wp-content\/uploads\/2020\/05\/knight-latAm-review-logo.svg","width":"1024","height":"1024","caption":"LatAm Journalism Review"},"image":{"@id":"https:\/\/latamjournalismreview.org\/es\/#\/schema\/logo\/image\/"},"sameAs":["https:\/\/x.com\/LatAmJournalism"]},{"@type":"Person","@id":"https:\/\/latamjournalismreview.org\/es\/#\/schema\/person\/51558925140f21242c6ed2d20b8260c5","name":"Tania Lara","url":"https:\/\/latamjournalismreview.org\/es\/articles\/author\/tania-lara\/"}]}},"_links":{"self":[{"href":"https:\/\/latamjournalismreview.org\/es\/wp-json\/wp\/v2\/posts\/28922","targetHints":{"allow":["GET"]}}],"collection":[{"href":"https:\/\/latamjournalismreview.org\/es\/wp-json\/wp\/v2\/posts"}],"about":[{"href":"https:\/\/latamjournalismreview.org\/es\/wp-json\/wp\/v2\/types\/post"}],"author":[{"embeddable":true,"href":"https:\/\/latamjournalismreview.org\/es\/wp-json\/wp\/v2\/users\/40"}],"replies":[{"embeddable":true,"href":"https:\/\/latamjournalismreview.org\/es\/wp-json\/wp\/v2\/comments?post=28922"}],"version-history":[{"count":1,"href":"https:\/\/latamjournalismreview.org\/es\/wp-json\/wp\/v2\/posts\/28922\/revisions"}],"predecessor-version":[{"id":28923,"href":"https:\/\/latamjournalismreview.org\/es\/wp-json\/wp\/v2\/posts\/28922\/revisions\/28923"}],"wp:attachment":[{"href":"https:\/\/latamjournalismreview.org\/es\/wp-json\/wp\/v2\/media?parent=28922"}],"wp:term":[{"taxonomy":"category","embeddable":true,"href":"https:\/\/latamjournalismreview.org\/es\/wp-json\/wp\/v2\/categories?post=28922"},{"taxonomy":"post_tag","embeddable":true,"href":"https:\/\/latamjournalismreview.org\/es\/wp-json\/wp\/v2\/tags?post=28922"},{"taxonomy":"author","embeddable":true,"href":"https:\/\/latamjournalismreview.org\/es\/wp-json\/wp\/v2\/coauthors?post=28922"}],"curies":[{"name":"wp","href":"https:\/\/api.w.org\/{rel}","templated":true}]}}