{"id":29233,"date":"2021-09-01T11:30:39","date_gmt":"2021-09-01T16:30:39","guid":{"rendered":"https:\/\/latamjournalismreview.org\/?p=29233"},"modified":"2021-09-02T13:08:06","modified_gmt":"2021-09-02T18:08:06","slug":"periodistas-que-salieron-de-medio-peruano-debido-a-crisis-periodistica-crean-su-propio-sitio-noticioso-con-enfoque-audiovisual","status":"publish","type":"post","link":"https:\/\/latamjournalismreview.org\/es\/articles\/periodistas-que-salieron-de-medio-peruano-debido-a-crisis-periodistica-crean-su-propio-sitio-noticioso-con-enfoque-audiovisual\/","title":{"rendered":"Periodistas que salieron de medio peruano debido a crisis period\u00edstica crean su propio sitio noticioso con enfoque audiovisual"},"content":{"rendered":"<p><a href=\"https:\/\/epicentro.tv\/\" target=\"_blank\" rel=\"noopener\">Epicentro TV<\/a> nace como una suerte de cooperativa de seis periodistas que salieron de uno de los programas televisivos de noticias de mayor prestigio en Per\u00fa, Cuarto Poder, tras la crisis de credibilidad que caracteriz\u00f3 a los medios peruanos tradicionales durante las polarizadas elecciones de abril y junio de 2021.<\/p>\n<div id=\"attachment_29284\" style=\"width: 1756px\" class=\"wp-caption alignright\"><img loading=\"lazy\" decoding=\"async\" aria-describedby=\"caption-attachment-29284\" class=\"wp-image-29284 size-full\" src=\"https:\/\/latamjournalismreview.org\/wp-content\/uploads\/2021\/09\/EpicentroTV.png\" alt=\"Epicentro TV\" width=\"1746\" height=\"820\" srcset=\"https:\/\/latamjournalismreview.org\/wp-content\/uploads\/2021\/09\/EpicentroTV.png 1746w, https:\/\/latamjournalismreview.org\/wp-content\/uploads\/2021\/09\/EpicentroTV-300x141.png 300w, https:\/\/latamjournalismreview.org\/wp-content\/uploads\/2021\/09\/EpicentroTV-1024x481.png 1024w, https:\/\/latamjournalismreview.org\/wp-content\/uploads\/2021\/09\/EpicentroTV-768x361.png 768w, https:\/\/latamjournalismreview.org\/wp-content\/uploads\/2021\/09\/EpicentroTV-1536x721.png 1536w\" sizes=\"auto, (max-width: 1746px) 100vw, 1746px\" \/><p id=\"caption-attachment-29284\" class=\"wp-caption-text\">Sitio de periodismo investigativo peruano Epicentro TV. (Captura de pantalla)<\/p><\/div>\n<p>\u201cEl nombre tiene una carga, un mensaje de declaraci\u00f3n de lo que somos, y es que somos, primero: el lugar en donde se originan cosas, como es el epicentro de un terremoto, donde se generan los movimientos a partir de las noticias, de los hechos\u201d, dijo Clara Elvira Ospina a\u00a0<strong>LatAm Journalism Review (LJR)<\/strong>.<\/p>\n<p>Y segundo, a\u00f1adi\u00f3 Ospina, \u201c[somos] el centro, el lugar donde se encuentran los extremos\u201d.<\/p>\n<p>Ospina, exdirectora period\u00edstica de Am\u00e9rica TV y Canal N, <a href=\"https:\/\/latamjournalismreview.org\/es\/articles\/despido-de-directora-periodistica-de-principal-televisora-del-peru-agudiza-crisis-de-credibilidad-en-la-prensa-durante-polarizadas-elecciones\/\" target=\"_blank\" rel=\"noopener\">fue despedida<\/a> a finales de abril de 2021, luego de la primera vuelta de las elecciones presidenciales. El directorio de Am\u00e9rica TV, cuyo accionista mayoritario es el Grupo El Comercio, le quit\u00f3 a Ospina su voto de confianza tras una reuni\u00f3n que ella sostuvo con la candidata presidencial Keiko Fujimori, en la que le habr\u00eda dicho que la cobertura period\u00edstica del canal no favorecer\u00eda su campa\u00f1a, sino que ser\u00eda imparcial.<\/p>\n<p>A principios de junio, gran parte del equipo period\u00edstico de Cuarto Poder que dirig\u00eda Ospina, que trabajaba en el programa por m\u00e1s de 15 a\u00f1os, <a href=\"https:\/\/latamjournalismreview.org\/es\/articles\/salida-de-periodistas-durante-elecciones-amenaza-la-credibilidad-de-canales-de-television-en-peru\/\" target=\"_blank\" rel=\"noopener\">fue despedido y algunos renunciaron<\/a>, en consecuencia.<\/p>\n<p>Antes de su salida, los periodistas de Cuarto Poder pidieron al directorio de Am\u00e9rica TV, a trav\u00e9s de una primera <a href=\"https:\/\/ipys.org\/noticias\/periodismo\/peru-periodistas-de-cuarto-poder-protestan-por-despido-de-clara-elvira-ospina-y-alertan-dano-a-la-credibilidad-del-programa\" target=\"_blank\" rel=\"noopener\">carta<\/a>, que la casa editora respete los principios rectores de \u00e9tica period\u00edstica luego del despido intempestivo de Ospina. En la segunda carta, los periodistas expresaron <a href=\"https:\/\/manoalzada.pe\/mano-alzada\/periodistas-de-cuarto-poder-denuncian-censura-para-favorecer-a-keiko-fujimori-y-son-despedidos\" target=\"_blank\" rel=\"noopener\">haber sido censurados<\/a> y que la l\u00ednea editorial de la cobertura period\u00edstica de las elecciones presidenciales no estaba siendo balanceada para ambos candidatos de la contienda.<\/p>\n<p>Luego de analizar el caso, el Tribunal de \u00c9tica del Consejo de la Prensa Peruana argument\u00f3 en una resoluci\u00f3n que exist\u00eda \u201c<a href=\"https:\/\/latamjournalismreview.org\/es\/articles\/tribunal-de-etica-dice-que-canales-peruanos-violaron-principios-rectores-durante-cobertura-electoral-canales-rechazan-la-resolucion\/\" target=\"_blank\" rel=\"noopener\">una parcializaci\u00f3n informativa en asuntos de inter\u00e9s p\u00fablico<\/a>\u201d, por parte de la Compa\u00f1\u00eda Peruana de Radiodifusi\u00f3n (CPR) -Am\u00e9rica TV- durante la segunda vuelta electoral. Sin embargo, CPR se\u00f1al\u00f3 ante el Tribunal que Am\u00e9rica TV y Canal N \u201chan sido respetuosos del C\u00f3digo de \u00c9tica y los Principios Rectores\u201d, que \u201cno se vulner\u00f3 el principio de imparcialidad en la segunda vuelta presidencial\u201d, y que \u201ccumplen con los m\u00e1s altos est\u00e1ndares internacionales de la \u00e9tica period\u00edstica\u201d.<\/p>\n<p>Parte de los periodistas salientes que ahora conforman Epicentro TV son Gabriela Garc\u00eda, Daniel Yovera, Anuska Buenaluque, David G\u00f3mez-Fernandini y Ren\u00e9 Gastelumendi, adem\u00e1s de Ospina.<\/p>\n<p>\u201cLos periodistas de cr\u00f3nica pol\u00edtica de Cuarto Poder sintieron muy fuerte la pegada de la decisi\u00f3n de no transmitir equilibrio en los contenidos\u201d, dijo Ospina en referencia a las decisiones editoriales tomadas luego de su despido y a la crisis de credibilidad que las elecciones desataron en la prensa.<\/p>\n<p>Por ello, agreg\u00f3 Ospina, ante la profunda crisis de credibilidad period\u00edstica de los medios tradicionales, el \u00fanico espacio que vieron como posible para continuar haciendo periodismo independiente fue un espacio propio.<\/p>\n<div id=\"attachment_29291\" style=\"width: 290px\" class=\"wp-caption alignleft\"><img loading=\"lazy\" decoding=\"async\" aria-describedby=\"caption-attachment-29291\" class=\"wp-image-29291 \" src=\"https:\/\/latamjournalismreview.org\/wp-content\/uploads\/2021\/09\/GabrielaGarcia-EpicentroTV-765x1024.jpeg\" alt=\"GabrielaGarcia-EpicentroTV\" width=\"280\" height=\"375\" srcset=\"https:\/\/latamjournalismreview.org\/wp-content\/uploads\/2021\/09\/GabrielaGarcia-EpicentroTV-765x1024.jpeg 765w, https:\/\/latamjournalismreview.org\/wp-content\/uploads\/2021\/09\/GabrielaGarcia-EpicentroTV-224x300.jpeg 224w, https:\/\/latamjournalismreview.org\/wp-content\/uploads\/2021\/09\/GabrielaGarcia-EpicentroTV-768x1028.jpeg 768w, https:\/\/latamjournalismreview.org\/wp-content\/uploads\/2021\/09\/GabrielaGarcia-EpicentroTV.jpeg 956w\" sizes=\"auto, (max-width: 280px) 100vw, 280px\" \/><p id=\"caption-attachment-29291\" class=\"wp-caption-text\">Gabriela Garc\u00eda, periodista de Epicentro TV. (Cortes\u00eda)<\/p><\/div>\n<p>Desde la creaci\u00f3n de Epicentro TV el 26 de julio, todos hacen un poco de todo, cont\u00f3 Gabriela Garc\u00eda, exdirectora del programa Cuarto Poder, a\u00a0<strong>LJR<\/strong>. \u201cAhora soy productora period\u00edstica, tambi\u00e9n estoy produciendo contenidos y a la vez estoy viendo temas administrativos de nosotros como empresa. Todos somos un poco \u2018mil oficios\u2019\u201d.<\/p>\n<p>Sin embargo, resalt\u00f3 que tienen \u201cel apoyo de un mont\u00f3n de gente que se ha comprado el pleito como si fuera propio, y que nos ayuda sin ver un centavo\u201d. Tienen colaboradores que los ayudan en temas legales, administrativos y sobre el manejo de la plataforma web.<\/p>\n<p><strong>La transici\u00f3n de la TV al formato web<\/strong><\/p>\n<p>Yovera, como periodista investigativo, cont\u00f3 a\u00a0<strong>LJR<\/strong> que las im\u00e1genes de sus reportajes ya no las realiza con la c\u00e1mara de video convencional. \u201cAhora las im\u00e1genes las debo hacer yo mismo y con mi celular, o contar con im\u00e1genes de otros colaboradores, como fuentes, informantes, colegas\u201d. La locuci\u00f3n tampoco la hace ya desde una cabina acondicionada para ello, agreg\u00f3.<\/p>\n<p>Sin embargo, a diferencia de la exigencia de calidad que tiene la TV, las redes y lo digital tienen mayor flexibilidad para la realizaci\u00f3n de contenidos, coment\u00f3 Ospina.<\/p>\n<p>Asimismo, cuentan con la ayuda de colaboradores que los asisten con la edici\u00f3n en formato televisivo que publican en su portal.<\/p>\n<p>\u201cLa gente tiene que saber que nosotros no \u00e9ramos buenos solo por estar en un medio grande, en una antena caliente\u201d, dijo Ospina al se\u00f1alar que ahora, a un mes de estar al aire el portal, la gente ya sabe que est\u00e1n ah\u00ed, y la acogida que han recibido ha sido muy importante.<\/p>\n<p>En las pocas semanas que tienen en el aire, se est\u00e1n organizando cada vez mejor, subray\u00f3 Ospina. Destac\u00f3 que han establecido, como equipo, comentar en vivo las noticias que han publicado a lo largo de la semana, todos los domingos a las 6pm.<\/p>\n<p>\u200b\u200b\u201cEl video es lo que nos diferencia\u201d, explic\u00f3 Garc\u00eda. \u201cHay una gran oferta buena de periodismo digital en Per\u00fa que nos lleva obviamente a\u00f1os de ventaja, que tiene muy buenas fuentes period\u00edsticas, informaci\u00f3n buena y fuentes de financiaci\u00f3n, pero no una plataforma de video\u201d.<\/p>\n<p><strong>Modelo de negocio y estructura<\/strong><\/p>\n<p>A diferencia de formar parte de un medio de comunicaci\u00f3n grande, los periodistas se encuentran ahora con la dif\u00edcil tarea de monetizar un proyecto de periodismo digital.<\/p>\n<p>\u201cEs nuestro emprendimiento, nadie nos est\u00e1 financiando, lo financiamos nosotros, y hacemos \u2018chancha\u2019 cada vez que hay que pagar algo\u201d, dijo Ospina. Conf\u00edan, a\u00f1adi\u00f3, en que haya gente que crea en ellos como una buena alternativa de periodismo independiente, y as\u00ed poder conseguir auspicios.<\/p>\n<p>En sus planes tambi\u00e9n est\u00e1 hacer podcast, newsletter, productos period\u00edsticos creativos que lleguen directamente a cada persona de su audiencia, explic\u00f3 Garc\u00eda.<\/p>\n<p>Por el momento, Epicentro TV tiene como modelo de negocio las suscripciones. Gran parte de su contenido est\u00e1 todav\u00eda abierto al p\u00fablico salvo las dos investigaciones principales que hacen cada semana. El contenido para suscriptores va a ir creciendo, asegur\u00f3 Garc\u00eda.<\/p>\n<p>Por ejemplo, una de sus secciones, El Cuarto del Poder, va a ser en un futuro para suscriptores, dijo Garc\u00eda.<\/p>\n<p>\u201cEs un gui\u00f1o, el gui\u00f1o chismoso pol\u00edtico, como las notas peque\u00f1as que tienen los diarios, como el \u2018sin confirmar\u2019, que son los comentarios, la sobremesa, la informaci\u00f3n final entre bambalinas\u201d, dijo Garc\u00eda al se\u00f1alar que en realidad se trata de datos confirmados puestos de modo m\u00e1s informal.<\/p>\n<div id=\"attachment_29416\" style=\"width: 335px\" class=\"wp-caption alignright\"><img loading=\"lazy\" decoding=\"async\" aria-describedby=\"caption-attachment-29416\" class=\"wp-image-29416 \" src=\"https:\/\/latamjournalismreview.org\/wp-content\/uploads\/2021\/09\/DanielYovera-1-842x1024.jpeg\" alt=\"Daniel Yovera-EpicentroTV\" width=\"325\" height=\"395\" srcset=\"https:\/\/latamjournalismreview.org\/wp-content\/uploads\/2021\/09\/DanielYovera-1-842x1024.jpeg 842w, https:\/\/latamjournalismreview.org\/wp-content\/uploads\/2021\/09\/DanielYovera-1-247x300.jpeg 247w, https:\/\/latamjournalismreview.org\/wp-content\/uploads\/2021\/09\/DanielYovera-1-768x934.jpeg 768w, https:\/\/latamjournalismreview.org\/wp-content\/uploads\/2021\/09\/DanielYovera-1.jpeg 1053w\" sizes=\"auto, (max-width: 325px) 100vw, 325px\" \/><p id=\"caption-attachment-29416\" class=\"wp-caption-text\">Daniel Yovera, periodista de Epicentro TV. (Cortes\u00eda)<\/p><\/div>\n<p>Adem\u00e1s de El Cuarto del Poder, el portal tiene las secciones Lo \u00daltimo, que tiene las noticias m\u00e1s actuales; Hora de Leer, que suelen ser rese\u00f1as de libros incluyendo entrevistas a sus autores; R\u00e9plica, como un espacio de entrevista y discusi\u00f3n; Para Entender, en donde explican con mayor profundidad alg\u00fan contexto o coyuntura controversial actual en Per\u00fa u otra parte del mundo.<\/p>\n<p>Sin bien Yovera extra\u00f1a poder hacer periodismo en televisi\u00f3n, siente que Epicentro le ofrece la oportunidad de explorar la entrevista como g\u00e9nero period\u00edstico, cada vez que le toca hacer una para la secci\u00f3n Para Entender. Pero su objetivo principal, coment\u00f3, es consolidar Epicentro TV, que sea sostenible en el tiempo y para el equipo period\u00edstico, adem\u00e1s de que mantenga su independencia y pluralismo.<\/p>\n<p>\u201cEstamos todos aprendiendo y viendo una f\u00f3rmula que nos mantenga en nuestro sitio, que no nos quite independencia ni nos quite la capacidad de hablar de absolutamente todos los temas libremente. Eso es lo importante, ese es el reto\u201d, dijo Garc\u00eda.<\/p>\n","protected":false},"excerpt":{"rendered":"<p>Epicentro TV nace como una suerte de cooperativa de seis periodistas que salieron de uno de los programas televisivos de noticias de mayor prestigio en Per\u00fa, Cuarto Poder, tras la crisis de credibilidad que caracteriz\u00f3 a los medios peruanos tradicionales durante las polarizadas elecciones de abril y junio de 2021.<\/p>\n","protected":false},"author":4,"featured_media":29300,"comment_status":"closed","ping_status":"closed","sticky":false,"template":"","format":"standard","meta":{"inline_featured_image":false,"footnotes":""},"categories":[1220],"tags":[1505],"coauthors":[],"class_list":["post-29233","post","type-post","status-publish","format-standard","has-post-thumbnail","hentry","category-libertad-de-prensa-es","tag-peru-es"],"acf":[],"yoast_head":"<!-- This site is optimized with the Yoast SEO Premium plugin v22.6 (Yoast SEO v27.4) - https:\/\/yoast.com\/product\/yoast-seo-premium-wordpress\/ -->\n<title>Periodistas que salieron de medio peruano debido a crisis period\u00edstica crean su propio sitio noticioso con enfoque audiovisual - LatAm Journalism Review<\/title>\n<meta name=\"description\" content=\"Periodistas que salieron de medio peruano debido a crisis period\u00edstica crean su propio sitio noticioso con enfoque audiovisual Libertad de prensa. Latin American Journalism Review by The Knight Center at The University of Texas at Austin.\" \/>\n<meta name=\"robots\" content=\"index, follow, max-snippet:-1, max-image-preview:large, max-video-preview:-1\" \/>\n<link rel=\"canonical\" href=\"https:\/\/latamjournalismreview.org\/es\/articles\/periodistas-que-salieron-de-medio-peruano-debido-a-crisis-periodistica-crean-su-propio-sitio-noticioso-con-enfoque-audiovisual\/\" \/>\n<meta property=\"og:locale\" content=\"es_ES\" \/>\n<meta property=\"og:type\" content=\"article\" \/>\n<meta property=\"og:title\" content=\"Periodistas que salieron de medio peruano debido a crisis period\u00edstica crean su propio sitio noticioso con enfoque audiovisual\" \/>\n<meta property=\"og:description\" content=\"Periodistas que salieron de medio peruano debido a crisis period\u00edstica crean su propio sitio noticioso con enfoque audiovisual Libertad de prensa. Latin American Journalism Review by The Knight Center at The University of Texas at Austin.\" \/>\n<meta property=\"og:url\" content=\"https:\/\/latamjournalismreview.org\/es\/articles\/periodistas-que-salieron-de-medio-peruano-debido-a-crisis-periodistica-crean-su-propio-sitio-noticioso-con-enfoque-audiovisual\/\" \/>\n<meta property=\"og:site_name\" content=\"LatAm Journalism Review\" \/>\n<meta property=\"article:published_time\" content=\"2021-09-01T16:30:39+00:00\" \/>\n<meta property=\"article:modified_time\" content=\"2021-09-02T18:08:06+00:00\" \/>\n<meta property=\"og:image\" content=\"https:\/\/latamjournalismreview.org\/wp-content\/uploads\/2021\/09\/Featured-EpicentroTV.png\" \/>\n\t<meta property=\"og:image:width\" content=\"507\" \/>\n\t<meta property=\"og:image:height\" content=\"340\" \/>\n\t<meta property=\"og:image:type\" content=\"image\/png\" \/>\n<meta name=\"author\" content=\"Paola Nalvarte\" \/>\n<meta name=\"twitter:card\" content=\"summary_large_image\" \/>\n<meta name=\"twitter:creator\" content=\"@paolanalvarte\" \/>\n<meta name=\"twitter:site\" content=\"@LatAmJournalism\" \/>\n<meta name=\"twitter:label1\" content=\"Written by\" \/>\n\t<meta name=\"twitter:data1\" content=\"Paola Nalvarte\" \/>\n\t<meta name=\"twitter:label2\" content=\"Est. reading time\" \/>\n\t<meta name=\"twitter:data2\" content=\"7 minutos\" \/>\n<script type=\"application\/ld+json\" class=\"yoast-schema-graph\">{\"@context\":\"https:\\\/\\\/schema.org\",\"@graph\":[{\"@type\":\"Article\",\"@id\":\"https:\\\/\\\/latamjournalismreview.org\\\/es\\\/articles\\\/periodistas-que-salieron-de-medio-peruano-debido-a-crisis-periodistica-crean-su-propio-sitio-noticioso-con-enfoque-audiovisual\\\/#article\",\"isPartOf\":{\"@id\":\"https:\\\/\\\/latamjournalismreview.org\\\/es\\\/articles\\\/periodistas-que-salieron-de-medio-peruano-debido-a-crisis-periodistica-crean-su-propio-sitio-noticioso-con-enfoque-audiovisual\\\/\"},\"author\":{\"name\":\"Paola Nalvarte\",\"@id\":\"https:\\\/\\\/latamjournalismreview.org\\\/es\\\/#\\\/schema\\\/person\\\/d0b9fa850ef1b6f56bb445e52f29f63f\"},\"headline\":\"Periodistas que salieron de medio peruano debido a crisis period\u00edstica crean su propio sitio noticioso con enfoque audiovisual\",\"datePublished\":\"2021-09-01T16:30:39+00:00\",\"dateModified\":\"2021-09-02T18:08:06+00:00\",\"mainEntityOfPage\":{\"@id\":\"https:\\\/\\\/latamjournalismreview.org\\\/es\\\/articles\\\/periodistas-que-salieron-de-medio-peruano-debido-a-crisis-periodistica-crean-su-propio-sitio-noticioso-con-enfoque-audiovisual\\\/\"},\"wordCount\":1386,\"publisher\":{\"@id\":\"https:\\\/\\\/latamjournalismreview.org\\\/es\\\/#organization\"},\"image\":{\"@id\":\"https:\\\/\\\/latamjournalismreview.org\\\/es\\\/articles\\\/periodistas-que-salieron-de-medio-peruano-debido-a-crisis-periodistica-crean-su-propio-sitio-noticioso-con-enfoque-audiovisual\\\/#primaryimage\"},\"thumbnailUrl\":\"https:\\\/\\\/latamjournalismreview.org\\\/wp-content\\\/uploads\\\/2021\\\/09\\\/Featured-EpicentroTV.png\",\"keywords\":[\"Per\u00fa\"],\"articleSection\":[\"Libertad de prensa\"],\"inLanguage\":\"es\"},{\"@type\":\"WebPage\",\"@id\":\"https:\\\/\\\/latamjournalismreview.org\\\/es\\\/articles\\\/periodistas-que-salieron-de-medio-peruano-debido-a-crisis-periodistica-crean-su-propio-sitio-noticioso-con-enfoque-audiovisual\\\/\",\"url\":\"https:\\\/\\\/latamjournalismreview.org\\\/es\\\/articles\\\/periodistas-que-salieron-de-medio-peruano-debido-a-crisis-periodistica-crean-su-propio-sitio-noticioso-con-enfoque-audiovisual\\\/\",\"name\":\"Periodistas que salieron de medio peruano debido a crisis period\u00edstica crean su propio sitio noticioso con enfoque audiovisual - LatAm Journalism Review\",\"isPartOf\":{\"@id\":\"https:\\\/\\\/latamjournalismreview.org\\\/es\\\/#website\"},\"primaryImageOfPage\":{\"@id\":\"https:\\\/\\\/latamjournalismreview.org\\\/es\\\/articles\\\/periodistas-que-salieron-de-medio-peruano-debido-a-crisis-periodistica-crean-su-propio-sitio-noticioso-con-enfoque-audiovisual\\\/#primaryimage\"},\"image\":{\"@id\":\"https:\\\/\\\/latamjournalismreview.org\\\/es\\\/articles\\\/periodistas-que-salieron-de-medio-peruano-debido-a-crisis-periodistica-crean-su-propio-sitio-noticioso-con-enfoque-audiovisual\\\/#primaryimage\"},\"thumbnailUrl\":\"https:\\\/\\\/latamjournalismreview.org\\\/wp-content\\\/uploads\\\/2021\\\/09\\\/Featured-EpicentroTV.png\",\"datePublished\":\"2021-09-01T16:30:39+00:00\",\"dateModified\":\"2021-09-02T18:08:06+00:00\",\"description\":\"Periodistas que salieron de medio peruano debido a crisis period\u00edstica crean su propio sitio noticioso con enfoque audiovisual Libertad de prensa. Latin American Journalism Review by The Knight Center at The University of Texas at Austin.\",\"breadcrumb\":{\"@id\":\"https:\\\/\\\/latamjournalismreview.org\\\/es\\\/articles\\\/periodistas-que-salieron-de-medio-peruano-debido-a-crisis-periodistica-crean-su-propio-sitio-noticioso-con-enfoque-audiovisual\\\/#breadcrumb\"},\"inLanguage\":\"es\",\"potentialAction\":[{\"@type\":\"ReadAction\",\"target\":[\"https:\\\/\\\/latamjournalismreview.org\\\/es\\\/articles\\\/periodistas-que-salieron-de-medio-peruano-debido-a-crisis-periodistica-crean-su-propio-sitio-noticioso-con-enfoque-audiovisual\\\/\"]}]},{\"@type\":\"ImageObject\",\"inLanguage\":\"es\",\"@id\":\"https:\\\/\\\/latamjournalismreview.org\\\/es\\\/articles\\\/periodistas-que-salieron-de-medio-peruano-debido-a-crisis-periodistica-crean-su-propio-sitio-noticioso-con-enfoque-audiovisual\\\/#primaryimage\",\"url\":\"https:\\\/\\\/latamjournalismreview.org\\\/wp-content\\\/uploads\\\/2021\\\/09\\\/Featured-EpicentroTV.png\",\"contentUrl\":\"https:\\\/\\\/latamjournalismreview.org\\\/wp-content\\\/uploads\\\/2021\\\/09\\\/Featured-EpicentroTV.png\",\"width\":507,\"height\":340,\"caption\":\"Featured EpicentroTV\"},{\"@type\":\"BreadcrumbList\",\"@id\":\"https:\\\/\\\/latamjournalismreview.org\\\/es\\\/articles\\\/periodistas-que-salieron-de-medio-peruano-debido-a-crisis-periodistica-crean-su-propio-sitio-noticioso-con-enfoque-audiovisual\\\/#breadcrumb\",\"itemListElement\":[{\"@type\":\"ListItem\",\"position\":1,\"name\":\"Home\",\"item\":\"https:\\\/\\\/latamjournalismreview.org\\\/es\\\/\"},{\"@type\":\"ListItem\",\"position\":2,\"name\":\"Periodistas que salieron de medio peruano debido a crisis period\u00edstica crean su propio sitio noticioso con enfoque audiovisual\"}]},{\"@type\":\"WebSite\",\"@id\":\"https:\\\/\\\/latamjournalismreview.org\\\/es\\\/#website\",\"url\":\"https:\\\/\\\/latamjournalismreview.org\\\/es\\\/\",\"name\":\"LatAm Journalism Review\",\"description\":\"Knight Center at The University of Texas\",\"publisher\":{\"@id\":\"https:\\\/\\\/latamjournalismreview.org\\\/es\\\/#organization\"},\"potentialAction\":[{\"@type\":\"SearchAction\",\"target\":{\"@type\":\"EntryPoint\",\"urlTemplate\":\"https:\\\/\\\/latamjournalismreview.org\\\/es\\\/?s={search_term_string}\"},\"query-input\":{\"@type\":\"PropertyValueSpecification\",\"valueRequired\":true,\"valueName\":\"search_term_string\"}}],\"inLanguage\":\"es\"},{\"@type\":\"Organization\",\"@id\":\"https:\\\/\\\/latamjournalismreview.org\\\/es\\\/#organization\",\"name\":\"LatAm Journalism Review\",\"url\":\"https:\\\/\\\/latamjournalismreview.org\\\/es\\\/\",\"logo\":{\"@type\":\"ImageObject\",\"inLanguage\":\"es\",\"@id\":\"https:\\\/\\\/latamjournalismreview.org\\\/es\\\/#\\\/schema\\\/logo\\\/image\\\/\",\"url\":\"https:\\\/\\\/latamjournalismreview.org\\\/wp-content\\\/uploads\\\/2020\\\/05\\\/knight-latAm-review-logo.svg\",\"contentUrl\":\"https:\\\/\\\/latamjournalismreview.org\\\/wp-content\\\/uploads\\\/2020\\\/05\\\/knight-latAm-review-logo.svg\",\"width\":\"1024\",\"height\":\"1024\",\"caption\":\"LatAm Journalism Review\"},\"image\":{\"@id\":\"https:\\\/\\\/latamjournalismreview.org\\\/es\\\/#\\\/schema\\\/logo\\\/image\\\/\"},\"sameAs\":[\"https:\\\/\\\/x.com\\\/LatAmJournalism\"]},{\"@type\":\"Person\",\"@id\":\"https:\\\/\\\/latamjournalismreview.org\\\/es\\\/#\\\/schema\\\/person\\\/d0b9fa850ef1b6f56bb445e52f29f63f\",\"name\":\"Paola Nalvarte\",\"description\":\"Paola Nalvarte is a Peruvian journalist and documentary photographer living in Austin, Texas. She focuses on covering and writing about the Andes region. In Peru, Paola worked in the Lima office of the Italian news agency ANSA, on the economic news desk of the daily Expreso, and for ten years she has been working on different editorial projects doing picture editing and research for one of the oldest Spanish-language papers in the world, the Peruvian newspaper El Comercio. She also enjoyed writing for the newspaper weekly magazine Somos. Paola Nalvarte es una periodista y fot\u00f3grafa documental peruana que vive en Austin, Texas. El foco de inter\u00e9s de su cobertura noticiosa es la regi\u00f3n andina. En Per\u00fa, Paola trabaj\u00f3 en la oficina de Lima de la agencia italiana de noticias ANSA, en la secci\u00f3n de econom\u00eda del diario Expreso y por diez a\u00f1os hizo investigaci\u00f3n fotogr\u00e1fica y edici\u00f3n de fotograf\u00eda editorial en el diario decano de la prensa peruana, El Comercio. Tambi\u00e9n escribi\u00f3 para Somos, la revista semanal del mismo diario\u200b, art\u00edculos sobre medio ambiente y cultura. Paola Nalvarte \u00e9 uma jornalista peruana e fot\u00f3grafa documentarista que vive em Austin, Texas. O foco de interesse da sua cobertura jornal\u00edstica \u00e9 a regi\u00e3o andina. No Peru, Paola trabalhou no escrit\u00f3rio de Lima da ag\u00eancia de not\u00edcias italiana ANSA, na se\u00e7\u00e3o de economia do jornal Expreso e, por dez anos, fez pesquisa fotogr\u00e1fica e edi\u00e7\u00e3o de fotografia editorial para um dos jornais em espanhol mais antigos do mundo, o jornal peruano El Comercio. Ela tamb\u00e9m escreveu artigos de meio ambiente e cultura para a Somos, a revista semanal do mesmo jornal.\",\"sameAs\":[\"https:\\\/\\\/x.com\\\/paolanalvarte\"],\"url\":\"https:\\\/\\\/latamjournalismreview.org\\\/es\\\/articles\\\/author\\\/paola-nalvarte\\\/\"}]}<\/script>\n<!-- \/ Yoast SEO Premium plugin. -->","yoast_head_json":{"title":"Periodistas que salieron de medio peruano debido a crisis period\u00edstica crean su propio sitio noticioso con enfoque audiovisual - LatAm Journalism Review","description":"Periodistas que salieron de medio peruano debido a crisis period\u00edstica crean su propio sitio noticioso con enfoque audiovisual Libertad de prensa. Latin American Journalism Review by The Knight Center at The University of Texas at Austin.","robots":{"index":"index","follow":"follow","max-snippet":"max-snippet:-1","max-image-preview":"max-image-preview:large","max-video-preview":"max-video-preview:-1"},"canonical":"https:\/\/latamjournalismreview.org\/es\/articles\/periodistas-que-salieron-de-medio-peruano-debido-a-crisis-periodistica-crean-su-propio-sitio-noticioso-con-enfoque-audiovisual\/","og_locale":"es_ES","og_type":"article","og_title":"Periodistas que salieron de medio peruano debido a crisis period\u00edstica crean su propio sitio noticioso con enfoque audiovisual","og_description":"Periodistas que salieron de medio peruano debido a crisis period\u00edstica crean su propio sitio noticioso con enfoque audiovisual Libertad de prensa. Latin American Journalism Review by The Knight Center at The University of Texas at Austin.","og_url":"https:\/\/latamjournalismreview.org\/es\/articles\/periodistas-que-salieron-de-medio-peruano-debido-a-crisis-periodistica-crean-su-propio-sitio-noticioso-con-enfoque-audiovisual\/","og_site_name":"LatAm Journalism Review","article_published_time":"2021-09-01T16:30:39+00:00","article_modified_time":"2021-09-02T18:08:06+00:00","og_image":[{"width":507,"height":340,"url":"https:\/\/latamjournalismreview.org\/wp-content\/uploads\/2021\/09\/Featured-EpicentroTV.png","type":"image\/png"}],"author":"Paola Nalvarte","twitter_card":"summary_large_image","twitter_creator":"@paolanalvarte","twitter_site":"@LatAmJournalism","twitter_misc":{"Written by":"Paola Nalvarte","Est. reading time":"7 minutos"},"schema":{"@context":"https:\/\/schema.org","@graph":[{"@type":"Article","@id":"https:\/\/latamjournalismreview.org\/es\/articles\/periodistas-que-salieron-de-medio-peruano-debido-a-crisis-periodistica-crean-su-propio-sitio-noticioso-con-enfoque-audiovisual\/#article","isPartOf":{"@id":"https:\/\/latamjournalismreview.org\/es\/articles\/periodistas-que-salieron-de-medio-peruano-debido-a-crisis-periodistica-crean-su-propio-sitio-noticioso-con-enfoque-audiovisual\/"},"author":{"name":"Paola Nalvarte","@id":"https:\/\/latamjournalismreview.org\/es\/#\/schema\/person\/d0b9fa850ef1b6f56bb445e52f29f63f"},"headline":"Periodistas que salieron de medio peruano debido a crisis period\u00edstica crean su propio sitio noticioso con enfoque audiovisual","datePublished":"2021-09-01T16:30:39+00:00","dateModified":"2021-09-02T18:08:06+00:00","mainEntityOfPage":{"@id":"https:\/\/latamjournalismreview.org\/es\/articles\/periodistas-que-salieron-de-medio-peruano-debido-a-crisis-periodistica-crean-su-propio-sitio-noticioso-con-enfoque-audiovisual\/"},"wordCount":1386,"publisher":{"@id":"https:\/\/latamjournalismreview.org\/es\/#organization"},"image":{"@id":"https:\/\/latamjournalismreview.org\/es\/articles\/periodistas-que-salieron-de-medio-peruano-debido-a-crisis-periodistica-crean-su-propio-sitio-noticioso-con-enfoque-audiovisual\/#primaryimage"},"thumbnailUrl":"https:\/\/latamjournalismreview.org\/wp-content\/uploads\/2021\/09\/Featured-EpicentroTV.png","keywords":["Per\u00fa"],"articleSection":["Libertad de prensa"],"inLanguage":"es"},{"@type":"WebPage","@id":"https:\/\/latamjournalismreview.org\/es\/articles\/periodistas-que-salieron-de-medio-peruano-debido-a-crisis-periodistica-crean-su-propio-sitio-noticioso-con-enfoque-audiovisual\/","url":"https:\/\/latamjournalismreview.org\/es\/articles\/periodistas-que-salieron-de-medio-peruano-debido-a-crisis-periodistica-crean-su-propio-sitio-noticioso-con-enfoque-audiovisual\/","name":"Periodistas que salieron de medio peruano debido a crisis period\u00edstica crean su propio sitio noticioso con enfoque audiovisual - LatAm Journalism Review","isPartOf":{"@id":"https:\/\/latamjournalismreview.org\/es\/#website"},"primaryImageOfPage":{"@id":"https:\/\/latamjournalismreview.org\/es\/articles\/periodistas-que-salieron-de-medio-peruano-debido-a-crisis-periodistica-crean-su-propio-sitio-noticioso-con-enfoque-audiovisual\/#primaryimage"},"image":{"@id":"https:\/\/latamjournalismreview.org\/es\/articles\/periodistas-que-salieron-de-medio-peruano-debido-a-crisis-periodistica-crean-su-propio-sitio-noticioso-con-enfoque-audiovisual\/#primaryimage"},"thumbnailUrl":"https:\/\/latamjournalismreview.org\/wp-content\/uploads\/2021\/09\/Featured-EpicentroTV.png","datePublished":"2021-09-01T16:30:39+00:00","dateModified":"2021-09-02T18:08:06+00:00","description":"Periodistas que salieron de medio peruano debido a crisis period\u00edstica crean su propio sitio noticioso con enfoque audiovisual Libertad de prensa. Latin American Journalism Review by The Knight Center at The University of Texas at Austin.","breadcrumb":{"@id":"https:\/\/latamjournalismreview.org\/es\/articles\/periodistas-que-salieron-de-medio-peruano-debido-a-crisis-periodistica-crean-su-propio-sitio-noticioso-con-enfoque-audiovisual\/#breadcrumb"},"inLanguage":"es","potentialAction":[{"@type":"ReadAction","target":["https:\/\/latamjournalismreview.org\/es\/articles\/periodistas-que-salieron-de-medio-peruano-debido-a-crisis-periodistica-crean-su-propio-sitio-noticioso-con-enfoque-audiovisual\/"]}]},{"@type":"ImageObject","inLanguage":"es","@id":"https:\/\/latamjournalismreview.org\/es\/articles\/periodistas-que-salieron-de-medio-peruano-debido-a-crisis-periodistica-crean-su-propio-sitio-noticioso-con-enfoque-audiovisual\/#primaryimage","url":"https:\/\/latamjournalismreview.org\/wp-content\/uploads\/2021\/09\/Featured-EpicentroTV.png","contentUrl":"https:\/\/latamjournalismreview.org\/wp-content\/uploads\/2021\/09\/Featured-EpicentroTV.png","width":507,"height":340,"caption":"Featured EpicentroTV"},{"@type":"BreadcrumbList","@id":"https:\/\/latamjournalismreview.org\/es\/articles\/periodistas-que-salieron-de-medio-peruano-debido-a-crisis-periodistica-crean-su-propio-sitio-noticioso-con-enfoque-audiovisual\/#breadcrumb","itemListElement":[{"@type":"ListItem","position":1,"name":"Home","item":"https:\/\/latamjournalismreview.org\/es\/"},{"@type":"ListItem","position":2,"name":"Periodistas que salieron de medio peruano debido a crisis period\u00edstica crean su propio sitio noticioso con enfoque audiovisual"}]},{"@type":"WebSite","@id":"https:\/\/latamjournalismreview.org\/es\/#website","url":"https:\/\/latamjournalismreview.org\/es\/","name":"LatAm Journalism Review","description":"Knight Center at The University of Texas","publisher":{"@id":"https:\/\/latamjournalismreview.org\/es\/#organization"},"potentialAction":[{"@type":"SearchAction","target":{"@type":"EntryPoint","urlTemplate":"https:\/\/latamjournalismreview.org\/es\/?s={search_term_string}"},"query-input":{"@type":"PropertyValueSpecification","valueRequired":true,"valueName":"search_term_string"}}],"inLanguage":"es"},{"@type":"Organization","@id":"https:\/\/latamjournalismreview.org\/es\/#organization","name":"LatAm Journalism Review","url":"https:\/\/latamjournalismreview.org\/es\/","logo":{"@type":"ImageObject","inLanguage":"es","@id":"https:\/\/latamjournalismreview.org\/es\/#\/schema\/logo\/image\/","url":"https:\/\/latamjournalismreview.org\/wp-content\/uploads\/2020\/05\/knight-latAm-review-logo.svg","contentUrl":"https:\/\/latamjournalismreview.org\/wp-content\/uploads\/2020\/05\/knight-latAm-review-logo.svg","width":"1024","height":"1024","caption":"LatAm Journalism Review"},"image":{"@id":"https:\/\/latamjournalismreview.org\/es\/#\/schema\/logo\/image\/"},"sameAs":["https:\/\/x.com\/LatAmJournalism"]},{"@type":"Person","@id":"https:\/\/latamjournalismreview.org\/es\/#\/schema\/person\/d0b9fa850ef1b6f56bb445e52f29f63f","name":"Paola Nalvarte","description":"Paola Nalvarte is a Peruvian journalist and documentary photographer living in Austin, Texas. She focuses on covering and writing about the Andes region. In Peru, Paola worked in the Lima office of the Italian news agency ANSA, on the economic news desk of the daily Expreso, and for ten years she has been working on different editorial projects doing picture editing and research for one of the oldest Spanish-language papers in the world, the Peruvian newspaper El Comercio. She also enjoyed writing for the newspaper weekly magazine Somos. Paola Nalvarte es una periodista y fot\u00f3grafa documental peruana que vive en Austin, Texas. El foco de inter\u00e9s de su cobertura noticiosa es la regi\u00f3n andina. En Per\u00fa, Paola trabaj\u00f3 en la oficina de Lima de la agencia italiana de noticias ANSA, en la secci\u00f3n de econom\u00eda del diario Expreso y por diez a\u00f1os hizo investigaci\u00f3n fotogr\u00e1fica y edici\u00f3n de fotograf\u00eda editorial en el diario decano de la prensa peruana, El Comercio. Tambi\u00e9n escribi\u00f3 para Somos, la revista semanal del mismo diario\u200b, art\u00edculos sobre medio ambiente y cultura. Paola Nalvarte \u00e9 uma jornalista peruana e fot\u00f3grafa documentarista que vive em Austin, Texas. O foco de interesse da sua cobertura jornal\u00edstica \u00e9 a regi\u00e3o andina. No Peru, Paola trabalhou no escrit\u00f3rio de Lima da ag\u00eancia de not\u00edcias italiana ANSA, na se\u00e7\u00e3o de economia do jornal Expreso e, por dez anos, fez pesquisa fotogr\u00e1fica e edi\u00e7\u00e3o de fotografia editorial para um dos jornais em espanhol mais antigos do mundo, o jornal peruano El Comercio. Ela tamb\u00e9m escreveu artigos de meio ambiente e cultura para a Somos, a revista semanal do mesmo jornal.","sameAs":["https:\/\/x.com\/paolanalvarte"],"url":"https:\/\/latamjournalismreview.org\/es\/articles\/author\/paola-nalvarte\/"}]}},"_links":{"self":[{"href":"https:\/\/latamjournalismreview.org\/es\/wp-json\/wp\/v2\/posts\/29233","targetHints":{"allow":["GET"]}}],"collection":[{"href":"https:\/\/latamjournalismreview.org\/es\/wp-json\/wp\/v2\/posts"}],"about":[{"href":"https:\/\/latamjournalismreview.org\/es\/wp-json\/wp\/v2\/types\/post"}],"author":[{"embeddable":true,"href":"https:\/\/latamjournalismreview.org\/es\/wp-json\/wp\/v2\/users\/4"}],"replies":[{"embeddable":true,"href":"https:\/\/latamjournalismreview.org\/es\/wp-json\/wp\/v2\/comments?post=29233"}],"version-history":[{"count":13,"href":"https:\/\/latamjournalismreview.org\/es\/wp-json\/wp\/v2\/posts\/29233\/revisions"}],"predecessor-version":[{"id":29541,"href":"https:\/\/latamjournalismreview.org\/es\/wp-json\/wp\/v2\/posts\/29233\/revisions\/29541"}],"wp:featuredmedia":[{"embeddable":true,"href":"https:\/\/latamjournalismreview.org\/es\/wp-json\/wp\/v2\/media\/29300"}],"wp:attachment":[{"href":"https:\/\/latamjournalismreview.org\/es\/wp-json\/wp\/v2\/media?parent=29233"}],"wp:term":[{"taxonomy":"category","embeddable":true,"href":"https:\/\/latamjournalismreview.org\/es\/wp-json\/wp\/v2\/categories?post=29233"},{"taxonomy":"post_tag","embeddable":true,"href":"https:\/\/latamjournalismreview.org\/es\/wp-json\/wp\/v2\/tags?post=29233"},{"taxonomy":"author","embeddable":true,"href":"https:\/\/latamjournalismreview.org\/es\/wp-json\/wp\/v2\/coauthors?post=29233"}],"curies":[{"name":"wp","href":"https:\/\/api.w.org\/{rel}","templated":true}]}}