{"id":29313,"date":"2012-05-28T12:16:07","date_gmt":"2012-05-28T17:16:07","guid":{"rendered":"https:\/\/latamjournalismreview.org\/?p=29313"},"modified":"2021-09-01T12:20:14","modified_gmt":"2021-09-01T17:20:14","slug":"en-lo-que-ya-esta-pareciendo-ser-mas-bien-un-intento-desesperado-de-silenciar-a-los-medios-de-comunicacion-de-su-pais-el-presidente-ecuatoriano-rafael-correa-llamo-a-los-ciudadanos-a-boicotear-a","status":"publish","type":"post","link":"https:\/\/latamjournalismreview.org\/es\/articles\/en-lo-que-ya-esta-pareciendo-ser-mas-bien-un-intento-desesperado-de-silenciar-a-los-medios-de-comunicacion-de-su-pais-el-presidente-ecuatoriano-rafael-correa-llamo-a-los-ciudadanos-a-boicotear-a\/","title":{"rendered":"Periodista brasile\u00f1o estuvo preso y fue liberado poco despu\u00e9s en Siria"},"content":{"rendered":"<p>El pasado viernes 25 de mayo, un\u00a0<a href=\"http:\/\/veja.abril.com.br\/noticia\/internacional\/jornalista-brasileiro-e-preso-na-siria\" target=\"_blank\" rel=\"noopener\">periodista brasile\u00f1o fue detenido en Siria<\/a>\u00a0y puesto en libertad, poco despu\u00e9s, por las autoridades locales, seg\u00fan inform\u00f3 la agencia Efe.<\/p>\n<p>El\u00a0<a href=\"http:\/\/exame.abril.com.br\/economia\/politica\/noticias\/jornalista-brasileiro-detido-na-siria-ja-esta-no-libano\" target=\"_blank\" rel=\"noopener\">reportero de la revista Isto\u00c9, Klester Cavalcanti<\/a>, lleg\u00f3 a Beirut, L\u00edbano, el lunes 28 de mayo, y por lo pronto est\u00e1 en capacidad de regresar a Brasil cuando lo estime conveniente, de acuerdo con la revista Exame. El periodista no sufri\u00f3 malos tratos o amenazas y se encuentra en un lugar seguro.<\/p>\n<p>De acuerdo con el Ministerio de Relaciones Exteriores,\u00a0<a href=\"http:\/\/agenciabrasil.ebc.com.br\/noticia\/2012-05-28\/jornalista-brasileiro-detido-na-siria-ja-esta-no-libano\" target=\"_blank\" rel=\"noopener\">Cavalcanti fue detenido por el gobierno sirio por no haberse presentado al Ministerio de Informaci\u00f3n<\/a>, procedimiento exigido a todos los profesionales cuando llegan al pa\u00eds o cuando viaja a otras regiones, inform\u00f3 el sitio web Ag\u00eancia Brasil.<\/p>\n<p><a href=\"http:\/\/es.wikipedia.org\/wiki\/Rebeli%C3%B3n_en_Siria_de_2011-2012\" target=\"_blank\" rel=\"noopener\">Siria enfrenta protestas desde comienzos de 2011<\/a>\u00a0por los cambios del gobierno, liderado por el dictador Bashar al-Assad.<\/p>\n","protected":false},"excerpt":{"rendered":"<p>El pasado viernes 25 de mayo, un\u00a0periodista brasile\u00f1o fue detenido en Siria\u00a0y puesto en libertad, poco despu\u00e9s, por las autoridades locales, seg\u00fan inform\u00f3 la agencia Efe.<\/p>\n","protected":false},"author":42,"featured_media":0,"comment_status":"closed","ping_status":"closed","sticky":false,"template":"","format":"standard","meta":{"inline_featured_image":false,"footnotes":""},"categories":[1222],"tags":[],"coauthors":[],"class_list":["post-29313","post","type-post","status-publish","format-standard","hentry","category-violencia-contra-periodistas-es"],"acf":[],"yoast_head":"<!-- This site is optimized with the Yoast SEO Premium plugin v22.6 (Yoast SEO v27.4) - https:\/\/yoast.com\/product\/yoast-seo-premium-wordpress\/ -->\n<title>Periodista brasile\u00f1o estuvo preso y fue liberado poco despu\u00e9s en Siria - LatAm Journalism Review<\/title>\n<meta name=\"description\" content=\"Periodista brasile\u00f1o estuvo preso y fue liberado poco despu\u00e9s en Siria Violencia contra periodistas. Latin American Journalism Review by The Knight Center at The University of Texas at Austin.\" \/>\n<meta name=\"robots\" content=\"index, follow, max-snippet:-1, max-image-preview:large, max-video-preview:-1\" \/>\n<link rel=\"canonical\" href=\"https:\/\/latamjournalismreview.org\/es\/articles\/en-lo-que-ya-esta-pareciendo-ser-mas-bien-un-intento-desesperado-de-silenciar-a-los-medios-de-comunicacion-de-su-pais-el-presidente-ecuatoriano-rafael-correa-llamo-a-los-ciudadanos-a-boicotear-a\/\" \/>\n<meta property=\"og:locale\" content=\"es_ES\" \/>\n<meta property=\"og:type\" content=\"article\" \/>\n<meta property=\"og:title\" content=\"Periodista brasile\u00f1o estuvo preso y fue liberado poco despu\u00e9s en Siria\" \/>\n<meta property=\"og:description\" content=\"Periodista brasile\u00f1o estuvo preso y fue liberado poco despu\u00e9s en Siria Violencia contra periodistas. Latin American Journalism Review by The Knight Center at The University of Texas at Austin.\" \/>\n<meta property=\"og:url\" content=\"https:\/\/latamjournalismreview.org\/es\/articles\/en-lo-que-ya-esta-pareciendo-ser-mas-bien-un-intento-desesperado-de-silenciar-a-los-medios-de-comunicacion-de-su-pais-el-presidente-ecuatoriano-rafael-correa-llamo-a-los-ciudadanos-a-boicotear-a\/\" \/>\n<meta property=\"og:site_name\" content=\"LatAm Journalism Review\" \/>\n<meta property=\"article:published_time\" content=\"2012-05-28T17:16:07+00:00\" \/>\n<meta property=\"article:modified_time\" content=\"2021-09-01T17:20:14+00:00\" \/>\n<meta name=\"author\" content=\"Natalia Mazotte\" \/>\n<meta name=\"twitter:card\" content=\"summary_large_image\" \/>\n<meta name=\"twitter:creator\" content=\"@LatAmJournalism\" \/>\n<meta name=\"twitter:site\" content=\"@LatAmJournalism\" \/>\n<meta name=\"twitter:label1\" content=\"Written by\" \/>\n\t<meta name=\"twitter:data1\" content=\"Natalia Mazotte\" \/>\n\t<meta name=\"twitter:label2\" content=\"Est. reading time\" \/>\n\t<meta name=\"twitter:data2\" content=\"1 minuto\" \/>\n<script type=\"application\/ld+json\" class=\"yoast-schema-graph\">{\"@context\":\"https:\\\/\\\/schema.org\",\"@graph\":[{\"@type\":\"Article\",\"@id\":\"https:\\\/\\\/latamjournalismreview.org\\\/es\\\/articles\\\/en-lo-que-ya-esta-pareciendo-ser-mas-bien-un-intento-desesperado-de-silenciar-a-los-medios-de-comunicacion-de-su-pais-el-presidente-ecuatoriano-rafael-correa-llamo-a-los-ciudadanos-a-boicotear-a\\\/#article\",\"isPartOf\":{\"@id\":\"https:\\\/\\\/latamjournalismreview.org\\\/es\\\/articles\\\/en-lo-que-ya-esta-pareciendo-ser-mas-bien-un-intento-desesperado-de-silenciar-a-los-medios-de-comunicacion-de-su-pais-el-presidente-ecuatoriano-rafael-correa-llamo-a-los-ciudadanos-a-boicotear-a\\\/\"},\"author\":{\"name\":\"Natalia Mazotte\",\"@id\":\"https:\\\/\\\/latamjournalismreview.org\\\/es\\\/#\\\/schema\\\/person\\\/747457e530d741a9d192f00c32c7f884\"},\"headline\":\"Periodista brasile\u00f1o estuvo preso y fue liberado poco despu\u00e9s en Siria\",\"datePublished\":\"2012-05-28T17:16:07+00:00\",\"dateModified\":\"2021-09-01T17:20:14+00:00\",\"mainEntityOfPage\":{\"@id\":\"https:\\\/\\\/latamjournalismreview.org\\\/es\\\/articles\\\/en-lo-que-ya-esta-pareciendo-ser-mas-bien-un-intento-desesperado-de-silenciar-a-los-medios-de-comunicacion-de-su-pais-el-presidente-ecuatoriano-rafael-correa-llamo-a-los-ciudadanos-a-boicotear-a\\\/\"},\"wordCount\":161,\"publisher\":{\"@id\":\"https:\\\/\\\/latamjournalismreview.org\\\/es\\\/#organization\"},\"articleSection\":[\"Violencia contra periodistas\"],\"inLanguage\":\"es\"},{\"@type\":\"WebPage\",\"@id\":\"https:\\\/\\\/latamjournalismreview.org\\\/es\\\/articles\\\/en-lo-que-ya-esta-pareciendo-ser-mas-bien-un-intento-desesperado-de-silenciar-a-los-medios-de-comunicacion-de-su-pais-el-presidente-ecuatoriano-rafael-correa-llamo-a-los-ciudadanos-a-boicotear-a\\\/\",\"url\":\"https:\\\/\\\/latamjournalismreview.org\\\/es\\\/articles\\\/en-lo-que-ya-esta-pareciendo-ser-mas-bien-un-intento-desesperado-de-silenciar-a-los-medios-de-comunicacion-de-su-pais-el-presidente-ecuatoriano-rafael-correa-llamo-a-los-ciudadanos-a-boicotear-a\\\/\",\"name\":\"Periodista brasile\u00f1o estuvo preso y fue liberado poco despu\u00e9s en Siria - LatAm Journalism Review\",\"isPartOf\":{\"@id\":\"https:\\\/\\\/latamjournalismreview.org\\\/es\\\/#website\"},\"datePublished\":\"2012-05-28T17:16:07+00:00\",\"dateModified\":\"2021-09-01T17:20:14+00:00\",\"description\":\"Periodista brasile\u00f1o estuvo preso y fue liberado poco despu\u00e9s en Siria Violencia contra periodistas. Latin American Journalism Review by The Knight Center at The University of Texas at Austin.\",\"breadcrumb\":{\"@id\":\"https:\\\/\\\/latamjournalismreview.org\\\/es\\\/articles\\\/en-lo-que-ya-esta-pareciendo-ser-mas-bien-un-intento-desesperado-de-silenciar-a-los-medios-de-comunicacion-de-su-pais-el-presidente-ecuatoriano-rafael-correa-llamo-a-los-ciudadanos-a-boicotear-a\\\/#breadcrumb\"},\"inLanguage\":\"es\",\"potentialAction\":[{\"@type\":\"ReadAction\",\"target\":[\"https:\\\/\\\/latamjournalismreview.org\\\/es\\\/articles\\\/en-lo-que-ya-esta-pareciendo-ser-mas-bien-un-intento-desesperado-de-silenciar-a-los-medios-de-comunicacion-de-su-pais-el-presidente-ecuatoriano-rafael-correa-llamo-a-los-ciudadanos-a-boicotear-a\\\/\"]}]},{\"@type\":\"BreadcrumbList\",\"@id\":\"https:\\\/\\\/latamjournalismreview.org\\\/es\\\/articles\\\/en-lo-que-ya-esta-pareciendo-ser-mas-bien-un-intento-desesperado-de-silenciar-a-los-medios-de-comunicacion-de-su-pais-el-presidente-ecuatoriano-rafael-correa-llamo-a-los-ciudadanos-a-boicotear-a\\\/#breadcrumb\",\"itemListElement\":[{\"@type\":\"ListItem\",\"position\":1,\"name\":\"Home\",\"item\":\"https:\\\/\\\/latamjournalismreview.org\\\/es\\\/\"},{\"@type\":\"ListItem\",\"position\":2,\"name\":\"Periodista brasile\u00f1o estuvo preso y fue liberado poco despu\u00e9s en Siria\"}]},{\"@type\":\"WebSite\",\"@id\":\"https:\\\/\\\/latamjournalismreview.org\\\/es\\\/#website\",\"url\":\"https:\\\/\\\/latamjournalismreview.org\\\/es\\\/\",\"name\":\"LatAm Journalism Review\",\"description\":\"Knight Center at The University of Texas\",\"publisher\":{\"@id\":\"https:\\\/\\\/latamjournalismreview.org\\\/es\\\/#organization\"},\"potentialAction\":[{\"@type\":\"SearchAction\",\"target\":{\"@type\":\"EntryPoint\",\"urlTemplate\":\"https:\\\/\\\/latamjournalismreview.org\\\/es\\\/?s={search_term_string}\"},\"query-input\":{\"@type\":\"PropertyValueSpecification\",\"valueRequired\":true,\"valueName\":\"search_term_string\"}}],\"inLanguage\":\"es\"},{\"@type\":\"Organization\",\"@id\":\"https:\\\/\\\/latamjournalismreview.org\\\/es\\\/#organization\",\"name\":\"LatAm Journalism Review\",\"url\":\"https:\\\/\\\/latamjournalismreview.org\\\/es\\\/\",\"logo\":{\"@type\":\"ImageObject\",\"inLanguage\":\"es\",\"@id\":\"https:\\\/\\\/latamjournalismreview.org\\\/es\\\/#\\\/schema\\\/logo\\\/image\\\/\",\"url\":\"https:\\\/\\\/latamjournalismreview.org\\\/wp-content\\\/uploads\\\/2020\\\/05\\\/knight-latAm-review-logo.svg\",\"contentUrl\":\"https:\\\/\\\/latamjournalismreview.org\\\/wp-content\\\/uploads\\\/2020\\\/05\\\/knight-latAm-review-logo.svg\",\"width\":\"1024\",\"height\":\"1024\",\"caption\":\"LatAm Journalism Review\"},\"image\":{\"@id\":\"https:\\\/\\\/latamjournalismreview.org\\\/es\\\/#\\\/schema\\\/logo\\\/image\\\/\"},\"sameAs\":[\"https:\\\/\\\/x.com\\\/LatAmJournalism\"]},{\"@type\":\"Person\",\"@id\":\"https:\\\/\\\/latamjournalismreview.org\\\/es\\\/#\\\/schema\\\/person\\\/747457e530d741a9d192f00c32c7f884\",\"name\":\"Natalia Mazotte\",\"url\":\"https:\\\/\\\/latamjournalismreview.org\\\/es\\\/articles\\\/author\\\/natalia-mazotte\\\/\"}]}<\/script>\n<!-- \/ Yoast SEO Premium plugin. -->","yoast_head_json":{"title":"Periodista brasile\u00f1o estuvo preso y fue liberado poco despu\u00e9s en Siria - LatAm Journalism Review","description":"Periodista brasile\u00f1o estuvo preso y fue liberado poco despu\u00e9s en Siria Violencia contra periodistas. Latin American Journalism Review by The Knight Center at The University of Texas at Austin.","robots":{"index":"index","follow":"follow","max-snippet":"max-snippet:-1","max-image-preview":"max-image-preview:large","max-video-preview":"max-video-preview:-1"},"canonical":"https:\/\/latamjournalismreview.org\/es\/articles\/en-lo-que-ya-esta-pareciendo-ser-mas-bien-un-intento-desesperado-de-silenciar-a-los-medios-de-comunicacion-de-su-pais-el-presidente-ecuatoriano-rafael-correa-llamo-a-los-ciudadanos-a-boicotear-a\/","og_locale":"es_ES","og_type":"article","og_title":"Periodista brasile\u00f1o estuvo preso y fue liberado poco despu\u00e9s en Siria","og_description":"Periodista brasile\u00f1o estuvo preso y fue liberado poco despu\u00e9s en Siria Violencia contra periodistas. Latin American Journalism Review by The Knight Center at The University of Texas at Austin.","og_url":"https:\/\/latamjournalismreview.org\/es\/articles\/en-lo-que-ya-esta-pareciendo-ser-mas-bien-un-intento-desesperado-de-silenciar-a-los-medios-de-comunicacion-de-su-pais-el-presidente-ecuatoriano-rafael-correa-llamo-a-los-ciudadanos-a-boicotear-a\/","og_site_name":"LatAm Journalism Review","article_published_time":"2012-05-28T17:16:07+00:00","article_modified_time":"2021-09-01T17:20:14+00:00","author":"Natalia Mazotte","twitter_card":"summary_large_image","twitter_creator":"@LatAmJournalism","twitter_site":"@LatAmJournalism","twitter_misc":{"Written by":"Natalia Mazotte","Est. reading time":"1 minuto"},"schema":{"@context":"https:\/\/schema.org","@graph":[{"@type":"Article","@id":"https:\/\/latamjournalismreview.org\/es\/articles\/en-lo-que-ya-esta-pareciendo-ser-mas-bien-un-intento-desesperado-de-silenciar-a-los-medios-de-comunicacion-de-su-pais-el-presidente-ecuatoriano-rafael-correa-llamo-a-los-ciudadanos-a-boicotear-a\/#article","isPartOf":{"@id":"https:\/\/latamjournalismreview.org\/es\/articles\/en-lo-que-ya-esta-pareciendo-ser-mas-bien-un-intento-desesperado-de-silenciar-a-los-medios-de-comunicacion-de-su-pais-el-presidente-ecuatoriano-rafael-correa-llamo-a-los-ciudadanos-a-boicotear-a\/"},"author":{"name":"Natalia Mazotte","@id":"https:\/\/latamjournalismreview.org\/es\/#\/schema\/person\/747457e530d741a9d192f00c32c7f884"},"headline":"Periodista brasile\u00f1o estuvo preso y fue liberado poco despu\u00e9s en Siria","datePublished":"2012-05-28T17:16:07+00:00","dateModified":"2021-09-01T17:20:14+00:00","mainEntityOfPage":{"@id":"https:\/\/latamjournalismreview.org\/es\/articles\/en-lo-que-ya-esta-pareciendo-ser-mas-bien-un-intento-desesperado-de-silenciar-a-los-medios-de-comunicacion-de-su-pais-el-presidente-ecuatoriano-rafael-correa-llamo-a-los-ciudadanos-a-boicotear-a\/"},"wordCount":161,"publisher":{"@id":"https:\/\/latamjournalismreview.org\/es\/#organization"},"articleSection":["Violencia contra periodistas"],"inLanguage":"es"},{"@type":"WebPage","@id":"https:\/\/latamjournalismreview.org\/es\/articles\/en-lo-que-ya-esta-pareciendo-ser-mas-bien-un-intento-desesperado-de-silenciar-a-los-medios-de-comunicacion-de-su-pais-el-presidente-ecuatoriano-rafael-correa-llamo-a-los-ciudadanos-a-boicotear-a\/","url":"https:\/\/latamjournalismreview.org\/es\/articles\/en-lo-que-ya-esta-pareciendo-ser-mas-bien-un-intento-desesperado-de-silenciar-a-los-medios-de-comunicacion-de-su-pais-el-presidente-ecuatoriano-rafael-correa-llamo-a-los-ciudadanos-a-boicotear-a\/","name":"Periodista brasile\u00f1o estuvo preso y fue liberado poco despu\u00e9s en Siria - LatAm Journalism Review","isPartOf":{"@id":"https:\/\/latamjournalismreview.org\/es\/#website"},"datePublished":"2012-05-28T17:16:07+00:00","dateModified":"2021-09-01T17:20:14+00:00","description":"Periodista brasile\u00f1o estuvo preso y fue liberado poco despu\u00e9s en Siria Violencia contra periodistas. Latin American Journalism Review by The Knight Center at The University of Texas at Austin.","breadcrumb":{"@id":"https:\/\/latamjournalismreview.org\/es\/articles\/en-lo-que-ya-esta-pareciendo-ser-mas-bien-un-intento-desesperado-de-silenciar-a-los-medios-de-comunicacion-de-su-pais-el-presidente-ecuatoriano-rafael-correa-llamo-a-los-ciudadanos-a-boicotear-a\/#breadcrumb"},"inLanguage":"es","potentialAction":[{"@type":"ReadAction","target":["https:\/\/latamjournalismreview.org\/es\/articles\/en-lo-que-ya-esta-pareciendo-ser-mas-bien-un-intento-desesperado-de-silenciar-a-los-medios-de-comunicacion-de-su-pais-el-presidente-ecuatoriano-rafael-correa-llamo-a-los-ciudadanos-a-boicotear-a\/"]}]},{"@type":"BreadcrumbList","@id":"https:\/\/latamjournalismreview.org\/es\/articles\/en-lo-que-ya-esta-pareciendo-ser-mas-bien-un-intento-desesperado-de-silenciar-a-los-medios-de-comunicacion-de-su-pais-el-presidente-ecuatoriano-rafael-correa-llamo-a-los-ciudadanos-a-boicotear-a\/#breadcrumb","itemListElement":[{"@type":"ListItem","position":1,"name":"Home","item":"https:\/\/latamjournalismreview.org\/es\/"},{"@type":"ListItem","position":2,"name":"Periodista brasile\u00f1o estuvo preso y fue liberado poco despu\u00e9s en Siria"}]},{"@type":"WebSite","@id":"https:\/\/latamjournalismreview.org\/es\/#website","url":"https:\/\/latamjournalismreview.org\/es\/","name":"LatAm Journalism Review","description":"Knight Center at The University of Texas","publisher":{"@id":"https:\/\/latamjournalismreview.org\/es\/#organization"},"potentialAction":[{"@type":"SearchAction","target":{"@type":"EntryPoint","urlTemplate":"https:\/\/latamjournalismreview.org\/es\/?s={search_term_string}"},"query-input":{"@type":"PropertyValueSpecification","valueRequired":true,"valueName":"search_term_string"}}],"inLanguage":"es"},{"@type":"Organization","@id":"https:\/\/latamjournalismreview.org\/es\/#organization","name":"LatAm Journalism Review","url":"https:\/\/latamjournalismreview.org\/es\/","logo":{"@type":"ImageObject","inLanguage":"es","@id":"https:\/\/latamjournalismreview.org\/es\/#\/schema\/logo\/image\/","url":"https:\/\/latamjournalismreview.org\/wp-content\/uploads\/2020\/05\/knight-latAm-review-logo.svg","contentUrl":"https:\/\/latamjournalismreview.org\/wp-content\/uploads\/2020\/05\/knight-latAm-review-logo.svg","width":"1024","height":"1024","caption":"LatAm Journalism Review"},"image":{"@id":"https:\/\/latamjournalismreview.org\/es\/#\/schema\/logo\/image\/"},"sameAs":["https:\/\/x.com\/LatAmJournalism"]},{"@type":"Person","@id":"https:\/\/latamjournalismreview.org\/es\/#\/schema\/person\/747457e530d741a9d192f00c32c7f884","name":"Natalia Mazotte","url":"https:\/\/latamjournalismreview.org\/es\/articles\/author\/natalia-mazotte\/"}]}},"_links":{"self":[{"href":"https:\/\/latamjournalismreview.org\/es\/wp-json\/wp\/v2\/posts\/29313","targetHints":{"allow":["GET"]}}],"collection":[{"href":"https:\/\/latamjournalismreview.org\/es\/wp-json\/wp\/v2\/posts"}],"about":[{"href":"https:\/\/latamjournalismreview.org\/es\/wp-json\/wp\/v2\/types\/post"}],"author":[{"embeddable":true,"href":"https:\/\/latamjournalismreview.org\/es\/wp-json\/wp\/v2\/users\/42"}],"replies":[{"embeddable":true,"href":"https:\/\/latamjournalismreview.org\/es\/wp-json\/wp\/v2\/comments?post=29313"}],"version-history":[{"count":2,"href":"https:\/\/latamjournalismreview.org\/es\/wp-json\/wp\/v2\/posts\/29313\/revisions"}],"predecessor-version":[{"id":29317,"href":"https:\/\/latamjournalismreview.org\/es\/wp-json\/wp\/v2\/posts\/29313\/revisions\/29317"}],"wp:attachment":[{"href":"https:\/\/latamjournalismreview.org\/es\/wp-json\/wp\/v2\/media?parent=29313"}],"wp:term":[{"taxonomy":"category","embeddable":true,"href":"https:\/\/latamjournalismreview.org\/es\/wp-json\/wp\/v2\/categories?post=29313"},{"taxonomy":"post_tag","embeddable":true,"href":"https:\/\/latamjournalismreview.org\/es\/wp-json\/wp\/v2\/tags?post=29313"},{"taxonomy":"author","embeddable":true,"href":"https:\/\/latamjournalismreview.org\/es\/wp-json\/wp\/v2\/coauthors?post=29313"}],"curies":[{"name":"wp","href":"https:\/\/api.w.org\/{rel}","templated":true}]}}