{"id":30371,"date":"2012-06-25T21:54:58","date_gmt":"2012-06-26T02:54:58","guid":{"rendered":"https:\/\/latamjournalismreview.org\/?p=30371"},"modified":"2021-09-07T21:56:35","modified_gmt":"2021-09-08T02:56:35","slug":"segun-wan-ifra-la-violencia-y-censura-pueden-debilitar-el-papel-de-la-prensa-por-la-proximidad-de-las-elecciones-en-venezuela","status":"publish","type":"post","link":"https:\/\/latamjournalismreview.org\/es\/articles\/segun-wan-ifra-la-violencia-y-censura-pueden-debilitar-el-papel-de-la-prensa-por-la-proximidad-de-las-elecciones-en-venezuela\/","title":{"rendered":"Seg\u00fan WAN-IFRA, la violencia y censura pueden debilitar el papel de la prensa por la pr\u00f3ximidad de las elecciones en Venezuela"},"content":{"rendered":"<p>Por Isabela Fraga<\/p>\n<p>A casi tres meses de las elecciones presidenciales en Venezuela,\u00a0<a href=\"http:\/\/www.wan-ifra.org\/es\/press-releases\/2012\/06\/19\/elecciones-venezolanas-ponen-en-peligro-a-la-prensa\" target=\"_blank\" rel=\"noopener\">se espera un aumento en los ataques contra la prensa y los periodistas<\/a>, alert\u00f3 la Asociaci\u00f3n Mundial de Peri\u00f3dicos y Editores de Noticias (WAN-IFRA, por sus siglas en ingl\u00e9s). Miembros de WAN-IFRA visitaron Venezuela entre el 4 y el 6 de junio, y encontraron un escenario de medios independientes polarizados y debilitados.<\/p>\n<p>Seg\u00fan WAN-IFRA, los 14 a\u00f1os del gobierno de Ch\u00e1vez incluyen\u00a0<a href=\"http:\/\/www.wan-ifra.org\/es\/press-releases\/2012\/06\/19\/elecciones-venezolanas-ponen-en-peligro-a-la-prensa\" target=\"_blank\" rel=\"noopener\">ataques contra periodistas, acoso jur\u00eddico a los medios<\/a>, legislaci\u00f3n restrictiva, distribuci\u00f3n desigual de la propaganda gubernamental y un gran aparato de medios estatales utilizados para desacreditar a los medios de la oposici\u00f3n.<\/p>\n<p>El 6 de junio, la\u00a0<a href=\"https:\/\/knightcenter.utexas.edu\/es\/blog\/00-10411-sociedad-interamericana-de-prensa-condena-agresiones-contra-periodistas-y-medios-de-co\" target=\"_blank\" rel=\"noopener\">Sociedad Interamericana de Prensa (SIP) conden\u00f3 las amenazas y agresiones contra periodistas<\/a>\u00a0y medios de comunicaci\u00f3n en el pa\u00eds. En un informe reciente,\u00a0<a href=\"https:\/\/knightcenter.utexas.edu\/es\/blog\/00-10249-amnistia-internacional-denuncia-restricciones-la-libertad-de-prensa-en-venezuela-en-su\" target=\"_blank\" rel=\"noopener\">Amnist\u00eda Internacional mencion\u00f3 las restricciones a la libertad de prensa<\/a>\u00a0en Venezuela, bajo la administraci\u00f3n de Hugo Ch\u00e1vez. Otro informe,\u00a0<a href=\"https:\/\/knightcenter.utexas.edu\/es\/blog\/00-9954-segun-informe-de-freedom-house-la-libertad-de-prensa-disminuye-en-las-americas-pero-se-\" target=\"_blank\" rel=\"noopener\">de la organizaci\u00f3n Freedom House<\/a>, de los Estados Unidos, arroj\u00f3 conclusiones similares.<\/p>\n<p>El\u00a0<strong>Centro Knight para el Periodismo en las Am\u00e9ricas<\/strong>\u00a0tiene registrado un aumento en los ataques contra los peri\u00f3dicos y otras publicaciones de Venezuela. En una semana,\u00a0<a href=\"http:\/\/knightcenter.utexas.edu\/es\/blog\/00-10409-periodico-venezolano-es-blanco-de-un-tercer-ataque-armado-contra-medios-de-comunicacio\" target=\"_blank\" rel=\"noopener\">tres medios de comunicaci\u00f3n del pa\u00eds fueron atacados<\/a>. Una\u00a0<a href=\"http:\/\/knightcenter.utexas.edu\/es\/blog\/00-10387-periodista-venezolana-amenazada-por-cubrimiento-de-conflicto-penitenciario-pide-protec\" target=\"_blank\" rel=\"noopener\">periodista del diario El Universal solicit\u00f3 protecci\u00f3n al Ministerio P\u00fablico<\/a>\u00a0venezolano debido a las amenazas que habr\u00eda recibido por la cobertura sobre conflictos penitenciarios.<\/p>\n<p><em>Nota del editor: Esta historia fue publicada originalmente en el blog Periodismo en las Am\u00e9ricas del Centro Knight, el predecesor de LatAm Journalism Review.<\/em><\/p>\n","protected":false},"excerpt":{"rendered":"<p>A casi tres meses de las elecciones presidenciales en Venezuela,\u00a0se espera un aumento en los ataques contra la prensa y los periodistas, alert\u00f3 la Asociaci\u00f3n Mundial de Peri\u00f3dicos y Editores de Noticias (WAN-IFRA, por sus siglas en ingl\u00e9s). Miembros de WAN-IFRA visitaron Venezuela entre el 4 y el 6 de junio, y encontraron un escenario de medios independientes polarizados y debilitados.<\/p>\n","protected":false},"author":17,"featured_media":0,"comment_status":"closed","ping_status":"closed","sticky":false,"template":"","format":"standard","meta":{"inline_featured_image":false,"footnotes":""},"categories":[1220],"tags":[1404,1545,1405],"coauthors":[],"class_list":["post-30371","post","type-post","status-publish","format-standard","hentry","category-libertad-de-prensa-es","tag-censura-es","tag-elecciones-es","tag-venezuela-es-2"],"acf":[],"yoast_head":"<!-- This site is optimized with the Yoast SEO Premium plugin v22.6 (Yoast SEO v27.4) - https:\/\/yoast.com\/product\/yoast-seo-premium-wordpress\/ -->\n<title>Seg\u00fan WAN-IFRA, la violencia y censura pueden debilitar el papel de la prensa por la pr\u00f3ximidad de las elecciones en Venezuela - LatAm Journalism Review<\/title>\n<meta name=\"description\" content=\"Seg\u00fan WAN-IFRA, la violencia y censura pueden debilitar el papel de la prensa por la pr\u00f3ximidad de las elecciones en Venezuela Libertad de prensa. Latin American Journalism Review by The Knight Center at The University of Texas at Austin.\" \/>\n<meta name=\"robots\" content=\"index, follow, max-snippet:-1, max-image-preview:large, max-video-preview:-1\" \/>\n<link rel=\"canonical\" href=\"https:\/\/latamjournalismreview.org\/es\/articles\/segun-wan-ifra-la-violencia-y-censura-pueden-debilitar-el-papel-de-la-prensa-por-la-proximidad-de-las-elecciones-en-venezuela\/\" \/>\n<meta property=\"og:locale\" content=\"es_ES\" \/>\n<meta property=\"og:type\" content=\"article\" \/>\n<meta property=\"og:title\" content=\"Seg\u00fan WAN-IFRA, la violencia y censura pueden debilitar el papel de la prensa por la pr\u00f3ximidad de las elecciones en Venezuela\" \/>\n<meta property=\"og:description\" content=\"Seg\u00fan WAN-IFRA, la violencia y censura pueden debilitar el papel de la prensa por la pr\u00f3ximidad de las elecciones en Venezuela Libertad de prensa. Latin American Journalism Review by The Knight Center at The University of Texas at Austin.\" \/>\n<meta property=\"og:url\" content=\"https:\/\/latamjournalismreview.org\/es\/articles\/segun-wan-ifra-la-violencia-y-censura-pueden-debilitar-el-papel-de-la-prensa-por-la-proximidad-de-las-elecciones-en-venezuela\/\" \/>\n<meta property=\"og:site_name\" content=\"LatAm Journalism Review\" \/>\n<meta property=\"article:published_time\" content=\"2012-06-26T02:54:58+00:00\" \/>\n<meta property=\"article:modified_time\" content=\"2021-09-08T02:56:35+00:00\" \/>\n<meta name=\"author\" content=\"Guest\" \/>\n<meta name=\"twitter:card\" content=\"summary_large_image\" \/>\n<meta name=\"twitter:creator\" content=\"@LatAmJournalism\" \/>\n<meta name=\"twitter:site\" content=\"@LatAmJournalism\" \/>\n<meta name=\"twitter:label1\" content=\"Written by\" \/>\n\t<meta name=\"twitter:data1\" content=\"Guest\" \/>\n\t<meta name=\"twitter:label2\" content=\"Est. reading time\" \/>\n\t<meta name=\"twitter:data2\" content=\"1 minuto\" \/>\n<script type=\"application\/ld+json\" class=\"yoast-schema-graph\">{\"@context\":\"https:\\\/\\\/schema.org\",\"@graph\":[{\"@type\":\"Article\",\"@id\":\"https:\\\/\\\/latamjournalismreview.org\\\/es\\\/articles\\\/segun-wan-ifra-la-violencia-y-censura-pueden-debilitar-el-papel-de-la-prensa-por-la-proximidad-de-las-elecciones-en-venezuela\\\/#article\",\"isPartOf\":{\"@id\":\"https:\\\/\\\/latamjournalismreview.org\\\/es\\\/articles\\\/segun-wan-ifra-la-violencia-y-censura-pueden-debilitar-el-papel-de-la-prensa-por-la-proximidad-de-las-elecciones-en-venezuela\\\/\"},\"author\":{\"name\":\"Guest\",\"@id\":\"https:\\\/\\\/latamjournalismreview.org\\\/es\\\/#\\\/schema\\\/person\\\/0315202e0b3c0963a2440f1c3012c360\"},\"headline\":\"Seg\u00fan WAN-IFRA, la violencia y censura pueden debilitar el papel de la prensa por la pr\u00f3ximidad de las elecciones en Venezuela\",\"datePublished\":\"2012-06-26T02:54:58+00:00\",\"dateModified\":\"2021-09-08T02:56:35+00:00\",\"mainEntityOfPage\":{\"@id\":\"https:\\\/\\\/latamjournalismreview.org\\\/es\\\/articles\\\/segun-wan-ifra-la-violencia-y-censura-pueden-debilitar-el-papel-de-la-prensa-por-la-proximidad-de-las-elecciones-en-venezuela\\\/\"},\"wordCount\":294,\"publisher\":{\"@id\":\"https:\\\/\\\/latamjournalismreview.org\\\/es\\\/#organization\"},\"keywords\":[\"Censura\",\"Elecciones\",\"Venezuela\"],\"articleSection\":[\"Libertad de prensa\"],\"inLanguage\":\"es\"},{\"@type\":\"WebPage\",\"@id\":\"https:\\\/\\\/latamjournalismreview.org\\\/es\\\/articles\\\/segun-wan-ifra-la-violencia-y-censura-pueden-debilitar-el-papel-de-la-prensa-por-la-proximidad-de-las-elecciones-en-venezuela\\\/\",\"url\":\"https:\\\/\\\/latamjournalismreview.org\\\/es\\\/articles\\\/segun-wan-ifra-la-violencia-y-censura-pueden-debilitar-el-papel-de-la-prensa-por-la-proximidad-de-las-elecciones-en-venezuela\\\/\",\"name\":\"Seg\u00fan WAN-IFRA, la violencia y censura pueden debilitar el papel de la prensa por la pr\u00f3ximidad de las elecciones en Venezuela - LatAm Journalism Review\",\"isPartOf\":{\"@id\":\"https:\\\/\\\/latamjournalismreview.org\\\/es\\\/#website\"},\"datePublished\":\"2012-06-26T02:54:58+00:00\",\"dateModified\":\"2021-09-08T02:56:35+00:00\",\"description\":\"Seg\u00fan WAN-IFRA, la violencia y censura pueden debilitar el papel de la prensa por la pr\u00f3ximidad de las elecciones en Venezuela Libertad de prensa. Latin American Journalism Review by The Knight Center at The University of Texas at Austin.\",\"breadcrumb\":{\"@id\":\"https:\\\/\\\/latamjournalismreview.org\\\/es\\\/articles\\\/segun-wan-ifra-la-violencia-y-censura-pueden-debilitar-el-papel-de-la-prensa-por-la-proximidad-de-las-elecciones-en-venezuela\\\/#breadcrumb\"},\"inLanguage\":\"es\",\"potentialAction\":[{\"@type\":\"ReadAction\",\"target\":[\"https:\\\/\\\/latamjournalismreview.org\\\/es\\\/articles\\\/segun-wan-ifra-la-violencia-y-censura-pueden-debilitar-el-papel-de-la-prensa-por-la-proximidad-de-las-elecciones-en-venezuela\\\/\"]}]},{\"@type\":\"BreadcrumbList\",\"@id\":\"https:\\\/\\\/latamjournalismreview.org\\\/es\\\/articles\\\/segun-wan-ifra-la-violencia-y-censura-pueden-debilitar-el-papel-de-la-prensa-por-la-proximidad-de-las-elecciones-en-venezuela\\\/#breadcrumb\",\"itemListElement\":[{\"@type\":\"ListItem\",\"position\":1,\"name\":\"Home\",\"item\":\"https:\\\/\\\/latamjournalismreview.org\\\/es\\\/\"},{\"@type\":\"ListItem\",\"position\":2,\"name\":\"Seg\u00fan WAN-IFRA, la violencia y censura pueden debilitar el papel de la prensa por la pr\u00f3ximidad de las elecciones en Venezuela\"}]},{\"@type\":\"WebSite\",\"@id\":\"https:\\\/\\\/latamjournalismreview.org\\\/es\\\/#website\",\"url\":\"https:\\\/\\\/latamjournalismreview.org\\\/es\\\/\",\"name\":\"LatAm Journalism Review\",\"description\":\"Knight Center at The University of Texas\",\"publisher\":{\"@id\":\"https:\\\/\\\/latamjournalismreview.org\\\/es\\\/#organization\"},\"potentialAction\":[{\"@type\":\"SearchAction\",\"target\":{\"@type\":\"EntryPoint\",\"urlTemplate\":\"https:\\\/\\\/latamjournalismreview.org\\\/es\\\/?s={search_term_string}\"},\"query-input\":{\"@type\":\"PropertyValueSpecification\",\"valueRequired\":true,\"valueName\":\"search_term_string\"}}],\"inLanguage\":\"es\"},{\"@type\":\"Organization\",\"@id\":\"https:\\\/\\\/latamjournalismreview.org\\\/es\\\/#organization\",\"name\":\"LatAm Journalism Review\",\"url\":\"https:\\\/\\\/latamjournalismreview.org\\\/es\\\/\",\"logo\":{\"@type\":\"ImageObject\",\"inLanguage\":\"es\",\"@id\":\"https:\\\/\\\/latamjournalismreview.org\\\/es\\\/#\\\/schema\\\/logo\\\/image\\\/\",\"url\":\"https:\\\/\\\/latamjournalismreview.org\\\/wp-content\\\/uploads\\\/2020\\\/05\\\/knight-latAm-review-logo.svg\",\"contentUrl\":\"https:\\\/\\\/latamjournalismreview.org\\\/wp-content\\\/uploads\\\/2020\\\/05\\\/knight-latAm-review-logo.svg\",\"width\":\"1024\",\"height\":\"1024\",\"caption\":\"LatAm Journalism Review\"},\"image\":{\"@id\":\"https:\\\/\\\/latamjournalismreview.org\\\/es\\\/#\\\/schema\\\/logo\\\/image\\\/\"},\"sameAs\":[\"https:\\\/\\\/x.com\\\/LatAmJournalism\"]},{\"@type\":\"Person\",\"@id\":\"https:\\\/\\\/latamjournalismreview.org\\\/es\\\/#\\\/schema\\\/person\\\/0315202e0b3c0963a2440f1c3012c360\",\"name\":\"Guest\",\"url\":\"https:\\\/\\\/latamjournalismreview.org\\\/es\\\/articles\\\/author\\\/guest\\\/\"}]}<\/script>\n<!-- \/ Yoast SEO Premium plugin. -->","yoast_head_json":{"title":"Seg\u00fan WAN-IFRA, la violencia y censura pueden debilitar el papel de la prensa por la pr\u00f3ximidad de las elecciones en Venezuela - LatAm Journalism Review","description":"Seg\u00fan WAN-IFRA, la violencia y censura pueden debilitar el papel de la prensa por la pr\u00f3ximidad de las elecciones en Venezuela Libertad de prensa. Latin American Journalism Review by The Knight Center at The University of Texas at Austin.","robots":{"index":"index","follow":"follow","max-snippet":"max-snippet:-1","max-image-preview":"max-image-preview:large","max-video-preview":"max-video-preview:-1"},"canonical":"https:\/\/latamjournalismreview.org\/es\/articles\/segun-wan-ifra-la-violencia-y-censura-pueden-debilitar-el-papel-de-la-prensa-por-la-proximidad-de-las-elecciones-en-venezuela\/","og_locale":"es_ES","og_type":"article","og_title":"Seg\u00fan WAN-IFRA, la violencia y censura pueden debilitar el papel de la prensa por la pr\u00f3ximidad de las elecciones en Venezuela","og_description":"Seg\u00fan WAN-IFRA, la violencia y censura pueden debilitar el papel de la prensa por la pr\u00f3ximidad de las elecciones en Venezuela Libertad de prensa. Latin American Journalism Review by The Knight Center at The University of Texas at Austin.","og_url":"https:\/\/latamjournalismreview.org\/es\/articles\/segun-wan-ifra-la-violencia-y-censura-pueden-debilitar-el-papel-de-la-prensa-por-la-proximidad-de-las-elecciones-en-venezuela\/","og_site_name":"LatAm Journalism Review","article_published_time":"2012-06-26T02:54:58+00:00","article_modified_time":"2021-09-08T02:56:35+00:00","author":"Guest","twitter_card":"summary_large_image","twitter_creator":"@LatAmJournalism","twitter_site":"@LatAmJournalism","twitter_misc":{"Written by":"Guest","Est. reading time":"1 minuto"},"schema":{"@context":"https:\/\/schema.org","@graph":[{"@type":"Article","@id":"https:\/\/latamjournalismreview.org\/es\/articles\/segun-wan-ifra-la-violencia-y-censura-pueden-debilitar-el-papel-de-la-prensa-por-la-proximidad-de-las-elecciones-en-venezuela\/#article","isPartOf":{"@id":"https:\/\/latamjournalismreview.org\/es\/articles\/segun-wan-ifra-la-violencia-y-censura-pueden-debilitar-el-papel-de-la-prensa-por-la-proximidad-de-las-elecciones-en-venezuela\/"},"author":{"name":"Guest","@id":"https:\/\/latamjournalismreview.org\/es\/#\/schema\/person\/0315202e0b3c0963a2440f1c3012c360"},"headline":"Seg\u00fan WAN-IFRA, la violencia y censura pueden debilitar el papel de la prensa por la pr\u00f3ximidad de las elecciones en Venezuela","datePublished":"2012-06-26T02:54:58+00:00","dateModified":"2021-09-08T02:56:35+00:00","mainEntityOfPage":{"@id":"https:\/\/latamjournalismreview.org\/es\/articles\/segun-wan-ifra-la-violencia-y-censura-pueden-debilitar-el-papel-de-la-prensa-por-la-proximidad-de-las-elecciones-en-venezuela\/"},"wordCount":294,"publisher":{"@id":"https:\/\/latamjournalismreview.org\/es\/#organization"},"keywords":["Censura","Elecciones","Venezuela"],"articleSection":["Libertad de prensa"],"inLanguage":"es"},{"@type":"WebPage","@id":"https:\/\/latamjournalismreview.org\/es\/articles\/segun-wan-ifra-la-violencia-y-censura-pueden-debilitar-el-papel-de-la-prensa-por-la-proximidad-de-las-elecciones-en-venezuela\/","url":"https:\/\/latamjournalismreview.org\/es\/articles\/segun-wan-ifra-la-violencia-y-censura-pueden-debilitar-el-papel-de-la-prensa-por-la-proximidad-de-las-elecciones-en-venezuela\/","name":"Seg\u00fan WAN-IFRA, la violencia y censura pueden debilitar el papel de la prensa por la pr\u00f3ximidad de las elecciones en Venezuela - LatAm Journalism Review","isPartOf":{"@id":"https:\/\/latamjournalismreview.org\/es\/#website"},"datePublished":"2012-06-26T02:54:58+00:00","dateModified":"2021-09-08T02:56:35+00:00","description":"Seg\u00fan WAN-IFRA, la violencia y censura pueden debilitar el papel de la prensa por la pr\u00f3ximidad de las elecciones en Venezuela Libertad de prensa. Latin American Journalism Review by The Knight Center at The University of Texas at Austin.","breadcrumb":{"@id":"https:\/\/latamjournalismreview.org\/es\/articles\/segun-wan-ifra-la-violencia-y-censura-pueden-debilitar-el-papel-de-la-prensa-por-la-proximidad-de-las-elecciones-en-venezuela\/#breadcrumb"},"inLanguage":"es","potentialAction":[{"@type":"ReadAction","target":["https:\/\/latamjournalismreview.org\/es\/articles\/segun-wan-ifra-la-violencia-y-censura-pueden-debilitar-el-papel-de-la-prensa-por-la-proximidad-de-las-elecciones-en-venezuela\/"]}]},{"@type":"BreadcrumbList","@id":"https:\/\/latamjournalismreview.org\/es\/articles\/segun-wan-ifra-la-violencia-y-censura-pueden-debilitar-el-papel-de-la-prensa-por-la-proximidad-de-las-elecciones-en-venezuela\/#breadcrumb","itemListElement":[{"@type":"ListItem","position":1,"name":"Home","item":"https:\/\/latamjournalismreview.org\/es\/"},{"@type":"ListItem","position":2,"name":"Seg\u00fan WAN-IFRA, la violencia y censura pueden debilitar el papel de la prensa por la pr\u00f3ximidad de las elecciones en Venezuela"}]},{"@type":"WebSite","@id":"https:\/\/latamjournalismreview.org\/es\/#website","url":"https:\/\/latamjournalismreview.org\/es\/","name":"LatAm Journalism Review","description":"Knight Center at The University of Texas","publisher":{"@id":"https:\/\/latamjournalismreview.org\/es\/#organization"},"potentialAction":[{"@type":"SearchAction","target":{"@type":"EntryPoint","urlTemplate":"https:\/\/latamjournalismreview.org\/es\/?s={search_term_string}"},"query-input":{"@type":"PropertyValueSpecification","valueRequired":true,"valueName":"search_term_string"}}],"inLanguage":"es"},{"@type":"Organization","@id":"https:\/\/latamjournalismreview.org\/es\/#organization","name":"LatAm Journalism Review","url":"https:\/\/latamjournalismreview.org\/es\/","logo":{"@type":"ImageObject","inLanguage":"es","@id":"https:\/\/latamjournalismreview.org\/es\/#\/schema\/logo\/image\/","url":"https:\/\/latamjournalismreview.org\/wp-content\/uploads\/2020\/05\/knight-latAm-review-logo.svg","contentUrl":"https:\/\/latamjournalismreview.org\/wp-content\/uploads\/2020\/05\/knight-latAm-review-logo.svg","width":"1024","height":"1024","caption":"LatAm Journalism Review"},"image":{"@id":"https:\/\/latamjournalismreview.org\/es\/#\/schema\/logo\/image\/"},"sameAs":["https:\/\/x.com\/LatAmJournalism"]},{"@type":"Person","@id":"https:\/\/latamjournalismreview.org\/es\/#\/schema\/person\/0315202e0b3c0963a2440f1c3012c360","name":"Guest","url":"https:\/\/latamjournalismreview.org\/es\/articles\/author\/guest\/"}]}},"_links":{"self":[{"href":"https:\/\/latamjournalismreview.org\/es\/wp-json\/wp\/v2\/posts\/30371","targetHints":{"allow":["GET"]}}],"collection":[{"href":"https:\/\/latamjournalismreview.org\/es\/wp-json\/wp\/v2\/posts"}],"about":[{"href":"https:\/\/latamjournalismreview.org\/es\/wp-json\/wp\/v2\/types\/post"}],"author":[{"embeddable":true,"href":"https:\/\/latamjournalismreview.org\/es\/wp-json\/wp\/v2\/users\/17"}],"replies":[{"embeddable":true,"href":"https:\/\/latamjournalismreview.org\/es\/wp-json\/wp\/v2\/comments?post=30371"}],"version-history":[{"count":2,"href":"https:\/\/latamjournalismreview.org\/es\/wp-json\/wp\/v2\/posts\/30371\/revisions"}],"predecessor-version":[{"id":30374,"href":"https:\/\/latamjournalismreview.org\/es\/wp-json\/wp\/v2\/posts\/30371\/revisions\/30374"}],"wp:attachment":[{"href":"https:\/\/latamjournalismreview.org\/es\/wp-json\/wp\/v2\/media?parent=30371"}],"wp:term":[{"taxonomy":"category","embeddable":true,"href":"https:\/\/latamjournalismreview.org\/es\/wp-json\/wp\/v2\/categories?post=30371"},{"taxonomy":"post_tag","embeddable":true,"href":"https:\/\/latamjournalismreview.org\/es\/wp-json\/wp\/v2\/tags?post=30371"},{"taxonomy":"author","embeddable":true,"href":"https:\/\/latamjournalismreview.org\/es\/wp-json\/wp\/v2\/coauthors?post=30371"}],"curies":[{"name":"wp","href":"https:\/\/api.w.org\/{rel}","templated":true}]}}