{"id":30467,"date":"2012-06-21T09:51:34","date_gmt":"2012-06-21T14:51:34","guid":{"rendered":"https:\/\/latamjournalismreview.org\/?p=30467"},"modified":"2021-09-08T09:53:09","modified_gmt":"2021-09-08T14:53:09","slug":"desaparece-otro-reportero-en-el-centro-de-mexico","status":"publish","type":"post","link":"https:\/\/latamjournalismreview.org\/es\/articles\/desaparece-otro-reportero-en-el-centro-de-mexico\/","title":{"rendered":"Desaparece otro reportero en el centro de M\u00e9xico"},"content":{"rendered":"<p>Un\u00a0<a href=\"http:\/\/www.jornada.unam.mx\/ultimas\/2012\/06\/20\/164027091-denuncian-ante-pgr-desaparicion-de-periodista-en-slp\" target=\"_blank\" rel=\"noopener\">reportero mexicano fue reportado como desaparecido<\/a>\u00a0en el estado central de\u00a0<a href=\"http:\/\/es.wikipedia.org\/wiki\/San_Luis_Potos%C3%AD\" target=\"_blank\" rel=\"noopener\">San Luis Potos\u00ed<\/a>, de acuerdo con la agencia Notimex.<\/p>\n<p>Familiares del periodista Federico Manuel Garc\u00eda Contreras, del diario\u00a0<a href=\"http:\/\/www.elpuntocritico.com\/\" target=\"_blank\" rel=\"noopener\">El Punto Cr\u00edtico<\/a>, denunciaron la desaparici\u00f3n ante la Fiscal\u00eda Especial para la Atenci\u00f3n de Delitos contra Periodistas.<\/p>\n<p>Marisol Garc\u00eda, hija del periodista que tambi\u00e9n colabora en el programa de radio Voces del Mediod\u00eda, dijo que su padre tom\u00f3 un autobu\u00fas el 13 de mayo desde la Ciudad de M\u00e9xico hacia\u00a0<a href=\"http:\/\/es.wikipedia.org\/wiki\/Tanqui%C3%A1n_de_Escobedo_%28municipio%29\" target=\"_blank\" rel=\"noopener\">Tanqui\u00e1n de Escobedo<\/a>\u00a0(en los l\u00edmites con\u00a0<a href=\"http:\/\/knightcenter.utexas.edu\/es\/blog\/00-10014-en-veracruz-periodistas-mexicanos-tienen-tanto-que-temer-de-las-autoridades-como-del-c\" target=\"_blank\" rel=\"noopener\">Veracruz, el estado m\u00e1s peligroso para la prensa en M\u00e9xico<\/a>) . Ese d\u00eda, el reportero llam\u00f3 para decirle que hab\u00eda llegado bien y que se hospedaba en una casa de hu\u00e9spedes. Al d\u00eda siguiente, les cont\u00f3 que el jefe de la polic\u00eda municipal le prohibi\u00f3 realizar entrevistas debido a que en ese poblado hay\u00a0<a href=\"http:\/\/noticias.terra.com.mx\/mexico\/estados\/investiga-slp-desaparicion-de-reportero,888032e893d08310VgnVCM3000009acceb0aRCRD.html\" target=\"_blank\" rel=\"noopener\">disputas del crimen organizado<\/a>, de acuerdo con el peri\u00f3dico Reforma.<\/p>\n<p>En otra llamada telef\u00f3nica, el reportero gr\u00e1fico le dijo a su pareja sentimental que hab\u00eda discutido con el comandante Jos\u00e9 Alberto Troas, quien le advirti\u00f3 que ir\u00eda hasta la Ciudad de M\u00e9xico para corroborar que era periodista, seg\u00fan reporta la agencia Proceso.<\/p>\n<p>El 23 de mayo, la due\u00f1a de la casa de hu\u00e9spedes se comunic\u00f3 con un amigo del periodista para informarle que ten\u00eda una semana sin saber de Garc\u00eda Contreras, de acuerdo con Notimex.<\/p>\n<p>El comandante Troas les dijo que el\u00a0<a href=\"http:\/\/www.lajornadasanluis.com.mx\/2012\/06\/21\/pol1.php\" target=\"_blank\" rel=\"noopener\">periodista fue arrestado<\/a>\u00a0el 18 de mayo por alterar el orden p\u00fablico en una reuni\u00f3n de maestros y que se encontraba en estado de ebriedad, seg\u00fan informa el diario La Jornada de San Luis. Sin embargo, los familiares hallaron contradicciones pues el examen m\u00e9dico en la comandancia est\u00e1 fechado el 17 de mayo (y no el 18) y la doctora que lo practic\u00f3 asegur\u00f3 que el periodista no presentaba signos de haber ingerido alcohol, informa Proceso.<\/p>\n<p>Con este caso, suman 16 casos de\u00a0<a href=\"http:\/\/knightcenter.utexas.edu\/es\/blog\/00-10486-reportera-desaparecida-en-mexico-llama-programa-de-radio-para-pedir-ayuda\" target=\"_blank\" rel=\"noopener\">desaparici\u00f3n forzada de periodistas en M\u00e9xico<\/a>, el pa\u00eds m\u00e1s peligroso para la prensa en el continente americano. Consulte este\u00a0<a href=\"http:\/\/knightcenter.utexas.edu\/es\/blog\/mapa-del-centro-knight-da-cuenta-de-las-amenazas-al-periodismo-en-mexico\" target=\"_blank\" rel=\"noopener\">mapa sobre los ataques contra la prensa en M\u00e9xico<\/a>\u00a0elaborado por el\u00a0<b>Centro Knight para el Periodismo en las Am\u00e9ricas<\/b>.<\/p>\n<p><em>Nota del editor: Esta historia fue publicada originalmente en el blog Periodismo en las Am\u00e9ricas del Centro Knight, el predecesor de LatAm Journalism Review.<\/em><\/p>\n","protected":false},"excerpt":{"rendered":"<p>Un\u00a0reportero mexicano fue reportado como desaparecido\u00a0en el estado central de\u00a0San Luis Potos\u00ed, de acuerdo con la agencia Notimex.<\/p>\n","protected":false},"author":40,"featured_media":0,"comment_status":"closed","ping_status":"closed","sticky":false,"template":"","format":"standard","meta":{"inline_featured_image":false,"footnotes":""},"categories":[1222],"tags":[1479,1393],"coauthors":[],"class_list":["post-30467","post","type-post","status-publish","format-standard","hentry","category-violencia-contra-periodistas-es","tag-asesinato-de-periodistas-es","tag-mexico-es"],"acf":[],"yoast_head":"<!-- This site is optimized with the Yoast SEO Premium plugin v22.6 (Yoast SEO v27.4) - https:\/\/yoast.com\/product\/yoast-seo-premium-wordpress\/ -->\n<title>Desaparece otro reportero en el centro de M\u00e9xico - LatAm Journalism Review<\/title>\n<meta name=\"description\" content=\"Desaparece otro reportero en el centro de M\u00e9xico Violencia contra periodistas. Latin American Journalism Review by The Knight Center at The University of Texas at Austin.\" \/>\n<meta name=\"robots\" content=\"index, follow, max-snippet:-1, max-image-preview:large, max-video-preview:-1\" \/>\n<link rel=\"canonical\" href=\"https:\/\/latamjournalismreview.org\/es\/articles\/desaparece-otro-reportero-en-el-centro-de-mexico\/\" \/>\n<meta property=\"og:locale\" content=\"es_ES\" \/>\n<meta property=\"og:type\" content=\"article\" \/>\n<meta property=\"og:title\" content=\"Desaparece otro reportero en el centro de M\u00e9xico\" \/>\n<meta property=\"og:description\" content=\"Desaparece otro reportero en el centro de M\u00e9xico Violencia contra periodistas. Latin American Journalism Review by The Knight Center at The University of Texas at Austin.\" \/>\n<meta property=\"og:url\" content=\"https:\/\/latamjournalismreview.org\/es\/articles\/desaparece-otro-reportero-en-el-centro-de-mexico\/\" \/>\n<meta property=\"og:site_name\" content=\"LatAm Journalism Review\" \/>\n<meta property=\"article:published_time\" content=\"2012-06-21T14:51:34+00:00\" \/>\n<meta property=\"article:modified_time\" content=\"2021-09-08T14:53:09+00:00\" \/>\n<meta name=\"author\" content=\"Tania Lara\" \/>\n<meta name=\"twitter:card\" content=\"summary_large_image\" \/>\n<meta name=\"twitter:creator\" content=\"@LatAmJournalism\" \/>\n<meta name=\"twitter:site\" content=\"@LatAmJournalism\" \/>\n<meta name=\"twitter:label1\" content=\"Written by\" \/>\n\t<meta name=\"twitter:data1\" content=\"Tania Lara\" \/>\n\t<meta name=\"twitter:label2\" content=\"Est. reading time\" \/>\n\t<meta name=\"twitter:data2\" content=\"2 minutos\" \/>\n<script type=\"application\/ld+json\" class=\"yoast-schema-graph\">{\"@context\":\"https:\\\/\\\/schema.org\",\"@graph\":[{\"@type\":\"Article\",\"@id\":\"https:\\\/\\\/latamjournalismreview.org\\\/es\\\/articles\\\/desaparece-otro-reportero-en-el-centro-de-mexico\\\/#article\",\"isPartOf\":{\"@id\":\"https:\\\/\\\/latamjournalismreview.org\\\/es\\\/articles\\\/desaparece-otro-reportero-en-el-centro-de-mexico\\\/\"},\"author\":{\"name\":\"Tania Lara\",\"@id\":\"https:\\\/\\\/latamjournalismreview.org\\\/es\\\/#\\\/schema\\\/person\\\/51558925140f21242c6ed2d20b8260c5\"},\"headline\":\"Desaparece otro reportero en el centro de M\u00e9xico\",\"datePublished\":\"2012-06-21T14:51:34+00:00\",\"dateModified\":\"2021-09-08T14:53:09+00:00\",\"mainEntityOfPage\":{\"@id\":\"https:\\\/\\\/latamjournalismreview.org\\\/es\\\/articles\\\/desaparece-otro-reportero-en-el-centro-de-mexico\\\/\"},\"wordCount\":422,\"publisher\":{\"@id\":\"https:\\\/\\\/latamjournalismreview.org\\\/es\\\/#organization\"},\"keywords\":[\"Asesinato de periodista\",\"M\u00e9xico\"],\"articleSection\":[\"Violencia contra periodistas\"],\"inLanguage\":\"es\"},{\"@type\":\"WebPage\",\"@id\":\"https:\\\/\\\/latamjournalismreview.org\\\/es\\\/articles\\\/desaparece-otro-reportero-en-el-centro-de-mexico\\\/\",\"url\":\"https:\\\/\\\/latamjournalismreview.org\\\/es\\\/articles\\\/desaparece-otro-reportero-en-el-centro-de-mexico\\\/\",\"name\":\"Desaparece otro reportero en el centro de M\u00e9xico - LatAm Journalism Review\",\"isPartOf\":{\"@id\":\"https:\\\/\\\/latamjournalismreview.org\\\/es\\\/#website\"},\"datePublished\":\"2012-06-21T14:51:34+00:00\",\"dateModified\":\"2021-09-08T14:53:09+00:00\",\"description\":\"Desaparece otro reportero en el centro de M\u00e9xico Violencia contra periodistas. Latin American Journalism Review by The Knight Center at The University of Texas at Austin.\",\"breadcrumb\":{\"@id\":\"https:\\\/\\\/latamjournalismreview.org\\\/es\\\/articles\\\/desaparece-otro-reportero-en-el-centro-de-mexico\\\/#breadcrumb\"},\"inLanguage\":\"es\",\"potentialAction\":[{\"@type\":\"ReadAction\",\"target\":[\"https:\\\/\\\/latamjournalismreview.org\\\/es\\\/articles\\\/desaparece-otro-reportero-en-el-centro-de-mexico\\\/\"]}]},{\"@type\":\"BreadcrumbList\",\"@id\":\"https:\\\/\\\/latamjournalismreview.org\\\/es\\\/articles\\\/desaparece-otro-reportero-en-el-centro-de-mexico\\\/#breadcrumb\",\"itemListElement\":[{\"@type\":\"ListItem\",\"position\":1,\"name\":\"Home\",\"item\":\"https:\\\/\\\/latamjournalismreview.org\\\/es\\\/\"},{\"@type\":\"ListItem\",\"position\":2,\"name\":\"Desaparece otro reportero en el centro de M\u00e9xico\"}]},{\"@type\":\"WebSite\",\"@id\":\"https:\\\/\\\/latamjournalismreview.org\\\/es\\\/#website\",\"url\":\"https:\\\/\\\/latamjournalismreview.org\\\/es\\\/\",\"name\":\"LatAm Journalism Review\",\"description\":\"Knight Center at The University of Texas\",\"publisher\":{\"@id\":\"https:\\\/\\\/latamjournalismreview.org\\\/es\\\/#organization\"},\"potentialAction\":[{\"@type\":\"SearchAction\",\"target\":{\"@type\":\"EntryPoint\",\"urlTemplate\":\"https:\\\/\\\/latamjournalismreview.org\\\/es\\\/?s={search_term_string}\"},\"query-input\":{\"@type\":\"PropertyValueSpecification\",\"valueRequired\":true,\"valueName\":\"search_term_string\"}}],\"inLanguage\":\"es\"},{\"@type\":\"Organization\",\"@id\":\"https:\\\/\\\/latamjournalismreview.org\\\/es\\\/#organization\",\"name\":\"LatAm Journalism Review\",\"url\":\"https:\\\/\\\/latamjournalismreview.org\\\/es\\\/\",\"logo\":{\"@type\":\"ImageObject\",\"inLanguage\":\"es\",\"@id\":\"https:\\\/\\\/latamjournalismreview.org\\\/es\\\/#\\\/schema\\\/logo\\\/image\\\/\",\"url\":\"https:\\\/\\\/latamjournalismreview.org\\\/wp-content\\\/uploads\\\/2020\\\/05\\\/knight-latAm-review-logo.svg\",\"contentUrl\":\"https:\\\/\\\/latamjournalismreview.org\\\/wp-content\\\/uploads\\\/2020\\\/05\\\/knight-latAm-review-logo.svg\",\"width\":\"1024\",\"height\":\"1024\",\"caption\":\"LatAm Journalism Review\"},\"image\":{\"@id\":\"https:\\\/\\\/latamjournalismreview.org\\\/es\\\/#\\\/schema\\\/logo\\\/image\\\/\"},\"sameAs\":[\"https:\\\/\\\/x.com\\\/LatAmJournalism\"]},{\"@type\":\"Person\",\"@id\":\"https:\\\/\\\/latamjournalismreview.org\\\/es\\\/#\\\/schema\\\/person\\\/51558925140f21242c6ed2d20b8260c5\",\"name\":\"Tania Lara\",\"url\":\"https:\\\/\\\/latamjournalismreview.org\\\/es\\\/articles\\\/author\\\/tania-lara\\\/\"}]}<\/script>\n<!-- \/ Yoast SEO Premium plugin. -->","yoast_head_json":{"title":"Desaparece otro reportero en el centro de M\u00e9xico - LatAm Journalism Review","description":"Desaparece otro reportero en el centro de M\u00e9xico Violencia contra periodistas. Latin American Journalism Review by The Knight Center at The University of Texas at Austin.","robots":{"index":"index","follow":"follow","max-snippet":"max-snippet:-1","max-image-preview":"max-image-preview:large","max-video-preview":"max-video-preview:-1"},"canonical":"https:\/\/latamjournalismreview.org\/es\/articles\/desaparece-otro-reportero-en-el-centro-de-mexico\/","og_locale":"es_ES","og_type":"article","og_title":"Desaparece otro reportero en el centro de M\u00e9xico","og_description":"Desaparece otro reportero en el centro de M\u00e9xico Violencia contra periodistas. Latin American Journalism Review by The Knight Center at The University of Texas at Austin.","og_url":"https:\/\/latamjournalismreview.org\/es\/articles\/desaparece-otro-reportero-en-el-centro-de-mexico\/","og_site_name":"LatAm Journalism Review","article_published_time":"2012-06-21T14:51:34+00:00","article_modified_time":"2021-09-08T14:53:09+00:00","author":"Tania Lara","twitter_card":"summary_large_image","twitter_creator":"@LatAmJournalism","twitter_site":"@LatAmJournalism","twitter_misc":{"Written by":"Tania Lara","Est. reading time":"2 minutos"},"schema":{"@context":"https:\/\/schema.org","@graph":[{"@type":"Article","@id":"https:\/\/latamjournalismreview.org\/es\/articles\/desaparece-otro-reportero-en-el-centro-de-mexico\/#article","isPartOf":{"@id":"https:\/\/latamjournalismreview.org\/es\/articles\/desaparece-otro-reportero-en-el-centro-de-mexico\/"},"author":{"name":"Tania Lara","@id":"https:\/\/latamjournalismreview.org\/es\/#\/schema\/person\/51558925140f21242c6ed2d20b8260c5"},"headline":"Desaparece otro reportero en el centro de M\u00e9xico","datePublished":"2012-06-21T14:51:34+00:00","dateModified":"2021-09-08T14:53:09+00:00","mainEntityOfPage":{"@id":"https:\/\/latamjournalismreview.org\/es\/articles\/desaparece-otro-reportero-en-el-centro-de-mexico\/"},"wordCount":422,"publisher":{"@id":"https:\/\/latamjournalismreview.org\/es\/#organization"},"keywords":["Asesinato de periodista","M\u00e9xico"],"articleSection":["Violencia contra periodistas"],"inLanguage":"es"},{"@type":"WebPage","@id":"https:\/\/latamjournalismreview.org\/es\/articles\/desaparece-otro-reportero-en-el-centro-de-mexico\/","url":"https:\/\/latamjournalismreview.org\/es\/articles\/desaparece-otro-reportero-en-el-centro-de-mexico\/","name":"Desaparece otro reportero en el centro de M\u00e9xico - LatAm Journalism Review","isPartOf":{"@id":"https:\/\/latamjournalismreview.org\/es\/#website"},"datePublished":"2012-06-21T14:51:34+00:00","dateModified":"2021-09-08T14:53:09+00:00","description":"Desaparece otro reportero en el centro de M\u00e9xico Violencia contra periodistas. Latin American Journalism Review by The Knight Center at The University of Texas at Austin.","breadcrumb":{"@id":"https:\/\/latamjournalismreview.org\/es\/articles\/desaparece-otro-reportero-en-el-centro-de-mexico\/#breadcrumb"},"inLanguage":"es","potentialAction":[{"@type":"ReadAction","target":["https:\/\/latamjournalismreview.org\/es\/articles\/desaparece-otro-reportero-en-el-centro-de-mexico\/"]}]},{"@type":"BreadcrumbList","@id":"https:\/\/latamjournalismreview.org\/es\/articles\/desaparece-otro-reportero-en-el-centro-de-mexico\/#breadcrumb","itemListElement":[{"@type":"ListItem","position":1,"name":"Home","item":"https:\/\/latamjournalismreview.org\/es\/"},{"@type":"ListItem","position":2,"name":"Desaparece otro reportero en el centro de M\u00e9xico"}]},{"@type":"WebSite","@id":"https:\/\/latamjournalismreview.org\/es\/#website","url":"https:\/\/latamjournalismreview.org\/es\/","name":"LatAm Journalism Review","description":"Knight Center at The University of Texas","publisher":{"@id":"https:\/\/latamjournalismreview.org\/es\/#organization"},"potentialAction":[{"@type":"SearchAction","target":{"@type":"EntryPoint","urlTemplate":"https:\/\/latamjournalismreview.org\/es\/?s={search_term_string}"},"query-input":{"@type":"PropertyValueSpecification","valueRequired":true,"valueName":"search_term_string"}}],"inLanguage":"es"},{"@type":"Organization","@id":"https:\/\/latamjournalismreview.org\/es\/#organization","name":"LatAm Journalism Review","url":"https:\/\/latamjournalismreview.org\/es\/","logo":{"@type":"ImageObject","inLanguage":"es","@id":"https:\/\/latamjournalismreview.org\/es\/#\/schema\/logo\/image\/","url":"https:\/\/latamjournalismreview.org\/wp-content\/uploads\/2020\/05\/knight-latAm-review-logo.svg","contentUrl":"https:\/\/latamjournalismreview.org\/wp-content\/uploads\/2020\/05\/knight-latAm-review-logo.svg","width":"1024","height":"1024","caption":"LatAm Journalism Review"},"image":{"@id":"https:\/\/latamjournalismreview.org\/es\/#\/schema\/logo\/image\/"},"sameAs":["https:\/\/x.com\/LatAmJournalism"]},{"@type":"Person","@id":"https:\/\/latamjournalismreview.org\/es\/#\/schema\/person\/51558925140f21242c6ed2d20b8260c5","name":"Tania Lara","url":"https:\/\/latamjournalismreview.org\/es\/articles\/author\/tania-lara\/"}]}},"_links":{"self":[{"href":"https:\/\/latamjournalismreview.org\/es\/wp-json\/wp\/v2\/posts\/30467","targetHints":{"allow":["GET"]}}],"collection":[{"href":"https:\/\/latamjournalismreview.org\/es\/wp-json\/wp\/v2\/posts"}],"about":[{"href":"https:\/\/latamjournalismreview.org\/es\/wp-json\/wp\/v2\/types\/post"}],"author":[{"embeddable":true,"href":"https:\/\/latamjournalismreview.org\/es\/wp-json\/wp\/v2\/users\/40"}],"replies":[{"embeddable":true,"href":"https:\/\/latamjournalismreview.org\/es\/wp-json\/wp\/v2\/comments?post=30467"}],"version-history":[{"count":2,"href":"https:\/\/latamjournalismreview.org\/es\/wp-json\/wp\/v2\/posts\/30467\/revisions"}],"predecessor-version":[{"id":30471,"href":"https:\/\/latamjournalismreview.org\/es\/wp-json\/wp\/v2\/posts\/30467\/revisions\/30471"}],"wp:attachment":[{"href":"https:\/\/latamjournalismreview.org\/es\/wp-json\/wp\/v2\/media?parent=30467"}],"wp:term":[{"taxonomy":"category","embeddable":true,"href":"https:\/\/latamjournalismreview.org\/es\/wp-json\/wp\/v2\/categories?post=30467"},{"taxonomy":"post_tag","embeddable":true,"href":"https:\/\/latamjournalismreview.org\/es\/wp-json\/wp\/v2\/tags?post=30467"},{"taxonomy":"author","embeddable":true,"href":"https:\/\/latamjournalismreview.org\/es\/wp-json\/wp\/v2\/coauthors?post=30467"}],"curies":[{"name":"wp","href":"https:\/\/api.w.org\/{rel}","templated":true}]}}