{"id":30904,"date":"2012-07-23T17:22:22","date_gmt":"2012-07-23T22:22:22","guid":{"rendered":"https:\/\/latamjournalismreview.org\/?p=30904"},"modified":"2021-09-08T20:17:28","modified_gmt":"2021-09-09T01:17:28","slug":"reportero-brasileno-recibe-amenazas-a-traves-de-facebook-despues-de-publicar-una-denuncia-contra-ex-comandante-de-policia","status":"publish","type":"post","link":"https:\/\/latamjournalismreview.org\/es\/articles\/reportero-brasileno-recibe-amenazas-a-traves-de-facebook-despues-de-publicar-una-denuncia-contra-ex-comandante-de-policia\/","title":{"rendered":"Reportero brasile\u00f1o recibe amenazas a trav\u00e9s de Facebook despu\u00e9s de publicar una denuncia contra ex-comandante de polic\u00eda"},"content":{"rendered":"<p><em>Por Isabela Fraga<\/em><\/p>\n<p>El reportero Andr\u00e9 Caramante, del diario Folha de S\u00e3o Paulo, inform\u00f3 haber <a href=\"http:\/\/www.brasildefato.com.br\/node\/10144\" target=\"_blank\" rel=\"noopener\">recibido amenazas a trav\u00e9s de Facebook<\/a> despu\u00e9s de publicar un art\u00edculo denunciando a un ex-comandante de las Rondas Ostensivas Tobias de Aguiar (ROTA), un brazo de la Polic\u00eda Militar del estado de S\u00e3o Paulo, inform\u00f3 el diario Brasil de Fato.<\/p>\n<p>Seg\u00fan el art\u00edculo, \"<a href=\"http:\/\/www1.folha.uol.com.br\/cotidiano\/1120133-ex-chefe-da-rota-vira-politico-e-prega-a-violencia-no-facebook.shtml\" target=\"_blank\" rel=\"noopener\">el ex-jefe de ROTA participa en pol\u00edtica y pregona la violencia a trav\u00e9s de Facebook<\/a>\". El periodista afirm\u00f3 que el ex-jefe de Rota, Paulo Adriano Telhada, utiliza su <a href=\"https:\/\/www.facebook.com\/CoronelPauloAdrianoTelhada\" target=\"_blank\" rel=\"noopener\">p\u00e1gina de Facebook<\/a> para incitar a la violencia en presuntos enfrentamientos con la poblaci\u00f3n civil, a la que cataloga como \"vagabundos\". En una de las publicaciones del Facebook de Tejada, quien actualmente es candidato a veedor de S\u00e3o Paulo, se encuentra la frase: \"Hay gente que todav\u00eda quiere defender esa raza de bastardos [...] y algunas 'organizaciones' quieren defenderlos como v\u00edctimas de injusticias de la polic\u00eda\".<\/p>\n<p>Despu\u00e9s de la publicaci\u00f3n del art\u00edculo, el 14 de julio, el periodista inform\u00f3 que seguidores de la p\u00e1gina del ex-comandante hicieron comentarios con amenazas tales como: \"as\u00ed es Telhada, vamos a combatir a esos vagabundos\" y \"ese Caramante es un vagabundo m\u00e1s. Coronel ojo con \u00e9l\". El Sindicato de Periodistas Profesionales del estado de S\u00e3o Paulo emiti\u00f3 un comunicado, el martes 17 de julio, en el cual <a href=\"http:\/\/www.sjsp.org.br\/index.php?option=com_content&amp;view=article&amp;id=3832&amp;catid=3832\" target=\"_blank\" rel=\"noopener\"> repudia la intimidaci\u00f3n sufrida por el periodistas<\/a> y afirma haber enviado documentos a diversas instancias del gobierno estatal solicitando atenci\u00f3n al caso.<\/p>\n<p>La organizaci\u00f3n Reporteros Sin Fronteras (RSF) tambi\u00e9n public\u00f3 una declaraci\u00f3n en la que afirma haber sido contactada por la familia del periodista y solicit\u00f3 que las autoridades brasile\u00f1as investiguen las amenazas. \"Los mensajes publicados por el ex-comandante de la polic\u00eda no s\u00f3lo difaman a Caramante. Estos <a href=\"http:\/\/en.rsf.org\/brazil-newspaper-reporter-targeted-on-20-07-2012,43071.html\" target=\"_blank\" rel=\"noopener\">incitan al odio contra el periodista y lo exponen a peligros f\u00edsicos\"<\/a>, dijo RSF.<\/p>\n<p>Los mensajes sobre el periodista en el Facebook del ex-comandante de polic\u00eda al parecer han sido borrados.<\/p>\n<p><em>Nota del editor: Esta historia fue publicada originalmente en el blog Periodismo en las Am\u00e9ricas del Centro Knight, el predecesor de LatAm Journalism Review.<\/em><\/p>\n","protected":false},"excerpt":{"rendered":"<p>El reportero Andr\u00e9 Caramante, del diario Folha de S\u00e3o Paulo, inform\u00f3 haber recibido amenazas a trav\u00e9s de Facebook despu\u00e9s de publicar un art\u00edculo denunciando a un ex-comandante de las Rondas Ostensivas Tobias de Aguiar (ROTA).<\/p>\n","protected":false},"author":22,"featured_media":0,"comment_status":"closed","ping_status":"closed","sticky":false,"template":"","format":"standard","meta":{"inline_featured_image":false,"footnotes":""},"categories":[1222],"tags":[1522],"coauthors":[],"class_list":["post-30904","post","type-post","status-publish","format-standard","hentry","category-violencia-contra-periodistas-es","tag-amenazas-contra-periodistas-es"],"acf":[],"yoast_head":"<!-- This site is optimized with the Yoast SEO Premium plugin v22.6 (Yoast SEO v27.4) - https:\/\/yoast.com\/product\/yoast-seo-premium-wordpress\/ -->\n<title>Reportero brasile\u00f1o recibe amenazas a trav\u00e9s de Facebook despu\u00e9s de publicar una denuncia contra ex-comandante de polic\u00eda - LatAm Journalism Review<\/title>\n<meta name=\"description\" content=\"Reportero brasile\u00f1o recibe amenazas a trav\u00e9s de Facebook despu\u00e9s de publicar una denuncia contra ex-comandante de polic\u00eda Violencia contra periodistas. Latin American Journalism Review by The Knight Center at The University of Texas at Austin.\" \/>\n<meta name=\"robots\" content=\"index, follow, max-snippet:-1, max-image-preview:large, max-video-preview:-1\" \/>\n<link rel=\"canonical\" href=\"https:\/\/latamjournalismreview.org\/es\/articles\/reportero-brasileno-recibe-amenazas-a-traves-de-facebook-despues-de-publicar-una-denuncia-contra-ex-comandante-de-policia\/\" \/>\n<meta property=\"og:locale\" content=\"es_ES\" \/>\n<meta property=\"og:type\" content=\"article\" \/>\n<meta property=\"og:title\" content=\"Reportero brasile\u00f1o recibe amenazas a trav\u00e9s de Facebook despu\u00e9s de publicar una denuncia contra ex-comandante de polic\u00eda\" \/>\n<meta property=\"og:description\" content=\"Reportero brasile\u00f1o recibe amenazas a trav\u00e9s de Facebook despu\u00e9s de publicar una denuncia contra ex-comandante de polic\u00eda Violencia contra periodistas. Latin American Journalism Review by The Knight Center at The University of Texas at Austin.\" \/>\n<meta property=\"og:url\" content=\"https:\/\/latamjournalismreview.org\/es\/articles\/reportero-brasileno-recibe-amenazas-a-traves-de-facebook-despues-de-publicar-una-denuncia-contra-ex-comandante-de-policia\/\" \/>\n<meta property=\"og:site_name\" content=\"LatAm Journalism Review\" \/>\n<meta property=\"article:published_time\" content=\"2012-07-23T22:22:22+00:00\" \/>\n<meta property=\"article:modified_time\" content=\"2021-09-09T01:17:28+00:00\" \/>\n<meta name=\"author\" content=\"Knight Center\" \/>\n<meta name=\"twitter:card\" content=\"summary_large_image\" \/>\n<meta name=\"twitter:creator\" content=\"@LatAmJournalism\" \/>\n<meta name=\"twitter:site\" content=\"@LatAmJournalism\" \/>\n<meta name=\"twitter:label1\" content=\"Written by\" \/>\n\t<meta name=\"twitter:data1\" content=\"Knight Center\" \/>\n\t<meta name=\"twitter:label2\" content=\"Est. reading time\" \/>\n\t<meta name=\"twitter:data2\" content=\"2 minutos\" \/>\n<script type=\"application\/ld+json\" class=\"yoast-schema-graph\">{\"@context\":\"https:\\\/\\\/schema.org\",\"@graph\":[{\"@type\":\"Article\",\"@id\":\"https:\\\/\\\/latamjournalismreview.org\\\/es\\\/articles\\\/reportero-brasileno-recibe-amenazas-a-traves-de-facebook-despues-de-publicar-una-denuncia-contra-ex-comandante-de-policia\\\/#article\",\"isPartOf\":{\"@id\":\"https:\\\/\\\/latamjournalismreview.org\\\/es\\\/articles\\\/reportero-brasileno-recibe-amenazas-a-traves-de-facebook-despues-de-publicar-una-denuncia-contra-ex-comandante-de-policia\\\/\"},\"author\":{\"name\":\"Knight Center\",\"@id\":\"https:\\\/\\\/latamjournalismreview.org\\\/es\\\/#\\\/schema\\\/person\\\/6c325fd0fef0cd167424c683e6577e19\"},\"headline\":\"Reportero brasile\u00f1o recibe amenazas a trav\u00e9s de Facebook despu\u00e9s de publicar una denuncia contra ex-comandante de polic\u00eda\",\"datePublished\":\"2012-07-23T22:22:22+00:00\",\"dateModified\":\"2021-09-09T01:17:28+00:00\",\"mainEntityOfPage\":{\"@id\":\"https:\\\/\\\/latamjournalismreview.org\\\/es\\\/articles\\\/reportero-brasileno-recibe-amenazas-a-traves-de-facebook-despues-de-publicar-una-denuncia-contra-ex-comandante-de-policia\\\/\"},\"wordCount\":393,\"publisher\":{\"@id\":\"https:\\\/\\\/latamjournalismreview.org\\\/es\\\/#organization\"},\"keywords\":[\"Amenazas contra periodistas\"],\"articleSection\":[\"Violencia contra periodistas\"],\"inLanguage\":\"es\"},{\"@type\":\"WebPage\",\"@id\":\"https:\\\/\\\/latamjournalismreview.org\\\/es\\\/articles\\\/reportero-brasileno-recibe-amenazas-a-traves-de-facebook-despues-de-publicar-una-denuncia-contra-ex-comandante-de-policia\\\/\",\"url\":\"https:\\\/\\\/latamjournalismreview.org\\\/es\\\/articles\\\/reportero-brasileno-recibe-amenazas-a-traves-de-facebook-despues-de-publicar-una-denuncia-contra-ex-comandante-de-policia\\\/\",\"name\":\"Reportero brasile\u00f1o recibe amenazas a trav\u00e9s de Facebook despu\u00e9s de publicar una denuncia contra ex-comandante de polic\u00eda - LatAm Journalism Review\",\"isPartOf\":{\"@id\":\"https:\\\/\\\/latamjournalismreview.org\\\/es\\\/#website\"},\"datePublished\":\"2012-07-23T22:22:22+00:00\",\"dateModified\":\"2021-09-09T01:17:28+00:00\",\"description\":\"Reportero brasile\u00f1o recibe amenazas a trav\u00e9s de Facebook despu\u00e9s de publicar una denuncia contra ex-comandante de polic\u00eda Violencia contra periodistas. Latin American Journalism Review by The Knight Center at The University of Texas at Austin.\",\"breadcrumb\":{\"@id\":\"https:\\\/\\\/latamjournalismreview.org\\\/es\\\/articles\\\/reportero-brasileno-recibe-amenazas-a-traves-de-facebook-despues-de-publicar-una-denuncia-contra-ex-comandante-de-policia\\\/#breadcrumb\"},\"inLanguage\":\"es\",\"potentialAction\":[{\"@type\":\"ReadAction\",\"target\":[\"https:\\\/\\\/latamjournalismreview.org\\\/es\\\/articles\\\/reportero-brasileno-recibe-amenazas-a-traves-de-facebook-despues-de-publicar-una-denuncia-contra-ex-comandante-de-policia\\\/\"]}]},{\"@type\":\"BreadcrumbList\",\"@id\":\"https:\\\/\\\/latamjournalismreview.org\\\/es\\\/articles\\\/reportero-brasileno-recibe-amenazas-a-traves-de-facebook-despues-de-publicar-una-denuncia-contra-ex-comandante-de-policia\\\/#breadcrumb\",\"itemListElement\":[{\"@type\":\"ListItem\",\"position\":1,\"name\":\"Home\",\"item\":\"https:\\\/\\\/latamjournalismreview.org\\\/es\\\/\"},{\"@type\":\"ListItem\",\"position\":2,\"name\":\"Reportero brasile\u00f1o recibe amenazas a trav\u00e9s de Facebook despu\u00e9s de publicar una denuncia contra ex-comandante de polic\u00eda\"}]},{\"@type\":\"WebSite\",\"@id\":\"https:\\\/\\\/latamjournalismreview.org\\\/es\\\/#website\",\"url\":\"https:\\\/\\\/latamjournalismreview.org\\\/es\\\/\",\"name\":\"LatAm Journalism Review\",\"description\":\"Knight Center at The University of Texas\",\"publisher\":{\"@id\":\"https:\\\/\\\/latamjournalismreview.org\\\/es\\\/#organization\"},\"potentialAction\":[{\"@type\":\"SearchAction\",\"target\":{\"@type\":\"EntryPoint\",\"urlTemplate\":\"https:\\\/\\\/latamjournalismreview.org\\\/es\\\/?s={search_term_string}\"},\"query-input\":{\"@type\":\"PropertyValueSpecification\",\"valueRequired\":true,\"valueName\":\"search_term_string\"}}],\"inLanguage\":\"es\"},{\"@type\":\"Organization\",\"@id\":\"https:\\\/\\\/latamjournalismreview.org\\\/es\\\/#organization\",\"name\":\"LatAm Journalism Review\",\"url\":\"https:\\\/\\\/latamjournalismreview.org\\\/es\\\/\",\"logo\":{\"@type\":\"ImageObject\",\"inLanguage\":\"es\",\"@id\":\"https:\\\/\\\/latamjournalismreview.org\\\/es\\\/#\\\/schema\\\/logo\\\/image\\\/\",\"url\":\"https:\\\/\\\/latamjournalismreview.org\\\/wp-content\\\/uploads\\\/2020\\\/05\\\/knight-latAm-review-logo.svg\",\"contentUrl\":\"https:\\\/\\\/latamjournalismreview.org\\\/wp-content\\\/uploads\\\/2020\\\/05\\\/knight-latAm-review-logo.svg\",\"width\":\"1024\",\"height\":\"1024\",\"caption\":\"LatAm Journalism Review\"},\"image\":{\"@id\":\"https:\\\/\\\/latamjournalismreview.org\\\/es\\\/#\\\/schema\\\/logo\\\/image\\\/\"},\"sameAs\":[\"https:\\\/\\\/x.com\\\/LatAmJournalism\"]},{\"@type\":\"Person\",\"@id\":\"https:\\\/\\\/latamjournalismreview.org\\\/es\\\/#\\\/schema\\\/person\\\/6c325fd0fef0cd167424c683e6577e19\",\"name\":\"Knight Center\",\"url\":\"https:\\\/\\\/latamjournalismreview.org\\\/es\\\/articles\\\/author\\\/knight-center\\\/\"}]}<\/script>\n<!-- \/ Yoast SEO Premium plugin. -->","yoast_head_json":{"title":"Reportero brasile\u00f1o recibe amenazas a trav\u00e9s de Facebook despu\u00e9s de publicar una denuncia contra ex-comandante de polic\u00eda - LatAm Journalism Review","description":"Reportero brasile\u00f1o recibe amenazas a trav\u00e9s de Facebook despu\u00e9s de publicar una denuncia contra ex-comandante de polic\u00eda Violencia contra periodistas. Latin American Journalism Review by The Knight Center at The University of Texas at Austin.","robots":{"index":"index","follow":"follow","max-snippet":"max-snippet:-1","max-image-preview":"max-image-preview:large","max-video-preview":"max-video-preview:-1"},"canonical":"https:\/\/latamjournalismreview.org\/es\/articles\/reportero-brasileno-recibe-amenazas-a-traves-de-facebook-despues-de-publicar-una-denuncia-contra-ex-comandante-de-policia\/","og_locale":"es_ES","og_type":"article","og_title":"Reportero brasile\u00f1o recibe amenazas a trav\u00e9s de Facebook despu\u00e9s de publicar una denuncia contra ex-comandante de polic\u00eda","og_description":"Reportero brasile\u00f1o recibe amenazas a trav\u00e9s de Facebook despu\u00e9s de publicar una denuncia contra ex-comandante de polic\u00eda Violencia contra periodistas. Latin American Journalism Review by The Knight Center at The University of Texas at Austin.","og_url":"https:\/\/latamjournalismreview.org\/es\/articles\/reportero-brasileno-recibe-amenazas-a-traves-de-facebook-despues-de-publicar-una-denuncia-contra-ex-comandante-de-policia\/","og_site_name":"LatAm Journalism Review","article_published_time":"2012-07-23T22:22:22+00:00","article_modified_time":"2021-09-09T01:17:28+00:00","author":"Knight Center","twitter_card":"summary_large_image","twitter_creator":"@LatAmJournalism","twitter_site":"@LatAmJournalism","twitter_misc":{"Written by":"Knight Center","Est. reading time":"2 minutos"},"schema":{"@context":"https:\/\/schema.org","@graph":[{"@type":"Article","@id":"https:\/\/latamjournalismreview.org\/es\/articles\/reportero-brasileno-recibe-amenazas-a-traves-de-facebook-despues-de-publicar-una-denuncia-contra-ex-comandante-de-policia\/#article","isPartOf":{"@id":"https:\/\/latamjournalismreview.org\/es\/articles\/reportero-brasileno-recibe-amenazas-a-traves-de-facebook-despues-de-publicar-una-denuncia-contra-ex-comandante-de-policia\/"},"author":{"name":"Knight Center","@id":"https:\/\/latamjournalismreview.org\/es\/#\/schema\/person\/6c325fd0fef0cd167424c683e6577e19"},"headline":"Reportero brasile\u00f1o recibe amenazas a trav\u00e9s de Facebook despu\u00e9s de publicar una denuncia contra ex-comandante de polic\u00eda","datePublished":"2012-07-23T22:22:22+00:00","dateModified":"2021-09-09T01:17:28+00:00","mainEntityOfPage":{"@id":"https:\/\/latamjournalismreview.org\/es\/articles\/reportero-brasileno-recibe-amenazas-a-traves-de-facebook-despues-de-publicar-una-denuncia-contra-ex-comandante-de-policia\/"},"wordCount":393,"publisher":{"@id":"https:\/\/latamjournalismreview.org\/es\/#organization"},"keywords":["Amenazas contra periodistas"],"articleSection":["Violencia contra periodistas"],"inLanguage":"es"},{"@type":"WebPage","@id":"https:\/\/latamjournalismreview.org\/es\/articles\/reportero-brasileno-recibe-amenazas-a-traves-de-facebook-despues-de-publicar-una-denuncia-contra-ex-comandante-de-policia\/","url":"https:\/\/latamjournalismreview.org\/es\/articles\/reportero-brasileno-recibe-amenazas-a-traves-de-facebook-despues-de-publicar-una-denuncia-contra-ex-comandante-de-policia\/","name":"Reportero brasile\u00f1o recibe amenazas a trav\u00e9s de Facebook despu\u00e9s de publicar una denuncia contra ex-comandante de polic\u00eda - LatAm Journalism Review","isPartOf":{"@id":"https:\/\/latamjournalismreview.org\/es\/#website"},"datePublished":"2012-07-23T22:22:22+00:00","dateModified":"2021-09-09T01:17:28+00:00","description":"Reportero brasile\u00f1o recibe amenazas a trav\u00e9s de Facebook despu\u00e9s de publicar una denuncia contra ex-comandante de polic\u00eda Violencia contra periodistas. Latin American Journalism Review by The Knight Center at The University of Texas at Austin.","breadcrumb":{"@id":"https:\/\/latamjournalismreview.org\/es\/articles\/reportero-brasileno-recibe-amenazas-a-traves-de-facebook-despues-de-publicar-una-denuncia-contra-ex-comandante-de-policia\/#breadcrumb"},"inLanguage":"es","potentialAction":[{"@type":"ReadAction","target":["https:\/\/latamjournalismreview.org\/es\/articles\/reportero-brasileno-recibe-amenazas-a-traves-de-facebook-despues-de-publicar-una-denuncia-contra-ex-comandante-de-policia\/"]}]},{"@type":"BreadcrumbList","@id":"https:\/\/latamjournalismreview.org\/es\/articles\/reportero-brasileno-recibe-amenazas-a-traves-de-facebook-despues-de-publicar-una-denuncia-contra-ex-comandante-de-policia\/#breadcrumb","itemListElement":[{"@type":"ListItem","position":1,"name":"Home","item":"https:\/\/latamjournalismreview.org\/es\/"},{"@type":"ListItem","position":2,"name":"Reportero brasile\u00f1o recibe amenazas a trav\u00e9s de Facebook despu\u00e9s de publicar una denuncia contra ex-comandante de polic\u00eda"}]},{"@type":"WebSite","@id":"https:\/\/latamjournalismreview.org\/es\/#website","url":"https:\/\/latamjournalismreview.org\/es\/","name":"LatAm Journalism Review","description":"Knight Center at The University of Texas","publisher":{"@id":"https:\/\/latamjournalismreview.org\/es\/#organization"},"potentialAction":[{"@type":"SearchAction","target":{"@type":"EntryPoint","urlTemplate":"https:\/\/latamjournalismreview.org\/es\/?s={search_term_string}"},"query-input":{"@type":"PropertyValueSpecification","valueRequired":true,"valueName":"search_term_string"}}],"inLanguage":"es"},{"@type":"Organization","@id":"https:\/\/latamjournalismreview.org\/es\/#organization","name":"LatAm Journalism Review","url":"https:\/\/latamjournalismreview.org\/es\/","logo":{"@type":"ImageObject","inLanguage":"es","@id":"https:\/\/latamjournalismreview.org\/es\/#\/schema\/logo\/image\/","url":"https:\/\/latamjournalismreview.org\/wp-content\/uploads\/2020\/05\/knight-latAm-review-logo.svg","contentUrl":"https:\/\/latamjournalismreview.org\/wp-content\/uploads\/2020\/05\/knight-latAm-review-logo.svg","width":"1024","height":"1024","caption":"LatAm Journalism Review"},"image":{"@id":"https:\/\/latamjournalismreview.org\/es\/#\/schema\/logo\/image\/"},"sameAs":["https:\/\/x.com\/LatAmJournalism"]},{"@type":"Person","@id":"https:\/\/latamjournalismreview.org\/es\/#\/schema\/person\/6c325fd0fef0cd167424c683e6577e19","name":"Knight Center","url":"https:\/\/latamjournalismreview.org\/es\/articles\/author\/knight-center\/"}]}},"_links":{"self":[{"href":"https:\/\/latamjournalismreview.org\/es\/wp-json\/wp\/v2\/posts\/30904","targetHints":{"allow":["GET"]}}],"collection":[{"href":"https:\/\/latamjournalismreview.org\/es\/wp-json\/wp\/v2\/posts"}],"about":[{"href":"https:\/\/latamjournalismreview.org\/es\/wp-json\/wp\/v2\/types\/post"}],"author":[{"embeddable":true,"href":"https:\/\/latamjournalismreview.org\/es\/wp-json\/wp\/v2\/users\/22"}],"replies":[{"embeddable":true,"href":"https:\/\/latamjournalismreview.org\/es\/wp-json\/wp\/v2\/comments?post=30904"}],"version-history":[{"count":1,"href":"https:\/\/latamjournalismreview.org\/es\/wp-json\/wp\/v2\/posts\/30904\/revisions"}],"predecessor-version":[{"id":30905,"href":"https:\/\/latamjournalismreview.org\/es\/wp-json\/wp\/v2\/posts\/30904\/revisions\/30905"}],"wp:attachment":[{"href":"https:\/\/latamjournalismreview.org\/es\/wp-json\/wp\/v2\/media?parent=30904"}],"wp:term":[{"taxonomy":"category","embeddable":true,"href":"https:\/\/latamjournalismreview.org\/es\/wp-json\/wp\/v2\/categories?post=30904"},{"taxonomy":"post_tag","embeddable":true,"href":"https:\/\/latamjournalismreview.org\/es\/wp-json\/wp\/v2\/tags?post=30904"},{"taxonomy":"author","embeddable":true,"href":"https:\/\/latamjournalismreview.org\/es\/wp-json\/wp\/v2\/coauthors?post=30904"}],"curies":[{"name":"wp","href":"https:\/\/api.w.org\/{rel}","templated":true}]}}